{"id":9913,"date":"2020-12-31T02:24:28","date_gmt":"2020-12-31T06:24:28","guid":{"rendered":"https:\/\/arpenterlechemin.com\/?p=9913"},"modified":"2021-01-04T14:21:28","modified_gmt":"2021-01-04T18:21:28","slug":"retrospective-voyage-2020","status":"publish","type":"post","link":"https:\/\/arpenterlechemin.com\/index.php\/2020\/12\/31\/retrospective-voyage-2020\/","title":{"rendered":"Ma r\u00e9trospective de non-voyages \/\/ 2020"},"content":{"rendered":"<p>Nous voici fin d\u00e9cembre, c&rsquo;est l&rsquo;heure des r\u00e9trospectives. <strong>Que dire de pertinent de 2020 quand on tient un blog de voyage ?<\/strong> J&rsquo;aurais pu vous faire le coup de la r\u00e9trospective-gag, avec une photo de mon canap\u00e9 et c&rsquo;est tout. J&rsquo;aurais pu ne rien faire du tout, faire comme si cette ann\u00e9e n&rsquo;avait pas exist\u00e9 &#8211; apr\u00e8s tout, on a tous tendance \u00e0 tenter d&rsquo;enfouir les traumatismes et 2020 en sera un, un immense traumatisme collectif. Je pourrais vous faire une r\u00e9trospective de non-voyages, comme on f\u00eate son non-anniversaire ; les voyages qui auraient pu, qui auraient d\u00fb, ceux qui ont \u00e9t\u00e9. Et finalement, je vais faire presque exactement comme d&rsquo;habitude : tenter de r\u00e9sumer cette ann\u00e9e, pour tenter d&rsquo;en tirer du positif, pour vous montrer \u00e0 quoi \u00e7a ressemble, la vie d&rsquo;une blogueuse de voyage qui ne voyage plus. Pour comparer, je vous invite \u00e0 relire de pr\u00e9c\u00e9dentes r\u00e9trospectives plus riches en voyages, comme les moutures <a href=\"https:\/\/arpenterlechemin.com\/index.php\/2019\/12\/30\/retrospective-voyage-2019\/\">2019<\/a> et <a href=\"https:\/\/arpenterlechemin.com\/index.php\/2018\/12\/20\/retrospective-voyage-2018\/\">2018<\/a>.<\/p>\n<p style=\"text-align: center;\"><em>Cliquez sur les images de titre pour acc\u00e9der aux billets correspondants.<\/em><\/p>\n<p><img decoding=\"async\" loading=\"lazy\" class=\"aligncenter size-full wp-image-9714\" src=\"https:\/\/arpenterlechemin.com\/wp-content\/uploads\/2020\/09\/Split-Rock-Trail-randonn\u00e9e-baie-de-Fundy-Nouveau-Brunswick-Canada-Arpenter-le-chemin-scaled.jpg\" alt=\"Split Rock Trail randonn\u00e9e baie de Fundy Nouveau-Brunswick Canada Arpenter le chemin\" width=\"2560\" height=\"1440\" srcset=\"https:\/\/arpenterlechemin.com\/wp-content\/uploads\/2020\/09\/Split-Rock-Trail-randonn\u00e9e-baie-de-Fundy-Nouveau-Brunswick-Canada-Arpenter-le-chemin-scaled.jpg 2560w, https:\/\/arpenterlechemin.com\/wp-content\/uploads\/2020\/09\/Split-Rock-Trail-randonn\u00e9e-baie-de-Fundy-Nouveau-Brunswick-Canada-Arpenter-le-chemin-690x388.jpg 690w, https:\/\/arpenterlechemin.com\/wp-content\/uploads\/2020\/09\/Split-Rock-Trail-randonn\u00e9e-baie-de-Fundy-Nouveau-Brunswick-Canada-Arpenter-le-chemin-1040x585.jpg 1040w, https:\/\/arpenterlechemin.com\/wp-content\/uploads\/2020\/09\/Split-Rock-Trail-randonn\u00e9e-baie-de-Fundy-Nouveau-Brunswick-Canada-Arpenter-le-chemin-500x280.jpg 500w, https:\/\/arpenterlechemin.com\/wp-content\/uploads\/2020\/09\/Split-Rock-Trail-randonn\u00e9e-baie-de-Fundy-Nouveau-Brunswick-Canada-Arpenter-le-chemin-768x432.jpg 768w, https:\/\/arpenterlechemin.com\/wp-content\/uploads\/2020\/09\/Split-Rock-Trail-randonn\u00e9e-baie-de-Fundy-Nouveau-Brunswick-Canada-Arpenter-le-chemin-1536x864.jpg 1536w, https:\/\/arpenterlechemin.com\/wp-content\/uploads\/2020\/09\/Split-Rock-Trail-randonn\u00e9e-baie-de-Fundy-Nouveau-Brunswick-Canada-Arpenter-le-chemin-2048x1152.jpg 2048w\" sizes=\"(max-width: 2560px) 100vw, 2560px\" \/><\/p>\n<p style=\"text-align: center;\"><em>Split Rock Trail, l&rsquo;une des meilleures d\u00e9couvertes de l&rsquo;ann\u00e9e<\/em><\/p>\n<h2><span style=\"color: #000080;\">Janvier 2020<\/span><\/h2>\n<p>Revenons l\u00e9g\u00e8rement en arri\u00e8re, en d\u00e9cembre 2019, s&rsquo;il vous le voulez bien ? Le <strong>24 d\u00e9cembre 2019<\/strong>, Etienne et moi recevons un des plus beaux cadeaux de No\u00ebl : l&rsquo;invitation de Citoyennet\u00e9 et Immigration Canada \u00e0 venir <strong>pr\u00eater serment pour devenir citoyens canadiens<\/strong>. On salue au passage la date d&rsquo;envoi de ce courriel qui change la vie, ce cadeau de No\u00ebl est une bien belle attention de la part du gouvernement. Depuis 2019, nous encha\u00eenons les \u00e9tapes pour devenir citoyens canadiens et apr\u00e8s avoir r\u00e9ussi l&rsquo;examen de citoyennet\u00e9 en novembre 2019, il ne nous restait plus que cette c\u00e9r\u00e9monie avant d&rsquo;\u00eatre intronis\u00e9s Canadiens.<\/p>\n<p>C&rsquo;est ainsi que <strong>le 21 janvier 2020, nous participons \u00e0 la c\u00e9r\u00e9monie de citoyennet\u00e9, pr\u00eatons serment et nous devenus Franco-Canadiens<\/strong>, avec une immense fiert\u00e9 qui ne nous quitte plus. C&rsquo;est tr\u00e8s surr\u00e9aliste, d&rsquo;obtenir une autre citoyennet\u00e9. L&rsquo;ann\u00e9e 2020 commence tr\u00e8s fort, nous y croyons dur comme fer, ce sera notre meilleure ann\u00e9e.<\/p>\n<p><img decoding=\"async\" loading=\"lazy\" class=\"aligncenter size-full wp-image-9931\" src=\"https:\/\/arpenterlechemin.com\/wp-content\/uploads\/2020\/12\/Serment_Alexandra.jpg\" alt=\"Serment citoyennet\u00e9 Canada\" width=\"2048\" height=\"1365\" \/><\/p>\n<p style=\"text-align: center;\"><em>Photo gentiment prise par un ami et tout aussi gentiment sublim\u00e9e par Alexandra d&rsquo;<a href=\"https:\/\/www.itinera-magica.com\/\">Itinera Magica<\/a><\/em><\/p>\n<p>Une semaine plus tard, notre demande de passeport envoy\u00e9e, nous filons nous remettre de nos \u00e9motions au <strong>Ridgeback Lodge, alors l&rsquo;un des seuls h\u00e9bergements insolites disponibles au Nouveau-Brunswick<\/strong>. Deux nuits dans une bulle, \u00e0 profiter d&rsquo;une d\u00e9connexion totale et \u00e0 tenter de dompter une baignoire japonaise r\u00e9calcitrante, le tout sous les \u00e9toiles&#8230; le r\u00eave ! Je lui d\u00e9cerne <strong>la palme de la bulle de bonheur absolue. <\/strong>Nous faisons des plans pour quand nous aurons notre passeport : depuis quelques mois, nous r\u00e9fl\u00e9chissons \u00e0 un d\u00e9part \u00e0 l&rsquo;\u00e9tranger \u00e0 la faveur des quelques PVT qui nous sont encore accessibles du fait de notre grand \u00e2ge (35 ans) : avec un passeport fran\u00e7ais, nous pouvons encore aller en Argentine ; avec un passeport canadien, le Chili, le Costa Rica, l&rsquo;Australie, la Nouvelle-Z\u00e9lande ou Ta\u00efwan, entre autres, nous tendent les bras. Nous jetons notre d\u00e9volu sur le Chili, suivi de l&rsquo;Australie et r\u00eavons d&rsquo;\u00e9tendues sauvages dans la Terre de feu et de chauves-souris g\u00e9antes dans le bush australien&#8230; Nous n&rsquo;avions rien pr\u00e9par\u00e9 par superstition, attendant de recevoir notre pr\u00e9cieux passeport-s\u00e9same canadien &#8211; de toute fa\u00e7on n\u00e9cessaire pour le dossier.<\/p>\n<p><a href=\"https:\/\/arpenterlechemin.com\/index.php\/2020\/02\/19\/glamping-nouveau-brunswick\/\"><img decoding=\"async\" loading=\"lazy\" class=\"aligncenter size-full wp-image-8898\" src=\"https:\/\/arpenterlechemin.com\/wp-content\/uploads\/2020\/01\/Ridgeback-Lodge-glamping.jpg\" alt=\"Ridgeback Lodge glamping\" width=\"1040\" height=\"585\" srcset=\"https:\/\/arpenterlechemin.com\/wp-content\/uploads\/2020\/01\/Ridgeback-Lodge-glamping.jpg 1040w, https:\/\/arpenterlechemin.com\/wp-content\/uploads\/2020\/01\/Ridgeback-Lodge-glamping-690x388.jpg 690w, https:\/\/arpenterlechemin.com\/wp-content\/uploads\/2020\/01\/Ridgeback-Lodge-glamping-500x280.jpg 500w, https:\/\/arpenterlechemin.com\/wp-content\/uploads\/2020\/01\/Ridgeback-Lodge-glamping-768x432.jpg 768w\" sizes=\"(max-width: 1040px) 100vw, 1040px\" \/><\/a><\/p>\n<h2><span style=\"color: #000080;\">F\u00e9vrier 2020<\/span><\/h2>\n<p>En l&rsquo;attente de notre passeport, nous ne pouvons pas quitter le territoire canadien. Il nous le faut imp\u00e9rativement pour rentrer : impossible d&rsquo;utiliser notre passeport fran\u00e7ais pour entrer au Canada d\u00e9sormais, sous peine d&rsquo;\u00eatre consid\u00e9r\u00e9s comme des touristes. <strong>Nous entendons parler d&rsquo;un nouveau virus en Chine<\/strong>, voyons qu&rsquo;il se propage assez rapidement, croyons encore que nous allons pouvoir aller une semaine dans les Cara\u00efbes pour nous remettre de nos \u00e9motions de nouveaux Canadiens. Nous rigolons devant des publications alarmantes sur les r\u00e9seaux sociaux, puis d\u00e9chantons en assistant, impuissants, \u00e0 l&rsquo;arriv\u00e9e de la covid en Italie, puis en France. Nous sommes relativement \u00e9pargn\u00e9s au Canada au moment o\u00f9 vous plongez dans le rouge en Europe. Les fronti\u00e8res se ferment les unes apr\u00e8s les autres.<\/p>\n<p><strong>Le 21 f\u00e9vrier 2020, nous recevons nos passeports<\/strong>. Le monde s&rsquo;est ferm\u00e9, plus question de Chili, d&rsquo;Australie, des Cara\u00efbes&#8230; plus question de rien. On en a tous, des histoires qui commencent par \u00ab\u00a0j&rsquo;aurais d\u00fb&#8230;\u00a0\u00bb Notre \u00ab\u00a0on aurait d\u00fb&#8230;\u00a0\u00bb \u00e0 nous, \u00e7a restera ces deux PVT tu\u00e9s dans l&rsquo;\u0153uf, juste avant de ne plus pouvoir faire de PVT du tout. Les PVT et moi, \u00e7a restera une grande histoire manqu\u00e9e, et un de mes grands regrets de voyage.<\/p>\n<p><img decoding=\"async\" loading=\"lazy\" class=\"aligncenter size-full wp-image-9938\" src=\"https:\/\/arpenterlechemin.com\/wp-content\/uploads\/2020\/12\/R\u00e9trospective-voyage-2020-Arpenter-le-chemin-scaled.jpg\" alt=\"R\u00e9trospective voyage 2020 Arpenter le chemin\" width=\"2560\" height=\"1441\" srcset=\"https:\/\/arpenterlechemin.com\/wp-content\/uploads\/2020\/12\/R\u00e9trospective-voyage-2020-Arpenter-le-chemin-scaled.jpg 2560w, https:\/\/arpenterlechemin.com\/wp-content\/uploads\/2020\/12\/R\u00e9trospective-voyage-2020-Arpenter-le-chemin-690x388.jpg 690w, https:\/\/arpenterlechemin.com\/wp-content\/uploads\/2020\/12\/R\u00e9trospective-voyage-2020-Arpenter-le-chemin-1040x585.jpg 1040w, https:\/\/arpenterlechemin.com\/wp-content\/uploads\/2020\/12\/R\u00e9trospective-voyage-2020-Arpenter-le-chemin-500x280.jpg 500w, https:\/\/arpenterlechemin.com\/wp-content\/uploads\/2020\/12\/R\u00e9trospective-voyage-2020-Arpenter-le-chemin-768x432.jpg 768w, https:\/\/arpenterlechemin.com\/wp-content\/uploads\/2020\/12\/R\u00e9trospective-voyage-2020-Arpenter-le-chemin-1536x864.jpg 1536w, https:\/\/arpenterlechemin.com\/wp-content\/uploads\/2020\/12\/R\u00e9trospective-voyage-2020-Arpenter-le-chemin-2048x1153.jpg 2048w\" sizes=\"(max-width: 2560px) 100vw, 2560px\" \/><\/p>\n<p style=\"text-align: center;\"><em><a href=\"https:\/\/arpenterlechemin.com\/index.php\/2019\/02\/08\/amphiteatre-parlee-brook\/\">En f\u00e9vrier, je serais au moins all\u00e9e \u00e0 la combe de glace de Parlee Brook<\/a>, dont je vous ai d\u00e9j\u00e0 parl\u00e9 en 2019.<\/em><\/p>\n<h2><span style=\"color: #000080;\">Mars 2020<\/span><\/h2>\n<p>Avant que tout ne ferme, je r\u00e9ussis \u00e0 grapiller une rando au <a href=\"https:\/\/arpenterlechemin.com\/index.php\/2020\/03\/12\/parc-fundy\/\">parc national de Fundy<\/a> et \u00e0 la <a href=\"https:\/\/arpenterlechemin.com\/index.php\/2018\/04\/17\/cabane-a-sucre-au-canada\/\">cabane \u00e0 sucre<\/a>. Une manif pour la journ\u00e9e internationale du droit des femmes, et une sortie qui me semble surr\u00e9aliste d\u00e9sormais : moi qui ne vais jamais au bar, je sors avec des copines quelques jours avant l&rsquo;entr\u00e9e en \u00ab\u00a0phase rouge\u00a0\u00bb, peut-\u00eatre pouss\u00e9e par une sombre pr\u00e9monition. Au Nouveau-Brunswick, le confinement n&rsquo;a jamais \u00e9t\u00e9 aussi strict que ce que vous avez connu en Europe : sauf rares exceptions, <strong>les sorties dans la nature sont encourag\u00e9es<\/strong>, les restaurants ont globalement conserv\u00e9 leur service de plats \u00e0 emporter, aucune attestation de sortie \u00e0 montrer \u00e0 tout bout de champ. Le pire que nous ayons connu aura \u00e9t\u00e9 cette phase rouge, o\u00f9 tout le monde \u00e9tait invit\u00e9 \u00e0 rester chez soi, de mi-mars \u00e0 mi-mai. Mais j&rsquo;ai toujours pu aller promener Indiana, sortir de chez moi si j&rsquo;avais envie de prendre l&rsquo;air, aller dans les parcs de la ville.<\/p>\n<p><img decoding=\"async\" loading=\"lazy\" class=\"aligncenter size-full wp-image-9939\" src=\"https:\/\/arpenterlechemin.com\/wp-content\/uploads\/2020\/12\/Rando-parc-Fundy-hiver-Nouveau-Brunswick-blog-voyage-Arpenter-le-chemin-scaled.jpg\" alt=\"Rando parc Fundy hiver Nouveau-Brunswick blog voyage Arpenter le chemin\" width=\"2560\" height=\"1440\" srcset=\"https:\/\/arpenterlechemin.com\/wp-content\/uploads\/2020\/12\/Rando-parc-Fundy-hiver-Nouveau-Brunswick-blog-voyage-Arpenter-le-chemin-scaled.jpg 2560w, https:\/\/arpenterlechemin.com\/wp-content\/uploads\/2020\/12\/Rando-parc-Fundy-hiver-Nouveau-Brunswick-blog-voyage-Arpenter-le-chemin-690x388.jpg 690w, https:\/\/arpenterlechemin.com\/wp-content\/uploads\/2020\/12\/Rando-parc-Fundy-hiver-Nouveau-Brunswick-blog-voyage-Arpenter-le-chemin-1040x585.jpg 1040w, https:\/\/arpenterlechemin.com\/wp-content\/uploads\/2020\/12\/Rando-parc-Fundy-hiver-Nouveau-Brunswick-blog-voyage-Arpenter-le-chemin-500x280.jpg 500w, https:\/\/arpenterlechemin.com\/wp-content\/uploads\/2020\/12\/Rando-parc-Fundy-hiver-Nouveau-Brunswick-blog-voyage-Arpenter-le-chemin-768x432.jpg 768w, https:\/\/arpenterlechemin.com\/wp-content\/uploads\/2020\/12\/Rando-parc-Fundy-hiver-Nouveau-Brunswick-blog-voyage-Arpenter-le-chemin-1536x864.jpg 1536w, https:\/\/arpenterlechemin.com\/wp-content\/uploads\/2020\/12\/Rando-parc-Fundy-hiver-Nouveau-Brunswick-blog-voyage-Arpenter-le-chemin-2048x1152.jpg 2048w\" sizes=\"(max-width: 2560px) 100vw, 2560px\" \/><\/p>\n<p style=\"text-align: center;\"><em>Le sentier de la plaine du Caribou au parc national Fundy, Nouveau-Brunswick. La plaine est sous la glace. Ha.<\/em><\/p>\n<p>\u00c9trangement, je vis extr\u00eamement bien ce premier \u00ab\u00a0confinement\u00a0\u00bb, en grande partie gr\u00e2ce aux aides accord\u00e9es par le gouvernement. J&rsquo;accuse une certaine fatigue dans mon activit\u00e9 de traductrice depuis un an et ces quelques semaines de repos forc\u00e9 sont les bienvenues. Pour ne rien g\u00e2cher, apr\u00e8s quelques t\u00e2tonnements, le gouvernement d\u00e9cide d&rsquo;aider, \u00e0 raison de 2000 $ par mois de mars \u00e0 ao\u00fbt, quiconque dont les revenus devenaient inf\u00e9rieurs \u00e0 1000 $\/mensuels. Je suis assez heureuse de constater que <strong>malgr\u00e9 une activit\u00e9 en pointill\u00e9s, je n&rsquo;ai pas eu besoin de faire appel \u00e0 ce m\u00e9canisme<\/strong>. Mais pour la premi\u00e8re fois de ma carri\u00e8re, je b\u00e9n\u00e9ficie d&rsquo;un filet de s\u00e9curit\u00e9 si jamais les choses devaient tourner au vinaigre, et \u00e7a, \u00e7a fait du bien. Je peux profiter de ce ch\u00f4mage partiel en toute s\u00e9r\u00e9nit\u00e9. <strong>Vive le socialisme, je vous dis.<\/strong><\/p>\n<h2><span style=\"color: #003366;\">Avril 2020<\/span><\/h2>\n<p>Les jours se suivent et se ressemblent : balades canines, dessins, tricot (je suis assez fi\u00e8re de dire que j&rsquo;ai tricot\u00e9 mon premier pull, en jacquard qui plus est), puzzles, Postcrossing, bref une vie de personne \u00e2g\u00e9e. J&rsquo;en rigole assez (trop ?) souvent sur les r\u00e9seaux sociaux, mais <strong>ce confinement m&rsquo;a r\u00e9v\u00e9l\u00e9e \u00e0 la personne \u00e2g\u00e9e que je suis. Je ne sais pas si je peux faire machine arri\u00e8re<\/strong> <strong>d\u00e9sormais <\/strong>et revivre comme une trentenaire. Je couds des masques. Je travaille un peu, pas trop, environ une semaine sur deux. Nous profitons d&rsquo;\u00eatre assign\u00e9s \u00e0 r\u00e9sidence pour prendre <strong>un chat en tant que famille d&rsquo;accueil<\/strong>, le p\u00e9tillant Tanner, alias <strong>Tanuki<\/strong> &#8211; une cr\u00e8me de chat qui restera un mois avec nous. Dora ne le vit pas tr\u00e8s bien mais Indiana se fait un copain. Ou plut\u00f4t, Tanuki se fait un esclave. Nous mesurons toute notre chance d&rsquo;habiter dans une maison avec un jardin, d&rsquo;avoir une terrasse.<\/p>\n<p><img decoding=\"async\" loading=\"lazy\" class=\"aligncenter size-full wp-image-9944\" src=\"https:\/\/arpenterlechemin.com\/wp-content\/uploads\/2020\/12\/Chat-famille-accueil-Moncton.jpg\" alt=\"Chat famille accueil Moncton\" width=\"1920\" height=\"1080\" srcset=\"https:\/\/arpenterlechemin.com\/wp-content\/uploads\/2020\/12\/Chat-famille-accueil-Moncton.jpg 1920w, https:\/\/arpenterlechemin.com\/wp-content\/uploads\/2020\/12\/Chat-famille-accueil-Moncton-690x388.jpg 690w, https:\/\/arpenterlechemin.com\/wp-content\/uploads\/2020\/12\/Chat-famille-accueil-Moncton-1040x585.jpg 1040w, https:\/\/arpenterlechemin.com\/wp-content\/uploads\/2020\/12\/Chat-famille-accueil-Moncton-500x280.jpg 500w, https:\/\/arpenterlechemin.com\/wp-content\/uploads\/2020\/12\/Chat-famille-accueil-Moncton-768x432.jpg 768w, https:\/\/arpenterlechemin.com\/wp-content\/uploads\/2020\/12\/Chat-famille-accueil-Moncton-1536x864.jpg 1536w\" sizes=\"(max-width: 1920px) 100vw, 1920px\" \/><\/p>\n<p><img decoding=\"async\" loading=\"lazy\" class=\"aligncenter size-full wp-image-9946\" src=\"https:\/\/arpenterlechemin.com\/wp-content\/uploads\/2020\/12\/R\u00e9trospective-voyages-Canada-2020-scaled.jpg\" alt=\"R\u00e9trospective voyages Canada 2020\" width=\"2560\" height=\"1563\" srcset=\"https:\/\/arpenterlechemin.com\/wp-content\/uploads\/2020\/12\/R\u00e9trospective-voyages-Canada-2020-scaled.jpg 2560w, https:\/\/arpenterlechemin.com\/wp-content\/uploads\/2020\/12\/R\u00e9trospective-voyages-Canada-2020-655x400.jpg 655w, https:\/\/arpenterlechemin.com\/wp-content\/uploads\/2020\/12\/R\u00e9trospective-voyages-Canada-2020-958x585.jpg 958w, https:\/\/arpenterlechemin.com\/wp-content\/uploads\/2020\/12\/R\u00e9trospective-voyages-Canada-2020-768x469.jpg 768w, https:\/\/arpenterlechemin.com\/wp-content\/uploads\/2020\/12\/R\u00e9trospective-voyages-Canada-2020-1536x938.jpg 1536w, https:\/\/arpenterlechemin.com\/wp-content\/uploads\/2020\/12\/R\u00e9trospective-voyages-Canada-2020-2048x1251.jpg 2048w\" sizes=\"(max-width: 2560px) 100vw, 2560px\" \/><\/p>\n<p style=\"text-align: center;\"><em>Allez savoir pourquoi, j&rsquo;adore cette photo.<\/em><\/p>\n<p><img decoding=\"async\" loading=\"lazy\" class=\"aligncenter size-full wp-image-9958\" src=\"https:\/\/arpenterlechemin.com\/wp-content\/uploads\/2020\/12\/Tricot-Moncton.jpg\" alt=\"Tricot Moncton\" width=\"1920\" height=\"1080\" srcset=\"https:\/\/arpenterlechemin.com\/wp-content\/uploads\/2020\/12\/Tricot-Moncton.jpg 1920w, https:\/\/arpenterlechemin.com\/wp-content\/uploads\/2020\/12\/Tricot-Moncton-690x388.jpg 690w, https:\/\/arpenterlechemin.com\/wp-content\/uploads\/2020\/12\/Tricot-Moncton-1040x585.jpg 1040w, https:\/\/arpenterlechemin.com\/wp-content\/uploads\/2020\/12\/Tricot-Moncton-500x280.jpg 500w, https:\/\/arpenterlechemin.com\/wp-content\/uploads\/2020\/12\/Tricot-Moncton-768x432.jpg 768w, https:\/\/arpenterlechemin.com\/wp-content\/uploads\/2020\/12\/Tricot-Moncton-1536x864.jpg 1536w\" sizes=\"(max-width: 1920px) 100vw, 1920px\" \/><\/p>\n<p style=\"text-align: center;\"><em>Venez pour le voyage, restez pour le tricot.<\/em><\/p>\n<h2><span style=\"color: #003366;\">Mai 2020<\/span><\/h2>\n<p>Si les contacts avec nos semblables ne nous manquent pas, <strong>nous commen\u00e7ons \u00e0 avoir fait le tour de notre maison<\/strong>. Nous nous \u00e9chappons au chalet d&rsquo;un ami le 9 mai, date qui restera dans les m\u00e9moires pour avoir \u00e9t\u00e9 la derni\u00e8re grosse temp\u00eate de neige de l&rsquo;ann\u00e9e, de mani\u00e8re incroyablement tardive. De l\u00e0, nous passerons \u00e0 des temp\u00e9ratures caniculaires en moins de temps qu&rsquo;il n&rsquo;en faut pour d\u00e9fricher mon potager et je pourrai donc me livrer \u00e0 <strong>mon activit\u00e9 favorite du printemps : gratter la terre.<\/strong> Je ne suis pas peu fi\u00e8re du rendement de mes cinq jardini\u00e8res un peu plus tard dans l&rsquo;ann\u00e9e : edamame, pois, chou fris\u00e9, myrtilles, tournesols et surtout des courges partout, le bonheur.<\/p>\n<p><img decoding=\"async\" loading=\"lazy\" class=\"aligncenter size-full wp-image-9947\" src=\"https:\/\/arpenterlechemin.com\/wp-content\/uploads\/2020\/12\/Kouchibouguac-hiver-scaled.jpg\" alt=\"Kouchibouguac hiver\" width=\"2560\" height=\"1440\" srcset=\"https:\/\/arpenterlechemin.com\/wp-content\/uploads\/2020\/12\/Kouchibouguac-hiver-scaled.jpg 2560w, https:\/\/arpenterlechemin.com\/wp-content\/uploads\/2020\/12\/Kouchibouguac-hiver-690x388.jpg 690w, https:\/\/arpenterlechemin.com\/wp-content\/uploads\/2020\/12\/Kouchibouguac-hiver-1040x585.jpg 1040w, https:\/\/arpenterlechemin.com\/wp-content\/uploads\/2020\/12\/Kouchibouguac-hiver-500x280.jpg 500w, https:\/\/arpenterlechemin.com\/wp-content\/uploads\/2020\/12\/Kouchibouguac-hiver-768x432.jpg 768w, https:\/\/arpenterlechemin.com\/wp-content\/uploads\/2020\/12\/Kouchibouguac-hiver-1536x864.jpg 1536w, https:\/\/arpenterlechemin.com\/wp-content\/uploads\/2020\/12\/Kouchibouguac-hiver-2048x1152.jpg 2048w\" sizes=\"(max-width: 2560px) 100vw, 2560px\" \/><\/p>\n<p style=\"text-align: center;\"><em>Kouchibouguac, le 9 mai 2020. J&rsquo;avais install\u00e9 mes pneus d&rsquo;\u00e9t\u00e9 une semaine avant.<\/em><\/p>\n<p>Le Nouveau-Brunswick redescend d&rsquo;un cran en \u00ab\u00a0phase orange\u00a0\u00bb : certains commerces rouvrent leurs portes, on recommence timidement \u00e0 revoir des amis. J&rsquo;aimerais dire que je me suis pr\u00e9cipit\u00e9e en vadrouille d\u00e8s l&rsquo;annonce du d\u00e9but du d\u00e9confinement mais je suis rest\u00e9e prudente. Je mets n\u00e9anmoins le cap vers <strong>Sussex<\/strong> l&rsquo;espace d&rsquo;une journ\u00e9e, pour marcher dans les bois en direction du <strong>Friar&rsquo;s Nose.<\/strong><\/p>\n<p><a href=\"https:\/\/arpenterlechemin.com\/index.php\/2020\/07\/07\/sussex-nb\/\"><img decoding=\"async\" loading=\"lazy\" class=\"aligncenter size-full wp-image-9383\" src=\"https:\/\/arpenterlechemin.com\/wp-content\/uploads\/2020\/07\/Visiter-Sussex-Nouveau-Brunswick.jpg\" alt=\"Visiter Sussex - Nouveau-Brunswick\" width=\"1040\" height=\"585\" srcset=\"https:\/\/arpenterlechemin.com\/wp-content\/uploads\/2020\/07\/Visiter-Sussex-Nouveau-Brunswick.jpg 1040w, https:\/\/arpenterlechemin.com\/wp-content\/uploads\/2020\/07\/Visiter-Sussex-Nouveau-Brunswick-690x388.jpg 690w, https:\/\/arpenterlechemin.com\/wp-content\/uploads\/2020\/07\/Visiter-Sussex-Nouveau-Brunswick-500x280.jpg 500w, https:\/\/arpenterlechemin.com\/wp-content\/uploads\/2020\/07\/Visiter-Sussex-Nouveau-Brunswick-768x432.jpg 768w\" sizes=\"(max-width: 1040px) 100vw, 1040px\" \/><\/a><\/p>\n<h2><span style=\"color: #003366;\">Juin 2020<\/span><\/h2>\n<p>C&rsquo;est incroyable mais il fait une chaleur ph\u00e9nom\u00e9nale. Je me rends souvent \u00e0 la plage, g\u00e9n\u00e9ralement le soir en semaine, pour \u00e9viter la foule. Heureusement que le Nouveau-Brunswick a d&rsquo;immenses plages de sable o\u00f9 se laisser de l&rsquo;espace n&rsquo;est pas difficile. <strong>Voir l&rsquo;oc\u00e9an et l&rsquo;immensit\u00e9 du ciel me fait un bien fou, comme un antidote \u00e0 cette p\u00e9riode clo\u00eetr\u00e9e.<\/strong> Je n&rsquo;ai vraiment aucun probl\u00e8me \u00e0 \u00eatre casani\u00e8re&#8230; du moment que je peux m&rsquo;\u00e9vader r\u00e9guli\u00e8rement. Nous avons tous v\u00e9cu le confinement diff\u00e9remment, certaines souffrant de solitude, d&rsquo;autres au contraire de la promiscuit\u00e9, et moi je ne r\u00eave que d&rsquo;une chose, de Chili et de d\u00e9paysement. Comme vous qui me lisez, probablement.<\/p>\n<p><img decoding=\"async\" loading=\"lazy\" class=\"aligncenter size-full wp-image-9948\" src=\"https:\/\/arpenterlechemin.com\/wp-content\/uploads\/2020\/12\/Arboretum-Bouctouche-scaled.jpg\" alt=\"Arboretum Bouctouche\" width=\"2560\" height=\"1440\" srcset=\"https:\/\/arpenterlechemin.com\/wp-content\/uploads\/2020\/12\/Arboretum-Bouctouche-scaled.jpg 2560w, https:\/\/arpenterlechemin.com\/wp-content\/uploads\/2020\/12\/Arboretum-Bouctouche-690x388.jpg 690w, https:\/\/arpenterlechemin.com\/wp-content\/uploads\/2020\/12\/Arboretum-Bouctouche-1040x585.jpg 1040w, https:\/\/arpenterlechemin.com\/wp-content\/uploads\/2020\/12\/Arboretum-Bouctouche-500x280.jpg 500w, https:\/\/arpenterlechemin.com\/wp-content\/uploads\/2020\/12\/Arboretum-Bouctouche-768x432.jpg 768w, https:\/\/arpenterlechemin.com\/wp-content\/uploads\/2020\/12\/Arboretum-Bouctouche-1536x864.jpg 1536w, https:\/\/arpenterlechemin.com\/wp-content\/uploads\/2020\/12\/Arboretum-Bouctouche-2048x1152.jpg 2048w\" sizes=\"(max-width: 2560px) 100vw, 2560px\" \/><\/p>\n<p>Je pars d\u00e9couvrir <strong>l&rsquo;arboretum de Bouctouche,<\/strong> un grand parc \u00e0 l&rsquo;europ\u00e9enne doubl\u00e9 d&rsquo;un jardin victorien qui m&rsquo;avait \u00e9chapp\u00e9 jusqu&rsquo;\u00e0 pr\u00e9sent. Je vous en reparlerai peut-\u00eatre. Et l&rsquo;une des meilleures journ\u00e9es de l&rsquo;\u00e9t\u00e9, je la passe sur les rives de la Baie de Fundy, \u00e0 red\u00e9couvrir des lieux que je connais peu comme le <strong>Cap Enrag\u00e9,<\/strong> perdu dans la brume.<\/p>\n<p><a href=\"https:\/\/arpenterlechemin.com\/index.php\/2020\/06\/16\/cap-enrage-nouveau-brunswick\/\"><img decoding=\"async\" loading=\"lazy\" class=\"aligncenter size-full wp-image-9264\" src=\"https:\/\/arpenterlechemin.com\/wp-content\/uploads\/2020\/06\/Visiter-le-Cap-Enrag\u00e9-Nouveau-Brunswick.jpg\" alt=\"Visiter le Cap Enrag\u00e9 - Nouveau-Brunswick\" width=\"1040\" height=\"585\" srcset=\"https:\/\/arpenterlechemin.com\/wp-content\/uploads\/2020\/06\/Visiter-le-Cap-Enrag\u00e9-Nouveau-Brunswick.jpg 1040w, https:\/\/arpenterlechemin.com\/wp-content\/uploads\/2020\/06\/Visiter-le-Cap-Enrag\u00e9-Nouveau-Brunswick-690x388.jpg 690w, https:\/\/arpenterlechemin.com\/wp-content\/uploads\/2020\/06\/Visiter-le-Cap-Enrag\u00e9-Nouveau-Brunswick-500x280.jpg 500w, https:\/\/arpenterlechemin.com\/wp-content\/uploads\/2020\/06\/Visiter-le-Cap-Enrag\u00e9-Nouveau-Brunswick-768x432.jpg 768w\" sizes=\"(max-width: 1040px) 100vw, 1040px\" \/><\/a><\/p>\n<h2><span style=\"color: #003366;\">Juillet 2020<\/span><\/h2>\n<p>Un mois rest\u00e9 dans ma m\u00e9moire comme un peu perdu. <strong>Le temps est grognon, moi aussi,<\/strong> aucune fin de semaine n&rsquo;est r\u00e9ellement excitante, et la semaine, je mets les bouch\u00e9es doubles pour combler le retard de mon chiffre d&rsquo;affaires. Je fonctionne par habitude, j&rsquo;ai besoin d&rsquo;\u00eatre dans une sorte d&rsquo;\u00e9lan pour faire les choses. Et l\u00e0, <strong>j&rsquo;ai compl\u00e8tement perdu l&rsquo;habitude de conduire, d&rsquo;\u00eatre loin de chez moi ; pire encore, je ne me sens pas en s\u00e9curit\u00e9 si je ne suis pas proche de la maison.<\/strong> Je me cantonne \u00e0 des promenades \u00e0 20 minutes de route, je n&rsquo;ose m\u00eame aller aux parcs nationaux qui ne sont qu&rsquo;\u00e0 une heure de chez moi. Pourtant, quand je regarde mes photos, j&rsquo;ai fait plein de choses. Je vais plusieurs fois \u00e0 <strong>Sh\u00e9diac<\/strong>, station de vill\u00e9giature \u00e0 20 minutes de Moncton, o\u00f9 il fait bon prendre son temps, une glace \u00e0 la main. Je vais un week-end \u00e0 <strong>Sackville<\/strong> en partenariat avec l&rsquo;office du tourisme, \u00e0 d\u00e9couvrir cette petite ville universitaire non loin de la fronti\u00e8re avec la Nouvelle-\u00c9cosse.<\/p>\n<p><a href=\"https:\/\/arpenterlechemin.com\/index.php\/2020\/08\/06\/shediac\/\"><img decoding=\"async\" loading=\"lazy\" class=\"aligncenter size-full wp-image-9455\" src=\"https:\/\/arpenterlechemin.com\/wp-content\/uploads\/2020\/08\/Visiter-Sh\u00e9diac-Nouveau-Brunswick.jpg\" alt=\"Visiter Sh\u00e9diac - Nouveau-Brunswick\" width=\"1040\" height=\"585\" srcset=\"https:\/\/arpenterlechemin.com\/wp-content\/uploads\/2020\/08\/Visiter-Sh\u00e9diac-Nouveau-Brunswick.jpg 1040w, https:\/\/arpenterlechemin.com\/wp-content\/uploads\/2020\/08\/Visiter-Sh\u00e9diac-Nouveau-Brunswick-690x388.jpg 690w, https:\/\/arpenterlechemin.com\/wp-content\/uploads\/2020\/08\/Visiter-Sh\u00e9diac-Nouveau-Brunswick-500x280.jpg 500w, https:\/\/arpenterlechemin.com\/wp-content\/uploads\/2020\/08\/Visiter-Sh\u00e9diac-Nouveau-Brunswick-768x432.jpg 768w\" sizes=\"(max-width: 1040px) 100vw, 1040px\" \/><\/a><\/p>\n<p><a href=\"https:\/\/arpenterlechemin.com\/index.php\/2020\/07\/24\/sackville-nouveau-brunswick\/\"><img decoding=\"async\" loading=\"lazy\" class=\"aligncenter size-full wp-image-9411\" src=\"https:\/\/arpenterlechemin.com\/wp-content\/uploads\/2020\/07\/Visiter-Sackville-Nouveau-Brunswick.jpg\" alt=\"Visiter Sackville - Nouveau-Brunswick\" width=\"1040\" height=\"585\" srcset=\"https:\/\/arpenterlechemin.com\/wp-content\/uploads\/2020\/07\/Visiter-Sackville-Nouveau-Brunswick.jpg 1040w, https:\/\/arpenterlechemin.com\/wp-content\/uploads\/2020\/07\/Visiter-Sackville-Nouveau-Brunswick-690x388.jpg 690w, https:\/\/arpenterlechemin.com\/wp-content\/uploads\/2020\/07\/Visiter-Sackville-Nouveau-Brunswick-500x280.jpg 500w, https:\/\/arpenterlechemin.com\/wp-content\/uploads\/2020\/07\/Visiter-Sackville-Nouveau-Brunswick-768x432.jpg 768w\" sizes=\"(max-width: 1040px) 100vw, 1040px\" \/><\/a><\/p>\n<p>Et puis je vais \u00e0 <strong>Hillsborough<\/strong> o\u00f9 je d\u00e9couvre de nombreux sentiers dont j&rsquo;ignorais l&rsquo;existence, je fais des sorties \u00e0 la plage, des sorties pour ramasser des fraises&#8230; Je vais m\u00eame en exp\u00e9dition une nuit vers une cascade et un camping qui resteront secrets mais \u00e0 qui je d\u00e9cerne sans conteste <strong>la palme du camping avec le plus de moustiques au monde<\/strong>. Non, je ne vois pas pourquoi j&rsquo;ai tant ronchonn\u00e9 en juillet. Ou peut-\u00eatre que si, je vois tr\u00e8s bien.<\/p>\n<p>Peut-\u00eatre que notre confinement n&rsquo;a jamais \u00e9t\u00e9 aussi strict que celui en Europe, mais une fois l&rsquo;\u00e9t\u00e9 venu, nous n&rsquo;avons que partiellement retrouv\u00e9 notre libert\u00e9 de mouvement. Les quatre provinces du Canada atlantique, \u00e0 savoir le <strong>Nouveau-Brunswick, l&rsquo;\u00eele du prince \u00c9douard, la Nouvelle-\u00c9cosse et Terre Neuve-et-Labrador<\/strong>, ont form\u00e9 une bulle quasi-imp\u00e9n\u00e9trable : <strong>la bulle atlantique<\/strong>. Le bon c\u00f4t\u00e9 : nous sommes litt\u00e9ralement l&rsquo;endroit le plus s\u00fbr de toute l&rsquo;Am\u00e9rique du Nord. Le revers de la m\u00e9daille : nous pouvons certes en sortir, mais revenir dans la bulle atlantique implique une quarantaine de deux semaines. Pour moi, pas question d&rsquo;en sortir \u00e0 moins d&rsquo;une raison familiale imp\u00e9rieuse, et en juillet, je vous voyais tous aller ailleurs, aller vers du d\u00e9paysement en Europe, et \u00e7a me brisait le c\u0153ur.<\/p>\n<p>Ne vous m\u00e9prenez pas : j&rsquo;ai eu la chance de partir deux fois cet \u00e9t\u00e9, mais <strong>c\u00f4t\u00e9 d\u00e9paysement, ce n&rsquo;est pas vraiment \u00e7a<\/strong>. Chacun voit midi \u00e0 sa porte mais j&rsquo;ai besoin de voir autre chose pour me d\u00e9lasser. Ce n&rsquo;est m\u00eame pas une question de changer de pays, mais simplement de paysages : vous qui vivez dans le Jura et prenez vos vacances \u00e0 Agde, ou qui partez de Bretagne pour aller passer du temps en Auvergne&#8230; vous voil\u00e0 d\u00e9pays\u00e9s. Il faut bien comprendre qu&rsquo;ici, je peux rouler des centaines de kilom\u00e8tres et si le c\u0153ur n&rsquo;y est pas, je ne verrai que les m\u00eames sapins et le m\u00eame oc\u00e9an et la m\u00eame ambiance.<\/p>\n<p><img decoding=\"async\" loading=\"lazy\" class=\"aligncenter size-full wp-image-9949\" src=\"https:\/\/arpenterlechemin.com\/wp-content\/uploads\/2020\/12\/Baie-de-Fundy-scaled.jpg\" alt=\"Baie de Fundy\" width=\"2560\" height=\"1440\" srcset=\"https:\/\/arpenterlechemin.com\/wp-content\/uploads\/2020\/12\/Baie-de-Fundy-scaled.jpg 2560w, https:\/\/arpenterlechemin.com\/wp-content\/uploads\/2020\/12\/Baie-de-Fundy-690x388.jpg 690w, https:\/\/arpenterlechemin.com\/wp-content\/uploads\/2020\/12\/Baie-de-Fundy-1040x585.jpg 1040w, https:\/\/arpenterlechemin.com\/wp-content\/uploads\/2020\/12\/Baie-de-Fundy-500x280.jpg 500w, https:\/\/arpenterlechemin.com\/wp-content\/uploads\/2020\/12\/Baie-de-Fundy-768x432.jpg 768w, https:\/\/arpenterlechemin.com\/wp-content\/uploads\/2020\/12\/Baie-de-Fundy-1536x864.jpg 1536w, https:\/\/arpenterlechemin.com\/wp-content\/uploads\/2020\/12\/Baie-de-Fundy-2048x1152.jpg 2048w\" sizes=\"(max-width: 2560px) 100vw, 2560px\" \/><\/p>\n<p style=\"text-align: center;\"><em>Par contre, quand le c\u0153ur y est, j&rsquo;y vois une ambiance sublime.<\/em><\/p>\n<h2><span style=\"color: #003366;\">Ao\u00fbt 2020<\/span><\/h2>\n<p>On l&rsquo;attend avec impatience : une semaine de vacances sur <strong>l&rsquo;\u00eele de<\/strong> <strong>Grand Manan<\/strong>, dans une cabane avec vue sur l&rsquo;eau, avec Indiana, \u00e0 rester les doigts de pieds en \u00e9ventail. Une semaine reposante, faite de balades \u00e0 la demi-journ\u00e9e, de siestes, de repos et de beaucoup de phoques. J&rsquo;aime les phoques. <strong>La palme de la destination nature au bord de l&rsquo;eau ?<\/strong> Oui !<\/p>\n<p><a href=\"https:\/\/arpenterlechemin.com\/index.php\/2020\/08\/18\/grand-manan-nb\/\"><img decoding=\"async\" loading=\"lazy\" class=\"aligncenter size-full wp-image-9500\" src=\"https:\/\/arpenterlechemin.com\/wp-content\/uploads\/2020\/08\/Visiter-Grand-Manan-Nouveau-Brunswick.jpg\" alt=\"Visiter Grand Manan - Nouveau-Brunswick\" width=\"1040\" height=\"585\" srcset=\"https:\/\/arpenterlechemin.com\/wp-content\/uploads\/2020\/08\/Visiter-Grand-Manan-Nouveau-Brunswick.jpg 1040w, https:\/\/arpenterlechemin.com\/wp-content\/uploads\/2020\/08\/Visiter-Grand-Manan-Nouveau-Brunswick-690x388.jpg 690w, https:\/\/arpenterlechemin.com\/wp-content\/uploads\/2020\/08\/Visiter-Grand-Manan-Nouveau-Brunswick-500x280.jpg 500w, https:\/\/arpenterlechemin.com\/wp-content\/uploads\/2020\/08\/Visiter-Grand-Manan-Nouveau-Brunswick-768x432.jpg 768w\" sizes=\"(max-width: 1040px) 100vw, 1040px\" \/><\/a><\/p>\n<p>En plein pendant mes vacances, je re\u00e7ois un courriel euphorisant : je suis accept\u00e9e pour la campagne d&rsquo;influenceurs r\u00e9mun\u00e9r\u00e9e <strong>#CreatorCoastNS<\/strong> organis\u00e9e par<strong> l&rsquo;office du tourisme de la Nouvelle-\u00c9cosse<\/strong>. Ma position strat\u00e9gique \u00e0 l&rsquo;int\u00e9rieur de la bulle atlantique a \u00e9videmment jou\u00e9 en ma faveur mais peu importe : fin ao\u00fbt, <strong>je pars une semaine pour la r\u00e9gion de Yarmouth, l&rsquo;extr\u00eame ouest de la province, entre Acadie du Sud-Ouest et bout du monde<\/strong>. Je passe la semaine apr\u00e8s mon retour de Grand Manan \u00e0 planifier ce premier voyage promotionnel de grande ampleur, vaguement terroris\u00e9e \u00e0 l&rsquo;id\u00e9e de me planter.<\/p>\n<p>Une fois sur place, Je d\u00e9couvre <strong>Yarmouth<\/strong>, ville loin de tout mais pourtant tr\u00e8s mignonne avec ses fa\u00e7ades color\u00e9es, et une communaut\u00e9 francophone \u00e9tonnante autour de la <strong>Baie-Sainte-Marie<\/strong>. J&rsquo;en ai d\u00e9j\u00e0 parl\u00e9 mais promis, je reviens tr\u00e8s vite avec l&rsquo;itin\u00e9raire de ce road-trip. Ce ne sont \u00e9videmment pas des vacances mais m\u00eame si ce voyage n&rsquo;aura pas \u00e9t\u00e9 de tout repos, je mesure ma chance de pouvoir d\u00e9couvrir un nouvel endroit cette ann\u00e9e, de surcro\u00eet un endroit o\u00f9 je ne serais pas all\u00e9e spontan\u00e9ment. De surcro\u00eet de fa\u00e7on r\u00e9mun\u00e9r\u00e9e ! Chose impensable en 2020, et pourtant.<\/p>\n<p><a href=\"https:\/\/arpenterlechemin.com\/index.php\/2020\/09\/13\/yarmouth-ns\/\"><img decoding=\"async\" loading=\"lazy\" class=\"aligncenter size-full wp-image-9579\" src=\"https:\/\/arpenterlechemin.com\/wp-content\/uploads\/2020\/09\/Que-faire-\u00e0-Yarmouth-Nouvelle-\u00c9cosse.jpg\" alt=\"Que faire \u00e0 Yarmouth - Nouvelle-\u00c9cosse\" width=\"1040\" height=\"585\" srcset=\"https:\/\/arpenterlechemin.com\/wp-content\/uploads\/2020\/09\/Que-faire-\u00e0-Yarmouth-Nouvelle-\u00c9cosse.jpg 1040w, https:\/\/arpenterlechemin.com\/wp-content\/uploads\/2020\/09\/Que-faire-\u00e0-Yarmouth-Nouvelle-\u00c9cosse-690x388.jpg 690w, https:\/\/arpenterlechemin.com\/wp-content\/uploads\/2020\/09\/Que-faire-\u00e0-Yarmouth-Nouvelle-\u00c9cosse-500x280.jpg 500w, https:\/\/arpenterlechemin.com\/wp-content\/uploads\/2020\/09\/Que-faire-\u00e0-Yarmouth-Nouvelle-\u00c9cosse-768x432.jpg 768w\" sizes=\"(max-width: 1040px) 100vw, 1040px\" \/><\/a><\/p>\n<p><a href=\"https:\/\/arpenterlechemin.com\/index.php\/2020\/09\/08\/voyage-acadie-nouvelle-ecosse\/\"><img decoding=\"async\" loading=\"lazy\" class=\"aligncenter size-full wp-image-9548\" src=\"https:\/\/arpenterlechemin.com\/wp-content\/uploads\/2020\/09\/Visiter-les-c\u00f4tes-acadiennes-Nouvelle-\u00c9cosse.jpg\" alt=\"Visiter les c\u00f4tes acadiennes - Nouvelle-\u00c9cosse\" width=\"1040\" height=\"585\" srcset=\"https:\/\/arpenterlechemin.com\/wp-content\/uploads\/2020\/09\/Visiter-les-c\u00f4tes-acadiennes-Nouvelle-\u00c9cosse.jpg 1040w, https:\/\/arpenterlechemin.com\/wp-content\/uploads\/2020\/09\/Visiter-les-c\u00f4tes-acadiennes-Nouvelle-\u00c9cosse-690x388.jpg 690w, https:\/\/arpenterlechemin.com\/wp-content\/uploads\/2020\/09\/Visiter-les-c\u00f4tes-acadiennes-Nouvelle-\u00c9cosse-500x280.jpg 500w, https:\/\/arpenterlechemin.com\/wp-content\/uploads\/2020\/09\/Visiter-les-c\u00f4tes-acadiennes-Nouvelle-\u00c9cosse-768x432.jpg 768w\" sizes=\"(max-width: 1040px) 100vw, 1040px\" \/><\/a><\/p>\n<h2><span style=\"color: #000080;\">Septembre 2020<\/span><\/h2>\n<p>De retour de Nouvelle-\u00c9cosse, je suis prise d&rsquo;une immense bougeotte : l&rsquo;\u00e9t\u00e9 est bient\u00f4t fini, et je tente de rattraper ce temps que j&rsquo;avais cru perdu. Un rendez-vous pro me donne l&rsquo;occasion d&rsquo;aller visiter tr\u00e8s bri\u00e8vement <strong>Miramichi<\/strong>, que je ne connaissais quasiment pas, et je me lance enfin dans un projet de longue date : passer un week-end autour de Saint-Jean \u00e0 la d\u00e9couverte du c\u00e9l\u00e8bre sentier <strong>Split Rock Trail et des grottes marines de St. Martins<\/strong>, o\u00f9 je ne m&rsquo;\u00e9tais jamais arr\u00eat\u00e9e. J&rsquo;en fais un week-end solo, un vrai d\u00e9lice \u00e0 savourer la baie de Fundy avant l&rsquo;arriv\u00e9e de l&rsquo;automne, et je d\u00e9cerne sans h\u00e9siter au Split Rock Trail <strong>la palme de la d\u00e9couverte de l&rsquo;ann\u00e9e !<\/strong><\/p>\n<p><a href=\"https:\/\/arpenterlechemin.com\/index.php\/2020\/09\/27\/split-rock-trail-nb\/\"><img decoding=\"async\" loading=\"lazy\" class=\"aligncenter size-full wp-image-9724\" src=\"https:\/\/arpenterlechemin.com\/wp-content\/uploads\/2020\/09\/Split-Rock-Trail-Nouveau-Brunswick.jpg\" alt=\"Split Rock Trail - Nouveau-Brunswick\" width=\"1040\" height=\"585\" srcset=\"https:\/\/arpenterlechemin.com\/wp-content\/uploads\/2020\/09\/Split-Rock-Trail-Nouveau-Brunswick.jpg 1040w, https:\/\/arpenterlechemin.com\/wp-content\/uploads\/2020\/09\/Split-Rock-Trail-Nouveau-Brunswick-690x388.jpg 690w, https:\/\/arpenterlechemin.com\/wp-content\/uploads\/2020\/09\/Split-Rock-Trail-Nouveau-Brunswick-500x280.jpg 500w, https:\/\/arpenterlechemin.com\/wp-content\/uploads\/2020\/09\/Split-Rock-Trail-Nouveau-Brunswick-768x432.jpg 768w\" sizes=\"(max-width: 1040px) 100vw, 1040px\" \/><\/a><\/p>\n<p><a href=\"https:\/\/arpenterlechemin.com\/index.php\/2020\/10\/04\/st-martins-nb\/\"><img decoding=\"async\" loading=\"lazy\" class=\"aligncenter size-full wp-image-9742\" src=\"https:\/\/arpenterlechemin.com\/wp-content\/uploads\/2020\/09\/St.-Martins-Fundy-Trail-Parkway-et-grottes-marines-Nouveau-Brunswick-1.jpg\" alt=\"St. Martins, Fundy Trail Parkway et grottes marines - Nouveau-Brunswick\" width=\"1040\" height=\"585\" srcset=\"https:\/\/arpenterlechemin.com\/wp-content\/uploads\/2020\/09\/St.-Martins-Fundy-Trail-Parkway-et-grottes-marines-Nouveau-Brunswick-1.jpg 1040w, https:\/\/arpenterlechemin.com\/wp-content\/uploads\/2020\/09\/St.-Martins-Fundy-Trail-Parkway-et-grottes-marines-Nouveau-Brunswick-1-690x388.jpg 690w, https:\/\/arpenterlechemin.com\/wp-content\/uploads\/2020\/09\/St.-Martins-Fundy-Trail-Parkway-et-grottes-marines-Nouveau-Brunswick-1-500x280.jpg 500w, https:\/\/arpenterlechemin.com\/wp-content\/uploads\/2020\/09\/St.-Martins-Fundy-Trail-Parkway-et-grottes-marines-Nouveau-Brunswick-1-768x432.jpg 768w\" sizes=\"(max-width: 1040px) 100vw, 1040px\" \/><\/a><\/p>\n<h2><span style=\"color: #000080;\">Octobre 2020<\/span><\/h2>\n<p>L&rsquo;automne nous prend par surprise : les \u00e9rables sont en avance de quinze jours par rapport \u00e0 la normale, tout le monde est tourneboul\u00e9, <strong>d\u00e9cid\u00e9ment rien ne va cette ann\u00e9e<\/strong>. Ma sacro-sainte escapade d&rsquo;automne s&rsquo;annon\u00e7ait mal, mais c&rsquo;est une excellente surprise qui m&rsquo;attend autour de <strong>Bathurst<\/strong> : cascade en pleine for\u00eat et sentier d\u00e9sert, caf\u00e9s douillets et plages mystiques&#8230; J&rsquo;appr\u00e9cie beaucoup ces quatre jours pass\u00e9s \u00e0 nouveau en solo, \u00e0 ne rien faire d&rsquo;autre qu&rsquo;admirer les feuilles de la fa\u00e7on qui me pla\u00eet le plus : en randonnant. Et ici aussi, en partenariat avec l&rsquo;office de tourisme de la R\u00e9gion Chaleur. J&rsquo;en profite un maximum, car alors m\u00eame que je suis \u00e0 Bathurst, <strong>le gouvernement annonce le premier reconfinement<\/strong> : retour en phase orange \u00e0 Moncton. Phase qui ne durera pas longtemps, juste assez pour que l&rsquo;escapade que j&rsquo;avais r\u00e9serv\u00e9e \u00e0 Charlottetown, sur l&rsquo;\u00eele du Prince \u00c9douard, ne puisse pas avoir lieu. J&rsquo;encha\u00eene quelques derni\u00e8res randonn\u00e9es autour de Moncton avant de <strong>d\u00e9clarer forfait pour l&rsquo;ann\u00e9e.<\/strong><\/p>\n<p><a href=\"https:\/\/arpenterlechemin.com\/index.php\/2020\/10\/18\/escapade-bathurst-nb\/\"><img decoding=\"async\" loading=\"lazy\" class=\"aligncenter size-full wp-image-9805\" src=\"https:\/\/arpenterlechemin.com\/wp-content\/uploads\/2020\/10\/La-r\u00e9gion-Chaleur-autour-de-Bathurst-Nouveau-Brunswick.jpg\" alt=\"_La r\u00e9gion Chaleur autour de Bathurst - Nouveau-Brunswick\" width=\"1040\" height=\"585\" srcset=\"https:\/\/arpenterlechemin.com\/wp-content\/uploads\/2020\/10\/La-r\u00e9gion-Chaleur-autour-de-Bathurst-Nouveau-Brunswick.jpg 1040w, https:\/\/arpenterlechemin.com\/wp-content\/uploads\/2020\/10\/La-r\u00e9gion-Chaleur-autour-de-Bathurst-Nouveau-Brunswick-690x388.jpg 690w, https:\/\/arpenterlechemin.com\/wp-content\/uploads\/2020\/10\/La-r\u00e9gion-Chaleur-autour-de-Bathurst-Nouveau-Brunswick-500x280.jpg 500w, https:\/\/arpenterlechemin.com\/wp-content\/uploads\/2020\/10\/La-r\u00e9gion-Chaleur-autour-de-Bathurst-Nouveau-Brunswick-768x432.jpg 768w\" sizes=\"(max-width: 1040px) 100vw, 1040px\" \/><\/a><\/p>\n<h2><span style=\"color: #003366;\">Novembre 2020<\/span><\/h2>\n<p>D\u00e9clarer forfait d\u00e8s novembre, c&rsquo;est un peu t\u00f4t, non ? J&rsquo;ai \u00e0 peine le temps de f\u00eater mon anniversaire avec des amies qu&rsquo;on nous reconfine \u00e0 nouveau. Moi qui avais d\u00e9cal\u00e9 mon escapade \u00e0 Charlottetown, elle est annul\u00e9e une deuxi\u00e8me fois. <strong>Cette annulation est un peu la goutte d&rsquo;eau qui fait d\u00e9border mon vase de sant\u00e9 mentale<\/strong>. Vous venez pourtant de lire mon ann\u00e9e, je n&rsquo;ai vraiment pas de raison de me plaindre, et pourtant une grande lassitude m&rsquo;envahit en novembre. <strong>Pour la premi\u00e8re fois depuis notre arriv\u00e9e en 2014, l&rsquo;id\u00e9e de la neige me fait fr\u00e9mir<\/strong>, je ne r\u00eave que de chaleur. Je me demande si nous n&rsquo;avons pas fait le tour de Moncton, s&rsquo;il n&rsquo;est pas temps de partir. Etienne ne va gu\u00e8re mieux, nous parlons pays chauds et \u00e9vasion tous les soirs. \u00ab\u00a0\u00c9vasion\u00a0\u00bb, un mot qui prend tout un autre sens en ce moment. Seule la perspective de deux semaines de vacances fin d\u00e9cembre me r\u00e9jouit. N&rsquo;ayant fait litt\u00e9ralement aucune sortie digne de photos en novembre, voici mon image pr\u00e9f\u00e9r\u00e9e d&rsquo;Indiana, prise en octobre :<\/p>\n<p><img decoding=\"async\" loading=\"lazy\" class=\"aligncenter size-full wp-image-9950\" src=\"https:\/\/arpenterlechemin.com\/wp-content\/uploads\/2020\/12\/Heureux-qui-comme-Indiana-scaled.jpg\" alt=\"Heureux qui comme Indiana\" width=\"2560\" height=\"1920\" srcset=\"https:\/\/arpenterlechemin.com\/wp-content\/uploads\/2020\/12\/Heureux-qui-comme-Indiana-scaled.jpg 2560w, https:\/\/arpenterlechemin.com\/wp-content\/uploads\/2020\/12\/Heureux-qui-comme-Indiana-533x400.jpg 533w, https:\/\/arpenterlechemin.com\/wp-content\/uploads\/2020\/12\/Heureux-qui-comme-Indiana-780x585.jpg 780w, https:\/\/arpenterlechemin.com\/wp-content\/uploads\/2020\/12\/Heureux-qui-comme-Indiana-768x576.jpg 768w, https:\/\/arpenterlechemin.com\/wp-content\/uploads\/2020\/12\/Heureux-qui-comme-Indiana-1536x1152.jpg 1536w, https:\/\/arpenterlechemin.com\/wp-content\/uploads\/2020\/12\/Heureux-qui-comme-Indiana-2048x1536.jpg 2048w\" sizes=\"(max-width: 2560px) 100vw, 2560px\" \/><\/p>\n<p style=\"text-align: center;\"><em>Heureux qui comme Indiana sautille dans les feuilles mortes.<\/em><\/p>\n<h2><span style=\"color: #000080;\">D\u00e9cembre 2020<\/span><\/h2>\n<p>La neige n&rsquo;est pas vraiment arriv\u00e9e, et j&rsquo;en viens \u00e0 la souhaiter ardemment, au lieu de cette grisaille toute parisienne qui colle comme de la poix depuis novembre. Enfin, les vacances de No\u00ebl arrivent. Deux semaines \u00e0 faire corps avec mon canap\u00e9, \u00e0 aller de puzzles en tricot. <strong>Des randos ensoleill\u00e9es me redonnent le sourire<\/strong>, car quoi de mieux qu&rsquo;un peu de ciel bleu pour mettre du baume au c\u0153ur ?<\/p>\n<p><img decoding=\"async\" loading=\"lazy\" class=\"aligncenter size-full wp-image-9941\" src=\"https:\/\/arpenterlechemin.com\/wp-content\/uploads\/2020\/12\/Parc-Fundy-hiver-blog-voyage-Arpenter-le-chemin-scaled.jpg\" alt=\"Parc Fundy hiver blog voyage Arpenter le chemin\" width=\"2560\" height=\"1441\" srcset=\"https:\/\/arpenterlechemin.com\/wp-content\/uploads\/2020\/12\/Parc-Fundy-hiver-blog-voyage-Arpenter-le-chemin-scaled.jpg 2560w, https:\/\/arpenterlechemin.com\/wp-content\/uploads\/2020\/12\/Parc-Fundy-hiver-blog-voyage-Arpenter-le-chemin-690x388.jpg 690w, https:\/\/arpenterlechemin.com\/wp-content\/uploads\/2020\/12\/Parc-Fundy-hiver-blog-voyage-Arpenter-le-chemin-1040x585.jpg 1040w, https:\/\/arpenterlechemin.com\/wp-content\/uploads\/2020\/12\/Parc-Fundy-hiver-blog-voyage-Arpenter-le-chemin-500x280.jpg 500w, https:\/\/arpenterlechemin.com\/wp-content\/uploads\/2020\/12\/Parc-Fundy-hiver-blog-voyage-Arpenter-le-chemin-768x432.jpg 768w, https:\/\/arpenterlechemin.com\/wp-content\/uploads\/2020\/12\/Parc-Fundy-hiver-blog-voyage-Arpenter-le-chemin-1536x864.jpg 1536w, https:\/\/arpenterlechemin.com\/wp-content\/uploads\/2020\/12\/Parc-Fundy-hiver-blog-voyage-Arpenter-le-chemin-2048x1153.jpg 2048w\" sizes=\"(max-width: 2560px) 100vw, 2560px\" \/><\/p>\n<p style=\"text-align: center;\"><em>Au parc national de Fundy, le 27 d\u00e9cembre 2020<\/em><\/p>\n<p>\u00c0 l&rsquo;heure o\u00f9 j&rsquo;\u00e9cris ces lignes, j&rsquo;\u00e9prouve surtout une grande tristesse, parfois de la col\u00e8re. Je parlais de Moncton et de dynamisme dans <a href=\"https:\/\/arpenterlechemin.com\/index.php\/2020\/04\/13\/vie-quotidienne-moncton\/\">ce billet sur mon installation au Nouveau-Brunswick en d\u00e9but d&rsquo;ann\u00e9e<\/a>, sur l&rsquo;\u00e9lan de cette petite ville qui prosp\u00e9rait de toute part. Je suis en col\u00e8re contre la covid de lui avoir coup\u00e9 les ailes, alors que les commerces mettent la cl\u00e9 sous la porte les uns apr\u00e8s les autres. M\u00eame le Starbucks en plein coeur de la ville a ferm\u00e9 d\u00e9finitivement, et la rue Main n&rsquo;est plus que l&rsquo;ombre d&rsquo;elle-m\u00eame. Je rage de voir les petits commerces que j&rsquo;aimais tant souffrir de la deuxi\u00e8me vague, alors que nous sommes impuissants \u00e0 les aider.<\/p>\n<p><img decoding=\"async\" loading=\"lazy\" class=\"aligncenter size-full wp-image-9260\" src=\"https:\/\/arpenterlechemin.com\/wp-content\/uploads\/2020\/06\/Cap-Enrag\u00e9-que-voir-infos-pratiques-nouveau-brunswick-baie-de-fundy-blog-de-voyage-scaled.jpg\" alt=\"Cap Enrag\u00e9 que voir infos pratiques nouveau-brunswick baie de fundy blog de voyage\" width=\"2560\" height=\"1920\" srcset=\"https:\/\/arpenterlechemin.com\/wp-content\/uploads\/2020\/06\/Cap-Enrag\u00e9-que-voir-infos-pratiques-nouveau-brunswick-baie-de-fundy-blog-de-voyage-scaled.jpg 2560w, https:\/\/arpenterlechemin.com\/wp-content\/uploads\/2020\/06\/Cap-Enrag\u00e9-que-voir-infos-pratiques-nouveau-brunswick-baie-de-fundy-blog-de-voyage-533x400.jpg 533w, https:\/\/arpenterlechemin.com\/wp-content\/uploads\/2020\/06\/Cap-Enrag\u00e9-que-voir-infos-pratiques-nouveau-brunswick-baie-de-fundy-blog-de-voyage-780x585.jpg 780w, https:\/\/arpenterlechemin.com\/wp-content\/uploads\/2020\/06\/Cap-Enrag\u00e9-que-voir-infos-pratiques-nouveau-brunswick-baie-de-fundy-blog-de-voyage-768x576.jpg 768w, https:\/\/arpenterlechemin.com\/wp-content\/uploads\/2020\/06\/Cap-Enrag\u00e9-que-voir-infos-pratiques-nouveau-brunswick-baie-de-fundy-blog-de-voyage-1536x1152.jpg 1536w, https:\/\/arpenterlechemin.com\/wp-content\/uploads\/2020\/06\/Cap-Enrag\u00e9-que-voir-infos-pratiques-nouveau-brunswick-baie-de-fundy-blog-de-voyage-2048x1536.jpg 2048w\" sizes=\"(max-width: 2560px) 100vw, 2560px\" \/><\/p>\n<h2><span style=\"color: #000080;\">Ce que j&rsquo;ai lu, vu, \u00e9cout\u00e9 en 2020<\/span><\/h2>\n<p>Si vous pr\u00e9f\u00e9rez lire le bilan de mon blog, sautez ce long paragraphe ! Sinon, voici des <strong>romans<\/strong> que j&rsquo;ai lus, sans ordre particulier :<\/p>\n<ul>\n<li><em>Too Like the Lightning<\/em>, Ada Palmer (<em>Trop semblable \u00e0 l&rsquo;\u00e9clair<\/em> traduit par Michelle Charrier) : apr\u00e8s avoir vu Ada Palmer en promo-conf\u00e9rence aux Utopiales de Nantes en 2019, j&rsquo;avais eu intens\u00e9ment envie de lire ce roman d&rsquo;anticipation r\u00e9dig\u00e9 par une femme, de surcro\u00eet philosophe, de surcro\u00eet sp\u00e9cialiste des Lumi\u00e8res&#8230; Le livre m&rsquo;a marqu\u00e9e par son immense culture, son immense ambition, et son immense p\u00e9danterie. Ada Palmer \u00e9tale sa connaissance des Lumi\u00e8res en couches \u00e9paisses et noie totalement son r\u00e9cit. Je me t\u00e2te toujours \u00e0 lire le deuxi\u00e8me tome, <em>Seven Surrenders\/Sept Redditions<\/em>.<\/li>\n<li><em>Susto, <\/em>luvan. Un roman inclassable. Loin dans le futur, une soci\u00e9t\u00e9 qui ressemble \u00e0 peu pr\u00e8s \u00e0 la n\u00f4tre &#8211; \u00e0 cela pr\u00e8s qu&rsquo;elle est la seule survivante du r\u00e9chauffement de la plan\u00e8te &#8211; vit sous la menace d&rsquo;un volcan en Antarctique. Le roman est tr\u00e8s inspir\u00e9 formellement d&rsquo;Alain Damasio. Sur le fond, il faut s&rsquo;accrocher dans les petits drames pour atteindre le final, absolument superbe.<\/li>\n<li><em>Amatka<\/em>, Karin Tidbeck, traduit du su\u00e9dois par luvan. Imaginez 1984 mais au p\u00f4le nord, dans une soci\u00e9t\u00e9 post-apo o\u00f9 les mots donnent vie aux objets. Pr\u00e9mices intrigants, non ? Le roman se d\u00e9roule sur fond de complot sourd, verse parfois dans l&rsquo;horreur. J&rsquo;ai aim\u00e9 l&rsquo;ambiance de romand d&rsquo;anticipation sovi\u00e9tique, o\u00f9 tout est gris, carr\u00e9, morne.<\/li>\n<li><em>His Dark Materials, <\/em>Philip Pullmann (<em>\u00c0 la Crois\u00e9e des mondes<\/em>, traduction de Jean Esch) : j&rsquo;ai ador\u00e9 le premier tome, \u00e9t\u00e9 un peu moins emball\u00e9e par la suite. Comme souvent, j&rsquo;ai l&rsquo;impression d&rsquo;avoir un tome qui se destinait \u00e0 \u00eatre un volume autonome, et auquel on a greff\u00e9 deux suites par opportunisme. Je garde la relation entre Lyra et Pantalaimon et je jette Will et leur relation absurde aux oubliettes.<\/li>\n<li><em>Chroniques du Pays des m\u00e8res<\/em>, d&rsquo;Elisabeth Vonarburg. De la SF f\u00e9ministe francophone, un univers post-apo passionnant \u00e0 base de matriarcat pour mieux d\u00e9noncer les travers du patriarcat. Un triomphe sur le plan de l&rsquo;univers, mais une d\u00e9ception narrative puisqu&rsquo;il n&rsquo;y a pas vraiment d&rsquo;intrigue. Ce ne sont m\u00eame pas des chroniques au sens du sublime <em>Kalpa Imperial<\/em> d&rsquo;Ang\u00e9lica Gorodischer. On suit juste l&rsquo;h\u00e9ro\u00efne d&rsquo;une na\u00efvet\u00e9 confondante, qui n&rsquo;\u00e9volue pas vraiment au fil du roman, comme si sa fonction se r\u00e9duisait \u00e0 nous montrer son univers.<\/li>\n<li><em>Little House on the Prairie,<\/em> Laura Ingalls Wilder (La petite maison dans la prairie) : plong\u00e9e dans le livre phare de mon enfance. C&rsquo;est fou comme cette saga n&rsquo;a pas vraiment vieilli pour ce qui est de la description de la vie de famille&#8230; et fait dresser les cheveux sur la t\u00eate pour le reste, puisqu&rsquo;on parle de colonisation et d&rsquo;expropriation des Premi\u00e8res Nations, avec quelques remarques bien racistes au passage.<\/li>\n<li><em>Little Women<\/em> et <em>Good Wives<\/em> (Les quatre filles du Dr March\/Les quatre filles du Dr March se marient) : un plaisir quasi-absolu que ces chroniques d&rsquo;une famille en Nouvelle-Angleterre en 1868. Je reste plus dubitative sur le deuxi\u00e8me volume qui ne va pas du tout dans la direction que j&rsquo;aurais aim\u00e9 (lire ma remarque sur les s\u00e9ries un peu plus haut) mais le premier tome est absolument savoureux. *ins\u00e9rer ici plein de c\u0153urs*<\/li>\n<li><em>Les mille talents d&rsquo;Euridice Gusmao, <\/em>Martha Batalha, dans une traduction de Diniz Galhos : de la litt\u00e9rature contemporaine, sans magie ni science-fiction pour une fois. Un petit roman tr\u00e8s dr\u00f4le et grin\u00e7ant sur la condition de plusieurs femmes dans le Rio de Janeiro des ann\u00e9es 1960.<\/li>\n<li>Autres lectures : <em>La zone du dehors<\/em> d&rsquo;Alain Damasio (trop pr\u00e9tentieux),\u00a0<em>La voie cruelle <\/em>et <em>Des monts c\u00e9lestes aux sables rouges <\/em>d&rsquo;Ella Maillart, <em>L&rsquo;accoucheuse de Scots Bay<\/em> d&rsquo;Amy McKay traduit par Sonya Malaborza, <em>Or et nuit<\/em> de Mathieu Rivero, <em>Brave New World\/Le Meilleur des Mondes<\/em> d&rsquo;Aldous Huxley, <em>The left hand of Darkness\/La Main gauche de la Nuit<\/em> d&rsquo;Ursula K. le Guin, <em>La panth\u00e8re des neiges<\/em> de Sylvain Tesson, <em>Started Early, Took my Dog<\/em> (Parti t\u00f4t, pris mon chien) de Kate Atkinson<\/li>\n<li>Lectures avort\u00e9es : <em>The Blind Assassin<\/em> de Margaret Atwood (bof), <em>The Stand\/Le Fl\u00e9au<\/em> de Stephen King (ne passe plus mon filtre f\u00e9ministe), <em>La montagne magique<\/em> de Thomas Mann (assommant), <em>Pour s\u00fbr<\/em> de France Daigle (passionnant par l&rsquo;usage du fran\u00e7ais acadien, incompr\u00e9hensible sur la trame),<\/li>\n<\/ul>\n<p>Du c\u00f4t\u00e9 des <strong>mangas et bandes dessin\u00e9es<\/strong> :<\/p>\n<ul>\n<li><em>Orange<\/em>, Ichigo Takano, dans une traduction de Chiharu Chujo. Un joli manga en cinq tomes sur le suicide et les regrets du point de vue d&rsquo;une bande de lyc\u00e9ens. C&rsquo;est touchant et l\u00e9ger, \u00e7a donne envie de retourner au lyc\u00e9e pour avoir une telle bande de copains.<\/li>\n<li><em>Moi ce que j&rsquo;aime, c&rsquo;est les monstres,<\/em> Emil Ferris. Un choc visuel et une d\u00e9ception narrative. Trop de pathos tue le pathos et honn\u00eatement&#8230; elle ne nous jette pas un peu son talent insens\u00e9 au visage, cette autrice ? J&rsquo;ai trouv\u00e9 l&rsquo;ouvrage tr\u00e8s pr\u00e9tentieux, un reproche d\u00e9cid\u00e9ment r\u00e9current en 2020.<\/li>\n<li><em>La cantine de Minuit<\/em>, Yaro Abe, dans une traduction de Miyako Slocombe. Succulentes chroniques d&rsquo;un boui-boui de Tokyo, o\u00f9 des personnages interlopes viennent manger et d\u00e9rouler leurs histoires de c\u0153ur et de cul. C&rsquo;est tendre et dr\u00f4le, j&rsquo;adore. Et pas pr\u00e9tentieux pour un sou, cette fois.<\/li>\n<li><em>Soupinou<\/em>, Y\u00fb Horii, dans une traduction de Melody Pages. Quand \u00e7a va mal, je lis et relis Soupinou, un manga-doudou o\u00f9 en Finlande, la gentille tenanci\u00e8re d&rsquo;un restau de soupes cohabite avec un petit esprit qui ressemble \u00e0 un chat de coton nomm\u00e9 Soupinou. Je crois que le public-cible se situe entre 8 et 11 ans, mais JE M&rsquo;EN FICHE OK ?? C&rsquo;est tellement mignon.<\/li>\n<li><em>L&rsquo;appel de Cthulhu<\/em> et <em>La couleur tomb\u00e9e du ciel<\/em> de Gou Tanabe d&rsquo;apr\u00e8s les nouvelles de Lovecraft, dans une traduction de Sylvain Chollet. Autant je n&rsquo;accroche pas tellement au dessin, autant j&rsquo;adore l&rsquo;ambiance \u00e9pouvantable et les terribles cr\u00e9atures imagin\u00e9es par Lovecraft. En plus, l&rsquo;\u00e9dition est sublime avec une reliure (simili) cuir.<\/li>\n<li><em>Les filles de Salem<\/em>, de Thomas Gilbert. Chronique gla\u00e7ante des \u00e9v\u00e9nements ayant men\u00e9 au meurtre de six \u00ab\u00a0sorci\u00e8res\u00a0\u00bb \u00e0 Salem. Cet ouvrage est d&rsquo;une noirceur sans fond et donne envie de br\u00fbler l&rsquo;humanit\u00e9 toute enti\u00e8re.<\/li>\n<\/ul>\n<p>Du c\u00f4t\u00e9 des <b>guides pratiques <\/b>:<\/p>\n<ul>\n<li><em>Stories in Stone, A field guide de Cemetery Symbolism and Iconography<\/em>, Douglas Keister. Une mine d&rsquo;or pour comprendre la symbolique fun\u00e9raire sur les st\u00e8les. Il n&rsquo;a pas \u00e9t\u00e9 traduit \u00e0 ma connaissance.<\/li>\n<li><em>Backyard Medicine<\/em>, Julie Bruton et Matthew Seal. Un guide pratique sur les plantes courantes en Grande-Bretagne et Am\u00e9rique du Nord et leurs divers emplois en phytoth\u00e9rapie. Un peu l\u00e9ger parfois mais toujours int\u00e9ressants pour la bobologie. Pas de traduction \u00e0 ma connaissance, mais ce n&rsquo;est pas \u00e9tonnant compte tenu des territoires couverts.<\/li>\n<\/ul>\n<p>Des <strong>films<\/strong> que j&rsquo;ai vus :<\/p>\n<ul>\n<li><em>Spider-Man : Into the SpiderVerse<\/em> de\u00a0Peter Ramsey, Bob Persichetti et Rodney Rothman : un gros choc visuel au service d&rsquo;une histoire qui a du c\u0153ur, une grande r\u00e9ussite.<\/li>\n<li><em>Klaus <\/em>de Sergio Pablos : le petit bijou de la fin de l&rsquo;ann\u00e9e, c&rsquo;est dr\u00f4le et touchant et beau \u00e0 la fois, \u00e7a m&rsquo;\u00e9voque l&rsquo;humour de Kuzco l&#8217;empereur m\u00e9galo, bref j&rsquo;ai pass\u00e9 un bon moment.<\/li>\n<li><em>We are the Champions<\/em> : l&rsquo;\u00e9pisode sur la course au fromage. Si vous ne connaissez pas la course au fromage de Brockworth (\u00e0 laquelle je r\u00eave d&rsquo;assister depuis mes 12 ans), regardez imm\u00e9diatement ce documentaire sur Netflix. J&rsquo;ai ri, j&rsquo;ai fr\u00e9mi, j&rsquo;ai applaudi, j&rsquo;ai pass\u00e9 un excellent moment.<\/li>\n<\/ul>\n<p>Au niveau musical&#8230; c&rsquo;est un peu le d\u00e9sert en 2020, j&rsquo;ai tr\u00e8s peu \u00e9cout\u00e9 de musique et certainement pas de nouveaut\u00e9s. J&rsquo;ai certes d\u00e9couvert les groupes Billy Talent et The Blue Stones, mais j&rsquo;ai surtout red\u00e9couvert D\u00e9p\u00eache Mode, Fleetwood Mac, The Strokes, The Cure, Joy Division&#8230; Je m&rsquo;aper\u00e7ois que mon ann\u00e9e aura \u00e9t\u00e9 tr\u00e8s ann\u00e9es 1980. Je retrouve le plaisir de chiner des CD pour les \u00e9couter en voiture. Mais le vrai \u00e9v\u00e9nement musical marquant de cette ann\u00e9e, c&rsquo;est la <strong>red\u00e9couverte de Beethoven<\/strong> et de ses symphonies. C&rsquo;est bien simple, je ne me remets pas du premier mouvement de la Cinqui\u00e8me symphonie, la perfection incarn\u00e9e. J&rsquo;en profite d&rsquo;ailleurs pour partager avec vous la cha\u00eene de <strong>smalin<\/strong>, qui propose une repr\u00e9sentation visuelle de morceaux classiques que je trouve absolument g\u00e9niale :<\/p>\n<p><span class=\"embed-youtube\" style=\"text-align:center; display: block;\"><iframe loading=\"lazy\" class=\"youtube-player\" width=\"640\" height=\"360\" src=\"https:\/\/www.youtube.com\/embed\/rRgXUFnfKIY?version=3&#038;rel=1&#038;showsearch=0&#038;showinfo=1&#038;iv_load_policy=1&#038;fs=1&#038;hl=fr-FR&#038;autohide=2&#038;wmode=transparent\" allowfullscreen=\"true\" style=\"border:0;\" sandbox=\"allow-scripts allow-same-origin allow-popups allow-presentation\"><\/iframe><\/span><\/p>\n<h2><span style=\"color: #000080;\">Vos chroniques pr\u00e9f\u00e9r\u00e9es en 2020<\/span><\/h2>\n<ul>\n<li>Pour la quatri\u00e8me ann\u00e9e cons\u00e9cutive, c\u2019est mon vieux billet sur les <a href=\"https:\/\/arpenterlechemin.com\/index.php\/2016\/10\/31\/top-5-des-endroits-secrets-a-lyon-2\/\">endroits secrets \u00e0 Lyon<\/a> qui arrive en t\u00eate, propuls\u00e9 au sommet du classement par des mots-cl\u00e9s douteux.<\/li>\n<li>Il est suivi de pr\u00e8s par ce <strong>billet consacr\u00e9 \u00e0 l&rsquo;immigration<\/strong> : <a href=\"https:\/\/arpenterlechemin.com\/index.php\/2020\/04\/13\/vie-quotidienne-moncton\/\">La vie \u00e0 Moncton en comparaison \u00e0 d&rsquo;autres villes canadiennes<\/a>, qui je l&rsquo;esp\u00e8re, apporte des r\u00e9ponses \u00e0 ceux qui se t\u00e2tent \u00e0 s&rsquo;installer \u00e0 Moncton. On murmure m\u00eame qu&rsquo;<a href=\"https:\/\/julieunefois.be\/\">une blogueuse de ma connaissance<\/a> aurait d\u00e9m\u00e9nag\u00e9 du Yukon \u00e0 Moncton apr\u00e8s l&rsquo;avoir lu&#8230;<\/li>\n<li>La <strong>Gasp\u00e9sie<\/strong> \u00e9tait la destination de l&rsquo;\u00e9t\u00e9 chez les Qu\u00e9b\u00e9cois et cela s&rsquo;est vu chez mon<a href=\"https:\/\/arpenterlechemin.com\/index.php\/2018\/07\/24\/road-trip-gaspesie\/\">\u00a0itin\u00e9raire d\u2019une semaine de road-trip en Gasp\u00e9sie<\/a> a cartonn\u00e9 en cons\u00e9quence. Un succ\u00e8s bien m\u00e9rit\u00e9 pour une destination inoubliable.<\/li>\n<li>Les vieilles pierres ont toujours la cote et <a href=\"https:\/\/arpenterlechemin.com\/index.php\/2018\/05\/30\/villages-historiques-aveyron\/\">les villages historiques autour de Millau<\/a> aussi, alors que l&rsquo;Aveyron est id\u00e9al pour un s\u00e9jour o\u00f9 on peut garder ses distances.<\/li>\n<li><strong>Tel une chanson de No\u00ebl de Mariah Carey<\/strong>, ce billet fait g\u00e9n\u00e9ralement son retour \u00e0 l&rsquo;approche de l&rsquo;hiver : <a href=\"https:\/\/arpenterlechemin.com\/index.php\/2018\/11\/06\/valise-canada\/\">Comment s\u2019habiller pour venir au Canada<\/a>. Je suis un peu perplexe de son succ\u00e8s puisque les liaisons a\u00e9riennes avec le Canada sont r\u00e9duites \u00e0 peau de chagrin, sans m\u00eame parler du tourisme inexistant, mais les voies d&rsquo;Internet sont imp\u00e9n\u00e9trables.<\/li>\n<li>Faute de pouvoir voyager en personne, <strong>voyager par la litt\u00e9rature<\/strong> est toujours une bonne id\u00e9e : <a href=\"https:\/\/arpenterlechemin.com\/index.php\/2019\/11\/08\/livres-pour-voyager\/\">Sept livres qui font voya<\/a>ger vous propose des classiques de la litt\u00e9rature de voyage.<\/li>\n<li>Que n&rsquo;a-t-on pas dit sur <strong>Lyon<\/strong> ? Pour d\u00e9couvrir des lieux qui changent de l&rsquo;ordinaire, <a href=\"https:\/\/arpenterlechemin.com\/index.php\/2019\/10\/09\/lyon-insolite\/\">Lyon insolite et secr\u00e8te<\/a> vous propose des recoins que j&rsquo;affectionne particuli\u00e8rement dans cette Capitale des Gaules o\u00f9 j&rsquo;ai pass\u00e9 12 ans.<\/li>\n<li>Cette ann\u00e9e, les destinations fran\u00e7aises sont \u00e9videmment courues, et je ne peux qu&rsquo;approuver l&rsquo;int\u00e9r\u00eat que vous avez port\u00e9 \u00e0 <a href=\"https:\/\/arpenterlechemin.com\/index.php\/2019\/04\/23\/france-escapade-provence\/\">Saint-R\u00e9my de Provence et les villages alentour<\/a>, une valeur s\u00fbre aux portes d&rsquo;Arles.<\/li>\n<li>Quelle meilleure occasion qu&rsquo;une pand\u00e9mie pour se lancer dans la #<strong>vanlife<\/strong> ? Vous \u00eates toujours nombreux \u00e0 chercher \u00e0 <a href=\"https:\/\/arpenterlechemin.com\/index.php\/2017\/05\/29\/retaper-son-van-episode-1-bien-choisir-son-van\/\">Bien choisir son van<\/a>, et moi-m\u00eame, je me t\u00e2te \u00e0 racheter un van pour l&rsquo;\u00e9t\u00e9 prochain.<\/li>\n<li>Je suis ravie de voir appara\u00eetre la <strong>Haute-Savoie<\/strong> dans ce classement, avec mes conseils pour d\u00e9couvrir <a href=\"https:\/\/arpenterlechemin.com\/index.php\/2019\/04\/01\/annecy-escapade\/\">Annecy sans voiture.<\/a><\/li>\n<\/ul>\n<p><img decoding=\"async\" loading=\"lazy\" class=\"aligncenter size-full wp-image-9398\" src=\"https:\/\/arpenterlechemin.com\/wp-content\/uploads\/2020\/07\/Sackville-maison-octogonale-Boultenhouse-infos-pratiques-Nouveau-Brunswick-blog-voyage-canada-scaled.jpg\" alt=\"Sackville maison octogonale Boultenhouse infos pratiques Nouveau-Brunswick blog voyage canada\" width=\"2560\" height=\"1440\" srcset=\"https:\/\/arpenterlechemin.com\/wp-content\/uploads\/2020\/07\/Sackville-maison-octogonale-Boultenhouse-infos-pratiques-Nouveau-Brunswick-blog-voyage-canada-scaled.jpg 2560w, https:\/\/arpenterlechemin.com\/wp-content\/uploads\/2020\/07\/Sackville-maison-octogonale-Boultenhouse-infos-pratiques-Nouveau-Brunswick-blog-voyage-canada-690x388.jpg 690w, https:\/\/arpenterlechemin.com\/wp-content\/uploads\/2020\/07\/Sackville-maison-octogonale-Boultenhouse-infos-pratiques-Nouveau-Brunswick-blog-voyage-canada-1040x585.jpg 1040w, https:\/\/arpenterlechemin.com\/wp-content\/uploads\/2020\/07\/Sackville-maison-octogonale-Boultenhouse-infos-pratiques-Nouveau-Brunswick-blog-voyage-canada-500x280.jpg 500w, https:\/\/arpenterlechemin.com\/wp-content\/uploads\/2020\/07\/Sackville-maison-octogonale-Boultenhouse-infos-pratiques-Nouveau-Brunswick-blog-voyage-canada-768x432.jpg 768w, https:\/\/arpenterlechemin.com\/wp-content\/uploads\/2020\/07\/Sackville-maison-octogonale-Boultenhouse-infos-pratiques-Nouveau-Brunswick-blog-voyage-canada-1536x864.jpg 1536w, https:\/\/arpenterlechemin.com\/wp-content\/uploads\/2020\/07\/Sackville-maison-octogonale-Boultenhouse-infos-pratiques-Nouveau-Brunswick-blog-voyage-canada-2048x1152.jpg 2048w\" sizes=\"(max-width: 2560px) 100vw, 2560px\" \/><\/p>\n<p style=\"text-align: center;\"><em>Sackville, escapade tranquille dans le sud du Nouveau-Brunswick<\/em><\/p>\n<h2><span style=\"color: #000080;\">Bilan professionnel pour le blog<\/span><\/h2>\n<p>Qui eut cru que <strong>2020 serait litt\u00e9ralement ma meilleure ann\u00e9e en termes de partenariats<\/strong> ? Entre <strong>Sackville<\/strong>, l&rsquo;office du tourisme de la <strong>Nouvelle-\u00c9cosse<\/strong> et la <strong>R\u00e9gion Chaleur<\/strong>, je suis partie trois fois en voyage promotionnel, dont deux fois r\u00e9mun\u00e9r\u00e9e et une fois en \u00e9change de bons proc\u00e9d\u00e9s pour un total de 2500 $ en honoraires et l&rsquo;\u00e9quivalent de 1000 $ en gratuit\u00e9s. Bien \u00e9videmment, le fait d&rsquo;\u00eatre la seule blogueuse de voyage francophone de la bulle atlantique a \u00e9norm\u00e9ment jou\u00e9 en ma faveur, mais le r\u00e9sultat est le m\u00eame, non ?\u00a0 Vous comprendrez que faire 14 jours de quarantaine pour un voyage de presse n&rsquo;\u00e9tait pas r\u00e9aliste pour la plupart des blogueurs de l&rsquo;ext\u00e9rieur&#8230; et que j&rsquo;ai tir\u00e9 partie de ma pr\u00e9sence sur ce territoire.<\/p>\n<p>Du c\u00f4t\u00e9 des <strong>statistiques<\/strong>, ce qui aurait d\u00fb \u00eatre une ann\u00e9e formidable au vu des r\u00e9sultats en 2019 s&rsquo;est av\u00e9r\u00e9e \u00e9videmment une d\u00e9ception relative, avec deux effondrements compr\u00e9hensibles au printemps et \u00e0 l&rsquo;automne. Je suis n\u00e9anmoins ravie de constater que mon trafic a quasiment d\u00e9cupl\u00e9 depuis 2017, avec un bond interstellaire <strong>de 19 000 vues en 2017 \u00e0 172 000 en 2020<\/strong> et ce, malgr\u00e9 seulement 33 billets publi\u00e9s cette ann\u00e9e. En corollaire, Les revenus tir\u00e9s de l&rsquo;affiliation se sont \u00e9videmment effondr\u00e9s, et je n&rsquo;ai gagn\u00e9 que <strong>270 \u20ac gr\u00e2ce \u00e0 Booking<\/strong> et <strong>40 \u20ac gr\u00e2ce \u00e0 Amazon<\/strong> (somme qui repr\u00e9sente l&rsquo;ensemble de mes revenus sur cette plateforme depuis&#8230; 2019. Bon. Il est temps de d\u00e9gager ces liens, je crois).<\/p>\n<p>Parlons-en, des billets publi\u00e9s. <strong>Cette ann\u00e9e est sans doute celle dont je suis la moins fi\u00e8re pour mon blog.<\/strong> L&rsquo;envie d&rsquo;\u00e9crire est intimement li\u00e9e \u00e0 l&rsquo;exaltation de la d\u00e9couverte, \u00e0 l&rsquo;\u00e9lan que procure une plong\u00e9e dans l&rsquo;inconnu, si br\u00e8ve soit-elle. Et aussi au fait de savoir qu&rsquo;on sera lu &#8211; crier dans le d\u00e9sert n&rsquo;a jamais trop \u00e9t\u00e9 ma tasse de th\u00e9, j&rsquo;aime savoir que je peux transmettre une \u00e9motion ou une envie de voyager \u00e0 des lectrices. Cette ann\u00e9e, pas grand chose de tout \u00e7a. <strong>L&rsquo;envie d&rsquo;\u00e9crire s&rsquo;est \u00e9vanouie quelque part en mars<\/strong>, raviv\u00e9e bri\u00e8vement \u00e0 la faveur de mes escapades et voyages de presse. J&rsquo;ai tent\u00e9 un format diff\u00e9rent, des billets plus courts sur des lieux d&rsquo;int\u00e9r\u00eat plus local. J&rsquo;ai tent\u00e9 d&rsquo;approfondir des billets pr\u00e9c\u00e9dents, ou au contraire de compiler des itin\u00e9raires \u00e0 partir d&rsquo;autres billets. Rien n&rsquo;y a fait, je me suis forc\u00e9e comme jamais, et \u00e7a s&rsquo;est s\u00fbrement ressenti. Comme je disais plus haut, je suis une cr\u00e9ature routini\u00e8re et si j&rsquo;abandonne quelque chose, j&rsquo;ai \u00e9norm\u00e9ment de mal \u00e0 m&rsquo;y remettre. Pourtant, cette fois, rester dans l&rsquo;habitude du blog n&rsquo;a pas vraiment donn\u00e9 grand-chose et<strong> si j&rsquo;ai une r\u00e9solution pour ce blog en 2021, c&rsquo;est de retrouver la passion \u00e0 la faveur de billets plus longs, moins fr\u00e9quents peut-\u00eatre, mais plus int\u00e9ressants pour vous.<\/strong><\/p>\n<p><img decoding=\"async\" loading=\"lazy\" class=\"aligncenter size-full wp-image-9737\" src=\"https:\/\/arpenterlechemin.com\/wp-content\/uploads\/2020\/09\/St-Martins-Fundy-Trail-Parkway-randonn\u00e9e-plage-Seely-blog-voyage-Canada-arpenter-le-chemin-scaled.jpg\" alt=\"St Martins Fundy Trail Parkway randonn\u00e9e plage Seely blog voyage Canada arpenter le chemin\" width=\"2560\" height=\"1440\" \/><\/p>\n<h2><span style=\"color: #000080;\">Bilan personnel<\/span><\/h2>\n<p>Au niveau de mon <strong>activit\u00e9 de traductrice<\/strong>, 2020 a \u00e9t\u00e9 semblable \u00e0 2019 en termes de chiffres d&rsquo;affaire global, m\u00eame si la part d\u00e9volue \u00e0 la traduction a baiss\u00e9 &#8211; la plupart de mes clients \u00e9tant en France, vous comprendrez que c&rsquo;\u00e9tait un peu d\u00e9licat cette ann\u00e9e, entre vos multiples confinements et la crise \u00e9conomique. Heureusement, un client anglais m&rsquo;a sauv\u00e9 la mise. Quant \u00e0 la traduction litt\u00e9raire, c&rsquo;\u00e9tait le grand vide en 2020 hormis deux titres (<a href=\"https:\/\/pyramyd-editions.com\/products\/mini-tatouages\">Mini-tatouages<\/a> de Rebecca Vincent aux \u00e9ditions Pyramyd, et <a href=\"https:\/\/www.glenat.com\/histoire\/quand-le-passe-reprend-vie-en-couleurs-9782344044810\">Quand le pass\u00e9 reprend vie en couleurs<\/a> de Jordan Lloyd et Wolfgang Wild chez Gl\u00e9nat).<\/p>\n<p><strong>Le blog et des missions de r\u00e9daction sont venus compl\u00e9ter le reste.<\/strong> Avoir d\u00e9croch\u00e9 deux missions r\u00e9mun\u00e9r\u00e9es par le blog est une r\u00e9ussite, mais<strong> la plus grande fiert\u00e9 de cette ann\u00e9e, c&rsquo;est sans doute d&rsquo;avoir<\/strong> <strong>travaill\u00e9 \u00e0 la traduction en fran\u00e7ais du site<\/strong> <a href=\"http:\/\/www.hikingnb.ca\">Hiking NB<\/a>, la r\u00e9f\u00e9rence en mati\u00e8re de randonn\u00e9e au Nouveau-Brunswick. Si vous ne le connaissez pas, il s&rsquo;agit d&rsquo;un r\u00e9pertoire des sentiers de randonn\u00e9e tenu par un passionn\u00e9, James Donald, au fil de ses d\u00e9couvertes. Pas moins de 480 sentiers sont r\u00e9pertori\u00e9s et la liste va croissant. Par un concours de circonstances ph\u00e9nom\u00e9nal mis en branle par un message Facebook sans aucun rapport avec la traduction, je me suis vue confier la traduction de dizaines de sentiers parmi les plus populaires, que vous pourrez d\u00e9couvrir d&rsquo;ici peu. Vous m&rsquo;en direz des nouvelles !<\/p>\n<p>Un constat de cette ann\u00e9e, dans le droit prolongement des constats des ann\u00e9es pr\u00e9c\u00e9dentes, c&rsquo;est qu&rsquo;<strong>\u00eatre pr\u00e9sent physiquement et r\u00e9guli\u00e8rement au m\u00eame endroit semble ouvrir bien des portes au niveau professionnel.<\/strong> C&rsquo;est ainsi \u00e7a qu&rsquo;on appelle le r\u00e9seautage ? Loin des salons pros au r\u00e9seautage agressif, simplement aller souvent \u00e0 un espace de coworking et \u00eatre disponible a grandement contribu\u00e9 \u00e0 m&rsquo;ouvrir quelques pistes professionnellement. Apr\u00e8s 13 ans \u00e0 d\u00e9marcher uniquement en ligne, c&rsquo;est un exercice nouveau et passionnant, qui coule peut-\u00eatre de source pour vous, mais une r\u00e9v\u00e9lation pour moi. Il \u00e9tait temps ! En 2020, je dois cumuler dix semaines non travaill\u00e9es, par choix ou non, une dur\u00e9e classique pour moi.<\/p>\n<p><img decoding=\"async\" loading=\"lazy\" class=\"aligncenter size-full wp-image-9864\" src=\"https:\/\/arpenterlechemin.com\/wp-content\/uploads\/2020\/11\/Poley-Mountain-couleurs-dautomne-Nouveau-Brunswick-Canada-blog-voyage-Arpenter-le-chemin-scaled.jpg\" alt=\"Poley Mountain couleurs d'automne Nouveau-Brunswick Canada blog voyage Arpenter le chemin\" width=\"2560\" height=\"1440\" srcset=\"https:\/\/arpenterlechemin.com\/wp-content\/uploads\/2020\/11\/Poley-Mountain-couleurs-dautomne-Nouveau-Brunswick-Canada-blog-voyage-Arpenter-le-chemin-scaled.jpg 2560w, https:\/\/arpenterlechemin.com\/wp-content\/uploads\/2020\/11\/Poley-Mountain-couleurs-dautomne-Nouveau-Brunswick-Canada-blog-voyage-Arpenter-le-chemin-690x388.jpg 690w, https:\/\/arpenterlechemin.com\/wp-content\/uploads\/2020\/11\/Poley-Mountain-couleurs-dautomne-Nouveau-Brunswick-Canada-blog-voyage-Arpenter-le-chemin-1040x585.jpg 1040w, https:\/\/arpenterlechemin.com\/wp-content\/uploads\/2020\/11\/Poley-Mountain-couleurs-dautomne-Nouveau-Brunswick-Canada-blog-voyage-Arpenter-le-chemin-500x280.jpg 500w, https:\/\/arpenterlechemin.com\/wp-content\/uploads\/2020\/11\/Poley-Mountain-couleurs-dautomne-Nouveau-Brunswick-Canada-blog-voyage-Arpenter-le-chemin-768x432.jpg 768w, https:\/\/arpenterlechemin.com\/wp-content\/uploads\/2020\/11\/Poley-Mountain-couleurs-dautomne-Nouveau-Brunswick-Canada-blog-voyage-Arpenter-le-chemin-1536x864.jpg 1536w, https:\/\/arpenterlechemin.com\/wp-content\/uploads\/2020\/11\/Poley-Mountain-couleurs-dautomne-Nouveau-Brunswick-Canada-blog-voyage-Arpenter-le-chemin-2048x1152.jpg 2048w\" sizes=\"(max-width: 2560px) 100vw, 2560px\" \/><\/p>\n<p>Pour ce qui est du bilan de mes voyages,<strong> loin de moi l&rsquo;id\u00e9e de vous jouer du pipeau sur l&rsquo;air \u00ab\u00a0finalement qu&rsquo;on est bien chez nous\u00a0\u00bb.<\/strong> Oui, j&rsquo;ai aim\u00e9 red\u00e9couvrir Grand Manan et d\u00e9couvrir la bulle atlantique, et oui, j&rsquo;aurais pr\u00e9f\u00e9r\u00e9 \u00eatre au Chili ou en Australie. Oui, j&rsquo;ai appr\u00e9ci\u00e9 de me concentrer sur mon potager, mon tricot et mes dessins, et oui, je me sens aussi d\u00e9sempar\u00e9e. Faire bon c\u0153ur contre mauvaise fortune n&#8217;emp\u00eache pas d&rsquo;avoir des regrets. C&rsquo;est peut-\u00eatre l&rsquo;effet \u00ab\u00a0deuxi\u00e8me vague\u00a0\u00bb qui parle, c&rsquo;est peut-\u00eatre l&rsquo;effet de ces troisi\u00e8mes f\u00eates de fin d&rsquo;ann\u00e9e que je passe loin des miens, mais je ne peux m&#8217;emp\u00eacher de ressentir une grande vacuit\u00e9 en ce moment, d\u00e9poss\u00e9d\u00e9e de ce qui donnait du sel \u00e0 ma vie. <strong>C&rsquo;est un excellent exercice bouddhiste, cette covid,<\/strong> \u00e0 nous montrer une vie o\u00f9 jour apr\u00e8s jour apr\u00e8s jour apr\u00e8s jour se ressemblent.<\/p>\n<p>Qu&rsquo;est-ce qu&rsquo;on fait, quand la covid se met en travers de nos projets de vie, pas seulement de vos projets \u00e0 court terme ? En ce qui me concerne, je n&rsquo;ai jamais eu que deux ambitions : <strong>voyager, puis me retirer du monde <\/strong>pour vivre en autarcie entour\u00e9e de livres, d&rsquo;animaux et de dessins au milieu de la nature. Je me sens oblig\u00e9e de revoir mes priorit\u00e9s. Je n&rsquo;ai pas termin\u00e9 cette r\u00e9flexion. Je ne veux pas terminer cette r\u00e9flexion, d\u00e9cider une fois pour toutes d&rsquo;une orientation. L&rsquo;arriv\u00e9e du vaccin me redonne de l&rsquo;espoir mais je sens qu&rsquo;il y a un deuil \u00e0 faire, qu&rsquo;une \u00e9poque de voyage quasi-insouciant est finie. \u00c0 suivre&#8230;<\/p>\n<p><img decoding=\"async\" loading=\"lazy\" class=\"aligncenter size-full wp-image-9733\" src=\"https:\/\/arpenterlechemin.com\/wp-content\/uploads\/2020\/09\/Verre-de-mer-baie-de-Fundy-Nouveau-Brunswick-scaled.jpg\" alt=\"Verre de mer baie de Fundy Nouveau-Brunswick\" width=\"2560\" height=\"1440\" \/><\/p>\n<p>Apr\u00e8s toutes ces j\u00e9r\u00e9miades de fille privil\u00e9gi\u00e9e,<strong> je tenais \u00e0 vous remercier d&rsquo;\u00eatre toujours l\u00e0.<\/strong> <strong>Merci de me lire<\/strong>, d&rsquo;\u00e9changer sur les r\u00e9seaux sociaux, de me laisser des commentaires m\u00eame si je n&rsquo;y r\u00e9ponds pas r\u00e9guli\u00e8rement. <strong>Merci de me soutenir et de me donner une raison de tenir ce blog<\/strong>. J&rsquo;esp\u00e8re que le bilan que vous tirez de 2020 est moins amer que le mien, que vous regardez l&rsquo;avenir avec optimisme. Je vous envoie tous mes meilleurs v\u0153ux et \u00e0 d\u00e9faut de vous souhaiter une \u00ab\u00a0bonne\u00a0\u00bb ann\u00e9e 2021, je nous souhaite \u00e0 toutes une ann\u00e9e moins pourrie que 2020 !<\/p>\n<p><em>Et vous, quel bilan tirez-vous de 2020 ? Tirez-vous du positif de cette ann\u00e9e ou avez-vous h\u00e2te de passer \u00e0 autre chose ? Je vous attends dans les commentaires !<\/em><\/p>\n","protected":false},"excerpt":{"rendered":"<p>Nous voici fin d\u00e9cembre, c&rsquo;est l&rsquo;heure des r\u00e9trospectives. Que dire de pertinent de 2020 quand on tient un blog de voyage ? J&rsquo;aurais pu vous faire le coup de la r\u00e9trospective-gag, avec une photo de mon canap\u00e9 et c&rsquo;est tout. J&rsquo;aurais pu ne rien faire du tout, faire comme si cette ann\u00e9e n&rsquo;avait pas exist\u00e9 &#8211; apr\u00e8s tout, on a tous tendance \u00e0 tenter d&rsquo;enfouir les traumatismes et 2020 en sera un, un immense traumatisme collectif. Je pourrais vous faire une r\u00e9trospective de non-voyages, comme on f\u00eate son non-anniversaire ; <\/p>\n","protected":false},"author":1,"featured_media":9945,"comment_status":"open","ping_status":"open","sticky":false,"template":"","format":"standard","meta":{"jetpack_post_was_ever_published":false},"categories":[1],"tags":[42,457,714,331,712,448],"yoast_head":"<!-- This site is optimized with the Yoast SEO plugin v20.7 - https:\/\/yoast.com\/wordpress\/plugins\/seo\/ -->\n<title>Ma r\u00e9trospective de non-voyages \/\/ 2020<\/title>\n<meta name=\"description\" content=\"\u00c0 quoi ressemble une ann\u00e9e dans la vie d&#039;une voyageuse qui n&#039;a pas voyag\u00e9 ? R\u00e9trospective des (non-voyages) de mon ann\u00e9e 2020 !\" \/>\n<meta name=\"robots\" content=\"index, follow, max-snippet:-1, max-image-preview:large, max-video-preview:-1\" \/>\n<link rel=\"canonical\" href=\"https:\/\/arpenterlechemin.com\/index.php\/2020\/12\/31\/retrospective-voyage-2020\/\" \/>\n<meta property=\"og:locale\" content=\"fr_FR\" \/>\n<meta property=\"og:type\" content=\"article\" \/>\n<meta property=\"og:title\" content=\"Ma r\u00e9trospective de non-voyages \/\/ 2020\" \/>\n<meta property=\"og:description\" content=\"\u00c0 quoi ressemble une ann\u00e9e dans la vie d&#039;une voyageuse qui n&#039;a pas voyag\u00e9 ? R\u00e9trospective des (non-voyages) de mon ann\u00e9e 2020 !\" \/>\n<meta property=\"og:url\" content=\"https:\/\/arpenterlechemin.com\/index.php\/2020\/12\/31\/retrospective-voyage-2020\/\" \/>\n<meta property=\"og:site_name\" content=\"Arpenter le chemin\" \/>\n<meta property=\"article:published_time\" content=\"2020-12-31T06:24:28+00:00\" \/>\n<meta property=\"article:modified_time\" content=\"2021-01-04T18:21:28+00:00\" \/>\n<meta property=\"og:image\" content=\"https:\/\/arpenterlechemin.com\/wp-content\/uploads\/2020\/12\/2020-r\u00e9trospective-voyages.jpg\" \/>\n\t<meta property=\"og:image:width\" content=\"1040\" \/>\n\t<meta property=\"og:image:height\" content=\"585\" \/>\n\t<meta property=\"og:image:type\" content=\"image\/jpeg\" \/>\n<meta name=\"author\" content=\"Audrey\" \/>\n<meta name=\"twitter:card\" content=\"summary_large_image\" \/>\n<meta name=\"twitter:label1\" content=\"\u00c9crit par\" \/>\n\t<meta name=\"twitter:data1\" content=\"Audrey\" \/>\n\t<meta name=\"twitter:label2\" content=\"Dur\u00e9e de lecture estim\u00e9e\" \/>\n\t<meta name=\"twitter:data2\" content=\"32 minutes\" \/>\n<script type=\"application\/ld+json\" class=\"yoast-schema-graph\">{\"@context\":\"https:\/\/schema.org\",\"@graph\":[{\"@type\":\"Article\",\"@id\":\"https:\/\/arpenterlechemin.com\/index.php\/2020\/12\/31\/retrospective-voyage-2020\/#article\",\"isPartOf\":{\"@id\":\"https:\/\/arpenterlechemin.com\/index.php\/2020\/12\/31\/retrospective-voyage-2020\/\"},\"author\":{\"name\":\"Audrey\",\"@id\":\"https:\/\/arpenterlechemin.com\/#\/schema\/person\/1d187818c0988fbea4d682c1e59c795c\"},\"headline\":\"Ma r\u00e9trospective de non-voyages \/\/ 2020\",\"datePublished\":\"2020-12-31T06:24:28+00:00\",\"dateModified\":\"2021-01-04T18:21:28+00:00\",\"mainEntityOfPage\":{\"@id\":\"https:\/\/arpenterlechemin.com\/index.php\/2020\/12\/31\/retrospective-voyage-2020\/\"},\"wordCount\":6741,\"commentCount\":6,\"publisher\":{\"@id\":\"https:\/\/arpenterlechemin.com\/#organization\"},\"keywords\":[\"canada\",\"nb\",\"nouvelle-brunswick\",\"nouvelle-\u00e9cosse\",\"ns\",\"r\u00e9trospective\"],\"articleSection\":[\"Blog\"],\"inLanguage\":\"fr-FR\",\"potentialAction\":[{\"@type\":\"CommentAction\",\"name\":\"Comment\",\"target\":[\"https:\/\/arpenterlechemin.com\/index.php\/2020\/12\/31\/retrospective-voyage-2020\/#respond\"]}]},{\"@type\":\"WebPage\",\"@id\":\"https:\/\/arpenterlechemin.com\/index.php\/2020\/12\/31\/retrospective-voyage-2020\/\",\"url\":\"https:\/\/arpenterlechemin.com\/index.php\/2020\/12\/31\/retrospective-voyage-2020\/\",\"name\":\"Ma r\u00e9trospective de non-voyages \/\/ 2020\",\"isPartOf\":{\"@id\":\"https:\/\/arpenterlechemin.com\/#website\"},\"datePublished\":\"2020-12-31T06:24:28+00:00\",\"dateModified\":\"2021-01-04T18:21:28+00:00\",\"description\":\"\u00c0 quoi ressemble une ann\u00e9e dans la vie d'une voyageuse qui n'a pas voyag\u00e9 ? R\u00e9trospective des (non-voyages) de mon ann\u00e9e 2020 !\",\"breadcrumb\":{\"@id\":\"https:\/\/arpenterlechemin.com\/index.php\/2020\/12\/31\/retrospective-voyage-2020\/#breadcrumb\"},\"inLanguage\":\"fr-FR\",\"potentialAction\":[{\"@type\":\"ReadAction\",\"target\":[\"https:\/\/arpenterlechemin.com\/index.php\/2020\/12\/31\/retrospective-voyage-2020\/\"]}]},{\"@type\":\"BreadcrumbList\",\"@id\":\"https:\/\/arpenterlechemin.com\/index.php\/2020\/12\/31\/retrospective-voyage-2020\/#breadcrumb\",\"itemListElement\":[{\"@type\":\"ListItem\",\"position\":1,\"name\":\"Home\",\"item\":\"https:\/\/arpenterlechemin.com\/\"},{\"@type\":\"ListItem\",\"position\":2,\"name\":\"Ma r\u00e9trospective de non-voyages \/\/ 2020\"}]},{\"@type\":\"WebSite\",\"@id\":\"https:\/\/arpenterlechemin.com\/#website\",\"url\":\"https:\/\/arpenterlechemin.com\/\",\"name\":\"Arpenter le chemin\",\"description\":\"\",\"publisher\":{\"@id\":\"https:\/\/arpenterlechemin.com\/#organization\"},\"potentialAction\":[{\"@type\":\"SearchAction\",\"target\":{\"@type\":\"EntryPoint\",\"urlTemplate\":\"https:\/\/arpenterlechemin.com\/?s={search_term_string}\"},\"query-input\":\"required name=search_term_string\"}],\"inLanguage\":\"fr-FR\"},{\"@type\":\"Organization\",\"@id\":\"https:\/\/arpenterlechemin.com\/#organization\",\"name\":\"Arpenter le chemin\",\"url\":\"https:\/\/arpenterlechemin.com\/\",\"logo\":{\"@type\":\"ImageObject\",\"inLanguage\":\"fr-FR\",\"@id\":\"https:\/\/arpenterlechemin.com\/#\/schema\/logo\/image\/\",\"url\":\"https:\/\/arpenterlechemin.com\/wp-content\/uploads\/2017\/04\/icone-4.jpg\",\"contentUrl\":\"https:\/\/arpenterlechemin.com\/wp-content\/uploads\/2017\/04\/icone-4.jpg\",\"width\":150,\"height\":73,\"caption\":\"Arpenter le chemin\"},\"image\":{\"@id\":\"https:\/\/arpenterlechemin.com\/#\/schema\/logo\/image\/\"}},{\"@type\":\"Person\",\"@id\":\"https:\/\/arpenterlechemin.com\/#\/schema\/person\/1d187818c0988fbea4d682c1e59c795c\",\"name\":\"Audrey\",\"image\":{\"@type\":\"ImageObject\",\"inLanguage\":\"fr-FR\",\"@id\":\"https:\/\/arpenterlechemin.com\/#\/schema\/person\/image\/\",\"url\":\"https:\/\/secure.gravatar.com\/avatar\/b75298f64c73f1709976c50921beae6a?s=96&d=mm&r=g\",\"contentUrl\":\"https:\/\/secure.gravatar.com\/avatar\/b75298f64c73f1709976c50921beae6a?s=96&d=mm&r=g\",\"caption\":\"Audrey\"},\"description\":\"Allergique \u00e0 la routine, atteinte de bougeotte aigu\u00eb, j'essaie de m'envoler aussi souvent que possible, seule, en couple ou entre amis ! Ville, nature, culture, rando... tout me va, \u00e0 partir du moment o\u00f9 je suis dehors.\",\"url\":\"https:\/\/arpenterlechemin.com\/index.php\/author\/audreyf\/\"}]}<\/script>\n<!-- \/ Yoast SEO plugin. -->","yoast_head_json":{"title":"Ma r\u00e9trospective de non-voyages \/\/ 2020","description":"\u00c0 quoi ressemble une ann\u00e9e dans la vie d'une voyageuse qui n'a pas voyag\u00e9 ? R\u00e9trospective des (non-voyages) de mon ann\u00e9e 2020 !","robots":{"index":"index","follow":"follow","max-snippet":"max-snippet:-1","max-image-preview":"max-image-preview:large","max-video-preview":"max-video-preview:-1"},"canonical":"https:\/\/arpenterlechemin.com\/index.php\/2020\/12\/31\/retrospective-voyage-2020\/","og_locale":"fr_FR","og_type":"article","og_title":"Ma r\u00e9trospective de non-voyages \/\/ 2020","og_description":"\u00c0 quoi ressemble une ann\u00e9e dans la vie d'une voyageuse qui n'a pas voyag\u00e9 ? R\u00e9trospective des (non-voyages) de mon ann\u00e9e 2020 !","og_url":"https:\/\/arpenterlechemin.com\/index.php\/2020\/12\/31\/retrospective-voyage-2020\/","og_site_name":"Arpenter le chemin","article_published_time":"2020-12-31T06:24:28+00:00","article_modified_time":"2021-01-04T18:21:28+00:00","og_image":[{"width":1040,"height":585,"url":"https:\/\/arpenterlechemin.com\/wp-content\/uploads\/2020\/12\/2020-r\u00e9trospective-voyages.jpg","type":"image\/jpeg"}],"author":"Audrey","twitter_card":"summary_large_image","twitter_misc":{"\u00c9crit par":"Audrey","Dur\u00e9e de lecture estim\u00e9e":"32 minutes"},"schema":{"@context":"https:\/\/schema.org","@graph":[{"@type":"Article","@id":"https:\/\/arpenterlechemin.com\/index.php\/2020\/12\/31\/retrospective-voyage-2020\/#article","isPartOf":{"@id":"https:\/\/arpenterlechemin.com\/index.php\/2020\/12\/31\/retrospective-voyage-2020\/"},"author":{"name":"Audrey","@id":"https:\/\/arpenterlechemin.com\/#\/schema\/person\/1d187818c0988fbea4d682c1e59c795c"},"headline":"Ma r\u00e9trospective de non-voyages \/\/ 2020","datePublished":"2020-12-31T06:24:28+00:00","dateModified":"2021-01-04T18:21:28+00:00","mainEntityOfPage":{"@id":"https:\/\/arpenterlechemin.com\/index.php\/2020\/12\/31\/retrospective-voyage-2020\/"},"wordCount":6741,"commentCount":6,"publisher":{"@id":"https:\/\/arpenterlechemin.com\/#organization"},"keywords":["canada","nb","nouvelle-brunswick","nouvelle-\u00e9cosse","ns","r\u00e9trospective"],"articleSection":["Blog"],"inLanguage":"fr-FR","potentialAction":[{"@type":"CommentAction","name":"Comment","target":["https:\/\/arpenterlechemin.com\/index.php\/2020\/12\/31\/retrospective-voyage-2020\/#respond"]}]},{"@type":"WebPage","@id":"https:\/\/arpenterlechemin.com\/index.php\/2020\/12\/31\/retrospective-voyage-2020\/","url":"https:\/\/arpenterlechemin.com\/index.php\/2020\/12\/31\/retrospective-voyage-2020\/","name":"Ma r\u00e9trospective de non-voyages \/\/ 2020","isPartOf":{"@id":"https:\/\/arpenterlechemin.com\/#website"},"datePublished":"2020-12-31T06:24:28+00:00","dateModified":"2021-01-04T18:21:28+00:00","description":"\u00c0 quoi ressemble une ann\u00e9e dans la vie d'une voyageuse qui n'a pas voyag\u00e9 ? R\u00e9trospective des (non-voyages) de mon ann\u00e9e 2020 !","breadcrumb":{"@id":"https:\/\/arpenterlechemin.com\/index.php\/2020\/12\/31\/retrospective-voyage-2020\/#breadcrumb"},"inLanguage":"fr-FR","potentialAction":[{"@type":"ReadAction","target":["https:\/\/arpenterlechemin.com\/index.php\/2020\/12\/31\/retrospective-voyage-2020\/"]}]},{"@type":"BreadcrumbList","@id":"https:\/\/arpenterlechemin.com\/index.php\/2020\/12\/31\/retrospective-voyage-2020\/#breadcrumb","itemListElement":[{"@type":"ListItem","position":1,"name":"Home","item":"https:\/\/arpenterlechemin.com\/"},{"@type":"ListItem","position":2,"name":"Ma r\u00e9trospective de non-voyages \/\/ 2020"}]},{"@type":"WebSite","@id":"https:\/\/arpenterlechemin.com\/#website","url":"https:\/\/arpenterlechemin.com\/","name":"Arpenter le chemin","description":"","publisher":{"@id":"https:\/\/arpenterlechemin.com\/#organization"},"potentialAction":[{"@type":"SearchAction","target":{"@type":"EntryPoint","urlTemplate":"https:\/\/arpenterlechemin.com\/?s={search_term_string}"},"query-input":"required name=search_term_string"}],"inLanguage":"fr-FR"},{"@type":"Organization","@id":"https:\/\/arpenterlechemin.com\/#organization","name":"Arpenter le chemin","url":"https:\/\/arpenterlechemin.com\/","logo":{"@type":"ImageObject","inLanguage":"fr-FR","@id":"https:\/\/arpenterlechemin.com\/#\/schema\/logo\/image\/","url":"https:\/\/arpenterlechemin.com\/wp-content\/uploads\/2017\/04\/icone-4.jpg","contentUrl":"https:\/\/arpenterlechemin.com\/wp-content\/uploads\/2017\/04\/icone-4.jpg","width":150,"height":73,"caption":"Arpenter le chemin"},"image":{"@id":"https:\/\/arpenterlechemin.com\/#\/schema\/logo\/image\/"}},{"@type":"Person","@id":"https:\/\/arpenterlechemin.com\/#\/schema\/person\/1d187818c0988fbea4d682c1e59c795c","name":"Audrey","image":{"@type":"ImageObject","inLanguage":"fr-FR","@id":"https:\/\/arpenterlechemin.com\/#\/schema\/person\/image\/","url":"https:\/\/secure.gravatar.com\/avatar\/b75298f64c73f1709976c50921beae6a?s=96&d=mm&r=g","contentUrl":"https:\/\/secure.gravatar.com\/avatar\/b75298f64c73f1709976c50921beae6a?s=96&d=mm&r=g","caption":"Audrey"},"description":"Allergique \u00e0 la routine, atteinte de bougeotte aigu\u00eb, j'essaie de m'envoler aussi souvent que possible, seule, en couple ou entre amis ! Ville, nature, culture, rando... tout me va, \u00e0 partir du moment o\u00f9 je suis dehors.","url":"https:\/\/arpenterlechemin.com\/index.php\/author\/audreyf\/"}]}},"jetpack_featured_media_url":"https:\/\/arpenterlechemin.com\/wp-content\/uploads\/2020\/12\/2020-r\u00e9trospective-voyages.jpg","jetpack_sharing_enabled":true,"jetpack_shortlink":"https:\/\/wp.me\/p8z9hR-2zT","jetpack-related-posts":[{"id":6609,"url":"https:\/\/arpenterlechemin.com\/index.php\/2018\/12\/20\/retrospective-voyage-2018\/","url_meta":{"origin":9913,"position":0},"title":"Ma r\u00e9trospective de voyage \/\/ 2018","date":"20 d\u00e9cembre 2018","format":false,"excerpt":"Encore une belle ann\u00e9e qui vient de s'\u00e9couler ! Je vous propose de faire un r\u00e9sum\u00e9 de ce que j'ai vu et aim\u00e9 en cette ann\u00e9e 2018, avant de passer le flambeau \u00e0 2019. Sans revenir sur la cinquantaine de chroniques publi\u00e9e cette ann\u00e9e, voici quelques-uns des temps forts de\u2026","rel":"","context":"Dans &quot;Am\u00e9rique du Nord&quot;","img":{"alt_text":"retrospective voyage 2018 blog voyage canada arpenter le chemin","src":"https:\/\/i0.wp.com\/arpenterlechemin.com\/wp-content\/uploads\/2018\/12\/retrospective-voyage-2018-blog-voyage-canada-arpenter-le-chemin.jpg?resize=350%2C200&ssl=1","width":350,"height":200},"classes":[]},{"id":8617,"url":"https:\/\/arpenterlechemin.com\/index.php\/2019\/12\/30\/retrospective-voyage-2019\/","url_meta":{"origin":9913,"position":1},"title":"Ma r\u00e9trospective de voyage \/\/ 2019","date":"30 d\u00e9cembre 2019","format":false,"excerpt":"Bonjour \u00e0 tous ! Comme tous les ans, la fin de l'ann\u00e9e est le moment de tirer des bilans, de revenir sur ce qu'on a v\u00e9cu et peut-\u00eatre, de se rendre que le temps \u00e9coul\u00e9 a \u00e9t\u00e9 bien utilis\u00e9. Il y a quelques ann\u00e9es, j'avais horreur des r\u00e9trospectives au parfum\u2026","rel":"","context":"Dans &quot;Am\u00e9rique du Nord&quot;","img":{"alt_text":"retrospective voyages 2019 arpenter le chemin","src":"https:\/\/i0.wp.com\/arpenterlechemin.com\/wp-content\/uploads\/2020\/12\/retrospective-voyages-2019-arpenter-le-chemin.jpg?resize=350%2C200&ssl=1","width":350,"height":200},"classes":[]},{"id":4479,"url":"https:\/\/arpenterlechemin.com\/index.php\/2017\/12\/31\/retrospective-voyage-2017\/","url_meta":{"origin":9913,"position":2},"title":"Ma r\u00e9trospective voyage en 2017","date":"31 d\u00e9cembre 2017","format":false,"excerpt":"L'ann\u00e9e 2017 touche \u00e0 sa fin, c'est le temps des r\u00e9trospectives. J'aime bien dresser la liste des beaux endroits (re)d\u00e9couverts tout au long de l'ann\u00e9e, en esp\u00e9rant que cette r\u00e9trospective voyage vous donnera des id\u00e9es pour 2018. Avant de revenir \u00e0 mes aventures qu\u00e9b\u00e9coises du temps des f\u00eates, il est\u2026","rel":"","context":"Dans &quot;Blog&quot;","img":{"alt_text":"","src":"https:\/\/i0.wp.com\/arpenterlechemin.com\/wp-content\/uploads\/2017\/12\/R\u00e9trospective.jpg?resize=350%2C200&ssl=1","width":350,"height":200},"classes":[]},{"id":5829,"url":"https:\/\/arpenterlechemin.com\/index.php\/2018\/09\/05\/sens-vie-voyage\/","url_meta":{"origin":9913,"position":3},"title":"La voyageuse qui se demandait \u00e0 quoi sert sa vie de voyage","date":"5 septembre 2018","format":false,"excerpt":"Quand on passe un certain temps sur les blogs de voyage, on remarque que certaines th\u00e9matiques ont tendance \u00e0 revenir. La chronique d'itin\u00e9raire au Nouveau-Brunswick est dans l'air du temps, semble-t-il, tout comme le tour de la Gasp\u00e9sie ou encore l'escapade au Mexique. Au-del\u00e0 des jolies images qui font r\u00eaver\u2026","rel":"","context":"Dans &quot;Blog&quot;","img":{"alt_text":"titre interrogations blog voyage arpenter le chemin mexique canada","src":"https:\/\/i0.wp.com\/arpenterlechemin.com\/wp-content\/uploads\/2018\/08\/titre-interrogations-blog-voyage-arpenter-le-chemin-mexique-canada.jpg?resize=350%2C200&ssl=1","width":350,"height":200},"classes":[]},{"id":4395,"url":"https:\/\/arpenterlechemin.com\/index.php\/2017\/12\/20\/arpenter-chemin-aux-sunshine-blogger-awards\/","url_meta":{"origin":9913,"position":4},"title":"Arpenter le chemin aux Sunshine Blogger Awards","date":"20 d\u00e9cembre 2017","format":false,"excerpt":"Apr\u00e8s les Liebster Awards, j'ai eu la surprise d'\u00eatre nomin\u00e9e pour une autre cha\u00eene, les Sunshine Blogger Awards. La Little Miss Sunshine qui m'a nomin\u00e9e, c'est Annabelle de Matante A, et je vous conseille vivement d'aller lire son blog de voyage que j'aime \u00e9norm\u00e9ment. Le principe du Sunshine Blogger Award\u2026","rel":"","context":"Dans &quot;Blog&quot;","img":{"alt_text":"","src":"https:\/\/i0.wp.com\/arpenterlechemin.com\/wp-content\/uploads\/2017\/12\/sunshine-blogger-award.png?resize=350%2C200","width":350,"height":200},"classes":[]},{"id":3748,"url":"https:\/\/arpenterlechemin.com\/index.php\/2017\/07\/24\/surfing-canada\/","url_meta":{"origin":9913,"position":5},"title":"NOUVELLE-\u00c9COSSE \/\/ Surfing Canada","date":"24 juillet 2017","format":false,"excerpt":"Quand on vous dit \"surf\", \u00e0 quoi pensez-vous ? Des images d'\u00c9pinal de mers chaudes, de rouleaux immenses, les palmiers, des surfeurs \u00e0 la peau cuivr\u00e9e et aux cheveux blonds, peut-\u00eatre. Des noms qui font r\u00eaver comme Honolulu, Venice Beach, Bondi Beach. Les Beach Boys, la chaleur de l'\u00e9t\u00e9 temp\u00e9r\u00e9e\u2026","rel":"","context":"Dans &quot;Am\u00e9rique du Nord&quot;","img":{"alt_text":"surfing canada","src":"https:\/\/i0.wp.com\/arpenterlechemin.com\/wp-content\/uploads\/2017\/07\/surfing-canada-bis-2.jpg?resize=350%2C200&ssl=1","width":350,"height":200},"classes":[]}],"_links":{"self":[{"href":"https:\/\/arpenterlechemin.com\/index.php\/wp-json\/wp\/v2\/posts\/9913"}],"collection":[{"href":"https:\/\/arpenterlechemin.com\/index.php\/wp-json\/wp\/v2\/posts"}],"about":[{"href":"https:\/\/arpenterlechemin.com\/index.php\/wp-json\/wp\/v2\/types\/post"}],"author":[{"embeddable":true,"href":"https:\/\/arpenterlechemin.com\/index.php\/wp-json\/wp\/v2\/users\/1"}],"replies":[{"embeddable":true,"href":"https:\/\/arpenterlechemin.com\/index.php\/wp-json\/wp\/v2\/comments?post=9913"}],"version-history":[{"count":0,"href":"https:\/\/arpenterlechemin.com\/index.php\/wp-json\/wp\/v2\/posts\/9913\/revisions"}],"wp:featuredmedia":[{"embeddable":true,"href":"https:\/\/arpenterlechemin.com\/index.php\/wp-json\/wp\/v2\/media\/9945"}],"wp:attachment":[{"href":"https:\/\/arpenterlechemin.com\/index.php\/wp-json\/wp\/v2\/media?parent=9913"}],"wp:term":[{"taxonomy":"category","embeddable":true,"href":"https:\/\/arpenterlechemin.com\/index.php\/wp-json\/wp\/v2\/categories?post=9913"},{"taxonomy":"post_tag","embeddable":true,"href":"https:\/\/arpenterlechemin.com\/index.php\/wp-json\/wp\/v2\/tags?post=9913"}],"curies":[{"name":"wp","href":"https:\/\/api.w.org\/{rel}","templated":true}]}}