{"id":8931,"date":"2020-05-22T02:06:06","date_gmt":"2020-05-22T06:06:06","guid":{"rendered":"https:\/\/arpenterlechemin.com\/?p=8931"},"modified":"2022-04-25T20:40:48","modified_gmt":"2022-04-26T00:40:48","slug":"pere-lachaise","status":"publish","type":"post","link":"https:\/\/arpenterlechemin.com\/index.php\/2020\/05\/22\/pere-lachaise\/","title":{"rendered":"PARIS \/\/ Visiter le cimeti\u00e8re du P\u00e8re-Lachaise"},"content":{"rendered":"<p>Aujourd&rsquo;hui 22 mai, j&rsquo;ai le plaisir de souligner la<strong> Journ\u00e9e internationale des gothiques<\/strong> ! N\u00e9e sur la sc\u00e8ne musicale gothique en 2009, cette journ\u00e9e a depuis d\u00e9pass\u00e9 ses racines musicales pour c\u00e9l\u00e9brer toutes les facettes de notre belle et \u00e9trange sous-culture. Je ne pouvais pas rater cette occasion de rattacher cette journ\u00e9e au #<a href=\"https:\/\/arpenterlechemin.com\/index.php\/2018\/10\/23\/voyage-gothique-mode-demploi\/\">VoyageGothique<\/a> en vous pr\u00e9sentant un lieu dont je n&rsquo;ai fait qu&rsquo;effleurer la surface, \u00e0 la fois sur place et sur ce blog :<strong> le cimeti\u00e8re du P\u00e8re-Lachaise \u00e0 Paris<\/strong>. Un lieu mythique par son envergure, par ses c\u00e9l\u00e9brit\u00e9s, par la foule qui s&rsquo;y presse&#8230; Attraction incontournable \u00e0 Paris, ce n&rsquo;est pas une raison pour le bouder car de nombreuses merveilles vous attendent dans ses all\u00e9es bois\u00e9es et tranquilles. Pas morbide pour un sou, plut\u00f4t tranquille d\u00e8s qu&rsquo;on s&rsquo;\u00e9loigne des tombes c\u00e9l\u00e8bres, c&rsquo;est un lieu embl\u00e9matique de l&rsquo;histoire parisienne, que je vous encourage \u00e0 visiter m\u00eame si les caveaux et autres st\u00e8les vous laissent habituellement de marbre (ha ! je sors&#8230;). Voici le r\u00e9cit de notre balade, qui, je l&rsquo;esp\u00e8re, vous inspirera \u00e0 aller visiter ce cimeti\u00e8re c\u00e9l\u00e8bre.<\/p>\n<p><img decoding=\"async\" loading=\"lazy\" class=\"aligncenter wp-image-8921 size-full\" src=\"https:\/\/arpenterlechemin.com\/wp-content\/uploads\/2020\/10\/paris-pere-lachaise-visite-infos-pratiques-blog-voyage-scaled.jpg\" alt=\"paris pere-lachaise visite infos pratiques blog voyage\" width=\"2560\" height=\"1440\" \/><\/p>\n<p>Par une belle journ\u00e9e de printemps \u00e0 l&rsquo;ambiance pas du tout gothique, l&rsquo;an dernier, je rejoins <a href=\"https:\/\/1916kilometres.com\/2019\/07\/06\/balades-argentiques-de-printemps\/\">Paule-Elise et H\u00e9l\u00e8ne<\/a> pour une balade tout \u00e0 fait normale entre amies : une exploration du P\u00e8re-Lachaise. <strong>Plus pr\u00e9cis\u00e9ment, notre truc \u00e0 nous, c&rsquo;est plut\u00f4t la version M\u00e8re-Lachaise<\/strong>, \u00e0 savoir arpenter les all\u00e9es \u00e0 la recherche des tombes d&rsquo;illustres femmes. Oui, Oscar Wilde, Chopin, Proust, Jim Morrisson, c&rsquo;est bien beau, mais \u00e7a fait un moment qu&rsquo;on nous rebat les oreilles avec eux. Et les femmes? Invisibilis\u00e9es jusque dans la mort, alors qu&rsquo;on trouve de tr\u00e8s grandes dames au P\u00e8re-Lachaise : <strong>Edith Piaf, Sarah Bernhardt, Maria Callas, Simone Signoret ou Colette<\/strong>, entre autres, m\u00e9ritent elles aussi le d\u00e9tour, alors qu&rsquo;elles sont souvent mises \u00e0 l&rsquo;\u00e9cart des circuits guid\u00e9s dans le cimeti\u00e8re. Nous ne sommes pas all\u00e9es toutes les saluer, mais notre balade nous amen\u00e9es \u00e0 la rencontre, fortuite ou voulue, de certaines d&rsquo;entre elles.<\/p>\n<p>Nous entrons par l&rsquo;entr\u00e9e au niveau du m\u00e9tro P\u00e8re-Lachaise. Alors que nous nous demandons comment nous allons nous rep\u00e9rer dans les lieux, le sauveur du moment appara\u00eet : un vendeur qui, pour la modique somme de 2,5 \u20ac, nous c\u00e8de <strong>une carte du cimeti\u00e8re<\/strong> qui r\u00e9pertorie les c\u00e9l\u00e9brit\u00e9s qui y sont inhum\u00e9es. Une d\u00e9pense que je conseille vivement ! Il existe des cartes en ligne, <a href=\"https:\/\/pere-lachaise.com\/plan-pere-lachaise\/\">comme celle-ci, <\/a>mais elle sont souvent incompl\u00e8tes.<\/p>\n<p>Cette partie du cimeti\u00e8re est bord\u00e9e des <strong>caveaux<\/strong> qui contribuent sans doute \u00e0 rendre les lieux si embl\u00e9matiques. Je ne trouve pourtant pas d&rsquo;explications \u00e0 cette architecture et ne peux que me perdre en conjectures : la densit\u00e9 du cimeti\u00e8re (33 000 tombes en 1830), alli\u00e9e \u00e0 l&rsquo;\u00e9poque de construction de ces caveaux, <strong>en pleine effervescence du style n\u00e9ogothique<\/strong>, sont sans doute \u00e0 l&rsquo;origine de ces fins \u00e9difices qui s&rsquo;\u00e9lancent vers le ciel. Les plus vieux, recouverts de mousse, voire compl\u00e8tement laiss\u00e9s \u00e0 l&rsquo;abandon, sont \u00e9videmment les plus int\u00e9ressants, et on ne r\u00e9siste pas \u00e0 l&rsquo;envie de jeter un \u0153il \u00e0 l&rsquo;int\u00e9rieur.<\/p>\n<p><img decoding=\"async\" loading=\"lazy\" class=\"aligncenter wp-image-9199 size-full\" src=\"https:\/\/arpenterlechemin.com\/wp-content\/uploads\/2020\/05\/visiter-p\u00e8re-lachaise-paris-e1650933536833.jpg\" alt=\"visiter p\u00e8re-lachaise paris\" width=\"1400\" height=\"788\" \/><\/p>\n<p>Notre premier arr\u00eat, un peu par hasard sur le chemin Casimir Delavigne, est on ne peut plus de circonstances : <strong>Hubertine Auclert<\/strong>, fervente militante f\u00e9ministe, notamment pour le droit de vote des femmes, qui s&rsquo;est \u00e9teinte en 1914. Sa s\u00e9pulture est d\u00e9cor\u00e9e d&rsquo;une statue r\u00e9alis\u00e9e par Suzanne Bizard, sculptrice fran\u00e7aise de la premi\u00e8re moiti\u00e9 du XXe si\u00e8cle. Non loin, plusieurs \u00ab\u00a0<strong>filles de la charit\u00e9<\/strong>\u00a0\u00bb sont enterr\u00e9es ensemble, comme une juste continuit\u00e9 de leur choix de vie : celles-ci appartenaient \u00e0 une \u00ab\u00a0soci\u00e9t\u00e9 de vie apostolique\u00a0\u00bb, organisation religieuse dont les membres ne pronon\u00e7aient pourtant pas de v\u0153ux. Un peu plus tard, seule dans le m\u00e9tro, je r\u00e9fl\u00e9chirai au fait qu&rsquo;il est assez rare de croiser des tombes o\u00f9 le d\u00e9funt est seule, a fortiori si c&rsquo;est une d\u00e9funte. Hormis les cas o\u00f9 une conjointe pr\u00e9c\u00e8de sa moiti\u00e9 dans la mort, les d\u00e9funtes seules sont souvent enterr\u00e9es aupr\u00e8s de parents, d&rsquo;enfants, d&rsquo;adelphes ou, comme ici, de membres d&rsquo;une communaut\u00e9. Je vous laisse m\u00e9diter sur ce que cela dit des femmes seules dans notre soci\u00e9t\u00e9&#8230;<\/p>\n<p>Oh, et si \u00e7a vous int\u00e9resse, il y a deux petits \u00e9crivains juste en face : Honor\u00e9 de Balzac et G\u00e9rard de Nerval. Et un parfait inconnu qui s&rsquo;est offert la tombe la plus haute de Paris : un ob\u00e9lisque dodu de 20 m\u00e8tres de haut. Je vous laisse le d\u00e9couvrir sur place.<\/p>\n<p><img decoding=\"async\" loading=\"lazy\" class=\"aligncenter wp-image-9198 size-full\" src=\"https:\/\/arpenterlechemin.com\/wp-content\/uploads\/2020\/05\/visiter-p\u00e8re-lachaise-hubertine-auclert-paris-e1650933545918.jpg\" alt=\"visiter p\u00e8re-lachaise hubertine auclert paris\" width=\"1400\" height=\"788\" \/><\/p>\n<p>Sur l&rsquo;avenue transversale n\u00b01 repose une Edith c\u00e9l\u00e8bre, mais pas encore celle \u00e0 laquelle vous pensez : <strong>Edith Lefel<\/strong>, chanteuse de zouk guyanaise d\u00e9c\u00e9d\u00e9e en 2003. Pour Edith Piaf, il faut patienter encore un peu. En attendant, nous prenons une tangente pour aller voir la tombe de <strong>Sarah Bernhardt,<\/strong> entre l&rsquo;Avenue transversale 2 et le chemin du Quinconce. Elle est relativement sobre pour une actrice de cette envergure. D\u00e9j\u00e0, plus de visiteurs nous rejoignent, et leur nombre va croissant en s&rsquo;approchant de la tombe d&rsquo;<strong>Edith Piaf<\/strong>. Sa tombe est \u00e9tonnamment contemporaine alors qu&rsquo;elle est d\u00e9c\u00e9d\u00e9e en 1963. J&rsquo;imaginais sans doute quelque chose de plus rococo, de plus ambitieux, alors que c&rsquo;est la tombe de Madame-tout-le-monde, et j&rsquo;en d\u00e9duis une certaine humilit\u00e9.<\/p>\n<p>En parlant de Madame-tout-le-monde, <strong>les tombes les plus \u00e9mouvantes ne sont pas les plus grandioses, mais celles de parfaites inconnues, <\/strong>toujours fleuries ou d\u00e9cor\u00e9es de photos. Le P\u00e8re-Lachaise n&rsquo;est pas qu&rsquo;un cimeti\u00e8re de c\u00e9l\u00e9brit\u00e9s, et beaucoup de personnes comme vous et moi y reposent. J&rsquo;aime ces tombes qui nous appellent \u00e0 la r\u00e9serve &#8211; malgr\u00e9 les apparences, <strong>nous ne sommes pas dans un parc d&rsquo;attractions mortuaire. <\/strong>Par respect pour ces personnes, je garde ces photos pour moi mais je suis s\u00fbre que vous trouverez, vous aussi, cette personne lambda dont la tombe vous laissera \u00e9mue.<\/p>\n<p><img decoding=\"async\" loading=\"lazy\" class=\"aligncenter wp-image-9201 size-full\" src=\"https:\/\/arpenterlechemin.com\/wp-content\/uploads\/2020\/05\/visiter-p\u00e8re-lachaise-edith-piaf-visite-matrimoine-f\u00e9minisme-paris-e1650933554215.jpg\" alt=\"visiter p\u00e8re-lachaise edith piaf visite matrimoine f\u00e9minisme paris\" width=\"1400\" height=\"788\" \/><\/p>\n<p><img decoding=\"async\" loading=\"lazy\" class=\"aligncenter wp-image-9202 size-full\" src=\"https:\/\/arpenterlechemin.com\/wp-content\/uploads\/2020\/05\/visiter-p\u00e8re-lachaise-voyage-f\u00e9minisme-paris-1-e1650933565409.jpg\" alt=\"visiter p\u00e8re-lachaise voyage f\u00e9minisme paris\" width=\"1400\" height=\"788\" \/><\/p>\n<p>Apr\u00e8s avoir surpris des communistes en train de chanter devant le Monument aux espagnols morts pour la Libert\u00e9, nous reprenons notre chemin dans une partie vallonn\u00e9e du cimeti\u00e8re. Prochaine destination : la tombe d&rsquo;<strong>Anna de Noailles<\/strong>. Vous ne connaissez peut-\u00eatre pas cette po\u00e9tesse et romanci\u00e8re d&rsquo;origine roumaine de la Belle-\u00c9poque, Ana-Elisaveta Bibescu Basarab Br\u00e2ncoveanu de son nom de naissance. Elle m&rsquo;est pourtant ch\u00e8re : elle aimait hiverner sur les bords du L\u00e9man \u00e0 la Villa Bessaraba<i>\u00a0<\/i>et mon lyc\u00e9e \u00e0 <a href=\"https:\/\/arpenterlechemin.com\/index.php\/2017\/06\/08\/une-journee-a-evian-les-bains-entre-lac-et-histoire\/\">Evian-les-Bains<\/a> portait son nom. Ironie des programmes scolaires, je n&rsquo;ai jamais \u00e9tudi\u00e9 aucun de ses po\u00e8mes. Voici un extrait d&rsquo;<em>\u00c0 la nuit<\/em> (1901) :<\/p>\n<p style=\"text-align: center;\">Nuits o\u00f9 meurent l&rsquo;azur, les bruits et les contours,<br \/>\nO\u00f9 les vives clart\u00e9s s&rsquo;\u00e9teignent une \u00e0 une,<br \/>\n\u00d4 nuit, urne profonde o\u00f9 les cendres du jour<br \/>\nDescendent mollement et dansent \u00e0 la lune.<\/p>\n<p>Nous cherchons longuement sa s\u00e9pulture, sans succ\u00e8s. Nous nous fourvoyons sur le chemin du Dragon alors qu&rsquo;il nous aurait fallu aller sur celui d&rsquo;\u00e0 c\u00f4t\u00e9, le <strong>chemin des Ch\u00e8vres<\/strong>. En voyant les photos de son tombeau apr\u00e8s coup, je crois que nous sommes pass\u00e9es devant sans le voir&#8230; Pour autant, le chemin des Ch\u00e8vres et les environs sont tr\u00e8s calmes, en retrait des tombes stars. En ces temps de confinement, Internet (moi compris) a d\u00e9couvert que le P\u00e8re-Lachaise est habit\u00e9 par toute une <strong>faune sauvage<\/strong>, dont <a href=\"https:\/\/www.geo.fr\/environnement\/a-paris-une-famille-de-renards-photographiee-au-cimetiere-du-pere-lachaise-200558\">une famille d&rsquo;adorables renards<\/a>. C&rsquo;est dire \u00e0 quel point <strong>ce cimeti\u00e8re est un espace vert, au sens le plus pur du terme<\/strong> &#8211; ce qui en fait un bien beau cadre pour une derni\u00e8re demeure.<\/p>\n<p style=\"text-align: center;\"><em><a href=\"https:\/\/arpenterlechemin.com\/index.php\/2022\/01\/31\/evian-anna-de-noailles-matrimoine\/\">Pour en savoir plus sur Anna de Noailles, je vous invite \u00e0 relire mon billet \u00e0 son sujet ici.<\/a><\/em><\/p>\n<p><img decoding=\"async\" loading=\"lazy\" class=\"aligncenter wp-image-8920 size-full\" src=\"https:\/\/arpenterlechemin.com\/wp-content\/uploads\/2020\/10\/paris-gothique-visiter-cimetiere-pere-lachaise-blog-voyage-scaled-e1650933617408.jpg\" alt=\"paris gothique visiter cimetiere pere-lachaise blog voyage\" width=\"1400\" height=\"788\" \/><\/p>\n<p>Il est temps de repartir&#8230; <a href=\"https:\/\/arpenterlechemin.com\/index.php\/2019\/04\/16\/notre-dame-paris\/\">Ma visite de Notre-Dame de Paris m&rsquo;attend<\/a>, et \u00f4 combien j&rsquo;ai eu raison d&rsquo;acheter mon billet en ce matin du 13 avril 2019. Nous sortons par l&rsquo;Avenue principale et ratons la tombe de Colette non loin, sur l&rsquo;Avenue circulaire, dans notre h\u00e2te. On rep\u00e8re malgr\u00e9 quelques \u00e9pitaphes int\u00e9ressantes et s&rsquo;ensuit<strong> une discussion sur notre \u00e9pitaphe r\u00eav\u00e9e.<\/strong> Si vous avez d\u00e9j\u00e0 pr\u00e9vu une citation ou un aphorisme pour votre tombe ou urne fun\u00e9raire, je serais heureuse de la conna\u00eetre ! Je n&rsquo;ai rien de fix\u00e9 mais apr\u00e8s avoir lu le fabuleux recueil de po\u00e8mes mortuaires japonais <em>Japanese Death Poems<\/em>, ce ha\u00efku est rest\u00e9 avec moi :<\/p>\n<p style=\"text-align: center;\">Since I was born \/ I have to die \/ and so&#8230;<\/p>\n<p style=\"text-align: center;\">Depuis ma naissance \/ Il me faut mourir \/ et donc&#8230;<\/p>\n<p>(C&rsquo;est sans doute le bon moment pour pr\u00e9ciser que je propose mes services d&rsquo;ambianceuse pour toutes vos soir\u00e9es festives.)<\/p>\n<p>Cela dit, si vous pensez encore qu&rsquo;aller au cimeti\u00e8re entre amies est une id\u00e9e \u00e9trange&#8230; On n&rsquo;a pas l&rsquo;air heureuses de notre sortie, l\u00e0 ??<\/p>\n<p><img decoding=\"async\" loading=\"lazy\" class=\"aligncenter wp-image-9197 size-full\" src=\"https:\/\/arpenterlechemin.com\/wp-content\/uploads\/2020\/05\/visiter-p\u00e8re-lachaise-visite-matrimoine-f\u00e9minisme-paris-e1650933627485.jpg\" alt=\"visiter p\u00e8re-lachaise visite matrimoine f\u00e9minisme paris\" width=\"1400\" height=\"788\" \/><\/p>\n<p>Je finis en vous invitant \u00e0 vous inspirer de notre balade&#8230; mais pas trop : le plaisir de ce cimeti\u00e8re gigantesque r\u00e9side aussi dans le fait de <strong>fl\u00e2ner et de m\u00e9diter sur la mort<\/strong>, pr\u00e9sente sous des atours moussus. Contrairement aux <a href=\"https:\/\/arpenterlechemin.com\/index.php\/2019\/06\/12\/catacombes-paris\/\">Catacombes de Paris<\/a>, qui donnent \u00e0 voir une vision d\u00e9sincarn\u00e9e de l&rsquo;au-del\u00e0, tout en os et cr\u00e2nes aux orbites vides, o\u00f9 la mort est rendue intangible par l&rsquo;accumulation inimaginable de d\u00e9funts (on parle de deux millions de Parisiens), <strong>l&rsquo;au-del\u00e0 du P\u00e8re-Lachaise est verdoyant, paisible, quasi-tangible<\/strong>. De gr\u00e2ce, n&rsquo;y allez pas avec une liste de courses pour vrombir en trombe d&rsquo;une tombe \u00e0 l&rsquo;autre. Nous-m\u00eames n&rsquo;avions pas beaucoup d&rsquo;exigences hormis Anna de Noailles et Edith Piaf, les autres sont venues \u00e0 nous. Allez rendre hommage \u00e0 quelques c\u00e9l\u00e9brit\u00e9s ch\u00e8res \u00e0 votre c\u0153ur ou saluez des inconnues qui s&rsquo;ennuient entre de rares visites, et musardez le long de petites all\u00e9es en r\u00e9fl\u00e9chissant \u00e0 votre \u00e9pitaphe. Bonne journ\u00e9e internationale des gothiques \u00e0 vous !<\/p>\n<p><img decoding=\"async\" loading=\"lazy\" class=\"aligncenter wp-image-9207 size-full\" src=\"https:\/\/arpenterlechemin.com\/wp-content\/uploads\/2020\/05\/Journ\u00e9e-internationale-des-gothiques-Paris-scaled-e1650933638747.jpg\" alt=\"Journ\u00e9e internationale des gothiques Paris\" width=\"1400\" height=\"788\" \/><\/p>\n<h3><span style=\"color: #800080;\">Infos pratiques<\/span><\/h3>\n<ul>\n<li><span style=\"color: #800080;\"><strong>Entr\u00e9e<\/strong><\/span>\u00a0: acc\u00e8s gratuit, il s\u2019agit d\u2019un cimeti\u00e8re encore en activit\u00e9 et non d\u2019un mus\u00e9e. Le respect est d\u2019ailleurs de mise : on \u00e9vite les selfies intempestifs et les poses de yoga entre les tombes\u2026 Vous pouvez acheter un plan \u00e0 l\u2019entr\u00e9e pour vous y retrouver parmi les c\u00e9l\u00e9brit\u00e9s (2,5 \u20ac) ou t\u00e9l\u00e9charger une appli.<\/li>\n<li><span style=\"color: #800080;\"><strong>Acc\u00e8s<\/strong>\u00a0<\/span>: m\u00e9tro 3 P\u00e8re-Lachaise<\/li>\n<li>\u00c0 noter, il est possible d\u2019effectuer des <strong>visites guid\u00e9es<\/strong> du P\u00e8re-Lachaise, <a href=\"https:\/\/www.civitatis.com\/fr\/paris\/visite-cimetiere-pere-lachaise\/?aid=7315\">vous pouvez en r\u00e9server une classique ici<\/a>. J\u2019ai aussi rep\u00e9r\u00e9 les<a href=\"http:\/\/www.dedale.org\/mes-visites\/la-mere-lachaise\/\">\u00a0visites f\u00e9ministes de la M\u00e8re-Lachaise propos\u00e9es par la guide ind\u00e9pendante D\u00e9dale<\/a>, pour mieux conna\u00eetre le\u00a0<strong>matrimoine<\/strong>.<\/li>\n<\/ul>\n<h3><span style=\"color: #800080;\">H\u00f4tel gothique \u00e0 Paris<\/span><\/h3>\n<ul>\n<li><a href=\"https:\/\/www.booking.com\/hotel\/fr\/hotel-le-presbytere.en.html?aid=1571475&amp;no_rooms=1&amp;group_adults=2\">H\u00f4tel le Presbyt\u00e8re<\/a>, 78 rue de la Verrerie, 75004 : je r\u00eave d\u2019aller y dormir ! D\u00e9co et mobilier gothique, le tout dans un ancien presbyt\u00e8re, c\u2019est le r\u00eave ! Les chambres en mezzanine ont l\u2019air dingues. Par contre, cela a un prix : environ 200 \u20ac la nuit en chambre double. \u00c0 deux pas de la Tour Saint-Jacques, m\u00e9tro Ch\u00e2telet ou H\u00f4tel de ville.<\/li>\n<\/ul>\n<h3><span style=\"color: #800080;\">H\u00f4tels romantiques (ou pas) \u00e0 Paris<\/span><\/h3>\n<ul>\n<li><a href=\"https:\/\/www.booking.com\/hotel\/fr\/tolbiac-paris2.en.html?aid=1571475&amp;no_rooms=1&amp;group_adults=1\">H\u00f4tel Tolbiac<\/a>, 122 rue de Tolbiac, 75013. Un h\u00f4tel tout simple dont la r\u00e9ception ne paie pas de mine, mais ma chambre simple \u00e9tait refaite de neuf et confortable. Pour environ 50 \u20ac la nuit, on a les sanitaires partag\u00e9s. M\u00e9tro Tolbiac.<\/li>\n<li><a href=\"https:\/\/www.booking.com\/hotel\/fr\/citizenm-paris-gare-de-lyon.en.html?aid=1571475&amp;no_rooms=1&amp;group_adults=1\">H\u00f4tel CitizenM Paris Gare de Lyon<\/a>, 8 rue Van Gogh, 75012. Apr\u00e8s avoir s\u00e9journ\u00e9 dans l\u2019h\u00f4tel\u00a0<a href=\"https:\/\/arpenterlechemin.com\/index.php\/2018\/05\/14\/citizenm-hotel-tendance-londres\/\">CitizenM Tower of London \u00e0 Londres<\/a>, j\u2019ai r\u00e9serv\u00e9 celui-ci les yeux ferm\u00e9s ! La d\u00e9co est design et les petites chambres sont de qualit\u00e9, avec tr\u00e8s grand lit et une tablette qui centralise toutes les commandes, des rideaux aux lumi\u00e8res (trouvez le mode Party !!). L\u2019h\u00f4tel est litt\u00e9ralement \u00e0 200 m\u00e8tres de la gare. \u00c0 partir de 125 \u20ac\/chambre double. M\u00e9tro Gare de Lyon. Possibilit\u00e9 de prendre sa chambre d\u00e8s le matin si l\u2019h\u00f4tel a des disponibilit\u00e9s !<\/li>\n<li><a href=\"https:\/\/www.booking.com\/hotel\/fr\/belambra-city-magendie.en.html?aid=1571475&amp;no_rooms=1&amp;group_adults=1\">H\u00f4tel Belambra City \u2013 Magendie<\/a>, 6 rue Corvisart, 75006. Un h\u00f4tel d\u2019affaires qui satisfera des besoins basiques : chambre propre, petit-d\u00e9jeuner copieux, proximit\u00e9 du m\u00e9tro. J\u2019ai appr\u00e9ci\u00e9 l\u2019accueil du personnel, souriant \u00e0 toute heure. \u00c0 partir de 100 \u20ac\/chambre double. 600 m\u00e8tres de la rue Mouffetard. M\u00e9tro Corvisart.<\/li>\n<\/ul>\n<p>Si cette chronique vous a plu, je vous invite \u00e0 lire celles-ci :<\/p>\n<ul>\n<li><a href=\"https:\/\/arpenterlechemin.com\/index.php\/2019\/06\/12\/catacombes-paris\/\">Les catacombes de Paris<\/a><\/li>\n<li><a href=\"https:\/\/arpenterlechemin.com\/index.php\/2019\/10\/02\/prague-cimetiere-juif\/\">Le vieux cimeti\u00e8re juif de Prague<\/a><\/li>\n<li><a href=\"https:\/\/arpenterlechemin.com\/index.php\/2020\/02\/14\/guide-paris-gothique\/\">Itin\u00e9raire gothique \u00e0 Paris<\/a><\/li>\n<\/ul>\n<p><img decoding=\"async\" loading=\"lazy\" class=\"alignnone wp-image-8990 size-medium\" src=\"https:\/\/arpenterlechemin.com\/wp-content\/uploads\/2020\/05\/Visiter-le-cimeti\u00e8re-du-P\u00e8re-Lachaise-Paris-286x400.jpg\" alt=\"Visiter le cimeti\u00e8re du P\u00e8re-Lachaise - Paris\" width=\"286\" height=\"400\" srcset=\"https:\/\/arpenterlechemin.com\/wp-content\/uploads\/2020\/05\/Visiter-le-cimeti\u00e8re-du-P\u00e8re-Lachaise-Paris-286x400.jpg 286w, https:\/\/arpenterlechemin.com\/wp-content\/uploads\/2020\/05\/Visiter-le-cimeti\u00e8re-du-P\u00e8re-Lachaise-Paris-418x585.jpg 418w, https:\/\/arpenterlechemin.com\/wp-content\/uploads\/2020\/05\/Visiter-le-cimeti\u00e8re-du-P\u00e8re-Lachaise-Paris.jpg 480w\" sizes=\"(max-width: 286px) 100vw, 286px\" \/> <img decoding=\"async\" loading=\"lazy\" class=\"alignnone wp-image-8989 size-medium\" src=\"https:\/\/arpenterlechemin.com\/wp-content\/uploads\/2020\/05\/D\u00e9couvrir-le-cimeti\u00e8re-du-P\u00e8re-Lachaise-Paris-gothique-267x400.jpg\" alt=\"D\u00e9couvrir le cimeti\u00e8re du P\u00e8re-Lachaise - Paris gothique\" width=\"267\" height=\"400\" srcset=\"https:\/\/arpenterlechemin.com\/wp-content\/uploads\/2020\/05\/D\u00e9couvrir-le-cimeti\u00e8re-du-P\u00e8re-Lachaise-Paris-gothique-267x400.jpg 267w, https:\/\/arpenterlechemin.com\/wp-content\/uploads\/2020\/05\/D\u00e9couvrir-le-cimeti\u00e8re-du-P\u00e8re-Lachaise-Paris-gothique-390x585.jpg 390w, https:\/\/arpenterlechemin.com\/wp-content\/uploads\/2020\/05\/D\u00e9couvrir-le-cimeti\u00e8re-du-P\u00e8re-Lachaise-Paris-gothique.jpg 735w\" sizes=\"(max-width: 267px) 100vw, 267px\" \/> <img decoding=\"async\" loading=\"lazy\" class=\"alignnone wp-image-8988 size-medium\" src=\"https:\/\/arpenterlechemin.com\/wp-content\/uploads\/2020\/05\/Promenade-au-cimeti\u00e8re-du-P\u00e8re-Lachaise-Paris-267x400.jpg\" alt=\"Promenade au cimeti\u00e8re du P\u00e8re-Lachaise, Paris\" width=\"267\" height=\"400\" srcset=\"https:\/\/arpenterlechemin.com\/wp-content\/uploads\/2020\/05\/Promenade-au-cimeti\u00e8re-du-P\u00e8re-Lachaise-Paris-267x400.jpg 267w, https:\/\/arpenterlechemin.com\/wp-content\/uploads\/2020\/05\/Promenade-au-cimeti\u00e8re-du-P\u00e8re-Lachaise-Paris-390x585.jpg 390w, https:\/\/arpenterlechemin.com\/wp-content\/uploads\/2020\/05\/Promenade-au-cimeti\u00e8re-du-P\u00e8re-Lachaise-Paris.jpg 735w\" sizes=\"(max-width: 267px) 100vw, 267px\" \/><\/p>\n","protected":false},"excerpt":{"rendered":"<p>Aujourd&rsquo;hui 22 mai, j&rsquo;ai le plaisir de souligner la Journ\u00e9e internationale des gothiques ! N\u00e9e sur la sc\u00e8ne musicale gothique en 2009, cette journ\u00e9e a depuis d\u00e9pass\u00e9 ses racines musicales pour c\u00e9l\u00e9brer toutes les facettes de notre belle et \u00e9trange sous-culture. Je ne pouvais pas rater cette occasion de rattacher cette journ\u00e9e au #VoyageGothique en vous pr\u00e9sentant un lieu dont je n&rsquo;ai fait qu&rsquo;effleurer la surface, \u00e0 la fois sur place et sur ce blog : le cimeti\u00e8re du P\u00e8re-Lachaise \u00e0 Paris. Un lieu mythique par son envergure, par ses <\/p>\n","protected":false},"author":1,"featured_media":8987,"comment_status":"open","ping_status":"open","sticky":false,"template":"","format":"standard","meta":{"jetpack_post_was_ever_published":false},"categories":[1,531],"tags":[614,516,683,198,617],"yoast_head":"<!-- This site is optimized with the Yoast SEO plugin v20.7 - https:\/\/yoast.com\/wordpress\/plugins\/seo\/ -->\n<title>PARIS \/\/ Visiter le cimeti\u00e8re du P\u00e8re-Lachaise - Arpenter le chemin<\/title>\n<meta name=\"description\" content=\"Je vous emm\u00e8ne visiter le cimeti\u00e8re du P\u00e8re-lachaise \u00e0 Paris : tout savoir sur le cimeti\u00e8re, tombes c\u00e9l\u00e8bres, infos pratiques...\" \/>\n<meta name=\"robots\" content=\"index, follow, max-snippet:-1, max-image-preview:large, max-video-preview:-1\" \/>\n<link rel=\"canonical\" href=\"https:\/\/arpenterlechemin.com\/index.php\/2020\/05\/22\/pere-lachaise\/\" \/>\n<meta property=\"og:locale\" content=\"fr_FR\" \/>\n<meta property=\"og:type\" content=\"article\" \/>\n<meta property=\"og:title\" content=\"PARIS \/\/ Visiter le cimeti\u00e8re du P\u00e8re-Lachaise - Arpenter le chemin\" \/>\n<meta property=\"og:description\" content=\"Je vous emm\u00e8ne visiter le cimeti\u00e8re du P\u00e8re-lachaise \u00e0 Paris : tout savoir sur le cimeti\u00e8re, tombes c\u00e9l\u00e8bres, infos pratiques...\" \/>\n<meta property=\"og:url\" content=\"https:\/\/arpenterlechemin.com\/index.php\/2020\/05\/22\/pere-lachaise\/\" \/>\n<meta property=\"og:site_name\" content=\"Arpenter le chemin\" \/>\n<meta property=\"article:published_time\" content=\"2020-05-22T06:06:06+00:00\" \/>\n<meta property=\"article:modified_time\" content=\"2022-04-26T00:40:48+00:00\" \/>\n<meta property=\"og:image\" content=\"https:\/\/arpenterlechemin.com\/wp-content\/uploads\/2020\/05\/P\u00e8re-Lachaise-sortie-Paris.jpg\" \/>\n\t<meta property=\"og:image:width\" content=\"1040\" \/>\n\t<meta property=\"og:image:height\" content=\"585\" \/>\n\t<meta property=\"og:image:type\" content=\"image\/jpeg\" \/>\n<meta name=\"author\" content=\"Audrey\" \/>\n<meta name=\"twitter:card\" content=\"summary_large_image\" \/>\n<meta name=\"twitter:label1\" content=\"\u00c9crit par\" \/>\n\t<meta name=\"twitter:data1\" content=\"Audrey\" \/>\n\t<meta name=\"twitter:label2\" content=\"Dur\u00e9e de lecture estim\u00e9e\" \/>\n\t<meta name=\"twitter:data2\" content=\"10 minutes\" \/>\n<script type=\"application\/ld+json\" class=\"yoast-schema-graph\">{\"@context\":\"https:\/\/schema.org\",\"@graph\":[{\"@type\":\"Article\",\"@id\":\"https:\/\/arpenterlechemin.com\/index.php\/2020\/05\/22\/pere-lachaise\/#article\",\"isPartOf\":{\"@id\":\"https:\/\/arpenterlechemin.com\/index.php\/2020\/05\/22\/pere-lachaise\/\"},\"author\":{\"name\":\"Audrey\",\"@id\":\"https:\/\/arpenterlechemin.com\/#\/schema\/person\/1d187818c0988fbea4d682c1e59c795c\"},\"headline\":\"PARIS \/\/ Visiter le cimeti\u00e8re du P\u00e8re-Lachaise\",\"datePublished\":\"2020-05-22T06:06:06+00:00\",\"dateModified\":\"2022-04-26T00:40:48+00:00\",\"mainEntityOfPage\":{\"@id\":\"https:\/\/arpenterlechemin.com\/index.php\/2020\/05\/22\/pere-lachaise\/\"},\"wordCount\":2174,\"commentCount\":6,\"publisher\":{\"@id\":\"https:\/\/arpenterlechemin.com\/#organization\"},\"keywords\":[\"culture\",\"france\",\"gothique\",\"paris\",\"printemps\"],\"articleSection\":[\"Blog\",\"Europe\"],\"inLanguage\":\"fr-FR\",\"potentialAction\":[{\"@type\":\"CommentAction\",\"name\":\"Comment\",\"target\":[\"https:\/\/arpenterlechemin.com\/index.php\/2020\/05\/22\/pere-lachaise\/#respond\"]}]},{\"@type\":\"WebPage\",\"@id\":\"https:\/\/arpenterlechemin.com\/index.php\/2020\/05\/22\/pere-lachaise\/\",\"url\":\"https:\/\/arpenterlechemin.com\/index.php\/2020\/05\/22\/pere-lachaise\/\",\"name\":\"PARIS \/\/ Visiter le cimeti\u00e8re du P\u00e8re-Lachaise - Arpenter le chemin\",\"isPartOf\":{\"@id\":\"https:\/\/arpenterlechemin.com\/#website\"},\"datePublished\":\"2020-05-22T06:06:06+00:00\",\"dateModified\":\"2022-04-26T00:40:48+00:00\",\"description\":\"Je vous emm\u00e8ne visiter le cimeti\u00e8re du P\u00e8re-lachaise \u00e0 Paris : tout savoir sur le cimeti\u00e8re, tombes c\u00e9l\u00e8bres, infos pratiques...\",\"breadcrumb\":{\"@id\":\"https:\/\/arpenterlechemin.com\/index.php\/2020\/05\/22\/pere-lachaise\/#breadcrumb\"},\"inLanguage\":\"fr-FR\",\"potentialAction\":[{\"@type\":\"ReadAction\",\"target\":[\"https:\/\/arpenterlechemin.com\/index.php\/2020\/05\/22\/pere-lachaise\/\"]}]},{\"@type\":\"BreadcrumbList\",\"@id\":\"https:\/\/arpenterlechemin.com\/index.php\/2020\/05\/22\/pere-lachaise\/#breadcrumb\",\"itemListElement\":[{\"@type\":\"ListItem\",\"position\":1,\"name\":\"Home\",\"item\":\"https:\/\/arpenterlechemin.com\/\"},{\"@type\":\"ListItem\",\"position\":2,\"name\":\"PARIS \/\/ Visiter le cimeti\u00e8re du P\u00e8re-Lachaise\"}]},{\"@type\":\"WebSite\",\"@id\":\"https:\/\/arpenterlechemin.com\/#website\",\"url\":\"https:\/\/arpenterlechemin.com\/\",\"name\":\"Arpenter le chemin\",\"description\":\"\",\"publisher\":{\"@id\":\"https:\/\/arpenterlechemin.com\/#organization\"},\"potentialAction\":[{\"@type\":\"SearchAction\",\"target\":{\"@type\":\"EntryPoint\",\"urlTemplate\":\"https:\/\/arpenterlechemin.com\/?s={search_term_string}\"},\"query-input\":\"required name=search_term_string\"}],\"inLanguage\":\"fr-FR\"},{\"@type\":\"Organization\",\"@id\":\"https:\/\/arpenterlechemin.com\/#organization\",\"name\":\"Arpenter le chemin\",\"url\":\"https:\/\/arpenterlechemin.com\/\",\"logo\":{\"@type\":\"ImageObject\",\"inLanguage\":\"fr-FR\",\"@id\":\"https:\/\/arpenterlechemin.com\/#\/schema\/logo\/image\/\",\"url\":\"https:\/\/arpenterlechemin.com\/wp-content\/uploads\/2017\/04\/icone-4.jpg\",\"contentUrl\":\"https:\/\/arpenterlechemin.com\/wp-content\/uploads\/2017\/04\/icone-4.jpg\",\"width\":150,\"height\":73,\"caption\":\"Arpenter le chemin\"},\"image\":{\"@id\":\"https:\/\/arpenterlechemin.com\/#\/schema\/logo\/image\/\"}},{\"@type\":\"Person\",\"@id\":\"https:\/\/arpenterlechemin.com\/#\/schema\/person\/1d187818c0988fbea4d682c1e59c795c\",\"name\":\"Audrey\",\"image\":{\"@type\":\"ImageObject\",\"inLanguage\":\"fr-FR\",\"@id\":\"https:\/\/arpenterlechemin.com\/#\/schema\/person\/image\/\",\"url\":\"https:\/\/secure.gravatar.com\/avatar\/b75298f64c73f1709976c50921beae6a?s=96&d=mm&r=g\",\"contentUrl\":\"https:\/\/secure.gravatar.com\/avatar\/b75298f64c73f1709976c50921beae6a?s=96&d=mm&r=g\",\"caption\":\"Audrey\"},\"description\":\"Allergique \u00e0 la routine, atteinte de bougeotte aigu\u00eb, j'essaie de m'envoler aussi souvent que possible, seule, en couple ou entre amis ! Ville, nature, culture, rando... tout me va, \u00e0 partir du moment o\u00f9 je suis dehors.\",\"url\":\"https:\/\/arpenterlechemin.com\/index.php\/author\/audreyf\/\"}]}<\/script>\n<!-- \/ Yoast SEO plugin. -->","yoast_head_json":{"title":"PARIS \/\/ Visiter le cimeti\u00e8re du P\u00e8re-Lachaise - Arpenter le chemin","description":"Je vous emm\u00e8ne visiter le cimeti\u00e8re du P\u00e8re-lachaise \u00e0 Paris : tout savoir sur le cimeti\u00e8re, tombes c\u00e9l\u00e8bres, infos pratiques...","robots":{"index":"index","follow":"follow","max-snippet":"max-snippet:-1","max-image-preview":"max-image-preview:large","max-video-preview":"max-video-preview:-1"},"canonical":"https:\/\/arpenterlechemin.com\/index.php\/2020\/05\/22\/pere-lachaise\/","og_locale":"fr_FR","og_type":"article","og_title":"PARIS \/\/ Visiter le cimeti\u00e8re du P\u00e8re-Lachaise - Arpenter le chemin","og_description":"Je vous emm\u00e8ne visiter le cimeti\u00e8re du P\u00e8re-lachaise \u00e0 Paris : tout savoir sur le cimeti\u00e8re, tombes c\u00e9l\u00e8bres, infos pratiques...","og_url":"https:\/\/arpenterlechemin.com\/index.php\/2020\/05\/22\/pere-lachaise\/","og_site_name":"Arpenter le chemin","article_published_time":"2020-05-22T06:06:06+00:00","article_modified_time":"2022-04-26T00:40:48+00:00","og_image":[{"width":1040,"height":585,"url":"https:\/\/arpenterlechemin.com\/wp-content\/uploads\/2020\/05\/P\u00e8re-Lachaise-sortie-Paris.jpg","type":"image\/jpeg"}],"author":"Audrey","twitter_card":"summary_large_image","twitter_misc":{"\u00c9crit par":"Audrey","Dur\u00e9e de lecture estim\u00e9e":"10 minutes"},"schema":{"@context":"https:\/\/schema.org","@graph":[{"@type":"Article","@id":"https:\/\/arpenterlechemin.com\/index.php\/2020\/05\/22\/pere-lachaise\/#article","isPartOf":{"@id":"https:\/\/arpenterlechemin.com\/index.php\/2020\/05\/22\/pere-lachaise\/"},"author":{"name":"Audrey","@id":"https:\/\/arpenterlechemin.com\/#\/schema\/person\/1d187818c0988fbea4d682c1e59c795c"},"headline":"PARIS \/\/ Visiter le cimeti\u00e8re du P\u00e8re-Lachaise","datePublished":"2020-05-22T06:06:06+00:00","dateModified":"2022-04-26T00:40:48+00:00","mainEntityOfPage":{"@id":"https:\/\/arpenterlechemin.com\/index.php\/2020\/05\/22\/pere-lachaise\/"},"wordCount":2174,"commentCount":6,"publisher":{"@id":"https:\/\/arpenterlechemin.com\/#organization"},"keywords":["culture","france","gothique","paris","printemps"],"articleSection":["Blog","Europe"],"inLanguage":"fr-FR","potentialAction":[{"@type":"CommentAction","name":"Comment","target":["https:\/\/arpenterlechemin.com\/index.php\/2020\/05\/22\/pere-lachaise\/#respond"]}]},{"@type":"WebPage","@id":"https:\/\/arpenterlechemin.com\/index.php\/2020\/05\/22\/pere-lachaise\/","url":"https:\/\/arpenterlechemin.com\/index.php\/2020\/05\/22\/pere-lachaise\/","name":"PARIS \/\/ Visiter le cimeti\u00e8re du P\u00e8re-Lachaise - Arpenter le chemin","isPartOf":{"@id":"https:\/\/arpenterlechemin.com\/#website"},"datePublished":"2020-05-22T06:06:06+00:00","dateModified":"2022-04-26T00:40:48+00:00","description":"Je vous emm\u00e8ne visiter le cimeti\u00e8re du P\u00e8re-lachaise \u00e0 Paris : tout savoir sur le cimeti\u00e8re, tombes c\u00e9l\u00e8bres, infos pratiques...","breadcrumb":{"@id":"https:\/\/arpenterlechemin.com\/index.php\/2020\/05\/22\/pere-lachaise\/#breadcrumb"},"inLanguage":"fr-FR","potentialAction":[{"@type":"ReadAction","target":["https:\/\/arpenterlechemin.com\/index.php\/2020\/05\/22\/pere-lachaise\/"]}]},{"@type":"BreadcrumbList","@id":"https:\/\/arpenterlechemin.com\/index.php\/2020\/05\/22\/pere-lachaise\/#breadcrumb","itemListElement":[{"@type":"ListItem","position":1,"name":"Home","item":"https:\/\/arpenterlechemin.com\/"},{"@type":"ListItem","position":2,"name":"PARIS \/\/ Visiter le cimeti\u00e8re du P\u00e8re-Lachaise"}]},{"@type":"WebSite","@id":"https:\/\/arpenterlechemin.com\/#website","url":"https:\/\/arpenterlechemin.com\/","name":"Arpenter le chemin","description":"","publisher":{"@id":"https:\/\/arpenterlechemin.com\/#organization"},"potentialAction":[{"@type":"SearchAction","target":{"@type":"EntryPoint","urlTemplate":"https:\/\/arpenterlechemin.com\/?s={search_term_string}"},"query-input":"required name=search_term_string"}],"inLanguage":"fr-FR"},{"@type":"Organization","@id":"https:\/\/arpenterlechemin.com\/#organization","name":"Arpenter le chemin","url":"https:\/\/arpenterlechemin.com\/","logo":{"@type":"ImageObject","inLanguage":"fr-FR","@id":"https:\/\/arpenterlechemin.com\/#\/schema\/logo\/image\/","url":"https:\/\/arpenterlechemin.com\/wp-content\/uploads\/2017\/04\/icone-4.jpg","contentUrl":"https:\/\/arpenterlechemin.com\/wp-content\/uploads\/2017\/04\/icone-4.jpg","width":150,"height":73,"caption":"Arpenter le chemin"},"image":{"@id":"https:\/\/arpenterlechemin.com\/#\/schema\/logo\/image\/"}},{"@type":"Person","@id":"https:\/\/arpenterlechemin.com\/#\/schema\/person\/1d187818c0988fbea4d682c1e59c795c","name":"Audrey","image":{"@type":"ImageObject","inLanguage":"fr-FR","@id":"https:\/\/arpenterlechemin.com\/#\/schema\/person\/image\/","url":"https:\/\/secure.gravatar.com\/avatar\/b75298f64c73f1709976c50921beae6a?s=96&d=mm&r=g","contentUrl":"https:\/\/secure.gravatar.com\/avatar\/b75298f64c73f1709976c50921beae6a?s=96&d=mm&r=g","caption":"Audrey"},"description":"Allergique \u00e0 la routine, atteinte de bougeotte aigu\u00eb, j'essaie de m'envoler aussi souvent que possible, seule, en couple ou entre amis ! Ville, nature, culture, rando... tout me va, \u00e0 partir du moment o\u00f9 je suis dehors.","url":"https:\/\/arpenterlechemin.com\/index.php\/author\/audreyf\/"}]}},"jetpack_featured_media_url":"https:\/\/arpenterlechemin.com\/wp-content\/uploads\/2020\/05\/P\u00e8re-Lachaise-sortie-Paris.jpg","jetpack_sharing_enabled":true,"jetpack_shortlink":"https:\/\/wp.me\/p8z9hR-2k3","jetpack-related-posts":[{"id":7450,"url":"https:\/\/arpenterlechemin.com\/index.php\/2020\/02\/14\/guide-paris-gothique\/","url_meta":{"origin":8931,"position":0},"title":"FRANCE \/\/ Paris gothique","date":"14 f\u00e9vrier 2020","format":false,"excerpt":"Quand on croit avoir tout vu \u00e0 Paris, la tour Eiffel, les Champs-\u00c9lys\u00e9es, le Louvre, Montmartre et compagnie, doit-on bouder la capitale fran\u00e7aise pour autant ? \u00c9videmment que non, et je serais bien \u00e9tonn\u00e9e que quiconque \u00e9puise la ville en une vie. En revanche, on peut essayer de trouver d'autres\u2026","rel":"","context":"Dans &quot;Blog&quot;","img":{"alt_text":"","src":"https:\/\/i0.wp.com\/arpenterlechemin.com\/wp-content\/uploads\/2020\/10\/Paris-gothique.jpg?resize=350%2C200&ssl=1","width":350,"height":200},"classes":[]},{"id":6136,"url":"https:\/\/arpenterlechemin.com\/index.php\/2019\/10\/02\/prague-cimetiere-juif\/","url_meta":{"origin":8931,"position":1},"title":"R\u00c9PUBLIQUE TCH\u00c8QUE \/\/ Le vieux cimeti\u00e8re juif de Prague","date":"2 octobre 2019","format":false,"excerpt":"Les cimeti\u00e8res sont des lieux \u00e0 part, qu'on soit en voyage ou chez soi. Apr\u00e8s tout, c'est l\u00e0 que l'on fait le fameux dernier voyage qui nous attend tous, et qui ne peut pas susciter l'indiff\u00e9rence. Si vous me suivez depuis un moment, il ne vous aura pas \u00e9chapp\u00e9 que\u2026","rel":"","context":"Dans &quot;Blog&quot;","img":{"alt_text":"vieux cimeti\u00e8re juif prague","src":"https:\/\/i0.wp.com\/arpenterlechemin.com\/wp-content\/uploads\/2019\/10\/vieux-cimeti\u00e8re-juif-prague.jpg?resize=350%2C200&ssl=1","width":350,"height":200},"classes":[]},{"id":5513,"url":"https:\/\/arpenterlechemin.com\/index.php\/2018\/10\/23\/voyage-gothique-mode-demploi\/","url_meta":{"origin":8931,"position":2},"title":"Voyage gothique, mode d&#8217;emploi","date":"23 octobre 2018","format":false,"excerpt":"Vous ne le savez peut-\u00eatre pas, mais il y a toujours en moi quelque chose de gothique. \u00c0 l'ado d\u00e9gingand\u00e9e avec son manteau noir \u00e0 la Matrix et son chapeau \u00e0 l'Am\u00e9lie Nothomb a succ\u00e9d\u00e9 une trentenaire toujours passionn\u00e9e par l'arsenic et les vieilles dentelles, les cimeti\u00e8res et les sorci\u00e8res,\u2026","rel":"","context":"Dans &quot;Am\u00e9rique du Nord&quot;","img":{"alt_text":"guide voyage gothique blog voyage titre bonnes adresses","src":"https:\/\/i0.wp.com\/arpenterlechemin.com\/wp-content\/uploads\/2018\/10\/guide-voyage-gothique-blog-voyage-titre-bonnes-adresses.jpg?resize=350%2C200&ssl=1","width":350,"height":200},"classes":[]},{"id":10831,"url":"https:\/\/arpenterlechemin.com\/index.php\/2021\/11\/01\/alyscamps-arles\/","url_meta":{"origin":8931,"position":3},"title":"FRANCE \/\/ Les Alyscamps d&rsquo;Arles","date":"1 novembre 2021","format":false,"excerpt":"Oh, novembre, mois sombre et gris. Pour en rajouter une couche, la Toussaint et le Jour des morts inaugurent g\u00e9n\u00e9ralement le mois de novembre par une visite lugubre au cimeti\u00e8re. Et si on changeait de regard sur les cimeti\u00e8res ? De lieux d'une grande tristesse, ils peuvent devenir une destination\u2026","rel":"","context":"Dans &quot;Blog&quot;","img":{"alt_text":"Visiter les Alyscamps \u00e0 Arles","src":"https:\/\/i0.wp.com\/arpenterlechemin.com\/wp-content\/uploads\/2021\/10\/Visiter-les-Alyscamps-\u00e0-Arles.jpg?resize=350%2C200&ssl=1","width":350,"height":200},"classes":[]},{"id":7612,"url":"https:\/\/arpenterlechemin.com\/index.php\/2019\/06\/12\/catacombes-paris\/","url_meta":{"origin":8931,"position":4},"title":"FRANCE \/\/ Les Catacombes de Paris, visite d&rsquo;outre-tombe","date":"12 juin 2019","format":false,"excerpt":"Paris ne d\u00e9m\u00e9rite pas son surnom de Ville Lumi\u00e8re : ses sites rayonnent dans le monde entier, ils sont solaires, \u00e9blouissants. Je veux bien s\u00fbr parler de la tour Eiffel, de l'arc de Triomphe, de Notre-Dame de Paris toujours vaillante... Devant tant de lieux \u00e9clatants, on a tendance \u00e0 oublier\u2026","rel":"","context":"Dans &quot;Blog&quot;","img":{"alt_text":"catacombes paris comment infos pratiques blog voyage france arpenter le chemin","src":"https:\/\/i0.wp.com\/arpenterlechemin.com\/wp-content\/uploads\/2019\/06\/catacombes-paris-comment-infos-pratiques-blog-voyage-france-arpenter-le-chemin.jpg?resize=350%2C200&ssl=1","width":350,"height":200},"classes":[]},{"id":7506,"url":"https:\/\/arpenterlechemin.com\/index.php\/2019\/04\/16\/notre-dame-paris\/","url_meta":{"origin":8931,"position":5},"title":"FRANCE \/\/ Notre-Dame de Paris, toujours vivante","date":"16 avril 2019","format":false,"excerpt":"C'est le c\u0153ur triste que je vous livre ce petit billet. Samedi 13 avril 2019, \u00e0 17 h 30 pile, l'heure indiqu\u00e9e sur mon billet, je me tenais f\u00e9brile, billet en main et sourire jusqu'aux oreilles, pour r\u00e9aliser un r\u00eave de gosse : grimper les 390 marches qui me m\u00e8neraient\u2026","rel":"","context":"Dans &quot;Blog&quot;","img":{"alt_text":"notre-dame paris cathedrale blog voyage arpenter le chemin","src":"https:\/\/i0.wp.com\/arpenterlechemin.com\/wp-content\/uploads\/2019\/04\/notre-dame-paris-cathedrale-blog-voyage-arpenter-le-chemin.jpg?resize=350%2C200&ssl=1","width":350,"height":200},"classes":[]}],"_links":{"self":[{"href":"https:\/\/arpenterlechemin.com\/index.php\/wp-json\/wp\/v2\/posts\/8931"}],"collection":[{"href":"https:\/\/arpenterlechemin.com\/index.php\/wp-json\/wp\/v2\/posts"}],"about":[{"href":"https:\/\/arpenterlechemin.com\/index.php\/wp-json\/wp\/v2\/types\/post"}],"author":[{"embeddable":true,"href":"https:\/\/arpenterlechemin.com\/index.php\/wp-json\/wp\/v2\/users\/1"}],"replies":[{"embeddable":true,"href":"https:\/\/arpenterlechemin.com\/index.php\/wp-json\/wp\/v2\/comments?post=8931"}],"version-history":[{"count":0,"href":"https:\/\/arpenterlechemin.com\/index.php\/wp-json\/wp\/v2\/posts\/8931\/revisions"}],"wp:featuredmedia":[{"embeddable":true,"href":"https:\/\/arpenterlechemin.com\/index.php\/wp-json\/wp\/v2\/media\/8987"}],"wp:attachment":[{"href":"https:\/\/arpenterlechemin.com\/index.php\/wp-json\/wp\/v2\/media?parent=8931"}],"wp:term":[{"taxonomy":"category","embeddable":true,"href":"https:\/\/arpenterlechemin.com\/index.php\/wp-json\/wp\/v2\/categories?post=8931"},{"taxonomy":"post_tag","embeddable":true,"href":"https:\/\/arpenterlechemin.com\/index.php\/wp-json\/wp\/v2\/tags?post=8931"}],"curies":[{"name":"wp","href":"https:\/\/api.w.org\/{rel}","templated":true}]}}