{"id":8594,"date":"2019-12-10T01:35:04","date_gmt":"2019-12-10T05:35:04","guid":{"rendered":"https:\/\/arpenterlechemin.com\/?p=8594"},"modified":"2021-10-31T09:16:25","modified_gmt":"2021-10-31T13:16:25","slug":"carrieres-lumieres","status":"publish","type":"post","link":"https:\/\/arpenterlechemin.com\/index.php\/2019\/12\/10\/carrieres-lumieres\/","title":{"rendered":"FRANCE \/\/ Les Carri\u00e8res de lumi\u00e8res"},"content":{"rendered":"<p>Lors de <a href=\"https:\/\/arpenterlechemin.com\/index.php\/2019\/04\/23\/france-escapade-provence\/\">mon r\u00e9cit d&rsquo;une escapade proven\u00e7ale<\/a> voil\u00e0 quelques mois, j&rsquo;ai omis de parler d&rsquo;une attraction majeure de la r\u00e9gion : les <strong>Carri\u00e8res de lumi\u00e8res<\/strong>. Lieu onirique magnifiquement mis en sc\u00e8ne, cach\u00e9 dans les entrailles des Alpilles, il est un incontournable en Provence et une excellente occupation dans les rares occasions o\u00f9 il pleut. Ce spectacle de son et lumi\u00e8re change chaque ann\u00e9e, mettant en valeur un peintre diff\u00e9rent au fil des \u00e9ditions. Aujourd&rsquo;hui, je vous fais d\u00e9couvrir <strong>l&rsquo;\u00e9dition 2019 des Carri\u00e8res de lumi\u00e8res, consacr\u00e9e \u00e0 Van Gogh.<\/strong><\/p>\n<p>Je n&rsquo;ai pas vraiment l&rsquo;habitude d&rsquo;aller voir des spectacles en voyage, je pr\u00e9f\u00e8re marcher au hasard des ruelles ou des sentiers plut\u00f4t que m&rsquo;enfermer dans une salle obscure. Mais le c\u00f4t\u00e9 unique de ce lieu, et la <strong>projections d&rsquo;images anim\u00e9es<\/strong> qui promettait de me rappeler les meilleures heures de ma ch\u00e8re <a href=\"https:\/\/arpenterlechemin.com\/index.php\/2017\/12\/08\/enfranceaussi-fete-lumieres-a-lyon\/\">F\u00eate des Lumi\u00e8res \u00e0 Lyon<\/a>, m&rsquo;ont irr\u00e9sistiblement attir\u00e9e vers les Carri\u00e8res de lumi\u00e8res.<\/p>\n<p><img decoding=\"async\" loading=\"lazy\" class=\"size-full wp-image-8602 aligncenter\" src=\"https:\/\/arpenterlechemin.com\/wp-content\/uploads\/2019\/12\/carrieres-lumiere-baux-provence-infos-pratiques-blog-voyage-arpenter-le-chemin.jpg\" alt=\"carrieres lumiere baux provence infos pratiques blog voyage arpenter le chemin\" width=\"3231\" height=\"1818\" srcset=\"https:\/\/arpenterlechemin.com\/wp-content\/uploads\/2019\/12\/carrieres-lumiere-baux-provence-infos-pratiques-blog-voyage-arpenter-le-chemin.jpg 3231w, https:\/\/arpenterlechemin.com\/wp-content\/uploads\/2019\/12\/carrieres-lumiere-baux-provence-infos-pratiques-blog-voyage-arpenter-le-chemin-500x280.jpg 500w, https:\/\/arpenterlechemin.com\/wp-content\/uploads\/2019\/12\/carrieres-lumiere-baux-provence-infos-pratiques-blog-voyage-arpenter-le-chemin-690x388.jpg 690w, https:\/\/arpenterlechemin.com\/wp-content\/uploads\/2019\/12\/carrieres-lumiere-baux-provence-infos-pratiques-blog-voyage-arpenter-le-chemin-768x432.jpg 768w, https:\/\/arpenterlechemin.com\/wp-content\/uploads\/2019\/12\/carrieres-lumiere-baux-provence-infos-pratiques-blog-voyage-arpenter-le-chemin-1040x585.jpg 1040w\" sizes=\"(max-width: 3231px) 100vw, 3231px\" \/><\/p>\n<p>Il faut dire que le lieu s&rsquo;annon\u00e7ait aussi grandiose. Comme son nom l&rsquo;indique, il s&rsquo;agit d&rsquo;une ancienne carri\u00e8re, o\u00f9 l&rsquo;on extrayait la \u00ab\u00a0<strong>pierre des Baux<\/strong>\u00a0\u00bb au XIXe si\u00e8cle : une roche calcaire blanche. Elle est dite \u00ab\u00a0l\u00e9g\u00e8rement coquill\u00e9e\u00a0\u00bb, j&rsquo;imagine \u00e0 cause de la pr\u00e9sence \u00e9parse de coquillages fossilis\u00e9s. Peut-\u00eatre est-ce de l\u00e0 que lui vient son ancien nom, la <strong>carri\u00e8re des Grands Fonds<\/strong> ? Ou put-\u00eatre vient-il du fait que cette carri\u00e8re, loin d&rsquo;\u00eatre \u00e0 ciel ouvert, descend dans les entrailles de la Terre, bien cach\u00e9e dans les vallons qui entourent les Baux de Provence. Si l&rsquo;espace o\u00f9 se d\u00e9roulent les projections est plong\u00e9 dans l&rsquo;obscurit\u00e9, le caf\u00e9, \u00e0 moiti\u00e9 en ext\u00e9rieur, montre bien <strong>la taille monumentale des blocs de pierre d\u00e9coup\u00e9s \u00e0 m\u00eame les parois.<\/strong><\/p>\n<p><img decoding=\"async\" loading=\"lazy\" class=\"size-full wp-image-8599 aligncenter\" src=\"https:\/\/arpenterlechemin.com\/wp-content\/uploads\/2019\/12\/baux-provence-que-faire-visite-blog-voyage.jpg\" alt=\"baux provence que faire visite blog voyage\" width=\"3145\" height=\"1769\" srcset=\"https:\/\/arpenterlechemin.com\/wp-content\/uploads\/2019\/12\/baux-provence-que-faire-visite-blog-voyage.jpg 3145w, https:\/\/arpenterlechemin.com\/wp-content\/uploads\/2019\/12\/baux-provence-que-faire-visite-blog-voyage-500x280.jpg 500w, https:\/\/arpenterlechemin.com\/wp-content\/uploads\/2019\/12\/baux-provence-que-faire-visite-blog-voyage-690x388.jpg 690w, https:\/\/arpenterlechemin.com\/wp-content\/uploads\/2019\/12\/baux-provence-que-faire-visite-blog-voyage-768x432.jpg 768w, https:\/\/arpenterlechemin.com\/wp-content\/uploads\/2019\/12\/baux-provence-que-faire-visite-blog-voyage-1040x585.jpg 1040w\" sizes=\"(max-width: 3145px) 100vw, 3145px\" \/><\/p>\n<p>En 1935, les carri\u00e8res ferment, le calcaire \u00e9tant d\u00e9tr\u00f4n\u00e9 par des mat\u00e9riaux plus novateurs. Elles restent inexploit\u00e9es jusqu&rsquo;en 1959. <strong>Cette date est \u00e0 marquer d&rsquo;un calcaire l\u00e9g\u00e8rement coquill\u00e9<\/strong> (une pierre blanche, donc !) : c&rsquo;est la rencontre entre <strong>Jean Cocteau<\/strong> et ce lieu unique. Une rencontre qui va permettre au r\u00e9alisateur de tourner <em>Le testament d&rsquo;Orph\u00e9e<\/em>, et aux carri\u00e8res de trouver un second souffle. D\u00e8s 1977, on y organise des spectacles en son et lumi\u00e8re, projet\u00e9s sur les immenses toiles de fond des parois des carri\u00e8res.<\/p>\n<p><img decoding=\"async\" loading=\"lazy\" class=\"size-full wp-image-8608 aligncenter\" src=\"https:\/\/arpenterlechemin.com\/wp-content\/uploads\/2019\/12\/carrieres-lumieres-parking-ou-se-garer-blog-voyage-provence.jpg\" alt=\"carrieres lumieres parking ou se garer blog voyage provence\" width=\"3232\" height=\"1818\" srcset=\"https:\/\/arpenterlechemin.com\/wp-content\/uploads\/2019\/12\/carrieres-lumieres-parking-ou-se-garer-blog-voyage-provence.jpg 3232w, https:\/\/arpenterlechemin.com\/wp-content\/uploads\/2019\/12\/carrieres-lumieres-parking-ou-se-garer-blog-voyage-provence-500x280.jpg 500w, https:\/\/arpenterlechemin.com\/wp-content\/uploads\/2019\/12\/carrieres-lumieres-parking-ou-se-garer-blog-voyage-provence-690x388.jpg 690w, https:\/\/arpenterlechemin.com\/wp-content\/uploads\/2019\/12\/carrieres-lumieres-parking-ou-se-garer-blog-voyage-provence-768x432.jpg 768w, https:\/\/arpenterlechemin.com\/wp-content\/uploads\/2019\/12\/carrieres-lumieres-parking-ou-se-garer-blog-voyage-provence-1040x585.jpg 1040w\" sizes=\"(max-width: 3232px) 100vw, 3232px\" \/><\/p>\n<p>Depuis 2012, les Carri\u00e8res se pr\u00e9sentent telles que je vous les montre dans ce billet : <strong>un espace enti\u00e8rement consacr\u00e9 \u00e0 un spectacle en immersion<\/strong>, o\u00f9 le public p\u00e9n\u00e8tre dans les toiles d&rsquo;artistes de renom. Gauguin, Monet, Renoir, Chagall, Klimt et les grands de la Renaissance, Picasso&#8230; La programmation met \u00e0 l&rsquo;honneur des peintres classiques, des toiles ch\u00e9ries du grand public &#8211; m\u00eame si je regrette, \u00e9videmment, l&rsquo;absence flagrante de peintresses. Ce n&rsquo;est pas un lieu o\u00f9 d\u00e9couvrir de nouveaux artistes, mais o\u00f9 <b>red\u00e9couvrir des chefs-d&rsquo;oeuvre d&rsquo;un autre \u0153il, et s&rsquo;immerger dans les d\u00e9tails magnifi\u00e9s de toiles qu&rsquo;on pensait conna\u00eetre par c\u0153ur.<\/b><\/p>\n<p><img decoding=\"async\" loading=\"lazy\" class=\"size-full wp-image-8601 aligncenter\" src=\"https:\/\/arpenterlechemin.com\/wp-content\/uploads\/2019\/12\/blog-voyage-van-gogh-nuit-etoilee-arles-carrieres-lumiere-infos-pratiques.jpg\" alt=\"blog voyage van gogh nuit etoilee arles carrieres lumiere infos pratiques\" width=\"3231\" height=\"1818\" srcset=\"https:\/\/arpenterlechemin.com\/wp-content\/uploads\/2019\/12\/blog-voyage-van-gogh-nuit-etoilee-arles-carrieres-lumiere-infos-pratiques.jpg 3231w, https:\/\/arpenterlechemin.com\/wp-content\/uploads\/2019\/12\/blog-voyage-van-gogh-nuit-etoilee-arles-carrieres-lumiere-infos-pratiques-500x280.jpg 500w, https:\/\/arpenterlechemin.com\/wp-content\/uploads\/2019\/12\/blog-voyage-van-gogh-nuit-etoilee-arles-carrieres-lumiere-infos-pratiques-690x388.jpg 690w, https:\/\/arpenterlechemin.com\/wp-content\/uploads\/2019\/12\/blog-voyage-van-gogh-nuit-etoilee-arles-carrieres-lumiere-infos-pratiques-768x432.jpg 768w, https:\/\/arpenterlechemin.com\/wp-content\/uploads\/2019\/12\/blog-voyage-van-gogh-nuit-etoilee-arles-carrieres-lumiere-infos-pratiques-1040x585.jpg 1040w\" sizes=\"(max-width: 3231px) 100vw, 3231px\" \/><\/p>\n<p>J&rsquo;ai eu la chance de venir en Provence lors de l&rsquo;ann\u00e9e consacr\u00e9e \u00e0 <strong>Van Gogh<\/strong>, et de voir les paysages proven\u00e7aux \u00e0 la fois en vrai et sur ces toiles projet\u00e9es puissance mille. Amoureux de la lumi\u00e8re de la Provence, <strong>Van Gogh a donn\u00e9 une dimension mythique \u00e0 ses champs, ses oliviers, ses nuits \u00e9toil\u00e9es<\/strong>. Je ne sais pas si j&rsquo;aurais ressenti la m\u00eame \u00e9motion face \u00e0 des toiles de Picasso ou de Chagall, mais ici, <strong>j&rsquo;ai \u00e9t\u00e9 \u00e9mue par ce spectacle<\/strong> o\u00f9 la musique gronde comme un tonnerre et o\u00f9 les coups de pinceaux rageurs de Van Gogh s&rsquo;animent sous nos yeux.<\/p>\n<p><img decoding=\"async\" loading=\"lazy\" class=\"size-full wp-image-8604 aligncenter\" src=\"https:\/\/arpenterlechemin.com\/wp-content\/uploads\/2019\/12\/carrieres-lumiere-van-gogh-que-voir-provence-blog-voyage-arpenter-le-chemin.jpg\" alt=\"carrieres lumiere van gogh que voir provence blog voyage arpenter le chemin\" width=\"3231\" height=\"1818\" srcset=\"https:\/\/arpenterlechemin.com\/wp-content\/uploads\/2019\/12\/carrieres-lumiere-van-gogh-que-voir-provence-blog-voyage-arpenter-le-chemin.jpg 3231w, https:\/\/arpenterlechemin.com\/wp-content\/uploads\/2019\/12\/carrieres-lumiere-van-gogh-que-voir-provence-blog-voyage-arpenter-le-chemin-500x280.jpg 500w, https:\/\/arpenterlechemin.com\/wp-content\/uploads\/2019\/12\/carrieres-lumiere-van-gogh-que-voir-provence-blog-voyage-arpenter-le-chemin-690x388.jpg 690w, https:\/\/arpenterlechemin.com\/wp-content\/uploads\/2019\/12\/carrieres-lumiere-van-gogh-que-voir-provence-blog-voyage-arpenter-le-chemin-768x432.jpg 768w, https:\/\/arpenterlechemin.com\/wp-content\/uploads\/2019\/12\/carrieres-lumiere-van-gogh-que-voir-provence-blog-voyage-arpenter-le-chemin-1040x585.jpg 1040w\" sizes=\"(max-width: 3231px) 100vw, 3231px\" \/><\/p>\n<p>Autre d\u00e9tail que j&rsquo;ai appr\u00e9ci\u00e9 : la musique et l&rsquo;ambiance lumineuse r\u00e9duisent non seulement <strong>le public au silence<\/strong>, mais aussi \u00e0 <strong>de simples silhouettes<\/strong> qui ne g\u00e2chent en rien le spectacle. La dimension des lieux fait qu&rsquo;o\u00f9 que l&rsquo;on se trouve, on voit parfaitement les projections. Le c\u00f4t\u00e9 fantomatique du public n&rsquo;est pas pour me d\u00e9plaire, \u00e9videmment. La plupart des visiteurs respectent d&rsquo;ailleurs l&rsquo;interdiction d&rsquo;utiliser un flash, et se rendent vite compte que leur t\u00e9l\u00e9phone ne leur donnera que des photos floues, ce qui permet d&rsquo;appr\u00e9cier le spectacle sans mitraillage intempestif.<\/p>\n<p><img decoding=\"async\" loading=\"lazy\" class=\"size-full wp-image-8611 aligncenter\" src=\"https:\/\/arpenterlechemin.com\/wp-content\/uploads\/2019\/12\/carrieres-lumieres-van-gogh-infos-pratiques.jpg\" alt=\"carrieres lumieres van gogh infos pratiques\" width=\"3232\" height=\"1817\" srcset=\"https:\/\/arpenterlechemin.com\/wp-content\/uploads\/2019\/12\/carrieres-lumieres-van-gogh-infos-pratiques.jpg 3232w, https:\/\/arpenterlechemin.com\/wp-content\/uploads\/2019\/12\/carrieres-lumieres-van-gogh-infos-pratiques-500x280.jpg 500w, https:\/\/arpenterlechemin.com\/wp-content\/uploads\/2019\/12\/carrieres-lumieres-van-gogh-infos-pratiques-690x388.jpg 690w, https:\/\/arpenterlechemin.com\/wp-content\/uploads\/2019\/12\/carrieres-lumieres-van-gogh-infos-pratiques-768x432.jpg 768w, https:\/\/arpenterlechemin.com\/wp-content\/uploads\/2019\/12\/carrieres-lumieres-van-gogh-infos-pratiques-1040x585.jpg 1040w\" sizes=\"(max-width: 3232px) 100vw, 3232px\" \/><\/p>\n<p>La deuxi\u00e8me partie du spectacle d&rsquo;intitule \u00ab\u00a0<strong>Japon r\u00eav\u00e9, images du monde flottant<\/strong>\u00ab\u00a0. Les images nous plongent dans un monde onirique spectaculaire, compos\u00e9 d&rsquo;images traditionnelles japonaises anim\u00e9es. Ici des yokai, l\u00e0 <strong>des lucioles qui s&rsquo;\u00e9l\u00e8vent vers le ciel<\/strong>. Ici des vagues qui d\u00e9ferlent sur la salle, l\u00e0 des cr\u00e9atures marines gigantesques qui passent paisiblement au-dessus de nos t\u00eates. Et en final, des milliers de lanternes qui s&rsquo;envolent.<\/p>\n<p><img decoding=\"async\" loading=\"lazy\" class=\"size-full wp-image-8603 aligncenter\" src=\"https:\/\/arpenterlechemin.com\/wp-content\/uploads\/2019\/12\/carrieres-lumiere-japon-visiter-baux-de-provence.jpg\" alt=\"carrieres lumiere japon visiter baux de provence\" width=\"3145\" height=\"1769\" srcset=\"https:\/\/arpenterlechemin.com\/wp-content\/uploads\/2019\/12\/carrieres-lumiere-japon-visiter-baux-de-provence.jpg 3145w, https:\/\/arpenterlechemin.com\/wp-content\/uploads\/2019\/12\/carrieres-lumiere-japon-visiter-baux-de-provence-500x280.jpg 500w, https:\/\/arpenterlechemin.com\/wp-content\/uploads\/2019\/12\/carrieres-lumiere-japon-visiter-baux-de-provence-690x388.jpg 690w, https:\/\/arpenterlechemin.com\/wp-content\/uploads\/2019\/12\/carrieres-lumiere-japon-visiter-baux-de-provence-768x432.jpg 768w, https:\/\/arpenterlechemin.com\/wp-content\/uploads\/2019\/12\/carrieres-lumiere-japon-visiter-baux-de-provence-1040x585.jpg 1040w\" sizes=\"(max-width: 3145px) 100vw, 3145px\" \/><\/p>\n<p>Si le spectacle consacr\u00e9 \u00e0 Van Gogh vise \u00e0 nous immerger dans des oeuvres, je pense que le spectacle sur le Japon tend plus vers une ambiance. Il s&rsquo;appuie lui aussi sur des images existantes, celle des <strong>estampes japonaises du XIXe si\u00e8cle<\/strong>, mais puisque nous les connaissons moins que les peintures de Van Gogh, l&rsquo;attente est diff\u00e9rente. On n&rsquo;esp\u00e8re pas voir une peinture en particulier, on esp\u00e8re simplement se laisser surprendre, <strong>et le pari est r\u00e9ussi.<\/strong><\/p>\n<p><img decoding=\"async\" loading=\"lazy\" class=\"size-full wp-image-8597 aligncenter\" src=\"https:\/\/arpenterlechemin.com\/wp-content\/uploads\/2019\/12\/baux-de-provence-que-faire-ou-dormir-blog-voyage-france-arpenter-le-chemin.jpg\" alt=\"baux de provence que faire ou dormir blog voyage france arpenter le chemin\" width=\"3232\" height=\"2160\" srcset=\"https:\/\/arpenterlechemin.com\/wp-content\/uploads\/2019\/12\/baux-de-provence-que-faire-ou-dormir-blog-voyage-france-arpenter-le-chemin.jpg 3232w, https:\/\/arpenterlechemin.com\/wp-content\/uploads\/2019\/12\/baux-de-provence-que-faire-ou-dormir-blog-voyage-france-arpenter-le-chemin-599x400.jpg 599w, https:\/\/arpenterlechemin.com\/wp-content\/uploads\/2019\/12\/baux-de-provence-que-faire-ou-dormir-blog-voyage-france-arpenter-le-chemin-768x513.jpg 768w, https:\/\/arpenterlechemin.com\/wp-content\/uploads\/2019\/12\/baux-de-provence-que-faire-ou-dormir-blog-voyage-france-arpenter-le-chemin-875x585.jpg 875w\" sizes=\"(max-width: 3232px) 100vw, 3232px\" \/><\/p>\n<p><img decoding=\"async\" loading=\"lazy\" class=\"size-full wp-image-8610 aligncenter\" src=\"https:\/\/arpenterlechemin.com\/wp-content\/uploads\/2019\/12\/carrieres-lumieres-tarifs-expo-van-gogh-japon.jpg\" alt=\"carrieres lumieres tarifs expo van gogh japon\" width=\"3232\" height=\"1818\" srcset=\"https:\/\/arpenterlechemin.com\/wp-content\/uploads\/2019\/12\/carrieres-lumieres-tarifs-expo-van-gogh-japon.jpg 3232w, https:\/\/arpenterlechemin.com\/wp-content\/uploads\/2019\/12\/carrieres-lumieres-tarifs-expo-van-gogh-japon-500x280.jpg 500w, https:\/\/arpenterlechemin.com\/wp-content\/uploads\/2019\/12\/carrieres-lumieres-tarifs-expo-van-gogh-japon-690x388.jpg 690w, https:\/\/arpenterlechemin.com\/wp-content\/uploads\/2019\/12\/carrieres-lumieres-tarifs-expo-van-gogh-japon-768x432.jpg 768w, https:\/\/arpenterlechemin.com\/wp-content\/uploads\/2019\/12\/carrieres-lumieres-tarifs-expo-van-gogh-japon-1040x585.jpg 1040w\" sizes=\"(max-width: 3232px) 100vw, 3232px\" \/><\/p>\n<p style=\"text-align: center;\"><em>D\u00e9ferlante de vagues dans les carri\u00e8res&#8230; le moment fort du spectacle pour moi !<\/em><\/p>\n<p><img decoding=\"async\" loading=\"lazy\" class=\"size-full wp-image-8612 aligncenter\" src=\"https:\/\/arpenterlechemin.com\/wp-content\/uploads\/2019\/12\/carrieres-lumieres-van-gogh-japon-infos-pratiques-tarif-blog-voyage-provence.jpg\" alt=\"carrieres lumieres van gogh japon infos pratiques tarif blog voyage provence\" width=\"3232\" height=\"1818\" srcset=\"https:\/\/arpenterlechemin.com\/wp-content\/uploads\/2019\/12\/carrieres-lumieres-van-gogh-japon-infos-pratiques-tarif-blog-voyage-provence.jpg 3232w, https:\/\/arpenterlechemin.com\/wp-content\/uploads\/2019\/12\/carrieres-lumieres-van-gogh-japon-infos-pratiques-tarif-blog-voyage-provence-500x280.jpg 500w, https:\/\/arpenterlechemin.com\/wp-content\/uploads\/2019\/12\/carrieres-lumieres-van-gogh-japon-infos-pratiques-tarif-blog-voyage-provence-690x388.jpg 690w, https:\/\/arpenterlechemin.com\/wp-content\/uploads\/2019\/12\/carrieres-lumieres-van-gogh-japon-infos-pratiques-tarif-blog-voyage-provence-768x432.jpg 768w, https:\/\/arpenterlechemin.com\/wp-content\/uploads\/2019\/12\/carrieres-lumieres-van-gogh-japon-infos-pratiques-tarif-blog-voyage-provence-1040x585.jpg 1040w\" sizes=\"(max-width: 3232px) 100vw, 3232px\" \/><\/p>\n<p>L&rsquo;\u00e9dition 2019 des Carri\u00e8res lumi\u00e8re se tiendra jusqu&rsquo;au <strong>5 janvier 2020<\/strong>. Je sais que j&rsquo;ai tard\u00e9 \u00e0 vous en parler mais ce lieu ferait une sortie parfaite pour les f\u00eates, non ? Si vous n&rsquo;avez pas l&rsquo;occasion de voir cette exposition, les Carri\u00e8res de lumi\u00e8re ont d&rsquo;ors et d\u00e9j\u00e0 annonc\u00e9 leur programmation \u00e0 partir de mars 2020 : \u00ab\u00a0<strong>Dali, l&rsquo;\u00e9nigme sans fin<\/strong>\u00a0\u00bb en vedette, et \u00ab\u00a0<strong>Gaudi, architecte de l&rsquo;imaginaire<\/strong>\u00a0\u00bb en programme court.<\/p>\n<p><img decoding=\"async\" loading=\"lazy\" class=\"aligncenter size-full wp-image-8627\" src=\"https:\/\/arpenterlechemin.com\/wp-content\/uploads\/2020\/12\/carrieres-lumieres-japon-blog-voyage-france-provence-arpenter-le-chemin.jpg\" alt=\"carrieres lumieres japon blog voyage france provence arpenter le chemin\" width=\"1920\" height=\"1080\" srcset=\"https:\/\/arpenterlechemin.com\/wp-content\/uploads\/2020\/12\/carrieres-lumieres-japon-blog-voyage-france-provence-arpenter-le-chemin.jpg 1920w, https:\/\/arpenterlechemin.com\/wp-content\/uploads\/2020\/12\/carrieres-lumieres-japon-blog-voyage-france-provence-arpenter-le-chemin-500x280.jpg 500w, https:\/\/arpenterlechemin.com\/wp-content\/uploads\/2020\/12\/carrieres-lumieres-japon-blog-voyage-france-provence-arpenter-le-chemin-690x388.jpg 690w, https:\/\/arpenterlechemin.com\/wp-content\/uploads\/2020\/12\/carrieres-lumieres-japon-blog-voyage-france-provence-arpenter-le-chemin-768x432.jpg 768w, https:\/\/arpenterlechemin.com\/wp-content\/uploads\/2020\/12\/carrieres-lumieres-japon-blog-voyage-france-provence-arpenter-le-chemin-1040x585.jpg 1040w\" sizes=\"(max-width: 1920px) 100vw, 1920px\" \/><\/p>\n<h3><span style=\"color: #000080;\">Infos pratiques<\/span><\/h3>\n<ul>\n<li>Tarifs pour les Carri\u00e8res de lumi\u00e8res seules : 13 \u20ac\/adulte, 11 \u20ac\/tarif r\u00e9duit, 37 \u20ac\/famille<\/li>\n<li>Le site est enti\u00e8rement accessible aux personnes \u00e0 mobilit\u00e9 r\u00e9duite.<\/li>\n<li>Horaires : de 10 h \u00e0 18 h 30 en hiver, de 9 h 30 \u00e0 19 h 30 en \u00e9t\u00e9. Consultez le site pour les horaires pr\u00e9cis au moment de votre visite.<\/li>\n<li>L&rsquo;entr\u00e9e au site se fait \u00e0 heure fixe, au d\u00e9but du spectacle. En revanche, aucune obligation de ressortir une fois le spectacle termin\u00e9 : c&rsquo;est ainsi que j&rsquo;ai assist\u00e9 deux fois au spectacle dans son int\u00e9gralit\u00e9 (une fois pour m&rsquo;impr\u00e9gner de l&rsquo;ambiance, et une autre pour prendre des photos) ! <strong>Pr\u00e9voir une heure pour le spectacle entier.<\/strong><\/li>\n<li>Il est possible de combiner les Carri\u00e8res de lumi\u00e8res et le ch\u00e2teau (ce que je vous conseille !)<\/li>\n<li><a href=\"https:\/\/www.carrieres-lumieres.com\/\">Toutes les infos sont sur le site ici<\/a><\/li>\n<li><strong>Stationnement aux Carri\u00e8res de lumi\u00e8res<\/strong> : les Baux de Provence proposent plusieurs parkings payants mais si marcher un peu ne vous fait pas peur, rien ne vous emp\u00eache de vous garer gratuitement le long de la route (de fa\u00e7on s\u00e9curitaire, \u00e9videmment !)<\/li>\n<li><strong>Quand se rendre aux Carri\u00e8res de lumi\u00e8res<\/strong> : plus on avance dans la journ\u00e9e, plus la file d&rsquo;attente sera longue. Essayez de venir le plus t\u00f4t possible : en plus d&rsquo;attendre moins longtemps, le spectacle n&rsquo;en sera que plus agr\u00e9able. J&rsquo;ai assist\u00e9 \u00e0 deux repr\u00e9sentations et clairement, le brouhaha de la foule grossissante nuit un peu \u00e0 l&rsquo;exp\u00e9rience.<\/li>\n<\/ul>\n<p><img decoding=\"async\" loading=\"lazy\" class=\"aligncenter size-full wp-image-8628\" src=\"https:\/\/arpenterlechemin.com\/wp-content\/uploads\/2020\/12\/carrieres-lumieres-van-gogh-blog-voyage-france-provence-arpenter-le-chemin.jpg\" alt=\"carrieres lumieres van gogh blog voyage france provence arpenter le chemin\" width=\"1920\" height=\"1080\" srcset=\"https:\/\/arpenterlechemin.com\/wp-content\/uploads\/2020\/12\/carrieres-lumieres-van-gogh-blog-voyage-france-provence-arpenter-le-chemin.jpg 1920w, https:\/\/arpenterlechemin.com\/wp-content\/uploads\/2020\/12\/carrieres-lumieres-van-gogh-blog-voyage-france-provence-arpenter-le-chemin-500x280.jpg 500w, https:\/\/arpenterlechemin.com\/wp-content\/uploads\/2020\/12\/carrieres-lumieres-van-gogh-blog-voyage-france-provence-arpenter-le-chemin-690x388.jpg 690w, https:\/\/arpenterlechemin.com\/wp-content\/uploads\/2020\/12\/carrieres-lumieres-van-gogh-blog-voyage-france-provence-arpenter-le-chemin-768x432.jpg 768w, https:\/\/arpenterlechemin.com\/wp-content\/uploads\/2020\/12\/carrieres-lumieres-van-gogh-blog-voyage-france-provence-arpenter-le-chemin-1040x585.jpg 1040w\" sizes=\"(max-width: 1920px) 100vw, 1920px\" \/><\/p>\n<h4><span style=\"color: #000080;\">Que voir pr\u00e8s des Carri\u00e8res de Lumi\u00e8res<\/span><\/h4>\n<p>Quitte \u00e0 venir aux Carri\u00e8res de lumi\u00e8res, il serait dommage de ne pas visiter <strong>le village des Baux et son ch\u00e2teau<\/strong> qui donne une vue imprenable sur les environs. Non loin, le village de Saint-R\u00e9my de Provence offre un petit centre-ville o\u00f9 il fait bon fl\u00e2ner. Je vous parle de ces deux villages et de Gordes dans <a href=\"https:\/\/arpenterlechemin.com\/index.php\/2019\/04\/23\/france-escapade-provence\/\">ce billet sur une escapade proven\u00e7ale.<\/a> Dans la r\u00e9gion au sens large, je vous conseille d&rsquo;aller visiter <a href=\"https:\/\/arpenterlechemin.com\/index.php\/2019\/08\/21\/palais-papes-avignon\/\">Avignon<\/a>, mais aussi <a href=\"https:\/\/arpenterlechemin.com\/index.php\/2019\/05\/07\/arles-espace-van-gogh\/\">Arles<\/a> et <a href=\"https:\/\/arpenterlechemin.com\/index.php\/2019\/05\/14\/marseille-escapade\/\">Marseille<\/a>.<\/p>\n<h4><span style=\"color: #000080;\">O\u00f9 dormir pr\u00e8s des Carri\u00e8res de Lumi\u00e8res<\/span><\/h4>\n<ul>\n<li>Au Baux de Provence : <a href=\"https:\/\/www.booking.com\/hotel\/fr\/le-mas-d-aigret.en.html?aid=1571475&amp;no_rooms=1&amp;group_adults=1\">Le Mas d\u2019Aigret<\/a>, un h\u00e9bergement de charme que vous ne manquerez pas de croiser en arrivant de Saint-R\u00e9my. Piscine, oliviers, le tout \u00e0 5 minutes \u00e0 pied du village.<\/li>\n<li><a href=\"https:\/\/www.booking.com\/hotel\/fr\/maison-de-la-fontaine-les-baux-de-provence.en.html?aid=1571475&amp;no_rooms=1&amp;group_adults=1\">Maison de la Fontaine<\/a>, une maison de vacances en plein c\u0153ur du village<\/li>\n<li>un peu plus loin, au\u00a0<a href=\"https:\/\/www.booking.com\/hotel\/fr\/domaine-de-manville.en.html?aid=1571475&amp;no_rooms=1&amp;group_adults=1\">Domaine de Manville<\/a>, un mas de charme avec piscine et spa<\/li>\n<li>\u00c0 15-20 minutes de voiture, <a href=\"https:\/\/www.booking.com\/hotel\/fr\/canto-cigalo.en.html?aid=1571475&amp;no_rooms=1&amp;group_adults=1\">Canto Cigalo<\/a>, 8A chemin Canto Cigalo, 13210 Saint-R\u00e9my-de-Provence. Une belle surprise : un h\u00f4tel deux \u00e9toiles avec une piscine, une grand jardin, des transats, une chambre propre et lumineuse\u2026 On ador\u00e9 l\u2019emplacement \u00e0 10-15 minutes \u00e0 pied du centre-ville, parfait pour aller d\u00eener. L\u2019h\u00f4tel est un peu bruyant le week-end mais d\u2019un calme olympien la semaine. \u00c0 partir de 90 \u20ac la chambre double\/jumelle, et 10 \u20ac le petit-d\u00e9jeuner.<\/li>\n<\/ul>\n<p><em>Cet article s&rsquo;inscrit dans le rendez-vous mensuel #EnFranceAussi organis\u00e9 par Sylvie du blog \u00ab <strong><a href=\"http:\/\/www.lecoindesvoyageurs.fr\/\" target=\"_blank\" rel=\"noopener noreferrer\">Le coin des voyageurs<\/a><\/strong> \u00bb. Le th\u00e8me du mois, propos\u00e9 par Pierre du blog <a href=\"https:\/\/mon-grand-est.fr\/illuminations-de-noel-alsace-lorraine\/\"><strong>Mon Grand Est<\/strong><\/a>, \u00e9tait \u00ab Lumi\u00e8res \u00bb. Pour un autre point de vue, <a href=\"https:\/\/enfranceaussi.fr\/carrieres-de-lumieres-baux-de-provence\/\">je vous invite \u00e0 lire ce billet sur le blog d&rsquo;En France Aussi<\/a>. Retrouv<a href=\"http:\/\/arpenterlechemin.com\/index.php\/tag\/enfranceaussi\/\">ez toutes mes participations \u00e0 ce rendez-vous ici<\/a>. J&rsquo;ai reconstitu\u00e9 ma visite avec l&rsquo;aide de Wikip\u00e9dia, n&rsquo;h\u00e9sitez pas \u00e0 me signaler en cas de bourde &#8211; ma visite remonte \u00e0 quelques mois d\u00e9j\u00e0 ! Oyez, oyez. Ce billet contient des <a href=\"https:\/\/arpenterlechemin.com\/index.php\/2018\/12\/01\/soutenir-blog\/\">liens affili\u00e9s<\/a>.<\/em><\/p>\n<p><img decoding=\"async\" loading=\"lazy\" class=\"alignnone wp-image-8624 size-medium\" src=\"https:\/\/arpenterlechemin.com\/wp-content\/uploads\/2020\/12\/Les-carrieres-de-lumiere-Visite-en-Provence-Arpenter-le-chemin-blog-de-voyage-267x400.jpg\" alt=\"Les carrieres de lumiere - Visite en Provence - Arpenter le chemin blog de voyage\" width=\"267\" height=\"400\" srcset=\"https:\/\/arpenterlechemin.com\/wp-content\/uploads\/2020\/12\/Les-carrieres-de-lumiere-Visite-en-Provence-Arpenter-le-chemin-blog-de-voyage-267x400.jpg 267w, https:\/\/arpenterlechemin.com\/wp-content\/uploads\/2020\/12\/Les-carrieres-de-lumiere-Visite-en-Provence-Arpenter-le-chemin-blog-de-voyage-390x585.jpg 390w, https:\/\/arpenterlechemin.com\/wp-content\/uploads\/2020\/12\/Les-carrieres-de-lumiere-Visite-en-Provence-Arpenter-le-chemin-blog-de-voyage.jpg 735w\" sizes=\"(max-width: 267px) 100vw, 267px\" \/> <img decoding=\"async\" loading=\"lazy\" class=\"alignnone wp-image-8625 size-medium\" src=\"https:\/\/arpenterlechemin.com\/wp-content\/uploads\/2020\/12\/Visiter-les-Carrieres-de-lumieres-en-Provence-Arpenter-le-chemin-blog-de-voyage-267x400.jpg\" alt=\"Visiter les Carrieres de lumieres en Provence - Arpenter le chemin blog de voyage\" width=\"267\" height=\"400\" srcset=\"https:\/\/arpenterlechemin.com\/wp-content\/uploads\/2020\/12\/Visiter-les-Carrieres-de-lumieres-en-Provence-Arpenter-le-chemin-blog-de-voyage-267x400.jpg 267w, https:\/\/arpenterlechemin.com\/wp-content\/uploads\/2020\/12\/Visiter-les-Carrieres-de-lumieres-en-Provence-Arpenter-le-chemin-blog-de-voyage-390x585.jpg 390w, https:\/\/arpenterlechemin.com\/wp-content\/uploads\/2020\/12\/Visiter-les-Carrieres-de-lumieres-en-Provence-Arpenter-le-chemin-blog-de-voyage.jpg 735w\" sizes=\"(max-width: 267px) 100vw, 267px\" \/> <img decoding=\"async\" loading=\"lazy\" class=\"alignnone wp-image-8629 size-medium\" src=\"https:\/\/arpenterlechemin.com\/wp-content\/uploads\/2020\/12\/Spectacle-insolite-en-Provence-Les-Carrieres-de-lumieres-Arpenter-le-chemin-blog-de-voyage-267x400.jpg\" alt=\"Spectacle insolite en Provence - Les Carrieres de lumieres - Arpenter le chemin blog de voyage\" width=\"267\" height=\"400\" srcset=\"https:\/\/arpenterlechemin.com\/wp-content\/uploads\/2020\/12\/Spectacle-insolite-en-Provence-Les-Carrieres-de-lumieres-Arpenter-le-chemin-blog-de-voyage-267x400.jpg 267w, https:\/\/arpenterlechemin.com\/wp-content\/uploads\/2020\/12\/Spectacle-insolite-en-Provence-Les-Carrieres-de-lumieres-Arpenter-le-chemin-blog-de-voyage-390x585.jpg 390w, https:\/\/arpenterlechemin.com\/wp-content\/uploads\/2020\/12\/Spectacle-insolite-en-Provence-Les-Carrieres-de-lumieres-Arpenter-le-chemin-blog-de-voyage.jpg 735w\" sizes=\"(max-width: 267px) 100vw, 267px\" \/><\/p>\n","protected":false},"excerpt":{"rendered":"<p>Lors de mon r\u00e9cit d&rsquo;une escapade proven\u00e7ale voil\u00e0 quelques mois, j&rsquo;ai omis de parler d&rsquo;une attraction majeure de la r\u00e9gion : les Carri\u00e8res de lumi\u00e8res. Lieu onirique magnifiquement mis en sc\u00e8ne, cach\u00e9 dans les entrailles des Alpilles, il est un incontournable en Provence et une excellente occupation dans les rares occasions o\u00f9 il pleut. Ce spectacle de son et lumi\u00e8re change chaque ann\u00e9e, mettant en valeur un peintre diff\u00e9rent au fil des \u00e9ditions. Aujourd&rsquo;hui, je vous fais d\u00e9couvrir l&rsquo;\u00e9dition 2019 des Carri\u00e8res de lumi\u00e8res, consacr\u00e9e \u00e0 Van Gogh. Je n&rsquo;ai <\/p>\n","protected":false},"author":1,"featured_media":8626,"comment_status":"open","ping_status":"open","sticky":false,"template":"","format":"standard","meta":{"jetpack_post_was_ever_published":false},"categories":[1,531],"tags":[614,668,703,516,682],"yoast_head":"<!-- This site is optimized with the Yoast SEO plugin v20.7 - https:\/\/yoast.com\/wordpress\/plugins\/seo\/ -->\n<title>FRANCE \/\/ Les Carri\u00e8res de lumi\u00e8res - Arpenter le chemin<\/title>\n<meta name=\"description\" content=\"Visiter les Carri\u00e8res de lumi\u00e8re aux baux de Provence : infos pratiques, expo Van Gogh et Japon, o\u00f9 stationner, \u00e0 quoi s&#039;attendre...\" \/>\n<meta name=\"robots\" content=\"index, follow, max-snippet:-1, max-image-preview:large, max-video-preview:-1\" \/>\n<link rel=\"canonical\" href=\"https:\/\/arpenterlechemin.com\/index.php\/2019\/12\/10\/carrieres-lumieres\/\" \/>\n<meta property=\"og:locale\" content=\"fr_FR\" \/>\n<meta property=\"og:type\" content=\"article\" \/>\n<meta property=\"og:title\" content=\"FRANCE \/\/ Les Carri\u00e8res de lumi\u00e8res - Arpenter le chemin\" \/>\n<meta property=\"og:description\" content=\"Visiter les Carri\u00e8res de lumi\u00e8re aux baux de Provence : infos pratiques, expo Van Gogh et Japon, o\u00f9 stationner, \u00e0 quoi s&#039;attendre...\" \/>\n<meta property=\"og:url\" content=\"https:\/\/arpenterlechemin.com\/index.php\/2019\/12\/10\/carrieres-lumieres\/\" \/>\n<meta property=\"og:site_name\" content=\"Arpenter le chemin\" \/>\n<meta property=\"article:published_time\" content=\"2019-12-10T05:35:04+00:00\" \/>\n<meta property=\"article:modified_time\" content=\"2021-10-31T13:16:25+00:00\" \/>\n<meta property=\"og:image\" content=\"https:\/\/arpenterlechemin.com\/wp-content\/uploads\/2020\/12\/carrieres-lumiere-baux-de-provence-blog-voyage-france-arpenter-le-chemin-1.jpg\" \/>\n\t<meta property=\"og:image:width\" content=\"1040\" \/>\n\t<meta property=\"og:image:height\" content=\"585\" \/>\n\t<meta property=\"og:image:type\" content=\"image\/jpeg\" \/>\n<meta name=\"author\" content=\"Audrey\" \/>\n<meta name=\"twitter:card\" content=\"summary_large_image\" \/>\n<meta name=\"twitter:label1\" content=\"\u00c9crit par\" \/>\n\t<meta name=\"twitter:data1\" content=\"Audrey\" \/>\n\t<meta name=\"twitter:label2\" content=\"Dur\u00e9e de lecture estim\u00e9e\" \/>\n\t<meta name=\"twitter:data2\" content=\"8 minutes\" \/>\n<script type=\"application\/ld+json\" class=\"yoast-schema-graph\">{\"@context\":\"https:\/\/schema.org\",\"@graph\":[{\"@type\":\"Article\",\"@id\":\"https:\/\/arpenterlechemin.com\/index.php\/2019\/12\/10\/carrieres-lumieres\/#article\",\"isPartOf\":{\"@id\":\"https:\/\/arpenterlechemin.com\/index.php\/2019\/12\/10\/carrieres-lumieres\/\"},\"author\":{\"name\":\"Audrey\",\"@id\":\"https:\/\/arpenterlechemin.com\/#\/schema\/person\/1d187818c0988fbea4d682c1e59c795c\"},\"headline\":\"FRANCE \/\/ Les Carri\u00e8res de lumi\u00e8res\",\"datePublished\":\"2019-12-10T05:35:04+00:00\",\"dateModified\":\"2021-10-31T13:16:25+00:00\",\"mainEntityOfPage\":{\"@id\":\"https:\/\/arpenterlechemin.com\/index.php\/2019\/12\/10\/carrieres-lumieres\/\"},\"wordCount\":1620,\"commentCount\":6,\"publisher\":{\"@id\":\"https:\/\/arpenterlechemin.com\/#organization\"},\"keywords\":[\"culture\",\"enfranceaussi\",\"expo\",\"france\",\"provence\"],\"articleSection\":[\"Blog\",\"Europe\"],\"inLanguage\":\"fr-FR\",\"potentialAction\":[{\"@type\":\"CommentAction\",\"name\":\"Comment\",\"target\":[\"https:\/\/arpenterlechemin.com\/index.php\/2019\/12\/10\/carrieres-lumieres\/#respond\"]}]},{\"@type\":\"WebPage\",\"@id\":\"https:\/\/arpenterlechemin.com\/index.php\/2019\/12\/10\/carrieres-lumieres\/\",\"url\":\"https:\/\/arpenterlechemin.com\/index.php\/2019\/12\/10\/carrieres-lumieres\/\",\"name\":\"FRANCE \/\/ Les Carri\u00e8res de lumi\u00e8res - Arpenter le chemin\",\"isPartOf\":{\"@id\":\"https:\/\/arpenterlechemin.com\/#website\"},\"datePublished\":\"2019-12-10T05:35:04+00:00\",\"dateModified\":\"2021-10-31T13:16:25+00:00\",\"description\":\"Visiter les Carri\u00e8res de lumi\u00e8re aux baux de Provence : infos pratiques, expo Van Gogh et Japon, o\u00f9 stationner, \u00e0 quoi s'attendre...\",\"breadcrumb\":{\"@id\":\"https:\/\/arpenterlechemin.com\/index.php\/2019\/12\/10\/carrieres-lumieres\/#breadcrumb\"},\"inLanguage\":\"fr-FR\",\"potentialAction\":[{\"@type\":\"ReadAction\",\"target\":[\"https:\/\/arpenterlechemin.com\/index.php\/2019\/12\/10\/carrieres-lumieres\/\"]}]},{\"@type\":\"BreadcrumbList\",\"@id\":\"https:\/\/arpenterlechemin.com\/index.php\/2019\/12\/10\/carrieres-lumieres\/#breadcrumb\",\"itemListElement\":[{\"@type\":\"ListItem\",\"position\":1,\"name\":\"Home\",\"item\":\"https:\/\/arpenterlechemin.com\/\"},{\"@type\":\"ListItem\",\"position\":2,\"name\":\"FRANCE \/\/ Les Carri\u00e8res de lumi\u00e8res\"}]},{\"@type\":\"WebSite\",\"@id\":\"https:\/\/arpenterlechemin.com\/#website\",\"url\":\"https:\/\/arpenterlechemin.com\/\",\"name\":\"Arpenter le chemin\",\"description\":\"\",\"publisher\":{\"@id\":\"https:\/\/arpenterlechemin.com\/#organization\"},\"potentialAction\":[{\"@type\":\"SearchAction\",\"target\":{\"@type\":\"EntryPoint\",\"urlTemplate\":\"https:\/\/arpenterlechemin.com\/?s={search_term_string}\"},\"query-input\":\"required name=search_term_string\"}],\"inLanguage\":\"fr-FR\"},{\"@type\":\"Organization\",\"@id\":\"https:\/\/arpenterlechemin.com\/#organization\",\"name\":\"Arpenter le chemin\",\"url\":\"https:\/\/arpenterlechemin.com\/\",\"logo\":{\"@type\":\"ImageObject\",\"inLanguage\":\"fr-FR\",\"@id\":\"https:\/\/arpenterlechemin.com\/#\/schema\/logo\/image\/\",\"url\":\"https:\/\/arpenterlechemin.com\/wp-content\/uploads\/2017\/04\/icone-4.jpg\",\"contentUrl\":\"https:\/\/arpenterlechemin.com\/wp-content\/uploads\/2017\/04\/icone-4.jpg\",\"width\":150,\"height\":73,\"caption\":\"Arpenter le chemin\"},\"image\":{\"@id\":\"https:\/\/arpenterlechemin.com\/#\/schema\/logo\/image\/\"}},{\"@type\":\"Person\",\"@id\":\"https:\/\/arpenterlechemin.com\/#\/schema\/person\/1d187818c0988fbea4d682c1e59c795c\",\"name\":\"Audrey\",\"image\":{\"@type\":\"ImageObject\",\"inLanguage\":\"fr-FR\",\"@id\":\"https:\/\/arpenterlechemin.com\/#\/schema\/person\/image\/\",\"url\":\"https:\/\/secure.gravatar.com\/avatar\/b75298f64c73f1709976c50921beae6a?s=96&d=mm&r=g\",\"contentUrl\":\"https:\/\/secure.gravatar.com\/avatar\/b75298f64c73f1709976c50921beae6a?s=96&d=mm&r=g\",\"caption\":\"Audrey\"},\"description\":\"Allergique \u00e0 la routine, atteinte de bougeotte aigu\u00eb, j'essaie de m'envoler aussi souvent que possible, seule, en couple ou entre amis ! Ville, nature, culture, rando... tout me va, \u00e0 partir du moment o\u00f9 je suis dehors.\",\"url\":\"https:\/\/arpenterlechemin.com\/index.php\/author\/audreyf\/\"}]}<\/script>\n<!-- \/ Yoast SEO plugin. -->","yoast_head_json":{"title":"FRANCE \/\/ Les Carri\u00e8res de lumi\u00e8res - Arpenter le chemin","description":"Visiter les Carri\u00e8res de lumi\u00e8re aux baux de Provence : infos pratiques, expo Van Gogh et Japon, o\u00f9 stationner, \u00e0 quoi s'attendre...","robots":{"index":"index","follow":"follow","max-snippet":"max-snippet:-1","max-image-preview":"max-image-preview:large","max-video-preview":"max-video-preview:-1"},"canonical":"https:\/\/arpenterlechemin.com\/index.php\/2019\/12\/10\/carrieres-lumieres\/","og_locale":"fr_FR","og_type":"article","og_title":"FRANCE \/\/ Les Carri\u00e8res de lumi\u00e8res - Arpenter le chemin","og_description":"Visiter les Carri\u00e8res de lumi\u00e8re aux baux de Provence : infos pratiques, expo Van Gogh et Japon, o\u00f9 stationner, \u00e0 quoi s'attendre...","og_url":"https:\/\/arpenterlechemin.com\/index.php\/2019\/12\/10\/carrieres-lumieres\/","og_site_name":"Arpenter le chemin","article_published_time":"2019-12-10T05:35:04+00:00","article_modified_time":"2021-10-31T13:16:25+00:00","og_image":[{"width":1040,"height":585,"url":"https:\/\/arpenterlechemin.com\/wp-content\/uploads\/2020\/12\/carrieres-lumiere-baux-de-provence-blog-voyage-france-arpenter-le-chemin-1.jpg","type":"image\/jpeg"}],"author":"Audrey","twitter_card":"summary_large_image","twitter_misc":{"\u00c9crit par":"Audrey","Dur\u00e9e de lecture estim\u00e9e":"8 minutes"},"schema":{"@context":"https:\/\/schema.org","@graph":[{"@type":"Article","@id":"https:\/\/arpenterlechemin.com\/index.php\/2019\/12\/10\/carrieres-lumieres\/#article","isPartOf":{"@id":"https:\/\/arpenterlechemin.com\/index.php\/2019\/12\/10\/carrieres-lumieres\/"},"author":{"name":"Audrey","@id":"https:\/\/arpenterlechemin.com\/#\/schema\/person\/1d187818c0988fbea4d682c1e59c795c"},"headline":"FRANCE \/\/ Les Carri\u00e8res de lumi\u00e8res","datePublished":"2019-12-10T05:35:04+00:00","dateModified":"2021-10-31T13:16:25+00:00","mainEntityOfPage":{"@id":"https:\/\/arpenterlechemin.com\/index.php\/2019\/12\/10\/carrieres-lumieres\/"},"wordCount":1620,"commentCount":6,"publisher":{"@id":"https:\/\/arpenterlechemin.com\/#organization"},"keywords":["culture","enfranceaussi","expo","france","provence"],"articleSection":["Blog","Europe"],"inLanguage":"fr-FR","potentialAction":[{"@type":"CommentAction","name":"Comment","target":["https:\/\/arpenterlechemin.com\/index.php\/2019\/12\/10\/carrieres-lumieres\/#respond"]}]},{"@type":"WebPage","@id":"https:\/\/arpenterlechemin.com\/index.php\/2019\/12\/10\/carrieres-lumieres\/","url":"https:\/\/arpenterlechemin.com\/index.php\/2019\/12\/10\/carrieres-lumieres\/","name":"FRANCE \/\/ Les Carri\u00e8res de lumi\u00e8res - Arpenter le chemin","isPartOf":{"@id":"https:\/\/arpenterlechemin.com\/#website"},"datePublished":"2019-12-10T05:35:04+00:00","dateModified":"2021-10-31T13:16:25+00:00","description":"Visiter les Carri\u00e8res de lumi\u00e8re aux baux de Provence : infos pratiques, expo Van Gogh et Japon, o\u00f9 stationner, \u00e0 quoi s'attendre...","breadcrumb":{"@id":"https:\/\/arpenterlechemin.com\/index.php\/2019\/12\/10\/carrieres-lumieres\/#breadcrumb"},"inLanguage":"fr-FR","potentialAction":[{"@type":"ReadAction","target":["https:\/\/arpenterlechemin.com\/index.php\/2019\/12\/10\/carrieres-lumieres\/"]}]},{"@type":"BreadcrumbList","@id":"https:\/\/arpenterlechemin.com\/index.php\/2019\/12\/10\/carrieres-lumieres\/#breadcrumb","itemListElement":[{"@type":"ListItem","position":1,"name":"Home","item":"https:\/\/arpenterlechemin.com\/"},{"@type":"ListItem","position":2,"name":"FRANCE \/\/ Les Carri\u00e8res de lumi\u00e8res"}]},{"@type":"WebSite","@id":"https:\/\/arpenterlechemin.com\/#website","url":"https:\/\/arpenterlechemin.com\/","name":"Arpenter le chemin","description":"","publisher":{"@id":"https:\/\/arpenterlechemin.com\/#organization"},"potentialAction":[{"@type":"SearchAction","target":{"@type":"EntryPoint","urlTemplate":"https:\/\/arpenterlechemin.com\/?s={search_term_string}"},"query-input":"required name=search_term_string"}],"inLanguage":"fr-FR"},{"@type":"Organization","@id":"https:\/\/arpenterlechemin.com\/#organization","name":"Arpenter le chemin","url":"https:\/\/arpenterlechemin.com\/","logo":{"@type":"ImageObject","inLanguage":"fr-FR","@id":"https:\/\/arpenterlechemin.com\/#\/schema\/logo\/image\/","url":"https:\/\/arpenterlechemin.com\/wp-content\/uploads\/2017\/04\/icone-4.jpg","contentUrl":"https:\/\/arpenterlechemin.com\/wp-content\/uploads\/2017\/04\/icone-4.jpg","width":150,"height":73,"caption":"Arpenter le chemin"},"image":{"@id":"https:\/\/arpenterlechemin.com\/#\/schema\/logo\/image\/"}},{"@type":"Person","@id":"https:\/\/arpenterlechemin.com\/#\/schema\/person\/1d187818c0988fbea4d682c1e59c795c","name":"Audrey","image":{"@type":"ImageObject","inLanguage":"fr-FR","@id":"https:\/\/arpenterlechemin.com\/#\/schema\/person\/image\/","url":"https:\/\/secure.gravatar.com\/avatar\/b75298f64c73f1709976c50921beae6a?s=96&d=mm&r=g","contentUrl":"https:\/\/secure.gravatar.com\/avatar\/b75298f64c73f1709976c50921beae6a?s=96&d=mm&r=g","caption":"Audrey"},"description":"Allergique \u00e0 la routine, atteinte de bougeotte aigu\u00eb, j'essaie de m'envoler aussi souvent que possible, seule, en couple ou entre amis ! Ville, nature, culture, rando... tout me va, \u00e0 partir du moment o\u00f9 je suis dehors.","url":"https:\/\/arpenterlechemin.com\/index.php\/author\/audreyf\/"}]}},"jetpack_featured_media_url":"https:\/\/arpenterlechemin.com\/wp-content\/uploads\/2020\/12\/carrieres-lumiere-baux-de-provence-blog-voyage-france-arpenter-le-chemin-1.jpg","jetpack_sharing_enabled":true,"jetpack_shortlink":"https:\/\/wp.me\/p8z9hR-2eC","jetpack-related-posts":[{"id":7448,"url":"https:\/\/arpenterlechemin.com\/index.php\/2019\/04\/23\/france-escapade-provence\/","url_meta":{"origin":8594,"position":0},"title":"FRANCE \/\/ Escapades autour de Saint-R\u00e9my de Provence","date":"23 avril 2019","format":false,"excerpt":"Il y a quelque chose d'envo\u00fbtant en Provence, vous ne trouvez pas ? Van Gogh et C\u00e9zanne y ont trouv\u00e9 l'inspiration entre Arles, Saint-R\u00e9my et Aix, et il suffit d'une visite au printemps pour comprendre ce qui les a tant fascin\u00e9s : sous le ciel proven\u00e7al d'une profondeur inou\u00efe, les\u2026","rel":"","context":"Dans &quot;Blog&quot;","img":{"alt_text":"escapades provence blog voyage arpenter le chemin","src":"https:\/\/i0.wp.com\/arpenterlechemin.com\/wp-content\/uploads\/2019\/04\/escapades-provence-blog-voyage-arpenter-le-chemin.jpg?resize=350%2C200&ssl=1","width":350,"height":200},"classes":[]},{"id":7545,"url":"https:\/\/arpenterlechemin.com\/index.php\/2019\/05\/07\/arles-espace-van-gogh\/","url_meta":{"origin":8594,"position":1},"title":"FRANCE \/\/ L&rsquo;espace Van Gogh \u00e0 Arles","date":"7 mai 2019","format":false,"excerpt":"Que serait-on sans artistes ? \u00c0 l'heure o\u00f9 le gouvernement fran\u00e7ais r\u00e9forme le r\u00e9gime des retraites des auteurs, avec des cons\u00e9quences d\u00e9sastreuses sur la production de contenus culturels, il est plus important que jamais de rappeler que les artistes sont indispensables dans notre soci\u00e9t\u00e9. Sans artistes, pas de chansons, pas\u2026","rel":"","context":"Dans &quot;Blog&quot;","img":{"alt_text":"espace van gogh arles escapades provence blog voyage arpenter le chemin","src":"https:\/\/i0.wp.com\/arpenterlechemin.com\/wp-content\/uploads\/2019\/04\/espace-van-gogh-arles-escapades-provence-blog-voyage-arpenter-le-chemin.jpg?resize=350%2C200&ssl=1","width":350,"height":200},"classes":[]},{"id":4411,"url":"https:\/\/arpenterlechemin.com\/index.php\/2017\/12\/08\/enfranceaussi-fete-lumieres-a-lyon\/","url_meta":{"origin":8594,"position":2},"title":"FRANCE \/\/ La F\u00eate des Lumi\u00e8res \u00e0 Lyon","date":"8 d\u00e9cembre 2017","format":false,"excerpt":"Aujourd'hui 8 d\u00e9cembre, c'est la F\u00eate des Lumi\u00e8res. Rien ne donne autant le coup d'envoi des f\u00eates de fin d'ann\u00e9e comme la F\u00eate des Lumi\u00e8res \u00e0 Lyon : un des plus grands festivals urbains au monde, trois \u00e0 quatre jours de f\u00eate autour du 8 d\u00e9cembre, une ambiance f\u00e9erique et\u2026","rel":"","context":"Dans &quot;Blog&quot;","img":{"alt_text":"","src":"https:\/\/i0.wp.com\/arpenterlechemin.com\/wp-content\/uploads\/2017\/12\/titre-f\u00eate-des-lumi\u00e8res.jpg?resize=350%2C200&ssl=1","width":350,"height":200},"classes":[]},{"id":10831,"url":"https:\/\/arpenterlechemin.com\/index.php\/2021\/11\/01\/alyscamps-arles\/","url_meta":{"origin":8594,"position":3},"title":"FRANCE \/\/ Les Alyscamps d&rsquo;Arles","date":"1 novembre 2021","format":false,"excerpt":"Oh, novembre, mois sombre et gris. Pour en rajouter une couche, la Toussaint et le Jour des morts inaugurent g\u00e9n\u00e9ralement le mois de novembre par une visite lugubre au cimeti\u00e8re. Et si on changeait de regard sur les cimeti\u00e8res ? De lieux d'une grande tristesse, ils peuvent devenir une destination\u2026","rel":"","context":"Dans &quot;Blog&quot;","img":{"alt_text":"Visiter les Alyscamps \u00e0 Arles","src":"https:\/\/i0.wp.com\/arpenterlechemin.com\/wp-content\/uploads\/2021\/10\/Visiter-les-Alyscamps-\u00e0-Arles.jpg?resize=350%2C200&ssl=1","width":350,"height":200},"classes":[]},{"id":7629,"url":"https:\/\/arpenterlechemin.com\/index.php\/2020\/03\/27\/camargue\/","url_meta":{"origin":8594,"position":4},"title":"FRANCE \/\/ Camargue, id\u00e9es de visite pour une escapade","date":"27 mars 2020","format":false,"excerpt":"\u00c0 l'extr\u00e9mit\u00e9 sud de la Provence, la Camargue est un territoire \u00e0 part. Rizi\u00e8res et manades, flamants roses et chevaux blancs, la Camargue r\u00e9ussit \u00e0 avoir une identit\u00e9 unique dans un mouchoir de poche d\u00e9limit\u00e9 par le delta du Rh\u00f4ne. D'Arles aux Saintes-Maries-de-la-Mer, prot\u00e9g\u00e9s en grande partie par un parc\u2026","rel":"","context":"Dans &quot;Blog&quot;","img":{"alt_text":"Camargue Provence escapade","src":"https:\/\/i0.wp.com\/arpenterlechemin.com\/wp-content\/uploads\/2020\/03\/Camargue-Provence-escapade.jpg?resize=350%2C200&ssl=1","width":350,"height":200},"classes":[]},{"id":7606,"url":"https:\/\/arpenterlechemin.com\/index.php\/2020\/03\/17\/arles-escapade\/","url_meta":{"origin":8594,"position":5},"title":"FRANCE \/\/ Arles, que voir lors d&rsquo;une premi\u00e8re visite","date":"17 mars 2020","format":false,"excerpt":"Il y a tout juste un an, je d\u00e9laissais mon Canada ch\u00e9ri pour venir dans une ville inconnue qui m'a adopt\u00e9e l'espace de petits deux mois et demi : Arles, aux portes de la Camargue, dans une France si lointaine de celle que je connais en Haute-Savoie et \u00e0 Lyon\u2026","rel":"","context":"Dans &quot;Blog&quot;","img":{"alt_text":"Arles Provence escapade","src":"https:\/\/i0.wp.com\/arpenterlechemin.com\/wp-content\/uploads\/2019\/06\/Arles-Provence-escapade.jpg?resize=350%2C200&ssl=1","width":350,"height":200},"classes":[]}],"_links":{"self":[{"href":"https:\/\/arpenterlechemin.com\/index.php\/wp-json\/wp\/v2\/posts\/8594"}],"collection":[{"href":"https:\/\/arpenterlechemin.com\/index.php\/wp-json\/wp\/v2\/posts"}],"about":[{"href":"https:\/\/arpenterlechemin.com\/index.php\/wp-json\/wp\/v2\/types\/post"}],"author":[{"embeddable":true,"href":"https:\/\/arpenterlechemin.com\/index.php\/wp-json\/wp\/v2\/users\/1"}],"replies":[{"embeddable":true,"href":"https:\/\/arpenterlechemin.com\/index.php\/wp-json\/wp\/v2\/comments?post=8594"}],"version-history":[{"count":0,"href":"https:\/\/arpenterlechemin.com\/index.php\/wp-json\/wp\/v2\/posts\/8594\/revisions"}],"wp:featuredmedia":[{"embeddable":true,"href":"https:\/\/arpenterlechemin.com\/index.php\/wp-json\/wp\/v2\/media\/8626"}],"wp:attachment":[{"href":"https:\/\/arpenterlechemin.com\/index.php\/wp-json\/wp\/v2\/media?parent=8594"}],"wp:term":[{"taxonomy":"category","embeddable":true,"href":"https:\/\/arpenterlechemin.com\/index.php\/wp-json\/wp\/v2\/categories?post=8594"},{"taxonomy":"post_tag","embeddable":true,"href":"https:\/\/arpenterlechemin.com\/index.php\/wp-json\/wp\/v2\/tags?post=8594"}],"curies":[{"name":"wp","href":"https:\/\/api.w.org\/{rel}","templated":true}]}}