{"id":8399,"date":"2020-11-12T18:15:16","date_gmt":"2020-11-12T22:15:16","guid":{"rendered":"https:\/\/arpenterlechemin.com\/?p=8399"},"modified":"2021-11-19T09:43:17","modified_gmt":"2021-11-19T13:43:17","slug":"road-trip-automne-gaspesie","status":"publish","type":"post","link":"https:\/\/arpenterlechemin.com\/index.php\/2020\/11\/12\/road-trip-automne-gaspesie\/","title":{"rendered":"QU\u00c9BEC \/\/ D\u00e9couvrir la Gasp\u00e9sie en automne"},"content":{"rendered":"<p>La <strong>Gasp\u00e9sie<\/strong> fait partie de ces <strong>destinations mythiques au Qu\u00e9bec<\/strong>, un incontournable qu&rsquo;on soit Europ\u00e9en ou Qu\u00e9b\u00e9cois. C&rsquo;est que cette p\u00e9ninsule regorge de paysages \u00e9poustouflants et faciles d&rsquo;acc\u00e8s via la fameuse route 132, qui en fait le tour. Lors de mon <a href=\"https:\/\/arpenterlechemin.com\/index.php\/2018\/07\/24\/road-trip-gaspesie\/\">road-trip en Gasp\u00e9sie<\/a> \u00e0 l&rsquo;\u00e9t\u00e9 2018, j&rsquo;avais vu bien des merveilles mais j&rsquo;avais aussi d\u00fb faire une croix sur le parc national de la Gasp\u00e9sie, alors interdit aux chiens. En 2019, au moment de choisir ma destination annuelle de vacances sans avion, je n&rsquo;avais qu&rsquo;une id\u00e9e en t\u00eate : retourner en Gasp\u00e9sie, et en automne avec \u00e7a, pour randonner au milieu des feuillages multicolores. Je n&rsquo;ai pas \u00e9t\u00e9 d\u00e9\u00e7ue, tant <strong>l&rsquo;int\u00e9rieur de la Gasp\u00e9sie est un paradis de la randonn\u00e9e<\/strong>. Voici le r\u00e9cit de mon s\u00e9jour en Gasp\u00e9sie en automne, mi road-trip, mi voyage s\u00e9dentaire, et presque 100 % rando.<\/p>\n<p><img decoding=\"async\" loading=\"lazy\" class=\"aligncenter size-full wp-image-8408\" src=\"https:\/\/arpenterlechemin.com\/wp-content\/uploads\/2019\/10\/randonnee-intermediaire-mont-joseph-fortin-parc-gaspesie-blog-voyage-quebec-arpenter-le-chemin.jpg\" alt=\"randonnee intermediaire mont joseph fortin parc gaspesie blog voyage quebec arpenter le chemin\" width=\"4156\" height=\"2338\" \/><\/p>\n<h2><span style=\"color: #993300;\">Jour 1 : Moncton-Campbellton-parc provincial de Sugarloaf-Sainte-Anne-des-Monts<\/span><\/h2>\n<p>Nous partons t\u00f4t le matin : au moins six heures de route nous attendent depuis <a href=\"https:\/\/arpenterlechemin.com\/index.php\/2019\/07\/17\/que-faire-moncton\/\">Moncton<\/a>, une dur\u00e9e pile entre le supportable et le franchement p\u00e9nible, pour des gens comme nous, qui n&rsquo;aiment pas conduire. Heureusement, une \u00e9tape toute trouv\u00e9e \u00e0 mi-chemin rend la route plus douce : <strong>Campbellton, \u00e0 la fronti\u00e8re entre le Nouveau-Brunswick et le Qu\u00e9bec<\/strong>. Ce n&rsquo;est pas seulement sa situation centrale qui nous pousse \u00e0 marquer une halte : je tiens \u00e0 grimper au sommet au <strong>mont Sugarloaf dans ses plus belles couleurs d&rsquo;automne<\/strong>, comme un avant-go\u00fbt \u00e0 ce qui nous attend du c\u00f4t\u00e9 de la Gasp\u00e9sie. Je parle plus longuement des caract\u00e9ristiques techniques du Mont Sugarloaf <a href=\"https:\/\/arpenterlechemin.com\/index.php\/2020\/07\/01\/mont-sugarloaf-nouveau-brunswick\/\">dans ce billet que je vous invite \u00e0 relire<\/a>, mais sachez que depuis son sommet, la vue est presque sans \u00e9gale au Nouveau-Brunswick. Ai-je besoin d&rsquo;en dire plus ?<\/p>\n<p><img decoding=\"async\" loading=\"lazy\" class=\"aligncenter size-full wp-image-9353\" src=\"https:\/\/arpenterlechemin.com\/wp-content\/uploads\/2020\/07\/Mont-Sugarloaf-Campbellton-infos-randonn\u00e9e-nouveau-brunswick-canada-scaled.jpg\" alt=\"Mont Sugarloaf Campbellton infos randonn\u00e9e nouveau-brunswick canada\" width=\"2560\" height=\"1439\" srcset=\"https:\/\/arpenterlechemin.com\/wp-content\/uploads\/2020\/07\/Mont-Sugarloaf-Campbellton-infos-randonn\u00e9e-nouveau-brunswick-canada-scaled.jpg 2560w, https:\/\/arpenterlechemin.com\/wp-content\/uploads\/2020\/07\/Mont-Sugarloaf-Campbellton-infos-randonn\u00e9e-nouveau-brunswick-canada-690x388.jpg 690w, https:\/\/arpenterlechemin.com\/wp-content\/uploads\/2020\/07\/Mont-Sugarloaf-Campbellton-infos-randonn\u00e9e-nouveau-brunswick-canada-1040x585.jpg 1040w, https:\/\/arpenterlechemin.com\/wp-content\/uploads\/2020\/07\/Mont-Sugarloaf-Campbellton-infos-randonn\u00e9e-nouveau-brunswick-canada-500x280.jpg 500w, https:\/\/arpenterlechemin.com\/wp-content\/uploads\/2020\/07\/Mont-Sugarloaf-Campbellton-infos-randonn\u00e9e-nouveau-brunswick-canada-768x432.jpg 768w, https:\/\/arpenterlechemin.com\/wp-content\/uploads\/2020\/07\/Mont-Sugarloaf-Campbellton-infos-randonn\u00e9e-nouveau-brunswick-canada-1536x864.jpg 1536w, https:\/\/arpenterlechemin.com\/wp-content\/uploads\/2020\/07\/Mont-Sugarloaf-Campbellton-infos-randonn\u00e9e-nouveau-brunswick-canada-2048x1151.jpg 2048w\" sizes=\"(max-width: 2560px) 100vw, 2560px\" \/><\/p>\n<p style=\"text-align: center;\"><em>Immanquable mont Sugarloaf, vu depuis l&rsquo;autoroute<\/em><\/p>\n<p><img decoding=\"async\" loading=\"lazy\" class=\"aligncenter size-full wp-image-9355\" src=\"https:\/\/arpenterlechemin.com\/wp-content\/uploads\/2020\/07\/Parc-provincial-Sugarloaf-sentiers-Nouveau-Brunswick.jpg\" alt=\"Parc provincial Sugarloaf sentiers Nouveau-Brunswick\" width=\"1920\" height=\"1080\" srcset=\"https:\/\/arpenterlechemin.com\/wp-content\/uploads\/2020\/07\/Parc-provincial-Sugarloaf-sentiers-Nouveau-Brunswick.jpg 1920w, https:\/\/arpenterlechemin.com\/wp-content\/uploads\/2020\/07\/Parc-provincial-Sugarloaf-sentiers-Nouveau-Brunswick-690x388.jpg 690w, https:\/\/arpenterlechemin.com\/wp-content\/uploads\/2020\/07\/Parc-provincial-Sugarloaf-sentiers-Nouveau-Brunswick-1040x585.jpg 1040w, https:\/\/arpenterlechemin.com\/wp-content\/uploads\/2020\/07\/Parc-provincial-Sugarloaf-sentiers-Nouveau-Brunswick-500x280.jpg 500w, https:\/\/arpenterlechemin.com\/wp-content\/uploads\/2020\/07\/Parc-provincial-Sugarloaf-sentiers-Nouveau-Brunswick-768x432.jpg 768w, https:\/\/arpenterlechemin.com\/wp-content\/uploads\/2020\/07\/Parc-provincial-Sugarloaf-sentiers-Nouveau-Brunswick-1536x864.jpg 1536w\" sizes=\"(max-width: 1920px) 100vw, 1920px\" \/><\/p>\n<p>Nous reprenons la route pour quelques heures de plus, via Carleton-sur-Mer et Gesgapegig, puis la route 299, au fond d&rsquo;une vall\u00e9e. Dans le soleil qui commence \u00e0 se coucher, celle-ci prend des allures de <strong>vall\u00e9e des merveilles<\/strong> et l&rsquo;on se prend \u00e0 r\u00eaver de vivre de ce petit fleuve, envie qui reviendra \u00e0 de nombreuses reprises pendant ce voyage. Nous passons bri\u00e8vement par le parc national de la Gasp\u00e9sie, puis par Sainte-Anne-des-Monts, et enfin, nous arrivons \u00e0 notre chalet de location. La vue est belle, le chalet est coquet et tranquille, on est contents.<\/p>\n<p><img decoding=\"async\" loading=\"lazy\" class=\"aligncenter size-full wp-image-9878\" src=\"https:\/\/arpenterlechemin.com\/wp-content\/uploads\/2020\/11\/Sainte-anne-des-monts-gasp\u00e9sie-qu\u00e9bec-o\u00f9-dormir-chalet-\u00e9pic\u00e9a-scaled.jpg\" alt=\"Sainte-anne-des-monts gasp\u00e9sie qu\u00e9bec o\u00f9 dormir chalet \u00e9pic\u00e9a\" width=\"2560\" height=\"1440\" \/><\/p>\n<h2><span style=\"color: #993300;\">Jour 2 : Parc national de la Gasp\u00e9sie<\/span><\/h2>\n<p>La m\u00e9t\u00e9o n&rsquo;est pas avec nous mais ce n&rsquo;est pas \u00e7a qui va nous d\u00e9courager ! \u00c0 l&rsquo;accueil du <strong>parc national de la Gasp\u00e9sie<\/strong>, nous demandons qu&rsquo;on nous conseille une randonn\u00e9e gratifiante. Vous savez, de celles qui demandent <strong>un peu d&rsquo;efforts mais pas trop, et un certain degr\u00e9 de r\u00e9compense<\/strong>. Je sais bien que les plus beaux paysages sont ceux pour lesquels on a bav\u00e9, mais des fois, on a juste envie de suer un peu, et d&rsquo;avoir quand m\u00eame une belle vue. La guide nous oriente bien vite vers le <strong>mont Ernest-Laforce, \u00ab\u00a0le meilleur rapport-r\u00e9compense du parc\u00a0\u00bb.<\/strong> Avec le recul, je me permettrais de nuancer (voir la journ\u00e9e o\u00f9 nous sommes all\u00e9s au mont Olivine, plus bas) mais c&rsquo;est une excellente entr\u00e9e en mati\u00e8re.<\/p>\n<p><img decoding=\"async\" loading=\"lazy\" class=\"aligncenter size-full wp-image-8404\" src=\"https:\/\/arpenterlechemin.com\/wp-content\/uploads\/2019\/10\/randonnee-facile-parc-national-gaspesie-mont-ernest-laforce-infos-pratiques-road-trip-canada-blog-de-voyage-arpenter-le-chemin.jpg\" alt=\"randonnee facile parc national gaspesie mont ernest laforce infos pratiques road-trip canada blog de voyage arpenter le chemin\" width=\"4157\" height=\"2338\" srcset=\"https:\/\/arpenterlechemin.com\/wp-content\/uploads\/2019\/10\/randonnee-facile-parc-national-gaspesie-mont-ernest-laforce-infos-pratiques-road-trip-canada-blog-de-voyage-arpenter-le-chemin.jpg 4157w, https:\/\/arpenterlechemin.com\/wp-content\/uploads\/2019\/10\/randonnee-facile-parc-national-gaspesie-mont-ernest-laforce-infos-pratiques-road-trip-canada-blog-de-voyage-arpenter-le-chemin-500x280.jpg 500w, https:\/\/arpenterlechemin.com\/wp-content\/uploads\/2019\/10\/randonnee-facile-parc-national-gaspesie-mont-ernest-laforce-infos-pratiques-road-trip-canada-blog-de-voyage-arpenter-le-chemin-690x388.jpg 690w, https:\/\/arpenterlechemin.com\/wp-content\/uploads\/2019\/10\/randonnee-facile-parc-national-gaspesie-mont-ernest-laforce-infos-pratiques-road-trip-canada-blog-de-voyage-arpenter-le-chemin-768x432.jpg 768w, https:\/\/arpenterlechemin.com\/wp-content\/uploads\/2019\/10\/randonnee-facile-parc-national-gaspesie-mont-ernest-laforce-infos-pratiques-road-trip-canada-blog-de-voyage-arpenter-le-chemin-1040x585.jpg 1040w\" sizes=\"(max-width: 4157px) 100vw, 4157px\" \/><\/p>\n<p>J&rsquo;ai d\u00e9j\u00e0 parl\u00e9 de toutes les caract\u00e9ristiques techniques des randonn\u00e9es faites pendant ce s\u00e9jour <a href=\"https:\/\/arpenterlechemin.com\/index.php\/2020\/11\/03\/randonnees-automne-nouveau-brunswick\/\">dans ce billet, que je vous invite d&rsquo;ors et d\u00e9j\u00e0 \u00e0 relire<\/a>. Mais si vous ne l&rsquo;avez pas encore lu, laissez-moi vous dire que <strong>le mont Ernest-Laforce est r\u00e9put\u00e9 pour ses orignaux<\/strong>, et que cela n&rsquo;a pas manqu\u00e9 : nous en avons crois\u00e9 d\u00e8s les 200 premiers m\u00e8tres. La randonn\u00e9 elle-m\u00eame donne acc\u00e8s \u00e0 un point de vue bien d\u00e9gag\u00e9 sur les monts qui entourent le mont Ernest-Laforce, et qui \u00e9taient couverts de neige ce jour-l\u00e0 ! Autant dire que nous ne nous sommes pas attard\u00e9s pour notre pique-nique. Malgr\u00e9 tout, cette randonn\u00e9e facile et de dur\u00e9e moyenne fait <strong>une excellente introduction au parc national de la Gasp\u00e9sie<\/strong>, un \u00e9chauffement qui montre des sommets qui ne demandent qu&rsquo;\u00e0 \u00eatre gravis.<\/p>\n<p><img decoding=\"async\" loading=\"lazy\" class=\"aligncenter size-full wp-image-8405\" src=\"https:\/\/arpenterlechemin.com\/wp-content\/uploads\/2019\/10\/mont-ernest-laforce-randonnee-gaspesie-automne-blog-voyage-canada-road-trip-arpenter-le-chemin.jpg\" alt=\"mont ernest laforce randonnee gaspesie automne blog voyage canada road-trip arpenter le chemin\" width=\"1920\" height=\"1080\" srcset=\"https:\/\/arpenterlechemin.com\/wp-content\/uploads\/2019\/10\/mont-ernest-laforce-randonnee-gaspesie-automne-blog-voyage-canada-road-trip-arpenter-le-chemin.jpg 1920w, https:\/\/arpenterlechemin.com\/wp-content\/uploads\/2019\/10\/mont-ernest-laforce-randonnee-gaspesie-automne-blog-voyage-canada-road-trip-arpenter-le-chemin-500x280.jpg 500w, https:\/\/arpenterlechemin.com\/wp-content\/uploads\/2019\/10\/mont-ernest-laforce-randonnee-gaspesie-automne-blog-voyage-canada-road-trip-arpenter-le-chemin-690x388.jpg 690w, https:\/\/arpenterlechemin.com\/wp-content\/uploads\/2019\/10\/mont-ernest-laforce-randonnee-gaspesie-automne-blog-voyage-canada-road-trip-arpenter-le-chemin-768x432.jpg 768w, https:\/\/arpenterlechemin.com\/wp-content\/uploads\/2019\/10\/mont-ernest-laforce-randonnee-gaspesie-automne-blog-voyage-canada-road-trip-arpenter-le-chemin-1040x585.jpg 1040w\" sizes=\"(max-width: 1920px) 100vw, 1920px\" \/><\/p>\n<h2><span style=\"color: #993300;\">Jour 3 : Sainte-Anne-Des-Monts<\/span><\/h2>\n<p>La m\u00e9t\u00e9o n&rsquo;est VRAIMENT pas avec nous. Aujourd&rsquo;hui, les sommets qu&rsquo;on voyait hier depuis le chalet sont coiff\u00e9s de brume et faire 40 minutes de route pour randonner dans le brouillard, \u00e7a nous tente moyennement. C&rsquo;est aussi \u00e7a <a href=\"https:\/\/arpenterlechemin.com\/index.php\/2020\/11\/03\/randonnees-automne-nouveau-brunswick\/\">l&rsquo;automne<\/a>&#8230; Au lieu de nous \u00e9vertuer \u00e0 randonner sur des sentiers d\u00e9tremp\u00e9s,<strong> nous prenons une journ\u00e9e douillette, \u00e0 profiter de notre chalet et de sa belle vue. <\/strong>Est-ce que vous aussi, vous avez du mal \u00e0 r\u00e9ellement vous reposer en vacances ? C&rsquo;est un paradoxe r\u00e9current chez moi : quitte \u00e0 partir, j&rsquo;ai envie de voir ou de faire beaucoup de choses. J&rsquo;ai franchi le cap o\u00f9 je suis d\u00e9sormais capable de me reposer en vacances sans culpabiliser de ne pas rentabiliser ces vacances souvent ch\u00e8rement acquises, mais il me faut souvent un petit coup de pouce de la m\u00e9t\u00e9o. Le coup de pouce \u00e9tait l\u00e0, et arm\u00e9e de bons livres, d&rsquo;un carnet \u00e0 dessin et d&rsquo;un plaid, la journ\u00e9e passe tranquillement. Au loin, les nuages passent sur le golfe du Saint-Laurent et on se laisse volontiers glisser dans une sieste bienfaisante.<\/p>\n<p><img decoding=\"async\" loading=\"lazy\" class=\"aligncenter size-full wp-image-9881\" src=\"https:\/\/arpenterlechemin.com\/wp-content\/uploads\/2020\/11\/Logement-Sainte-Anne-des-Monts-Chalet-\u00e9pic\u00e9a-voyage-Gasp\u00e9sie-.jpg\" alt=\"Logement Sainte-Anne-des-Monts Chalet \u00e9pic\u00e9a voyage Gasp\u00e9sie\" width=\"1920\" height=\"1080\" \/><\/p>\n<p>Du coup, je vous montre quelques images de notre chalet accueillant, \u00e9videmment prises \u00e0 la faveur d&rsquo;une m\u00e9t\u00e9o plus cl\u00e9mente : le <a href=\"https:\/\/www.booking.com\/hotel\/ca\/chalet-epicea.en.html?aid=1571475&amp;no_rooms=1&amp;group_adults=1\">Chalet \u00c9pic\u00e9a<\/a>. On a beaucoup appr\u00e9ci\u00e9 notre choix : <strong>un chalet d\u00e9cor\u00e9 avec go\u00fbt et tout confort<\/strong>. Le salon en mezzanine \u00e9tait parfait pour se d\u00e9tendre, et il y avait m\u00eame des jeux et des livres. Et est-ce que j&rsquo;ai parl\u00e9 de la salle de bains dont les murs sont construits en&#8230; bouteilles ? Une technique pour apporter de la clart\u00e9 [<em>je me souviens de mon \u00e9merveillement \u00e0 lire un Picsou d&rsquo;un autre \u00e2ge, o\u00f9 ces murs faisaient partie importante de l&rsquo;intrigue&#8230; et de ne rien comprendre du tout \u00e0 ce concept du haut de mes 8 ans en Haute-Savoie \ud83d\ude00 Maintenant je comprends mieux !<\/em>] Au niveau de la vue, c&rsquo;\u00e9tait top : monts d&rsquo;un c\u00f4t\u00e9, mer de l&rsquo;autre. Derri\u00e8re le jardin, des bois. Les voisins sont quasi-invisibles et la route 102, non loin, n&rsquo;est pas trop bruyante. Bref j&rsquo;y retourne d\u00e8s que possible !<\/p>\n<p><img decoding=\"async\" loading=\"lazy\" class=\"aligncenter size-full wp-image-9885\" src=\"https:\/\/arpenterlechemin.com\/wp-content\/uploads\/2020\/11\/Logement-Sainte-Anne-des-Monts-voyage-Gasp\u00e9sie-.jpg\" alt=\"Logement Sainte-Anne-des-Monts voyage Gasp\u00e9sie\" width=\"1920\" height=\"1080\" srcset=\"https:\/\/arpenterlechemin.com\/wp-content\/uploads\/2020\/11\/Logement-Sainte-Anne-des-Monts-voyage-Gasp\u00e9sie-.jpg 1920w, https:\/\/arpenterlechemin.com\/wp-content\/uploads\/2020\/11\/Logement-Sainte-Anne-des-Monts-voyage-Gasp\u00e9sie--690x388.jpg 690w, https:\/\/arpenterlechemin.com\/wp-content\/uploads\/2020\/11\/Logement-Sainte-Anne-des-Monts-voyage-Gasp\u00e9sie--1040x585.jpg 1040w, https:\/\/arpenterlechemin.com\/wp-content\/uploads\/2020\/11\/Logement-Sainte-Anne-des-Monts-voyage-Gasp\u00e9sie--500x280.jpg 500w, https:\/\/arpenterlechemin.com\/wp-content\/uploads\/2020\/11\/Logement-Sainte-Anne-des-Monts-voyage-Gasp\u00e9sie--768x432.jpg 768w, https:\/\/arpenterlechemin.com\/wp-content\/uploads\/2020\/11\/Logement-Sainte-Anne-des-Monts-voyage-Gasp\u00e9sie--1536x864.jpg 1536w\" sizes=\"(max-width: 1920px) 100vw, 1920px\" \/><\/p>\n<h2><span style=\"color: #993300;\">Jour 4 : Parc national de la Gasp\u00e9sie<\/span><\/h2>\n<p>Ce matin, nous sommes repos\u00e9s, frais, dispos et bien d\u00e9termin\u00e9s \u00e0 conqu\u00e9rir un sommet. Pas question d&rsquo;aller taquiner les plus hauts sommets du parc national de la Gasp\u00e9sie : ils sont ferm\u00e9s en automne pour laisser aux caribous la place dont ils ont besoin pour se reproduire. Pour d\u00e9couvrir le Mont Jacquer-Cartier, le mont Albert, il faudra repasser en \u00e9t\u00e9. Ce n&rsquo;est pas un probl\u00e8me, <strong>le mont Richardson<\/strong> est l\u00e0 ! Tout avait bien commenc\u00e9 jusqu&rsquo;\u00e0 ce que nous d\u00e9cidions de faire un d\u00e9tour qui nous sera fatal : 2 km aller-retour, ce n&rsquo;est pas rien, surtout quand je vois le sentier redescendre dangereusement pour remonter de plus belle par la suite. Mon mental ne suit pas, je d\u00e9clare forfait : je n&rsquo;ai pas envie de passer ma journ\u00e9e \u00e0 monter et descendre. Tu parles d&rsquo;une randonneuse en mousse&#8230;<\/p>\n<p>Sur le sentier du retour, nous croisons des Fran\u00e7ais qui ont de toute \u00e9vidence perdu un membre de leur groupe et cherchent en vain \u00e0 le joindre au t\u00e9l\u00e9phone. Nous compatissons et nous nous f\u00e9licitons d&rsquo;\u00eatre des montagnards aguerris qui SAVENT qu&rsquo;en montagne, on attend toujours son groupe \u00e0 tous les croisements [<em>notez bien cela pour la suite]<\/em>.<\/p>\n<p><img decoding=\"async\" loading=\"lazy\" class=\"aligncenter size-full wp-image-8406\" src=\"https:\/\/arpenterlechemin.com\/wp-content\/uploads\/2019\/10\/belvedere-falaise-randonnee-gaspesie-automne-blog-voyage-canada-road-trip-arpenter-le-chemin.jpg\" alt=\"belvedere falaise randonnee gaspesie automne blog voyage canada road-trip arpenter le chemin\" width=\"1920\" height=\"1080\" srcset=\"https:\/\/arpenterlechemin.com\/wp-content\/uploads\/2019\/10\/belvedere-falaise-randonnee-gaspesie-automne-blog-voyage-canada-road-trip-arpenter-le-chemin.jpg 1920w, https:\/\/arpenterlechemin.com\/wp-content\/uploads\/2019\/10\/belvedere-falaise-randonnee-gaspesie-automne-blog-voyage-canada-road-trip-arpenter-le-chemin-500x280.jpg 500w, https:\/\/arpenterlechemin.com\/wp-content\/uploads\/2019\/10\/belvedere-falaise-randonnee-gaspesie-automne-blog-voyage-canada-road-trip-arpenter-le-chemin-690x388.jpg 690w, https:\/\/arpenterlechemin.com\/wp-content\/uploads\/2019\/10\/belvedere-falaise-randonnee-gaspesie-automne-blog-voyage-canada-road-trip-arpenter-le-chemin-768x432.jpg 768w, https:\/\/arpenterlechemin.com\/wp-content\/uploads\/2019\/10\/belvedere-falaise-randonnee-gaspesie-automne-blog-voyage-canada-road-trip-arpenter-le-chemin-1040x585.jpg 1040w\" sizes=\"(max-width: 1920px) 100vw, 1920px\" \/><\/p>\n<p style=\"text-align: center;\"><em>Mais le d\u00e9tour en valait la peine, non ?<\/em><\/p>\n<p>Si le mont Richardson restera inaccessible ce jour-l\u00e0, le <strong>belv\u00e9d\u00e8re du lac-aux-Am\u00e9ricains<\/strong> sur le <strong>mont Joseph-Fortin<\/strong> aura suffi \u00e0 nous combler. Nous appr\u00e9cions le lac d&rsquo;en haut pour commencer : nous faisons un pique-nique revigorant sur une plateforme d&rsquo;observation o\u00f9 je m&rsquo;\u00e9tale de tout mon long dans l&rsquo;escalier &#8211; chute qui me laissera le plus gros bleu de ma vie. Puis d&rsquo;en bas: \u00e9videmment, il nous reste assez de force pour faire la petite rando jusqu&rsquo;au bord du lac. Petite rando fort populaire et qui attire de nombreux touristes. Beaucoup s&rsquo;amusent \u00e0 donner \u00e0 manger aux geais et si cette pratique n&rsquo;est pas un probl\u00e8me <a href=\"https:\/\/arpenterlechemin.com\/index.php\/2020\/10\/18\/escapade-bathurst-nb\/\">dans un parc urbain comme \u00e0 Bathurst<\/a>, je tique un peu dans ce parc national. Avant de rentrer, direction le <strong>g\u00eete du Mont Albert<\/strong>, un endroit merveilleux o\u00f9 trouver du r\u00e9confort \u00e0 la faveur de boissons et\/ou alcoolis\u00e9es.<\/p>\n<p><img decoding=\"async\" loading=\"lazy\" class=\"aligncenter size-full wp-image-8410\" src=\"https:\/\/arpenterlechemin.com\/wp-content\/uploads\/2019\/10\/randonnee-difficile-mont-joseph-fortin-parc-national-gaspesie-infos-pratiques-blog-road-trip-canada-arpenter-le-chemin-1.jpg\" alt=\"randonnee difficile mont joseph fortin parc national gaspesie infos pratiques blog road-trip canada arpenter le chemin\" width=\"4126\" height=\"2480\" \/><\/p>\n<p><img decoding=\"async\" loading=\"lazy\" class=\"aligncenter size-full wp-image-8401\" src=\"https:\/\/arpenterlechemin.com\/wp-content\/uploads\/2019\/10\/randonnee-facile-parc-national-gaspesie-lac-aux-americains-road-trip-canada-infos-pratiques-arpenter-le-chemin.jpg\" alt=\"randonnee facile parc national gaspesie lac aux americains road-trip canada infos pratiques arpenter le chemin\" width=\"4156\" height=\"2338\" srcset=\"https:\/\/arpenterlechemin.com\/wp-content\/uploads\/2019\/10\/randonnee-facile-parc-national-gaspesie-lac-aux-americains-road-trip-canada-infos-pratiques-arpenter-le-chemin.jpg 4156w, https:\/\/arpenterlechemin.com\/wp-content\/uploads\/2019\/10\/randonnee-facile-parc-national-gaspesie-lac-aux-americains-road-trip-canada-infos-pratiques-arpenter-le-chemin-500x280.jpg 500w, https:\/\/arpenterlechemin.com\/wp-content\/uploads\/2019\/10\/randonnee-facile-parc-national-gaspesie-lac-aux-americains-road-trip-canada-infos-pratiques-arpenter-le-chemin-690x388.jpg 690w, https:\/\/arpenterlechemin.com\/wp-content\/uploads\/2019\/10\/randonnee-facile-parc-national-gaspesie-lac-aux-americains-road-trip-canada-infos-pratiques-arpenter-le-chemin-768x432.jpg 768w, https:\/\/arpenterlechemin.com\/wp-content\/uploads\/2019\/10\/randonnee-facile-parc-national-gaspesie-lac-aux-americains-road-trip-canada-infos-pratiques-arpenter-le-chemin-1040x585.jpg 1040w\" sizes=\"(max-width: 4156px) 100vw, 4156px\" \/><\/p>\n<p style=\"text-align: center;\"><em>Le Lac aux Am\u00e9ricains, un incontournable du parc national de la Gasp\u00e9sie pour tous les niveaux<\/em><\/p>\n<h2><span style=\"color: #993300;\">Jour 5 : parc national Forillon<\/span><\/h2>\n<p>Au hasard d&rsquo;Internet, Bianca du blogue La Grande D\u00e9route et moi [<em>Si vous ne connaissez pas encore le blog de Bianca, <a href=\"https:\/\/lagrandederoute.com\/ou-faire-de-la-randonnee-en-gaspesie\/\">je vous invite chaleureusement \u00e0 le d\u00e9couvrir : sa plume fait des merveilles \u00e0 chaque nouveau billet]<\/a><\/em>, on se rend compte qu&rsquo;on est dans la m\u00eame r\u00e9gion, au m\u00eame moment, avec les m\u00eames envies. Ce serait dommage de ne pas en profiter pour se revoir apr\u00e8s notre rencontre au <a href=\"https:\/\/arpenterlechemin.com\/index.php\/2018\/05\/03\/salon-blogueurs-voyage\/\">Salon des blogueurs de voyage<\/a> \u00e0 <a href=\"https:\/\/arpenterlechemin.com\/index.php\/2019\/10\/16\/lille-escapade\/\">Lille<\/a> en d\u00e9but d&rsquo;ann\u00e9e, non ? Bianca va au <strong>parc national Forillon<\/strong> et passe par Sainte-Anne-des-Monts, nous r\u00e9cup\u00e9rant au passage. Je retrouve avec bonheur <strong>la fameuse route 132<\/strong>, celle qui fait le tour de la Gasp\u00e9sie, et que j&rsquo;avais d\u00e9couverte lors de mon road-trip l&rsquo;ann\u00e9e pr\u00e9c\u00e9dente. Et mieux vaut l&rsquo;aimer, cette route, car depuis Saint-Anne-des-Monts, il faut quand m\u00eame trois heures pour arriver au parc national de la Gasp\u00e9sie, quoi qu&rsquo;en dise Google Maps qui a tendance \u00e0 minimiser un peu cet itin\u00e9raire.<\/p>\n<p><img decoding=\"async\" loading=\"lazy\" class=\"aligncenter size-full wp-image-8423\" src=\"https:\/\/arpenterlechemin.com\/wp-content\/uploads\/2019\/10\/route-132-gaspesie-automne-blog-voyage-canada-road-trip-arpenter-le-chemin.jpg\" alt=\"route 132 gaspesie automne blog voyage canada road-trip arpenter le chemin\" width=\"1920\" height=\"1080\" srcset=\"https:\/\/arpenterlechemin.com\/wp-content\/uploads\/2019\/10\/route-132-gaspesie-automne-blog-voyage-canada-road-trip-arpenter-le-chemin.jpg 1920w, https:\/\/arpenterlechemin.com\/wp-content\/uploads\/2019\/10\/route-132-gaspesie-automne-blog-voyage-canada-road-trip-arpenter-le-chemin-500x280.jpg 500w, https:\/\/arpenterlechemin.com\/wp-content\/uploads\/2019\/10\/route-132-gaspesie-automne-blog-voyage-canada-road-trip-arpenter-le-chemin-690x388.jpg 690w, https:\/\/arpenterlechemin.com\/wp-content\/uploads\/2019\/10\/route-132-gaspesie-automne-blog-voyage-canada-road-trip-arpenter-le-chemin-768x432.jpg 768w, https:\/\/arpenterlechemin.com\/wp-content\/uploads\/2019\/10\/route-132-gaspesie-automne-blog-voyage-canada-road-trip-arpenter-le-chemin-1040x585.jpg 1040w\" sizes=\"(max-width: 1920px) 100vw, 1920px\" \/><\/p>\n<p>Aujourd&rsquo;hui, cap sur le parc national de Forillon, version automne, pour (re)d\u00e9couvrir le <strong>sentier du Mont Saint-Alban<\/strong>, au d\u00e9part du Cap-Bon-Ami. Alors&#8230; il est temps que je vous avoue quelque chose, dont Bianca a jur\u00e9 de garder le secret. Mais de l&rsquo;eau a coul\u00e9 sous les ponts et je suis pr\u00eate \u00e0 vous dire que c&rsquo;est le jour o\u00f9 on a perdu Etienne.<\/p>\n<p>Depuis le stationnement, Etienne part devant, m\u00fb par une envie de silence apr\u00e8s trois heures de voiture. Bianca et moi restons admirer les phoques au niveau du <strong>Cap-Bon-Ami<\/strong>, et par un concours de circonstances absolument impr\u00e9visible, Etienne s&rsquo;\u00e9vanouit dans la nature.<\/p>\n<p><img decoding=\"async\" loading=\"lazy\" class=\"aligncenter size-full wp-image-9891\" src=\"https:\/\/arpenterlechemin.com\/wp-content\/uploads\/2020\/11\/Cap-Bon-Ami-parc-national-Forillon-Gasp\u00e9sie-automne-scaled.jpg\" alt=\"Cap Bon-Ami parc national Forillon Gasp\u00e9sie automne\" width=\"2560\" height=\"1440\" srcset=\"https:\/\/arpenterlechemin.com\/wp-content\/uploads\/2020\/11\/Cap-Bon-Ami-parc-national-Forillon-Gasp\u00e9sie-automne-scaled.jpg 2560w, https:\/\/arpenterlechemin.com\/wp-content\/uploads\/2020\/11\/Cap-Bon-Ami-parc-national-Forillon-Gasp\u00e9sie-automne-690x388.jpg 690w, https:\/\/arpenterlechemin.com\/wp-content\/uploads\/2020\/11\/Cap-Bon-Ami-parc-national-Forillon-Gasp\u00e9sie-automne-1040x585.jpg 1040w, https:\/\/arpenterlechemin.com\/wp-content\/uploads\/2020\/11\/Cap-Bon-Ami-parc-national-Forillon-Gasp\u00e9sie-automne-500x280.jpg 500w, https:\/\/arpenterlechemin.com\/wp-content\/uploads\/2020\/11\/Cap-Bon-Ami-parc-national-Forillon-Gasp\u00e9sie-automne-768x432.jpg 768w, https:\/\/arpenterlechemin.com\/wp-content\/uploads\/2020\/11\/Cap-Bon-Ami-parc-national-Forillon-Gasp\u00e9sie-automne-1536x864.jpg 1536w, https:\/\/arpenterlechemin.com\/wp-content\/uploads\/2020\/11\/Cap-Bon-Ami-parc-national-Forillon-Gasp\u00e9sie-automne-2048x1152.jpg 2048w\" sizes=\"(max-width: 2560px) 100vw, 2560px\" \/><\/p>\n<p>Pas d&rsquo;Etienne au croisement o\u00f9 il \u00e9tait cens\u00e9 nous attendre (<em>vous vous rappelez de ce qu&rsquo;on s&rsquo;\u00e9tait dit, au mont Joseph-Fortin ? Vous la sentez, l&rsquo;ironie tragique ?<\/em>). Pas d&rsquo;Etienne \u00e0 la tour du Mont-Saint-Alban. Pas d&rsquo;Etienne&#8230; nulle part. Je regarde une mer d&rsquo;arbres aux couleurs de feu et j&rsquo;essaie d&rsquo;imaginer o\u00f9 il a bien pu dispara\u00eetre. \u00c9videmment, il n&rsquo;y a pas de r\u00e9seau, sinon ce serait trop simple. Mon cher mari a un solide sens de l&rsquo;orientation du moment qu&rsquo;il est dans sa maison. Je me rappelle vaguement qu&rsquo;il y a <strong>beaucoup d&rsquo;ours, aussi, au parc Forillon<\/strong>.<\/p>\n<p>Par chance, le sentier fait une boucle et nous permet de mener une battue : Bianca prend d&rsquo;un c\u00f4t\u00e9, moi de l&rsquo;autre, et nous finissons par retrouver Etienne sain et sauf suite \u00e0 son \u00e9chapp\u00e9e belle. Le tout reste au panth\u00e9on de mes moments de honte en voyage et je ne peux d\u00e9sormais plus voir la vue grandiose depuis le mont Saint-Alban (ci-dessous) sans ressentir un intense sentiment de <strong>bouletterie<\/strong>.<\/p>\n<p><img decoding=\"async\" loading=\"lazy\" class=\"aligncenter size-full wp-image-8422\" src=\"https:\/\/arpenterlechemin.com\/wp-content\/uploads\/2019\/10\/forillon-mont-saint-alban-automne-gaspesie-blog-voyage-canada-arpenter-le-chemin.jpg\" alt=\"forillon mont saint-alban automne gaspesie blog voyage canada arpenter le chemin\" width=\"4045\" height=\"2275\" srcset=\"https:\/\/arpenterlechemin.com\/wp-content\/uploads\/2019\/10\/forillon-mont-saint-alban-automne-gaspesie-blog-voyage-canada-arpenter-le-chemin.jpg 4045w, https:\/\/arpenterlechemin.com\/wp-content\/uploads\/2019\/10\/forillon-mont-saint-alban-automne-gaspesie-blog-voyage-canada-arpenter-le-chemin-500x280.jpg 500w, https:\/\/arpenterlechemin.com\/wp-content\/uploads\/2019\/10\/forillon-mont-saint-alban-automne-gaspesie-blog-voyage-canada-arpenter-le-chemin-690x388.jpg 690w, https:\/\/arpenterlechemin.com\/wp-content\/uploads\/2019\/10\/forillon-mont-saint-alban-automne-gaspesie-blog-voyage-canada-arpenter-le-chemin-768x432.jpg 768w, https:\/\/arpenterlechemin.com\/wp-content\/uploads\/2019\/10\/forillon-mont-saint-alban-automne-gaspesie-blog-voyage-canada-arpenter-le-chemin-1040x585.jpg 1040w\" sizes=\"(max-width: 4045px) 100vw, 4045px\" \/><\/p>\n<p style=\"text-align: center;\"><em>Etienne ! Reviens ! J&rsquo;ai les m\u00eames \u00e0 la maison !<\/em><\/p>\n<h2><span style=\"color: #993300;\">Jour 6 : Sainte-Anne-des-Monts &#8211; parc national de la Gasp\u00e9sie &#8211; Carleton-sur-Mer<\/span><\/h2>\n<p>Enfin, le soleil ! C&rsquo;est la journ\u00e9e de l&rsquo;apoth\u00e9ose. Nous quittons notre chalet, prenons le petit-d\u00e9jeuner au Tim Hortons de Sainte-Anne-des-Monts et d\u00e9cidons de faire une ultime randonn\u00e9e avant de rejoindre notre prochain point de chute : Carleton-sur-Mer. Comme nous avons eu raison ! Apr\u00e8s le mont Joseph-Fortin, je croyais avoir vu le plus beau du parc \u00e0 notre niveau, mais sachez que la randonn\u00e9e qui en vaut vraiment la peine pour peu d&rsquo;efforts, c&rsquo;est vraiment celle du <strong>mont Olivine<\/strong>.<\/p>\n<p><img decoding=\"async\" loading=\"lazy\" class=\"aligncenter size-full wp-image-8417\" src=\"https:\/\/arpenterlechemin.com\/wp-content\/uploads\/2019\/10\/mont-olivine-parc-gaspesie-randonnee-quebec-automne-blog-voyage-canada-road-trip-arpenter-le-chemin.jpg\" alt=\"mont olivine parc gaspesie randonnee quebec automne blog voyage canada road-trip arpenter le chemin\" width=\"4156\" height=\"2338\" \/><\/p>\n<p>Elle commence par suivre un ruisseau sous les arbres avant de se d\u00e9gager pour nous en mettre plein la vue sur le mont Ernest-Laforce en face. Puis, au prix d&rsquo;une mont\u00e9e raide mais courte, et d&rsquo;une deuxi\u00e8me mont\u00e9e aussi raide mais plus courte, nous voici sur un sommet arrondi qui donne sur une combe o\u00f9 les m\u00e9l\u00e8zes n&rsquo;ont pas encore perdu leurs belles couleurs. Hasard de la saison ou chance, nous sommes quasi-seuls toute la journ\u00e9e, et je ne rappellerais jamais assez \u00e0 quel point j&rsquo;adore les exp\u00e9riences de pleine nature sans la foule.<\/p>\n<p><img decoding=\"async\" loading=\"lazy\" class=\"aligncenter size-full wp-image-8418\" src=\"https:\/\/arpenterlechemin.com\/wp-content\/uploads\/2019\/10\/lac-abri-serpentine-mont-albert-parc-gaspesie-automne-randonnee-blog-voyage-quebec-arpenter-le-chemin.jpg\" alt=\"lac abri serpentine mont albert parc gaspesie automne randonnee blog voyage quebec arpenter le chemin\" width=\"4156\" height=\"2338\" srcset=\"https:\/\/arpenterlechemin.com\/wp-content\/uploads\/2019\/10\/lac-abri-serpentine-mont-albert-parc-gaspesie-automne-randonnee-blog-voyage-quebec-arpenter-le-chemin.jpg 4156w, https:\/\/arpenterlechemin.com\/wp-content\/uploads\/2019\/10\/lac-abri-serpentine-mont-albert-parc-gaspesie-automne-randonnee-blog-voyage-quebec-arpenter-le-chemin-500x280.jpg 500w, https:\/\/arpenterlechemin.com\/wp-content\/uploads\/2019\/10\/lac-abri-serpentine-mont-albert-parc-gaspesie-automne-randonnee-blog-voyage-quebec-arpenter-le-chemin-690x388.jpg 690w, https:\/\/arpenterlechemin.com\/wp-content\/uploads\/2019\/10\/lac-abri-serpentine-mont-albert-parc-gaspesie-automne-randonnee-blog-voyage-quebec-arpenter-le-chemin-768x432.jpg 768w, https:\/\/arpenterlechemin.com\/wp-content\/uploads\/2019\/10\/lac-abri-serpentine-mont-albert-parc-gaspesie-automne-randonnee-blog-voyage-quebec-arpenter-le-chemin-1040x585.jpg 1040w\" sizes=\"(max-width: 4156px) 100vw, 4156px\" \/><\/p>\n<p>Nous reprenons la route 299, r\u00eavons \u00e0 nouveau sur les chalets cach\u00e9s au fond de la vall\u00e9e. L&rsquo;arriv\u00e9e dans la baie des Chaleurs est glorieuse dans les couleurs du soleil couchant. Nous posons nos valises \u00e0 <strong>Carleton-sur-Mer, une station baln\u00e9aire<\/strong> de petite taille, fort courue l&rsquo;\u00e9t\u00e9. En cette saison, elle cumule \u00e0 la fois des commerces ouverts et une grande tranquillit\u00e9. Nous sommes juste avant l&rsquo;Action de Gr\u00e2ce (deuxi\u00e8me lundi d&rsquo;octobre). D&rsquo;ici quelques jours, beaucoup d&rsquo;\u00e9tablissements fermeront leurs portes pour la saison.<\/p>\n<p><img decoding=\"async\" loading=\"lazy\" class=\"aligncenter size-full wp-image-9892\" src=\"https:\/\/arpenterlechemin.com\/wp-content\/uploads\/2020\/11\/Carleton-sur-Mer-Gasp\u00e9sie-Qu\u00e9bec-automne-scaled.jpg\" alt=\"Carleton-sur-Mer Gasp\u00e9sie Qu\u00e9bec automne\" width=\"2560\" height=\"1439\" srcset=\"https:\/\/arpenterlechemin.com\/wp-content\/uploads\/2020\/11\/Carleton-sur-Mer-Gasp\u00e9sie-Qu\u00e9bec-automne-scaled.jpg 2560w, https:\/\/arpenterlechemin.com\/wp-content\/uploads\/2020\/11\/Carleton-sur-Mer-Gasp\u00e9sie-Qu\u00e9bec-automne-690x388.jpg 690w, https:\/\/arpenterlechemin.com\/wp-content\/uploads\/2020\/11\/Carleton-sur-Mer-Gasp\u00e9sie-Qu\u00e9bec-automne-1040x585.jpg 1040w, https:\/\/arpenterlechemin.com\/wp-content\/uploads\/2020\/11\/Carleton-sur-Mer-Gasp\u00e9sie-Qu\u00e9bec-automne-500x280.jpg 500w, https:\/\/arpenterlechemin.com\/wp-content\/uploads\/2020\/11\/Carleton-sur-Mer-Gasp\u00e9sie-Qu\u00e9bec-automne-768x432.jpg 768w, https:\/\/arpenterlechemin.com\/wp-content\/uploads\/2020\/11\/Carleton-sur-Mer-Gasp\u00e9sie-Qu\u00e9bec-automne-1536x864.jpg 1536w, https:\/\/arpenterlechemin.com\/wp-content\/uploads\/2020\/11\/Carleton-sur-Mer-Gasp\u00e9sie-Qu\u00e9bec-automne-2048x1151.jpg 2048w\" sizes=\"(max-width: 2560px) 100vw, 2560px\" \/><\/p>\n<p style=\"text-align: center;\"><em>Coucher de soleil depuis l&rsquo;h\u00f4tel \u00e0 Carleton-sur-Mer<\/em><\/p>\n<h2><span style=\"color: #993300;\">Jour 7 : Carleton-sur-Mer, Miguasha<\/span><\/h2>\n<p>\u00c9videmment, <strong>Carleton-sur-Mer<\/strong> \u00e9tant adoss\u00e9 au<strong> Mont-Saint-Joseph<\/strong>, ce serait bien mal me conna\u00eetre que de penser que j&rsquo;allais me priver d&rsquo;une nouvelle rando aux couleurs de l&rsquo;automne en Gasp\u00e9sie ! Ce mont a la particularit\u00e9 d&rsquo;\u00eatre am\u00e9nag\u00e9 mais heureusement, quelques sentiers qui d\u00e9marrent \u00e0 mi-pente permettent aux randonneurs d&rsquo;y trouver une satisfaction \u00e0 leur tour. Et quelle satisfaction que cette vue quand on d\u00e9barque sur la plateforme d&rsquo;observation apr\u00e8s une courte marche sur un sentier en pleine for\u00eat !<\/p>\n<p><img decoding=\"async\" loading=\"lazy\" class=\"aligncenter size-full wp-image-8426\" src=\"https:\/\/arpenterlechemin.com\/wp-content\/uploads\/2019\/10\/Mont-Saint-Joseph-Carleton-sur-Mer-Baie-des-Chaleurs-Quebec-blog-voyage-road-trip-canada-automne-arpenter-le-chemin.jpg\" alt=\"\" width=\"4157\" height=\"2338\" srcset=\"https:\/\/arpenterlechemin.com\/wp-content\/uploads\/2019\/10\/Mont-Saint-Joseph-Carleton-sur-Mer-Baie-des-Chaleurs-Quebec-blog-voyage-road-trip-canada-automne-arpenter-le-chemin.jpg 4157w, https:\/\/arpenterlechemin.com\/wp-content\/uploads\/2019\/10\/Mont-Saint-Joseph-Carleton-sur-Mer-Baie-des-Chaleurs-Quebec-blog-voyage-road-trip-canada-automne-arpenter-le-chemin-500x280.jpg 500w, https:\/\/arpenterlechemin.com\/wp-content\/uploads\/2019\/10\/Mont-Saint-Joseph-Carleton-sur-Mer-Baie-des-Chaleurs-Quebec-blog-voyage-road-trip-canada-automne-arpenter-le-chemin-690x388.jpg 690w, https:\/\/arpenterlechemin.com\/wp-content\/uploads\/2019\/10\/Mont-Saint-Joseph-Carleton-sur-Mer-Baie-des-Chaleurs-Quebec-blog-voyage-road-trip-canada-automne-arpenter-le-chemin-768x432.jpg 768w, https:\/\/arpenterlechemin.com\/wp-content\/uploads\/2019\/10\/Mont-Saint-Joseph-Carleton-sur-Mer-Baie-des-Chaleurs-Quebec-blog-voyage-road-trip-canada-automne-arpenter-le-chemin-1040x585.jpg 1040w\" sizes=\"(max-width: 4157px) 100vw, 4157px\" \/><\/p>\n<p><img decoding=\"async\" loading=\"lazy\" class=\"aligncenter size-full wp-image-9889\" src=\"https:\/\/arpenterlechemin.com\/wp-content\/uploads\/2020\/11\/Carleton-sur-Mer-Mont-Saint-Joseph-acc\u00e8s-automne-Gasp\u00e9sie-voyage-Qu\u00e9bec-scaled.jpg\" alt=\"Carleton-sur-Mer Mont Saint-Joseph acc\u00e8s automne Gasp\u00e9sie voyage Qu\u00e9bec\" width=\"2560\" height=\"1440\" srcset=\"https:\/\/arpenterlechemin.com\/wp-content\/uploads\/2020\/11\/Carleton-sur-Mer-Mont-Saint-Joseph-acc\u00e8s-automne-Gasp\u00e9sie-voyage-Qu\u00e9bec-scaled.jpg 2560w, https:\/\/arpenterlechemin.com\/wp-content\/uploads\/2020\/11\/Carleton-sur-Mer-Mont-Saint-Joseph-acc\u00e8s-automne-Gasp\u00e9sie-voyage-Qu\u00e9bec-690x388.jpg 690w, https:\/\/arpenterlechemin.com\/wp-content\/uploads\/2020\/11\/Carleton-sur-Mer-Mont-Saint-Joseph-acc\u00e8s-automne-Gasp\u00e9sie-voyage-Qu\u00e9bec-1040x585.jpg 1040w, https:\/\/arpenterlechemin.com\/wp-content\/uploads\/2020\/11\/Carleton-sur-Mer-Mont-Saint-Joseph-acc\u00e8s-automne-Gasp\u00e9sie-voyage-Qu\u00e9bec-500x280.jpg 500w, https:\/\/arpenterlechemin.com\/wp-content\/uploads\/2020\/11\/Carleton-sur-Mer-Mont-Saint-Joseph-acc\u00e8s-automne-Gasp\u00e9sie-voyage-Qu\u00e9bec-768x432.jpg 768w, https:\/\/arpenterlechemin.com\/wp-content\/uploads\/2020\/11\/Carleton-sur-Mer-Mont-Saint-Joseph-acc\u00e8s-automne-Gasp\u00e9sie-voyage-Qu\u00e9bec-1536x864.jpg 1536w, https:\/\/arpenterlechemin.com\/wp-content\/uploads\/2020\/11\/Carleton-sur-Mer-Mont-Saint-Joseph-acc\u00e8s-automne-Gasp\u00e9sie-voyage-Qu\u00e9bec-2048x1152.jpg 2048w\" sizes=\"(max-width: 2560px) 100vw, 2560px\" \/><\/p>\n<p style=\"text-align: center;\"><em>\u00c9blouissantes couleurs de l&rsquo;\u00e9t\u00e9 indien au Qu\u00e9bec<\/em><\/p>\n<p>Ravissant, non ? J&rsquo;y suis rest\u00e9e une bonne heure, comme \u00e0 mon habitude, \u00e0 essayer de graver tous les arbres sur mes r\u00e9tines. Technique fort agr\u00e9able mais qui ne marche pas : chaque ann\u00e9e, je dois retourner inlassablement dans les feuilles pour me rappeler \u00e0 quel point l&rsquo;automne est beau.<\/p>\n<p>M\u00eame sans aller au sommet du mont Saint-Joseph, j&rsquo;ai \u00e9norm\u00e9ment appr\u00e9ci\u00e9 les couleurs dans cette r\u00e9gion. D&rsquo;en bas, le mont semble comme une <strong>vague dor\u00e9e pr\u00eate \u00e0 s&rsquo;abattre<\/strong> sur la baie des Chaleurs.<\/p>\n<p><img decoding=\"async\" loading=\"lazy\" class=\"aligncenter size-full wp-image-9890\" src=\"https:\/\/arpenterlechemin.com\/wp-content\/uploads\/2020\/11\/Carleton-sur-Mer-qu\u00e9bec-automne-voyage-road-trip-blog-voyage-Arpenter-le-chemin-scaled.jpg\" alt=\"Carleton-sur-Mer qu\u00e9bec automne voyage road-trip blog voyage Arpenter le chemin\" width=\"2560\" height=\"1440\" srcset=\"https:\/\/arpenterlechemin.com\/wp-content\/uploads\/2020\/11\/Carleton-sur-Mer-qu\u00e9bec-automne-voyage-road-trip-blog-voyage-Arpenter-le-chemin-scaled.jpg 2560w, https:\/\/arpenterlechemin.com\/wp-content\/uploads\/2020\/11\/Carleton-sur-Mer-qu\u00e9bec-automne-voyage-road-trip-blog-voyage-Arpenter-le-chemin-690x388.jpg 690w, https:\/\/arpenterlechemin.com\/wp-content\/uploads\/2020\/11\/Carleton-sur-Mer-qu\u00e9bec-automne-voyage-road-trip-blog-voyage-Arpenter-le-chemin-1040x585.jpg 1040w, https:\/\/arpenterlechemin.com\/wp-content\/uploads\/2020\/11\/Carleton-sur-Mer-qu\u00e9bec-automne-voyage-road-trip-blog-voyage-Arpenter-le-chemin-500x280.jpg 500w, https:\/\/arpenterlechemin.com\/wp-content\/uploads\/2020\/11\/Carleton-sur-Mer-qu\u00e9bec-automne-voyage-road-trip-blog-voyage-Arpenter-le-chemin-768x432.jpg 768w, https:\/\/arpenterlechemin.com\/wp-content\/uploads\/2020\/11\/Carleton-sur-Mer-qu\u00e9bec-automne-voyage-road-trip-blog-voyage-Arpenter-le-chemin-1536x864.jpg 1536w, https:\/\/arpenterlechemin.com\/wp-content\/uploads\/2020\/11\/Carleton-sur-Mer-qu\u00e9bec-automne-voyage-road-trip-blog-voyage-Arpenter-le-chemin-2048x1152.jpg 2048w\" sizes=\"(max-width: 2560px) 100vw, 2560px\" \/><\/p>\n<p>Mais si nous nous arr\u00eatons \u00e0 Carleton-sur-Mer, c&rsquo;est pour aller y visiter un parc national qui se d\u00e9marque des autres : ici pas de randonn\u00e9e, mais un site fossilif\u00e8re unique au monde : c&rsquo;est le <strong>parc national de Miguasha<\/strong>. Nous finissons la journ\u00e9e par une petite <strong>chasse aux fossiles<\/strong> (avec les yeux ! On ne ramasse rien de rien sur ce site prot\u00e9g\u00e9 !) sur la plage, exercice aussi passionnant que frustrant, tant on se r\u00eave d\u00e9couvreur de fossiles extraordinaires et qu&rsquo;on ne trouve que de b\u00eates algues. Si le sujet vous int\u00e9resse, je vous pr\u00e9pare un petit topo sur ces fossiles uniques au monde.<\/p>\n<p><img decoding=\"async\" loading=\"lazy\" class=\"aligncenter size-full wp-image-9215\" src=\"https:\/\/arpenterlechemin.com\/wp-content\/uploads\/2018\/08\/Fossiles-parc-national-Miguasha-blog-voyage-Gasp\u00e9sie-arpenter-le-chemin-scaled.jpg\" alt=\"Fossiles parc national Miguasha blog voyage Gasp\u00e9sie arpenter le chemin\" width=\"2560\" height=\"1440\" \/><\/p>\n<p><img decoding=\"async\" loading=\"lazy\" class=\"aligncenter size-full wp-image-9216\" src=\"https:\/\/arpenterlechemin.com\/wp-content\/uploads\/2018\/08\/Parc-national-Miguasha-Qu\u00e9bec-visiter-infos-pratiques-blog-voyage-canada-arpenter-le-chemin-scaled.jpg\" alt=\"Parc national Miguasha Qu\u00e9bec visiter infos pratiques blog voyage canada arpenter le chemin\" width=\"2560\" height=\"1440\" \/><\/p>\n<p>Nous finissons notre soir\u00e9e entre la <strong>br\u00fblerie du Quai<\/strong> et le <strong>Resto-Pub Saint-Joseph<\/strong>, \u00e0 essayer de retenir le plus longtemps possible l&rsquo;automne et nos vacances qui nous filent dans les doigts.<\/p>\n<h2><span style=\"color: #993300;\">Jour 8 : Carleton-sur-Mer &#8211; Moncton<\/span><\/h2>\n<p>C&rsquo;est l&rsquo;heure de rentrer. Comme bien souvent, notre dernier jour est consacr\u00e9 \u00e0 rentrer sous la pluie. La route est toujours moins belle au retour, vous ne trouvez pas ?<\/p>\n<p><img decoding=\"async\" loading=\"lazy\" class=\"aligncenter size-full wp-image-9893\" src=\"https:\/\/arpenterlechemin.com\/wp-content\/uploads\/2020\/11\/20191011_162255_HDR-2-scaled.jpg\" alt=\"\" width=\"2560\" height=\"1440\" srcset=\"https:\/\/arpenterlechemin.com\/wp-content\/uploads\/2020\/11\/20191011_162255_HDR-2-scaled.jpg 2560w, https:\/\/arpenterlechemin.com\/wp-content\/uploads\/2020\/11\/20191011_162255_HDR-2-690x388.jpg 690w, https:\/\/arpenterlechemin.com\/wp-content\/uploads\/2020\/11\/20191011_162255_HDR-2-1040x585.jpg 1040w, https:\/\/arpenterlechemin.com\/wp-content\/uploads\/2020\/11\/20191011_162255_HDR-2-500x280.jpg 500w, https:\/\/arpenterlechemin.com\/wp-content\/uploads\/2020\/11\/20191011_162255_HDR-2-768x432.jpg 768w, https:\/\/arpenterlechemin.com\/wp-content\/uploads\/2020\/11\/20191011_162255_HDR-2-1536x864.jpg 1536w, https:\/\/arpenterlechemin.com\/wp-content\/uploads\/2020\/11\/20191011_162255_HDR-2-2048x1152.jpg 2048w\" sizes=\"(max-width: 2560px) 100vw, 2560px\" \/><\/p>\n<h2><span style=\"color: #993300;\">Quel itin\u00e9raire pour un road-trip d&rsquo;automne en Gasp\u00e9sie ?<\/span><\/h2>\n<p>Si vous me lisez en esp\u00e9rant un<strong> itin\u00e9raire de road-trip d&rsquo;automne en Gasp\u00e9sie<\/strong>, vous \u00eates peut-\u00eatre d\u00e9\u00e7us \u00e0 ce stade. Pour me faire pardonner, voici une alternative : en mode road-trip, voici mes conseils :<\/p>\n<ul>\n<li>Randonnez de tout votre saoul au parc national de la Gasp\u00e9sie (j&rsquo;y pr\u00e9voirai au moins deux ou trois jours si vous avez un niveau mod\u00e9r\u00e9, et un jour seulement si vous avez un niveau d\u00e9butant)<\/li>\n<li>Ensuite, mettez le cap sur le parc de Forillon via la fabuleuse route 132. Un arr\u00eat de deux jours s&rsquo;impose.<\/li>\n<li>De l\u00e0, vous pourrez continuer votre tour de la Gasp\u00e9sie en passant par le sud de la p\u00e9ninsule : Gasp\u00e9 et le parc national de<a href=\"https:\/\/arpenterlechemin.com\/index.php\/2018\/08\/07\/rocher-perce-ile-bonaventure-gaspesie\/\"> l&rsquo;\u00eele Bonaventure et du Rocher-Perc\u00e9<\/a> vous attendent pour la toute fin de la saison, l&rsquo;espace d&rsquo;un jour ou deux.<\/li>\n<li>Vous pourrez ensuite faire route vers Carleton-sur-Mer, qui conclura agr\u00e9ablement votre escapade d&rsquo;automne.<\/li>\n<\/ul>\n<h2><span style=\"color: #993300;\">Quand venir en automne en Gasp\u00e9sie ?<\/span><\/h2>\n<p>J&rsquo;ai effectu\u00e9 ce voyage du 5 au 12 octobre 2019. La Gasp\u00e9sie poss\u00e8de moins d&rsquo;\u00e9rables que d&rsquo;autres r\u00e9gions du Qu\u00e9bec : ne vous attendez pas \u00e0 voir beaucoup d&rsquo;arbres vraiment rouges, ici on donne plut\u00f4t dans le <strong>bouleau dor\u00e9 et le m\u00e9l\u00e8ze fauve et tout le cama\u00efeu du roux<\/strong>&#8230; Avec un rayon de soleil, c&rsquo;est tout aussi beau. Globalement, <strong>pr\u00e9voyez votre voyage la premi\u00e8re quinzaine d&rsquo;octobre pour mettre toutes les chances de votre c\u00f4t\u00e9 pour voir des couleurs d&rsquo;automne sublimes<\/strong> tout en profitant toujours des services offerts par les parcs. La saison touristique se termine pour de bon \u00e0 l&rsquo;Action de Gr\u00e2ce (deuxi\u00e8me lundi d&rsquo;octobre) et de nombreux \u00e9tablissements ferment apr\u00e8s cette date.<\/p>\n<p>Attention \u00e0 la chasse : <strong>toutes les randonn\u00e9es pr\u00e9sent\u00e9es ici sont pratiquement garanties sans chasseurs<\/strong> : les parcs nationaux leur sont interdits, et le Mont Saint-Joseph vise aussi \u00e0 \u00eatre un sanctuaire pour profiter du plein-air. Si vous d\u00e9cidez de randonner ailleurs, notamment dans les r\u00e9serves fauniques comme celle des Chics-Chocs, je vous en conjure : <strong>portez de l&rsquo;orange<\/strong> (le fameux \u00ab\u00a0orange chasseur\u00a0\u00bb), portez un dossard, faites du bruit, et renseignez-vous sur les sentiers qui pourraient \u00eatre ferm\u00e9s \u00e0 la randonn\u00e9e. Ne prenez pas de risque inutile et \u00e9vitez \u00e0 tout prix les randos \u00e0 l&rsquo;aube et au cr\u00e9puscule.<\/p>\n<p>Oh, au fait : si vous aimez la rando, la bi\u00e8re et le Qu\u00e9bec, le guide <em>Randos Bi\u00e8re au Qu\u00e9bec<\/em>, de mon amie Bianca de la <a href=\"https:\/\/lagrandederoute.com\/\">Grande D\u00e9route<\/a>, devrait vous ravir ! \u00c0 d\u00e9couvrir <a href=\"https:\/\/www.leslibraires.ca\/livres\/randos-biere-au-quebec-bianca-pomerleau-9782764444344.html?u=471612\">ici au Canada<\/a>, et <a href=\"https:\/\/www.awin1.com\/cread.php?awinmid=12665&amp;awinaffid=978243&amp;ued=https%3A%2F%2Flivre.fnac.com%2Fa16161332%2FBianca-Pomerleau-Randos-Biere-au-Quebec\">ici en France<\/a>.<\/p>\n<h2><span style=\"color: #993300;\">O\u00f9 dormir en automne en Gasp\u00e9sie ?<\/span><\/h2>\n<p>Je vous renvoie \u00e0 mon billet sur des <a href=\"https:\/\/arpenterlechemin.com\/index.php\/2018\/07\/31\/hebergements-insolites-gaspesie\/\">h\u00e9bergements insolites en Gasp\u00e9sie<\/a> pour des informations plus compl\u00e8tes et des photos, mais voici un r\u00e9sum\u00e9 des h\u00e9bergements en question (tous ne sont pas forc\u00e9ment disponibles en automne, contactez-les) :<\/p>\n<ul>\n<li><a href=\"https:\/\/www.booking.com\/hotel\/ca\/chalet-epicea.en.html?aid=1571475&amp;no_rooms=1&amp;group_adults=1\">Chalet \u00c9pic\u00e9a<\/a>, 16 rue du Verger, Sainte-Anne-des-Monts : un chalet avec une superbe d\u00e9co et une belle vue, et accessoirement quatre chambres (deux doubles, deux simples) ! Excellent rapport qualit\u00e9-prix, \u00e0 35 minutes du parc national de la Gasp\u00e9sie<\/li>\n<li><a href=\"https:\/\/www.booking.com\/hotel\/ca\/auberge-griffon-aventure.en.html?aid=1571475&amp;no_rooms=1&amp;group_adults=1\">Auberge et chalets Griffon Aventure<\/a>, 829 boulevard Griffon, L&rsquo;Anse-au-Griffon : un \u00e9tablissement d\u00e9contract\u00e9 qui propose des lits en dortoir, des chalets et h\u00e9bergements insolites \u00e0 15 minutes du parc de Forillon.<\/li>\n<li><a href=\"https:\/\/www.booking.com\/hotel\/ca\/hostellerie-baie-bleue.en.html?aid=1571475&amp;no_rooms=1&amp;group_adults=1\">Hostellerie Baie-Bleue<\/a>, 482 boulevard Perron, Carleton-sur-Mer : un h\u00f4tel\/centre de congr\u00e8s tr\u00e8s bien plac\u00e9 \u00e0 Carleton sur Mer. \u00c0 10 minutes du Mont-Saint-Joseph et 20 minutes du parc national de Miguasha.<\/li>\n<li>contrairement aux autres \u00e9tablissements, je n&rsquo;ai pas test\u00e9 le <a href=\"https:\/\/www.booking.com\/hotel\/ca\/gite-du-mont-albert.en.html?aid=1571475&amp;no_rooms=1&amp;group_adults=1\">G\u00eete du Mont Albert<\/a> mais si vous voulez \u00eatre au plus proche des sentiers du parc national des la Gasp\u00e9sie, vous ne pouvez pas faire mieux. Isolement garanti loin de la civilisation !<\/li>\n<\/ul>\n<p><em>Et vous, \u00eates-vous d\u00e9j\u00e0 all\u00e9s en Gasp\u00e9sie pour voir les couleurs d&rsquo;automne ? Avez-vous d&rsquo;autres sentiers \u00e0 conseiller en cette saison ? Je vous attends dans les commentaires ! Oyez, oyez. Ce billet contient des <a href=\"https:\/\/arpenterlechemin.com\/index.php\/2018\/12\/01\/soutenir-blog\/\">liens affili\u00e9s.<\/a> Pour ce voyage, j&rsquo;ai \u00e9t\u00e9 l&rsquo;invit\u00e9e de la SEPAQ et de l&rsquo;Hostellerie Baie-Bleue en partenariat avec Qu\u00e9bec Maritime. J&rsquo;ai pay\u00e9 le s\u00e9jour au Chalet \u00c9pic\u00e9a sur mes deniers.<\/em><\/p>\n<p><img decoding=\"async\" loading=\"lazy\" class=\"alignnone wp-image-9882 size-medium\" src=\"https:\/\/arpenterlechemin.com\/wp-content\/uploads\/2020\/11\/Visiter-la-Gasp\u00e9sie-en-automne-267x400.jpg\" alt=\"Visiter la Gasp\u00e9sie en automne\" width=\"267\" height=\"400\" srcset=\"https:\/\/arpenterlechemin.com\/wp-content\/uploads\/2020\/11\/Visiter-la-Gasp\u00e9sie-en-automne-267x400.jpg 267w, https:\/\/arpenterlechemin.com\/wp-content\/uploads\/2020\/11\/Visiter-la-Gasp\u00e9sie-en-automne-390x585.jpg 390w, https:\/\/arpenterlechemin.com\/wp-content\/uploads\/2020\/11\/Visiter-la-Gasp\u00e9sie-en-automne.jpg 735w\" sizes=\"(max-width: 267px) 100vw, 267px\" \/><img decoding=\"async\" loading=\"lazy\" class=\"alignnone wp-image-9883 size-medium\" src=\"https:\/\/arpenterlechemin.com\/wp-content\/uploads\/2020\/11\/D\u00e9couvrir-la-Gasp\u00e9sie-en-automne-Qu\u00e9bec-267x400.jpg\" alt=\"D\u00e9couvrir la Gasp\u00e9sie en automne - Qu\u00e9bec\" width=\"267\" height=\"400\" srcset=\"https:\/\/arpenterlechemin.com\/wp-content\/uploads\/2020\/11\/D\u00e9couvrir-la-Gasp\u00e9sie-en-automne-Qu\u00e9bec-267x400.jpg 267w, https:\/\/arpenterlechemin.com\/wp-content\/uploads\/2020\/11\/D\u00e9couvrir-la-Gasp\u00e9sie-en-automne-Qu\u00e9bec-390x585.jpg 390w, https:\/\/arpenterlechemin.com\/wp-content\/uploads\/2020\/11\/D\u00e9couvrir-la-Gasp\u00e9sie-en-automne-Qu\u00e9bec.jpg 735w\" sizes=\"(max-width: 267px) 100vw, 267px\" \/><img decoding=\"async\" loading=\"lazy\" class=\"alignnone wp-image-9884 size-medium\" src=\"https:\/\/arpenterlechemin.com\/wp-content\/uploads\/2020\/11\/Voyager-en-Gasp\u00e9sie-en-automne-Qu\u00e9bec-286x400.jpg\" alt=\"Voyager en Gasp\u00e9sie en automne - Qu\u00e9bec\" width=\"286\" height=\"400\" srcset=\"https:\/\/arpenterlechemin.com\/wp-content\/uploads\/2020\/11\/Voyager-en-Gasp\u00e9sie-en-automne-Qu\u00e9bec-286x400.jpg 286w, https:\/\/arpenterlechemin.com\/wp-content\/uploads\/2020\/11\/Voyager-en-Gasp\u00e9sie-en-automne-Qu\u00e9bec-418x585.jpg 418w, https:\/\/arpenterlechemin.com\/wp-content\/uploads\/2020\/11\/Voyager-en-Gasp\u00e9sie-en-automne-Qu\u00e9bec-768x1076.jpg 768w, https:\/\/arpenterlechemin.com\/wp-content\/uploads\/2020\/11\/Voyager-en-Gasp\u00e9sie-en-automne-Qu\u00e9bec-1097x1536.jpg 1097w, https:\/\/arpenterlechemin.com\/wp-content\/uploads\/2020\/11\/Voyager-en-Gasp\u00e9sie-en-automne-Qu\u00e9bec.jpg 1428w\" sizes=\"(max-width: 286px) 100vw, 286px\" \/><\/p>\n","protected":false},"excerpt":{"rendered":"<p>La Gasp\u00e9sie fait partie de ces destinations mythiques au Qu\u00e9bec, un incontournable qu&rsquo;on soit Europ\u00e9en ou Qu\u00e9b\u00e9cois. C&rsquo;est que cette p\u00e9ninsule regorge de paysages \u00e9poustouflants et faciles d&rsquo;acc\u00e8s via la fameuse route 132, qui en fait le tour. Lors de mon road-trip en Gasp\u00e9sie \u00e0 l&rsquo;\u00e9t\u00e9 2018, j&rsquo;avais vu bien des merveilles mais j&rsquo;avais aussi d\u00fb faire une croix sur le parc national de la Gasp\u00e9sie, alors interdit aux chiens. En 2019, au moment de choisir ma destination annuelle de vacances sans avion, je n&rsquo;avais qu&rsquo;une id\u00e9e en t\u00eate : <\/p>\n","protected":false},"author":1,"featured_media":9880,"comment_status":"open","ping_status":"open","sticky":false,"template":"","format":"standard","meta":{"jetpack_post_was_ever_published":false},"categories":[526,539,1],"tags":[577,42,436,7,166],"yoast_head":"<!-- This site is optimized with the Yoast SEO plugin v20.7 - https:\/\/yoast.com\/wordpress\/plugins\/seo\/ -->\n<title>QU\u00c9BEC \/\/ D\u00e9couvrir la Gasp\u00e9sie en automne<\/title>\n<meta name=\"description\" content=\"Mon itin\u00e9raire de road-trip pour voir les couleurs de la Gasp\u00e9sie en automne : parc de la gasp\u00e9sie, Forillon, baie de Chaleurs, un festival de couleurs...\" \/>\n<meta name=\"robots\" content=\"index, follow, max-snippet:-1, max-image-preview:large, max-video-preview:-1\" \/>\n<link rel=\"canonical\" href=\"https:\/\/arpenterlechemin.com\/index.php\/2020\/11\/12\/road-trip-automne-gaspesie\/\" \/>\n<meta property=\"og:locale\" content=\"fr_FR\" \/>\n<meta property=\"og:type\" content=\"article\" \/>\n<meta property=\"og:title\" content=\"QU\u00c9BEC \/\/ D\u00e9couvrir la Gasp\u00e9sie en automne\" \/>\n<meta property=\"og:description\" content=\"Mon itin\u00e9raire de road-trip pour voir les couleurs de la Gasp\u00e9sie en automne : parc de la gasp\u00e9sie, Forillon, baie de Chaleurs, un festival de couleurs...\" \/>\n<meta property=\"og:url\" content=\"https:\/\/arpenterlechemin.com\/index.php\/2020\/11\/12\/road-trip-automne-gaspesie\/\" \/>\n<meta property=\"og:site_name\" content=\"Arpenter le chemin\" \/>\n<meta property=\"article:published_time\" content=\"2020-11-12T22:15:16+00:00\" \/>\n<meta property=\"article:modified_time\" content=\"2021-11-19T13:43:17+00:00\" \/>\n<meta property=\"og:image\" content=\"https:\/\/arpenterlechemin.com\/wp-content\/uploads\/2020\/10\/La-Gasp\u00e9sie-en-automne.jpg\" \/>\n\t<meta property=\"og:image:width\" content=\"1040\" \/>\n\t<meta property=\"og:image:height\" content=\"585\" \/>\n\t<meta property=\"og:image:type\" content=\"image\/jpeg\" \/>\n<meta name=\"author\" content=\"Audrey\" \/>\n<meta name=\"twitter:card\" content=\"summary_large_image\" \/>\n<meta name=\"twitter:label1\" content=\"\u00c9crit par\" \/>\n\t<meta name=\"twitter:data1\" content=\"Audrey\" \/>\n\t<meta name=\"twitter:label2\" content=\"Dur\u00e9e de lecture estim\u00e9e\" \/>\n\t<meta name=\"twitter:data2\" content=\"16 minutes\" \/>\n<script type=\"application\/ld+json\" class=\"yoast-schema-graph\">{\"@context\":\"https:\/\/schema.org\",\"@graph\":[{\"@type\":\"Article\",\"@id\":\"https:\/\/arpenterlechemin.com\/index.php\/2020\/11\/12\/road-trip-automne-gaspesie\/#article\",\"isPartOf\":{\"@id\":\"https:\/\/arpenterlechemin.com\/index.php\/2020\/11\/12\/road-trip-automne-gaspesie\/\"},\"author\":{\"name\":\"Audrey\",\"@id\":\"https:\/\/arpenterlechemin.com\/#\/schema\/person\/1d187818c0988fbea4d682c1e59c795c\"},\"headline\":\"QU\u00c9BEC \/\/ D\u00e9couvrir la Gasp\u00e9sie en automne\",\"datePublished\":\"2020-11-12T22:15:16+00:00\",\"dateModified\":\"2021-11-19T13:43:17+00:00\",\"mainEntityOfPage\":{\"@id\":\"https:\/\/arpenterlechemin.com\/index.php\/2020\/11\/12\/road-trip-automne-gaspesie\/\"},\"wordCount\":3380,\"commentCount\":13,\"publisher\":{\"@id\":\"https:\/\/arpenterlechemin.com\/#organization\"},\"keywords\":[\"automne\",\"canada\",\"nature\",\"qu\u00e9bec\",\"road-trip\"],\"articleSection\":[\"Am\u00e9rique du Nord\",\"Am\u00e9riques\",\"Blog\"],\"inLanguage\":\"fr-FR\",\"potentialAction\":[{\"@type\":\"CommentAction\",\"name\":\"Comment\",\"target\":[\"https:\/\/arpenterlechemin.com\/index.php\/2020\/11\/12\/road-trip-automne-gaspesie\/#respond\"]}]},{\"@type\":\"WebPage\",\"@id\":\"https:\/\/arpenterlechemin.com\/index.php\/2020\/11\/12\/road-trip-automne-gaspesie\/\",\"url\":\"https:\/\/arpenterlechemin.com\/index.php\/2020\/11\/12\/road-trip-automne-gaspesie\/\",\"name\":\"QU\u00c9BEC \/\/ D\u00e9couvrir la Gasp\u00e9sie en automne\",\"isPartOf\":{\"@id\":\"https:\/\/arpenterlechemin.com\/#website\"},\"datePublished\":\"2020-11-12T22:15:16+00:00\",\"dateModified\":\"2021-11-19T13:43:17+00:00\",\"description\":\"Mon itin\u00e9raire de road-trip pour voir les couleurs de la Gasp\u00e9sie en automne : parc de la gasp\u00e9sie, Forillon, baie de Chaleurs, un festival de couleurs...\",\"breadcrumb\":{\"@id\":\"https:\/\/arpenterlechemin.com\/index.php\/2020\/11\/12\/road-trip-automne-gaspesie\/#breadcrumb\"},\"inLanguage\":\"fr-FR\",\"potentialAction\":[{\"@type\":\"ReadAction\",\"target\":[\"https:\/\/arpenterlechemin.com\/index.php\/2020\/11\/12\/road-trip-automne-gaspesie\/\"]}]},{\"@type\":\"BreadcrumbList\",\"@id\":\"https:\/\/arpenterlechemin.com\/index.php\/2020\/11\/12\/road-trip-automne-gaspesie\/#breadcrumb\",\"itemListElement\":[{\"@type\":\"ListItem\",\"position\":1,\"name\":\"Home\",\"item\":\"https:\/\/arpenterlechemin.com\/\"},{\"@type\":\"ListItem\",\"position\":2,\"name\":\"QU\u00c9BEC \/\/ D\u00e9couvrir la Gasp\u00e9sie en automne\"}]},{\"@type\":\"WebSite\",\"@id\":\"https:\/\/arpenterlechemin.com\/#website\",\"url\":\"https:\/\/arpenterlechemin.com\/\",\"name\":\"Arpenter le chemin\",\"description\":\"\",\"publisher\":{\"@id\":\"https:\/\/arpenterlechemin.com\/#organization\"},\"potentialAction\":[{\"@type\":\"SearchAction\",\"target\":{\"@type\":\"EntryPoint\",\"urlTemplate\":\"https:\/\/arpenterlechemin.com\/?s={search_term_string}\"},\"query-input\":\"required name=search_term_string\"}],\"inLanguage\":\"fr-FR\"},{\"@type\":\"Organization\",\"@id\":\"https:\/\/arpenterlechemin.com\/#organization\",\"name\":\"Arpenter le chemin\",\"url\":\"https:\/\/arpenterlechemin.com\/\",\"logo\":{\"@type\":\"ImageObject\",\"inLanguage\":\"fr-FR\",\"@id\":\"https:\/\/arpenterlechemin.com\/#\/schema\/logo\/image\/\",\"url\":\"https:\/\/arpenterlechemin.com\/wp-content\/uploads\/2017\/04\/icone-4.jpg\",\"contentUrl\":\"https:\/\/arpenterlechemin.com\/wp-content\/uploads\/2017\/04\/icone-4.jpg\",\"width\":150,\"height\":73,\"caption\":\"Arpenter le chemin\"},\"image\":{\"@id\":\"https:\/\/arpenterlechemin.com\/#\/schema\/logo\/image\/\"}},{\"@type\":\"Person\",\"@id\":\"https:\/\/arpenterlechemin.com\/#\/schema\/person\/1d187818c0988fbea4d682c1e59c795c\",\"name\":\"Audrey\",\"image\":{\"@type\":\"ImageObject\",\"inLanguage\":\"fr-FR\",\"@id\":\"https:\/\/arpenterlechemin.com\/#\/schema\/person\/image\/\",\"url\":\"https:\/\/secure.gravatar.com\/avatar\/b75298f64c73f1709976c50921beae6a?s=96&d=mm&r=g\",\"contentUrl\":\"https:\/\/secure.gravatar.com\/avatar\/b75298f64c73f1709976c50921beae6a?s=96&d=mm&r=g\",\"caption\":\"Audrey\"},\"description\":\"Allergique \u00e0 la routine, atteinte de bougeotte aigu\u00eb, j'essaie de m'envoler aussi souvent que possible, seule, en couple ou entre amis ! Ville, nature, culture, rando... tout me va, \u00e0 partir du moment o\u00f9 je suis dehors.\",\"url\":\"https:\/\/arpenterlechemin.com\/index.php\/author\/audreyf\/\"}]}<\/script>\n<!-- \/ Yoast SEO plugin. -->","yoast_head_json":{"title":"QU\u00c9BEC \/\/ D\u00e9couvrir la Gasp\u00e9sie en automne","description":"Mon itin\u00e9raire de road-trip pour voir les couleurs de la Gasp\u00e9sie en automne : parc de la gasp\u00e9sie, Forillon, baie de Chaleurs, un festival de couleurs...","robots":{"index":"index","follow":"follow","max-snippet":"max-snippet:-1","max-image-preview":"max-image-preview:large","max-video-preview":"max-video-preview:-1"},"canonical":"https:\/\/arpenterlechemin.com\/index.php\/2020\/11\/12\/road-trip-automne-gaspesie\/","og_locale":"fr_FR","og_type":"article","og_title":"QU\u00c9BEC \/\/ D\u00e9couvrir la Gasp\u00e9sie en automne","og_description":"Mon itin\u00e9raire de road-trip pour voir les couleurs de la Gasp\u00e9sie en automne : parc de la gasp\u00e9sie, Forillon, baie de Chaleurs, un festival de couleurs...","og_url":"https:\/\/arpenterlechemin.com\/index.php\/2020\/11\/12\/road-trip-automne-gaspesie\/","og_site_name":"Arpenter le chemin","article_published_time":"2020-11-12T22:15:16+00:00","article_modified_time":"2021-11-19T13:43:17+00:00","og_image":[{"width":1040,"height":585,"url":"https:\/\/arpenterlechemin.com\/wp-content\/uploads\/2020\/10\/La-Gasp\u00e9sie-en-automne.jpg","type":"image\/jpeg"}],"author":"Audrey","twitter_card":"summary_large_image","twitter_misc":{"\u00c9crit par":"Audrey","Dur\u00e9e de lecture estim\u00e9e":"16 minutes"},"schema":{"@context":"https:\/\/schema.org","@graph":[{"@type":"Article","@id":"https:\/\/arpenterlechemin.com\/index.php\/2020\/11\/12\/road-trip-automne-gaspesie\/#article","isPartOf":{"@id":"https:\/\/arpenterlechemin.com\/index.php\/2020\/11\/12\/road-trip-automne-gaspesie\/"},"author":{"name":"Audrey","@id":"https:\/\/arpenterlechemin.com\/#\/schema\/person\/1d187818c0988fbea4d682c1e59c795c"},"headline":"QU\u00c9BEC \/\/ D\u00e9couvrir la Gasp\u00e9sie en automne","datePublished":"2020-11-12T22:15:16+00:00","dateModified":"2021-11-19T13:43:17+00:00","mainEntityOfPage":{"@id":"https:\/\/arpenterlechemin.com\/index.php\/2020\/11\/12\/road-trip-automne-gaspesie\/"},"wordCount":3380,"commentCount":13,"publisher":{"@id":"https:\/\/arpenterlechemin.com\/#organization"},"keywords":["automne","canada","nature","qu\u00e9bec","road-trip"],"articleSection":["Am\u00e9rique du Nord","Am\u00e9riques","Blog"],"inLanguage":"fr-FR","potentialAction":[{"@type":"CommentAction","name":"Comment","target":["https:\/\/arpenterlechemin.com\/index.php\/2020\/11\/12\/road-trip-automne-gaspesie\/#respond"]}]},{"@type":"WebPage","@id":"https:\/\/arpenterlechemin.com\/index.php\/2020\/11\/12\/road-trip-automne-gaspesie\/","url":"https:\/\/arpenterlechemin.com\/index.php\/2020\/11\/12\/road-trip-automne-gaspesie\/","name":"QU\u00c9BEC \/\/ D\u00e9couvrir la Gasp\u00e9sie en automne","isPartOf":{"@id":"https:\/\/arpenterlechemin.com\/#website"},"datePublished":"2020-11-12T22:15:16+00:00","dateModified":"2021-11-19T13:43:17+00:00","description":"Mon itin\u00e9raire de road-trip pour voir les couleurs de la Gasp\u00e9sie en automne : parc de la gasp\u00e9sie, Forillon, baie de Chaleurs, un festival de couleurs...","breadcrumb":{"@id":"https:\/\/arpenterlechemin.com\/index.php\/2020\/11\/12\/road-trip-automne-gaspesie\/#breadcrumb"},"inLanguage":"fr-FR","potentialAction":[{"@type":"ReadAction","target":["https:\/\/arpenterlechemin.com\/index.php\/2020\/11\/12\/road-trip-automne-gaspesie\/"]}]},{"@type":"BreadcrumbList","@id":"https:\/\/arpenterlechemin.com\/index.php\/2020\/11\/12\/road-trip-automne-gaspesie\/#breadcrumb","itemListElement":[{"@type":"ListItem","position":1,"name":"Home","item":"https:\/\/arpenterlechemin.com\/"},{"@type":"ListItem","position":2,"name":"QU\u00c9BEC \/\/ D\u00e9couvrir la Gasp\u00e9sie en automne"}]},{"@type":"WebSite","@id":"https:\/\/arpenterlechemin.com\/#website","url":"https:\/\/arpenterlechemin.com\/","name":"Arpenter le chemin","description":"","publisher":{"@id":"https:\/\/arpenterlechemin.com\/#organization"},"potentialAction":[{"@type":"SearchAction","target":{"@type":"EntryPoint","urlTemplate":"https:\/\/arpenterlechemin.com\/?s={search_term_string}"},"query-input":"required name=search_term_string"}],"inLanguage":"fr-FR"},{"@type":"Organization","@id":"https:\/\/arpenterlechemin.com\/#organization","name":"Arpenter le chemin","url":"https:\/\/arpenterlechemin.com\/","logo":{"@type":"ImageObject","inLanguage":"fr-FR","@id":"https:\/\/arpenterlechemin.com\/#\/schema\/logo\/image\/","url":"https:\/\/arpenterlechemin.com\/wp-content\/uploads\/2017\/04\/icone-4.jpg","contentUrl":"https:\/\/arpenterlechemin.com\/wp-content\/uploads\/2017\/04\/icone-4.jpg","width":150,"height":73,"caption":"Arpenter le chemin"},"image":{"@id":"https:\/\/arpenterlechemin.com\/#\/schema\/logo\/image\/"}},{"@type":"Person","@id":"https:\/\/arpenterlechemin.com\/#\/schema\/person\/1d187818c0988fbea4d682c1e59c795c","name":"Audrey","image":{"@type":"ImageObject","inLanguage":"fr-FR","@id":"https:\/\/arpenterlechemin.com\/#\/schema\/person\/image\/","url":"https:\/\/secure.gravatar.com\/avatar\/b75298f64c73f1709976c50921beae6a?s=96&d=mm&r=g","contentUrl":"https:\/\/secure.gravatar.com\/avatar\/b75298f64c73f1709976c50921beae6a?s=96&d=mm&r=g","caption":"Audrey"},"description":"Allergique \u00e0 la routine, atteinte de bougeotte aigu\u00eb, j'essaie de m'envoler aussi souvent que possible, seule, en couple ou entre amis ! Ville, nature, culture, rando... tout me va, \u00e0 partir du moment o\u00f9 je suis dehors.","url":"https:\/\/arpenterlechemin.com\/index.php\/author\/audreyf\/"}]}},"jetpack_featured_media_url":"https:\/\/arpenterlechemin.com\/wp-content\/uploads\/2020\/10\/La-Gasp\u00e9sie-en-automne.jpg","jetpack_sharing_enabled":true,"jetpack_shortlink":"https:\/\/wp.me\/p8z9hR-2bt","jetpack-related-posts":[{"id":8393,"url":"https:\/\/arpenterlechemin.com\/index.php\/2019\/10\/23\/gaspesie-automne\/","url_meta":{"origin":8399,"position":0},"title":"QU\u00c9BEC \/\/ Randonn\u00e9es d&rsquo;automne en Gasp\u00e9sie","date":"23 octobre 2019","format":false,"excerpt":"Qui ne r\u00eave pas de d\u00e9couvrir le Canada en automne ? Couleurs inou\u00efes et douceur de l'arri\u00e8re-saison, c'est le moment id\u00e9al pour faire un road-trip sans la foule ou d\u00e9couvrir les parcs nationaux juste avant la fermeture des services, en dernier t\u00eate-\u00e0-t\u00eate avec la nature avant son hibernation. \u00c7a tombe\u2026","rel":"","context":"Dans &quot;Am\u00e9rique du Nord&quot;","img":{"alt_text":"randonnees gaspesie automne","src":"https:\/\/i0.wp.com\/arpenterlechemin.com\/wp-content\/uploads\/2019\/10\/randonnees-gaspesie-automne.jpg?resize=350%2C200&ssl=1","width":350,"height":200},"classes":[]},{"id":5648,"url":"https:\/\/arpenterlechemin.com\/index.php\/2018\/07\/24\/road-trip-gaspesie\/","url_meta":{"origin":8399,"position":1},"title":"QU\u00c9BEC \/\/ Mon itin\u00e9raire de road-trip en Gasp\u00e9sie","date":"24 juillet 2018","format":false,"excerpt":"Depuis le temps que j'en r\u00eavais, je suis enfin all\u00e9e en Gasp\u00e9sie. Je dois vous avouer quelque chose : pendant longtemps, j'ai cru que la Gasp\u00e9sie \u00e9tait un plateau pel\u00e9 et vide, une sorte de lande irlandaise qui ne m'attirait pas vraiment. Et puis j'ai vu des photos formidables des\u2026","rel":"","context":"Dans &quot;Am\u00e9rique du Nord&quot;","img":{"alt_text":"itineraire gaspesie quebec blog voyage titre","src":"https:\/\/i0.wp.com\/arpenterlechemin.com\/wp-content\/uploads\/2018\/07\/itineraire-gaspesie-quebec-blog-voyage-titre.jpg?resize=350%2C200&ssl=1","width":350,"height":200},"classes":[]},{"id":5659,"url":"https:\/\/arpenterlechemin.com\/index.php\/2018\/07\/31\/hebergements-insolites-gaspesie\/","url_meta":{"origin":8399,"position":2},"title":"QU\u00c9BEC \/\/ H\u00e9bergements insolites en Gasp\u00e9sie","date":"31 juillet 2018","format":false,"excerpt":"Pendant ma semaine en Gasp\u00e9sie, j'ai eu l'occasion de loger dans trois h\u00e9bergements tr\u00e8s diff\u00e9rents mais tous aussi d\u00e9licieux les uns que les autres. La Gasp\u00e9sie, c'est une r\u00e9gion montagneuse au bord de la mer, o\u00f9 l'\u00e2me est fa\u00e7onn\u00e9e par le vent de l'Atlantique et les humeurs de la for\u00eat,\u2026","rel":"","context":"Dans &quot;Am\u00e9rique du Nord&quot;","img":{"alt_text":"hebergements gaspesie quebec blog voyage titre bonnes adresses","src":"https:\/\/i0.wp.com\/arpenterlechemin.com\/wp-content\/uploads\/2018\/07\/hebergements-gaspesie-quebec-blog-voyage-titre-bonnes-adresses.jpg?resize=350%2C200&ssl=1","width":350,"height":200},"classes":[]},{"id":5677,"url":"https:\/\/arpenterlechemin.com\/index.php\/2018\/08\/07\/rocher-perce-ile-bonaventure-gaspesie\/","url_meta":{"origin":8399,"position":3},"title":"QUEBEC \/\/ L&rsquo;\u00eele Bonaventure","date":"7 ao\u00fbt 2018","format":false,"excerpt":"Je ne pensais pas dire un jour que le clou d'un road-trip aurait \u00e9t\u00e9 d'aller voir des oiseaux, mais si, je vais le dire : le clou de mon road-trip en Gasp\u00e9sie, c'\u00e9tait d'aller tutoyer les fous de Bassan de l'\u00eele Bonaventure. Attention, on ne parle pas de trois mouettes\u2026","rel":"","context":"Dans &quot;Am\u00e9rique du Nord&quot;","img":{"alt_text":"ile bonaventure fous de bassan perce gaspesie quebec blog voyage titre bonnes adresses","src":"https:\/\/i0.wp.com\/arpenterlechemin.com\/wp-content\/uploads\/2018\/07\/ile-bonaventure-fous-de-bassan-perce-gaspesie-quebec-blog-voyage-titre-bonnes-adresses.jpg?resize=350%2C200&ssl=1","width":350,"height":200},"classes":[]},{"id":5716,"url":"https:\/\/arpenterlechemin.com\/index.php\/2018\/08\/21\/canada-mes-parcs-nationaux-preferes-dans-lest\/","url_meta":{"origin":8399,"position":4},"title":"CANADA \/\/ Mes parcs nationaux pr\u00e9f\u00e9r\u00e9s dans l&rsquo;Est","date":"21 ao\u00fbt 2018","format":false,"excerpt":"Cela fait depuis 2014 que j'habite au Canada. Depuis 2014 que je fais du pays mon terrain de jeu, et des randonn\u00e9es mes loisirs. Si je n'ai jamais d\u00e9pass\u00e9 Toronto pour l'instant, j'ai eu de nombreuses occasions de parcourir l'est du Canada \u00e0 la recherche de belles randonn\u00e9es, au gr\u00e9\u2026","rel":"","context":"Dans &quot;Am\u00e9rique du Nord&quot;","img":{"alt_text":"parcs nationaux canada blog voyage road-trip arpenter le chemin","src":"https:\/\/i0.wp.com\/arpenterlechemin.com\/wp-content\/uploads\/2018\/08\/parcs-nationaux-canada-blog-voyage-road-trip-arpenter-le-chemin.jpg?resize=350%2C200&ssl=1","width":350,"height":200},"classes":[]},{"id":6609,"url":"https:\/\/arpenterlechemin.com\/index.php\/2018\/12\/20\/retrospective-voyage-2018\/","url_meta":{"origin":8399,"position":5},"title":"Ma r\u00e9trospective de voyage \/\/ 2018","date":"20 d\u00e9cembre 2018","format":false,"excerpt":"Encore une belle ann\u00e9e qui vient de s'\u00e9couler ! Je vous propose de faire un r\u00e9sum\u00e9 de ce que j'ai vu et aim\u00e9 en cette ann\u00e9e 2018, avant de passer le flambeau \u00e0 2019. Sans revenir sur la cinquantaine de chroniques publi\u00e9e cette ann\u00e9e, voici quelques-uns des temps forts de\u2026","rel":"","context":"Dans &quot;Am\u00e9rique du Nord&quot;","img":{"alt_text":"retrospective voyage 2018 blog voyage canada arpenter le chemin","src":"https:\/\/i0.wp.com\/arpenterlechemin.com\/wp-content\/uploads\/2018\/12\/retrospective-voyage-2018-blog-voyage-canada-arpenter-le-chemin.jpg?resize=350%2C200&ssl=1","width":350,"height":200},"classes":[]}],"_links":{"self":[{"href":"https:\/\/arpenterlechemin.com\/index.php\/wp-json\/wp\/v2\/posts\/8399"}],"collection":[{"href":"https:\/\/arpenterlechemin.com\/index.php\/wp-json\/wp\/v2\/posts"}],"about":[{"href":"https:\/\/arpenterlechemin.com\/index.php\/wp-json\/wp\/v2\/types\/post"}],"author":[{"embeddable":true,"href":"https:\/\/arpenterlechemin.com\/index.php\/wp-json\/wp\/v2\/users\/1"}],"replies":[{"embeddable":true,"href":"https:\/\/arpenterlechemin.com\/index.php\/wp-json\/wp\/v2\/comments?post=8399"}],"version-history":[{"count":0,"href":"https:\/\/arpenterlechemin.com\/index.php\/wp-json\/wp\/v2\/posts\/8399\/revisions"}],"wp:featuredmedia":[{"embeddable":true,"href":"https:\/\/arpenterlechemin.com\/index.php\/wp-json\/wp\/v2\/media\/9880"}],"wp:attachment":[{"href":"https:\/\/arpenterlechemin.com\/index.php\/wp-json\/wp\/v2\/media?parent=8399"}],"wp:term":[{"taxonomy":"category","embeddable":true,"href":"https:\/\/arpenterlechemin.com\/index.php\/wp-json\/wp\/v2\/categories?post=8399"},{"taxonomy":"post_tag","embeddable":true,"href":"https:\/\/arpenterlechemin.com\/index.php\/wp-json\/wp\/v2\/tags?post=8399"}],"curies":[{"name":"wp","href":"https:\/\/api.w.org\/{rel}","templated":true}]}}