{"id":8113,"date":"2019-08-21T02:37:22","date_gmt":"2019-08-21T06:37:22","guid":{"rendered":"https:\/\/arpenterlechemin.com\/?p=8113"},"modified":"2019-12-06T17:45:54","modified_gmt":"2019-12-06T21:45:54","slug":"palais-papes-avignon","status":"publish","type":"post","link":"https:\/\/arpenterlechemin.com\/index.php\/2019\/08\/21\/palais-papes-avignon\/","title":{"rendered":"FRANCE \/\/ Le Palais des Papes \u00e0 Avignon"},"content":{"rendered":"<p>Au c\u0153ur de la Provence, la belle ville d&rsquo;Avignon a tout pour elle : la douceur du midi, une taille humaine, un joli centre-ville avec le mont Ventoux non loin, et surtout le <strong>Palais des Papes<\/strong>, plus grand palais gothique construit au Moyen-\u00c2ge. Ce tr\u00e9sor architectural est un palais hors normes, si\u00e8ge de la chr\u00e9tient\u00e9 en Occident au XIVe si\u00e8cle, dont les pierres renferment des secrets : <strong>cette demeure papale a accueilli cinq conclaves, vu d\u00e9filer les \u00e9rudits de l&rsquo;\u00e9poque, entendu mille complots<\/strong>. Class\u00e9 \u00e0 l&rsquo;Unesco, ce palais est une visite incontournable en Provence, autant pour admirer une architecture fabuleuse que pour prendre la mesure de l&rsquo;incroyable pouvoir du catholicisme en France au Moyen-\u00c2ge. Vous commencez \u00e0 me conna\u00eetre, mon radar s&rsquo;est enclench\u00e9 d\u00e8s que j&rsquo;ai entendu \u00ab\u00a0plus grand palais <a href=\"https:\/\/arpenterlechemin.com\/index.php\/2018\/10\/23\/voyage-gothique-mode-demploi\/\">gothique<\/a>\u00ab\u00a0, il n&rsquo;en fallait pas plus pour m&rsquo;attirer \u00e0 Avignon. Car oui, j&rsquo;aime les ambiances gothiques, mais je raffole aussi de l&rsquo;architecture gothique. Tous ces arcs bris\u00e9s, toutes ces fl\u00e8ches&#8230; je fr\u00e9tille ! Si le c\u0153ur vous en dit, je vous invite \u00e0 le visiter avec moi.<\/p>\n<p><img decoding=\"async\" loading=\"lazy\" class=\"aligncenter size-full wp-image-8127\" src=\"https:\/\/arpenterlechemin.com\/wp-content\/uploads\/2019\/08\/incontournables-avignon-que-voir.jpg\" alt=\"incontournables avignon que voir\" width=\"4030\" height=\"2267\" srcset=\"https:\/\/arpenterlechemin.com\/wp-content\/uploads\/2019\/08\/incontournables-avignon-que-voir.jpg 4030w, https:\/\/arpenterlechemin.com\/wp-content\/uploads\/2019\/08\/incontournables-avignon-que-voir-500x280.jpg 500w, https:\/\/arpenterlechemin.com\/wp-content\/uploads\/2019\/08\/incontournables-avignon-que-voir-690x388.jpg 690w, https:\/\/arpenterlechemin.com\/wp-content\/uploads\/2019\/08\/incontournables-avignon-que-voir-768x432.jpg 768w, https:\/\/arpenterlechemin.com\/wp-content\/uploads\/2019\/08\/incontournables-avignon-que-voir-1040x585.jpg 1040w\" sizes=\"(max-width: 4030px) 100vw, 4030px\" \/><\/p>\n<p>Le <strong>palais des Papes est assez difficile \u00e0 rater \u00e0 Avignon<\/strong> : tous les panneaux m\u00e8nent \u00e0 lui. Il suffit de suivre n&rsquo;importe quel groupe de touristes et vous le trouverez. Je vous conseille \u00e9videmment de venir t\u00f4t le matin pour profiter d&rsquo;une qui\u00e9tude relative. La place du Palais, o\u00f9 se fait l&rsquo;entr\u00e9e, est monumentale avec cette fa\u00e7ade qui domine tout le reste avec ses cr\u00e9neau et ses tours. Le palais a \u00e9t\u00e9 construit justement pour \u00eatre visible de loin, adoss\u00e9 au rocher des Doms, et on le voit depuis les Alpilles \u00e0 une vingtaine de kilom\u00e8tres, comme \u00e0 <a href=\"https:\/\/arpenterlechemin.com\/index.php\/2019\/04\/23\/france-escapade-provence\/\">Saint-R\u00e9my-de-Provence<\/a>. <strong>V\u00e9ritable citadelle, elle servait de place-forte aux papes, et s&rsquo;il est \u00e9vident que ceux-ci avaient quand m\u00eame un peu envie de rouler des m\u00e9caniques en la faisant construire<\/strong>, le b\u00e2timent a aussi \u00e9t\u00e9 con\u00e7u pour soutenir litt\u00e9ralement un si\u00e8ge.<\/p>\n<p>Avec mon amie, nous arrivons t\u00f4t le matin. Seules quelques personnes font d\u00e9j\u00e0 la queue pour les billets, tout va assez vite. Avec notre billet, on nous remet une tablette appel\u00e9e Histopad et des \u00e9couteurs, qui nous laissent un peu dubitatives. On nous explique que gr\u00e2ce \u00e0 la tablette, on peut voir les pi\u00e8ces telles qu&rsquo;elles \u00e9taient \u00e0 l&rsquo;\u00e9poque. Soit, nous verrons \u00e0 l&rsquo;usage. Il y a un sens \u00e0 la visite, m\u00eame si on peut facilement revenir sur ses pas <del>si on se perd<\/del>. La visite commence par la <strong>monumentale Cour d&rsquo;honneur, si belle qu&rsquo;elle fut \u00e0 l&rsquo;origine du Festival d&rsquo;Avignon<\/strong>.<\/p>\n<p>La l\u00e9gende veut qu&rsquo;en 1947, Jean Vilar, metteur en sc\u00e8ne, cherchait un lieu \u00e0 la fois clos mais ouvert pour y jouer une pi\u00e8ce de th\u00e9\u00e2tre. C&rsquo;est \u00e0 <strong>Jeanne Laurent<\/strong>, charg\u00e9e de d\u00e9centralisation culturelle, qu&rsquo;on doit l&rsquo;id\u00e9e de se servir du mur de la cour d&rsquo;honneur du palais en guise de toile de fond. Une riche id\u00e9e sans laquelle ce festival de th\u00e9\u00e2tre n&rsquo;aurait pas la m\u00eame saveur. Je n&rsquo;y ai jamais assist\u00e9, mais ce que j&rsquo;en lis laisse entendre que cette \u00ab\u00a0salle\u00a0\u00bb formidable est l&rsquo;un des rares lieux o\u00f9 les spectateurs s&rsquo;autorisent des r\u00e9actions bruyantes, virulentes et visc\u00e9rales, loin des ambiances feutr\u00e9es des th\u00e9\u00e2tres clos, port\u00e9s par le <strong>sentiment de communion d&rsquo;un th\u00e9\u00e2tre \u00e0 ciel ouvert.<\/strong><\/p>\n<p><img decoding=\"async\" loading=\"lazy\" class=\"aligncenter size-full wp-image-8116\" src=\"https:\/\/arpenterlechemin.com\/wp-content\/uploads\/2019\/08\/entree-palais-papes-avignon-acheter-tickets.jpg\" alt=\"entree palais papes avignon acheter tickets\" width=\"4156\" height=\"2338\" srcset=\"https:\/\/arpenterlechemin.com\/wp-content\/uploads\/2019\/08\/entree-palais-papes-avignon-acheter-tickets.jpg 4156w, https:\/\/arpenterlechemin.com\/wp-content\/uploads\/2019\/08\/entree-palais-papes-avignon-acheter-tickets-500x280.jpg 500w, https:\/\/arpenterlechemin.com\/wp-content\/uploads\/2019\/08\/entree-palais-papes-avignon-acheter-tickets-690x388.jpg 690w, https:\/\/arpenterlechemin.com\/wp-content\/uploads\/2019\/08\/entree-palais-papes-avignon-acheter-tickets-768x432.jpg 768w, https:\/\/arpenterlechemin.com\/wp-content\/uploads\/2019\/08\/entree-palais-papes-avignon-acheter-tickets-1040x585.jpg 1040w\" sizes=\"(max-width: 4156px) 100vw, 4156px\" \/><\/p>\n<p style=\"text-align: center;\"><em>On voit d&rsquo;ailleurs en bas \u00e0 gauche quelques \u00e9chafaudages, restes ou pr\u00e9mices d&rsquo;une sc\u00e8ne.<\/em><\/p>\n<p>Apr\u00e8s la cour d&rsquo;honneur, on passe ensuite \u00e0 une deuxi\u00e8me cour, plus \u00e9tonnante avec sa pelouse et ses fa\u00e7ades blanches : c&rsquo;est la <strong>cour du clo\u00eetre, minuscule havre de verdure<\/strong>, seul endroit du palais \u00e0 ne pas \u00eatre enti\u00e8rement min\u00e9ral. Je m&rsquo;\u00e9merveille devant ses cr\u00e9neau et ses arcs en ogive. Le palais a \u00e9t\u00e9 construit entre 1335 et 1352, sous les pontificats de Beno\u00eet XII et Cl\u00e9ment VI. Ce clo\u00eetre est d&rsquo;ailleurs appel\u00e9 \u00ab\u00a0<strong>clo\u00eetre de Beno\u00eet XII<\/strong>\u00ab\u00a0, et fait partie du palais vieux.<\/p>\n<p>Difficile de ne pas parler des papes en visitant ce palais. Pour une fois, il n&rsquo;y aura gu\u00e8re de matrimoine ou de f\u00e9minisme dans cette chronique : la papaut\u00e9, c&rsquo;est une histoire d&rsquo;hommes. Si les papes se sont bri\u00e8vement install\u00e9s \u00e0 Avignon, c&rsquo;est sous l&rsquo;impulsion de <strong>Cl\u00e9ment V<\/strong> (de son vrai nom Bertrand de Goth) qui cherchait \u00e0 d\u00e9placer le centre de gravit\u00e9 de la chr\u00e9tient\u00e9 au nord de Rome. La France \u00e9tant alors la \u00ab\u00a0fille a\u00een\u00e9e de l&rsquo;\u00c9glise\u00a0\u00bb, il chercha une nouvelle implantation dans le royaume de France, dont les fronti\u00e8res remontaient bien au nord qu&rsquo;\u00e0 pr\u00e9sent. <strong>D&rsquo;autres papes fran\u00e7ais<\/strong> lui succ\u00e9deront entre 1305 et 1429, <strong>certains l\u00e9gitimes, et d&rsquo;autres antipapes<\/strong> (j&rsquo;adore ce nom !), dont Cl\u00e9ment VII, alias Robert Comte de Gen\u00e8ve, n\u00e9 \u00e0 <a href=\"https:\/\/arpenterlechemin.com\/index.php\/2019\/04\/01\/annecy-escapade\/\">Annecy<\/a>.<\/p>\n<p><img decoding=\"async\" loading=\"lazy\" class=\"aligncenter size-full wp-image-8121\" src=\"https:\/\/arpenterlechemin.com\/wp-content\/uploads\/2019\/08\/interieur-palais-papes-visite-avignon-provence-blog-voyage-france-arpenter-le-chemin.jpg\" alt=\"interieur palais papes visite avignon provence blog voyage france arpenter le chemin\" width=\"1920\" height=\"1080\" srcset=\"https:\/\/arpenterlechemin.com\/wp-content\/uploads\/2019\/08\/interieur-palais-papes-visite-avignon-provence-blog-voyage-france-arpenter-le-chemin.jpg 1920w, https:\/\/arpenterlechemin.com\/wp-content\/uploads\/2019\/08\/interieur-palais-papes-visite-avignon-provence-blog-voyage-france-arpenter-le-chemin-500x280.jpg 500w, https:\/\/arpenterlechemin.com\/wp-content\/uploads\/2019\/08\/interieur-palais-papes-visite-avignon-provence-blog-voyage-france-arpenter-le-chemin-690x388.jpg 690w, https:\/\/arpenterlechemin.com\/wp-content\/uploads\/2019\/08\/interieur-palais-papes-visite-avignon-provence-blog-voyage-france-arpenter-le-chemin-768x432.jpg 768w, https:\/\/arpenterlechemin.com\/wp-content\/uploads\/2019\/08\/interieur-palais-papes-visite-avignon-provence-blog-voyage-france-arpenter-le-chemin-1040x585.jpg 1040w\" sizes=\"(max-width: 1920px) 100vw, 1920px\" \/><\/p>\n<p><img decoding=\"async\" loading=\"lazy\" class=\"aligncenter size-full wp-image-8130\" src=\"https:\/\/arpenterlechemin.com\/wp-content\/uploads\/2019\/08\/provence-que-faire-que-voir-france-voyage.jpg\" alt=\"provence que faire que voir france voyage\" width=\"3231\" height=\"1818\" srcset=\"https:\/\/arpenterlechemin.com\/wp-content\/uploads\/2019\/08\/provence-que-faire-que-voir-france-voyage.jpg 3231w, https:\/\/arpenterlechemin.com\/wp-content\/uploads\/2019\/08\/provence-que-faire-que-voir-france-voyage-500x280.jpg 500w, https:\/\/arpenterlechemin.com\/wp-content\/uploads\/2019\/08\/provence-que-faire-que-voir-france-voyage-690x388.jpg 690w, https:\/\/arpenterlechemin.com\/wp-content\/uploads\/2019\/08\/provence-que-faire-que-voir-france-voyage-768x432.jpg 768w, https:\/\/arpenterlechemin.com\/wp-content\/uploads\/2019\/08\/provence-que-faire-que-voir-france-voyage-1040x585.jpg 1040w\" sizes=\"(max-width: 3231px) 100vw, 3231px\" \/><\/p>\n<p>Le temps de monter l&rsquo;escalier, nous voil\u00e0 dans une coursive fort agr\u00e9able, la <strong>galerie du clo\u00eetre<\/strong>. Entrons donc dans les salles. La <strong>salle du Grand Tinel<\/strong> nous accueille avec des proportions incroyables : <strong>48 m\u00e8tres de long sur 10 m\u00e8tres de haut !<\/strong> C&rsquo;\u00e9tait une salle de banquet, comme en t\u00e9moignent la cuisine et sa chemin\u00e9e exceptionnelle, o\u00f9 on imagine fort des boeufs en train de r\u00f4tir.<\/p>\n<p>\u00c0 ce stade, mon amie et moi nous emm\u00ealons un peu les pinceaux : nous passons 20 bonnes minutes \u00e0 chercher la suite de la visite dans la cour, redescendons vers la cour du clo\u00eetre, d\u00e9baroulons dans une r\u00e9ception priv\u00e9e&#8230; C&rsquo;est que le palais est presque labyrinthique ! La solution : il faut aller au bout de la grande salle, tout \u00e0 droite, pour profiter d&rsquo;un passage vers une autre salle. C&rsquo;est ici un de mes passages pr\u00e9f\u00e9r\u00e9s : la visite de la <strong>salle d&rsquo;\u00e9tude et appartements priv\u00e9s de Cl\u00e9ment VI<\/strong>. Ce carrelage ! Ces volumes ! Il vous faudra malheureusement imaginer le tout car les photos y \u00e9taient interdites. On appelle cette \u00e9tude la <strong>Chambre du Cerf<\/strong> en raison d&rsquo;une fresque dont il ne reste plus que la moiti\u00e9, cach\u00e9e par une chemin\u00e9e. Ce n&rsquo;est pas la seule fresque inestimable du Palais pour laquelle je vous demande de faire un effort d&rsquo;imagination, mais vous pouvez <a href=\"http:\/\/www.palais-des-papes.com\/fr\/content\/des-fresques-inestimables\">les admirer ici<\/a>.<\/p>\n<p><img decoding=\"async\" loading=\"lazy\" class=\"aligncenter size-full wp-image-8120\" src=\"https:\/\/arpenterlechemin.com\/wp-content\/uploads\/2019\/08\/visite-palais-papes-avignon-histoire-blog-voyage-france-arpenter-le-chemin.jpg\" alt=\"visite palais papes avignon histoire blog voyage france arpenter le chemin\" width=\"1920\" height=\"1080\" srcset=\"https:\/\/arpenterlechemin.com\/wp-content\/uploads\/2019\/08\/visite-palais-papes-avignon-histoire-blog-voyage-france-arpenter-le-chemin.jpg 1920w, https:\/\/arpenterlechemin.com\/wp-content\/uploads\/2019\/08\/visite-palais-papes-avignon-histoire-blog-voyage-france-arpenter-le-chemin-500x280.jpg 500w, https:\/\/arpenterlechemin.com\/wp-content\/uploads\/2019\/08\/visite-palais-papes-avignon-histoire-blog-voyage-france-arpenter-le-chemin-690x388.jpg 690w, https:\/\/arpenterlechemin.com\/wp-content\/uploads\/2019\/08\/visite-palais-papes-avignon-histoire-blog-voyage-france-arpenter-le-chemin-768x432.jpg 768w, https:\/\/arpenterlechemin.com\/wp-content\/uploads\/2019\/08\/visite-palais-papes-avignon-histoire-blog-voyage-france-arpenter-le-chemin-1040x585.jpg 1040w\" sizes=\"(max-width: 1920px) 100vw, 1920px\" \/><\/p>\n<p style=\"text-align: center;\"><em>Publier encore ce genre de photo en 2019, est-ce bien s\u00e9rieux ? Mais admirez un peu ces vitraux et ce carrelage ! <\/em><em>(salle du grand Tinel et chambre du cerf)<\/em><\/p>\n<p>La visite monte, descend. Nous voici dans la <strong>sacristie<\/strong>, o\u00f9 nous attendent des gisants : <strong>Anne d&rsquo;Auvergne et Louis II de Bourbon<\/strong>. Je n&rsquo;ai pas vraiment d&rsquo;informations qui expliqueraient pourquoi ces deux personnes-l\u00e0 et pas d&rsquo;autres, si quelqu&rsquo;un le sait ? Toujours est-il que nous nous amusons de la t\u00eate de Philippe-le-Hardi (tout \u00e0 gauche). Ce brave homme est-il amer, jaloux, envieux, en col\u00e8re, tout \u00e7a \u00e0 la fois ? Il ne devait pas \u00eatre commode !<\/p>\n<p><img decoding=\"async\" loading=\"lazy\" class=\"aligncenter size-full wp-image-8134\" src=\"https:\/\/arpenterlechemin.com\/wp-content\/uploads\/2019\/08\/avignon-papes-palais.jpg\" alt=\"avignon papes palais\" width=\"4156\" height=\"2338\" srcset=\"https:\/\/arpenterlechemin.com\/wp-content\/uploads\/2019\/08\/avignon-papes-palais.jpg 4156w, https:\/\/arpenterlechemin.com\/wp-content\/uploads\/2019\/08\/avignon-papes-palais-500x280.jpg 500w, https:\/\/arpenterlechemin.com\/wp-content\/uploads\/2019\/08\/avignon-papes-palais-690x388.jpg 690w, https:\/\/arpenterlechemin.com\/wp-content\/uploads\/2019\/08\/avignon-papes-palais-768x432.jpg 768w, https:\/\/arpenterlechemin.com\/wp-content\/uploads\/2019\/08\/avignon-papes-palais-1040x585.jpg 1040w\" sizes=\"(max-width: 4156px) 100vw, 4156px\" \/><\/p>\n<p><img decoding=\"async\" loading=\"lazy\" class=\"aligncenter wp-image-8190 size-full\" src=\"https:\/\/arpenterlechemin.com\/wp-content\/uploads\/2019\/08\/P1220368-2.jpg\" alt=\"\" width=\"3232\" height=\"1817\" srcset=\"https:\/\/arpenterlechemin.com\/wp-content\/uploads\/2019\/08\/P1220368-2.jpg 3232w, https:\/\/arpenterlechemin.com\/wp-content\/uploads\/2019\/08\/P1220368-2-500x280.jpg 500w, https:\/\/arpenterlechemin.com\/wp-content\/uploads\/2019\/08\/P1220368-2-690x388.jpg 690w, https:\/\/arpenterlechemin.com\/wp-content\/uploads\/2019\/08\/P1220368-2-768x432.jpg 768w, https:\/\/arpenterlechemin.com\/wp-content\/uploads\/2019\/08\/P1220368-2-1040x585.jpg 1040w\" sizes=\"(max-width: 3232px) 100vw, 3232px\" \/><\/p>\n<p style=\"text-align: center;\"><em>Bonjour, je m&rsquo;appelle Philippe, ceci est mon visage au repos.<\/em><\/p>\n<p>Surprise incroyable, nous p\u00e9n\u00e9trons ensuite dans&#8230; une cath\u00e9drale&#8230; ? Une cath\u00e9drale au premier \u00e9tage du palais&#8230; c&rsquo;est possible \u00e7a ? Non, ce n&rsquo;est pas possible. C&rsquo;est une chapelle, dite la <strong>Grande Chapelle<\/strong>, mais dont les proportions monumentales la rapprochent des plus belles \u00e9glises gothiques. Voyez un peu ces vo\u00fbtes #VoutesPorn. Je souligne aussi la belle rosace. On surnomme cette chapelle la \u00ab\u00a0<strong>chapelle cl\u00e9mentine<\/strong>\u00ab\u00a0, car elle fut elle aussi commandit\u00e9e par Cl\u00e9ment VI. Elle est vide d\u00e9sormais, et un peu triste, mais toujours propice \u00e0 l&rsquo;\u00e9merveillement, non pas devant le divin, mais devant les prouesses de l&rsquo;architecture.<\/p>\n<p><img decoding=\"async\" loading=\"lazy\" class=\"aligncenter size-full wp-image-8119\" src=\"https:\/\/arpenterlechemin.com\/wp-content\/uploads\/2019\/08\/visite-palais-papes-avignon-infos-pratiques-blog-voyage-france-arpenter-le-chemin.jpg\" alt=\"visite palais papes avignon infos pratiques blog voyage france arpenter le chemin\" width=\"1920\" height=\"1080\" srcset=\"https:\/\/arpenterlechemin.com\/wp-content\/uploads\/2019\/08\/visite-palais-papes-avignon-infos-pratiques-blog-voyage-france-arpenter-le-chemin.jpg 1920w, https:\/\/arpenterlechemin.com\/wp-content\/uploads\/2019\/08\/visite-palais-papes-avignon-infos-pratiques-blog-voyage-france-arpenter-le-chemin-500x280.jpg 500w, https:\/\/arpenterlechemin.com\/wp-content\/uploads\/2019\/08\/visite-palais-papes-avignon-infos-pratiques-blog-voyage-france-arpenter-le-chemin-690x388.jpg 690w, https:\/\/arpenterlechemin.com\/wp-content\/uploads\/2019\/08\/visite-palais-papes-avignon-infos-pratiques-blog-voyage-france-arpenter-le-chemin-768x432.jpg 768w, https:\/\/arpenterlechemin.com\/wp-content\/uploads\/2019\/08\/visite-palais-papes-avignon-infos-pratiques-blog-voyage-france-arpenter-le-chemin-1040x585.jpg 1040w\" sizes=\"(max-width: 1920px) 100vw, 1920px\" \/><\/p>\n<p style=\"text-align: center;\"><em>Grande Chapelle et vo\u00fbtes de la salle de la Grande audience (en bas \u00e0 droite)<\/em><\/p>\n<p><img decoding=\"async\" loading=\"lazy\" class=\"aligncenter size-full wp-image-8132\" src=\"https:\/\/arpenterlechemin.com\/wp-content\/uploads\/2019\/08\/avignon-gothique-eglise.jpg\" alt=\"avignon gothique eglise\" width=\"3231\" height=\"1817\" srcset=\"https:\/\/arpenterlechemin.com\/wp-content\/uploads\/2019\/08\/avignon-gothique-eglise.jpg 3231w, https:\/\/arpenterlechemin.com\/wp-content\/uploads\/2019\/08\/avignon-gothique-eglise-500x280.jpg 500w, https:\/\/arpenterlechemin.com\/wp-content\/uploads\/2019\/08\/avignon-gothique-eglise-690x388.jpg 690w, https:\/\/arpenterlechemin.com\/wp-content\/uploads\/2019\/08\/avignon-gothique-eglise-768x432.jpg 768w, https:\/\/arpenterlechemin.com\/wp-content\/uploads\/2019\/08\/avignon-gothique-eglise-1040x585.jpg 1040w\" sizes=\"(max-width: 3231px) 100vw, 3231px\" \/><\/p>\n<p>Encore quelques \u00e9tages \u00e0 monter, et nous voici \u00e0 l&rsquo;ext\u00e9rieur, avec <strong>une vue imprenable au niveau des toits<\/strong>. Le passage am\u00e8ne \u00e0 une tour et aussi \u00e0 un caf\u00e9 bienvenu. Cela fait deux heures qu&rsquo;on marche ! J&rsquo;ai beaucoup appr\u00e9ci\u00e9 la surprise de pouvoir \u00eatre au niveau des toits, en t\u00eate \u00e0 t\u00eate avec les petits gargouilles des fl\u00e8ches des tourelles. Le caf\u00e9 est tr\u00e8s bien plac\u00e9, et quel plaisir de prendre son petit caf\u00e9 avec la vue sur tout Avignon, de la cath\u00e9drale Notre-Dame des Doms \u00e0 la place du Palais&#8230;<\/p>\n<p><img decoding=\"async\" loading=\"lazy\" class=\"aligncenter size-full wp-image-8131\" src=\"https:\/\/arpenterlechemin.com\/wp-content\/uploads\/2019\/08\/toit-palais-papes-avignon-visite-provence.jpg\" alt=\"toit palais papes avignon visite provence\" width=\"4156\" height=\"2338\" srcset=\"https:\/\/arpenterlechemin.com\/wp-content\/uploads\/2019\/08\/toit-palais-papes-avignon-visite-provence.jpg 4156w, https:\/\/arpenterlechemin.com\/wp-content\/uploads\/2019\/08\/toit-palais-papes-avignon-visite-provence-500x280.jpg 500w, https:\/\/arpenterlechemin.com\/wp-content\/uploads\/2019\/08\/toit-palais-papes-avignon-visite-provence-690x388.jpg 690w, https:\/\/arpenterlechemin.com\/wp-content\/uploads\/2019\/08\/toit-palais-papes-avignon-visite-provence-768x432.jpg 768w, https:\/\/arpenterlechemin.com\/wp-content\/uploads\/2019\/08\/toit-palais-papes-avignon-visite-provence-1040x585.jpg 1040w\" sizes=\"(max-width: 4156px) 100vw, 4156px\" \/><\/p>\n<p><img decoding=\"async\" loading=\"lazy\" class=\"aligncenter size-full wp-image-8133\" src=\"https:\/\/arpenterlechemin.com\/wp-content\/uploads\/2019\/08\/avignon-ou-manger-ou-dormir-bons-plans.jpg\" alt=\"avignon ou manger ou dormir bons plans\" width=\"4156\" height=\"2338\" srcset=\"https:\/\/arpenterlechemin.com\/wp-content\/uploads\/2019\/08\/avignon-ou-manger-ou-dormir-bons-plans.jpg 4156w, https:\/\/arpenterlechemin.com\/wp-content\/uploads\/2019\/08\/avignon-ou-manger-ou-dormir-bons-plans-500x280.jpg 500w, https:\/\/arpenterlechemin.com\/wp-content\/uploads\/2019\/08\/avignon-ou-manger-ou-dormir-bons-plans-690x388.jpg 690w, https:\/\/arpenterlechemin.com\/wp-content\/uploads\/2019\/08\/avignon-ou-manger-ou-dormir-bons-plans-768x432.jpg 768w, https:\/\/arpenterlechemin.com\/wp-content\/uploads\/2019\/08\/avignon-ou-manger-ou-dormir-bons-plans-1040x585.jpg 1040w\" sizes=\"(max-width: 4156px) 100vw, 4156px\" \/><\/p>\n<p style=\"text-align: center;\"><em>La cath\u00e9drale Notre-Dame-des-Doms<\/em><\/p>\n<p><img decoding=\"async\" loading=\"lazy\" class=\"aligncenter size-full wp-image-8136\" src=\"https:\/\/arpenterlechemin.com\/wp-content\/uploads\/2019\/08\/avignon-que-voir-que-faire-infos-pratiques-blog-voyage-france-arpenter-le-chemin.jpg\" alt=\"avignon que voir que faire infos pratiques blog voyage france arpenter le chemin\" width=\"1920\" height=\"1080\" srcset=\"https:\/\/arpenterlechemin.com\/wp-content\/uploads\/2019\/08\/avignon-que-voir-que-faire-infos-pratiques-blog-voyage-france-arpenter-le-chemin.jpg 1920w, https:\/\/arpenterlechemin.com\/wp-content\/uploads\/2019\/08\/avignon-que-voir-que-faire-infos-pratiques-blog-voyage-france-arpenter-le-chemin-500x280.jpg 500w, https:\/\/arpenterlechemin.com\/wp-content\/uploads\/2019\/08\/avignon-que-voir-que-faire-infos-pratiques-blog-voyage-france-arpenter-le-chemin-690x388.jpg 690w, https:\/\/arpenterlechemin.com\/wp-content\/uploads\/2019\/08\/avignon-que-voir-que-faire-infos-pratiques-blog-voyage-france-arpenter-le-chemin-768x432.jpg 768w, https:\/\/arpenterlechemin.com\/wp-content\/uploads\/2019\/08\/avignon-que-voir-que-faire-infos-pratiques-blog-voyage-france-arpenter-le-chemin-1040x585.jpg 1040w\" sizes=\"(max-width: 1920px) 100vw, 1920px\" \/><\/p>\n<p style=\"text-align: center;\"><em>Oh, ces ombres de cr\u00e9neaux !<\/em><\/p>\n<p>Il est temps de redescendre. La visite nous fait terminer par la salle de la Grande Audience, une autre salle fabuleuse avec de nouveau du #Vo\u00fbtesPorn. Cette salle in\u00e9vitablement monumentale tenait lieu de tribunal au XIVe si\u00e8cle : le \u00ab\u00a0<strong>tribunal de la Rota<\/strong>\u00ab\u00a0. Et c&rsquo;est la fin, avec la boutique de souvenirs, toutefois fort int\u00e9ressante avec son herboristerie et ses produits sur le th\u00e8me du Moyen-\u00c2ge (dont des reproductions des carreaux des appartements de Cl\u00e9ment VI !! Si seulement je ne <a href=\"https:\/\/arpenterlechemin.com\/index.php\/2019\/01\/17\/valise-minimaliste-coree-japon\/\">voyageais pas l\u00e9ger<\/a>, j&rsquo;en aurais bien emport\u00e9 avec moi !).<\/p>\n<p>La boutique nous fait ressortir \u00e0 l&rsquo;arri\u00e8re du ch\u00e2teau, comme pour prolonger un peu la visite. <strong>L&rsquo;ext\u00e9rieur est tout aussi remarquable que l&rsquo;int\u00e9rieur<\/strong>, et nous passons dans une ruelle qui nous montre une autre facette de ce palais, celle d&rsquo;une structure construite p\u00e9rilleusement sur un \u00e9peron rocheux. Ce petit passage secret fait une transition bienvenue entre <strong>l&rsquo;ambiance presque solennelle du Palais<\/strong>, avec ses grandes salles vides qui portent \u00e0 chuchoter, en signe de respect face au poids des si\u00e8cles contenu dans ces murs, et le joyeux brouhaha de la place du palais un samedi apr\u00e8s-midi d&rsquo;avril.<\/p>\n<p><img decoding=\"async\" loading=\"lazy\" class=\"aligncenter size-full wp-image-8117\" src=\"https:\/\/arpenterlechemin.com\/wp-content\/uploads\/2019\/08\/avignon-que-voir-que-faire-blog-voyage-france-arpenter-le-chemin.jpg\" alt=\"avignon que voir que faire blog voyage france arpenter le chemin\" width=\"1920\" height=\"1080\" srcset=\"https:\/\/arpenterlechemin.com\/wp-content\/uploads\/2019\/08\/avignon-que-voir-que-faire-blog-voyage-france-arpenter-le-chemin.jpg 1920w, https:\/\/arpenterlechemin.com\/wp-content\/uploads\/2019\/08\/avignon-que-voir-que-faire-blog-voyage-france-arpenter-le-chemin-500x280.jpg 500w, https:\/\/arpenterlechemin.com\/wp-content\/uploads\/2019\/08\/avignon-que-voir-que-faire-blog-voyage-france-arpenter-le-chemin-690x388.jpg 690w, https:\/\/arpenterlechemin.com\/wp-content\/uploads\/2019\/08\/avignon-que-voir-que-faire-blog-voyage-france-arpenter-le-chemin-768x432.jpg 768w, https:\/\/arpenterlechemin.com\/wp-content\/uploads\/2019\/08\/avignon-que-voir-que-faire-blog-voyage-france-arpenter-le-chemin-1040x585.jpg 1040w\" sizes=\"(max-width: 1920px) 100vw, 1920px\" \/><\/p>\n<p><img decoding=\"async\" loading=\"lazy\" class=\"aligncenter size-full wp-image-8128\" src=\"https:\/\/arpenterlechemin.com\/wp-content\/uploads\/2019\/08\/parc-avignon-rochers-des-doms-visiter.jpg\" alt=\"parc avignon rochers des doms visiter\" width=\"4156\" height=\"2736\" srcset=\"https:\/\/arpenterlechemin.com\/wp-content\/uploads\/2019\/08\/parc-avignon-rochers-des-doms-visiter.jpg 4156w, https:\/\/arpenterlechemin.com\/wp-content\/uploads\/2019\/08\/parc-avignon-rochers-des-doms-visiter-608x400.jpg 608w, https:\/\/arpenterlechemin.com\/wp-content\/uploads\/2019\/08\/parc-avignon-rochers-des-doms-visiter-768x506.jpg 768w, https:\/\/arpenterlechemin.com\/wp-content\/uploads\/2019\/08\/parc-avignon-rochers-des-doms-visiter-889x585.jpg 889w\" sizes=\"(max-width: 4156px) 100vw, 4156px\" \/><\/p>\n<h3><span style=\"color: #000080;\">Infos pratiques <\/span><\/h3>\n<h4><span style=\"color: #000080;\">Visiter le Palais des Papes<\/span><\/h4>\n<ul>\n<li>ouvert 365 jours\/an, de 9 h \u00e0 18-20 h selon la saison<\/li>\n<li><a href=\"http:\/\/www.palais-des-papes.com\/fr\/content\/billetterie-individuels\">billetterie en ligne ici<\/a><\/li>\n<li>tarifs : 12 \u20ac\/adulte pour le Palais seul, 14,5 \u20ac pour le palais et le pont d&rsquo;Avignon. Le tarif comprend un \u00ab\u00a0<strong>histopad<\/strong>\u00ab\u00a0, tablette qui permet de voir \u00e0 quoi ressemblait \u00e0 l&rsquo;\u00e9poque la salle qu&rsquo;on visite. C&rsquo;est s\u00fbrement g\u00e9nial pour les enfants, pour ma part, je l&rsquo;ai vite rang\u00e9e. Je suis peut-\u00eatre une vieille grincheuse mais je hais l&rsquo;invasion des \u00e9crans m\u00eame dans des lieux comme les mus\u00e9es. Mon amie et moi \u00e9tions les seules \u00e0 ne pas s&rsquo;en servir, entour\u00e9e d&rsquo;une arm\u00e9e de zombies le nez dans leur \u00e9cran.<\/li>\n<\/ul>\n<p><img decoding=\"async\" loading=\"lazy\" class=\"aligncenter size-full wp-image-8135\" src=\"https:\/\/arpenterlechemin.com\/wp-content\/uploads\/2019\/08\/histopad-palais-papes-avignon.jpg\" alt=\"histopad palais papes avignon\" width=\"4098\" height=\"2306\" srcset=\"https:\/\/arpenterlechemin.com\/wp-content\/uploads\/2019\/08\/histopad-palais-papes-avignon.jpg 4098w, https:\/\/arpenterlechemin.com\/wp-content\/uploads\/2019\/08\/histopad-palais-papes-avignon-500x280.jpg 500w, https:\/\/arpenterlechemin.com\/wp-content\/uploads\/2019\/08\/histopad-palais-papes-avignon-690x388.jpg 690w, https:\/\/arpenterlechemin.com\/wp-content\/uploads\/2019\/08\/histopad-palais-papes-avignon-768x432.jpg 768w, https:\/\/arpenterlechemin.com\/wp-content\/uploads\/2019\/08\/histopad-palais-papes-avignon-1040x585.jpg 1040w\" sizes=\"(max-width: 4098px) 100vw, 4098px\" \/><\/p>\n<h4><span style=\"color: #000080;\">Acc\u00e9der \u00e0 Avignon<\/span><\/h4>\n<p>Avignon est desservie par la SNCF. La gare d&rsquo;Avignon-Centre est \u00e0 1 km \u00e0 pied du palais des papes, selon un trajet en ligne parfaitement droite et tr\u00e8s bien indiqu\u00e9.<\/p>\n<h4><span style=\"color: #000080;\">O\u00f9 dormir \u00e0 Avignon<\/span><\/h4>\n<p>Je s\u00e9journais \u00e0 Arles mais voici quelques \u00e9tablissements rep\u00e9r\u00e9s pour vous au centre-ville (sans les avoir essay\u00e9s personnellement) :<\/p>\n<ul>\n<li>pour un <strong>h\u00f4tel de charme \u00e0 Avignon<\/strong> pour une grande occasion, vous pouvez essayer l&rsquo;<a href=\"https:\/\/www.booking.com\/hotel\/fr\/clarioncloitrestlouis.en.html?aid=1571475&amp;no_rooms=1&amp;group_adults=1\">H\u00f4tel Clo\u00eetre Saint Louis<\/a>, <a href=\"https:\/\/www.booking.com\/hotel\/fr\/d-europe.en.html?aid=1571475&amp;no_rooms=1&amp;group_adults=1\">l&rsquo;h\u00f4tel d&rsquo;Europe<\/a>, <a href=\"https:\/\/www.booking.com\/hotel\/fr\/les-jardins-de-baracane.en.html?aid=1571475&amp;no_rooms=1&amp;group_adults=1\">les jardins de Baracane<\/a> ou <a href=\"https:\/\/www.booking.com\/hotel\/fr\/la-mirande.en.html?aid=1571475&amp;no_rooms=1&amp;group_adults=1\">La Mirande<\/a>.<\/li>\n<li><strong>si vous pr\u00e9f\u00e9rez un h\u00f4tel boutique \u00e0 Avignon<\/strong> : le <a href=\"https:\/\/www.booking.com\/hotel\/fr\/hotelreginaavignon.en.html?aid=1571475&amp;no_rooms=1&amp;group_adults=1\">R\u00e9gina<\/a> semble tr\u00e8s mignon<\/li>\n<li>pour un <strong>h\u00f4tel pas cher \u00e0 Avignon<\/strong>, pourquoi pas l&rsquo;h\u00f4tel <a href=\"https:\/\/www.booking.com\/hotel\/fr\/ibis-budget-avignon-centre.en.html?aid=1571475&amp;no_rooms=1&amp;group_adults=1\">Ibis Budget Avignon Centre<\/a>, l&rsquo;<a href=\"https:\/\/www.booking.com\/hotel\/fr\/ra-c-sidence-sainte-marthe.en.html?aid=1571475&amp;no_rooms=1&amp;group_adults=1\">ApartH\u00f4tel Sainte-Marthe<\/a> ou <a href=\"https:\/\/www.booking.com\/hotel\/fr\/hoteldanieli.en.html?aid=1571475&amp;no_rooms=1&amp;group_adults=1\">l&rsquo;h\u00f4tel Danieli<\/a>.<\/li>\n<\/ul>\n<p><img decoding=\"async\" loading=\"lazy\" class=\"aligncenter size-full wp-image-8129\" src=\"https:\/\/arpenterlechemin.com\/wp-content\/uploads\/2019\/08\/pont-avignon-visite.jpg\" alt=\"pont avignon visite\" width=\"4156\" height=\"2338\" srcset=\"https:\/\/arpenterlechemin.com\/wp-content\/uploads\/2019\/08\/pont-avignon-visite.jpg 4156w, https:\/\/arpenterlechemin.com\/wp-content\/uploads\/2019\/08\/pont-avignon-visite-500x280.jpg 500w, https:\/\/arpenterlechemin.com\/wp-content\/uploads\/2019\/08\/pont-avignon-visite-690x388.jpg 690w, https:\/\/arpenterlechemin.com\/wp-content\/uploads\/2019\/08\/pont-avignon-visite-768x432.jpg 768w, https:\/\/arpenterlechemin.com\/wp-content\/uploads\/2019\/08\/pont-avignon-visite-1040x585.jpg 1040w\" sizes=\"(max-width: 4156px) 100vw, 4156px\" \/><\/p>\n<p style=\"text-align: center;\"><em>Impossible de parler d&rsquo;Avignon sans vous montrer le fameux pont !<\/em><\/p>\n<h4><span style=\"color: #000080;\">Si cette visite du Palais des Papes vous a plu, voici d&rsquo;autres id\u00e9es \u00e0 visiter en Provence :<\/span><\/h4>\n<ul>\n<li><a href=\"https:\/\/arpenterlechemin.com\/index.php\/2019\/04\/23\/france-escapade-provence\/\">Gordes, Les Baux et Saint-R\u00e9my de Provence, trois incontournables en Provence<\/a><\/li>\n<li><a href=\"https:\/\/arpenterlechemin.com\/index.php\/2019\/05\/14\/marseille-escapade\/\">D\u00e9couvrir Marseille en une journ\u00e9e<\/a><\/li>\n<li><a href=\"https:\/\/arpenterlechemin.com\/index.php\/2019\/05\/07\/arles-espace-van-gogh\/\">L&rsquo;espace Van Gogh \u00e0 Arles<\/a><\/li>\n<\/ul>\n<p><em>Cet article s&rsquo;inscrit dans le rendez-vous mensuel #EnFranceAussi organis\u00e9 par Sylvie du blog \u00ab <strong><a href=\"http:\/\/www.lecoindesvoyageurs.fr\/\" target=\"_blank\" rel=\"noopener noreferrer\">Le coin des voyageurs<\/a><\/strong> \u00bb. Le th\u00e8me du mois, propos\u00e9 par Sarah du blog <strong><a href=\"https:\/\/souliervert.com\/\">Soulier Vert<\/a><\/strong>, \u00e9tait \u00ab Belles Demeures \/ Beaux Ch\u00e2teaux \u00bb. Retrouv<a href=\"http:\/\/arpenterlechemin.com\/index.php\/tag\/enfranceaussi\/\">ez toutes mes participations \u00e0 ce rendez-vous ici<\/a>. J&rsquo;ai reconstitu\u00e9 ma visite avec l&rsquo;aide de Wikip\u00e9dia, n&rsquo;h\u00e9sitez pas \u00e0 me signaler en cas de bourde &#8211; ma visite remonte \u00e0 quelques mois d\u00e9j\u00e0 ! Oyez, oyez. Ce billet contient des <a href=\"https:\/\/arpenterlechemin.com\/index.php\/2018\/12\/01\/soutenir-blog\/\">liens affili\u00e9s<\/a>.<\/em><\/p>\n<p><img decoding=\"async\" loading=\"lazy\" class=\"alignnone wp-image-8124 size-medium\" src=\"https:\/\/arpenterlechemin.com\/wp-content\/uploads\/2019\/08\/palais-papes-avignon-provence-france-267x400.jpg\" alt=\"palais papes avignon provence france\" width=\"267\" height=\"400\" srcset=\"https:\/\/arpenterlechemin.com\/wp-content\/uploads\/2019\/08\/palais-papes-avignon-provence-france-267x400.jpg 267w, https:\/\/arpenterlechemin.com\/wp-content\/uploads\/2019\/08\/palais-papes-avignon-provence-france-390x585.jpg 390w, https:\/\/arpenterlechemin.com\/wp-content\/uploads\/2019\/08\/palais-papes-avignon-provence-france.jpg 735w\" sizes=\"(max-width: 267px) 100vw, 267px\" \/><img decoding=\"async\" loading=\"lazy\" class=\"alignnone wp-image-8126 size-medium\" src=\"https:\/\/arpenterlechemin.com\/wp-content\/uploads\/2019\/08\/visiter-palais-papes-avignon-france-267x400.jpg\" alt=\"visiter palais papes avignon france\" width=\"267\" height=\"400\" srcset=\"https:\/\/arpenterlechemin.com\/wp-content\/uploads\/2019\/08\/visiter-palais-papes-avignon-france-267x400.jpg 267w, https:\/\/arpenterlechemin.com\/wp-content\/uploads\/2019\/08\/visiter-palais-papes-avignon-france-390x585.jpg 390w, https:\/\/arpenterlechemin.com\/wp-content\/uploads\/2019\/08\/visiter-palais-papes-avignon-france.jpg 735w\" sizes=\"(max-width: 267px) 100vw, 267px\" \/><img decoding=\"async\" loading=\"lazy\" class=\"alignnone wp-image-8125 size-medium\" src=\"https:\/\/arpenterlechemin.com\/wp-content\/uploads\/2019\/08\/infos-pratiques-palais-papes-avignon-267x400.jpg\" alt=\"infos pratiques palais papes avignon\" width=\"267\" height=\"400\" srcset=\"https:\/\/arpenterlechemin.com\/wp-content\/uploads\/2019\/08\/infos-pratiques-palais-papes-avignon-267x400.jpg 267w, https:\/\/arpenterlechemin.com\/wp-content\/uploads\/2019\/08\/infos-pratiques-palais-papes-avignon-390x585.jpg 390w, https:\/\/arpenterlechemin.com\/wp-content\/uploads\/2019\/08\/infos-pratiques-palais-papes-avignon.jpg 735w\" sizes=\"(max-width: 267px) 100vw, 267px\" \/><\/p>\n","protected":false},"excerpt":{"rendered":"<p>Au c\u0153ur de la Provence, la belle ville d&rsquo;Avignon a tout pour elle : la douceur du midi, une taille humaine, un joli centre-ville avec le mont Ventoux non loin, et surtout le Palais des Papes, plus grand palais gothique construit au Moyen-\u00c2ge. Ce tr\u00e9sor architectural est un palais hors normes, si\u00e8ge de la chr\u00e9tient\u00e9 en Occident au XIVe si\u00e8cle, dont les pierres renferment des secrets : cette demeure papale a accueilli cinq conclaves, vu d\u00e9filer les \u00e9rudits de l&rsquo;\u00e9poque, entendu mille complots. Class\u00e9 \u00e0 l&rsquo;Unesco, ce palais est une <\/p>\n","protected":false},"author":1,"featured_media":8122,"comment_status":"open","ping_status":"open","sticky":false,"template":"","format":"standard","meta":{"jetpack_post_was_ever_published":false},"categories":[1,531],"tags":[695,516,683,617,682,647],"yoast_head":"<!-- This site is optimized with the Yoast SEO plugin v20.7 - https:\/\/yoast.com\/wordpress\/plugins\/seo\/ -->\n<title>FRANCE \/\/ Le Palais des Papes \u00e0 Avignon - Arpenter le chemin<\/title>\n<meta name=\"description\" content=\"Visiter le Palais des Papes \u00e0 Avignon en Provence : infos utiles, tarifs, mon exp\u00e9rience de la visite et photos. Tout savoir sur le Palais des Papes.\" \/>\n<meta name=\"robots\" content=\"index, follow, max-snippet:-1, max-image-preview:large, max-video-preview:-1\" \/>\n<link rel=\"canonical\" href=\"https:\/\/arpenterlechemin.com\/index.php\/2019\/08\/21\/palais-papes-avignon\/\" \/>\n<meta property=\"og:locale\" content=\"fr_FR\" \/>\n<meta property=\"og:type\" content=\"article\" \/>\n<meta property=\"og:title\" content=\"FRANCE \/\/ Le Palais des Papes \u00e0 Avignon - Arpenter le chemin\" \/>\n<meta property=\"og:description\" content=\"Visiter le Palais des Papes \u00e0 Avignon en Provence : infos utiles, tarifs, mon exp\u00e9rience de la visite et photos. Tout savoir sur le Palais des Papes.\" \/>\n<meta property=\"og:url\" content=\"https:\/\/arpenterlechemin.com\/index.php\/2019\/08\/21\/palais-papes-avignon\/\" \/>\n<meta property=\"og:site_name\" content=\"Arpenter le chemin\" \/>\n<meta property=\"article:published_time\" content=\"2019-08-21T06:37:22+00:00\" \/>\n<meta property=\"article:modified_time\" content=\"2019-12-06T21:45:54+00:00\" \/>\n<meta property=\"og:image\" content=\"https:\/\/arpenterlechemin.com\/wp-content\/uploads\/2019\/08\/palais-papes-avignon-france.jpg\" \/>\n\t<meta property=\"og:image:width\" content=\"1040\" \/>\n\t<meta property=\"og:image:height\" content=\"585\" \/>\n\t<meta property=\"og:image:type\" content=\"image\/jpeg\" \/>\n<meta name=\"author\" content=\"Audrey\" \/>\n<meta name=\"twitter:card\" content=\"summary_large_image\" \/>\n<meta name=\"twitter:label1\" content=\"\u00c9crit par\" \/>\n\t<meta name=\"twitter:data1\" content=\"Audrey\" \/>\n\t<meta name=\"twitter:label2\" content=\"Dur\u00e9e de lecture estim\u00e9e\" \/>\n\t<meta name=\"twitter:data2\" content=\"10 minutes\" \/>\n<script type=\"application\/ld+json\" class=\"yoast-schema-graph\">{\"@context\":\"https:\/\/schema.org\",\"@graph\":[{\"@type\":\"Article\",\"@id\":\"https:\/\/arpenterlechemin.com\/index.php\/2019\/08\/21\/palais-papes-avignon\/#article\",\"isPartOf\":{\"@id\":\"https:\/\/arpenterlechemin.com\/index.php\/2019\/08\/21\/palais-papes-avignon\/\"},\"author\":{\"name\":\"Audrey\",\"@id\":\"https:\/\/arpenterlechemin.com\/#\/schema\/person\/1d187818c0988fbea4d682c1e59c795c\"},\"headline\":\"FRANCE \/\/ Le Palais des Papes \u00e0 Avignon\",\"datePublished\":\"2019-08-21T06:37:22+00:00\",\"dateModified\":\"2019-12-06T21:45:54+00:00\",\"mainEntityOfPage\":{\"@id\":\"https:\/\/arpenterlechemin.com\/index.php\/2019\/08\/21\/palais-papes-avignon\/\"},\"wordCount\":2033,\"commentCount\":9,\"publisher\":{\"@id\":\"https:\/\/arpenterlechemin.com\/#organization\"},\"keywords\":[\"avignon\",\"france\",\"gothique\",\"printemps\",\"provence\",\"ville\"],\"articleSection\":[\"Blog\",\"Europe\"],\"inLanguage\":\"fr-FR\",\"potentialAction\":[{\"@type\":\"CommentAction\",\"name\":\"Comment\",\"target\":[\"https:\/\/arpenterlechemin.com\/index.php\/2019\/08\/21\/palais-papes-avignon\/#respond\"]}]},{\"@type\":\"WebPage\",\"@id\":\"https:\/\/arpenterlechemin.com\/index.php\/2019\/08\/21\/palais-papes-avignon\/\",\"url\":\"https:\/\/arpenterlechemin.com\/index.php\/2019\/08\/21\/palais-papes-avignon\/\",\"name\":\"FRANCE \/\/ Le Palais des Papes \u00e0 Avignon - Arpenter le chemin\",\"isPartOf\":{\"@id\":\"https:\/\/arpenterlechemin.com\/#website\"},\"datePublished\":\"2019-08-21T06:37:22+00:00\",\"dateModified\":\"2019-12-06T21:45:54+00:00\",\"description\":\"Visiter le Palais des Papes \u00e0 Avignon en Provence : infos utiles, tarifs, mon exp\u00e9rience de la visite et photos. Tout savoir sur le Palais des Papes.\",\"breadcrumb\":{\"@id\":\"https:\/\/arpenterlechemin.com\/index.php\/2019\/08\/21\/palais-papes-avignon\/#breadcrumb\"},\"inLanguage\":\"fr-FR\",\"potentialAction\":[{\"@type\":\"ReadAction\",\"target\":[\"https:\/\/arpenterlechemin.com\/index.php\/2019\/08\/21\/palais-papes-avignon\/\"]}]},{\"@type\":\"BreadcrumbList\",\"@id\":\"https:\/\/arpenterlechemin.com\/index.php\/2019\/08\/21\/palais-papes-avignon\/#breadcrumb\",\"itemListElement\":[{\"@type\":\"ListItem\",\"position\":1,\"name\":\"Home\",\"item\":\"https:\/\/arpenterlechemin.com\/\"},{\"@type\":\"ListItem\",\"position\":2,\"name\":\"FRANCE \/\/ Le Palais des Papes \u00e0 Avignon\"}]},{\"@type\":\"WebSite\",\"@id\":\"https:\/\/arpenterlechemin.com\/#website\",\"url\":\"https:\/\/arpenterlechemin.com\/\",\"name\":\"Arpenter le chemin\",\"description\":\"\",\"publisher\":{\"@id\":\"https:\/\/arpenterlechemin.com\/#organization\"},\"potentialAction\":[{\"@type\":\"SearchAction\",\"target\":{\"@type\":\"EntryPoint\",\"urlTemplate\":\"https:\/\/arpenterlechemin.com\/?s={search_term_string}\"},\"query-input\":\"required name=search_term_string\"}],\"inLanguage\":\"fr-FR\"},{\"@type\":\"Organization\",\"@id\":\"https:\/\/arpenterlechemin.com\/#organization\",\"name\":\"Arpenter le chemin\",\"url\":\"https:\/\/arpenterlechemin.com\/\",\"logo\":{\"@type\":\"ImageObject\",\"inLanguage\":\"fr-FR\",\"@id\":\"https:\/\/arpenterlechemin.com\/#\/schema\/logo\/image\/\",\"url\":\"https:\/\/arpenterlechemin.com\/wp-content\/uploads\/2017\/04\/icone-4.jpg\",\"contentUrl\":\"https:\/\/arpenterlechemin.com\/wp-content\/uploads\/2017\/04\/icone-4.jpg\",\"width\":150,\"height\":73,\"caption\":\"Arpenter le chemin\"},\"image\":{\"@id\":\"https:\/\/arpenterlechemin.com\/#\/schema\/logo\/image\/\"}},{\"@type\":\"Person\",\"@id\":\"https:\/\/arpenterlechemin.com\/#\/schema\/person\/1d187818c0988fbea4d682c1e59c795c\",\"name\":\"Audrey\",\"image\":{\"@type\":\"ImageObject\",\"inLanguage\":\"fr-FR\",\"@id\":\"https:\/\/arpenterlechemin.com\/#\/schema\/person\/image\/\",\"url\":\"https:\/\/secure.gravatar.com\/avatar\/b75298f64c73f1709976c50921beae6a?s=96&d=mm&r=g\",\"contentUrl\":\"https:\/\/secure.gravatar.com\/avatar\/b75298f64c73f1709976c50921beae6a?s=96&d=mm&r=g\",\"caption\":\"Audrey\"},\"description\":\"Allergique \u00e0 la routine, atteinte de bougeotte aigu\u00eb, j'essaie de m'envoler aussi souvent que possible, seule, en couple ou entre amis ! Ville, nature, culture, rando... tout me va, \u00e0 partir du moment o\u00f9 je suis dehors.\",\"url\":\"https:\/\/arpenterlechemin.com\/index.php\/author\/audreyf\/\"}]}<\/script>\n<!-- \/ Yoast SEO plugin. -->","yoast_head_json":{"title":"FRANCE \/\/ Le Palais des Papes \u00e0 Avignon - Arpenter le chemin","description":"Visiter le Palais des Papes \u00e0 Avignon en Provence : infos utiles, tarifs, mon exp\u00e9rience de la visite et photos. Tout savoir sur le Palais des Papes.","robots":{"index":"index","follow":"follow","max-snippet":"max-snippet:-1","max-image-preview":"max-image-preview:large","max-video-preview":"max-video-preview:-1"},"canonical":"https:\/\/arpenterlechemin.com\/index.php\/2019\/08\/21\/palais-papes-avignon\/","og_locale":"fr_FR","og_type":"article","og_title":"FRANCE \/\/ Le Palais des Papes \u00e0 Avignon - Arpenter le chemin","og_description":"Visiter le Palais des Papes \u00e0 Avignon en Provence : infos utiles, tarifs, mon exp\u00e9rience de la visite et photos. Tout savoir sur le Palais des Papes.","og_url":"https:\/\/arpenterlechemin.com\/index.php\/2019\/08\/21\/palais-papes-avignon\/","og_site_name":"Arpenter le chemin","article_published_time":"2019-08-21T06:37:22+00:00","article_modified_time":"2019-12-06T21:45:54+00:00","og_image":[{"width":1040,"height":585,"url":"https:\/\/arpenterlechemin.com\/wp-content\/uploads\/2019\/08\/palais-papes-avignon-france.jpg","type":"image\/jpeg"}],"author":"Audrey","twitter_card":"summary_large_image","twitter_misc":{"\u00c9crit par":"Audrey","Dur\u00e9e de lecture estim\u00e9e":"10 minutes"},"schema":{"@context":"https:\/\/schema.org","@graph":[{"@type":"Article","@id":"https:\/\/arpenterlechemin.com\/index.php\/2019\/08\/21\/palais-papes-avignon\/#article","isPartOf":{"@id":"https:\/\/arpenterlechemin.com\/index.php\/2019\/08\/21\/palais-papes-avignon\/"},"author":{"name":"Audrey","@id":"https:\/\/arpenterlechemin.com\/#\/schema\/person\/1d187818c0988fbea4d682c1e59c795c"},"headline":"FRANCE \/\/ Le Palais des Papes \u00e0 Avignon","datePublished":"2019-08-21T06:37:22+00:00","dateModified":"2019-12-06T21:45:54+00:00","mainEntityOfPage":{"@id":"https:\/\/arpenterlechemin.com\/index.php\/2019\/08\/21\/palais-papes-avignon\/"},"wordCount":2033,"commentCount":9,"publisher":{"@id":"https:\/\/arpenterlechemin.com\/#organization"},"keywords":["avignon","france","gothique","printemps","provence","ville"],"articleSection":["Blog","Europe"],"inLanguage":"fr-FR","potentialAction":[{"@type":"CommentAction","name":"Comment","target":["https:\/\/arpenterlechemin.com\/index.php\/2019\/08\/21\/palais-papes-avignon\/#respond"]}]},{"@type":"WebPage","@id":"https:\/\/arpenterlechemin.com\/index.php\/2019\/08\/21\/palais-papes-avignon\/","url":"https:\/\/arpenterlechemin.com\/index.php\/2019\/08\/21\/palais-papes-avignon\/","name":"FRANCE \/\/ Le Palais des Papes \u00e0 Avignon - Arpenter le chemin","isPartOf":{"@id":"https:\/\/arpenterlechemin.com\/#website"},"datePublished":"2019-08-21T06:37:22+00:00","dateModified":"2019-12-06T21:45:54+00:00","description":"Visiter le Palais des Papes \u00e0 Avignon en Provence : infos utiles, tarifs, mon exp\u00e9rience de la visite et photos. Tout savoir sur le Palais des Papes.","breadcrumb":{"@id":"https:\/\/arpenterlechemin.com\/index.php\/2019\/08\/21\/palais-papes-avignon\/#breadcrumb"},"inLanguage":"fr-FR","potentialAction":[{"@type":"ReadAction","target":["https:\/\/arpenterlechemin.com\/index.php\/2019\/08\/21\/palais-papes-avignon\/"]}]},{"@type":"BreadcrumbList","@id":"https:\/\/arpenterlechemin.com\/index.php\/2019\/08\/21\/palais-papes-avignon\/#breadcrumb","itemListElement":[{"@type":"ListItem","position":1,"name":"Home","item":"https:\/\/arpenterlechemin.com\/"},{"@type":"ListItem","position":2,"name":"FRANCE \/\/ Le Palais des Papes \u00e0 Avignon"}]},{"@type":"WebSite","@id":"https:\/\/arpenterlechemin.com\/#website","url":"https:\/\/arpenterlechemin.com\/","name":"Arpenter le chemin","description":"","publisher":{"@id":"https:\/\/arpenterlechemin.com\/#organization"},"potentialAction":[{"@type":"SearchAction","target":{"@type":"EntryPoint","urlTemplate":"https:\/\/arpenterlechemin.com\/?s={search_term_string}"},"query-input":"required name=search_term_string"}],"inLanguage":"fr-FR"},{"@type":"Organization","@id":"https:\/\/arpenterlechemin.com\/#organization","name":"Arpenter le chemin","url":"https:\/\/arpenterlechemin.com\/","logo":{"@type":"ImageObject","inLanguage":"fr-FR","@id":"https:\/\/arpenterlechemin.com\/#\/schema\/logo\/image\/","url":"https:\/\/arpenterlechemin.com\/wp-content\/uploads\/2017\/04\/icone-4.jpg","contentUrl":"https:\/\/arpenterlechemin.com\/wp-content\/uploads\/2017\/04\/icone-4.jpg","width":150,"height":73,"caption":"Arpenter le chemin"},"image":{"@id":"https:\/\/arpenterlechemin.com\/#\/schema\/logo\/image\/"}},{"@type":"Person","@id":"https:\/\/arpenterlechemin.com\/#\/schema\/person\/1d187818c0988fbea4d682c1e59c795c","name":"Audrey","image":{"@type":"ImageObject","inLanguage":"fr-FR","@id":"https:\/\/arpenterlechemin.com\/#\/schema\/person\/image\/","url":"https:\/\/secure.gravatar.com\/avatar\/b75298f64c73f1709976c50921beae6a?s=96&d=mm&r=g","contentUrl":"https:\/\/secure.gravatar.com\/avatar\/b75298f64c73f1709976c50921beae6a?s=96&d=mm&r=g","caption":"Audrey"},"description":"Allergique \u00e0 la routine, atteinte de bougeotte aigu\u00eb, j'essaie de m'envoler aussi souvent que possible, seule, en couple ou entre amis ! Ville, nature, culture, rando... tout me va, \u00e0 partir du moment o\u00f9 je suis dehors.","url":"https:\/\/arpenterlechemin.com\/index.php\/author\/audreyf\/"}]}},"jetpack_featured_media_url":"https:\/\/arpenterlechemin.com\/wp-content\/uploads\/2019\/08\/palais-papes-avignon-france.jpg","jetpack_sharing_enabled":true,"jetpack_shortlink":"https:\/\/wp.me\/p8z9hR-26R","jetpack-related-posts":[{"id":10831,"url":"https:\/\/arpenterlechemin.com\/index.php\/2021\/11\/01\/alyscamps-arles\/","url_meta":{"origin":8113,"position":0},"title":"FRANCE \/\/ Les Alyscamps d&rsquo;Arles","date":"1 novembre 2021","format":false,"excerpt":"Oh, novembre, mois sombre et gris. Pour en rajouter une couche, la Toussaint et le Jour des morts inaugurent g\u00e9n\u00e9ralement le mois de novembre par une visite lugubre au cimeti\u00e8re. Et si on changeait de regard sur les cimeti\u00e8res ? De lieux d'une grande tristesse, ils peuvent devenir une destination\u2026","rel":"","context":"Dans &quot;Blog&quot;","img":{"alt_text":"Visiter les Alyscamps \u00e0 Arles","src":"https:\/\/i0.wp.com\/arpenterlechemin.com\/wp-content\/uploads\/2021\/10\/Visiter-les-Alyscamps-\u00e0-Arles.jpg?resize=350%2C200&ssl=1","width":350,"height":200},"classes":[]},{"id":7545,"url":"https:\/\/arpenterlechemin.com\/index.php\/2019\/05\/07\/arles-espace-van-gogh\/","url_meta":{"origin":8113,"position":1},"title":"FRANCE \/\/ L&rsquo;espace Van Gogh \u00e0 Arles","date":"7 mai 2019","format":false,"excerpt":"Que serait-on sans artistes ? \u00c0 l'heure o\u00f9 le gouvernement fran\u00e7ais r\u00e9forme le r\u00e9gime des retraites des auteurs, avec des cons\u00e9quences d\u00e9sastreuses sur la production de contenus culturels, il est plus important que jamais de rappeler que les artistes sont indispensables dans notre soci\u00e9t\u00e9. Sans artistes, pas de chansons, pas\u2026","rel":"","context":"Dans &quot;Blog&quot;","img":{"alt_text":"espace van gogh arles escapades provence blog voyage arpenter le chemin","src":"https:\/\/i0.wp.com\/arpenterlechemin.com\/wp-content\/uploads\/2019\/04\/espace-van-gogh-arles-escapades-provence-blog-voyage-arpenter-le-chemin.jpg?resize=350%2C200&ssl=1","width":350,"height":200},"classes":[]},{"id":7448,"url":"https:\/\/arpenterlechemin.com\/index.php\/2019\/04\/23\/france-escapade-provence\/","url_meta":{"origin":8113,"position":2},"title":"FRANCE \/\/ Escapades autour de Saint-R\u00e9my de Provence","date":"23 avril 2019","format":false,"excerpt":"Il y a quelque chose d'envo\u00fbtant en Provence, vous ne trouvez pas ? Van Gogh et C\u00e9zanne y ont trouv\u00e9 l'inspiration entre Arles, Saint-R\u00e9my et Aix, et il suffit d'une visite au printemps pour comprendre ce qui les a tant fascin\u00e9s : sous le ciel proven\u00e7al d'une profondeur inou\u00efe, les\u2026","rel":"","context":"Dans &quot;Blog&quot;","img":{"alt_text":"escapades provence blog voyage arpenter le chemin","src":"https:\/\/i0.wp.com\/arpenterlechemin.com\/wp-content\/uploads\/2019\/04\/escapades-provence-blog-voyage-arpenter-le-chemin.jpg?resize=350%2C200&ssl=1","width":350,"height":200},"classes":[]},{"id":7606,"url":"https:\/\/arpenterlechemin.com\/index.php\/2020\/03\/17\/arles-escapade\/","url_meta":{"origin":8113,"position":3},"title":"FRANCE \/\/ Arles, que voir lors d&rsquo;une premi\u00e8re visite","date":"17 mars 2020","format":false,"excerpt":"Il y a tout juste un an, je d\u00e9laissais mon Canada ch\u00e9ri pour venir dans une ville inconnue qui m'a adopt\u00e9e l'espace de petits deux mois et demi : Arles, aux portes de la Camargue, dans une France si lointaine de celle que je connais en Haute-Savoie et \u00e0 Lyon\u2026","rel":"","context":"Dans &quot;Blog&quot;","img":{"alt_text":"Arles Provence escapade","src":"https:\/\/i0.wp.com\/arpenterlechemin.com\/wp-content\/uploads\/2019\/06\/Arles-Provence-escapade.jpg?resize=350%2C200&ssl=1","width":350,"height":200},"classes":[]},{"id":6136,"url":"https:\/\/arpenterlechemin.com\/index.php\/2019\/10\/02\/prague-cimetiere-juif\/","url_meta":{"origin":8113,"position":4},"title":"R\u00c9PUBLIQUE TCH\u00c8QUE \/\/ Le vieux cimeti\u00e8re juif de Prague","date":"2 octobre 2019","format":false,"excerpt":"Les cimeti\u00e8res sont des lieux \u00e0 part, qu'on soit en voyage ou chez soi. Apr\u00e8s tout, c'est l\u00e0 que l'on fait le fameux dernier voyage qui nous attend tous, et qui ne peut pas susciter l'indiff\u00e9rence. Si vous me suivez depuis un moment, il ne vous aura pas \u00e9chapp\u00e9 que\u2026","rel":"","context":"Dans &quot;Blog&quot;","img":{"alt_text":"vieux cimeti\u00e8re juif prague","src":"https:\/\/i0.wp.com\/arpenterlechemin.com\/wp-content\/uploads\/2019\/10\/vieux-cimeti\u00e8re-juif-prague.jpg?resize=350%2C200&ssl=1","width":350,"height":200},"classes":[]},{"id":7629,"url":"https:\/\/arpenterlechemin.com\/index.php\/2020\/03\/27\/camargue\/","url_meta":{"origin":8113,"position":5},"title":"FRANCE \/\/ Camargue, id\u00e9es de visite pour une escapade","date":"27 mars 2020","format":false,"excerpt":"\u00c0 l'extr\u00e9mit\u00e9 sud de la Provence, la Camargue est un territoire \u00e0 part. Rizi\u00e8res et manades, flamants roses et chevaux blancs, la Camargue r\u00e9ussit \u00e0 avoir une identit\u00e9 unique dans un mouchoir de poche d\u00e9limit\u00e9 par le delta du Rh\u00f4ne. D'Arles aux Saintes-Maries-de-la-Mer, prot\u00e9g\u00e9s en grande partie par un parc\u2026","rel":"","context":"Dans &quot;Blog&quot;","img":{"alt_text":"Camargue Provence escapade","src":"https:\/\/i0.wp.com\/arpenterlechemin.com\/wp-content\/uploads\/2020\/03\/Camargue-Provence-escapade.jpg?resize=350%2C200&ssl=1","width":350,"height":200},"classes":[]}],"_links":{"self":[{"href":"https:\/\/arpenterlechemin.com\/index.php\/wp-json\/wp\/v2\/posts\/8113"}],"collection":[{"href":"https:\/\/arpenterlechemin.com\/index.php\/wp-json\/wp\/v2\/posts"}],"about":[{"href":"https:\/\/arpenterlechemin.com\/index.php\/wp-json\/wp\/v2\/types\/post"}],"author":[{"embeddable":true,"href":"https:\/\/arpenterlechemin.com\/index.php\/wp-json\/wp\/v2\/users\/1"}],"replies":[{"embeddable":true,"href":"https:\/\/arpenterlechemin.com\/index.php\/wp-json\/wp\/v2\/comments?post=8113"}],"version-history":[{"count":0,"href":"https:\/\/arpenterlechemin.com\/index.php\/wp-json\/wp\/v2\/posts\/8113\/revisions"}],"wp:featuredmedia":[{"embeddable":true,"href":"https:\/\/arpenterlechemin.com\/index.php\/wp-json\/wp\/v2\/media\/8122"}],"wp:attachment":[{"href":"https:\/\/arpenterlechemin.com\/index.php\/wp-json\/wp\/v2\/media?parent=8113"}],"wp:term":[{"taxonomy":"category","embeddable":true,"href":"https:\/\/arpenterlechemin.com\/index.php\/wp-json\/wp\/v2\/categories?post=8113"},{"taxonomy":"post_tag","embeddable":true,"href":"https:\/\/arpenterlechemin.com\/index.php\/wp-json\/wp\/v2\/tags?post=8113"}],"curies":[{"name":"wp","href":"https:\/\/api.w.org\/{rel}","templated":true}]}}