{"id":7775,"date":"2019-07-26T02:26:22","date_gmt":"2019-07-26T06:26:22","guid":{"rendered":"https:\/\/arpenterlechemin.com\/?p=7775"},"modified":"2023-03-22T12:47:46","modified_gmt":"2023-03-22T16:47:46","slug":"suisse-romande","status":"publish","type":"post","link":"https:\/\/arpenterlechemin.com\/index.php\/2019\/07\/26\/suisse-romande\/","title":{"rendered":"SUISSE \/\/ Suisse romande : id\u00e9es d&rsquo;escapades et randonn\u00e9es"},"content":{"rendered":"<p>La Suisse est l&rsquo;un des pays qui me font chavirer, et le fait que mes a\u00efeux en soient originaires n&rsquo;est que l&rsquo;une des nombreuses raisons qui me font aimer ce pays \u00e0 la folie. Si vous cherchez des id\u00e9es de voyage au vert en Europe, dans des lieux francophones, o\u00f9 prendre l&rsquo;avion n&rsquo;a rien d&rsquo;obligatoire, je vous invite en <strong>Suisse romande<\/strong>. Les cantons de Neuch\u00e2tel, Gen\u00e8ve, Fribourg, Vaud et une partie du Valais sont francophones et tous rivalisent de sites merveilleux. Pr\u00e9f\u00e9rez-vous <strong>une ville de conte de f\u00e9es ou une randonn\u00e9e sur un chemin astronomique<\/strong> ? <strong>Des bains chauds ou un ch\u00e2teau les pieds dans l&rsquo;eau<\/strong> ? Un site class\u00e9 \u00e0 l&rsquo;Unesco ou deux ? La Suisse romande, c&rsquo;est une f\u00e9erie de paysages et d&rsquo;activit\u00e9s \u00e0 d\u00e9couvrir, et voici mes sites pr\u00e9f\u00e9r\u00e9s.<\/p>\n<p><img decoding=\"async\" loading=\"lazy\" class=\"aligncenter wp-image-7780 size-full\" src=\"https:\/\/arpenterlechemin.com\/wp-content\/uploads\/2019\/06\/Lausanne-vieille-ville-que-voir-escapade-blog-voyage-suisse-arpenter-le-chemin-e1650932215968.jpg\" alt=\"Lausanne vieille ville que voir escapade blog voyage suisse arpenter le chemin\" width=\"1400\" height=\"787\" \/><\/p>\n<h2><span style=\"color: #000080;\">Berne (canton de Berne)<\/span><\/h2>\n<p><strong>Berne<\/strong> n&rsquo;est pas en Suisse romande (ah, ce billet commence bien !). Mais la capitale de la conf\u00e9d\u00e9ration est si jolie qu&rsquo;il serait dommage de ne pas la mentionner. Mon moment pr\u00e9f\u00e9r\u00e9 pour aller \u00e0 <strong>Berne<\/strong>, c&rsquo;est en automne, quand l&rsquo;air devient un peu plus vif et qu&rsquo;une odeur de ch\u00e2taignes flotte dans l&rsquo;air. La vieille de Berne compte plus de <strong>six kilom\u00e8tres d&rsquo;arcades<\/strong> pour faire du l\u00e8che-vitrines sans craindre les al\u00e9as de la m\u00e9t\u00e9o, mais n&rsquo;oubliez pas de lever le nez pour admirer les fa\u00e7ades d\u00e9cor\u00e9es de g\u00e9raniums, embl\u00e8mes de la Suisse, les fabuleuses fontaines peintes ou les horloges ancestrales. Traversez l&rsquo;<strong>Aar<\/strong> et prenez un peu de hauteur pour voir la ville dans toute sa splendeur, et n&rsquo;oubliez pas une visite au <strong>centre Paul Klee<\/strong> si vous aimez l&rsquo;art contemporain.<\/p>\n<p><img decoding=\"async\" loading=\"lazy\" class=\"aligncenter wp-image-7683 size-full\" src=\"https:\/\/arpenterlechemin.com\/wp-content\/uploads\/2016\/08\/Visiter-berne-que-voir-que-faire-escapade-blog-voyage-suisse-arpenter-le-chemin--e1650932225910.jpg\" alt=\"Visiter berne que voir que faire escapade blog voyage suisse arpenter le chemin\" width=\"1400\" height=\"664\" \/><\/p>\n<p><img decoding=\"async\" loading=\"lazy\" class=\"aligncenter wp-image-7684 size-full\" src=\"https:\/\/arpenterlechemin.com\/wp-content\/uploads\/2016\/08\/visiter-berne-horloge-vieille-ville-blog-voyage-suisse-romande-arpenter-le-chemin-e1650932236816.jpg\" alt=\"visiter berne horloge vieille ville blog voyage suisse romande arpenter le chemin\" width=\"1400\" height=\"787\" \/><\/p>\n<p style=\"text-align: center;\"><a href=\"https:\/\/arpenterlechemin.com\/index.php\/2016\/08\/19\/berne-visite-de-la-capitale-suisse-2\/\"><em>Cliquez ici pour lire mon billet sur Berne<\/em><\/a><\/p>\n<h4><span style=\"color: #000080;\">Plus d&rsquo;infos<\/span><\/h4>\n<ul>\n<li><a href=\"https:\/\/www.bern.com\/fr\/home\">Office de tourisme de Berne<\/a><\/li>\n<\/ul>\n<h2><span style=\"color: #000080;\">Neuch\u00e2tel (canton de Neuch\u00e2tel)<\/span><\/h2>\n<p>Que n&rsquo;ai-je pas dit sur Neuch\u00e2tel ? <strong>Un de mes coups de c\u0153ur de cette ann\u00e9e 2019<\/strong> : une vieille ville dans un cadre enchanteur, des fa\u00e7ades ravissantes, un excellent itin\u00e9raire p\u00e9destre concoct\u00e9 par l&rsquo;office du tourisme, un ch\u00e2teau imposant pour se plonger dans l&rsquo;Histoire&#8230; \u00c0 mi-chemin entre la grande Lausanne et la capitale Berne, sur les rives d&rsquo;un joli lac, Neuch\u00e2tel est une excellente destination pour d\u00e9compresser en pleine Suisse romande. J&rsquo;ai ador\u00e9 la vue depuis la Coll\u00e9giale qui surplombe la ville, mais aussi les petites rues richement d\u00e9cor\u00e9es.<\/p>\n<p><img decoding=\"async\" loading=\"lazy\" class=\"aligncenter wp-image-7704 size-full\" src=\"https:\/\/arpenterlechemin.com\/wp-content\/uploads\/2019\/06\/Neuchatel-vieille-ville-visiter-itineraire-pied-blog-voyage-arpenter-le-chemin-e1650932247392.jpg\" alt=\"Neuchatel vieille ville visiter itineraire pied blog voyage arpenter le chemin\" width=\"1400\" height=\"788\" \/><\/p>\n<p><img decoding=\"async\" loading=\"lazy\" class=\"aligncenter wp-image-7647 size-full\" src=\"https:\/\/arpenterlechemin.com\/wp-content\/uploads\/2019\/05\/Neuchatel-chateau-visite-a-pied-vieille-ville-blog-voyage-suisse-arpenter-le-chemin-e1650932257641.jpg\" alt=\"Neuchatel chateau visite a pied vieille ville blog voyage suisse arpenter le chemin\" width=\"1400\" height=\"788\" \/><\/p>\n<p><img decoding=\"async\" loading=\"lazy\" class=\"aligncenter wp-image-7649 size-full\" src=\"https:\/\/arpenterlechemin.com\/wp-content\/uploads\/2019\/05\/Neuchatel-que-voir-que-faire-blog-voyage-suisse-arpenter-le-chemin-e1650932267325.jpg\" alt=\"Neuchatel que voir que faire blog voyage suisse arpenter le chemin\" width=\"1400\" height=\"787\" \/><\/p>\n<p style=\"text-align: center;\"><a href=\"https:\/\/arpenterlechemin.com\/index.php\/2019\/06\/05\/neuchatel\/\"><em>Cliquez ici pour lire mon billet sur Neuch\u00e2tel<\/em><\/a><\/p>\n<h4><span style=\"color: #000080;\">Plus d&rsquo;infos<\/span><\/h4>\n<ul>\n<li><a href=\"https:\/\/www.j3l.ch\/fr\/Z10488\/neuchatel-tourisme\">Office de tourisme de Neuch\u00e2tel<\/a><\/li>\n<\/ul>\n<h2><span style=\"color: #000080;\">Gruy\u00e8res (canton de Fribourg)<\/span><\/h2>\n<p>Un village m\u00e9di\u00e9val minuscule, mais quel village ! En plus de nous ravir avec des fa\u00e7ades superbement d\u00e9cor\u00e9es, le village perch\u00e9 de Gruy\u00e8res offre plusieurs visites passionnantes :<\/p>\n<ul>\n<li>la <strong>Maison du Gruy\u00e8re<\/strong>, bien \u00e9videmment<\/li>\n<li>le <strong>mus\u00e9e HR Giger<\/strong>, un lieu \u00e9trange cr\u00e9\u00e9 par Hans Ruedi Giger, graphiste amoureux de Gruy\u00e8res dont vous connaissez s\u00fbrement le travail : c&rsquo;est lui qui est \u00e0 l&rsquo;origine des visuels biom\u00e9caniques du film Alien. Le mus\u00e9e propose des dessins et sculptures dans ce style tr\u00e8s particulier, \u00e0 vivre aussi au Giger Bar juste en face<\/li>\n<li>son <strong>ch\u00e2teau<\/strong>, avec une vue imprenable sur les environs<\/li>\n<li>juste \u00e0 c\u00f4t\u00e9, la <strong>Maison Cailler<\/strong>, sublime chocolaterie. Et mamma mia, quelle d\u00e9gustation ! Attention \u00e0 la crise de foie ! Cela dit, cela ne nous a pas emp\u00each\u00e9 de prendre un chocolat li\u00e9geois \u00e0 la sortie, dans le caf\u00e9 du mus\u00e9e.<\/li>\n<\/ul>\n<p><img decoding=\"async\" loading=\"lazy\" class=\"aligncenter wp-image-7782 size-full\" src=\"https:\/\/arpenterlechemin.com\/wp-content\/uploads\/2019\/06\/Gruyeres-chocolaterie-cailler-ou-dormir-blog-voyage-suisse-romande-e1650932279948.jpg\" alt=\"gruyeres que visiter suisse romande\" width=\"1400\" height=\"787\" \/><\/p>\n<p><img decoding=\"async\" loading=\"lazy\" class=\"aligncenter wp-image-7783 size-full\" src=\"https:\/\/arpenterlechemin.com\/wp-content\/uploads\/2019\/06\/Gruyeres-que-manger-visite-fromagerie-e1650932289959.jpg\" alt=\"gruyeres visite chocolaterie cailler\" width=\"1400\" height=\"787\" \/><\/p>\n<h4><span style=\"color: #000080;\">Plus d&rsquo;infos<\/span><\/h4>\n<ul>\n<li><a href=\"https:\/\/www.la-gruyere.ch\/fr\/P10236\/office-du-tourisme-de-gruyeres\">Office de tourisme de Gruy\u00e8res<\/a><\/li>\n<li><a href=\"https:\/\/www.museums.ch\/org\/fr\/Mus--e-H-R--Giger\">Mus\u00e9e H.R. Giger<\/a><\/li>\n<li><a href=\"https:\/\/www.lamaisondugruyere.ch\/\">Maison du Gruy\u00e8re<\/a><\/li>\n<li><a href=\"https:\/\/cailler.ch\/fr\/maison-cailler\">Maison Cailler<\/a><\/li>\n<\/ul>\n<h2><span style=\"color: #000080;\">Lausanne (canton de Vaud)<\/span><\/h2>\n<p>Apr\u00e8s Gen\u00e8ve, <strong>Lausanne est la grande ville immanquable des bords du L\u00e9man<\/strong>. Toute en perspective, construite sur les pentes du canton de Vaud, elle offre un panorama majestueux sur le Chablais fran\u00e7ais (o\u00f9 se trouve ma ville natale, <a href=\"https:\/\/arpenterlechemin.com\/index.php\/2017\/06\/08\/une-journee-a-evian-les-bains-entre-lac-et-histoire\/\">\u00c9vian-les-Bains<\/a>). Outre la vieille ville, sublime comme de bien entendu (une constante en Suisse !), on peut aussi y visiter le Mus\u00e9e olympique et admirer de <strong>belles fa\u00e7ades Art D\u00e9co<\/strong>. Sans oublier Ouchy, son quartier de front de lac, tr\u00e8s agr\u00e9able en \u00e9t\u00e9.<\/p>\n<p><img decoding=\"async\" loading=\"lazy\" class=\"aligncenter wp-image-7778 size-full\" src=\"https:\/\/arpenterlechemin.com\/wp-content\/uploads\/2019\/06\/Lausanne-visiter-que-faire-blog-voyage-suisse-e1650932300671.jpg\" alt=\"Lausanne visiter que faire blog voyage suisse\" width=\"1400\" height=\"879\" \/><\/p>\n<p><img decoding=\"async\" loading=\"lazy\" class=\"aligncenter wp-image-7779 size-full\" src=\"https:\/\/arpenterlechemin.com\/wp-content\/uploads\/2019\/06\/Lausanne-visiter-vieille-ville-itineraire-blog-voyage-suisse-e1650932309673.jpg\" alt=\"Lausanne visiter vieille ville itineraire blog voyage suisse\" width=\"1400\" height=\"788\" \/><\/p>\n<p><img decoding=\"async\" loading=\"lazy\" class=\"aligncenter size-full wp-image-7780\" src=\"https:\/\/arpenterlechemin.com\/wp-content\/uploads\/2019\/06\/Lausanne-vieille-ville-que-voir-escapade-blog-voyage-suisse-arpenter-le-chemin.jpg\" alt=\"Lausanne vieille ville que voir escapade blog voyage suisse arpenter le chemin\" width=\"2171\" height=\"1221\" \/><\/p>\n<p style=\"text-align: center;\"><a href=\"https:\/\/arpenterlechemin.com\/index.php\/2017\/06\/19\/une-journee-sur-les-pentes-de-lausanne\/\"><em>Cliquez ici pour lire mon billet sur Lausanne<\/em><\/a><\/p>\n<h4><span style=\"color: #000080;\">Plus d&rsquo;infos<\/span><\/h4>\n<ul>\n<li><a href=\"https:\/\/www.lausanne-tourisme.ch\/fr\/\">Office de tourisme de Lausanne<\/a><\/li>\n<li><a href=\"https:\/\/www.olympic.org\/fr\/musee\">Mus\u00e9e olympique<\/a><\/li>\n<\/ul>\n<h2><span style=\"color: #000080;\">Montreux et le Lavaux (canton de Vaud)<\/span><\/h2>\n<p><strong>Montreux<\/strong> est une belle ville tr\u00e8s Belle \u00c9poque \u00e0 l&rsquo;extr\u00e9mit\u00e9 est du lac. C\u00e9l\u00e8bre pour son festival de jazz et d&rsquo;humour, elle fait aussi un excellent point de d\u00e9part pour aller visiter le <strong>ch\u00e2teau de Chillon<\/strong> et les <strong>vignobles du Lavaux<\/strong>, class\u00e9 au patrimoine mondial de l&rsquo;UNESCO. Imaginez un peu des vignobles plant\u00e9s \u00e0 pic sur l&rsquo;un des plus beaux lacs du monde, parsem\u00e9s de chalets suisses, et qu&rsquo;il soit possible de visiter le tout \u00e0 pied ou en train&#8230;<\/p>\n<p><img decoding=\"async\" loading=\"lazy\" class=\"aligncenter wp-image-7794 size-full\" src=\"https:\/\/arpenterlechemin.com\/wp-content\/uploads\/2019\/06\/Lavaux-leman-vevey-que-faire-vignoble-unesco-blog-voyage-suisse-arpenter-le-chemin-e1650932322156.jpg\" alt=\"Lavaux leman vevey que faire vignoble unesco blog voyage suisse arpenter le chemin\" width=\"1400\" height=\"788\" \/><\/p>\n<p><img decoding=\"async\" loading=\"lazy\" class=\"aligncenter wp-image-7795 size-full\" src=\"https:\/\/arpenterlechemin.com\/wp-content\/uploads\/2019\/06\/Lavaux-montreux-vevey-visiter-unesco-que-voir-blog-voyage-suisse-romande-e1650932332494.jpg\" alt=\"Lavaux montreux vevey visiter unesco que voir blog voyage suisse romande\" width=\"1400\" height=\"872\" \/><\/p>\n<p><img decoding=\"async\" loading=\"lazy\" class=\"aligncenter wp-image-7796 size-full\" src=\"https:\/\/arpenterlechemin.com\/wp-content\/uploads\/2019\/06\/chateau-chillon-montreux-visiter-blog-voyage-e1650932341529.jpg\" alt=\"chateau chillon montreux visiter blog voyage\" width=\"1400\" height=\"788\" \/><\/p>\n<p style=\"text-align: center;\"><a href=\"https:\/\/arpenterlechemin.com\/index.php\/2017\/08\/03\/sur-la-riviera-vaudoise-lavaux-et-chillon-deux-incontournables-en-suisse\/\"><em>Cliquez ici pour lire mon billet sur le Lavaux<\/em><\/a><\/p>\n<h4><span style=\"color: #000080;\">Plus d&rsquo;infos<\/span><\/h4>\n<ul>\n<li><a href=\"https:\/\/www.montreuxriviera.com\/\">Office de tourisme de Montreux-Vevey<\/a><\/li>\n<li><a href=\"http:\/\/www.lavaux.ch\">Office de tourisme du Lavaux<\/a><\/li>\n<\/ul>\n<h2><span style=\"color: #000080;\">Le lac de Salanfe (canton du Valais)<\/span><\/h2>\n<p>Le <strong>Valais<\/strong> regorge de randonn\u00e9e sublimes pour tous les niveaux. En voici une assez facile pour toute la famille. Au d\u00e9part du village de <strong>Salvan<\/strong>, on peut acc\u00e9der en une grosse heure de marche au <strong>lac de Salanfe<\/strong>, lac de retenue avec un panorama sans pareil : la vue sur les <strong>Dents du Midi<\/strong>. Cette randonn\u00e9e s&rsquo;adresse particuli\u00e8rement aux gens qui aiment leur petit confort puisqu&rsquo;en haut, on trouve la fameuse Auberge de Salanfe, avec son restaurant et son refuge. Rien de tel que de passer la nuit en altitude, mais si vous voulez seulement manger un r\u00f6sti \u00e0 midi, c&rsquo;est possible ! De l\u00e0, il est possible de faire le tour de ce lac couleur lagon (1 h-1 h 30) ou de faire d&rsquo;autres sommets.<\/p>\n<p>En redescendant de cette petite randonn\u00e9e, je vous conseille vivement de vous arr\u00eater aux <strong>Bains de Lavey<\/strong> (route des Bains 42, Ovronnaz), merveilleux \u00e9tablissement thermal avec piscines chaudes, sauna, hammam et d\u00e9tente garantie.<a href=\"https:\/\/www.bains-lavey.ch\/fr\/\"> Plus d&rsquo;infos ici.<\/a><\/p>\n<p><img decoding=\"async\" loading=\"lazy\" class=\"aligncenter wp-image-7788 size-full\" src=\"https:\/\/arpenterlechemin.com\/wp-content\/uploads\/2019\/06\/lac-salanfe-marecottes-randonnee-suisse-romande-valais-e1650932351609.jpg\" alt=\"lac salanfe marecottes randonnee suisse romande valais\" width=\"1400\" height=\"788\" \/><\/p>\n<p><img decoding=\"async\" loading=\"lazy\" class=\"aligncenter wp-image-7789 size-full\" src=\"https:\/\/arpenterlechemin.com\/wp-content\/uploads\/2019\/06\/lac-salanfe-dents-du-midi-marecottes-randonnee-facile-valais-suisse-blog-voyage-e1650932362951.jpg\" alt=\"lac salanfe dents du midi marecottes randonnee facile valais suisse blog voyage\" width=\"1400\" height=\"879\" \/><\/p>\n<h4><span style=\"color: #000080;\">Plus d&rsquo;infos<\/span><\/h4>\n<ul>\n<li><a href=\"https:\/\/www.salanfe.ch\/fr\/\">Auberge de Salanfe<\/a><\/li>\n<li><a href=\"http:\/\/www.martigny-region.ch\/tourisme\/office-tourisme-salvan-marecottes-19.html\">Office de tourisme de Salvan-Les Mar\u00e9cottes<\/a><\/li>\n<\/ul>\n<h2><span style=\"color: #000080;\">Le val d&rsquo;Anniviers<\/span><\/h2>\n<p>\u00c0 proximit\u00e9 de Sierre, le <strong>Val d&rsquo;Anniviers<\/strong> propose une randonn\u00e9e insolite : le s<strong>entier des plan\u00e8tes<\/strong>, qui offre de traverser le syst\u00e8me solaire \u00e0 l&rsquo;\u00e9chelle humaine. Sur 13 km aller-retour, des statues offrent une travers\u00e9e cosmique \u00e0 l&rsquo;\u00e9chelle entre Tignousa et l&rsquo;<strong>h\u00f4tel Weisshorn \u00e0 2337 m d&rsquo;altitude<\/strong>. Ici aussi, on peut trouver g\u00eete et couvert une fois en haut, ou s&rsquo;\u00e9lever vers d&rsquo;autres cimes. Toujours dans le val d&rsquo;Anniviers, je vous conseille de faire le crochet par <strong>Grimentz<\/strong>, adorable village suisse tout en bois et g\u00e9raniums.<\/p>\n<p><img decoding=\"async\" loading=\"lazy\" class=\"aligncenter wp-image-7790 size-full\" src=\"https:\/\/arpenterlechemin.com\/wp-content\/uploads\/2019\/06\/val-anniviers-sentier-planetes-randonnee-facile-valais-suisse-romande-e1650932374924.jpg\" alt=\"val anniviers sentier planetes randonnee facile valais suisse romande\" width=\"1400\" height=\"788\" \/><\/p>\n<p><img decoding=\"async\" loading=\"lazy\" class=\"aligncenter wp-image-7791 size-full\" src=\"https:\/\/arpenterlechemin.com\/wp-content\/uploads\/2019\/06\/val-anniviers-weisshorn-randonee-facile-valais-blog-voyage-e1650932384386.jpg\" alt=\"val anniviers weisshorn randonee facile valais blog voyage\" width=\"1400\" height=\"788\" \/><\/p>\n<h4><span style=\"color: #000080;\">Plus d&rsquo;infos<\/span><\/h4>\n<ul>\n<li><a href=\"https:\/\/www.valdanniviers.ch\/tourisme\/chemin-planetes.html\">le sentier des plan\u00e8tes<\/a><\/li>\n<li><a href=\"http:\/\/m.valdanniviers.ch\/tourisme\/offices-tourisme.html\">office du tourisme du val d&rsquo;Anniviers<\/a><\/li>\n<li><a href=\"https:\/\/www.booking.com\/hotel\/ch\/weisshorn-sur-st-luc-2337m.en.html?aid=1571475&amp;no_rooms=1&amp;group_adults=1\">h\u00f4tel Weisshorn<\/a><\/li>\n<\/ul>\n<h2><span style=\"color: #000080;\">Sion (canton du Valais)<\/span><\/h2>\n<p><strong>Sion<\/strong> est la plus grande ville du Valais, bien loin des auberges solitaires sur les sommets. Dans la vall\u00e9e du Rh\u00f4ne, elle offre une vue imprenable sur les sommets, qui semblent si hauts&#8230; Pour la meilleure vue, je vous conseille de monter au <strong>ch\u00e2teau de Tourbillon<\/strong>, pour voir le coude de la vall\u00e9e du Rh\u00f4ne.<\/p>\n<p>Si vous \u00eates \u00e0 la recherche d&rsquo;exp\u00e9riences insolites, sachez qu&rsquo;on trouve un simulateur de chute libre \u00e0 Sion. C&rsquo;est \u00e0 <strong>RealFly<\/strong> que \u00e7a passe. J&rsquo;ai essay\u00e9 pour vous et j&rsquo;ai ador\u00e9 ! Moi qui ne sauterai jamais en parachute, j&rsquo;ai eu ma dose de sensations dans un environnement s\u00e9curitaire, je vous le recommande vivement.<\/p>\n<p><img decoding=\"async\" loading=\"lazy\" class=\"aligncenter wp-image-7792 size-full\" src=\"https:\/\/arpenterlechemin.com\/wp-content\/uploads\/2019\/06\/Sion-valais-que-voir-infos-pratiques-blog-voyage-suisse-e1650932393557.jpg\" alt=\"Sion valais que voir infos pratiques blog voyage suisse\" width=\"1400\" height=\"788\" \/><\/p>\n<p><img decoding=\"async\" loading=\"lazy\" class=\"aligncenter wp-image-7793 size-full\" src=\"https:\/\/arpenterlechemin.com\/wp-content\/uploads\/2019\/06\/Sion-visiter-chateau-suisse-romande-valais-blog-voyage-e1650932405115.jpg\" alt=\"Sion visiter chateau suisse romande valais blog voyage\" width=\"1400\" height=\"788\" \/><\/p>\n<h4><span style=\"color: #000080;\">Plus d&rsquo;infos<\/span><\/h4>\n<ul>\n<li><a href=\"https:\/\/siontourisme.ch\/index.php\/fr\/\">Office du tourisme de Sion<\/a><\/li>\n<li><a href=\"https:\/\/realfly.ch\/\">Simulateur de chute libre RealFly<\/a><\/li>\n<\/ul>\n<h2><span style=\"color: #000080;\">Et un peu plus loin&#8230;<\/span><\/h2>\n<p>Techniquement, ces deux derniers lieux sont au-del\u00e0 du <strong>mur de r\u00f6stis<\/strong>, cette barri\u00e8re linguistique et culturelle qui s\u00e9pare la Suisse romande de la Suisse al\u00e9manique : on passe du fran\u00e7ais au suisse-allemand. Mais ces deux sites sont tellement beaux qu&rsquo;il aurait \u00e9t\u00e9 dommage de ne pas les inclure : je vous pr\u00e9sente le glacier d&rsquo;Aletsch et Zermatt.<\/p>\n<h2><span style=\"color: #000080;\">Le glacier d&rsquo;Aletsch (canton du Valais)<\/span><\/h2>\n<p>Le glacier d&rsquo;Aletsch est le plus grand d&rsquo;Europe, autant dire que c&rsquo;est un spectacle \u00e0 ne pas manquer. Il est possible d&rsquo;acc\u00e9der tr\u00e8s haut en t\u00e9l\u00e9ph\u00e9rique depuis Moosfluh, avant de descendre \u00e0 pied aux abords du glacier. Allez-y pour trouver un peu de fra\u00eecheur quand il fait trop chaud en plaine&#8230; effet rafra\u00eechissant garanti aux abords de cette langue de glace gigantesque.<\/p>\n<p><img decoding=\"async\" loading=\"lazy\" class=\"aligncenter wp-image-7307 size-full\" src=\"https:\/\/arpenterlechemin.com\/wp-content\/uploads\/2016\/10\/alpes-suisses-que-faire-vallee-du-rhone-aletsch-randonnee-blog-voyage-arpenter-le-chemin-e1650932417811.jpg\" alt=\"alpes suisses que faire vallee du rhone aletsch randonnee blog voyage arpenter le chemin\" width=\"1400\" height=\"788\" \/><\/p>\n<p><img decoding=\"async\" loading=\"lazy\" class=\"aligncenter wp-image-7306 size-full\" src=\"https:\/\/arpenterlechemin.com\/wp-content\/uploads\/2016\/10\/suisse-voir-glacier-aletsch-alpes-blog-voyage-europe-e1650932430775.jpg\" alt=\"suisse voir glacier aletsch alpes blog voyage europe\" width=\"1400\" height=\"788\" \/><\/p>\n<p style=\"text-align: center;\"><a href=\"https:\/\/arpenterlechemin.com\/index.php\/2016\/10\/13\/balade-au-glacier-daletsch-valais-suisse-2\/\"><em>Cliquez ici pour lire mon billet sur le glacier d&rsquo;Aletsch<\/em><\/a><\/p>\n<h4><span style=\"color: #000080;\">Plus d&rsquo;infos<\/span><\/h4>\n<ul>\n<li><a href=\"https:\/\/www.aletscharena.ch\/fr\/\">Office du tourisme de la r\u00e9gion d&rsquo;Aletsch<\/a><\/li>\n<\/ul>\n<h2><span style=\"color: #000080;\">Zermatt (canton du Valais)<\/span><\/h2>\n<p><strong>Zermatt<\/strong>, c&rsquo;est un peu la quintessence de l&rsquo;exp\u00e9rience suisse : un village adorable sans voiture, un train qui monte \u00e0 une altitude invraisemblable (3 100 m\u00e8tres, vous imaginez ?!), des sommets mythiques, du fromage, des prairies alpines en fleur&#8230; et, ran\u00e7on de la gloire, des prix d\u00e9fiant l&rsquo;entendement. Si vous avez un gros budget, je suis s\u00fbre que passer une nuit \u00e0 Zermatt et aller observer les \u00e9toiles du haut du <strong>Gornergrat<\/strong> doit \u00eatre inoubliable. Si vous avez un peu de budget, je vous conseille d&rsquo;y venir au moins une journ\u00e9e, pour voir le <strong>Cervin<\/strong> et appr\u00e9cier l&rsquo;ambiance en altitude. Si vous n&rsquo;avez pas de budget&#8230; qu&rsquo;est-ce que vous faites en Suisse, au juste ?!<\/p>\n<p><img decoding=\"async\" loading=\"lazy\" class=\"aligncenter wp-image-8058 size-full\" src=\"https:\/\/arpenterlechemin.com\/wp-content\/uploads\/2019\/09\/zermatt-suisse-alpes-que-voir-que-faire-blog-voyage-arpenter-le-chemin-e1650932441403.jpg\" alt=\"zermatt suisse alpes que voir que faire blog voyage arpenter le chemin\" width=\"1400\" height=\"788\" \/><\/p>\n<p><img decoding=\"async\" loading=\"lazy\" class=\"aligncenter wp-image-7785 size-full\" src=\"https:\/\/arpenterlechemin.com\/wp-content\/uploads\/2019\/06\/zermatt-cervin-comment-acceder-suisse-voyage-e1650932452645.jpg\" alt=\"zermatt cervin que voir comment acceder\" width=\"1400\" height=\"788\" \/><\/p>\n<h4><span style=\"color: #000080;\">Plus d&rsquo;infos <\/span><\/h4>\n<ul>\n<li><a href=\"https:\/\/www.zermatt.ch\/fr\/Media\/Attractions\/Office-du-tourisme-de-Ze\">Office du tourisme de Zermatt<\/a><\/li>\n<li><a href=\"https:\/\/www.myswitzerland.com\/fr-fr\/decouvrir\/gornergrat\/\">Gornergrat<\/a><\/li>\n<\/ul>\n<h2><span style=\"color: #000080;\">Infos pratiques<\/span><\/h2>\n<ul>\n<li>Il est tr\u00e8s facile de se d\u00e9placer un peu partout en Suisse romande gr\u00e2ce au r<strong>\u00e9seau ferroviaire, l&rsquo;un des meilleurs au monde<\/strong>. La plupart des endroits abord\u00e9es dans cette chronique sont desservis par le train, imaginez un peu.<\/li>\n<li>Suisse romande ou pas&#8230; la Suisse n&rsquo;est malheureusement pas bon march\u00e9 si on vient de la France ou du Canada. Pr\u00e9parez-vous \u00e0 avoir un budget cons\u00e9quent lors de votre passage en Suisse.<\/li>\n<li>Je vous invite aussi \u00e0 aller voir cette escapade de Sarah de <a href=\"https:\/\/ventsetvoyages.fr\/valais-suisse-sion\/\">Vents &amp; Voyages<\/a> en Valais.<\/li>\n<li><a href=\"https:\/\/www.awin1.com\/cread.php?awinmid=29239&amp;awinaffid=978243\">Inscrivez-vous sur AllTrails pour plus d\u2019infos sur les sentiers pr\u00e9sent\u00e9s<\/a><\/li>\n<\/ul>\n<p><em>Et vous, connaissez-vous la Suisse romande ? Avez-vous des chroniques \u00e0 me conseiller pour une prochaine vir\u00e9e dans ce pays magnifique ? Je vous attends dans les commentaires !\u00a0<\/em><\/p>\n<p><img decoding=\"async\" loading=\"lazy\" class=\"size-medium wp-image-8055 alignnone\" src=\"https:\/\/arpenterlechemin.com\/wp-content\/uploads\/2019\/09\/meilleur-suisse-romande-randonnee-visites-blog-voyage-267x400.jpg\" alt=\"meilleur suisse romande randonnee visites blog voyage\" width=\"267\" height=\"400\" srcset=\"https:\/\/arpenterlechemin.com\/wp-content\/uploads\/2019\/09\/meilleur-suisse-romande-randonnee-visites-blog-voyage-267x400.jpg 267w, https:\/\/arpenterlechemin.com\/wp-content\/uploads\/2019\/09\/meilleur-suisse-romande-randonnee-visites-blog-voyage-390x585.jpg 390w, https:\/\/arpenterlechemin.com\/wp-content\/uploads\/2019\/09\/meilleur-suisse-romande-randonnee-visites-blog-voyage.jpg 735w\" sizes=\"(max-width: 267px) 100vw, 267px\" \/> <img decoding=\"async\" loading=\"lazy\" class=\"size-medium wp-image-8056 alignnone\" src=\"https:\/\/arpenterlechemin.com\/wp-content\/uploads\/2019\/09\/incontournables-suisse-romande-valais-vaud-neuchatel-berne-267x400.jpg\" alt=\"incontournables suisse romande valais vaud neuchatel berne\" width=\"267\" height=\"400\" srcset=\"https:\/\/arpenterlechemin.com\/wp-content\/uploads\/2019\/09\/incontournables-suisse-romande-valais-vaud-neuchatel-berne-267x400.jpg 267w, https:\/\/arpenterlechemin.com\/wp-content\/uploads\/2019\/09\/incontournables-suisse-romande-valais-vaud-neuchatel-berne-390x585.jpg 390w, https:\/\/arpenterlechemin.com\/wp-content\/uploads\/2019\/09\/incontournables-suisse-romande-valais-vaud-neuchatel-berne.jpg 735w\" sizes=\"(max-width: 267px) 100vw, 267px\" \/> <img decoding=\"async\" loading=\"lazy\" class=\"size-medium wp-image-8057 alignnone\" src=\"https:\/\/arpenterlechemin.com\/wp-content\/uploads\/2019\/09\/immanquables-voyage-suisse-romande-267x400.jpg\" alt=\"immanquables voyage suisse romande\" width=\"267\" height=\"400\" srcset=\"https:\/\/arpenterlechemin.com\/wp-content\/uploads\/2019\/09\/immanquables-voyage-suisse-romande-267x400.jpg 267w, https:\/\/arpenterlechemin.com\/wp-content\/uploads\/2019\/09\/immanquables-voyage-suisse-romande-390x585.jpg 390w, https:\/\/arpenterlechemin.com\/wp-content\/uploads\/2019\/09\/immanquables-voyage-suisse-romande.jpg 735w\" sizes=\"(max-width: 267px) 100vw, 267px\" \/><\/p>\n","protected":false},"excerpt":{"rendered":"<p>La Suisse est l&rsquo;un des pays qui me font chavirer, et le fait que mes a\u00efeux en soient originaires n&rsquo;est que l&rsquo;une des nombreuses raisons qui me font aimer ce pays \u00e0 la folie. Si vous cherchez des id\u00e9es de voyage au vert en Europe, dans des lieux francophones, o\u00f9 prendre l&rsquo;avion n&rsquo;a rien d&rsquo;obligatoire, je vous invite en Suisse romande. Les cantons de Neuch\u00e2tel, Gen\u00e8ve, Fribourg, Vaud et une partie du Valais sont francophones et tous rivalisent de sites merveilleux. Pr\u00e9f\u00e9rez-vous une ville de conte de f\u00e9es ou une <\/p>\n","protected":false},"author":1,"featured_media":8054,"comment_status":"open","ping_status":"open","sticky":false,"template":"","format":"standard","meta":{"jetpack_post_was_ever_published":false},"categories":[1,531],"tags":[566,436,414,153,647],"yoast_head":"<!-- This site is optimized with the Yoast SEO plugin v20.7 - https:\/\/yoast.com\/wordpress\/plugins\/seo\/ -->\n<title>SUISSE \/\/ Suisse romande : id\u00e9es d&#039;escapades et randonn\u00e9es - Arpenter le chemin<\/title>\n<meta name=\"description\" content=\"Le meilleur de la Suisse romande : id\u00e9es d&#039;escapades en ville et randonn\u00e9es dans les cantons de Berne, Neuch\u00e2tel, Vaud et Valais.\" \/>\n<meta name=\"robots\" content=\"index, follow, max-snippet:-1, max-image-preview:large, max-video-preview:-1\" \/>\n<link rel=\"canonical\" href=\"https:\/\/arpenterlechemin.com\/index.php\/2019\/07\/26\/suisse-romande\/\" \/>\n<meta property=\"og:locale\" content=\"fr_FR\" \/>\n<meta property=\"og:type\" content=\"article\" \/>\n<meta property=\"og:title\" content=\"SUISSE \/\/ Suisse romande : id\u00e9es d&#039;escapades et randonn\u00e9es - Arpenter le chemin\" \/>\n<meta property=\"og:description\" content=\"Le meilleur de la Suisse romande : id\u00e9es d&#039;escapades en ville et randonn\u00e9es dans les cantons de Berne, Neuch\u00e2tel, Vaud et Valais.\" \/>\n<meta property=\"og:url\" content=\"https:\/\/arpenterlechemin.com\/index.php\/2019\/07\/26\/suisse-romande\/\" \/>\n<meta property=\"og:site_name\" content=\"Arpenter le chemin\" \/>\n<meta property=\"article:published_time\" content=\"2019-07-26T06:26:22+00:00\" \/>\n<meta property=\"article:modified_time\" content=\"2023-03-22T16:47:46+00:00\" \/>\n<meta property=\"og:image\" content=\"https:\/\/arpenterlechemin.com\/wp-content\/uploads\/2019\/09\/incontournables-suisse-romande-blog-voyage.jpg\" \/>\n\t<meta property=\"og:image:width\" content=\"1040\" \/>\n\t<meta property=\"og:image:height\" content=\"585\" \/>\n\t<meta property=\"og:image:type\" content=\"image\/jpeg\" \/>\n<meta name=\"author\" content=\"Audrey\" \/>\n<meta name=\"twitter:card\" content=\"summary_large_image\" \/>\n<meta name=\"twitter:label1\" content=\"\u00c9crit par\" \/>\n\t<meta name=\"twitter:data1\" content=\"Audrey\" \/>\n\t<meta name=\"twitter:label2\" content=\"Dur\u00e9e de lecture estim\u00e9e\" \/>\n\t<meta name=\"twitter:data2\" content=\"8 minutes\" \/>\n<script type=\"application\/ld+json\" class=\"yoast-schema-graph\">{\"@context\":\"https:\/\/schema.org\",\"@graph\":[{\"@type\":\"Article\",\"@id\":\"https:\/\/arpenterlechemin.com\/index.php\/2019\/07\/26\/suisse-romande\/#article\",\"isPartOf\":{\"@id\":\"https:\/\/arpenterlechemin.com\/index.php\/2019\/07\/26\/suisse-romande\/\"},\"author\":{\"name\":\"Audrey\",\"@id\":\"https:\/\/arpenterlechemin.com\/#\/schema\/person\/1d187818c0988fbea4d682c1e59c795c\"},\"headline\":\"SUISSE \/\/ Suisse romande : id\u00e9es d&rsquo;escapades et randonn\u00e9es\",\"datePublished\":\"2019-07-26T06:26:22+00:00\",\"dateModified\":\"2023-03-22T16:47:46+00:00\",\"mainEntityOfPage\":{\"@id\":\"https:\/\/arpenterlechemin.com\/index.php\/2019\/07\/26\/suisse-romande\/\"},\"wordCount\":1751,\"commentCount\":20,\"publisher\":{\"@id\":\"https:\/\/arpenterlechemin.com\/#organization\"},\"keywords\":[\"\u00e9t\u00e9\",\"nature\",\"randonn\u00e9e\",\"suisse\",\"ville\"],\"articleSection\":[\"Blog\",\"Europe\"],\"inLanguage\":\"fr-FR\",\"potentialAction\":[{\"@type\":\"CommentAction\",\"name\":\"Comment\",\"target\":[\"https:\/\/arpenterlechemin.com\/index.php\/2019\/07\/26\/suisse-romande\/#respond\"]}]},{\"@type\":\"WebPage\",\"@id\":\"https:\/\/arpenterlechemin.com\/index.php\/2019\/07\/26\/suisse-romande\/\",\"url\":\"https:\/\/arpenterlechemin.com\/index.php\/2019\/07\/26\/suisse-romande\/\",\"name\":\"SUISSE \/\/ Suisse romande : id\u00e9es d'escapades et randonn\u00e9es - Arpenter le chemin\",\"isPartOf\":{\"@id\":\"https:\/\/arpenterlechemin.com\/#website\"},\"datePublished\":\"2019-07-26T06:26:22+00:00\",\"dateModified\":\"2023-03-22T16:47:46+00:00\",\"description\":\"Le meilleur de la Suisse romande : id\u00e9es d'escapades en ville et randonn\u00e9es dans les cantons de Berne, Neuch\u00e2tel, Vaud et Valais.\",\"breadcrumb\":{\"@id\":\"https:\/\/arpenterlechemin.com\/index.php\/2019\/07\/26\/suisse-romande\/#breadcrumb\"},\"inLanguage\":\"fr-FR\",\"potentialAction\":[{\"@type\":\"ReadAction\",\"target\":[\"https:\/\/arpenterlechemin.com\/index.php\/2019\/07\/26\/suisse-romande\/\"]}]},{\"@type\":\"BreadcrumbList\",\"@id\":\"https:\/\/arpenterlechemin.com\/index.php\/2019\/07\/26\/suisse-romande\/#breadcrumb\",\"itemListElement\":[{\"@type\":\"ListItem\",\"position\":1,\"name\":\"Home\",\"item\":\"https:\/\/arpenterlechemin.com\/\"},{\"@type\":\"ListItem\",\"position\":2,\"name\":\"SUISSE \/\/ Suisse romande : id\u00e9es d&rsquo;escapades et randonn\u00e9es\"}]},{\"@type\":\"WebSite\",\"@id\":\"https:\/\/arpenterlechemin.com\/#website\",\"url\":\"https:\/\/arpenterlechemin.com\/\",\"name\":\"Arpenter le chemin\",\"description\":\"\",\"publisher\":{\"@id\":\"https:\/\/arpenterlechemin.com\/#organization\"},\"potentialAction\":[{\"@type\":\"SearchAction\",\"target\":{\"@type\":\"EntryPoint\",\"urlTemplate\":\"https:\/\/arpenterlechemin.com\/?s={search_term_string}\"},\"query-input\":\"required name=search_term_string\"}],\"inLanguage\":\"fr-FR\"},{\"@type\":\"Organization\",\"@id\":\"https:\/\/arpenterlechemin.com\/#organization\",\"name\":\"Arpenter le chemin\",\"url\":\"https:\/\/arpenterlechemin.com\/\",\"logo\":{\"@type\":\"ImageObject\",\"inLanguage\":\"fr-FR\",\"@id\":\"https:\/\/arpenterlechemin.com\/#\/schema\/logo\/image\/\",\"url\":\"https:\/\/arpenterlechemin.com\/wp-content\/uploads\/2017\/04\/icone-4.jpg\",\"contentUrl\":\"https:\/\/arpenterlechemin.com\/wp-content\/uploads\/2017\/04\/icone-4.jpg\",\"width\":150,\"height\":73,\"caption\":\"Arpenter le chemin\"},\"image\":{\"@id\":\"https:\/\/arpenterlechemin.com\/#\/schema\/logo\/image\/\"}},{\"@type\":\"Person\",\"@id\":\"https:\/\/arpenterlechemin.com\/#\/schema\/person\/1d187818c0988fbea4d682c1e59c795c\",\"name\":\"Audrey\",\"image\":{\"@type\":\"ImageObject\",\"inLanguage\":\"fr-FR\",\"@id\":\"https:\/\/arpenterlechemin.com\/#\/schema\/person\/image\/\",\"url\":\"https:\/\/secure.gravatar.com\/avatar\/b75298f64c73f1709976c50921beae6a?s=96&d=mm&r=g\",\"contentUrl\":\"https:\/\/secure.gravatar.com\/avatar\/b75298f64c73f1709976c50921beae6a?s=96&d=mm&r=g\",\"caption\":\"Audrey\"},\"description\":\"Allergique \u00e0 la routine, atteinte de bougeotte aigu\u00eb, j'essaie de m'envoler aussi souvent que possible, seule, en couple ou entre amis ! Ville, nature, culture, rando... tout me va, \u00e0 partir du moment o\u00f9 je suis dehors.\",\"url\":\"https:\/\/arpenterlechemin.com\/index.php\/author\/audreyf\/\"}]}<\/script>\n<!-- \/ Yoast SEO plugin. -->","yoast_head_json":{"title":"SUISSE \/\/ Suisse romande : id\u00e9es d'escapades et randonn\u00e9es - Arpenter le chemin","description":"Le meilleur de la Suisse romande : id\u00e9es d'escapades en ville et randonn\u00e9es dans les cantons de Berne, Neuch\u00e2tel, Vaud et Valais.","robots":{"index":"index","follow":"follow","max-snippet":"max-snippet:-1","max-image-preview":"max-image-preview:large","max-video-preview":"max-video-preview:-1"},"canonical":"https:\/\/arpenterlechemin.com\/index.php\/2019\/07\/26\/suisse-romande\/","og_locale":"fr_FR","og_type":"article","og_title":"SUISSE \/\/ Suisse romande : id\u00e9es d'escapades et randonn\u00e9es - Arpenter le chemin","og_description":"Le meilleur de la Suisse romande : id\u00e9es d'escapades en ville et randonn\u00e9es dans les cantons de Berne, Neuch\u00e2tel, Vaud et Valais.","og_url":"https:\/\/arpenterlechemin.com\/index.php\/2019\/07\/26\/suisse-romande\/","og_site_name":"Arpenter le chemin","article_published_time":"2019-07-26T06:26:22+00:00","article_modified_time":"2023-03-22T16:47:46+00:00","og_image":[{"width":1040,"height":585,"url":"https:\/\/arpenterlechemin.com\/wp-content\/uploads\/2019\/09\/incontournables-suisse-romande-blog-voyage.jpg","type":"image\/jpeg"}],"author":"Audrey","twitter_card":"summary_large_image","twitter_misc":{"\u00c9crit par":"Audrey","Dur\u00e9e de lecture estim\u00e9e":"8 minutes"},"schema":{"@context":"https:\/\/schema.org","@graph":[{"@type":"Article","@id":"https:\/\/arpenterlechemin.com\/index.php\/2019\/07\/26\/suisse-romande\/#article","isPartOf":{"@id":"https:\/\/arpenterlechemin.com\/index.php\/2019\/07\/26\/suisse-romande\/"},"author":{"name":"Audrey","@id":"https:\/\/arpenterlechemin.com\/#\/schema\/person\/1d187818c0988fbea4d682c1e59c795c"},"headline":"SUISSE \/\/ Suisse romande : id\u00e9es d&rsquo;escapades et randonn\u00e9es","datePublished":"2019-07-26T06:26:22+00:00","dateModified":"2023-03-22T16:47:46+00:00","mainEntityOfPage":{"@id":"https:\/\/arpenterlechemin.com\/index.php\/2019\/07\/26\/suisse-romande\/"},"wordCount":1751,"commentCount":20,"publisher":{"@id":"https:\/\/arpenterlechemin.com\/#organization"},"keywords":["\u00e9t\u00e9","nature","randonn\u00e9e","suisse","ville"],"articleSection":["Blog","Europe"],"inLanguage":"fr-FR","potentialAction":[{"@type":"CommentAction","name":"Comment","target":["https:\/\/arpenterlechemin.com\/index.php\/2019\/07\/26\/suisse-romande\/#respond"]}]},{"@type":"WebPage","@id":"https:\/\/arpenterlechemin.com\/index.php\/2019\/07\/26\/suisse-romande\/","url":"https:\/\/arpenterlechemin.com\/index.php\/2019\/07\/26\/suisse-romande\/","name":"SUISSE \/\/ Suisse romande : id\u00e9es d'escapades et randonn\u00e9es - Arpenter le chemin","isPartOf":{"@id":"https:\/\/arpenterlechemin.com\/#website"},"datePublished":"2019-07-26T06:26:22+00:00","dateModified":"2023-03-22T16:47:46+00:00","description":"Le meilleur de la Suisse romande : id\u00e9es d'escapades en ville et randonn\u00e9es dans les cantons de Berne, Neuch\u00e2tel, Vaud et Valais.","breadcrumb":{"@id":"https:\/\/arpenterlechemin.com\/index.php\/2019\/07\/26\/suisse-romande\/#breadcrumb"},"inLanguage":"fr-FR","potentialAction":[{"@type":"ReadAction","target":["https:\/\/arpenterlechemin.com\/index.php\/2019\/07\/26\/suisse-romande\/"]}]},{"@type":"BreadcrumbList","@id":"https:\/\/arpenterlechemin.com\/index.php\/2019\/07\/26\/suisse-romande\/#breadcrumb","itemListElement":[{"@type":"ListItem","position":1,"name":"Home","item":"https:\/\/arpenterlechemin.com\/"},{"@type":"ListItem","position":2,"name":"SUISSE \/\/ Suisse romande : id\u00e9es d&rsquo;escapades et randonn\u00e9es"}]},{"@type":"WebSite","@id":"https:\/\/arpenterlechemin.com\/#website","url":"https:\/\/arpenterlechemin.com\/","name":"Arpenter le chemin","description":"","publisher":{"@id":"https:\/\/arpenterlechemin.com\/#organization"},"potentialAction":[{"@type":"SearchAction","target":{"@type":"EntryPoint","urlTemplate":"https:\/\/arpenterlechemin.com\/?s={search_term_string}"},"query-input":"required name=search_term_string"}],"inLanguage":"fr-FR"},{"@type":"Organization","@id":"https:\/\/arpenterlechemin.com\/#organization","name":"Arpenter le chemin","url":"https:\/\/arpenterlechemin.com\/","logo":{"@type":"ImageObject","inLanguage":"fr-FR","@id":"https:\/\/arpenterlechemin.com\/#\/schema\/logo\/image\/","url":"https:\/\/arpenterlechemin.com\/wp-content\/uploads\/2017\/04\/icone-4.jpg","contentUrl":"https:\/\/arpenterlechemin.com\/wp-content\/uploads\/2017\/04\/icone-4.jpg","width":150,"height":73,"caption":"Arpenter le chemin"},"image":{"@id":"https:\/\/arpenterlechemin.com\/#\/schema\/logo\/image\/"}},{"@type":"Person","@id":"https:\/\/arpenterlechemin.com\/#\/schema\/person\/1d187818c0988fbea4d682c1e59c795c","name":"Audrey","image":{"@type":"ImageObject","inLanguage":"fr-FR","@id":"https:\/\/arpenterlechemin.com\/#\/schema\/person\/image\/","url":"https:\/\/secure.gravatar.com\/avatar\/b75298f64c73f1709976c50921beae6a?s=96&d=mm&r=g","contentUrl":"https:\/\/secure.gravatar.com\/avatar\/b75298f64c73f1709976c50921beae6a?s=96&d=mm&r=g","caption":"Audrey"},"description":"Allergique \u00e0 la routine, atteinte de bougeotte aigu\u00eb, j'essaie de m'envoler aussi souvent que possible, seule, en couple ou entre amis ! Ville, nature, culture, rando... tout me va, \u00e0 partir du moment o\u00f9 je suis dehors.","url":"https:\/\/arpenterlechemin.com\/index.php\/author\/audreyf\/"}]}},"jetpack_featured_media_url":"https:\/\/arpenterlechemin.com\/wp-content\/uploads\/2019\/09\/incontournables-suisse-romande-blog-voyage.jpg","jetpack_sharing_enabled":true,"jetpack_shortlink":"https:\/\/wp.me\/p8z9hR-21p","jetpack-related-posts":[{"id":597,"url":"https:\/\/arpenterlechemin.com\/index.php\/2016\/08\/19\/berne-visite-de-la-capitale-suisse-2\/","url_meta":{"origin":7775,"position":0},"title":"SUISSE \/\/ Berne, visite de la capitale suisse","date":"19 ao\u00fbt 2016","format":false,"excerpt":"Me croirez-vous si je vous dis que je suis n\u00e9e en Haute-Savoie, et que j'ai pass\u00e9 les 17 premi\u00e8res ann\u00e9es de ma vie \u00e0 exactement 16,3 km de la fronti\u00e8re suisse... et que je n'\u00e9tais jamais all\u00e9e \u00e0 Berne avant 2010 ?","rel":"","context":"Dans &quot;Blog&quot;","img":{"alt_text":"berne escapade city-trip blog voyage suisse arpenter le chemin","src":"https:\/\/i0.wp.com\/arpenterlechemin.com\/wp-content\/uploads\/2016\/08\/berne-escapade-city-trip-blog-voyage-suisse-arpenter-le-chemin.jpg?resize=350%2C200&ssl=1","width":350,"height":200},"classes":[]},{"id":1055,"url":"https:\/\/arpenterlechemin.com\/index.php\/2016\/10\/13\/balade-au-glacier-daletsch-valais-suisse-2\/","url_meta":{"origin":7775,"position":1},"title":"SUISSE \/\/ Balade estivale au glacier d&rsquo;Aletsch, en Valais","date":"13 octobre 2016","format":false,"excerpt":"Une bonne fois pour toutes, laissez-moi vous dire que j'aime la Suisse. Voil\u00e0. Mieux que \u00e7a : j'adore la Suisse. Je l'ai d\u00e9j\u00e0 dit, peut-\u00eatre ? Pour la visite de Berne, je crois. Je me r\u00e9p\u00e9terai sans doute, car j'ai loin d'avoir \u00e9puis\u00e9 le sujet ! Mais j'adore aller en\u2026","rel":"","context":"Dans &quot;Blog&quot;","img":{"alt_text":"","src":"https:\/\/i0.wp.com\/arpenterlechemin.com\/wp-content\/uploads\/2016\/10\/Titre-balade-glacier-daletsch.jpg?resize=350%2C200&ssl=1","width":350,"height":200},"classes":[]},{"id":7643,"url":"https:\/\/arpenterlechemin.com\/index.php\/2019\/06\/05\/neuchatel\/","url_meta":{"origin":7775,"position":2},"title":"SUISSE \/\/ Neuch\u00e2tel et sa vieille ville","date":"5 juin 2019","format":false,"excerpt":"Oh, Neuch\u00e2tel ! Cit\u00e9 suisse mill\u00e9naire nich\u00e9e sur les bords d'un lac ravissant avec une vue spectaculaire sur les Alpes en toile de fond, elle rec\u00e8le mille d\u00e9tails historiques charmants, entre ses fontaines peintes et sa coll\u00e9giale, son ch\u00e2teau qui veille sur la ville et ses fa\u00e7ades aux reflets dor\u00e9s.\u2026","rel":"","context":"Dans &quot;Blog&quot;","img":{"alt_text":"escapade city-trip blog voyage suisse arpenter le chemin","src":"https:\/\/i0.wp.com\/arpenterlechemin.com\/wp-content\/uploads\/2019\/05\/neuchatel-escapade-city-trip-blog-voyage-suisse-arpenter-le-chemin.jpg?resize=350%2C200&ssl=1","width":350,"height":200},"classes":[]},{"id":12387,"url":"https:\/\/arpenterlechemin.com\/index.php\/2024\/03\/25\/suisse-le-barrage-de-la-grande-dixence\/","url_meta":{"origin":7775,"position":3},"title":"SUISSE \/\/ Le barrage de la Grande Dixence","date":"25 mars 2024","format":false,"excerpt":"Le Valais, en Suisse, est un lieu merveilleux o\u00f9 il semble impossible d'\u00eatre d\u00e9\u00e7u. Randonn\u00e9es de haute et moyenne montagne, coteaux couverts de vigne, accueil chaleureux et curiosit\u00e9s sont toujours au rendez-vous. Cette fois, je vais vous parler du barrage de la Grande Dixence, ouvrage titanesque qui est tout simplement\u2026","rel":"","context":"Dans &quot;Blog&quot;","img":{"alt_text":"Randonn\u00e9e Grande Dixence Valais Suisse","src":"https:\/\/i0.wp.com\/arpenterlechemin.com\/wp-content\/uploads\/2023\/08\/Randonnee-Grande-Dixence-Valais-Suisse.jpg?resize=350%2C200&ssl=1","width":350,"height":200},"classes":[]},{"id":10240,"url":"https:\/\/arpenterlechemin.com\/index.php\/2022\/04\/21\/grouse-grind-vancouver\/","url_meta":{"origin":7775,"position":4},"title":"CANADA \/\/ Grouse Grind, une randonn\u00e9e \u00e0 Vancouver","date":"21 avril 2022","format":false,"excerpt":"Parmi les villes canadiennes, Vancouver a la r\u00e9putation d'\u00eatre la plus tourn\u00e9e vers la nature. Entre l'oc\u00e9an Pacifique, son poumon vert le parc Stanley et les montagnes qui se dressent tout pr\u00e8s, ce n'est pas difficile de comprendre pourquoi. Elle est pris\u00e9e des adeptes du plein air qui peuvent profiter\u2026","rel":"","context":"Dans &quot;Am\u00e9rique du Nord&quot;","img":{"alt_text":"Grouse Grind randonn\u00e9e difficile Vancouver","src":"https:\/\/i0.wp.com\/arpenterlechemin.com\/wp-content\/uploads\/2022\/05\/Grouse-Grind-randonn\u00e9e-difficile-Vancouver.jpg?resize=350%2C200&ssl=1","width":350,"height":200},"classes":[]},{"id":9902,"url":"https:\/\/arpenterlechemin.com\/index.php\/2020\/12\/02\/montagne-haute-savoie\/","url_meta":{"origin":7775,"position":5},"title":"FRANCE \/\/ Sept exp\u00e9riences de montagne \u00e0 vivre en Haute-Savoie","date":"2 d\u00e9cembre 2020","format":false,"excerpt":"Cette ann\u00e9e plus que jamais, je r\u00eave de Haute-Savoie. Je r\u00eave de montagnes qui s'\u00e9lancent vers le ciel et d'alpages verdoyants, de cloches de vaches et de fromages coulants. Je r\u00eave de ces paysages qui m'ont berc\u00e9, de la fra\u00eecheur toute particuli\u00e8re qu'on trouve en altitude, l\u00e0 o\u00f9 les herbes\u2026","rel":"","context":"Dans &quot;Blog&quot;","img":{"alt_text":"Montagne Haute-Savoie","src":"https:\/\/i0.wp.com\/arpenterlechemin.com\/wp-content\/uploads\/2020\/12\/Montagne-Haute-Savoie.jpg?resize=350%2C200&ssl=1","width":350,"height":200},"classes":[]}],"_links":{"self":[{"href":"https:\/\/arpenterlechemin.com\/index.php\/wp-json\/wp\/v2\/posts\/7775"}],"collection":[{"href":"https:\/\/arpenterlechemin.com\/index.php\/wp-json\/wp\/v2\/posts"}],"about":[{"href":"https:\/\/arpenterlechemin.com\/index.php\/wp-json\/wp\/v2\/types\/post"}],"author":[{"embeddable":true,"href":"https:\/\/arpenterlechemin.com\/index.php\/wp-json\/wp\/v2\/users\/1"}],"replies":[{"embeddable":true,"href":"https:\/\/arpenterlechemin.com\/index.php\/wp-json\/wp\/v2\/comments?post=7775"}],"version-history":[{"count":3,"href":"https:\/\/arpenterlechemin.com\/index.php\/wp-json\/wp\/v2\/posts\/7775\/revisions"}],"predecessor-version":[{"id":12300,"href":"https:\/\/arpenterlechemin.com\/index.php\/wp-json\/wp\/v2\/posts\/7775\/revisions\/12300"}],"wp:featuredmedia":[{"embeddable":true,"href":"https:\/\/arpenterlechemin.com\/index.php\/wp-json\/wp\/v2\/media\/8054"}],"wp:attachment":[{"href":"https:\/\/arpenterlechemin.com\/index.php\/wp-json\/wp\/v2\/media?parent=7775"}],"wp:term":[{"taxonomy":"category","embeddable":true,"href":"https:\/\/arpenterlechemin.com\/index.php\/wp-json\/wp\/v2\/categories?post=7775"},{"taxonomy":"post_tag","embeddable":true,"href":"https:\/\/arpenterlechemin.com\/index.php\/wp-json\/wp\/v2\/tags?post=7775"}],"curies":[{"name":"wp","href":"https:\/\/api.w.org\/{rel}","templated":true}]}}