{"id":7558,"date":"2019-05-14T02:31:32","date_gmt":"2019-05-14T06:31:32","guid":{"rendered":"https:\/\/arpenterlechemin.com\/?p=7558"},"modified":"2019-09-10T16:24:52","modified_gmt":"2019-09-10T20:24:52","slug":"marseille-escapade","status":"publish","type":"post","link":"https:\/\/arpenterlechemin.com\/index.php\/2019\/05\/14\/marseille-escapade\/","title":{"rendered":"FRANCE \/\/ Une journ\u00e9e \u00e0 Marseille la belle"},"content":{"rendered":"<p>Marseille la belle. Marseille la radieuse. Marseille l&rsquo;\u00e9tonnante. Je reviens d&rsquo;une courte journ\u00e9e \u00e0 fl\u00e2ner dans Marseille et je suis presque en \u00e9tat de choc. Comment ai-je pu passer \u00e0 c\u00f4t\u00e9 d&rsquo;elle, toutes ces ann\u00e9es ? Marseille fait partie de ces villes fran\u00e7aises mal-aim\u00e9es dont le nom \u00e9voque imm\u00e9diatement des images peu propices aux envies d&rsquo;\u00e9vasion : Marseille effraie, Marseille repousse, Marseille indiff\u00e8re. Il aura fallu la <a href=\"http:\/\/www.matantea.com\/2018\/06\/marseille-je-taime.html\">d\u00e9claration d&rsquo;amour enflamm\u00e9e<\/a> \u00e0 Marseille de mon amie Annabelle pour que <strong>Marseille pique ma curiosit\u00e9<\/strong>. J&rsquo;ai profit\u00e9 de mon s\u00e9jour en <a href=\"https:\/\/arpenterlechemin.com\/index.php\/2019\/04\/23\/france-escapade-provence\/\">Provence<\/a> pour aller v\u00e9rifier de mes propres yeux si Marseille est aussi enivrante qu&rsquo;elle le pr\u00e9tendait. La r\u00e9ponse est un oui retentissant, un coup de foudre pour cette ville que j&rsquo;ai travers\u00e9e trop rapidement pour en saisir toute la complexit\u00e9. J&rsquo;ai d\u00e9couvert une ville qui me rappelle Barcelone ou Lisbonne, villes solaires tourn\u00e9es vers la mer. Si d&rsquo;aventure vous cherchez une escapade dans le Midi, <strong>je vous raconte<\/strong> <strong>la belle journ\u00e9e que j&rsquo;ai pass\u00e9e<\/strong>, sans autre pr\u00e9tention que de vous donner envie, \u00e0 vous aussi, de venir voir Marseille de vos propres yeux.<\/p>\n<p><img decoding=\"async\" loading=\"lazy\" class=\"aligncenter wp-image-7577 size-full\" src=\"https:\/\/arpenterlechemin.com\/wp-content\/uploads\/2019\/04\/marseille-passerelle-fort-saint-jean-que-voir-ou-aller-escapade.jpg\" alt=\"marseille passerelle fort saint-jean que voir ou aller escapade\" width=\"3231\" height=\"1818\" srcset=\"https:\/\/arpenterlechemin.com\/wp-content\/uploads\/2019\/04\/marseille-passerelle-fort-saint-jean-que-voir-ou-aller-escapade.jpg 3231w, https:\/\/arpenterlechemin.com\/wp-content\/uploads\/2019\/04\/marseille-passerelle-fort-saint-jean-que-voir-ou-aller-escapade-500x280.jpg 500w, https:\/\/arpenterlechemin.com\/wp-content\/uploads\/2019\/04\/marseille-passerelle-fort-saint-jean-que-voir-ou-aller-escapade-690x388.jpg 690w, https:\/\/arpenterlechemin.com\/wp-content\/uploads\/2019\/04\/marseille-passerelle-fort-saint-jean-que-voir-ou-aller-escapade-768x432.jpg 768w, https:\/\/arpenterlechemin.com\/wp-content\/uploads\/2019\/04\/marseille-passerelle-fort-saint-jean-que-voir-ou-aller-escapade-1040x585.jpg 1040w\" sizes=\"(max-width: 3231px) 100vw, 3231px\" \/><\/p>\n<p><img decoding=\"async\" loading=\"lazy\" class=\"aligncenter wp-image-7579 size-full\" src=\"https:\/\/arpenterlechemin.com\/wp-content\/uploads\/2019\/04\/marseille-saint-charles-gare-comment-venir-voyage-escapade.jpg\" alt=\"marseille saint-charles gare comment venir voyage escapade\" width=\"3904\" height=\"2197\" srcset=\"https:\/\/arpenterlechemin.com\/wp-content\/uploads\/2019\/04\/marseille-saint-charles-gare-comment-venir-voyage-escapade.jpg 3904w, https:\/\/arpenterlechemin.com\/wp-content\/uploads\/2019\/04\/marseille-saint-charles-gare-comment-venir-voyage-escapade-500x280.jpg 500w, https:\/\/arpenterlechemin.com\/wp-content\/uploads\/2019\/04\/marseille-saint-charles-gare-comment-venir-voyage-escapade-690x388.jpg 690w, https:\/\/arpenterlechemin.com\/wp-content\/uploads\/2019\/04\/marseille-saint-charles-gare-comment-venir-voyage-escapade-768x432.jpg 768w, https:\/\/arpenterlechemin.com\/wp-content\/uploads\/2019\/04\/marseille-saint-charles-gare-comment-venir-voyage-escapade-1040x585.jpg 1040w\" sizes=\"(max-width: 3904px) 100vw, 3904px\" \/><\/p>\n<p style=\"text-align: center;\"><em>Le grand escalier de la gare Marseille Saint-Charles<\/em><\/p>\n<p>Je d\u00e9barque \u00e0 la gare de Marseille Saint-Charles \u00e0 9 h du matin ; la m\u00e9t\u00e9o est pleine de promesses pour la journ\u00e9e et ne d\u00e9m\u00e9ritera pas. La gare est \u00e0 15-20 minutes environ du Vieux-Port mais le trajet est on ne peut plus simple : une fois les grands escaliers descendus, je prends tout droit sur le boulevard d&rsquo;Ath\u00e8nes, avant de tourner \u00e0 droite sur la mythique <strong>Canebi\u00e8re<\/strong>, un grand boulevard bord\u00e9 d&rsquo;arbres et de magasins. En chemin, je m&rsquo;arr\u00eate prendre un caf\u00e9 \u00e0 la boutique <strong>Torr\u00e9faction Noailles<\/strong>, dans un d\u00e9licieux d\u00e9cor tr\u00e8s Belle \u00c9poque. Un peu plus loin, l&rsquo;office de tourisme tient des plans de ville \u00e0 la disposition des visiteurs, et je vous conseille d&rsquo;en prendre un si vous le pouvez.<\/p>\n<h3><span style=\"color: #000080;\">Le Vieux-Port<\/span><\/h3>\n<p>Et puis les choses s\u00e9rieuses commencent. <strong>La premi\u00e8re claque du jour, c&rsquo;est devant le Vieux-Port<\/strong>. Port de plaisance, place de march\u00e9, lieu de rassemblement, c&rsquo;est l&rsquo;une des marinas les plus impressionnantes qu&rsquo;il m&rsquo;ait \u00e9t\u00e9 donn\u00e9e de voir. Bord\u00e9 par des fa\u00e7ades dor\u00e9es d&rsquo;un c\u00f4t\u00e9, de la colline couronn\u00e9e de la Bonne-M\u00e8re de l&rsquo;autre, le Vieux-Port est une sorte de <strong>quintessence du Midi<\/strong>, o\u00f9 l&rsquo;\u00e2me de Marius, C\u00e9sar et Fanny flotte encore un peu. En ce samedi matin, les p\u00eacheurs sont de sortis, avec leurs poissons, leurs fruits de mer, et au fond de moi, je ris en les imaginant vendre des sardines si grosses qu&rsquo;elles en boucheraient le port de Marseille. Les clich\u00e9s ont la vie dure ! Des bateaux entrent et sortent paresseusement de la rade et sur la gauche, les touristes font d\u00e9j\u00e0 la queue pour embarquer sur le ferry vers les <strong>\u00eeles du Frioul<\/strong>, qu&rsquo;on dit si jolies. Je ne les verrai pas cette fois : j&rsquo;ai peu de temps devant moi, je pr\u00e9f\u00e8re rester sur la terre ferme.<\/p>\n<p><img decoding=\"async\" loading=\"lazy\" class=\"aligncenter wp-image-7598 size-full\" src=\"https:\/\/arpenterlechemin.com\/wp-content\/uploads\/2019\/05\/P1220248-2.jpg\" alt=\"\" width=\"3232\" height=\"1817\" srcset=\"https:\/\/arpenterlechemin.com\/wp-content\/uploads\/2019\/05\/P1220248-2.jpg 3232w, https:\/\/arpenterlechemin.com\/wp-content\/uploads\/2019\/05\/P1220248-2-500x280.jpg 500w, https:\/\/arpenterlechemin.com\/wp-content\/uploads\/2019\/05\/P1220248-2-690x388.jpg 690w, https:\/\/arpenterlechemin.com\/wp-content\/uploads\/2019\/05\/P1220248-2-768x432.jpg 768w, https:\/\/arpenterlechemin.com\/wp-content\/uploads\/2019\/05\/P1220248-2-1040x585.jpg 1040w\" sizes=\"(max-width: 3232px) 100vw, 3232px\" \/><\/p>\n<p><img decoding=\"async\" loading=\"lazy\" class=\"aligncenter wp-image-7580 size-full\" src=\"https:\/\/arpenterlechemin.com\/wp-content\/uploads\/2019\/04\/marseille-vieu-port-que-voir-escapade-une-journee-blog-voyage-arpenter-le-chemin.jpg\" alt=\"marseille vieux-port que voir escapade une journee blog voyage arpenter le chemin\" width=\"4157\" height=\"2338\" srcset=\"https:\/\/arpenterlechemin.com\/wp-content\/uploads\/2019\/04\/marseille-vieu-port-que-voir-escapade-une-journee-blog-voyage-arpenter-le-chemin.jpg 4157w, https:\/\/arpenterlechemin.com\/wp-content\/uploads\/2019\/04\/marseille-vieu-port-que-voir-escapade-une-journee-blog-voyage-arpenter-le-chemin-500x280.jpg 500w, https:\/\/arpenterlechemin.com\/wp-content\/uploads\/2019\/04\/marseille-vieu-port-que-voir-escapade-une-journee-blog-voyage-arpenter-le-chemin-690x388.jpg 690w, https:\/\/arpenterlechemin.com\/wp-content\/uploads\/2019\/04\/marseille-vieu-port-que-voir-escapade-une-journee-blog-voyage-arpenter-le-chemin-768x432.jpg 768w, https:\/\/arpenterlechemin.com\/wp-content\/uploads\/2019\/04\/marseille-vieu-port-que-voir-escapade-une-journee-blog-voyage-arpenter-le-chemin-1040x585.jpg 1040w\" sizes=\"(max-width: 4157px) 100vw, 4157px\" \/><\/p>\n<p><img decoding=\"async\" loading=\"lazy\" class=\"aligncenter wp-image-7592 size-full\" src=\"https:\/\/arpenterlechemin.com\/wp-content\/uploads\/2019\/04\/marseille-vieux-port-visiter-provence-blog-voyage-france-arpenter-le-chemin-1.jpg\" alt=\"marseille vieux-port visiter provence blog voyage france arpenter le chemin (1)\" width=\"1920\" height=\"1080\" srcset=\"https:\/\/arpenterlechemin.com\/wp-content\/uploads\/2019\/04\/marseille-vieux-port-visiter-provence-blog-voyage-france-arpenter-le-chemin-1.jpg 1920w, https:\/\/arpenterlechemin.com\/wp-content\/uploads\/2019\/04\/marseille-vieux-port-visiter-provence-blog-voyage-france-arpenter-le-chemin-1-500x280.jpg 500w, https:\/\/arpenterlechemin.com\/wp-content\/uploads\/2019\/04\/marseille-vieux-port-visiter-provence-blog-voyage-france-arpenter-le-chemin-1-690x388.jpg 690w, https:\/\/arpenterlechemin.com\/wp-content\/uploads\/2019\/04\/marseille-vieux-port-visiter-provence-blog-voyage-france-arpenter-le-chemin-1-768x432.jpg 768w, https:\/\/arpenterlechemin.com\/wp-content\/uploads\/2019\/04\/marseille-vieux-port-visiter-provence-blog-voyage-france-arpenter-le-chemin-1-1040x585.jpg 1040w\" sizes=\"(max-width: 1920px) 100vw, 1920px\" \/><\/p>\n<p>Le Vieux-Port a longtemps \u00e9t\u00e9 le <strong>c\u0153ur de Marseille<\/strong>, quartier populaire o\u00f9 bat toujours le pouls de la ville. Bien avant de passer \u00e0 la post\u00e9rit\u00e9 \u00e0 travers la cam\u00e9ra de Pagnol et de sa Trilogie marseillaise, le port est peupl\u00e9 par les Phoc\u00e9ens qui s&rsquo;install\u00e8rent dans cette immense calanque aux alentours de 600 avant notre \u00e8re. Nomm\u00e9 Lacydon, il profite de son emplacement naturel exceptionnel, prot\u00e9g\u00e9 de toutes parts, et devient vite prosp\u00e8re. Rebaptis\u00e9 Massilia, il est l&rsquo;un des fleurons de l&#8217;empire romain, mais finit par perdre de son panache pendant les invasions gothiques, comme une bonne partie de la r\u00e9gion. Aujourd&rsquo;hui, <strong>le Vieux-Port est un incontournable \u00e0 Marseille<\/strong> autant par son emplacement central que par l&rsquo;\u00e9nergie qui se d\u00e9gage de ce cadre envo\u00fbtant.<\/p>\n<p>Je continue ma visite en fl\u00e2nant simplement le long du quai, nez au vent. Les p\u00eacheurs du bout de la rade laissent la place \u00e0 des \u00e9tals de fleurs, un petit march\u00e9 touristique. Je m&rsquo;assieds quelques minutes pour \u00e9couter un accord\u00e9oniste jouer avec brio des airs emplis de nostalgie. Le temps est heureusement trop radieux pour se laisser \u00e0 regretter une \u00e9poque r\u00e9volue : <strong>Marseille est tourn\u00e9e vers l&rsquo;avenir<\/strong> et offre, toutes fa\u00e7ades raval\u00e9es, le visage d&rsquo;une m\u00e9tropole accueillante.<\/p>\n<p><img decoding=\"async\" loading=\"lazy\" class=\"aligncenter wp-image-7587 size-full\" src=\"https:\/\/arpenterlechemin.com\/wp-content\/uploads\/2019\/04\/Marseille-rue-de-la-republique-visiter-vieux-port.jpg\" alt=\"Marseille rue de la republique visiter vieux-port\" width=\"3113\" height=\"2081\" srcset=\"https:\/\/arpenterlechemin.com\/wp-content\/uploads\/2019\/04\/Marseille-rue-de-la-republique-visiter-vieux-port.jpg 3113w, https:\/\/arpenterlechemin.com\/wp-content\/uploads\/2019\/04\/Marseille-rue-de-la-republique-visiter-vieux-port-598x400.jpg 598w, https:\/\/arpenterlechemin.com\/wp-content\/uploads\/2019\/04\/Marseille-rue-de-la-republique-visiter-vieux-port-768x513.jpg 768w, https:\/\/arpenterlechemin.com\/wp-content\/uploads\/2019\/04\/Marseille-rue-de-la-republique-visiter-vieux-port-875x585.jpg 875w\" sizes=\"(max-width: 3113px) 100vw, 3113px\" \/><\/p>\n<p><img decoding=\"async\" loading=\"lazy\" class=\"aligncenter wp-image-7581 size-full\" src=\"https:\/\/arpenterlechemin.com\/wp-content\/uploads\/2019\/04\/marseille-vieux-port-visiter-une-journee-escapade-train-camargue-blog-voyage-arpenter-le-chemin.jpg\" alt=\"marseille vieux port visiter une journee escapade train camargue blog voyage arpenter le chemin\" width=\"3231\" height=\"1818\" srcset=\"https:\/\/arpenterlechemin.com\/wp-content\/uploads\/2019\/04\/marseille-vieux-port-visiter-une-journee-escapade-train-camargue-blog-voyage-arpenter-le-chemin.jpg 3231w, https:\/\/arpenterlechemin.com\/wp-content\/uploads\/2019\/04\/marseille-vieux-port-visiter-une-journee-escapade-train-camargue-blog-voyage-arpenter-le-chemin-500x280.jpg 500w, https:\/\/arpenterlechemin.com\/wp-content\/uploads\/2019\/04\/marseille-vieux-port-visiter-une-journee-escapade-train-camargue-blog-voyage-arpenter-le-chemin-690x388.jpg 690w, https:\/\/arpenterlechemin.com\/wp-content\/uploads\/2019\/04\/marseille-vieux-port-visiter-une-journee-escapade-train-camargue-blog-voyage-arpenter-le-chemin-768x432.jpg 768w, https:\/\/arpenterlechemin.com\/wp-content\/uploads\/2019\/04\/marseille-vieux-port-visiter-une-journee-escapade-train-camargue-blog-voyage-arpenter-le-chemin-1040x585.jpg 1040w\" sizes=\"(max-width: 3231px) 100vw, 3231px\" \/><\/p>\n<p><img decoding=\"async\" loading=\"lazy\" class=\"aligncenter wp-image-7584 size-full\" src=\"https:\/\/arpenterlechemin.com\/wp-content\/uploads\/2019\/04\/marseille-visiter-vieux-port-que-voir-escapade-sans-voiture-blog-voyage-arpenter-le-chemin.jpg\" alt=\"marseille visiter vieux-port que voir escapade sans voiture blog voyage arpenter le chemin\" width=\"4157\" height=\"2338\" srcset=\"https:\/\/arpenterlechemin.com\/wp-content\/uploads\/2019\/04\/marseille-visiter-vieux-port-que-voir-escapade-sans-voiture-blog-voyage-arpenter-le-chemin.jpg 4157w, https:\/\/arpenterlechemin.com\/wp-content\/uploads\/2019\/04\/marseille-visiter-vieux-port-que-voir-escapade-sans-voiture-blog-voyage-arpenter-le-chemin-500x280.jpg 500w, https:\/\/arpenterlechemin.com\/wp-content\/uploads\/2019\/04\/marseille-visiter-vieux-port-que-voir-escapade-sans-voiture-blog-voyage-arpenter-le-chemin-690x388.jpg 690w, https:\/\/arpenterlechemin.com\/wp-content\/uploads\/2019\/04\/marseille-visiter-vieux-port-que-voir-escapade-sans-voiture-blog-voyage-arpenter-le-chemin-768x432.jpg 768w, https:\/\/arpenterlechemin.com\/wp-content\/uploads\/2019\/04\/marseille-visiter-vieux-port-que-voir-escapade-sans-voiture-blog-voyage-arpenter-le-chemin-1040x585.jpg 1040w\" sizes=\"(max-width: 4157px) 100vw, 4157px\" \/><\/p>\n<h4><span style=\"color: #333399;\">Astuce : le ferry-boat<\/span><\/h4>\n<p>Pour ne pas trop marcher, <strong>il est possible de traverser le Vieux-Port<\/strong> en <a href=\"http:\/\/www.rtm.fr\/ferry-boat\">ferry-boat<\/a> historique : il vous en co\u00fbtera 50 centimes par personne. Il se prend devant la Place aux Huiles d&rsquo;un c\u00f4t\u00e9, et la Mairie de l&rsquo;autre. Toutes les 10 minutes de 7 h 30 \u00e0 20 h 30 sauf le 1er mai. Ce serait la plus courte liaison maritime au monde !<\/p>\n<h3><span style=\"color: #000080;\">Le fort Saint-Jean<\/span><\/h3>\n<p>Tout au bout du Quai du Port (rive ouest), on entrevoit une silhouette massive et intrigante. C&rsquo;est le <strong>Fort Saint-Jean<\/strong>, ancienne commanderie hospitali\u00e8re et d\u00e9sormais, l&rsquo;une des portes d&rsquo;acc\u00e8s au mus\u00e9e du <strong>MuCEM<\/strong>. Si les commanderies vous int\u00e9ressent, j&rsquo;en \u00e9voque <a href=\"https:\/\/arpenterlechemin.com\/index.php\/2018\/05\/30\/villages-historiques-aveyron\/\">dans ce billet sur les villages de l&rsquo;Aveyron<\/a>.<\/p>\n<p>Je savais que je voulais voir l&rsquo;esplanade du MuCEM, qu&rsquo;Annabelle disait si agr\u00e9able, mais je n&rsquo;avais pas compris que <strong>tout un fort, \u00e0 l&rsquo;acc\u00e8s totalement gratuit<\/strong>, y \u00e9tait rattach\u00e9 ! Vous pouvez imaginer ma surprise en d\u00e9couvrant que la totalit\u00e9 d&rsquo;une fortification de Vauban \u00e9tait accessible \u00e0 tous, avec des vues incroyables sur le Vieux-Port et la Bonne-M\u00e8re d&rsquo;un c\u00f4t\u00e9, le MuCEM et la Major de l&rsquo;autre. L&rsquo;\u00e9merveillement commence d&rsquo;ailleurs d\u00e8s l&rsquo;<strong>esplanade de la Tourette<\/strong> devant l&rsquo;\u00e9glise Saint-Jean, o\u00f9 un belv\u00e9d\u00e8re offre des vues ph\u00e9nom\u00e9nales avant de franchir la passerelle.<\/p>\n<p><img decoding=\"async\" loading=\"lazy\" class=\"aligncenter wp-image-7573 size-full\" src=\"https:\/\/arpenterlechemin.com\/wp-content\/uploads\/2019\/04\/marseille-entree-mucem-fort-saint-jean-que-voir.jpg\" alt=\"marseille entree mucem fort saint-jean que voir\" width=\"3155\" height=\"1775\" srcset=\"https:\/\/arpenterlechemin.com\/wp-content\/uploads\/2019\/04\/marseille-entree-mucem-fort-saint-jean-que-voir.jpg 3155w, https:\/\/arpenterlechemin.com\/wp-content\/uploads\/2019\/04\/marseille-entree-mucem-fort-saint-jean-que-voir-500x280.jpg 500w, https:\/\/arpenterlechemin.com\/wp-content\/uploads\/2019\/04\/marseille-entree-mucem-fort-saint-jean-que-voir-690x388.jpg 690w, https:\/\/arpenterlechemin.com\/wp-content\/uploads\/2019\/04\/marseille-entree-mucem-fort-saint-jean-que-voir-768x432.jpg 768w, https:\/\/arpenterlechemin.com\/wp-content\/uploads\/2019\/04\/marseille-entree-mucem-fort-saint-jean-que-voir-1040x585.jpg 1040w\" sizes=\"(max-width: 3155px) 100vw, 3155px\" \/><\/p>\n<p><img decoding=\"async\" loading=\"lazy\" class=\"aligncenter wp-image-7574 size-full\" src=\"https:\/\/arpenterlechemin.com\/wp-content\/uploads\/2019\/04\/marseille-fort-saint-jean-que-voir.jpg\" alt=\"marseille fort saint-jean que voir\" width=\"3231\" height=\"1817\" srcset=\"https:\/\/arpenterlechemin.com\/wp-content\/uploads\/2019\/04\/marseille-fort-saint-jean-que-voir.jpg 3231w, https:\/\/arpenterlechemin.com\/wp-content\/uploads\/2019\/04\/marseille-fort-saint-jean-que-voir-500x280.jpg 500w, https:\/\/arpenterlechemin.com\/wp-content\/uploads\/2019\/04\/marseille-fort-saint-jean-que-voir-690x388.jpg 690w, https:\/\/arpenterlechemin.com\/wp-content\/uploads\/2019\/04\/marseille-fort-saint-jean-que-voir-768x432.jpg 768w, https:\/\/arpenterlechemin.com\/wp-content\/uploads\/2019\/04\/marseille-fort-saint-jean-que-voir-1040x585.jpg 1040w\" sizes=\"(max-width: 3231px) 100vw, 3231px\" \/><\/p>\n<p>Le site du Fort Saint-Jean a des si\u00e8cles d&rsquo;histoire, c&rsquo;est le moins qu&rsquo;on puisse dire : une commanderie des Hospitaliers est attest\u00e9e d\u00e8s 1178, avant de devenir <strong>un syst\u00e8me de d\u00e9fense<\/strong> apr\u00e8s la mise \u00e0 sac de Marseille en 1423. La tour du roi Ren\u00e9 est \u00e9difi\u00e9e au XVe si\u00e8cle : c&rsquo;est la tour carr\u00e9e qu&rsquo;on voit sur la photo ci-dessus, et au sommet de laquelle on peut acc\u00e9der (c&rsquo;est m\u00eame fortement recommand\u00e9 !). Sous Louis XIV, les fortifications sont encore renforc\u00e9es pour rappeler la supr\u00e9matie du roi de France sur la ville, et Vauban vient m\u00eame y mettre son grain de sel en 1679. Aujourd&rsquo;hui, le fort a \u00e9videmment perdu son int\u00e9r\u00eat strat\u00e9gique mais il est devenu un monument class\u00e9 et accessible \u00e0 tous, et \u00e0 mon humble avis, <strong>l&rsquo;un des sites les plus int\u00e9ressants de la ville<\/strong>.<\/p>\n<p>C&rsquo;est que ses recoins cachent de belles surprises \u00e0 la pelle : des plantes comestibles par ci, un chemin de ronde panoramique par l\u00e0. Des <strong>chaises longues o\u00f9 s&rsquo;alanguir sous le soleil du sud<\/strong>, un march\u00e9 aux plantes, un restaurant \u00e9videmment. L\u00e9g\u00e8rement \u00e9loign\u00e9s du centre-ville, on n&rsquo;entend presque plus que le bruit du vent une fois derri\u00e8re les remparts, les yeux plong\u00e9s dans le bleu de la M\u00e9diterran\u00e9e ou du ciel si proche.<\/p>\n<p><img decoding=\"async\" loading=\"lazy\" class=\"aligncenter wp-image-7577 size-full\" src=\"https:\/\/arpenterlechemin.com\/wp-content\/uploads\/2019\/04\/marseille-passerelle-fort-saint-jean-que-voir-ou-aller-escapade.jpg\" alt=\"marseille passerelle fort saint-jean que voir ou aller escapade\" width=\"3231\" height=\"1818\" srcset=\"https:\/\/arpenterlechemin.com\/wp-content\/uploads\/2019\/04\/marseille-passerelle-fort-saint-jean-que-voir-ou-aller-escapade.jpg 3231w, https:\/\/arpenterlechemin.com\/wp-content\/uploads\/2019\/04\/marseille-passerelle-fort-saint-jean-que-voir-ou-aller-escapade-500x280.jpg 500w, https:\/\/arpenterlechemin.com\/wp-content\/uploads\/2019\/04\/marseille-passerelle-fort-saint-jean-que-voir-ou-aller-escapade-690x388.jpg 690w, https:\/\/arpenterlechemin.com\/wp-content\/uploads\/2019\/04\/marseille-passerelle-fort-saint-jean-que-voir-ou-aller-escapade-768x432.jpg 768w, https:\/\/arpenterlechemin.com\/wp-content\/uploads\/2019\/04\/marseille-passerelle-fort-saint-jean-que-voir-ou-aller-escapade-1040x585.jpg 1040w\" sizes=\"(max-width: 3231px) 100vw, 3231px\" \/><\/p>\n<p><img decoding=\"async\" loading=\"lazy\" class=\"aligncenter wp-image-7591 size-full\" src=\"https:\/\/arpenterlechemin.com\/wp-content\/uploads\/2019\/04\/marseille-fort-saint-jean-mucem-visiter-provence-blog-voyage-france-arpenter-le-chemin.jpg\" alt=\"marseille fort saint-jean mucem visiter provence blog voyage france arpenter le chemin\" width=\"1920\" height=\"1080\" srcset=\"https:\/\/arpenterlechemin.com\/wp-content\/uploads\/2019\/04\/marseille-fort-saint-jean-mucem-visiter-provence-blog-voyage-france-arpenter-le-chemin.jpg 1920w, https:\/\/arpenterlechemin.com\/wp-content\/uploads\/2019\/04\/marseille-fort-saint-jean-mucem-visiter-provence-blog-voyage-france-arpenter-le-chemin-500x280.jpg 500w, https:\/\/arpenterlechemin.com\/wp-content\/uploads\/2019\/04\/marseille-fort-saint-jean-mucem-visiter-provence-blog-voyage-france-arpenter-le-chemin-690x388.jpg 690w, https:\/\/arpenterlechemin.com\/wp-content\/uploads\/2019\/04\/marseille-fort-saint-jean-mucem-visiter-provence-blog-voyage-france-arpenter-le-chemin-768x432.jpg 768w, https:\/\/arpenterlechemin.com\/wp-content\/uploads\/2019\/04\/marseille-fort-saint-jean-mucem-visiter-provence-blog-voyage-france-arpenter-le-chemin-1040x585.jpg 1040w\" sizes=\"(max-width: 1920px) 100vw, 1920px\" \/><\/p>\n<p>Le <strong>Fort Saint-Jean est presque une \u00eele<\/strong>, rattach\u00e9 \u00e0 la terre par deux passerelles \u00e9tonnantes. Si on peut \u00e9videmment y entrer par la terre ferme, depuis le c\u00f4t\u00e9 mer du quai du port ou l&rsquo;esplanade J4, je vous conseille d&#8217;emprunter les passerelles. De 115 et 70 m\u00e8tres de long, <strong>elles font un sas \u00e9blouissant<\/strong> qui nous font passer de l&rsquo;ambiance du Vieux-Port \u00e0 l&rsquo;Histoire du Fort Saint-Jean, puis \u00e0 l&rsquo;architecture contemporaine du mus\u00e9e du Mucem (Mus\u00e9e des civilisations de l&rsquo;Europe et de la M\u00e9diterran\u00e9e), le tout avec \u00e9videmment des vues plongeantes sur l&rsquo;eau et des perspectives o\u00f9 le regard peut se porter jusqu&rsquo;\u00e0 l&rsquo;horizon.<\/p>\n<p><img decoding=\"async\" loading=\"lazy\" class=\"aligncenter wp-image-7586 size-full\" src=\"https:\/\/arpenterlechemin.com\/wp-content\/uploads\/2019\/04\/Marseille-mucem-fort-saint-jean-vister-que-voir-ou-manger-promenade-itineraire-escapade-blog-voyage-arpenter-le-chemin.jpg\" alt=\"Marseille mucem fort saint-jean vister que voir ou manger promenade itineraire escapade blog voyage arpenter le chemin\" width=\"3231\" height=\"1817\" srcset=\"https:\/\/arpenterlechemin.com\/wp-content\/uploads\/2019\/04\/Marseille-mucem-fort-saint-jean-vister-que-voir-ou-manger-promenade-itineraire-escapade-blog-voyage-arpenter-le-chemin.jpg 3231w, https:\/\/arpenterlechemin.com\/wp-content\/uploads\/2019\/04\/Marseille-mucem-fort-saint-jean-vister-que-voir-ou-manger-promenade-itineraire-escapade-blog-voyage-arpenter-le-chemin-500x280.jpg 500w, https:\/\/arpenterlechemin.com\/wp-content\/uploads\/2019\/04\/Marseille-mucem-fort-saint-jean-vister-que-voir-ou-manger-promenade-itineraire-escapade-blog-voyage-arpenter-le-chemin-690x388.jpg 690w, https:\/\/arpenterlechemin.com\/wp-content\/uploads\/2019\/04\/Marseille-mucem-fort-saint-jean-vister-que-voir-ou-manger-promenade-itineraire-escapade-blog-voyage-arpenter-le-chemin-768x432.jpg 768w, https:\/\/arpenterlechemin.com\/wp-content\/uploads\/2019\/04\/Marseille-mucem-fort-saint-jean-vister-que-voir-ou-manger-promenade-itineraire-escapade-blog-voyage-arpenter-le-chemin-1040x585.jpg 1040w\" sizes=\"(max-width: 3231px) 100vw, 3231px\" \/><\/p>\n<h4><span style=\"color: #333399;\">Infos pratiques pour le Fort Saint-Jean<\/span><\/h4>\n<ul>\n<li>ouvert de 11 h \u00e0 18 h, voire jusqu&rsquo;\u00e0 22 h en juillet-ao\u00fbt<\/li>\n<li>acc\u00e8s gratuit aux jardins et \u00e0 la tour. Acc\u00e8s aux expositions avec un billet d&rsquo;entr\u00e9e au MuCEM.<\/li>\n<li>Depuis le quai du port, prendre l&rsquo;escalier \u00e0 la hauteur de la tour, puis la passerelle. Depuis le MuCEM, rentrer dans le mus\u00e9e, prendre les escalier \u00e0 droite, puis la passerelle. <a href=\"http:\/\/monumentsdemarseille.com\/fort-saint-jean\">Plus d&rsquo;infos ici<\/a>.<\/li>\n<\/ul>\n<h3><span style=\"color: #000080;\">Le Mucem<\/span><\/h3>\n<p>Techniquement, le MuCEM englobe le fort Saint-Jean, aux c\u00f4t\u00e9s du Centre de conservation et de ressource et du J4. Le J4, c&rsquo;est un \u00ab\u00a0b\u00e2timent de pierre, d&rsquo;eau et de vent\u00a0\u00bb imagin\u00e9 par l&rsquo;architecte Rudy Riccioti, une fa\u00e7ade en filigrane avec sa r\u00e9sille en b\u00e9ton, <strong>doux oxymore architectural qui \u00e9voque des moucharabi\u00e9s futuristes<\/strong>.<\/p>\n<p>Inaugur\u00e9 en 2013 alors que Marseille \u00e9tait capitale europ\u00e9enne de la culture, le MuCEM a pourtant h\u00e9rit\u00e9 de collections mises sur pied de longue date, notamment une partie du Mus\u00e9e de l&rsquo;Homme et la totalit\u00e9 du Mus\u00e9e national des arts et traditions populaires, d\u00e9sormais expos\u00e9es sur 14 000 m\u00b2. Le MuCEM rencontre son public, et plus de 8,5 millions de visiteurs s&rsquo;y sont rendus depuis son inauguration. Pour ma part, je pr\u00e9f\u00e8re la beaut\u00e9 du soleil et de la chaleur \u00e0 toutes les merveilles \u00e0 l&rsquo;int\u00e9rieur du J4, et je ne suis donc pas entr\u00e9e voir ces collections qu&rsquo;on dit fort belles. J&rsquo;appr\u00e9cie de l&rsquo;ext\u00e9rieur l&rsquo;ambition de ce b\u00e2timent qui a sans aucun doute contribu\u00e9 au renouveau de Marseille, propuls\u00e9e <strong>destination culturelle avec ce mus\u00e9e d&rsquo;envergure internationale<\/strong>. L&rsquo;esplanade offre des bancs et d&rsquo;ici quelques ann\u00e9es, les arbres offriront une belle ombre d&rsquo;o\u00f9 admirer autant l&rsquo;architecture contemporaine du J4 que la M\u00e9diterran\u00e9e qui s&rsquo;ouvre au regard.<\/p>\n<p><img decoding=\"async\" loading=\"lazy\" class=\"alignnone wp-image-7601 size-full\" src=\"https:\/\/arpenterlechemin.com\/wp-content\/uploads\/2019\/05\/P1220285-2.jpg\" alt=\"\" width=\"3231\" height=\"1818\" srcset=\"https:\/\/arpenterlechemin.com\/wp-content\/uploads\/2019\/05\/P1220285-2.jpg 3231w, https:\/\/arpenterlechemin.com\/wp-content\/uploads\/2019\/05\/P1220285-2-500x280.jpg 500w, https:\/\/arpenterlechemin.com\/wp-content\/uploads\/2019\/05\/P1220285-2-690x388.jpg 690w, https:\/\/arpenterlechemin.com\/wp-content\/uploads\/2019\/05\/P1220285-2-768x432.jpg 768w, https:\/\/arpenterlechemin.com\/wp-content\/uploads\/2019\/05\/P1220285-2-1040x585.jpg 1040w\" sizes=\"(max-width: 3231px) 100vw, 3231px\" \/><\/p>\n<p><img decoding=\"async\" loading=\"lazy\" class=\"aligncenter wp-image-7575 size-full\" src=\"https:\/\/arpenterlechemin.com\/wp-content\/uploads\/2019\/04\/marseille-mucem-vieux-port-que-voir-blog-voyage-arpenter-le-chemin.jpg\" alt=\"marseille mucem vieux-port que voir blog voyage arpenter le chemin\" width=\"4156\" height=\"2337\" srcset=\"https:\/\/arpenterlechemin.com\/wp-content\/uploads\/2019\/04\/marseille-mucem-vieux-port-que-voir-blog-voyage-arpenter-le-chemin.jpg 4156w, https:\/\/arpenterlechemin.com\/wp-content\/uploads\/2019\/04\/marseille-mucem-vieux-port-que-voir-blog-voyage-arpenter-le-chemin-500x280.jpg 500w, https:\/\/arpenterlechemin.com\/wp-content\/uploads\/2019\/04\/marseille-mucem-vieux-port-que-voir-blog-voyage-arpenter-le-chemin-690x388.jpg 690w, https:\/\/arpenterlechemin.com\/wp-content\/uploads\/2019\/04\/marseille-mucem-vieux-port-que-voir-blog-voyage-arpenter-le-chemin-768x432.jpg 768w, https:\/\/arpenterlechemin.com\/wp-content\/uploads\/2019\/04\/marseille-mucem-vieux-port-que-voir-blog-voyage-arpenter-le-chemin-1040x585.jpg 1040w\" sizes=\"(max-width: 4156px) 100vw, 4156px\" \/><\/p>\n<h4><span style=\"color: #333399;\">Infos pratiques pour le MuCEM<\/span><\/h4>\n<ul>\n<li>ouvert tous les jours sauf le mardi, le 1er mai et le 25 d\u00e9cembre<\/li>\n<li>de 11 h \u00e0 18 h, jusqu&rsquo;\u00e0 20 h en haute saison<\/li>\n<li>tarif : 9,5 \u20ac\/adulte, 5 \u20ac\/enfant et tarif r\u00e9duit. <a href=\"http:\/\/www.mucem.org\/votre-visite\/horaires-et-tarifs-j4-fort-saint-jean\">Plus d&rsquo;infos ici<\/a>.<\/li>\n<\/ul>\n<h3><span style=\"color: #000080;\">La cath\u00e9drale de la Major<\/span><\/h3>\n<p>Depuis l&rsquo;esplanade du MuCEM, on ne peut pas la manquer, avec ses rayures noires et blanches et son allure de g\u00e2teau napolitain : c&rsquo;est la cath\u00e9drale Sainte-Marie-Majeure, dite \u00ab\u00a0<strong>cath\u00e9drale de la Major<\/strong>\u00ab\u00a0. Si vous aimez vous m\u00e9nager un effet de surprise, vous pouvez aussi suivre l&rsquo;esplanade de la Tourette en direction du Nord pour une belle vue au tournant, avec la cath\u00e9drale au loin, flanqu\u00e9e du J4 et des navires de croisi\u00e8re. Attir\u00e9e par cette cath\u00e9drale insolite, je m&rsquo;approche et je d\u00e9couvre qu&rsquo;elle est bord\u00e9e de terrasses et qu&rsquo;il n&rsquo;y a pas foule pour y entrer : c&rsquo;est d\u00e9cid\u00e9, j&rsquo;entre la visiter.<\/p>\n<p><img decoding=\"async\" loading=\"lazy\" class=\"aligncenter wp-image-7572 size-full\" src=\"https:\/\/arpenterlechemin.com\/wp-content\/uploads\/2019\/04\/marseille-cathedrales-major-visiter-mucem.jpg\" alt=\"marseille cathedrales major visiter mucem\" width=\"3231\" height=\"1818\" srcset=\"https:\/\/arpenterlechemin.com\/wp-content\/uploads\/2019\/04\/marseille-cathedrales-major-visiter-mucem.jpg 3231w, https:\/\/arpenterlechemin.com\/wp-content\/uploads\/2019\/04\/marseille-cathedrales-major-visiter-mucem-500x280.jpg 500w, https:\/\/arpenterlechemin.com\/wp-content\/uploads\/2019\/04\/marseille-cathedrales-major-visiter-mucem-690x388.jpg 690w, https:\/\/arpenterlechemin.com\/wp-content\/uploads\/2019\/04\/marseille-cathedrales-major-visiter-mucem-768x432.jpg 768w, https:\/\/arpenterlechemin.com\/wp-content\/uploads\/2019\/04\/marseille-cathedrales-major-visiter-mucem-1040x585.jpg 1040w\" sizes=\"(max-width: 3231px) 100vw, 3231px\" \/><\/p>\n<p>Seule cath\u00e9drale construite au XIe si\u00e8cle en France, cet \u00e9difice est monumental et peut accueillir jusqu&rsquo;\u00e0 3 000 personnes &#8211; rien \u00e0 envier \u00e0 la basilique Saint-Pierre de Rome ! Son allure si particuli\u00e8re, elle le doit au <strong>style byzantin qui allie style romain et oriental<\/strong>, avec des arches byzantines en marbre de Carrare et onyx d&rsquo;Italie. Je dois dire que je n&rsquo;avais jamais vu une cath\u00e9drale aussi \u00e9tonnante, et m\u00eame si je pr\u00e9f\u00e8re le style gothique et ses arcs bris\u00e9s comme <a href=\"https:\/\/arpenterlechemin.com\/index.php\/2019\/04\/16\/notre-dame-paris\/\">Notre-Dame de Paris<\/a>, je trouve qu&rsquo;elle symbolise parfaitement Marseille, m\u00e9tiss\u00e9e et \u00e9tonnante, et pourtant parfaitement \u00e0 sa place.<\/p>\n<p><img decoding=\"async\" loading=\"lazy\" class=\"aligncenter wp-image-7604 size-full\" src=\"https:\/\/arpenterlechemin.com\/wp-content\/uploads\/2019\/05\/marseille-cathedrale-major-visiter-provence-blog-voyage-france-arpenter-le-chemin.jpg\" alt=\"marseille cathedrale major visiter provence blog voyage france arpenter le chemin\" width=\"1920\" height=\"1080\" srcset=\"https:\/\/arpenterlechemin.com\/wp-content\/uploads\/2019\/05\/marseille-cathedrale-major-visiter-provence-blog-voyage-france-arpenter-le-chemin.jpg 1920w, https:\/\/arpenterlechemin.com\/wp-content\/uploads\/2019\/05\/marseille-cathedrale-major-visiter-provence-blog-voyage-france-arpenter-le-chemin-500x280.jpg 500w, https:\/\/arpenterlechemin.com\/wp-content\/uploads\/2019\/05\/marseille-cathedrale-major-visiter-provence-blog-voyage-france-arpenter-le-chemin-690x388.jpg 690w, https:\/\/arpenterlechemin.com\/wp-content\/uploads\/2019\/05\/marseille-cathedrale-major-visiter-provence-blog-voyage-france-arpenter-le-chemin-768x432.jpg 768w, https:\/\/arpenterlechemin.com\/wp-content\/uploads\/2019\/05\/marseille-cathedrale-major-visiter-provence-blog-voyage-france-arpenter-le-chemin-1040x585.jpg 1040w\" sizes=\"(max-width: 1920px) 100vw, 1920px\" \/><\/p>\n<p><img decoding=\"async\" loading=\"lazy\" class=\"aligncenter wp-image-7585 size-full\" src=\"https:\/\/arpenterlechemin.com\/wp-content\/uploads\/2019\/04\/Marseille-cathedrales-major-visiter-mucem-blog-voyage-arpenter-le-chemin.jpg\" alt=\"Marseille cathedrales major visiter mucem blog voyage arpenter le chemin\" width=\"2762\" height=\"1554\" srcset=\"https:\/\/arpenterlechemin.com\/wp-content\/uploads\/2019\/04\/Marseille-cathedrales-major-visiter-mucem-blog-voyage-arpenter-le-chemin.jpg 2762w, https:\/\/arpenterlechemin.com\/wp-content\/uploads\/2019\/04\/Marseille-cathedrales-major-visiter-mucem-blog-voyage-arpenter-le-chemin-500x280.jpg 500w, https:\/\/arpenterlechemin.com\/wp-content\/uploads\/2019\/04\/Marseille-cathedrales-major-visiter-mucem-blog-voyage-arpenter-le-chemin-690x388.jpg 690w, https:\/\/arpenterlechemin.com\/wp-content\/uploads\/2019\/04\/Marseille-cathedrales-major-visiter-mucem-blog-voyage-arpenter-le-chemin-768x432.jpg 768w, https:\/\/arpenterlechemin.com\/wp-content\/uploads\/2019\/04\/Marseille-cathedrales-major-visiter-mucem-blog-voyage-arpenter-le-chemin-1040x585.jpg 1040w\" sizes=\"(max-width: 2762px) 100vw, 2762px\" \/><\/p>\n<p style=\"text-align: center;\"><em>La cath\u00e9drale de la Major depuis l&rsquo;esplanade de la Tourette<\/em><\/p>\n<h4><span style=\"color: #333399;\">Infos pratiques pour la cath\u00e9drale de la Major<\/span><\/h4>\n<ul>\n<li>entr\u00e9e libre. <a href=\"https:\/\/www.marseilletourisme.fr\/fr\/que-voir\/patrimoine-culture\/eglises\/cathedrale-major\/\">Plus d&rsquo;infos ici<\/a>.<\/li>\n<\/ul>\n<h3><span style=\"color: #000080;\">Le quartier du Panier<\/span><\/h3>\n<p>\u00c0 quelques pas du MuCEM et de la Major se trouve le quartier du Panier, et c&rsquo;est tout naturellement que je vais y tra\u00eener mes basques, affam\u00e9e et un peu fatigu\u00e9e apr\u00e8s avoir march\u00e9 toute la matin\u00e9e. J&rsquo;y vais un peu au hasard, et je tombe vite sur un petit restau charmant, Rita. Une fois requinqu\u00e9e, je me lance dans les ruelles \u00e9troites et fra\u00eeches pour d\u00e9couvrir le plus vieux quartier de Marseille.<\/p>\n<p>On dit du Panier qu&rsquo;il est le quartier le plus typique de la ville &#8211; \u00e0 d\u00e9faut de pouvoir confirmer ce superlatif, laissez-moi vous dire que le Panier est extr\u00eamement typique, et extr\u00eamement agr\u00e9able, bien qu&rsquo;un rien touristique. Et oui ! Pendant que les Fran\u00e7ais boudent la cit\u00e9 phoc\u00e9enne, les Italiens, eux semblent \u00eatre dans le secret et je croise de nombreux voyageurs transalpins, sans oublier des visiteurs cor\u00e9ens et chinois. C&rsquo;est que <strong>le Panier a un charme fou<\/strong>, et toute la langueur du Midi. Chaque tournant apporte son lot de surprises, de placettes ombrag\u00e9es couvertes de terrasses, de ruelles aux murs d\u00e9cor\u00e9es de street-art, de fa\u00e7ades m\u00e9ridionales au linge suspendu aux fen\u00eatres.<\/p>\n<p><img decoding=\"async\" loading=\"lazy\" class=\"aligncenter wp-image-7578 size-full\" src=\"https:\/\/arpenterlechemin.com\/wp-content\/uploads\/2019\/04\/marseille-quartier-panier-que-voir-ou-aller-ou-manger-bonnes-adresses.jpg\" alt=\"marseille quartier panier que voir ou aller ou manger bonnes adresses\" width=\"3231\" height=\"1817\" srcset=\"https:\/\/arpenterlechemin.com\/wp-content\/uploads\/2019\/04\/marseille-quartier-panier-que-voir-ou-aller-ou-manger-bonnes-adresses.jpg 3231w, https:\/\/arpenterlechemin.com\/wp-content\/uploads\/2019\/04\/marseille-quartier-panier-que-voir-ou-aller-ou-manger-bonnes-adresses-500x280.jpg 500w, https:\/\/arpenterlechemin.com\/wp-content\/uploads\/2019\/04\/marseille-quartier-panier-que-voir-ou-aller-ou-manger-bonnes-adresses-690x388.jpg 690w, https:\/\/arpenterlechemin.com\/wp-content\/uploads\/2019\/04\/marseille-quartier-panier-que-voir-ou-aller-ou-manger-bonnes-adresses-768x432.jpg 768w, https:\/\/arpenterlechemin.com\/wp-content\/uploads\/2019\/04\/marseille-quartier-panier-que-voir-ou-aller-ou-manger-bonnes-adresses-1040x585.jpg 1040w\" sizes=\"(max-width: 3231px) 100vw, 3231px\" \/><\/p>\n<p><img decoding=\"async\" loading=\"lazy\" class=\"aligncenter wp-image-7576 size-full\" src=\"https:\/\/arpenterlechemin.com\/wp-content\/uploads\/2019\/04\/marseille-panier-visiter-une-journee-escapade-blog-voyage-france.jpg\" alt=\"marseille panier visiter une journee escapade blog voyage france\" width=\"4157\" height=\"2338\" srcset=\"https:\/\/arpenterlechemin.com\/wp-content\/uploads\/2019\/04\/marseille-panier-visiter-une-journee-escapade-blog-voyage-france.jpg 4157w, https:\/\/arpenterlechemin.com\/wp-content\/uploads\/2019\/04\/marseille-panier-visiter-une-journee-escapade-blog-voyage-france-500x280.jpg 500w, https:\/\/arpenterlechemin.com\/wp-content\/uploads\/2019\/04\/marseille-panier-visiter-une-journee-escapade-blog-voyage-france-690x388.jpg 690w, https:\/\/arpenterlechemin.com\/wp-content\/uploads\/2019\/04\/marseille-panier-visiter-une-journee-escapade-blog-voyage-france-768x432.jpg 768w, https:\/\/arpenterlechemin.com\/wp-content\/uploads\/2019\/04\/marseille-panier-visiter-une-journee-escapade-blog-voyage-france-1040x585.jpg 1040w\" sizes=\"(max-width: 4157px) 100vw, 4157px\" \/><\/p>\n<p>Comme \u00e0 mon habitude, je suis munie d&rsquo;un plan de ville pour m&rsquo;orienter, mais je le d\u00e9laisse pour mieux me perdre dans les petits escaliers, demi-passages, ruelles pi\u00e9tonnes et autres surprises du quartier. Je n&rsquo;ai litt\u00e9ralement vu autant de places aussi agr\u00e9ables dans un si petit espace. Sur la <strong>Place des Treize Cantons<\/strong>, je tombe sur la Maison de la boule, qui vend du mat\u00e9riel de p\u00e9tanque. Sur la <strong>Place de Lenche<\/strong>, un glacier me fait de l\u2019\u0153il. Sur la <strong>Place des Pistoles<\/strong>, c&rsquo;est l&rsquo;apoth\u00e9ose : street-art et parasols, airs de guitare orientale et douceur de vivre. Je n&rsquo;ai jamais regard\u00e9 la c\u00e9l\u00e8bre s\u00e9rie t\u00e9l\u00e9 de France 3, mais comment ne pas se dire&#8230; plus belle la vie ? <em>[d\u00e9sol\u00e9e&#8230; il fallait que je le case !]<\/em><\/p>\n<p><img decoding=\"async\" loading=\"lazy\" class=\"aligncenter wp-image-7590 size-full\" src=\"https:\/\/arpenterlechemin.com\/wp-content\/uploads\/2019\/04\/marseille-panier-visiter-provence-blog-voyage-france-arpenter-le-chemin.jpg\" alt=\"marseille panier visiter provence blog voyage france arpenter le chemin\" width=\"1920\" height=\"1080\" srcset=\"https:\/\/arpenterlechemin.com\/wp-content\/uploads\/2019\/04\/marseille-panier-visiter-provence-blog-voyage-france-arpenter-le-chemin.jpg 1920w, https:\/\/arpenterlechemin.com\/wp-content\/uploads\/2019\/04\/marseille-panier-visiter-provence-blog-voyage-france-arpenter-le-chemin-500x280.jpg 500w, https:\/\/arpenterlechemin.com\/wp-content\/uploads\/2019\/04\/marseille-panier-visiter-provence-blog-voyage-france-arpenter-le-chemin-690x388.jpg 690w, https:\/\/arpenterlechemin.com\/wp-content\/uploads\/2019\/04\/marseille-panier-visiter-provence-blog-voyage-france-arpenter-le-chemin-768x432.jpg 768w, https:\/\/arpenterlechemin.com\/wp-content\/uploads\/2019\/04\/marseille-panier-visiter-provence-blog-voyage-france-arpenter-le-chemin-1040x585.jpg 1040w\" sizes=\"(max-width: 1920px) 100vw, 1920px\" \/><\/p>\n<p><img decoding=\"async\" loading=\"lazy\" class=\"aligncenter wp-image-7583 size-full\" src=\"https:\/\/arpenterlechemin.com\/wp-content\/uploads\/2019\/04\/marseille-vieux-port-visiter-blog-voyage-provence-arpenter-le-chemin.jpg\" alt=\"marseille vieux-port visiter blog voyage provence arpenter le chemin\" width=\"4117\" height=\"2316\" srcset=\"https:\/\/arpenterlechemin.com\/wp-content\/uploads\/2019\/04\/marseille-vieux-port-visiter-blog-voyage-provence-arpenter-le-chemin.jpg 4117w, https:\/\/arpenterlechemin.com\/wp-content\/uploads\/2019\/04\/marseille-vieux-port-visiter-blog-voyage-provence-arpenter-le-chemin-500x280.jpg 500w, https:\/\/arpenterlechemin.com\/wp-content\/uploads\/2019\/04\/marseille-vieux-port-visiter-blog-voyage-provence-arpenter-le-chemin-690x388.jpg 690w, https:\/\/arpenterlechemin.com\/wp-content\/uploads\/2019\/04\/marseille-vieux-port-visiter-blog-voyage-provence-arpenter-le-chemin-768x432.jpg 768w, https:\/\/arpenterlechemin.com\/wp-content\/uploads\/2019\/04\/marseille-vieux-port-visiter-blog-voyage-provence-arpenter-le-chemin-1040x585.jpg 1040w\" sizes=\"(max-width: 4117px) 100vw, 4117px\" \/><\/p>\n<p>L&rsquo;apr\u00e8s-midi touche \u00e0 sa fin. J&rsquo;ai march\u00e9 des heures aujourd&rsquo;hui, allant au hasard de merveilles en merveilles. Je n&rsquo;en reviens pas d&rsquo;avoir eu autant de pr\u00e9jug\u00e9s sur Marseille, et je suis heureuse d&rsquo;avoir pu les dissiper, m\u00eame s&rsquo;il me reste encore \u00e9norm\u00e9ment \u00e0 d\u00e9couvrir : je n&rsquo;ai eu le temps de d\u00e9couvrir que la rive occidentale du Vieux-Port, je n&rsquo;ai pas pu d\u00e9couvrir ce qui se cache du c\u00f4t\u00e9 oriental, le <strong>palais du Pharo<\/strong>, <strong>Notre-Dame de la Garde<\/strong>. Si vous pr\u00e9voyez d&rsquo;en faire une escapade, je vous conseille de rester au moins deux jours, voire trois ou quatre si vous avez l&rsquo;intention de d\u00e9couvrir les <strong>calanques<\/strong>, le <strong>ch\u00e2teau d&rsquo;If<\/strong> et les <strong>\u00eeles du Frioul<\/strong>.<\/p>\n<h3><span style=\"color: #000080;\">Infos pratiques<\/span><\/h3>\n<ul>\n<li><span style=\"color: #000080;\">le point s\u00e9curit\u00e9<\/span> : faites attention \u00e0 vos affaires comme dans n&rsquo;importe quel lieu touristique, c&rsquo;est tout. On pr\u00e9tend Marseille mal fam\u00e9e, et ce ne sont pas les m\u00e9dias qui me contrediront. Mais soyons s\u00e9rieux : l&rsquo;ins\u00e9curit\u00e9 se cantonne aux tristement c\u00e9l\u00e8bres quartiers nord. Toutes les grandes villes ont malheureusement des quartiers moins s\u00fbrs que d&rsquo;autres, mais ce ne sont pas ceux que vous allez \u00eatre amen\u00e9s \u00e0 visiter en tant que touriste. Quant \u00e0 \u00ab\u00a0l&rsquo;impression globale d&rsquo;ins\u00e9curit\u00e9\u00a0\u00bb que suscite Marseille, je ne me demande pas si ce n&rsquo;est pas tout simplement un relent raciste vis-\u00e0-vis du fait que oui, Marseille a une forte population d&rsquo;origine maghr\u00e9bine.<\/li>\n<li><span style=\"color: #000080;\">vivre \u00e0 Marseille vs visiter Marseille<\/span> : sur les r\u00e9seaux sociaux, j&rsquo;ai d\u00e9clench\u00e9 une tornade de commentaires sur le fait que vivre \u00e0 Marseille est bien diff\u00e9rent d&rsquo;y passer rapidement. Et bien&#8230; \u00e9videmment ? C&rsquo;est pareil pour toutes les villes, et je n&rsquo;ai pas la pr\u00e9tention de juger de la vie quotidienne \u00e0 Marseille, pas plus que je ne vous ai donn\u00e9 d&rsquo;indications sur le quotidien \u00e0 <a href=\"https:\/\/arpenterlechemin.com\/index.php\/2018\/05\/18\/londres-harry-potter-sherlock-holmes\/\">Londres<\/a>, \u00e0 <a href=\"https:\/\/arpenterlechemin.com\/index.php\/2016\/08\/30\/cinq-bonnes-raisons-daller-a-toronto-en-ete-2\/\">Toronto<\/a>, \u00e0 <a href=\"https:\/\/arpenterlechemin.com\/index.php\/2018\/12\/06\/coree-sud-que-faire-seoul\/\">S\u00e9oul<\/a>, \u00e0 <a href=\"https:\/\/arpenterlechemin.com\/index.php\/2018\/11\/21\/chine-escale-pekin\/\">P\u00e9kin<\/a>, \u00e0 <a href=\"https:\/\/arpenterlechemin.com\/index.php\/2018\/11\/14\/activites-boston\/\">Boston<\/a>&#8230; Sans avoir v\u00e9cu dans une ville comme je l&rsquo;ai fait \u00e0 <a href=\"https:\/\/arpenterlechemin.com\/index.php\/tag\/lyon\">Lyon<\/a> ou <a href=\"https:\/\/arpenterlechemin.com\/index.php\/tag\/moncton\">Moncton<\/a>, impossible pour moi de vous parler autrement que de mon exp\u00e9rience de voyageuse ou de <a href=\"https:\/\/arpenterlechemin.com\/index.php\/2019\/01\/03\/conseils-nomade-numerique\/\">nomade num\u00e9rique<\/a> \u00e0 la rigueur..<\/li>\n<li><span style=\"color: #000080;\">venir \u00e0 Marseille en train<\/span> : la cit\u00e9 phoc\u00e9enne fait une excellente escapade sans voiture gr\u00e2ce au train : elle est accessible en 3 heures de TGV depuis Paris, 2 h 30 de Nice, 1 h 40 de Lyon, et 1 h 30 de TER depuis Avignon.<\/li>\n<li><span style=\"color: #000080;\">venir \u00e0 Marseille en avion : <\/span>pour ceux qui viennent de plus loin, l&rsquo;a\u00e9roport de Marseille est une option. Vous pouvez comparer les options sur un <a href=\"https:\/\/www.easyvols.fr\/\">comparateur de vols<\/a>.<\/li>\n<li>Marseille City Pass : vous pouvez acheter une carte \u00e0 tarif avantageux pour visiter plusieurs mus\u00e9es de la cit\u00e9 phoc\u00e9enne et profiter de r\u00e9ductions. <a href=\"https:\/\/www.civitatis.com\/fr\/marseille\/marseille-city-pass\/?aid=7315\">Vous pouvez l&rsquo;acheter en suivant ce lien.<\/a><\/li>\n<\/ul>\n<h3><span style=\"color: #000080;\">O\u00f9 manger \u00e0 Marseille<\/span><\/h3>\n<ul>\n<li><a href=\"https:\/\/www.lepanierdemarseille.com\/rita\">Rita<\/a>, 36 rue Sainte Fran\u00e7oise, dans le Panier \u00e0 quelques pas de la Major. Un lieu h\u00e9t\u00e9roclite o\u00f9 on trouve des fripes, des objets de brocante, un cabinet de tatouage et un petit restaurant qui sert une courte carte fra\u00eeche et d\u00e9licieuse. J&rsquo;ai ador\u00e9 mon tajine v\u00e9g\u00e9tarien au citron et coriandre.<\/li>\n<li>Je vous conseille d&rsquo;\u00e9viter les restaurants qui donnent sur le Vieux-Port si vous tenez \u00e0 votre budget : montez dans le Panier pour des options moins ch\u00e8res.<\/li>\n<\/ul>\n<h3><span style=\"color: #000080;\">O\u00f9 dormir \u00e0 Marseille<\/span><\/h3>\n<p>Je n&rsquo;ai pas dormi \u00e0 Marseille mais voici quelques \u00e9tablissements rep\u00e9r\u00e9s pour vous :<\/p>\n<ul>\n<li><a href=\"https:\/\/www.booking.com\/hotel\/fr\/ha-tel-marseille-vieux-port.en.html?aid=1571475&amp;no_rooms=1&amp;group_adults=1\">Best Western Marseille Bourse Vieux Port<\/a> by Happyculture, 16 cours Belsunce, 13001 Marseille. J&rsquo;adore la cha\u00eene Happyculture, une valeur s\u00fbre !<\/li>\n<li><a href=\"https:\/\/www.booking.com\/hotel\/fr\/le-ryad-marseille.en.html?aid=1571475&amp;no_rooms=1&amp;group_adults=1\">Le Ryad Boutique H\u00f4tel<\/a>, 16 rue S\u00e9nac de Meillhan, 13001 Marseille, pour une ambiance orientale.<\/li>\n<li><a href=\"https:\/\/www.booking.com\/hotel\/fr\/vertigo-vieux-port-marseille.en.html?aid=1571475&amp;no_rooms=1&amp;group_adults=1\">Hostel Vertigo Vieux Port<\/a>, 38 rue Fort Notre Dame, 13007 Marseille, pour les budgets plus modestes.<\/li>\n<\/ul>\n<p style=\"text-align: center;\"><a href=\"https:\/\/www.booking.com\/index.html?aid=1571475\"><em>R\u00e9servez votre h\u00e9bergement \u00e0 Marseille<\/em><\/a><\/p>\n<p><em>Et vous, connaissez-vous Marseille ? Pensez-vous qu&rsquo;elle m\u00e9rite le d\u00e9tour ? Les clich\u00e9s vous effraient ou vous indiff\u00e8rent ? Je vous attends dans les commentaires ! Oyez, oyez. Ce billet contient des <a href=\"https:\/\/arpenterlechemin.com\/index.php\/2018\/12\/01\/soutenir-blog\/\">liens affili\u00e9s<\/a>.<\/em><\/p>\n<p><img decoding=\"async\" loading=\"lazy\" class=\"wp-image-7563 size-medium alignnone\" src=\"https:\/\/arpenterlechemin.com\/wp-content\/uploads\/2019\/04\/marseille-voyage-que-faire-que-voir-blog-voyage-france-arpenter-le-chemin-267x400.jpg\" alt=\"marseille voyage que faire que voir blog voyage france arpenter le chemin\" width=\"267\" height=\"400\" srcset=\"https:\/\/arpenterlechemin.com\/wp-content\/uploads\/2019\/04\/marseille-voyage-que-faire-que-voir-blog-voyage-france-arpenter-le-chemin-267x400.jpg 267w, https:\/\/arpenterlechemin.com\/wp-content\/uploads\/2019\/04\/marseille-voyage-que-faire-que-voir-blog-voyage-france-arpenter-le-chemin-390x585.jpg 390w, https:\/\/arpenterlechemin.com\/wp-content\/uploads\/2019\/04\/marseille-voyage-que-faire-que-voir-blog-voyage-france-arpenter-le-chemin.jpg 735w\" sizes=\"(max-width: 267px) 100vw, 267px\" \/><img decoding=\"async\" loading=\"lazy\" class=\"wp-image-7561 size-medium alignnone\" src=\"https:\/\/arpenterlechemin.com\/wp-content\/uploads\/2019\/04\/france-marseille-visiter-que-voir-blog-voyage-arpenter-le-chemin-267x400.jpg\" alt=\"france marseille visiter que voir blog voyage arpenter le chemin\" width=\"267\" height=\"400\" srcset=\"https:\/\/arpenterlechemin.com\/wp-content\/uploads\/2019\/04\/france-marseille-visiter-que-voir-blog-voyage-arpenter-le-chemin-267x400.jpg 267w, https:\/\/arpenterlechemin.com\/wp-content\/uploads\/2019\/04\/france-marseille-visiter-que-voir-blog-voyage-arpenter-le-chemin-390x585.jpg 390w, https:\/\/arpenterlechemin.com\/wp-content\/uploads\/2019\/04\/france-marseille-visiter-que-voir-blog-voyage-arpenter-le-chemin.jpg 735w\" sizes=\"(max-width: 267px) 100vw, 267px\" \/><img decoding=\"async\" loading=\"lazy\" class=\"wp-image-7564 size-medium alignnone\" src=\"https:\/\/arpenterlechemin.com\/wp-content\/uploads\/2019\/04\/marseille-voyage-citytrip-blog-voyage-france-arpenter-le-chemin-267x400.jpg\" alt=\"marseille voyage citytrip blog voyage france arpenter le chemin\" width=\"267\" height=\"400\" srcset=\"https:\/\/arpenterlechemin.com\/wp-content\/uploads\/2019\/04\/marseille-voyage-citytrip-blog-voyage-france-arpenter-le-chemin-267x400.jpg 267w, https:\/\/arpenterlechemin.com\/wp-content\/uploads\/2019\/04\/marseille-voyage-citytrip-blog-voyage-france-arpenter-le-chemin-390x585.jpg 390w, https:\/\/arpenterlechemin.com\/wp-content\/uploads\/2019\/04\/marseille-voyage-citytrip-blog-voyage-france-arpenter-le-chemin.jpg 735w\" sizes=\"(max-width: 267px) 100vw, 267px\" \/><\/p>\n","protected":false},"excerpt":{"rendered":"<p>Marseille la belle. Marseille la radieuse. Marseille l&rsquo;\u00e9tonnante. Je reviens d&rsquo;une courte journ\u00e9e \u00e0 fl\u00e2ner dans Marseille et je suis presque en \u00e9tat de choc. Comment ai-je pu passer \u00e0 c\u00f4t\u00e9 d&rsquo;elle, toutes ces ann\u00e9es ? Marseille fait partie de ces villes fran\u00e7aises mal-aim\u00e9es dont le nom \u00e9voque imm\u00e9diatement des images peu propices aux envies d&rsquo;\u00e9vasion : Marseille effraie, Marseille repousse, Marseille indiff\u00e8re. Il aura fallu la d\u00e9claration d&rsquo;amour enflamm\u00e9e \u00e0 Marseille de mon amie Annabelle pour que Marseille pique ma curiosit\u00e9. J&rsquo;ai profit\u00e9 de mon s\u00e9jour en Provence pour <\/p>\n","protected":false},"author":1,"featured_media":7560,"comment_status":"open","ping_status":"open","sticky":false,"template":"","format":"standard","meta":{"jetpack_post_was_ever_published":false},"categories":[1,531],"tags":[544,516,686,617,682,647],"yoast_head":"<!-- This site is optimized with the Yoast SEO plugin v20.7 - https:\/\/yoast.com\/wordpress\/plugins\/seo\/ -->\n<title>FRANCE \/\/ Une journ\u00e9e \u00e0 Marseille la belle - Arpenter le chemin<\/title>\n<meta name=\"description\" content=\"Que voir en une journ\u00e9e \u00e0 Marseille : id\u00e9es de visites autour du Vieux-Port \u00e0 Marseille. Notre-Dame de la Major, le Panier, le Fort Saint-Jean...\" \/>\n<meta name=\"robots\" content=\"index, follow, max-snippet:-1, max-image-preview:large, max-video-preview:-1\" \/>\n<link rel=\"canonical\" href=\"https:\/\/arpenterlechemin.com\/index.php\/2019\/05\/14\/marseille-escapade\/\" \/>\n<meta property=\"og:locale\" content=\"fr_FR\" \/>\n<meta property=\"og:type\" content=\"article\" \/>\n<meta property=\"og:title\" content=\"FRANCE \/\/ Une journ\u00e9e \u00e0 Marseille la belle - Arpenter le chemin\" \/>\n<meta property=\"og:description\" content=\"Que voir en une journ\u00e9e \u00e0 Marseille : id\u00e9es de visites autour du Vieux-Port \u00e0 Marseille. Notre-Dame de la Major, le Panier, le Fort Saint-Jean...\" \/>\n<meta property=\"og:url\" content=\"https:\/\/arpenterlechemin.com\/index.php\/2019\/05\/14\/marseille-escapade\/\" \/>\n<meta property=\"og:site_name\" content=\"Arpenter le chemin\" \/>\n<meta property=\"article:published_time\" content=\"2019-05-14T06:31:32+00:00\" \/>\n<meta property=\"article:modified_time\" content=\"2019-09-10T20:24:52+00:00\" \/>\n<meta property=\"og:image\" content=\"https:\/\/arpenterlechemin.com\/wp-content\/uploads\/2019\/04\/marseille-escapade-city-trip-blog-voyage-france-arpenter-le-chemin.jpg\" \/>\n\t<meta property=\"og:image:width\" content=\"1040\" \/>\n\t<meta property=\"og:image:height\" content=\"585\" \/>\n\t<meta property=\"og:image:type\" content=\"image\/jpeg\" \/>\n<meta name=\"author\" content=\"Audrey\" \/>\n<meta name=\"twitter:card\" content=\"summary_large_image\" \/>\n<meta name=\"twitter:label1\" content=\"\u00c9crit par\" \/>\n\t<meta name=\"twitter:data1\" content=\"Audrey\" \/>\n\t<meta name=\"twitter:label2\" content=\"Dur\u00e9e de lecture estim\u00e9e\" \/>\n\t<meta name=\"twitter:data2\" content=\"14 minutes\" \/>\n<script type=\"application\/ld+json\" class=\"yoast-schema-graph\">{\"@context\":\"https:\/\/schema.org\",\"@graph\":[{\"@type\":\"Article\",\"@id\":\"https:\/\/arpenterlechemin.com\/index.php\/2019\/05\/14\/marseille-escapade\/#article\",\"isPartOf\":{\"@id\":\"https:\/\/arpenterlechemin.com\/index.php\/2019\/05\/14\/marseille-escapade\/\"},\"author\":{\"name\":\"Audrey\",\"@id\":\"https:\/\/arpenterlechemin.com\/#\/schema\/person\/1d187818c0988fbea4d682c1e59c795c\"},\"headline\":\"FRANCE \/\/ Une journ\u00e9e \u00e0 Marseille la belle\",\"datePublished\":\"2019-05-14T06:31:32+00:00\",\"dateModified\":\"2019-09-10T20:24:52+00:00\",\"mainEntityOfPage\":{\"@id\":\"https:\/\/arpenterlechemin.com\/index.php\/2019\/05\/14\/marseille-escapade\/\"},\"wordCount\":2997,\"commentCount\":21,\"publisher\":{\"@id\":\"https:\/\/arpenterlechemin.com\/#organization\"},\"keywords\":[\"escapade\",\"france\",\"marseille\",\"printemps\",\"provence\",\"ville\"],\"articleSection\":[\"Blog\",\"Europe\"],\"inLanguage\":\"fr-FR\",\"potentialAction\":[{\"@type\":\"CommentAction\",\"name\":\"Comment\",\"target\":[\"https:\/\/arpenterlechemin.com\/index.php\/2019\/05\/14\/marseille-escapade\/#respond\"]}]},{\"@type\":\"WebPage\",\"@id\":\"https:\/\/arpenterlechemin.com\/index.php\/2019\/05\/14\/marseille-escapade\/\",\"url\":\"https:\/\/arpenterlechemin.com\/index.php\/2019\/05\/14\/marseille-escapade\/\",\"name\":\"FRANCE \/\/ Une journ\u00e9e \u00e0 Marseille la belle - Arpenter le chemin\",\"isPartOf\":{\"@id\":\"https:\/\/arpenterlechemin.com\/#website\"},\"datePublished\":\"2019-05-14T06:31:32+00:00\",\"dateModified\":\"2019-09-10T20:24:52+00:00\",\"description\":\"Que voir en une journ\u00e9e \u00e0 Marseille : id\u00e9es de visites autour du Vieux-Port \u00e0 Marseille. Notre-Dame de la Major, le Panier, le Fort Saint-Jean...\",\"breadcrumb\":{\"@id\":\"https:\/\/arpenterlechemin.com\/index.php\/2019\/05\/14\/marseille-escapade\/#breadcrumb\"},\"inLanguage\":\"fr-FR\",\"potentialAction\":[{\"@type\":\"ReadAction\",\"target\":[\"https:\/\/arpenterlechemin.com\/index.php\/2019\/05\/14\/marseille-escapade\/\"]}]},{\"@type\":\"BreadcrumbList\",\"@id\":\"https:\/\/arpenterlechemin.com\/index.php\/2019\/05\/14\/marseille-escapade\/#breadcrumb\",\"itemListElement\":[{\"@type\":\"ListItem\",\"position\":1,\"name\":\"Home\",\"item\":\"https:\/\/arpenterlechemin.com\/\"},{\"@type\":\"ListItem\",\"position\":2,\"name\":\"FRANCE \/\/ Une journ\u00e9e \u00e0 Marseille la belle\"}]},{\"@type\":\"WebSite\",\"@id\":\"https:\/\/arpenterlechemin.com\/#website\",\"url\":\"https:\/\/arpenterlechemin.com\/\",\"name\":\"Arpenter le chemin\",\"description\":\"\",\"publisher\":{\"@id\":\"https:\/\/arpenterlechemin.com\/#organization\"},\"potentialAction\":[{\"@type\":\"SearchAction\",\"target\":{\"@type\":\"EntryPoint\",\"urlTemplate\":\"https:\/\/arpenterlechemin.com\/?s={search_term_string}\"},\"query-input\":\"required name=search_term_string\"}],\"inLanguage\":\"fr-FR\"},{\"@type\":\"Organization\",\"@id\":\"https:\/\/arpenterlechemin.com\/#organization\",\"name\":\"Arpenter le chemin\",\"url\":\"https:\/\/arpenterlechemin.com\/\",\"logo\":{\"@type\":\"ImageObject\",\"inLanguage\":\"fr-FR\",\"@id\":\"https:\/\/arpenterlechemin.com\/#\/schema\/logo\/image\/\",\"url\":\"https:\/\/arpenterlechemin.com\/wp-content\/uploads\/2017\/04\/icone-4.jpg\",\"contentUrl\":\"https:\/\/arpenterlechemin.com\/wp-content\/uploads\/2017\/04\/icone-4.jpg\",\"width\":150,\"height\":73,\"caption\":\"Arpenter le chemin\"},\"image\":{\"@id\":\"https:\/\/arpenterlechemin.com\/#\/schema\/logo\/image\/\"}},{\"@type\":\"Person\",\"@id\":\"https:\/\/arpenterlechemin.com\/#\/schema\/person\/1d187818c0988fbea4d682c1e59c795c\",\"name\":\"Audrey\",\"image\":{\"@type\":\"ImageObject\",\"inLanguage\":\"fr-FR\",\"@id\":\"https:\/\/arpenterlechemin.com\/#\/schema\/person\/image\/\",\"url\":\"https:\/\/secure.gravatar.com\/avatar\/b75298f64c73f1709976c50921beae6a?s=96&d=mm&r=g\",\"contentUrl\":\"https:\/\/secure.gravatar.com\/avatar\/b75298f64c73f1709976c50921beae6a?s=96&d=mm&r=g\",\"caption\":\"Audrey\"},\"description\":\"Allergique \u00e0 la routine, atteinte de bougeotte aigu\u00eb, j'essaie de m'envoler aussi souvent que possible, seule, en couple ou entre amis ! Ville, nature, culture, rando... tout me va, \u00e0 partir du moment o\u00f9 je suis dehors.\",\"url\":\"https:\/\/arpenterlechemin.com\/index.php\/author\/audreyf\/\"}]}<\/script>\n<!-- \/ Yoast SEO plugin. -->","yoast_head_json":{"title":"FRANCE \/\/ Une journ\u00e9e \u00e0 Marseille la belle - Arpenter le chemin","description":"Que voir en une journ\u00e9e \u00e0 Marseille : id\u00e9es de visites autour du Vieux-Port \u00e0 Marseille. Notre-Dame de la Major, le Panier, le Fort Saint-Jean...","robots":{"index":"index","follow":"follow","max-snippet":"max-snippet:-1","max-image-preview":"max-image-preview:large","max-video-preview":"max-video-preview:-1"},"canonical":"https:\/\/arpenterlechemin.com\/index.php\/2019\/05\/14\/marseille-escapade\/","og_locale":"fr_FR","og_type":"article","og_title":"FRANCE \/\/ Une journ\u00e9e \u00e0 Marseille la belle - Arpenter le chemin","og_description":"Que voir en une journ\u00e9e \u00e0 Marseille : id\u00e9es de visites autour du Vieux-Port \u00e0 Marseille. Notre-Dame de la Major, le Panier, le Fort Saint-Jean...","og_url":"https:\/\/arpenterlechemin.com\/index.php\/2019\/05\/14\/marseille-escapade\/","og_site_name":"Arpenter le chemin","article_published_time":"2019-05-14T06:31:32+00:00","article_modified_time":"2019-09-10T20:24:52+00:00","og_image":[{"width":1040,"height":585,"url":"https:\/\/arpenterlechemin.com\/wp-content\/uploads\/2019\/04\/marseille-escapade-city-trip-blog-voyage-france-arpenter-le-chemin.jpg","type":"image\/jpeg"}],"author":"Audrey","twitter_card":"summary_large_image","twitter_misc":{"\u00c9crit par":"Audrey","Dur\u00e9e de lecture estim\u00e9e":"14 minutes"},"schema":{"@context":"https:\/\/schema.org","@graph":[{"@type":"Article","@id":"https:\/\/arpenterlechemin.com\/index.php\/2019\/05\/14\/marseille-escapade\/#article","isPartOf":{"@id":"https:\/\/arpenterlechemin.com\/index.php\/2019\/05\/14\/marseille-escapade\/"},"author":{"name":"Audrey","@id":"https:\/\/arpenterlechemin.com\/#\/schema\/person\/1d187818c0988fbea4d682c1e59c795c"},"headline":"FRANCE \/\/ Une journ\u00e9e \u00e0 Marseille la belle","datePublished":"2019-05-14T06:31:32+00:00","dateModified":"2019-09-10T20:24:52+00:00","mainEntityOfPage":{"@id":"https:\/\/arpenterlechemin.com\/index.php\/2019\/05\/14\/marseille-escapade\/"},"wordCount":2997,"commentCount":21,"publisher":{"@id":"https:\/\/arpenterlechemin.com\/#organization"},"keywords":["escapade","france","marseille","printemps","provence","ville"],"articleSection":["Blog","Europe"],"inLanguage":"fr-FR","potentialAction":[{"@type":"CommentAction","name":"Comment","target":["https:\/\/arpenterlechemin.com\/index.php\/2019\/05\/14\/marseille-escapade\/#respond"]}]},{"@type":"WebPage","@id":"https:\/\/arpenterlechemin.com\/index.php\/2019\/05\/14\/marseille-escapade\/","url":"https:\/\/arpenterlechemin.com\/index.php\/2019\/05\/14\/marseille-escapade\/","name":"FRANCE \/\/ Une journ\u00e9e \u00e0 Marseille la belle - Arpenter le chemin","isPartOf":{"@id":"https:\/\/arpenterlechemin.com\/#website"},"datePublished":"2019-05-14T06:31:32+00:00","dateModified":"2019-09-10T20:24:52+00:00","description":"Que voir en une journ\u00e9e \u00e0 Marseille : id\u00e9es de visites autour du Vieux-Port \u00e0 Marseille. Notre-Dame de la Major, le Panier, le Fort Saint-Jean...","breadcrumb":{"@id":"https:\/\/arpenterlechemin.com\/index.php\/2019\/05\/14\/marseille-escapade\/#breadcrumb"},"inLanguage":"fr-FR","potentialAction":[{"@type":"ReadAction","target":["https:\/\/arpenterlechemin.com\/index.php\/2019\/05\/14\/marseille-escapade\/"]}]},{"@type":"BreadcrumbList","@id":"https:\/\/arpenterlechemin.com\/index.php\/2019\/05\/14\/marseille-escapade\/#breadcrumb","itemListElement":[{"@type":"ListItem","position":1,"name":"Home","item":"https:\/\/arpenterlechemin.com\/"},{"@type":"ListItem","position":2,"name":"FRANCE \/\/ Une journ\u00e9e \u00e0 Marseille la belle"}]},{"@type":"WebSite","@id":"https:\/\/arpenterlechemin.com\/#website","url":"https:\/\/arpenterlechemin.com\/","name":"Arpenter le chemin","description":"","publisher":{"@id":"https:\/\/arpenterlechemin.com\/#organization"},"potentialAction":[{"@type":"SearchAction","target":{"@type":"EntryPoint","urlTemplate":"https:\/\/arpenterlechemin.com\/?s={search_term_string}"},"query-input":"required name=search_term_string"}],"inLanguage":"fr-FR"},{"@type":"Organization","@id":"https:\/\/arpenterlechemin.com\/#organization","name":"Arpenter le chemin","url":"https:\/\/arpenterlechemin.com\/","logo":{"@type":"ImageObject","inLanguage":"fr-FR","@id":"https:\/\/arpenterlechemin.com\/#\/schema\/logo\/image\/","url":"https:\/\/arpenterlechemin.com\/wp-content\/uploads\/2017\/04\/icone-4.jpg","contentUrl":"https:\/\/arpenterlechemin.com\/wp-content\/uploads\/2017\/04\/icone-4.jpg","width":150,"height":73,"caption":"Arpenter le chemin"},"image":{"@id":"https:\/\/arpenterlechemin.com\/#\/schema\/logo\/image\/"}},{"@type":"Person","@id":"https:\/\/arpenterlechemin.com\/#\/schema\/person\/1d187818c0988fbea4d682c1e59c795c","name":"Audrey","image":{"@type":"ImageObject","inLanguage":"fr-FR","@id":"https:\/\/arpenterlechemin.com\/#\/schema\/person\/image\/","url":"https:\/\/secure.gravatar.com\/avatar\/b75298f64c73f1709976c50921beae6a?s=96&d=mm&r=g","contentUrl":"https:\/\/secure.gravatar.com\/avatar\/b75298f64c73f1709976c50921beae6a?s=96&d=mm&r=g","caption":"Audrey"},"description":"Allergique \u00e0 la routine, atteinte de bougeotte aigu\u00eb, j'essaie de m'envoler aussi souvent que possible, seule, en couple ou entre amis ! Ville, nature, culture, rando... tout me va, \u00e0 partir du moment o\u00f9 je suis dehors.","url":"https:\/\/arpenterlechemin.com\/index.php\/author\/audreyf\/"}]}},"jetpack_featured_media_url":"https:\/\/arpenterlechemin.com\/wp-content\/uploads\/2019\/04\/marseille-escapade-city-trip-blog-voyage-france-arpenter-le-chemin.jpg","jetpack_sharing_enabled":true,"jetpack_shortlink":"https:\/\/wp.me\/p8z9hR-1XU","jetpack-related-posts":[{"id":7545,"url":"https:\/\/arpenterlechemin.com\/index.php\/2019\/05\/07\/arles-espace-van-gogh\/","url_meta":{"origin":7558,"position":0},"title":"FRANCE \/\/ L&rsquo;espace Van Gogh \u00e0 Arles","date":"7 mai 2019","format":false,"excerpt":"Que serait-on sans artistes ? \u00c0 l'heure o\u00f9 le gouvernement fran\u00e7ais r\u00e9forme le r\u00e9gime des retraites des auteurs, avec des cons\u00e9quences d\u00e9sastreuses sur la production de contenus culturels, il est plus important que jamais de rappeler que les artistes sont indispensables dans notre soci\u00e9t\u00e9. Sans artistes, pas de chansons, pas\u2026","rel":"","context":"Dans &quot;Blog&quot;","img":{"alt_text":"espace van gogh arles escapades provence blog voyage arpenter le chemin","src":"https:\/\/i0.wp.com\/arpenterlechemin.com\/wp-content\/uploads\/2019\/04\/espace-van-gogh-arles-escapades-provence-blog-voyage-arpenter-le-chemin.jpg?resize=350%2C200&ssl=1","width":350,"height":200},"classes":[]},{"id":7898,"url":"https:\/\/arpenterlechemin.com\/index.php\/2019\/07\/10\/ce-que-jaime-france\/","url_meta":{"origin":7558,"position":1},"title":"FRANCE \/\/ Ce que j&rsquo;aime quand je reviens en France","date":"10 juillet 2019","format":false,"excerpt":"Si vous saviez comme j'aime le Canada... Alors que nous venons de c\u00e9l\u00e9brer pour la cinqui\u00e8me fois la f\u00eate nationale canadienne et que nous nous appr\u00eatons \u00e0 entamer notre sixi\u00e8me ann\u00e9e au pays des maringouins caribous gens les plus gentils au monde, j'avais envie non pas de dresser la liste\u2026","rel":"","context":"Dans &quot;Blog&quot;","img":{"alt_text":"petits plaisirs france blog voyage arpenter le chemin","src":"https:\/\/i0.wp.com\/arpenterlechemin.com\/wp-content\/uploads\/2019\/07\/petits-plaisirs-france-blog-voyage-arpenter-le-chemin.jpg?resize=350%2C200&ssl=1","width":350,"height":200},"classes":[]},{"id":8113,"url":"https:\/\/arpenterlechemin.com\/index.php\/2019\/08\/21\/palais-papes-avignon\/","url_meta":{"origin":7558,"position":2},"title":"FRANCE \/\/ Le Palais des Papes \u00e0 Avignon","date":"21 ao\u00fbt 2019","format":false,"excerpt":"Au c\u0153ur de la Provence, la belle ville d'Avignon a tout pour elle : la douceur du midi, une taille humaine, un joli centre-ville avec le mont Ventoux non loin, et surtout le Palais des Papes, plus grand palais gothique construit au Moyen-\u00c2ge. Ce tr\u00e9sor architectural est un palais hors\u2026","rel":"","context":"Dans &quot;Blog&quot;","img":{"alt_text":"palais papes avignon france","src":"https:\/\/i0.wp.com\/arpenterlechemin.com\/wp-content\/uploads\/2019\/08\/palais-papes-avignon-france.jpg?resize=350%2C200&ssl=1","width":350,"height":200},"classes":[]},{"id":8594,"url":"https:\/\/arpenterlechemin.com\/index.php\/2019\/12\/10\/carrieres-lumieres\/","url_meta":{"origin":7558,"position":3},"title":"FRANCE \/\/ Les Carri\u00e8res de lumi\u00e8res","date":"10 d\u00e9cembre 2019","format":false,"excerpt":"Lors de mon r\u00e9cit d'une escapade proven\u00e7ale voil\u00e0 quelques mois, j'ai omis de parler d'une attraction majeure de la r\u00e9gion : les Carri\u00e8res de lumi\u00e8res. Lieu onirique magnifiquement mis en sc\u00e8ne, cach\u00e9 dans les entrailles des Alpilles, il est un incontournable en Provence et une excellente occupation dans les rares\u2026","rel":"","context":"Dans &quot;Blog&quot;","img":{"alt_text":"carrieres lumiere baux de provence blog voyage france arpenter le chemin (1)","src":"https:\/\/i0.wp.com\/arpenterlechemin.com\/wp-content\/uploads\/2020\/12\/carrieres-lumiere-baux-de-provence-blog-voyage-france-arpenter-le-chemin-1.jpg?resize=350%2C200&ssl=1","width":350,"height":200},"classes":[]},{"id":7606,"url":"https:\/\/arpenterlechemin.com\/index.php\/2020\/03\/17\/arles-escapade\/","url_meta":{"origin":7558,"position":4},"title":"FRANCE \/\/ Arles, que voir lors d&rsquo;une premi\u00e8re visite","date":"17 mars 2020","format":false,"excerpt":"Il y a tout juste un an, je d\u00e9laissais mon Canada ch\u00e9ri pour venir dans une ville inconnue qui m'a adopt\u00e9e l'espace de petits deux mois et demi : Arles, aux portes de la Camargue, dans une France si lointaine de celle que je connais en Haute-Savoie et \u00e0 Lyon\u2026","rel":"","context":"Dans &quot;Blog&quot;","img":{"alt_text":"Arles Provence escapade","src":"https:\/\/i0.wp.com\/arpenterlechemin.com\/wp-content\/uploads\/2019\/06\/Arles-Provence-escapade.jpg?resize=350%2C200&ssl=1","width":350,"height":200},"classes":[]},{"id":7448,"url":"https:\/\/arpenterlechemin.com\/index.php\/2019\/04\/23\/france-escapade-provence\/","url_meta":{"origin":7558,"position":5},"title":"FRANCE \/\/ Escapades autour de Saint-R\u00e9my de Provence","date":"23 avril 2019","format":false,"excerpt":"Il y a quelque chose d'envo\u00fbtant en Provence, vous ne trouvez pas ? Van Gogh et C\u00e9zanne y ont trouv\u00e9 l'inspiration entre Arles, Saint-R\u00e9my et Aix, et il suffit d'une visite au printemps pour comprendre ce qui les a tant fascin\u00e9s : sous le ciel proven\u00e7al d'une profondeur inou\u00efe, les\u2026","rel":"","context":"Dans &quot;Blog&quot;","img":{"alt_text":"escapades provence blog voyage arpenter le chemin","src":"https:\/\/i0.wp.com\/arpenterlechemin.com\/wp-content\/uploads\/2019\/04\/escapades-provence-blog-voyage-arpenter-le-chemin.jpg?resize=350%2C200&ssl=1","width":350,"height":200},"classes":[]}],"_links":{"self":[{"href":"https:\/\/arpenterlechemin.com\/index.php\/wp-json\/wp\/v2\/posts\/7558"}],"collection":[{"href":"https:\/\/arpenterlechemin.com\/index.php\/wp-json\/wp\/v2\/posts"}],"about":[{"href":"https:\/\/arpenterlechemin.com\/index.php\/wp-json\/wp\/v2\/types\/post"}],"author":[{"embeddable":true,"href":"https:\/\/arpenterlechemin.com\/index.php\/wp-json\/wp\/v2\/users\/1"}],"replies":[{"embeddable":true,"href":"https:\/\/arpenterlechemin.com\/index.php\/wp-json\/wp\/v2\/comments?post=7558"}],"version-history":[{"count":0,"href":"https:\/\/arpenterlechemin.com\/index.php\/wp-json\/wp\/v2\/posts\/7558\/revisions"}],"wp:featuredmedia":[{"embeddable":true,"href":"https:\/\/arpenterlechemin.com\/index.php\/wp-json\/wp\/v2\/media\/7560"}],"wp:attachment":[{"href":"https:\/\/arpenterlechemin.com\/index.php\/wp-json\/wp\/v2\/media?parent=7558"}],"wp:term":[{"taxonomy":"category","embeddable":true,"href":"https:\/\/arpenterlechemin.com\/index.php\/wp-json\/wp\/v2\/categories?post=7558"},{"taxonomy":"post_tag","embeddable":true,"href":"https:\/\/arpenterlechemin.com\/index.php\/wp-json\/wp\/v2\/tags?post=7558"}],"curies":[{"name":"wp","href":"https:\/\/api.w.org\/{rel}","templated":true}]}}