{"id":7545,"date":"2019-05-07T01:57:14","date_gmt":"2019-05-07T05:57:14","guid":{"rendered":"https:\/\/arpenterlechemin.com\/?p=7545"},"modified":"2022-04-26T08:11:20","modified_gmt":"2022-04-26T12:11:20","slug":"arles-espace-van-gogh","status":"publish","type":"post","link":"https:\/\/arpenterlechemin.com\/index.php\/2019\/05\/07\/arles-espace-van-gogh\/","title":{"rendered":"FRANCE \/\/ L&rsquo;espace Van Gogh \u00e0 Arles"},"content":{"rendered":"<p>Que serait-on sans artistes ? \u00c0 l&rsquo;heure o\u00f9 le gouvernement fran\u00e7ais r\u00e9forme le r\u00e9gime des retraites des auteurs, avec des cons\u00e9quences d\u00e9sastreuses sur la production de contenus culturels, il est plus important que jamais de rappeler que <strong>les artistes sont indispensables dans notre soci\u00e9t\u00e9<\/strong>. Sans artistes, pas de chansons, pas de musique, pas de livres \u00e0 lire, pas de films \u00e0 regarder au cin\u00e9ma ou \u00e0 la t\u00e9l\u00e9vision, pas de peintures \u00e0 admirer. Beaucoup de choses agr\u00e9ables dans la vie, nous les devons aux auteurs. Ce mois-ci, le th\u00e8me du rendez-vous interblogueur <strong><a href=\"https:\/\/arpenterlechemin.com\/index.php\/tag\/enfranceaussi\/\">#EnFranceAussi<\/a><\/strong>, cr\u00e9\u00e9 par Sylvie du blog\u00a0<a href=\"http:\/\/www.lecoindesvoyageurs.fr\/\">Le Coin des voyageurs<\/a> nous invite \u00e0 pr\u00e9senter une <strong>maison d&rsquo;artiste,<\/strong> \u00e0 l\u2019initiative de Paule-\u00c9lise de <a href=\"https:\/\/1916kilometres.com\/\">1916 kilom\u00e8tres<\/a>. Je vais vous parler d&rsquo;un lieu sp\u00e9cial \u00e0 Arles : <strong>l&rsquo;espace Van Gogh<\/strong>.<\/p>\n<p><img decoding=\"async\" loading=\"lazy\" class=\"aligncenter wp-image-7552 size-full\" src=\"https:\/\/arpenterlechemin.com\/wp-content\/uploads\/2019\/04\/Arles-Hotel-Dieu-espace-van-gogh-blog-voyage-provence-arpenter-le-chemin-e1650975006491.jpg\" alt=\"Arles Hotel-Dieu espace van gogh blog voyage provence arpenter le chemin\" width=\"1400\" height=\"787\" \/><\/p>\n<h3><span style=\"color: #000080;\">L&rsquo;H\u00f4tel-Dieu et Van Gogh<\/span><\/h3>\n<p>\u00c0 quelques minutes de la mairie, juste derri\u00e8re le boulevard des Lices, l&rsquo;espace Van Gogh a un nom trompeur : les lieux ne sont pas consacr\u00e9s \u00e0 Van Gogh, m\u00eame si <strong>l&rsquo;esprit du peintre flotte toujours entre les murs<\/strong> de cet ancien clo\u00eetre. Construit entre le XVI et le XVIIe si\u00e8cle pour regrouper plusieurs missions hospitali\u00e8res locales, ce grand b\u00e2timent abritait \u00e0 l&rsquo;origine l&rsquo;H\u00f4tel-Dieu de la ville. Il recevait des malades de toutes les origines, dont l&rsquo;un est d\u00e9sormais pass\u00e9 \u00e0 la post\u00e9rit\u00e9 : c&rsquo;est Vincent Van Gogh.<\/p>\n<p>En 1888, Van Gogh d\u00e9barque du nord, lass\u00e9 des rigueurs du climat nordiste, pour trouver dans le midi <strong>une lumi\u00e8re et des couleurs sans \u00e9gales<\/strong>. Il avait l&rsquo;intention de pousser jusqu&rsquo;\u00e0 Marseille, mais combl\u00e9 par ce qu&rsquo;il voit et ce qu&rsquo;il peut peindre en <a href=\"https:\/\/arpenterlechemin.com\/index.php\/2019\/04\/23\/france-escapade-provence\/\">Provence<\/a>, il pose presque d\u00e9finitivement ses valises \u00e0 Arles. C&rsquo;est ici qu&rsquo;il peint sa c\u00e9l\u00e8bre <em>Nuit \u00e9toil\u00e9e sur le Rh\u00f4ne<\/em>, mais aussi <em>Terrasse du Caf\u00e9 le soir<\/em>\u00a0et bien s\u00fbr <em>L&rsquo;Arl\u00e9sienn<\/em>e. Pendant son s\u00e9jour \u00e0 Arles, Van Gogh peint pas moins de 200 tableaux.<\/p>\n<p><img decoding=\"async\" loading=\"lazy\" class=\"aligncenter wp-image-7551 size-full\" src=\"https:\/\/arpenterlechemin.com\/wp-content\/uploads\/2019\/04\/Arles-espace-van-gogh-visiter-blog-voyage-france-arpenter-le-chemin-e1650975016542.jpg\" alt=\"Arles espace van gogh visiter blog voyage france arpenter le chemin\" width=\"1400\" height=\"788\" \/><\/p>\n<p><img decoding=\"async\" loading=\"lazy\" class=\"aligncenter wp-image-7555 size-full\" src=\"https:\/\/arpenterlechemin.com\/wp-content\/uploads\/2019\/04\/Arles-Van-Gogh-visites-blog-voyage-france-e1650975028582.jpg\" alt=\"Arles Van Gogh visites blog voyage france\" width=\"1400\" height=\"831\" \/><\/p>\n<p>Entre 1888 et 1889, le peintre a de violentes crises de nerfs. Il se tranche l&rsquo;oreille suite \u00e0 une dispute avec son ami Gauguin, et <strong>il s\u00e9journe \u00e0 plusieurs reprises dans l&rsquo;H\u00f4tel-Dieu<\/strong>, o\u00f9 il est soign\u00e9 par le docteur F\u00e9lix Rey. C&rsquo;est ainsi que l&rsquo;ancien H\u00f4tel-Dieu fut en quelque sorte <strong>la \u00ab\u00a0maison\u00a0\u00bb de Van Gogh deux ans durant<\/strong> &#8211; ou du moins sa <strong>maison de sant\u00e9<\/strong>. C&rsquo;est \u00e0 la suite de ces petits s\u00e9jours qu&rsquo;il part pour <a href=\"https:\/\/arpenterlechemin.com\/index.php\/2019\/04\/23\/france-escapade-provence\/\">Saint-R\u00e9my-de-Provence<\/a> afin d&rsquo;y \u00eatre soign\u00e9 plus longuement.<\/p>\n<p>En entrant dans l&rsquo;Espace Van Gogh, on a peine \u00e0 croire que ce lieu accueillait autrefois morts et maladies. L&rsquo;architecture est celle d&rsquo;un clo\u00eetre et les bruits de la ville sont gomm\u00e9s \u00e0 l&rsquo;entr\u00e9e. Le regard est appel\u00e9 de toutes parts : par les arcades jaunes et blanches, par les grands tilleuls, par le superbe parterre de fleurs. L&rsquo;endroit est <strong>une oasis v\u00e9g\u00e9tale dans Arles la min\u00e9rale<\/strong>, dont les rues romaines ne comptent que peu de verdure. Ici, on trouve des pens\u00e9es multicolores, des iris, des girofl\u00e9es, un laurier. Un panneau montre comment l&rsquo;H\u00f4tel-Dieu se pr\u00e9sentait aux yeux de Van Gogh, fleuri, bigarr\u00e9, anim\u00e9, presque identique au b\u00e2timent que nous avons sous les yeux.<\/p>\n<p><img decoding=\"async\" loading=\"lazy\" class=\"aligncenter wp-image-7595 size-full\" src=\"https:\/\/arpenterlechemin.com\/wp-content\/uploads\/2019\/05\/espace-van-gogh-arles-visiter-provence-e1650975038244.jpg\" alt=\"espace van gogh arles visiter provence\" width=\"1400\" height=\"788\" \/><\/p>\n<p><img decoding=\"async\" loading=\"lazy\" class=\"aligncenter wp-image-7554 size-full\" src=\"https:\/\/arpenterlechemin.com\/wp-content\/uploads\/2019\/04\/Arles-que-faire-ou-manger-feria-e1650975050286.jpg\" alt=\"Arles que faire ou manger feria\" width=\"1400\" height=\"788\" \/><\/p>\n<h3><span style=\"color: #000080;\">L&rsquo;Espace Van Gogh et les traducteurs<\/span><\/h3>\n<p>Aujourd&rsquo;hui, l&rsquo;Espace Van Gogh abrite plusieurs entit\u00e9s d\u00e9di\u00e9s \u00e0 la culture et fait office de p\u00f4le culturel \u00e0 Arles avec la m\u00e9diath\u00e8que, une antenne de l&rsquo;Universit\u00e9 Aix-Marseille et un organisme \u00f4 combien important \u00e0 mes yeux : le <a href=\"https:\/\/www.atlas-citl.org\/citl\/\">Coll\u00e8ge international des Traducteurs litt\u00e9raires<\/a>. Peut-\u00eatre, lors d&rsquo;une visite pr\u00e9c\u00e9dente, avez-vous d\u00e9j\u00e0 aper\u00e7u une silhouette furtive entrer par une porte d\u00e9rob\u00e9e tout au fond de la cour, et vous \u00eates-vous demand\u00e9 qui pouvait bien p\u00e9n\u00e9trer ainsi dans le saint des saints ? C&rsquo;\u00e9tait fort probablement un traducteur en r\u00e9sidence qui vivait alors dans les \u00e9tages sup\u00e9rieurs de l&rsquo;espace Van Gogh.<\/p>\n<p>Le Coll\u00e8ge international des traducteurs litt\u00e9raires, sous la houlette de l&rsquo;association ATLAS (Association pour la promotion de la traduction litt\u00e9raire) est un lieu privil\u00e9gi\u00e9 qui accueille des traducteurs du monde entier en leur offrant une biblioth\u00e8que o\u00f9 se concentrer sur leur projet au premier \u00e9tage, et une r\u00e9sidence o\u00f9 se reposer au deuxi\u00e8me \u00e9tage. On aper\u00e7oit d&rsquo;ailleurs les fen\u00eatres de nos chambres depuis le jardin, sur le mur ouest, en face de l&rsquo;entr\u00e9e.<\/p>\n<p><img decoding=\"async\" loading=\"lazy\" class=\"aligncenter wp-image-7553 size-full\" src=\"https:\/\/arpenterlechemin.com\/wp-content\/uploads\/2019\/04\/Arles-espace-Van-gogh-e1650975059334.jpg\" alt=\"Arles espace Van gogh\" width=\"1400\" height=\"788\" \/><\/p>\n<p>Et c&rsquo;est ainsi que l&rsquo;espace Van Gogh, sous ses airs de lieu touristique, est v\u00e9ritablement une \u00ab\u00a0<strong>maison d&rsquo;artiste(s)<\/strong>\u00ab\u00a0.\u00a0 Vous le croirez ou non, mais au fil des ans, ce sont plus de 1300 traducteurs qui sont venus vivre entre ces murs pour une dur\u00e9e de deux semaines \u00e0 trois mois, dans une sorte de <a href=\"https:\/\/arpenterlechemin.com\/index.php\/2019\/01\/03\/conseils-nomade-numerique\/\">retraite num\u00e9rique<\/a> encadr\u00e9e. C&rsquo;est d&rsquo;ailleurs ce qui m&rsquo;am\u00e8ne \u00e0 <a href=\"http:\/\/www.atlas-citl.org\/atelier-anglais-francais_2019\/\">s\u00e9journer deux mois \u00e0 Arles<\/a> en ce printemps 2019, venant ajouter ma pierre \u00e0 l&rsquo;\u00e9difice culturel construit par les traducteurs, qui sont des artistes de l&rsquo;ombre. Rappelez-vous, <a href=\"https:\/\/amzn.to\/2MHyRhE\">la traduction est mon m\u00e9tier<\/a>.<\/p>\n<p>En France, les <strong>traducteurs litt\u00e9raires ont un statut d&rsquo;auteur<\/strong>, et notre travail rel\u00e8ve de la cr\u00e9ation. <a href=\"https:\/\/www.sgdl.org\/sgdl-accueil\/presse\/presse-acte-des-forums\/la-traduction-litteraire\/1519-les-chiffres-de-la-traduction-par-geoffroy-pelletier\">Pr\u00e8s d&rsquo;un livre sur six<\/a> est publi\u00e9 en traduction, et pour les romans, c&rsquo;est un sur trois. Si vous avez lu un livre cette ann\u00e9e, il y a de grandes chances pour que ce soit gr\u00e2ce au travail d&rsquo;un traducteur, petit moine copiste discret qui pr\u00e9f\u00e8re g\u00e9n\u00e9ralement oeuvre seul dans son coin. Ce n&rsquo;est pas pour rien que cette r\u00e9sidence se trouve, litt\u00e9ralement, dans un clo\u00eetre&#8230;<\/p>\n<p><img decoding=\"async\" loading=\"lazy\" class=\"aligncenter wp-image-7557 size-full\" src=\"https:\/\/arpenterlechemin.com\/wp-content\/uploads\/2019\/04\/Arles-espace-van-gogh-iris-provence-blog-voyage-france-arpenter-le-chemin-e1650975069314.jpg\" alt=\"Arles espace van gogh iris provence blog voyage france arpenter le chemin\" width=\"1400\" height=\"788\" \/><\/p>\n<p>On ne visite pas le CITL, mais vous vous consolerez en venant admirer la biblioth\u00e8que de l&rsquo;ext\u00e9rieur depuis la coursive ouest au premier \u00e9tage. Avec un peu de chance, vous pourrez apercevoir l&rsquo;un de nos visages blafards, pench\u00e9 sur un ouvrage pour tisser des ouvrages avec une minutie de brodeuse, ou les yeux dans la ramure des tilleuls, sans voir les touristes qui se pressent dans le jardin, \u00e0 s&rsquo;imaginer au XIXe si\u00e8cle, hors de la ville et hors du temps.<\/p>\n<p>Si vous venez visiter l&rsquo;Espace Van Gogh, je vous invite \u00e0 avoir une pens\u00e9e pour Vincent Van Gogh, \u00e9videmment, mais aussi pour tous les traducteurs et traductrices qui sont pass\u00e9s entre ces murs et ont contribu\u00e9, \u00e0 leur \u00e9chelle de fourmi, \u00e0 vous offrir les cl\u00e9s d&rsquo;une culture et d&rsquo;une litt\u00e9rature diff\u00e9rente.<\/p>\n<h3><span style=\"color: #000080;\">Infos pratiques<\/span><\/h3>\n<ul>\n<li><span style=\"color: #000080;\">Venir \u00e0 Arles en train :<\/span> Arles est id\u00e9ale \u00e0 visiter sans voiture gr\u00e2ce \u00e0 sa gare TGV. Depuis Paris, quelques TGV \u00e0 destination de Marseille desservent Arles chaque jour, m\u00eame s&rsquo;il vous faudra plus probablement changer \u00e0 Avignon ou N\u00eemes. Comptez de 3 h 40 \u00e0 5 h 10 de trajet. Depuis Lyon, comptez 2 h 40 en TER, votre meilleure option rapport dur\u00e9e\/prix : le TGV sera plus cher et vous aurez presque forc\u00e9ment un changement.<\/li>\n<li><span style=\"color: #000080;\">Venir \u00e0 Arles en voiture :<\/span> la ville \u00e9tant extr\u00eamement ramass\u00e9e sur elle-m\u00eame, le centre-ville n&rsquo;est accessible en voiture qu&rsquo;aux habitants. Je vous conseille vraiment de venir en train mais si ce n&rsquo;est pas possible, par exemple dans le cadre d&rsquo;une vir\u00e9e en Camargue, vous disposez de quelques parkings hors des remparts, notamment vers la gare et sur le boulevard des Lices (ferm\u00e9 le mercredi et samedi matin pour cause de march\u00e9).<\/li>\n<li><span style=\"color: #000080;\">Circuler dans Arles :<\/span> un des immenses avantages d&rsquo;Arles, c&rsquo;est qu&rsquo;on peut tout faire \u00e0 pied. De toute fa\u00e7on, les ruelles romaines sont trop petites pour les bus ! Prenez de bonnes chaussures pour battre le pav\u00e9, et le tour est jou\u00e9 !<\/li>\n<li><span style=\"color: #000080;\">Pass touristique \u00e0 Arles :<\/span> l&rsquo;office du tourisme propose plusieurs billets group\u00e9s : le Pass Monuments Avantages pour voir six monuments et trois mus\u00e9es au choix, le Pass Monuments Libert\u00e9 pour quatre monuments au choix, le Mus\u00e9e R\u00e9attu et un autre mus\u00e9e, un pass combin\u00e9 ar\u00e8nes + th\u00e9\u00e2tre antique&#8230; \u00c0 acheter en ligne ou \u00e0 l&rsquo;OT au 9 boulevard des Lices. <a href=\"https:\/\/arlestourisme.tickeasy.com\/fr-FR\/familles?famillesParentes=1834064150990400006\">Plus d&rsquo;infos ici.<\/a><\/li>\n<li><span style=\"color: #000080;\">Espace Van Gogh :<\/span> l&rsquo;espace est accessible gratuitement de 7 h \u00e0 19 h du lundi au samedi.<\/li>\n<li>Il est aussi possible de faire une<a href=\"https:\/\/www.civitatis.com\/fr\/arles\/visite-van-gogh-provence?aid=7315\"> visite guid\u00e9e sur Van Gogh en Provence en cliquant ici !<\/a><\/li>\n<\/ul>\n<h3><span style=\"color: #000080;\">O\u00f9 dormir \u00e0 Arles<\/span><\/h3>\n<ul>\n<li><a href=\"https:\/\/www.booking.com\/hotel\/fr\/le-calendal-arles.en.html?aid=1571475&amp;no_rooms=1&amp;group_adults=1\">H\u00f4tel Spa Le Calendal<\/a>, 5 rue Porte de Laure. Un h\u00f4tel-spa qui donne directement sur l&rsquo;amphith\u00e9\u00e2tre et les ar\u00e8nes, un emplacement exceptionnel.<\/li>\n<li><a href=\"https:\/\/www.booking.com\/hotel\/fr\/grand-nord-pinus.en.html?aid=1571475&amp;no_rooms=1&amp;group_adults=1\">Grand H\u00f4tel Nord Pinus<\/a>, place du Forum. Ici aussi, un cadre incroyable, juste sur la place du Forum. \u00c0 r\u00e9server aux personnes qui appr\u00e9cient la vie nocturne !<\/li>\n<li><a href=\"https:\/\/www.booking.com\/hotel\/fr\/hotelleregence.en.html?aid=1571475&amp;no_rooms=1&amp;group_adults=1\">Le R\u00e9gence<\/a>, 5 rue Marius Jouveau. Un h\u00f4tel simple \u00e0 prix modique.<\/li>\n<li><a href=\"https:\/\/www.booking.com\/hotel\/fr\/auberge-du-pelerin-et-du-voyageur.en.html?aid=1571475&amp;no_rooms=1&amp;group_adults=1\">L&rsquo;Auberge du p\u00e8lerin et du voyageur<\/a>, 26 place Pomme : une auberge de jeunesse que j&rsquo;ai eu la chance d&rsquo;essayer lors des Assises de la Traduction 2019. Un tr\u00e8s vieux b\u00e2timent arl\u00e9sien \u00e0 deux pas des ar\u00e8nes. Si vous \u00eates trois ou moins, demandez la chambre 6, au dernier \u00e9tage : douche et toilettes seront dans la chambre. 25 \u20ac\/personne\/nuit.<\/li>\n<\/ul>\n<p>Si ce billet sur la Provence vous a plu, voici d&rsquo;autres id\u00e9es :<\/p>\n<ul>\n<li><a href=\"https:\/\/arpenterlechemin.com\/index.php\/2019\/04\/23\/france-escapade-provence\/\">Trois villages adorables \u00e0 d\u00e9couvrir en Provence<\/a><\/li>\n<li><a href=\"https:\/\/arpenterlechemin.com\/index.php\/2019\/12\/10\/carrieres-lumieres\/\">Les Carri\u00e8res de Lumi\u00e8re aux Baux de Provence<\/a><\/li>\n<li><a href=\"https:\/\/arpenterlechemin.com\/index.php\/2019\/08\/21\/palais-papes-avignon\/\">Le Palais des Papes \u00e0 Avignon<\/a><\/li>\n<li><a href=\"https:\/\/arpenterlechemin.com\/index.php\/2019\/05\/14\/marseille-escapade\/\">Que faire \u00e0 Marseille<\/a><\/li>\n<\/ul>\n<p><em>Et vous, connaissez-vous l&rsquo;espace Van Gogh ? Aviez-vous connaissance du Coll\u00e8ge International des Traducteurs Litt\u00e9raires ? Je vous attends dans les commentaires ! Oyez, oyez. Ce billet contient des <a href=\"https:\/\/arpenterlechemin.com\/index.php\/2018\/12\/01\/soutenir-blog\/\">liens affili\u00e9s<\/a>.<\/em><\/p>\n<p><img decoding=\"async\" loading=\"lazy\" class=\"alignnone wp-image-7566 size-medium\" src=\"https:\/\/arpenterlechemin.com\/wp-content\/uploads\/2019\/04\/arles-espace-van-gogh-que-voir-blog-voyage-france-arpenter-le-chemin-267x400.jpg\" alt=\"arles espace van gogh que voir blog voyage france arpenter le chemin\" width=\"267\" height=\"400\" srcset=\"https:\/\/arpenterlechemin.com\/wp-content\/uploads\/2019\/04\/arles-espace-van-gogh-que-voir-blog-voyage-france-arpenter-le-chemin-267x400.jpg 267w, https:\/\/arpenterlechemin.com\/wp-content\/uploads\/2019\/04\/arles-espace-van-gogh-que-voir-blog-voyage-france-arpenter-le-chemin-390x585.jpg 390w, https:\/\/arpenterlechemin.com\/wp-content\/uploads\/2019\/04\/arles-espace-van-gogh-que-voir-blog-voyage-france-arpenter-le-chemin.jpg 735w\" sizes=\"(max-width: 267px) 100vw, 267px\" \/> <img decoding=\"async\" loading=\"lazy\" class=\"alignnone wp-image-7562 size-medium\" src=\"https:\/\/arpenterlechemin.com\/wp-content\/uploads\/2019\/04\/france-arles-visiter-que-voir-blog-voyage-arpenter-le-chemin-267x400.jpg\" alt=\"france arles visiter que voir blog voyage arpenter le chemin\" width=\"267\" height=\"400\" srcset=\"https:\/\/arpenterlechemin.com\/wp-content\/uploads\/2019\/04\/france-arles-visiter-que-voir-blog-voyage-arpenter-le-chemin-267x400.jpg 267w, https:\/\/arpenterlechemin.com\/wp-content\/uploads\/2019\/04\/france-arles-visiter-que-voir-blog-voyage-arpenter-le-chemin-390x585.jpg 390w, https:\/\/arpenterlechemin.com\/wp-content\/uploads\/2019\/04\/france-arles-visiter-que-voir-blog-voyage-arpenter-le-chemin.jpg 735w\" sizes=\"(max-width: 267px) 100vw, 267px\" \/> <img decoding=\"async\" loading=\"lazy\" class=\"alignnone wp-image-7559 size-medium\" src=\"https:\/\/arpenterlechemin.com\/wp-content\/uploads\/2019\/04\/arles-voyage-citytrip-blog-voyage-france-arpenter-le-chemin-267x400.jpg\" alt=\"arles voyage citytrip blog voyage france arpenter le chemin\" width=\"267\" height=\"400\" srcset=\"https:\/\/arpenterlechemin.com\/wp-content\/uploads\/2019\/04\/arles-voyage-citytrip-blog-voyage-france-arpenter-le-chemin-267x400.jpg 267w, https:\/\/arpenterlechemin.com\/wp-content\/uploads\/2019\/04\/arles-voyage-citytrip-blog-voyage-france-arpenter-le-chemin-390x585.jpg 390w, https:\/\/arpenterlechemin.com\/wp-content\/uploads\/2019\/04\/arles-voyage-citytrip-blog-voyage-france-arpenter-le-chemin.jpg 735w\" sizes=\"(max-width: 267px) 100vw, 267px\" \/><\/p>\n","protected":false},"excerpt":{"rendered":"<p>Que serait-on sans artistes ? \u00c0 l&rsquo;heure o\u00f9 le gouvernement fran\u00e7ais r\u00e9forme le r\u00e9gime des retraites des auteurs, avec des cons\u00e9quences d\u00e9sastreuses sur la production de contenus culturels, il est plus important que jamais de rappeler que les artistes sont indispensables dans notre soci\u00e9t\u00e9. Sans artistes, pas de chansons, pas de musique, pas de livres \u00e0 lire, pas de films \u00e0 regarder au cin\u00e9ma ou \u00e0 la t\u00e9l\u00e9vision, pas de peintures \u00e0 admirer. Beaucoup de choses agr\u00e9ables dans la vie, nous les devons aux auteurs. Ce mois-ci, le th\u00e8me du <\/p>\n","protected":false},"author":1,"featured_media":7556,"comment_status":"open","ping_status":"open","sticky":false,"template":"","format":"standard","meta":{"jetpack_post_was_ever_published":false},"categories":[1,531],"tags":[685,668,516,542,682,684,647],"yoast_head":"<!-- This site is optimized with the Yoast SEO plugin v20.7 - https:\/\/yoast.com\/wordpress\/plugins\/seo\/ -->\n<title>FRANCE \/\/ L&#039;espace Van Gogh \u00e0 Arles - Arpenter le chemin<\/title>\n<meta name=\"description\" content=\"Visiter l&#039;Espace Van Gogh \u00e0 Arles : infos pratiques et histoire. Dans les coulisses de l&#039;espace Van Gogh et du Coll\u00e8ge international des traducteurs...\" \/>\n<meta name=\"robots\" content=\"index, follow, max-snippet:-1, max-image-preview:large, max-video-preview:-1\" \/>\n<link rel=\"canonical\" href=\"https:\/\/arpenterlechemin.com\/index.php\/2019\/05\/07\/arles-espace-van-gogh\/\" \/>\n<meta property=\"og:locale\" content=\"fr_FR\" \/>\n<meta property=\"og:type\" content=\"article\" \/>\n<meta property=\"og:title\" content=\"FRANCE \/\/ L&#039;espace Van Gogh \u00e0 Arles - Arpenter le chemin\" \/>\n<meta property=\"og:description\" content=\"Visiter l&#039;Espace Van Gogh \u00e0 Arles : infos pratiques et histoire. Dans les coulisses de l&#039;espace Van Gogh et du Coll\u00e8ge international des traducteurs...\" \/>\n<meta property=\"og:url\" content=\"https:\/\/arpenterlechemin.com\/index.php\/2019\/05\/07\/arles-espace-van-gogh\/\" \/>\n<meta property=\"og:site_name\" content=\"Arpenter le chemin\" \/>\n<meta property=\"article:published_time\" content=\"2019-05-07T05:57:14+00:00\" \/>\n<meta property=\"article:modified_time\" content=\"2022-04-26T12:11:20+00:00\" \/>\n<meta property=\"og:image\" content=\"https:\/\/arpenterlechemin.com\/wp-content\/uploads\/2019\/04\/espace-van-gogh-arles-escapades-provence-blog-voyage-arpenter-le-chemin.jpg\" \/>\n\t<meta property=\"og:image:width\" content=\"1040\" \/>\n\t<meta property=\"og:image:height\" content=\"585\" \/>\n\t<meta property=\"og:image:type\" content=\"image\/jpeg\" \/>\n<meta name=\"author\" content=\"Audrey\" \/>\n<meta name=\"twitter:card\" content=\"summary_large_image\" \/>\n<meta name=\"twitter:label1\" content=\"\u00c9crit par\" \/>\n\t<meta name=\"twitter:data1\" content=\"Audrey\" \/>\n\t<meta name=\"twitter:label2\" content=\"Dur\u00e9e de lecture estim\u00e9e\" \/>\n\t<meta name=\"twitter:data2\" content=\"8 minutes\" \/>\n<script type=\"application\/ld+json\" class=\"yoast-schema-graph\">{\"@context\":\"https:\/\/schema.org\",\"@graph\":[{\"@type\":\"Article\",\"@id\":\"https:\/\/arpenterlechemin.com\/index.php\/2019\/05\/07\/arles-espace-van-gogh\/#article\",\"isPartOf\":{\"@id\":\"https:\/\/arpenterlechemin.com\/index.php\/2019\/05\/07\/arles-espace-van-gogh\/\"},\"author\":{\"name\":\"Audrey\",\"@id\":\"https:\/\/arpenterlechemin.com\/#\/schema\/person\/1d187818c0988fbea4d682c1e59c795c\"},\"headline\":\"FRANCE \/\/ L&rsquo;espace Van Gogh \u00e0 Arles\",\"datePublished\":\"2019-05-07T05:57:14+00:00\",\"dateModified\":\"2022-04-26T12:11:20+00:00\",\"mainEntityOfPage\":{\"@id\":\"https:\/\/arpenterlechemin.com\/index.php\/2019\/05\/07\/arles-espace-van-gogh\/\"},\"wordCount\":1624,\"commentCount\":14,\"publisher\":{\"@id\":\"https:\/\/arpenterlechemin.com\/#organization\"},\"keywords\":[\"arles\",\"enfranceaussi\",\"france\",\"nomade num\u00e9rique\",\"provence\",\"traduction\",\"ville\"],\"articleSection\":[\"Blog\",\"Europe\"],\"inLanguage\":\"fr-FR\",\"potentialAction\":[{\"@type\":\"CommentAction\",\"name\":\"Comment\",\"target\":[\"https:\/\/arpenterlechemin.com\/index.php\/2019\/05\/07\/arles-espace-van-gogh\/#respond\"]}]},{\"@type\":\"WebPage\",\"@id\":\"https:\/\/arpenterlechemin.com\/index.php\/2019\/05\/07\/arles-espace-van-gogh\/\",\"url\":\"https:\/\/arpenterlechemin.com\/index.php\/2019\/05\/07\/arles-espace-van-gogh\/\",\"name\":\"FRANCE \/\/ L'espace Van Gogh \u00e0 Arles - Arpenter le chemin\",\"isPartOf\":{\"@id\":\"https:\/\/arpenterlechemin.com\/#website\"},\"datePublished\":\"2019-05-07T05:57:14+00:00\",\"dateModified\":\"2022-04-26T12:11:20+00:00\",\"description\":\"Visiter l'Espace Van Gogh \u00e0 Arles : infos pratiques et histoire. Dans les coulisses de l'espace Van Gogh et du Coll\u00e8ge international des traducteurs...\",\"breadcrumb\":{\"@id\":\"https:\/\/arpenterlechemin.com\/index.php\/2019\/05\/07\/arles-espace-van-gogh\/#breadcrumb\"},\"inLanguage\":\"fr-FR\",\"potentialAction\":[{\"@type\":\"ReadAction\",\"target\":[\"https:\/\/arpenterlechemin.com\/index.php\/2019\/05\/07\/arles-espace-van-gogh\/\"]}]},{\"@type\":\"BreadcrumbList\",\"@id\":\"https:\/\/arpenterlechemin.com\/index.php\/2019\/05\/07\/arles-espace-van-gogh\/#breadcrumb\",\"itemListElement\":[{\"@type\":\"ListItem\",\"position\":1,\"name\":\"Home\",\"item\":\"https:\/\/arpenterlechemin.com\/\"},{\"@type\":\"ListItem\",\"position\":2,\"name\":\"FRANCE \/\/ L&rsquo;espace Van Gogh \u00e0 Arles\"}]},{\"@type\":\"WebSite\",\"@id\":\"https:\/\/arpenterlechemin.com\/#website\",\"url\":\"https:\/\/arpenterlechemin.com\/\",\"name\":\"Arpenter le chemin\",\"description\":\"\",\"publisher\":{\"@id\":\"https:\/\/arpenterlechemin.com\/#organization\"},\"potentialAction\":[{\"@type\":\"SearchAction\",\"target\":{\"@type\":\"EntryPoint\",\"urlTemplate\":\"https:\/\/arpenterlechemin.com\/?s={search_term_string}\"},\"query-input\":\"required name=search_term_string\"}],\"inLanguage\":\"fr-FR\"},{\"@type\":\"Organization\",\"@id\":\"https:\/\/arpenterlechemin.com\/#organization\",\"name\":\"Arpenter le chemin\",\"url\":\"https:\/\/arpenterlechemin.com\/\",\"logo\":{\"@type\":\"ImageObject\",\"inLanguage\":\"fr-FR\",\"@id\":\"https:\/\/arpenterlechemin.com\/#\/schema\/logo\/image\/\",\"url\":\"https:\/\/arpenterlechemin.com\/wp-content\/uploads\/2017\/04\/icone-4.jpg\",\"contentUrl\":\"https:\/\/arpenterlechemin.com\/wp-content\/uploads\/2017\/04\/icone-4.jpg\",\"width\":150,\"height\":73,\"caption\":\"Arpenter le chemin\"},\"image\":{\"@id\":\"https:\/\/arpenterlechemin.com\/#\/schema\/logo\/image\/\"}},{\"@type\":\"Person\",\"@id\":\"https:\/\/arpenterlechemin.com\/#\/schema\/person\/1d187818c0988fbea4d682c1e59c795c\",\"name\":\"Audrey\",\"image\":{\"@type\":\"ImageObject\",\"inLanguage\":\"fr-FR\",\"@id\":\"https:\/\/arpenterlechemin.com\/#\/schema\/person\/image\/\",\"url\":\"https:\/\/secure.gravatar.com\/avatar\/b75298f64c73f1709976c50921beae6a?s=96&d=mm&r=g\",\"contentUrl\":\"https:\/\/secure.gravatar.com\/avatar\/b75298f64c73f1709976c50921beae6a?s=96&d=mm&r=g\",\"caption\":\"Audrey\"},\"description\":\"Allergique \u00e0 la routine, atteinte de bougeotte aigu\u00eb, j'essaie de m'envoler aussi souvent que possible, seule, en couple ou entre amis ! Ville, nature, culture, rando... tout me va, \u00e0 partir du moment o\u00f9 je suis dehors.\",\"url\":\"https:\/\/arpenterlechemin.com\/index.php\/author\/audreyf\/\"}]}<\/script>\n<!-- \/ Yoast SEO plugin. -->","yoast_head_json":{"title":"FRANCE \/\/ L'espace Van Gogh \u00e0 Arles - Arpenter le chemin","description":"Visiter l'Espace Van Gogh \u00e0 Arles : infos pratiques et histoire. Dans les coulisses de l'espace Van Gogh et du Coll\u00e8ge international des traducteurs...","robots":{"index":"index","follow":"follow","max-snippet":"max-snippet:-1","max-image-preview":"max-image-preview:large","max-video-preview":"max-video-preview:-1"},"canonical":"https:\/\/arpenterlechemin.com\/index.php\/2019\/05\/07\/arles-espace-van-gogh\/","og_locale":"fr_FR","og_type":"article","og_title":"FRANCE \/\/ L'espace Van Gogh \u00e0 Arles - Arpenter le chemin","og_description":"Visiter l'Espace Van Gogh \u00e0 Arles : infos pratiques et histoire. Dans les coulisses de l'espace Van Gogh et du Coll\u00e8ge international des traducteurs...","og_url":"https:\/\/arpenterlechemin.com\/index.php\/2019\/05\/07\/arles-espace-van-gogh\/","og_site_name":"Arpenter le chemin","article_published_time":"2019-05-07T05:57:14+00:00","article_modified_time":"2022-04-26T12:11:20+00:00","og_image":[{"width":1040,"height":585,"url":"https:\/\/arpenterlechemin.com\/wp-content\/uploads\/2019\/04\/espace-van-gogh-arles-escapades-provence-blog-voyage-arpenter-le-chemin.jpg","type":"image\/jpeg"}],"author":"Audrey","twitter_card":"summary_large_image","twitter_misc":{"\u00c9crit par":"Audrey","Dur\u00e9e de lecture estim\u00e9e":"8 minutes"},"schema":{"@context":"https:\/\/schema.org","@graph":[{"@type":"Article","@id":"https:\/\/arpenterlechemin.com\/index.php\/2019\/05\/07\/arles-espace-van-gogh\/#article","isPartOf":{"@id":"https:\/\/arpenterlechemin.com\/index.php\/2019\/05\/07\/arles-espace-van-gogh\/"},"author":{"name":"Audrey","@id":"https:\/\/arpenterlechemin.com\/#\/schema\/person\/1d187818c0988fbea4d682c1e59c795c"},"headline":"FRANCE \/\/ L&rsquo;espace Van Gogh \u00e0 Arles","datePublished":"2019-05-07T05:57:14+00:00","dateModified":"2022-04-26T12:11:20+00:00","mainEntityOfPage":{"@id":"https:\/\/arpenterlechemin.com\/index.php\/2019\/05\/07\/arles-espace-van-gogh\/"},"wordCount":1624,"commentCount":14,"publisher":{"@id":"https:\/\/arpenterlechemin.com\/#organization"},"keywords":["arles","enfranceaussi","france","nomade num\u00e9rique","provence","traduction","ville"],"articleSection":["Blog","Europe"],"inLanguage":"fr-FR","potentialAction":[{"@type":"CommentAction","name":"Comment","target":["https:\/\/arpenterlechemin.com\/index.php\/2019\/05\/07\/arles-espace-van-gogh\/#respond"]}]},{"@type":"WebPage","@id":"https:\/\/arpenterlechemin.com\/index.php\/2019\/05\/07\/arles-espace-van-gogh\/","url":"https:\/\/arpenterlechemin.com\/index.php\/2019\/05\/07\/arles-espace-van-gogh\/","name":"FRANCE \/\/ L'espace Van Gogh \u00e0 Arles - Arpenter le chemin","isPartOf":{"@id":"https:\/\/arpenterlechemin.com\/#website"},"datePublished":"2019-05-07T05:57:14+00:00","dateModified":"2022-04-26T12:11:20+00:00","description":"Visiter l'Espace Van Gogh \u00e0 Arles : infos pratiques et histoire. Dans les coulisses de l'espace Van Gogh et du Coll\u00e8ge international des traducteurs...","breadcrumb":{"@id":"https:\/\/arpenterlechemin.com\/index.php\/2019\/05\/07\/arles-espace-van-gogh\/#breadcrumb"},"inLanguage":"fr-FR","potentialAction":[{"@type":"ReadAction","target":["https:\/\/arpenterlechemin.com\/index.php\/2019\/05\/07\/arles-espace-van-gogh\/"]}]},{"@type":"BreadcrumbList","@id":"https:\/\/arpenterlechemin.com\/index.php\/2019\/05\/07\/arles-espace-van-gogh\/#breadcrumb","itemListElement":[{"@type":"ListItem","position":1,"name":"Home","item":"https:\/\/arpenterlechemin.com\/"},{"@type":"ListItem","position":2,"name":"FRANCE \/\/ L&rsquo;espace Van Gogh \u00e0 Arles"}]},{"@type":"WebSite","@id":"https:\/\/arpenterlechemin.com\/#website","url":"https:\/\/arpenterlechemin.com\/","name":"Arpenter le chemin","description":"","publisher":{"@id":"https:\/\/arpenterlechemin.com\/#organization"},"potentialAction":[{"@type":"SearchAction","target":{"@type":"EntryPoint","urlTemplate":"https:\/\/arpenterlechemin.com\/?s={search_term_string}"},"query-input":"required name=search_term_string"}],"inLanguage":"fr-FR"},{"@type":"Organization","@id":"https:\/\/arpenterlechemin.com\/#organization","name":"Arpenter le chemin","url":"https:\/\/arpenterlechemin.com\/","logo":{"@type":"ImageObject","inLanguage":"fr-FR","@id":"https:\/\/arpenterlechemin.com\/#\/schema\/logo\/image\/","url":"https:\/\/arpenterlechemin.com\/wp-content\/uploads\/2017\/04\/icone-4.jpg","contentUrl":"https:\/\/arpenterlechemin.com\/wp-content\/uploads\/2017\/04\/icone-4.jpg","width":150,"height":73,"caption":"Arpenter le chemin"},"image":{"@id":"https:\/\/arpenterlechemin.com\/#\/schema\/logo\/image\/"}},{"@type":"Person","@id":"https:\/\/arpenterlechemin.com\/#\/schema\/person\/1d187818c0988fbea4d682c1e59c795c","name":"Audrey","image":{"@type":"ImageObject","inLanguage":"fr-FR","@id":"https:\/\/arpenterlechemin.com\/#\/schema\/person\/image\/","url":"https:\/\/secure.gravatar.com\/avatar\/b75298f64c73f1709976c50921beae6a?s=96&d=mm&r=g","contentUrl":"https:\/\/secure.gravatar.com\/avatar\/b75298f64c73f1709976c50921beae6a?s=96&d=mm&r=g","caption":"Audrey"},"description":"Allergique \u00e0 la routine, atteinte de bougeotte aigu\u00eb, j'essaie de m'envoler aussi souvent que possible, seule, en couple ou entre amis ! Ville, nature, culture, rando... tout me va, \u00e0 partir du moment o\u00f9 je suis dehors.","url":"https:\/\/arpenterlechemin.com\/index.php\/author\/audreyf\/"}]}},"jetpack_featured_media_url":"https:\/\/arpenterlechemin.com\/wp-content\/uploads\/2019\/04\/espace-van-gogh-arles-escapades-provence-blog-voyage-arpenter-le-chemin.jpg","jetpack_sharing_enabled":true,"jetpack_shortlink":"https:\/\/wp.me\/p8z9hR-1XH","jetpack-related-posts":[{"id":10831,"url":"https:\/\/arpenterlechemin.com\/index.php\/2021\/11\/01\/alyscamps-arles\/","url_meta":{"origin":7545,"position":0},"title":"FRANCE \/\/ Les Alyscamps d&rsquo;Arles","date":"1 novembre 2021","format":false,"excerpt":"Oh, novembre, mois sombre et gris. Pour en rajouter une couche, la Toussaint et le Jour des morts inaugurent g\u00e9n\u00e9ralement le mois de novembre par une visite lugubre au cimeti\u00e8re. Et si on changeait de regard sur les cimeti\u00e8res ? De lieux d'une grande tristesse, ils peuvent devenir une destination\u2026","rel":"","context":"Dans &quot;Blog&quot;","img":{"alt_text":"Visiter les Alyscamps \u00e0 Arles","src":"https:\/\/i0.wp.com\/arpenterlechemin.com\/wp-content\/uploads\/2021\/10\/Visiter-les-Alyscamps-\u00e0-Arles.jpg?resize=350%2C200&ssl=1","width":350,"height":200},"classes":[]},{"id":7606,"url":"https:\/\/arpenterlechemin.com\/index.php\/2020\/03\/17\/arles-escapade\/","url_meta":{"origin":7545,"position":1},"title":"FRANCE \/\/ Arles, que voir lors d&rsquo;une premi\u00e8re visite","date":"17 mars 2020","format":false,"excerpt":"Il y a tout juste un an, je d\u00e9laissais mon Canada ch\u00e9ri pour venir dans une ville inconnue qui m'a adopt\u00e9e l'espace de petits deux mois et demi : Arles, aux portes de la Camargue, dans une France si lointaine de celle que je connais en Haute-Savoie et \u00e0 Lyon\u2026","rel":"","context":"Dans &quot;Blog&quot;","img":{"alt_text":"Arles Provence escapade","src":"https:\/\/i0.wp.com\/arpenterlechemin.com\/wp-content\/uploads\/2019\/06\/Arles-Provence-escapade.jpg?resize=350%2C200&ssl=1","width":350,"height":200},"classes":[]},{"id":7898,"url":"https:\/\/arpenterlechemin.com\/index.php\/2019\/07\/10\/ce-que-jaime-france\/","url_meta":{"origin":7545,"position":2},"title":"FRANCE \/\/ Ce que j&rsquo;aime quand je reviens en France","date":"10 juillet 2019","format":false,"excerpt":"Si vous saviez comme j'aime le Canada... Alors que nous venons de c\u00e9l\u00e9brer pour la cinqui\u00e8me fois la f\u00eate nationale canadienne et que nous nous appr\u00eatons \u00e0 entamer notre sixi\u00e8me ann\u00e9e au pays des maringouins caribous gens les plus gentils au monde, j'avais envie non pas de dresser la liste\u2026","rel":"","context":"Dans &quot;Blog&quot;","img":{"alt_text":"petits plaisirs france blog voyage arpenter le chemin","src":"https:\/\/i0.wp.com\/arpenterlechemin.com\/wp-content\/uploads\/2019\/07\/petits-plaisirs-france-blog-voyage-arpenter-le-chemin.jpg?resize=350%2C200&ssl=1","width":350,"height":200},"classes":[]},{"id":8594,"url":"https:\/\/arpenterlechemin.com\/index.php\/2019\/12\/10\/carrieres-lumieres\/","url_meta":{"origin":7545,"position":3},"title":"FRANCE \/\/ Les Carri\u00e8res de lumi\u00e8res","date":"10 d\u00e9cembre 2019","format":false,"excerpt":"Lors de mon r\u00e9cit d'une escapade proven\u00e7ale voil\u00e0 quelques mois, j'ai omis de parler d'une attraction majeure de la r\u00e9gion : les Carri\u00e8res de lumi\u00e8res. Lieu onirique magnifiquement mis en sc\u00e8ne, cach\u00e9 dans les entrailles des Alpilles, il est un incontournable en Provence et une excellente occupation dans les rares\u2026","rel":"","context":"Dans &quot;Blog&quot;","img":{"alt_text":"carrieres lumiere baux de provence blog voyage france arpenter le chemin (1)","src":"https:\/\/i0.wp.com\/arpenterlechemin.com\/wp-content\/uploads\/2020\/12\/carrieres-lumiere-baux-de-provence-blog-voyage-france-arpenter-le-chemin-1.jpg?resize=350%2C200&ssl=1","width":350,"height":200},"classes":[]},{"id":8617,"url":"https:\/\/arpenterlechemin.com\/index.php\/2019\/12\/30\/retrospective-voyage-2019\/","url_meta":{"origin":7545,"position":4},"title":"Ma r\u00e9trospective de voyage \/\/ 2019","date":"30 d\u00e9cembre 2019","format":false,"excerpt":"Bonjour \u00e0 tous ! Comme tous les ans, la fin de l'ann\u00e9e est le moment de tirer des bilans, de revenir sur ce qu'on a v\u00e9cu et peut-\u00eatre, de se rendre que le temps \u00e9coul\u00e9 a \u00e9t\u00e9 bien utilis\u00e9. Il y a quelques ann\u00e9es, j'avais horreur des r\u00e9trospectives au parfum\u2026","rel":"","context":"Dans &quot;Am\u00e9rique du Nord&quot;","img":{"alt_text":"retrospective voyages 2019 arpenter le chemin","src":"https:\/\/i0.wp.com\/arpenterlechemin.com\/wp-content\/uploads\/2020\/12\/retrospective-voyages-2019-arpenter-le-chemin.jpg?resize=350%2C200&ssl=1","width":350,"height":200},"classes":[]},{"id":7629,"url":"https:\/\/arpenterlechemin.com\/index.php\/2020\/03\/27\/camargue\/","url_meta":{"origin":7545,"position":5},"title":"FRANCE \/\/ Camargue, id\u00e9es de visite pour une escapade","date":"27 mars 2020","format":false,"excerpt":"\u00c0 l'extr\u00e9mit\u00e9 sud de la Provence, la Camargue est un territoire \u00e0 part. Rizi\u00e8res et manades, flamants roses et chevaux blancs, la Camargue r\u00e9ussit \u00e0 avoir une identit\u00e9 unique dans un mouchoir de poche d\u00e9limit\u00e9 par le delta du Rh\u00f4ne. D'Arles aux Saintes-Maries-de-la-Mer, prot\u00e9g\u00e9s en grande partie par un parc\u2026","rel":"","context":"Dans &quot;Blog&quot;","img":{"alt_text":"Camargue Provence escapade","src":"https:\/\/i0.wp.com\/arpenterlechemin.com\/wp-content\/uploads\/2020\/03\/Camargue-Provence-escapade.jpg?resize=350%2C200&ssl=1","width":350,"height":200},"classes":[]}],"_links":{"self":[{"href":"https:\/\/arpenterlechemin.com\/index.php\/wp-json\/wp\/v2\/posts\/7545"}],"collection":[{"href":"https:\/\/arpenterlechemin.com\/index.php\/wp-json\/wp\/v2\/posts"}],"about":[{"href":"https:\/\/arpenterlechemin.com\/index.php\/wp-json\/wp\/v2\/types\/post"}],"author":[{"embeddable":true,"href":"https:\/\/arpenterlechemin.com\/index.php\/wp-json\/wp\/v2\/users\/1"}],"replies":[{"embeddable":true,"href":"https:\/\/arpenterlechemin.com\/index.php\/wp-json\/wp\/v2\/comments?post=7545"}],"version-history":[{"count":0,"href":"https:\/\/arpenterlechemin.com\/index.php\/wp-json\/wp\/v2\/posts\/7545\/revisions"}],"wp:featuredmedia":[{"embeddable":true,"href":"https:\/\/arpenterlechemin.com\/index.php\/wp-json\/wp\/v2\/media\/7556"}],"wp:attachment":[{"href":"https:\/\/arpenterlechemin.com\/index.php\/wp-json\/wp\/v2\/media?parent=7545"}],"wp:term":[{"taxonomy":"category","embeddable":true,"href":"https:\/\/arpenterlechemin.com\/index.php\/wp-json\/wp\/v2\/categories?post=7545"},{"taxonomy":"post_tag","embeddable":true,"href":"https:\/\/arpenterlechemin.com\/index.php\/wp-json\/wp\/v2\/tags?post=7545"}],"curies":[{"name":"wp","href":"https:\/\/api.w.org\/{rel}","templated":true}]}}