{"id":7506,"date":"2019-04-16T06:06:54","date_gmt":"2019-04-16T10:06:54","guid":{"rendered":"https:\/\/arpenterlechemin.com\/?p=7506"},"modified":"2019-06-05T15:05:16","modified_gmt":"2019-06-05T19:05:16","slug":"notre-dame-paris","status":"publish","type":"post","link":"https:\/\/arpenterlechemin.com\/index.php\/2019\/04\/16\/notre-dame-paris\/","title":{"rendered":"FRANCE \/\/ Notre-Dame de Paris, toujours vivante"},"content":{"rendered":"<p>C&rsquo;est le c\u0153ur triste que je vous livre ce petit billet. Samedi 13 avril 2019, \u00e0 17 h 30 pile, l&rsquo;heure indiqu\u00e9e sur mon billet, je me tenais f\u00e9brile, billet en main et sourire jusqu&rsquo;aux oreilles, pour r\u00e9aliser un r\u00eave de gosse : grimper les 390 marches qui me m\u00e8neraient \u00e0 la tour nord de la cath\u00e9drale Notre-Dame de Paris. Le matin, j&rsquo;avais d\u00e9j\u00e0 visit\u00e9 l&rsquo;int\u00e9rieur de ce b\u00e2timent incontournable, si incontournable qu&rsquo;on pensait qu&rsquo;il serait toujours l\u00e0, immuable, \u00e0 notre disposition. Lundi 15 avril, une partie de la cath\u00e9drale a pris feu.<\/p>\n<p>Ce n&rsquo;est pas facile de partager ces photos avec vous. Je me faisais une joie de vous d\u00e9crire les moindres recoins de la cath\u00e9drale, de vous parler de cette architecture gothique que j&rsquo;aime tant, de vous emmener dans un voyage imaginaire avec les chim\u00e8res. De vous rappeler le roman magistral, mais aussi la com\u00e9die musicale, le dessin anim\u00e9 ou m\u00eame une obscure bande dessin\u00e9e d\u00e9licieusement cruelle d&rsquo;un vieux Pilote de 1970. D&rsquo;\u00e9voquer tous ces souvenirs qu&rsquo;on a tous avec cette grande dame.<\/p>\n<p>Je voulais rire un peu des instagrammeurs qui savent tr\u00e8s bien cadrer leurs photos pour \u00e9viter le gros grillage moche tout en haut. Je voulais rire de mon obsession pour les arcs bris\u00e9s et l&rsquo;ambiance des \u00e9glises alors que je ne suis m\u00eame pas croyante, de mon caprice de voyageuse qui est rentr\u00e9e fourbue samedi soir parce qu&rsquo;elle avait voulu \u00e0 tout prix monter au sommet des tours, m\u00eame si son programme \u00e9tait d\u00e9j\u00e0 ultra-charg\u00e9. Je voulais vous donner des bons plans, vous confier des secrets. Mais rien de tout cela n&rsquo;aura de sens pendant quelques temps.<\/p>\n<p>Ce n&rsquo;est pas facile de partager ces photos aussi car je tremble qu&rsquo;on m&rsquo;accuse de r\u00e9cup\u00e9rer cette trag\u00e9die. Mais si vous le voulez bien,<strong> je tenais, \u00e0 mon \u00e9chelle, \u00e0 essayer de vous redonner l&rsquo;espoir qu&rsquo;un jour, Notre-Dame de Paris rena\u00eetra de ses cendres.<\/strong> J&rsquo;avais si peur de voir l&rsquo;\u00e9tendue des d\u00e9g\u00e2ts ce matin 16 avril, de me lever pour ne d\u00e9couvrir que des ruines. La structure semble avoir tenu, et m\u00eame si la charpente du toit du XIIe si\u00e8cle est partie en fum\u00e9e, Notre-Dame est toujours debout. Ce ne sera pas la premi\u00e8re fois qu&rsquo;elle essuie du gros grain, Notre-Dame : la r\u00e9volution fran\u00e7aise ou la Commune \u00e9taient pass\u00e9es en force, pillant et d\u00e9truisant sur leur passage. On l&rsquo;a toujours r\u00e9nov\u00e9e et restaur\u00e9e, agrandie et am\u00e9lior\u00e9e. De nombreuses parties de sa silhouette si famili\u00e8re dataient d&rsquo;ailleurs du XIXe si\u00e8cle, comme la grande fl\u00e8che, inaugur\u00e9e en 1859.<\/p>\n<p>Notre-Dame de Paris est vivante, et ses neuf cent ann\u00e9es d&rsquo;Histoire n&rsquo;ont pas \u00e9t\u00e9 effac\u00e9es. Une collecte a \u00e9t\u00e9 mise en place pour sa restauration, <a href=\"https:\/\/don.fondation-patrimoine.org\/SauvonsNotreDame\/~mon-don\">vous la trouverez ici<\/a>. Je vous laisse avec mes humbles photos, en souvenir et en espoir de jours meilleurs.<\/p>\n<p><img decoding=\"async\" loading=\"lazy\" class=\"aligncenter wp-image-7507 size-full\" src=\"https:\/\/arpenterlechemin.com\/wp-content\/uploads\/2019\/04\/Notre-Dame-Paris-visiter-printemps.jpg\" alt=\"Notre-Dame Paris visiter printemps\" width=\"3232\" height=\"1818\" srcset=\"https:\/\/arpenterlechemin.com\/wp-content\/uploads\/2019\/04\/Notre-Dame-Paris-visiter-printemps.jpg 3232w, https:\/\/arpenterlechemin.com\/wp-content\/uploads\/2019\/04\/Notre-Dame-Paris-visiter-printemps-500x280.jpg 500w, https:\/\/arpenterlechemin.com\/wp-content\/uploads\/2019\/04\/Notre-Dame-Paris-visiter-printemps-690x388.jpg 690w, https:\/\/arpenterlechemin.com\/wp-content\/uploads\/2019\/04\/Notre-Dame-Paris-visiter-printemps-768x432.jpg 768w, https:\/\/arpenterlechemin.com\/wp-content\/uploads\/2019\/04\/Notre-Dame-Paris-visiter-printemps-1040x585.jpg 1040w\" sizes=\"(max-width: 3232px) 100vw, 3232px\" \/><\/p>\n<p><img decoding=\"async\" loading=\"lazy\" class=\"aligncenter wp-image-7515 size-full\" src=\"https:\/\/arpenterlechemin.com\/wp-content\/uploads\/2019\/04\/Notre-Dame-Paris-cathedrale-visiter-blog-voyage-france-arpenter-le-chemin.jpg\" alt=\"Notre-Dame Paris cathedrale visiter blog voyage france arpenter le chemin\" width=\"1920\" height=\"1080\" srcset=\"https:\/\/arpenterlechemin.com\/wp-content\/uploads\/2019\/04\/Notre-Dame-Paris-cathedrale-visiter-blog-voyage-france-arpenter-le-chemin.jpg 1920w, https:\/\/arpenterlechemin.com\/wp-content\/uploads\/2019\/04\/Notre-Dame-Paris-cathedrale-visiter-blog-voyage-france-arpenter-le-chemin-500x280.jpg 500w, https:\/\/arpenterlechemin.com\/wp-content\/uploads\/2019\/04\/Notre-Dame-Paris-cathedrale-visiter-blog-voyage-france-arpenter-le-chemin-690x388.jpg 690w, https:\/\/arpenterlechemin.com\/wp-content\/uploads\/2019\/04\/Notre-Dame-Paris-cathedrale-visiter-blog-voyage-france-arpenter-le-chemin-768x432.jpg 768w, https:\/\/arpenterlechemin.com\/wp-content\/uploads\/2019\/04\/Notre-Dame-Paris-cathedrale-visiter-blog-voyage-france-arpenter-le-chemin-1040x585.jpg 1040w\" sizes=\"(max-width: 1920px) 100vw, 1920px\" \/><\/p>\n<p><img decoding=\"async\" loading=\"lazy\" class=\"aligncenter wp-image-7519 size-full\" src=\"https:\/\/arpenterlechemin.com\/wp-content\/uploads\/2019\/04\/Notre-Dame-paris-statue-mariale-Vierge-Marie-catholiques-visiter.jpg\" alt=\"Notre-Dame paris statue mariale Vierge Marie catholiques visiter\" width=\"3231\" height=\"1818\" srcset=\"https:\/\/arpenterlechemin.com\/wp-content\/uploads\/2019\/04\/Notre-Dame-paris-statue-mariale-Vierge-Marie-catholiques-visiter.jpg 3231w, https:\/\/arpenterlechemin.com\/wp-content\/uploads\/2019\/04\/Notre-Dame-paris-statue-mariale-Vierge-Marie-catholiques-visiter-500x280.jpg 500w, https:\/\/arpenterlechemin.com\/wp-content\/uploads\/2019\/04\/Notre-Dame-paris-statue-mariale-Vierge-Marie-catholiques-visiter-690x388.jpg 690w, https:\/\/arpenterlechemin.com\/wp-content\/uploads\/2019\/04\/Notre-Dame-paris-statue-mariale-Vierge-Marie-catholiques-visiter-768x432.jpg 768w, https:\/\/arpenterlechemin.com\/wp-content\/uploads\/2019\/04\/Notre-Dame-paris-statue-mariale-Vierge-Marie-catholiques-visiter-1040x585.jpg 1040w\" sizes=\"(max-width: 3231px) 100vw, 3231px\" \/><\/p>\n<p><img decoding=\"async\" loading=\"lazy\" class=\"aligncenter wp-image-7516 size-full\" src=\"https:\/\/arpenterlechemin.com\/wp-content\/uploads\/2019\/04\/Notre-Dame-Paris-visiter-blog-voyage-france-arpenter-le-chemin.jpg\" alt=\"Notre-Dame Paris visiter blog voyage france arpenter le chemin\" width=\"1920\" height=\"1080\" srcset=\"https:\/\/arpenterlechemin.com\/wp-content\/uploads\/2019\/04\/Notre-Dame-Paris-visiter-blog-voyage-france-arpenter-le-chemin.jpg 1920w, https:\/\/arpenterlechemin.com\/wp-content\/uploads\/2019\/04\/Notre-Dame-Paris-visiter-blog-voyage-france-arpenter-le-chemin-500x280.jpg 500w, https:\/\/arpenterlechemin.com\/wp-content\/uploads\/2019\/04\/Notre-Dame-Paris-visiter-blog-voyage-france-arpenter-le-chemin-690x388.jpg 690w, https:\/\/arpenterlechemin.com\/wp-content\/uploads\/2019\/04\/Notre-Dame-Paris-visiter-blog-voyage-france-arpenter-le-chemin-768x432.jpg 768w, https:\/\/arpenterlechemin.com\/wp-content\/uploads\/2019\/04\/Notre-Dame-Paris-visiter-blog-voyage-france-arpenter-le-chemin-1040x585.jpg 1040w\" sizes=\"(max-width: 1920px) 100vw, 1920px\" \/><\/p>\n<p><img decoding=\"async\" loading=\"lazy\" class=\"aligncenter wp-image-7518 size-full\" src=\"https:\/\/arpenterlechemin.com\/wp-content\/uploads\/2019\/04\/Notre-Dame-Paris-Victor-Hugo.jpg\" alt=\"Notre-Dame Paris Victor Hugo\" width=\"3231\" height=\"1818\" srcset=\"https:\/\/arpenterlechemin.com\/wp-content\/uploads\/2019\/04\/Notre-Dame-Paris-Victor-Hugo.jpg 3231w, https:\/\/arpenterlechemin.com\/wp-content\/uploads\/2019\/04\/Notre-Dame-Paris-Victor-Hugo-500x280.jpg 500w, https:\/\/arpenterlechemin.com\/wp-content\/uploads\/2019\/04\/Notre-Dame-Paris-Victor-Hugo-690x388.jpg 690w, https:\/\/arpenterlechemin.com\/wp-content\/uploads\/2019\/04\/Notre-Dame-Paris-Victor-Hugo-768x432.jpg 768w, https:\/\/arpenterlechemin.com\/wp-content\/uploads\/2019\/04\/Notre-Dame-Paris-Victor-Hugo-1040x585.jpg 1040w\" sizes=\"(max-width: 3231px) 100vw, 3231px\" \/><\/p>\n<p><img decoding=\"async\" loading=\"lazy\" class=\"aligncenter wp-image-7508 size-full\" src=\"https:\/\/arpenterlechemin.com\/wp-content\/uploads\/2019\/04\/Notre-Dame-Paris-chimere-tour-nord.jpg\" alt=\"Notre-Dame Paris chimere tour nord\" width=\"3730\" height=\"2099\" srcset=\"https:\/\/arpenterlechemin.com\/wp-content\/uploads\/2019\/04\/Notre-Dame-Paris-chimere-tour-nord.jpg 3730w, https:\/\/arpenterlechemin.com\/wp-content\/uploads\/2019\/04\/Notre-Dame-Paris-chimere-tour-nord-500x280.jpg 500w, https:\/\/arpenterlechemin.com\/wp-content\/uploads\/2019\/04\/Notre-Dame-Paris-chimere-tour-nord-690x388.jpg 690w, https:\/\/arpenterlechemin.com\/wp-content\/uploads\/2019\/04\/Notre-Dame-Paris-chimere-tour-nord-768x432.jpg 768w, https:\/\/arpenterlechemin.com\/wp-content\/uploads\/2019\/04\/Notre-Dame-Paris-chimere-tour-nord-1040x585.jpg 1040w\" sizes=\"(max-width: 3730px) 100vw, 3730px\" \/><\/p>\n<p><img decoding=\"async\" loading=\"lazy\" class=\"aligncenter wp-image-7509 size-full\" src=\"https:\/\/arpenterlechemin.com\/wp-content\/uploads\/2019\/04\/Notre-Dame-Paris-chimere-tour-sud.jpg\" alt=\"Notre-Dame Paris chimere tour sud\" width=\"4020\" height=\"2261\" srcset=\"https:\/\/arpenterlechemin.com\/wp-content\/uploads\/2019\/04\/Notre-Dame-Paris-chimere-tour-sud.jpg 4020w, https:\/\/arpenterlechemin.com\/wp-content\/uploads\/2019\/04\/Notre-Dame-Paris-chimere-tour-sud-500x280.jpg 500w, https:\/\/arpenterlechemin.com\/wp-content\/uploads\/2019\/04\/Notre-Dame-Paris-chimere-tour-sud-690x388.jpg 690w, https:\/\/arpenterlechemin.com\/wp-content\/uploads\/2019\/04\/Notre-Dame-Paris-chimere-tour-sud-768x432.jpg 768w, https:\/\/arpenterlechemin.com\/wp-content\/uploads\/2019\/04\/Notre-Dame-Paris-chimere-tour-sud-1040x585.jpg 1040w\" sizes=\"(max-width: 4020px) 100vw, 4020px\" \/><\/p>\n<p><img decoding=\"async\" loading=\"lazy\" class=\"aligncenter wp-image-7510 size-full\" src=\"https:\/\/arpenterlechemin.com\/wp-content\/uploads\/2019\/04\/Notre-Dame-Paris-gargouilles-chimeres-visiter-tours.jpg\" alt=\"Notre-Dame Paris gargouilles chimeres visiter tours\" width=\"3231\" height=\"1818\" srcset=\"https:\/\/arpenterlechemin.com\/wp-content\/uploads\/2019\/04\/Notre-Dame-Paris-gargouilles-chimeres-visiter-tours.jpg 3231w, https:\/\/arpenterlechemin.com\/wp-content\/uploads\/2019\/04\/Notre-Dame-Paris-gargouilles-chimeres-visiter-tours-500x280.jpg 500w, https:\/\/arpenterlechemin.com\/wp-content\/uploads\/2019\/04\/Notre-Dame-Paris-gargouilles-chimeres-visiter-tours-690x388.jpg 690w, https:\/\/arpenterlechemin.com\/wp-content\/uploads\/2019\/04\/Notre-Dame-Paris-gargouilles-chimeres-visiter-tours-768x432.jpg 768w, https:\/\/arpenterlechemin.com\/wp-content\/uploads\/2019\/04\/Notre-Dame-Paris-gargouilles-chimeres-visiter-tours-1040x585.jpg 1040w\" sizes=\"(max-width: 3231px) 100vw, 3231px\" \/><\/p>\n<p><img decoding=\"async\" loading=\"lazy\" class=\"aligncenter wp-image-7512 size-full\" src=\"https:\/\/arpenterlechemin.com\/wp-content\/uploads\/2019\/04\/Notre-Dame-Paris-visiter-cathedrale.jpg\" alt=\"Notre-Dame Paris visiter cathedrale\" width=\"3186\" height=\"1792\" srcset=\"https:\/\/arpenterlechemin.com\/wp-content\/uploads\/2019\/04\/Notre-Dame-Paris-visiter-cathedrale.jpg 3186w, https:\/\/arpenterlechemin.com\/wp-content\/uploads\/2019\/04\/Notre-Dame-Paris-visiter-cathedrale-500x280.jpg 500w, https:\/\/arpenterlechemin.com\/wp-content\/uploads\/2019\/04\/Notre-Dame-Paris-visiter-cathedrale-690x388.jpg 690w, https:\/\/arpenterlechemin.com\/wp-content\/uploads\/2019\/04\/Notre-Dame-Paris-visiter-cathedrale-768x432.jpg 768w, https:\/\/arpenterlechemin.com\/wp-content\/uploads\/2019\/04\/Notre-Dame-Paris-visiter-cathedrale-1040x585.jpg 1040w\" sizes=\"(max-width: 3186px) 100vw, 3186px\" \/><\/p>\n<p><img decoding=\"async\" loading=\"lazy\" class=\"aligncenter wp-image-7520 size-full\" src=\"https:\/\/arpenterlechemin.com\/wp-content\/uploads\/2019\/04\/Notre-Dame-Paris-chimeres-gargouilles-visiter-blog-voyage-france-arpenter-le-chemin-1.jpg\" alt=\"Notre-Dame Paris chimeres gargouilles visiter blog voyage france arpenter le chemin\" width=\"1920\" height=\"1080\" srcset=\"https:\/\/arpenterlechemin.com\/wp-content\/uploads\/2019\/04\/Notre-Dame-Paris-chimeres-gargouilles-visiter-blog-voyage-france-arpenter-le-chemin-1.jpg 1920w, https:\/\/arpenterlechemin.com\/wp-content\/uploads\/2019\/04\/Notre-Dame-Paris-chimeres-gargouilles-visiter-blog-voyage-france-arpenter-le-chemin-1-500x280.jpg 500w, https:\/\/arpenterlechemin.com\/wp-content\/uploads\/2019\/04\/Notre-Dame-Paris-chimeres-gargouilles-visiter-blog-voyage-france-arpenter-le-chemin-1-690x388.jpg 690w, https:\/\/arpenterlechemin.com\/wp-content\/uploads\/2019\/04\/Notre-Dame-Paris-chimeres-gargouilles-visiter-blog-voyage-france-arpenter-le-chemin-1-768x432.jpg 768w, https:\/\/arpenterlechemin.com\/wp-content\/uploads\/2019\/04\/Notre-Dame-Paris-chimeres-gargouilles-visiter-blog-voyage-france-arpenter-le-chemin-1-1040x585.jpg 1040w\" sizes=\"(max-width: 1920px) 100vw, 1920px\" \/><\/p>\n<p><img decoding=\"async\" loading=\"lazy\" class=\"aligncenter wp-image-7511 size-full\" src=\"https:\/\/arpenterlechemin.com\/wp-content\/uploads\/2019\/04\/Notre-Dame-Paris-printemps-visiter-cerisiers-en-fleurs-facade.jpg\" alt=\"Notre-Dame Paris printemps visiter cerisiers en fleurs facade\" width=\"4160\" height=\"3120\" srcset=\"https:\/\/arpenterlechemin.com\/wp-content\/uploads\/2019\/04\/Notre-Dame-Paris-printemps-visiter-cerisiers-en-fleurs-facade.jpg 4160w, https:\/\/arpenterlechemin.com\/wp-content\/uploads\/2019\/04\/Notre-Dame-Paris-printemps-visiter-cerisiers-en-fleurs-facade-533x400.jpg 533w, https:\/\/arpenterlechemin.com\/wp-content\/uploads\/2019\/04\/Notre-Dame-Paris-printemps-visiter-cerisiers-en-fleurs-facade-768x576.jpg 768w, https:\/\/arpenterlechemin.com\/wp-content\/uploads\/2019\/04\/Notre-Dame-Paris-printemps-visiter-cerisiers-en-fleurs-facade-780x585.jpg 780w\" sizes=\"(max-width: 4160px) 100vw, 4160px\" \/><\/p>\n","protected":false},"excerpt":{"rendered":"<p>C&rsquo;est le c\u0153ur triste que je vous livre ce petit billet. Samedi 13 avril 2019, \u00e0 17 h 30 pile, l&rsquo;heure indiqu\u00e9e sur mon billet, je me tenais f\u00e9brile, billet en main et sourire jusqu&rsquo;aux oreilles, pour r\u00e9aliser un r\u00eave de gosse : grimper les 390 marches qui me m\u00e8neraient \u00e0 la tour nord de la cath\u00e9drale Notre-Dame de Paris. Le matin, j&rsquo;avais d\u00e9j\u00e0 visit\u00e9 l&rsquo;int\u00e9rieur de ce b\u00e2timent incontournable, si incontournable qu&rsquo;on pensait qu&rsquo;il serait toujours l\u00e0, immuable, \u00e0 notre disposition. Lundi 15 avril, une partie de la cath\u00e9drale <\/p>\n","protected":false},"author":1,"featured_media":7514,"comment_status":"open","ping_status":"open","sticky":false,"template":"","format":"standard","meta":{"jetpack_post_was_ever_published":false},"categories":[1,531],"tags":[614,516,683,198,647],"yoast_head":"<!-- This site is optimized with the Yoast SEO plugin v20.7 - https:\/\/yoast.com\/wordpress\/plugins\/seo\/ -->\n<title>FRANCE \/\/ Notre-Dame de Paris, toujours vivante - Arpenter le chemin<\/title>\n<meta name=\"robots\" content=\"index, follow, max-snippet:-1, max-image-preview:large, max-video-preview:-1\" \/>\n<link rel=\"canonical\" href=\"https:\/\/arpenterlechemin.com\/index.php\/2019\/04\/16\/notre-dame-paris\/\" \/>\n<meta property=\"og:locale\" content=\"fr_FR\" \/>\n<meta property=\"og:type\" content=\"article\" \/>\n<meta property=\"og:title\" content=\"FRANCE \/\/ Notre-Dame de Paris, toujours vivante - Arpenter le chemin\" \/>\n<meta property=\"og:description\" content=\"C&rsquo;est le c\u0153ur triste que je vous livre ce petit billet. Samedi 13 avril 2019, \u00e0 17 h 30 pile, l&rsquo;heure indiqu\u00e9e sur mon billet, je me tenais f\u00e9brile, billet en main et sourire jusqu&rsquo;aux oreilles, pour r\u00e9aliser un r\u00eave de gosse : grimper les 390 marches qui me m\u00e8neraient \u00e0 la tour nord de la cath\u00e9drale Notre-Dame de Paris. Le matin, j&rsquo;avais d\u00e9j\u00e0 visit\u00e9 l&rsquo;int\u00e9rieur de ce b\u00e2timent incontournable, si incontournable qu&rsquo;on pensait qu&rsquo;il serait toujours l\u00e0, immuable, \u00e0 notre disposition. Lundi 15 avril, une partie de la cath\u00e9drale\" \/>\n<meta property=\"og:url\" content=\"https:\/\/arpenterlechemin.com\/index.php\/2019\/04\/16\/notre-dame-paris\/\" \/>\n<meta property=\"og:site_name\" content=\"Arpenter le chemin\" \/>\n<meta property=\"article:published_time\" content=\"2019-04-16T10:06:54+00:00\" \/>\n<meta property=\"article:modified_time\" content=\"2019-06-05T19:05:16+00:00\" \/>\n<meta property=\"og:image\" content=\"https:\/\/arpenterlechemin.com\/wp-content\/uploads\/2019\/04\/notre-dame-paris-cathedrale-blog-voyage-arpenter-le-chemin.jpg\" \/>\n\t<meta property=\"og:image:width\" content=\"1040\" \/>\n\t<meta property=\"og:image:height\" content=\"585\" \/>\n\t<meta property=\"og:image:type\" content=\"image\/jpeg\" \/>\n<meta name=\"author\" content=\"Audrey\" \/>\n<meta name=\"twitter:card\" content=\"summary_large_image\" \/>\n<meta name=\"twitter:label1\" content=\"\u00c9crit par\" \/>\n\t<meta name=\"twitter:data1\" content=\"Audrey\" \/>\n\t<meta name=\"twitter:label2\" content=\"Dur\u00e9e de lecture estim\u00e9e\" \/>\n\t<meta name=\"twitter:data2\" content=\"2 minutes\" \/>\n<script type=\"application\/ld+json\" class=\"yoast-schema-graph\">{\"@context\":\"https:\/\/schema.org\",\"@graph\":[{\"@type\":\"Article\",\"@id\":\"https:\/\/arpenterlechemin.com\/index.php\/2019\/04\/16\/notre-dame-paris\/#article\",\"isPartOf\":{\"@id\":\"https:\/\/arpenterlechemin.com\/index.php\/2019\/04\/16\/notre-dame-paris\/\"},\"author\":{\"name\":\"Audrey\",\"@id\":\"https:\/\/arpenterlechemin.com\/#\/schema\/person\/1d187818c0988fbea4d682c1e59c795c\"},\"headline\":\"FRANCE \/\/ Notre-Dame de Paris, toujours vivante\",\"datePublished\":\"2019-04-16T10:06:54+00:00\",\"dateModified\":\"2019-06-05T19:05:16+00:00\",\"mainEntityOfPage\":{\"@id\":\"https:\/\/arpenterlechemin.com\/index.php\/2019\/04\/16\/notre-dame-paris\/\"},\"wordCount\":529,\"commentCount\":16,\"publisher\":{\"@id\":\"https:\/\/arpenterlechemin.com\/#organization\"},\"keywords\":[\"culture\",\"france\",\"gothique\",\"paris\",\"ville\"],\"articleSection\":[\"Blog\",\"Europe\"],\"inLanguage\":\"fr-FR\",\"potentialAction\":[{\"@type\":\"CommentAction\",\"name\":\"Comment\",\"target\":[\"https:\/\/arpenterlechemin.com\/index.php\/2019\/04\/16\/notre-dame-paris\/#respond\"]}]},{\"@type\":\"WebPage\",\"@id\":\"https:\/\/arpenterlechemin.com\/index.php\/2019\/04\/16\/notre-dame-paris\/\",\"url\":\"https:\/\/arpenterlechemin.com\/index.php\/2019\/04\/16\/notre-dame-paris\/\",\"name\":\"FRANCE \/\/ Notre-Dame de Paris, toujours vivante - Arpenter le chemin\",\"isPartOf\":{\"@id\":\"https:\/\/arpenterlechemin.com\/#website\"},\"datePublished\":\"2019-04-16T10:06:54+00:00\",\"dateModified\":\"2019-06-05T19:05:16+00:00\",\"breadcrumb\":{\"@id\":\"https:\/\/arpenterlechemin.com\/index.php\/2019\/04\/16\/notre-dame-paris\/#breadcrumb\"},\"inLanguage\":\"fr-FR\",\"potentialAction\":[{\"@type\":\"ReadAction\",\"target\":[\"https:\/\/arpenterlechemin.com\/index.php\/2019\/04\/16\/notre-dame-paris\/\"]}]},{\"@type\":\"BreadcrumbList\",\"@id\":\"https:\/\/arpenterlechemin.com\/index.php\/2019\/04\/16\/notre-dame-paris\/#breadcrumb\",\"itemListElement\":[{\"@type\":\"ListItem\",\"position\":1,\"name\":\"Home\",\"item\":\"https:\/\/arpenterlechemin.com\/\"},{\"@type\":\"ListItem\",\"position\":2,\"name\":\"FRANCE \/\/ Notre-Dame de Paris, toujours vivante\"}]},{\"@type\":\"WebSite\",\"@id\":\"https:\/\/arpenterlechemin.com\/#website\",\"url\":\"https:\/\/arpenterlechemin.com\/\",\"name\":\"Arpenter le chemin\",\"description\":\"\",\"publisher\":{\"@id\":\"https:\/\/arpenterlechemin.com\/#organization\"},\"potentialAction\":[{\"@type\":\"SearchAction\",\"target\":{\"@type\":\"EntryPoint\",\"urlTemplate\":\"https:\/\/arpenterlechemin.com\/?s={search_term_string}\"},\"query-input\":\"required name=search_term_string\"}],\"inLanguage\":\"fr-FR\"},{\"@type\":\"Organization\",\"@id\":\"https:\/\/arpenterlechemin.com\/#organization\",\"name\":\"Arpenter le chemin\",\"url\":\"https:\/\/arpenterlechemin.com\/\",\"logo\":{\"@type\":\"ImageObject\",\"inLanguage\":\"fr-FR\",\"@id\":\"https:\/\/arpenterlechemin.com\/#\/schema\/logo\/image\/\",\"url\":\"https:\/\/arpenterlechemin.com\/wp-content\/uploads\/2017\/04\/icone-4.jpg\",\"contentUrl\":\"https:\/\/arpenterlechemin.com\/wp-content\/uploads\/2017\/04\/icone-4.jpg\",\"width\":150,\"height\":73,\"caption\":\"Arpenter le chemin\"},\"image\":{\"@id\":\"https:\/\/arpenterlechemin.com\/#\/schema\/logo\/image\/\"}},{\"@type\":\"Person\",\"@id\":\"https:\/\/arpenterlechemin.com\/#\/schema\/person\/1d187818c0988fbea4d682c1e59c795c\",\"name\":\"Audrey\",\"image\":{\"@type\":\"ImageObject\",\"inLanguage\":\"fr-FR\",\"@id\":\"https:\/\/arpenterlechemin.com\/#\/schema\/person\/image\/\",\"url\":\"https:\/\/secure.gravatar.com\/avatar\/b75298f64c73f1709976c50921beae6a?s=96&d=mm&r=g\",\"contentUrl\":\"https:\/\/secure.gravatar.com\/avatar\/b75298f64c73f1709976c50921beae6a?s=96&d=mm&r=g\",\"caption\":\"Audrey\"},\"description\":\"Allergique \u00e0 la routine, atteinte de bougeotte aigu\u00eb, j'essaie de m'envoler aussi souvent que possible, seule, en couple ou entre amis ! Ville, nature, culture, rando... tout me va, \u00e0 partir du moment o\u00f9 je suis dehors.\",\"url\":\"https:\/\/arpenterlechemin.com\/index.php\/author\/audreyf\/\"}]}<\/script>\n<!-- \/ Yoast SEO plugin. -->","yoast_head_json":{"title":"FRANCE \/\/ Notre-Dame de Paris, toujours vivante - Arpenter le chemin","robots":{"index":"index","follow":"follow","max-snippet":"max-snippet:-1","max-image-preview":"max-image-preview:large","max-video-preview":"max-video-preview:-1"},"canonical":"https:\/\/arpenterlechemin.com\/index.php\/2019\/04\/16\/notre-dame-paris\/","og_locale":"fr_FR","og_type":"article","og_title":"FRANCE \/\/ Notre-Dame de Paris, toujours vivante - Arpenter le chemin","og_description":"C&rsquo;est le c\u0153ur triste que je vous livre ce petit billet. Samedi 13 avril 2019, \u00e0 17 h 30 pile, l&rsquo;heure indiqu\u00e9e sur mon billet, je me tenais f\u00e9brile, billet en main et sourire jusqu&rsquo;aux oreilles, pour r\u00e9aliser un r\u00eave de gosse : grimper les 390 marches qui me m\u00e8neraient \u00e0 la tour nord de la cath\u00e9drale Notre-Dame de Paris. Le matin, j&rsquo;avais d\u00e9j\u00e0 visit\u00e9 l&rsquo;int\u00e9rieur de ce b\u00e2timent incontournable, si incontournable qu&rsquo;on pensait qu&rsquo;il serait toujours l\u00e0, immuable, \u00e0 notre disposition. Lundi 15 avril, une partie de la cath\u00e9drale","og_url":"https:\/\/arpenterlechemin.com\/index.php\/2019\/04\/16\/notre-dame-paris\/","og_site_name":"Arpenter le chemin","article_published_time":"2019-04-16T10:06:54+00:00","article_modified_time":"2019-06-05T19:05:16+00:00","og_image":[{"width":1040,"height":585,"url":"https:\/\/arpenterlechemin.com\/wp-content\/uploads\/2019\/04\/notre-dame-paris-cathedrale-blog-voyage-arpenter-le-chemin.jpg","type":"image\/jpeg"}],"author":"Audrey","twitter_card":"summary_large_image","twitter_misc":{"\u00c9crit par":"Audrey","Dur\u00e9e de lecture estim\u00e9e":"2 minutes"},"schema":{"@context":"https:\/\/schema.org","@graph":[{"@type":"Article","@id":"https:\/\/arpenterlechemin.com\/index.php\/2019\/04\/16\/notre-dame-paris\/#article","isPartOf":{"@id":"https:\/\/arpenterlechemin.com\/index.php\/2019\/04\/16\/notre-dame-paris\/"},"author":{"name":"Audrey","@id":"https:\/\/arpenterlechemin.com\/#\/schema\/person\/1d187818c0988fbea4d682c1e59c795c"},"headline":"FRANCE \/\/ Notre-Dame de Paris, toujours vivante","datePublished":"2019-04-16T10:06:54+00:00","dateModified":"2019-06-05T19:05:16+00:00","mainEntityOfPage":{"@id":"https:\/\/arpenterlechemin.com\/index.php\/2019\/04\/16\/notre-dame-paris\/"},"wordCount":529,"commentCount":16,"publisher":{"@id":"https:\/\/arpenterlechemin.com\/#organization"},"keywords":["culture","france","gothique","paris","ville"],"articleSection":["Blog","Europe"],"inLanguage":"fr-FR","potentialAction":[{"@type":"CommentAction","name":"Comment","target":["https:\/\/arpenterlechemin.com\/index.php\/2019\/04\/16\/notre-dame-paris\/#respond"]}]},{"@type":"WebPage","@id":"https:\/\/arpenterlechemin.com\/index.php\/2019\/04\/16\/notre-dame-paris\/","url":"https:\/\/arpenterlechemin.com\/index.php\/2019\/04\/16\/notre-dame-paris\/","name":"FRANCE \/\/ Notre-Dame de Paris, toujours vivante - Arpenter le chemin","isPartOf":{"@id":"https:\/\/arpenterlechemin.com\/#website"},"datePublished":"2019-04-16T10:06:54+00:00","dateModified":"2019-06-05T19:05:16+00:00","breadcrumb":{"@id":"https:\/\/arpenterlechemin.com\/index.php\/2019\/04\/16\/notre-dame-paris\/#breadcrumb"},"inLanguage":"fr-FR","potentialAction":[{"@type":"ReadAction","target":["https:\/\/arpenterlechemin.com\/index.php\/2019\/04\/16\/notre-dame-paris\/"]}]},{"@type":"BreadcrumbList","@id":"https:\/\/arpenterlechemin.com\/index.php\/2019\/04\/16\/notre-dame-paris\/#breadcrumb","itemListElement":[{"@type":"ListItem","position":1,"name":"Home","item":"https:\/\/arpenterlechemin.com\/"},{"@type":"ListItem","position":2,"name":"FRANCE \/\/ Notre-Dame de Paris, toujours vivante"}]},{"@type":"WebSite","@id":"https:\/\/arpenterlechemin.com\/#website","url":"https:\/\/arpenterlechemin.com\/","name":"Arpenter le chemin","description":"","publisher":{"@id":"https:\/\/arpenterlechemin.com\/#organization"},"potentialAction":[{"@type":"SearchAction","target":{"@type":"EntryPoint","urlTemplate":"https:\/\/arpenterlechemin.com\/?s={search_term_string}"},"query-input":"required name=search_term_string"}],"inLanguage":"fr-FR"},{"@type":"Organization","@id":"https:\/\/arpenterlechemin.com\/#organization","name":"Arpenter le chemin","url":"https:\/\/arpenterlechemin.com\/","logo":{"@type":"ImageObject","inLanguage":"fr-FR","@id":"https:\/\/arpenterlechemin.com\/#\/schema\/logo\/image\/","url":"https:\/\/arpenterlechemin.com\/wp-content\/uploads\/2017\/04\/icone-4.jpg","contentUrl":"https:\/\/arpenterlechemin.com\/wp-content\/uploads\/2017\/04\/icone-4.jpg","width":150,"height":73,"caption":"Arpenter le chemin"},"image":{"@id":"https:\/\/arpenterlechemin.com\/#\/schema\/logo\/image\/"}},{"@type":"Person","@id":"https:\/\/arpenterlechemin.com\/#\/schema\/person\/1d187818c0988fbea4d682c1e59c795c","name":"Audrey","image":{"@type":"ImageObject","inLanguage":"fr-FR","@id":"https:\/\/arpenterlechemin.com\/#\/schema\/person\/image\/","url":"https:\/\/secure.gravatar.com\/avatar\/b75298f64c73f1709976c50921beae6a?s=96&d=mm&r=g","contentUrl":"https:\/\/secure.gravatar.com\/avatar\/b75298f64c73f1709976c50921beae6a?s=96&d=mm&r=g","caption":"Audrey"},"description":"Allergique \u00e0 la routine, atteinte de bougeotte aigu\u00eb, j'essaie de m'envoler aussi souvent que possible, seule, en couple ou entre amis ! Ville, nature, culture, rando... tout me va, \u00e0 partir du moment o\u00f9 je suis dehors.","url":"https:\/\/arpenterlechemin.com\/index.php\/author\/audreyf\/"}]}},"jetpack_featured_media_url":"https:\/\/arpenterlechemin.com\/wp-content\/uploads\/2019\/04\/notre-dame-paris-cathedrale-blog-voyage-arpenter-le-chemin.jpg","jetpack_sharing_enabled":true,"jetpack_shortlink":"https:\/\/wp.me\/p8z9hR-1X4","jetpack-related-posts":[{"id":7450,"url":"https:\/\/arpenterlechemin.com\/index.php\/2020\/02\/14\/guide-paris-gothique\/","url_meta":{"origin":7506,"position":0},"title":"FRANCE \/\/ Paris gothique","date":"14 f\u00e9vrier 2020","format":false,"excerpt":"Quand on croit avoir tout vu \u00e0 Paris, la tour Eiffel, les Champs-\u00c9lys\u00e9es, le Louvre, Montmartre et compagnie, doit-on bouder la capitale fran\u00e7aise pour autant ? \u00c9videmment que non, et je serais bien \u00e9tonn\u00e9e que quiconque \u00e9puise la ville en une vie. En revanche, on peut essayer de trouver d'autres\u2026","rel":"","context":"Dans &quot;Blog&quot;","img":{"alt_text":"","src":"https:\/\/i0.wp.com\/arpenterlechemin.com\/wp-content\/uploads\/2020\/10\/Paris-gothique.jpg?resize=350%2C200&ssl=1","width":350,"height":200},"classes":[]},{"id":7612,"url":"https:\/\/arpenterlechemin.com\/index.php\/2019\/06\/12\/catacombes-paris\/","url_meta":{"origin":7506,"position":1},"title":"FRANCE \/\/ Les Catacombes de Paris, visite d&rsquo;outre-tombe","date":"12 juin 2019","format":false,"excerpt":"Paris ne d\u00e9m\u00e9rite pas son surnom de Ville Lumi\u00e8re : ses sites rayonnent dans le monde entier, ils sont solaires, \u00e9blouissants. Je veux bien s\u00fbr parler de la tour Eiffel, de l'arc de Triomphe, de Notre-Dame de Paris toujours vaillante... Devant tant de lieux \u00e9clatants, on a tendance \u00e0 oublier\u2026","rel":"","context":"Dans &quot;Blog&quot;","img":{"alt_text":"catacombes paris comment infos pratiques blog voyage france arpenter le chemin","src":"https:\/\/i0.wp.com\/arpenterlechemin.com\/wp-content\/uploads\/2019\/06\/catacombes-paris-comment-infos-pratiques-blog-voyage-france-arpenter-le-chemin.jpg?resize=350%2C200&ssl=1","width":350,"height":200},"classes":[]},{"id":7444,"url":"https:\/\/arpenterlechemin.com\/index.php\/2019\/10\/16\/lille-escapade\/","url_meta":{"origin":7506,"position":2},"title":"FRANCE \/\/ Lille en une journ\u00e9e","date":"16 octobre 2019","format":false,"excerpt":"En 2019, j'ai eu le bonheur de red\u00e9couvrir Lille, capitale du nord de la France, Lille aux mille fa\u00e7ades dont la r\u00e9putation de convivialit\u00e9 a fini par surpasser son climat peu am\u00e8ne. Quand je vais \u00e0 Lille, je n'ai plus vraiment l'impression d'\u00eatre en France : ces fa\u00e7ades color\u00e9es, cet\u2026","rel":"","context":"Dans &quot;Blog&quot;","img":{"alt_text":"escapade lille une journee","src":"https:\/\/i0.wp.com\/arpenterlechemin.com\/wp-content\/uploads\/2019\/10\/escapade-lille-une-journee.jpg?resize=350%2C200&ssl=1","width":350,"height":200},"classes":[]},{"id":8113,"url":"https:\/\/arpenterlechemin.com\/index.php\/2019\/08\/21\/palais-papes-avignon\/","url_meta":{"origin":7506,"position":3},"title":"FRANCE \/\/ Le Palais des Papes \u00e0 Avignon","date":"21 ao\u00fbt 2019","format":false,"excerpt":"Au c\u0153ur de la Provence, la belle ville d'Avignon a tout pour elle : la douceur du midi, une taille humaine, un joli centre-ville avec le mont Ventoux non loin, et surtout le Palais des Papes, plus grand palais gothique construit au Moyen-\u00c2ge. Ce tr\u00e9sor architectural est un palais hors\u2026","rel":"","context":"Dans &quot;Blog&quot;","img":{"alt_text":"palais papes avignon france","src":"https:\/\/i0.wp.com\/arpenterlechemin.com\/wp-content\/uploads\/2019\/08\/palais-papes-avignon-france.jpg?resize=350%2C200&ssl=1","width":350,"height":200},"classes":[]},{"id":8931,"url":"https:\/\/arpenterlechemin.com\/index.php\/2020\/05\/22\/pere-lachaise\/","url_meta":{"origin":7506,"position":4},"title":"PARIS \/\/ Visiter le cimeti\u00e8re du P\u00e8re-Lachaise","date":"22 mai 2020","format":false,"excerpt":"Aujourd'hui 22 mai, j'ai le plaisir de souligner la Journ\u00e9e internationale des gothiques ! N\u00e9e sur la sc\u00e8ne musicale gothique en 2009, cette journ\u00e9e a depuis d\u00e9pass\u00e9 ses racines musicales pour c\u00e9l\u00e9brer toutes les facettes de notre belle et \u00e9trange sous-culture. Je ne pouvais pas rater cette occasion de rattacher\u2026","rel":"","context":"Dans &quot;Blog&quot;","img":{"alt_text":"P\u00e8re-Lachaise sortie Paris","src":"https:\/\/i0.wp.com\/arpenterlechemin.com\/wp-content\/uploads\/2020\/05\/P\u00e8re-Lachaise-sortie-Paris.jpg?resize=350%2C200&ssl=1","width":350,"height":200},"classes":[]},{"id":5513,"url":"https:\/\/arpenterlechemin.com\/index.php\/2018\/10\/23\/voyage-gothique-mode-demploi\/","url_meta":{"origin":7506,"position":5},"title":"Voyage gothique, mode d&#8217;emploi","date":"23 octobre 2018","format":false,"excerpt":"Vous ne le savez peut-\u00eatre pas, mais il y a toujours en moi quelque chose de gothique. \u00c0 l'ado d\u00e9gingand\u00e9e avec son manteau noir \u00e0 la Matrix et son chapeau \u00e0 l'Am\u00e9lie Nothomb a succ\u00e9d\u00e9 une trentenaire toujours passionn\u00e9e par l'arsenic et les vieilles dentelles, les cimeti\u00e8res et les sorci\u00e8res,\u2026","rel":"","context":"Dans &quot;Am\u00e9rique du Nord&quot;","img":{"alt_text":"guide voyage gothique blog voyage titre bonnes adresses","src":"https:\/\/i0.wp.com\/arpenterlechemin.com\/wp-content\/uploads\/2018\/10\/guide-voyage-gothique-blog-voyage-titre-bonnes-adresses.jpg?resize=350%2C200&ssl=1","width":350,"height":200},"classes":[]}],"_links":{"self":[{"href":"https:\/\/arpenterlechemin.com\/index.php\/wp-json\/wp\/v2\/posts\/7506"}],"collection":[{"href":"https:\/\/arpenterlechemin.com\/index.php\/wp-json\/wp\/v2\/posts"}],"about":[{"href":"https:\/\/arpenterlechemin.com\/index.php\/wp-json\/wp\/v2\/types\/post"}],"author":[{"embeddable":true,"href":"https:\/\/arpenterlechemin.com\/index.php\/wp-json\/wp\/v2\/users\/1"}],"replies":[{"embeddable":true,"href":"https:\/\/arpenterlechemin.com\/index.php\/wp-json\/wp\/v2\/comments?post=7506"}],"version-history":[{"count":0,"href":"https:\/\/arpenterlechemin.com\/index.php\/wp-json\/wp\/v2\/posts\/7506\/revisions"}],"wp:featuredmedia":[{"embeddable":true,"href":"https:\/\/arpenterlechemin.com\/index.php\/wp-json\/wp\/v2\/media\/7514"}],"wp:attachment":[{"href":"https:\/\/arpenterlechemin.com\/index.php\/wp-json\/wp\/v2\/media?parent=7506"}],"wp:term":[{"taxonomy":"category","embeddable":true,"href":"https:\/\/arpenterlechemin.com\/index.php\/wp-json\/wp\/v2\/categories?post=7506"},{"taxonomy":"post_tag","embeddable":true,"href":"https:\/\/arpenterlechemin.com\/index.php\/wp-json\/wp\/v2\/tags?post=7506"}],"curies":[{"name":"wp","href":"https:\/\/api.w.org\/{rel}","templated":true}]}}