{"id":7033,"date":"2019-03-08T02:17:00","date_gmt":"2019-03-08T06:17:00","guid":{"rendered":"http:\/\/arpenterlechemin.com\/?p=7033"},"modified":"2019-05-06T06:08:17","modified_gmt":"2019-05-06T10:08:17","slug":"voyageuses-solo","status":"publish","type":"post","link":"https:\/\/arpenterlechemin.com\/index.php\/2019\/03\/08\/voyageuses-solo\/","title":{"rendered":"R\u00c9FLEXION \/\/ Dix blogs de voyageuses au f\u00e9minin"},"content":{"rendered":"<div class=\"\">\n<div>Aujourd&rsquo;hui, nous sommes le 8 mars, <strong>journ\u00e9e internationale de lutte pour les droits des femmes<\/strong>. Loin des chocolats et des roses, cette journ\u00e9e est une journ\u00e9e de militantisme, de politique, de revendications. Parce que rien n&rsquo;est plus fragile que les droits d&rsquo;une minorit\u00e9. Parce que trop souvent, les femmes qui voyagent seules, ou entre elles, sont consid\u00e9r\u00e9es comme des b\u00eates curieuses, des anomalies ou des cibles. Rendons hommage aux voyageuses victimes de la b\u00eatise des hommes sur les routes, <a href=\"http:\/\/voyagesduneplume.com\/2018\/12\/20\/voyageuses-seules-tuees-reseaux-sociaux\/\">victimes de la b\u00eatise des commentaires<\/a> sur les r\u00e9seaux sociaux. Et c\u00e9l\u00e9brons le courage de celles que rien n&#8217;emp\u00eachera de partir. Nous avons la chance de vivre en 2019 dans des soci\u00e9t\u00e9s occidentales, mais le chemin est encore long.<\/div>\n<\/div>\n<div class=\"\">\n<div>Le droit de libre circulation est un droit humain fondamental. L&rsquo;espace public est souvent cr\u00e9\u00e9 par et pour des hommes, la pr\u00e9sence f\u00e9minine n&rsquo;y est tol\u00e9r\u00e9e qu&rsquo;avec un but pr\u00e9cis. Au quotidien, les femmes sans chaperon masculin se rendent invisibles pour mieux traverser l&rsquo;espace, sans les occuper. Les voyageuses, elles, rendent les femmes visibles, tangibles. Ce sont des femmes qui osent s&rsquo;arroger l&rsquo;espace. Cela ne les rend que d&rsquo;autant plus intol\u00e9rables aupr\u00e8s de certains arri\u00e9r\u00e9s, et c&rsquo;est pourquoi je vous encourage de tout mon c\u0153ur \u00e0 voyager, \u00e0 r\u00e9clamer votre droit de libre circulation, <strong>votre droit de vous approprier ce monde qui est le n\u00f4tre<\/strong>.<\/div>\n<\/div>\n<div class=\"\">\n<div>Apr\u00e8s avoir fait le portrait de\u00a0<a href=\"http:\/\/arpenterlechemin.com\/index.php\/2018\/03\/08\/douze-blogs-de-voyageuses-solo\/\">douze blogueuses voyage solo<\/a> l&rsquo;an dernier, je r\u00e9cidive en donnant la parole \u00e0 <strong>dix femmes qui voyagent sans homme<\/strong>. Elles montrent un exemple \u00e0 toutes celles qui aimeraient partir sans oser et vous parlent de leur vision du voyage au f\u00e9minin, parfois en solo, parfois en couple, parfois sans conjoint. Je vous invite \u00e0 lire leurs textes riches d&rsquo;inspiration pour vous persuader que <strong>la place des femmes est exactement l\u00e0 o\u00f9 elles le souhaitent.<\/strong><\/div>\n<\/div>\n<div class=\"\">\n<div><img decoding=\"async\" loading=\"lazy\" class=\"aligncenter wp-image-7332 size-full\" src=\"http:\/\/arpenterlechemin.com\/wp-content\/uploads\/2019\/03\/20181014_132611_HDR-2.jpg\" alt=\"\" width=\"4156\" height=\"2338\" srcset=\"https:\/\/arpenterlechemin.com\/wp-content\/uploads\/2019\/03\/20181014_132611_HDR-2.jpg 4156w, https:\/\/arpenterlechemin.com\/wp-content\/uploads\/2019\/03\/20181014_132611_HDR-2-500x280.jpg 500w, https:\/\/arpenterlechemin.com\/wp-content\/uploads\/2019\/03\/20181014_132611_HDR-2-690x388.jpg 690w, https:\/\/arpenterlechemin.com\/wp-content\/uploads\/2019\/03\/20181014_132611_HDR-2-768x432.jpg 768w, https:\/\/arpenterlechemin.com\/wp-content\/uploads\/2019\/03\/20181014_132611_HDR-2-1040x585.jpg 1040w\" sizes=\"(max-width: 4156px) 100vw, 4156px\" \/><\/div>\n<div><\/div>\n<div>***<\/div>\n<div>\n<div class=\"\">\n<div class=\"\">\n<div class=\"\">\n<div class=\"\">\n<div>Je voyage en solo depuis de nombreuses ann\u00e9es pour la simple raison que j\u2019ai depuis longtemps choisi de <strong>n\u2019attendre apr\u00e8s personne pour faire et voir ce que je veux<\/strong>. Quand j\u2019ai de la compagnie, tant mieux et si je n\u2019en ai pas, je fonce quand m\u00eame ! Je crois sinc\u00e8rement que mes voyages en solo me permettent davantage de contact avec les populations locales en plus de favoriser ce sentiment de d\u00e9paysement qui me plait tant et que j\u2019ai tendance \u00e0 moins ressentir quand je voyage avec d\u2019autres.<\/div>\n<div><\/div>\n<div><\/div>\n<div>Chose certaine, <strong>le fait de voyager seule me donne confiance en moi<\/strong> et me fait prendre conscience de ma force et de toute mon \u00e9nergie. C\u2019est d\u2019ailleurs ce type de voyage que je pr\u00f4ne sur mon blogue. La majorit\u00e9 des billets qui s\u2019y retrouvent relatent des voyages que j\u2019ai faits seule et j\u2019ins\u00e8re souvent une section sur mes impressions du pays en tant que voyageuse solo. J\u2019esp\u00e8re ainsi encourager d\u2019autres voyageuses \u00e0 se lancer !<\/div>\n<div>&#8211; Gabrielle<\/div>\n<div><a href=\"https:\/\/vagabondeuse.ca\/10-raisons-de-voyager-seule-lorsquon-est-une-femme\/\">Vagabondeuse<\/a><\/div>\n<\/div>\n<\/div>\n<\/div>\n<\/div>\n<p><img decoding=\"async\" loading=\"lazy\" class=\"aligncenter wp-image-7136 size-full\" src=\"http:\/\/arpenterlechemin.com\/wp-content\/uploads\/2019\/03\/Vagabondeuse-blog-voyage-feminin-solo-canada-arpenter-le-chemin.jpg\" alt=\"Vagabondeuse blog voyage feminin solo canada arpenter le chemin\" width=\"800\" height=\"600\" srcset=\"https:\/\/arpenterlechemin.com\/wp-content\/uploads\/2019\/03\/Vagabondeuse-blog-voyage-feminin-solo-canada-arpenter-le-chemin.jpg 800w, https:\/\/arpenterlechemin.com\/wp-content\/uploads\/2019\/03\/Vagabondeuse-blog-voyage-feminin-solo-canada-arpenter-le-chemin-533x400.jpg 533w, https:\/\/arpenterlechemin.com\/wp-content\/uploads\/2019\/03\/Vagabondeuse-blog-voyage-feminin-solo-canada-arpenter-le-chemin-768x576.jpg 768w, https:\/\/arpenterlechemin.com\/wp-content\/uploads\/2019\/03\/Vagabondeuse-blog-voyage-feminin-solo-canada-arpenter-le-chemin-780x585.jpg 780w\" sizes=\"(max-width: 800px) 100vw, 800px\" \/><\/p>\n<\/div>\n<div>***<\/div>\n<div class=\"\"><span class=\"\">En 2012 la vie m\u2019a forc\u00e9 \u00e0 r\u00e9aliser mon tout premier voyage solo \u00e0 v\u00e9lo. Terroris\u00e9e par l\u2019inconnu, j\u2019ai quand m\u00eame pris l\u2019avion pour la Patagonie \u00e0 la recherche de celle que je voulais \u00eatre. Depuis j\u2019\u00e9cris sur La Cyclonomade pour <\/span><a class=\"\" title=\"Prot\u00e9g\u00e9 par Outlook\u00a0: http:\/\/lacyclonomade.net\/tout-sur-le-cyclotourisme-au-feminin\/. Cliquez ou appuyez pour suivre le lien.\" href=\"http:\/\/lacyclonomade.net\/tout-sur-le-cyclotourisme-au-feminin\/\" target=\"_blank\" rel=\"noopener noreferrer\" data-auth=\"Verified\"><span class=\"\">encourager les femmes \u00e0 voyager<\/span><\/a><span class=\"\">, prendre leur v\u00e9lo, et <strong>partir tout simplement. Car, malgr\u00e9 les apparences, c\u2019est si simple\u2026<\/strong><\/span><\/div>\n<div><\/div>\n<div><\/div>\n<div class=\"\"><span class=\"\">On retrouve sur mon site &#8211; et en plus de mes aventures &#8211; des conseils pour pr\u00e9parer son voyage de cyclotourisme, des astuces pour choisir sa prochaine destination v\u00e9lo, du partage d\u2019exp\u00e9rience pour la vie sur la route, des fiches pratiques pour \u00eatre organis\u00e9e, des portraits de cyclovoyageurs et voyageuses francophone, et un annuaire des sites et blogs autour du voyage \u00e0 v\u00e9lo.<\/span><\/div>\n<div class=\"\"><span class=\"\">&#8211;\u00a0<\/span><span class=\"\">Laura <\/span><\/div>\n<div class=\"\"><span class=\"\"><a href=\"http:\/\/www.lacyclonomade.net\">La Cyclonomade<\/a><\/span><\/div>\n<div><\/div>\n<\/div>\n<div class=\"\">\n<div class=\"\">\n<div class=\"\">\n<div class=\"\">\n<div><img decoding=\"async\" loading=\"lazy\" class=\"aligncenter wp-image-7138 size-full\" src=\"http:\/\/arpenterlechemin.com\/wp-content\/uploads\/2019\/03\/Cyclonomade-blog-voyage-feminin-velo-solo-8-mars-arpenter-le-chemin.jpg\" alt=\"Cyclonomade blog voyage feminin velo solo 8 mars arpenter le chemin\" width=\"1029\" height=\"686\" srcset=\"https:\/\/arpenterlechemin.com\/wp-content\/uploads\/2019\/03\/Cyclonomade-blog-voyage-feminin-velo-solo-8-mars-arpenter-le-chemin.jpg 1029w, https:\/\/arpenterlechemin.com\/wp-content\/uploads\/2019\/03\/Cyclonomade-blog-voyage-feminin-velo-solo-8-mars-arpenter-le-chemin-600x400.jpg 600w, https:\/\/arpenterlechemin.com\/wp-content\/uploads\/2019\/03\/Cyclonomade-blog-voyage-feminin-velo-solo-8-mars-arpenter-le-chemin-768x512.jpg 768w, https:\/\/arpenterlechemin.com\/wp-content\/uploads\/2019\/03\/Cyclonomade-blog-voyage-feminin-velo-solo-8-mars-arpenter-le-chemin-878x585.jpg 878w\" sizes=\"(max-width: 1029px) 100vw, 1029px\" \/><\/div>\n<div><\/div>\n<div>***<\/div>\n<div>\n<p class=\"x_MsoNormal\">Aujourd&rsquo;hui \u00e7a fait 10 ans que je suis une voyageuse solitaire qui voyage en backpack autour du monde. 10 ans. \u00c7a passe tellement vite. J\u2019ai l\u2019impression que mon premier voyage en \u00c9cosse \u00e9tait hier. Je me rappelle de cette exp\u00e9rience incroyable qui m\u2019a ouvert les portes du monde entier. Je me souviens de ce sentiment de l\u00e9g\u00e8ret\u00e9, de cette adr\u00e9naline ressentie \u00e0 chaque instant, de cette impression que tout \u00e9tait possible.<\/p>\n<p class=\"x_MsoNormal\">Depuis cet instant, la passion de la d\u00e9couverte du monde ne m\u2019a jamais quitt\u00e9. Souvent j\u2019ai eu peur de partir, d\u2019aller dans telle ou telle destination, de pratiquer telle ou telle activit\u00e9. Avec le temps, je me suis surpass\u00e9e, j\u2019ai d\u00e9couverte que j\u2019\u00e9tais capable d\u2019\u00eatre organis\u00e9e, autonome, bonne guide, photographe, vid\u00e9aste, sportive, amoureuse de l\u2019environnement, et surtout, une femme forte et accomplie. J\u2019ai v\u00e9cu des aventures uniques qui m\u2019ont amen\u00e9 o\u00f9 je suis aujourd&rsquo;hui et dont je suis fi\u00e8re en tant que femme de les avoir r\u00e9alis\u00e9 seule. Pour rien au monde, je n\u2019\u00e9changerai pas vie et c\u2019est pour \u00e7a que je la partage avec mon blogue, pour encourager la rel\u00e8ve f\u00e9minine qui n\u2019attend qu\u2019\u00e0 grandir et foncer d\u00e9couvrir le monde!\u00a0\u00bb<\/p>\n<div>&#8211; Laetitia<\/div>\n<div><a href=\"https:\/\/clouzote.me\/2017\/10\/13\/voyager-inde-regles-dor-de-backpackeuse\/\">Clouzote<\/a><\/div>\n<div><img decoding=\"async\" loading=\"lazy\" class=\"aligncenter wp-image-7319 size-full\" src=\"http:\/\/arpenterlechemin.com\/wp-content\/uploads\/2019\/03\/clouzote-blog-voyage-solo-feminin-voyageuse-8-mar-arpenter-le-chemin.jpg\" alt=\"clouzote blog voyage solo feminin voyageuse 8 mar arpenter le chemin\" width=\"5472\" height=\"3648\" srcset=\"https:\/\/arpenterlechemin.com\/wp-content\/uploads\/2019\/03\/clouzote-blog-voyage-solo-feminin-voyageuse-8-mar-arpenter-le-chemin.jpg 5472w, https:\/\/arpenterlechemin.com\/wp-content\/uploads\/2019\/03\/clouzote-blog-voyage-solo-feminin-voyageuse-8-mar-arpenter-le-chemin-600x400.jpg 600w, https:\/\/arpenterlechemin.com\/wp-content\/uploads\/2019\/03\/clouzote-blog-voyage-solo-feminin-voyageuse-8-mar-arpenter-le-chemin-768x512.jpg 768w, https:\/\/arpenterlechemin.com\/wp-content\/uploads\/2019\/03\/clouzote-blog-voyage-solo-feminin-voyageuse-8-mar-arpenter-le-chemin-878x585.jpg 878w\" sizes=\"(max-width: 5472px) 100vw, 5472px\" \/><\/div>\n<\/div>\n<\/div>\n<\/div>\n<\/div>\n<\/div>\n<p>***<\/p>\n<p dir=\"ltr\">L\u2019ann\u00e9e 2018 aura \u00e9t\u00e9 pour nous, Enora et Candie, une ann\u00e9e de voyage \u00e0 travers trois pays d\u2019Am\u00e9rique latine : Argentine, Bolivie et P\u00e9rou. Ces pays gardent aujourd&rsquo;hui un fond tr\u00e8s machiste, nous avons d\u2019ailleurs entendu ce terme mainte fois de la bouche de certains habitants, hommes et femmes.<\/p>\n<p dir=\"ltr\">En tant que voyageuses, femmes, <strong>ind\u00e9pendantes et aventuri\u00e8res<\/strong>, beaucoup de personnes, masculines principalement, nous posaient des questions pour en savoir plus sur notre voyage et notre mani\u00e8re de voyager et beaucoup semblaient admiratifs et ouverts.<\/p>\n<p dir=\"ltr\">Il y a beaucoup d\u2019histoire dans le monde, de femmes qui ont \u00e9t\u00e9 harcel\u00e9es, viol\u00e9es, assassin\u00e9es, que ce soit chez elles ou en voyage. Nous avons eu la chance de toujours tomber sur de belles personnes au cours de nos 12 mois de voyage, nous ne nous sommes jamais senties en ins\u00e9curit\u00e9, que ce soit lorsque nous faisions du stop en Patagonie Argentine ou lors de nos treks en autonomie au P\u00e9rou.<\/p>\n<p dir=\"ltr\">&#8211; Enora et Candie<\/p>\n<div><a href=\"https:\/\/geonautrices.com\">Les G\u00e9onautrices &#8211; Blog voyage et randonn\u00e9e\u00a0<\/a><\/div>\n<div><\/div>\n<div><img decoding=\"async\" loading=\"lazy\" class=\"aligncenter wp-image-7141 size-full\" src=\"http:\/\/arpenterlechemin.com\/wp-content\/uploads\/2019\/03\/Geonautrices-blog-voyage-lgbtq-feminisme-voyage-arpenter-le-chemin-2.jpg\" alt=\"Geonautrices blog voyage lgbtq feminisme voyage arpenter le chemin 2\" width=\"2000\" height=\"1334\" srcset=\"https:\/\/arpenterlechemin.com\/wp-content\/uploads\/2019\/03\/Geonautrices-blog-voyage-lgbtq-feminisme-voyage-arpenter-le-chemin-2.jpg 2000w, https:\/\/arpenterlechemin.com\/wp-content\/uploads\/2019\/03\/Geonautrices-blog-voyage-lgbtq-feminisme-voyage-arpenter-le-chemin-2-600x400.jpg 600w, https:\/\/arpenterlechemin.com\/wp-content\/uploads\/2019\/03\/Geonautrices-blog-voyage-lgbtq-feminisme-voyage-arpenter-le-chemin-2-768x512.jpg 768w, https:\/\/arpenterlechemin.com\/wp-content\/uploads\/2019\/03\/Geonautrices-blog-voyage-lgbtq-feminisme-voyage-arpenter-le-chemin-2-877x585.jpg 877w\" sizes=\"(max-width: 2000px) 100vw, 2000px\" \/><\/div>\n<div>***<\/div>\n<div>D\u00e8s que j\u2019ai eu 18 ans, le voyage en solo a tout de suite \u00e9t\u00e9 mon premier mode de voyage. \u00c0 vrai dire depuis toute petite, j\u2019ai toujours eu l\u2019habitude de jouer seule et faire des activit\u00e9s en solo comme aller au cin\u00e9ma, au mus\u00e9e ou \u00e0 un concert seule ne m\u2019a jamais pos\u00e9 de probl\u00e8mes m\u00eame adolescente. Au d\u00e9part, \u00e7a s\u2019est pr\u00e9sent\u00e9 tout simplement. Lorsque j\u2019ai envie d\u2019aller quelque part, je planifie, je le propose \u00e0 des ami(e)s mais si personne n\u2019est dispo, j\u2019y vais quand m\u00eame et \u00e0 vrai dire j\u2019adore cette sensation de libert\u00e9 que procure le voyage solo. Je suis tr\u00e8s sociable et j\u2019adore faire la f\u00eate mais le fait d\u2019\u00eatre seule ne m\u2019en emp\u00eache pas du tout, bien au contraire, je rencontre encore plus de gens de cette fa\u00e7on. Il y a 10 ans, je suis partie faire le tour du monde toute seule et par la suite je suis devenue blogueuse sur travelandfilm.com, mon blog de voyage et de cin\u00e9ma.<\/div>\n<div><\/div>\n<div><\/div>\n<div>Ainsi le mode de vie nomade de voyageuse en solo s\u2019est impos\u00e9 \u00e0 moi comme une \u00e9vidence. Je n\u2019ai jamais eu de peur du fait que je sois une femme seule en voyage. \u00c0 vrai dire, certains pays sont m\u00eames plus s\u00fbrs pour les femmes que pour les hommes je pense. Ma destination de pr\u00e9dilection c\u2019est l\u2019Am\u00e9rique latine en g\u00e9n\u00e9ral et le Br\u00e9sil en particulier, justement parce que je m\u2019y sens bien plus femme qu\u2019ailleurs. Ce qui \u00e9tonne beaucoup de gens, c\u2019est que je voyage seule aussi dans des \u00e9v\u00e9nements plut\u00f4t masculins comme la coupe du monde et j\u2019adore cela. Je vous donne plus d\u00e9tails et d\u2019anecdotes dans mon article : <a href=\"http:\/\/travelandfilm.com\/voyager-femme-seule-coupe-du-monde\/\">Voyager en tant que femme seule \u00e0 la coupe du monde, c\u2019est comment ?<\/a><\/div>\n<div>&#8211; Emily<\/div>\n<div><a href=\"http:\/\/TravelAndFilm.com\">Travel and Film<\/a><\/div>\n<div><img decoding=\"async\" loading=\"lazy\" class=\"aligncenter wp-image-7323 size-full\" src=\"http:\/\/arpenterlechemin.com\/wp-content\/uploads\/2019\/03\/france-belgique-demi-finale-russie-2018.jpg\" alt=\"\" width=\"1000\" height=\"750\" srcset=\"https:\/\/arpenterlechemin.com\/wp-content\/uploads\/2019\/03\/france-belgique-demi-finale-russie-2018.jpg 1000w, https:\/\/arpenterlechemin.com\/wp-content\/uploads\/2019\/03\/france-belgique-demi-finale-russie-2018-533x400.jpg 533w, https:\/\/arpenterlechemin.com\/wp-content\/uploads\/2019\/03\/france-belgique-demi-finale-russie-2018-768x576.jpg 768w, https:\/\/arpenterlechemin.com\/wp-content\/uploads\/2019\/03\/france-belgique-demi-finale-russie-2018-780x585.jpg 780w\" sizes=\"(max-width: 1000px) 100vw, 1000px\" \/><\/div>\n<div>***<\/div>\n<div><img decoding=\"async\" loading=\"lazy\" class=\"size-large wp-image-7320 alignleft\" src=\"http:\/\/arpenterlechemin.com\/wp-content\/uploads\/2019\/03\/studios-harry-potter-Londres-solo-1-385x585.jpg\" alt=\"\" width=\"385\" height=\"585\" srcset=\"https:\/\/arpenterlechemin.com\/wp-content\/uploads\/2019\/03\/studios-harry-potter-Londres-solo-1-385x585.jpg 385w, https:\/\/arpenterlechemin.com\/wp-content\/uploads\/2019\/03\/studios-harry-potter-Londres-solo-1-263x400.jpg 263w, https:\/\/arpenterlechemin.com\/wp-content\/uploads\/2019\/03\/studios-harry-potter-Londres-solo-1.jpg 626w\" sizes=\"(max-width: 385px) 100vw, 385px\" \/>Je suis partie \u00e0 Londres en solo en f\u00e9vrier pour une semaine. C\u2019\u00e9tait mon second voyage seule apr\u00e8s 3 jours \u00e0 Barcelone (j\u2019augmente la dose petit \u00e0 petit\u00a0!) Je partais seule, mais pas question de rester seule tout le s\u00e9jour. J\u2019avais pr\u00e9vu de rencontrer l\u00e0-bas une amie qui y vit (1 journ\u00e9e) et j\u2019y ai ajout\u00e9 une apr\u00e8s-midi avec un greeter (femme) de Londres.<\/div>\n<div><\/div>\n<div><\/div>\n<div>Le reste du temps, j\u2019ai fait ce que j\u2019aime le plus dans ce type de voyage\u00a0: <strong>exactement ce que je voulais et quand je le voulais<\/strong>. Pas d\u2019horaire \u00e0 respecter (\u00e0 part les horaires d\u2019ouverture des mus\u00e9es \u00e9videmment), pas d\u2019autre avis \u00e0 prendre en compte, de temps en temps, \u00e7a fait du bien\u00a0! A l\u2019auberge de jeunesse, je partageais un dortoir mixte, ce qui m\u2019a aussi permis de rencontrer des gens. Enfin le soir, j\u2019ai profit\u00e9 du centre de Londres pour aller au th\u00e9\u00e2tre ou voir des com\u00e9dies musicales. Les bars seule le soir, \u00e7a ne me tentait pas vraiment. En bref, j\u2019ai pass\u00e9 un moment extraordinaire toute seule \u00e0 Londres mais je pense que ce qui en a fait un moment \u00e0 part c\u2019est aussi la pr\u00e9paration en amont. J\u2019avais un peu r\u00e9fl\u00e9chi sur ce que j\u2019attendais de ce voyage et ce que je ne voulais surtout pas et les quelques r\u00e9servations faites \u00e0 l\u2019avance (greeter, th\u00e9\u00e2tre) m\u2019ont permis de me laisser porter tout au long de cette semaine. Un beau souvenir que j\u2019esp\u00e8re r\u00e9it\u00e9rer bient\u00f4t\u00a0!<\/div>\n<div><\/div>\n<div>\n<div>&#8211; Aur\u00e9lie<\/div>\n<div><a class=\"x_enhancr_card_0419344988\" title=\"Prot\u00e9g\u00e9 par Outlook\u00a0: https:\/\/www.travelingaddress.fr\/. Cliquez ou appuyez pour suivre le lien.\" href=\"https:\/\/www.travelingaddress.fr\/\" target=\"_blank\" rel=\"nofollow noopener noreferrer\" data-auth=\"Verified\">Travelingaddress<\/a><\/div>\n<\/div>\n<div>\n<p>***<\/p>\n<p>Je suis Pam du blogue Voyager sa vie. Majoritairement, je voyage avec ma copine et si ce n\u2019est pas le cas, je pars en solo, pour la plupart du temps, en Asie, mon continent favori.<\/p>\n<p>&nbsp;<\/p>\n<p><strong>Voyager en solo en tant que femme est encore per\u00e7u comme quelque chose de dangereux, d&rsquo;insouciant pour beaucoup de gens.<\/strong> Comme si l&rsquo;on se mettait volontairement en danger pour la simple et bonne raison que l&rsquo;on est une femme. Je ne crois pas que notre sexe devrait \u00eatre le moteur d&rsquo;un choix de destination, pourtant je le fais moi-m\u00eame parfois. Je me demande comment je vais me sentir \u00e0 tel ou tel endroit si je suis seule. Vais-je me sentir en s\u00e9curit\u00e9 dans ce pays-l\u00e0 si je prends un train de nuit, si je rentre apr\u00e8s le coucher du soleil \u00e0 mon auberge o\u00f9 si je suis entour\u00e9e d&rsquo;hommes dans mon dortoir? Je me surprends souvent \u00e0 rassurer les membres de ma famille comme quoi j&rsquo;ai choisi une destination s\u00e9curitaire. J&rsquo;explique comment les hommes en Chine sont respectueux et qu&rsquo;ils n&rsquo;ont rien \u00e0 craindre. Lorsque je suis partie en Inde, je rassurais ma grand-m\u00e8re du fait que j&rsquo;y allais avec un homme, qu&rsquo;elle n&rsquo;avait pas \u00e0 s&rsquo;inqui\u00e9ter&#8230; Mais pourquoi devoir toujours justifier ce type de d\u00e9cision ? Pourquoi est-ce que le fait d&rsquo;\u00eatre avec un homme ou non a autant de r\u00e9percussions ? Comme si on \u00e9tait plus petite, plus vuln\u00e9rable, une proie facile.<\/p>\n<p>Bien \u00e9videmment, la majorit\u00e9 des hommes qui partent voyager seuls ne se posent pas ce type de question. Cela m&rsquo;attriste et m&rsquo;\u00e9nerve en quelque sorte de constater que la plupart des femmes, comme moi, ont ce r\u00e9flexe avant de partir voyager&#8230; <strong>J&rsquo;ai envie d&rsquo;un monde o\u00f9 je peux aller o\u00f9 bon me semble sans avoir \u00e0 craindre quoi que ce soit plus qu&rsquo;un autre.<\/strong>\u00a0Mon souhait est que le monde devienne un peu plus tous les jours, un lieu o\u00f9 les femmes, tout comme les hommes, pourront faire ce qu&rsquo;elles veulent, de la fa\u00e7on qu&rsquo;elles le veulent sans craindre davantage pour leur s\u00e9curit\u00e9 simplement \u00e0 cause de leur genre. C&rsquo;est en continuant de le faire je pense que les choses vont \u00e9voluer.<\/p>\n<p>&nbsp;<\/p>\n<p>SVP, voyagez o\u00f9 votre c\u0153ur vous dit d&rsquo;aller !<\/p>\n<p>&#8211; Pam<\/p>\n<p><a title=\"Prot\u00e9g\u00e9 par Outlook\u00a0: http:\/\/voyagersavie.com. Cliquez ou appuyez pour suivre le lien.\" href=\"http:\/\/voyagersavie.com\" target=\"_blank\" rel=\"noopener noreferrer\" data-auth=\"Verified\">Voyager sa vie<\/a><\/p>\n<\/div>\n<div>\u00a0<img decoding=\"async\" loading=\"lazy\" class=\"aligncenter wp-image-7160 size-full\" src=\"http:\/\/arpenterlechemin.com\/wp-content\/uploads\/2019\/03\/philippines-voyagersavie.jpg\" alt=\"\" width=\"960\" height=\"719\" srcset=\"https:\/\/arpenterlechemin.com\/wp-content\/uploads\/2019\/03\/philippines-voyagersavie.jpg 960w, https:\/\/arpenterlechemin.com\/wp-content\/uploads\/2019\/03\/philippines-voyagersavie-534x400.jpg 534w, https:\/\/arpenterlechemin.com\/wp-content\/uploads\/2019\/03\/philippines-voyagersavie-768x575.jpg 768w, https:\/\/arpenterlechemin.com\/wp-content\/uploads\/2019\/03\/philippines-voyagersavie-781x585.jpg 781w\" sizes=\"(max-width: 960px) 100vw, 960px\" \/><\/div>\n<div><\/div>\n<div>***<\/div>\n<div>Londres fut mon premier voyage en solo, j<strong>\u2019ai vite pris go\u00fbt \u00e0 la libert\u00e9 et au plaisir de rencontrer des gens en voyage<\/strong>.<\/div>\n<div>\n<p>Mon tour d\u2019Europe en train de Nice jusqu&rsquo;en Bulgarie \u00e9tait ma plus belle exp\u00e9rience, des rencontres enrichissantes, amusantes, \u00e0 certains moments j\u2019ai eu des craintes et des peurs mais je suis toujours tomb\u00e9 sur une personne bienveillante.<\/p>\n<p>Je n&rsquo;ai jamais eu peur de me lancer en solo tout \u00e9tant une femme, je n&rsquo;aime pas les freins et <strong>cette force de caract\u00e8re, je la dois \u00e0 mes voyages<\/strong>. Apr\u00e8s chaque destination, je voulais repartir encore plus loin parce qu&rsquo;en voyageant seule, les locaux viennent plus facilement \u00e0 nous, d&rsquo;un sourire la barri\u00e8re de la langue se brise.<\/p>\n<p>Voyager en solo m\u2019a ouvert l\u2019esprit et m&rsquo;a fait d\u00e9passer ma timidit\u00e9. Chaque pays, chaque ville est particuli\u00e8re je ne compte plus combien de verres j&rsquo;ai d\u00fb trinquer pour sceller une nouvelle amiti\u00e9.<\/p>\n<p>Je ne cesse de conseiller aux lectrices de mon blog Touristissimo de voyager, de pousser leur limite pour vivre une aventure unique et passionnante. Vous avez la possibilit\u00e9 de le faire? faites-le vous n\u2019aurez pas \u00e0 le regretter.\u00a0<span class=\"x_gmail-Apple-converted-space\">\u00a0<\/span><\/p>\n<p>Si je peux le faire, vous aussi, alors lancez-vous.<\/p>\n<p>&#8211; Katou<\/p>\n<p><a title=\"Prot\u00e9g\u00e9 par Outlook\u00a0: http:\/\/touristissimo.com. Cliquez ou appuyez pour suivre le lien.\" href=\"https:\/\/www.touristissimo.com\" target=\"_blank\" rel=\"noopener noreferrer\" data-auth=\"Verified\">Touristissimo<\/a><img decoding=\"async\" loading=\"lazy\" class=\"alignnone wp-image-7318 size-full\" src=\"http:\/\/arpenterlechemin.com\/wp-content\/uploads\/2019\/03\/touristissimo-blog-voyage-feminin-8-mars-journee-femmes-arpenter-le-chemin.jpg\" alt=\"touristissimo blog voyage feminin 8 mars journee femmes arpenter le chemin\" width=\"960\" height=\"540\" srcset=\"https:\/\/arpenterlechemin.com\/wp-content\/uploads\/2019\/03\/touristissimo-blog-voyage-feminin-8-mars-journee-femmes-arpenter-le-chemin.jpg 960w, https:\/\/arpenterlechemin.com\/wp-content\/uploads\/2019\/03\/touristissimo-blog-voyage-feminin-8-mars-journee-femmes-arpenter-le-chemin-500x280.jpg 500w, https:\/\/arpenterlechemin.com\/wp-content\/uploads\/2019\/03\/touristissimo-blog-voyage-feminin-8-mars-journee-femmes-arpenter-le-chemin-690x388.jpg 690w, https:\/\/arpenterlechemin.com\/wp-content\/uploads\/2019\/03\/touristissimo-blog-voyage-feminin-8-mars-journee-femmes-arpenter-le-chemin-768x432.jpg 768w\" sizes=\"(max-width: 960px) 100vw, 960px\" \/><\/p>\n<div>***<\/div>\n<div>\n<div class=\"\">\n<div class=\"\">\n<div class=\"\">\n<p class=\"x_MsoNormal\"><span class=\"\" lang=\"FR-CA\">J\u2019\u00e9cris ces lignes depuis un homestay dans les montagnes de Borobudur en Indon\u00e9sie. En cette saison des pluies, je suis une des rares touristes ici, et comme je voyage seule, j\u2019attire l\u2019attention. On vient rapidement vers moi pour discuter. On me trouve brave, courageuse ou forte d\u2019\u00eatre ainsi seule dans cette campagne de Java. <strong>On me demande : pourquoi voyages-tu seule ? Et je r\u00e9ponds : pourquoi pas ?<\/strong> On me dit : O\u00f9 est ton mari ? Et je ricane en r\u00e9pondant : trop de trouble ! <\/span><\/p>\n<\/div>\n<\/div>\n<\/div>\n<div class=\"\">\n<div class=\"\">\n<div class=\"\">\n<p class=\"x_MsoNormal\"><span class=\"\" lang=\"FR-CA\">Pour moi voyager seule c\u2019est une <strong>libert\u00e9 r\u00eav\u00e9e<\/strong>. Une libert\u00e9 que j\u2019oublie de prendre quand je suis \u00e0 la maison. L\u00e0, tout de suite, je ne dois rien \u00e0 personne. Dans une vie o\u00f9 tout roule \u00e0 vitesse grand V, o\u00f9 l\u2019on court apr\u00e8s le temps, se poser un instant, face \u00e0 soi-m\u00eame, \u00e7a peut faire peur. On cherche \u00e0 combler les minutes qui normalement nous \u00e9chappe. Puis la routine du voyage s\u2019installe et on se sent bien. Pour moi voyager seule, c\u2019est de reconnecter avec qui on est.<\/span><\/p>\n<p>&#8211; Maude<\/p>\n<\/div>\n<\/div>\n<\/div>\n<div class=\"\">\n<div class=\"\">\n<div class=\"\">\n<p><a href=\"http:\/\/www.mcglobetrotteuse.com\">MCGlobetrotteuse<\/a><\/p>\n<\/div>\n<\/div>\n<\/div>\n<div class=\"\">\n<div class=\"\">\n<div class=\"\">\n<p><img decoding=\"async\" loading=\"lazy\" class=\"aligncenter wp-image-7324 size-full\" src=\"http:\/\/arpenterlechemin.com\/wp-content\/uploads\/2019\/03\/MCGlobetrotteuse-1.jpg\" alt=\"\" width=\"1365\" height=\"1365\" srcset=\"https:\/\/arpenterlechemin.com\/wp-content\/uploads\/2019\/03\/MCGlobetrotteuse-1.jpg 1365w, https:\/\/arpenterlechemin.com\/wp-content\/uploads\/2019\/03\/MCGlobetrotteuse-1-400x400.jpg 400w, https:\/\/arpenterlechemin.com\/wp-content\/uploads\/2019\/03\/MCGlobetrotteuse-1-768x768.jpg 768w, https:\/\/arpenterlechemin.com\/wp-content\/uploads\/2019\/03\/MCGlobetrotteuse-1-585x585.jpg 585w\" sizes=\"(max-width: 1365px) 100vw, 1365px\" \/><\/p>\n<\/div>\n<\/div>\n<\/div>\n<div class=\"\">\n<div class=\"\">\n<div class=\"\">\n<p>***<\/p>\n<\/div>\n<\/div>\n<\/div>\n<div class=\"\">\n<p>Le go\u00fbt du voyage, c\u2019est un peu comme la passion pour la musique ou pour la cuisine tha\u00eflandaise, c\u2019est plus simple quand les deux membres du couple sont d\u2019accord. On peut voyager ensemble, assister au m\u00eame concert et choisir d\u2019un commun accord le repas du soir.<\/p>\n<p>J\u2019aime les voyages lents dans les petites villes, la musique pop-folk et le poulet satay. Mon amoureux aiment les grandes villes, la musique fran\u00e7aise et les \u00e9pices vraiment fortes. Et notre fille, Nine\u2026 elle aime les mus\u00e9es et les grandes promenades dans la nature, le rock et la chanson fran\u00e7aise et toute nourriture \u00ab nouvelle \u00bb.<\/p>\n<\/div>\n<div class=\"\">\n<p>Nous voyageons donc \u00e0 trois, mais le plus souvent, je pars seule avec Nine qui a 7 ans \u00e0 pr\u00e9sent. Nous prenons chacune notre sac \u00e0 dos et grimpons avec bonheur dans un train. Nous visitons des mus\u00e9es, avalons en vitesse des sandwichs pour mettre tout notre budget repas dans un salon de th\u00e9, marchons beaucoup, partageons parfois le m\u00eame lit, toujours la m\u00eame chambre.<\/p>\n<\/div>\n<div class=\"\">\n<p><strong>Nous voyageons entre filles<\/strong>, pour avancer selon notre plaisir. Nous retrouvons des amis, nous gardons des chats, nous remplissons notre t\u00eate de parfums, d\u2019aventures, de couleurs et d\u2019histoire pendant 3 jours ou 3 semaines.<\/p>\n<\/div>\n<div class=\"\">\n<p>Et au retour nous dessinons, \u00e9crivons, racontons dans nos carnets, \u00e0 nos amis, \u00e0 mon amoureux \/ son p\u00e8re, sur le blog&#8230;<\/p>\n<\/div>\n<div class=\"\">\n<p>Le go\u00fbt du voyage, c\u2019est un peu comme tout, il n\u2019y a pas d\u2019\u00e2ge ni de configuration familiale optimale. Il n\u2019y a que l\u2019envie et le jour o\u00f9 l\u2019on monte dans un train.<\/p>\n<\/div>\n<div class=\"\">\n<p>&#8211; Tiphanya<\/p>\n<\/div>\n<p><a href=\"https:\/\/avenuereinemathilde.com\">Avenue Reine Mathilde<\/a><\/p>\n<div class=\"\">\n<p><img decoding=\"async\" loading=\"lazy\" class=\"aligncenter wp-image-7137 size-full\" src=\"http:\/\/arpenterlechemin.com\/wp-content\/uploads\/2019\/03\/Avenue-reine-mathilde-blog-voyage-feminin-journee-internationale-droits-femmes-arpenter-le-chemin.jpg\" alt=\"Avenue reine mathilde blog voyage feminin journee internationale droits femmes arpenter le chemin\" width=\"3648\" height=\"2736\" srcset=\"https:\/\/arpenterlechemin.com\/wp-content\/uploads\/2019\/03\/Avenue-reine-mathilde-blog-voyage-feminin-journee-internationale-droits-femmes-arpenter-le-chemin.jpg 3648w, https:\/\/arpenterlechemin.com\/wp-content\/uploads\/2019\/03\/Avenue-reine-mathilde-blog-voyage-feminin-journee-internationale-droits-femmes-arpenter-le-chemin-533x400.jpg 533w, https:\/\/arpenterlechemin.com\/wp-content\/uploads\/2019\/03\/Avenue-reine-mathilde-blog-voyage-feminin-journee-internationale-droits-femmes-arpenter-le-chemin-768x576.jpg 768w, https:\/\/arpenterlechemin.com\/wp-content\/uploads\/2019\/03\/Avenue-reine-mathilde-blog-voyage-feminin-journee-internationale-droits-femmes-arpenter-le-chemin-780x585.jpg 780w\" sizes=\"(max-width: 3648px) 100vw, 3648px\" \/><\/p>\n<\/div>\n<p>***<\/p>\n<p><em>Et le num\u00e9ro compl\u00e9mentaire :<\/em><\/p>\n<p>Cela fait maintenant plus de huit ans que je voyage seule. J\u2019en ai l\u2019habitude. Je ne ressens plus le voyage seule comme une anomalie, mais comme une chose famili\u00e8re, <strong>comme si ma solitude en voyage \u00e9tait une vieille amie<\/strong> que je retrouvais d\u00e8s que la porti\u00e8re claque et que je prends la route. Et pourtant, voyager seule reste encore et toujours un d\u00e9fi, un effort mental.<\/p>\n<p>Ce n\u2019est pas un d\u00e9fi \u00e0 la s\u00e9curit\u00e9. Je suis une \u00ab aventuri\u00e8re bourgeoise \u00bb, <a href=\"https:\/\/www.itinera-magica.com\/tendances-tourisme\/\">comme je l\u2019ai d\u00e9j\u00e0 \u00e9crit\u00a0:<\/a> je ne traverse pas le Pakistan en bus en solo, je pars plut\u00f4t 10 jours en road trip aux Etats-Unis, prot\u00e9g\u00e9e par la bulle de ma voiture de location et par les motels r\u00e9serv\u00e9s \u00e0 l\u2019avance. Voyager seule en tant que femme n\u2019est pas si audacieux quand on voyage comme moi, avec un budget et une bonne organisation.<\/p>\n<p>C\u2019est plut\u00f4t un d\u00e9fi \u00e0 une id\u00e9e toxique qu\u2019on nous inculque \u00e0 grand coups de films, de s\u00e9ries et de posts Instagram : que le couple serait le seul garant d\u2019une vie heureuse, l\u2019horizon ind\u00e9passable de la f\u00e9licit\u00e9. Voyager seule, c\u2019est se demander en permanence si ce n\u2019est pas du \u00ab g\u00e2chis \u00bb de vivre tout cela en solitaire, de ne pas avoir quelqu&rsquo;un avec qui partager l\u2019\u00e9motion de ce coucher de soleil, du \u00ab g\u00e2chis \u00bb d\u2019\u00eatre seule dans cette jolie chambre d\u2019h\u00f4tel \u00e0 la d\u00e9co si romantique. Comme si je ne le m\u00e9ritais pas, moi toute seule, que \u00ab \u00e7a ne valait le coup \u00bb qu\u2019en pr\u00e9sence d\u2019un autre. <strong>Voyager seule, c\u2019est d\u00e9construire un conditionnement qui suppose que la vie ne vaut la peine d\u2019\u00eatre v\u00e9cue qu\u2019\u00e0 deux<\/strong>, et que le voyage, comme le cin\u00e9ma ou le restaurant, serait r\u00e9serv\u00e9 \u00e0 ceux qui s\u2019aiment. C\u2019est r\u00e9affirmer \u00e0 chaque fois, envers et contre tout : j\u2019en vaux la peine. M\u00eame seule, cela vaut la peine de voir ces paysages, de manger dans ce resto, de dormir face \u00e0 la mer, de m\u2019octroyer ces joies.<\/p>\n<p>Comme tout le monde, j\u2019ai des moments de doute o\u00f9 la solitude me p\u00e8se. Seule \u00e0 Hawa\u00ef, destination de lune de miel s\u2019il en est, j\u2019envie malgr\u00e9 moi ces couples qui marchent main dans la main le long du rivage. J\u2019ai presque 30 ans, plus de mari et pas d\u2019enfant, et la soci\u00e9t\u00e9 me renvoie souvent un diagnostic d\u2019\u00e9chec face \u00e0 cette friche sentimentale. Mais soudain je me souviens que je m\u00e8ne la vie dont j\u2019ai toujours voulu, que je m\u2019autorise de vivre comme je l\u2019entends, de voir et de vivre tout ce qui faisait battre mon c\u0153ur plus fort. Je n\u2019ai pas besoin de prince charmant : c\u2019est moi qui monte sur le cheval blanc, et qui l\u2019emm\u00e8ne au bout du monde. J\u2019y ai pens\u00e9 tr\u00e8s fort au Groenland, o\u00f9 j\u2019ai pass\u00e9 dix jours vraiment toute seule au milieu des \u00e9tendues gel\u00e9es. Minuscule face aux icebergs d\u2019Ilulissat, je me disais : <strong>je suis une femme qui r\u00e9alise ses r\u00eaves. Et de \u00e7a, je suis vraiment fi\u00e8re.<\/strong><\/p>\n<p>&#8211; Alexandra<\/p>\n<p><a href=\"https:\/\/www.itinera-magica.com\/\">Itinera Magica<\/a><\/p>\n<p><img decoding=\"async\" loading=\"lazy\" class=\"aligncenter wp-image-7367 size-full\" src=\"https:\/\/arpenterlechemin.com\/wp-content\/uploads\/2019\/03\/53903813_543440932815348_1027199269162975232_n.jpg\" alt=\"\" width=\"1920\" height=\"1280\" srcset=\"https:\/\/arpenterlechemin.com\/wp-content\/uploads\/2019\/03\/53903813_543440932815348_1027199269162975232_n.jpg 1920w, https:\/\/arpenterlechemin.com\/wp-content\/uploads\/2019\/03\/53903813_543440932815348_1027199269162975232_n-600x400.jpg 600w, https:\/\/arpenterlechemin.com\/wp-content\/uploads\/2019\/03\/53903813_543440932815348_1027199269162975232_n-768x512.jpg 768w, https:\/\/arpenterlechemin.com\/wp-content\/uploads\/2019\/03\/53903813_543440932815348_1027199269162975232_n-878x585.jpg 878w\" sizes=\"(max-width: 1920px) 100vw, 1920px\" \/><\/p>\n<div class=\"\">\n<div class=\"\">\n<div class=\"\">\n<div class=\"\">\n<div class=\"\">\n<div class=\"\">\n<p class=\"x_MsoNormal\"><em>Et vous, vous sentez-vous l&rsquo;\u00e2me militante en ce 8 mars, ou le restant de l&rsquo;ann\u00e9e ? Quels sont les blogs de voyageuses qui vous inspirent et vous donnent la force d&rsquo;\u00eatre convaincues que le monde vous appartient, nous appartient ?<\/em><\/p>\n<p>Les photos m&rsquo;ont \u00e9t\u00e9 communiqu\u00e9es par leurs autrices.<\/p>\n<\/div>\n<\/div>\n<\/div>\n<\/div>\n<\/div>\n<\/div>\n<div class=\"\">\n<div class=\"\">\n<div class=\"\">\n<div class=\"\">\n<p><img decoding=\"async\" loading=\"lazy\" class=\"alignnone wp-image-7328 size-medium\" src=\"http:\/\/arpenterlechemin.com\/wp-content\/uploads\/2019\/03\/voyageuses-inspirantes-voyager-feminin-solo-blog-voyage-arpenter-le-chemin-267x400.jpg\" alt=\"voyageuses inspirantes voyager feminin solo blog voyage arpenter le chemin\" width=\"267\" height=\"400\" srcset=\"https:\/\/arpenterlechemin.com\/wp-content\/uploads\/2019\/03\/voyageuses-inspirantes-voyager-feminin-solo-blog-voyage-arpenter-le-chemin-267x400.jpg 267w, https:\/\/arpenterlechemin.com\/wp-content\/uploads\/2019\/03\/voyageuses-inspirantes-voyager-feminin-solo-blog-voyage-arpenter-le-chemin-390x585.jpg 390w, https:\/\/arpenterlechemin.com\/wp-content\/uploads\/2019\/03\/voyageuses-inspirantes-voyager-feminin-solo-blog-voyage-arpenter-le-chemin.jpg 735w\" sizes=\"(max-width: 267px) 100vw, 267px\" \/> <img decoding=\"async\" loading=\"lazy\" class=\"alignnone wp-image-7329 size-medium\" src=\"http:\/\/arpenterlechemin.com\/wp-content\/uploads\/2019\/03\/blog-voyage-solo-feminin-voyageuses-europe-canada-arpenter-le-chemin-1-267x400.jpg\" alt=\"blog voyage solo feminin voyageuses europe canada arpenter le chemin (1)\" width=\"267\" height=\"400\" srcset=\"https:\/\/arpenterlechemin.com\/wp-content\/uploads\/2019\/03\/blog-voyage-solo-feminin-voyageuses-europe-canada-arpenter-le-chemin-1-267x400.jpg 267w, https:\/\/arpenterlechemin.com\/wp-content\/uploads\/2019\/03\/blog-voyage-solo-feminin-voyageuses-europe-canada-arpenter-le-chemin-1-390x585.jpg 390w, https:\/\/arpenterlechemin.com\/wp-content\/uploads\/2019\/03\/blog-voyage-solo-feminin-voyageuses-europe-canada-arpenter-le-chemin-1.jpg 735w\" sizes=\"(max-width: 267px) 100vw, 267px\" \/> <img decoding=\"async\" loading=\"lazy\" class=\"alignnone wp-image-7330 size-medium\" src=\"http:\/\/arpenterlechemin.com\/wp-content\/uploads\/2019\/03\/voyager-au-feminin-solo-voyageuses-journee-droits-des-femmes-blog-voyage-arpenter-le-chemin-267x400.jpg\" alt=\"voyager au feminin solo voyageuses journee droits des femmes blog voyage arpenter le chemin\" width=\"267\" height=\"400\" srcset=\"https:\/\/arpenterlechemin.com\/wp-content\/uploads\/2019\/03\/voyager-au-feminin-solo-voyageuses-journee-droits-des-femmes-blog-voyage-arpenter-le-chemin-267x400.jpg 267w, https:\/\/arpenterlechemin.com\/wp-content\/uploads\/2019\/03\/voyager-au-feminin-solo-voyageuses-journee-droits-des-femmes-blog-voyage-arpenter-le-chemin-390x585.jpg 390w, https:\/\/arpenterlechemin.com\/wp-content\/uploads\/2019\/03\/voyager-au-feminin-solo-voyageuses-journee-droits-des-femmes-blog-voyage-arpenter-le-chemin.jpg 735w\" sizes=\"(max-width: 267px) 100vw, 267px\" \/><\/p>\n<\/div>\n<\/div>\n<\/div>\n<\/div>\n<\/div>\n<\/div>\n","protected":false},"excerpt":{"rendered":"<p>Aujourd&rsquo;hui, nous sommes le 8 mars, journ\u00e9e internationale de lutte pour les droits des femmes. Loin des chocolats et des roses, cette journ\u00e9e est une journ\u00e9e de militantisme, de politique, de revendications. Parce que rien n&rsquo;est plus fragile que les droits d&rsquo;une minorit\u00e9. Parce que trop souvent, les femmes qui voyagent seules, ou entre elles, sont consid\u00e9r\u00e9es comme des b\u00eates curieuses, des anomalies ou des cibles. Rendons hommage aux voyageuses victimes de la b\u00eatise des hommes sur les routes, victimes de la b\u00eatise des commentaires sur les r\u00e9seaux sociaux. Et <\/p>\n","protected":false},"author":1,"featured_media":7331,"comment_status":"open","ping_status":"open","sticky":false,"template":"","format":"standard","meta":{"jetpack_post_was_ever_published":false},"categories":[1,662],"tags":[558,671,672,603,420],"yoast_head":"<!-- This site is optimized with the Yoast SEO plugin v20.7 - https:\/\/yoast.com\/wordpress\/plugins\/seo\/ -->\n<title>R\u00c9FLEXION \/\/ Dix blogs de voyageuses au f\u00e9minin - Arpenter le chemin<\/title>\n<meta name=\"robots\" content=\"index, follow, max-snippet:-1, max-image-preview:large, max-video-preview:-1\" \/>\n<link rel=\"canonical\" href=\"https:\/\/arpenterlechemin.com\/index.php\/2019\/03\/08\/voyageuses-solo\/\" \/>\n<meta property=\"og:locale\" content=\"fr_FR\" \/>\n<meta property=\"og:type\" content=\"article\" \/>\n<meta property=\"og:title\" content=\"R\u00c9FLEXION \/\/ Dix blogs de voyageuses au f\u00e9minin - Arpenter le chemin\" \/>\n<meta property=\"og:description\" content=\"Aujourd&rsquo;hui, nous sommes le 8 mars, journ\u00e9e internationale de lutte pour les droits des femmes. Loin des chocolats et des roses, cette journ\u00e9e est une journ\u00e9e de militantisme, de politique, de revendications. Parce que rien n&rsquo;est plus fragile que les droits d&rsquo;une minorit\u00e9. Parce que trop souvent, les femmes qui voyagent seules, ou entre elles, sont consid\u00e9r\u00e9es comme des b\u00eates curieuses, des anomalies ou des cibles. Rendons hommage aux voyageuses victimes de la b\u00eatise des hommes sur les routes, victimes de la b\u00eatise des commentaires sur les r\u00e9seaux sociaux. Et\" \/>\n<meta property=\"og:url\" content=\"https:\/\/arpenterlechemin.com\/index.php\/2019\/03\/08\/voyageuses-solo\/\" \/>\n<meta property=\"og:site_name\" content=\"Arpenter le chemin\" \/>\n<meta property=\"article:published_time\" content=\"2019-03-08T06:17:00+00:00\" \/>\n<meta property=\"article:modified_time\" content=\"2019-05-06T10:08:17+00:00\" \/>\n<meta property=\"og:image\" content=\"https:\/\/arpenterlechemin.com\/wp-content\/uploads\/2019\/03\/titre-voyageuses-voyage-solo-au-feminin-journee-droits-des-femmes-arpenter-le-chemin-1.jpg\" \/>\n\t<meta property=\"og:image:width\" content=\"1040\" \/>\n\t<meta property=\"og:image:height\" content=\"585\" \/>\n\t<meta property=\"og:image:type\" content=\"image\/jpeg\" \/>\n<meta name=\"author\" content=\"Audrey\" \/>\n<meta name=\"twitter:card\" content=\"summary_large_image\" \/>\n<meta name=\"twitter:label1\" content=\"\u00c9crit par\" \/>\n\t<meta name=\"twitter:data1\" content=\"Audrey\" \/>\n\t<meta name=\"twitter:label2\" content=\"Dur\u00e9e de lecture estim\u00e9e\" \/>\n\t<meta name=\"twitter:data2\" content=\"17 minutes\" \/>\n<script type=\"application\/ld+json\" class=\"yoast-schema-graph\">{\"@context\":\"https:\/\/schema.org\",\"@graph\":[{\"@type\":\"Article\",\"@id\":\"https:\/\/arpenterlechemin.com\/index.php\/2019\/03\/08\/voyageuses-solo\/#article\",\"isPartOf\":{\"@id\":\"https:\/\/arpenterlechemin.com\/index.php\/2019\/03\/08\/voyageuses-solo\/\"},\"author\":{\"name\":\"Audrey\",\"@id\":\"https:\/\/arpenterlechemin.com\/#\/schema\/person\/1d187818c0988fbea4d682c1e59c795c\"},\"headline\":\"R\u00c9FLEXION \/\/ Dix blogs de voyageuses au f\u00e9minin\",\"datePublished\":\"2019-03-08T06:17:00+00:00\",\"dateModified\":\"2019-05-06T10:08:17+00:00\",\"mainEntityOfPage\":{\"@id\":\"https:\/\/arpenterlechemin.com\/index.php\/2019\/03\/08\/voyageuses-solo\/\"},\"wordCount\":3378,\"commentCount\":18,\"publisher\":{\"@id\":\"https:\/\/arpenterlechemin.com\/#organization\"},\"keywords\":[\"article collaboratif\",\"feminisme\",\"militant\",\"solo\",\"voyager au f\u00e9minin\"],\"articleSection\":[\"Blog\",\"R\u00e9flexions\"],\"inLanguage\":\"fr-FR\",\"potentialAction\":[{\"@type\":\"CommentAction\",\"name\":\"Comment\",\"target\":[\"https:\/\/arpenterlechemin.com\/index.php\/2019\/03\/08\/voyageuses-solo\/#respond\"]}]},{\"@type\":\"WebPage\",\"@id\":\"https:\/\/arpenterlechemin.com\/index.php\/2019\/03\/08\/voyageuses-solo\/\",\"url\":\"https:\/\/arpenterlechemin.com\/index.php\/2019\/03\/08\/voyageuses-solo\/\",\"name\":\"R\u00c9FLEXION \/\/ Dix blogs de voyageuses au f\u00e9minin - Arpenter le chemin\",\"isPartOf\":{\"@id\":\"https:\/\/arpenterlechemin.com\/#website\"},\"datePublished\":\"2019-03-08T06:17:00+00:00\",\"dateModified\":\"2019-05-06T10:08:17+00:00\",\"breadcrumb\":{\"@id\":\"https:\/\/arpenterlechemin.com\/index.php\/2019\/03\/08\/voyageuses-solo\/#breadcrumb\"},\"inLanguage\":\"fr-FR\",\"potentialAction\":[{\"@type\":\"ReadAction\",\"target\":[\"https:\/\/arpenterlechemin.com\/index.php\/2019\/03\/08\/voyageuses-solo\/\"]}]},{\"@type\":\"BreadcrumbList\",\"@id\":\"https:\/\/arpenterlechemin.com\/index.php\/2019\/03\/08\/voyageuses-solo\/#breadcrumb\",\"itemListElement\":[{\"@type\":\"ListItem\",\"position\":1,\"name\":\"Home\",\"item\":\"https:\/\/arpenterlechemin.com\/\"},{\"@type\":\"ListItem\",\"position\":2,\"name\":\"R\u00c9FLEXION \/\/ Dix blogs de voyageuses au f\u00e9minin\"}]},{\"@type\":\"WebSite\",\"@id\":\"https:\/\/arpenterlechemin.com\/#website\",\"url\":\"https:\/\/arpenterlechemin.com\/\",\"name\":\"Arpenter le chemin\",\"description\":\"\",\"publisher\":{\"@id\":\"https:\/\/arpenterlechemin.com\/#organization\"},\"potentialAction\":[{\"@type\":\"SearchAction\",\"target\":{\"@type\":\"EntryPoint\",\"urlTemplate\":\"https:\/\/arpenterlechemin.com\/?s={search_term_string}\"},\"query-input\":\"required name=search_term_string\"}],\"inLanguage\":\"fr-FR\"},{\"@type\":\"Organization\",\"@id\":\"https:\/\/arpenterlechemin.com\/#organization\",\"name\":\"Arpenter le chemin\",\"url\":\"https:\/\/arpenterlechemin.com\/\",\"logo\":{\"@type\":\"ImageObject\",\"inLanguage\":\"fr-FR\",\"@id\":\"https:\/\/arpenterlechemin.com\/#\/schema\/logo\/image\/\",\"url\":\"https:\/\/arpenterlechemin.com\/wp-content\/uploads\/2017\/04\/icone-4.jpg\",\"contentUrl\":\"https:\/\/arpenterlechemin.com\/wp-content\/uploads\/2017\/04\/icone-4.jpg\",\"width\":150,\"height\":73,\"caption\":\"Arpenter le chemin\"},\"image\":{\"@id\":\"https:\/\/arpenterlechemin.com\/#\/schema\/logo\/image\/\"}},{\"@type\":\"Person\",\"@id\":\"https:\/\/arpenterlechemin.com\/#\/schema\/person\/1d187818c0988fbea4d682c1e59c795c\",\"name\":\"Audrey\",\"image\":{\"@type\":\"ImageObject\",\"inLanguage\":\"fr-FR\",\"@id\":\"https:\/\/arpenterlechemin.com\/#\/schema\/person\/image\/\",\"url\":\"https:\/\/secure.gravatar.com\/avatar\/b75298f64c73f1709976c50921beae6a?s=96&d=mm&r=g\",\"contentUrl\":\"https:\/\/secure.gravatar.com\/avatar\/b75298f64c73f1709976c50921beae6a?s=96&d=mm&r=g\",\"caption\":\"Audrey\"},\"description\":\"Allergique \u00e0 la routine, atteinte de bougeotte aigu\u00eb, j'essaie de m'envoler aussi souvent que possible, seule, en couple ou entre amis ! Ville, nature, culture, rando... tout me va, \u00e0 partir du moment o\u00f9 je suis dehors.\",\"url\":\"https:\/\/arpenterlechemin.com\/index.php\/author\/audreyf\/\"}]}<\/script>\n<!-- \/ Yoast SEO plugin. -->","yoast_head_json":{"title":"R\u00c9FLEXION \/\/ Dix blogs de voyageuses au f\u00e9minin - Arpenter le chemin","robots":{"index":"index","follow":"follow","max-snippet":"max-snippet:-1","max-image-preview":"max-image-preview:large","max-video-preview":"max-video-preview:-1"},"canonical":"https:\/\/arpenterlechemin.com\/index.php\/2019\/03\/08\/voyageuses-solo\/","og_locale":"fr_FR","og_type":"article","og_title":"R\u00c9FLEXION \/\/ Dix blogs de voyageuses au f\u00e9minin - Arpenter le chemin","og_description":"Aujourd&rsquo;hui, nous sommes le 8 mars, journ\u00e9e internationale de lutte pour les droits des femmes. Loin des chocolats et des roses, cette journ\u00e9e est une journ\u00e9e de militantisme, de politique, de revendications. Parce que rien n&rsquo;est plus fragile que les droits d&rsquo;une minorit\u00e9. Parce que trop souvent, les femmes qui voyagent seules, ou entre elles, sont consid\u00e9r\u00e9es comme des b\u00eates curieuses, des anomalies ou des cibles. Rendons hommage aux voyageuses victimes de la b\u00eatise des hommes sur les routes, victimes de la b\u00eatise des commentaires sur les r\u00e9seaux sociaux. Et","og_url":"https:\/\/arpenterlechemin.com\/index.php\/2019\/03\/08\/voyageuses-solo\/","og_site_name":"Arpenter le chemin","article_published_time":"2019-03-08T06:17:00+00:00","article_modified_time":"2019-05-06T10:08:17+00:00","og_image":[{"width":1040,"height":585,"url":"https:\/\/arpenterlechemin.com\/wp-content\/uploads\/2019\/03\/titre-voyageuses-voyage-solo-au-feminin-journee-droits-des-femmes-arpenter-le-chemin-1.jpg","type":"image\/jpeg"}],"author":"Audrey","twitter_card":"summary_large_image","twitter_misc":{"\u00c9crit par":"Audrey","Dur\u00e9e de lecture estim\u00e9e":"17 minutes"},"schema":{"@context":"https:\/\/schema.org","@graph":[{"@type":"Article","@id":"https:\/\/arpenterlechemin.com\/index.php\/2019\/03\/08\/voyageuses-solo\/#article","isPartOf":{"@id":"https:\/\/arpenterlechemin.com\/index.php\/2019\/03\/08\/voyageuses-solo\/"},"author":{"name":"Audrey","@id":"https:\/\/arpenterlechemin.com\/#\/schema\/person\/1d187818c0988fbea4d682c1e59c795c"},"headline":"R\u00c9FLEXION \/\/ Dix blogs de voyageuses au f\u00e9minin","datePublished":"2019-03-08T06:17:00+00:00","dateModified":"2019-05-06T10:08:17+00:00","mainEntityOfPage":{"@id":"https:\/\/arpenterlechemin.com\/index.php\/2019\/03\/08\/voyageuses-solo\/"},"wordCount":3378,"commentCount":18,"publisher":{"@id":"https:\/\/arpenterlechemin.com\/#organization"},"keywords":["article collaboratif","feminisme","militant","solo","voyager au f\u00e9minin"],"articleSection":["Blog","R\u00e9flexions"],"inLanguage":"fr-FR","potentialAction":[{"@type":"CommentAction","name":"Comment","target":["https:\/\/arpenterlechemin.com\/index.php\/2019\/03\/08\/voyageuses-solo\/#respond"]}]},{"@type":"WebPage","@id":"https:\/\/arpenterlechemin.com\/index.php\/2019\/03\/08\/voyageuses-solo\/","url":"https:\/\/arpenterlechemin.com\/index.php\/2019\/03\/08\/voyageuses-solo\/","name":"R\u00c9FLEXION \/\/ Dix blogs de voyageuses au f\u00e9minin - Arpenter le chemin","isPartOf":{"@id":"https:\/\/arpenterlechemin.com\/#website"},"datePublished":"2019-03-08T06:17:00+00:00","dateModified":"2019-05-06T10:08:17+00:00","breadcrumb":{"@id":"https:\/\/arpenterlechemin.com\/index.php\/2019\/03\/08\/voyageuses-solo\/#breadcrumb"},"inLanguage":"fr-FR","potentialAction":[{"@type":"ReadAction","target":["https:\/\/arpenterlechemin.com\/index.php\/2019\/03\/08\/voyageuses-solo\/"]}]},{"@type":"BreadcrumbList","@id":"https:\/\/arpenterlechemin.com\/index.php\/2019\/03\/08\/voyageuses-solo\/#breadcrumb","itemListElement":[{"@type":"ListItem","position":1,"name":"Home","item":"https:\/\/arpenterlechemin.com\/"},{"@type":"ListItem","position":2,"name":"R\u00c9FLEXION \/\/ Dix blogs de voyageuses au f\u00e9minin"}]},{"@type":"WebSite","@id":"https:\/\/arpenterlechemin.com\/#website","url":"https:\/\/arpenterlechemin.com\/","name":"Arpenter le chemin","description":"","publisher":{"@id":"https:\/\/arpenterlechemin.com\/#organization"},"potentialAction":[{"@type":"SearchAction","target":{"@type":"EntryPoint","urlTemplate":"https:\/\/arpenterlechemin.com\/?s={search_term_string}"},"query-input":"required name=search_term_string"}],"inLanguage":"fr-FR"},{"@type":"Organization","@id":"https:\/\/arpenterlechemin.com\/#organization","name":"Arpenter le chemin","url":"https:\/\/arpenterlechemin.com\/","logo":{"@type":"ImageObject","inLanguage":"fr-FR","@id":"https:\/\/arpenterlechemin.com\/#\/schema\/logo\/image\/","url":"https:\/\/arpenterlechemin.com\/wp-content\/uploads\/2017\/04\/icone-4.jpg","contentUrl":"https:\/\/arpenterlechemin.com\/wp-content\/uploads\/2017\/04\/icone-4.jpg","width":150,"height":73,"caption":"Arpenter le chemin"},"image":{"@id":"https:\/\/arpenterlechemin.com\/#\/schema\/logo\/image\/"}},{"@type":"Person","@id":"https:\/\/arpenterlechemin.com\/#\/schema\/person\/1d187818c0988fbea4d682c1e59c795c","name":"Audrey","image":{"@type":"ImageObject","inLanguage":"fr-FR","@id":"https:\/\/arpenterlechemin.com\/#\/schema\/person\/image\/","url":"https:\/\/secure.gravatar.com\/avatar\/b75298f64c73f1709976c50921beae6a?s=96&d=mm&r=g","contentUrl":"https:\/\/secure.gravatar.com\/avatar\/b75298f64c73f1709976c50921beae6a?s=96&d=mm&r=g","caption":"Audrey"},"description":"Allergique \u00e0 la routine, atteinte de bougeotte aigu\u00eb, j'essaie de m'envoler aussi souvent que possible, seule, en couple ou entre amis ! Ville, nature, culture, rando... tout me va, \u00e0 partir du moment o\u00f9 je suis dehors.","url":"https:\/\/arpenterlechemin.com\/index.php\/author\/audreyf\/"}]}},"jetpack_featured_media_url":"https:\/\/arpenterlechemin.com\/wp-content\/uploads\/2019\/03\/titre-voyageuses-voyage-solo-au-feminin-journee-droits-des-femmes-arpenter-le-chemin-1.jpg","jetpack_sharing_enabled":true,"jetpack_shortlink":"https:\/\/wp.me\/p8z9hR-1Pr","jetpack-related-posts":[{"id":4744,"url":"https:\/\/arpenterlechemin.com\/index.php\/2018\/03\/08\/douze-blogs-de-voyageuses-solo\/","url_meta":{"origin":7033,"position":0},"title":"Douze blogs de voyageuses solo","date":"8 mars 2018","format":false,"excerpt":"\u00c7a fait un moment que j'ai envie de faire une blogroll, et puis je repousse, et puis je procrastine... Aujourd'hui 8 mars, c'est la Journ\u00e9e internationale de droits des femmes, comme vous le savez tr\u00e8s probablement. Parler des droits des femmes et de f\u00e9minisme sur un blog de voyage, c'est\u2026","rel":"","context":"Dans &quot;Blog&quot;","img":{"alt_text":"","src":"https:\/\/i0.wp.com\/arpenterlechemin.com\/wp-content\/uploads\/2018\/03\/12-blogs-de-voyageuses-solo.jpg?resize=350%2C200&ssl=1","width":350,"height":200},"classes":[]},{"id":8964,"url":"https:\/\/arpenterlechemin.com\/index.php\/2020\/03\/08\/voyage-feministe\/","url_meta":{"origin":7033,"position":1},"title":"Voyage et f\u00e9minisme : entretiens crois\u00e9s","date":"8 mars 2020","format":false,"excerpt":"C'est maintenant une tradition : \u00e0 l'occasion du 8 mars, journ\u00e9e internationale de lutte pour les droits des femmes, j'ai le plaisir de souligner le travail de voyageuses-blogueuses que j'appr\u00e9cie. Aujourd'hui, je leur laisse la parole lors d'un entretien crois\u00e9 pour parler voyage et f\u00e9minisme. Je reste fermement convaincue qu'on\u2026","rel":"","context":"Dans &quot;Blog&quot;","img":{"alt_text":"Voyage feminisme 8 mars","src":"https:\/\/i0.wp.com\/arpenterlechemin.com\/wp-content\/uploads\/2020\/03\/Voyage-feminisme-8-mars.jpg?resize=350%2C200&ssl=1","width":350,"height":200},"classes":[]},{"id":11136,"url":"https:\/\/arpenterlechemin.com\/index.php\/2022\/03\/21\/matrimoine-france\/","url_meta":{"origin":7033,"position":2},"title":"FRANCE \/\/ Le petit r\u00e9pertoire du matrimoine","date":"21 mars 2022","format":false,"excerpt":"En ce mois de f\u00e9vrier 2022, j'ai eu le plaisir de co-animer le rendez-vous En France Aussi aux c\u00f4t\u00e9s de Paule-\u00c9lise du blog 1916 kilom\u00e8tres et de Delphine du blog In Rando Veritas, sur une id\u00e9e originale de cette derni\u00e8re : parler du matrimoine, c'est-\u00e0-dire de toutes ces femmes qu'elles\u2026","rel":"","context":"Dans &quot;Blog&quot;","img":{"alt_text":"Matrimoine en France","src":"https:\/\/i0.wp.com\/arpenterlechemin.com\/wp-content\/uploads\/2022\/03\/Matrimoine-en-France.jpg?resize=350%2C200&ssl=1","width":350,"height":200},"classes":[]},{"id":9057,"url":"https:\/\/arpenterlechemin.com\/index.php\/2020\/04\/01\/toilettes-voyage\/","url_meta":{"origin":7033,"position":3},"title":"CONSEILS \/\/ Aller aux toilettes en voyage","date":"1 avril 2020","format":false,"excerpt":"Chers lectrices et lecteurs habitu\u00e9s \u00e0 ce blog glamour, voici le contenu de qualit\u00e9 dont vous r\u00eaviez : un billet complet sur ce qui nous unit tous en voyage, que vous soyons en voyage petit budget ou luxe, en rando ou en avion, en escapade en ville ou \u00e0 la\u2026","rel":"","context":"Dans &quot;Blog&quot;","img":{"alt_text":"Toilettes en voyage","src":"https:\/\/i0.wp.com\/arpenterlechemin.com\/wp-content\/uploads\/2020\/03\/Toilettes-en-voyage.jpg?resize=350%2C200&ssl=1","width":350,"height":200},"classes":[]},{"id":5453,"url":"https:\/\/arpenterlechemin.com\/index.php\/2018\/06\/18\/voyage-chance-privilege\/","url_meta":{"origin":7033,"position":4},"title":"R\u00c9FLEXION \/\/ Le voyage, chance, efforts ou privil\u00e8ge ?","date":"18 juin 2018","format":false,"excerpt":"Vous avez remarqu\u00e9 ? Ces derniers temps, les t\u00e9moignages de voyageurs sont l\u00e9gion sur l'absence de lien entre chance et voyage. Il ne se passe pas une semaine sans que j'en voie passer un. J'aimerais apporter mon eau au moulin (ou jeter mon pav\u00e9 dans la mare ?). Oui, le\u2026","rel":"","context":"Dans &quot;Blog&quot;","img":{"alt_text":"voyager chance privilege blog voyage canada","src":"https:\/\/i0.wp.com\/arpenterlechemin.com\/wp-content\/uploads\/2018\/06\/voyager-chance-privilege-blog-voyage-canada.jpg?resize=350%2C200&ssl=1","width":350,"height":200},"classes":[]},{"id":3364,"url":"https:\/\/arpenterlechemin.com\/index.php\/2017\/06\/19\/une-journee-sur-les-pentes-de-lausanne\/","url_meta":{"origin":7033,"position":5},"title":"SUISSE \/\/ Une journ\u00e9e sur les pentes de Lausanne","date":"19 juin 2017","format":false,"excerpt":"Apr\u00e8s notre balade en bateau Belle \u00c9poque, nous passons \u00e0 la visite de la jolie ville de Lausanne. Il faut que je t'avoue quelque chose : Lausanne est litt\u00e9ralement \u00e0 12 kilom\u00e8tres \u00e0 vol d'oiseau de la maison de mon enfance. Je la voyais depuis ma fen\u00eatre, et j'avais m\u00eame\u2026","rel":"","context":"Dans &quot;Blog&quot;","img":{"alt_text":"","src":"https:\/\/i0.wp.com\/arpenterlechemin.com\/wp-content\/uploads\/2017\/06\/titre-lausanne.jpg?resize=350%2C200&ssl=1","width":350,"height":200},"classes":[]}],"_links":{"self":[{"href":"https:\/\/arpenterlechemin.com\/index.php\/wp-json\/wp\/v2\/posts\/7033"}],"collection":[{"href":"https:\/\/arpenterlechemin.com\/index.php\/wp-json\/wp\/v2\/posts"}],"about":[{"href":"https:\/\/arpenterlechemin.com\/index.php\/wp-json\/wp\/v2\/types\/post"}],"author":[{"embeddable":true,"href":"https:\/\/arpenterlechemin.com\/index.php\/wp-json\/wp\/v2\/users\/1"}],"replies":[{"embeddable":true,"href":"https:\/\/arpenterlechemin.com\/index.php\/wp-json\/wp\/v2\/comments?post=7033"}],"version-history":[{"count":0,"href":"https:\/\/arpenterlechemin.com\/index.php\/wp-json\/wp\/v2\/posts\/7033\/revisions"}],"wp:featuredmedia":[{"embeddable":true,"href":"https:\/\/arpenterlechemin.com\/index.php\/wp-json\/wp\/v2\/media\/7331"}],"wp:attachment":[{"href":"https:\/\/arpenterlechemin.com\/index.php\/wp-json\/wp\/v2\/media?parent=7033"}],"wp:term":[{"taxonomy":"category","embeddable":true,"href":"https:\/\/arpenterlechemin.com\/index.php\/wp-json\/wp\/v2\/categories?post=7033"},{"taxonomy":"post_tag","embeddable":true,"href":"https:\/\/arpenterlechemin.com\/index.php\/wp-json\/wp\/v2\/tags?post=7033"}],"curies":[{"name":"wp","href":"https:\/\/api.w.org\/{rel}","templated":true}]}}