{"id":6865,"date":"2019-01-24T02:59:20","date_gmt":"2019-01-24T06:59:20","guid":{"rendered":"http:\/\/arpenterlechemin.com\/?p=6865"},"modified":"2019-02-12T16:58:08","modified_gmt":"2019-02-12T20:58:08","slug":"quebec-hotel-glace-valcartier","status":"publish","type":"post","link":"https:\/\/arpenterlechemin.com\/index.php\/2019\/01\/24\/quebec-hotel-glace-valcartier\/","title":{"rendered":"QU\u00c9BEC \/\/ L&rsquo;h\u00f4tel de glace du village Valcartier"},"content":{"rendered":"<p>L&rsquo;h\u00f4tel de glace de Valcartier, connaissez-vous ? Une gigantesque structure construite ann\u00e9e apr\u00e8s ann\u00e9e dans la glace, \u00e9tablissement qui incarne <strong>un hiver de r\u00eave<\/strong> : immacul\u00e9 mais chaleureux, sublime \u00e0 souhait, un vrai symbole de cette saison rude mais pourtant si s\u00e9duisante.<\/p>\n<p>Il y a un an, j&rsquo;ai eu la chance d&rsquo;aller visiter l&rsquo;<strong>h\u00f4tel de glace \u00e0 Valcartier<\/strong>, tout pr\u00e8s de la belle ville de <a href=\"http:\/\/arpenterlechemin.com\/index.php\/2017\/12\/26\/vieux-quebec-temps-fetes\/\">Qu\u00e9bec<\/a>. L&rsquo;h\u00f4tel ouvre d&rsquo;habitude ses portes en janvier, mais il faisait si froid que la structure a ouvert avec plusieurs jours d&rsquo;avance, aux alentours de No\u00ebl. Que beau cadeau ! Par -40\u00b0C, on ne craignait pas que les murs fondent ! Je n&rsquo;y suis pas rest\u00e9e la nuit &#8211; je suis bien trop frileuse &#8211; mais je vous emm\u00e8ne pour une visite de jour rafra\u00eechissante. Enfilez votre combinaison de ski et quelques \u00e9charpes, c&rsquo;est parti.<\/p>\n<p><img decoding=\"async\" loading=\"lazy\" class=\"aligncenter wp-image-6870 size-full\" src=\"http:\/\/arpenterlechemin.com\/wp-content\/uploads\/2019\/01\/hotel-glace-valcartier-quebec-voyage-hiver-road-trip-canada-blog-voyage-arpenter-le-chemin.jpg\" alt=\"hotel glace valcartier quebec voyage hiver road-trip canada blog voyage arpenter le chemin\" width=\"1920\" height=\"1080\" srcset=\"https:\/\/arpenterlechemin.com\/wp-content\/uploads\/2019\/01\/hotel-glace-valcartier-quebec-voyage-hiver-road-trip-canada-blog-voyage-arpenter-le-chemin.jpg 1920w, https:\/\/arpenterlechemin.com\/wp-content\/uploads\/2019\/01\/hotel-glace-valcartier-quebec-voyage-hiver-road-trip-canada-blog-voyage-arpenter-le-chemin-500x280.jpg 500w, https:\/\/arpenterlechemin.com\/wp-content\/uploads\/2019\/01\/hotel-glace-valcartier-quebec-voyage-hiver-road-trip-canada-blog-voyage-arpenter-le-chemin-690x388.jpg 690w, https:\/\/arpenterlechemin.com\/wp-content\/uploads\/2019\/01\/hotel-glace-valcartier-quebec-voyage-hiver-road-trip-canada-blog-voyage-arpenter-le-chemin-768x432.jpg 768w, https:\/\/arpenterlechemin.com\/wp-content\/uploads\/2019\/01\/hotel-glace-valcartier-quebec-voyage-hiver-road-trip-canada-blog-voyage-arpenter-le-chemin-1040x585.jpg 1040w\" sizes=\"(max-width: 1920px) 100vw, 1920px\" \/><\/p>\n<p>Inaugur\u00e9 en 2001, l&rsquo;h\u00f4tel de glace \u00e9tait le <strong>premier du genre en Am\u00e9rique du Nord<\/strong> (le concept existait d\u00e9j\u00e0 en Europe, notamment en <a href=\"http:\/\/arpenterlechemin.com\/index.php\/2017\/01\/23\/douce-laponie-un-voyage-en-hiver-2\/\">Finlande<\/a>), et ne comptait que onze chambres. Il est construit en d\u00e9cembre, ouvre normalement en janvier, avant de recevoir des clients pendant trois mois et d&rsquo;\u00eatre d\u00e9mont\u00e9 en avril. Avec <strong>30 000 tonnes de neige et 5 000 tonnes de glace<\/strong>, je vous laisse imaginer les travaux titanesques et le froid ph\u00e9nom\u00e9nal pour faire tenir le tout. Une vraie prouesse technique qui attire \u00e9norm\u00e9ment de curieux. Apr\u00e8s le parc des Chutes de la Montmorency, la <a href=\"http:\/\/arpenterlechemin.com\/index.php\/2018\/01\/16\/quebec-aventure-traineau-a-chiens-a-station-duchesnay\/\">station Duchesnay<\/a> et Charlesbourg, il est d\u00e9sormais install\u00e9 au village de vacances Valcartier, \u00e0 30 km de Qu\u00e9bec.<\/p>\n<p>On parle de l&rsquo;h\u00f4tel de glace mais en r\u00e9alit\u00e9, la structure compte plusieurs parties : <strong>une chapelle, un bar de glace et une galerie de sculptures<\/strong>. Il est possible de visiter les chambres mais en raison de son ouverture anticip\u00e9e en 2017, nous n&rsquo;avions pas pu visiter cette partie. Je ne vais donc pas vous montrer r\u00e9ellement l&rsquo;h\u00f4tel, mais n&rsquo;ayez peur : le reste vaut tr\u00e8s largement le d\u00e9tour !<\/p>\n<h4><span style=\"color: #333399;\">La chapelle de glace<\/span><\/h4>\n<p>Saviez-vous qu&rsquo;on peut se marier \u00e0 l&rsquo;h\u00f4tel de glace ? Une chapelle au charme fou attend les amoureux de l&rsquo;hiver. Avec ses portes grandioses et ses bancs recouverts de peaux de b\u00eate, on imagine <strong>un mariage \u00e0 la mode de Winterfell<\/strong>, entre h\u00e9ritiers de la famille Stark sans doute. Il n&rsquo;y a pas de mariage le jour de notre visite, et nous pouvons visiter la chapelle \u00e0 notre guise. La construction habile laisse passer la lumi\u00e8re du jour \u00e0 l&rsquo;arri\u00e8re de l&rsquo;autel et baigne le tout d&rsquo;une clart\u00e9 enchant\u00e9e (ou divine, si vous pr\u00e9f\u00e9rez).<\/p>\n<p><img decoding=\"async\" loading=\"lazy\" class=\"alignnone wp-image-6881 size-full\" src=\"http:\/\/arpenterlechemin.com\/wp-content\/uploads\/2019\/01\/hotel-glace-7-quebec-canada-road-trip-hiver.jpg\" alt=\"hotel glace 7 quebec canada road-trip hiver\" width=\"1916\" height=\"1078\" srcset=\"https:\/\/arpenterlechemin.com\/wp-content\/uploads\/2019\/01\/hotel-glace-7-quebec-canada-road-trip-hiver.jpg 1916w, https:\/\/arpenterlechemin.com\/wp-content\/uploads\/2019\/01\/hotel-glace-7-quebec-canada-road-trip-hiver-500x280.jpg 500w, https:\/\/arpenterlechemin.com\/wp-content\/uploads\/2019\/01\/hotel-glace-7-quebec-canada-road-trip-hiver-690x388.jpg 690w, https:\/\/arpenterlechemin.com\/wp-content\/uploads\/2019\/01\/hotel-glace-7-quebec-canada-road-trip-hiver-768x432.jpg 768w, https:\/\/arpenterlechemin.com\/wp-content\/uploads\/2019\/01\/hotel-glace-7-quebec-canada-road-trip-hiver-1040x585.jpg 1040w\" sizes=\"(max-width: 1916px) 100vw, 1916px\" \/><\/p>\n<p style=\"text-align: center;\"><em>Sublime entr\u00e9e \u00e0 la fa\u00e7on des seigneurs de Winterfell<\/em><\/p>\n<p><img decoding=\"async\" loading=\"lazy\" class=\"alignnone wp-image-6877 size-full\" src=\"http:\/\/arpenterlechemin.com\/wp-content\/uploads\/2019\/01\/hotel-glace-2.jpg\" alt=\"hotel glace 2\" width=\"2271\" height=\"1278\" srcset=\"https:\/\/arpenterlechemin.com\/wp-content\/uploads\/2019\/01\/hotel-glace-2.jpg 2271w, https:\/\/arpenterlechemin.com\/wp-content\/uploads\/2019\/01\/hotel-glace-2-500x280.jpg 500w, https:\/\/arpenterlechemin.com\/wp-content\/uploads\/2019\/01\/hotel-glace-2-690x388.jpg 690w, https:\/\/arpenterlechemin.com\/wp-content\/uploads\/2019\/01\/hotel-glace-2-768x432.jpg 768w, https:\/\/arpenterlechemin.com\/wp-content\/uploads\/2019\/01\/hotel-glace-2-1040x585.jpg 1040w\" sizes=\"(max-width: 2271px) 100vw, 2271px\" \/><\/p>\n<p style=\"text-align: center;\"><em>La chapelle peut accueillir peu d&rsquo;invit\u00e9s : rien de tel qu&rsquo;un mariage en petit comit\u00e9 !<\/em><\/p>\n<p style=\"text-align: center;\"><img decoding=\"async\" loading=\"lazy\" class=\"alignnone wp-image-6874 size-full\" src=\"http:\/\/arpenterlechemin.com\/wp-content\/uploads\/2019\/01\/hotel-glace-valcartier-quebec-hiver-canada-.jpg\" alt=\"hotel glace valcartier quebec hiver canada\" width=\"2271\" height=\"1278\" srcset=\"https:\/\/arpenterlechemin.com\/wp-content\/uploads\/2019\/01\/hotel-glace-valcartier-quebec-hiver-canada-.jpg 2271w, https:\/\/arpenterlechemin.com\/wp-content\/uploads\/2019\/01\/hotel-glace-valcartier-quebec-hiver-canada--500x280.jpg 500w, https:\/\/arpenterlechemin.com\/wp-content\/uploads\/2019\/01\/hotel-glace-valcartier-quebec-hiver-canada--690x388.jpg 690w, https:\/\/arpenterlechemin.com\/wp-content\/uploads\/2019\/01\/hotel-glace-valcartier-quebec-hiver-canada--768x432.jpg 768w, https:\/\/arpenterlechemin.com\/wp-content\/uploads\/2019\/01\/hotel-glace-valcartier-quebec-hiver-canada--1040x585.jpg 1040w\" sizes=\"(max-width: 2271px) 100vw, 2271px\" \/>\u00a0 \u00a0<em>Sculptures aux allures de cristal dans la nef<\/em><\/p>\n<h4><span style=\"color: #333399;\">Les sculptures de glace<\/span><\/h4>\n<p>Chaque ann\u00e9e, une exposition de sculptures permet d&rsquo;admirer le doigt\u00e9 des sculpteurs sur glace. En 2017-2018, l&rsquo;exposition est sur le th\u00e8me du cirque. Je dois avouer que je ne suis pas du tout arriv\u00e9e \u00e0 prendre en photo les sculptures blanches&#8230; sur fond blanc&#8230; dans un b\u00e2timent blanc&#8230; Oups ! Mais peut-\u00eatre me croirez-vous si je vous dis qu&rsquo;elles \u00e9taient burlesques et inattendues, f\u00e9eriques et splendides ? La transparence cristalline donne l&rsquo;impression qu&rsquo;elles peuvent se briser \u00e0 tout moment, mais on admire sans doute des sculptures massives et extr\u00eamement solides&#8230; sauf au redoux !<\/p>\n<p><img decoding=\"async\" loading=\"lazy\" class=\"alignnone wp-image-6883 size-full\" src=\"http:\/\/arpenterlechemin.com\/wp-content\/uploads\/2019\/01\/bar-glace-hotel-valcartier-hiver-quebec.jpg\" alt=\"bar glace hotel valcartier hiver quebec\" width=\"2270\" height=\"1276\" srcset=\"https:\/\/arpenterlechemin.com\/wp-content\/uploads\/2019\/01\/bar-glace-hotel-valcartier-hiver-quebec.jpg 2270w, https:\/\/arpenterlechemin.com\/wp-content\/uploads\/2019\/01\/bar-glace-hotel-valcartier-hiver-quebec-500x280.jpg 500w, https:\/\/arpenterlechemin.com\/wp-content\/uploads\/2019\/01\/bar-glace-hotel-valcartier-hiver-quebec-690x388.jpg 690w, https:\/\/arpenterlechemin.com\/wp-content\/uploads\/2019\/01\/bar-glace-hotel-valcartier-hiver-quebec-768x432.jpg 768w, https:\/\/arpenterlechemin.com\/wp-content\/uploads\/2019\/01\/bar-glace-hotel-valcartier-hiver-quebec-1040x585.jpg 1040w\" sizes=\"(max-width: 2270px) 100vw, 2270px\" \/><\/p>\n<p style=\"text-align: center;\"><em>M\u00eame le lustre est sculpt\u00e9 dans la glace !<\/em><\/p>\n<p><img decoding=\"async\" loading=\"lazy\" class=\"alignnone wp-image-6884 size-full\" src=\"http:\/\/arpenterlechemin.com\/wp-content\/uploads\/2019\/01\/hotel-glace-sculptures-dormir-neige-canada-quebec-blog-voyage-arpenter-le-chemin.jpg\" alt=\"hotel glace sculptures dormir neige canada quebec blog voyage arpenter le chemin\" width=\"2233\" height=\"1256\" srcset=\"https:\/\/arpenterlechemin.com\/wp-content\/uploads\/2019\/01\/hotel-glace-sculptures-dormir-neige-canada-quebec-blog-voyage-arpenter-le-chemin.jpg 2233w, https:\/\/arpenterlechemin.com\/wp-content\/uploads\/2019\/01\/hotel-glace-sculptures-dormir-neige-canada-quebec-blog-voyage-arpenter-le-chemin-500x280.jpg 500w, https:\/\/arpenterlechemin.com\/wp-content\/uploads\/2019\/01\/hotel-glace-sculptures-dormir-neige-canada-quebec-blog-voyage-arpenter-le-chemin-690x388.jpg 690w, https:\/\/arpenterlechemin.com\/wp-content\/uploads\/2019\/01\/hotel-glace-sculptures-dormir-neige-canada-quebec-blog-voyage-arpenter-le-chemin-768x432.jpg 768w, https:\/\/arpenterlechemin.com\/wp-content\/uploads\/2019\/01\/hotel-glace-sculptures-dormir-neige-canada-quebec-blog-voyage-arpenter-le-chemin-1040x585.jpg 1040w\" sizes=\"(max-width: 2233px) 100vw, 2233px\" \/><\/p>\n<p style=\"text-align: center;\"><em>Ma m\u00e8re dans des rideaux de glace<\/em><\/p>\n<h4><span style=\"color: #333399;\">Le bar de glace<\/span><\/h4>\n<p>\u00c0 ma grande surprise, l&rsquo;\u00e9tablissement compte aussi un bar de glace. T<strong>out, absolument tout est en glac<\/strong>e : le comptoir, les bancs et m\u00eame les verres ! Les serveurs travaillent en \u00e9norme doudoune et j&rsquo;ose esp\u00e9rer qu&rsquo;ils ont des chaussettes triple \u00e9paisseur.<\/p>\n<p><img decoding=\"async\" loading=\"lazy\" class=\"alignnone wp-image-6876 size-full\" src=\"http:\/\/arpenterlechemin.com\/wp-content\/uploads\/2019\/01\/hotel-glace-1.jpg\" alt=\"hotel glace 1\" width=\"2140\" height=\"1204\" srcset=\"https:\/\/arpenterlechemin.com\/wp-content\/uploads\/2019\/01\/hotel-glace-1.jpg 2140w, https:\/\/arpenterlechemin.com\/wp-content\/uploads\/2019\/01\/hotel-glace-1-500x280.jpg 500w, https:\/\/arpenterlechemin.com\/wp-content\/uploads\/2019\/01\/hotel-glace-1-690x388.jpg 690w, https:\/\/arpenterlechemin.com\/wp-content\/uploads\/2019\/01\/hotel-glace-1-768x432.jpg 768w, https:\/\/arpenterlechemin.com\/wp-content\/uploads\/2019\/01\/hotel-glace-1-1040x585.jpg 1040w\" sizes=\"(max-width: 2140px) 100vw, 2140px\" \/><\/p>\n<p style=\"text-align: center;\"><em>L&rsquo;entr\u00e9e du bar de glace<\/em><\/p>\n<p>Je ne me souviens plus de la sp\u00e9cialit\u00e9 mais nous avons \u00e9videmment go\u00fbt\u00e9 \u00e0 une boisson dans un verre de glace. L&rsquo;occasion \u00e9tait trop tentante. Je n&rsquo;ai pas un souvenir \u00e9mu de cette boisson&#8230; peut-\u00eatre qu&rsquo;une boisson fra\u00eeche dans un verre de glace dans un h\u00f4tel de glace m&rsquo;a laiss\u00e9e un peu&#8230; froide. Oui. Pour les jeux de mots, je n&rsquo;ai jamais froid aux yeux.<\/p>\n<p><img decoding=\"async\" loading=\"lazy\" class=\"alignnone wp-image-6875 size-full\" src=\"http:\/\/arpenterlechemin.com\/wp-content\/uploads\/2019\/01\/hotel-bar-glace-valcartier-quebec-hiver-voyage.jpg\" alt=\"hotel bar glace valcartier quebec hiver voyage\" width=\"2270\" height=\"1276\" srcset=\"https:\/\/arpenterlechemin.com\/wp-content\/uploads\/2019\/01\/hotel-bar-glace-valcartier-quebec-hiver-voyage.jpg 2270w, https:\/\/arpenterlechemin.com\/wp-content\/uploads\/2019\/01\/hotel-bar-glace-valcartier-quebec-hiver-voyage-500x280.jpg 500w, https:\/\/arpenterlechemin.com\/wp-content\/uploads\/2019\/01\/hotel-bar-glace-valcartier-quebec-hiver-voyage-690x388.jpg 690w, https:\/\/arpenterlechemin.com\/wp-content\/uploads\/2019\/01\/hotel-bar-glace-valcartier-quebec-hiver-voyage-768x432.jpg 768w, https:\/\/arpenterlechemin.com\/wp-content\/uploads\/2019\/01\/hotel-bar-glace-valcartier-quebec-hiver-voyage-1040x585.jpg 1040w\" sizes=\"(max-width: 2270px) 100vw, 2270px\" \/><\/p>\n<p style=\"text-align: center;\"><em>Au bar de glace, si on met les boissons au frigo, c&rsquo;est pour \u00e9viter qu&rsquo;elles ne g\u00e8lent&#8230;<\/em><\/p>\n<p><img decoding=\"async\" loading=\"lazy\" class=\"aligncenter wp-image-6880 size-full\" src=\"http:\/\/arpenterlechemin.com\/wp-content\/uploads\/2019\/01\/hotel-glace-6.jpg\" alt=\"hotel glace 6\" width=\"2270\" height=\"1277\" srcset=\"https:\/\/arpenterlechemin.com\/wp-content\/uploads\/2019\/01\/hotel-glace-6.jpg 2270w, https:\/\/arpenterlechemin.com\/wp-content\/uploads\/2019\/01\/hotel-glace-6-500x280.jpg 500w, https:\/\/arpenterlechemin.com\/wp-content\/uploads\/2019\/01\/hotel-glace-6-690x388.jpg 690w, https:\/\/arpenterlechemin.com\/wp-content\/uploads\/2019\/01\/hotel-glace-6-768x432.jpg 768w, https:\/\/arpenterlechemin.com\/wp-content\/uploads\/2019\/01\/hotel-glace-6-1040x585.jpg 1040w\" sizes=\"(max-width: 2270px) 100vw, 2270px\" \/><\/p>\n<p style=\"text-align: center;\"><em>C&rsquo;est d\u00e9cid\u00e9, je veux un bar avec des reflets en transparence chez moi !<\/em><\/p>\n<p>Pr\u00e9venants, les tenanciers ont pr\u00e9vu <strong>une chemin\u00e9e pour r\u00e9chauffer nos petits corps transi<\/strong>s. Est-ce que j&rsquo;ai parl\u00e9 du fait que si l&rsquo;h\u00f4tel a pu \u00eatre ouvert en avance, c&rsquo;est bien parce qu&rsquo;il gelait \u00e0 pierre fendre cette ann\u00e9e-l\u00e0 ? Les temp\u00e9ratures oscillent entre -20\u00b0C et -40\u00b0C, nous sommes v\u00eatues de tous les v\u00eatements de notre valise sous notre combinaison de ski. Je suis gel\u00e9e jusqu&rsquo;aux os mais je ne peux m&#8217;emp\u00eacher de m&rsquo;\u00e9merveiller devant l&rsquo;ing\u00e9niosit\u00e9 des structures. Des briques de glace par-ci, des arc-boutants gel\u00e9s \u00e0 la perfection. Dire que les murs font plus d&rsquo;un m\u00e8tre d&rsquo;\u00e9paisseur&#8230; Le r\u00e9sultat est \u00e0 couper le souffle, rendu<strong> d&rsquo;autant plus inoubliable qu&rsquo;il est \u00e9ph\u00e9m\u00e8re.<\/strong><\/p>\n<p><img decoding=\"async\" loading=\"lazy\" class=\"aligncenter wp-image-6879 size-full\" src=\"http:\/\/arpenterlechemin.com\/wp-content\/uploads\/2019\/01\/hotel-glace-5.jpg\" alt=\"hotel glace 5\" width=\"2270\" height=\"1277\" srcset=\"https:\/\/arpenterlechemin.com\/wp-content\/uploads\/2019\/01\/hotel-glace-5.jpg 2270w, https:\/\/arpenterlechemin.com\/wp-content\/uploads\/2019\/01\/hotel-glace-5-500x280.jpg 500w, https:\/\/arpenterlechemin.com\/wp-content\/uploads\/2019\/01\/hotel-glace-5-690x388.jpg 690w, https:\/\/arpenterlechemin.com\/wp-content\/uploads\/2019\/01\/hotel-glace-5-768x432.jpg 768w, https:\/\/arpenterlechemin.com\/wp-content\/uploads\/2019\/01\/hotel-glace-5-1040x585.jpg 1040w\" sizes=\"(max-width: 2270px) 100vw, 2270px\" \/><\/p>\n<p><img decoding=\"async\" loading=\"lazy\" class=\"aligncenter wp-image-6882 size-full\" src=\"http:\/\/arpenterlechemin.com\/wp-content\/uploads\/2019\/01\/hotel-glace-quebec-valcartier-voyage-canada-hiver.jpg\" alt=\"hotel glace quebec valcartier voyage canada hiver\" width=\"1608\" height=\"904\" srcset=\"https:\/\/arpenterlechemin.com\/wp-content\/uploads\/2019\/01\/hotel-glace-quebec-valcartier-voyage-canada-hiver.jpg 1608w, https:\/\/arpenterlechemin.com\/wp-content\/uploads\/2019\/01\/hotel-glace-quebec-valcartier-voyage-canada-hiver-500x280.jpg 500w, https:\/\/arpenterlechemin.com\/wp-content\/uploads\/2019\/01\/hotel-glace-quebec-valcartier-voyage-canada-hiver-690x388.jpg 690w, https:\/\/arpenterlechemin.com\/wp-content\/uploads\/2019\/01\/hotel-glace-quebec-valcartier-voyage-canada-hiver-768x432.jpg 768w, https:\/\/arpenterlechemin.com\/wp-content\/uploads\/2019\/01\/hotel-glace-quebec-valcartier-voyage-canada-hiver-1040x585.jpg 1040w\" sizes=\"(max-width: 1608px) 100vw, 1608px\" \/><\/p>\n<p style=\"text-align: center;\"><em>On est bien ici, hein ? (j&rsquo;ai failli perdre quelques phalanges pour cette photo)<\/em><\/p>\n<p>Au bout d&rsquo;une heure, nous sommes ravies mais gel\u00e9es. On ne sort pas indemnes de l&rsquo;h\u00f4tel de glace ! Une heure, c&rsquo;est largement assez pour visiter la chapelle, admirer les sculptures, boire un petit verre bien frais et papoter au coin du feu. Nous regagnons avec bonheur les locaux chauff\u00e9s de la station Valcartier. Pour autant, m\u00eame si cette visite \u00e9tait un peu rude physiquement, elle reste un souvenir enchant\u00e9 de mon escapade hivernale \u00e0 Qu\u00e9bec.<\/p>\n<h4><span style=\"color: #333399;\">Dormir \u00e0 l&rsquo;h\u00f4tel de glace de Valcartier<\/span><\/h4>\n<p>L&rsquo;h\u00f4tel est parfaitement fonctionnel et propose 42 chambres et suites avec leur mobilier en glace et sac de couchage fourni. Vous pouvez r\u00e9server sur le site de la <a href=\"https:\/\/www.valcartier.com\/fr\/hebergement\/hotel-de-glace\/?langue=fr\">station Valcartier<\/a>. Les tarifs commencent \u00e0 350 $ (250 \u20ac) pour une nuit en chambre double de base et vont jusqu&rsquo;\u00e0 750 $ (500 \u20ac) pour la suite avec toutes les options et le spa. Respectez bien le guide de pr\u00e9paration et habillez-vous chaudement : la nuit, il fait environ -4\u00b0C dans la chambre !<\/p>\n<p>Si dormir dans la glace ne vous tente pas, plusieurs options sont disponibles \u00e0 la station Valcartier :<\/p>\n<ul>\n<li>l&rsquo;<a href=\"https:\/\/www.booking.com\/hotel\/ca\/valcartier.en.html?aid=1571475&amp;no_rooms=1&amp;group_adults=1\">h\u00f4tel Valcartier<\/a><\/li>\n<li>l&rsquo;<a href=\"https:\/\/www.booking.com\/hotel\/ca\/auberge-valcartier.en.html?aid=1571475&amp;no_rooms=1&amp;group_adults=1\">auberge Valcartier<\/a><\/li>\n<li>le g\u00eete <a href=\"https:\/\/www.booking.com\/hotel\/ca\/gite-la-jeanne-claire-couette-amp-cafe.en.html?aid=1571475&amp;no_rooms=1&amp;group_adults=1\">La Jeanne-Claire<\/a><\/li>\n<li>les chalets et appartements <a href=\"https:\/\/www.booking.com\/hotel\/ca\/chalets-amp-appartements-au-chant-de-la-riviere.en.html?aid=1571475&amp;no_rooms=1&amp;group_adults=1\">Au Chant de la rivi\u00e8re<\/a><\/li>\n<\/ul>\n<h4><span style=\"color: #333399;\">Visiter l&rsquo;h\u00f4tel de glace en journ\u00e9e<\/span><\/h4>\n<p>C&rsquo;est ce que nous avons fait. Le billet co\u00fbte 21 CAD (environ 15 \u20ac) pour l&rsquo;entr\u00e9e de 10 h \u00e0 la fermeture. L&rsquo;entr\u00e9e est gratuite pour les enfants de moins de 1 m. Si vous pouvez visiter des chambres, revenez me dire comment c&rsquo;\u00e9tait ! Une visite guid\u00e9e est aussi possible pour 35 $ (26 \u20ac). Compter une \u00e0 deux heures pour la visite autonome.<\/p>\n<p>Il est aussi possible d&rsquo;acheter un billet qui comprend l&rsquo;entr\u00e9e et un cocktail pour 28 $ (20 \u20ac), ou un billet moins cher pour la visite apr\u00e8s 20 h.<\/p>\n<h4><span style=\"color: #333399;\">Acc\u00e9der \u00e0 l&rsquo;h\u00f4tel de glace<\/span><\/h4>\n<p>Depuis Qu\u00e9bec, il faut compter 30-45 minutes seulement : le village Saint-Gabriel-de-Valcartier n&rsquo;est qu&rsquo;\u00e0 30 km. Depuis Montr\u00e9al, il faut trois heures de route.<\/p>\n<p style=\"text-align: center;\"><em><a href=\"https:\/\/www.booking.com\/guest-house\/index.html?aid=1571475\">R\u00e9servez votre s\u00e9jour \u00e0 Qu\u00e9bec en ligne<\/a> || <a href=\"https:\/\/www.airtransat.com\/fr-FR\/offres-speciales-vols-canada?utm_campaign=display_promotion&amp;utm_source=time_one&amp;utm_medium=affiliation&amp;utm_term=n_a&amp;utm_content=affiliation%7Ctime_one%7Cdisplay_promotion%7Cn_a%7Cblack_friday%7Cn_a%7Cb2c%7Cwinter%7Csummer%7Ccanada%7Cflight%7Caffiliation%7Cn_a%7Cn_a%7Cn_a%7Cn_a&amp;search=flight&amp;flightType=RT&amp;gateway=CDG&amp;pax=1-0-0-0\">R\u00e9servez votre vol pour le Canada avec Air Trans<\/a>at || <a href=\"https:\/\/www.chapkadirect.fr\/index.php?app=cd_arpchem\">Avez-vous une assurance voyage pour le Canada ?<\/a><\/em><\/p>\n<p><em>Et vous, avez-vous d\u00e9j\u00e0 visit\u00e9 un h\u00f4tel de glace, voire dormi dedans ? Aimeriez-vous tenter l&rsquo;exp\u00e9rience ? Racontez-moi dans les commentaires. Oyez, oyez. Ce billet contient des liens affili\u00e9s. N&rsquo;h\u00e9sitez pas \u00e0 m&rsquo;\u00e9pingler et \u00e0 vous abonner pour ne pas manquer les nouveaux billets.<\/em><\/p>\n<p><img decoding=\"async\" loading=\"lazy\" class=\"alignnone wp-image-6872\" src=\"http:\/\/arpenterlechemin.com\/wp-content\/uploads\/2019\/01\/hotel-glace-visite-journee-valcartier-quebec-road-trip-blog-voyage-canada-hiver-arpenter-le-chemin-390x585.jpg\" alt=\"hotel glace visite journee valcartier quebec road-trip blog voyage canada hiver arpenter le chemin\" width=\"270\" height=\"405\" srcset=\"https:\/\/arpenterlechemin.com\/wp-content\/uploads\/2019\/01\/hotel-glace-visite-journee-valcartier-quebec-road-trip-blog-voyage-canada-hiver-arpenter-le-chemin-390x585.jpg 390w, https:\/\/arpenterlechemin.com\/wp-content\/uploads\/2019\/01\/hotel-glace-visite-journee-valcartier-quebec-road-trip-blog-voyage-canada-hiver-arpenter-le-chemin-267x400.jpg 267w, https:\/\/arpenterlechemin.com\/wp-content\/uploads\/2019\/01\/hotel-glace-visite-journee-valcartier-quebec-road-trip-blog-voyage-canada-hiver-arpenter-le-chemin.jpg 735w\" sizes=\"(max-width: 270px) 100vw, 270px\" \/><img decoding=\"async\" loading=\"lazy\" class=\"alignnone wp-image-6871\" src=\"http:\/\/arpenterlechemin.com\/wp-content\/uploads\/2019\/01\/bar-hotel-glace-valcartier-quebec-blog-voyage-canada-rod-trip-hiver-arpenter-le-chemin-390x585.jpg\" alt=\"bar hotel glace valcartier quebec blog voyage canada rod-trip hiver arpenter le chemin\" width=\"270\" height=\"405\" srcset=\"https:\/\/arpenterlechemin.com\/wp-content\/uploads\/2019\/01\/bar-hotel-glace-valcartier-quebec-blog-voyage-canada-rod-trip-hiver-arpenter-le-chemin-390x585.jpg 390w, https:\/\/arpenterlechemin.com\/wp-content\/uploads\/2019\/01\/bar-hotel-glace-valcartier-quebec-blog-voyage-canada-rod-trip-hiver-arpenter-le-chemin-267x400.jpg 267w, https:\/\/arpenterlechemin.com\/wp-content\/uploads\/2019\/01\/bar-hotel-glace-valcartier-quebec-blog-voyage-canada-rod-trip-hiver-arpenter-le-chemin.jpg 735w\" sizes=\"(max-width: 270px) 100vw, 270px\" \/><img decoding=\"async\" loading=\"lazy\" class=\"alignnone wp-image-6868\" src=\"http:\/\/arpenterlechemin.com\/wp-content\/uploads\/2019\/01\/visiter-hotel-glace-valcartier-quebec-hiver-canada-road-trip-blog-voyage-arpenter-le-chemin-390x585.jpg\" alt=\"visiter hotel glace valcartier quebec hiver canada road-trip blog voyage arpenter le chemin\" width=\"270\" height=\"405\" srcset=\"https:\/\/arpenterlechemin.com\/wp-content\/uploads\/2019\/01\/visiter-hotel-glace-valcartier-quebec-hiver-canada-road-trip-blog-voyage-arpenter-le-chemin-390x585.jpg 390w, https:\/\/arpenterlechemin.com\/wp-content\/uploads\/2019\/01\/visiter-hotel-glace-valcartier-quebec-hiver-canada-road-trip-blog-voyage-arpenter-le-chemin-267x400.jpg 267w, https:\/\/arpenterlechemin.com\/wp-content\/uploads\/2019\/01\/visiter-hotel-glace-valcartier-quebec-hiver-canada-road-trip-blog-voyage-arpenter-le-chemin.jpg 735w\" sizes=\"(max-width: 270px) 100vw, 270px\" \/><\/p>\n<h4><\/h4>\n","protected":false},"excerpt":{"rendered":"<p>L&rsquo;h\u00f4tel de glace de Valcartier, connaissez-vous ? Une gigantesque structure construite ann\u00e9e apr\u00e8s ann\u00e9e dans la glace, \u00e9tablissement qui incarne un hiver de r\u00eave : immacul\u00e9 mais chaleureux, sublime \u00e0 souhait, un vrai symbole de cette saison rude mais pourtant si s\u00e9duisante. Il y a un an, j&rsquo;ai eu la chance d&rsquo;aller visiter l&rsquo;h\u00f4tel de glace \u00e0 Valcartier, tout pr\u00e8s de la belle ville de Qu\u00e9bec. L&rsquo;h\u00f4tel ouvre d&rsquo;habitude ses portes en janvier, mais il faisait si froid que la structure a ouvert avec plusieurs jours d&rsquo;avance, aux alentours de <\/p>\n","protected":false},"author":1,"featured_media":6869,"comment_status":"open","ping_status":"open","sticky":false,"template":"","format":"standard","meta":{"jetpack_post_was_ever_published":false},"categories":[526,539,1],"tags":[470,665,7],"yoast_head":"<!-- This site is optimized with the Yoast SEO plugin v20.7 - https:\/\/yoast.com\/wordpress\/plugins\/seo\/ -->\n<title>QU\u00c9BEC \/\/ L&#039;h\u00f4tel de glace du village Valcartier - Arpenter le chemin<\/title>\n<meta name=\"robots\" content=\"index, follow, max-snippet:-1, max-image-preview:large, max-video-preview:-1\" \/>\n<link rel=\"canonical\" href=\"https:\/\/arpenterlechemin.com\/index.php\/2019\/01\/24\/quebec-hotel-glace-valcartier\/\" \/>\n<meta property=\"og:locale\" content=\"fr_FR\" \/>\n<meta property=\"og:type\" content=\"article\" \/>\n<meta property=\"og:title\" content=\"QU\u00c9BEC \/\/ L&#039;h\u00f4tel de glace du village Valcartier - Arpenter le chemin\" \/>\n<meta property=\"og:description\" content=\"L&rsquo;h\u00f4tel de glace de Valcartier, connaissez-vous ? Une gigantesque structure construite ann\u00e9e apr\u00e8s ann\u00e9e dans la glace, \u00e9tablissement qui incarne un hiver de r\u00eave : immacul\u00e9 mais chaleureux, sublime \u00e0 souhait, un vrai symbole de cette saison rude mais pourtant si s\u00e9duisante. Il y a un an, j&rsquo;ai eu la chance d&rsquo;aller visiter l&rsquo;h\u00f4tel de glace \u00e0 Valcartier, tout pr\u00e8s de la belle ville de Qu\u00e9bec. L&rsquo;h\u00f4tel ouvre d&rsquo;habitude ses portes en janvier, mais il faisait si froid que la structure a ouvert avec plusieurs jours d&rsquo;avance, aux alentours de\" \/>\n<meta property=\"og:url\" content=\"https:\/\/arpenterlechemin.com\/index.php\/2019\/01\/24\/quebec-hotel-glace-valcartier\/\" \/>\n<meta property=\"og:site_name\" content=\"Arpenter le chemin\" \/>\n<meta property=\"article:published_time\" content=\"2019-01-24T06:59:20+00:00\" \/>\n<meta property=\"article:modified_time\" content=\"2019-02-12T20:58:08+00:00\" \/>\n<meta property=\"og:image\" content=\"https:\/\/arpenterlechemin.com\/wp-content\/uploads\/2019\/01\/titre-hotel-glace-quebec-valcartier-voyage-hiver-canada-road-trip-blog-voyage-arpenter-le-chemin.jpg\" \/>\n\t<meta property=\"og:image:width\" content=\"1040\" \/>\n\t<meta property=\"og:image:height\" content=\"585\" \/>\n\t<meta property=\"og:image:type\" content=\"image\/jpeg\" \/>\n<meta name=\"author\" content=\"Audrey\" \/>\n<meta name=\"twitter:card\" content=\"summary_large_image\" \/>\n<meta name=\"twitter:label1\" content=\"\u00c9crit par\" \/>\n\t<meta name=\"twitter:data1\" content=\"Audrey\" \/>\n\t<meta name=\"twitter:label2\" content=\"Dur\u00e9e de lecture estim\u00e9e\" \/>\n\t<meta name=\"twitter:data2\" content=\"6 minutes\" \/>\n<script type=\"application\/ld+json\" class=\"yoast-schema-graph\">{\"@context\":\"https:\/\/schema.org\",\"@graph\":[{\"@type\":\"Article\",\"@id\":\"https:\/\/arpenterlechemin.com\/index.php\/2019\/01\/24\/quebec-hotel-glace-valcartier\/#article\",\"isPartOf\":{\"@id\":\"https:\/\/arpenterlechemin.com\/index.php\/2019\/01\/24\/quebec-hotel-glace-valcartier\/\"},\"author\":{\"name\":\"Audrey\",\"@id\":\"https:\/\/arpenterlechemin.com\/#\/schema\/person\/1d187818c0988fbea4d682c1e59c795c\"},\"headline\":\"QU\u00c9BEC \/\/ L&rsquo;h\u00f4tel de glace du village Valcartier\",\"datePublished\":\"2019-01-24T06:59:20+00:00\",\"dateModified\":\"2019-02-12T20:58:08+00:00\",\"mainEntityOfPage\":{\"@id\":\"https:\/\/arpenterlechemin.com\/index.php\/2019\/01\/24\/quebec-hotel-glace-valcartier\/\"},\"wordCount\":1357,\"commentCount\":11,\"publisher\":{\"@id\":\"https:\/\/arpenterlechemin.com\/#organization\"},\"keywords\":[\"hiver\",\"insolite\",\"qu\u00e9bec\"],\"articleSection\":[\"Am\u00e9rique du Nord\",\"Am\u00e9riques\",\"Blog\"],\"inLanguage\":\"fr-FR\",\"potentialAction\":[{\"@type\":\"CommentAction\",\"name\":\"Comment\",\"target\":[\"https:\/\/arpenterlechemin.com\/index.php\/2019\/01\/24\/quebec-hotel-glace-valcartier\/#respond\"]}]},{\"@type\":\"WebPage\",\"@id\":\"https:\/\/arpenterlechemin.com\/index.php\/2019\/01\/24\/quebec-hotel-glace-valcartier\/\",\"url\":\"https:\/\/arpenterlechemin.com\/index.php\/2019\/01\/24\/quebec-hotel-glace-valcartier\/\",\"name\":\"QU\u00c9BEC \/\/ L'h\u00f4tel de glace du village Valcartier - Arpenter le chemin\",\"isPartOf\":{\"@id\":\"https:\/\/arpenterlechemin.com\/#website\"},\"datePublished\":\"2019-01-24T06:59:20+00:00\",\"dateModified\":\"2019-02-12T20:58:08+00:00\",\"breadcrumb\":{\"@id\":\"https:\/\/arpenterlechemin.com\/index.php\/2019\/01\/24\/quebec-hotel-glace-valcartier\/#breadcrumb\"},\"inLanguage\":\"fr-FR\",\"potentialAction\":[{\"@type\":\"ReadAction\",\"target\":[\"https:\/\/arpenterlechemin.com\/index.php\/2019\/01\/24\/quebec-hotel-glace-valcartier\/\"]}]},{\"@type\":\"BreadcrumbList\",\"@id\":\"https:\/\/arpenterlechemin.com\/index.php\/2019\/01\/24\/quebec-hotel-glace-valcartier\/#breadcrumb\",\"itemListElement\":[{\"@type\":\"ListItem\",\"position\":1,\"name\":\"Home\",\"item\":\"https:\/\/arpenterlechemin.com\/\"},{\"@type\":\"ListItem\",\"position\":2,\"name\":\"QU\u00c9BEC \/\/ L&rsquo;h\u00f4tel de glace du village Valcartier\"}]},{\"@type\":\"WebSite\",\"@id\":\"https:\/\/arpenterlechemin.com\/#website\",\"url\":\"https:\/\/arpenterlechemin.com\/\",\"name\":\"Arpenter le chemin\",\"description\":\"\",\"publisher\":{\"@id\":\"https:\/\/arpenterlechemin.com\/#organization\"},\"potentialAction\":[{\"@type\":\"SearchAction\",\"target\":{\"@type\":\"EntryPoint\",\"urlTemplate\":\"https:\/\/arpenterlechemin.com\/?s={search_term_string}\"},\"query-input\":\"required name=search_term_string\"}],\"inLanguage\":\"fr-FR\"},{\"@type\":\"Organization\",\"@id\":\"https:\/\/arpenterlechemin.com\/#organization\",\"name\":\"Arpenter le chemin\",\"url\":\"https:\/\/arpenterlechemin.com\/\",\"logo\":{\"@type\":\"ImageObject\",\"inLanguage\":\"fr-FR\",\"@id\":\"https:\/\/arpenterlechemin.com\/#\/schema\/logo\/image\/\",\"url\":\"https:\/\/arpenterlechemin.com\/wp-content\/uploads\/2017\/04\/icone-4.jpg\",\"contentUrl\":\"https:\/\/arpenterlechemin.com\/wp-content\/uploads\/2017\/04\/icone-4.jpg\",\"width\":150,\"height\":73,\"caption\":\"Arpenter le chemin\"},\"image\":{\"@id\":\"https:\/\/arpenterlechemin.com\/#\/schema\/logo\/image\/\"}},{\"@type\":\"Person\",\"@id\":\"https:\/\/arpenterlechemin.com\/#\/schema\/person\/1d187818c0988fbea4d682c1e59c795c\",\"name\":\"Audrey\",\"image\":{\"@type\":\"ImageObject\",\"inLanguage\":\"fr-FR\",\"@id\":\"https:\/\/arpenterlechemin.com\/#\/schema\/person\/image\/\",\"url\":\"https:\/\/secure.gravatar.com\/avatar\/b75298f64c73f1709976c50921beae6a?s=96&d=mm&r=g\",\"contentUrl\":\"https:\/\/secure.gravatar.com\/avatar\/b75298f64c73f1709976c50921beae6a?s=96&d=mm&r=g\",\"caption\":\"Audrey\"},\"description\":\"Allergique \u00e0 la routine, atteinte de bougeotte aigu\u00eb, j'essaie de m'envoler aussi souvent que possible, seule, en couple ou entre amis ! Ville, nature, culture, rando... tout me va, \u00e0 partir du moment o\u00f9 je suis dehors.\",\"url\":\"https:\/\/arpenterlechemin.com\/index.php\/author\/audreyf\/\"}]}<\/script>\n<!-- \/ Yoast SEO plugin. -->","yoast_head_json":{"title":"QU\u00c9BEC \/\/ L'h\u00f4tel de glace du village Valcartier - Arpenter le chemin","robots":{"index":"index","follow":"follow","max-snippet":"max-snippet:-1","max-image-preview":"max-image-preview:large","max-video-preview":"max-video-preview:-1"},"canonical":"https:\/\/arpenterlechemin.com\/index.php\/2019\/01\/24\/quebec-hotel-glace-valcartier\/","og_locale":"fr_FR","og_type":"article","og_title":"QU\u00c9BEC \/\/ L'h\u00f4tel de glace du village Valcartier - Arpenter le chemin","og_description":"L&rsquo;h\u00f4tel de glace de Valcartier, connaissez-vous ? Une gigantesque structure construite ann\u00e9e apr\u00e8s ann\u00e9e dans la glace, \u00e9tablissement qui incarne un hiver de r\u00eave : immacul\u00e9 mais chaleureux, sublime \u00e0 souhait, un vrai symbole de cette saison rude mais pourtant si s\u00e9duisante. Il y a un an, j&rsquo;ai eu la chance d&rsquo;aller visiter l&rsquo;h\u00f4tel de glace \u00e0 Valcartier, tout pr\u00e8s de la belle ville de Qu\u00e9bec. L&rsquo;h\u00f4tel ouvre d&rsquo;habitude ses portes en janvier, mais il faisait si froid que la structure a ouvert avec plusieurs jours d&rsquo;avance, aux alentours de","og_url":"https:\/\/arpenterlechemin.com\/index.php\/2019\/01\/24\/quebec-hotel-glace-valcartier\/","og_site_name":"Arpenter le chemin","article_published_time":"2019-01-24T06:59:20+00:00","article_modified_time":"2019-02-12T20:58:08+00:00","og_image":[{"width":1040,"height":585,"url":"https:\/\/arpenterlechemin.com\/wp-content\/uploads\/2019\/01\/titre-hotel-glace-quebec-valcartier-voyage-hiver-canada-road-trip-blog-voyage-arpenter-le-chemin.jpg","type":"image\/jpeg"}],"author":"Audrey","twitter_card":"summary_large_image","twitter_misc":{"\u00c9crit par":"Audrey","Dur\u00e9e de lecture estim\u00e9e":"6 minutes"},"schema":{"@context":"https:\/\/schema.org","@graph":[{"@type":"Article","@id":"https:\/\/arpenterlechemin.com\/index.php\/2019\/01\/24\/quebec-hotel-glace-valcartier\/#article","isPartOf":{"@id":"https:\/\/arpenterlechemin.com\/index.php\/2019\/01\/24\/quebec-hotel-glace-valcartier\/"},"author":{"name":"Audrey","@id":"https:\/\/arpenterlechemin.com\/#\/schema\/person\/1d187818c0988fbea4d682c1e59c795c"},"headline":"QU\u00c9BEC \/\/ L&rsquo;h\u00f4tel de glace du village Valcartier","datePublished":"2019-01-24T06:59:20+00:00","dateModified":"2019-02-12T20:58:08+00:00","mainEntityOfPage":{"@id":"https:\/\/arpenterlechemin.com\/index.php\/2019\/01\/24\/quebec-hotel-glace-valcartier\/"},"wordCount":1357,"commentCount":11,"publisher":{"@id":"https:\/\/arpenterlechemin.com\/#organization"},"keywords":["hiver","insolite","qu\u00e9bec"],"articleSection":["Am\u00e9rique du Nord","Am\u00e9riques","Blog"],"inLanguage":"fr-FR","potentialAction":[{"@type":"CommentAction","name":"Comment","target":["https:\/\/arpenterlechemin.com\/index.php\/2019\/01\/24\/quebec-hotel-glace-valcartier\/#respond"]}]},{"@type":"WebPage","@id":"https:\/\/arpenterlechemin.com\/index.php\/2019\/01\/24\/quebec-hotel-glace-valcartier\/","url":"https:\/\/arpenterlechemin.com\/index.php\/2019\/01\/24\/quebec-hotel-glace-valcartier\/","name":"QU\u00c9BEC \/\/ L'h\u00f4tel de glace du village Valcartier - Arpenter le chemin","isPartOf":{"@id":"https:\/\/arpenterlechemin.com\/#website"},"datePublished":"2019-01-24T06:59:20+00:00","dateModified":"2019-02-12T20:58:08+00:00","breadcrumb":{"@id":"https:\/\/arpenterlechemin.com\/index.php\/2019\/01\/24\/quebec-hotel-glace-valcartier\/#breadcrumb"},"inLanguage":"fr-FR","potentialAction":[{"@type":"ReadAction","target":["https:\/\/arpenterlechemin.com\/index.php\/2019\/01\/24\/quebec-hotel-glace-valcartier\/"]}]},{"@type":"BreadcrumbList","@id":"https:\/\/arpenterlechemin.com\/index.php\/2019\/01\/24\/quebec-hotel-glace-valcartier\/#breadcrumb","itemListElement":[{"@type":"ListItem","position":1,"name":"Home","item":"https:\/\/arpenterlechemin.com\/"},{"@type":"ListItem","position":2,"name":"QU\u00c9BEC \/\/ L&rsquo;h\u00f4tel de glace du village Valcartier"}]},{"@type":"WebSite","@id":"https:\/\/arpenterlechemin.com\/#website","url":"https:\/\/arpenterlechemin.com\/","name":"Arpenter le chemin","description":"","publisher":{"@id":"https:\/\/arpenterlechemin.com\/#organization"},"potentialAction":[{"@type":"SearchAction","target":{"@type":"EntryPoint","urlTemplate":"https:\/\/arpenterlechemin.com\/?s={search_term_string}"},"query-input":"required name=search_term_string"}],"inLanguage":"fr-FR"},{"@type":"Organization","@id":"https:\/\/arpenterlechemin.com\/#organization","name":"Arpenter le chemin","url":"https:\/\/arpenterlechemin.com\/","logo":{"@type":"ImageObject","inLanguage":"fr-FR","@id":"https:\/\/arpenterlechemin.com\/#\/schema\/logo\/image\/","url":"https:\/\/arpenterlechemin.com\/wp-content\/uploads\/2017\/04\/icone-4.jpg","contentUrl":"https:\/\/arpenterlechemin.com\/wp-content\/uploads\/2017\/04\/icone-4.jpg","width":150,"height":73,"caption":"Arpenter le chemin"},"image":{"@id":"https:\/\/arpenterlechemin.com\/#\/schema\/logo\/image\/"}},{"@type":"Person","@id":"https:\/\/arpenterlechemin.com\/#\/schema\/person\/1d187818c0988fbea4d682c1e59c795c","name":"Audrey","image":{"@type":"ImageObject","inLanguage":"fr-FR","@id":"https:\/\/arpenterlechemin.com\/#\/schema\/person\/image\/","url":"https:\/\/secure.gravatar.com\/avatar\/b75298f64c73f1709976c50921beae6a?s=96&d=mm&r=g","contentUrl":"https:\/\/secure.gravatar.com\/avatar\/b75298f64c73f1709976c50921beae6a?s=96&d=mm&r=g","caption":"Audrey"},"description":"Allergique \u00e0 la routine, atteinte de bougeotte aigu\u00eb, j'essaie de m'envoler aussi souvent que possible, seule, en couple ou entre amis ! Ville, nature, culture, rando... tout me va, \u00e0 partir du moment o\u00f9 je suis dehors.","url":"https:\/\/arpenterlechemin.com\/index.php\/author\/audreyf\/"}]}},"jetpack_featured_media_url":"https:\/\/arpenterlechemin.com\/wp-content\/uploads\/2019\/01\/titre-hotel-glace-quebec-valcartier-voyage-hiver-canada-road-trip-blog-voyage-arpenter-le-chemin.jpg","jetpack_sharing_enabled":true,"jetpack_shortlink":"https:\/\/wp.me\/p8z9hR-1MJ","jetpack-related-posts":[{"id":8646,"url":"https:\/\/arpenterlechemin.com\/index.php\/2019\/12\/23\/quebec-noel\/","url_meta":{"origin":6865,"position":0},"title":"QU\u00c9BEC \/\/ Passer No\u00ebl autour de Qu\u00e9bec","date":"23 d\u00e9cembre 2019","format":false,"excerpt":"Qui n'a jamais r\u00eav\u00e9 d'aller f\u00eater No\u00ebl au Canada ou mieux encore, \u00e0 Qu\u00e9bec ? Qu\u00e9bec est la ville europ\u00e9enne par excellence en Am\u00e9rique du Nord, la seule ville fortifi\u00e9e au nord de Mexico, une ville 100 % francophone o\u00f9 on ne rigole pas avec la magie de No\u00ebl :\u2026","rel":"","context":"Dans &quot;Am\u00e9rique du Nord&quot;","img":{"alt_text":"Noel qu\u00e9bec blog voyage arpenter le chemin","src":"https:\/\/i0.wp.com\/arpenterlechemin.com\/wp-content\/uploads\/2020\/12\/Noel-qu\u00e9bec-blog-voyage-arpenter-le-chemin.jpg?resize=350%2C200&ssl=1","width":350,"height":200},"classes":[]},{"id":11310,"url":"https:\/\/arpenterlechemin.com\/index.php\/2022\/04\/07\/parc-mauricie-hiver-quebec\/","url_meta":{"origin":6865,"position":1},"title":"QU\u00c9BEC \/\/ Le parc national de la Mauricie en hiver","date":"7 avril 2022","format":false,"excerpt":"Non loin de Trois-Rivi\u00e8res se trouve le parc national de la Mauricie, terrain de jeu hivernal o\u00f9 pratique randonn\u00e9e, raquettes et ski de fond. Riche de 150 lacs, avec des for\u00eats \u00e0 perte de vue, ce parc national est id\u00e9al pour l\u00e2cher la civilisation l'espace d'une randonn\u00e9e et prendre un\u2026","rel":"","context":"Dans &quot;Am\u00e9rique du Nord&quot;","img":{"alt_text":"Que faire au parc national de la Mauricie en hiver","src":"https:\/\/i0.wp.com\/arpenterlechemin.com\/wp-content\/uploads\/2022\/03\/Que-faire-au-parc-national-de-la-Mauricie-en-hiver.jpg?resize=350%2C200&ssl=1","width":350,"height":200},"classes":[]},{"id":6989,"url":"https:\/\/arpenterlechemin.com\/index.php\/2019\/02\/08\/amphiteatre-parlee-brook\/","url_meta":{"origin":6865,"position":2},"title":"NOUVEAU-BRUNSWICK \/\/ L&rsquo;amphith\u00e9\u00e2tre de glace de Parlee Brook","date":"8 f\u00e9vrier 2019","format":false,"excerpt":"Cela faisait longtemps que je r\u00eavais d'aller voir l'amphith\u00e9\u00e2tre de glace de Parlee Brook. Un lieu confidentiel, apparemment difficile d'acc\u00e8s, le genre de secret qui circule parmi les connaisseurs suffisamment en forme pour braver le froid et les petites routes enneig\u00e9es. Hormis une courte fiche technique sur la page de\u2026","rel":"","context":"Dans &quot;Am\u00e9rique du Nord&quot;","img":{"alt_text":"titre parlee brook amphitheater cascade glace sussex nouveau-brunswick blog voyage road-trip canada hiver arpenter le chemin","src":"https:\/\/i0.wp.com\/arpenterlechemin.com\/wp-content\/uploads\/2019\/02\/titre-parlee-brook-amphitheater-cascade-glace-sussex-nouveau-brunswick-blog-voyage-road-trip-canada-hiver-arpenter-le-chemin.jpg?resize=350%2C200&ssl=1","width":350,"height":200},"classes":[]},{"id":4497,"url":"https:\/\/arpenterlechemin.com\/index.php\/2017\/12\/26\/vieux-quebec-temps-fetes\/","url_meta":{"origin":6865,"position":3},"title":"QU\u00c9BEC \/\/ Le Vieux Qu\u00e9bec au temps des f\u00eates","date":"26 d\u00e9cembre 2017","format":false,"excerpt":"En Am\u00e9rique du Nord, Qu\u00e9bec a une place assez sp\u00e9ciale : une grande ville presque enti\u00e8rement francophone, la seule ville fortifi\u00e9e au nord du Mexique, une ville aux airs d'Europe avec ses rues pi\u00e9tonnes et ses fa\u00e7ades pr\u00e9serv\u00e9es, son h\u00f4tel Frontenac qui toise la ville avec de grands airs de\u2026","rel":"","context":"Dans &quot;Am\u00e9rique du Nord&quot;","img":{"alt_text":"","src":"https:\/\/i0.wp.com\/arpenterlechemin.com\/wp-content\/uploads\/2018\/01\/Le-vieux-Qu\u00e9bec-au-temps-des-f\u00eates.jpg?resize=350%2C200&ssl=1","width":350,"height":200},"classes":[]},{"id":1055,"url":"https:\/\/arpenterlechemin.com\/index.php\/2016\/10\/13\/balade-au-glacier-daletsch-valais-suisse-2\/","url_meta":{"origin":6865,"position":4},"title":"SUISSE \/\/ Balade estivale au glacier d&rsquo;Aletsch, en Valais","date":"13 octobre 2016","format":false,"excerpt":"Une bonne fois pour toutes, laissez-moi vous dire que j'aime la Suisse. Voil\u00e0. Mieux que \u00e7a : j'adore la Suisse. Je l'ai d\u00e9j\u00e0 dit, peut-\u00eatre ? Pour la visite de Berne, je crois. Je me r\u00e9p\u00e9terai sans doute, car j'ai loin d'avoir \u00e9puis\u00e9 le sujet ! Mais j'adore aller en\u2026","rel":"","context":"Dans &quot;Blog&quot;","img":{"alt_text":"","src":"https:\/\/i0.wp.com\/arpenterlechemin.com\/wp-content\/uploads\/2016\/10\/Titre-balade-glacier-daletsch.jpg?resize=350%2C200&ssl=1","width":350,"height":200},"classes":[]},{"id":11115,"url":"https:\/\/arpenterlechemin.com\/index.php\/2022\/02\/23\/randonnee-hiver-nouveau-brunswick\/","url_meta":{"origin":6865,"position":5},"title":"NOUVEAU-BRUNSWICK \/\/ Randonn\u00e9es d&rsquo;hiver autour de Moncton","date":"23 f\u00e9vrier 2022","format":false,"excerpt":"Apr\u00e8s vous avoir parl\u00e9 des balades \u00e0 faire dans la neige dans le grand Moncton, il est temps de prendre la route pour aller un peu plus loin, \u00e0 la recherche des randonn\u00e9es d'hiver dans le sud-est du Nouveau-Brunswick. Moncton a la r\u00e9putation d'\u00eatre la \"plaque tournante\" des Maritimes ;\u2026","rel":"","context":"Dans &quot;Am\u00e9rique du Nord&quot;","img":{"alt_text":"Sentiers hiver Nouveau-Brunswick (1)","src":"https:\/\/i0.wp.com\/arpenterlechemin.com\/wp-content\/uploads\/2022\/02\/Sentiers-hiver-Nouveau-Brunswick-1.jpg?resize=350%2C200&ssl=1","width":350,"height":200},"classes":[]}],"_links":{"self":[{"href":"https:\/\/arpenterlechemin.com\/index.php\/wp-json\/wp\/v2\/posts\/6865"}],"collection":[{"href":"https:\/\/arpenterlechemin.com\/index.php\/wp-json\/wp\/v2\/posts"}],"about":[{"href":"https:\/\/arpenterlechemin.com\/index.php\/wp-json\/wp\/v2\/types\/post"}],"author":[{"embeddable":true,"href":"https:\/\/arpenterlechemin.com\/index.php\/wp-json\/wp\/v2\/users\/1"}],"replies":[{"embeddable":true,"href":"https:\/\/arpenterlechemin.com\/index.php\/wp-json\/wp\/v2\/comments?post=6865"}],"version-history":[{"count":0,"href":"https:\/\/arpenterlechemin.com\/index.php\/wp-json\/wp\/v2\/posts\/6865\/revisions"}],"wp:featuredmedia":[{"embeddable":true,"href":"https:\/\/arpenterlechemin.com\/index.php\/wp-json\/wp\/v2\/media\/6869"}],"wp:attachment":[{"href":"https:\/\/arpenterlechemin.com\/index.php\/wp-json\/wp\/v2\/media?parent=6865"}],"wp:term":[{"taxonomy":"category","embeddable":true,"href":"https:\/\/arpenterlechemin.com\/index.php\/wp-json\/wp\/v2\/categories?post=6865"},{"taxonomy":"post_tag","embeddable":true,"href":"https:\/\/arpenterlechemin.com\/index.php\/wp-json\/wp\/v2\/tags?post=6865"}],"curies":[{"name":"wp","href":"https:\/\/api.w.org\/{rel}","templated":true}]}}