{"id":6652,"date":"2019-04-30T02:12:42","date_gmt":"2019-04-30T06:12:42","guid":{"rendered":"http:\/\/arpenterlechemin.com\/?p=6652"},"modified":"2020-02-28T16:51:44","modified_gmt":"2020-02-28T20:51:44","slug":"tour-europe-train","status":"publish","type":"post","link":"https:\/\/arpenterlechemin.com\/index.php\/2019\/04\/30\/tour-europe-train\/","title":{"rendered":"EUROPE \/\/ Mon tour d&rsquo;Europe, ma d\u00e9claration d&rsquo;amour au continent"},"content":{"rendered":"<p>Un jour, j&rsquo;ai eu un r\u00eave&#8230; celui de traverser l&rsquo;Europe en train. Fascin\u00e9e par les trajets romantiques d&rsquo;antan, o\u00f9 l&rsquo;on mettait des jours, des semaines, des mois pour rallier sa destination et o\u00f9 le trajet \u00e9tait tout un voyage en soi, j&rsquo;ai eu envie de prendre le train pour Moscou. Le mythique Riviera Express, qui partait de Nice pour arriver dans la capitale russe 47 heures plus tard. Ce r\u00eave, je l&rsquo;ai r\u00e9alis\u00e9 en 2014, et <a href=\"http:\/\/arpenterlechemin.com\/index.php\/2017\/11\/29\/le-jour-ou-jai-pris-un-train-direct-entre-nice-et-moscou-le-riviera-express\/\">je vous le conte ici<\/a>. <strong>Une fois arriv\u00e9e au bout de l&rsquo;Europe, quel int\u00e9r\u00eat de se presser pour rentrer ?<\/strong> Quel int\u00e9r\u00eat de rentrer en avion ? C&rsquo;est ainsi que je me suis retrouv\u00e9e sur les routes et les rails du continent pour un tour d&rsquo;Europe de deux mois, \u00e0 visiter mon continent ch\u00e9ri juste avant de mettre les voiles vers le Canada.<\/p>\n<p>J&rsquo;adore l&rsquo;Europe. J&rsquo;adore l&rsquo;id\u00e9e d&rsquo;un continent uni par une volont\u00e9 de paix, j&rsquo;adore le projet europ\u00e9en. Certes, je vis d\u00e9sormais au Canada \u00e0 cause de petits d\u00e9saccords entre la France et moi, mais <strong>mon all\u00e9geance ira sans doute toujours \u00e0 l&rsquo;Europe<\/strong>, cette utopie dans laquelle nous avons la chance de vivre. C&rsquo;est justement mon d\u00e9part au Canada qui a pr\u00e9cipit\u00e9 mon tour d&rsquo;Europe. Un peu comme on prolonge des adieux, je voulais savourer une derni\u00e8re fois mon continent avant longtemps, \u00eatre s\u00fbre d&rsquo;avoir bien m\u00e9moris\u00e9 ses contours et sa g\u00e9ographie avant de m&rsquo;envoler.<\/p>\n<p>Pendant deux mois, j&rsquo;ai v\u00e9cu \u00e0 l&rsquo;heure europ\u00e9enne, j&rsquo;ai bu ses paysages, savour\u00e9 ses villes, appr\u00e9ci\u00e9 ses habitants, dans\u00e9 ses coutumes et chant\u00e9 ses louanges. Pendant deux mois, en solo, je me suis fait un plaisir de d\u00e9couvrir des contr\u00e9es et de red\u00e9couvrir des endroits d\u00e9j\u00e0 effleur\u00e9s. <strong>Ce voyage n&rsquo;a rien d&rsquo;un voyage lent<\/strong>, malgr\u00e9 l&rsquo;absence d&rsquo;avion. Il est tr\u00e8s 2014, ce voyage, \u00e0 changer de ville tous les trois jours, et \u00e0 refaire, je ne prendrais pas deux mois pour un itin\u00e9raire aussi colossal. Mais il m&rsquo;a laiss\u00e9 une trace ind\u00e9l\u00e9bile. \u00c0 l&rsquo;or\u00e9e des \u00e9lections europ\u00e9ennes, devant la tentation des extr\u00eames, je vais bien s\u00fbr voter (par procuration) et vous conter mon voyage le plus m\u00e9morable, \u00e0 la rencontre d&rsquo;Europe ch\u00e9rie (et prenez un th\u00e9, c&rsquo;est une chronique-fleuve).<\/p>\n<h3><span style=\"color: #333399;\">Moscou (Russie)<\/span><\/h3>\n<p>J&rsquo;ai pass\u00e9 47 heures de train \u00e0 fantasmer Moscou. On m&rsquo;en avait dit autant de bien que de mal. Moscou la belle, Moscou la dangereuse, Moscou la schizophr\u00e8ne. Apr\u00e8s ce trajet en train dantesque, c&rsquo;est surtout Moscou l&rsquo;Euphorie. Je suis \u00e0 moiti\u00e9 \u00e9berlu\u00e9e, \u00e0 moiti\u00e9 exalt\u00e9e mais la barri\u00e8re de la langue me coupe un peu les ailes. Je ne parle pas russe, les Russes ne parlent pas vraiment anglais&#8230; Et contrairement \u00e0 d&rsquo;autres pays comme la <a href=\"https:\/\/arpenterlechemin.com\/index.php\/tag\/coree\/\">Cor\u00e9e<\/a> ou le <a href=\"https:\/\/arpenterlechemin.com\/index.php\/tag\/japon\/\">Japon<\/a>, dans le m\u00e9tro, pas d&rsquo;indications en alphabet latin. Je n\u2019ose pas m\u2019aventurer vers des sites int\u00e9ressants en banlieue, de peur de me retrouver litt\u00e9ralement perdue au milieu de nulle part.<\/p>\n<p>Pendant trois jours \u00e0 Moscou, je me concentre donc sur la <strong>Place rouge<\/strong> et les berges de la Moskva. La Place rouge est un des places les plus c\u00e9l\u00e8bres au monde, bord\u00e9e de toutes parts par des b\u00e2timents mythiques : <strong>le Kremlin<\/strong> bien s\u00fbr, mais aussi l&rsquo;\u00e9glise <strong>Saint-Basile-le-bienheureux<\/strong> et ses couleurs, et enfin le <strong>Gum<\/strong>, ce centre commercial aux perspectives ahurissantes. Depuis la place, on acc\u00e8de au th\u00e9\u00e2tre du Bolcho\u00ef mais aussi aux berges de la Moskva, tr\u00e8s agr\u00e9able en cette fin f\u00e9vrier plut\u00f4t douce (il ne fait que quelques degr\u00e9s au-dessous de z\u00e9ro).<\/p>\n<p>Le soir venu, je couchsurfe en banlieue, et c&rsquo;est un autre visage de Moscou que je d\u00e9couvre : celui des barres d&rsquo;immeubles des classes moyennes, des trajets de m\u00e9tro sans fin et d&rsquo;une sympathie un peu rude. Mes h\u00f4tes Marie et Andrei sont d\u00e9concertants mais curieux, accueillants mais distants, sympathiques mais renferm\u00e9s, et j&rsquo;essaie de ne pas en tirer trop de g\u00e9n\u00e9ralit\u00e9s.<\/p>\n<h4><img decoding=\"async\" loading=\"lazy\" class=\"aligncenter wp-image-6975 size-full\" src=\"http:\/\/arpenterlechemin.com\/wp-content\/uploads\/2019\/01\/1-moscou-place-rouge-que-voir-saint-basile-voyage-hiver.jpg\" alt=\"1 moscou place rouge que voir saint basile voyage hiver\" width=\"3070\" height=\"1728\" srcset=\"https:\/\/arpenterlechemin.com\/wp-content\/uploads\/2019\/01\/1-moscou-place-rouge-que-voir-saint-basile-voyage-hiver.jpg 3070w, https:\/\/arpenterlechemin.com\/wp-content\/uploads\/2019\/01\/1-moscou-place-rouge-que-voir-saint-basile-voyage-hiver-500x280.jpg 500w, https:\/\/arpenterlechemin.com\/wp-content\/uploads\/2019\/01\/1-moscou-place-rouge-que-voir-saint-basile-voyage-hiver-690x388.jpg 690w, https:\/\/arpenterlechemin.com\/wp-content\/uploads\/2019\/01\/1-moscou-place-rouge-que-voir-saint-basile-voyage-hiver-768x432.jpg 768w, https:\/\/arpenterlechemin.com\/wp-content\/uploads\/2019\/01\/1-moscou-place-rouge-que-voir-saint-basile-voyage-hiver-1040x585.jpg 1040w\" sizes=\"(max-width: 3070px) 100vw, 3070px\" \/><\/h4>\n<p><img decoding=\"async\" loading=\"lazy\" class=\"aligncenter wp-image-7404 size-full\" src=\"https:\/\/arpenterlechemin.com\/wp-content\/uploads\/2019\/03\/russie-moscou-kremlin-st-basile-blog-voyage-europe-arpenter-le-chemin.jpg\" alt=\"russie moscou kremlin st-basile blog voyage europe arpenter le chemin\" width=\"1920\" height=\"1080\" srcset=\"https:\/\/arpenterlechemin.com\/wp-content\/uploads\/2019\/03\/russie-moscou-kremlin-st-basile-blog-voyage-europe-arpenter-le-chemin.jpg 1920w, https:\/\/arpenterlechemin.com\/wp-content\/uploads\/2019\/03\/russie-moscou-kremlin-st-basile-blog-voyage-europe-arpenter-le-chemin-500x280.jpg 500w, https:\/\/arpenterlechemin.com\/wp-content\/uploads\/2019\/03\/russie-moscou-kremlin-st-basile-blog-voyage-europe-arpenter-le-chemin-690x388.jpg 690w, https:\/\/arpenterlechemin.com\/wp-content\/uploads\/2019\/03\/russie-moscou-kremlin-st-basile-blog-voyage-europe-arpenter-le-chemin-768x432.jpg 768w, https:\/\/arpenterlechemin.com\/wp-content\/uploads\/2019\/03\/russie-moscou-kremlin-st-basile-blog-voyage-europe-arpenter-le-chemin-1040x585.jpg 1040w\" sizes=\"(max-width: 1920px) 100vw, 1920px\" \/><\/p>\n<h4><img decoding=\"async\" loading=\"lazy\" class=\"aligncenter wp-image-6979 size-full\" src=\"http:\/\/arpenterlechemin.com\/wp-content\/uploads\/2019\/01\/1-Moscou-voyage-train-europe-riviera-express.jpg\" alt=\"1 Moscou voyage train europe riviera express\" width=\"2767\" height=\"1556\" srcset=\"https:\/\/arpenterlechemin.com\/wp-content\/uploads\/2019\/01\/1-Moscou-voyage-train-europe-riviera-express.jpg 2767w, https:\/\/arpenterlechemin.com\/wp-content\/uploads\/2019\/01\/1-Moscou-voyage-train-europe-riviera-express-500x280.jpg 500w, https:\/\/arpenterlechemin.com\/wp-content\/uploads\/2019\/01\/1-Moscou-voyage-train-europe-riviera-express-690x388.jpg 690w, https:\/\/arpenterlechemin.com\/wp-content\/uploads\/2019\/01\/1-Moscou-voyage-train-europe-riviera-express-768x432.jpg 768w, https:\/\/arpenterlechemin.com\/wp-content\/uploads\/2019\/01\/1-Moscou-voyage-train-europe-riviera-express-1040x585.jpg 1040w\" sizes=\"(max-width: 2767px) 100vw, 2767px\" \/><\/h4>\n<h3><span style=\"color: #333399;\">Saint-P\u00e9tersbourg (Russie)<\/span><\/h3>\n<p>Apr\u00e8s Moscou, Saint-P\u00e9tersbourg semble tr\u00e8s facile d&rsquo;acc\u00e8s : la ville est beaucoup plus touristique et je surprends m\u00eame quelques Russes \u00e0 me parler anglais. La ville s&rsquo;articule le long de la <strong>perspective Nevsky<\/strong>, riche en boutiques. D&rsquo;un c\u00f4t\u00e9 la gare, de l&rsquo;autre le mus\u00e9e de l&rsquo;Ermitage. Entre les deux, de superbes fa\u00e7ades, des boutiques. Il faut un froid de chien et je me r\u00e9fugie \u00e0 <strong>l&rsquo;Ermitage<\/strong>. Quelle claque ! Je suis subjugu\u00e9e par la beaut\u00e9 de ce mus\u00e9e d&rsquo;envergure mondiale, autant dans les oeuvres que dans l&rsquo;architecture. Mon autre coup de foudre, c&rsquo;est <strong>l&rsquo;\u00e9glise Saint-Sauveur-sur-le-sang-vers\u00e9<\/strong>. L&rsquo;ext\u00e9rieur suffit \u00e0 mon bonheur. Un canal gel\u00e9 et cette \u00e9glise \u00e0 bulbe aux couleurs si douces&#8230; L&rsquo;ensemble est merveilleux.<\/p>\n<p>Mais mon meilleur souvenir de Saint-P\u00e9tersbourg, c&rsquo;est Maria. Maria m&rsquo;h\u00e9berge en couchsurfing dans une maison centenaire au milieu de la campagne, accessible en train de banlieue, puis bus. Elle m&rsquo;a \u00e9crit le nom de son arr\u00eat de bus sur un papier, je le donne au chauffeur invariablement bourru. La maison est chauff\u00e9e au bois et dans le sas \u00e0 l&rsquo;arri\u00e8re de la maison, <strong>on trouve autant des l\u00e9gumes que des poules de compagnie<\/strong>. Cette exp\u00e9rience figure d&rsquo;ailleurs dans mon top des situations les plus improbables en voyage, <a href=\"https:\/\/arpenterlechemin.com\/index.php\/2017\/01\/26\/ces-moments-improbables-quon-aime-bien-en-voyage-2\/\">que je vous invite \u00e0 lire ici.<\/a> Mon h\u00f4te dirige un ch\u0153ur dans une \u00e9glise orthodoxe, et elle m\u2019invite \u00e0 f\u00eater la Chandeleur avec sa paroisse. Le cur\u00e9 orthodoxe me b\u00e9nit, nous mangeons des blinis (cr\u00eapes) ensemble. Comme depuis une semaine, aucune langue commune ne nous rapproche mais l&rsquo;\u00e9motion est suffisante.<\/p>\n<h4><span style=\"color: #333399;\">O\u00f9 dormir \u00e0 Saint-P\u00e9tersbourg<\/span><\/h4>\n<ul>\n<li>Auberge de jeunesse : j&rsquo;ai pass\u00e9 une nuit dans la mini <a href=\"https:\/\/www.booking.com\/hotel\/ru\/baby-lemonade-hostel.en.html?aid=1571475&amp;no_rooms=1&amp;group_adults=1\" target=\"_blank\" rel=\"noopener noreferrer\">Baby Lemonade, <\/a>bien situ\u00e9e, juste \u00e0 c\u00f4t\u00e9 de la perspective Nevsky. \u00c9vitez d&rsquo;arriver de nuit : le quartier ne craint pas mais l&rsquo;entr\u00e9e est tr\u00e8s mal indiqu\u00e9e !<\/li>\n<\/ul>\n<h4><img decoding=\"async\" loading=\"lazy\" class=\"aligncenter wp-image-6980 size-full\" src=\"http:\/\/arpenterlechemin.com\/wp-content\/uploads\/2019\/01\/2-Saint-petersbourg-visiter-hiver-que-faire.jpg\" alt=\"2 Saint petersbourg visiter hiver que faire\" width=\"3071\" height=\"1727\" srcset=\"https:\/\/arpenterlechemin.com\/wp-content\/uploads\/2019\/01\/2-Saint-petersbourg-visiter-hiver-que-faire.jpg 3071w, https:\/\/arpenterlechemin.com\/wp-content\/uploads\/2019\/01\/2-Saint-petersbourg-visiter-hiver-que-faire-500x280.jpg 500w, https:\/\/arpenterlechemin.com\/wp-content\/uploads\/2019\/01\/2-Saint-petersbourg-visiter-hiver-que-faire-690x388.jpg 690w, https:\/\/arpenterlechemin.com\/wp-content\/uploads\/2019\/01\/2-Saint-petersbourg-visiter-hiver-que-faire-768x432.jpg 768w, https:\/\/arpenterlechemin.com\/wp-content\/uploads\/2019\/01\/2-Saint-petersbourg-visiter-hiver-que-faire-1040x585.jpg 1040w\" sizes=\"(max-width: 3071px) 100vw, 3071px\" \/><\/h4>\n<h4><img decoding=\"async\" loading=\"lazy\" class=\"aligncenter wp-image-7064 size-full\" src=\"http:\/\/arpenterlechemin.com\/wp-content\/uploads\/2019\/02\/2-saint-petersbourg-voyage-solo-au-feminin-russie-ermitage-2.jpg\" alt=\"2 saint petersbourg voyage solo au feminin russie ermitage (2)\" width=\"3072\" height=\"1851\" srcset=\"https:\/\/arpenterlechemin.com\/wp-content\/uploads\/2019\/02\/2-saint-petersbourg-voyage-solo-au-feminin-russie-ermitage-2.jpg 3072w, https:\/\/arpenterlechemin.com\/wp-content\/uploads\/2019\/02\/2-saint-petersbourg-voyage-solo-au-feminin-russie-ermitage-2-664x400.jpg 664w, https:\/\/arpenterlechemin.com\/wp-content\/uploads\/2019\/02\/2-saint-petersbourg-voyage-solo-au-feminin-russie-ermitage-2-768x463.jpg 768w, https:\/\/arpenterlechemin.com\/wp-content\/uploads\/2019\/02\/2-saint-petersbourg-voyage-solo-au-feminin-russie-ermitage-2-971x585.jpg 971w\" sizes=\"(max-width: 3072px) 100vw, 3072px\" \/><\/h4>\n<h4><img decoding=\"async\" loading=\"lazy\" class=\"alignnone wp-image-7403 size-full\" src=\"https:\/\/arpenterlechemin.com\/wp-content\/uploads\/2019\/03\/russie-saint-p\u00e9tersbourg-hiver-musee-ermitage-blog-voyage-europe-train-arpenter-le-chemin.jpg\" alt=\"russie saint-p\u00e9tersbourg hiver musee ermitage blog voyage europe train arpenter le chemin\" width=\"1920\" height=\"1080\" srcset=\"https:\/\/arpenterlechemin.com\/wp-content\/uploads\/2019\/03\/russie-saint-p\u00e9tersbourg-hiver-musee-ermitage-blog-voyage-europe-train-arpenter-le-chemin.jpg 1920w, https:\/\/arpenterlechemin.com\/wp-content\/uploads\/2019\/03\/russie-saint-p\u00e9tersbourg-hiver-musee-ermitage-blog-voyage-europe-train-arpenter-le-chemin-500x280.jpg 500w, https:\/\/arpenterlechemin.com\/wp-content\/uploads\/2019\/03\/russie-saint-p\u00e9tersbourg-hiver-musee-ermitage-blog-voyage-europe-train-arpenter-le-chemin-690x388.jpg 690w, https:\/\/arpenterlechemin.com\/wp-content\/uploads\/2019\/03\/russie-saint-p\u00e9tersbourg-hiver-musee-ermitage-blog-voyage-europe-train-arpenter-le-chemin-768x432.jpg 768w, https:\/\/arpenterlechemin.com\/wp-content\/uploads\/2019\/03\/russie-saint-p\u00e9tersbourg-hiver-musee-ermitage-blog-voyage-europe-train-arpenter-le-chemin-1040x585.jpg 1040w\" sizes=\"(max-width: 1920px) 100vw, 1920px\" \/><\/h4>\n<h3><span style=\"color: #333399;\">Tallinn (Estonie)<\/span><\/h3>\n<p>Estonie, je respire. <strong>Le passage de la fronti\u00e8re europ\u00e9enne est aussi physique que symbolique.<\/strong> C&rsquo;est une fronti\u00e8re culturelle qu&rsquo;on traverse. Je ne m&rsquo;attendais pas \u00e0 ressentir un soulagement mais je pousse un soupir une fois les barbel\u00e9s franchis, une fois revenue dans le confort et les certitudes de l&rsquo;Union europ\u00e9enne. Je n&rsquo;avais pas r\u00e9alis\u00e9 que voyager en solo en Russie m&rsquo;avait tendue \u00e0 ce point-l\u00e0. Le poids du foss\u00e9 linguistique et culturel me pesait, je n&rsquo;\u00e9tais pas \u00e0 l&rsquo;aise. Sortir de ses habitudes, c&rsquo;est aussi l&rsquo;objectif d&rsquo;un voyage, mais cette semaine en Russie m&rsquo;a suffi pour l&rsquo;instant.<\/p>\n<p>Ce poids envol\u00e9, j&rsquo;ai les pieds qui s&rsquo;envolent et la t\u00eate l\u00e9g\u00e8re, je sillonne Tallinn de long en large. Nous sommes fin f\u00e9vrier, la ville est \u00e0 moi, les touristes n&rsquo;ont pas encore d\u00e9barqu\u00e9. Il fait un froid de canard mais je me r\u00e9gale. Je me balade dans des passages (pas si) secrets comme le <strong>passage Sainte-Catherine<\/strong>, j&rsquo;admire la fa\u00e7ade color\u00e9e de la <strong>cath\u00e9drale Alexandre Nevsky<\/strong>, les enseignes de la <strong>Raekoja Plats<\/strong> qui font remonter le temps. J&rsquo;ai l&rsquo;impression d&rsquo;avoir retrouv\u00e9 mes rep\u00e8res dans cette ville m\u00e9di\u00e9vale grande comme un mouchoir de poche. J&rsquo;ose m\u00eame aller un peu plus, vers le <strong>parc Kadriorg<\/strong>, je tombe sur une friche industrielle r\u00e9nov\u00e9e et m\u00eame un ancien bunker\/op\u00e9ra sovi\u00e9tique.<\/p>\n<h4><span style=\"color: #333399;\">O\u00f9 dormir \u00e0 Tallinn<\/span><\/h4>\n<ul>\n<li><a href=\"https:\/\/www.booking.com\/hotel\/ee\/tallinn-backpackers.en.html?aid=1571475&amp;no_rooms=1&amp;group_adults=1\" target=\"_blank\" rel=\"noopener noreferrer\">Tallinn Backpackers,<\/a> autrefois repaire de f\u00eatards, cette auberge est propre et fonctionnelle. Le sauna est divin apr\u00e8s une journ\u00e9e glaciale \u00e0 arpenter le pav\u00e9. Pour l&rsquo;anecdote, j&rsquo;\u00e9tais la seule et unique cliente \u00e0 la fin f\u00e9vrier !!<\/li>\n<\/ul>\n<h4><img decoding=\"async\" loading=\"lazy\" class=\"aligncenter wp-image-6986 size-full\" src=\"http:\/\/arpenterlechemin.com\/wp-content\/uploads\/2019\/01\/3-tallinn-voyage-estonie-que-faire-circuit-itineraire.jpg\" alt=\"\" width=\"3008\" height=\"1692\" srcset=\"https:\/\/arpenterlechemin.com\/wp-content\/uploads\/2019\/01\/3-tallinn-voyage-estonie-que-faire-circuit-itineraire.jpg 3008w, https:\/\/arpenterlechemin.com\/wp-content\/uploads\/2019\/01\/3-tallinn-voyage-estonie-que-faire-circuit-itineraire-500x280.jpg 500w, https:\/\/arpenterlechemin.com\/wp-content\/uploads\/2019\/01\/3-tallinn-voyage-estonie-que-faire-circuit-itineraire-690x388.jpg 690w, https:\/\/arpenterlechemin.com\/wp-content\/uploads\/2019\/01\/3-tallinn-voyage-estonie-que-faire-circuit-itineraire-768x432.jpg 768w, https:\/\/arpenterlechemin.com\/wp-content\/uploads\/2019\/01\/3-tallinn-voyage-estonie-que-faire-circuit-itineraire-1040x585.jpg 1040w\" sizes=\"(max-width: 3008px) 100vw, 3008px\" \/><\/h4>\n<h4><img decoding=\"async\" loading=\"lazy\" class=\"aligncenter wp-image-6949 size-full\" src=\"http:\/\/arpenterlechemin.com\/wp-content\/uploads\/2019\/01\/3-tallinn-voyage-estonie-solo-au-feminin-hiver-arpenter-le-chemin.jpg\" alt=\"3 tallinn voyage estonie solo au feminin hiver arpenter le chemin\" width=\"3040\" height=\"1710\" srcset=\"https:\/\/arpenterlechemin.com\/wp-content\/uploads\/2019\/01\/3-tallinn-voyage-estonie-solo-au-feminin-hiver-arpenter-le-chemin.jpg 3040w, https:\/\/arpenterlechemin.com\/wp-content\/uploads\/2019\/01\/3-tallinn-voyage-estonie-solo-au-feminin-hiver-arpenter-le-chemin-500x280.jpg 500w, https:\/\/arpenterlechemin.com\/wp-content\/uploads\/2019\/01\/3-tallinn-voyage-estonie-solo-au-feminin-hiver-arpenter-le-chemin-690x388.jpg 690w, https:\/\/arpenterlechemin.com\/wp-content\/uploads\/2019\/01\/3-tallinn-voyage-estonie-solo-au-feminin-hiver-arpenter-le-chemin-768x432.jpg 768w, https:\/\/arpenterlechemin.com\/wp-content\/uploads\/2019\/01\/3-tallinn-voyage-estonie-solo-au-feminin-hiver-arpenter-le-chemin-1040x585.jpg 1040w\" sizes=\"(max-width: 3040px) 100vw, 3040px\" \/><\/h4>\n<p><img decoding=\"async\" loading=\"lazy\" class=\"alignnone wp-image-7402 size-full\" src=\"https:\/\/arpenterlechemin.com\/wp-content\/uploads\/2019\/03\/tallinn-vieille-ville-estonie-pays-baltes-blog-voyage-europe-train-arpenter-le-chemin.jpg\" alt=\"tallinn vieille ville estonie pays baltes blog voyage europe train arpenter le chemin\" width=\"1920\" height=\"1080\" srcset=\"https:\/\/arpenterlechemin.com\/wp-content\/uploads\/2019\/03\/tallinn-vieille-ville-estonie-pays-baltes-blog-voyage-europe-train-arpenter-le-chemin.jpg 1920w, https:\/\/arpenterlechemin.com\/wp-content\/uploads\/2019\/03\/tallinn-vieille-ville-estonie-pays-baltes-blog-voyage-europe-train-arpenter-le-chemin-500x280.jpg 500w, https:\/\/arpenterlechemin.com\/wp-content\/uploads\/2019\/03\/tallinn-vieille-ville-estonie-pays-baltes-blog-voyage-europe-train-arpenter-le-chemin-690x388.jpg 690w, https:\/\/arpenterlechemin.com\/wp-content\/uploads\/2019\/03\/tallinn-vieille-ville-estonie-pays-baltes-blog-voyage-europe-train-arpenter-le-chemin-768x432.jpg 768w, https:\/\/arpenterlechemin.com\/wp-content\/uploads\/2019\/03\/tallinn-vieille-ville-estonie-pays-baltes-blog-voyage-europe-train-arpenter-le-chemin-1040x585.jpg 1040w\" sizes=\"(max-width: 1920px) 100vw, 1920px\" \/><\/p>\n<h3><span style=\"color: #333399;\">Riga (Lettonie)<\/span><\/h3>\n<p>La seule d\u00e9ception du s\u00e9jour. C&rsquo;est rude de dire \u00e7a, qu&rsquo;une ville est d\u00e9cevante. Disons plut\u00f4t que c&rsquo;est la fa\u00e7on dont je l&rsquo;ai visit\u00e9e qui \u00e9tait d\u00e9cevante. Je b\u00e2cle un peu ma visite sous un temps maussade. Mes souvenirs sont ceux d&rsquo;une ville sombre et humide. Je suis h\u00e9berg\u00e9e en couchsurfing par une lyc\u00e9enne un peu blas\u00e9e qui n\u2019appr\u00e9cie pas forc\u00e9ment assez sa ville pour me la faire visiter avec amour, malheureusement.<\/p>\n<p>Pourtant, la ville a \u00e9norm\u00e9ment \u00e0 offrir : de belles <strong>fa\u00e7ades Art D\u00e9co<\/strong> omnipr\u00e9sentes, une vieille ville m\u00e9di\u00e9vale \u00e9videmment, des remparts, des statues \u00e9tranges. La <strong>place de l&rsquo;h\u00f4tel de ville<\/strong> est sublime, la <strong>place de la cath\u00e9drale<\/strong> aussi. Je gravite autour du <strong>march\u00e9 central<\/strong>, un lieu intrigant : d&rsquo;anciens hangars \u00e0 dirigeables reconvertis en halles. Derri\u00e8re, un march\u00e9 qui tient du fouillis sans nom. Mon h\u00f4te m&rsquo;explique qu&rsquo;il est surtout fr\u00e9quent\u00e9 de la minorit\u00e9 russophone, et j&rsquo;ai l&rsquo;impression de faire tache dans ce vestige de l&rsquo;\u00e8re communiste dont je ne ma\u00eetrise ni la langue, ni les codes. Au m\u00eame moment, Poutine envahit l&rsquo;Ukraine et la tension est palpable, autant ici qu&rsquo;en Estonie quelques jours plus t\u00f4t.<\/p>\n<h4><img decoding=\"async\" loading=\"lazy\" class=\"aligncenter wp-image-6951 size-full\" src=\"http:\/\/arpenterlechemin.com\/wp-content\/uploads\/2019\/01\/4-riga-lettonie-que-faire-itineraire-solo-train.jpg\" alt=\"4 riga lettonie que faire itineraire solo train\" width=\"3069\" height=\"1727\" srcset=\"https:\/\/arpenterlechemin.com\/wp-content\/uploads\/2019\/01\/4-riga-lettonie-que-faire-itineraire-solo-train.jpg 3069w, https:\/\/arpenterlechemin.com\/wp-content\/uploads\/2019\/01\/4-riga-lettonie-que-faire-itineraire-solo-train-500x280.jpg 500w, https:\/\/arpenterlechemin.com\/wp-content\/uploads\/2019\/01\/4-riga-lettonie-que-faire-itineraire-solo-train-690x388.jpg 690w, https:\/\/arpenterlechemin.com\/wp-content\/uploads\/2019\/01\/4-riga-lettonie-que-faire-itineraire-solo-train-768x432.jpg 768w, https:\/\/arpenterlechemin.com\/wp-content\/uploads\/2019\/01\/4-riga-lettonie-que-faire-itineraire-solo-train-1040x585.jpg 1040w\" sizes=\"(max-width: 3069px) 100vw, 3069px\" \/><\/h4>\n<h4><img decoding=\"async\" loading=\"lazy\" class=\"aligncenter wp-image-6953 size-full\" src=\"http:\/\/arpenterlechemin.com\/wp-content\/uploads\/2019\/01\/4-riga-vieille-ville-que-voir-bonnes-adresses-lettonie.jpg\" alt=\"4 riga vieille ville que voir bonnes adresses lettonie\" width=\"3072\" height=\"2304\" srcset=\"https:\/\/arpenterlechemin.com\/wp-content\/uploads\/2019\/01\/4-riga-vieille-ville-que-voir-bonnes-adresses-lettonie.jpg 3072w, https:\/\/arpenterlechemin.com\/wp-content\/uploads\/2019\/01\/4-riga-vieille-ville-que-voir-bonnes-adresses-lettonie-533x400.jpg 533w, https:\/\/arpenterlechemin.com\/wp-content\/uploads\/2019\/01\/4-riga-vieille-ville-que-voir-bonnes-adresses-lettonie-768x576.jpg 768w, https:\/\/arpenterlechemin.com\/wp-content\/uploads\/2019\/01\/4-riga-vieille-ville-que-voir-bonnes-adresses-lettonie-780x585.jpg 780w\" sizes=\"(max-width: 3072px) 100vw, 3072px\" \/><\/h4>\n<h4><img decoding=\"async\" loading=\"lazy\" class=\"aligncenter wp-image-7401 size-full\" src=\"https:\/\/arpenterlechemin.com\/wp-content\/uploads\/2019\/03\/riga-vieille-ville-lettonie-pays-baltes-blog-voyage-europe-train-arpenter-le-chemin.jpg\" alt=\"riga vieille ville lettonie pays baltes blog voyage europe train arpenter le chemin\" width=\"1920\" height=\"1080\" srcset=\"https:\/\/arpenterlechemin.com\/wp-content\/uploads\/2019\/03\/riga-vieille-ville-lettonie-pays-baltes-blog-voyage-europe-train-arpenter-le-chemin.jpg 1920w, https:\/\/arpenterlechemin.com\/wp-content\/uploads\/2019\/03\/riga-vieille-ville-lettonie-pays-baltes-blog-voyage-europe-train-arpenter-le-chemin-500x280.jpg 500w, https:\/\/arpenterlechemin.com\/wp-content\/uploads\/2019\/03\/riga-vieille-ville-lettonie-pays-baltes-blog-voyage-europe-train-arpenter-le-chemin-690x388.jpg 690w, https:\/\/arpenterlechemin.com\/wp-content\/uploads\/2019\/03\/riga-vieille-ville-lettonie-pays-baltes-blog-voyage-europe-train-arpenter-le-chemin-768x432.jpg 768w, https:\/\/arpenterlechemin.com\/wp-content\/uploads\/2019\/03\/riga-vieille-ville-lettonie-pays-baltes-blog-voyage-europe-train-arpenter-le-chemin-1040x585.jpg 1040w\" sizes=\"(max-width: 1920px) 100vw, 1920px\" \/><\/h4>\n<h3><span style=\"color: #000080;\">Vilnius (Lituanie)<\/span><\/h3>\n<p>La belle surprise ! Je tombe par le plus grand des hasards pendant la Saint-Casimir, une immense foire d\u2019origine m\u00e9di\u00e9vale qui envahit la ville enti\u00e8re pendant trois jours. Apr\u00e8s Riga la Maussade, voici Vilnius la Radieuse (oui j&rsquo;aime bien donner des surnoms aux villes). Deux jours durant, les rues d\u00e9bordent d&rsquo;\u00e9tals, de bouquets de fleurs s\u00e8ches, d&rsquo;accessoires de laine bien \u00e9paisse qui gratte, de stands de charcuterie, de cuisine de rue, de concerts, la ville n&rsquo;est qu&rsquo;une immense mar\u00e9e humaine mais quelle ambiance ! Oubli\u00e9, le voisin russe qui malm\u00e8ne l&rsquo;Ukraine. Tout n&rsquo;est que liesse et festivit\u00e9s.<\/p>\n<p>Je ne m&rsquo;ennuie pas une minute. Comme toutes les capitales des pays de l&rsquo;Est, la <strong>vieille ville<\/strong> est class\u00e9e \u00e0 l&rsquo;UNESCO. La place de la cath\u00e9drale est sublime comme toujours, tout comme l&rsquo;<strong>\u00e9glise Sainte-Anne<\/strong>, monument gothique en brique rouge. Pour prendre de la hauteur, direction la <strong>tour de Gediminas<\/strong> ou le monument des <strong>Trois Croix<\/strong> sur la colline voisine. Impossible de passer \u00e0 Vilnius sans aller dans la <strong>r\u00e9publique d&rsquo;Uzupis<\/strong> (un quartier, en r\u00e9alit\u00e9), r\u00e9publique ind\u00e9pendante et boh\u00e8me fond\u00e9e un 1er avril, en \u00e9cho \u00e0 sa nature qui ne se prend pas au s\u00e9rieux. En venant \u00e0 Vilnius, je n&rsquo;avais rien en t\u00eate, aucune image, aucune id\u00e9e pr\u00e9con\u00e7ue, et je m&rsquo;aper\u00e7ois que c&rsquo;est souvent dans cette situation que l&rsquo;\u00e9merveillement est \u00e0 son comble.<\/p>\n<h4><img decoding=\"async\" loading=\"lazy\" class=\"aligncenter wp-image-6959 size-full\" src=\"http:\/\/arpenterlechemin.com\/wp-content\/uploads\/2019\/01\/5-vilnius-lituanie-voyage-solo-feminin-arpenter-le-chemin.jpg\" alt=\"5 vilnius lituanie voyage solo feminin arpenter le chemin\" width=\"3069\" height=\"1727\" srcset=\"https:\/\/arpenterlechemin.com\/wp-content\/uploads\/2019\/01\/5-vilnius-lituanie-voyage-solo-feminin-arpenter-le-chemin.jpg 3069w, https:\/\/arpenterlechemin.com\/wp-content\/uploads\/2019\/01\/5-vilnius-lituanie-voyage-solo-feminin-arpenter-le-chemin-500x280.jpg 500w, https:\/\/arpenterlechemin.com\/wp-content\/uploads\/2019\/01\/5-vilnius-lituanie-voyage-solo-feminin-arpenter-le-chemin-690x388.jpg 690w, https:\/\/arpenterlechemin.com\/wp-content\/uploads\/2019\/01\/5-vilnius-lituanie-voyage-solo-feminin-arpenter-le-chemin-768x432.jpg 768w, https:\/\/arpenterlechemin.com\/wp-content\/uploads\/2019\/01\/5-vilnius-lituanie-voyage-solo-feminin-arpenter-le-chemin-1040x585.jpg 1040w\" sizes=\"(max-width: 3069px) 100vw, 3069px\" \/><\/h4>\n<p><img decoding=\"async\" loading=\"lazy\" class=\"aligncenter wp-image-7400 size-full\" src=\"https:\/\/arpenterlechemin.com\/wp-content\/uploads\/2019\/03\/vilnius-vieille-ville-lituanie-pays-baltes-blog-voyage-europe-train-arpenter-le-chemin.jpg\" alt=\"vilnius vieille ville lituanie pays baltes blog voyage europe train arpenter le chemin\" width=\"1920\" height=\"1080\" srcset=\"https:\/\/arpenterlechemin.com\/wp-content\/uploads\/2019\/03\/vilnius-vieille-ville-lituanie-pays-baltes-blog-voyage-europe-train-arpenter-le-chemin.jpg 1920w, https:\/\/arpenterlechemin.com\/wp-content\/uploads\/2019\/03\/vilnius-vieille-ville-lituanie-pays-baltes-blog-voyage-europe-train-arpenter-le-chemin-500x280.jpg 500w, https:\/\/arpenterlechemin.com\/wp-content\/uploads\/2019\/03\/vilnius-vieille-ville-lituanie-pays-baltes-blog-voyage-europe-train-arpenter-le-chemin-690x388.jpg 690w, https:\/\/arpenterlechemin.com\/wp-content\/uploads\/2019\/03\/vilnius-vieille-ville-lituanie-pays-baltes-blog-voyage-europe-train-arpenter-le-chemin-768x432.jpg 768w, https:\/\/arpenterlechemin.com\/wp-content\/uploads\/2019\/03\/vilnius-vieille-ville-lituanie-pays-baltes-blog-voyage-europe-train-arpenter-le-chemin-1040x585.jpg 1040w\" sizes=\"(max-width: 1920px) 100vw, 1920px\" \/><\/p>\n<h4><span style=\"color: #333399;\">O\u00f9 dormir \u00e0 Vilnius<\/span><\/h4>\n<ul>\n<li><a href=\"https:\/\/www.booking.com\/hotel\/lt\/fabrika-hostel-amp-gallery.en.html?aid=1571475&amp;no_rooms=1&amp;group_adults=1\" target=\"_blank\" rel=\"noopener noreferrer\">Fabrika<\/a>, \u00e0 deux pas de la rue principale. Une auberge de jeunesse adapt\u00e9e aux voyageurs du XXIe si\u00e8cle : prises et lampes individuelles dans les dortoirs, et m\u00eame des rideaux autour de chaque lit. J&rsquo;ai appr\u00e9ci\u00e9, d&rsquo;autant plus que le prix \u00e9tait d\u00e9risoire (7 \u20ac\/nuit en 2014).<\/li>\n<\/ul>\n<h4><img decoding=\"async\" loading=\"lazy\" class=\"aligncenter wp-image-6964 size-full\" src=\"http:\/\/arpenterlechemin.com\/wp-content\/uploads\/2019\/01\/5-vilnius-visites-que-voir-free-tour-republique-voyage-train-solo.jpg\" alt=\"5 vilnius visites que voir free tour republique voyage train solo\" width=\"3070\" height=\"1727\" srcset=\"https:\/\/arpenterlechemin.com\/wp-content\/uploads\/2019\/01\/5-vilnius-visites-que-voir-free-tour-republique-voyage-train-solo.jpg 3070w, https:\/\/arpenterlechemin.com\/wp-content\/uploads\/2019\/01\/5-vilnius-visites-que-voir-free-tour-republique-voyage-train-solo-500x280.jpg 500w, https:\/\/arpenterlechemin.com\/wp-content\/uploads\/2019\/01\/5-vilnius-visites-que-voir-free-tour-republique-voyage-train-solo-690x388.jpg 690w, https:\/\/arpenterlechemin.com\/wp-content\/uploads\/2019\/01\/5-vilnius-visites-que-voir-free-tour-republique-voyage-train-solo-768x432.jpg 768w, https:\/\/arpenterlechemin.com\/wp-content\/uploads\/2019\/01\/5-vilnius-visites-que-voir-free-tour-republique-voyage-train-solo-1040x585.jpg 1040w\" sizes=\"(max-width: 3070px) 100vw, 3070px\" \/><\/h4>\n<h4><img decoding=\"async\" loading=\"lazy\" class=\"aligncenter wp-image-6965 size-full\" src=\"http:\/\/arpenterlechemin.com\/wp-content\/uploads\/2019\/01\/5-vilnius-voyage-lituanie-que-voir-itineraire.jpg\" alt=\"5 vilnius voyage lituanie que voir itineraire\" width=\"3022\" height=\"1699\" srcset=\"https:\/\/arpenterlechemin.com\/wp-content\/uploads\/2019\/01\/5-vilnius-voyage-lituanie-que-voir-itineraire.jpg 3022w, https:\/\/arpenterlechemin.com\/wp-content\/uploads\/2019\/01\/5-vilnius-voyage-lituanie-que-voir-itineraire-500x280.jpg 500w, https:\/\/arpenterlechemin.com\/wp-content\/uploads\/2019\/01\/5-vilnius-voyage-lituanie-que-voir-itineraire-690x388.jpg 690w, https:\/\/arpenterlechemin.com\/wp-content\/uploads\/2019\/01\/5-vilnius-voyage-lituanie-que-voir-itineraire-768x432.jpg 768w, https:\/\/arpenterlechemin.com\/wp-content\/uploads\/2019\/01\/5-vilnius-voyage-lituanie-que-voir-itineraire-1040x585.jpg 1040w\" sizes=\"(max-width: 3022px) 100vw, 3022px\" \/><\/h4>\n<h3><span style=\"color: #000080;\">Cracovie (Pologne)<\/span><\/h3>\n<p>Apr\u00e8s Vilnius, j&rsquo;ai pr\u00e9vu de rejoindre ma m\u00e8re quelques jours \u00e0 Cracovie, loin, tr\u00e8s loin de l\u00e0. Il me faut dix heures de car pour relier Varsovie, o\u00f9 je ne fais qu&rsquo;une br\u00e8ve \u00e9tape. Mais quels cars : mieux que l\u2019avion ! Prises \u00e9lectriques, wifi, \u00e9crans individuels avec choix de films et musique et m\u00eame de la place pour les jambes\u2026 royal ! J&rsquo;en suis encore \u00e9berlu\u00e9e.<\/p>\n<p>\u00c0 Varsovie, je suis h\u00e9berg\u00e9e par une nuit Olga, qui pousse la gentillesse jusqu\u2019\u00e0 traverser la ville avec moi pour m&rsquo;aider \u00e0 acheter mon billet de train. Je suis toujours \u00e9mue des actes de gentillesse profond\u00e9ment d\u00e9sint\u00e9ress\u00e9e que Couchsurfing met sur ma route, cette ouverture sinc\u00e8re \u00e0 un.e. \u00e9trang\u00e8r.e, m\u00eame l&rsquo;espace d&rsquo;une soir\u00e9e. Le lendemain, cinq heures de train plus tard, me voici \u00e0 Cracovie, o\u00f9 je m\u2019arr\u00eate une semaine enti\u00e8re.<\/p>\n<p>C\u2019est de loin la ville la plus touristique de mon p\u00e9riple. Cette renomm\u00e9e est amplement m\u00e9rit\u00e9e : Cracovie est une ville magnifique, qui rivalise sans rougir avec sa grande cousine Prague et pourrait lui disputer le titre de ville la plus <a href=\"https:\/\/arpenterlechemin.com\/index.php\/2018\/10\/23\/voyage-gothique-mode-demploi\/\">gothique<\/a> d&rsquo;Europe. Le <strong>Rynek<\/strong> (place du march\u00e9) est de toute beaut\u00e9 avec l&rsquo;iconique <strong>Basilique Sainte-Marie<\/strong> d&rsquo;un c\u00f4t\u00e9, la <strong>Halle aux Draps<\/strong> au milieu, la <strong>tour de l&rsquo;h\u00f4tel de ville<\/strong> de l&rsquo;autre, et le passionnant mus\u00e9e Rynek dessous ! Un peu plus loin, les bords de la Vistule, la <strong>colline du Wawel<\/strong> et les myst\u00e8res de son ch\u00e2teau \u00e9ponyme font une superbe promenade. Nous allons \u00e9couter un concert klezmer dans le quartier juif de <strong>Kazimierz<\/strong> et pleurons les morts de la ville pendant la seconde guerre mondiale.<\/p>\n<h4><span style=\"color: #333399;\">O\u00f9 dormir \u00e0 Cracovie<\/span><\/h4>\n<ul>\n<li>Avec ma m\u00e8re, pas question de camper sur un canap\u00e9 : direction la pension\u00a0<a href=\"https:\/\/www.booking.com\/hotel\/pl\/globtroterkrakow.en.html?aid=1571475&amp;no_rooms=1&amp;group_adults=1\" target=\"_blank\" rel=\"noopener noreferrer\">Globtroter<\/a>, un peu vieillotte mais parfaitement situ\u00e9e, \u00e0 deux pas du Rynek.<\/li>\n<\/ul>\n<p><img decoding=\"async\" loading=\"lazy\" class=\"aligncenter wp-image-7414 size-full\" src=\"https:\/\/arpenterlechemin.com\/wp-content\/uploads\/2019\/03\/6-cracovie-blog-voyage-pologne-train-que-voir-arpenter-le-chemin.jpg\" alt=\"6 cracovie blog voyage pologne train que voir arpenter le chemin\" width=\"3069\" height=\"1727\" srcset=\"https:\/\/arpenterlechemin.com\/wp-content\/uploads\/2019\/03\/6-cracovie-blog-voyage-pologne-train-que-voir-arpenter-le-chemin.jpg 3069w, https:\/\/arpenterlechemin.com\/wp-content\/uploads\/2019\/03\/6-cracovie-blog-voyage-pologne-train-que-voir-arpenter-le-chemin-500x280.jpg 500w, https:\/\/arpenterlechemin.com\/wp-content\/uploads\/2019\/03\/6-cracovie-blog-voyage-pologne-train-que-voir-arpenter-le-chemin-690x388.jpg 690w, https:\/\/arpenterlechemin.com\/wp-content\/uploads\/2019\/03\/6-cracovie-blog-voyage-pologne-train-que-voir-arpenter-le-chemin-768x432.jpg 768w, https:\/\/arpenterlechemin.com\/wp-content\/uploads\/2019\/03\/6-cracovie-blog-voyage-pologne-train-que-voir-arpenter-le-chemin-1040x585.jpg 1040w\" sizes=\"(max-width: 3069px) 100vw, 3069px\" \/><\/p>\n<h4><img decoding=\"async\" loading=\"lazy\" class=\"aligncenter wp-image-6969 size-full\" src=\"http:\/\/arpenterlechemin.com\/wp-content\/uploads\/2019\/01\/6-cracovi-musee-rynek-vieille-ville-que-voir-visites-voyage-train-pologne.jpg\" alt=\"6 cracovi musee rynek vieille ville que voir visites voyage train pologne\" width=\"3069\" height=\"1726\" srcset=\"https:\/\/arpenterlechemin.com\/wp-content\/uploads\/2019\/01\/6-cracovi-musee-rynek-vieille-ville-que-voir-visites-voyage-train-pologne.jpg 3069w, https:\/\/arpenterlechemin.com\/wp-content\/uploads\/2019\/01\/6-cracovi-musee-rynek-vieille-ville-que-voir-visites-voyage-train-pologne-500x280.jpg 500w, https:\/\/arpenterlechemin.com\/wp-content\/uploads\/2019\/01\/6-cracovi-musee-rynek-vieille-ville-que-voir-visites-voyage-train-pologne-690x388.jpg 690w, https:\/\/arpenterlechemin.com\/wp-content\/uploads\/2019\/01\/6-cracovi-musee-rynek-vieille-ville-que-voir-visites-voyage-train-pologne-768x432.jpg 768w, https:\/\/arpenterlechemin.com\/wp-content\/uploads\/2019\/01\/6-cracovi-musee-rynek-vieille-ville-que-voir-visites-voyage-train-pologne-1040x585.jpg 1040w\" sizes=\"(max-width: 3069px) 100vw, 3069px\" \/><\/h4>\n<p><img decoding=\"async\" loading=\"lazy\" class=\"alignnone wp-image-7413 size-full\" src=\"https:\/\/arpenterlechemin.com\/wp-content\/uploads\/2019\/03\/cracovie-vieille-ville-pologne-blog-voyage-europe-de-lest-train-arpenter-le-chemin.jpg\" alt=\"cracovie vieille ville pologne blog voyage europe de l'est train arpenter le chemin\" width=\"1920\" height=\"1080\" srcset=\"https:\/\/arpenterlechemin.com\/wp-content\/uploads\/2019\/03\/cracovie-vieille-ville-pologne-blog-voyage-europe-de-lest-train-arpenter-le-chemin.jpg 1920w, https:\/\/arpenterlechemin.com\/wp-content\/uploads\/2019\/03\/cracovie-vieille-ville-pologne-blog-voyage-europe-de-lest-train-arpenter-le-chemin-500x280.jpg 500w, https:\/\/arpenterlechemin.com\/wp-content\/uploads\/2019\/03\/cracovie-vieille-ville-pologne-blog-voyage-europe-de-lest-train-arpenter-le-chemin-690x388.jpg 690w, https:\/\/arpenterlechemin.com\/wp-content\/uploads\/2019\/03\/cracovie-vieille-ville-pologne-blog-voyage-europe-de-lest-train-arpenter-le-chemin-768x432.jpg 768w, https:\/\/arpenterlechemin.com\/wp-content\/uploads\/2019\/03\/cracovie-vieille-ville-pologne-blog-voyage-europe-de-lest-train-arpenter-le-chemin-1040x585.jpg 1040w\" sizes=\"(max-width: 1920px) 100vw, 1920px\" \/><\/p>\n<h4><img decoding=\"async\" loading=\"lazy\" class=\"aligncenter wp-image-6972 size-full\" src=\"http:\/\/arpenterlechemin.com\/wp-content\/uploads\/2019\/01\/6-cracovie-pologne-ou-dormir-pension-auberge-bonnes-adresses-voyage-solo.jpg\" alt=\"6 cracovie pologne ou dormir pension auberge bonnes adresses voyage solo\" width=\"3069\" height=\"1727\" srcset=\"https:\/\/arpenterlechemin.com\/wp-content\/uploads\/2019\/01\/6-cracovie-pologne-ou-dormir-pension-auberge-bonnes-adresses-voyage-solo.jpg 3069w, https:\/\/arpenterlechemin.com\/wp-content\/uploads\/2019\/01\/6-cracovie-pologne-ou-dormir-pension-auberge-bonnes-adresses-voyage-solo-500x280.jpg 500w, https:\/\/arpenterlechemin.com\/wp-content\/uploads\/2019\/01\/6-cracovie-pologne-ou-dormir-pension-auberge-bonnes-adresses-voyage-solo-690x388.jpg 690w, https:\/\/arpenterlechemin.com\/wp-content\/uploads\/2019\/01\/6-cracovie-pologne-ou-dormir-pension-auberge-bonnes-adresses-voyage-solo-768x432.jpg 768w, https:\/\/arpenterlechemin.com\/wp-content\/uploads\/2019\/01\/6-cracovie-pologne-ou-dormir-pension-auberge-bonnes-adresses-voyage-solo-1040x585.jpg 1040w\" sizes=\"(max-width: 3069px) 100vw, 3069px\" \/><\/h4>\n<p>Ma m\u00e8re repartie, je reste quelques jours de plus, chez Kasia et Marcin, un couple incroyablement sympa, d\u00e9jant\u00e9, enthousiaste. Je d\u00e9couvre l&rsquo;existence du <em>grzaniec<\/em> (bi\u00e8re chaude) et j&rsquo;ai la confirmation que certains Polonais tiennent tr\u00e8s bien l&rsquo;alcool. Mais si je suis rest\u00e9e, ce n&rsquo;est pas pour la tourn\u00e9e de bars de Cracovie. Je tiens \u00e0 faire une visite, malheureusement galvaud\u00e9e par les tours-op\u00e9rateurs, \u00e0 une heure de Cracovie, qui rev\u00eat pour moi des allures de devoir de m\u00e9moire, une plong\u00e9e dans l\u2019Histoire \u00e0 laquelle rien ne pr\u00e9pare. <strong>O\u015bwi\u0119cim. Auschwitz.<\/strong> Impossible de faire cette travers\u00e9e du continent sans passer par ici, tant l&rsquo;Europe actuelle est le r\u00e9sultat de la deuxi\u00e8me guerre mondiale. Je ressors h\u00e9b\u00e9t\u00e9e mais c&rsquo;\u00e9tait une visite indispensable, qui met en perspective tout mon voyage, je crois.<\/p>\n<h4><\/h4>\n<h4><img decoding=\"async\" loading=\"lazy\" class=\"aligncenter wp-image-6967 size-full\" src=\"http:\/\/arpenterlechemin.com\/wp-content\/uploads\/2019\/01\/6-auschwitz-camp-concentration-visite-pologne-voyage-europe-train-solo.jpg\" alt=\"6 auschwitz camp concentration visite pologne voyage europe train solo\" width=\"2769\" height=\"1557\" srcset=\"https:\/\/arpenterlechemin.com\/wp-content\/uploads\/2019\/01\/6-auschwitz-camp-concentration-visite-pologne-voyage-europe-train-solo.jpg 2769w, https:\/\/arpenterlechemin.com\/wp-content\/uploads\/2019\/01\/6-auschwitz-camp-concentration-visite-pologne-voyage-europe-train-solo-500x280.jpg 500w, https:\/\/arpenterlechemin.com\/wp-content\/uploads\/2019\/01\/6-auschwitz-camp-concentration-visite-pologne-voyage-europe-train-solo-690x388.jpg 690w, https:\/\/arpenterlechemin.com\/wp-content\/uploads\/2019\/01\/6-auschwitz-camp-concentration-visite-pologne-voyage-europe-train-solo-768x432.jpg 768w, https:\/\/arpenterlechemin.com\/wp-content\/uploads\/2019\/01\/6-auschwitz-camp-concentration-visite-pologne-voyage-europe-train-solo-1040x585.jpg 1040w\" sizes=\"(max-width: 2769px) 100vw, 2769px\" \/><\/h4>\n<h4><img decoding=\"async\" loading=\"lazy\" class=\"aligncenter wp-image-6968 size-full\" src=\"http:\/\/arpenterlechemin.com\/wp-content\/uploads\/2019\/01\/6-auschwiz-pologne-visite-voyage-infos-pratiques.jpg\" alt=\"6 auschwiz pologne visite voyage infos pratiques\" width=\"3069\" height=\"1726\" srcset=\"https:\/\/arpenterlechemin.com\/wp-content\/uploads\/2019\/01\/6-auschwiz-pologne-visite-voyage-infos-pratiques.jpg 3069w, https:\/\/arpenterlechemin.com\/wp-content\/uploads\/2019\/01\/6-auschwiz-pologne-visite-voyage-infos-pratiques-500x280.jpg 500w, https:\/\/arpenterlechemin.com\/wp-content\/uploads\/2019\/01\/6-auschwiz-pologne-visite-voyage-infos-pratiques-690x388.jpg 690w, https:\/\/arpenterlechemin.com\/wp-content\/uploads\/2019\/01\/6-auschwiz-pologne-visite-voyage-infos-pratiques-768x432.jpg 768w, https:\/\/arpenterlechemin.com\/wp-content\/uploads\/2019\/01\/6-auschwiz-pologne-visite-voyage-infos-pratiques-1040x585.jpg 1040w\" sizes=\"(max-width: 3069px) 100vw, 3069px\" \/><\/h4>\n<h3><span style=\"color: #000080;\">Wroclaw (Pologne)<\/span><\/h3>\n<p>Tout comme Vilnius, une \u00e9tape surprise qui me laisse sous le charme. Les itin\u00e9raires se d\u00e9cident parfois \u00e0 la longueur des \u00e9tapes et je n&rsquo;ai pas envie d&rsquo;avaler \u00e0 nouveau 800 bornes en quelques heures. Wroclaw (\u00e0 prononcer \u00ab\u00a0Brrrostlav\u00a0\u00bb) est environ \u00e0 mi-chemin entre Cracovie et Berlin, ma prochaine \u00e9tape : une petite recherche en ligne confirme le potentiel mignon de la ville, et il n&rsquo;en faut pas plus pour que j&rsquo;y pose mes valises trois jours durant.<\/p>\n<p>Apr\u00e8s Auschwitz, je retrouve un peu de l\u00e9g\u00e8ret\u00e9. La ville est le terrain de jeu de <strong>nains<\/strong>, qui surgissent \u00e0 l\u2019improviste dans le centre-ville, install\u00e9es par on ne sait qui\u2026 On en compterait plus de 200 ! Les fa\u00e7ades \u00e9trangement famande de la <strong>grand&rsquo;place<\/strong> color\u00e9e sont sublim\u00e9es par l&rsquo;immense h\u00f4tel de ville gothique. Je m&rsquo;\u00e9merveille des canaux et de la verdure et je fl\u00e2ne, tout simplement&#8230; Cela fait un mois que je suis partie. Je commence \u00e0 fatiguer, j&rsquo;ai besoin de me reposer. Je passe trois jours tranquilles, \u00e0 lire entre quelques petites balades. Apr\u00e8s tout, qui a dit qu&rsquo;on devait toujours courir, m\u00eame dans un voyage au long cours .<\/p>\n<h4><span style=\"color: #333399;\">O\u00f9 dormir \u00e0 Wroclaw<\/span><\/h4>\n<ul>\n<li><a href=\"https:\/\/www.booking.com\/hotel\/pl\/grampa-s-hostel-wroclaw.en.html?aid=1571475&amp;no_rooms=1&amp;group_adults=1\" target=\"_blank\" rel=\"noopener noreferrer\">Grampa\u2019s Hostel<\/a>. Une auberge l\u00e9g\u00e8rement \u00e0 l&rsquo;\u00e9cart du centre, mais tout reste faisable \u00e0 pied, rassurez-vous.<\/li>\n<\/ul>\n<p><img decoding=\"async\" loading=\"lazy\" class=\"aligncenter wp-image-7416 size-full\" src=\"https:\/\/arpenterlechemin.com\/wp-content\/uploads\/2019\/03\/7-wroclaw-que-voir-visiter-pologne-europe-de-lest.jpg\" alt=\"7 wroclaw que voir visiter pologne europe de l'est\" width=\"3040\" height=\"1710\" srcset=\"https:\/\/arpenterlechemin.com\/wp-content\/uploads\/2019\/03\/7-wroclaw-que-voir-visiter-pologne-europe-de-lest.jpg 3040w, https:\/\/arpenterlechemin.com\/wp-content\/uploads\/2019\/03\/7-wroclaw-que-voir-visiter-pologne-europe-de-lest-500x280.jpg 500w, https:\/\/arpenterlechemin.com\/wp-content\/uploads\/2019\/03\/7-wroclaw-que-voir-visiter-pologne-europe-de-lest-690x388.jpg 690w, https:\/\/arpenterlechemin.com\/wp-content\/uploads\/2019\/03\/7-wroclaw-que-voir-visiter-pologne-europe-de-lest-768x432.jpg 768w, https:\/\/arpenterlechemin.com\/wp-content\/uploads\/2019\/03\/7-wroclaw-que-voir-visiter-pologne-europe-de-lest-1040x585.jpg 1040w\" sizes=\"(max-width: 3040px) 100vw, 3040px\" \/><\/p>\n<p><img decoding=\"async\" loading=\"lazy\" class=\"aligncenter wp-image-7412 size-full\" src=\"https:\/\/arpenterlechemin.com\/wp-content\/uploads\/2019\/03\/wroclaw-vieille-ville-pologne-blog-voyage-europe-de-lest-train-arpenter-le-chemin.jpg\" alt=\"wroclaw vieille ville pologne blog voyage europe de l'est train arpenter le chemin\" width=\"1920\" height=\"1080\" srcset=\"https:\/\/arpenterlechemin.com\/wp-content\/uploads\/2019\/03\/wroclaw-vieille-ville-pologne-blog-voyage-europe-de-lest-train-arpenter-le-chemin.jpg 1920w, https:\/\/arpenterlechemin.com\/wp-content\/uploads\/2019\/03\/wroclaw-vieille-ville-pologne-blog-voyage-europe-de-lest-train-arpenter-le-chemin-500x280.jpg 500w, https:\/\/arpenterlechemin.com\/wp-content\/uploads\/2019\/03\/wroclaw-vieille-ville-pologne-blog-voyage-europe-de-lest-train-arpenter-le-chemin-690x388.jpg 690w, https:\/\/arpenterlechemin.com\/wp-content\/uploads\/2019\/03\/wroclaw-vieille-ville-pologne-blog-voyage-europe-de-lest-train-arpenter-le-chemin-768x432.jpg 768w, https:\/\/arpenterlechemin.com\/wp-content\/uploads\/2019\/03\/wroclaw-vieille-ville-pologne-blog-voyage-europe-de-lest-train-arpenter-le-chemin-1040x585.jpg 1040w\" sizes=\"(max-width: 1920px) 100vw, 1920px\" \/><\/p>\n<h3><span style=\"color: #000080;\">Berlin (Allemagne)<\/span><\/h3>\n<p>Mon entr\u00e9e en Allemagne marque une sorte de cap dans mon voyage : finie l&rsquo;Europe de l&rsquo;Est et l&rsquo;Europe centrale, bienvenue en Europe occidentale, avec les prix qui vont avec et \u00e9trangement, beaucoup plus de gal\u00e8res li\u00e9es aux transports. Trains complets, covoitureurs qui me plantent ou me font poireauter&#8230; Je multiplie les tracas.<\/p>\n<p>Berlin est plac\u00e9e sous le signe des retrouvailles : retrouvailles avec cette ville que j&rsquo;aime de tout mon coeur, si singuli\u00e8re, si ancr\u00e9e dans l&rsquo;Histoire, et retrouvailles avec Etienne, que je n&rsquo;ai pas vu depuis un mois. C&rsquo;est le prix \u00e0 payer pour voyager en solo quand on est en couple. Je lui fais d\u00e9couvrir la ville : le <strong>Bundestag<\/strong>, la <strong>porte de Brandebourg<\/strong>, l\u2019avenue <strong>Unter den Linden<\/strong>, l\u2019Histoire li\u00e9e au mur, nous partons sur les traces de films tourn\u00e9s \u00e0 Berlin. Sans oublier le quartier ultra-agr\u00e9able de <strong>Prenzlauer Berg<\/strong>, avec ses caf\u00e9s, ses restos v\u00e9ganes et ses habitants qui sirotent de la bi\u00e8re d\u00e8s 9 h du matin. Je comprends l&rsquo;engouement que susciter Berlin chez les candidats \u00e0 l&rsquo;immigration, et je me dis que la vie pourrait y \u00eatre douce.<\/p>\n<p><img decoding=\"async\" loading=\"lazy\" class=\"alignnone wp-image-7417 size-full\" src=\"https:\/\/arpenterlechemin.com\/wp-content\/uploads\/2019\/03\/8-berlin-que-voir-week-end-allemagne.jpg\" alt=\"8 berlin que voir week-end allemagne\" width=\"3070\" height=\"1727\" srcset=\"https:\/\/arpenterlechemin.com\/wp-content\/uploads\/2019\/03\/8-berlin-que-voir-week-end-allemagne.jpg 3070w, https:\/\/arpenterlechemin.com\/wp-content\/uploads\/2019\/03\/8-berlin-que-voir-week-end-allemagne-500x280.jpg 500w, https:\/\/arpenterlechemin.com\/wp-content\/uploads\/2019\/03\/8-berlin-que-voir-week-end-allemagne-690x388.jpg 690w, https:\/\/arpenterlechemin.com\/wp-content\/uploads\/2019\/03\/8-berlin-que-voir-week-end-allemagne-768x432.jpg 768w, https:\/\/arpenterlechemin.com\/wp-content\/uploads\/2019\/03\/8-berlin-que-voir-week-end-allemagne-1040x585.jpg 1040w\" sizes=\"(max-width: 3070px) 100vw, 3070px\" \/><\/p>\n<h4><span style=\"color: #333399;\">O\u00f9 dormir \u00e0 Berlin<\/span><\/h4>\n<ul>\n<li><a href=\"https:\/\/www.booking.com\/hotel\/de\/eastseven-berlin-hostel-berlin1.en.html?aid=1571475&amp;no_rooms=1&amp;group_adults=1\" target=\"_blank\" rel=\"noopener noreferrer\">EastSeven<\/a>, \u00e0 proximit\u00e9 d\u2019Alexanderplatz. C&rsquo;est la deuxi\u00e8me fois que je s\u00e9journe dans cette auberge de jeunesse : les lieux sont propres, accueillants, bon march\u00e9 et si on aime marcher, on peut faire beaucoup de choses \u00e0 pied.<\/li>\n<\/ul>\n<p><img decoding=\"async\" loading=\"lazy\" class=\"aligncenter wp-image-7411 size-full\" src=\"https:\/\/arpenterlechemin.com\/wp-content\/uploads\/2019\/03\/berlin-que-voir-allemagne-blog-voyage-europe-centrale-train-arpenter-le-chemin.jpg\" alt=\"berlin que voir allemagne blog voyage europe centrale train arpenter le chemin\" width=\"1920\" height=\"1080\" srcset=\"https:\/\/arpenterlechemin.com\/wp-content\/uploads\/2019\/03\/berlin-que-voir-allemagne-blog-voyage-europe-centrale-train-arpenter-le-chemin.jpg 1920w, https:\/\/arpenterlechemin.com\/wp-content\/uploads\/2019\/03\/berlin-que-voir-allemagne-blog-voyage-europe-centrale-train-arpenter-le-chemin-500x280.jpg 500w, https:\/\/arpenterlechemin.com\/wp-content\/uploads\/2019\/03\/berlin-que-voir-allemagne-blog-voyage-europe-centrale-train-arpenter-le-chemin-690x388.jpg 690w, https:\/\/arpenterlechemin.com\/wp-content\/uploads\/2019\/03\/berlin-que-voir-allemagne-blog-voyage-europe-centrale-train-arpenter-le-chemin-768x432.jpg 768w, https:\/\/arpenterlechemin.com\/wp-content\/uploads\/2019\/03\/berlin-que-voir-allemagne-blog-voyage-europe-centrale-train-arpenter-le-chemin-1040x585.jpg 1040w\" sizes=\"(max-width: 1920px) 100vw, 1920px\" \/><\/p>\n<h3><span style=\"color: #000080;\">Hambourg (Allemagne)<\/span><\/h3>\n<p>Saviez-vous que BlaBlaCar est aussi utilis\u00e9 en Allemagne et ailleurs en Europe ? De Berlin, je rallie Hambourg \u00e0 bord de la petite voiture d&rsquo;une journaliste allemande. J&rsquo;ai oubli\u00e9 son nom, mais ces trois heures de route sont une belle rencontre, elle me parle de son m\u00e9tier, de l&rsquo;Allemagne, du Danemark qui est ma prochaine \u00e9tape. Je la quitte \u00e9mue de la bri\u00e8vet\u00e9 et de l&rsquo;intensit\u00e9 de cette rencontre, qui me redonne un peu la p\u00eache apr\u00e8s un coup de mou en laissant Etienne \u00e0 l&rsquo;a\u00e9roport.<\/p>\n<p>Arriv\u00e9e \u00e0 Hambourg, je d\u00e9couvre une ville diff\u00e9rente de tout ce que j\u2019avais vu jusqu&rsquo;alors dans ce p\u00e9riple. Les \u00e9glises \u00e0 bulbe, les vieilles villes d\u2019Europe de l\u2019Est\u2026 J&rsquo;en garde un souvenir merveilleux, mais Hambourg me montre que la magie peut prendre diff\u00e9rentes formes. De gigantesques canaux sculptent l&rsquo;Elbe dans la <strong>Speicherstadt<\/strong>, la \u00ab\u00a0ville des canaux\u00a0\u00bb class\u00e9e \u00e0 l&rsquo;UNESCO, et on s&rsquo;imagine sans peine \u00e0 l&rsquo;\u00e8re industrielle. Je fais une petite croisi\u00e8re sur l&rsquo;Elbe gr\u00e2ce au ferry qui le traverse et m&rsquo;offre un paysage peu courant, celui d&rsquo;un port industriel parmi les plus grands d&rsquo;Europe. Du c\u00f4t\u00e9 de l&rsquo;<strong>h\u00f4tel de ville<\/strong>, je savoure les arcades de la ville cit\u00e9 de la ligue hans\u00e9atique, et je grimpe dans un <strong>pater noster<\/strong>, ascenseur continu (sans portes ni arr\u00eat, il faut \u00ab\u00a0sauter\u00a0\u00bb en marche) qui se font rares dans le monde, mais resteraient encore appr\u00e9ci\u00e9s en Allemagne. Je loge une nuit chez Steffen, qui me fait d\u00e9couvrir un restaurant traditionnel dont j&rsquo;ai compl\u00e8tement oubli\u00e9 le menu mais qui ne ressemblait en rien \u00e0 ce que je connaissais.<\/p>\n<p><img decoding=\"async\" loading=\"lazy\" class=\"aligncenter wp-image-7419 size-full\" src=\"https:\/\/arpenterlechemin.com\/wp-content\/uploads\/2019\/03\/9-hambourg-visiter-que-voir-allemagne-city-break.jpg\" alt=\"9 hambourg visiter que voir allemagne city break\" width=\"3072\" height=\"2304\" srcset=\"https:\/\/arpenterlechemin.com\/wp-content\/uploads\/2019\/03\/9-hambourg-visiter-que-voir-allemagne-city-break.jpg 3072w, https:\/\/arpenterlechemin.com\/wp-content\/uploads\/2019\/03\/9-hambourg-visiter-que-voir-allemagne-city-break-533x400.jpg 533w, https:\/\/arpenterlechemin.com\/wp-content\/uploads\/2019\/03\/9-hambourg-visiter-que-voir-allemagne-city-break-768x576.jpg 768w, https:\/\/arpenterlechemin.com\/wp-content\/uploads\/2019\/03\/9-hambourg-visiter-que-voir-allemagne-city-break-780x585.jpg 780w\" sizes=\"(max-width: 3072px) 100vw, 3072px\" \/><\/p>\n<p><img decoding=\"async\" loading=\"lazy\" class=\"aligncenter wp-image-7418 size-full\" src=\"https:\/\/arpenterlechemin.com\/wp-content\/uploads\/2019\/03\/9-hambourg-que-faire-canaux-allemagne-voyage-europe.jpg\" alt=\"9 hambourg que faire canaux allemagne voyage europe\" width=\"3070\" height=\"1726\" srcset=\"https:\/\/arpenterlechemin.com\/wp-content\/uploads\/2019\/03\/9-hambourg-que-faire-canaux-allemagne-voyage-europe.jpg 3070w, https:\/\/arpenterlechemin.com\/wp-content\/uploads\/2019\/03\/9-hambourg-que-faire-canaux-allemagne-voyage-europe-500x280.jpg 500w, https:\/\/arpenterlechemin.com\/wp-content\/uploads\/2019\/03\/9-hambourg-que-faire-canaux-allemagne-voyage-europe-690x388.jpg 690w, https:\/\/arpenterlechemin.com\/wp-content\/uploads\/2019\/03\/9-hambourg-que-faire-canaux-allemagne-voyage-europe-768x432.jpg 768w, https:\/\/arpenterlechemin.com\/wp-content\/uploads\/2019\/03\/9-hambourg-que-faire-canaux-allemagne-voyage-europe-1040x585.jpg 1040w\" sizes=\"(max-width: 3070px) 100vw, 3070px\" \/><\/p>\n<h4><span style=\"color: #333399;\">O\u00f9 dormir \u00e0 Hambourg<\/span><\/h4>\n<ul>\n<li><a href=\"https:\/\/www.booking.com\/hotel\/de\/meininger-city-hostel-hamburg.en.html?aid=1571475&amp;no_rooms=1&amp;group_adults=1\" target=\"_blank\" rel=\"noopener noreferrer\">Meininger<\/a>, \u00e0 Altona, \u00e0 environ 1 heure \u00e0 pied du centre. La balade est tr\u00e8s jolie ! Sinon, environ 15-20 minutes de m\u00e9tro.<\/li>\n<\/ul>\n<p><img decoding=\"async\" loading=\"lazy\" class=\"aligncenter wp-image-7410 size-full\" src=\"https:\/\/arpenterlechemin.com\/wp-content\/uploads\/2019\/03\/hambourg-que-voir-allemagne-blog-voyage-europe-centrale-train-arpenter-le-chemin.jpg\" alt=\"hambourg que voir allemagne blog voyage europe centrale train arpenter le chemin\" width=\"1920\" height=\"1080\" srcset=\"https:\/\/arpenterlechemin.com\/wp-content\/uploads\/2019\/03\/hambourg-que-voir-allemagne-blog-voyage-europe-centrale-train-arpenter-le-chemin.jpg 1920w, https:\/\/arpenterlechemin.com\/wp-content\/uploads\/2019\/03\/hambourg-que-voir-allemagne-blog-voyage-europe-centrale-train-arpenter-le-chemin-500x280.jpg 500w, https:\/\/arpenterlechemin.com\/wp-content\/uploads\/2019\/03\/hambourg-que-voir-allemagne-blog-voyage-europe-centrale-train-arpenter-le-chemin-690x388.jpg 690w, https:\/\/arpenterlechemin.com\/wp-content\/uploads\/2019\/03\/hambourg-que-voir-allemagne-blog-voyage-europe-centrale-train-arpenter-le-chemin-768x432.jpg 768w, https:\/\/arpenterlechemin.com\/wp-content\/uploads\/2019\/03\/hambourg-que-voir-allemagne-blog-voyage-europe-centrale-train-arpenter-le-chemin-1040x585.jpg 1040w\" sizes=\"(max-width: 1920px) 100vw, 1920px\" \/><\/p>\n<h3><span style=\"color: #000080;\">Copenhague (Danemark)<\/span><\/h3>\n<p>Copenhague, la ville ne voulait pas de moi. Je ne trouve pas d\u2019h\u00f4te sur Couchsurfing, je suis oblig\u00e9e d\u2019aller loger dans une auberge hors de prix qui est un cauchemar d\u2019introvertie amatrice de silence, je finis par trouver un h\u00f4te relativement sympathique mais d\u2019une ponctualit\u00e9 d\u00e9plorable qui me fait perdre \u00e9norm\u00e9ment de temps, la ville est ch\u00e8re\u2026 Copenhague, c&rsquo;est peut-\u00eatre la deuxi\u00e8me d\u00e9ception du voyage, parce que je voulais tant adorer cette ville qui semblait id\u00e9ale. On dit souvent des villes qu&rsquo;il fait bon les visiter mais pas y vivre, \u00e0 l&rsquo;instar de Paris, mais peut-\u00eatre est-ce l&rsquo;inverse pour Copenhague.<\/p>\n<p>J&rsquo;appr\u00e9cie n\u00e9anmoins mon arriv\u00e9e en Scandinavie, o\u00f9 la vie est plus douce avec les femmes, plus d\u00e9tendue, plus tol\u00e9rante. Je ne me suis sentie en ins\u00e9curit\u00e9 presque nulle part pendant ce voyage, mais le Danemark me met particuli\u00e8rement \u00e0 l&rsquo;aise. Les fa\u00e7ade de <strong>Nyhavn<\/strong> sont sublimes, mais ce serait dommage de s&rsquo;y cantonner : je vais tra\u00eener dans le quartier de <strong>Christiania<\/strong> et sa contre-culture \u00e0 base de boh\u00e8me et de cannabis, et je d\u00e9couvre un pan fascinant de la culture danoise.<\/p>\n<h4><span style=\"color: #333399;\">O\u00f9 dormir \u00e0 Copenhague<\/span><\/h4>\n<ul>\n<li>\u00a0<a href=\"https:\/\/www.booking.com\/hotel\/dk\/copenhagen-downtown-hostel.en.html?aid=1571475&amp;no_rooms=1&amp;group_adults=1\" target=\"_blank\" rel=\"noopener noreferrer\">Downtown<\/a> : les lieux sont propres mais c&rsquo;est une auberge de f\u00eatards. Si c&rsquo;est votre rayon, foncez sans h\u00e9siter, en plus l&#8217;emplacement est tr\u00e8s central.<\/li>\n<\/ul>\n<p><img decoding=\"async\" loading=\"lazy\" class=\"wp-image-7421 size-full aligncenter\" src=\"https:\/\/arpenterlechemin.com\/wp-content\/uploads\/2019\/03\/10-copenhague-nyhavn-danemark-pays-nordiques-escapade-que-voir.jpg\" alt=\"10 copenhague nyhavn danemark pays nordiques escapade que voir\" width=\"3040\" height=\"1709\" srcset=\"https:\/\/arpenterlechemin.com\/wp-content\/uploads\/2019\/03\/10-copenhague-nyhavn-danemark-pays-nordiques-escapade-que-voir.jpg 3040w, https:\/\/arpenterlechemin.com\/wp-content\/uploads\/2019\/03\/10-copenhague-nyhavn-danemark-pays-nordiques-escapade-que-voir-500x280.jpg 500w, https:\/\/arpenterlechemin.com\/wp-content\/uploads\/2019\/03\/10-copenhague-nyhavn-danemark-pays-nordiques-escapade-que-voir-690x388.jpg 690w, https:\/\/arpenterlechemin.com\/wp-content\/uploads\/2019\/03\/10-copenhague-nyhavn-danemark-pays-nordiques-escapade-que-voir-768x432.jpg 768w, https:\/\/arpenterlechemin.com\/wp-content\/uploads\/2019\/03\/10-copenhague-nyhavn-danemark-pays-nordiques-escapade-que-voir-1040x585.jpg 1040w\" sizes=\"(max-width: 3040px) 100vw, 3040px\" \/><\/p>\n<p><img decoding=\"async\" loading=\"lazy\" class=\"aligncenter wp-image-7420 size-full\" src=\"https:\/\/arpenterlechemin.com\/wp-content\/uploads\/2019\/03\/10-copenhague-danemark-voyage-que-faire.jpg\" alt=\"10 copenhague danemark voyage que faire\" width=\"3069\" height=\"1726\" srcset=\"https:\/\/arpenterlechemin.com\/wp-content\/uploads\/2019\/03\/10-copenhague-danemark-voyage-que-faire.jpg 3069w, https:\/\/arpenterlechemin.com\/wp-content\/uploads\/2019\/03\/10-copenhague-danemark-voyage-que-faire-500x280.jpg 500w, https:\/\/arpenterlechemin.com\/wp-content\/uploads\/2019\/03\/10-copenhague-danemark-voyage-que-faire-690x388.jpg 690w, https:\/\/arpenterlechemin.com\/wp-content\/uploads\/2019\/03\/10-copenhague-danemark-voyage-que-faire-768x432.jpg 768w, https:\/\/arpenterlechemin.com\/wp-content\/uploads\/2019\/03\/10-copenhague-danemark-voyage-que-faire-1040x585.jpg 1040w\" sizes=\"(max-width: 3069px) 100vw, 3069px\" \/><\/p>\n<p><img decoding=\"async\" loading=\"lazy\" class=\"aligncenter wp-image-7409 size-full\" src=\"https:\/\/arpenterlechemin.com\/wp-content\/uploads\/2019\/03\/copenhague-que-voir-danemark-blog-voyage-europe-du-nord-scandinavie-train-arpenter-le-chemin.jpg\" alt=\"copenhague que voir danemark blog voyage europe du nord scandinavie train arpenter le chemin\" width=\"1920\" height=\"1080\" srcset=\"https:\/\/arpenterlechemin.com\/wp-content\/uploads\/2019\/03\/copenhague-que-voir-danemark-blog-voyage-europe-du-nord-scandinavie-train-arpenter-le-chemin.jpg 1920w, https:\/\/arpenterlechemin.com\/wp-content\/uploads\/2019\/03\/copenhague-que-voir-danemark-blog-voyage-europe-du-nord-scandinavie-train-arpenter-le-chemin-500x280.jpg 500w, https:\/\/arpenterlechemin.com\/wp-content\/uploads\/2019\/03\/copenhague-que-voir-danemark-blog-voyage-europe-du-nord-scandinavie-train-arpenter-le-chemin-690x388.jpg 690w, https:\/\/arpenterlechemin.com\/wp-content\/uploads\/2019\/03\/copenhague-que-voir-danemark-blog-voyage-europe-du-nord-scandinavie-train-arpenter-le-chemin-768x432.jpg 768w, https:\/\/arpenterlechemin.com\/wp-content\/uploads\/2019\/03\/copenhague-que-voir-danemark-blog-voyage-europe-du-nord-scandinavie-train-arpenter-le-chemin-1040x585.jpg 1040w\" sizes=\"(max-width: 1920px) 100vw, 1920px\" \/><\/p>\n<h3><span style=\"color: #000080;\">Malm\u00f6 (Su\u00e8de)<\/span><\/h3>\n<p>\u00c0 quelques encablures, la Su\u00e8de me tend les bras. On y pr\u00e9tend que la vie est moins ch\u00e8re qu&rsquo;\u00e0 Copenhague\u2026 Pourquoi ne pas faire le d\u00e9tour ? Ce serait dommage de s\u2019en priver, la ville n\u2019est qu\u2019\u00e0 30 minutes de train. Je n&rsquo;avais pas pour but de pousser jusqu&rsquo;en Su\u00e8de, mon point le plus septentrional aurait d\u00fb \u00eatre Copenhague, mais la curiosit\u00e9 (et mon porte-monnaie) a \u00e9t\u00e9 plus forte. Je devais quitter Copenhague de toute fa\u00e7on.<\/p>\n<p>La travers\u00e9e de l&rsquo;<span class=\"lang-sv\" lang=\"sv\">\u00d6resund<\/span><span class=\"lang-sv\" lang=\"sv\">bron donne le ton : Malm\u00f6 ne va cesser de m&rsquo;\u00e9tonner. Que ce soit la nouvelle ville <strong>V\u00e4stra Hamnen <\/strong>avec le Turning Torso, un immeuble \u00e0 l&rsquo;architecture impressionnante, la vieille ville articul\u00e9e autour des <strong>places Stortorget et Lilla Torg<\/strong> avec leurs fa\u00e7ades dignes de Wroclaw, le <strong>Slottparken<\/strong> avec son moulin ou encore le \u00a0<strong>Malm\u00f6hus slott, <\/strong>ch\u00e2teau rouge entour\u00e9 de douves&#8230; Moi qui n&rsquo;avais presque jamais entendu parler de Malm\u00f6 jusqu&rsquo;alors, je suis charm\u00e9e. Certes, la ville n&rsquo;est pas tr\u00e8s grande, mais j&rsquo;y passe trois jours paresseux et agr\u00e9ables, \u00e0 savourer mes premi\u00e8res glaces de l&rsquo;ann\u00e9e sous le soleil bor\u00e9al printanier.<\/span><\/p>\n<h4><span style=\"color: #333399;\">O\u00f9 dormir \u00e0 Malm\u00f6<\/span><\/h4>\n<ul>\n<li><a href=\"https:\/\/www.booking.com\/hotel\/se\/rut-amp-ragnars.en.html?aid=1571475&amp;no_rooms=1&amp;group_adults=1\" target=\"_blank\" rel=\"noopener noreferrer\">Vandrarhem<\/a> : enfin une auberge de jeunesse qui n&rsquo;est pas ax\u00e9e sur la socialisation, les f\u00eates, les ap\u00e9ros et le bruit ! J&rsquo;ai beaucoup aim\u00e9 la d\u00e9co tr\u00e8s scandinave.<\/li>\n<\/ul>\n<p><img decoding=\"async\" loading=\"lazy\" class=\"alignnone wp-image-7423 size-full\" src=\"https:\/\/arpenterlechemin.com\/wp-content\/uploads\/2019\/03\/11-malmo-suede-que-faire-voyage-europe-scandinavie.jpg\" alt=\"11 malmo suede que faire voyage europe scandinavie\" width=\"3072\" height=\"2304\" srcset=\"https:\/\/arpenterlechemin.com\/wp-content\/uploads\/2019\/03\/11-malmo-suede-que-faire-voyage-europe-scandinavie.jpg 3072w, https:\/\/arpenterlechemin.com\/wp-content\/uploads\/2019\/03\/11-malmo-suede-que-faire-voyage-europe-scandinavie-533x400.jpg 533w, https:\/\/arpenterlechemin.com\/wp-content\/uploads\/2019\/03\/11-malmo-suede-que-faire-voyage-europe-scandinavie-768x576.jpg 768w, https:\/\/arpenterlechemin.com\/wp-content\/uploads\/2019\/03\/11-malmo-suede-que-faire-voyage-europe-scandinavie-780x585.jpg 780w\" sizes=\"(max-width: 3072px) 100vw, 3072px\" \/><\/p>\n<p><img decoding=\"async\" loading=\"lazy\" class=\"aligncenter wp-image-7422 size-full\" src=\"https:\/\/arpenterlechemin.com\/wp-content\/uploads\/2019\/03\/11-malmo-suede-copenhague-que-voir-ou-dormir.jpg\" alt=\"11 malmo suede copenhague que voir ou dormir\" width=\"3069\" height=\"1726\" srcset=\"https:\/\/arpenterlechemin.com\/wp-content\/uploads\/2019\/03\/11-malmo-suede-copenhague-que-voir-ou-dormir.jpg 3069w, https:\/\/arpenterlechemin.com\/wp-content\/uploads\/2019\/03\/11-malmo-suede-copenhague-que-voir-ou-dormir-500x280.jpg 500w, https:\/\/arpenterlechemin.com\/wp-content\/uploads\/2019\/03\/11-malmo-suede-copenhague-que-voir-ou-dormir-690x388.jpg 690w, https:\/\/arpenterlechemin.com\/wp-content\/uploads\/2019\/03\/11-malmo-suede-copenhague-que-voir-ou-dormir-768x432.jpg 768w, https:\/\/arpenterlechemin.com\/wp-content\/uploads\/2019\/03\/11-malmo-suede-copenhague-que-voir-ou-dormir-1040x585.jpg 1040w\" sizes=\"(max-width: 3069px) 100vw, 3069px\" \/><\/p>\n<p><img decoding=\"async\" loading=\"lazy\" class=\"alignnone wp-image-7408 size-full\" src=\"https:\/\/arpenterlechemin.com\/wp-content\/uploads\/2019\/03\/malmo-que-voir-suede-blog-voyage-europe-du-nord-scandinavie-train-arpenter-le-chemin.jpg\" alt=\"malmo que voir suede blog voyage europe du nord scandinavie train arpenter le chemin\" width=\"1920\" height=\"1080\" srcset=\"https:\/\/arpenterlechemin.com\/wp-content\/uploads\/2019\/03\/malmo-que-voir-suede-blog-voyage-europe-du-nord-scandinavie-train-arpenter-le-chemin.jpg 1920w, https:\/\/arpenterlechemin.com\/wp-content\/uploads\/2019\/03\/malmo-que-voir-suede-blog-voyage-europe-du-nord-scandinavie-train-arpenter-le-chemin-500x280.jpg 500w, https:\/\/arpenterlechemin.com\/wp-content\/uploads\/2019\/03\/malmo-que-voir-suede-blog-voyage-europe-du-nord-scandinavie-train-arpenter-le-chemin-690x388.jpg 690w, https:\/\/arpenterlechemin.com\/wp-content\/uploads\/2019\/03\/malmo-que-voir-suede-blog-voyage-europe-du-nord-scandinavie-train-arpenter-le-chemin-768x432.jpg 768w, https:\/\/arpenterlechemin.com\/wp-content\/uploads\/2019\/03\/malmo-que-voir-suede-blog-voyage-europe-du-nord-scandinavie-train-arpenter-le-chemin-1040x585.jpg 1040w\" sizes=\"(max-width: 1920px) 100vw, 1920px\" \/><\/p>\n<h3><span style=\"color: #000080;\">Copenhague et Hambourg (bis !)<\/span><\/h3>\n<p>Je suis arriv\u00e9e au septentrion de mon p\u00e9riple, il me faut d\u00e9sormais retourner au sud : je ne souhaite pas aller plus au nord, il est encore trop t\u00f4t dans la saison, je ne suis pas \u00e9quip\u00e9e pour la neige. Que faire ? Aller \u00e0 Oslo rejoindre une amie, puis prendre le ferry pour les \u00celes F\u00e9ro\u00e9 ou l&rsquo;\u00c9cosse ? Le ferry ne circule pas \u00e0 cette \u00e9poque, je dois revenir sur mes pas. Premier passage oblig\u00e9 : Copenhague. Je reviens une journ\u00e9e dans cette ville et me r\u00e9concilie un peu avec elle, lib\u00e9r\u00e9e des contraintes de l&rsquo;h\u00e9bergement puisque je ne fais que passer. Rien de tel qu&rsquo;une croisi\u00e8re sur le fleuve pour retrouver le sourire ! Quant \u00e0 Hambourg, je la reverrai \u00e0 peine puisque je ne fais qu&rsquo;y passer une nuit chez Doris, qui se passionne pour mon itin\u00e9raire. Pour l&rsquo;anecdote, j&rsquo;ai retrouv\u00e9 le covoitureur qui m&rsquo;avait amen\u00e9e d&rsquo;Hambourg \u00e0 Copenhague, et il m&rsquo;a ramen\u00e9e en sens inverse. Dommage que malgr\u00e9 les huit pass\u00e9es ensemble au total&#8230; nous n&rsquo;avions aucune langue commune !<\/p>\n<h3><span style=\"color: #000080;\">Amsterdam (Pays-Bas)<\/span><\/h3>\n<p>Amsterdam est une autre de mes villes ch\u00e9ries. Je sais d\u00e9sormais que nous autres touristes sommes une plaie pour la ville, r\u00e9duite \u00e0 un cirque trop facile de prostitution et de drogue l\u00e9gales. Pendant ce tour d&rsquo;Europe hors saison, je n&rsquo;ai pas vraiment souffert du surtourisme, loin de l\u00e0 : \u00e0 Tallinn, j&rsquo;\u00e9tais la seule cliente de mon auberge, \u00e0 Cracovie, nous n&rsquo;avions que l&#8217;embarras des terrasses vides sous le soleil du printemps. \u00c0 Amsterdam, je commence pourtant \u00e0 ressentir ce qui deviendra un probl\u00e8me de soci\u00e9t\u00e9. Dans le centre historique, les rues ensoleill\u00e9es sont inond\u00e9es d&rsquo;anglophones rougeaud, les yeux vitreux, de Fran\u00e7ais qui parlent trop fort. Je ne sais pas o\u00f9 sont les habitants d&rsquo;Amsterdam, je n&rsquo;ai pas l&rsquo;impression de croiser de N\u00e9erlandais.<\/p>\n<p>Heureusement, les foules s&rsquo;\u00e9claircissement \u00e0 mesure qu&rsquo;on s&rsquo;\u00e9loigne du quartier chaud. Les <strong>neuf rues<\/strong>, cette s\u00e9rie de canaux en arc de cercle, est aussi ravissante que dans mes souvenirs. Je loge \u00e0 c\u00f4t\u00e9 du <strong>Rijksmuseum<\/strong>, et j&rsquo;en profite pour y aller lors d&rsquo;une heure de moindre affluence, intrigu\u00e9e par la Ronde de nuit de Rembrandt. Je ne c\u00e8de pas au charme d&rsquo;une croisi\u00e8re ni d&rsquo;un tour \u00e0 v\u00e9lo, mais les nombreuses terrasses font mon r\u00e9gal.<\/p>\n<h4><span style=\"color: #333399;\">O\u00f9 dormir \u00e0 Amsterdam<\/span><\/h4>\n<ul>\n<li><a href=\"https:\/\/www.booking.com\/hotel\/nl\/janson.en.html?aid=1571475&amp;no_rooms=1&amp;group_adults=1\" target=\"_blank\" rel=\"noopener noreferrer\">Cosmos<\/a>, auberge peu ch\u00e8re mais sans charme, si vous voulez \u00e9conomiser quelques deniers.<\/li>\n<\/ul>\n<p><img decoding=\"async\" loading=\"lazy\" class=\"aligncenter wp-image-7424 size-full\" src=\"https:\/\/arpenterlechemin.com\/wp-content\/uploads\/2019\/03\/12-amsterdam-que-voir-week-end-pays-bas-canaux.jpg\" alt=\"12 amsterdam que voir week-end pays-bas canaux\" width=\"3070\" height=\"1726\" srcset=\"https:\/\/arpenterlechemin.com\/wp-content\/uploads\/2019\/03\/12-amsterdam-que-voir-week-end-pays-bas-canaux.jpg 3070w, https:\/\/arpenterlechemin.com\/wp-content\/uploads\/2019\/03\/12-amsterdam-que-voir-week-end-pays-bas-canaux-500x280.jpg 500w, https:\/\/arpenterlechemin.com\/wp-content\/uploads\/2019\/03\/12-amsterdam-que-voir-week-end-pays-bas-canaux-690x388.jpg 690w, https:\/\/arpenterlechemin.com\/wp-content\/uploads\/2019\/03\/12-amsterdam-que-voir-week-end-pays-bas-canaux-768x432.jpg 768w, https:\/\/arpenterlechemin.com\/wp-content\/uploads\/2019\/03\/12-amsterdam-que-voir-week-end-pays-bas-canaux-1040x585.jpg 1040w\" sizes=\"(max-width: 3070px) 100vw, 3070px\" \/><\/p>\n<p><img decoding=\"async\" loading=\"lazy\" class=\"aligncenter wp-image-7407 size-full\" src=\"https:\/\/arpenterlechemin.com\/wp-content\/uploads\/2019\/03\/amsterdam-que-voir-canaux-blog-voyage-europe-du-nord-pays-bas-train-arpenter-le-chemin.jpg\" alt=\"amsterdam que voir canaux blog voyage europe du nord pays-bas train arpenter le chemin\" width=\"1920\" height=\"1080\" srcset=\"https:\/\/arpenterlechemin.com\/wp-content\/uploads\/2019\/03\/amsterdam-que-voir-canaux-blog-voyage-europe-du-nord-pays-bas-train-arpenter-le-chemin.jpg 1920w, https:\/\/arpenterlechemin.com\/wp-content\/uploads\/2019\/03\/amsterdam-que-voir-canaux-blog-voyage-europe-du-nord-pays-bas-train-arpenter-le-chemin-500x280.jpg 500w, https:\/\/arpenterlechemin.com\/wp-content\/uploads\/2019\/03\/amsterdam-que-voir-canaux-blog-voyage-europe-du-nord-pays-bas-train-arpenter-le-chemin-690x388.jpg 690w, https:\/\/arpenterlechemin.com\/wp-content\/uploads\/2019\/03\/amsterdam-que-voir-canaux-blog-voyage-europe-du-nord-pays-bas-train-arpenter-le-chemin-768x432.jpg 768w, https:\/\/arpenterlechemin.com\/wp-content\/uploads\/2019\/03\/amsterdam-que-voir-canaux-blog-voyage-europe-du-nord-pays-bas-train-arpenter-le-chemin-1040x585.jpg 1040w\" sizes=\"(max-width: 1920px) 100vw, 1920px\" \/><\/p>\n<h3><span style=\"color: #000080;\">Gouda (Pays-Bas)<\/span><\/h3>\n<p>Gouda, c&rsquo;est un choix \u00e9tonnant, non ? Sur l\u2019invitation d&rsquo;une copine, je file squatter son canap\u00e9 trois jours durant dans cette jolie petite ville \u00e0 une heure de train d&rsquo;Amsterdam. Elle et son amoureux me font visiter le centre-ville avec son super <strong>h\u00f4tel de ville<\/strong>, monter dans un moulin, marcher dans des <strong>champs de tulipes en fleurs<\/strong> et \u00e9videmment, <strong>manger du gouda et des stroopwafel<\/strong>, les fameuses gaufres de la r\u00e9gion ! Quel calme apr\u00e8s l&rsquo;agitation de la capitale.<\/p>\n<p>Ici tout est en fleurs, on se balade le long des canaux, les N\u00e9erlandais roulent \u00e0 bicyclette main dans la main&#8230; il y a du printemps dans l&rsquo;air. Quelle diff\u00e9rence, quel chemin parcouru depuis mon d\u00e9part dans le froid de Moscou. Je m&rsquo;\u00e9merveille de cette distance g\u00e9ographique et temporelle, o\u00f9 j&rsquo;ai l&rsquo;impression d&rsquo;\u00eatre partie hier et il y a cent ans.<\/p>\n<h3><img decoding=\"async\" loading=\"lazy\" class=\"aligncenter wp-image-7425 size-full\" src=\"https:\/\/arpenterlechemin.com\/wp-content\/uploads\/2019\/03\/13-gouda-que-voir-pays-bas.jpg\" alt=\"13 gouda que voir pays-bas\" width=\"3071\" height=\"1727\" srcset=\"https:\/\/arpenterlechemin.com\/wp-content\/uploads\/2019\/03\/13-gouda-que-voir-pays-bas.jpg 3071w, https:\/\/arpenterlechemin.com\/wp-content\/uploads\/2019\/03\/13-gouda-que-voir-pays-bas-500x280.jpg 500w, https:\/\/arpenterlechemin.com\/wp-content\/uploads\/2019\/03\/13-gouda-que-voir-pays-bas-690x388.jpg 690w, https:\/\/arpenterlechemin.com\/wp-content\/uploads\/2019\/03\/13-gouda-que-voir-pays-bas-768x432.jpg 768w, https:\/\/arpenterlechemin.com\/wp-content\/uploads\/2019\/03\/13-gouda-que-voir-pays-bas-1040x585.jpg 1040w\" sizes=\"(max-width: 3071px) 100vw, 3071px\" \/><\/h3>\n<p><img decoding=\"async\" loading=\"lazy\" class=\"aligncenter wp-image-7406 size-full\" src=\"https:\/\/arpenterlechemin.com\/wp-content\/uploads\/2019\/03\/gouda-que-voir-hollande-blog-voyage-europe-du-nord-pays-bas-train-arpenter-le-chemin.jpg\" alt=\"gouda que voir hollande blog voyage europe du nord pays-bas train arpenter le chemin\" width=\"1920\" height=\"1080\" srcset=\"https:\/\/arpenterlechemin.com\/wp-content\/uploads\/2019\/03\/gouda-que-voir-hollande-blog-voyage-europe-du-nord-pays-bas-train-arpenter-le-chemin.jpg 1920w, https:\/\/arpenterlechemin.com\/wp-content\/uploads\/2019\/03\/gouda-que-voir-hollande-blog-voyage-europe-du-nord-pays-bas-train-arpenter-le-chemin-500x280.jpg 500w, https:\/\/arpenterlechemin.com\/wp-content\/uploads\/2019\/03\/gouda-que-voir-hollande-blog-voyage-europe-du-nord-pays-bas-train-arpenter-le-chemin-690x388.jpg 690w, https:\/\/arpenterlechemin.com\/wp-content\/uploads\/2019\/03\/gouda-que-voir-hollande-blog-voyage-europe-du-nord-pays-bas-train-arpenter-le-chemin-768x432.jpg 768w, https:\/\/arpenterlechemin.com\/wp-content\/uploads\/2019\/03\/gouda-que-voir-hollande-blog-voyage-europe-du-nord-pays-bas-train-arpenter-le-chemin-1040x585.jpg 1040w\" sizes=\"(max-width: 1920px) 100vw, 1920px\" \/><\/p>\n<h3><span style=\"color: #000080;\">Lille (France)<\/span><\/h3>\n<p>Honte \u00e0 moi, je finis mon p\u00e9riple en b\u00e2clant un peu la fin. Je ne fais que traverser la Belgique n covoiturage, en jouant contre la montre : je dois \u00eatre rentr\u00e9e en France d&rsquo;ici quelques jours pour passer une visite m\u00e9dicale dans le cadre de mon <a href=\"https:\/\/arpenterlechemin.com\/index.php\/2017\/10\/23\/canada-trois-ans-dimmigration-le-bilan\/\">immigration au Canada<\/a>. C&rsquo;est un rendez-vous important, de ceux qu&rsquo;on ne doit pas manquer.<\/p>\n<p>Je me paie une derni\u00e8re \u00e9tape sur la route : Lille, une ville o\u00f9 je mets les pieds pour la premi\u00e8re fois. Je d\u00e9couvre la vieille ville autour de l&rsquo;\u00e9glise <strong>Notre-Dame de la Treille<\/strong>, l&rsquo;adorable <strong>Place aux oignons<\/strong>, la <strong>Grand&rsquo;Place<\/strong> \u00e9videmment et ses fa\u00e7ades formidables. Je red\u00e9couvre aussi le fait de parler fran\u00e7ais tout le temps et assimile doucement que \u00e7a y est, mon voyage touche \u00e0 sa fin\u2026 Cette premi\u00e8re visite de Lille est sous le signe de la nostalgie, de la fin d&rsquo;une parenth\u00e8se enchant\u00e9e. Je sais qu&rsquo;une nouvelle aventure, le Canada, va bient\u00f4t commencer, mais j&rsquo;\u00e9tire autant que possible le plaisir de ce petit voyage au long cours sur les traces de l&rsquo;Europe.<\/p>\n<p><img decoding=\"async\" loading=\"lazy\" class=\"alignnone wp-image-7426 size-full\" src=\"https:\/\/arpenterlechemin.com\/wp-content\/uploads\/2019\/03\/14-Lille-que-voir-week-end-nord-france.jpg\" alt=\"14 Lille que voir week-end nord france\" width=\"3069\" height=\"1727\" srcset=\"https:\/\/arpenterlechemin.com\/wp-content\/uploads\/2019\/03\/14-Lille-que-voir-week-end-nord-france.jpg 3069w, https:\/\/arpenterlechemin.com\/wp-content\/uploads\/2019\/03\/14-Lille-que-voir-week-end-nord-france-500x280.jpg 500w, https:\/\/arpenterlechemin.com\/wp-content\/uploads\/2019\/03\/14-Lille-que-voir-week-end-nord-france-690x388.jpg 690w, https:\/\/arpenterlechemin.com\/wp-content\/uploads\/2019\/03\/14-Lille-que-voir-week-end-nord-france-768x432.jpg 768w, https:\/\/arpenterlechemin.com\/wp-content\/uploads\/2019\/03\/14-Lille-que-voir-week-end-nord-france-1040x585.jpg 1040w\" sizes=\"(max-width: 3069px) 100vw, 3069px\" \/><\/p>\n<p><img decoding=\"async\" loading=\"lazy\" class=\"alignnone wp-image-7405 size-full\" src=\"https:\/\/arpenterlechemin.com\/wp-content\/uploads\/2019\/03\/lille-que-voir-france-blog-voyage-europe-escapade-train-arpenter-le-chemin.jpg\" alt=\"lille que voir france blog voyage europe escapade train arpenter le chemin\" width=\"1920\" height=\"1080\" srcset=\"https:\/\/arpenterlechemin.com\/wp-content\/uploads\/2019\/03\/lille-que-voir-france-blog-voyage-europe-escapade-train-arpenter-le-chemin.jpg 1920w, https:\/\/arpenterlechemin.com\/wp-content\/uploads\/2019\/03\/lille-que-voir-france-blog-voyage-europe-escapade-train-arpenter-le-chemin-500x280.jpg 500w, https:\/\/arpenterlechemin.com\/wp-content\/uploads\/2019\/03\/lille-que-voir-france-blog-voyage-europe-escapade-train-arpenter-le-chemin-690x388.jpg 690w, https:\/\/arpenterlechemin.com\/wp-content\/uploads\/2019\/03\/lille-que-voir-france-blog-voyage-europe-escapade-train-arpenter-le-chemin-768x432.jpg 768w, https:\/\/arpenterlechemin.com\/wp-content\/uploads\/2019\/03\/lille-que-voir-france-blog-voyage-europe-escapade-train-arpenter-le-chemin-1040x585.jpg 1040w\" sizes=\"(max-width: 1920px) 100vw, 1920px\" \/><\/p>\n<h4><span style=\"color: #333399;\">O\u00f9 dormir \u00e0 Lille<\/span><\/h4>\n<ul>\n<li>Auberge de jeunesse : <a href=\"https:\/\/www.booking.com\/hotel\/fr\/gastama-hostel.en.html?aid=1571475&amp;no_rooms=1&amp;group_adults=1\">Gastama<\/a><\/li>\n<li>H\u00f4tel d&rsquo;affaires : <a href=\"https:\/\/www.booking.com\/hotel\/fr\/novotel-lille-centre-grand-place.en.html?aid=1571475&amp;no_rooms=1&amp;group_adults=1\">Novotel Centre Grand&rsquo;Place<\/a>, o\u00f9 j&rsquo;ai pass\u00e9 trois nuits dans le cadre du salon des blogueurs de voyage 2019. \u00c0 5 minutes \u00e0 pied de la Grand&rsquo;Place et 15-20 minutes des gares.<\/li>\n<\/ul>\n<h3><span style=\"color: #000080;\">Infos pratiques<\/span><\/h3>\n<ul>\n<li>Il faut un visa pour aller en Russie, mais aussi un visa de transit pour traverser la Bi\u00e9lorussie. En passant par une agence, cela revenait \u00e0 200 euros pour les deux.<\/li>\n<li>Une fois de retour dans l\u2019Union europ\u00e9enne, tout est semblable \u00e0 ce qu\u2019on conna\u00eet ou presque : eau potable, \u00e9lectricit\u00e9\u2026 Presque tout le monde parle anglais. En revanche, il faut changer des devises hors de la zone euro.<\/li>\n<li>Pour me d\u00e9placer, j&rsquo;ai voyag\u00e9 en train (Russie, Allemagne et Pays-Bas), en car longue distance (pays baltes et Pologne) et en covoiturage (Allemagne, Danemark). Puisque j&rsquo;\u00e9tais hors saison, je pouvais simplement prendre mon billet la veille du d\u00e9part sans probl\u00e8me. Les cars longue distance sont tr\u00e8s \u00e9conomiques et confortables en Europe de l&rsquo;Est.<\/li>\n<li>Mon budget pour ces deux mois \u00e9tait de 3 000 euros. J&rsquo;ai altern\u00e9 couchsurfing et auberges de jeunesse : le couchsurfing pour les rencontres incroyables et les \u00e9conomies, les auberges de jeunesse pour reposer un peu mes capacit\u00e9s sociales (<a href=\"https:\/\/arpenterlechemin.com\/index.php\/2016\/11\/24\/voyageuse-solo-et-introvertie-cest-possible-2\/\">quand on est introvertie<\/a>, le couchsurfing peut \u00e9puiser).<\/li>\n<li>J&rsquo;ai trouv\u00e9 que voyager en train \u00e9tait un formidable moyen d\u2019aller lentement en profitant du voyage.<\/li>\n<li>Malgr\u00e9 quelques temp\u00e9ratures un peu fra\u00eeches en d\u00e9but de parcours, voyager hors saison \u00e9tait un bon plan pour \u00e9viter les foules. Je suis partie fin f\u00e9vrier de Moscou et rentr\u00e9e \u00e0 Lyon courant mai 2014.<\/li>\n<li><em><a href=\"https:\/\/www.chapkadirect.fr\/index.php?app=cd_arpchem\">Ne partez pas sans une assurance pour votre voyage en Europe<\/a><\/em><\/li>\n<\/ul>\n<p><em>Et vous, avez-vous d\u00e9j\u00e0 voyag\u00e9 en train en Europe ? En Interrail peut-\u00eatre ? Aimez-vous le continent europ\u00e9en ? Oyez, oyez. Ce billet contient des <a href=\"https:\/\/arpenterlechemin.com\/index.php\/2018\/12\/01\/soutenir-blog\/\">liens affili\u00e9s<\/a>.\u00a0<\/em><\/p>\n<p><img decoding=\"async\" loading=\"lazy\" class=\"alignnone wp-image-6910 size-medium\" src=\"http:\/\/arpenterlechemin.com\/wp-content\/uploads\/2019\/01\/tour-europe-train-riviera-express-moscou-nice-voyage-solo-feminin-blog-voyage-arpenter-le-chemin-267x400.jpg\" alt=\"tour europe train riviera express moscou nice voyage solo feminin blog voyage arpenter le chemin\" width=\"267\" height=\"400\" srcset=\"https:\/\/arpenterlechemin.com\/wp-content\/uploads\/2019\/01\/tour-europe-train-riviera-express-moscou-nice-voyage-solo-feminin-blog-voyage-arpenter-le-chemin-267x400.jpg 267w, https:\/\/arpenterlechemin.com\/wp-content\/uploads\/2019\/01\/tour-europe-train-riviera-express-moscou-nice-voyage-solo-feminin-blog-voyage-arpenter-le-chemin-390x585.jpg 390w, https:\/\/arpenterlechemin.com\/wp-content\/uploads\/2019\/01\/tour-europe-train-riviera-express-moscou-nice-voyage-solo-feminin-blog-voyage-arpenter-le-chemin.jpg 735w\" sizes=\"(max-width: 267px) 100vw, 267px\" \/> <img decoding=\"async\" loading=\"lazy\" class=\"alignnone wp-image-6912 size-medium\" src=\"http:\/\/arpenterlechemin.com\/wp-content\/uploads\/2019\/01\/tour-europe-train-eurotrip-france-russie-riviera-express-blog-voyage-solo-au-feminin-arpenter-le-chemin-267x400.jpg\" alt=\"tour europe train eurotrip france russie riviera express blog voyage solo au feminin arpenter le chemin\" width=\"267\" height=\"400\" srcset=\"https:\/\/arpenterlechemin.com\/wp-content\/uploads\/2019\/01\/tour-europe-train-eurotrip-france-russie-riviera-express-blog-voyage-solo-au-feminin-arpenter-le-chemin-267x400.jpg 267w, https:\/\/arpenterlechemin.com\/wp-content\/uploads\/2019\/01\/tour-europe-train-eurotrip-france-russie-riviera-express-blog-voyage-solo-au-feminin-arpenter-le-chemin-390x585.jpg 390w, https:\/\/arpenterlechemin.com\/wp-content\/uploads\/2019\/01\/tour-europe-train-eurotrip-france-russie-riviera-express-blog-voyage-solo-au-feminin-arpenter-le-chemin.jpg 735w\" sizes=\"(max-width: 267px) 100vw, 267px\" \/> <img decoding=\"async\" loading=\"lazy\" class=\"alignnone wp-image-6914 size-medium\" src=\"http:\/\/arpenterlechemin.com\/wp-content\/uploads\/2019\/01\/tour-europe-train-riviera-express-russie-france-pays-baltes-blog-voyage-solo-au-feminin-arpenter-le-chemin-267x400.jpg\" alt=\"tour europe train riviera express russie france pays baltes blog voyage solo au feminin arpenter le chemin\" width=\"267\" height=\"400\" srcset=\"https:\/\/arpenterlechemin.com\/wp-content\/uploads\/2019\/01\/tour-europe-train-riviera-express-russie-france-pays-baltes-blog-voyage-solo-au-feminin-arpenter-le-chemin-267x400.jpg 267w, https:\/\/arpenterlechemin.com\/wp-content\/uploads\/2019\/01\/tour-europe-train-riviera-express-russie-france-pays-baltes-blog-voyage-solo-au-feminin-arpenter-le-chemin-390x585.jpg 390w, https:\/\/arpenterlechemin.com\/wp-content\/uploads\/2019\/01\/tour-europe-train-riviera-express-russie-france-pays-baltes-blog-voyage-solo-au-feminin-arpenter-le-chemin.jpg 735w\" sizes=\"(max-width: 267px) 100vw, 267px\" \/><\/p>\n<p>&nbsp;<\/p>\n","protected":false},"excerpt":{"rendered":"<p>Un jour, j&rsquo;ai eu un r\u00eave&#8230; celui de traverser l&rsquo;Europe en train. Fascin\u00e9e par les trajets romantiques d&rsquo;antan, o\u00f9 l&rsquo;on mettait des jours, des semaines, des mois pour rallier sa destination et o\u00f9 le trajet \u00e9tait tout un voyage en soi, j&rsquo;ai eu envie de prendre le train pour Moscou. Le mythique Riviera Express, qui partait de Nice pour arriver dans la capitale russe 47 heures plus tard. Ce r\u00eave, je l&rsquo;ai r\u00e9alis\u00e9 en 2014, et je vous le conte ici. Une fois arriv\u00e9e au bout de l&rsquo;Europe, quel int\u00e9r\u00eat <\/p>\n","protected":false},"author":1,"featured_media":6913,"comment_status":"open","ping_status":"open","sticky":false,"template":"","format":"standard","meta":{"jetpack_post_was_ever_published":false},"categories":[1,531],"tags":[677,678,674,516,675,681,676,680,664,592,603,679,284],"yoast_head":"<!-- This site is optimized with the Yoast SEO plugin v20.7 - https:\/\/yoast.com\/wordpress\/plugins\/seo\/ -->\n<title>EUROPE \/\/ Mon tour d&#039;Europe, ma d\u00e9claration d&#039;amour au continent -<\/title>\n<meta name=\"description\" content=\"R\u00e9cit de mon voyage par voie terrestre de Moscou \u00e0 Lyon : car, train, covoiturage, tous les moyens sont bons pour d\u00e9couvrir l&#039;Europe en solo...\" \/>\n<meta name=\"robots\" content=\"index, follow, max-snippet:-1, max-image-preview:large, max-video-preview:-1\" \/>\n<link rel=\"canonical\" href=\"https:\/\/arpenterlechemin.com\/index.php\/2019\/04\/30\/tour-europe-train\/\" \/>\n<meta property=\"og:locale\" content=\"fr_FR\" \/>\n<meta property=\"og:type\" content=\"article\" \/>\n<meta property=\"og:title\" content=\"EUROPE \/\/ Mon tour d&#039;Europe, ma d\u00e9claration d&#039;amour au continent -\" \/>\n<meta property=\"og:description\" content=\"R\u00e9cit de mon voyage par voie terrestre de Moscou \u00e0 Lyon : car, train, covoiturage, tous les moyens sont bons pour d\u00e9couvrir l&#039;Europe en solo...\" \/>\n<meta property=\"og:url\" content=\"https:\/\/arpenterlechemin.com\/index.php\/2019\/04\/30\/tour-europe-train\/\" \/>\n<meta property=\"og:site_name\" content=\"Arpenter le chemin\" \/>\n<meta property=\"article:published_time\" content=\"2019-04-30T06:12:42+00:00\" \/>\n<meta property=\"article:modified_time\" content=\"2020-02-28T20:51:44+00:00\" \/>\n<meta property=\"og:image\" content=\"https:\/\/arpenterlechemin.com\/wp-content\/uploads\/2019\/01\/titre-tour-europe-train-solo-au-feminin-france-russie-riviera-express-blog-voyage-arpenter-le-chemin.jpg\" \/>\n\t<meta property=\"og:image:width\" content=\"1040\" \/>\n\t<meta property=\"og:image:height\" content=\"585\" \/>\n\t<meta property=\"og:image:type\" content=\"image\/jpeg\" \/>\n<meta name=\"author\" content=\"Audrey\" \/>\n<meta name=\"twitter:card\" content=\"summary_large_image\" \/>\n<meta name=\"twitter:label1\" content=\"\u00c9crit par\" \/>\n\t<meta name=\"twitter:data1\" content=\"Audrey\" \/>\n\t<meta name=\"twitter:label2\" content=\"Dur\u00e9e de lecture estim\u00e9e\" \/>\n\t<meta name=\"twitter:data2\" content=\"23 minutes\" \/>\n<script type=\"application\/ld+json\" class=\"yoast-schema-graph\">{\"@context\":\"https:\/\/schema.org\",\"@graph\":[{\"@type\":\"Article\",\"@id\":\"https:\/\/arpenterlechemin.com\/index.php\/2019\/04\/30\/tour-europe-train\/#article\",\"isPartOf\":{\"@id\":\"https:\/\/arpenterlechemin.com\/index.php\/2019\/04\/30\/tour-europe-train\/\"},\"author\":{\"name\":\"Audrey\",\"@id\":\"https:\/\/arpenterlechemin.com\/#\/schema\/person\/1d187818c0988fbea4d682c1e59c795c\"},\"headline\":\"EUROPE \/\/ Mon tour d&rsquo;Europe, ma d\u00e9claration d&rsquo;amour au continent\",\"datePublished\":\"2019-04-30T06:12:42+00:00\",\"dateModified\":\"2020-02-28T20:51:44+00:00\",\"mainEntityOfPage\":{\"@id\":\"https:\/\/arpenterlechemin.com\/index.php\/2019\/04\/30\/tour-europe-train\/\"},\"wordCount\":4773,\"commentCount\":18,\"publisher\":{\"@id\":\"https:\/\/arpenterlechemin.com\/#organization\"},\"keywords\":[\"allemagne\",\"danemark\",\"estonie\",\"france\",\"lettonie\",\"lille\",\"lituanie\",\"pays-bas\",\"pologne\",\"russie\",\"solo\",\"su\u00e8de\",\"train\"],\"articleSection\":[\"Blog\",\"Europe\"],\"inLanguage\":\"fr-FR\",\"potentialAction\":[{\"@type\":\"CommentAction\",\"name\":\"Comment\",\"target\":[\"https:\/\/arpenterlechemin.com\/index.php\/2019\/04\/30\/tour-europe-train\/#respond\"]}]},{\"@type\":\"WebPage\",\"@id\":\"https:\/\/arpenterlechemin.com\/index.php\/2019\/04\/30\/tour-europe-train\/\",\"url\":\"https:\/\/arpenterlechemin.com\/index.php\/2019\/04\/30\/tour-europe-train\/\",\"name\":\"EUROPE \/\/ Mon tour d'Europe, ma d\u00e9claration d'amour au continent -\",\"isPartOf\":{\"@id\":\"https:\/\/arpenterlechemin.com\/#website\"},\"datePublished\":\"2019-04-30T06:12:42+00:00\",\"dateModified\":\"2020-02-28T20:51:44+00:00\",\"description\":\"R\u00e9cit de mon voyage par voie terrestre de Moscou \u00e0 Lyon : car, train, covoiturage, tous les moyens sont bons pour d\u00e9couvrir l'Europe en solo...\",\"breadcrumb\":{\"@id\":\"https:\/\/arpenterlechemin.com\/index.php\/2019\/04\/30\/tour-europe-train\/#breadcrumb\"},\"inLanguage\":\"fr-FR\",\"potentialAction\":[{\"@type\":\"ReadAction\",\"target\":[\"https:\/\/arpenterlechemin.com\/index.php\/2019\/04\/30\/tour-europe-train\/\"]}]},{\"@type\":\"BreadcrumbList\",\"@id\":\"https:\/\/arpenterlechemin.com\/index.php\/2019\/04\/30\/tour-europe-train\/#breadcrumb\",\"itemListElement\":[{\"@type\":\"ListItem\",\"position\":1,\"name\":\"Home\",\"item\":\"https:\/\/arpenterlechemin.com\/\"},{\"@type\":\"ListItem\",\"position\":2,\"name\":\"EUROPE \/\/ Mon tour d&rsquo;Europe, ma d\u00e9claration d&rsquo;amour au continent\"}]},{\"@type\":\"WebSite\",\"@id\":\"https:\/\/arpenterlechemin.com\/#website\",\"url\":\"https:\/\/arpenterlechemin.com\/\",\"name\":\"Arpenter le chemin\",\"description\":\"\",\"publisher\":{\"@id\":\"https:\/\/arpenterlechemin.com\/#organization\"},\"potentialAction\":[{\"@type\":\"SearchAction\",\"target\":{\"@type\":\"EntryPoint\",\"urlTemplate\":\"https:\/\/arpenterlechemin.com\/?s={search_term_string}\"},\"query-input\":\"required name=search_term_string\"}],\"inLanguage\":\"fr-FR\"},{\"@type\":\"Organization\",\"@id\":\"https:\/\/arpenterlechemin.com\/#organization\",\"name\":\"Arpenter le chemin\",\"url\":\"https:\/\/arpenterlechemin.com\/\",\"logo\":{\"@type\":\"ImageObject\",\"inLanguage\":\"fr-FR\",\"@id\":\"https:\/\/arpenterlechemin.com\/#\/schema\/logo\/image\/\",\"url\":\"https:\/\/arpenterlechemin.com\/wp-content\/uploads\/2017\/04\/icone-4.jpg\",\"contentUrl\":\"https:\/\/arpenterlechemin.com\/wp-content\/uploads\/2017\/04\/icone-4.jpg\",\"width\":150,\"height\":73,\"caption\":\"Arpenter le chemin\"},\"image\":{\"@id\":\"https:\/\/arpenterlechemin.com\/#\/schema\/logo\/image\/\"}},{\"@type\":\"Person\",\"@id\":\"https:\/\/arpenterlechemin.com\/#\/schema\/person\/1d187818c0988fbea4d682c1e59c795c\",\"name\":\"Audrey\",\"image\":{\"@type\":\"ImageObject\",\"inLanguage\":\"fr-FR\",\"@id\":\"https:\/\/arpenterlechemin.com\/#\/schema\/person\/image\/\",\"url\":\"https:\/\/secure.gravatar.com\/avatar\/b75298f64c73f1709976c50921beae6a?s=96&d=mm&r=g\",\"contentUrl\":\"https:\/\/secure.gravatar.com\/avatar\/b75298f64c73f1709976c50921beae6a?s=96&d=mm&r=g\",\"caption\":\"Audrey\"},\"description\":\"Allergique \u00e0 la routine, atteinte de bougeotte aigu\u00eb, j'essaie de m'envoler aussi souvent que possible, seule, en couple ou entre amis ! Ville, nature, culture, rando... tout me va, \u00e0 partir du moment o\u00f9 je suis dehors.\",\"url\":\"https:\/\/arpenterlechemin.com\/index.php\/author\/audreyf\/\"}]}<\/script>\n<!-- \/ Yoast SEO plugin. -->","yoast_head_json":{"title":"EUROPE \/\/ Mon tour d'Europe, ma d\u00e9claration d'amour au continent -","description":"R\u00e9cit de mon voyage par voie terrestre de Moscou \u00e0 Lyon : car, train, covoiturage, tous les moyens sont bons pour d\u00e9couvrir l'Europe en solo...","robots":{"index":"index","follow":"follow","max-snippet":"max-snippet:-1","max-image-preview":"max-image-preview:large","max-video-preview":"max-video-preview:-1"},"canonical":"https:\/\/arpenterlechemin.com\/index.php\/2019\/04\/30\/tour-europe-train\/","og_locale":"fr_FR","og_type":"article","og_title":"EUROPE \/\/ Mon tour d'Europe, ma d\u00e9claration d'amour au continent -","og_description":"R\u00e9cit de mon voyage par voie terrestre de Moscou \u00e0 Lyon : car, train, covoiturage, tous les moyens sont bons pour d\u00e9couvrir l'Europe en solo...","og_url":"https:\/\/arpenterlechemin.com\/index.php\/2019\/04\/30\/tour-europe-train\/","og_site_name":"Arpenter le chemin","article_published_time":"2019-04-30T06:12:42+00:00","article_modified_time":"2020-02-28T20:51:44+00:00","og_image":[{"width":1040,"height":585,"url":"https:\/\/arpenterlechemin.com\/wp-content\/uploads\/2019\/01\/titre-tour-europe-train-solo-au-feminin-france-russie-riviera-express-blog-voyage-arpenter-le-chemin.jpg","type":"image\/jpeg"}],"author":"Audrey","twitter_card":"summary_large_image","twitter_misc":{"\u00c9crit par":"Audrey","Dur\u00e9e de lecture estim\u00e9e":"23 minutes"},"schema":{"@context":"https:\/\/schema.org","@graph":[{"@type":"Article","@id":"https:\/\/arpenterlechemin.com\/index.php\/2019\/04\/30\/tour-europe-train\/#article","isPartOf":{"@id":"https:\/\/arpenterlechemin.com\/index.php\/2019\/04\/30\/tour-europe-train\/"},"author":{"name":"Audrey","@id":"https:\/\/arpenterlechemin.com\/#\/schema\/person\/1d187818c0988fbea4d682c1e59c795c"},"headline":"EUROPE \/\/ Mon tour d&rsquo;Europe, ma d\u00e9claration d&rsquo;amour au continent","datePublished":"2019-04-30T06:12:42+00:00","dateModified":"2020-02-28T20:51:44+00:00","mainEntityOfPage":{"@id":"https:\/\/arpenterlechemin.com\/index.php\/2019\/04\/30\/tour-europe-train\/"},"wordCount":4773,"commentCount":18,"publisher":{"@id":"https:\/\/arpenterlechemin.com\/#organization"},"keywords":["allemagne","danemark","estonie","france","lettonie","lille","lituanie","pays-bas","pologne","russie","solo","su\u00e8de","train"],"articleSection":["Blog","Europe"],"inLanguage":"fr-FR","potentialAction":[{"@type":"CommentAction","name":"Comment","target":["https:\/\/arpenterlechemin.com\/index.php\/2019\/04\/30\/tour-europe-train\/#respond"]}]},{"@type":"WebPage","@id":"https:\/\/arpenterlechemin.com\/index.php\/2019\/04\/30\/tour-europe-train\/","url":"https:\/\/arpenterlechemin.com\/index.php\/2019\/04\/30\/tour-europe-train\/","name":"EUROPE \/\/ Mon tour d'Europe, ma d\u00e9claration d'amour au continent -","isPartOf":{"@id":"https:\/\/arpenterlechemin.com\/#website"},"datePublished":"2019-04-30T06:12:42+00:00","dateModified":"2020-02-28T20:51:44+00:00","description":"R\u00e9cit de mon voyage par voie terrestre de Moscou \u00e0 Lyon : car, train, covoiturage, tous les moyens sont bons pour d\u00e9couvrir l'Europe en solo...","breadcrumb":{"@id":"https:\/\/arpenterlechemin.com\/index.php\/2019\/04\/30\/tour-europe-train\/#breadcrumb"},"inLanguage":"fr-FR","potentialAction":[{"@type":"ReadAction","target":["https:\/\/arpenterlechemin.com\/index.php\/2019\/04\/30\/tour-europe-train\/"]}]},{"@type":"BreadcrumbList","@id":"https:\/\/arpenterlechemin.com\/index.php\/2019\/04\/30\/tour-europe-train\/#breadcrumb","itemListElement":[{"@type":"ListItem","position":1,"name":"Home","item":"https:\/\/arpenterlechemin.com\/"},{"@type":"ListItem","position":2,"name":"EUROPE \/\/ Mon tour d&rsquo;Europe, ma d\u00e9claration d&rsquo;amour au continent"}]},{"@type":"WebSite","@id":"https:\/\/arpenterlechemin.com\/#website","url":"https:\/\/arpenterlechemin.com\/","name":"Arpenter le chemin","description":"","publisher":{"@id":"https:\/\/arpenterlechemin.com\/#organization"},"potentialAction":[{"@type":"SearchAction","target":{"@type":"EntryPoint","urlTemplate":"https:\/\/arpenterlechemin.com\/?s={search_term_string}"},"query-input":"required name=search_term_string"}],"inLanguage":"fr-FR"},{"@type":"Organization","@id":"https:\/\/arpenterlechemin.com\/#organization","name":"Arpenter le chemin","url":"https:\/\/arpenterlechemin.com\/","logo":{"@type":"ImageObject","inLanguage":"fr-FR","@id":"https:\/\/arpenterlechemin.com\/#\/schema\/logo\/image\/","url":"https:\/\/arpenterlechemin.com\/wp-content\/uploads\/2017\/04\/icone-4.jpg","contentUrl":"https:\/\/arpenterlechemin.com\/wp-content\/uploads\/2017\/04\/icone-4.jpg","width":150,"height":73,"caption":"Arpenter le chemin"},"image":{"@id":"https:\/\/arpenterlechemin.com\/#\/schema\/logo\/image\/"}},{"@type":"Person","@id":"https:\/\/arpenterlechemin.com\/#\/schema\/person\/1d187818c0988fbea4d682c1e59c795c","name":"Audrey","image":{"@type":"ImageObject","inLanguage":"fr-FR","@id":"https:\/\/arpenterlechemin.com\/#\/schema\/person\/image\/","url":"https:\/\/secure.gravatar.com\/avatar\/b75298f64c73f1709976c50921beae6a?s=96&d=mm&r=g","contentUrl":"https:\/\/secure.gravatar.com\/avatar\/b75298f64c73f1709976c50921beae6a?s=96&d=mm&r=g","caption":"Audrey"},"description":"Allergique \u00e0 la routine, atteinte de bougeotte aigu\u00eb, j'essaie de m'envoler aussi souvent que possible, seule, en couple ou entre amis ! Ville, nature, culture, rando... tout me va, \u00e0 partir du moment o\u00f9 je suis dehors.","url":"https:\/\/arpenterlechemin.com\/index.php\/author\/audreyf\/"}]}},"jetpack_featured_media_url":"https:\/\/arpenterlechemin.com\/wp-content\/uploads\/2019\/01\/titre-tour-europe-train-solo-au-feminin-france-russie-riviera-express-blog-voyage-arpenter-le-chemin.jpg","jetpack_sharing_enabled":true,"jetpack_shortlink":"https:\/\/wp.me\/p8z9hR-1Ji","jetpack-related-posts":[{"id":4375,"url":"https:\/\/arpenterlechemin.com\/index.php\/2017\/11\/29\/le-jour-ou-jai-pris-un-train-direct-entre-nice-et-moscou-le-riviera-express\/","url_meta":{"origin":6652,"position":0},"title":"EUROPE \/\/ Le jour o\u00f9 j&rsquo;ai pris le train pour Moscou","date":"29 novembre 2017","format":false,"excerpt":"Un jour, j'ai eu envie de prendre le Riviera Express pour Moscou, pour le plaisir de faire 47 heures de train direct, en plein mois de f\u00e9vrier. Entre Italie, Autriche, R\u00e9publique tch\u00e8que, Belarus et Russie, je vous raconte ce p\u00e9riple.","rel":"","context":"Dans &quot;Blog&quot;","img":{"alt_text":"","src":"https:\/\/i0.wp.com\/arpenterlechemin.com\/wp-content\/uploads\/2017\/11\/blog-titre.jpg?resize=350%2C200&ssl=1","width":350,"height":200},"classes":[]},{"id":6090,"url":"https:\/\/arpenterlechemin.com\/index.php\/2018\/10\/03\/vendre-van\/","url_meta":{"origin":6652,"position":1},"title":"VANLIFE \/\/ Pourquoi j&rsquo;ai vendu mon van","date":"3 octobre 2018","format":false,"excerpt":"Au printemps dernier, en avril 2017, je me lan\u00e7ais dans une aventure un peu folle : je d\u00e9cidais de retaper un van. Une vieille carcasse un peu rouill\u00e9e, que j'ai \u00e9vid\u00e9e, am\u00e9nag\u00e9e, bichonn\u00e9e. On a v\u00e9cu des aventures, tous les deux. Aujourd'hui, en septembre 2018, je viens de voir mon\u2026","rel":"","context":"Dans &quot;Blog&quot;","img":{"alt_text":"vendre van canada experience pvt road-trip blog voyage arpenter le chemin","src":"https:\/\/i0.wp.com\/arpenterlechemin.com\/wp-content\/uploads\/2018\/09\/vendre-van-canada-experience-pvt-road-trip-blog-voyage-arpenter-le-chemin.jpg?resize=350%2C200&ssl=1","width":350,"height":200},"classes":[]},{"id":6609,"url":"https:\/\/arpenterlechemin.com\/index.php\/2018\/12\/20\/retrospective-voyage-2018\/","url_meta":{"origin":6652,"position":2},"title":"Ma r\u00e9trospective de voyage \/\/ 2018","date":"20 d\u00e9cembre 2018","format":false,"excerpt":"Encore une belle ann\u00e9e qui vient de s'\u00e9couler ! Je vous propose de faire un r\u00e9sum\u00e9 de ce que j'ai vu et aim\u00e9 en cette ann\u00e9e 2018, avant de passer le flambeau \u00e0 2019. Sans revenir sur la cinquantaine de chroniques publi\u00e9e cette ann\u00e9e, voici quelques-uns des temps forts de\u2026","rel":"","context":"Dans &quot;Am\u00e9rique du Nord&quot;","img":{"alt_text":"retrospective voyage 2018 blog voyage canada arpenter le chemin","src":"https:\/\/i0.wp.com\/arpenterlechemin.com\/wp-content\/uploads\/2018\/12\/retrospective-voyage-2018-blog-voyage-canada-arpenter-le-chemin.jpg?resize=350%2C200&ssl=1","width":350,"height":200},"classes":[]},{"id":4583,"url":"https:\/\/arpenterlechemin.com\/index.php\/2018\/06\/14\/musique-voyage\/","url_meta":{"origin":6652,"position":3},"title":"\u00c9LUCUBRATIONS \/\/ Mes madeleines de Proust musicales et voyageuses","date":"14 juin 2018","format":false,"excerpt":"Une promenade \u00e0 v\u00e9lo dans le soleil couchant. Une voiture passe \u00e0 ma hauteur. Une chanson orientale s'\u00e9chappe de la fen\u00eatre, quelques notes de guitare, une langue inconnue. Le ciel jaune, les rythmes d'ailleurs, l'air presque chaud du printemps. L'espace d'un instant, au carrefour, me revoil\u00e0 en \u00c9gypte, au Liban,\u2026","rel":"","context":"Dans &quot;Blog&quot;","img":{"alt_text":"voyage musique blog arpenter le chemin canada","src":"https:\/\/i0.wp.com\/arpenterlechemin.com\/wp-content\/uploads\/2018\/06\/voyage-musique-blog-arpenter-le-chemin-canada.jpg?resize=350%2C200&ssl=1","width":350,"height":200},"classes":[]},{"id":8939,"url":"https:\/\/arpenterlechemin.com\/index.php\/2021\/01\/06\/residence-permanente-canada\/","url_meta":{"origin":6652,"position":4},"title":"CANADA \/\/ Obtenir la r\u00e9sidence permanente au Canada : diff\u00e9rents parcours","date":"6 janvier 2021","format":false,"excerpt":"Le Canadian Dream a remplac\u00e9 l'American Dream aupr\u00e8s de nombreux Europ\u00e9ens et si vous r\u00eavez de venir vivre au Canada, sachez que vous n'\u00eates pas seuls. Le succ\u00e8s fou du PVT Canada en est un t\u00e9moin : chaque ann\u00e9e, 7 000 Fran\u00e7ais chanceux viennent vivre et travailler au Canada et\u2026","rel":"","context":"Dans &quot;Am\u00e9rique du Nord&quot;","img":{"alt_text":"Obtenir la r\u00e9sidence permanente au Canada","src":"https:\/\/i0.wp.com\/arpenterlechemin.com\/wp-content\/uploads\/2021\/01\/Obtenir-la-r\u00e9sidence-permanente-au-Canada.jpg?resize=350%2C200&ssl=1","width":350,"height":200},"classes":[]},{"id":3260,"url":"https:\/\/arpenterlechemin.com\/index.php\/2017\/05\/15\/acheter-van\/","url_meta":{"origin":6652,"position":5},"title":"Bref, j&rsquo;ai achet\u00e9 un van","date":"15 mai 2017","format":false,"excerpt":"Avez-vous parfois des id\u00e9es fixes ? Des id\u00e9es qui germent \u00e0 votre insu jusqu'\u00e0 ce qu'un jour, on se rende compte qu'elles ont pris racine et qu'il est impossible de s'en d\u00e9barrasser ? Et que la seule fa\u00e7on de vivre avec, c'est de les cultiver, de les alimenter jusqu'\u00e0 finalement\u2026","rel":"","context":"Dans &quot;Am\u00e9rique du Nord&quot;","img":{"alt_text":"","src":"https:\/\/i0.wp.com\/arpenterlechemin.com\/wp-content\/uploads\/2017\/05\/TITRE-VAN.jpg?resize=350%2C200&ssl=1","width":350,"height":200},"classes":[]}],"_links":{"self":[{"href":"https:\/\/arpenterlechemin.com\/index.php\/wp-json\/wp\/v2\/posts\/6652"}],"collection":[{"href":"https:\/\/arpenterlechemin.com\/index.php\/wp-json\/wp\/v2\/posts"}],"about":[{"href":"https:\/\/arpenterlechemin.com\/index.php\/wp-json\/wp\/v2\/types\/post"}],"author":[{"embeddable":true,"href":"https:\/\/arpenterlechemin.com\/index.php\/wp-json\/wp\/v2\/users\/1"}],"replies":[{"embeddable":true,"href":"https:\/\/arpenterlechemin.com\/index.php\/wp-json\/wp\/v2\/comments?post=6652"}],"version-history":[{"count":0,"href":"https:\/\/arpenterlechemin.com\/index.php\/wp-json\/wp\/v2\/posts\/6652\/revisions"}],"wp:featuredmedia":[{"embeddable":true,"href":"https:\/\/arpenterlechemin.com\/index.php\/wp-json\/wp\/v2\/media\/6913"}],"wp:attachment":[{"href":"https:\/\/arpenterlechemin.com\/index.php\/wp-json\/wp\/v2\/media?parent=6652"}],"wp:term":[{"taxonomy":"category","embeddable":true,"href":"https:\/\/arpenterlechemin.com\/index.php\/wp-json\/wp\/v2\/categories?post=6652"},{"taxonomy":"post_tag","embeddable":true,"href":"https:\/\/arpenterlechemin.com\/index.php\/wp-json\/wp\/v2\/tags?post=6652"}],"curies":[{"name":"wp","href":"https:\/\/api.w.org\/{rel}","templated":true}]}}