{"id":6609,"date":"2018-12-20T02:43:09","date_gmt":"2018-12-20T06:43:09","guid":{"rendered":"http:\/\/arpenterlechemin.com\/?p=6609"},"modified":"2019-01-10T10:42:14","modified_gmt":"2019-01-10T14:42:14","slug":"retrospective-voyage-2018","status":"publish","type":"post","link":"https:\/\/arpenterlechemin.com\/index.php\/2018\/12\/20\/retrospective-voyage-2018\/","title":{"rendered":"Ma r\u00e9trospective de voyage \/\/ 2018"},"content":{"rendered":"<p>Encore une belle ann\u00e9e qui vient de s&rsquo;\u00e9couler ! Je vous propose de faire un r\u00e9sum\u00e9 de ce que j&rsquo;ai vu et aim\u00e9 en cette ann\u00e9e 2018, avant de passer le flambeau \u00e0 2019. Sans revenir sur la cinquantaine de chroniques publi\u00e9e cette ann\u00e9e, voici quelques-uns des temps forts de ce mill\u00e9sime riche en \u00e9motions. Cliquez sur les photos pour acc\u00e9der aux chroniques.<\/p>\n<h3><span style=\"color: #333399;\">Janvier\u00a0<\/span><\/h3>\n<p>En janvier, je rentre d&rsquo;une belle semaine pass\u00e9e \u00e0 <a href=\"http:\/\/arpenterlechemin.com\/index.php\/2017\/12\/26\/vieux-quebec-temps-fetes\/\">Qu\u00e9bec pour les f\u00eates<\/a> et je dois dire que je suis assez fatigu\u00e9e. Nous n&rsquo;avons pas boug\u00e9 en janvier, profitant au contraire des beaux sentiers enneig\u00e9s de <strong>Moncton<\/strong>. L&rsquo;avantage de notre vie dans cette petite ville, c&rsquo;est qu&rsquo;on est tr\u00e8s vite dans la nature ; j&rsquo;adore le sentiment d&rsquo;\u00eatre litt\u00e9ralement entour\u00e9e de nature. Ce que je pr\u00e9f\u00e8re en hiver, c&rsquo;est quand il vient juste de neiger et que je peux aller ouvrir la trace en raquettes dans l&rsquo;un des parcs de la ville. Et bien s\u00fbr, je ne me suis pas fait prier cet hiver encore !<\/p>\n<p><a href=\"http:\/\/arpenterlechemin.com\/index.php\/2018\/01\/23\/promenade-au-parc-irishtown\/\"><img decoding=\"async\" loading=\"lazy\" class=\"aligncenter wp-image-4622 size-full\" src=\"http:\/\/arpenterlechemin.com\/wp-content\/uploads\/2018\/01\/PROMENADE-GIVR\u00c9E.jpg\" alt=\"\" width=\"1920\" height=\"1080\" srcset=\"https:\/\/arpenterlechemin.com\/wp-content\/uploads\/2018\/01\/PROMENADE-GIVR\u00c9E.jpg 1920w, https:\/\/arpenterlechemin.com\/wp-content\/uploads\/2018\/01\/PROMENADE-GIVR\u00c9E-300x169.jpg 300w, https:\/\/arpenterlechemin.com\/wp-content\/uploads\/2018\/01\/PROMENADE-GIVR\u00c9E-768x432.jpg 768w, https:\/\/arpenterlechemin.com\/wp-content\/uploads\/2018\/01\/PROMENADE-GIVR\u00c9E-1024x576.jpg 1024w\" sizes=\"(max-width: 1920px) 100vw, 1920px\" \/><\/a><\/p>\n<h3><span style=\"color: #333399;\">F\u00e9vrier<\/span><\/h3>\n<p>F\u00e9vrier est le mois d&rsquo;hiver par excellence, et je savoure nos promenades dans la nature. Pas de grandes exp\u00e9ditions hivernales cette ann\u00e9e, mais j&rsquo;appr\u00e9cie de prendre le temps de profiter de notre nouveau chez-nous, encore tout frais puisque nous n&rsquo;avons emm\u00e9nag\u00e9 qu&rsquo;en d\u00e9cembre. C\u00f4t\u00e9 chroniques, j&rsquo;en ai profit\u00e9 pour donner ma vision de l&rsquo;hiver canadien : c&rsquo;est parfois terrible, mais surtout, c&rsquo;est beau.<\/p>\n<p><a href=\"http:\/\/arpenterlechemin.com\/index.php\/2018\/02\/22\/canada-guide-de-survie-a-lhiver-canadien\/\"><img decoding=\"async\" loading=\"lazy\" class=\"aligncenter wp-image-4714 size-full\" src=\"http:\/\/arpenterlechemin.com\/wp-content\/uploads\/2018\/02\/lhiver-canadiencest-comment-_.jpg\" alt=\"\" width=\"1920\" height=\"1080\" srcset=\"https:\/\/arpenterlechemin.com\/wp-content\/uploads\/2018\/02\/lhiver-canadiencest-comment-_.jpg 1920w, https:\/\/arpenterlechemin.com\/wp-content\/uploads\/2018\/02\/lhiver-canadiencest-comment-_-300x169.jpg 300w, https:\/\/arpenterlechemin.com\/wp-content\/uploads\/2018\/02\/lhiver-canadiencest-comment-_-768x432.jpg 768w, https:\/\/arpenterlechemin.com\/wp-content\/uploads\/2018\/02\/lhiver-canadiencest-comment-_-1024x576.jpg 1024w\" sizes=\"(max-width: 1920px) 100vw, 1920px\" \/><\/a><\/p>\n<h3><span style=\"color: #333399;\">Mars<\/span><\/h3>\n<p>Au bout de deux mois sans escapade, je commence \u00e0 avoir la bougeotte et des envies de chaleur. Combien de temps vous tenez sans pr\u00e9voir de voyage, vous ? Etienne et moi nous envolons pour le <strong>Mexique<\/strong>, o\u00f9 nous passons une excellente semaine \u00e0 parcourir les sites arch\u00e9ologiques du Yucatan et \u00e0 profiter de la dolce vita en essayant d&rsquo;oublier que 60 cm de neige nous attendent au retour. On gagnera m\u00eame un jour de vacances gr\u00e2ce \u00e0 notre vol retard\u00e9 de 24 heures par la neige ! Ma <strong>palme de l&rsquo;h\u00e9bergement<\/strong> en 2018 revient \u00e0 l&rsquo;\u00e9co-h\u00f4tel Genesis Eco-Oasis, fabuleuse retraite perdue au milieu du Yucatan, dans un cadre serein et radieux.<\/p>\n<p><a href=\"http:\/\/arpenterlechemin.com\/index.php\/2018\/04\/25\/genesis-ek-balam\/\"><img decoding=\"async\" loading=\"lazy\" class=\"alignnone wp-image-4794 size-full\" src=\"http:\/\/arpenterlechemin.com\/wp-content\/uploads\/2018\/03\/Genesis-eco-oasis.jpg\" alt=\"\" width=\"1920\" height=\"1080\" srcset=\"https:\/\/arpenterlechemin.com\/wp-content\/uploads\/2018\/03\/Genesis-eco-oasis.jpg 1920w, https:\/\/arpenterlechemin.com\/wp-content\/uploads\/2018\/03\/Genesis-eco-oasis-300x169.jpg 300w, https:\/\/arpenterlechemin.com\/wp-content\/uploads\/2018\/03\/Genesis-eco-oasis-768x432.jpg 768w, https:\/\/arpenterlechemin.com\/wp-content\/uploads\/2018\/03\/Genesis-eco-oasis-1024x576.jpg 1024w\" sizes=\"(max-width: 1920px) 100vw, 1920px\" \/><\/a><\/p>\n<p><a href=\"http:\/\/arpenterlechemin.com\/index.php\/2018\/04\/03\/quatre-sites-mayas-incontournables-partie-1\/\"><img decoding=\"async\" loading=\"lazy\" class=\"aligncenter wp-image-4876 size-full\" src=\"http:\/\/arpenterlechemin.com\/wp-content\/uploads\/2018\/04\/Quatre-sites-maya-partie-1.jpg\" alt=\"\" width=\"1920\" height=\"1080\" srcset=\"https:\/\/arpenterlechemin.com\/wp-content\/uploads\/2018\/04\/Quatre-sites-maya-partie-1.jpg 1920w, https:\/\/arpenterlechemin.com\/wp-content\/uploads\/2018\/04\/Quatre-sites-maya-partie-1-300x169.jpg 300w, https:\/\/arpenterlechemin.com\/wp-content\/uploads\/2018\/04\/Quatre-sites-maya-partie-1-768x432.jpg 768w, https:\/\/arpenterlechemin.com\/wp-content\/uploads\/2018\/04\/Quatre-sites-maya-partie-1-1024x576.jpg 1024w\" sizes=\"(max-width: 1920px) 100vw, 1920px\" \/><\/a><\/p>\n<p><a href=\"http:\/\/arpenterlechemin.com\/index.php\/2018\/04\/09\/quatre-sites-mayas-incontournables-partie-2\/\"><img decoding=\"async\" loading=\"lazy\" class=\"aligncenter wp-image-4875 size-full\" src=\"http:\/\/arpenterlechemin.com\/wp-content\/uploads\/2018\/04\/Quatre-sites-maya-2\u00e8me-partie.jpg\" alt=\"\" width=\"1920\" height=\"1080\" srcset=\"https:\/\/arpenterlechemin.com\/wp-content\/uploads\/2018\/04\/Quatre-sites-maya-2\u00e8me-partie.jpg 1920w, https:\/\/arpenterlechemin.com\/wp-content\/uploads\/2018\/04\/Quatre-sites-maya-2\u00e8me-partie-300x169.jpg 300w, https:\/\/arpenterlechemin.com\/wp-content\/uploads\/2018\/04\/Quatre-sites-maya-2\u00e8me-partie-768x432.jpg 768w, https:\/\/arpenterlechemin.com\/wp-content\/uploads\/2018\/04\/Quatre-sites-maya-2\u00e8me-partie-1024x576.jpg 1024w\" sizes=\"(max-width: 1920px) 100vw, 1920px\" \/><\/a><\/p>\n<h3><span style=\"color: #333399;\">Avril<\/span><\/h3>\n<p>Le mois d&rsquo;avril est surtout marqu\u00e9 par ma participation au salon des blogueurs de voyage. Je profite de ce retour en Europe pour faire une belle escale \u00e0 <strong>Londres<\/strong>, une ville que j&rsquo;adore, et pour d\u00e9couvrir\u00a0<strong>l&rsquo;Aveyron <\/strong>et ses sp\u00e9cialit\u00e9s. La Couvertoirade, Millau, la Camargue&#8230; je passe une semaine enchant\u00e9e avec ma m\u00e8re, \u00e0 profiter du soleil de la fin avril. Je d\u00e9cerne ma <strong>palme de la gastronomie<\/strong> \u00e0 l&rsquo;aligot, que j&rsquo;ai go\u00fbt\u00e9 pour la premi\u00e8re fois cette ann\u00e9e ! Et rego\u00fbt\u00e9, histoire d&rsquo;\u00eatre s\u00fbre. Et ma <strong>palme du village \u00e0 croquer<\/strong> \u00e0 Peyre, perch\u00e9 entre falaises ocre et fleuve turquoise, une merveille de tranquillit\u00e9.<\/p>\n<p><a href=\"http:\/\/arpenterlechemin.com\/index.php\/2018\/05\/14\/citizenm-hotel-tendance-londres\/\"><img decoding=\"async\" loading=\"lazy\" class=\"aligncenter wp-image-4989 size-full\" src=\"http:\/\/arpenterlechemin.com\/wp-content\/uploads\/2018\/05\/citizenM-tower-of-London-titre-Arpenter-le-chemin-blog.jpg\" alt=\"citizenM tower of London titre Arpenter le chemin blog\" width=\"1920\" height=\"1080\" srcset=\"https:\/\/arpenterlechemin.com\/wp-content\/uploads\/2018\/05\/citizenM-tower-of-London-titre-Arpenter-le-chemin-blog.jpg 1920w, https:\/\/arpenterlechemin.com\/wp-content\/uploads\/2018\/05\/citizenM-tower-of-London-titre-Arpenter-le-chemin-blog-300x169.jpg 300w, https:\/\/arpenterlechemin.com\/wp-content\/uploads\/2018\/05\/citizenM-tower-of-London-titre-Arpenter-le-chemin-blog-768x432.jpg 768w, https:\/\/arpenterlechemin.com\/wp-content\/uploads\/2018\/05\/citizenM-tower-of-London-titre-Arpenter-le-chemin-blog-1024x576.jpg 1024w\" sizes=\"(max-width: 1920px) 100vw, 1920px\" \/><\/a><\/p>\n<p><a href=\"http:\/\/arpenterlechemin.com\/index.php\/2018\/05\/18\/londres-harry-potter-sherlock-holmes\/\"><img decoding=\"async\" loading=\"lazy\" class=\"aligncenter wp-image-5156 size-full\" src=\"http:\/\/arpenterlechemin.com\/wp-content\/uploads\/2018\/05\/Harry-Potter-Sherlock-Holmes-British-Library-Londres-UK-blog-voyage-Arpenter-le-chemin.jpg\" alt=\"Harry Potter Sherlock Holmes British Library Londres UK blog voyage Arpenter le chemin\" width=\"1920\" height=\"1080\" srcset=\"https:\/\/arpenterlechemin.com\/wp-content\/uploads\/2018\/05\/Harry-Potter-Sherlock-Holmes-British-Library-Londres-UK-blog-voyage-Arpenter-le-chemin.jpg 1920w, https:\/\/arpenterlechemin.com\/wp-content\/uploads\/2018\/05\/Harry-Potter-Sherlock-Holmes-British-Library-Londres-UK-blog-voyage-Arpenter-le-chemin-300x169.jpg 300w, https:\/\/arpenterlechemin.com\/wp-content\/uploads\/2018\/05\/Harry-Potter-Sherlock-Holmes-British-Library-Londres-UK-blog-voyage-Arpenter-le-chemin-768x432.jpg 768w, https:\/\/arpenterlechemin.com\/wp-content\/uploads\/2018\/05\/Harry-Potter-Sherlock-Holmes-British-Library-Londres-UK-blog-voyage-Arpenter-le-chemin-1024x576.jpg 1024w\" sizes=\"(max-width: 1920px) 100vw, 1920px\" \/><\/a><\/p>\n<p><a href=\"http:\/\/arpenterlechemin.com\/index.php\/2018\/05\/30\/villages-historiques-aveyron\/\"><img decoding=\"async\" loading=\"lazy\" class=\"aligncenter wp-image-5264 size-full\" src=\"http:\/\/arpenterlechemin.com\/wp-content\/uploads\/2018\/05\/villages-aveyron-millau-blog-voyage-arpenter-le-chemin.jpg\" alt=\"villages aveyron millau blog voyage arpenter le chemin\" width=\"1920\" height=\"1080\" srcset=\"https:\/\/arpenterlechemin.com\/wp-content\/uploads\/2018\/05\/villages-aveyron-millau-blog-voyage-arpenter-le-chemin.jpg 1920w, https:\/\/arpenterlechemin.com\/wp-content\/uploads\/2018\/05\/villages-aveyron-millau-blog-voyage-arpenter-le-chemin-300x169.jpg 300w, https:\/\/arpenterlechemin.com\/wp-content\/uploads\/2018\/05\/villages-aveyron-millau-blog-voyage-arpenter-le-chemin-768x432.jpg 768w, https:\/\/arpenterlechemin.com\/wp-content\/uploads\/2018\/05\/villages-aveyron-millau-blog-voyage-arpenter-le-chemin-1024x576.jpg 1024w\" sizes=\"(max-width: 1920px) 100vw, 1920px\" \/><\/a> \u00a0<a href=\"http:\/\/arpenterlechemin.com\/index.php\/2018\/05\/09\/aveyron-pays-emotion\/\"><img decoding=\"async\" loading=\"lazy\" class=\"aligncenter wp-image-5110 size-full\" src=\"http:\/\/arpenterlechemin.com\/wp-content\/uploads\/2018\/05\/Aveyron-Millau-salon-blogueurs-de-voyage-Arpenter-le-chemin.jpg\" alt=\"Aveyron Millau salon blogueurs de voyage Arpenter le chemin\" width=\"1920\" height=\"1080\" srcset=\"https:\/\/arpenterlechemin.com\/wp-content\/uploads\/2018\/05\/Aveyron-Millau-salon-blogueurs-de-voyage-Arpenter-le-chemin.jpg 1920w, https:\/\/arpenterlechemin.com\/wp-content\/uploads\/2018\/05\/Aveyron-Millau-salon-blogueurs-de-voyage-Arpenter-le-chemin-300x169.jpg 300w, https:\/\/arpenterlechemin.com\/wp-content\/uploads\/2018\/05\/Aveyron-Millau-salon-blogueurs-de-voyage-Arpenter-le-chemin-768x432.jpg 768w, https:\/\/arpenterlechemin.com\/wp-content\/uploads\/2018\/05\/Aveyron-Millau-salon-blogueurs-de-voyage-Arpenter-le-chemin-1024x576.jpg 1024w\" sizes=\"(max-width: 1920px) 100vw, 1920px\" \/><\/a><\/p>\n<h3><span style=\"color: #333399;\">Mai<\/span><\/h3>\n<p>La neige finit enfin de fondre, les bourgeons arrivent timidement&#8230; Je me consacre \u00e0 mon travail en attendant les beaux jours, en profitant quand m\u00eame d&rsquo;une petite sortie printani\u00e8re sous les pommiers en fleur. Le printemps est tardif \u00e0 Moncton, et c&rsquo;est un vrai soulagement quand on sait que la neige est partie pour de bon. Il est temps de se lancer dans l&rsquo;\u00e9t\u00e9 !<\/p>\n<p><a href=\"http:\/\/arpenterlechemin.com\/index.php\/2018\/06\/02\/pommiers-fleur-memramcook\/\"><img decoding=\"async\" loading=\"lazy\" class=\"aligncenter wp-image-5277 size-full\" src=\"http:\/\/arpenterlechemin.com\/wp-content\/uploads\/2018\/06\/pommiers-memramcook-moncton.jpg\" alt=\"pommiers memramcook moncton\" width=\"1920\" height=\"1080\" srcset=\"https:\/\/arpenterlechemin.com\/wp-content\/uploads\/2018\/06\/pommiers-memramcook-moncton.jpg 1920w, https:\/\/arpenterlechemin.com\/wp-content\/uploads\/2018\/06\/pommiers-memramcook-moncton-300x169.jpg 300w, https:\/\/arpenterlechemin.com\/wp-content\/uploads\/2018\/06\/pommiers-memramcook-moncton-768x432.jpg 768w, https:\/\/arpenterlechemin.com\/wp-content\/uploads\/2018\/06\/pommiers-memramcook-moncton-1024x576.jpg 1024w\" sizes=\"(max-width: 1920px) 100vw, 1920px\" \/><\/a><\/p>\n<h3><span style=\"color: #333399;\">Juin<\/span><\/h3>\n<p>En juin, j&rsquo;ai la chance de faire deux voyages de presse : l&rsquo;un \u00e0 <strong>Hampton<\/strong>, jolie petite bourgade o\u00f9 la m\u00e9t\u00e9o nous fait malheureusement d\u00e9faut, mais qui me donne \u00e9norm\u00e9ment envie de revenir sous de meilleurs auspices. Et l&rsquo;autre \u00e0 <strong>Fredericton<\/strong>, la capitale du Nouveau-Brunswick, pour un week-end estival parfait, entre pow-wow et belles balades, librairie enchant\u00e9e et h\u00f4tel de r\u00eave.<\/p>\n<p><a href=\"http:\/\/arpenterlechemin.com\/index.php\/2018\/06\/26\/fredericton-guide-pratique\/\"><img decoding=\"async\" loading=\"lazy\" class=\"aligncenter wp-image-5556 size-full\" src=\"http:\/\/arpenterlechemin.com\/wp-content\/uploads\/2018\/06\/Fredericton-voyage-tourisme-nouveau-brunswick-canada.jpg\" alt=\"Fredericton voyage tourisme nouveau-brunswick canada\" width=\"1920\" height=\"1080\" srcset=\"https:\/\/arpenterlechemin.com\/wp-content\/uploads\/2018\/06\/Fredericton-voyage-tourisme-nouveau-brunswick-canada.jpg 1920w, https:\/\/arpenterlechemin.com\/wp-content\/uploads\/2018\/06\/Fredericton-voyage-tourisme-nouveau-brunswick-canada-300x169.jpg 300w, https:\/\/arpenterlechemin.com\/wp-content\/uploads\/2018\/06\/Fredericton-voyage-tourisme-nouveau-brunswick-canada-768x432.jpg 768w, https:\/\/arpenterlechemin.com\/wp-content\/uploads\/2018\/06\/Fredericton-voyage-tourisme-nouveau-brunswick-canada-1024x576.jpg 1024w\" sizes=\"(max-width: 1920px) 100vw, 1920px\" \/><\/a><\/p>\n<p><a href=\"http:\/\/arpenterlechemin.com\/index.php\/2018\/07\/20\/hampton-nouveau-brunswick\/\"><img decoding=\"async\" loading=\"lazy\" class=\"alignnone wp-image-5632 size-full\" src=\"http:\/\/arpenterlechemin.com\/wp-content\/uploads\/2018\/07\/Hampton-NB-voyage-blog-arpenter-le-chemin-Nouveau-Brunswick-canada.jpg\" alt=\"Hampton NB voyage blog arpenter le chemin Nouveau-Brunswick canada\" width=\"1920\" height=\"1080\" srcset=\"https:\/\/arpenterlechemin.com\/wp-content\/uploads\/2018\/07\/Hampton-NB-voyage-blog-arpenter-le-chemin-Nouveau-Brunswick-canada.jpg 1920w, https:\/\/arpenterlechemin.com\/wp-content\/uploads\/2018\/07\/Hampton-NB-voyage-blog-arpenter-le-chemin-Nouveau-Brunswick-canada-300x169.jpg 300w, https:\/\/arpenterlechemin.com\/wp-content\/uploads\/2018\/07\/Hampton-NB-voyage-blog-arpenter-le-chemin-Nouveau-Brunswick-canada-768x432.jpg 768w, https:\/\/arpenterlechemin.com\/wp-content\/uploads\/2018\/07\/Hampton-NB-voyage-blog-arpenter-le-chemin-Nouveau-Brunswick-canada-1024x576.jpg 1024w\" sizes=\"(max-width: 1920px) 100vw, 1920px\" \/><\/a><\/p>\n<h3><span style=\"color: #333399;\">Juillet<\/span><\/h3>\n<p>L&rsquo;\u00e9t\u00e9 commence r\u00e9ellement avec une semaine en <strong>Gasp\u00e9sie<\/strong> avec ma m\u00e8re et mon chien. Un road-trip intense, o\u00f9 on passe de sites merveilleux en sites magnifiques. Je r\u00eave d&rsquo;y retourner ! Ma <strong>palme du parc national<\/strong> revient cette ann\u00e9e au parc du Rocher Perc\u00e9 et de l&rsquo;\u00cele Bonaventure, lieu hors du temps \u00e0 quelque encablures de la p\u00e9ninsule, berc\u00e9 du vent du large et sanctuaire ornithologique&#8230; Une vraie merveille que je vous recommande chaudement.<\/p>\n<p><a href=\"http:\/\/arpenterlechemin.com\/index.php\/2018\/07\/24\/road-trip-gaspesie\/\"><img decoding=\"async\" loading=\"lazy\" class=\"wp-image-5740 size-full aligncenter\" src=\"http:\/\/arpenterlechemin.com\/wp-content\/uploads\/2018\/07\/itineraire-gaspesie-quebec-blog-voyage-titre-Custom.jpg\" alt=\"\" width=\"1024\" height=\"576\" srcset=\"https:\/\/arpenterlechemin.com\/wp-content\/uploads\/2018\/07\/itineraire-gaspesie-quebec-blog-voyage-titre-Custom.jpg 1024w, https:\/\/arpenterlechemin.com\/wp-content\/uploads\/2018\/07\/itineraire-gaspesie-quebec-blog-voyage-titre-Custom-300x169.jpg 300w, https:\/\/arpenterlechemin.com\/wp-content\/uploads\/2018\/07\/itineraire-gaspesie-quebec-blog-voyage-titre-Custom-768x432.jpg 768w\" sizes=\"(max-width: 1024px) 100vw, 1024px\" \/><\/a><\/p>\n<p><a href=\"http:\/\/arpenterlechemin.com\/index.php\/2018\/08\/07\/rocher-perce-ile-bonaventure-gaspesie\/\"><img decoding=\"async\" loading=\"lazy\" class=\"aligncenter wp-image-5810 size-full\" src=\"http:\/\/arpenterlechemin.com\/wp-content\/uploads\/2018\/07\/ile-bonaventure-fous-de-bassan-perce-gaspesie-quebec-blog-voyage-titre-bonnes-adresses.jpg\" alt=\"ile bonaventure fous de bassan perce gaspesie quebec blog voyage titre bonnes adresses\" width=\"1920\" height=\"1080\" srcset=\"https:\/\/arpenterlechemin.com\/wp-content\/uploads\/2018\/07\/ile-bonaventure-fous-de-bassan-perce-gaspesie-quebec-blog-voyage-titre-bonnes-adresses.jpg 1920w, https:\/\/arpenterlechemin.com\/wp-content\/uploads\/2018\/07\/ile-bonaventure-fous-de-bassan-perce-gaspesie-quebec-blog-voyage-titre-bonnes-adresses-768x432.jpg 768w\" sizes=\"(max-width: 1920px) 100vw, 1920px\" \/><\/a><\/p>\n<p><a href=\"http:\/\/arpenterlechemin.com\/index.php\/2018\/07\/31\/hebergements-insolites-gaspesie\/\"><img decoding=\"async\" loading=\"lazy\" class=\"aligncenter wp-image-5730 size-full\" src=\"http:\/\/arpenterlechemin.com\/wp-content\/uploads\/2018\/07\/hebergements-gaspesie-quebec-blog-voyage-titre-bonnes-adresses.jpg\" alt=\"hebergements gaspesie quebec blog voyage titre bonnes adresses\" width=\"1024\" height=\"576\" srcset=\"https:\/\/arpenterlechemin.com\/wp-content\/uploads\/2018\/07\/hebergements-gaspesie-quebec-blog-voyage-titre-bonnes-adresses.jpg 1024w, https:\/\/arpenterlechemin.com\/wp-content\/uploads\/2018\/07\/hebergements-gaspesie-quebec-blog-voyage-titre-bonnes-adresses-300x169.jpg 300w, https:\/\/arpenterlechemin.com\/wp-content\/uploads\/2018\/07\/hebergements-gaspesie-quebec-blog-voyage-titre-bonnes-adresses-768x432.jpg 768w\" sizes=\"(max-width: 1024px) 100vw, 1024px\" \/><\/a><\/p>\n<h3><span style=\"color: #333399;\">Ao\u00fbt<\/span><\/h3>\n<p>Avec Etienne, c&rsquo;est l&rsquo;heure de notre semaine de vacances estivales annuelles. Direction l&rsquo;autre c\u00f4t\u00e9 de la fronti\u00e8re : le <strong>Maine<\/strong> et le parc national Acadia. Pas de palme pour cette destination (hormis peut-\u00eatre la <strong>palme du plus gros frisson<\/strong> de l&rsquo;ann\u00e9e&#8230; lire un Stephen King au fond d&rsquo;un camping pas \u00e9clair\u00e9, ce n&rsquo;\u00e9tait pas l&rsquo;id\u00e9e du si\u00e8cle !), mais nous appr\u00e9cions le changement de d\u00e9cor dans ce parc que nous souhaitions visiter depuis longtemps.<\/p>\n<p><a href=\"http:\/\/arpenterlechemin.com\/index.php\/2018\/09\/18\/incontournables-acadia-national-park\/\"><img decoding=\"async\" loading=\"lazy\" class=\"size-full wp-image-6004 aligncenter\" src=\"http:\/\/arpenterlechemin.com\/wp-content\/uploads\/2018\/08\/titre-incontournables-essentiels-acadia-national-park-maine-etats-unis-blog-voyage-road-trip-arpenter-le-chemin.jpg\" alt=\"titre incontournables essentiels acadia national park maine etats-unis blog voyage road-trip arpenter le chemin\" width=\"1920\" height=\"1080\" srcset=\"https:\/\/arpenterlechemin.com\/wp-content\/uploads\/2018\/08\/titre-incontournables-essentiels-acadia-national-park-maine-etats-unis-blog-voyage-road-trip-arpenter-le-chemin.jpg 1920w, https:\/\/arpenterlechemin.com\/wp-content\/uploads\/2018\/08\/titre-incontournables-essentiels-acadia-national-park-maine-etats-unis-blog-voyage-road-trip-arpenter-le-chemin-768x432.jpg 768w\" sizes=\"(max-width: 1920px) 100vw, 1920px\" \/><\/a><\/p>\n<p><a href=\"http:\/\/arpenterlechemin.com\/index.php\/2018\/09\/26\/randonnees-acadia-precipice-trail\/\"><img decoding=\"async\" loading=\"lazy\" class=\"size-full wp-image-6019 aligncenter\" src=\"http:\/\/arpenterlechemin.com\/wp-content\/uploads\/2018\/08\/randonnees-acadia-national-park-maine-etats-unis-blog-voyage-road-trip-arpenter-le-chemin.jpg\" alt=\"randonnees acadia national park maine etats-unis blog voyage road-trip arpenter le chemin\" width=\"1920\" height=\"1080\" srcset=\"https:\/\/arpenterlechemin.com\/wp-content\/uploads\/2018\/08\/randonnees-acadia-national-park-maine-etats-unis-blog-voyage-road-trip-arpenter-le-chemin.jpg 1920w, https:\/\/arpenterlechemin.com\/wp-content\/uploads\/2018\/08\/randonnees-acadia-national-park-maine-etats-unis-blog-voyage-road-trip-arpenter-le-chemin-768x432.jpg 768w\" sizes=\"(max-width: 1920px) 100vw, 1920px\" \/><\/a><\/p>\n<p>C&rsquo;est aussi en ao\u00fbt que je dis <strong>au revoir \u00e0 mon petit van<\/strong>, dont le souvenir me serre toujours le coeur. Des fois, la vie ne se passe pas comme on voudrait&#8230;<\/p>\n<p><a href=\"http:\/\/arpenterlechemin.com\/index.php\/2018\/10\/03\/vendre-van\/\"><img decoding=\"async\" loading=\"lazy\" class=\"alignnone size-full wp-image-6119\" src=\"http:\/\/arpenterlechemin.com\/wp-content\/uploads\/2018\/09\/vendre-van-canada-experience-pvt-road-trip-blog-voyage-arpenter-le-chemin.jpg\" alt=\"vendre van canada experience pvt road-trip blog voyage arpenter le chemin\" width=\"1920\" height=\"1080\" srcset=\"https:\/\/arpenterlechemin.com\/wp-content\/uploads\/2018\/09\/vendre-van-canada-experience-pvt-road-trip-blog-voyage-arpenter-le-chemin.jpg 1920w, https:\/\/arpenterlechemin.com\/wp-content\/uploads\/2018\/09\/vendre-van-canada-experience-pvt-road-trip-blog-voyage-arpenter-le-chemin-768x432.jpg 768w\" sizes=\"(max-width: 1920px) 100vw, 1920px\" \/><\/a><\/p>\n<h3><span style=\"color: #333399;\">Septembre<\/span><\/h3>\n<p>J&rsquo;appr\u00e9cie l&rsquo;arri\u00e8re-saison et je me repose car deux mois intenses se profilent. L&rsquo;automne est doux et agr\u00e9able, c&rsquo;est un plaisir de d\u00e9couvrir de nouvelles activit\u00e9s comme le <strong>labyrinthe de tournesols<\/strong> \u00e0 Aulac, \u00e0 la fronti\u00e8re avec la Nouvelle-\u00c9cosse.<\/p>\n<p><a href=\"http:\/\/arpenterlechemin.com\/index.php\/2018\/09\/11\/activites-automne-canada\/\"><img decoding=\"async\" loading=\"lazy\" class=\"aligncenter wp-image-6063 size-full\" src=\"http:\/\/arpenterlechemin.com\/wp-content\/uploads\/2018\/09\/titre-automne-activites-canada-ete-indien-moncton-nouveau-brunswick-labyrinthe-road-trip-voyage-arpenter-le-chemin.jpg\" alt=\"titre automne activites canada ete indien moncton nouveau-brunswick labyrinthe road-trip voyage arpenter le chemin\" width=\"1920\" height=\"1080\" srcset=\"https:\/\/arpenterlechemin.com\/wp-content\/uploads\/2018\/09\/titre-automne-activites-canada-ete-indien-moncton-nouveau-brunswick-labyrinthe-road-trip-voyage-arpenter-le-chemin.jpg 1920w, https:\/\/arpenterlechemin.com\/wp-content\/uploads\/2018\/09\/titre-automne-activites-canada-ete-indien-moncton-nouveau-brunswick-labyrinthe-road-trip-voyage-arpenter-le-chemin-768x432.jpg 768w\" sizes=\"(max-width: 1920px) 100vw, 1920px\" \/><\/a><\/p>\n<h3><span style=\"color: #333399;\">Octobre<\/span><\/h3>\n<p>En octobre, un autre voyage de presse : le parc provincial du <strong>Mont Carleton<\/strong> par\u00e9 de ses plus belles couleurs d&rsquo;automne. Nous avons un plaisir immense \u00e0 voir la province dans ses atours de feu. <strong>Palme absolue du paysage d&rsquo;automne !!<\/strong> Je profite de la visite d&rsquo;une ch\u00e8re amie pour filer en direction de <strong>Boston<\/strong> le temps d&rsquo;une semaine de road-trip en Nouvelle-Angleterre, et je d\u00e9cerne \u00e0 cette belle ville historique la <strong>palme de l&rsquo;escapade<\/strong> de l&rsquo;ann\u00e9e. Si vous habitez non loin, au Qu\u00e9bec ou aux \u00c9tats-Unis, je vous la conseille pour une escapade de quelques jours. Citrouilles, feuilles d&rsquo;automne et beau soleil, tous les ingr\u00e9dients pour un road-trip d&rsquo;automne.<\/p>\n<p>Fin octobre, Etienne et moi mettons le cap vers notre gros voyage annuel, direction l&rsquo;Asie, \u00e0 commencer par une petite escale \u00e0 <strong>P\u00e9kin<\/strong>.<\/p>\n<p><a href=\"http:\/\/arpenterlechemin.com\/index.php\/2018\/10\/17\/road-trip-nouveau-brunswick-octobre\/\"><img decoding=\"async\" loading=\"lazy\" class=\"aligncenter wp-image-6222 size-full\" src=\"http:\/\/arpenterlechemin.com\/wp-content\/uploads\/2018\/10\/titre-canada-nouveau-brunswick-automne-thanksgiving-blog-voyage-road-trip-arpenter-le-chemin.png\" alt=\"titre canada nouveau-brunswick automne thanksgiving blog voyage road-trip arpenter le chemin\" width=\"1040\" height=\"585\" srcset=\"https:\/\/arpenterlechemin.com\/wp-content\/uploads\/2018\/10\/titre-canada-nouveau-brunswick-automne-thanksgiving-blog-voyage-road-trip-arpenter-le-chemin.png 1040w, https:\/\/arpenterlechemin.com\/wp-content\/uploads\/2018\/10\/titre-canada-nouveau-brunswick-automne-thanksgiving-blog-voyage-road-trip-arpenter-le-chemin-500x280.png 500w, https:\/\/arpenterlechemin.com\/wp-content\/uploads\/2018\/10\/titre-canada-nouveau-brunswick-automne-thanksgiving-blog-voyage-road-trip-arpenter-le-chemin-690x388.png 690w, https:\/\/arpenterlechemin.com\/wp-content\/uploads\/2018\/10\/titre-canada-nouveau-brunswick-automne-thanksgiving-blog-voyage-road-trip-arpenter-le-chemin-768x432.png 768w, https:\/\/arpenterlechemin.com\/wp-content\/uploads\/2018\/10\/titre-canada-nouveau-brunswick-automne-thanksgiving-blog-voyage-road-trip-arpenter-le-chemin-942x530.png 942w\" sizes=\"(max-width: 1040px) 100vw, 1040px\" \/><\/a><\/p>\n<p><a href=\"http:\/\/arpenterlechemin.com\/index.php\/2018\/11\/14\/activites-boston\/\"><img decoding=\"async\" loading=\"lazy\" class=\"aligncenter wp-image-6416 size-full\" src=\"http:\/\/arpenterlechemin.com\/wp-content\/uploads\/2018\/11\/itineraire-boston-que-voir-visite-blog-voyage-arpenter-le-chemin.jpg\" alt=\"itineraire boston que voir visite blog voyage arpenter le chemin\" width=\"1920\" height=\"1080\" srcset=\"https:\/\/arpenterlechemin.com\/wp-content\/uploads\/2018\/11\/itineraire-boston-que-voir-visite-blog-voyage-arpenter-le-chemin.jpg 1920w, https:\/\/arpenterlechemin.com\/wp-content\/uploads\/2018\/11\/itineraire-boston-que-voir-visite-blog-voyage-arpenter-le-chemin-500x280.jpg 500w, https:\/\/arpenterlechemin.com\/wp-content\/uploads\/2018\/11\/itineraire-boston-que-voir-visite-blog-voyage-arpenter-le-chemin-690x388.jpg 690w, https:\/\/arpenterlechemin.com\/wp-content\/uploads\/2018\/11\/itineraire-boston-que-voir-visite-blog-voyage-arpenter-le-chemin-768x432.jpg 768w, https:\/\/arpenterlechemin.com\/wp-content\/uploads\/2018\/11\/itineraire-boston-que-voir-visite-blog-voyage-arpenter-le-chemin-1040x585.jpg 1040w\" sizes=\"(max-width: 1920px) 100vw, 1920px\" \/><\/a><\/p>\n<p><a href=\"http:\/\/arpenterlechemin.com\/index.php\/2018\/11\/01\/etats-unis-road-trip-automne-halloween\/\"><img decoding=\"async\" loading=\"lazy\" class=\"alignnone wp-image-6386 size-full\" src=\"http:\/\/arpenterlechemin.com\/wp-content\/uploads\/2018\/11\/road-trip-nouvelle-angleterre-salem-boston-bangor-octobre-halloween-blog-voyage-arpenter-le-chemin.jpg\" alt=\"road-trip nouvelle-angleterre salem boston bangor octobre halloween blog voyage arpenter le chemin\" width=\"1920\" height=\"1080\" srcset=\"https:\/\/arpenterlechemin.com\/wp-content\/uploads\/2018\/11\/road-trip-nouvelle-angleterre-salem-boston-bangor-octobre-halloween-blog-voyage-arpenter-le-chemin.jpg 1920w, https:\/\/arpenterlechemin.com\/wp-content\/uploads\/2018\/11\/road-trip-nouvelle-angleterre-salem-boston-bangor-octobre-halloween-blog-voyage-arpenter-le-chemin-500x280.jpg 500w, https:\/\/arpenterlechemin.com\/wp-content\/uploads\/2018\/11\/road-trip-nouvelle-angleterre-salem-boston-bangor-octobre-halloween-blog-voyage-arpenter-le-chemin-690x388.jpg 690w, https:\/\/arpenterlechemin.com\/wp-content\/uploads\/2018\/11\/road-trip-nouvelle-angleterre-salem-boston-bangor-octobre-halloween-blog-voyage-arpenter-le-chemin-768x432.jpg 768w, https:\/\/arpenterlechemin.com\/wp-content\/uploads\/2018\/11\/road-trip-nouvelle-angleterre-salem-boston-bangor-octobre-halloween-blog-voyage-arpenter-le-chemin-1040x585.jpg 1040w\" sizes=\"(max-width: 1920px) 100vw, 1920px\" \/><\/a><\/p>\n<p><a href=\"http:\/\/arpenterlechemin.com\/index.php\/2018\/11\/21\/chine-escale-pekin\/\"><img decoding=\"async\" loading=\"lazy\" class=\"aligncenter wp-image-6438 size-full\" src=\"http:\/\/arpenterlechemin.com\/wp-content\/uploads\/2018\/11\/longue-escale-chine-pekin-asie-que-faire-blog-voyage-arpenter-le-chemin.jpg\" alt=\"longue escale chine pekin asie que faire blog voyage arpenter le chemin\" width=\"1920\" height=\"1080\" srcset=\"https:\/\/arpenterlechemin.com\/wp-content\/uploads\/2018\/11\/longue-escale-chine-pekin-asie-que-faire-blog-voyage-arpenter-le-chemin.jpg 1920w, https:\/\/arpenterlechemin.com\/wp-content\/uploads\/2018\/11\/longue-escale-chine-pekin-asie-que-faire-blog-voyage-arpenter-le-chemin-500x280.jpg 500w, https:\/\/arpenterlechemin.com\/wp-content\/uploads\/2018\/11\/longue-escale-chine-pekin-asie-que-faire-blog-voyage-arpenter-le-chemin-690x388.jpg 690w, https:\/\/arpenterlechemin.com\/wp-content\/uploads\/2018\/11\/longue-escale-chine-pekin-asie-que-faire-blog-voyage-arpenter-le-chemin-768x432.jpg 768w, https:\/\/arpenterlechemin.com\/wp-content\/uploads\/2018\/11\/longue-escale-chine-pekin-asie-que-faire-blog-voyage-arpenter-le-chemin-1040x585.jpg 1040w\" sizes=\"(max-width: 1920px) 100vw, 1920px\" \/><\/a><\/p>\n<h3><span style=\"color: #333399;\">Novembre<\/span><\/h3>\n<p>Nous passons les trois premi\u00e8res semaines de novembre en <strong>Cor\u00e9e du Sud<\/strong>, entre S\u00e9oul et Busan. Un voyage radieux qui nous laisse un go\u00fbt de reviens-y.\u00a0Ce voyage est sans doute celui que j&rsquo;ai pr\u00e9f\u00e9r\u00e9 cette ann\u00e9e : la <strong>palme de la destination 2018<\/strong> revient \u00e0 la Cor\u00e9e, et je suis loin d&rsquo;en avoir fini avec elle sur le blog ! Un temps savoureux, une culture incroyable, des exp\u00e9riences culturelles en veux-tu en voil\u00e0, le tout dans un pays facile \u00e0 naviguer et avec un co\u00fbt de la vie tr\u00e8s raisonnable&#8230; j&rsquo;en redemande !<\/p>\n<p>Nous finissons le mois de novembre avec une semaine au <strong>Japon<\/strong>, entre Kyoto et Osaka. Je retrouve avec plaisir ce pays que j&rsquo;adore et que je visite en automne pour la premi\u00e8re fois. Je n&rsquo;ai pas encore publi\u00e9 de chroniques \u00e0 ce sujet mais je vous mets une photo en avant-premi\u00e8re !<\/p>\n<p><a href=\"http:\/\/arpenterlechemin.com\/index.php\/2018\/12\/06\/coree-sud-que-faire-seoul\/\"><img decoding=\"async\" loading=\"lazy\" class=\"aligncenter wp-image-6558 size-full\" src=\"http:\/\/arpenterlechemin.com\/wp-content\/uploads\/2018\/12\/decouvrir-seoul-a-pied-circuit-coree-du-sud-voyage-asie-blog-arpenter-le-chemin.jpg\" alt=\"decouvrir seoul a pied circuit coree du sud voyage asie blog arpenter le chemin\" width=\"1920\" height=\"1080\" srcset=\"https:\/\/arpenterlechemin.com\/wp-content\/uploads\/2018\/12\/decouvrir-seoul-a-pied-circuit-coree-du-sud-voyage-asie-blog-arpenter-le-chemin.jpg 1920w, https:\/\/arpenterlechemin.com\/wp-content\/uploads\/2018\/12\/decouvrir-seoul-a-pied-circuit-coree-du-sud-voyage-asie-blog-arpenter-le-chemin-500x280.jpg 500w, https:\/\/arpenterlechemin.com\/wp-content\/uploads\/2018\/12\/decouvrir-seoul-a-pied-circuit-coree-du-sud-voyage-asie-blog-arpenter-le-chemin-690x388.jpg 690w, https:\/\/arpenterlechemin.com\/wp-content\/uploads\/2018\/12\/decouvrir-seoul-a-pied-circuit-coree-du-sud-voyage-asie-blog-arpenter-le-chemin-768x432.jpg 768w, https:\/\/arpenterlechemin.com\/wp-content\/uploads\/2018\/12\/decouvrir-seoul-a-pied-circuit-coree-du-sud-voyage-asie-blog-arpenter-le-chemin-1040x585.jpg 1040w\" sizes=\"(max-width: 1920px) 100vw, 1920px\" \/><\/a><\/p>\n<p><a href=\"http:\/\/arpenterlechemin.com\/index.php\/2018\/11\/28\/coree-du-sud-deux-jours-dans-un-temple-bouddhiste-en-templestay\/\"> <img decoding=\"async\" loading=\"lazy\" class=\"aligncenter wp-image-6480 size-full\" src=\"http:\/\/arpenterlechemin.com\/wp-content\/uploads\/2018\/12\/templestay-gyeongju-coree-du-sud-voyage-asie-blog-arpenter-le-chemin.jpg\" alt=\"templestay gyeongju coree du sud voyage asie blog arpenter le chemin\" width=\"1920\" height=\"1080\" srcset=\"https:\/\/arpenterlechemin.com\/wp-content\/uploads\/2018\/12\/templestay-gyeongju-coree-du-sud-voyage-asie-blog-arpenter-le-chemin.jpg 1920w, https:\/\/arpenterlechemin.com\/wp-content\/uploads\/2018\/12\/templestay-gyeongju-coree-du-sud-voyage-asie-blog-arpenter-le-chemin-500x280.jpg 500w, https:\/\/arpenterlechemin.com\/wp-content\/uploads\/2018\/12\/templestay-gyeongju-coree-du-sud-voyage-asie-blog-arpenter-le-chemin-690x388.jpg 690w, https:\/\/arpenterlechemin.com\/wp-content\/uploads\/2018\/12\/templestay-gyeongju-coree-du-sud-voyage-asie-blog-arpenter-le-chemin-768x432.jpg 768w, https:\/\/arpenterlechemin.com\/wp-content\/uploads\/2018\/12\/templestay-gyeongju-coree-du-sud-voyage-asie-blog-arpenter-le-chemin-1040x585.jpg 1040w\" sizes=\"(max-width: 1920px) 100vw, 1920px\" \/><\/a><\/p>\n<p><img decoding=\"async\" loading=\"lazy\" class=\"aligncenter size-full wp-image-6668\" src=\"http:\/\/arpenterlechemin.com\/wp-content\/uploads\/2018\/12\/Kyoto-automne-kiyomizudera-japon-voyage-asie-blog-arpenter-le-chemin.jpg\" alt=\"Kyoto automne kiyomizudera japon voyage asie blog arpenter le chemin\" width=\"4156\" height=\"2338\" srcset=\"https:\/\/arpenterlechemin.com\/wp-content\/uploads\/2018\/12\/Kyoto-automne-kiyomizudera-japon-voyage-asie-blog-arpenter-le-chemin.jpg 4156w, https:\/\/arpenterlechemin.com\/wp-content\/uploads\/2018\/12\/Kyoto-automne-kiyomizudera-japon-voyage-asie-blog-arpenter-le-chemin-500x280.jpg 500w, https:\/\/arpenterlechemin.com\/wp-content\/uploads\/2018\/12\/Kyoto-automne-kiyomizudera-japon-voyage-asie-blog-arpenter-le-chemin-690x388.jpg 690w, https:\/\/arpenterlechemin.com\/wp-content\/uploads\/2018\/12\/Kyoto-automne-kiyomizudera-japon-voyage-asie-blog-arpenter-le-chemin-768x432.jpg 768w, https:\/\/arpenterlechemin.com\/wp-content\/uploads\/2018\/12\/Kyoto-automne-kiyomizudera-japon-voyage-asie-blog-arpenter-le-chemin-1040x585.jpg 1040w\" sizes=\"(max-width: 4156px) 100vw, 4156px\" \/><\/p>\n<p style=\"text-align: center;\"><em>Le sublime temple Kiyomizu-dera \u00e0 Kyoto<\/em><\/p>\n<h3><span style=\"color: #333399;\">D\u00e9cembre<\/span><\/h3>\n<p>Fatigu\u00e9s et l\u00e9g\u00e8rement ruin\u00e9s (humour), le mois de d\u00e9cembre est un mois de repli sur nous, pour nous reposer de cette ann\u00e9e tr\u00e9pidante. Une ann\u00e9e, trois continents, huit pays&#8230; il est temps de rattraper un peu de sommeil !<\/p>\n<h3><span style=\"color: #333399;\">Vos chroniques pr\u00e9f\u00e9r\u00e9es en 2018<\/span><\/h3>\n<p>\u00c0 l&rsquo;heure o\u00f9 j&rsquo;\u00e9cris ce billet, le 16 d\u00e9cembre, voici un petit classement de vos dix chroniques pr\u00e9f\u00e9r\u00e9es cette ann\u00e9e :<\/p>\n<ul>\n<li>Sans surprise, c&rsquo;est mon vieux billet sur les <a href=\"http:\/\/arpenterlechemin.com\/index.php\/2016\/10\/31\/top-5-des-endroits-secrets-a-lyon-2\/\">endroits secrets \u00e0 Lyon<\/a> qui tient toujours le haut du pav\u00e9, \u00e0 des ann\u00e9es-lumi\u00e8res devant les autres. Une petite \u00e9tude de mes mots-cl\u00e9s les plus forts me porte \u00e0 croire que les lecteurs y arrivent pour les mauvaises raisons, car on trouverait des \u00ab\u00a0endroits secrets\u00a0\u00bb sur l&rsquo;\u00cele-Barbe o\u00f9 il se passe des choses louches&#8230; *regard entendu<\/li>\n<li>Le premier \u00e9pisode de ma s\u00e9rie \u00ab\u00a0Retaper son van\u00a0\u00bb, \u00e0 savoir <a href=\"http:\/\/arpenterlechemin.com\/index.php\/2017\/05\/29\/retaper-son-van-episode-1-bien-choisir-son-van\/\">Bien choisir son van<\/a> fait toujours des \u00e9mules. Je ne peux m&#8217;emp\u00eacher de ressentir un petit pincement au coeur en vous imaginant \u00e0 la recherche d&rsquo;un van, mais je vous encourage !<\/li>\n<li><a href=\"http:\/\/arpenterlechemin.com\/index.php\/2017\/05\/11\/ces-livres-qui-nous-transportent\/\">Sept livres qui font voyager<\/a>, une chronique collaborative que j&rsquo;ai eu plaisir \u00e0 compiler. Pourquoi ne pas y piocher des id\u00e9es de cadeaux de No\u00ebl ?<\/li>\n<li><a href=\"http:\/\/arpenterlechemin.com\/index.php\/2017\/03\/22\/temps-sucres-paquetville\/\">Cinq raisons de se sucrer le bec \u00e0 Paquetville<\/a> est une chronique qui a fait un tabac l&rsquo;an dernier&#8230; \u00e0 Paquetville \ud83d\ude00 Je pense que tout le village a lu ma chronique, j&rsquo;ai m\u00eame eu les f\u00e9licitations du maire !!<\/li>\n<li>\u00c0 l&rsquo;occasion de la journ\u00e9e internationale de lutte pour les droits des femmes, j&rsquo;avais r\u00e9uni <a href=\"http:\/\/arpenterlechemin.com\/index.php\/2018\/03\/08\/douze-blogs-de-voyageuses-solo\/\">Douze blogs de voyageuses solo<\/a> pour c\u00e9l\u00e9brer l&rsquo;esprit d&rsquo;aventure de mes ch\u00e8res consoeurs.<\/li>\n<li>Vous semblez aimer le Mexique avec mon <a href=\"http:\/\/arpenterlechemin.com\/index.php\/2018\/02\/02\/mexique-itineraire-dune-semaine-solo-yucatan\/\">itin\u00e9raire d&rsquo;une semaine dans le Yucatan en solo<\/a>. Vous avez bien raison ! La p\u00e9ninsule du Yucatan est un endroit merveilleux que j&rsquo;ai eu plaisir \u00e0 red\u00e9couvrir en d\u00e9but d&rsquo;ann\u00e9e.<\/li>\n<li>Et mon chien, on en parle ? <a href=\"http:\/\/arpenterlechemin.com\/index.php\/2018\/05\/23\/chien-voyage\/\">Jamais son mon chien en voyage<\/a> ! Jamais sans ma boule de poils pot de colle avec sa bouille adorable et ses poils. Beaucoup de poils. Voyager avec un chien, \u00e7a demande de l&rsquo;organisation et ce n&rsquo;est pas toujours dr\u00f4le, mais personnellement, j&rsquo;aime assez.<\/li>\n<li><a href=\"http:\/\/arpenterlechemin.com\/index.php\/2018\/05\/30\/villages-historiques-aveyron\/\">Les villages historiques autour de Millau<\/a> sont formidables, et je garde un souvenir \u00e9mu de cette incursion dans le Moyen-\u00c2ge du sud de la France. Rien que les vieilles pierres au soleil, j&rsquo;y retournerai bien&#8230;<\/li>\n<li><a href=\"http:\/\/arpenterlechemin.com\/index.php\/2017\/11\/29\/le-jour-ou-jai-pris-un-train-direct-entre-nice-et-moscou-le-riviera-express\/\">Le jour o\u00f9 j&rsquo;ai pris le train pour Moscou<\/a> : mon \u00e9pop\u00e9e en train de Nice \u00e0 Moscou \u00e0 travers l&rsquo;Europe, 48 heures dans un train pour ce qui reste sans doute une de mes plus grandes aventures personnelles. J&rsquo;ai bien peur que le Riviera Express ne soit plus en circulation mais si vous avez l&rsquo;occasion de traverser l&rsquo;Europe en train, je vous le recommande chaudement.<\/li>\n<li>Enfin, et c&rsquo;est une surprise, mon<a href=\"http:\/\/arpenterlechemin.com\/index.php\/2018\/07\/24\/road-trip-gaspesie\/\"> itin\u00e9raire d&rsquo;une semaine de road-trip en Gasp\u00e9sie<\/a> n&rsquo;est qu&rsquo;en dixi\u00e8me position du classement. Vous avez pourtant \u00e9t\u00e9 nombreux \u00e0 me suivre autour de la Gasp\u00e9sie sur les r\u00e9seaux sociaux cet \u00e9t\u00e9, et je le dis et le redis : c&rsquo;est une destination superbe qui vaut absolument le d\u00e9tour.<\/li>\n<\/ul>\n<p><a href=\"http:\/\/arpenterlechemin.com\/index.php\/2018\/05\/23\/chien-voyage\/\"><img decoding=\"async\" loading=\"lazy\" class=\"aligncenter wp-image-5227 size-full\" src=\"http:\/\/arpenterlechemin.com\/wp-content\/uploads\/2018\/05\/chien-samoyede-voyage-canada-nouveau-brunswick-arpenter-le-chemin.jpg\" alt=\"chien samoyede voyage canada nouveau-brunswick arpenter le chemin\" width=\"2270\" height=\"1277\" srcset=\"https:\/\/arpenterlechemin.com\/wp-content\/uploads\/2018\/05\/chien-samoyede-voyage-canada-nouveau-brunswick-arpenter-le-chemin.jpg 2270w, https:\/\/arpenterlechemin.com\/wp-content\/uploads\/2018\/05\/chien-samoyede-voyage-canada-nouveau-brunswick-arpenter-le-chemin-300x169.jpg 300w, https:\/\/arpenterlechemin.com\/wp-content\/uploads\/2018\/05\/chien-samoyede-voyage-canada-nouveau-brunswick-arpenter-le-chemin-768x432.jpg 768w, https:\/\/arpenterlechemin.com\/wp-content\/uploads\/2018\/05\/chien-samoyede-voyage-canada-nouveau-brunswick-arpenter-le-chemin-1024x576.jpg 1024w\" sizes=\"(max-width: 2270px) 100vw, 2270px\" \/><\/a><\/p>\n<p style=\"text-align: center;\"><em>Je ne r\u00e9siste jamais \u00e0 la tentation d&rsquo;inclure Indiana \u00e0 mes chroniques si je peux !<\/em><\/p>\n<h3><span style=\"color: #333399;\">Bilan professionnel pour le blog<\/span><\/h3>\n<p>Mon ann\u00e9e n&rsquo;a pas \u00e9t\u00e9 tr\u00e8s riche en partenariats r\u00e9mun\u00e9r\u00e9s : une unique mission pour Tourisme Nouveau-Brunswick. Mais quelle mission ! Le Mont Carleton en automne, je ne m&rsquo;en suis pas remise et j&rsquo;ai m\u00eame caress\u00e9 l&rsquo;id\u00e9e d&rsquo;aller m&rsquo;installer au sommet d&rsquo;un pic pour vivre la vie d&rsquo;ermite \u00e0 laquelle j&rsquo;aspire ! J&rsquo;ai n\u00e9anmoins eu l&rsquo;occasion de me rapprocher de professionnels du tourisme dans ma province, notamment \u00e0 Fredericton et \u00e0 Hampton, en esp\u00e9rant renouer ces liens l&rsquo;an prochain. Idem pour une premi\u00e8re collaboration avec Qu\u00e9bec Maritime, qui m&rsquo;a soutenue dans mon road-trip en Gasp\u00e9sie.<\/p>\n<p>Au cours des voyages pay\u00e9s avec mes sous, j&rsquo;ai pu profiter de quelques partenariats \u00e0 Londres (notamment le g\u00e9nial h\u00f4tel <a href=\"https:\/\/www.booking.com\/hotel\/gb\/citizenm-tower-of-london-london.en.html?aid=1571475&amp;no_rooms=1&amp;group_adults=1\">CitizenM Tower of London<\/a> et le rigolo h\u00f4tel-capsule Yotel \u00e0 Gatwick. En toute franchise, j&rsquo;ai lev\u00e9 un peu le pied sur les demandes de partenariats quand je ne voyage pas seule, car je sens bien que cela p\u00e8se \u00e0 Etienne et \u00e0 ma m\u00e8re, mes deux principaux co-voyageurs. Et comme je n&rsquo;ai pas voyag\u00e9 seule hormis pour mon voyage en France, cela a mis un frein aux partenariats ici. Est-ce un bien, est-ce un mal ? Vous, chers lecteurs, voyez-vous une diff\u00e9rence dans mes chroniques sponsoris\u00e9es ou non ?<\/p>\n<p>Pour parler chiffres purs et durs, cette ann\u00e9e le nombre de pages vues a \u00e9norm\u00e9ment augment\u00e9, passant de 2 919 pages vues en f\u00e9vrier 2018 \u00e0 5 944 en novembre. De 19 000 pages vues en 2017, on passe \u00e0 46 000 en 2018. En toute humilit\u00e9, ce n&rsquo;est RIEN par rapport aux gros blogueurs qui font \u00e7a en une semaine, mais je suis heureuse de voir que mes statistiques progressent significativement cette ann\u00e9e. Pourquoi ? Je n&rsquo;ai pas d&rsquo;explication unique. Je me suis mise relativement s\u00e9rieusement \u00e0 <a href=\"https:\/\/www.pinterest.fr\/arpenterlechemin\/\">Pinterest<\/a>. Je pense avoir am\u00e9lior\u00e9 mes photos. Le simple fait d&rsquo;\u00eatre l\u00e0 depuis deux ans contribue aussi \u00e0 asseoir un peu ma pr\u00e9sence en ligne, toutes proportions gard\u00e9es, en ayant eu le temps de nouer des liens avec d&rsquo;autres blogueuses qui partagent gentiment mes billets (merci !).<\/p>\n<p>Et tout simplement, n&rsquo;oublions pas le principal dans cet acc\u00e8s d&rsquo;auto-congratulations : VOUS \u00eates l\u00e0. Merci \u00e0 vous, chers lecteurs, d&rsquo;\u00eatre fid\u00e8les au poste, de suivre mes aventures et mes longues phrases et mes id\u00e9es pas toujours ordonn\u00e9es, merci de laisser des petits mots et de vous enthousiasmer pour ce que je vis et j&rsquo;\u00e9cris&#8230; C&rsquo;est gr\u00e2ce \u00e0 vous que l&rsquo;aventure continue &lt;3 &lt;3 &lt;3<\/p>\n<p>Bref, Arpenter le chemin, c&rsquo;est confidentiel, et \u00e7a le restera s\u00fbrement, mais ce sont des \u00e9changes qui me font chaud au coeur, des b\u00eatises sur Twitter et les autres r\u00e9seaux sociaux, des chouettes rencontres en vrai &#8211; en plus des blogueur.se.s du WAT, je viens de d\u00e9couvrir une petite communaut\u00e9 de blogueuses \u00e0 Moncton m\u00eame&#8230; &#8211; je vais continuer mon petit bonhomme de chemin, qu&rsquo;en pensez-vous ?<\/p>\n<p><img decoding=\"async\" loading=\"lazy\" class=\"aligncenter wp-image-6589 size-full\" src=\"http:\/\/arpenterlechemin.com\/wp-content\/uploads\/2018\/12\/vinales-mogotes-que-faire-randonnees-a-cheval-cuba-blog-voyage-arpenter-lechemin.jpg\" alt=\"vinales mogotes que faire randonnees a cheval cuba blog voyage arpenter lechemin\" width=\"4586\" height=\"2580\" srcset=\"https:\/\/arpenterlechemin.com\/wp-content\/uploads\/2018\/12\/vinales-mogotes-que-faire-randonnees-a-cheval-cuba-blog-voyage-arpenter-lechemin.jpg 4586w, https:\/\/arpenterlechemin.com\/wp-content\/uploads\/2018\/12\/vinales-mogotes-que-faire-randonnees-a-cheval-cuba-blog-voyage-arpenter-lechemin-500x280.jpg 500w, https:\/\/arpenterlechemin.com\/wp-content\/uploads\/2018\/12\/vinales-mogotes-que-faire-randonnees-a-cheval-cuba-blog-voyage-arpenter-lechemin-690x388.jpg 690w, https:\/\/arpenterlechemin.com\/wp-content\/uploads\/2018\/12\/vinales-mogotes-que-faire-randonnees-a-cheval-cuba-blog-voyage-arpenter-lechemin-768x432.jpg 768w, https:\/\/arpenterlechemin.com\/wp-content\/uploads\/2018\/12\/vinales-mogotes-que-faire-randonnees-a-cheval-cuba-blog-voyage-arpenter-lechemin-1040x585.jpg 1040w\" sizes=\"(max-width: 4586px) 100vw, 4586px\" \/><\/p>\n<p style=\"text-align: center;\"><em>Petit aper\u00e7u d&rsquo;une chronique \u00e0 venir en 2019&#8230; Saurez-vous trouver o\u00f9 cette photo a \u00e9t\u00e9 prise?<\/em><\/p>\n<h3><span style=\"color: #333399;\">Bilan personnel<\/span><\/h3>\n<p>En tout, je suis partie en voyage environ dix semaines cette ann\u00e9e. J&rsquo;en parlais dans <a href=\"http:\/\/arpenterlechemin.com\/index.php\/2018\/09\/05\/sens-vie-voyage\/\">cette chronique<\/a>, plus de voyages n&rsquo;est pas forc\u00e9ment synonyme de plus de contentement. Je sais tr\u00e8s bien que si vous me lisez tout en ayant cinq semaines de cong\u00e9s annuels, vous avez l&rsquo;impression que je crache dans la soupe. D\u00e9trompez-vous. Je suis <a href=\"http:\/\/arpenterlechemin.com\/index.php\/2018\/06\/18\/voyage-chance-privilege\/\">incroyablement consciente de la chance<\/a> que j&rsquo;ai de voyager. Ce n&rsquo;est pas pour autant que ma situation est parfaite. Comme tout le monde, j&rsquo;en veux toujours plus, toujours diff\u00e9remment. Je me rends compte que les voyages d&rsquo;une seule semaine me laissent un go\u00fbt d&rsquo;inachev\u00e9, contrairement aux longs s\u00e9jours qui me laissent le temps de m&rsquo;immerger plus en profondeur sans rythme tr\u00e9pidant. Une piste \u00e0 creuser pour l&rsquo;an prochain ? Partir moins souvent, mais plus longtemps ? Ce qui aurait aussi l&rsquo;avantage de me d\u00e9gager du temps \u00e0 consacrer \u00e0 ma communaut\u00e9 ici m\u00eame \u00e0 Moncton, chose qui me tient \u00e0 coeur et que je n&rsquo;arrive pas encore \u00e0 faire en partant tous les mois ou presque.<\/p>\n<p>Cette ann\u00e9e aura aussi \u00e9t\u00e9 l&rsquo;ann\u00e9e de grosses remises en question de mes envies de voyage \u00e0 l&rsquo;aune de la situation environnementale. Je ne suis pas de celles qui voyagent le plus parmi mes consoeurs blogueuses, loin de l\u00e0. Pas de t\u00e9l\u00e9portation \u00e0 l&rsquo;autre bout du monde toutes les semaines pour moi mais malgr\u00e9 tout, je me demande jusqu&rsquo;\u00e0 quand, et m\u00eame s&rsquo;il est d\u00e9sirable, de continuer \u00e0 voyager comme nous le faisons. Le voyage contribue \u00e0 la pollution mondiale. Certains sites, notamment en Europe, \u00e9touffent du surtourisme que j&rsquo;ai moi aussi v\u00e9cu au Mexique et \u00e0 Kyoto cette ann\u00e9e.<\/p>\n<p>Je pense que nous sommes tous responsables de nos actes, individuellement et collectivement. J&rsquo;ai choisi de devenir v\u00e9g\u00e9ta*ienne (je suis quelque part entre v\u00e9g\u00e9tarisme et v\u00e9ganisme) pour tenter de soulager notre petite plan\u00e8te de l&rsquo;\u00e9levage intensif et de pratiques agricoles qui me r\u00e9pugnent. Devrais-je devenir une sorte de \u00ab\u00a0visitarienne\u00a0\u00bb, ou \u00ab\u00a0flexitouriste\u00a0\u00bb, ou \u00ab\u00a0voyageuse \u00e9thique\u00a0\u00bb (je cherche encore un mot qui fait mouche !), visiteuse qui refuse les pratiques du tourisme intensif ? La r\u00e9ponse est peut-\u00eatre \u00e0 chercher du c\u00f4t\u00e9 du technomadisme, pour voyager moins souvent, plus longtemps en s&rsquo;implantant \u00e0 un endroit sans courir dans tous les sens tout en contribuant \u00e0 une \u00e9conomie locale, comme je le disais un peu plus haut. \u00c0 m\u00e9diter urgemment&#8230;<\/p>\n<p>Et vous, avez-vous v\u00e9cu une belle ann\u00e9e, voyageuse ou non ? Qu&rsquo;aimeriez-vous pour 2019 ? Je vous pr\u00e9sente tous mes voeux et esp\u00e8re vous retrouver pour cette nouvelle ann\u00e9e. Un immense MERCI du fond du coeur \u00e0 vous tous qui \u00eates l\u00e0, je vous souhaite une ann\u00e9e 2019 riche en d\u00e9couvertes et \u00e9merveillement !<\/p>\n<p><em>Oyez, oyez. Cette chronique contient des <a href=\"http:\/\/arpenterlechemin.com\/index.php\/2018\/12\/01\/soutenir-blog\/\">liens affili\u00e9s<\/a>.\u00a0<\/em>N&rsquo;h\u00e9sitez pas \u00e0 m&rsquo;\u00e9pingler et \u00e0 me suivre sur <a href=\"https:\/\/www.pinterest.fr\/arpenterlechemin\/\">Pinterest<\/a>. Et\u00a0<strong><a href=\"http:\/\/eepurl.com\/cbyYcP\">si vous avez aim\u00e9, abonnez-vous pour ne rater aucune chronique !\u00a0\u00a0<\/a><\/strong>\u00c0 suivre en 2019 : la fin de mon <a href=\"http:\/\/arpenterlechemin.com\/index.php\/tag\/coree\">p\u00e9riple en Cor\u00e9e<\/a>, les <a href=\"http:\/\/arpenterlechemin.com\/index.php\/tag\/japon\">merveilles du Japon<\/a>, le <a href=\"http:\/\/arpenterlechemin.com\/index.php\/2019\/01\/09\/cuba-itineraire\/\">d\u00e9paysement de Cuba<\/a>&#8230;<\/p>\n<p>&nbsp;<\/p>\n<p><img decoding=\"async\" loading=\"lazy\" class=\"alignnone size-medium wp-image-6698\" src=\"http:\/\/arpenterlechemin.com\/wp-content\/uploads\/2018\/12\/retrospective-bilan-reflexions-voyage-blog-arpenter-le-chemin-canada-coree-mexique-france-usa-267x400.jpg\" alt=\"retrospective bilan reflexions voyage blog arpenter le chemin canada coree mexique france usa\" width=\"267\" height=\"400\" srcset=\"https:\/\/arpenterlechemin.com\/wp-content\/uploads\/2018\/12\/retrospective-bilan-reflexions-voyage-blog-arpenter-le-chemin-canada-coree-mexique-france-usa-267x400.jpg 267w, https:\/\/arpenterlechemin.com\/wp-content\/uploads\/2018\/12\/retrospective-bilan-reflexions-voyage-blog-arpenter-le-chemin-canada-coree-mexique-france-usa-390x585.jpg 390w, https:\/\/arpenterlechemin.com\/wp-content\/uploads\/2018\/12\/retrospective-bilan-reflexions-voyage-blog-arpenter-le-chemin-canada-coree-mexique-france-usa.jpg 735w\" sizes=\"(max-width: 267px) 100vw, 267px\" \/><img decoding=\"async\" loading=\"lazy\" class=\"alignnone size-medium wp-image-6699\" src=\"http:\/\/arpenterlechemin.com\/wp-content\/uploads\/2018\/12\/retrospective-bilan-voyage-2018-blog-arpenter-le-chemin-267x400.jpg\" alt=\"retrospective bilan voyage 2018 blog arpenter le chemin\" width=\"267\" height=\"400\" srcset=\"https:\/\/arpenterlechemin.com\/wp-content\/uploads\/2018\/12\/retrospective-bilan-voyage-2018-blog-arpenter-le-chemin-267x400.jpg 267w, https:\/\/arpenterlechemin.com\/wp-content\/uploads\/2018\/12\/retrospective-bilan-voyage-2018-blog-arpenter-le-chemin-390x585.jpg 390w, https:\/\/arpenterlechemin.com\/wp-content\/uploads\/2018\/12\/retrospective-bilan-voyage-2018-blog-arpenter-le-chemin.jpg 735w\" sizes=\"(max-width: 267px) 100vw, 267px\" \/><img decoding=\"async\" loading=\"lazy\" class=\"alignnone size-medium wp-image-6703\" src=\"http:\/\/arpenterlechemin.com\/wp-content\/uploads\/2018\/12\/voyages-bilan-reflexions-retrospective-blog-voyage-arpenter-le-chemin-canada-mexique-usa-coree-japon-267x400.jpg\" alt=\"voyages bilan reflexions retrospective blog voyage arpenter le chemin canada mexique usa coree japon\" width=\"267\" height=\"400\" srcset=\"https:\/\/arpenterlechemin.com\/wp-content\/uploads\/2018\/12\/voyages-bilan-reflexions-retrospective-blog-voyage-arpenter-le-chemin-canada-mexique-usa-coree-japon-267x400.jpg 267w, https:\/\/arpenterlechemin.com\/wp-content\/uploads\/2018\/12\/voyages-bilan-reflexions-retrospective-blog-voyage-arpenter-le-chemin-canada-mexique-usa-coree-japon-390x585.jpg 390w, https:\/\/arpenterlechemin.com\/wp-content\/uploads\/2018\/12\/voyages-bilan-reflexions-retrospective-blog-voyage-arpenter-le-chemin-canada-mexique-usa-coree-japon.jpg 735w\" sizes=\"(max-width: 267px) 100vw, 267px\" \/><\/p>\n","protected":false},"excerpt":{"rendered":"<p>Encore une belle ann\u00e9e qui vient de s&rsquo;\u00e9couler ! Je vous propose de faire un r\u00e9sum\u00e9 de ce que j&rsquo;ai vu et aim\u00e9 en cette ann\u00e9e 2018, avant de passer le flambeau \u00e0 2019. Sans revenir sur la cinquantaine de chroniques publi\u00e9e cette ann\u00e9e, voici quelques-uns des temps forts de ce mill\u00e9sime riche en \u00e9motions. Cliquez sur les photos pour acc\u00e9der aux chroniques. Janvier\u00a0 En janvier, je rentre d&rsquo;une belle semaine pass\u00e9e \u00e0 Qu\u00e9bec pour les f\u00eates et je dois dire que je suis assez fatigu\u00e9e. Nous n&rsquo;avons pas boug\u00e9 <\/p>\n","protected":false},"author":1,"featured_media":6672,"comment_status":"open","ping_status":"open","sticky":false,"template":"","format":"standard","meta":{"jetpack_post_was_ever_published":false},"categories":[526,528,539,527,1,531],"tags":[661,575,448],"yoast_head":"<!-- This site is optimized with the Yoast SEO plugin v20.7 - https:\/\/yoast.com\/wordpress\/plugins\/seo\/ -->\n<title>Ma r\u00e9trospective de voyage \/\/ 2018 - Arpenter le chemin<\/title>\n<meta name=\"robots\" content=\"index, follow, max-snippet:-1, max-image-preview:large, max-video-preview:-1\" \/>\n<link rel=\"canonical\" href=\"https:\/\/arpenterlechemin.com\/index.php\/2018\/12\/20\/retrospective-voyage-2018\/\" \/>\n<meta property=\"og:locale\" content=\"fr_FR\" \/>\n<meta property=\"og:type\" content=\"article\" \/>\n<meta property=\"og:title\" content=\"Ma r\u00e9trospective de voyage \/\/ 2018 - Arpenter le chemin\" \/>\n<meta property=\"og:description\" content=\"Encore une belle ann\u00e9e qui vient de s&rsquo;\u00e9couler ! Je vous propose de faire un r\u00e9sum\u00e9 de ce que j&rsquo;ai vu et aim\u00e9 en cette ann\u00e9e 2018, avant de passer le flambeau \u00e0 2019. Sans revenir sur la cinquantaine de chroniques publi\u00e9e cette ann\u00e9e, voici quelques-uns des temps forts de ce mill\u00e9sime riche en \u00e9motions. Cliquez sur les photos pour acc\u00e9der aux chroniques. Janvier\u00a0 En janvier, je rentre d&rsquo;une belle semaine pass\u00e9e \u00e0 Qu\u00e9bec pour les f\u00eates et je dois dire que je suis assez fatigu\u00e9e. Nous n&rsquo;avons pas boug\u00e9\" \/>\n<meta property=\"og:url\" content=\"https:\/\/arpenterlechemin.com\/index.php\/2018\/12\/20\/retrospective-voyage-2018\/\" \/>\n<meta property=\"og:site_name\" content=\"Arpenter le chemin\" \/>\n<meta property=\"article:published_time\" content=\"2018-12-20T06:43:09+00:00\" \/>\n<meta property=\"article:modified_time\" content=\"2019-01-10T14:42:14+00:00\" \/>\n<meta property=\"og:image\" content=\"https:\/\/arpenterlechemin.com\/wp-content\/uploads\/2018\/12\/retrospective-voyage-2018-blog-voyage-canada-arpenter-le-chemin-1040x585.jpg\" \/>\n\t<meta property=\"og:image:width\" content=\"1040\" \/>\n\t<meta property=\"og:image:height\" content=\"585\" \/>\n\t<meta property=\"og:image:type\" content=\"image\/jpeg\" \/>\n<meta name=\"author\" content=\"Audrey\" \/>\n<meta name=\"twitter:card\" content=\"summary_large_image\" \/>\n<meta name=\"twitter:label1\" content=\"\u00c9crit par\" \/>\n\t<meta name=\"twitter:data1\" content=\"Audrey\" \/>\n\t<meta name=\"twitter:label2\" content=\"Dur\u00e9e de lecture estim\u00e9e\" \/>\n\t<meta name=\"twitter:data2\" content=\"13 minutes\" \/>\n<script type=\"application\/ld+json\" class=\"yoast-schema-graph\">{\"@context\":\"https:\/\/schema.org\",\"@graph\":[{\"@type\":\"Article\",\"@id\":\"https:\/\/arpenterlechemin.com\/index.php\/2018\/12\/20\/retrospective-voyage-2018\/#article\",\"isPartOf\":{\"@id\":\"https:\/\/arpenterlechemin.com\/index.php\/2018\/12\/20\/retrospective-voyage-2018\/\"},\"author\":{\"name\":\"Audrey\",\"@id\":\"https:\/\/arpenterlechemin.com\/#\/schema\/person\/1d187818c0988fbea4d682c1e59c795c\"},\"headline\":\"Ma r\u00e9trospective de voyage \/\/ 2018\",\"datePublished\":\"2018-12-20T06:43:09+00:00\",\"dateModified\":\"2019-01-10T14:42:14+00:00\",\"mainEntityOfPage\":{\"@id\":\"https:\/\/arpenterlechemin.com\/index.php\/2018\/12\/20\/retrospective-voyage-2018\/\"},\"wordCount\":2831,\"commentCount\":15,\"publisher\":{\"@id\":\"https:\/\/arpenterlechemin.com\/#organization\"},\"keywords\":[\"2018\",\"coulisses\",\"r\u00e9trospective\"],\"articleSection\":[\"Am\u00e9rique du Nord\",\"Am\u00e9rique latine\",\"Am\u00e9riques\",\"Asie\",\"Blog\",\"Europe\"],\"inLanguage\":\"fr-FR\",\"potentialAction\":[{\"@type\":\"CommentAction\",\"name\":\"Comment\",\"target\":[\"https:\/\/arpenterlechemin.com\/index.php\/2018\/12\/20\/retrospective-voyage-2018\/#respond\"]}]},{\"@type\":\"WebPage\",\"@id\":\"https:\/\/arpenterlechemin.com\/index.php\/2018\/12\/20\/retrospective-voyage-2018\/\",\"url\":\"https:\/\/arpenterlechemin.com\/index.php\/2018\/12\/20\/retrospective-voyage-2018\/\",\"name\":\"Ma r\u00e9trospective de voyage \/\/ 2018 - Arpenter le chemin\",\"isPartOf\":{\"@id\":\"https:\/\/arpenterlechemin.com\/#website\"},\"datePublished\":\"2018-12-20T06:43:09+00:00\",\"dateModified\":\"2019-01-10T14:42:14+00:00\",\"breadcrumb\":{\"@id\":\"https:\/\/arpenterlechemin.com\/index.php\/2018\/12\/20\/retrospective-voyage-2018\/#breadcrumb\"},\"inLanguage\":\"fr-FR\",\"potentialAction\":[{\"@type\":\"ReadAction\",\"target\":[\"https:\/\/arpenterlechemin.com\/index.php\/2018\/12\/20\/retrospective-voyage-2018\/\"]}]},{\"@type\":\"BreadcrumbList\",\"@id\":\"https:\/\/arpenterlechemin.com\/index.php\/2018\/12\/20\/retrospective-voyage-2018\/#breadcrumb\",\"itemListElement\":[{\"@type\":\"ListItem\",\"position\":1,\"name\":\"Home\",\"item\":\"https:\/\/arpenterlechemin.com\/\"},{\"@type\":\"ListItem\",\"position\":2,\"name\":\"Ma r\u00e9trospective de voyage \/\/ 2018\"}]},{\"@type\":\"WebSite\",\"@id\":\"https:\/\/arpenterlechemin.com\/#website\",\"url\":\"https:\/\/arpenterlechemin.com\/\",\"name\":\"Arpenter le chemin\",\"description\":\"\",\"publisher\":{\"@id\":\"https:\/\/arpenterlechemin.com\/#organization\"},\"potentialAction\":[{\"@type\":\"SearchAction\",\"target\":{\"@type\":\"EntryPoint\",\"urlTemplate\":\"https:\/\/arpenterlechemin.com\/?s={search_term_string}\"},\"query-input\":\"required name=search_term_string\"}],\"inLanguage\":\"fr-FR\"},{\"@type\":\"Organization\",\"@id\":\"https:\/\/arpenterlechemin.com\/#organization\",\"name\":\"Arpenter le chemin\",\"url\":\"https:\/\/arpenterlechemin.com\/\",\"logo\":{\"@type\":\"ImageObject\",\"inLanguage\":\"fr-FR\",\"@id\":\"https:\/\/arpenterlechemin.com\/#\/schema\/logo\/image\/\",\"url\":\"https:\/\/arpenterlechemin.com\/wp-content\/uploads\/2017\/04\/icone-4.jpg\",\"contentUrl\":\"https:\/\/arpenterlechemin.com\/wp-content\/uploads\/2017\/04\/icone-4.jpg\",\"width\":150,\"height\":73,\"caption\":\"Arpenter le chemin\"},\"image\":{\"@id\":\"https:\/\/arpenterlechemin.com\/#\/schema\/logo\/image\/\"}},{\"@type\":\"Person\",\"@id\":\"https:\/\/arpenterlechemin.com\/#\/schema\/person\/1d187818c0988fbea4d682c1e59c795c\",\"name\":\"Audrey\",\"image\":{\"@type\":\"ImageObject\",\"inLanguage\":\"fr-FR\",\"@id\":\"https:\/\/arpenterlechemin.com\/#\/schema\/person\/image\/\",\"url\":\"https:\/\/secure.gravatar.com\/avatar\/b75298f64c73f1709976c50921beae6a?s=96&d=mm&r=g\",\"contentUrl\":\"https:\/\/secure.gravatar.com\/avatar\/b75298f64c73f1709976c50921beae6a?s=96&d=mm&r=g\",\"caption\":\"Audrey\"},\"description\":\"Allergique \u00e0 la routine, atteinte de bougeotte aigu\u00eb, j'essaie de m'envoler aussi souvent que possible, seule, en couple ou entre amis ! Ville, nature, culture, rando... tout me va, \u00e0 partir du moment o\u00f9 je suis dehors.\",\"url\":\"https:\/\/arpenterlechemin.com\/index.php\/author\/audreyf\/\"}]}<\/script>\n<!-- \/ Yoast SEO plugin. -->","yoast_head_json":{"title":"Ma r\u00e9trospective de voyage \/\/ 2018 - Arpenter le chemin","robots":{"index":"index","follow":"follow","max-snippet":"max-snippet:-1","max-image-preview":"max-image-preview:large","max-video-preview":"max-video-preview:-1"},"canonical":"https:\/\/arpenterlechemin.com\/index.php\/2018\/12\/20\/retrospective-voyage-2018\/","og_locale":"fr_FR","og_type":"article","og_title":"Ma r\u00e9trospective de voyage \/\/ 2018 - Arpenter le chemin","og_description":"Encore une belle ann\u00e9e qui vient de s&rsquo;\u00e9couler ! Je vous propose de faire un r\u00e9sum\u00e9 de ce que j&rsquo;ai vu et aim\u00e9 en cette ann\u00e9e 2018, avant de passer le flambeau \u00e0 2019. Sans revenir sur la cinquantaine de chroniques publi\u00e9e cette ann\u00e9e, voici quelques-uns des temps forts de ce mill\u00e9sime riche en \u00e9motions. Cliquez sur les photos pour acc\u00e9der aux chroniques. Janvier\u00a0 En janvier, je rentre d&rsquo;une belle semaine pass\u00e9e \u00e0 Qu\u00e9bec pour les f\u00eates et je dois dire que je suis assez fatigu\u00e9e. Nous n&rsquo;avons pas boug\u00e9","og_url":"https:\/\/arpenterlechemin.com\/index.php\/2018\/12\/20\/retrospective-voyage-2018\/","og_site_name":"Arpenter le chemin","article_published_time":"2018-12-20T06:43:09+00:00","article_modified_time":"2019-01-10T14:42:14+00:00","og_image":[{"width":1040,"height":585,"url":"https:\/\/arpenterlechemin.com\/wp-content\/uploads\/2018\/12\/retrospective-voyage-2018-blog-voyage-canada-arpenter-le-chemin-1040x585.jpg","type":"image\/jpeg"}],"author":"Audrey","twitter_card":"summary_large_image","twitter_misc":{"\u00c9crit par":"Audrey","Dur\u00e9e de lecture estim\u00e9e":"13 minutes"},"schema":{"@context":"https:\/\/schema.org","@graph":[{"@type":"Article","@id":"https:\/\/arpenterlechemin.com\/index.php\/2018\/12\/20\/retrospective-voyage-2018\/#article","isPartOf":{"@id":"https:\/\/arpenterlechemin.com\/index.php\/2018\/12\/20\/retrospective-voyage-2018\/"},"author":{"name":"Audrey","@id":"https:\/\/arpenterlechemin.com\/#\/schema\/person\/1d187818c0988fbea4d682c1e59c795c"},"headline":"Ma r\u00e9trospective de voyage \/\/ 2018","datePublished":"2018-12-20T06:43:09+00:00","dateModified":"2019-01-10T14:42:14+00:00","mainEntityOfPage":{"@id":"https:\/\/arpenterlechemin.com\/index.php\/2018\/12\/20\/retrospective-voyage-2018\/"},"wordCount":2831,"commentCount":15,"publisher":{"@id":"https:\/\/arpenterlechemin.com\/#organization"},"keywords":["2018","coulisses","r\u00e9trospective"],"articleSection":["Am\u00e9rique du Nord","Am\u00e9rique latine","Am\u00e9riques","Asie","Blog","Europe"],"inLanguage":"fr-FR","potentialAction":[{"@type":"CommentAction","name":"Comment","target":["https:\/\/arpenterlechemin.com\/index.php\/2018\/12\/20\/retrospective-voyage-2018\/#respond"]}]},{"@type":"WebPage","@id":"https:\/\/arpenterlechemin.com\/index.php\/2018\/12\/20\/retrospective-voyage-2018\/","url":"https:\/\/arpenterlechemin.com\/index.php\/2018\/12\/20\/retrospective-voyage-2018\/","name":"Ma r\u00e9trospective de voyage \/\/ 2018 - Arpenter le chemin","isPartOf":{"@id":"https:\/\/arpenterlechemin.com\/#website"},"datePublished":"2018-12-20T06:43:09+00:00","dateModified":"2019-01-10T14:42:14+00:00","breadcrumb":{"@id":"https:\/\/arpenterlechemin.com\/index.php\/2018\/12\/20\/retrospective-voyage-2018\/#breadcrumb"},"inLanguage":"fr-FR","potentialAction":[{"@type":"ReadAction","target":["https:\/\/arpenterlechemin.com\/index.php\/2018\/12\/20\/retrospective-voyage-2018\/"]}]},{"@type":"BreadcrumbList","@id":"https:\/\/arpenterlechemin.com\/index.php\/2018\/12\/20\/retrospective-voyage-2018\/#breadcrumb","itemListElement":[{"@type":"ListItem","position":1,"name":"Home","item":"https:\/\/arpenterlechemin.com\/"},{"@type":"ListItem","position":2,"name":"Ma r\u00e9trospective de voyage \/\/ 2018"}]},{"@type":"WebSite","@id":"https:\/\/arpenterlechemin.com\/#website","url":"https:\/\/arpenterlechemin.com\/","name":"Arpenter le chemin","description":"","publisher":{"@id":"https:\/\/arpenterlechemin.com\/#organization"},"potentialAction":[{"@type":"SearchAction","target":{"@type":"EntryPoint","urlTemplate":"https:\/\/arpenterlechemin.com\/?s={search_term_string}"},"query-input":"required name=search_term_string"}],"inLanguage":"fr-FR"},{"@type":"Organization","@id":"https:\/\/arpenterlechemin.com\/#organization","name":"Arpenter le chemin","url":"https:\/\/arpenterlechemin.com\/","logo":{"@type":"ImageObject","inLanguage":"fr-FR","@id":"https:\/\/arpenterlechemin.com\/#\/schema\/logo\/image\/","url":"https:\/\/arpenterlechemin.com\/wp-content\/uploads\/2017\/04\/icone-4.jpg","contentUrl":"https:\/\/arpenterlechemin.com\/wp-content\/uploads\/2017\/04\/icone-4.jpg","width":150,"height":73,"caption":"Arpenter le chemin"},"image":{"@id":"https:\/\/arpenterlechemin.com\/#\/schema\/logo\/image\/"}},{"@type":"Person","@id":"https:\/\/arpenterlechemin.com\/#\/schema\/person\/1d187818c0988fbea4d682c1e59c795c","name":"Audrey","image":{"@type":"ImageObject","inLanguage":"fr-FR","@id":"https:\/\/arpenterlechemin.com\/#\/schema\/person\/image\/","url":"https:\/\/secure.gravatar.com\/avatar\/b75298f64c73f1709976c50921beae6a?s=96&d=mm&r=g","contentUrl":"https:\/\/secure.gravatar.com\/avatar\/b75298f64c73f1709976c50921beae6a?s=96&d=mm&r=g","caption":"Audrey"},"description":"Allergique \u00e0 la routine, atteinte de bougeotte aigu\u00eb, j'essaie de m'envoler aussi souvent que possible, seule, en couple ou entre amis ! Ville, nature, culture, rando... tout me va, \u00e0 partir du moment o\u00f9 je suis dehors.","url":"https:\/\/arpenterlechemin.com\/index.php\/author\/audreyf\/"}]}},"jetpack_featured_media_url":"https:\/\/arpenterlechemin.com\/wp-content\/uploads\/2018\/12\/retrospective-voyage-2018-blog-voyage-canada-arpenter-le-chemin.jpg","jetpack_sharing_enabled":true,"jetpack_shortlink":"https:\/\/wp.me\/p8z9hR-1IB","jetpack-related-posts":[{"id":4479,"url":"https:\/\/arpenterlechemin.com\/index.php\/2017\/12\/31\/retrospective-voyage-2017\/","url_meta":{"origin":6609,"position":0},"title":"Ma r\u00e9trospective voyage en 2017","date":"31 d\u00e9cembre 2017","format":false,"excerpt":"L'ann\u00e9e 2017 touche \u00e0 sa fin, c'est le temps des r\u00e9trospectives. J'aime bien dresser la liste des beaux endroits (re)d\u00e9couverts tout au long de l'ann\u00e9e, en esp\u00e9rant que cette r\u00e9trospective voyage vous donnera des id\u00e9es pour 2018. Avant de revenir \u00e0 mes aventures qu\u00e9b\u00e9coises du temps des f\u00eates, il est\u2026","rel":"","context":"Dans &quot;Blog&quot;","img":{"alt_text":"","src":"https:\/\/i0.wp.com\/arpenterlechemin.com\/wp-content\/uploads\/2017\/12\/R\u00e9trospective.jpg?resize=350%2C200&ssl=1","width":350,"height":200},"classes":[]},{"id":1678,"url":"https:\/\/arpenterlechemin.com\/index.php\/2016\/12\/26\/retrospective-2016-mes-coups-de-coeur-dailleurs\/","url_meta":{"origin":6609,"position":1},"title":"R\u00e9trospective 2016 : mes coups de coeur d&rsquo;ailleurs","date":"26 d\u00e9cembre 2016","format":false,"excerpt":"La derni\u00e8re ligne droite avant la nouvelle ann\u00e9e... l'occasion r\u00eav\u00e9e de revenir sur mes coups de c\u0153ur de 2016, non ? Cette ann\u00e9e m'a sembl\u00e9\u00a0assez calme au niveau des voyages \u00e0 cause de l'arriv\u00e9e d'Indiana, mais \u00e0 y regarder de plus pr\u00e8s, les\u00a0d\u00e9couvertes n'auront pas manqu\u00e9 : entre les mogotes\u2026","rel":"","context":"Dans &quot;Am\u00e9rique du Nord&quot;","img":{"alt_text":"","src":"https:\/\/i0.wp.com\/arpenterlechemin.com\/wp-content\/uploads\/2016\/12\/DESTINATIONS-coup-de-coeur.jpg?resize=350%2C200&ssl=1","width":350,"height":200},"classes":[]},{"id":8617,"url":"https:\/\/arpenterlechemin.com\/index.php\/2019\/12\/30\/retrospective-voyage-2019\/","url_meta":{"origin":6609,"position":2},"title":"Ma r\u00e9trospective de voyage \/\/ 2019","date":"30 d\u00e9cembre 2019","format":false,"excerpt":"Bonjour \u00e0 tous ! Comme tous les ans, la fin de l'ann\u00e9e est le moment de tirer des bilans, de revenir sur ce qu'on a v\u00e9cu et peut-\u00eatre, de se rendre que le temps \u00e9coul\u00e9 a \u00e9t\u00e9 bien utilis\u00e9. Il y a quelques ann\u00e9es, j'avais horreur des r\u00e9trospectives au parfum\u2026","rel":"","context":"Dans &quot;Am\u00e9rique du Nord&quot;","img":{"alt_text":"retrospective voyages 2019 arpenter le chemin","src":"https:\/\/i0.wp.com\/arpenterlechemin.com\/wp-content\/uploads\/2020\/12\/retrospective-voyages-2019-arpenter-le-chemin.jpg?resize=350%2C200&ssl=1","width":350,"height":200},"classes":[]},{"id":10931,"url":"https:\/\/arpenterlechemin.com\/index.php\/2021\/12\/31\/retrospective-voyages-2021\/","url_meta":{"origin":6609,"position":3},"title":"Ma r\u00e9trospective de voyages \/\/ 2021","date":"31 d\u00e9cembre 2021","format":false,"excerpt":"Encore une ann\u00e9e d'\u00e9coul\u00e9e ? J'ai l'impression que j'\u00e9crivais ma r\u00e9trospective 2020 seulement avant-hier... On raconte souvent que le temps passe plus vite quand on vieillit, et je me demande si ce n'est pas vrai, en fin de compte. Je ne sais pas si j'ai aim\u00e9 2021, ann\u00e9e charni\u00e8re en\u2026","rel":"","context":"Dans &quot;Am\u00e9rique du Nord&quot;","img":{"alt_text":"","src":"https:\/\/i0.wp.com\/arpenterlechemin.com\/wp-content\/uploads\/2021\/12\/R\u00e9trospective-voyage-2021.jpg?resize=350%2C200&ssl=1","width":350,"height":200},"classes":[]},{"id":9913,"url":"https:\/\/arpenterlechemin.com\/index.php\/2020\/12\/31\/retrospective-voyage-2020\/","url_meta":{"origin":6609,"position":4},"title":"Ma r\u00e9trospective de non-voyages \/\/ 2020","date":"31 d\u00e9cembre 2020","format":false,"excerpt":"Nous voici fin d\u00e9cembre, c'est l'heure des r\u00e9trospectives. Que dire de pertinent de 2020 quand on tient un blog de voyage ? J'aurais pu vous faire le coup de la r\u00e9trospective-gag, avec une photo de mon canap\u00e9 et c'est tout. J'aurais pu ne rien faire du tout, faire comme si\u2026","rel":"","context":"Dans &quot;Blog&quot;","img":{"alt_text":"2020 r\u00e9trospective voyages","src":"https:\/\/i0.wp.com\/arpenterlechemin.com\/wp-content\/uploads\/2020\/12\/2020-r\u00e9trospective-voyages.jpg?resize=350%2C200&ssl=1","width":350,"height":200},"classes":[]},{"id":6865,"url":"https:\/\/arpenterlechemin.com\/index.php\/2019\/01\/24\/quebec-hotel-glace-valcartier\/","url_meta":{"origin":6609,"position":5},"title":"QU\u00c9BEC \/\/ L&rsquo;h\u00f4tel de glace du village Valcartier","date":"24 janvier 2019","format":false,"excerpt":"L'h\u00f4tel de glace de Valcartier, connaissez-vous ? Une gigantesque structure construite ann\u00e9e apr\u00e8s ann\u00e9e dans la glace, \u00e9tablissement qui incarne un hiver de r\u00eave : immacul\u00e9 mais chaleureux, sublime \u00e0 souhait, un vrai symbole de cette saison rude mais pourtant si s\u00e9duisante. Il y a un an, j'ai eu la\u2026","rel":"","context":"Dans &quot;Am\u00e9rique du Nord&quot;","img":{"alt_text":"titre hotel glace quebec valcartier voyage hiver canada road-trip blog voyage arpenter le chemin","src":"https:\/\/i0.wp.com\/arpenterlechemin.com\/wp-content\/uploads\/2019\/01\/titre-hotel-glace-quebec-valcartier-voyage-hiver-canada-road-trip-blog-voyage-arpenter-le-chemin.jpg?resize=350%2C200&ssl=1","width":350,"height":200},"classes":[]}],"_links":{"self":[{"href":"https:\/\/arpenterlechemin.com\/index.php\/wp-json\/wp\/v2\/posts\/6609"}],"collection":[{"href":"https:\/\/arpenterlechemin.com\/index.php\/wp-json\/wp\/v2\/posts"}],"about":[{"href":"https:\/\/arpenterlechemin.com\/index.php\/wp-json\/wp\/v2\/types\/post"}],"author":[{"embeddable":true,"href":"https:\/\/arpenterlechemin.com\/index.php\/wp-json\/wp\/v2\/users\/1"}],"replies":[{"embeddable":true,"href":"https:\/\/arpenterlechemin.com\/index.php\/wp-json\/wp\/v2\/comments?post=6609"}],"version-history":[{"count":0,"href":"https:\/\/arpenterlechemin.com\/index.php\/wp-json\/wp\/v2\/posts\/6609\/revisions"}],"wp:featuredmedia":[{"embeddable":true,"href":"https:\/\/arpenterlechemin.com\/index.php\/wp-json\/wp\/v2\/media\/6672"}],"wp:attachment":[{"href":"https:\/\/arpenterlechemin.com\/index.php\/wp-json\/wp\/v2\/media?parent=6609"}],"wp:term":[{"taxonomy":"category","embeddable":true,"href":"https:\/\/arpenterlechemin.com\/index.php\/wp-json\/wp\/v2\/categories?post=6609"},{"taxonomy":"post_tag","embeddable":true,"href":"https:\/\/arpenterlechemin.com\/index.php\/wp-json\/wp\/v2\/tags?post=6609"}],"curies":[{"name":"wp","href":"https:\/\/api.w.org\/{rel}","templated":true}]}}