{"id":6136,"date":"2019-10-02T02:26:29","date_gmt":"2019-10-02T06:26:29","guid":{"rendered":"http:\/\/arpenterlechemin.com\/?p=6136"},"modified":"2019-10-01T22:00:27","modified_gmt":"2019-10-02T02:00:27","slug":"prague-cimetiere-juif","status":"publish","type":"post","link":"https:\/\/arpenterlechemin.com\/index.php\/2019\/10\/02\/prague-cimetiere-juif\/","title":{"rendered":"R\u00c9PUBLIQUE TCH\u00c8QUE \/\/ Le vieux cimeti\u00e8re juif de Prague"},"content":{"rendered":"<p>Les cimeti\u00e8res sont des lieux \u00e0 part, qu&rsquo;on soit en voyage ou chez soi. Apr\u00e8s tout, c&rsquo;est l\u00e0 que l&rsquo;on fait le fameux dernier voyage qui nous attend tous, et qui ne peut pas susciter l&rsquo;indiff\u00e9rence. Si vous me suivez depuis un moment, il ne vous aura pas \u00e9chapp\u00e9 que je suis <strong>taphophile<\/strong>, \u00e0 savoir que <strong>je nourris un int\u00e9r\u00eat prononc\u00e9 pour les cimeti\u00e8res<\/strong>. Ce ne serait pas un peu morbide, tout \u00e7a ? Au contraire, les st\u00e8les et autres ornements en disent long sur la vie de ceux qui se reposent \u00e0 pr\u00e9sent, et sur les vivants qui les entouraient. Les cimeti\u00e8res font souvent partie de mes incontournables en voyage et si tous les lieux mortuaires ne sont pas aussi impressionnants que les <a href=\"https:\/\/arpenterlechemin.com\/index.php\/2019\/06\/12\/catacombes-paris\/\">Catacombes de Paris<\/a>, la visite est toujours int\u00e9ressante. Aujourd&rsquo;hui, je reviens sur un des cimeti\u00e8res qui m&rsquo;a le plus marqu\u00e9e : <strong>le vieux cimeti\u00e8re juif de Prague<\/strong>, le plus vieux cimeti\u00e8re juif au monde.<\/p>\n<p><img decoding=\"async\" loading=\"lazy\" class=\"aligncenter size-full wp-image-8320\" src=\"https:\/\/arpenterlechemin.com\/wp-content\/uploads\/2019\/10\/Prague-Republique-tcheque-cimetiere-blog-voyage-arpenter-le-chemin.jpg\" alt=\"Prague Republique tcheque cimetiere blog voyage arpenter le chemin\" width=\"3069\" height=\"1726\" srcset=\"https:\/\/arpenterlechemin.com\/wp-content\/uploads\/2019\/10\/Prague-Republique-tcheque-cimetiere-blog-voyage-arpenter-le-chemin.jpg 3069w, https:\/\/arpenterlechemin.com\/wp-content\/uploads\/2019\/10\/Prague-Republique-tcheque-cimetiere-blog-voyage-arpenter-le-chemin-500x280.jpg 500w, https:\/\/arpenterlechemin.com\/wp-content\/uploads\/2019\/10\/Prague-Republique-tcheque-cimetiere-blog-voyage-arpenter-le-chemin-690x388.jpg 690w, https:\/\/arpenterlechemin.com\/wp-content\/uploads\/2019\/10\/Prague-Republique-tcheque-cimetiere-blog-voyage-arpenter-le-chemin-768x432.jpg 768w, https:\/\/arpenterlechemin.com\/wp-content\/uploads\/2019\/10\/Prague-Republique-tcheque-cimetiere-blog-voyage-arpenter-le-chemin-1040x585.jpg 1040w\" sizes=\"(max-width: 3069px) 100vw, 3069px\" \/><\/p>\n<p>Prague fait partie de ces villes d&rsquo;une ambiance gothique insens\u00e9, o\u00f9 on s&rsquo;attend \u00e0 voir des l\u00e9gendes prendre vie \u00e0 chaque coin de rue dans <strong>une atmosph\u00e8re de conte mal\u00e9fique<\/strong>. Le vieux cimeti\u00e8re juif est d&rsquo;ailleurs \u00e9troitement li\u00e9 \u00e0 la l\u00e9gende du Golem, sur laquelle je vais revenir dans une minute.<\/p>\n<p>Mais avant cela, la r\u00e9alit\u00e9 m\u00e9rite qu&rsquo;on s&rsquo;y attarde. Je vous disais que je trouve que les tombes ont toujours des histoires \u00e0 raconter. Sachez que dans<strong> ce cimeti\u00e8re du XVe si\u00e8cle<\/strong>, o\u00f9 la tombe la plus ancienne encore debout remonte \u00e0 1439, on compterait plus de 12 000 tombes.<strong> Douze mille tombes. Cent mille morts. <\/strong>C&rsquo;est ce vertige fun\u00e9raire qui revient de la fa\u00e7on la plus nette quand je repense \u00e0 ma visite. Douze mille personnes enterr\u00e9es ici. Elles doivent en avoir, des choses \u00e0 raconter, depuis cinq si\u00e8cles. Je suis chagrin\u00e9e de ne pas pouvoir lire les inscriptions en alphabet h\u00e9bra\u00efque pour avoir au moins quelques \u00e9l\u00e9ments sur les personnes qui reposent l\u00e0, un nom, une date, n&rsquo;importe quel indice &#8211; mais le chaos global des lieux est suffisamment parlant.<\/p>\n<p><img decoding=\"async\" loading=\"lazy\" class=\"aligncenter size-full wp-image-8321\" src=\"https:\/\/arpenterlechemin.com\/wp-content\/uploads\/2019\/10\/prague-cimetiere-juif-infos-pratiques-blog-voyage-.jpg\" alt=\"prague cimetiere juif infos pratiques blog voyage\" width=\"3070\" height=\"1726\" srcset=\"https:\/\/arpenterlechemin.com\/wp-content\/uploads\/2019\/10\/prague-cimetiere-juif-infos-pratiques-blog-voyage-.jpg 3070w, https:\/\/arpenterlechemin.com\/wp-content\/uploads\/2019\/10\/prague-cimetiere-juif-infos-pratiques-blog-voyage--500x280.jpg 500w, https:\/\/arpenterlechemin.com\/wp-content\/uploads\/2019\/10\/prague-cimetiere-juif-infos-pratiques-blog-voyage--690x388.jpg 690w, https:\/\/arpenterlechemin.com\/wp-content\/uploads\/2019\/10\/prague-cimetiere-juif-infos-pratiques-blog-voyage--768x432.jpg 768w, https:\/\/arpenterlechemin.com\/wp-content\/uploads\/2019\/10\/prague-cimetiere-juif-infos-pratiques-blog-voyage--1040x585.jpg 1040w\" sizes=\"(max-width: 3070px) 100vw, 3070px\" \/><\/p>\n<p>Imaginez des centaines, des milliers de tombes enchev\u00eatr\u00e9es. C&rsquo;est un vilain lieu commun, des \u00ab\u00a0tombes enchev\u00eatr\u00e9es\u00a0\u00bb. Mais ici, je vois difficilement comme dire autrement. <strong>C&rsquo;est le capharna\u00fcm.<\/strong> Les tombes\u00a0 se penchent les unes vers les autres, concentr\u00e9es dans un d\u00e9sordre d&rsquo;une densit\u00e9 inou\u00efe. Les tombes sont litt\u00e9ralement entass\u00e9es les unes sur les autres : la religion juive interdirait de supprimer une tombe existante, et c&rsquo;est ainsi que <strong>les tombes finissent par se chevaucher, parfois jusqu&rsquo;\u00e0 douze \u00e9paisseurs.<\/strong> Dans le cimeti\u00e8re, nous marchons sur les morts, enfouis toujours plus profond \u00e0 mesure qu&rsquo;on ajoute de la terre pour ajouter d&rsquo;autres s\u00e9pultures.<\/p>\n<p>Cette p\u00e9nurie de place s&rsquo;explique par l&#8217;emplacement du cimeti\u00e8re, dans l&rsquo;<strong>ancien quartier juif de Prague, Josefov.<\/strong> Les Juifs vivent dans un ghetto mur\u00e9 dans la vieille ville de Prague. Les pogroms ont toujours \u00e9t\u00e9 monnaie courante en Europe, et <strong>les Juifs se concentrent dans leur quartier qui les isole (et les prot\u00e8ge) du reste de la ville<\/strong>. \u00c0 l&rsquo;\u00e9poque o\u00f9 le cimeti\u00e8re est cr\u00e9\u00e9, autour de 1430, le quartier s&rsquo;appr\u00eate \u00e0 conna\u00eetre une p\u00e9riode de prosp\u00e9rit\u00e9 qui culmine sous le mandat du maire juif Mordekha\u00ef Maisel, d&rsquo;ailleurs enterr\u00e9 ici avec faste, et dont on peut toujours admirer la tombe.<\/p>\n<p><img decoding=\"async\" loading=\"lazy\" class=\"aligncenter size-full wp-image-8323\" src=\"https:\/\/arpenterlechemin.com\/wp-content\/uploads\/2019\/10\/prague-republique-tchque-voyage-gothique-cimetiere-juif-visiter-blog-voyage-arpenter-le-chemin.jpg\" alt=\"prague republique tchque voyage gothique cimetiere juif visiter blog voyage arpenter le chemin\" width=\"1920\" height=\"1080\" srcset=\"https:\/\/arpenterlechemin.com\/wp-content\/uploads\/2019\/10\/prague-republique-tchque-voyage-gothique-cimetiere-juif-visiter-blog-voyage-arpenter-le-chemin.jpg 1920w, https:\/\/arpenterlechemin.com\/wp-content\/uploads\/2019\/10\/prague-republique-tchque-voyage-gothique-cimetiere-juif-visiter-blog-voyage-arpenter-le-chemin-500x280.jpg 500w, https:\/\/arpenterlechemin.com\/wp-content\/uploads\/2019\/10\/prague-republique-tchque-voyage-gothique-cimetiere-juif-visiter-blog-voyage-arpenter-le-chemin-690x388.jpg 690w, https:\/\/arpenterlechemin.com\/wp-content\/uploads\/2019\/10\/prague-republique-tchque-voyage-gothique-cimetiere-juif-visiter-blog-voyage-arpenter-le-chemin-768x432.jpg 768w, https:\/\/arpenterlechemin.com\/wp-content\/uploads\/2019\/10\/prague-republique-tchque-voyage-gothique-cimetiere-juif-visiter-blog-voyage-arpenter-le-chemin-1040x585.jpg 1040w\" sizes=\"(max-width: 1920px) 100vw, 1920px\" \/><\/p>\n<p>Autre illustre r\u00e9sident du cimeti\u00e8re, Yehouda Leva\u00ef ben Betzalel, alias <strong>le rabbin Loew<\/strong>, mythique cr\u00e9ateur du <strong>Golem<\/strong>. Comme tout \u00e9rudit qui se respecte au XVIe si\u00e8cle, il est vers\u00e9 dans le mysticisme et l&rsquo;alchimie et on dit de lui qu&rsquo;<strong>il aurait cr\u00e9\u00e9 une cr\u00e9ature d&rsquo;argile<\/strong>, d\u00e9pourvu de libre-arbitre et de voix, dont l&rsquo;existence n&rsquo;a de sens que dans la protection de son cr\u00e9ateur, qui lui insuffle vie en inscrivant un mot sur sa t\u00eate d&rsquo;argile et la lui retire en effa\u00e7ant une partie de ce mot : d&rsquo;EMET (la vie), il suffit d&rsquo;une lettre pour passer \u00e0 MET (la mort).<\/p>\n<p><strong>La l\u00e9gende veut qu&rsquo;il ait \u00e9t\u00e9 cr\u00e9\u00e9 par le rabbin Loew pour prot\u00e9ger la communaut\u00e9 juive des pogroms.<\/strong> Et comme de bien entendu, il finit par \u00e9chapper \u00e0 la vigilance de son cr\u00e9ateur (\u00e7a ne vous rappelle pas un autre mythe, qui implique de l&rsquo;argile, un Cr\u00e9ateur, une cr\u00e9ature d\u00e9pourvue de raison <del>et qui finit par foutre le feu \u00e0 la plan\u00e8te ?).<\/del> De bon gros g\u00e9ant bienveillant, il devient une cr\u00e9ature incapable de discernement. Pour parachever le mythe, <strong>le Golem inanim\u00e9 serait toujours conserv\u00e9 quelque part \u00e0 Prague&#8230;<\/strong><\/p>\n<p><img decoding=\"async\" loading=\"lazy\" class=\"aligncenter size-full wp-image-8324\" src=\"https:\/\/arpenterlechemin.com\/wp-content\/uploads\/2019\/10\/prague-republique-tchque-voyage-gothique-cimetiere-juif-blog-voyage-arpenter-le-chemin.jpg\" alt=\"prague republique tchque voyage gothique cimetiere juif blog voyage arpenter le chemin\" width=\"1920\" height=\"1080\" srcset=\"https:\/\/arpenterlechemin.com\/wp-content\/uploads\/2019\/10\/prague-republique-tchque-voyage-gothique-cimetiere-juif-blog-voyage-arpenter-le-chemin.jpg 1920w, https:\/\/arpenterlechemin.com\/wp-content\/uploads\/2019\/10\/prague-republique-tchque-voyage-gothique-cimetiere-juif-blog-voyage-arpenter-le-chemin-500x280.jpg 500w, https:\/\/arpenterlechemin.com\/wp-content\/uploads\/2019\/10\/prague-republique-tchque-voyage-gothique-cimetiere-juif-blog-voyage-arpenter-le-chemin-690x388.jpg 690w, https:\/\/arpenterlechemin.com\/wp-content\/uploads\/2019\/10\/prague-republique-tchque-voyage-gothique-cimetiere-juif-blog-voyage-arpenter-le-chemin-768x432.jpg 768w, https:\/\/arpenterlechemin.com\/wp-content\/uploads\/2019\/10\/prague-republique-tchque-voyage-gothique-cimetiere-juif-blog-voyage-arpenter-le-chemin-1040x585.jpg 1040w\" sizes=\"(max-width: 1920px) 100vw, 1920px\" \/><\/p>\n<p>Je n&rsquo;ai pas de photo de la tombe du rabbin Low, ni d&rsquo;autres tombes en particulier (<em>compl\u00e8tement<\/em> <em>inexplicable !! Mais o\u00f9 avais-je la t\u00eate ??<\/em>). Ici comme au P\u00e8re-Lachaise, on trouve des personnalit\u00e9s rest\u00e9es dans l&rsquo;Histoire comme Mordekha\u00ef Maisel ou le rabbin Loew, mais aussi, et surtout, des tombes de gens normaux. Les tombes d\u00e9cor\u00e9es sont toujours int\u00e9ressantes, mais <strong>je trouve souvent plus d&rsquo;int\u00e9r\u00eat aux petites tombes moussues<\/strong>, aux gens communs, ceux qui n&rsquo;ont pas eu les honneurs, dont la tombe est illisible mais dont la vie aura, peut-\u00eatre, compt\u00e9 pour quelqu&rsquo;un. Dans les cimeti\u00e8res juifs, pas de fleurs mais des petits cailloux d\u00e9pos\u00e9s sur les st\u00e8les. Ce petit t\u00e9moignage de respect suffit \u00e0 faire basculer ce lieu autrement impressionnant pour lui donner une dimension intime : une personne vivante qui en salue une autre, morte depuis quatre si\u00e8cles.<\/p>\n<p>Le cimeti\u00e8re n&rsquo;est <strong>plus en activit\u00e9 depuis 1787<\/strong>, mais trois si\u00e8cles ont suffi \u00e0 en faire un endroit compl\u00e8tement \u00e0 part, nich\u00e9 entre les murs du Mus\u00e9e juif de Prague, dans une bulle qui semble hors de la ville. Il se visite aujourd&rsquo;hui en partie, selon une visite assez balis\u00e9e. Pas question de d\u00e9border sur les tombes ni de prendre la visite \u00e0 rebrousse-poil. Pour autant, la visite est marquante, que vous soyez taphophile ou non.<\/p>\n<p><img decoding=\"async\" loading=\"lazy\" class=\"aligncenter size-full wp-image-8322\" src=\"https:\/\/arpenterlechemin.com\/wp-content\/uploads\/2019\/10\/prague-que-faire-que-voir-visiter-republique-tcheque-blog-voyage-arpenter-le-chemin.jpg\" alt=\"prague que faire que voir visiter republique tcheque blog voyage arpenter le chemin\" width=\"3069\" height=\"1726\" srcset=\"https:\/\/arpenterlechemin.com\/wp-content\/uploads\/2019\/10\/prague-que-faire-que-voir-visiter-republique-tcheque-blog-voyage-arpenter-le-chemin.jpg 3069w, https:\/\/arpenterlechemin.com\/wp-content\/uploads\/2019\/10\/prague-que-faire-que-voir-visiter-republique-tcheque-blog-voyage-arpenter-le-chemin-500x280.jpg 500w, https:\/\/arpenterlechemin.com\/wp-content\/uploads\/2019\/10\/prague-que-faire-que-voir-visiter-republique-tcheque-blog-voyage-arpenter-le-chemin-690x388.jpg 690w, https:\/\/arpenterlechemin.com\/wp-content\/uploads\/2019\/10\/prague-que-faire-que-voir-visiter-republique-tcheque-blog-voyage-arpenter-le-chemin-768x432.jpg 768w, https:\/\/arpenterlechemin.com\/wp-content\/uploads\/2019\/10\/prague-que-faire-que-voir-visiter-republique-tcheque-blog-voyage-arpenter-le-chemin-1040x585.jpg 1040w\" sizes=\"(max-width: 3069px) 100vw, 3069px\" \/><\/p>\n<h3><span style=\"color: #000080;\">Infos pratiques<\/span><\/h3>\n<ul>\n<li>entr\u00e9e comprise avec celle du Mus\u00e9e juif de Prague, \u0160irok\u00e1 3, 110 00 Praha 1.<\/li>\n<li>entr\u00e9e : 175 czk\/adulte, soit environ 7 \u20ac\/10 $<\/li>\n<li>ouvert de 9 h \u00e0 16 h 30 ou 18 h selon la saison.\u00a0<a href=\"https:\/\/www.jewishmuseum.cz\/en\/explore\/sites\/old-jewish-cemetery\/\">Plus d&rsquo;informations ici. <\/a>Ferm\u00e9 le samedi et pendant les f\u00eates juives.<\/li>\n<li>il est tr\u00e8s facile de visiter le lieu par soi-m\u00eame mais si vous pr\u00e9f\u00e9rez, vous pouvez aussi opter pour une <a href=\"https:\/\/www.civitatis.com\/fr\/prague\/visite-quartier-juif\/?aid=7315\">visite du quartier juif avec un guide francophone<\/a>.<\/li>\n<li><a href=\"https:\/\/www.booking.com\/index.html?aid=1571475\">En passant par ce lien, vous pouvez r\u00e9server votre h\u00e9bergement \u00e0 Prague et me donner un coup de pouce financier !<\/a><\/li>\n<li>ma visite remonte \u00e0 2011 et je ne sais pas si ce lieu est d\u00e9sormais tr\u00e8s fr\u00e9quent\u00e9, mais peut-\u00eatre pourrez-vous l&rsquo;indiquer dans les commentaires ?<\/li>\n<\/ul>\n<p>Pour me rafra\u00eechir la m\u00e9moire, je me suis aid\u00e9e des blog suivants, que je vous conseille vivement :<\/p>\n<ul>\n<li><a href=\"https:\/\/www.landrucimetieres.fr\/spip\/spip.php?article3208\">Cimeti\u00e8res de France et d&rsquo;ailleurs<\/a><\/li>\n<li><a href=\"https:\/\/www.lesmysteresdelarenarde.fr\/index.php\/2018\/03\/02\/vieux-cimetiere-juif-de-prague\/\">Les myst\u00e8res de la Renarde<\/a><\/li>\n<\/ul>\n<p>Si vous avez aim\u00e9 cette chronique, n&rsquo;h\u00e9sitez pas \u00e0 fouiller dans mes archives de <a href=\"https:\/\/arpenterlechemin.com\/index.php\/tag\/gothique\/\">voyage gothique<\/a> :<\/p>\n<ul>\n<li><a href=\"https:\/\/arpenterlechemin.com\/index.php\/2019\/06\/12\/catacombes-paris\/\">Les catacombes de Paris<\/a><\/li>\n<li><a href=\"https:\/\/arpenterlechemin.com\/index.php\/2018\/11\/01\/etats-unis-road-trip-automne-halloween\/\">Road-trip en Nouvelle-Angleterre avec d\u00e9tour \u00e0 Salem<\/a><\/li>\n<li><a href=\"https:\/\/arpenterlechemin.com\/index.php\/2019\/08\/21\/palais-papes-avignon\/\">Le palais des papes \u00e0 Avignon<\/a><\/li>\n<li><a href=\"https:\/\/arpenterlechemin.com\/index.php\/2018\/10\/23\/voyage-gothique-mode-demploi\/\">Le guide du voyage gothique<\/a><\/li>\n<\/ul>\n<p><em>Et vous, avez-vous d\u00e9j\u00e0 visit\u00e9 ce cimeti\u00e8re ? Avez-vous appr\u00e9ci\u00e9 la visite ? Je vous attends dans les commentaires. Oyez, oyez. <a href=\"https:\/\/arpenterlechemin.com\/index.php\/2018\/12\/01\/soutenir-blog\/\">Ce billet contient des liens affili\u00e9s.<\/a><\/em><\/p>\n<p><img decoding=\"async\" loading=\"lazy\" class=\"alignnone wp-image-8330 size-medium\" src=\"https:\/\/arpenterlechemin.com\/wp-content\/uploads\/2019\/10\/r\u00e9publique-tch\u00e8que-vieux-cimeti\u00e8re-juif-prague-arpenter-le-chemin-blog-voyage-267x400.jpg\" alt=\"r\u00e9publique tch\u00e8que vieux cimeti\u00e8re juif prague arpenter le chemin blog voyage\" width=\"267\" height=\"400\" srcset=\"https:\/\/arpenterlechemin.com\/wp-content\/uploads\/2019\/10\/r\u00e9publique-tch\u00e8que-vieux-cimeti\u00e8re-juif-prague-arpenter-le-chemin-blog-voyage-267x400.jpg 267w, https:\/\/arpenterlechemin.com\/wp-content\/uploads\/2019\/10\/r\u00e9publique-tch\u00e8que-vieux-cimeti\u00e8re-juif-prague-arpenter-le-chemin-blog-voyage-390x585.jpg 390w, https:\/\/arpenterlechemin.com\/wp-content\/uploads\/2019\/10\/r\u00e9publique-tch\u00e8que-vieux-cimeti\u00e8re-juif-prague-arpenter-le-chemin-blog-voyage.jpg 735w\" sizes=\"(max-width: 267px) 100vw, 267px\" \/> <img decoding=\"async\" loading=\"lazy\" class=\"alignnone wp-image-8331 size-medium\" src=\"https:\/\/arpenterlechemin.com\/wp-content\/uploads\/2019\/10\/vieux-cimeti\u00e8re-juif-prague-visiter-blog-voyage-arpenter-le-chemin-267x400.jpg\" alt=\"vieux cimeti\u00e8re juif prague visiter blog voyage arpenter le chemin\" width=\"267\" height=\"400\" srcset=\"https:\/\/arpenterlechemin.com\/wp-content\/uploads\/2019\/10\/vieux-cimeti\u00e8re-juif-prague-visiter-blog-voyage-arpenter-le-chemin-267x400.jpg 267w, https:\/\/arpenterlechemin.com\/wp-content\/uploads\/2019\/10\/vieux-cimeti\u00e8re-juif-prague-visiter-blog-voyage-arpenter-le-chemin-390x585.jpg 390w, https:\/\/arpenterlechemin.com\/wp-content\/uploads\/2019\/10\/vieux-cimeti\u00e8re-juif-prague-visiter-blog-voyage-arpenter-le-chemin.jpg 735w\" sizes=\"(max-width: 267px) 100vw, 267px\" \/> <img decoding=\"async\" loading=\"lazy\" class=\"alignnone wp-image-8333 size-medium\" src=\"https:\/\/arpenterlechemin.com\/wp-content\/uploads\/2019\/10\/voyage-vieux-cimeti\u00e8re-juif-prague-blog-voyage-arpenter-le-chemin-267x400.jpg\" alt=\"voyage vieux cimeti\u00e8re juif prague blog voyage arpenter le chemin\" width=\"267\" height=\"400\" srcset=\"https:\/\/arpenterlechemin.com\/wp-content\/uploads\/2019\/10\/voyage-vieux-cimeti\u00e8re-juif-prague-blog-voyage-arpenter-le-chemin-267x400.jpg 267w, https:\/\/arpenterlechemin.com\/wp-content\/uploads\/2019\/10\/voyage-vieux-cimeti\u00e8re-juif-prague-blog-voyage-arpenter-le-chemin-390x585.jpg 390w, https:\/\/arpenterlechemin.com\/wp-content\/uploads\/2019\/10\/voyage-vieux-cimeti\u00e8re-juif-prague-blog-voyage-arpenter-le-chemin.jpg 735w\" sizes=\"(max-width: 267px) 100vw, 267px\" \/><\/p>\n<p>&nbsp;<\/p>\n","protected":false},"excerpt":{"rendered":"<p>Les cimeti\u00e8res sont des lieux \u00e0 part, qu&rsquo;on soit en voyage ou chez soi. Apr\u00e8s tout, c&rsquo;est l\u00e0 que l&rsquo;on fait le fameux dernier voyage qui nous attend tous, et qui ne peut pas susciter l&rsquo;indiff\u00e9rence. Si vous me suivez depuis un moment, il ne vous aura pas \u00e9chapp\u00e9 que je suis taphophile, \u00e0 savoir que je nourris un int\u00e9r\u00eat prononc\u00e9 pour les cimeti\u00e8res. Ce ne serait pas un peu morbide, tout \u00e7a ? Au contraire, les st\u00e8les et autres ornements en disent long sur la vie de ceux qui <\/p>\n","protected":false},"author":1,"featured_media":8332,"comment_status":"open","ping_status":"open","sticky":false,"template":"","format":"standard","meta":{"jetpack_post_was_ever_published":false},"categories":[1,531],"tags":[683,688,647],"yoast_head":"<!-- This site is optimized with the Yoast SEO plugin v20.7 - https:\/\/yoast.com\/wordpress\/plugins\/seo\/ -->\n<title>R\u00c9PUBLIQUE TCH\u00c8QUE \/\/ Le vieux cimeti\u00e8re juif de Prague<\/title>\n<meta name=\"description\" content=\"Visiter le vieux cimeti\u00e8re juif de Prague : histoire et r\u00e9cit, infos pratiques pour bien pr\u00e9parer sa visite au cimeti\u00e8re juif \u00e0 Josefov...\" \/>\n<meta name=\"robots\" content=\"index, follow, max-snippet:-1, max-image-preview:large, max-video-preview:-1\" \/>\n<link rel=\"canonical\" href=\"https:\/\/arpenterlechemin.com\/index.php\/2019\/10\/02\/prague-cimetiere-juif\/\" \/>\n<meta property=\"og:locale\" content=\"fr_FR\" \/>\n<meta property=\"og:type\" content=\"article\" \/>\n<meta property=\"og:title\" content=\"R\u00c9PUBLIQUE TCH\u00c8QUE \/\/ Le vieux cimeti\u00e8re juif de Prague\" \/>\n<meta property=\"og:description\" content=\"Visiter le vieux cimeti\u00e8re juif de Prague : histoire et r\u00e9cit, infos pratiques pour bien pr\u00e9parer sa visite au cimeti\u00e8re juif \u00e0 Josefov...\" \/>\n<meta property=\"og:url\" content=\"https:\/\/arpenterlechemin.com\/index.php\/2019\/10\/02\/prague-cimetiere-juif\/\" \/>\n<meta property=\"og:site_name\" content=\"Arpenter le chemin\" \/>\n<meta property=\"article:published_time\" content=\"2019-10-02T06:26:29+00:00\" \/>\n<meta property=\"article:modified_time\" content=\"2019-10-02T02:00:27+00:00\" \/>\n<meta property=\"og:image\" content=\"https:\/\/arpenterlechemin.com\/wp-content\/uploads\/2019\/10\/vieux-cimeti\u00e8re-juif-prague.jpg\" \/>\n\t<meta property=\"og:image:width\" content=\"1040\" \/>\n\t<meta property=\"og:image:height\" content=\"585\" \/>\n\t<meta property=\"og:image:type\" content=\"image\/jpeg\" \/>\n<meta name=\"author\" content=\"Audrey\" \/>\n<meta name=\"twitter:card\" content=\"summary_large_image\" \/>\n<meta name=\"twitter:label1\" content=\"\u00c9crit par\" \/>\n\t<meta name=\"twitter:data1\" content=\"Audrey\" \/>\n\t<meta name=\"twitter:label2\" content=\"Dur\u00e9e de lecture estim\u00e9e\" \/>\n\t<meta name=\"twitter:data2\" content=\"6 minutes\" \/>\n<script type=\"application\/ld+json\" class=\"yoast-schema-graph\">{\"@context\":\"https:\/\/schema.org\",\"@graph\":[{\"@type\":\"Article\",\"@id\":\"https:\/\/arpenterlechemin.com\/index.php\/2019\/10\/02\/prague-cimetiere-juif\/#article\",\"isPartOf\":{\"@id\":\"https:\/\/arpenterlechemin.com\/index.php\/2019\/10\/02\/prague-cimetiere-juif\/\"},\"author\":{\"name\":\"Audrey\",\"@id\":\"https:\/\/arpenterlechemin.com\/#\/schema\/person\/1d187818c0988fbea4d682c1e59c795c\"},\"headline\":\"R\u00c9PUBLIQUE TCH\u00c8QUE \/\/ Le vieux cimeti\u00e8re juif de Prague\",\"datePublished\":\"2019-10-02T06:26:29+00:00\",\"dateModified\":\"2019-10-02T02:00:27+00:00\",\"mainEntityOfPage\":{\"@id\":\"https:\/\/arpenterlechemin.com\/index.php\/2019\/10\/02\/prague-cimetiere-juif\/\"},\"wordCount\":1280,\"commentCount\":4,\"publisher\":{\"@id\":\"https:\/\/arpenterlechemin.com\/#organization\"},\"keywords\":[\"gothique\",\"r\u00e9publique tch\u00e8que\",\"ville\"],\"articleSection\":[\"Blog\",\"Europe\"],\"inLanguage\":\"fr-FR\",\"potentialAction\":[{\"@type\":\"CommentAction\",\"name\":\"Comment\",\"target\":[\"https:\/\/arpenterlechemin.com\/index.php\/2019\/10\/02\/prague-cimetiere-juif\/#respond\"]}]},{\"@type\":\"WebPage\",\"@id\":\"https:\/\/arpenterlechemin.com\/index.php\/2019\/10\/02\/prague-cimetiere-juif\/\",\"url\":\"https:\/\/arpenterlechemin.com\/index.php\/2019\/10\/02\/prague-cimetiere-juif\/\",\"name\":\"R\u00c9PUBLIQUE TCH\u00c8QUE \/\/ Le vieux cimeti\u00e8re juif de Prague\",\"isPartOf\":{\"@id\":\"https:\/\/arpenterlechemin.com\/#website\"},\"datePublished\":\"2019-10-02T06:26:29+00:00\",\"dateModified\":\"2019-10-02T02:00:27+00:00\",\"description\":\"Visiter le vieux cimeti\u00e8re juif de Prague : histoire et r\u00e9cit, infos pratiques pour bien pr\u00e9parer sa visite au cimeti\u00e8re juif \u00e0 Josefov...\",\"breadcrumb\":{\"@id\":\"https:\/\/arpenterlechemin.com\/index.php\/2019\/10\/02\/prague-cimetiere-juif\/#breadcrumb\"},\"inLanguage\":\"fr-FR\",\"potentialAction\":[{\"@type\":\"ReadAction\",\"target\":[\"https:\/\/arpenterlechemin.com\/index.php\/2019\/10\/02\/prague-cimetiere-juif\/\"]}]},{\"@type\":\"BreadcrumbList\",\"@id\":\"https:\/\/arpenterlechemin.com\/index.php\/2019\/10\/02\/prague-cimetiere-juif\/#breadcrumb\",\"itemListElement\":[{\"@type\":\"ListItem\",\"position\":1,\"name\":\"Home\",\"item\":\"https:\/\/arpenterlechemin.com\/\"},{\"@type\":\"ListItem\",\"position\":2,\"name\":\"R\u00c9PUBLIQUE TCH\u00c8QUE \/\/ Le vieux cimeti\u00e8re juif de Prague\"}]},{\"@type\":\"WebSite\",\"@id\":\"https:\/\/arpenterlechemin.com\/#website\",\"url\":\"https:\/\/arpenterlechemin.com\/\",\"name\":\"Arpenter le chemin\",\"description\":\"\",\"publisher\":{\"@id\":\"https:\/\/arpenterlechemin.com\/#organization\"},\"potentialAction\":[{\"@type\":\"SearchAction\",\"target\":{\"@type\":\"EntryPoint\",\"urlTemplate\":\"https:\/\/arpenterlechemin.com\/?s={search_term_string}\"},\"query-input\":\"required name=search_term_string\"}],\"inLanguage\":\"fr-FR\"},{\"@type\":\"Organization\",\"@id\":\"https:\/\/arpenterlechemin.com\/#organization\",\"name\":\"Arpenter le chemin\",\"url\":\"https:\/\/arpenterlechemin.com\/\",\"logo\":{\"@type\":\"ImageObject\",\"inLanguage\":\"fr-FR\",\"@id\":\"https:\/\/arpenterlechemin.com\/#\/schema\/logo\/image\/\",\"url\":\"https:\/\/arpenterlechemin.com\/wp-content\/uploads\/2017\/04\/icone-4.jpg\",\"contentUrl\":\"https:\/\/arpenterlechemin.com\/wp-content\/uploads\/2017\/04\/icone-4.jpg\",\"width\":150,\"height\":73,\"caption\":\"Arpenter le chemin\"},\"image\":{\"@id\":\"https:\/\/arpenterlechemin.com\/#\/schema\/logo\/image\/\"}},{\"@type\":\"Person\",\"@id\":\"https:\/\/arpenterlechemin.com\/#\/schema\/person\/1d187818c0988fbea4d682c1e59c795c\",\"name\":\"Audrey\",\"image\":{\"@type\":\"ImageObject\",\"inLanguage\":\"fr-FR\",\"@id\":\"https:\/\/arpenterlechemin.com\/#\/schema\/person\/image\/\",\"url\":\"https:\/\/secure.gravatar.com\/avatar\/b75298f64c73f1709976c50921beae6a?s=96&d=mm&r=g\",\"contentUrl\":\"https:\/\/secure.gravatar.com\/avatar\/b75298f64c73f1709976c50921beae6a?s=96&d=mm&r=g\",\"caption\":\"Audrey\"},\"description\":\"Allergique \u00e0 la routine, atteinte de bougeotte aigu\u00eb, j'essaie de m'envoler aussi souvent que possible, seule, en couple ou entre amis ! Ville, nature, culture, rando... tout me va, \u00e0 partir du moment o\u00f9 je suis dehors.\",\"url\":\"https:\/\/arpenterlechemin.com\/index.php\/author\/audreyf\/\"}]}<\/script>\n<!-- \/ Yoast SEO plugin. -->","yoast_head_json":{"title":"R\u00c9PUBLIQUE TCH\u00c8QUE \/\/ Le vieux cimeti\u00e8re juif de Prague","description":"Visiter le vieux cimeti\u00e8re juif de Prague : histoire et r\u00e9cit, infos pratiques pour bien pr\u00e9parer sa visite au cimeti\u00e8re juif \u00e0 Josefov...","robots":{"index":"index","follow":"follow","max-snippet":"max-snippet:-1","max-image-preview":"max-image-preview:large","max-video-preview":"max-video-preview:-1"},"canonical":"https:\/\/arpenterlechemin.com\/index.php\/2019\/10\/02\/prague-cimetiere-juif\/","og_locale":"fr_FR","og_type":"article","og_title":"R\u00c9PUBLIQUE TCH\u00c8QUE \/\/ Le vieux cimeti\u00e8re juif de Prague","og_description":"Visiter le vieux cimeti\u00e8re juif de Prague : histoire et r\u00e9cit, infos pratiques pour bien pr\u00e9parer sa visite au cimeti\u00e8re juif \u00e0 Josefov...","og_url":"https:\/\/arpenterlechemin.com\/index.php\/2019\/10\/02\/prague-cimetiere-juif\/","og_site_name":"Arpenter le chemin","article_published_time":"2019-10-02T06:26:29+00:00","article_modified_time":"2019-10-02T02:00:27+00:00","og_image":[{"width":1040,"height":585,"url":"https:\/\/arpenterlechemin.com\/wp-content\/uploads\/2019\/10\/vieux-cimeti\u00e8re-juif-prague.jpg","type":"image\/jpeg"}],"author":"Audrey","twitter_card":"summary_large_image","twitter_misc":{"\u00c9crit par":"Audrey","Dur\u00e9e de lecture estim\u00e9e":"6 minutes"},"schema":{"@context":"https:\/\/schema.org","@graph":[{"@type":"Article","@id":"https:\/\/arpenterlechemin.com\/index.php\/2019\/10\/02\/prague-cimetiere-juif\/#article","isPartOf":{"@id":"https:\/\/arpenterlechemin.com\/index.php\/2019\/10\/02\/prague-cimetiere-juif\/"},"author":{"name":"Audrey","@id":"https:\/\/arpenterlechemin.com\/#\/schema\/person\/1d187818c0988fbea4d682c1e59c795c"},"headline":"R\u00c9PUBLIQUE TCH\u00c8QUE \/\/ Le vieux cimeti\u00e8re juif de Prague","datePublished":"2019-10-02T06:26:29+00:00","dateModified":"2019-10-02T02:00:27+00:00","mainEntityOfPage":{"@id":"https:\/\/arpenterlechemin.com\/index.php\/2019\/10\/02\/prague-cimetiere-juif\/"},"wordCount":1280,"commentCount":4,"publisher":{"@id":"https:\/\/arpenterlechemin.com\/#organization"},"keywords":["gothique","r\u00e9publique tch\u00e8que","ville"],"articleSection":["Blog","Europe"],"inLanguage":"fr-FR","potentialAction":[{"@type":"CommentAction","name":"Comment","target":["https:\/\/arpenterlechemin.com\/index.php\/2019\/10\/02\/prague-cimetiere-juif\/#respond"]}]},{"@type":"WebPage","@id":"https:\/\/arpenterlechemin.com\/index.php\/2019\/10\/02\/prague-cimetiere-juif\/","url":"https:\/\/arpenterlechemin.com\/index.php\/2019\/10\/02\/prague-cimetiere-juif\/","name":"R\u00c9PUBLIQUE TCH\u00c8QUE \/\/ Le vieux cimeti\u00e8re juif de Prague","isPartOf":{"@id":"https:\/\/arpenterlechemin.com\/#website"},"datePublished":"2019-10-02T06:26:29+00:00","dateModified":"2019-10-02T02:00:27+00:00","description":"Visiter le vieux cimeti\u00e8re juif de Prague : histoire et r\u00e9cit, infos pratiques pour bien pr\u00e9parer sa visite au cimeti\u00e8re juif \u00e0 Josefov...","breadcrumb":{"@id":"https:\/\/arpenterlechemin.com\/index.php\/2019\/10\/02\/prague-cimetiere-juif\/#breadcrumb"},"inLanguage":"fr-FR","potentialAction":[{"@type":"ReadAction","target":["https:\/\/arpenterlechemin.com\/index.php\/2019\/10\/02\/prague-cimetiere-juif\/"]}]},{"@type":"BreadcrumbList","@id":"https:\/\/arpenterlechemin.com\/index.php\/2019\/10\/02\/prague-cimetiere-juif\/#breadcrumb","itemListElement":[{"@type":"ListItem","position":1,"name":"Home","item":"https:\/\/arpenterlechemin.com\/"},{"@type":"ListItem","position":2,"name":"R\u00c9PUBLIQUE TCH\u00c8QUE \/\/ Le vieux cimeti\u00e8re juif de Prague"}]},{"@type":"WebSite","@id":"https:\/\/arpenterlechemin.com\/#website","url":"https:\/\/arpenterlechemin.com\/","name":"Arpenter le chemin","description":"","publisher":{"@id":"https:\/\/arpenterlechemin.com\/#organization"},"potentialAction":[{"@type":"SearchAction","target":{"@type":"EntryPoint","urlTemplate":"https:\/\/arpenterlechemin.com\/?s={search_term_string}"},"query-input":"required name=search_term_string"}],"inLanguage":"fr-FR"},{"@type":"Organization","@id":"https:\/\/arpenterlechemin.com\/#organization","name":"Arpenter le chemin","url":"https:\/\/arpenterlechemin.com\/","logo":{"@type":"ImageObject","inLanguage":"fr-FR","@id":"https:\/\/arpenterlechemin.com\/#\/schema\/logo\/image\/","url":"https:\/\/arpenterlechemin.com\/wp-content\/uploads\/2017\/04\/icone-4.jpg","contentUrl":"https:\/\/arpenterlechemin.com\/wp-content\/uploads\/2017\/04\/icone-4.jpg","width":150,"height":73,"caption":"Arpenter le chemin"},"image":{"@id":"https:\/\/arpenterlechemin.com\/#\/schema\/logo\/image\/"}},{"@type":"Person","@id":"https:\/\/arpenterlechemin.com\/#\/schema\/person\/1d187818c0988fbea4d682c1e59c795c","name":"Audrey","image":{"@type":"ImageObject","inLanguage":"fr-FR","@id":"https:\/\/arpenterlechemin.com\/#\/schema\/person\/image\/","url":"https:\/\/secure.gravatar.com\/avatar\/b75298f64c73f1709976c50921beae6a?s=96&d=mm&r=g","contentUrl":"https:\/\/secure.gravatar.com\/avatar\/b75298f64c73f1709976c50921beae6a?s=96&d=mm&r=g","caption":"Audrey"},"description":"Allergique \u00e0 la routine, atteinte de bougeotte aigu\u00eb, j'essaie de m'envoler aussi souvent que possible, seule, en couple ou entre amis ! Ville, nature, culture, rando... tout me va, \u00e0 partir du moment o\u00f9 je suis dehors.","url":"https:\/\/arpenterlechemin.com\/index.php\/author\/audreyf\/"}]}},"jetpack_featured_media_url":"https:\/\/arpenterlechemin.com\/wp-content\/uploads\/2019\/10\/vieux-cimeti\u00e8re-juif-prague.jpg","jetpack_sharing_enabled":true,"jetpack_shortlink":"https:\/\/wp.me\/p8z9hR-1AY","jetpack-related-posts":[{"id":5513,"url":"https:\/\/arpenterlechemin.com\/index.php\/2018\/10\/23\/voyage-gothique-mode-demploi\/","url_meta":{"origin":6136,"position":0},"title":"Voyage gothique, mode d&#8217;emploi","date":"23 octobre 2018","format":false,"excerpt":"Vous ne le savez peut-\u00eatre pas, mais il y a toujours en moi quelque chose de gothique. \u00c0 l'ado d\u00e9gingand\u00e9e avec son manteau noir \u00e0 la Matrix et son chapeau \u00e0 l'Am\u00e9lie Nothomb a succ\u00e9d\u00e9 une trentenaire toujours passionn\u00e9e par l'arsenic et les vieilles dentelles, les cimeti\u00e8res et les sorci\u00e8res,\u2026","rel":"","context":"Dans &quot;Am\u00e9rique du Nord&quot;","img":{"alt_text":"guide voyage gothique blog voyage titre bonnes adresses","src":"https:\/\/i0.wp.com\/arpenterlechemin.com\/wp-content\/uploads\/2018\/10\/guide-voyage-gothique-blog-voyage-titre-bonnes-adresses.jpg?resize=350%2C200&ssl=1","width":350,"height":200},"classes":[]},{"id":10831,"url":"https:\/\/arpenterlechemin.com\/index.php\/2021\/11\/01\/alyscamps-arles\/","url_meta":{"origin":6136,"position":1},"title":"FRANCE \/\/ Les Alyscamps d&rsquo;Arles","date":"1 novembre 2021","format":false,"excerpt":"Oh, novembre, mois sombre et gris. Pour en rajouter une couche, la Toussaint et le Jour des morts inaugurent g\u00e9n\u00e9ralement le mois de novembre par une visite lugubre au cimeti\u00e8re. Et si on changeait de regard sur les cimeti\u00e8res ? De lieux d'une grande tristesse, ils peuvent devenir une destination\u2026","rel":"","context":"Dans &quot;Blog&quot;","img":{"alt_text":"Visiter les Alyscamps \u00e0 Arles","src":"https:\/\/i0.wp.com\/arpenterlechemin.com\/wp-content\/uploads\/2021\/10\/Visiter-les-Alyscamps-\u00e0-Arles.jpg?resize=350%2C200&ssl=1","width":350,"height":200},"classes":[]},{"id":7612,"url":"https:\/\/arpenterlechemin.com\/index.php\/2019\/06\/12\/catacombes-paris\/","url_meta":{"origin":6136,"position":2},"title":"FRANCE \/\/ Les Catacombes de Paris, visite d&rsquo;outre-tombe","date":"12 juin 2019","format":false,"excerpt":"Paris ne d\u00e9m\u00e9rite pas son surnom de Ville Lumi\u00e8re : ses sites rayonnent dans le monde entier, ils sont solaires, \u00e9blouissants. Je veux bien s\u00fbr parler de la tour Eiffel, de l'arc de Triomphe, de Notre-Dame de Paris toujours vaillante... Devant tant de lieux \u00e9clatants, on a tendance \u00e0 oublier\u2026","rel":"","context":"Dans &quot;Blog&quot;","img":{"alt_text":"catacombes paris comment infos pratiques blog voyage france arpenter le chemin","src":"https:\/\/i0.wp.com\/arpenterlechemin.com\/wp-content\/uploads\/2019\/06\/catacombes-paris-comment-infos-pratiques-blog-voyage-france-arpenter-le-chemin.jpg?resize=350%2C200&ssl=1","width":350,"height":200},"classes":[]},{"id":8340,"url":"https:\/\/arpenterlechemin.com\/index.php\/2019\/11\/01\/pont-du-diable-haute-savoie\/","url_meta":{"origin":6136,"position":3},"title":"HAUTE-SAVOIE \/\/ Le Pont du Diable et l&rsquo;abbaye d&rsquo;Aulps","date":"1 novembre 2019","format":false,"excerpt":"Ce mois-ci, j'ai l'honneur d'\u00eatre la cheffe d'orchestre du rendez-vous interblogueur EnFranceAussi, sous l'\u00e9gide de Sylvie du blog \u00ab Le coin des voyageurs \u00bb, et j'ai \u00e9videmment choisi pour th\u00e8me \"Gothique\". Comme je l'expliquais dans mon petit \"manuel du voyage gothique\" l'an dernier, un voyage gothique, c'est un voyage dans\u2026","rel":"","context":"Dans &quot;Blog&quot;","img":{"alt_text":"haute-savoie pont du diable abbaye saint-jean-d'aulps france alpes blog voyage arpenter le chemin","src":"https:\/\/i0.wp.com\/arpenterlechemin.com\/wp-content\/uploads\/2019\/10\/haute-savoie-pont-du-diable-abbaye-saint-jean-daulps-france-alpes-blog-voyage-arpenter-le-chemin.jpg?resize=350%2C200&ssl=1","width":350,"height":200},"classes":[]},{"id":5453,"url":"https:\/\/arpenterlechemin.com\/index.php\/2018\/06\/18\/voyage-chance-privilege\/","url_meta":{"origin":6136,"position":4},"title":"R\u00c9FLEXION \/\/ Le voyage, chance, efforts ou privil\u00e8ge ?","date":"18 juin 2018","format":false,"excerpt":"Vous avez remarqu\u00e9 ? Ces derniers temps, les t\u00e9moignages de voyageurs sont l\u00e9gion sur l'absence de lien entre chance et voyage. Il ne se passe pas une semaine sans que j'en voie passer un. J'aimerais apporter mon eau au moulin (ou jeter mon pav\u00e9 dans la mare ?). Oui, le\u2026","rel":"","context":"Dans &quot;Blog&quot;","img":{"alt_text":"voyager chance privilege blog voyage canada","src":"https:\/\/i0.wp.com\/arpenterlechemin.com\/wp-content\/uploads\/2018\/06\/voyager-chance-privilege-blog-voyage-canada.jpg?resize=350%2C200&ssl=1","width":350,"height":200},"classes":[]},{"id":9057,"url":"https:\/\/arpenterlechemin.com\/index.php\/2020\/04\/01\/toilettes-voyage\/","url_meta":{"origin":6136,"position":5},"title":"CONSEILS \/\/ Aller aux toilettes en voyage","date":"1 avril 2020","format":false,"excerpt":"Chers lectrices et lecteurs habitu\u00e9s \u00e0 ce blog glamour, voici le contenu de qualit\u00e9 dont vous r\u00eaviez : un billet complet sur ce qui nous unit tous en voyage, que vous soyons en voyage petit budget ou luxe, en rando ou en avion, en escapade en ville ou \u00e0 la\u2026","rel":"","context":"Dans &quot;Blog&quot;","img":{"alt_text":"Toilettes en voyage","src":"https:\/\/i0.wp.com\/arpenterlechemin.com\/wp-content\/uploads\/2020\/03\/Toilettes-en-voyage.jpg?resize=350%2C200&ssl=1","width":350,"height":200},"classes":[]}],"_links":{"self":[{"href":"https:\/\/arpenterlechemin.com\/index.php\/wp-json\/wp\/v2\/posts\/6136"}],"collection":[{"href":"https:\/\/arpenterlechemin.com\/index.php\/wp-json\/wp\/v2\/posts"}],"about":[{"href":"https:\/\/arpenterlechemin.com\/index.php\/wp-json\/wp\/v2\/types\/post"}],"author":[{"embeddable":true,"href":"https:\/\/arpenterlechemin.com\/index.php\/wp-json\/wp\/v2\/users\/1"}],"replies":[{"embeddable":true,"href":"https:\/\/arpenterlechemin.com\/index.php\/wp-json\/wp\/v2\/comments?post=6136"}],"version-history":[{"count":0,"href":"https:\/\/arpenterlechemin.com\/index.php\/wp-json\/wp\/v2\/posts\/6136\/revisions"}],"wp:featuredmedia":[{"embeddable":true,"href":"https:\/\/arpenterlechemin.com\/index.php\/wp-json\/wp\/v2\/media\/8332"}],"wp:attachment":[{"href":"https:\/\/arpenterlechemin.com\/index.php\/wp-json\/wp\/v2\/media?parent=6136"}],"wp:term":[{"taxonomy":"category","embeddable":true,"href":"https:\/\/arpenterlechemin.com\/index.php\/wp-json\/wp\/v2\/categories?post=6136"},{"taxonomy":"post_tag","embeddable":true,"href":"https:\/\/arpenterlechemin.com\/index.php\/wp-json\/wp\/v2\/tags?post=6136"}],"curies":[{"name":"wp","href":"https:\/\/api.w.org\/{rel}","templated":true}]}}