{"id":5513,"date":"2018-10-23T02:46:40","date_gmt":"2018-10-23T06:46:40","guid":{"rendered":"http:\/\/arpenterlechemin.com\/?p=5513"},"modified":"2019-10-01T21:33:44","modified_gmt":"2019-10-02T01:33:44","slug":"voyage-gothique-mode-demploi","status":"publish","type":"post","link":"https:\/\/arpenterlechemin.com\/index.php\/2018\/10\/23\/voyage-gothique-mode-demploi\/","title":{"rendered":"Voyage gothique, mode d&#8217;emploi"},"content":{"rendered":"<p>Vous ne le savez peut-\u00eatre pas, mais il y a toujours en moi quelque chose de gothique. \u00c0 l&rsquo;ado d\u00e9gingand\u00e9e avec son manteau noir \u00e0 la Matrix et son chapeau \u00e0 l&rsquo;Am\u00e9lie Nothomb a succ\u00e9d\u00e9 une trentenaire toujours passionn\u00e9e par l&rsquo;arsenic et les vieilles dentelles, les cimeti\u00e8res et les sorci\u00e8res, les <a href=\"https:\/\/www.youtube.com\/channel\/UCi5iiEyLwSLvlqnMi02u5gQ\">sciences mortuaires<\/a> et l&rsquo;esth\u00e9tique victorienne. On le voit plus ou moins selon les jours et mon humeur, mais j&rsquo;ai toujours des chauve-souris dans les id\u00e9es (et peut-\u00eatre bien une araign\u00e9e au plafond). Suite \u00e0 une discussion fort int\u00e9ressante avec des comparses blogueuses elles-m\u00eames passionn\u00e9es <a href=\"https:\/\/1916kilometres.com\/\">par d&rsquo;autres temps<\/a>, je me suis dit que faire un topo sur le voyage gothique pouvait \u00eatre une bonne id\u00e9e. Parce que figurez-vous, ce n&rsquo;est pas parce qu&rsquo;on est gothique qu&rsquo;il faut se priver de voyager et que mieux encore, on peut voyager en suivant ses passions.<\/p>\n<p>Voyager quand on est gothique, ce n&rsquo;est pas forc\u00e9ment diff\u00e9rent de voyager tout court. On ach\u00e8te un billet d&rsquo;avion ou de train, on prend avec soi son passeport et son appareil photo, on s&rsquo;\u00e9merveille devant la beaut\u00e9 du monde. Qu&rsquo;est-ce qui nous distingue, alors ?<\/p>\n<h3><span style=\"color: #800080;\">Dans la valise du voyageur goth<\/span><\/h3>\n<p>\u00ab\u00a0Le noir est une couleur si joyeuse\u00a0\u00bb, disait Morticia Addams. Et Mercredi Addams de rench\u00e9rir : \u00ab\u00a0j&rsquo;arr\u00eaterai de mettre du noir le jour o\u00f9 on trouvera une couleur plus sombre\u00a0\u00bb. Je ne peux qu&rsquo;approuver. Toutes les nuances de noir, du noir presque anthracite au noir le plus sombre, celui qui cr\u00e9e des trous noirs vestimentaires sur les photos, je les veux tous.<\/p>\n<p>Pas toujours \u00e9vident de s&rsquo;habiller uniquement en noir en voyage &#8211; ce n&rsquo;est pas forc\u00e9ment bien vu dans toutes les cultures. \u00c0 New York ou \u00e0 St-P\u00e9tersbourg, on se fond dans le d\u00e9cor. Dans les grandes villes japonaises, les gothic lolitas sont certes en perte de vitesse, mais les excentricit\u00e9s vestimentaires ne font gu\u00e8re sourciller. Mais dans la campagne canadienne, o\u00f9 le jean et les tee-shirts clairs sont la norme, on peut d\u00e9tonner. Je me souviens de ma premi\u00e8re incursion au Nouveau-Brunswick, presque toute de noir v\u00eatue &#8211; et d&rsquo;avoir entendu deux passants commenter \u00ab\u00a0pourquoi elle est d\u00e9guis\u00e9e, celle-l\u00e0 ?\u00a0\u00bb. Au Guatemala, o\u00f9 les tenues sont de vrais feux d&rsquo;artifice, s&rsquo;habiller tout de noir emp\u00eache irr\u00e9m\u00e9diablement de se fondre dans la foule.<\/p>\n<p>En voyage, j&rsquo;essaie de diluer vaguement ma garde-robe avec des v\u00eatements noirs et blancs, voire rouge ou violet quand je vais sous les tropiques, histoire de moins d\u00e9friser. Mais pas question de faire l&rsquo;impasse sur la dose de cr\u00e8me solaire pour prot\u00e9ger mon teint victorien, par contre.<\/p>\n<p><img decoding=\"async\" loading=\"lazy\" class=\"aligncenter wp-image-5248 size-full\" src=\"http:\/\/arpenterlechemin.com\/wp-content\/uploads\/2018\/05\/Peyre-Millau-WAT-Aveyron-plus-beau-village-france-blog-voyage-arpenter-le-chemin.jpg\" alt=\"voyage gothique vetements noirs blog voyage canada arpenter le chemin halloween\" width=\"2269\" height=\"1277\" srcset=\"https:\/\/arpenterlechemin.com\/wp-content\/uploads\/2018\/05\/Peyre-Millau-WAT-Aveyron-plus-beau-village-france-blog-voyage-arpenter-le-chemin.jpg 2269w, https:\/\/arpenterlechemin.com\/wp-content\/uploads\/2018\/05\/Peyre-Millau-WAT-Aveyron-plus-beau-village-france-blog-voyage-arpenter-le-chemin-300x169.jpg 300w, https:\/\/arpenterlechemin.com\/wp-content\/uploads\/2018\/05\/Peyre-Millau-WAT-Aveyron-plus-beau-village-france-blog-voyage-arpenter-le-chemin-768x432.jpg 768w, https:\/\/arpenterlechemin.com\/wp-content\/uploads\/2018\/05\/Peyre-Millau-WAT-Aveyron-plus-beau-village-france-blog-voyage-arpenter-le-chemin-1024x576.jpg 1024w\" sizes=\"(max-width: 2269px) 100vw, 2269px\" \/><\/p>\n<p style=\"text-align: center;\"><em>Bonjour, moi c&rsquo;est Audrey, je m&rsquo;habille comme une vieille Sicilienne. Et J&rsquo;AIME \u00e7a.<\/em><\/p>\n<h3><span style=\"color: #800080;\">O\u00f9 aller quand on est gothique ?<\/span><\/h3>\n<p>Certaines destinations sont fondamentalement non gothiques. Ibiza et ses raveurs ? Tahiti et sa joie de vivre ? Tout ce qui touche de pr\u00e8s ou de loin \u00e0 une plage de sable blanc, du soleil \u00e9clatant et de la bonne humeur vient br\u00fbler notre peau de vampire,<\/p>\n<p>Non, quand on veut voyager en suivant son c\u0153ur gothique, on privil\u00e9gie les destinations emplies de brume o\u00f9 dissimuler notre spleen et r\u00e9citer du Rimbaud. Les destinations ayant connu la grande \u00e9poque victorienne, avec leurs manoirs hant\u00e9s et leurs sorci\u00e8res, o\u00f9 flotte encore un peu l&rsquo;\u00e2me d&rsquo;Edgar Allan Poe. Les destinations riches d&rsquo;un folklore peu engageant, o\u00f9 r\u00f4dent le golem et les goules, les vampires et les mythes, o\u00f9 le monde de la nuit c\u00f4toie celui des vivants, celui cher \u00e0 Maupassant. Voici quelques id\u00e9es.<\/p>\n<p><img decoding=\"async\" loading=\"lazy\" class=\"aligncenter wp-image-5803 size-full\" src=\"http:\/\/arpenterlechemin.com\/wp-content\/uploads\/2018\/10\/Prague-Republique-tcheque-cimetiere-blog-voyage-arpenter-le-chemin.jpg\" alt=\"Prague Republique tcheque cimetiere blog voyage arpenter le chemin\" width=\"3069\" height=\"1726\" srcset=\"https:\/\/arpenterlechemin.com\/wp-content\/uploads\/2018\/10\/Prague-Republique-tcheque-cimetiere-blog-voyage-arpenter-le-chemin.jpg 3069w, https:\/\/arpenterlechemin.com\/wp-content\/uploads\/2018\/10\/Prague-Republique-tcheque-cimetiere-blog-voyage-arpenter-le-chemin-768x432.jpg 768w\" sizes=\"(max-width: 3069px) 100vw, 3069px\" \/><\/p>\n<p style=\"text-align: center;\"><em>Vieux cimeti\u00e8re juif de Prague, R\u00e9publique tch\u00e8que<\/em><\/p>\n<h3><span style=\"color: #800080;\">Le voyage gothique c\u00f4t\u00e9 culture<\/span><\/h3>\n<p>Aux <a href=\"http:\/\/arpenterlechemin.com\/index.php\/tag\/usa\">\u00c9tats-Unis<\/a>, la Nouvelle-Angleterre est nourrie aux sorci\u00e8res et aux mondes des morts. La famille Addams, Stephen King, Halloween font partie de l&rsquo;imaginaire local. Salem (Massachussetts) est une destination incontournable en octobre et mise tout sur un tourisme \u00e9sot\u00e9rique, avec diseuses de bonne aventures et visites guid\u00e9es fantomatiques. Le <a href=\"http:\/\/arpenterlechemin.com\/index.php\/tag\/maine\">Maine<\/a> est bien ancr\u00e9 dans l&rsquo;imaginaire comme \u00e9tant le fief de Stephen King et bon nombre de films adapt\u00e9s de ses romans y ont \u00e9t\u00e9 tourn\u00e9.<\/p>\n<p>Tout gothique qui se respecte aime les cimeti\u00e8res. Avez-vous d\u00e9j\u00e0 visit\u00e9 un cimeti\u00e8re nord-am\u00e9ricain ? Ils sont presque trop guillerets pour \u00eatre vrais, avec leur verdure pimpante. C\u00f4t\u00e9 europ\u00e9en, on trouve de tr\u00e8s beaux cimeti\u00e8res comme le vieux cimeti\u00e8re juif de Prague, le P\u00e8re-Lachaise \u00e9videmment. \u00c0 Londres, le cimeti\u00e8re de Highgate est r\u00e9put\u00e9 pour ses beaux monuments fun\u00e9raire.<\/p>\n<p>En Europe, Prague a son golem, \u00c9dimbourg ses ch\u00e2teaux hant\u00e9s, Paris a ses catacombes et Londres aime son folklore macabre \u00e0 la sauce Conan Doyle. On est en droit de se demander jusqu&rsquo;\u00e0 quel point pousser le vice ? Les \u00ab\u00a0visites hant\u00e9es\u00a0\u00bb avec leurs sursauts bas de gamme pour \u00e9tudiants avin\u00e9s ne m&rsquo;int\u00e9ressent pas vraiment, mais une visite qui explore des catacombes sans grandiloquence et avec respect pour les personnes qui y passent leur dernier s\u00e9jour, j&rsquo;adore.<\/p>\n<p><img decoding=\"async\" loading=\"lazy\" class=\"aligncenter wp-image-5804 size-full\" src=\"http:\/\/arpenterlechemin.com\/wp-content\/uploads\/2018\/10\/Maine-Stephen-King-Bangor-blog-voyage-arpenter-le-chemin.jpg\" alt=\"Maine Stephen King Bangor blog voyage arpenter le chemin\" width=\"3260\" height=\"1834\" srcset=\"https:\/\/arpenterlechemin.com\/wp-content\/uploads\/2018\/10\/Maine-Stephen-King-Bangor-blog-voyage-arpenter-le-chemin.jpg 3260w, https:\/\/arpenterlechemin.com\/wp-content\/uploads\/2018\/10\/Maine-Stephen-King-Bangor-blog-voyage-arpenter-le-chemin-768x432.jpg 768w\" sizes=\"(max-width: 3260px) 100vw, 3260px\" \/><\/p>\n<p style=\"text-align: center;\"><em>R\u00e9sidence de Stephen King \u00e0 Bangor, Maine<\/em><\/p>\n<h3><span style=\"color: #800080;\">Le voyage gothique c\u00f4t\u00e9 nature<\/span><\/h3>\n<p>Parce qu&rsquo;on peut \u00eatre gothique et aimer randonner et la nature, les for\u00eats mythiques comme Broc\u00e9liande font un bon compromis, nous invitant \u00e0 aller chercher les frissons et les l\u00e9gendes dans un environnement pr\u00e9serv\u00e9. Plus c&rsquo;est moussu, plus la brume est \u00e9paisse au petit matin, mieux c&rsquo;est. On veut du ciel t\u00e9n\u00e9breux, des orages dans le lointain, de l&rsquo;atmosph\u00e8re que diable ! Et s&rsquo;il y a quelques sylves ou korrigans dans les parages, c&rsquo;est le paradis. Peut-on \u00eatre gothique et croire au paradis ? Je vous laisse juge&#8230;<\/p>\n<p>La Transylvanie est une belle r\u00e9gion de Roumanie toujours hant\u00e9e par l&rsquo;esprit de Dracula de Bram Stoker. Dans la r\u00e9alit\u00e9, l&rsquo;inspiration pour le comte, Vlad Tepes, ne vivait pas en Transylvanie. Mais je ne cautionne pas du tout les p\u00e8lerinages sur des lieux d&rsquo;atrocit\u00e9s &#8211; pas question d&rsquo;inclure Auschwitz dans un p\u00e9riple gothique. Car qui dit gothique, dit surtout romantique nourrie de litt\u00e9rature et d&rsquo;oeuvres de l&rsquo;imaginaire, et on pr\u00e9f\u00e9rera rechercher l&rsquo;ambiance \u00e9vocatrice d&rsquo;un roman de vampire que de suivre religieusement les traces d&rsquo;un tueur en s\u00e9rie.<\/p>\n<h3><span style=\"color: #800080;\">Le voyage gothique c\u00f4t\u00e9 festivals<\/span><\/h3>\n<p>Une bonne partie du monde c\u00e9l\u00e8bre les morts d&rsquo;une mani\u00e8re ou d&rsquo;une autre. Le Dia de los Muertos ou Obon au Japon&#8230; Ce qui me pla\u00eet dans les autres cultures, hormis le fait de me sentir observatrice et donc d\u00e9tach\u00e9e \u00e9motionnellement en comparaison \u00e0 un festival ancr\u00e9 dans mes racines comme, disons, la Toussaint, c&rsquo;est leur c\u00f4t\u00e9 macabre festif.<\/p>\n<p>Le festival gothique par excellence reste cependant Halloween, avec tout son folklore : sorci\u00e8res, citrouilles, \u00e2mes qui reviennent le temps d&rsquo;une nuit, esth\u00e9tique victorienne&#8230; j&rsquo;aime TOUT dans Halloween ! Le vivre pour la cinqui\u00e8me fois en Am\u00e9rique du Nord est une vraie joie et j&rsquo;articule mes dates de voyage pour ne pas manquer cette belle c\u00e9l\u00e9bration. Cette ann\u00e9e, c&rsquo;est d&rsquo;ailleurs bien rat\u00e9, puisque je serai entre deux avions en Asie, et mon petit coeur m\u00e9lancolique saigne \u00e0 cette id\u00e9e (mais les billets \u00e9taient vraiment moins chers \u00e0 cette date !).<\/p>\n<p>&nbsp;<\/p>\n<h3><span style=\"color: #800080;\">La destination gothique par excellence<\/span><\/h3>\n<p>En Europe, l&rsquo;\u00c9cosse est une destination de choix qui a tous les atouts : les landes d\u00e9sol\u00e9es du Chien des Baskerville, les ch\u00e2teaux hant\u00e9s, les catacombes d&rsquo;\u00c9dimbourg et m\u00eame un monstre marin. Londres est une deuxi\u00e8me destination incontournable, p\u00e9trie de mythes victoriens \u00e0 la Jack l&rsquo;\u00c9ventreur. Quand tombe le brouillard sur la capitale britannique, on se croirait au temps de Mary Shelley.<\/p>\n<p><img decoding=\"async\" loading=\"lazy\" class=\"aligncenter wp-image-5802 size-full\" src=\"http:\/\/arpenterlechemin.com\/wp-content\/uploads\/2018\/10\/ecosse-edimbourg-edinburgh-blog-voyage-arpenter-le-chemin.jpg\" alt=\"ecosse edimbourg edinburgh blog voyage arpenter le chemin\" width=\"3070\" height=\"1726\" srcset=\"https:\/\/arpenterlechemin.com\/wp-content\/uploads\/2018\/10\/ecosse-edimbourg-edinburgh-blog-voyage-arpenter-le-chemin.jpg 3070w, https:\/\/arpenterlechemin.com\/wp-content\/uploads\/2018\/10\/ecosse-edimbourg-edinburgh-blog-voyage-arpenter-le-chemin-768x432.jpg 768w\" sizes=\"(max-width: 3070px) 100vw, 3070px\" \/><\/p>\n<p>J&rsquo;esp\u00e8re vous avoir donn\u00e9 quelques id\u00e9es pour gothifier (oui farpaitement, \u00ab\u00a0gothifier\u00a0\u00bb) vos voyages avec ces id\u00e9es. Et n&rsquo;oubliez pas que surtout, sous leurs atours aust\u00e8res et leurs id\u00e9es noires, les gothiques essaient de ne pas trop se prendre au s\u00e9rieux&#8230; \ud83d\ude42<\/p>\n<p><img decoding=\"async\" loading=\"lazy\" class=\"alignnone wp-image-5806\" src=\"http:\/\/arpenterlechemin.com\/wp-content\/uploads\/2018\/10\/voyage-gothique-blog-voyage-arpenter-le-chemin.jpg\" alt=\"voyage gothique blog voyage arpenter le chemin\" width=\"275\" height=\"412\" \/><img decoding=\"async\" loading=\"lazy\" class=\"alignnone wp-image-5800\" src=\"http:\/\/arpenterlechemin.com\/wp-content\/uploads\/2018\/10\/voyageuse-gothique-blog-voyage-arpenter-le-chemin.jpg\" alt=\"voyageuse gothique blog voyage arpenter le chemin\" width=\"275\" height=\"412\" \/><img decoding=\"async\" loading=\"lazy\" class=\"alignnone wp-image-5799\" src=\"http:\/\/arpenterlechemin.com\/wp-content\/uploads\/2018\/10\/voyage-gothique-blog-arpenter-le-chemin-conseils.jpg\" alt=\"voyage gothique blog arpenter le chemin conseils\" width=\"275\" height=\"412\" \/><\/p>\n<p>&nbsp;<\/p>\n","protected":false},"excerpt":{"rendered":"<p>Vous ne le savez peut-\u00eatre pas, mais il y a toujours en moi quelque chose de gothique. \u00c0 l&rsquo;ado d\u00e9gingand\u00e9e avec son manteau noir \u00e0 la Matrix et son chapeau \u00e0 l&rsquo;Am\u00e9lie Nothomb a succ\u00e9d\u00e9 une trentenaire toujours passionn\u00e9e par l&rsquo;arsenic et les vieilles dentelles, les cimeti\u00e8res et les sorci\u00e8res, les sciences mortuaires et l&rsquo;esth\u00e9tique victorienne. On le voit plus ou moins selon les jours et mon humeur, mais j&rsquo;ai toujours des chauve-souris dans les id\u00e9es (et peut-\u00eatre bien une araign\u00e9e au plafond). Suite \u00e0 une discussion fort int\u00e9ressante avec <\/p>\n","protected":false},"author":1,"featured_media":5807,"comment_status":"open","ping_status":"open","sticky":false,"template":"","format":"standard","meta":{"jetpack_post_was_ever_published":false},"categories":[526,539,1,531,662],"tags":[394,550,683,635],"yoast_head":"<!-- This site is optimized with the Yoast SEO plugin v20.7 - https:\/\/yoast.com\/wordpress\/plugins\/seo\/ -->\n<title>Voyage gothique, mode d&#039;emploi - Arpenter le chemin<\/title>\n<meta name=\"robots\" content=\"index, follow, max-snippet:-1, max-image-preview:large, max-video-preview:-1\" \/>\n<link rel=\"canonical\" href=\"https:\/\/arpenterlechemin.com\/index.php\/2018\/10\/23\/voyage-gothique-mode-demploi\/\" \/>\n<meta property=\"og:locale\" content=\"fr_FR\" \/>\n<meta property=\"og:type\" content=\"article\" \/>\n<meta property=\"og:title\" content=\"Voyage gothique, mode d&#039;emploi - Arpenter le chemin\" \/>\n<meta property=\"og:description\" content=\"Vous ne le savez peut-\u00eatre pas, mais il y a toujours en moi quelque chose de gothique. \u00c0 l&rsquo;ado d\u00e9gingand\u00e9e avec son manteau noir \u00e0 la Matrix et son chapeau \u00e0 l&rsquo;Am\u00e9lie Nothomb a succ\u00e9d\u00e9 une trentenaire toujours passionn\u00e9e par l&rsquo;arsenic et les vieilles dentelles, les cimeti\u00e8res et les sorci\u00e8res, les sciences mortuaires et l&rsquo;esth\u00e9tique victorienne. On le voit plus ou moins selon les jours et mon humeur, mais j&rsquo;ai toujours des chauve-souris dans les id\u00e9es (et peut-\u00eatre bien une araign\u00e9e au plafond). Suite \u00e0 une discussion fort int\u00e9ressante avec\" \/>\n<meta property=\"og:url\" content=\"https:\/\/arpenterlechemin.com\/index.php\/2018\/10\/23\/voyage-gothique-mode-demploi\/\" \/>\n<meta property=\"og:site_name\" content=\"Arpenter le chemin\" \/>\n<meta property=\"article:published_time\" content=\"2018-10-23T06:46:40+00:00\" \/>\n<meta property=\"article:modified_time\" content=\"2019-10-02T01:33:44+00:00\" \/>\n<meta property=\"og:image\" content=\"https:\/\/arpenterlechemin.com\/wp-content\/uploads\/2018\/10\/guide-voyage-gothique-blog-voyage-titre-bonnes-adresses.jpg\" \/>\n\t<meta property=\"og:image:width\" content=\"1920\" \/>\n\t<meta property=\"og:image:height\" content=\"1080\" \/>\n\t<meta property=\"og:image:type\" content=\"image\/jpeg\" \/>\n<meta name=\"author\" content=\"Audrey\" \/>\n<meta name=\"twitter:card\" content=\"summary_large_image\" \/>\n<meta name=\"twitter:label1\" content=\"\u00c9crit par\" \/>\n\t<meta name=\"twitter:data1\" content=\"Audrey\" \/>\n\t<meta name=\"twitter:label2\" content=\"Dur\u00e9e de lecture estim\u00e9e\" \/>\n\t<meta name=\"twitter:data2\" content=\"7 minutes\" \/>\n<script type=\"application\/ld+json\" class=\"yoast-schema-graph\">{\"@context\":\"https:\/\/schema.org\",\"@graph\":[{\"@type\":\"Article\",\"@id\":\"https:\/\/arpenterlechemin.com\/index.php\/2018\/10\/23\/voyage-gothique-mode-demploi\/#article\",\"isPartOf\":{\"@id\":\"https:\/\/arpenterlechemin.com\/index.php\/2018\/10\/23\/voyage-gothique-mode-demploi\/\"},\"author\":{\"name\":\"Audrey\",\"@id\":\"https:\/\/arpenterlechemin.com\/#\/schema\/person\/1d187818c0988fbea4d682c1e59c795c\"},\"headline\":\"Voyage gothique, mode d&#8217;emploi\",\"datePublished\":\"2018-10-23T06:46:40+00:00\",\"dateModified\":\"2019-10-02T01:33:44+00:00\",\"mainEntityOfPage\":{\"@id\":\"https:\/\/arpenterlechemin.com\/index.php\/2018\/10\/23\/voyage-gothique-mode-demploi\/\"},\"wordCount\":1408,\"commentCount\":18,\"publisher\":{\"@id\":\"https:\/\/arpenterlechemin.com\/#organization\"},\"keywords\":[\"\u00e9lucubrations\",\"festival\",\"gothique\",\"guide pratique\"],\"articleSection\":[\"Am\u00e9rique du Nord\",\"Am\u00e9riques\",\"Blog\",\"Europe\",\"R\u00e9flexions\"],\"inLanguage\":\"fr-FR\",\"potentialAction\":[{\"@type\":\"CommentAction\",\"name\":\"Comment\",\"target\":[\"https:\/\/arpenterlechemin.com\/index.php\/2018\/10\/23\/voyage-gothique-mode-demploi\/#respond\"]}]},{\"@type\":\"WebPage\",\"@id\":\"https:\/\/arpenterlechemin.com\/index.php\/2018\/10\/23\/voyage-gothique-mode-demploi\/\",\"url\":\"https:\/\/arpenterlechemin.com\/index.php\/2018\/10\/23\/voyage-gothique-mode-demploi\/\",\"name\":\"Voyage gothique, mode d'emploi - Arpenter le chemin\",\"isPartOf\":{\"@id\":\"https:\/\/arpenterlechemin.com\/#website\"},\"datePublished\":\"2018-10-23T06:46:40+00:00\",\"dateModified\":\"2019-10-02T01:33:44+00:00\",\"breadcrumb\":{\"@id\":\"https:\/\/arpenterlechemin.com\/index.php\/2018\/10\/23\/voyage-gothique-mode-demploi\/#breadcrumb\"},\"inLanguage\":\"fr-FR\",\"potentialAction\":[{\"@type\":\"ReadAction\",\"target\":[\"https:\/\/arpenterlechemin.com\/index.php\/2018\/10\/23\/voyage-gothique-mode-demploi\/\"]}]},{\"@type\":\"BreadcrumbList\",\"@id\":\"https:\/\/arpenterlechemin.com\/index.php\/2018\/10\/23\/voyage-gothique-mode-demploi\/#breadcrumb\",\"itemListElement\":[{\"@type\":\"ListItem\",\"position\":1,\"name\":\"Home\",\"item\":\"https:\/\/arpenterlechemin.com\/\"},{\"@type\":\"ListItem\",\"position\":2,\"name\":\"Voyage gothique, mode d&#8217;emploi\"}]},{\"@type\":\"WebSite\",\"@id\":\"https:\/\/arpenterlechemin.com\/#website\",\"url\":\"https:\/\/arpenterlechemin.com\/\",\"name\":\"Arpenter le chemin\",\"description\":\"\",\"publisher\":{\"@id\":\"https:\/\/arpenterlechemin.com\/#organization\"},\"potentialAction\":[{\"@type\":\"SearchAction\",\"target\":{\"@type\":\"EntryPoint\",\"urlTemplate\":\"https:\/\/arpenterlechemin.com\/?s={search_term_string}\"},\"query-input\":\"required name=search_term_string\"}],\"inLanguage\":\"fr-FR\"},{\"@type\":\"Organization\",\"@id\":\"https:\/\/arpenterlechemin.com\/#organization\",\"name\":\"Arpenter le chemin\",\"url\":\"https:\/\/arpenterlechemin.com\/\",\"logo\":{\"@type\":\"ImageObject\",\"inLanguage\":\"fr-FR\",\"@id\":\"https:\/\/arpenterlechemin.com\/#\/schema\/logo\/image\/\",\"url\":\"https:\/\/arpenterlechemin.com\/wp-content\/uploads\/2017\/04\/icone-4.jpg\",\"contentUrl\":\"https:\/\/arpenterlechemin.com\/wp-content\/uploads\/2017\/04\/icone-4.jpg\",\"width\":150,\"height\":73,\"caption\":\"Arpenter le chemin\"},\"image\":{\"@id\":\"https:\/\/arpenterlechemin.com\/#\/schema\/logo\/image\/\"}},{\"@type\":\"Person\",\"@id\":\"https:\/\/arpenterlechemin.com\/#\/schema\/person\/1d187818c0988fbea4d682c1e59c795c\",\"name\":\"Audrey\",\"image\":{\"@type\":\"ImageObject\",\"inLanguage\":\"fr-FR\",\"@id\":\"https:\/\/arpenterlechemin.com\/#\/schema\/person\/image\/\",\"url\":\"https:\/\/secure.gravatar.com\/avatar\/b75298f64c73f1709976c50921beae6a?s=96&d=mm&r=g\",\"contentUrl\":\"https:\/\/secure.gravatar.com\/avatar\/b75298f64c73f1709976c50921beae6a?s=96&d=mm&r=g\",\"caption\":\"Audrey\"},\"description\":\"Allergique \u00e0 la routine, atteinte de bougeotte aigu\u00eb, j'essaie de m'envoler aussi souvent que possible, seule, en couple ou entre amis ! Ville, nature, culture, rando... tout me va, \u00e0 partir du moment o\u00f9 je suis dehors.\",\"url\":\"https:\/\/arpenterlechemin.com\/index.php\/author\/audreyf\/\"}]}<\/script>\n<!-- \/ Yoast SEO plugin. -->","yoast_head_json":{"title":"Voyage gothique, mode d'emploi - Arpenter le chemin","robots":{"index":"index","follow":"follow","max-snippet":"max-snippet:-1","max-image-preview":"max-image-preview:large","max-video-preview":"max-video-preview:-1"},"canonical":"https:\/\/arpenterlechemin.com\/index.php\/2018\/10\/23\/voyage-gothique-mode-demploi\/","og_locale":"fr_FR","og_type":"article","og_title":"Voyage gothique, mode d'emploi - Arpenter le chemin","og_description":"Vous ne le savez peut-\u00eatre pas, mais il y a toujours en moi quelque chose de gothique. \u00c0 l&rsquo;ado d\u00e9gingand\u00e9e avec son manteau noir \u00e0 la Matrix et son chapeau \u00e0 l&rsquo;Am\u00e9lie Nothomb a succ\u00e9d\u00e9 une trentenaire toujours passionn\u00e9e par l&rsquo;arsenic et les vieilles dentelles, les cimeti\u00e8res et les sorci\u00e8res, les sciences mortuaires et l&rsquo;esth\u00e9tique victorienne. On le voit plus ou moins selon les jours et mon humeur, mais j&rsquo;ai toujours des chauve-souris dans les id\u00e9es (et peut-\u00eatre bien une araign\u00e9e au plafond). Suite \u00e0 une discussion fort int\u00e9ressante avec","og_url":"https:\/\/arpenterlechemin.com\/index.php\/2018\/10\/23\/voyage-gothique-mode-demploi\/","og_site_name":"Arpenter le chemin","article_published_time":"2018-10-23T06:46:40+00:00","article_modified_time":"2019-10-02T01:33:44+00:00","og_image":[{"width":1920,"height":1080,"url":"https:\/\/arpenterlechemin.com\/wp-content\/uploads\/2018\/10\/guide-voyage-gothique-blog-voyage-titre-bonnes-adresses.jpg","type":"image\/jpeg"}],"author":"Audrey","twitter_card":"summary_large_image","twitter_misc":{"\u00c9crit par":"Audrey","Dur\u00e9e de lecture estim\u00e9e":"7 minutes"},"schema":{"@context":"https:\/\/schema.org","@graph":[{"@type":"Article","@id":"https:\/\/arpenterlechemin.com\/index.php\/2018\/10\/23\/voyage-gothique-mode-demploi\/#article","isPartOf":{"@id":"https:\/\/arpenterlechemin.com\/index.php\/2018\/10\/23\/voyage-gothique-mode-demploi\/"},"author":{"name":"Audrey","@id":"https:\/\/arpenterlechemin.com\/#\/schema\/person\/1d187818c0988fbea4d682c1e59c795c"},"headline":"Voyage gothique, mode d&#8217;emploi","datePublished":"2018-10-23T06:46:40+00:00","dateModified":"2019-10-02T01:33:44+00:00","mainEntityOfPage":{"@id":"https:\/\/arpenterlechemin.com\/index.php\/2018\/10\/23\/voyage-gothique-mode-demploi\/"},"wordCount":1408,"commentCount":18,"publisher":{"@id":"https:\/\/arpenterlechemin.com\/#organization"},"keywords":["\u00e9lucubrations","festival","gothique","guide pratique"],"articleSection":["Am\u00e9rique du Nord","Am\u00e9riques","Blog","Europe","R\u00e9flexions"],"inLanguage":"fr-FR","potentialAction":[{"@type":"CommentAction","name":"Comment","target":["https:\/\/arpenterlechemin.com\/index.php\/2018\/10\/23\/voyage-gothique-mode-demploi\/#respond"]}]},{"@type":"WebPage","@id":"https:\/\/arpenterlechemin.com\/index.php\/2018\/10\/23\/voyage-gothique-mode-demploi\/","url":"https:\/\/arpenterlechemin.com\/index.php\/2018\/10\/23\/voyage-gothique-mode-demploi\/","name":"Voyage gothique, mode d'emploi - Arpenter le chemin","isPartOf":{"@id":"https:\/\/arpenterlechemin.com\/#website"},"datePublished":"2018-10-23T06:46:40+00:00","dateModified":"2019-10-02T01:33:44+00:00","breadcrumb":{"@id":"https:\/\/arpenterlechemin.com\/index.php\/2018\/10\/23\/voyage-gothique-mode-demploi\/#breadcrumb"},"inLanguage":"fr-FR","potentialAction":[{"@type":"ReadAction","target":["https:\/\/arpenterlechemin.com\/index.php\/2018\/10\/23\/voyage-gothique-mode-demploi\/"]}]},{"@type":"BreadcrumbList","@id":"https:\/\/arpenterlechemin.com\/index.php\/2018\/10\/23\/voyage-gothique-mode-demploi\/#breadcrumb","itemListElement":[{"@type":"ListItem","position":1,"name":"Home","item":"https:\/\/arpenterlechemin.com\/"},{"@type":"ListItem","position":2,"name":"Voyage gothique, mode d&#8217;emploi"}]},{"@type":"WebSite","@id":"https:\/\/arpenterlechemin.com\/#website","url":"https:\/\/arpenterlechemin.com\/","name":"Arpenter le chemin","description":"","publisher":{"@id":"https:\/\/arpenterlechemin.com\/#organization"},"potentialAction":[{"@type":"SearchAction","target":{"@type":"EntryPoint","urlTemplate":"https:\/\/arpenterlechemin.com\/?s={search_term_string}"},"query-input":"required name=search_term_string"}],"inLanguage":"fr-FR"},{"@type":"Organization","@id":"https:\/\/arpenterlechemin.com\/#organization","name":"Arpenter le chemin","url":"https:\/\/arpenterlechemin.com\/","logo":{"@type":"ImageObject","inLanguage":"fr-FR","@id":"https:\/\/arpenterlechemin.com\/#\/schema\/logo\/image\/","url":"https:\/\/arpenterlechemin.com\/wp-content\/uploads\/2017\/04\/icone-4.jpg","contentUrl":"https:\/\/arpenterlechemin.com\/wp-content\/uploads\/2017\/04\/icone-4.jpg","width":150,"height":73,"caption":"Arpenter le chemin"},"image":{"@id":"https:\/\/arpenterlechemin.com\/#\/schema\/logo\/image\/"}},{"@type":"Person","@id":"https:\/\/arpenterlechemin.com\/#\/schema\/person\/1d187818c0988fbea4d682c1e59c795c","name":"Audrey","image":{"@type":"ImageObject","inLanguage":"fr-FR","@id":"https:\/\/arpenterlechemin.com\/#\/schema\/person\/image\/","url":"https:\/\/secure.gravatar.com\/avatar\/b75298f64c73f1709976c50921beae6a?s=96&d=mm&r=g","contentUrl":"https:\/\/secure.gravatar.com\/avatar\/b75298f64c73f1709976c50921beae6a?s=96&d=mm&r=g","caption":"Audrey"},"description":"Allergique \u00e0 la routine, atteinte de bougeotte aigu\u00eb, j'essaie de m'envoler aussi souvent que possible, seule, en couple ou entre amis ! Ville, nature, culture, rando... tout me va, \u00e0 partir du moment o\u00f9 je suis dehors.","url":"https:\/\/arpenterlechemin.com\/index.php\/author\/audreyf\/"}]}},"jetpack_featured_media_url":"https:\/\/arpenterlechemin.com\/wp-content\/uploads\/2018\/10\/guide-voyage-gothique-blog-voyage-titre-bonnes-adresses.jpg","jetpack_sharing_enabled":true,"jetpack_shortlink":"https:\/\/wp.me\/p8z9hR-1qV","jetpack-related-posts":[{"id":7450,"url":"https:\/\/arpenterlechemin.com\/index.php\/2020\/02\/14\/guide-paris-gothique\/","url_meta":{"origin":5513,"position":0},"title":"FRANCE \/\/ Paris gothique","date":"14 f\u00e9vrier 2020","format":false,"excerpt":"Quand on croit avoir tout vu \u00e0 Paris, la tour Eiffel, les Champs-\u00c9lys\u00e9es, le Louvre, Montmartre et compagnie, doit-on bouder la capitale fran\u00e7aise pour autant ? \u00c9videmment que non, et je serais bien \u00e9tonn\u00e9e que quiconque \u00e9puise la ville en une vie. En revanche, on peut essayer de trouver d'autres\u2026","rel":"","context":"Dans &quot;Blog&quot;","img":{"alt_text":"","src":"https:\/\/i0.wp.com\/arpenterlechemin.com\/wp-content\/uploads\/2020\/10\/Paris-gothique.jpg?resize=350%2C200&ssl=1","width":350,"height":200},"classes":[]},{"id":6136,"url":"https:\/\/arpenterlechemin.com\/index.php\/2019\/10\/02\/prague-cimetiere-juif\/","url_meta":{"origin":5513,"position":1},"title":"R\u00c9PUBLIQUE TCH\u00c8QUE \/\/ Le vieux cimeti\u00e8re juif de Prague","date":"2 octobre 2019","format":false,"excerpt":"Les cimeti\u00e8res sont des lieux \u00e0 part, qu'on soit en voyage ou chez soi. Apr\u00e8s tout, c'est l\u00e0 que l'on fait le fameux dernier voyage qui nous attend tous, et qui ne peut pas susciter l'indiff\u00e9rence. Si vous me suivez depuis un moment, il ne vous aura pas \u00e9chapp\u00e9 que\u2026","rel":"","context":"Dans &quot;Blog&quot;","img":{"alt_text":"vieux cimeti\u00e8re juif prague","src":"https:\/\/i0.wp.com\/arpenterlechemin.com\/wp-content\/uploads\/2019\/10\/vieux-cimeti\u00e8re-juif-prague.jpg?resize=350%2C200&ssl=1","width":350,"height":200},"classes":[]},{"id":8340,"url":"https:\/\/arpenterlechemin.com\/index.php\/2019\/11\/01\/pont-du-diable-haute-savoie\/","url_meta":{"origin":5513,"position":2},"title":"HAUTE-SAVOIE \/\/ Le Pont du Diable et l&rsquo;abbaye d&rsquo;Aulps","date":"1 novembre 2019","format":false,"excerpt":"Ce mois-ci, j'ai l'honneur d'\u00eatre la cheffe d'orchestre du rendez-vous interblogueur EnFranceAussi, sous l'\u00e9gide de Sylvie du blog \u00ab Le coin des voyageurs \u00bb, et j'ai \u00e9videmment choisi pour th\u00e8me \"Gothique\". Comme je l'expliquais dans mon petit \"manuel du voyage gothique\" l'an dernier, un voyage gothique, c'est un voyage dans\u2026","rel":"","context":"Dans &quot;Blog&quot;","img":{"alt_text":"haute-savoie pont du diable abbaye saint-jean-d'aulps france alpes blog voyage arpenter le chemin","src":"https:\/\/i0.wp.com\/arpenterlechemin.com\/wp-content\/uploads\/2019\/10\/haute-savoie-pont-du-diable-abbaye-saint-jean-daulps-france-alpes-blog-voyage-arpenter-le-chemin.jpg?resize=350%2C200&ssl=1","width":350,"height":200},"classes":[]},{"id":7612,"url":"https:\/\/arpenterlechemin.com\/index.php\/2019\/06\/12\/catacombes-paris\/","url_meta":{"origin":5513,"position":3},"title":"FRANCE \/\/ Les Catacombes de Paris, visite d&rsquo;outre-tombe","date":"12 juin 2019","format":false,"excerpt":"Paris ne d\u00e9m\u00e9rite pas son surnom de Ville Lumi\u00e8re : ses sites rayonnent dans le monde entier, ils sont solaires, \u00e9blouissants. Je veux bien s\u00fbr parler de la tour Eiffel, de l'arc de Triomphe, de Notre-Dame de Paris toujours vaillante... Devant tant de lieux \u00e9clatants, on a tendance \u00e0 oublier\u2026","rel":"","context":"Dans &quot;Blog&quot;","img":{"alt_text":"catacombes paris comment infos pratiques blog voyage france arpenter le chemin","src":"https:\/\/i0.wp.com\/arpenterlechemin.com\/wp-content\/uploads\/2019\/06\/catacombes-paris-comment-infos-pratiques-blog-voyage-france-arpenter-le-chemin.jpg?resize=350%2C200&ssl=1","width":350,"height":200},"classes":[]},{"id":10831,"url":"https:\/\/arpenterlechemin.com\/index.php\/2021\/11\/01\/alyscamps-arles\/","url_meta":{"origin":5513,"position":4},"title":"FRANCE \/\/ Les Alyscamps d&rsquo;Arles","date":"1 novembre 2021","format":false,"excerpt":"Oh, novembre, mois sombre et gris. Pour en rajouter une couche, la Toussaint et le Jour des morts inaugurent g\u00e9n\u00e9ralement le mois de novembre par une visite lugubre au cimeti\u00e8re. Et si on changeait de regard sur les cimeti\u00e8res ? De lieux d'une grande tristesse, ils peuvent devenir une destination\u2026","rel":"","context":"Dans &quot;Blog&quot;","img":{"alt_text":"Visiter les Alyscamps \u00e0 Arles","src":"https:\/\/i0.wp.com\/arpenterlechemin.com\/wp-content\/uploads\/2021\/10\/Visiter-les-Alyscamps-\u00e0-Arles.jpg?resize=350%2C200&ssl=1","width":350,"height":200},"classes":[]},{"id":7506,"url":"https:\/\/arpenterlechemin.com\/index.php\/2019\/04\/16\/notre-dame-paris\/","url_meta":{"origin":5513,"position":5},"title":"FRANCE \/\/ Notre-Dame de Paris, toujours vivante","date":"16 avril 2019","format":false,"excerpt":"C'est le c\u0153ur triste que je vous livre ce petit billet. Samedi 13 avril 2019, \u00e0 17 h 30 pile, l'heure indiqu\u00e9e sur mon billet, je me tenais f\u00e9brile, billet en main et sourire jusqu'aux oreilles, pour r\u00e9aliser un r\u00eave de gosse : grimper les 390 marches qui me m\u00e8neraient\u2026","rel":"","context":"Dans &quot;Blog&quot;","img":{"alt_text":"notre-dame paris cathedrale blog voyage arpenter le chemin","src":"https:\/\/i0.wp.com\/arpenterlechemin.com\/wp-content\/uploads\/2019\/04\/notre-dame-paris-cathedrale-blog-voyage-arpenter-le-chemin.jpg?resize=350%2C200&ssl=1","width":350,"height":200},"classes":[]}],"_links":{"self":[{"href":"https:\/\/arpenterlechemin.com\/index.php\/wp-json\/wp\/v2\/posts\/5513"}],"collection":[{"href":"https:\/\/arpenterlechemin.com\/index.php\/wp-json\/wp\/v2\/posts"}],"about":[{"href":"https:\/\/arpenterlechemin.com\/index.php\/wp-json\/wp\/v2\/types\/post"}],"author":[{"embeddable":true,"href":"https:\/\/arpenterlechemin.com\/index.php\/wp-json\/wp\/v2\/users\/1"}],"replies":[{"embeddable":true,"href":"https:\/\/arpenterlechemin.com\/index.php\/wp-json\/wp\/v2\/comments?post=5513"}],"version-history":[{"count":0,"href":"https:\/\/arpenterlechemin.com\/index.php\/wp-json\/wp\/v2\/posts\/5513\/revisions"}],"wp:featuredmedia":[{"embeddable":true,"href":"https:\/\/arpenterlechemin.com\/index.php\/wp-json\/wp\/v2\/media\/5807"}],"wp:attachment":[{"href":"https:\/\/arpenterlechemin.com\/index.php\/wp-json\/wp\/v2\/media?parent=5513"}],"wp:term":[{"taxonomy":"category","embeddable":true,"href":"https:\/\/arpenterlechemin.com\/index.php\/wp-json\/wp\/v2\/categories?post=5513"},{"taxonomy":"post_tag","embeddable":true,"href":"https:\/\/arpenterlechemin.com\/index.php\/wp-json\/wp\/v2\/tags?post=5513"}],"curies":[{"name":"wp","href":"https:\/\/api.w.org\/{rel}","templated":true}]}}