{"id":4479,"date":"2017-12-31T02:02:43","date_gmt":"2017-12-31T06:02:43","guid":{"rendered":"http:\/\/arpenterlechemin.com\/?p=4479"},"modified":"2018-03-07T22:10:23","modified_gmt":"2018-03-08T02:10:23","slug":"retrospective-voyage-2017","status":"publish","type":"post","link":"https:\/\/arpenterlechemin.com\/index.php\/2017\/12\/31\/retrospective-voyage-2017\/","title":{"rendered":"Ma r\u00e9trospective voyage en 2017"},"content":{"rendered":"<p>L&rsquo;ann\u00e9e 2017 touche \u00e0 sa fin, c&rsquo;est le temps des <a href=\"http:\/\/arpenterlechemin.com\/index.php\/2016\/12\/26\/retrospective-2016-mes-coups-de-coeur-dailleurs\/\">r\u00e9trospectives<\/a>. J&rsquo;aime bien dresser la liste des beaux endroits (re)d\u00e9couverts tout au long de l&rsquo;ann\u00e9e, en esp\u00e9rant que cette r\u00e9trospective voyage vous donnera des id\u00e9es pour 2018. Avant de revenir \u00e0 mes <a href=\"http:\/\/arpenterlechemin.com\/index.php\/2017\/12\/26\/vieux-quebec-temps-fetes\/\">aventures qu\u00e9b\u00e9coises<\/a> du temps des f\u00eates, il est temps de revenir sur 2017 !<\/p>\n<p><img decoding=\"async\" loading=\"lazy\" class=\"size-large wp-image-4533 aligncenter\" src=\"http:\/\/arpenterlechemin.com\/wp-content\/uploads\/2017\/12\/R\u00e9trospective-1024x416.jpg\" alt=\"\" width=\"640\" height=\"260\" srcset=\"https:\/\/arpenterlechemin.com\/wp-content\/uploads\/2017\/12\/R\u00e9trospective.jpg 1024w, https:\/\/arpenterlechemin.com\/wp-content\/uploads\/2017\/12\/R\u00e9trospective-300x122.jpg 300w, https:\/\/arpenterlechemin.com\/wp-content\/uploads\/2017\/12\/R\u00e9trospective-768x312.jpg 768w\" sizes=\"(max-width: 640px) 100vw, 640px\" \/><\/p>\n<h4><span style=\"color: #000080;\">1. D\u00e9couvrir enfin l&rsquo;Ouest am\u00e9ricain<\/span><\/h4>\n<p>Difficile de choisir un seul lieu pendant ce voyage \u00e9pique de trois semaines entre Californie, Arizona, Nevada et Utah. J&rsquo;ai ador\u00e9 l&rsquo;ambiance sortie tout droit du cin\u00e9ma, aller de surprises en surprises dans des lieux mythiques. Le <a href=\"http:\/\/arpenterlechemin.com\/index.php\/2017\/02\/14\/road-trip-americain-la-demesure-du-grand-canyon\/\">Grand Canyon<\/a>, <a href=\"http:\/\/arpenterlechemin.com\/index.php\/2017\/02\/20\/road-trip-americain-bryce-canyon-sous-la-neige\/\">Bryce Canyon<\/a>, <a href=\"http:\/\/arpenterlechemin.com\/index.php\/2017\/03\/27\/road-trip-americain-san-francisco\/\">San Francisco<\/a>&#8230; Je comprends mieux pourquoi ce circuit est un grand classique des voyageurs.<\/p>\n<p><img decoding=\"async\" loading=\"lazy\" class=\"size-large wp-image-4529 aligncenter\" src=\"http:\/\/arpenterlechemin.com\/wp-content\/uploads\/2017\/12\/1230765-2-1024x769.jpg\" alt=\"\" width=\"640\" height=\"481\" srcset=\"https:\/\/arpenterlechemin.com\/wp-content\/uploads\/2017\/12\/1230765-2-1024x769.jpg 1024w, https:\/\/arpenterlechemin.com\/wp-content\/uploads\/2017\/12\/1230765-2-300x225.jpg 300w, https:\/\/arpenterlechemin.com\/wp-content\/uploads\/2017\/12\/1230765-2-768x577.jpg 768w\" sizes=\"(max-width: 640px) 100vw, 640px\" \/><\/p>\n<p><img decoding=\"async\" loading=\"lazy\" class=\"size-large wp-image-4530 aligncenter\" src=\"http:\/\/arpenterlechemin.com\/wp-content\/uploads\/2017\/12\/1240486-2-1024x769.jpg\" alt=\"\" width=\"640\" height=\"481\" srcset=\"https:\/\/arpenterlechemin.com\/wp-content\/uploads\/2017\/12\/1240486-2-1024x769.jpg 1024w, https:\/\/arpenterlechemin.com\/wp-content\/uploads\/2017\/12\/1240486-2-300x225.jpg 300w, https:\/\/arpenterlechemin.com\/wp-content\/uploads\/2017\/12\/1240486-2-768x577.jpg 768w\" sizes=\"(max-width: 640px) 100vw, 640px\" \/><\/p>\n<p>Pour lire mes chroniques, c&rsquo;est <a href=\"http:\/\/arpenterlechemin.com\/index.php\/tag\/road-trip\/\">par ici<\/a> !<\/p>\n<h4><span style=\"color: #000080;\">2. Revenir aux sources autour du L\u00e9man<\/span><\/h4>\n<p>L&rsquo;espace d&rsquo;une semaine, revenir autour du L\u00e9man a \u00e9t\u00e9 une belle coupure dans la fin de l&rsquo;hiver canadien. Cela faisait des lustres que je n&rsquo;\u00e9tais pas all\u00e9e \u00e0 <a href=\"http:\/\/arpenterlechemin.com\/index.php\/2017\/06\/19\/une-journee-sur-les-pentes-de-lausanne\/\">Lausanne<\/a>, \u00e0 <a href=\"http:\/\/arpenterlechemin.com\/index.php\/2017\/06\/05\/nernier-et-yvoire-deux-villages-a-croquer\/\">Yvoire<\/a> ou dans le <a href=\"http:\/\/arpenterlechemin.com\/index.php\/2017\/08\/03\/sur-la-riviera-vaudoise-lavaux-et-chillon-deux-incontournables-en-suisse\/\">Lavaux<\/a>, des lieux exceptionnels \u00e0 cheval sur France et Suisse. Red\u00e9couvrir ces lieux enchanteurs avec les yeux d&rsquo;une touriste \u00e9tait un vrai ravissement.<\/p>\n<p><img decoding=\"async\" loading=\"lazy\" class=\"size-large wp-image-4527 aligncenter\" src=\"http:\/\/arpenterlechemin.com\/wp-content\/uploads\/2017\/12\/P1000786-3-1024x576.jpg\" alt=\"\" width=\"640\" height=\"360\" srcset=\"https:\/\/arpenterlechemin.com\/wp-content\/uploads\/2017\/12\/P1000786-3-1024x576.jpg 1024w, https:\/\/arpenterlechemin.com\/wp-content\/uploads\/2017\/12\/P1000786-3-300x169.jpg 300w, https:\/\/arpenterlechemin.com\/wp-content\/uploads\/2017\/12\/P1000786-3-768x432.jpg 768w\" sizes=\"(max-width: 640px) 100vw, 640px\" \/><\/p>\n<p><img decoding=\"async\" loading=\"lazy\" class=\"size-large wp-image-4528 aligncenter\" src=\"http:\/\/arpenterlechemin.com\/wp-content\/uploads\/2017\/12\/P1010209-3-1024x576.jpg\" alt=\"\" width=\"640\" height=\"360\" srcset=\"https:\/\/arpenterlechemin.com\/wp-content\/uploads\/2017\/12\/P1010209-3-1024x576.jpg 1024w, https:\/\/arpenterlechemin.com\/wp-content\/uploads\/2017\/12\/P1010209-3-300x169.jpg 300w, https:\/\/arpenterlechemin.com\/wp-content\/uploads\/2017\/12\/P1010209-3-768x432.jpg 768w\" sizes=\"(max-width: 640px) 100vw, 640px\" \/><\/p>\n<p>Pour lire mes chroniques, c&rsquo;est <a href=\"http:\/\/arpenterlechemin.com\/index.php\/tag\/escapade-franco-suisse\/\">par ici<\/a> !<\/p>\n<h4><span style=\"color: #000080;\">3. Retaper mon van<\/span><\/h4>\n<p>Un projet insolite dont j&rsquo;ai le secret, comme dirait une ch\u00e8re amie. M&#8217;embarquer t\u00eate baiss\u00e9e dans la retape d&rsquo;un van boiteux de 1990, en faire un engin roulant capable d&rsquo;aller jusqu&rsquo;\u00e0 Terre-Neuve, en apprenant \u00e0 manier perceuse, visseuse, laine de verre et lambris, une belle aventure loin d&rsquo;\u00eatre termin\u00e9e. Mon brave van a encore un long chemin avant d&rsquo;\u00eatre digne d&rsquo;Instagram, mais tant qu&rsquo;il roule, je suis heureuse !<\/p>\n<p><img decoding=\"async\" loading=\"lazy\" class=\"size-large wp-image-4534 aligncenter\" src=\"http:\/\/arpenterlechemin.com\/wp-content\/uploads\/2017\/12\/P1000133-1024x576.jpg\" alt=\"\" width=\"640\" height=\"360\" srcset=\"https:\/\/arpenterlechemin.com\/wp-content\/uploads\/2017\/12\/P1000133-1024x576.jpg 1024w, https:\/\/arpenterlechemin.com\/wp-content\/uploads\/2017\/12\/P1000133-300x169.jpg 300w, https:\/\/arpenterlechemin.com\/wp-content\/uploads\/2017\/12\/P1000133-768x432.jpg 768w\" sizes=\"(max-width: 640px) 100vw, 640px\" \/><\/p>\n<p><img decoding=\"async\" loading=\"lazy\" class=\"size-large wp-image-4535 aligncenter\" src=\"http:\/\/arpenterlechemin.com\/wp-content\/uploads\/2017\/12\/P1020390-2-1024x576.jpg\" alt=\"\" width=\"640\" height=\"360\" srcset=\"https:\/\/arpenterlechemin.com\/wp-content\/uploads\/2017\/12\/P1020390-2-1024x576.jpg 1024w, https:\/\/arpenterlechemin.com\/wp-content\/uploads\/2017\/12\/P1020390-2-300x169.jpg 300w, https:\/\/arpenterlechemin.com\/wp-content\/uploads\/2017\/12\/P1020390-2-768x432.jpg 768w\" sizes=\"(max-width: 640px) 100vw, 640px\" \/><\/p>\n<p>Pour lire mes chroniques, c&rsquo;est <a href=\"http:\/\/arpenterlechemin.com\/index.php\/tag\/van\/\">par ici<\/a> !<\/p>\n<h4><span style=\"color: #000080;\">4. D\u00e9couvrir le Mont Carleton, Nouveau-Brunswick<\/span><\/h4>\n<p>Sans doute LA randonn\u00e9e de l&rsquo;ann\u00e9e : l&rsquo;ascension du <a href=\"http:\/\/arpenterlechemin.com\/index.php\/2017\/08\/23\/nouveau-brunswick-au-sommet-du-mont-carleton\/\">Mont Carleton<\/a> avec Indiana, sa vue \u00e0 dix millions d&rsquo;arbres, l&rsquo;immensit\u00e9 du <a href=\"http:\/\/arpenterlechemin.com\/index.php\/2017\/08\/07\/nouveau-brunswick-idee-ditineraire-dune-semaine-en-acadie\/\">Nouveau-Brunswick<\/a> sous nos yeux, \u00e0 des dizaines de kilom\u00e8tres de toute civilisation&#8230; Un grand bol d&rsquo;air frais, du silence, revenir aux sources.<\/p>\n<p><img decoding=\"async\" loading=\"lazy\" class=\"size-large wp-image-4525 aligncenter\" src=\"http:\/\/arpenterlechemin.com\/wp-content\/uploads\/2017\/12\/P1030071-3-1024x576.jpg\" alt=\"\" width=\"640\" height=\"360\" srcset=\"https:\/\/arpenterlechemin.com\/wp-content\/uploads\/2017\/12\/P1030071-3-1024x576.jpg 1024w, https:\/\/arpenterlechemin.com\/wp-content\/uploads\/2017\/12\/P1030071-3-300x169.jpg 300w, https:\/\/arpenterlechemin.com\/wp-content\/uploads\/2017\/12\/P1030071-3-768x432.jpg 768w\" sizes=\"(max-width: 640px) 100vw, 640px\" \/><\/p>\n<p><img decoding=\"async\" loading=\"lazy\" class=\"size-large wp-image-4526 aligncenter\" src=\"http:\/\/arpenterlechemin.com\/wp-content\/uploads\/2017\/12\/P1030098-3-1024x576.jpg\" alt=\"\" width=\"640\" height=\"360\" srcset=\"https:\/\/arpenterlechemin.com\/wp-content\/uploads\/2017\/12\/P1030098-3-1024x576.jpg 1024w, https:\/\/arpenterlechemin.com\/wp-content\/uploads\/2017\/12\/P1030098-3-300x169.jpg 300w, https:\/\/arpenterlechemin.com\/wp-content\/uploads\/2017\/12\/P1030098-3-768x432.jpg 768w\" sizes=\"(max-width: 640px) 100vw, 640px\" \/><\/p>\n<p>Pour d\u00e9couvrir ma chronique, c&rsquo;est <a href=\"http:\/\/arpenterlechemin.com\/index.php\/2017\/08\/23\/nouveau-brunswick-au-sommet-du-mont-carleton\/\">par ici<\/a> !<\/p>\n<h4><span style=\"color: #000080;\">5. Le road-trip de l&rsquo;ann\u00e9e : le parc national de Gros-Morne, Terre-Neuve<\/span><\/h4>\n<p>J&rsquo;en r\u00eavais depuis longtemps : aller sur l&rsquo;\u00eele de Terre-Neuve et me plonger dans son mythique parc national de Gros-Morne. Je n&rsquo;ai pas \u00e9t\u00e9 d\u00e9\u00e7ue du voyage, \u00e0 bord de mon fid\u00e8le van fra\u00eechement retap\u00e9. Plus de mille kilom\u00e8tres pour y arriver, et \u00e0 destination, des fjords d&rsquo;eau douce, des curiosit\u00e9s g\u00e9ologiques, des routes fabuleuses.<\/p>\n<p><img decoding=\"async\" loading=\"lazy\" class=\"size-large wp-image-4524 aligncenter\" src=\"http:\/\/arpenterlechemin.com\/wp-content\/uploads\/2017\/12\/P1040347-2-1024x576.jpg\" alt=\"\" width=\"640\" height=\"360\" srcset=\"https:\/\/arpenterlechemin.com\/wp-content\/uploads\/2017\/12\/P1040347-2-1024x576.jpg 1024w, https:\/\/arpenterlechemin.com\/wp-content\/uploads\/2017\/12\/P1040347-2-300x169.jpg 300w, https:\/\/arpenterlechemin.com\/wp-content\/uploads\/2017\/12\/P1040347-2-768x432.jpg 768w\" sizes=\"(max-width: 640px) 100vw, 640px\" \/><\/p>\n<p><img decoding=\"async\" loading=\"lazy\" class=\"size-large wp-image-4523 aligncenter\" src=\"http:\/\/arpenterlechemin.com\/wp-content\/uploads\/2017\/12\/P1040420-2-1024x576.jpg\" alt=\"\" width=\"640\" height=\"360\" srcset=\"https:\/\/arpenterlechemin.com\/wp-content\/uploads\/2017\/12\/P1040420-2-1024x576.jpg 1024w, https:\/\/arpenterlechemin.com\/wp-content\/uploads\/2017\/12\/P1040420-2-300x169.jpg 300w, https:\/\/arpenterlechemin.com\/wp-content\/uploads\/2017\/12\/P1040420-2-768x432.jpg 768w\" sizes=\"(max-width: 640px) 100vw, 640px\" \/><\/p>\n<p>Pour lire mes chroniques, c&rsquo;est <a href=\"http:\/\/arpenterlechemin.com\/index.php\/2017\/08\/29\/terre-neuve-bienvenue-au-parc-national-de-gros-morne\/\">par ici<\/a> !<\/p>\n<h4><span style=\"color: #000080;\">5. Admirer les feuilles d&rsquo;automne sur l&rsquo;\u00eele du Cap-Breton, Nouvelle-\u00c9cosse<\/span><\/h4>\n<p>Quel meilleur endroit pour s&rsquo;en mettre plein la vue \u00e0 l&rsquo;heure des feuilles rouge et or que le parc national du Cap-Breton ? R\u00e9put\u00e9 dans toute l&rsquo;Am\u00e9rique du Nord pour sa route panoramique Cabot Trail, elle n&rsquo;a pas d\u00e9menti sa renomm\u00e9e.<\/p>\n<p><img decoding=\"async\" loading=\"lazy\" class=\"size-large wp-image-4521 aligncenter\" src=\"http:\/\/arpenterlechemin.com\/wp-content\/uploads\/2017\/12\/P1060297-2-1024x576.jpg\" alt=\"\" width=\"640\" height=\"360\" srcset=\"https:\/\/arpenterlechemin.com\/wp-content\/uploads\/2017\/12\/P1060297-2-1024x576.jpg 1024w, https:\/\/arpenterlechemin.com\/wp-content\/uploads\/2017\/12\/P1060297-2-300x169.jpg 300w, https:\/\/arpenterlechemin.com\/wp-content\/uploads\/2017\/12\/P1060297-2-768x432.jpg 768w\" sizes=\"(max-width: 640px) 100vw, 640px\" \/><\/p>\n<p><img decoding=\"async\" loading=\"lazy\" class=\"size-large wp-image-4522 aligncenter\" src=\"http:\/\/arpenterlechemin.com\/wp-content\/uploads\/2017\/12\/P1060119-2-1024x576.jpg\" alt=\"\" width=\"640\" height=\"360\" srcset=\"https:\/\/arpenterlechemin.com\/wp-content\/uploads\/2017\/12\/P1060119-2-1024x576.jpg 1024w, https:\/\/arpenterlechemin.com\/wp-content\/uploads\/2017\/12\/P1060119-2-300x169.jpg 300w, https:\/\/arpenterlechemin.com\/wp-content\/uploads\/2017\/12\/P1060119-2-768x432.jpg 768w\" sizes=\"(max-width: 640px) 100vw, 640px\" \/><\/p>\n<p>Pour ire mes chroniques, c&rsquo;est <a href=\"http:\/\/arpenterlechemin.com\/index.php\/2017\/10\/31\/canada-la-randonnee-qui-a-failli-mal-tourner\/\">par ici<\/a> !<\/p>\n<h4><span style=\"color: #000080;\">6. Vivre la magie des f\u00eates \u00e0 Qu\u00e9bec<\/span><\/h4>\n<p>Un final en beaut\u00e9 dans la belle <a href=\"http:\/\/arpenterlechemin.com\/index.php\/2017\/12\/26\/vieux-quebec-temps-fetes\/\">Qu\u00e9bec<\/a>, toute par\u00e9e de lumi\u00e8re pour les f\u00eates. Vivre la f\u00e9erie d&rsquo;une ville ancienne sous la neige, au milieu de chants de No\u00ebl, est une exp\u00e9rience de toute beaut\u00e9.<\/p>\n<p><img decoding=\"async\" loading=\"lazy\" class=\"size-large wp-image-4519 aligncenter\" src=\"http:\/\/arpenterlechemin.com\/wp-content\/uploads\/2017\/12\/P1070104-3-1-1024x576.jpg\" alt=\"\" width=\"640\" height=\"360\" srcset=\"https:\/\/arpenterlechemin.com\/wp-content\/uploads\/2017\/12\/P1070104-3-1-1024x576.jpg 1024w, https:\/\/arpenterlechemin.com\/wp-content\/uploads\/2017\/12\/P1070104-3-1-300x169.jpg 300w, https:\/\/arpenterlechemin.com\/wp-content\/uploads\/2017\/12\/P1070104-3-1-768x432.jpg 768w\" sizes=\"(max-width: 640px) 100vw, 640px\" \/><\/p>\n<p><img decoding=\"async\" loading=\"lazy\" class=\"size-large wp-image-4520 aligncenter\" src=\"http:\/\/arpenterlechemin.com\/wp-content\/uploads\/2017\/12\/P1070092-3-1-1024x576.jpg\" alt=\"\" width=\"640\" height=\"360\" srcset=\"https:\/\/arpenterlechemin.com\/wp-content\/uploads\/2017\/12\/P1070092-3-1-1024x576.jpg 1024w, https:\/\/arpenterlechemin.com\/wp-content\/uploads\/2017\/12\/P1070092-3-1-300x169.jpg 300w, https:\/\/arpenterlechemin.com\/wp-content\/uploads\/2017\/12\/P1070092-3-1-768x432.jpg 768w\" sizes=\"(max-width: 640px) 100vw, 640px\" \/><\/p>\n<p>Cette ann\u00e9e 2017 aura \u00e9t\u00e9 plac\u00e9e sous le signe du Canada : pas moins de quatre provinces visit\u00e9es, avec toujours autant de plaisir. J&rsquo;esp\u00e8re avoir l&rsquo;occasion de d\u00e9passer le Qu\u00e9bec pour aller voir du c\u00f4t\u00e9 de l&rsquo;Ontario et au-del\u00e0 en 2018.<\/p>\n<p>Je vous souhaite une excellente ann\u00e9e 2018 avec plein de belles d\u00e9couvertes et de voyages inoubliables. Que cette nouvelle ann\u00e9e soit plac\u00e9e sous le signe de l&rsquo;\u00e9vasion !<\/p>\n<p><em>Et vous, quels ont \u00e9t\u00e9 vos coups de c\u0153ur voyage en 2017 ?<\/em><\/p>\n<p>&nbsp;<\/p>\n<p>&nbsp;<\/p>\n","protected":false},"excerpt":{"rendered":"<p>L&rsquo;ann\u00e9e 2017 touche \u00e0 sa fin, c&rsquo;est le temps des r\u00e9trospectives. J&rsquo;aime bien dresser la liste des beaux endroits (re)d\u00e9couverts tout au long de l&rsquo;ann\u00e9e, en esp\u00e9rant que cette r\u00e9trospective voyage vous donnera des id\u00e9es pour 2018. Avant de revenir \u00e0 mes aventures qu\u00e9b\u00e9coises du temps des f\u00eates, il est temps de revenir sur 2017 ! 1. D\u00e9couvrir enfin l&rsquo;Ouest am\u00e9ricain Difficile de choisir un seul lieu pendant ce voyage \u00e9pique de trois semaines entre Californie, Arizona, Nevada et Utah. J&rsquo;ai ador\u00e9 l&rsquo;ambiance sortie tout droit du cin\u00e9ma, aller de <\/p>\n","protected":false},"author":1,"featured_media":4533,"comment_status":"open","ping_status":"open","sticky":false,"template":"","format":"standard","meta":{"jetpack_post_was_ever_published":false},"categories":[1],"tags":[451,42,516,448,603,153,480],"yoast_head":"<!-- This site is optimized with the Yoast SEO plugin v20.7 - https:\/\/yoast.com\/wordpress\/plugins\/seo\/ -->\n<title>Ma r\u00e9trospective voyage en 2017 - Arpenter le chemin<\/title>\n<meta name=\"robots\" content=\"index, follow, max-snippet:-1, max-image-preview:large, max-video-preview:-1\" \/>\n<link rel=\"canonical\" href=\"https:\/\/arpenterlechemin.com\/index.php\/2017\/12\/31\/retrospective-voyage-2017\/\" \/>\n<meta property=\"og:locale\" content=\"fr_FR\" \/>\n<meta property=\"og:type\" content=\"article\" \/>\n<meta property=\"og:title\" content=\"Ma r\u00e9trospective voyage en 2017 - Arpenter le chemin\" \/>\n<meta property=\"og:description\" content=\"L&rsquo;ann\u00e9e 2017 touche \u00e0 sa fin, c&rsquo;est le temps des r\u00e9trospectives. J&rsquo;aime bien dresser la liste des beaux endroits (re)d\u00e9couverts tout au long de l&rsquo;ann\u00e9e, en esp\u00e9rant que cette r\u00e9trospective voyage vous donnera des id\u00e9es pour 2018. Avant de revenir \u00e0 mes aventures qu\u00e9b\u00e9coises du temps des f\u00eates, il est temps de revenir sur 2017 ! 1. D\u00e9couvrir enfin l&rsquo;Ouest am\u00e9ricain Difficile de choisir un seul lieu pendant ce voyage \u00e9pique de trois semaines entre Californie, Arizona, Nevada et Utah. J&rsquo;ai ador\u00e9 l&rsquo;ambiance sortie tout droit du cin\u00e9ma, aller de\" \/>\n<meta property=\"og:url\" content=\"https:\/\/arpenterlechemin.com\/index.php\/2017\/12\/31\/retrospective-voyage-2017\/\" \/>\n<meta property=\"og:site_name\" content=\"Arpenter le chemin\" \/>\n<meta property=\"article:published_time\" content=\"2017-12-31T06:02:43+00:00\" \/>\n<meta property=\"article:modified_time\" content=\"2018-03-08T02:10:23+00:00\" \/>\n<meta property=\"og:image\" content=\"https:\/\/arpenterlechemin.com\/wp-content\/uploads\/2017\/12\/R\u00e9trospective.jpg\" \/>\n\t<meta property=\"og:image:width\" content=\"1024\" \/>\n\t<meta property=\"og:image:height\" content=\"416\" \/>\n\t<meta property=\"og:image:type\" content=\"image\/jpeg\" \/>\n<meta name=\"author\" content=\"Audrey\" \/>\n<meta name=\"twitter:card\" content=\"summary_large_image\" \/>\n<meta name=\"twitter:label1\" content=\"\u00c9crit par\" \/>\n\t<meta name=\"twitter:data1\" content=\"Audrey\" \/>\n\t<meta name=\"twitter:label2\" content=\"Dur\u00e9e de lecture estim\u00e9e\" \/>\n\t<meta name=\"twitter:data2\" content=\"3 minutes\" \/>\n<script type=\"application\/ld+json\" class=\"yoast-schema-graph\">{\"@context\":\"https:\/\/schema.org\",\"@graph\":[{\"@type\":\"Article\",\"@id\":\"https:\/\/arpenterlechemin.com\/index.php\/2017\/12\/31\/retrospective-voyage-2017\/#article\",\"isPartOf\":{\"@id\":\"https:\/\/arpenterlechemin.com\/index.php\/2017\/12\/31\/retrospective-voyage-2017\/\"},\"author\":{\"name\":\"Audrey\",\"@id\":\"https:\/\/arpenterlechemin.com\/#\/schema\/person\/1d187818c0988fbea4d682c1e59c795c\"},\"headline\":\"Ma r\u00e9trospective voyage en 2017\",\"datePublished\":\"2017-12-31T06:02:43+00:00\",\"dateModified\":\"2018-03-08T02:10:23+00:00\",\"mainEntityOfPage\":{\"@id\":\"https:\/\/arpenterlechemin.com\/index.php\/2017\/12\/31\/retrospective-voyage-2017\/\"},\"wordCount\":667,\"commentCount\":2,\"publisher\":{\"@id\":\"https:\/\/arpenterlechemin.com\/#organization\"},\"keywords\":[\"2017\",\"canada\",\"france\",\"r\u00e9trospective\",\"solo\",\"suisse\",\"usa\"],\"articleSection\":[\"Blog\"],\"inLanguage\":\"fr-FR\",\"potentialAction\":[{\"@type\":\"CommentAction\",\"name\":\"Comment\",\"target\":[\"https:\/\/arpenterlechemin.com\/index.php\/2017\/12\/31\/retrospective-voyage-2017\/#respond\"]}]},{\"@type\":\"WebPage\",\"@id\":\"https:\/\/arpenterlechemin.com\/index.php\/2017\/12\/31\/retrospective-voyage-2017\/\",\"url\":\"https:\/\/arpenterlechemin.com\/index.php\/2017\/12\/31\/retrospective-voyage-2017\/\",\"name\":\"Ma r\u00e9trospective voyage en 2017 - Arpenter le chemin\",\"isPartOf\":{\"@id\":\"https:\/\/arpenterlechemin.com\/#website\"},\"datePublished\":\"2017-12-31T06:02:43+00:00\",\"dateModified\":\"2018-03-08T02:10:23+00:00\",\"breadcrumb\":{\"@id\":\"https:\/\/arpenterlechemin.com\/index.php\/2017\/12\/31\/retrospective-voyage-2017\/#breadcrumb\"},\"inLanguage\":\"fr-FR\",\"potentialAction\":[{\"@type\":\"ReadAction\",\"target\":[\"https:\/\/arpenterlechemin.com\/index.php\/2017\/12\/31\/retrospective-voyage-2017\/\"]}]},{\"@type\":\"BreadcrumbList\",\"@id\":\"https:\/\/arpenterlechemin.com\/index.php\/2017\/12\/31\/retrospective-voyage-2017\/#breadcrumb\",\"itemListElement\":[{\"@type\":\"ListItem\",\"position\":1,\"name\":\"Home\",\"item\":\"https:\/\/arpenterlechemin.com\/\"},{\"@type\":\"ListItem\",\"position\":2,\"name\":\"Ma r\u00e9trospective voyage en 2017\"}]},{\"@type\":\"WebSite\",\"@id\":\"https:\/\/arpenterlechemin.com\/#website\",\"url\":\"https:\/\/arpenterlechemin.com\/\",\"name\":\"Arpenter le chemin\",\"description\":\"\",\"publisher\":{\"@id\":\"https:\/\/arpenterlechemin.com\/#organization\"},\"potentialAction\":[{\"@type\":\"SearchAction\",\"target\":{\"@type\":\"EntryPoint\",\"urlTemplate\":\"https:\/\/arpenterlechemin.com\/?s={search_term_string}\"},\"query-input\":\"required name=search_term_string\"}],\"inLanguage\":\"fr-FR\"},{\"@type\":\"Organization\",\"@id\":\"https:\/\/arpenterlechemin.com\/#organization\",\"name\":\"Arpenter le chemin\",\"url\":\"https:\/\/arpenterlechemin.com\/\",\"logo\":{\"@type\":\"ImageObject\",\"inLanguage\":\"fr-FR\",\"@id\":\"https:\/\/arpenterlechemin.com\/#\/schema\/logo\/image\/\",\"url\":\"https:\/\/arpenterlechemin.com\/wp-content\/uploads\/2017\/04\/icone-4.jpg\",\"contentUrl\":\"https:\/\/arpenterlechemin.com\/wp-content\/uploads\/2017\/04\/icone-4.jpg\",\"width\":150,\"height\":73,\"caption\":\"Arpenter le chemin\"},\"image\":{\"@id\":\"https:\/\/arpenterlechemin.com\/#\/schema\/logo\/image\/\"}},{\"@type\":\"Person\",\"@id\":\"https:\/\/arpenterlechemin.com\/#\/schema\/person\/1d187818c0988fbea4d682c1e59c795c\",\"name\":\"Audrey\",\"image\":{\"@type\":\"ImageObject\",\"inLanguage\":\"fr-FR\",\"@id\":\"https:\/\/arpenterlechemin.com\/#\/schema\/person\/image\/\",\"url\":\"https:\/\/secure.gravatar.com\/avatar\/b75298f64c73f1709976c50921beae6a?s=96&d=mm&r=g\",\"contentUrl\":\"https:\/\/secure.gravatar.com\/avatar\/b75298f64c73f1709976c50921beae6a?s=96&d=mm&r=g\",\"caption\":\"Audrey\"},\"description\":\"Allergique \u00e0 la routine, atteinte de bougeotte aigu\u00eb, j'essaie de m'envoler aussi souvent que possible, seule, en couple ou entre amis ! Ville, nature, culture, rando... tout me va, \u00e0 partir du moment o\u00f9 je suis dehors.\",\"url\":\"https:\/\/arpenterlechemin.com\/index.php\/author\/audreyf\/\"}]}<\/script>\n<!-- \/ Yoast SEO plugin. -->","yoast_head_json":{"title":"Ma r\u00e9trospective voyage en 2017 - Arpenter le chemin","robots":{"index":"index","follow":"follow","max-snippet":"max-snippet:-1","max-image-preview":"max-image-preview:large","max-video-preview":"max-video-preview:-1"},"canonical":"https:\/\/arpenterlechemin.com\/index.php\/2017\/12\/31\/retrospective-voyage-2017\/","og_locale":"fr_FR","og_type":"article","og_title":"Ma r\u00e9trospective voyage en 2017 - Arpenter le chemin","og_description":"L&rsquo;ann\u00e9e 2017 touche \u00e0 sa fin, c&rsquo;est le temps des r\u00e9trospectives. J&rsquo;aime bien dresser la liste des beaux endroits (re)d\u00e9couverts tout au long de l&rsquo;ann\u00e9e, en esp\u00e9rant que cette r\u00e9trospective voyage vous donnera des id\u00e9es pour 2018. Avant de revenir \u00e0 mes aventures qu\u00e9b\u00e9coises du temps des f\u00eates, il est temps de revenir sur 2017 ! 1. D\u00e9couvrir enfin l&rsquo;Ouest am\u00e9ricain Difficile de choisir un seul lieu pendant ce voyage \u00e9pique de trois semaines entre Californie, Arizona, Nevada et Utah. J&rsquo;ai ador\u00e9 l&rsquo;ambiance sortie tout droit du cin\u00e9ma, aller de","og_url":"https:\/\/arpenterlechemin.com\/index.php\/2017\/12\/31\/retrospective-voyage-2017\/","og_site_name":"Arpenter le chemin","article_published_time":"2017-12-31T06:02:43+00:00","article_modified_time":"2018-03-08T02:10:23+00:00","og_image":[{"width":1024,"height":416,"url":"https:\/\/arpenterlechemin.com\/wp-content\/uploads\/2017\/12\/R\u00e9trospective.jpg","type":"image\/jpeg"}],"author":"Audrey","twitter_card":"summary_large_image","twitter_misc":{"\u00c9crit par":"Audrey","Dur\u00e9e de lecture estim\u00e9e":"3 minutes"},"schema":{"@context":"https:\/\/schema.org","@graph":[{"@type":"Article","@id":"https:\/\/arpenterlechemin.com\/index.php\/2017\/12\/31\/retrospective-voyage-2017\/#article","isPartOf":{"@id":"https:\/\/arpenterlechemin.com\/index.php\/2017\/12\/31\/retrospective-voyage-2017\/"},"author":{"name":"Audrey","@id":"https:\/\/arpenterlechemin.com\/#\/schema\/person\/1d187818c0988fbea4d682c1e59c795c"},"headline":"Ma r\u00e9trospective voyage en 2017","datePublished":"2017-12-31T06:02:43+00:00","dateModified":"2018-03-08T02:10:23+00:00","mainEntityOfPage":{"@id":"https:\/\/arpenterlechemin.com\/index.php\/2017\/12\/31\/retrospective-voyage-2017\/"},"wordCount":667,"commentCount":2,"publisher":{"@id":"https:\/\/arpenterlechemin.com\/#organization"},"keywords":["2017","canada","france","r\u00e9trospective","solo","suisse","usa"],"articleSection":["Blog"],"inLanguage":"fr-FR","potentialAction":[{"@type":"CommentAction","name":"Comment","target":["https:\/\/arpenterlechemin.com\/index.php\/2017\/12\/31\/retrospective-voyage-2017\/#respond"]}]},{"@type":"WebPage","@id":"https:\/\/arpenterlechemin.com\/index.php\/2017\/12\/31\/retrospective-voyage-2017\/","url":"https:\/\/arpenterlechemin.com\/index.php\/2017\/12\/31\/retrospective-voyage-2017\/","name":"Ma r\u00e9trospective voyage en 2017 - Arpenter le chemin","isPartOf":{"@id":"https:\/\/arpenterlechemin.com\/#website"},"datePublished":"2017-12-31T06:02:43+00:00","dateModified":"2018-03-08T02:10:23+00:00","breadcrumb":{"@id":"https:\/\/arpenterlechemin.com\/index.php\/2017\/12\/31\/retrospective-voyage-2017\/#breadcrumb"},"inLanguage":"fr-FR","potentialAction":[{"@type":"ReadAction","target":["https:\/\/arpenterlechemin.com\/index.php\/2017\/12\/31\/retrospective-voyage-2017\/"]}]},{"@type":"BreadcrumbList","@id":"https:\/\/arpenterlechemin.com\/index.php\/2017\/12\/31\/retrospective-voyage-2017\/#breadcrumb","itemListElement":[{"@type":"ListItem","position":1,"name":"Home","item":"https:\/\/arpenterlechemin.com\/"},{"@type":"ListItem","position":2,"name":"Ma r\u00e9trospective voyage en 2017"}]},{"@type":"WebSite","@id":"https:\/\/arpenterlechemin.com\/#website","url":"https:\/\/arpenterlechemin.com\/","name":"Arpenter le chemin","description":"","publisher":{"@id":"https:\/\/arpenterlechemin.com\/#organization"},"potentialAction":[{"@type":"SearchAction","target":{"@type":"EntryPoint","urlTemplate":"https:\/\/arpenterlechemin.com\/?s={search_term_string}"},"query-input":"required name=search_term_string"}],"inLanguage":"fr-FR"},{"@type":"Organization","@id":"https:\/\/arpenterlechemin.com\/#organization","name":"Arpenter le chemin","url":"https:\/\/arpenterlechemin.com\/","logo":{"@type":"ImageObject","inLanguage":"fr-FR","@id":"https:\/\/arpenterlechemin.com\/#\/schema\/logo\/image\/","url":"https:\/\/arpenterlechemin.com\/wp-content\/uploads\/2017\/04\/icone-4.jpg","contentUrl":"https:\/\/arpenterlechemin.com\/wp-content\/uploads\/2017\/04\/icone-4.jpg","width":150,"height":73,"caption":"Arpenter le chemin"},"image":{"@id":"https:\/\/arpenterlechemin.com\/#\/schema\/logo\/image\/"}},{"@type":"Person","@id":"https:\/\/arpenterlechemin.com\/#\/schema\/person\/1d187818c0988fbea4d682c1e59c795c","name":"Audrey","image":{"@type":"ImageObject","inLanguage":"fr-FR","@id":"https:\/\/arpenterlechemin.com\/#\/schema\/person\/image\/","url":"https:\/\/secure.gravatar.com\/avatar\/b75298f64c73f1709976c50921beae6a?s=96&d=mm&r=g","contentUrl":"https:\/\/secure.gravatar.com\/avatar\/b75298f64c73f1709976c50921beae6a?s=96&d=mm&r=g","caption":"Audrey"},"description":"Allergique \u00e0 la routine, atteinte de bougeotte aigu\u00eb, j'essaie de m'envoler aussi souvent que possible, seule, en couple ou entre amis ! Ville, nature, culture, rando... tout me va, \u00e0 partir du moment o\u00f9 je suis dehors.","url":"https:\/\/arpenterlechemin.com\/index.php\/author\/audreyf\/"}]}},"jetpack_featured_media_url":"https:\/\/arpenterlechemin.com\/wp-content\/uploads\/2017\/12\/R\u00e9trospective.jpg","jetpack_sharing_enabled":true,"jetpack_shortlink":"https:\/\/wp.me\/p8z9hR-1af","jetpack-related-posts":[{"id":6609,"url":"https:\/\/arpenterlechemin.com\/index.php\/2018\/12\/20\/retrospective-voyage-2018\/","url_meta":{"origin":4479,"position":0},"title":"Ma r\u00e9trospective de voyage \/\/ 2018","date":"20 d\u00e9cembre 2018","format":false,"excerpt":"Encore une belle ann\u00e9e qui vient de s'\u00e9couler ! Je vous propose de faire un r\u00e9sum\u00e9 de ce que j'ai vu et aim\u00e9 en cette ann\u00e9e 2018, avant de passer le flambeau \u00e0 2019. Sans revenir sur la cinquantaine de chroniques publi\u00e9e cette ann\u00e9e, voici quelques-uns des temps forts de\u2026","rel":"","context":"Dans &quot;Am\u00e9rique du Nord&quot;","img":{"alt_text":"retrospective voyage 2018 blog voyage canada arpenter le chemin","src":"https:\/\/i0.wp.com\/arpenterlechemin.com\/wp-content\/uploads\/2018\/12\/retrospective-voyage-2018-blog-voyage-canada-arpenter-le-chemin.jpg?resize=350%2C200&ssl=1","width":350,"height":200},"classes":[]},{"id":8617,"url":"https:\/\/arpenterlechemin.com\/index.php\/2019\/12\/30\/retrospective-voyage-2019\/","url_meta":{"origin":4479,"position":1},"title":"Ma r\u00e9trospective de voyage \/\/ 2019","date":"30 d\u00e9cembre 2019","format":false,"excerpt":"Bonjour \u00e0 tous ! Comme tous les ans, la fin de l'ann\u00e9e est le moment de tirer des bilans, de revenir sur ce qu'on a v\u00e9cu et peut-\u00eatre, de se rendre que le temps \u00e9coul\u00e9 a \u00e9t\u00e9 bien utilis\u00e9. Il y a quelques ann\u00e9es, j'avais horreur des r\u00e9trospectives au parfum\u2026","rel":"","context":"Dans &quot;Am\u00e9rique du Nord&quot;","img":{"alt_text":"retrospective voyages 2019 arpenter le chemin","src":"https:\/\/i0.wp.com\/arpenterlechemin.com\/wp-content\/uploads\/2020\/12\/retrospective-voyages-2019-arpenter-le-chemin.jpg?resize=350%2C200&ssl=1","width":350,"height":200},"classes":[]},{"id":4116,"url":"https:\/\/arpenterlechemin.com\/index.php\/2017\/09\/18\/ode-a-lautomne\/","url_meta":{"origin":4479,"position":2},"title":"\u00c9LUCUBRATIONS \/\/ Ode \u00e0 l&rsquo;automne au Canada","date":"18 septembre 2017","format":false,"excerpt":"Ce blog n'a gu\u00e8re plus d'un an mais je suis d\u00e9j\u00e0 certaine d'une chose : il est incroyablement saisonnier. Difficile pour moi d'\u00e9crire hors saison, de parler de la beaut\u00e9 du blizzard en plein mois d'ao\u00fbt, d'\u00e9voquer la douceur du printemps au moment du r\u00e9veillon. J'ai besoin de baigner dans\u2026","rel":"","context":"Dans &quot;Am\u00e9rique du Nord&quot;","img":{"alt_text":"","src":"https:\/\/i0.wp.com\/arpenterlechemin.com\/wp-content\/uploads\/2017\/09\/titre-automne.jpg?resize=350%2C200&ssl=1","width":350,"height":200},"classes":[]},{"id":5829,"url":"https:\/\/arpenterlechemin.com\/index.php\/2018\/09\/05\/sens-vie-voyage\/","url_meta":{"origin":4479,"position":3},"title":"La voyageuse qui se demandait \u00e0 quoi sert sa vie de voyage","date":"5 septembre 2018","format":false,"excerpt":"Quand on passe un certain temps sur les blogs de voyage, on remarque que certaines th\u00e9matiques ont tendance \u00e0 revenir. La chronique d'itin\u00e9raire au Nouveau-Brunswick est dans l'air du temps, semble-t-il, tout comme le tour de la Gasp\u00e9sie ou encore l'escapade au Mexique. Au-del\u00e0 des jolies images qui font r\u00eaver\u2026","rel":"","context":"Dans &quot;Blog&quot;","img":{"alt_text":"titre interrogations blog voyage arpenter le chemin mexique canada","src":"https:\/\/i0.wp.com\/arpenterlechemin.com\/wp-content\/uploads\/2018\/08\/titre-interrogations-blog-voyage-arpenter-le-chemin-mexique-canada.jpg?resize=350%2C200&ssl=1","width":350,"height":200},"classes":[]},{"id":10931,"url":"https:\/\/arpenterlechemin.com\/index.php\/2021\/12\/31\/retrospective-voyages-2021\/","url_meta":{"origin":4479,"position":4},"title":"Ma r\u00e9trospective de voyages \/\/ 2021","date":"31 d\u00e9cembre 2021","format":false,"excerpt":"Encore une ann\u00e9e d'\u00e9coul\u00e9e ? J'ai l'impression que j'\u00e9crivais ma r\u00e9trospective 2020 seulement avant-hier... On raconte souvent que le temps passe plus vite quand on vieillit, et je me demande si ce n'est pas vrai, en fin de compte. Je ne sais pas si j'ai aim\u00e9 2021, ann\u00e9e charni\u00e8re en\u2026","rel":"","context":"Dans &quot;Am\u00e9rique du Nord&quot;","img":{"alt_text":"","src":"https:\/\/i0.wp.com\/arpenterlechemin.com\/wp-content\/uploads\/2021\/12\/R\u00e9trospective-voyage-2021.jpg?resize=350%2C200&ssl=1","width":350,"height":200},"classes":[]},{"id":9913,"url":"https:\/\/arpenterlechemin.com\/index.php\/2020\/12\/31\/retrospective-voyage-2020\/","url_meta":{"origin":4479,"position":5},"title":"Ma r\u00e9trospective de non-voyages \/\/ 2020","date":"31 d\u00e9cembre 2020","format":false,"excerpt":"Nous voici fin d\u00e9cembre, c'est l'heure des r\u00e9trospectives. Que dire de pertinent de 2020 quand on tient un blog de voyage ? J'aurais pu vous faire le coup de la r\u00e9trospective-gag, avec une photo de mon canap\u00e9 et c'est tout. J'aurais pu ne rien faire du tout, faire comme si\u2026","rel":"","context":"Dans &quot;Blog&quot;","img":{"alt_text":"2020 r\u00e9trospective voyages","src":"https:\/\/i0.wp.com\/arpenterlechemin.com\/wp-content\/uploads\/2020\/12\/2020-r\u00e9trospective-voyages.jpg?resize=350%2C200&ssl=1","width":350,"height":200},"classes":[]}],"_links":{"self":[{"href":"https:\/\/arpenterlechemin.com\/index.php\/wp-json\/wp\/v2\/posts\/4479"}],"collection":[{"href":"https:\/\/arpenterlechemin.com\/index.php\/wp-json\/wp\/v2\/posts"}],"about":[{"href":"https:\/\/arpenterlechemin.com\/index.php\/wp-json\/wp\/v2\/types\/post"}],"author":[{"embeddable":true,"href":"https:\/\/arpenterlechemin.com\/index.php\/wp-json\/wp\/v2\/users\/1"}],"replies":[{"embeddable":true,"href":"https:\/\/arpenterlechemin.com\/index.php\/wp-json\/wp\/v2\/comments?post=4479"}],"version-history":[{"count":0,"href":"https:\/\/arpenterlechemin.com\/index.php\/wp-json\/wp\/v2\/posts\/4479\/revisions"}],"wp:featuredmedia":[{"embeddable":true,"href":"https:\/\/arpenterlechemin.com\/index.php\/wp-json\/wp\/v2\/media\/4533"}],"wp:attachment":[{"href":"https:\/\/arpenterlechemin.com\/index.php\/wp-json\/wp\/v2\/media?parent=4479"}],"wp:term":[{"taxonomy":"category","embeddable":true,"href":"https:\/\/arpenterlechemin.com\/index.php\/wp-json\/wp\/v2\/categories?post=4479"},{"taxonomy":"post_tag","embeddable":true,"href":"https:\/\/arpenterlechemin.com\/index.php\/wp-json\/wp\/v2\/tags?post=4479"}],"curies":[{"name":"wp","href":"https:\/\/api.w.org\/{rel}","templated":true}]}}