{"id":4411,"date":"2017-12-08T02:50:48","date_gmt":"2017-12-08T06:50:48","guid":{"rendered":"http:\/\/arpenterlechemin.com\/?p=4411"},"modified":"2019-05-31T15:49:13","modified_gmt":"2019-05-31T19:49:13","slug":"enfranceaussi-fete-lumieres-a-lyon","status":"publish","type":"post","link":"https:\/\/arpenterlechemin.com\/index.php\/2017\/12\/08\/enfranceaussi-fete-lumieres-a-lyon\/","title":{"rendered":"FRANCE \/\/ La F\u00eate des Lumi\u00e8res \u00e0 Lyon"},"content":{"rendered":"<p>Aujourd&rsquo;hui 8 d\u00e9cembre, c&rsquo;est la <strong>F\u00eate des Lumi\u00e8res<\/strong>. Rien ne donne autant le coup d&rsquo;envoi des f\u00eates de fin d&rsquo;ann\u00e9e comme la F\u00eate des Lumi\u00e8res \u00e0 Lyon : un des plus grands festivals urbains au monde, trois \u00e0 quatre jours de f\u00eate autour du<strong> 8 d\u00e9cembre<\/strong>, une ambiance f\u00e9erique et m\u00eame du vin chaud \u00e0 gogo. \u00c0 d\u00e9faut de pouvoir vivre la f\u00eate de l&rsquo;int\u00e9rieur cette ann\u00e9e, je vous invite \u00e0 revenir sur les moments forts de ce festival lyonnais par excellence.<\/p>\n<p>La <a href=\"http:\/\/www.fetedeslumieres.lyon.fr\/fr\">F\u00eate des Lumi\u00e8res<\/a>, c&rsquo;est un peu <strong>LA f\u00eate incontournable \u00e0 Lyon<\/strong> et la r\u00e9gion. Comme toutes les grandes festivit\u00e9s, c&rsquo;est une f\u00eate qui ne laisse personne indiff\u00e9rent, qu&rsquo;on se place du c\u00f4t\u00e9 des grincheux agoraphobes qui trouvent que c&rsquo;\u00e9tait mieux avant, ou des fanatiques dans mon genre qui font 20 km \u00e0 pied par -10\u00b0C trois soirs d&rsquo;affil\u00e9e pour ne rien rater.<\/p>\n<p><img decoding=\"async\" loading=\"lazy\" class=\"aligncenter wp-image-4418 size-full\" src=\"http:\/\/arpenterlechemin.com\/wp-content\/uploads\/2017\/12\/2012-2.jpg\" alt=\"\" width=\"3070\" height=\"1727\" srcset=\"https:\/\/arpenterlechemin.com\/wp-content\/uploads\/2017\/12\/2012-2.jpg 3070w, https:\/\/arpenterlechemin.com\/wp-content\/uploads\/2017\/12\/2012-2-300x169.jpg 300w, https:\/\/arpenterlechemin.com\/wp-content\/uploads\/2017\/12\/2012-2-768x432.jpg 768w, https:\/\/arpenterlechemin.com\/wp-content\/uploads\/2017\/12\/2012-2-1024x576.jpg 1024w\" sizes=\"(max-width: 3070px) 100vw, 3070px\" \/><\/p>\n<p style=\"text-align: center;\"><em>Parce que qui voudrait rater un dragon lumineux en c\u00f4nes de circulation ?!<\/em><\/p>\n<p>La F\u00eate des Lumi\u00e8res n&rsquo;a pas toujours \u00e9t\u00e9. Avant 1999, on l&rsquo;appelait \u00ab\u00a0<strong>les<\/strong> <strong>illuminations<\/strong>\u00ab\u00a0, car loin du grand festival en son et lumi\u00e8res qu&rsquo;on conna\u00eet aujourd&rsquo;hui, c&rsquo;\u00e9tait une f\u00eate presque intime, o\u00f9 l&rsquo;on pla\u00e7ait des lumignons aux fen\u00eatres pour illuminer la ville en l&rsquo;hommage de Marie, qui aurait \u00e9pargn\u00e9 Lyon de la peste au XIXe si\u00e8cle. Je n&rsquo;ai pas connu cette \u00e9poque mais je ne peux qu&rsquo;imaginer avec d\u00e9lice et \u00e9motion <strong>une ville enti\u00e8re d\u00e9cor\u00e9e de petites flammes aux fen\u00eatres<\/strong>, petites bougies \u00e9mouvantes et \u00e9ph\u00e9m\u00e8res qui meurent au fil de la soir\u00e9e apr\u00e8s avoir donn\u00e9 aux rues un air de Moyen-\u00c2ge. Il para\u00eet que la tradition se perd, alors si vous \u00eates \u00e0 <a href=\"http:\/\/arpenterlechemin.com\/index.php\/2016\/10\/31\/top-5-des-endroits-secrets-a-lyon\/\">Lyon <\/a>ce soir, faites-moi plaisir et mettez une rang\u00e9e de lumignons \u00e0 tes fen\u00eatres !<\/p>\n<p><img decoding=\"async\" loading=\"lazy\" class=\"aligncenter wp-image-4423 size-full\" src=\"http:\/\/arpenterlechemin.com\/wp-content\/uploads\/2017\/12\/P1020301-2.jpg\" alt=\"\" width=\"3070\" height=\"1727\" srcset=\"https:\/\/arpenterlechemin.com\/wp-content\/uploads\/2017\/12\/P1020301-2.jpg 3070w, https:\/\/arpenterlechemin.com\/wp-content\/uploads\/2017\/12\/P1020301-2-300x169.jpg 300w, https:\/\/arpenterlechemin.com\/wp-content\/uploads\/2017\/12\/P1020301-2-768x432.jpg 768w, https:\/\/arpenterlechemin.com\/wp-content\/uploads\/2017\/12\/P1020301-2-1024x576.jpg 1024w\" sizes=\"(max-width: 3070px) 100vw, 3070px\" \/><\/p>\n<p><img decoding=\"async\" loading=\"lazy\" class=\"aligncenter wp-image-4429 size-full\" src=\"http:\/\/arpenterlechemin.com\/wp-content\/uploads\/2017\/12\/P1000286-2.jpg\" alt=\"\" width=\"3070\" height=\"1726\" srcset=\"https:\/\/arpenterlechemin.com\/wp-content\/uploads\/2017\/12\/P1000286-2.jpg 3070w, https:\/\/arpenterlechemin.com\/wp-content\/uploads\/2017\/12\/P1000286-2-300x169.jpg 300w, https:\/\/arpenterlechemin.com\/wp-content\/uploads\/2017\/12\/P1000286-2-768x432.jpg 768w, https:\/\/arpenterlechemin.com\/wp-content\/uploads\/2017\/12\/P1000286-2-1024x576.jpg 1024w\" sizes=\"(max-width: 3070px) 100vw, 3070px\" \/><\/p>\n<p>Depuis 1999, c&rsquo;est la fr\u00e9n\u00e9sie. <strong>Quatre millions de personnes<\/strong> s&rsquo;agglutinent dans le centre-ville boucl\u00e9 pour l&rsquo;occasion, et si la foule a ses mauvais c\u00f4t\u00e9s (ah, les \u00e9ditions avant le plan de circulation pi\u00e9ton, et ses embouteillages pi\u00e9tons dantesques&#8230;), il en ressort un certain esprit de communion, tous gel\u00e9s \u00e0 arpenter le pav\u00e9 \u00e0 la recherche de l&rsquo;\u00e9merveillement. <strong>Ce festival est la quatri\u00e8me plus grand au monde<\/strong>, sachez-le, et toutes ces personnes rassembl\u00e9es d\u00e9gagent un certain \u00e9lan collectif, une envie de faire la f\u00eate avec un esprit bon enfant, sans d\u00e9bordement autre que la sempiternelle gr\u00e8ve des transports en commun lyonnais (il fallait qu&rsquo;elle sorte, celle-l\u00e0 !).<\/p>\n<p><img decoding=\"async\" loading=\"lazy\" class=\"aligncenter wp-image-4414 size-full\" src=\"http:\/\/arpenterlechemin.com\/wp-content\/uploads\/2017\/12\/DSCN1857-2.jpg\" alt=\"\" width=\"2226\" height=\"1252\" srcset=\"https:\/\/arpenterlechemin.com\/wp-content\/uploads\/2017\/12\/DSCN1857-2.jpg 2226w, https:\/\/arpenterlechemin.com\/wp-content\/uploads\/2017\/12\/DSCN1857-2-300x169.jpg 300w, https:\/\/arpenterlechemin.com\/wp-content\/uploads\/2017\/12\/DSCN1857-2-768x432.jpg 768w, https:\/\/arpenterlechemin.com\/wp-content\/uploads\/2017\/12\/DSCN1857-2-1024x576.jpg 1024w\" sizes=\"(max-width: 2226px) 100vw, 2226px\" \/><\/p>\n<p><img decoding=\"async\" loading=\"lazy\" class=\"aligncenter wp-image-4415 size-full\" src=\"http:\/\/arpenterlechemin.com\/wp-content\/uploads\/2017\/12\/P1000284-2.jpg\" alt=\"\" width=\"3070\" height=\"1726\" srcset=\"https:\/\/arpenterlechemin.com\/wp-content\/uploads\/2017\/12\/P1000284-2.jpg 3070w, https:\/\/arpenterlechemin.com\/wp-content\/uploads\/2017\/12\/P1000284-2-300x169.jpg 300w, https:\/\/arpenterlechemin.com\/wp-content\/uploads\/2017\/12\/P1000284-2-768x432.jpg 768w, https:\/\/arpenterlechemin.com\/wp-content\/uploads\/2017\/12\/P1000284-2-1024x576.jpg 1024w\" sizes=\"(max-width: 3070px) 100vw, 3070px\" \/><\/p>\n<p><img decoding=\"async\" loading=\"lazy\" class=\"aligncenter wp-image-4422 size-full\" src=\"http:\/\/arpenterlechemin.com\/wp-content\/uploads\/2017\/12\/2011-2.jpg\" alt=\"\" width=\"2304\" height=\"3072\" srcset=\"https:\/\/arpenterlechemin.com\/wp-content\/uploads\/2017\/12\/2011-2.jpg 2304w, https:\/\/arpenterlechemin.com\/wp-content\/uploads\/2017\/12\/2011-2-225x300.jpg 225w, https:\/\/arpenterlechemin.com\/wp-content\/uploads\/2017\/12\/2011-2-768x1024.jpg 768w\" sizes=\"(max-width: 2304px) 100vw, 2304px\" \/><\/p>\n<p>La magie, la soif d&rsquo;imaginaire et la po\u00e9sie, c&rsquo;est bien de \u00e7a qu&rsquo;il s&rsquo;agit tout au long du festival : un \u00e9merveillement continu \u00e0 travers <strong>les installations artistiques les plus oniriques, f\u00e9eriques, saugrenues parfois, ludiques souvent<\/strong>. Mes pr\u00e9f\u00e9r\u00e9es sont celles en son et lumi\u00e8re, qu&rsquo;on entend avant de voir, rugissements au loin annonciateurs d&rsquo;un transport dans un autre monde le temps d&rsquo;une minute ou deux, \u00e9tir\u00e9es par les \u00e9toiles dans nos yeux.<\/p>\n<p><img decoding=\"async\" loading=\"lazy\" class=\"aligncenter wp-image-4416 size-full\" src=\"http:\/\/arpenterlechemin.com\/wp-content\/uploads\/2017\/12\/P1000257-2.jpg\" alt=\"\" width=\"3070\" height=\"1726\" srcset=\"https:\/\/arpenterlechemin.com\/wp-content\/uploads\/2017\/12\/P1000257-2.jpg 3070w, https:\/\/arpenterlechemin.com\/wp-content\/uploads\/2017\/12\/P1000257-2-300x169.jpg 300w, https:\/\/arpenterlechemin.com\/wp-content\/uploads\/2017\/12\/P1000257-2-768x432.jpg 768w, https:\/\/arpenterlechemin.com\/wp-content\/uploads\/2017\/12\/P1000257-2-1024x576.jpg 1024w\" sizes=\"(max-width: 3070px) 100vw, 3070px\" \/><\/p>\n<p style=\"text-align: center;\"><em>\u00c0 moins que ce ne soit les projecteurs et lasers omnipr\u00e9sents.<\/em><\/p>\n<p>Bambous g\u00e9ants sur la <strong>Place Louis Pradel<\/strong>, fontaine des <strong>Jacobins<\/strong> transform\u00e9e en aquarium, rayons laser qui traversent sans doute toujours l&rsquo;univers, la <strong>statue de Louis XVI<\/strong> mise sous cloche ou harnach\u00e9e \u00e0 des ballons, draps italiens suspendus dans la cour de <strong>l&rsquo;Hotel-Dieu<\/strong>, oeuf de Faberg\u00e9 g\u00e9ant \u00e0 la <strong>Croix-Rousse<\/strong>&#8230; Chaque \u00e9dition est une surprise. Toutes les ann\u00e9es ne se valent pas, mais les bons crus sont inoubliables, et les moins bons laissent malgr\u00e9 tout un go\u00fbt de f\u00eate.<\/p>\n<p><img decoding=\"async\" loading=\"lazy\" class=\"alignnone wp-image-4420\" src=\"http:\/\/arpenterlechemin.com\/wp-content\/uploads\/2017\/12\/2009-2-768x1024.jpg\" alt=\"\" width=\"400\" height=\"533\" srcset=\"https:\/\/arpenterlechemin.com\/wp-content\/uploads\/2017\/12\/2009-2-768x1024.jpg 768w, https:\/\/arpenterlechemin.com\/wp-content\/uploads\/2017\/12\/2009-2-225x300.jpg 225w\" sizes=\"(max-width: 400px) 100vw, 400px\" \/><img decoding=\"async\" loading=\"lazy\" class=\"alignnone wp-image-4421\" src=\"http:\/\/arpenterlechemin.com\/wp-content\/uploads\/2017\/12\/2010-2-768x1024.jpg\" alt=\"\" width=\"400\" height=\"533\" srcset=\"https:\/\/arpenterlechemin.com\/wp-content\/uploads\/2017\/12\/2010-2-768x1024.jpg 768w, https:\/\/arpenterlechemin.com\/wp-content\/uploads\/2017\/12\/2010-2-225x300.jpg 225w\" sizes=\"(max-width: 400px) 100vw, 400px\" \/><\/p>\n<p>Voil\u00e0 aussi pourquoi j&rsquo;aime tant cette f\u00eate : le 8 d\u00e9cembre, une date parfaite pour lancer la course \u00e0 No\u00ebl dans <strong>une c\u00e9l\u00e9bration d&rsquo;une belle ville, qui ne demande rien \u00e0 personne, si ce n&rsquo;est d&rsquo;accepter la magie.<\/strong> Tout est gratuit, tout est facile d&rsquo;acc\u00e8s, tout est beau. Le passage au march\u00e9 de No\u00ebl est de rigueur. L&rsquo;odeur des cr\u00eapes et du jus de pomme-cannelle chaud est \u00e0 tous coins de rue, la tartiflette mang\u00e9e debout dans le froid tient d\u00e9sormais de la tradition, le vin chaud savour\u00e9 au sommet de la Mont\u00e9e de la Grande-C\u00f4te, les poumons encore plus gel\u00e9s que nos doigts, a un go\u00fbt de victoire.<\/p>\n<p><img decoding=\"async\" loading=\"lazy\" class=\"wp-image-4426 alignnone\" src=\"http:\/\/arpenterlechemin.com\/wp-content\/uploads\/2017\/12\/P1090011-2.jpg\" alt=\"\" width=\"400\" height=\"533\" srcset=\"https:\/\/arpenterlechemin.com\/wp-content\/uploads\/2017\/12\/P1090011-2.jpg 2304w, https:\/\/arpenterlechemin.com\/wp-content\/uploads\/2017\/12\/P1090011-2-225x300.jpg 225w, https:\/\/arpenterlechemin.com\/wp-content\/uploads\/2017\/12\/P1090011-2-768x1024.jpg 768w\" sizes=\"(max-width: 400px) 100vw, 400px\" \/><img decoding=\"async\" loading=\"lazy\" class=\"wp-image-4419 alignnone\" src=\"http:\/\/arpenterlechemin.com\/wp-content\/uploads\/2017\/12\/2008-2.jpg\" alt=\"\" width=\"400\" height=\"533\" srcset=\"https:\/\/arpenterlechemin.com\/wp-content\/uploads\/2017\/12\/2008-2.jpg 2304w, https:\/\/arpenterlechemin.com\/wp-content\/uploads\/2017\/12\/2008-2-225x300.jpg 225w, https:\/\/arpenterlechemin.com\/wp-content\/uploads\/2017\/12\/2008-2-768x1024.jpg 768w\" sizes=\"(max-width: 400px) 100vw, 400px\" \/><\/p>\n<p>Pour les Lyonnais, la F\u00eate des Lumi\u00e8res est v\u00e9ritablement la premi\u00e8re f\u00eate de la fin de l&rsquo;ann\u00e9e, <strong>le vrai d\u00e9but de l&rsquo;Avent<\/strong>. Pour la f\u00eate des Lumi\u00e8res, Lyon attend <strong>quatre millions de visiteurs<\/strong>, les vitrines et la ville sont sur leur 31. La F\u00eate des Lumi\u00e8res, c&rsquo;est un peu comme No\u00ebl en avance : o\u00f9 seront les installations ? Quels sites seront mis \u00e0 l&rsquo;honneur ? Entre les grands classiques comme la <strong>Place des Terreaux<\/strong> et <strong>Bellecour<\/strong>, sans oublier le <strong>Vieux Lyon,<\/strong> et les surprises comme l&rsquo;amphith\u00e9\u00e2tre romain, ou les terrasses de la <strong>Guilloti\u00e8re,<\/strong> battre le pav\u00e9 ce soir-l\u00e0, c&rsquo;est comme d\u00e9baller des cadeaux avant l&rsquo;heure.<\/p>\n<p><img decoding=\"async\" loading=\"lazy\" class=\"aligncenter wp-image-4424 size-full\" src=\"http:\/\/arpenterlechemin.com\/wp-content\/uploads\/2017\/12\/P1020316-2.jpg\" alt=\"\" width=\"3070\" height=\"1727\" srcset=\"https:\/\/arpenterlechemin.com\/wp-content\/uploads\/2017\/12\/P1020316-2.jpg 3070w, https:\/\/arpenterlechemin.com\/wp-content\/uploads\/2017\/12\/P1020316-2-300x169.jpg 300w, https:\/\/arpenterlechemin.com\/wp-content\/uploads\/2017\/12\/P1020316-2-768x432.jpg 768w, https:\/\/arpenterlechemin.com\/wp-content\/uploads\/2017\/12\/P1020316-2-1024x576.jpg 1024w\" sizes=\"(max-width: 3070px) 100vw, 3070px\" \/><\/p>\n<p><img decoding=\"async\" loading=\"lazy\" class=\"aligncenter wp-image-4427 size-full\" src=\"http:\/\/arpenterlechemin.com\/wp-content\/uploads\/2017\/12\/WP_000718-2.jpg\" alt=\"\" width=\"1630\" height=\"917\" srcset=\"https:\/\/arpenterlechemin.com\/wp-content\/uploads\/2017\/12\/WP_000718-2.jpg 1630w, https:\/\/arpenterlechemin.com\/wp-content\/uploads\/2017\/12\/WP_000718-2-300x169.jpg 300w, https:\/\/arpenterlechemin.com\/wp-content\/uploads\/2017\/12\/WP_000718-2-768x432.jpg 768w, https:\/\/arpenterlechemin.com\/wp-content\/uploads\/2017\/12\/WP_000718-2-1024x576.jpg 1024w\" sizes=\"(max-width: 1630px) 100vw, 1630px\" \/><\/p>\n<p><img decoding=\"async\" loading=\"lazy\" class=\"aligncenter wp-image-4425 size-full\" src=\"http:\/\/arpenterlechemin.com\/wp-content\/uploads\/2017\/12\/P1080959-2.jpg\" alt=\"\" width=\"3070\" height=\"1727\" srcset=\"https:\/\/arpenterlechemin.com\/wp-content\/uploads\/2017\/12\/P1080959-2.jpg 3070w, https:\/\/arpenterlechemin.com\/wp-content\/uploads\/2017\/12\/P1080959-2-300x169.jpg 300w, https:\/\/arpenterlechemin.com\/wp-content\/uploads\/2017\/12\/P1080959-2-768x432.jpg 768w, https:\/\/arpenterlechemin.com\/wp-content\/uploads\/2017\/12\/P1080959-2-1024x576.jpg 1024w\" sizes=\"(max-width: 3070px) 100vw, 3070px\" \/><\/p>\n<p>Si vous ne connaissez pas Lyon, ou la F\u00eate des Lumi\u00e8res, je vous invite \u00e0 envisager d&rsquo;y aller une prochaine \u00e9dition, mais ne tardez pas : les <a href=\"http:\/\/arpenterlechemin.com\/index.php\/2017\/05\/25\/un-hotel-de-charme-a-lyon-lhotel-silky-by-happyculture\/\">h\u00e9bergements <\/a>sont <strong>pris d&rsquo;assaut litt\u00e9ralement six mois \u00e0 l&rsquo;avance<\/strong>. Mais le spectacle en vaut tr\u00e8s largement le lumignon.<\/p>\n<h3><span style=\"color: #333399;\">O\u00f9 dormir \u00e0 Lyon <\/span><\/h3>\n<ul>\n<li><a href=\"https:\/\/www.booking.com\/hotel\/fr\/le-grand-de-la-paix.en.html?aid=1571475&amp;no_rooms=1&amp;group_adults=1\">H\u00f4tel Silky<\/a> by Happyculture, place Francisque R\u00e9gaud dans le 2\u00e8me arrondissement. Voir ma chronique <a href=\"http:\/\/arpenterlechemin.com\/index.php\/2017\/05\/25\/un-hotel-de-charme-a-lyon-lhotel-silky-by-happyculture\/\">ici<\/a>.<\/li>\n<li><a href=\"https:\/\/www.booking.com\/hotel\/fr\/des-facultes.en.html?aid=1571475&amp;no_rooms=1&amp;group_adults=1\">H\u00f4tel des facult\u00e9s<\/a>, 104 rue S\u00e9bastien Gryphe, 69007. Un petit h\u00f4tel tout simple, o\u00f9 on trouve des chambres simples avec sanitaires partag\u00e9s pour un prix modique (\u00e0 partir de 40 \u20ac la chambre simple). \u00c0 deux pas des trams T1 et T2 et du m\u00e9tro C, en pleine Guilloti\u00e8re. On peut facilement acc\u00e9der \u00e0 pied \u00e0 la Presqu&rsquo;\u00cele.<\/li>\n<li><a href=\"https:\/\/www.booking.com\/hotel\/fr\/premiere-classe-lyon-centre-gare-part-dieu.en.html?aid=1571475&amp;no_rooms=1&amp;group_adults=1\">H\u00f4tel Premi\u00e8re Classe<\/a>, 75 boulevard Vivier Merle, 69003. Un h\u00f4tel d&rsquo;affaires classique, propre et silencieux, \u00e0 500 m\u00e8tres de la gare Part-Dieu. Pas charmant mais pratique si vous devez prendre le train ou, comme moi, avez un avion relativement t\u00f4t mais pas les moyens de vous payer un h\u00f4tel \u00e0 l&rsquo;a\u00e9roport. \u00c0 partir de 65 \u20ac\/chambre double.<\/li>\n<li>J&rsquo;ai aussi rep\u00e9r\u00e9, sans les avoir essay\u00e9s : l&rsquo;<a href=\"https:\/\/www.booking.com\/hotel\/fr\/au-logis-de-vendome.en.html?aid=1571475&amp;no_rooms=1&amp;group_adults=1\">h\u00f4tel Tagg\u00e2t<\/a>, <a href=\"https:\/\/www.booking.com\/hotel\/fr\/aupatiomorand.en.html?aid=1571475&amp;no_rooms=1&amp;group_adults=1\">Au Patio Morand<\/a> et <a href=\"https:\/\/www.booking.com\/hotel\/fr\/okko-hotels-lyon-pont-lafayette.en.html?aid=1571475&amp;no_rooms=1&amp;group_adults=1\">Okko Pont Lafayette<\/a> dans le sixi\u00e8me arrondissement (h\u00f4tels-boutiques), l&rsquo;<a href=\"https:\/\/www.booking.com\/hotel\/fr\/du-simplon.en.html?aid=1571475&amp;no_rooms=1&amp;group_adults=1\">h\u00f4tel du Simplon<\/a> dans le 2\u00e8me arrondissement (h\u00f4tel tout simple) ou les auberges de jeunesse <a href=\"https:\/\/www.booking.com\/hotel\/fr\/slo-living-hostel.en.html?aid=1571475&amp;no_rooms=1&amp;group_adults=1\">Slo Living<\/a> et <a href=\"https:\/\/www.booking.com\/hotel\/fr\/away-hostel.en.html?aid=1571475&amp;no_rooms=1&amp;group_adults=1\">Away Hostel &amp; Coffee Shop.<\/a><\/li>\n<\/ul>\n<p><em>Cette chronique s&rsquo;inscrit dans le rendez-vous mensuel interblogueurs #EnFranceAussi lanc\u00e9 par Sylvie, auteure du blog du <a href=\"http:\/\/www.lecoindesvoyageurs.fr\/\">Coin des voyageurs<\/a>. Ce mois-ci, le th\u00e8me choisi par Pierre de <a href=\"https:\/\/mon-grand-est.fr\/decouvrir-lalsace-a-noel\/\">Mon Grand Est<\/a> \u00e9tait bien s\u00fbr l&rsquo;Avent. Oyez, oyez. Ce billet contient des <a href=\"http:\/\/arpenterlechemin.com\/index.php\/2018\/12\/01\/soutenir-blog\/\">liens affili\u00e9s<\/a>.<\/em><\/p>\n<p>Si vous avez aim\u00e9, n\u2019h\u00e9sitez pas \u00e0 me suivre sur\u00a0<a href=\"https:\/\/www.pinterest.fr\/arpenterlechemin\/\">Pinterest<\/a>\u00a0et\u00a0<a href=\"http:\/\/eepurl.com\/cbyYcP\">vous abonner<\/a>\u00a0pour ne rater aucune chronique !<\/p>\n<p><img decoding=\"async\" loading=\"lazy\" class=\"wp-image-4431 alignleft\" src=\"http:\/\/arpenterlechemin.com\/wp-content\/uploads\/2017\/12\/arpenter-le-chemin-f\u00eate-des-lumi\u00e8res-683x1024.jpg\" alt=\"\" width=\"354\" height=\"530\" srcset=\"https:\/\/arpenterlechemin.com\/wp-content\/uploads\/2017\/12\/arpenter-le-chemin-f\u00eate-des-lumi\u00e8res.jpg 683w, https:\/\/arpenterlechemin.com\/wp-content\/uploads\/2017\/12\/arpenter-le-chemin-f\u00eate-des-lumi\u00e8res-200x300.jpg 200w\" sizes=\"(max-width: 354px) 100vw, 354px\" \/> <img decoding=\"async\" loading=\"lazy\" class=\"alignleft wp-image-4432\" src=\"http:\/\/arpenterlechemin.com\/wp-content\/uploads\/2017\/12\/pinterest-lumi\u00e8res-773x1024.jpg\" alt=\"\" width=\"400\" height=\"530\" srcset=\"https:\/\/arpenterlechemin.com\/wp-content\/uploads\/2017\/12\/pinterest-lumi\u00e8res-773x1024.jpg 773w, https:\/\/arpenterlechemin.com\/wp-content\/uploads\/2017\/12\/pinterest-lumi\u00e8res-226x300.jpg 226w, https:\/\/arpenterlechemin.com\/wp-content\/uploads\/2017\/12\/pinterest-lumi\u00e8res-768x1018.jpg 768w, https:\/\/arpenterlechemin.com\/wp-content\/uploads\/2017\/12\/pinterest-lumi\u00e8res.jpg 2030w\" sizes=\"(max-width: 400px) 100vw, 400px\" \/><\/p>\n","protected":false},"excerpt":{"rendered":"<p>Aujourd&rsquo;hui 8 d\u00e9cembre, c&rsquo;est la F\u00eate des Lumi\u00e8res. Rien ne donne autant le coup d&rsquo;envoi des f\u00eates de fin d&rsquo;ann\u00e9e comme la F\u00eate des Lumi\u00e8res \u00e0 Lyon : un des plus grands festivals urbains au monde, trois \u00e0 quatre jours de f\u00eate autour du 8 d\u00e9cembre, une ambiance f\u00e9erique et m\u00eame du vin chaud \u00e0 gogo. \u00c0 d\u00e9faut de pouvoir vivre la f\u00eate de l&rsquo;int\u00e9rieur cette ann\u00e9e, je vous invite \u00e0 revenir sur les moments forts de ce festival lyonnais par excellence. La F\u00eate des Lumi\u00e8res, c&rsquo;est un peu LA <\/p>\n","protected":false},"author":1,"featured_media":4428,"comment_status":"open","ping_status":"open","sticky":false,"template":"","format":"standard","meta":{"jetpack_post_was_ever_published":false},"categories":[1,531],"tags":[550,597,516,197,647],"yoast_head":"<!-- This site is optimized with the Yoast SEO plugin v20.7 - https:\/\/yoast.com\/wordpress\/plugins\/seo\/ -->\n<title>FRANCE \/\/ La F\u00eate des Lumi\u00e8res \u00e0 Lyon - Arpenter le chemin<\/title>\n<meta name=\"robots\" content=\"index, follow, max-snippet:-1, max-image-preview:large, max-video-preview:-1\" \/>\n<link rel=\"canonical\" href=\"https:\/\/arpenterlechemin.com\/index.php\/2017\/12\/08\/enfranceaussi-fete-lumieres-a-lyon\/\" \/>\n<meta property=\"og:locale\" content=\"fr_FR\" \/>\n<meta property=\"og:type\" content=\"article\" \/>\n<meta property=\"og:title\" content=\"FRANCE \/\/ La F\u00eate des Lumi\u00e8res \u00e0 Lyon - Arpenter le chemin\" \/>\n<meta property=\"og:description\" content=\"Aujourd&rsquo;hui 8 d\u00e9cembre, c&rsquo;est la F\u00eate des Lumi\u00e8res. Rien ne donne autant le coup d&rsquo;envoi des f\u00eates de fin d&rsquo;ann\u00e9e comme la F\u00eate des Lumi\u00e8res \u00e0 Lyon : un des plus grands festivals urbains au monde, trois \u00e0 quatre jours de f\u00eate autour du 8 d\u00e9cembre, une ambiance f\u00e9erique et m\u00eame du vin chaud \u00e0 gogo. \u00c0 d\u00e9faut de pouvoir vivre la f\u00eate de l&rsquo;int\u00e9rieur cette ann\u00e9e, je vous invite \u00e0 revenir sur les moments forts de ce festival lyonnais par excellence. La F\u00eate des Lumi\u00e8res, c&rsquo;est un peu LA\" \/>\n<meta property=\"og:url\" content=\"https:\/\/arpenterlechemin.com\/index.php\/2017\/12\/08\/enfranceaussi-fete-lumieres-a-lyon\/\" \/>\n<meta property=\"og:site_name\" content=\"Arpenter le chemin\" \/>\n<meta property=\"article:published_time\" content=\"2017-12-08T06:50:48+00:00\" \/>\n<meta property=\"article:modified_time\" content=\"2019-05-31T19:49:13+00:00\" \/>\n<meta property=\"og:image\" content=\"https:\/\/arpenterlechemin.com\/wp-content\/uploads\/2017\/12\/titre-f\u00eate-des-lumi\u00e8res.jpg\" \/>\n\t<meta property=\"og:image:width\" content=\"2640\" \/>\n\t<meta property=\"og:image:height\" content=\"1980\" \/>\n\t<meta property=\"og:image:type\" content=\"image\/jpeg\" \/>\n<meta name=\"author\" content=\"Audrey\" \/>\n<meta name=\"twitter:card\" content=\"summary_large_image\" \/>\n<meta name=\"twitter:label1\" content=\"\u00c9crit par\" \/>\n\t<meta name=\"twitter:data1\" content=\"Audrey\" \/>\n\t<meta name=\"twitter:label2\" content=\"Dur\u00e9e de lecture estim\u00e9e\" \/>\n\t<meta name=\"twitter:data2\" content=\"6 minutes\" \/>\n<script type=\"application\/ld+json\" class=\"yoast-schema-graph\">{\"@context\":\"https:\/\/schema.org\",\"@graph\":[{\"@type\":\"Article\",\"@id\":\"https:\/\/arpenterlechemin.com\/index.php\/2017\/12\/08\/enfranceaussi-fete-lumieres-a-lyon\/#article\",\"isPartOf\":{\"@id\":\"https:\/\/arpenterlechemin.com\/index.php\/2017\/12\/08\/enfranceaussi-fete-lumieres-a-lyon\/\"},\"author\":{\"name\":\"Audrey\",\"@id\":\"https:\/\/arpenterlechemin.com\/#\/schema\/person\/1d187818c0988fbea4d682c1e59c795c\"},\"headline\":\"FRANCE \/\/ La F\u00eate des Lumi\u00e8res \u00e0 Lyon\",\"datePublished\":\"2017-12-08T06:50:48+00:00\",\"dateModified\":\"2019-05-31T19:49:13+00:00\",\"mainEntityOfPage\":{\"@id\":\"https:\/\/arpenterlechemin.com\/index.php\/2017\/12\/08\/enfranceaussi-fete-lumieres-a-lyon\/\"},\"wordCount\":1201,\"commentCount\":17,\"publisher\":{\"@id\":\"https:\/\/arpenterlechemin.com\/#organization\"},\"keywords\":[\"festival\",\"f\u00eate des lumi\u00e8res\",\"france\",\"lyon\",\"ville\"],\"articleSection\":[\"Blog\",\"Europe\"],\"inLanguage\":\"fr-FR\",\"potentialAction\":[{\"@type\":\"CommentAction\",\"name\":\"Comment\",\"target\":[\"https:\/\/arpenterlechemin.com\/index.php\/2017\/12\/08\/enfranceaussi-fete-lumieres-a-lyon\/#respond\"]}]},{\"@type\":\"WebPage\",\"@id\":\"https:\/\/arpenterlechemin.com\/index.php\/2017\/12\/08\/enfranceaussi-fete-lumieres-a-lyon\/\",\"url\":\"https:\/\/arpenterlechemin.com\/index.php\/2017\/12\/08\/enfranceaussi-fete-lumieres-a-lyon\/\",\"name\":\"FRANCE \/\/ La F\u00eate des Lumi\u00e8res \u00e0 Lyon - Arpenter le chemin\",\"isPartOf\":{\"@id\":\"https:\/\/arpenterlechemin.com\/#website\"},\"datePublished\":\"2017-12-08T06:50:48+00:00\",\"dateModified\":\"2019-05-31T19:49:13+00:00\",\"breadcrumb\":{\"@id\":\"https:\/\/arpenterlechemin.com\/index.php\/2017\/12\/08\/enfranceaussi-fete-lumieres-a-lyon\/#breadcrumb\"},\"inLanguage\":\"fr-FR\",\"potentialAction\":[{\"@type\":\"ReadAction\",\"target\":[\"https:\/\/arpenterlechemin.com\/index.php\/2017\/12\/08\/enfranceaussi-fete-lumieres-a-lyon\/\"]}]},{\"@type\":\"BreadcrumbList\",\"@id\":\"https:\/\/arpenterlechemin.com\/index.php\/2017\/12\/08\/enfranceaussi-fete-lumieres-a-lyon\/#breadcrumb\",\"itemListElement\":[{\"@type\":\"ListItem\",\"position\":1,\"name\":\"Home\",\"item\":\"https:\/\/arpenterlechemin.com\/\"},{\"@type\":\"ListItem\",\"position\":2,\"name\":\"FRANCE \/\/ La F\u00eate des Lumi\u00e8res \u00e0 Lyon\"}]},{\"@type\":\"WebSite\",\"@id\":\"https:\/\/arpenterlechemin.com\/#website\",\"url\":\"https:\/\/arpenterlechemin.com\/\",\"name\":\"Arpenter le chemin\",\"description\":\"\",\"publisher\":{\"@id\":\"https:\/\/arpenterlechemin.com\/#organization\"},\"potentialAction\":[{\"@type\":\"SearchAction\",\"target\":{\"@type\":\"EntryPoint\",\"urlTemplate\":\"https:\/\/arpenterlechemin.com\/?s={search_term_string}\"},\"query-input\":\"required name=search_term_string\"}],\"inLanguage\":\"fr-FR\"},{\"@type\":\"Organization\",\"@id\":\"https:\/\/arpenterlechemin.com\/#organization\",\"name\":\"Arpenter le chemin\",\"url\":\"https:\/\/arpenterlechemin.com\/\",\"logo\":{\"@type\":\"ImageObject\",\"inLanguage\":\"fr-FR\",\"@id\":\"https:\/\/arpenterlechemin.com\/#\/schema\/logo\/image\/\",\"url\":\"https:\/\/arpenterlechemin.com\/wp-content\/uploads\/2017\/04\/icone-4.jpg\",\"contentUrl\":\"https:\/\/arpenterlechemin.com\/wp-content\/uploads\/2017\/04\/icone-4.jpg\",\"width\":150,\"height\":73,\"caption\":\"Arpenter le chemin\"},\"image\":{\"@id\":\"https:\/\/arpenterlechemin.com\/#\/schema\/logo\/image\/\"}},{\"@type\":\"Person\",\"@id\":\"https:\/\/arpenterlechemin.com\/#\/schema\/person\/1d187818c0988fbea4d682c1e59c795c\",\"name\":\"Audrey\",\"image\":{\"@type\":\"ImageObject\",\"inLanguage\":\"fr-FR\",\"@id\":\"https:\/\/arpenterlechemin.com\/#\/schema\/person\/image\/\",\"url\":\"https:\/\/secure.gravatar.com\/avatar\/b75298f64c73f1709976c50921beae6a?s=96&d=mm&r=g\",\"contentUrl\":\"https:\/\/secure.gravatar.com\/avatar\/b75298f64c73f1709976c50921beae6a?s=96&d=mm&r=g\",\"caption\":\"Audrey\"},\"description\":\"Allergique \u00e0 la routine, atteinte de bougeotte aigu\u00eb, j'essaie de m'envoler aussi souvent que possible, seule, en couple ou entre amis ! Ville, nature, culture, rando... tout me va, \u00e0 partir du moment o\u00f9 je suis dehors.\",\"url\":\"https:\/\/arpenterlechemin.com\/index.php\/author\/audreyf\/\"}]}<\/script>\n<!-- \/ Yoast SEO plugin. -->","yoast_head_json":{"title":"FRANCE \/\/ La F\u00eate des Lumi\u00e8res \u00e0 Lyon - Arpenter le chemin","robots":{"index":"index","follow":"follow","max-snippet":"max-snippet:-1","max-image-preview":"max-image-preview:large","max-video-preview":"max-video-preview:-1"},"canonical":"https:\/\/arpenterlechemin.com\/index.php\/2017\/12\/08\/enfranceaussi-fete-lumieres-a-lyon\/","og_locale":"fr_FR","og_type":"article","og_title":"FRANCE \/\/ La F\u00eate des Lumi\u00e8res \u00e0 Lyon - Arpenter le chemin","og_description":"Aujourd&rsquo;hui 8 d\u00e9cembre, c&rsquo;est la F\u00eate des Lumi\u00e8res. Rien ne donne autant le coup d&rsquo;envoi des f\u00eates de fin d&rsquo;ann\u00e9e comme la F\u00eate des Lumi\u00e8res \u00e0 Lyon : un des plus grands festivals urbains au monde, trois \u00e0 quatre jours de f\u00eate autour du 8 d\u00e9cembre, une ambiance f\u00e9erique et m\u00eame du vin chaud \u00e0 gogo. \u00c0 d\u00e9faut de pouvoir vivre la f\u00eate de l&rsquo;int\u00e9rieur cette ann\u00e9e, je vous invite \u00e0 revenir sur les moments forts de ce festival lyonnais par excellence. La F\u00eate des Lumi\u00e8res, c&rsquo;est un peu LA","og_url":"https:\/\/arpenterlechemin.com\/index.php\/2017\/12\/08\/enfranceaussi-fete-lumieres-a-lyon\/","og_site_name":"Arpenter le chemin","article_published_time":"2017-12-08T06:50:48+00:00","article_modified_time":"2019-05-31T19:49:13+00:00","og_image":[{"width":2640,"height":1980,"url":"https:\/\/arpenterlechemin.com\/wp-content\/uploads\/2017\/12\/titre-f\u00eate-des-lumi\u00e8res.jpg","type":"image\/jpeg"}],"author":"Audrey","twitter_card":"summary_large_image","twitter_misc":{"\u00c9crit par":"Audrey","Dur\u00e9e de lecture estim\u00e9e":"6 minutes"},"schema":{"@context":"https:\/\/schema.org","@graph":[{"@type":"Article","@id":"https:\/\/arpenterlechemin.com\/index.php\/2017\/12\/08\/enfranceaussi-fete-lumieres-a-lyon\/#article","isPartOf":{"@id":"https:\/\/arpenterlechemin.com\/index.php\/2017\/12\/08\/enfranceaussi-fete-lumieres-a-lyon\/"},"author":{"name":"Audrey","@id":"https:\/\/arpenterlechemin.com\/#\/schema\/person\/1d187818c0988fbea4d682c1e59c795c"},"headline":"FRANCE \/\/ La F\u00eate des Lumi\u00e8res \u00e0 Lyon","datePublished":"2017-12-08T06:50:48+00:00","dateModified":"2019-05-31T19:49:13+00:00","mainEntityOfPage":{"@id":"https:\/\/arpenterlechemin.com\/index.php\/2017\/12\/08\/enfranceaussi-fete-lumieres-a-lyon\/"},"wordCount":1201,"commentCount":17,"publisher":{"@id":"https:\/\/arpenterlechemin.com\/#organization"},"keywords":["festival","f\u00eate des lumi\u00e8res","france","lyon","ville"],"articleSection":["Blog","Europe"],"inLanguage":"fr-FR","potentialAction":[{"@type":"CommentAction","name":"Comment","target":["https:\/\/arpenterlechemin.com\/index.php\/2017\/12\/08\/enfranceaussi-fete-lumieres-a-lyon\/#respond"]}]},{"@type":"WebPage","@id":"https:\/\/arpenterlechemin.com\/index.php\/2017\/12\/08\/enfranceaussi-fete-lumieres-a-lyon\/","url":"https:\/\/arpenterlechemin.com\/index.php\/2017\/12\/08\/enfranceaussi-fete-lumieres-a-lyon\/","name":"FRANCE \/\/ La F\u00eate des Lumi\u00e8res \u00e0 Lyon - Arpenter le chemin","isPartOf":{"@id":"https:\/\/arpenterlechemin.com\/#website"},"datePublished":"2017-12-08T06:50:48+00:00","dateModified":"2019-05-31T19:49:13+00:00","breadcrumb":{"@id":"https:\/\/arpenterlechemin.com\/index.php\/2017\/12\/08\/enfranceaussi-fete-lumieres-a-lyon\/#breadcrumb"},"inLanguage":"fr-FR","potentialAction":[{"@type":"ReadAction","target":["https:\/\/arpenterlechemin.com\/index.php\/2017\/12\/08\/enfranceaussi-fete-lumieres-a-lyon\/"]}]},{"@type":"BreadcrumbList","@id":"https:\/\/arpenterlechemin.com\/index.php\/2017\/12\/08\/enfranceaussi-fete-lumieres-a-lyon\/#breadcrumb","itemListElement":[{"@type":"ListItem","position":1,"name":"Home","item":"https:\/\/arpenterlechemin.com\/"},{"@type":"ListItem","position":2,"name":"FRANCE \/\/ La F\u00eate des Lumi\u00e8res \u00e0 Lyon"}]},{"@type":"WebSite","@id":"https:\/\/arpenterlechemin.com\/#website","url":"https:\/\/arpenterlechemin.com\/","name":"Arpenter le chemin","description":"","publisher":{"@id":"https:\/\/arpenterlechemin.com\/#organization"},"potentialAction":[{"@type":"SearchAction","target":{"@type":"EntryPoint","urlTemplate":"https:\/\/arpenterlechemin.com\/?s={search_term_string}"},"query-input":"required name=search_term_string"}],"inLanguage":"fr-FR"},{"@type":"Organization","@id":"https:\/\/arpenterlechemin.com\/#organization","name":"Arpenter le chemin","url":"https:\/\/arpenterlechemin.com\/","logo":{"@type":"ImageObject","inLanguage":"fr-FR","@id":"https:\/\/arpenterlechemin.com\/#\/schema\/logo\/image\/","url":"https:\/\/arpenterlechemin.com\/wp-content\/uploads\/2017\/04\/icone-4.jpg","contentUrl":"https:\/\/arpenterlechemin.com\/wp-content\/uploads\/2017\/04\/icone-4.jpg","width":150,"height":73,"caption":"Arpenter le chemin"},"image":{"@id":"https:\/\/arpenterlechemin.com\/#\/schema\/logo\/image\/"}},{"@type":"Person","@id":"https:\/\/arpenterlechemin.com\/#\/schema\/person\/1d187818c0988fbea4d682c1e59c795c","name":"Audrey","image":{"@type":"ImageObject","inLanguage":"fr-FR","@id":"https:\/\/arpenterlechemin.com\/#\/schema\/person\/image\/","url":"https:\/\/secure.gravatar.com\/avatar\/b75298f64c73f1709976c50921beae6a?s=96&d=mm&r=g","contentUrl":"https:\/\/secure.gravatar.com\/avatar\/b75298f64c73f1709976c50921beae6a?s=96&d=mm&r=g","caption":"Audrey"},"description":"Allergique \u00e0 la routine, atteinte de bougeotte aigu\u00eb, j'essaie de m'envoler aussi souvent que possible, seule, en couple ou entre amis ! Ville, nature, culture, rando... tout me va, \u00e0 partir du moment o\u00f9 je suis dehors.","url":"https:\/\/arpenterlechemin.com\/index.php\/author\/audreyf\/"}]}},"jetpack_featured_media_url":"https:\/\/arpenterlechemin.com\/wp-content\/uploads\/2017\/12\/titre-f\u00eate-des-lumi\u00e8res.jpg","jetpack_sharing_enabled":true,"jetpack_shortlink":"https:\/\/wp.me\/p8z9hR-199","jetpack-related-posts":[{"id":5579,"url":"https:\/\/arpenterlechemin.com\/index.php\/2018\/07\/04\/celebrer-fete-canada\/","url_meta":{"origin":4411,"position":0},"title":"CANADA \/\/ Le 1er juillet, la f\u00eate du Canada","date":"4 juillet 2018","format":false,"excerpt":"Le 1er juillet, c'est la f\u00eate du Canada. Que c\u00e9l\u00e8bre-t-on le jour de la f\u00eate nationale ? Sortez vos v\u00eatements blancs et rouges, je vous explique ! La f\u00eate du Canada tombe le 1er juillet et c\u00e9l\u00e8bre l'anniversaire du pays. L'histoire du pays est intimement li\u00e9e \u00e0 celle de la\u2026","rel":"","context":"Dans &quot;Am\u00e9rique du Nord&quot;","img":{"alt_text":"Bonne f\u00eate le Canada","src":"https:\/\/i0.wp.com\/arpenterlechemin.com\/wp-content\/uploads\/2018\/07\/Bonne-f\u00eate-le-Canada.jpg?resize=350%2C200&ssl=1","width":350,"height":200},"classes":[]},{"id":8594,"url":"https:\/\/arpenterlechemin.com\/index.php\/2019\/12\/10\/carrieres-lumieres\/","url_meta":{"origin":4411,"position":1},"title":"FRANCE \/\/ Les Carri\u00e8res de lumi\u00e8res","date":"10 d\u00e9cembre 2019","format":false,"excerpt":"Lors de mon r\u00e9cit d'une escapade proven\u00e7ale voil\u00e0 quelques mois, j'ai omis de parler d'une attraction majeure de la r\u00e9gion : les Carri\u00e8res de lumi\u00e8res. Lieu onirique magnifiquement mis en sc\u00e8ne, cach\u00e9 dans les entrailles des Alpilles, il est un incontournable en Provence et une excellente occupation dans les rares\u2026","rel":"","context":"Dans &quot;Blog&quot;","img":{"alt_text":"carrieres lumiere baux de provence blog voyage france arpenter le chemin (1)","src":"https:\/\/i0.wp.com\/arpenterlechemin.com\/wp-content\/uploads\/2020\/12\/carrieres-lumiere-baux-de-provence-blog-voyage-france-arpenter-le-chemin-1.jpg?resize=350%2C200&ssl=1","width":350,"height":200},"classes":[]},{"id":1292,"url":"https:\/\/arpenterlechemin.com\/index.php\/2017\/10\/26\/happy-halloween-du-canada\/","url_meta":{"origin":4411,"position":2},"title":"CANADA \/\/ D\u00e9couvrez Halloween \u00e0 la canadienne","date":"26 octobre 2017","format":false,"excerpt":"D\u00e9couvrez comment on f\u00eate Halloween au Canada en images.","rel":"","context":"Dans &quot;Am\u00e9rique du Nord&quot;","img":{"alt_text":"","src":"https:\/\/i0.wp.com\/arpenterlechemin.com\/wp-content\/uploads\/2017\/10\/Halloween-au-Canada-2.jpg?resize=350%2C200&ssl=1","width":350,"height":200},"classes":[]},{"id":3354,"url":"https:\/\/arpenterlechemin.com\/index.php\/2017\/06\/01\/le-vieux-lyon-a-lheure-medievale\/","url_meta":{"origin":4411,"position":3},"title":"FRANCE \/\/ Le vieux Lyon \u00e0 l&rsquo;heure m\u00e9di\u00e9vale","date":"1 juin 2017","format":false,"excerpt":"J'aime \u00e9norm\u00e9ment de quartiers de Lyon (pour ne pas dire tous) mais le Vieux Lyon reste toujours \u00e0 part. Class\u00e9 au patrimoine mondial de l'UNESCO, il se compose d'une petite bande de quelques p\u00e2t\u00e9s de maison, nich\u00e9e entre la Sa\u00f4ne aux quais refaits de frais et la colline de Fourvi\u00e8re,\u2026","rel":"","context":"Dans &quot;Blog&quot;","img":{"alt_text":"","src":"https:\/\/i0.wp.com\/arpenterlechemin.com\/wp-content\/uploads\/2017\/05\/titre-vieux-lyon.jpg?resize=350%2C200&ssl=1","width":350,"height":200},"classes":[]},{"id":7439,"url":"https:\/\/arpenterlechemin.com\/index.php\/2019\/10\/09\/lyon-insolite\/","url_meta":{"origin":4411,"position":4},"title":"FRANCE \/\/ Lyon insolite et secr\u00e8te","date":"9 octobre 2019","format":false,"excerpt":"Apr\u00e8s vous avoir fait d\u00e9couvert le Lyon incontournable, le Lyon de la f\u00eate des Lumi\u00e8res, le Lyon m\u00e9di\u00e9val et mes endroits secrets \u00e0 Lyon, je r\u00e9cidive sur le th\u00e8me des endroits qui sortent des sentiers battus dans la capitale des Gaules. Dans une ville aussi grande et belle, les recoins\u2026","rel":"","context":"Dans &quot;Blog&quot;","img":{"alt_text":"lyon insolite secret escapade citytrip blog voyage france arpenter le chemin","src":"https:\/\/i0.wp.com\/arpenterlechemin.com\/wp-content\/uploads\/2019\/07\/lyon-insolite-secret-escapade-citytrip-blog-voyage-france-arpenter-le-chemin.jpg?resize=350%2C200&ssl=1","width":350,"height":200},"classes":[]},{"id":7898,"url":"https:\/\/arpenterlechemin.com\/index.php\/2019\/07\/10\/ce-que-jaime-france\/","url_meta":{"origin":4411,"position":5},"title":"FRANCE \/\/ Ce que j&rsquo;aime quand je reviens en France","date":"10 juillet 2019","format":false,"excerpt":"Si vous saviez comme j'aime le Canada... Alors que nous venons de c\u00e9l\u00e9brer pour la cinqui\u00e8me fois la f\u00eate nationale canadienne et que nous nous appr\u00eatons \u00e0 entamer notre sixi\u00e8me ann\u00e9e au pays des maringouins caribous gens les plus gentils au monde, j'avais envie non pas de dresser la liste\u2026","rel":"","context":"Dans &quot;Blog&quot;","img":{"alt_text":"petits plaisirs france blog voyage arpenter le chemin","src":"https:\/\/i0.wp.com\/arpenterlechemin.com\/wp-content\/uploads\/2019\/07\/petits-plaisirs-france-blog-voyage-arpenter-le-chemin.jpg?resize=350%2C200&ssl=1","width":350,"height":200},"classes":[]}],"_links":{"self":[{"href":"https:\/\/arpenterlechemin.com\/index.php\/wp-json\/wp\/v2\/posts\/4411"}],"collection":[{"href":"https:\/\/arpenterlechemin.com\/index.php\/wp-json\/wp\/v2\/posts"}],"about":[{"href":"https:\/\/arpenterlechemin.com\/index.php\/wp-json\/wp\/v2\/types\/post"}],"author":[{"embeddable":true,"href":"https:\/\/arpenterlechemin.com\/index.php\/wp-json\/wp\/v2\/users\/1"}],"replies":[{"embeddable":true,"href":"https:\/\/arpenterlechemin.com\/index.php\/wp-json\/wp\/v2\/comments?post=4411"}],"version-history":[{"count":0,"href":"https:\/\/arpenterlechemin.com\/index.php\/wp-json\/wp\/v2\/posts\/4411\/revisions"}],"wp:featuredmedia":[{"embeddable":true,"href":"https:\/\/arpenterlechemin.com\/index.php\/wp-json\/wp\/v2\/media\/4428"}],"wp:attachment":[{"href":"https:\/\/arpenterlechemin.com\/index.php\/wp-json\/wp\/v2\/media?parent=4411"}],"wp:term":[{"taxonomy":"category","embeddable":true,"href":"https:\/\/arpenterlechemin.com\/index.php\/wp-json\/wp\/v2\/categories?post=4411"},{"taxonomy":"post_tag","embeddable":true,"href":"https:\/\/arpenterlechemin.com\/index.php\/wp-json\/wp\/v2\/tags?post=4411"}],"curies":[{"name":"wp","href":"https:\/\/api.w.org\/{rel}","templated":true}]}}