{"id":4222,"date":"2017-11-16T02:39:50","date_gmt":"2017-11-16T06:39:50","guid":{"rendered":"http:\/\/arpenterlechemin.com\/?p=4222"},"modified":"2018-12-16T17:11:53","modified_gmt":"2018-12-16T21:11:53","slug":"elucubrations-quand-ma-niece-feuillettera-mes-albums-de-voyage","status":"publish","type":"post","link":"https:\/\/arpenterlechemin.com\/index.php\/2017\/11\/16\/elucubrations-quand-ma-niece-feuillettera-mes-albums-de-voyage\/","title":{"rendered":"\u00c9LUCUBRATIONS \/\/ Quand ma ni\u00e8ce feuillettera mes albums de voyage"},"content":{"rendered":"<p>Dans dix ans, j&rsquo;aurai 43 ans (passons vite sur cette id\u00e9e perturbante) et ma ni\u00e8ce aura quinze ans. Elle s&rsquo;amusera peut-\u00eatre \u00e0 feuilleter mes albums photo pour voir comment c&rsquo;\u00e9tait avant, quand Tata Audrey \u00e9tait jeune, \u00e0 l&rsquo;\u00e8re pr\u00e9historique (en 2017, donc). Elle feuillettera distraitement mes albums virtuels et je me r\u00e9jouis d&rsquo;avance de ses r\u00e9actions.<\/p>\n<p><img decoding=\"async\" loading=\"lazy\" class=\"size-full wp-image-4278 aligncenter\" src=\"http:\/\/arpenterlechemin.com\/wp-content\/uploads\/2017\/11\/TITRE-PHOTOS-VOYAGE.jpg\" alt=\"\" width=\"2269\" height=\"1277\" srcset=\"https:\/\/arpenterlechemin.com\/wp-content\/uploads\/2017\/11\/TITRE-PHOTOS-VOYAGE.jpg 2269w, https:\/\/arpenterlechemin.com\/wp-content\/uploads\/2017\/11\/TITRE-PHOTOS-VOYAGE-300x169.jpg 300w, https:\/\/arpenterlechemin.com\/wp-content\/uploads\/2017\/11\/TITRE-PHOTOS-VOYAGE-768x432.jpg 768w, https:\/\/arpenterlechemin.com\/wp-content\/uploads\/2017\/11\/TITRE-PHOTOS-VOYAGE-1024x576.jpg 1024w\" sizes=\"(max-width: 2269px) 100vw, 2269px\" \/><\/p>\n<p>\u00ab\u00a0Mais Audrey, pourquoi tu es toujours de dos sur tes photos ? Tu ressemblais \u00e0 quoi, quand tu \u00e9tais jeune ? <em>(passons \u00e0 nouveau)\u00a0<\/em><\/p>\n<p style=\"text-align: center;\"><img decoding=\"async\" loading=\"lazy\" class=\"size-full wp-image-4275 aligncenter\" src=\"http:\/\/arpenterlechemin.com\/wp-content\/uploads\/2017\/11\/P1060067-2.jpg\" alt=\"\" width=\"2270\" height=\"1277\" srcset=\"https:\/\/arpenterlechemin.com\/wp-content\/uploads\/2017\/11\/P1060067-2.jpg 2270w, https:\/\/arpenterlechemin.com\/wp-content\/uploads\/2017\/11\/P1060067-2-300x169.jpg 300w, https:\/\/arpenterlechemin.com\/wp-content\/uploads\/2017\/11\/P1060067-2-768x432.jpg 768w, https:\/\/arpenterlechemin.com\/wp-content\/uploads\/2017\/11\/P1060067-2-1024x576.jpg 1024w\" sizes=\"(max-width: 2270px) 100vw, 2270px\" \/><em>Skyline Trail, Cap-Breton, 2017<\/em><\/p>\n<p><img decoding=\"async\" loading=\"lazy\" class=\"size-full wp-image-4276 aligncenter\" src=\"http:\/\/arpenterlechemin.com\/wp-content\/uploads\/2017\/11\/P1030844-2.jpg\" alt=\"\" width=\"2269\" height=\"1277\" srcset=\"https:\/\/arpenterlechemin.com\/wp-content\/uploads\/2017\/11\/P1030844-2.jpg 2269w, https:\/\/arpenterlechemin.com\/wp-content\/uploads\/2017\/11\/P1030844-2-300x169.jpg 300w, https:\/\/arpenterlechemin.com\/wp-content\/uploads\/2017\/11\/P1030844-2-768x432.jpg 768w, https:\/\/arpenterlechemin.com\/wp-content\/uploads\/2017\/11\/P1030844-2-1024x576.jpg 1024w\" sizes=\"(max-width: 2269px) 100vw, 2269px\" \/><\/p>\n<p style=\"text-align: center;\"><em>Deer Lake, Terre-Neuve, 2017<\/em><\/p>\n<p style=\"text-align: left;\">\u00ab\u00a0Ah ouais j&rsquo;adore les photos o\u00f9 tu fais semblant de marcher, c&rsquo;est trop ann\u00e9es 2010, tellement vintage ! Les gens pensaient vraiment que tu marchais pour de vrai ? Tu aimais vraiment ton dos, non ?\u00a0\u00bb<\/p>\n<p style=\"text-align: center;\"><img decoding=\"async\" loading=\"lazy\" class=\"size-full wp-image-4263 aligncenter\" src=\"http:\/\/arpenterlechemin.com\/wp-content\/uploads\/2017\/11\/P1040715-3.jpg\" alt=\"\" width=\"2269\" height=\"1277\" srcset=\"https:\/\/arpenterlechemin.com\/wp-content\/uploads\/2017\/11\/P1040715-3.jpg 2269w, https:\/\/arpenterlechemin.com\/wp-content\/uploads\/2017\/11\/P1040715-3-300x169.jpg 300w, https:\/\/arpenterlechemin.com\/wp-content\/uploads\/2017\/11\/P1040715-3-768x432.jpg 768w, https:\/\/arpenterlechemin.com\/wp-content\/uploads\/2017\/11\/P1040715-3-1024x576.jpg 1024w\" sizes=\"(max-width: 2269px) 100vw, 2269px\" \/><\/p>\n<p style=\"text-align: center;\"><img decoding=\"async\" loading=\"lazy\" class=\"size-full wp-image-4264 aligncenter\" src=\"http:\/\/arpenterlechemin.com\/wp-content\/uploads\/2017\/11\/P10404682.jpg\" alt=\"\" width=\"4064\" height=\"2709\" srcset=\"https:\/\/arpenterlechemin.com\/wp-content\/uploads\/2017\/11\/P10404682.jpg 4064w, https:\/\/arpenterlechemin.com\/wp-content\/uploads\/2017\/11\/P10404682-300x200.jpg 300w, https:\/\/arpenterlechemin.com\/wp-content\/uploads\/2017\/11\/P10404682-768x512.jpg 768w, https:\/\/arpenterlechemin.com\/wp-content\/uploads\/2017\/11\/P10404682-1024x683.jpg 1024w\" sizes=\"(max-width: 4064px) 100vw, 4064px\" \/><em>Canada, 2017<\/em><\/p>\n<p style=\"text-align: left;\">\u00ab\u00a0Je suis trop contente de savoir \u00e0 quoi ressemblaient tes mains en 2017. Ouaaah elles \u00e9taient toutes lisses par rapport \u00e0 maintenant !\u00a0\u00bb <em>(regard blas\u00e9)<\/em><\/p>\n<p style=\"text-align: left;\"><img decoding=\"async\" loading=\"lazy\" class=\"size-full wp-image-4265 aligncenter\" src=\"http:\/\/arpenterlechemin.com\/wp-content\/uploads\/2017\/11\/P1040430-2.jpg\" alt=\"\" width=\"3971\" height=\"2647\" srcset=\"https:\/\/arpenterlechemin.com\/wp-content\/uploads\/2017\/11\/P1040430-2.jpg 3971w, https:\/\/arpenterlechemin.com\/wp-content\/uploads\/2017\/11\/P1040430-2-300x200.jpg 300w, https:\/\/arpenterlechemin.com\/wp-content\/uploads\/2017\/11\/P1040430-2-768x512.jpg 768w, https:\/\/arpenterlechemin.com\/wp-content\/uploads\/2017\/11\/P1040430-2-1024x683.jpg 1024w\" sizes=\"(max-width: 3971px) 100vw, 3971px\" \/><\/p>\n<p style=\"text-align: center;\"><img decoding=\"async\" loading=\"lazy\" class=\"size-full wp-image-4266 aligncenter\" src=\"http:\/\/arpenterlechemin.com\/wp-content\/uploads\/2017\/11\/P1040712-2.jpg\" alt=\"\" width=\"2270\" height=\"1277\" srcset=\"https:\/\/arpenterlechemin.com\/wp-content\/uploads\/2017\/11\/P1040712-2.jpg 2270w, https:\/\/arpenterlechemin.com\/wp-content\/uploads\/2017\/11\/P1040712-2-300x169.jpg 300w, https:\/\/arpenterlechemin.com\/wp-content\/uploads\/2017\/11\/P1040712-2-768x432.jpg 768w, https:\/\/arpenterlechemin.com\/wp-content\/uploads\/2017\/11\/P1040712-2-1024x576.jpg 1024w\" sizes=\"(max-width: 2270px) 100vw, 2270px\" \/><em><a href=\"http:\/\/arpenterlechemin.com\/index.php\/2016\/09\/17\/lautomne-au-canada-lauto-cueillette-des-pommes\/\">Cueillette des pommes<\/a>, Canada, 2017<\/em><\/p>\n<p style=\"text-align: left;\">\u00ab\u00a0Tiens, tes chaussures, \u00e7a change ! Tu \u00e9tais super fi\u00e8re d&rsquo;avoir des Converse c&rsquo;est \u00e7a ?\u00a0\u00bb<\/p>\n<p style=\"text-align: center;\"><img decoding=\"async\" loading=\"lazy\" class=\"alignnone size-full wp-image-4271 aligncenter\" src=\"http:\/\/arpenterlechemin.com\/wp-content\/uploads\/2017\/11\/WP_001226-2.jpg\" alt=\"\" width=\"3230\" height=\"1816\" srcset=\"https:\/\/arpenterlechemin.com\/wp-content\/uploads\/2017\/11\/WP_001226-2.jpg 3230w, https:\/\/arpenterlechemin.com\/wp-content\/uploads\/2017\/11\/WP_001226-2-300x169.jpg 300w, https:\/\/arpenterlechemin.com\/wp-content\/uploads\/2017\/11\/WP_001226-2-768x432.jpg 768w, https:\/\/arpenterlechemin.com\/wp-content\/uploads\/2017\/11\/WP_001226-2-1024x576.jpg 1024w\" sizes=\"(max-width: 3230px) 100vw, 3230px\" \/><em>Mur de Berlin, tour d&rsquo;Europe, 2014<\/em><\/p>\n<p style=\"text-align: center;\"><img decoding=\"async\" loading=\"lazy\" class=\"alignnone size-full wp-image-4268 aligncenter\" src=\"http:\/\/arpenterlechemin.com\/wp-content\/uploads\/2017\/11\/P1030933-2.jpg\" alt=\"\" width=\"3070\" height=\"1727\" srcset=\"https:\/\/arpenterlechemin.com\/wp-content\/uploads\/2017\/11\/P1030933-2.jpg 3070w, https:\/\/arpenterlechemin.com\/wp-content\/uploads\/2017\/11\/P1030933-2-300x169.jpg 300w, https:\/\/arpenterlechemin.com\/wp-content\/uploads\/2017\/11\/P1030933-2-768x432.jpg 768w, https:\/\/arpenterlechemin.com\/wp-content\/uploads\/2017\/11\/P1030933-2-1024x576.jpg 1024w\" sizes=\"(max-width: 3070px) 100vw, 3070px\" \/><em>Entre Santorin et Ath\u00e8nes, 2009<\/em><\/p>\n<p>\u00ab\u00a0Et.. AHHH mais c&rsquo;est quoi \u00e7a ? Des pieds nus tout d\u00e9gueus ?! Mais POURQUOI ?! C&rsquo;est quoi l&rsquo;int\u00e9r\u00eat ? Tu voulais montrer ta mycose \u00e0 ton m\u00e9decin en rentrant ?\u00a0\u00bb<\/p>\n<p><img decoding=\"async\" loading=\"lazy\" class=\"size-full wp-image-4270 aligncenter\" src=\"http:\/\/arpenterlechemin.com\/wp-content\/uploads\/2017\/11\/P1180591-2.jpg\" alt=\"\" width=\"3070\" height=\"1726\" srcset=\"https:\/\/arpenterlechemin.com\/wp-content\/uploads\/2017\/11\/P1180591-2.jpg 3070w, https:\/\/arpenterlechemin.com\/wp-content\/uploads\/2017\/11\/P1180591-2-300x169.jpg 300w, https:\/\/arpenterlechemin.com\/wp-content\/uploads\/2017\/11\/P1180591-2-768x432.jpg 768w, https:\/\/arpenterlechemin.com\/wp-content\/uploads\/2017\/11\/P1180591-2-1024x576.jpg 1024w\" sizes=\"(max-width: 3070px) 100vw, 3070px\" \/><\/p>\n<p style=\"text-align: center;\"><em>Dans le Riviera Express entre Nice et Moscou, tour d&rsquo;Europe, 2014<\/em><\/p>\n<p>\u00ab\u00a0\u00c7a servait \u00e0 quoi de prendre des photos super loin ? On sait bien que tu es toute petite face aux monuments ! Tu voulais vraiment pas qu&rsquo;on voie ton visage ? Et c&rsquo;est quoi ce bras tout d\u00e9sarticul\u00e9 ?\u00a0\u00bb <em>[J&rsquo;en connais une qui commence \u00e0 m&rsquo;\u00e9chauffer les oreilles&#8230;]<\/em><\/p>\n<p style=\"text-align: center;\"><img decoding=\"async\" loading=\"lazy\" class=\"size-full wp-image-4267 aligncenter\" src=\"http:\/\/arpenterlechemin.com\/wp-content\/uploads\/2017\/11\/P1000836-2.jpg\" alt=\"\" width=\"1731\" height=\"1298\" srcset=\"https:\/\/arpenterlechemin.com\/wp-content\/uploads\/2017\/11\/P1000836-2.jpg 1731w, https:\/\/arpenterlechemin.com\/wp-content\/uploads\/2017\/11\/P1000836-2-300x225.jpg 300w, https:\/\/arpenterlechemin.com\/wp-content\/uploads\/2017\/11\/P1000836-2-768x576.jpg 768w, https:\/\/arpenterlechemin.com\/wp-content\/uploads\/2017\/11\/P1000836-2-1024x768.jpg 1024w\" sizes=\"(max-width: 1731px) 100vw, 1731px\" \/><em><a href=\"http:\/\/arpenterlechemin.com\/index.php\/2017\/08\/03\/sur-la-riviera-vaudoise-lavaux-et-chillon-deux-incontournables-en-suisse\/\">Chillon<\/a>, Suisse, 2017<\/em><\/p>\n<p style=\"text-align: left;\">\u00ab\u00a0Tu\u00a0me racontes l&rsquo;histoire de ce caf\u00e9 ? Et de celui-l\u00e0 ? Tu ne t&rsquo;en souviens pas ? Mais si tu prenais en photo tes caf\u00e9s, c&rsquo;est bien qu&rsquo;il y avait une histoire derri\u00e8re, non ?\u00a0\u00bb<\/p>\n<p style=\"text-align: center;\"><img decoding=\"async\" loading=\"lazy\" class=\"size-full wp-image-4272 aligncenter\" src=\"http:\/\/arpenterlechemin.com\/wp-content\/uploads\/2017\/11\/P1190238-2.jpg\" alt=\"\" width=\"3070\" height=\"1727\" srcset=\"https:\/\/arpenterlechemin.com\/wp-content\/uploads\/2017\/11\/P1190238-2.jpg 3070w, https:\/\/arpenterlechemin.com\/wp-content\/uploads\/2017\/11\/P1190238-2-300x169.jpg 300w, https:\/\/arpenterlechemin.com\/wp-content\/uploads\/2017\/11\/P1190238-2-768x432.jpg 768w, https:\/\/arpenterlechemin.com\/wp-content\/uploads\/2017\/11\/P1190238-2-1024x576.jpg 1024w\" sizes=\"(max-width: 3070px) 100vw, 3070px\" \/> <em>Riga, tour d&rsquo;Europe, 2014\u00a0<\/em><\/p>\n<p><img decoding=\"async\" loading=\"lazy\" class=\"size-full wp-image-4274 aligncenter\" src=\"http:\/\/arpenterlechemin.com\/wp-content\/uploads\/2017\/11\/P1080043-2.jpg\" alt=\"\" width=\"4591\" height=\"2583\" srcset=\"https:\/\/arpenterlechemin.com\/wp-content\/uploads\/2017\/11\/P1080043-2.jpg 4591w, https:\/\/arpenterlechemin.com\/wp-content\/uploads\/2017\/11\/P1080043-2-300x169.jpg 300w, https:\/\/arpenterlechemin.com\/wp-content\/uploads\/2017\/11\/P1080043-2-768x432.jpg 768w, https:\/\/arpenterlechemin.com\/wp-content\/uploads\/2017\/11\/P1080043-2-1024x576.jpg 1024w\" sizes=\"(max-width: 4591px) 100vw, 4591px\" \/><\/p>\n<p style=\"text-align: center;\"><em>Mexique, 2015<\/em><\/p>\n<p>\u00ab\u00a0J&rsquo;adore cette photo ! Il y a un caf\u00e9, tes pieds et en plus elle est pench\u00e9e ! Tu n&rsquo;avais pas pris des cours des photos, pourtant ?\u00a0\u00bb\u00a0<em>[SI.]<\/em><\/p>\n<p><img decoding=\"async\" loading=\"lazy\" class=\"size-full wp-image-4273 aligncenter\" src=\"http:\/\/arpenterlechemin.com\/wp-content\/uploads\/2017\/11\/P1190749-2.jpg\" alt=\"\" width=\"3070\" height=\"1726\" srcset=\"https:\/\/arpenterlechemin.com\/wp-content\/uploads\/2017\/11\/P1190749-2.jpg 3070w, https:\/\/arpenterlechemin.com\/wp-content\/uploads\/2017\/11\/P1190749-2-300x169.jpg 300w, https:\/\/arpenterlechemin.com\/wp-content\/uploads\/2017\/11\/P1190749-2-768x432.jpg 768w, https:\/\/arpenterlechemin.com\/wp-content\/uploads\/2017\/11\/P1190749-2-1024x576.jpg 1024w\" sizes=\"(max-width: 3070px) 100vw, 3070px\" \/><\/p>\n<p style=\"text-align: center;\"><em>Hambourg, tour d&rsquo;Europe, 2014<\/em><\/p>\n<p>Et je prendrai un air docte en lui disant que <em>Madame<\/em>, j&rsquo;avais un blog de voyage figure-toi, et ces photos \u00e9taient <em>pile<\/em> dans la tendance en 2017&#8230; <em>oui parfaitement<\/em> (que personne ne me d\u00e9trompe, \u00e9pargnez ma dignit\u00e9)<\/p>\n<p>Et si ma m\u00e9moire ne me fait pas d\u00e9faut d&rsquo;ici l\u00e0, je la prendrai au mot en lui expliquant chaque photo, chaque caf\u00e9, chaque pomme, chaque myrtille, chaque lieu travers\u00e9 et chaque mycose immortalis\u00e9e (&#8230; pas les mycoses, en fait). Et elle se dira peut-\u00eatre que sa tata elle prenait des photos bizarres, mais qu&rsquo;elle en avait vu du pays, dans sa jeunesse.<\/p>\n<p>Mais s\u00e9rieusement, n&rsquo;oublions pas de prendre quelques photos de nous de face de temps en temps.<\/p>\n<p>N\u2019h\u00e9sitez pas \u00e0 partager sur\u00a0<a href=\"https:\/\/www.pinterest.fr\/arpenterlechemin\/\">Pinterest\u00a0<\/a>et<strong><a href=\"http:\/\/eepurl.com\/cbyYcP\">\u00a0si vous avez aim\u00e9, abonnez-vous pour ne rater aucune chronique !<\/a><\/strong><\/p>\n<p><img decoding=\"async\" loading=\"lazy\" class=\"aligncenter wp-image-4365\" src=\"http:\/\/arpenterlechemin.com\/wp-content\/uploads\/2017\/11\/tics-photos-de-voyage-677x1024.jpg\" alt=\"\" width=\"331\" height=\"500\" srcset=\"https:\/\/arpenterlechemin.com\/wp-content\/uploads\/2017\/11\/tics-photos-de-voyage.jpg 677w, https:\/\/arpenterlechemin.com\/wp-content\/uploads\/2017\/11\/tics-photos-de-voyage-198x300.jpg 198w\" sizes=\"(max-width: 331px) 100vw, 331px\" \/><\/p>\n<p>&nbsp;<\/p>\n","protected":false},"excerpt":{"rendered":"<p>Dans dix ans, j&rsquo;aurai 43 ans (passons vite sur cette id\u00e9e perturbante) et ma ni\u00e8ce aura quinze ans. Elle s&rsquo;amusera peut-\u00eatre \u00e0 feuilleter mes albums photo pour voir comment c&rsquo;\u00e9tait avant, quand Tata Audrey \u00e9tait jeune, \u00e0 l&rsquo;\u00e8re pr\u00e9historique (en 2017, donc). Elle feuillettera distraitement mes albums virtuels et je me r\u00e9jouis d&rsquo;avance de ses r\u00e9actions. \u00ab\u00a0Mais Audrey, pourquoi tu es toujours de dos sur tes photos ? Tu ressemblais \u00e0 quoi, quand tu \u00e9tais jeune ? (passons \u00e0 nouveau)\u00a0 Skyline Trail, Cap-Breton, 2017 Deer Lake, Terre-Neuve, 2017 \u00ab\u00a0Ah ouais <\/p>\n","protected":false},"author":1,"featured_media":4278,"comment_status":"open","ping_status":"open","sticky":false,"template":"","format":"standard","meta":{"jetpack_post_was_ever_published":false},"categories":[1,3,662],"tags":[394,589],"yoast_head":"<!-- This site is optimized with the Yoast SEO plugin v20.7 - https:\/\/yoast.com\/wordpress\/plugins\/seo\/ -->\n<title>\u00c9LUCUBRATIONS \/\/ Quand ma ni\u00e8ce feuillettera mes albums de voyage - Arpenter le chemin<\/title>\n<meta name=\"robots\" content=\"index, follow, max-snippet:-1, max-image-preview:large, max-video-preview:-1\" \/>\n<link rel=\"canonical\" href=\"https:\/\/arpenterlechemin.com\/index.php\/2017\/11\/16\/elucubrations-quand-ma-niece-feuillettera-mes-albums-de-voyage\/\" \/>\n<meta property=\"og:locale\" content=\"fr_FR\" \/>\n<meta property=\"og:type\" content=\"article\" \/>\n<meta property=\"og:title\" content=\"\u00c9LUCUBRATIONS \/\/ Quand ma ni\u00e8ce feuillettera mes albums de voyage - Arpenter le chemin\" \/>\n<meta property=\"og:description\" content=\"Dans dix ans, j&rsquo;aurai 43 ans (passons vite sur cette id\u00e9e perturbante) et ma ni\u00e8ce aura quinze ans. Elle s&rsquo;amusera peut-\u00eatre \u00e0 feuilleter mes albums photo pour voir comment c&rsquo;\u00e9tait avant, quand Tata Audrey \u00e9tait jeune, \u00e0 l&rsquo;\u00e8re pr\u00e9historique (en 2017, donc). Elle feuillettera distraitement mes albums virtuels et je me r\u00e9jouis d&rsquo;avance de ses r\u00e9actions. \u00ab\u00a0Mais Audrey, pourquoi tu es toujours de dos sur tes photos ? Tu ressemblais \u00e0 quoi, quand tu \u00e9tais jeune ? (passons \u00e0 nouveau)\u00a0 Skyline Trail, Cap-Breton, 2017 Deer Lake, Terre-Neuve, 2017 \u00ab\u00a0Ah ouais\" \/>\n<meta property=\"og:url\" content=\"https:\/\/arpenterlechemin.com\/index.php\/2017\/11\/16\/elucubrations-quand-ma-niece-feuillettera-mes-albums-de-voyage\/\" \/>\n<meta property=\"og:site_name\" content=\"Arpenter le chemin\" \/>\n<meta property=\"article:published_time\" content=\"2017-11-16T06:39:50+00:00\" \/>\n<meta property=\"article:modified_time\" content=\"2018-12-16T21:11:53+00:00\" \/>\n<meta property=\"og:image\" content=\"https:\/\/arpenterlechemin.com\/wp-content\/uploads\/2017\/11\/TITRE-PHOTOS-VOYAGE.jpg\" \/>\n\t<meta property=\"og:image:width\" content=\"2269\" \/>\n\t<meta property=\"og:image:height\" content=\"1277\" \/>\n\t<meta property=\"og:image:type\" content=\"image\/jpeg\" \/>\n<meta name=\"author\" content=\"Audrey\" \/>\n<meta name=\"twitter:card\" content=\"summary_large_image\" \/>\n<meta name=\"twitter:label1\" content=\"\u00c9crit par\" \/>\n\t<meta name=\"twitter:data1\" content=\"Audrey\" \/>\n\t<meta name=\"twitter:label2\" content=\"Dur\u00e9e de lecture estim\u00e9e\" \/>\n\t<meta name=\"twitter:data2\" content=\"2 minutes\" \/>\n<script type=\"application\/ld+json\" class=\"yoast-schema-graph\">{\"@context\":\"https:\/\/schema.org\",\"@graph\":[{\"@type\":\"Article\",\"@id\":\"https:\/\/arpenterlechemin.com\/index.php\/2017\/11\/16\/elucubrations-quand-ma-niece-feuillettera-mes-albums-de-voyage\/#article\",\"isPartOf\":{\"@id\":\"https:\/\/arpenterlechemin.com\/index.php\/2017\/11\/16\/elucubrations-quand-ma-niece-feuillettera-mes-albums-de-voyage\/\"},\"author\":{\"name\":\"Audrey\",\"@id\":\"https:\/\/arpenterlechemin.com\/#\/schema\/person\/1d187818c0988fbea4d682c1e59c795c\"},\"headline\":\"\u00c9LUCUBRATIONS \/\/ Quand ma ni\u00e8ce feuillettera mes albums de voyage\",\"datePublished\":\"2017-11-16T06:39:50+00:00\",\"dateModified\":\"2018-12-16T21:11:53+00:00\",\"mainEntityOfPage\":{\"@id\":\"https:\/\/arpenterlechemin.com\/index.php\/2017\/11\/16\/elucubrations-quand-ma-niece-feuillettera-mes-albums-de-voyage\/\"},\"wordCount\":500,\"commentCount\":6,\"publisher\":{\"@id\":\"https:\/\/arpenterlechemin.com\/#organization\"},\"keywords\":[\"\u00e9lucubrations\",\"photo\"],\"articleSection\":[\"Blog\",\"\u00c9lucubrations\",\"R\u00e9flexions\"],\"inLanguage\":\"fr-FR\",\"potentialAction\":[{\"@type\":\"CommentAction\",\"name\":\"Comment\",\"target\":[\"https:\/\/arpenterlechemin.com\/index.php\/2017\/11\/16\/elucubrations-quand-ma-niece-feuillettera-mes-albums-de-voyage\/#respond\"]}]},{\"@type\":\"WebPage\",\"@id\":\"https:\/\/arpenterlechemin.com\/index.php\/2017\/11\/16\/elucubrations-quand-ma-niece-feuillettera-mes-albums-de-voyage\/\",\"url\":\"https:\/\/arpenterlechemin.com\/index.php\/2017\/11\/16\/elucubrations-quand-ma-niece-feuillettera-mes-albums-de-voyage\/\",\"name\":\"\u00c9LUCUBRATIONS \/\/ Quand ma ni\u00e8ce feuillettera mes albums de voyage - Arpenter le chemin\",\"isPartOf\":{\"@id\":\"https:\/\/arpenterlechemin.com\/#website\"},\"datePublished\":\"2017-11-16T06:39:50+00:00\",\"dateModified\":\"2018-12-16T21:11:53+00:00\",\"breadcrumb\":{\"@id\":\"https:\/\/arpenterlechemin.com\/index.php\/2017\/11\/16\/elucubrations-quand-ma-niece-feuillettera-mes-albums-de-voyage\/#breadcrumb\"},\"inLanguage\":\"fr-FR\",\"potentialAction\":[{\"@type\":\"ReadAction\",\"target\":[\"https:\/\/arpenterlechemin.com\/index.php\/2017\/11\/16\/elucubrations-quand-ma-niece-feuillettera-mes-albums-de-voyage\/\"]}]},{\"@type\":\"BreadcrumbList\",\"@id\":\"https:\/\/arpenterlechemin.com\/index.php\/2017\/11\/16\/elucubrations-quand-ma-niece-feuillettera-mes-albums-de-voyage\/#breadcrumb\",\"itemListElement\":[{\"@type\":\"ListItem\",\"position\":1,\"name\":\"Home\",\"item\":\"https:\/\/arpenterlechemin.com\/\"},{\"@type\":\"ListItem\",\"position\":2,\"name\":\"\u00c9LUCUBRATIONS \/\/ Quand ma ni\u00e8ce feuillettera mes albums de voyage\"}]},{\"@type\":\"WebSite\",\"@id\":\"https:\/\/arpenterlechemin.com\/#website\",\"url\":\"https:\/\/arpenterlechemin.com\/\",\"name\":\"Arpenter le chemin\",\"description\":\"\",\"publisher\":{\"@id\":\"https:\/\/arpenterlechemin.com\/#organization\"},\"potentialAction\":[{\"@type\":\"SearchAction\",\"target\":{\"@type\":\"EntryPoint\",\"urlTemplate\":\"https:\/\/arpenterlechemin.com\/?s={search_term_string}\"},\"query-input\":\"required name=search_term_string\"}],\"inLanguage\":\"fr-FR\"},{\"@type\":\"Organization\",\"@id\":\"https:\/\/arpenterlechemin.com\/#organization\",\"name\":\"Arpenter le chemin\",\"url\":\"https:\/\/arpenterlechemin.com\/\",\"logo\":{\"@type\":\"ImageObject\",\"inLanguage\":\"fr-FR\",\"@id\":\"https:\/\/arpenterlechemin.com\/#\/schema\/logo\/image\/\",\"url\":\"https:\/\/arpenterlechemin.com\/wp-content\/uploads\/2017\/04\/icone-4.jpg\",\"contentUrl\":\"https:\/\/arpenterlechemin.com\/wp-content\/uploads\/2017\/04\/icone-4.jpg\",\"width\":150,\"height\":73,\"caption\":\"Arpenter le chemin\"},\"image\":{\"@id\":\"https:\/\/arpenterlechemin.com\/#\/schema\/logo\/image\/\"}},{\"@type\":\"Person\",\"@id\":\"https:\/\/arpenterlechemin.com\/#\/schema\/person\/1d187818c0988fbea4d682c1e59c795c\",\"name\":\"Audrey\",\"image\":{\"@type\":\"ImageObject\",\"inLanguage\":\"fr-FR\",\"@id\":\"https:\/\/arpenterlechemin.com\/#\/schema\/person\/image\/\",\"url\":\"https:\/\/secure.gravatar.com\/avatar\/b75298f64c73f1709976c50921beae6a?s=96&d=mm&r=g\",\"contentUrl\":\"https:\/\/secure.gravatar.com\/avatar\/b75298f64c73f1709976c50921beae6a?s=96&d=mm&r=g\",\"caption\":\"Audrey\"},\"description\":\"Allergique \u00e0 la routine, atteinte de bougeotte aigu\u00eb, j'essaie de m'envoler aussi souvent que possible, seule, en couple ou entre amis ! Ville, nature, culture, rando... tout me va, \u00e0 partir du moment o\u00f9 je suis dehors.\",\"url\":\"https:\/\/arpenterlechemin.com\/index.php\/author\/audreyf\/\"}]}<\/script>\n<!-- \/ Yoast SEO plugin. -->","yoast_head_json":{"title":"\u00c9LUCUBRATIONS \/\/ Quand ma ni\u00e8ce feuillettera mes albums de voyage - Arpenter le chemin","robots":{"index":"index","follow":"follow","max-snippet":"max-snippet:-1","max-image-preview":"max-image-preview:large","max-video-preview":"max-video-preview:-1"},"canonical":"https:\/\/arpenterlechemin.com\/index.php\/2017\/11\/16\/elucubrations-quand-ma-niece-feuillettera-mes-albums-de-voyage\/","og_locale":"fr_FR","og_type":"article","og_title":"\u00c9LUCUBRATIONS \/\/ Quand ma ni\u00e8ce feuillettera mes albums de voyage - Arpenter le chemin","og_description":"Dans dix ans, j&rsquo;aurai 43 ans (passons vite sur cette id\u00e9e perturbante) et ma ni\u00e8ce aura quinze ans. Elle s&rsquo;amusera peut-\u00eatre \u00e0 feuilleter mes albums photo pour voir comment c&rsquo;\u00e9tait avant, quand Tata Audrey \u00e9tait jeune, \u00e0 l&rsquo;\u00e8re pr\u00e9historique (en 2017, donc). Elle feuillettera distraitement mes albums virtuels et je me r\u00e9jouis d&rsquo;avance de ses r\u00e9actions. \u00ab\u00a0Mais Audrey, pourquoi tu es toujours de dos sur tes photos ? Tu ressemblais \u00e0 quoi, quand tu \u00e9tais jeune ? (passons \u00e0 nouveau)\u00a0 Skyline Trail, Cap-Breton, 2017 Deer Lake, Terre-Neuve, 2017 \u00ab\u00a0Ah ouais","og_url":"https:\/\/arpenterlechemin.com\/index.php\/2017\/11\/16\/elucubrations-quand-ma-niece-feuillettera-mes-albums-de-voyage\/","og_site_name":"Arpenter le chemin","article_published_time":"2017-11-16T06:39:50+00:00","article_modified_time":"2018-12-16T21:11:53+00:00","og_image":[{"width":2269,"height":1277,"url":"https:\/\/arpenterlechemin.com\/wp-content\/uploads\/2017\/11\/TITRE-PHOTOS-VOYAGE.jpg","type":"image\/jpeg"}],"author":"Audrey","twitter_card":"summary_large_image","twitter_misc":{"\u00c9crit par":"Audrey","Dur\u00e9e de lecture estim\u00e9e":"2 minutes"},"schema":{"@context":"https:\/\/schema.org","@graph":[{"@type":"Article","@id":"https:\/\/arpenterlechemin.com\/index.php\/2017\/11\/16\/elucubrations-quand-ma-niece-feuillettera-mes-albums-de-voyage\/#article","isPartOf":{"@id":"https:\/\/arpenterlechemin.com\/index.php\/2017\/11\/16\/elucubrations-quand-ma-niece-feuillettera-mes-albums-de-voyage\/"},"author":{"name":"Audrey","@id":"https:\/\/arpenterlechemin.com\/#\/schema\/person\/1d187818c0988fbea4d682c1e59c795c"},"headline":"\u00c9LUCUBRATIONS \/\/ Quand ma ni\u00e8ce feuillettera mes albums de voyage","datePublished":"2017-11-16T06:39:50+00:00","dateModified":"2018-12-16T21:11:53+00:00","mainEntityOfPage":{"@id":"https:\/\/arpenterlechemin.com\/index.php\/2017\/11\/16\/elucubrations-quand-ma-niece-feuillettera-mes-albums-de-voyage\/"},"wordCount":500,"commentCount":6,"publisher":{"@id":"https:\/\/arpenterlechemin.com\/#organization"},"keywords":["\u00e9lucubrations","photo"],"articleSection":["Blog","\u00c9lucubrations","R\u00e9flexions"],"inLanguage":"fr-FR","potentialAction":[{"@type":"CommentAction","name":"Comment","target":["https:\/\/arpenterlechemin.com\/index.php\/2017\/11\/16\/elucubrations-quand-ma-niece-feuillettera-mes-albums-de-voyage\/#respond"]}]},{"@type":"WebPage","@id":"https:\/\/arpenterlechemin.com\/index.php\/2017\/11\/16\/elucubrations-quand-ma-niece-feuillettera-mes-albums-de-voyage\/","url":"https:\/\/arpenterlechemin.com\/index.php\/2017\/11\/16\/elucubrations-quand-ma-niece-feuillettera-mes-albums-de-voyage\/","name":"\u00c9LUCUBRATIONS \/\/ Quand ma ni\u00e8ce feuillettera mes albums de voyage - Arpenter le chemin","isPartOf":{"@id":"https:\/\/arpenterlechemin.com\/#website"},"datePublished":"2017-11-16T06:39:50+00:00","dateModified":"2018-12-16T21:11:53+00:00","breadcrumb":{"@id":"https:\/\/arpenterlechemin.com\/index.php\/2017\/11\/16\/elucubrations-quand-ma-niece-feuillettera-mes-albums-de-voyage\/#breadcrumb"},"inLanguage":"fr-FR","potentialAction":[{"@type":"ReadAction","target":["https:\/\/arpenterlechemin.com\/index.php\/2017\/11\/16\/elucubrations-quand-ma-niece-feuillettera-mes-albums-de-voyage\/"]}]},{"@type":"BreadcrumbList","@id":"https:\/\/arpenterlechemin.com\/index.php\/2017\/11\/16\/elucubrations-quand-ma-niece-feuillettera-mes-albums-de-voyage\/#breadcrumb","itemListElement":[{"@type":"ListItem","position":1,"name":"Home","item":"https:\/\/arpenterlechemin.com\/"},{"@type":"ListItem","position":2,"name":"\u00c9LUCUBRATIONS \/\/ Quand ma ni\u00e8ce feuillettera mes albums de voyage"}]},{"@type":"WebSite","@id":"https:\/\/arpenterlechemin.com\/#website","url":"https:\/\/arpenterlechemin.com\/","name":"Arpenter le chemin","description":"","publisher":{"@id":"https:\/\/arpenterlechemin.com\/#organization"},"potentialAction":[{"@type":"SearchAction","target":{"@type":"EntryPoint","urlTemplate":"https:\/\/arpenterlechemin.com\/?s={search_term_string}"},"query-input":"required name=search_term_string"}],"inLanguage":"fr-FR"},{"@type":"Organization","@id":"https:\/\/arpenterlechemin.com\/#organization","name":"Arpenter le chemin","url":"https:\/\/arpenterlechemin.com\/","logo":{"@type":"ImageObject","inLanguage":"fr-FR","@id":"https:\/\/arpenterlechemin.com\/#\/schema\/logo\/image\/","url":"https:\/\/arpenterlechemin.com\/wp-content\/uploads\/2017\/04\/icone-4.jpg","contentUrl":"https:\/\/arpenterlechemin.com\/wp-content\/uploads\/2017\/04\/icone-4.jpg","width":150,"height":73,"caption":"Arpenter le chemin"},"image":{"@id":"https:\/\/arpenterlechemin.com\/#\/schema\/logo\/image\/"}},{"@type":"Person","@id":"https:\/\/arpenterlechemin.com\/#\/schema\/person\/1d187818c0988fbea4d682c1e59c795c","name":"Audrey","image":{"@type":"ImageObject","inLanguage":"fr-FR","@id":"https:\/\/arpenterlechemin.com\/#\/schema\/person\/image\/","url":"https:\/\/secure.gravatar.com\/avatar\/b75298f64c73f1709976c50921beae6a?s=96&d=mm&r=g","contentUrl":"https:\/\/secure.gravatar.com\/avatar\/b75298f64c73f1709976c50921beae6a?s=96&d=mm&r=g","caption":"Audrey"},"description":"Allergique \u00e0 la routine, atteinte de bougeotte aigu\u00eb, j'essaie de m'envoler aussi souvent que possible, seule, en couple ou entre amis ! Ville, nature, culture, rando... tout me va, \u00e0 partir du moment o\u00f9 je suis dehors.","url":"https:\/\/arpenterlechemin.com\/index.php\/author\/audreyf\/"}]}},"jetpack_featured_media_url":"https:\/\/arpenterlechemin.com\/wp-content\/uploads\/2017\/11\/TITRE-PHOTOS-VOYAGE.jpg","jetpack_sharing_enabled":true,"jetpack_shortlink":"https:\/\/wp.me\/p8z9hR-166","jetpack-related-posts":[{"id":4074,"url":"https:\/\/arpenterlechemin.com\/index.php\/2017\/09\/05\/elucubrations-la-voyageuse-qui-prenait-trop-de-photos\/","url_meta":{"origin":4222,"position":0},"title":"\u00c9LUCUBRATIONS \/\/ La voyageuse qui prenait trop de photos","date":"5 septembre 2017","format":false,"excerpt":"Il est temps de te faire une confidence : je suis atteinte de photo\u00efte aigu\u00eb. J'ai la manie de la photo, l'obsession des clich\u00e9s, l\u2019\u0153il aux aguets et le doigt toujours pr\u00eat \u00e0 mitrailler. Je d\u00e9gaine plus vite que mon ombre, j'immortalise \u00e0 tour de bras et j'aime \u00e7a. Enfin,\u2026","rel":"","context":"Dans &quot;Blog&quot;","img":{"alt_text":"","src":"https:\/\/i0.wp.com\/arpenterlechemin.com\/wp-content\/uploads\/2017\/09\/titre-photos.jpg?resize=350%2C200&ssl=1","width":350,"height":200},"classes":[]},{"id":1398,"url":"https:\/\/arpenterlechemin.com\/index.php\/2016\/11\/24\/voyageuse-solo-et-introvertie-cest-possible-2\/","url_meta":{"origin":4222,"position":1},"title":"\u00c9LUCUBRATIONS \/\/ Voyageuse solo et introvertie : c&rsquo;est possible !","date":"24 novembre 2016","format":false,"excerpt":"Quand j'annonce que je vais voyager en solo, la m\u00eame\u00a0r\u00e9action revient dans environ 99,99 % des cas. Mais tu vas rencontrer des gens en chemin, non ? Tu vas aller dans des auberges de jeunesse, pour rencontrer des gens ? Oh c'est super, c'est comme \u00e7a qu'on rencontre le plus\u2026","rel":"","context":"Dans &quot;Blog&quot;","img":{"alt_text":"","src":"https:\/\/i0.wp.com\/arpenterlechemin.com\/wp-content\/uploads\/2016\/11\/WP_000587-bis.jpg?resize=350%2C200&ssl=1","width":350,"height":200},"classes":[]},{"id":4583,"url":"https:\/\/arpenterlechemin.com\/index.php\/2018\/06\/14\/musique-voyage\/","url_meta":{"origin":4222,"position":2},"title":"\u00c9LUCUBRATIONS \/\/ Mes madeleines de Proust musicales et voyageuses","date":"14 juin 2018","format":false,"excerpt":"Une promenade \u00e0 v\u00e9lo dans le soleil couchant. Une voiture passe \u00e0 ma hauteur. Une chanson orientale s'\u00e9chappe de la fen\u00eatre, quelques notes de guitare, une langue inconnue. Le ciel jaune, les rythmes d'ailleurs, l'air presque chaud du printemps. L'espace d'un instant, au carrefour, me revoil\u00e0 en \u00c9gypte, au Liban,\u2026","rel":"","context":"Dans &quot;Blog&quot;","img":{"alt_text":"voyage musique blog arpenter le chemin canada","src":"https:\/\/i0.wp.com\/arpenterlechemin.com\/wp-content\/uploads\/2018\/06\/voyage-musique-blog-arpenter-le-chemin-canada.jpg?resize=350%2C200&ssl=1","width":350,"height":200},"classes":[]},{"id":3248,"url":"https:\/\/arpenterlechemin.com\/index.php\/2017\/07\/31\/la-voyageuse-trouillarde\/","url_meta":{"origin":4222,"position":3},"title":"\u00c9LUCUBRATIONS \/\/ La voyageuse trouillarde","date":"31 juillet 2017","format":false,"excerpt":"Je ne pense conna\u00eetre personne dont son image publique et son image intime soient en parfaite ad\u00e9quation. Par image publique, j'entends la fa\u00e7on dont les autres voient cette personnes ; l'admiration, l'inspiration, ou sinon la piti\u00e9 ou le m\u00e9pris que cette personne suscite. Par image intime, j'entends la vision que\u2026","rel":"","context":"Dans &quot;Blog&quot;","img":{"alt_text":"","src":"https:\/\/i0.wp.com\/arpenterlechemin.com\/wp-content\/uploads\/2018\/07\/VOYAGEUSE-TROUILLARDE.jpg?resize=350%2C200&ssl=1","width":350,"height":200},"classes":[]},{"id":1459,"url":"https:\/\/arpenterlechemin.com\/index.php\/2016\/12\/12\/voyage-et-artifice-dans-la-bulle-du-voyageur-2\/","url_meta":{"origin":4222,"position":4},"title":"\u00c9LUCUBRATIONS \/\/ Voyage et artifice : dans la bulle du voyageur","date":"12 d\u00e9cembre 2016","format":false,"excerpt":"Ce mardi, j'\u00e9tais attabl\u00e9e \u00e0 un chouette caf\u00e9 dans Antigua. Le genre de caf\u00e9 avec un patio, qui sert des latte, des am\u00e9ricanos et aussi quelques boissons locales comme des horchatas, histoire de dire. Un caf\u00e9 o\u00f9 le personnel est local et la client\u00e8le est d'ailleurs. Je me disais que\u2026","rel":"","context":"Dans &quot;Blog&quot;","img":{"alt_text":"_11407372","src":"https:\/\/i0.wp.com\/arpenterlechemin.com\/wp-content\/uploads\/2016\/11\/11407372-1024x769.jpg?resize=350%2C200","width":350,"height":200},"classes":[]},{"id":2378,"url":"https:\/\/arpenterlechemin.com\/index.php\/2017\/04\/07\/que-faire-de-son-animal-quand-on-voyage\/","url_meta":{"origin":4222,"position":5},"title":"\u00c9LUCUBRATIONS \/\/ Que faire de son animal quand on voyage ?","date":"7 avril 2017","format":false,"excerpt":"Si tu as un animal de compagnie, je suis s\u00fbre que tu t'en d\u00e9j\u00e0 pos\u00e9.e la question : et quand on part, quid de M\u00e9dor\/ Duchesse\/Bubulle\/Lapinou ?","rel":"","context":"Dans &quot;Blog&quot;","img":{"alt_text":"","src":"https:\/\/i0.wp.com\/arpenterlechemin.com\/wp-content\/uploads\/2017\/04\/titre-animal-voyage.jpg?resize=350%2C200&ssl=1","width":350,"height":200},"classes":[]}],"_links":{"self":[{"href":"https:\/\/arpenterlechemin.com\/index.php\/wp-json\/wp\/v2\/posts\/4222"}],"collection":[{"href":"https:\/\/arpenterlechemin.com\/index.php\/wp-json\/wp\/v2\/posts"}],"about":[{"href":"https:\/\/arpenterlechemin.com\/index.php\/wp-json\/wp\/v2\/types\/post"}],"author":[{"embeddable":true,"href":"https:\/\/arpenterlechemin.com\/index.php\/wp-json\/wp\/v2\/users\/1"}],"replies":[{"embeddable":true,"href":"https:\/\/arpenterlechemin.com\/index.php\/wp-json\/wp\/v2\/comments?post=4222"}],"version-history":[{"count":0,"href":"https:\/\/arpenterlechemin.com\/index.php\/wp-json\/wp\/v2\/posts\/4222\/revisions"}],"wp:featuredmedia":[{"embeddable":true,"href":"https:\/\/arpenterlechemin.com\/index.php\/wp-json\/wp\/v2\/media\/4278"}],"wp:attachment":[{"href":"https:\/\/arpenterlechemin.com\/index.php\/wp-json\/wp\/v2\/media?parent=4222"}],"wp:term":[{"taxonomy":"category","embeddable":true,"href":"https:\/\/arpenterlechemin.com\/index.php\/wp-json\/wp\/v2\/categories?post=4222"},{"taxonomy":"post_tag","embeddable":true,"href":"https:\/\/arpenterlechemin.com\/index.php\/wp-json\/wp\/v2\/tags?post=4222"}],"curies":[{"name":"wp","href":"https:\/\/api.w.org\/{rel}","templated":true}]}}