{"id":4074,"date":"2017-09-05T17:17:00","date_gmt":"2017-09-05T21:17:00","guid":{"rendered":"http:\/\/arpenterlechemin.com\/?p=4074"},"modified":"2018-12-16T17:12:07","modified_gmt":"2018-12-16T21:12:07","slug":"elucubrations-la-voyageuse-qui-prenait-trop-de-photos","status":"publish","type":"post","link":"https:\/\/arpenterlechemin.com\/index.php\/2017\/09\/05\/elucubrations-la-voyageuse-qui-prenait-trop-de-photos\/","title":{"rendered":"\u00c9LUCUBRATIONS \/\/ La voyageuse qui prenait trop de photos"},"content":{"rendered":"<p>Il est temps de te faire une confidence : je suis atteinte de photo\u00efte aigu\u00eb. J&rsquo;ai la manie de la photo, l&rsquo;obsession des clich\u00e9s, l\u2019\u0153il aux aguets et le doigt toujours pr\u00eat \u00e0 mitrailler. <strong>Je d\u00e9gaine plus vite que mon ombre<\/strong>, j&rsquo;immortalise \u00e0 tour de bras et j&rsquo;aime \u00e7a. Enfin, j&rsquo;aimais \u00e7a.<\/p>\n<p>Ma maladie, c&rsquo;est de passer du temps \u00e0 prendre des photos en voyage. Je sais d&rsquo;exp\u00e9rience qu&rsquo;il existe des cas bien plus graves que moi, des voyageurs qui rentrent avec 5 000 photos au bout de deux semaines l\u00e0 o\u00f9 je me contente d&rsquo;une centaine de photos par jour en moyenne (je sais. J&rsquo;ai compt\u00e9).\u00a0Quoi qu&rsquo;il en soit, la photo est importante pendant mes voyages.<\/p>\n<p>Certaines personnes sont sensibles aux mots, d&rsquo;autres aux photos. Certaines pr\u00e9f\u00e8rent prendre le poids des mots avec des pincettes et se prendre le choc des photos en pleine face, oubliant m\u00eame parfois de lire les blogs pour se concentrer sur le visuel. Je comprends tr\u00e8s bien, car au-del\u00e0 des mots, ce sont souvent d&rsquo;images qu&rsquo;est tiss\u00e9e l&rsquo;\u00e9toffe des r\u00eaves.<\/p>\n<p>Prendre des photos en voyage a longtemps \u00e9t\u00e9 un vrai plaisir. Presque un but en soi. Je vivais mes nombreuses escapades solo en Europe comme <strong>un reportage permanent, traquant le d\u00e9tail insolite<\/strong>, documentant ce que je mangeais, tentant de restituer la superbe des monuments du mieux que je pouvais. En solo, faire des photos permet aussi de s&rsquo;occuper et donne un but aux heures seules.<\/p>\n<p><img decoding=\"async\" loading=\"lazy\" class=\"size-full wp-image-4077 aligncenter\" src=\"http:\/\/arpenterlechemin.com\/wp-content\/uploads\/2017\/09\/P1020690-2.jpg\" alt=\"\" width=\"2970\" height=\"1671\" srcset=\"https:\/\/arpenterlechemin.com\/wp-content\/uploads\/2017\/09\/P1020690-2.jpg 2970w, https:\/\/arpenterlechemin.com\/wp-content\/uploads\/2017\/09\/P1020690-2-300x169.jpg 300w, https:\/\/arpenterlechemin.com\/wp-content\/uploads\/2017\/09\/P1020690-2-768x432.jpg 768w, https:\/\/arpenterlechemin.com\/wp-content\/uploads\/2017\/09\/P1020690-2-1024x576.jpg 1024w\" sizes=\"(max-width: 2970px) 100vw, 2970px\" \/><\/p>\n<p style=\"text-align: center;\"><em>Un jour, je vous montrerai la douceur de l&rsquo;ambiance de Lisbonne&#8230;<\/em><\/p>\n<p>En voyage \u00e0 deux, ce n&rsquo;est pas la m\u00eame. Quand je mitraille, Etienne est jaloux ; il se sent d\u00e9laiss\u00e9 et me rappelle souvent si je passe mes vacances avec mon appareil ou avec lui. J&rsquo;essaie de canaliser. Mais pas de choisir. Choisir, c&rsquo;est injuste.<\/p>\n<p>J&rsquo;aime passer des moments en bonne compagnie, mais <strong>photographier m&rsquo;a longtemps permis de prendre du recul<\/strong> et de mieux appr\u00e9cier ce que j&rsquo;ai sous les yeux. Car quand on photographie, on est seule face \u00e0 l&rsquo;objectif, face \u00e0 sa concentration. En cherchant le d\u00e9tail photog\u00e9nique, j&rsquo;allais aussi dans des recoins loin des foules, je me faisais exploratrice en terrain inconnu, d\u00e9fricheuse de clich\u00e9s pour mieux \u00e9tonner et m&rsquo;\u00e9tonner. Pour mieux me souvenir, aussi.<\/p>\n<p>Car sans photos, mon cerveau paresseux a vite fait d&rsquo;oublier les odeurs et les sons, les textures et la chaleur de ce jour-l\u00e0, celui o\u00f9 j&rsquo;ai pris cette photo sans int\u00e9r\u00eat pour quiconque d&rsquo;autre que moi. En feuilletant des albums photo, je red\u00e9couvre des rires, des rencontres, des anecdotes. Rares sont les photos \u00e0 ne plus rien m&rsquo;\u00e9voquer quelques ann\u00e9es apr\u00e8s, m\u00eame si l&rsquo;anecdote ne serait pas revenue spontan\u00e9ment en repensant \u00e0 un voyage.<\/p>\n<p><img decoding=\"async\" loading=\"lazy\" class=\"size-full wp-image-4081 aligncenter\" src=\"http:\/\/arpenterlechemin.com\/wp-content\/uploads\/2017\/09\/P1070902-2.jpg\" alt=\"\" width=\"4590\" height=\"2583\" srcset=\"https:\/\/arpenterlechemin.com\/wp-content\/uploads\/2017\/09\/P1070902-2.jpg 4590w, https:\/\/arpenterlechemin.com\/wp-content\/uploads\/2017\/09\/P1070902-2-300x169.jpg 300w, https:\/\/arpenterlechemin.com\/wp-content\/uploads\/2017\/09\/P1070902-2-768x432.jpg 768w, https:\/\/arpenterlechemin.com\/wp-content\/uploads\/2017\/09\/P1070902-2-1024x576.jpg 1024w\" sizes=\"(max-width: 4590px) 100vw, 4590px\" \/><\/p>\n<p style=\"text-align: center;\"><em>L\u00e0 par exemple, c&rsquo;\u00e9tait pr\u00e8s du parc des Palapas \u00e0 Cancun, et le type vendait ces glaces, et je ne connaissais pas la moiti\u00e9 des parfums, alors je lui ai demand\u00e9 ce que c&rsquo;\u00e9tait que le mamey (un fruit), la guanabana (du corrosol), le queso (du fromage &#8211; oui bon j&rsquo;ai fait italien LV2 moi), et j&rsquo;ai essay\u00e9 les parfums les plus improbables et on a papot\u00e9 la bouche pleine.<\/em><\/p>\n<p>Immortaliser l&rsquo;instant est pourtant devenu si banal que l&rsquo;on touche \u00e0 la surcharge d&rsquo;informations. <strong>Ai-je besoin de me souvenir de tous les repas pris en voyage (non) ?<\/strong> De tous les couchers de soleil (non) ? De chaque d\u00e9tour de sentier, de chaque march\u00e9, de chaque heure travers\u00e9e ? Probablement que non.<\/p>\n<p>R\u00e9cemment, je l\u00e2che un peu mon appareil photo en voyage.<\/p>\n<p>Peut-\u00eatre parce que si <em>avant<\/em>, avant le blog, je ne souffrais pas d&rsquo;une rude concurrence sur mon Facebook priv\u00e9, maintenant, je sais que quoi que je photographie et publie ici, cette photo aura d\u00e9j\u00e0 \u00e9t\u00e9 publi\u00e9e des <a href=\"http:\/\/itinera-magica.com\/blog-voyage-originalite\">centaines de fois<\/a>. En mieux. Complexe d&rsquo;inf\u00e9riorit\u00e9 face \u00e0 des blogs sublimes ? S\u00fbrement.<\/p>\n<p>Peut-\u00eatre parce qu&rsquo;\u00e0 trop vouloir documenter, j&rsquo;ai l&rsquo;impression que mes photos me volent mon voyage.<\/p>\n<p><a href=\"http:\/\/arpenterlechemin.com\/index.php\/2017\/02\/16\/road-trip-americain-antelope-canyon-horseshoe-bend-et-le-lac-powell\/\">Antelope Canyon<\/a> est un lieu d&rsquo;une magie \u00e9th\u00e9r\u00e9e, certes envahi de touristes mais unique au monde. Est-ce que je me souviens des courbes de la roche, de la texture du sable p\u00e9trifi\u00e9, de la couleur de la lumi\u00e8re ? Non : je me souviens d&rsquo;avoir voulu \u00e0 tout prix saisir cette magie et de n&rsquo;avoir pu que laisser s&rsquo;\u00e9chapper le moment derri\u00e8re mon \u00e9cran. Je me souviens d&rsquo;avoir pris des photos. Pos\u00e9 pour des photos. Regard\u00e9 des photos. \u00c9t\u00e9 entour\u00e9e de touristes prenant, posant, regardant des photos. Mais du lieu en soi, gu\u00e8re de souvenirs, hormis l&rsquo;entr\u00e9e dans la grotte&#8230; dans l&rsquo;escalier o\u00f9 les photos \u00e9taient interdites.<\/p>\n<p><img decoding=\"async\" loading=\"lazy\" class=\"size-full wp-image-4079 aligncenter\" src=\"http:\/\/arpenterlechemin.com\/wp-content\/uploads\/2017\/09\/1230858-3.jpg\" alt=\"\" width=\"4590\" height=\"2583\" srcset=\"https:\/\/arpenterlechemin.com\/wp-content\/uploads\/2017\/09\/1230858-3.jpg 4590w, https:\/\/arpenterlechemin.com\/wp-content\/uploads\/2017\/09\/1230858-3-300x169.jpg 300w, https:\/\/arpenterlechemin.com\/wp-content\/uploads\/2017\/09\/1230858-3-768x432.jpg 768w, https:\/\/arpenterlechemin.com\/wp-content\/uploads\/2017\/09\/1230858-3-1024x576.jpg 1024w\" sizes=\"(max-width: 4590px) 100vw, 4590px\" \/><\/p>\n<p style=\"text-align: center;\"><em>Je suis ravie d&rsquo;\u00eatre all\u00e9e dans l&rsquo;Ouest am\u00e9ricain pour me souvenir d&rsquo;un escalier.<\/em><\/p>\n<p>Ce n&rsquo;est malheureusement pas la seule fois que j&rsquo;ai vu mon voyage s&rsquo;effacer au profit de l&rsquo;image de mon voyage. Le Landmannalaugar en <a href=\"http:\/\/arpenterlechemin.com\/index.php\/2016\/08\/19\/islande-en-voiture-et-en-camping\/\">Islande<\/a>, l&rsquo;\u00e9tang Western Brook \u00e0 <a href=\"http:\/\/arpenterlechemin.com\/index.php\/2017\/08\/29\/terre-neuve-bienvenue-au-parc-national-de-gros-morne\/\">Terre-Neuve<\/a>&#8230; Je n&rsquo;ai pas su m&rsquo;arr\u00eater \u00e0 temps pour vivre l&rsquo;instant et je me souviens seulement de ces maudites photos.<\/p>\n<p>Il fut un temps o\u00f9 j&rsquo;adorais cela, et ne te m\u00e9prends pas : si tu voyages pour photographier, je trouve cela g\u00e9nial (et j&rsquo;adore toujours me livrer \u00e0 des reportages-photos, par exemple lors d&rsquo;une deuxi\u00e8me visite, quand j&rsquo;ai bien cristallis\u00e9 une premi\u00e8re impression). Le probl\u00e8me, c&rsquo;est quand on sent qu&rsquo;on en fait trop, sans pouvoir s&rsquo;arr\u00eater. \u00c7a ressemble un peu \u00e0 de la drogue, non ? <strong>La drogue de l&rsquo;immortalit\u00e9.<\/strong><\/p>\n<p>Prendre des photos reste toujours un plaisir, ne serait-ce parce que j&rsquo;aime les envoyer \u00e0 ma famille en guise de carte postale num\u00e9rique, ou m&rsquo;en servir d&rsquo;aide-m\u00e9moire pour le blog. Mais j&rsquo;ai atteint un seuil, un trop-plein de photos qui d\u00e9bordent. Sur cent photos, seules une dizaine finit sur le blog, et une ou deux deviennent gardiennes de souvenirs priv\u00e9es. Et je ne parle m\u00eame pas des selfies, o\u00f9 on tourne litt\u00e9ralement le dos \u00e0 la beaut\u00e9 du monde&#8230;<\/p>\n<p><img decoding=\"async\" loading=\"lazy\" class=\"size-full wp-image-4080 aligncenter\" src=\"http:\/\/arpenterlechemin.com\/wp-content\/uploads\/2017\/09\/1140840-2.jpg\" alt=\"\" width=\"4591\" height=\"2583\" srcset=\"https:\/\/arpenterlechemin.com\/wp-content\/uploads\/2017\/09\/1140840-2.jpg 4591w, https:\/\/arpenterlechemin.com\/wp-content\/uploads\/2017\/09\/1140840-2-300x169.jpg 300w, https:\/\/arpenterlechemin.com\/wp-content\/uploads\/2017\/09\/1140840-2-768x432.jpg 768w, https:\/\/arpenterlechemin.com\/wp-content\/uploads\/2017\/09\/1140840-2-1024x576.jpg 1024w\" sizes=\"(max-width: 4591px) 100vw, 4591px\" \/><\/p>\n<p style=\"text-align: center;\"><em>H\u00e9 ! DERRI\u00c8RE TOI ! Les mogotes de Vinales \u00e0 Cuba, c&rsquo;est beau ! Et bien plus beau sans ta tronche devant, probablement.<\/em><\/p>\n<p>\u00c0 chaque voyage, randonn\u00e9e, sortie, j&rsquo;essaie d\u00e9sormais de me limiter. Cinq minutes de photos par site, pas plus. Prochain d\u00e9fi : je vais essayer de me limiter non plus dans le temps mais dans le nombre de photos, pour tenter de privil\u00e9gier la qualit\u00e9 et non la quantit\u00e9, par exemple en shootant en RAW (t&rsquo;es blogueuse et tu shootes pas en RAW ? Mais tu sors d&rsquo;o\u00f9 ? &#8211; je sais, je SAIS !). Je ne peux pas, veux pas m&rsquo;arr\u00eater. Ne serait-ce parce que sans photos, plus de blog&#8230; Est-ce qu&rsquo;une retraite-voyage sans photo serait un bon rem\u00e8de ? Pas pour moi pour l&rsquo;instant, mais j&rsquo;y songe. <em>[EDIT un an apr\u00e8s : oh, la na\u00efvet\u00e9 de la jeunesse&#8230; J&rsquo;ai arr\u00eat\u00e9 le RAW, faute de savoir d\u00e9velopper num\u00e9riquement mes photos]<\/em><\/p>\n<p>Et surtout, je veux prendre le temps de me poser, de savourer le moment pour l&rsquo;\u00e9tirer dans ma m\u00e9moire. Click and go, c&rsquo;est fini. Je me souviens de Sylvain Tesson dans son livre <a href=\"http:\/\/amzn.to\/2eI5uku\">Dans les for\u00eats de Sib\u00e9rie<\/a>, qui r\u00e9sistait \u00e0 la tentation d&rsquo;immortaliser un rayon de soleil dans sa cabane. <strong>Parce que d\u00e8s qu&rsquo;on sort l&rsquo;appareil, la magie dispara\u00eet.<\/strong> Cette phrase, je ne l&rsquo;avais pas trop comprise en lisant ce r\u00e9cit il y a quelques ann\u00e9es. Je vois d\u00e9sormais mieux ce qu&rsquo;il veut dire. Parce qu&rsquo;\u00e0 trop vouloir immortaliser l&rsquo;instant, j&rsquo;ai l&rsquo;impression de le laisser filer.<\/p>\n<p>Et vous, vous \u00eates drogu\u00e9.e.s aux photos ? Essayez-vous de vous brider ou au contraire, adorez-vous \u00e7a ? Comment g\u00e9rez-vous la photo lors des voyages en couple ou entre amis ? Je vous attends dans les commentaires !<\/p>\n<p style=\"text-align: center;\"><em>Ce billet contient un lien affili\u00e9 : sans rien changer au prix de vente, il me donne un coup de pouce financier si vous achetez le produit en question. Merci !<\/em><\/p>\n<p style=\"text-align: center;\"><strong><span style=\"color: #000080;\"><a href=\"http:\/\/eepurl.com\/cbyYcP\">Si vous avez aim\u00e9, abonnez-vous pour ne rater aucune chronique !<\/a><\/span><\/strong><\/p>\n<p><img decoding=\"async\" loading=\"lazy\" class=\"alignnone wp-image-5899\" src=\"http:\/\/arpenterlechemin.com\/wp-content\/uploads\/2017\/09\/photo-blog-voyage-arpenter-le-chemin.jpg\" alt=\"photo blog voyage arpenter le chemin\" width=\"300\" height=\"450\" \/> <img decoding=\"async\" loading=\"lazy\" class=\"alignnone wp-image-5900\" src=\"http:\/\/arpenterlechemin.com\/wp-content\/uploads\/2017\/09\/Le-probl\u00e8me-des-photos-de-voyage.jpg\" alt=\"Le probl\u00e8me des photos de voyage\" width=\"300\" height=\"450\" \/> <img decoding=\"async\" loading=\"lazy\" class=\"alignnone wp-image-5901\" src=\"http:\/\/arpenterlechemin.com\/wp-content\/uploads\/2017\/09\/appareil-photo-blog-voyage-arpenter-le-chemin-canada.jpg\" alt=\"appareil photo blog voyage arpenter le chemin canada\" width=\"300\" height=\"450\" \/><\/p>\n","protected":false},"excerpt":{"rendered":"<p>Il est temps de te faire une confidence : je suis atteinte de photo\u00efte aigu\u00eb. J&rsquo;ai la manie de la photo, l&rsquo;obsession des clich\u00e9s, l\u2019\u0153il aux aguets et le doigt toujours pr\u00eat \u00e0 mitrailler. Je d\u00e9gaine plus vite que mon ombre, j&rsquo;immortalise \u00e0 tour de bras et j&rsquo;aime \u00e7a. Enfin, j&rsquo;aimais \u00e7a. Ma maladie, c&rsquo;est de passer du temps \u00e0 prendre des photos en voyage. Je sais d&rsquo;exp\u00e9rience qu&rsquo;il existe des cas bien plus graves que moi, des voyageurs qui rentrent avec 5 000 photos au bout de deux semaines <\/p>\n","protected":false},"author":1,"featured_media":4085,"comment_status":"open","ping_status":"open","sticky":false,"template":"","format":"standard","meta":{"jetpack_post_was_ever_published":false},"categories":[1,3,662],"tags":[627,537,394,645],"yoast_head":"<!-- This site is optimized with the Yoast SEO plugin v20.7 - https:\/\/yoast.com\/wordpress\/plugins\/seo\/ -->\n<title>\u00c9LUCUBRATIONS \/\/ La voyageuse qui prenait trop de photos - Arpenter le chemin<\/title>\n<meta name=\"robots\" content=\"index, follow, max-snippet:-1, max-image-preview:large, max-video-preview:-1\" \/>\n<link rel=\"canonical\" href=\"https:\/\/arpenterlechemin.com\/index.php\/2017\/09\/05\/elucubrations-la-voyageuse-qui-prenait-trop-de-photos\/\" \/>\n<meta property=\"og:locale\" content=\"fr_FR\" \/>\n<meta property=\"og:type\" content=\"article\" \/>\n<meta property=\"og:title\" content=\"\u00c9LUCUBRATIONS \/\/ La voyageuse qui prenait trop de photos - Arpenter le chemin\" \/>\n<meta property=\"og:description\" content=\"Il est temps de te faire une confidence : je suis atteinte de photo\u00efte aigu\u00eb. J&rsquo;ai la manie de la photo, l&rsquo;obsession des clich\u00e9s, l\u2019\u0153il aux aguets et le doigt toujours pr\u00eat \u00e0 mitrailler. Je d\u00e9gaine plus vite que mon ombre, j&rsquo;immortalise \u00e0 tour de bras et j&rsquo;aime \u00e7a. Enfin, j&rsquo;aimais \u00e7a. Ma maladie, c&rsquo;est de passer du temps \u00e0 prendre des photos en voyage. Je sais d&rsquo;exp\u00e9rience qu&rsquo;il existe des cas bien plus graves que moi, des voyageurs qui rentrent avec 5 000 photos au bout de deux semaines\" \/>\n<meta property=\"og:url\" content=\"https:\/\/arpenterlechemin.com\/index.php\/2017\/09\/05\/elucubrations-la-voyageuse-qui-prenait-trop-de-photos\/\" \/>\n<meta property=\"og:site_name\" content=\"Arpenter le chemin\" \/>\n<meta property=\"article:published_time\" content=\"2017-09-05T21:17:00+00:00\" \/>\n<meta property=\"article:modified_time\" content=\"2018-12-16T21:12:07+00:00\" \/>\n<meta property=\"og:image\" content=\"https:\/\/arpenterlechemin.com\/wp-content\/uploads\/2017\/09\/titre-photos.jpg\" \/>\n\t<meta property=\"og:image:width\" content=\"1660\" \/>\n\t<meta property=\"og:image:height\" content=\"934\" \/>\n\t<meta property=\"og:image:type\" content=\"image\/jpeg\" \/>\n<meta name=\"author\" content=\"Audrey\" \/>\n<meta name=\"twitter:card\" content=\"summary_large_image\" \/>\n<meta name=\"twitter:label1\" content=\"\u00c9crit par\" \/>\n\t<meta name=\"twitter:data1\" content=\"Audrey\" \/>\n\t<meta name=\"twitter:label2\" content=\"Dur\u00e9e de lecture estim\u00e9e\" \/>\n\t<meta name=\"twitter:data2\" content=\"7 minutes\" \/>\n<script type=\"application\/ld+json\" class=\"yoast-schema-graph\">{\"@context\":\"https:\/\/schema.org\",\"@graph\":[{\"@type\":\"Article\",\"@id\":\"https:\/\/arpenterlechemin.com\/index.php\/2017\/09\/05\/elucubrations-la-voyageuse-qui-prenait-trop-de-photos\/#article\",\"isPartOf\":{\"@id\":\"https:\/\/arpenterlechemin.com\/index.php\/2017\/09\/05\/elucubrations-la-voyageuse-qui-prenait-trop-de-photos\/\"},\"author\":{\"name\":\"Audrey\",\"@id\":\"https:\/\/arpenterlechemin.com\/#\/schema\/person\/1d187818c0988fbea4d682c1e59c795c\"},\"headline\":\"\u00c9LUCUBRATIONS \/\/ La voyageuse qui prenait trop de photos\",\"datePublished\":\"2017-09-05T21:17:00+00:00\",\"dateModified\":\"2018-12-16T21:12:07+00:00\",\"mainEntityOfPage\":{\"@id\":\"https:\/\/arpenterlechemin.com\/index.php\/2017\/09\/05\/elucubrations-la-voyageuse-qui-prenait-trop-de-photos\/\"},\"wordCount\":1425,\"commentCount\":7,\"publisher\":{\"@id\":\"https:\/\/arpenterlechemin.com\/#organization\"},\"keywords\":[\"conseils\",\"coulisses du blog\",\"\u00e9lucubrations\",\"la voyageuse\"],\"articleSection\":[\"Blog\",\"\u00c9lucubrations\",\"R\u00e9flexions\"],\"inLanguage\":\"fr-FR\",\"potentialAction\":[{\"@type\":\"CommentAction\",\"name\":\"Comment\",\"target\":[\"https:\/\/arpenterlechemin.com\/index.php\/2017\/09\/05\/elucubrations-la-voyageuse-qui-prenait-trop-de-photos\/#respond\"]}]},{\"@type\":\"WebPage\",\"@id\":\"https:\/\/arpenterlechemin.com\/index.php\/2017\/09\/05\/elucubrations-la-voyageuse-qui-prenait-trop-de-photos\/\",\"url\":\"https:\/\/arpenterlechemin.com\/index.php\/2017\/09\/05\/elucubrations-la-voyageuse-qui-prenait-trop-de-photos\/\",\"name\":\"\u00c9LUCUBRATIONS \/\/ La voyageuse qui prenait trop de photos - Arpenter le chemin\",\"isPartOf\":{\"@id\":\"https:\/\/arpenterlechemin.com\/#website\"},\"datePublished\":\"2017-09-05T21:17:00+00:00\",\"dateModified\":\"2018-12-16T21:12:07+00:00\",\"breadcrumb\":{\"@id\":\"https:\/\/arpenterlechemin.com\/index.php\/2017\/09\/05\/elucubrations-la-voyageuse-qui-prenait-trop-de-photos\/#breadcrumb\"},\"inLanguage\":\"fr-FR\",\"potentialAction\":[{\"@type\":\"ReadAction\",\"target\":[\"https:\/\/arpenterlechemin.com\/index.php\/2017\/09\/05\/elucubrations-la-voyageuse-qui-prenait-trop-de-photos\/\"]}]},{\"@type\":\"BreadcrumbList\",\"@id\":\"https:\/\/arpenterlechemin.com\/index.php\/2017\/09\/05\/elucubrations-la-voyageuse-qui-prenait-trop-de-photos\/#breadcrumb\",\"itemListElement\":[{\"@type\":\"ListItem\",\"position\":1,\"name\":\"Home\",\"item\":\"https:\/\/arpenterlechemin.com\/\"},{\"@type\":\"ListItem\",\"position\":2,\"name\":\"\u00c9LUCUBRATIONS \/\/ La voyageuse qui prenait trop de photos\"}]},{\"@type\":\"WebSite\",\"@id\":\"https:\/\/arpenterlechemin.com\/#website\",\"url\":\"https:\/\/arpenterlechemin.com\/\",\"name\":\"Arpenter le chemin\",\"description\":\"\",\"publisher\":{\"@id\":\"https:\/\/arpenterlechemin.com\/#organization\"},\"potentialAction\":[{\"@type\":\"SearchAction\",\"target\":{\"@type\":\"EntryPoint\",\"urlTemplate\":\"https:\/\/arpenterlechemin.com\/?s={search_term_string}\"},\"query-input\":\"required name=search_term_string\"}],\"inLanguage\":\"fr-FR\"},{\"@type\":\"Organization\",\"@id\":\"https:\/\/arpenterlechemin.com\/#organization\",\"name\":\"Arpenter le chemin\",\"url\":\"https:\/\/arpenterlechemin.com\/\",\"logo\":{\"@type\":\"ImageObject\",\"inLanguage\":\"fr-FR\",\"@id\":\"https:\/\/arpenterlechemin.com\/#\/schema\/logo\/image\/\",\"url\":\"https:\/\/arpenterlechemin.com\/wp-content\/uploads\/2017\/04\/icone-4.jpg\",\"contentUrl\":\"https:\/\/arpenterlechemin.com\/wp-content\/uploads\/2017\/04\/icone-4.jpg\",\"width\":150,\"height\":73,\"caption\":\"Arpenter le chemin\"},\"image\":{\"@id\":\"https:\/\/arpenterlechemin.com\/#\/schema\/logo\/image\/\"}},{\"@type\":\"Person\",\"@id\":\"https:\/\/arpenterlechemin.com\/#\/schema\/person\/1d187818c0988fbea4d682c1e59c795c\",\"name\":\"Audrey\",\"image\":{\"@type\":\"ImageObject\",\"inLanguage\":\"fr-FR\",\"@id\":\"https:\/\/arpenterlechemin.com\/#\/schema\/person\/image\/\",\"url\":\"https:\/\/secure.gravatar.com\/avatar\/b75298f64c73f1709976c50921beae6a?s=96&d=mm&r=g\",\"contentUrl\":\"https:\/\/secure.gravatar.com\/avatar\/b75298f64c73f1709976c50921beae6a?s=96&d=mm&r=g\",\"caption\":\"Audrey\"},\"description\":\"Allergique \u00e0 la routine, atteinte de bougeotte aigu\u00eb, j'essaie de m'envoler aussi souvent que possible, seule, en couple ou entre amis ! Ville, nature, culture, rando... tout me va, \u00e0 partir du moment o\u00f9 je suis dehors.\",\"url\":\"https:\/\/arpenterlechemin.com\/index.php\/author\/audreyf\/\"}]}<\/script>\n<!-- \/ Yoast SEO plugin. -->","yoast_head_json":{"title":"\u00c9LUCUBRATIONS \/\/ La voyageuse qui prenait trop de photos - Arpenter le chemin","robots":{"index":"index","follow":"follow","max-snippet":"max-snippet:-1","max-image-preview":"max-image-preview:large","max-video-preview":"max-video-preview:-1"},"canonical":"https:\/\/arpenterlechemin.com\/index.php\/2017\/09\/05\/elucubrations-la-voyageuse-qui-prenait-trop-de-photos\/","og_locale":"fr_FR","og_type":"article","og_title":"\u00c9LUCUBRATIONS \/\/ La voyageuse qui prenait trop de photos - Arpenter le chemin","og_description":"Il est temps de te faire une confidence : je suis atteinte de photo\u00efte aigu\u00eb. J&rsquo;ai la manie de la photo, l&rsquo;obsession des clich\u00e9s, l\u2019\u0153il aux aguets et le doigt toujours pr\u00eat \u00e0 mitrailler. Je d\u00e9gaine plus vite que mon ombre, j&rsquo;immortalise \u00e0 tour de bras et j&rsquo;aime \u00e7a. Enfin, j&rsquo;aimais \u00e7a. Ma maladie, c&rsquo;est de passer du temps \u00e0 prendre des photos en voyage. Je sais d&rsquo;exp\u00e9rience qu&rsquo;il existe des cas bien plus graves que moi, des voyageurs qui rentrent avec 5 000 photos au bout de deux semaines","og_url":"https:\/\/arpenterlechemin.com\/index.php\/2017\/09\/05\/elucubrations-la-voyageuse-qui-prenait-trop-de-photos\/","og_site_name":"Arpenter le chemin","article_published_time":"2017-09-05T21:17:00+00:00","article_modified_time":"2018-12-16T21:12:07+00:00","og_image":[{"width":1660,"height":934,"url":"https:\/\/arpenterlechemin.com\/wp-content\/uploads\/2017\/09\/titre-photos.jpg","type":"image\/jpeg"}],"author":"Audrey","twitter_card":"summary_large_image","twitter_misc":{"\u00c9crit par":"Audrey","Dur\u00e9e de lecture estim\u00e9e":"7 minutes"},"schema":{"@context":"https:\/\/schema.org","@graph":[{"@type":"Article","@id":"https:\/\/arpenterlechemin.com\/index.php\/2017\/09\/05\/elucubrations-la-voyageuse-qui-prenait-trop-de-photos\/#article","isPartOf":{"@id":"https:\/\/arpenterlechemin.com\/index.php\/2017\/09\/05\/elucubrations-la-voyageuse-qui-prenait-trop-de-photos\/"},"author":{"name":"Audrey","@id":"https:\/\/arpenterlechemin.com\/#\/schema\/person\/1d187818c0988fbea4d682c1e59c795c"},"headline":"\u00c9LUCUBRATIONS \/\/ La voyageuse qui prenait trop de photos","datePublished":"2017-09-05T21:17:00+00:00","dateModified":"2018-12-16T21:12:07+00:00","mainEntityOfPage":{"@id":"https:\/\/arpenterlechemin.com\/index.php\/2017\/09\/05\/elucubrations-la-voyageuse-qui-prenait-trop-de-photos\/"},"wordCount":1425,"commentCount":7,"publisher":{"@id":"https:\/\/arpenterlechemin.com\/#organization"},"keywords":["conseils","coulisses du blog","\u00e9lucubrations","la voyageuse"],"articleSection":["Blog","\u00c9lucubrations","R\u00e9flexions"],"inLanguage":"fr-FR","potentialAction":[{"@type":"CommentAction","name":"Comment","target":["https:\/\/arpenterlechemin.com\/index.php\/2017\/09\/05\/elucubrations-la-voyageuse-qui-prenait-trop-de-photos\/#respond"]}]},{"@type":"WebPage","@id":"https:\/\/arpenterlechemin.com\/index.php\/2017\/09\/05\/elucubrations-la-voyageuse-qui-prenait-trop-de-photos\/","url":"https:\/\/arpenterlechemin.com\/index.php\/2017\/09\/05\/elucubrations-la-voyageuse-qui-prenait-trop-de-photos\/","name":"\u00c9LUCUBRATIONS \/\/ La voyageuse qui prenait trop de photos - Arpenter le chemin","isPartOf":{"@id":"https:\/\/arpenterlechemin.com\/#website"},"datePublished":"2017-09-05T21:17:00+00:00","dateModified":"2018-12-16T21:12:07+00:00","breadcrumb":{"@id":"https:\/\/arpenterlechemin.com\/index.php\/2017\/09\/05\/elucubrations-la-voyageuse-qui-prenait-trop-de-photos\/#breadcrumb"},"inLanguage":"fr-FR","potentialAction":[{"@type":"ReadAction","target":["https:\/\/arpenterlechemin.com\/index.php\/2017\/09\/05\/elucubrations-la-voyageuse-qui-prenait-trop-de-photos\/"]}]},{"@type":"BreadcrumbList","@id":"https:\/\/arpenterlechemin.com\/index.php\/2017\/09\/05\/elucubrations-la-voyageuse-qui-prenait-trop-de-photos\/#breadcrumb","itemListElement":[{"@type":"ListItem","position":1,"name":"Home","item":"https:\/\/arpenterlechemin.com\/"},{"@type":"ListItem","position":2,"name":"\u00c9LUCUBRATIONS \/\/ La voyageuse qui prenait trop de photos"}]},{"@type":"WebSite","@id":"https:\/\/arpenterlechemin.com\/#website","url":"https:\/\/arpenterlechemin.com\/","name":"Arpenter le chemin","description":"","publisher":{"@id":"https:\/\/arpenterlechemin.com\/#organization"},"potentialAction":[{"@type":"SearchAction","target":{"@type":"EntryPoint","urlTemplate":"https:\/\/arpenterlechemin.com\/?s={search_term_string}"},"query-input":"required name=search_term_string"}],"inLanguage":"fr-FR"},{"@type":"Organization","@id":"https:\/\/arpenterlechemin.com\/#organization","name":"Arpenter le chemin","url":"https:\/\/arpenterlechemin.com\/","logo":{"@type":"ImageObject","inLanguage":"fr-FR","@id":"https:\/\/arpenterlechemin.com\/#\/schema\/logo\/image\/","url":"https:\/\/arpenterlechemin.com\/wp-content\/uploads\/2017\/04\/icone-4.jpg","contentUrl":"https:\/\/arpenterlechemin.com\/wp-content\/uploads\/2017\/04\/icone-4.jpg","width":150,"height":73,"caption":"Arpenter le chemin"},"image":{"@id":"https:\/\/arpenterlechemin.com\/#\/schema\/logo\/image\/"}},{"@type":"Person","@id":"https:\/\/arpenterlechemin.com\/#\/schema\/person\/1d187818c0988fbea4d682c1e59c795c","name":"Audrey","image":{"@type":"ImageObject","inLanguage":"fr-FR","@id":"https:\/\/arpenterlechemin.com\/#\/schema\/person\/image\/","url":"https:\/\/secure.gravatar.com\/avatar\/b75298f64c73f1709976c50921beae6a?s=96&d=mm&r=g","contentUrl":"https:\/\/secure.gravatar.com\/avatar\/b75298f64c73f1709976c50921beae6a?s=96&d=mm&r=g","caption":"Audrey"},"description":"Allergique \u00e0 la routine, atteinte de bougeotte aigu\u00eb, j'essaie de m'envoler aussi souvent que possible, seule, en couple ou entre amis ! Ville, nature, culture, rando... tout me va, \u00e0 partir du moment o\u00f9 je suis dehors.","url":"https:\/\/arpenterlechemin.com\/index.php\/author\/audreyf\/"}]}},"jetpack_featured_media_url":"https:\/\/arpenterlechemin.com\/wp-content\/uploads\/2017\/09\/titre-photos.jpg","jetpack_sharing_enabled":true,"jetpack_shortlink":"https:\/\/wp.me\/p8z9hR-13I","jetpack-related-posts":[{"id":4222,"url":"https:\/\/arpenterlechemin.com\/index.php\/2017\/11\/16\/elucubrations-quand-ma-niece-feuillettera-mes-albums-de-voyage\/","url_meta":{"origin":4074,"position":0},"title":"\u00c9LUCUBRATIONS \/\/ Quand ma ni\u00e8ce feuillettera mes albums de voyage","date":"16 novembre 2017","format":false,"excerpt":"Dans dix ans, j'aurai 43 ans (passons vite sur cette id\u00e9e perturbante) et ma ni\u00e8ce aura quinze ans. Elle s'amusera peut-\u00eatre \u00e0 feuilleter mes albums photo pour voir comment c'\u00e9tait avant, quand Tata Audrey \u00e9tait jeune, \u00e0 l'\u00e8re pr\u00e9historique (en 2017, donc). Elle feuillettera distraitement mes albums virtuels et je\u2026","rel":"","context":"Dans &quot;Blog&quot;","img":{"alt_text":"","src":"https:\/\/i0.wp.com\/arpenterlechemin.com\/wp-content\/uploads\/2017\/11\/TITRE-PHOTOS-VOYAGE.jpg?resize=350%2C200&ssl=1","width":350,"height":200},"classes":[]},{"id":1398,"url":"https:\/\/arpenterlechemin.com\/index.php\/2016\/11\/24\/voyageuse-solo-et-introvertie-cest-possible-2\/","url_meta":{"origin":4074,"position":1},"title":"\u00c9LUCUBRATIONS \/\/ Voyageuse solo et introvertie : c&rsquo;est possible !","date":"24 novembre 2016","format":false,"excerpt":"Quand j'annonce que je vais voyager en solo, la m\u00eame\u00a0r\u00e9action revient dans environ 99,99 % des cas. Mais tu vas rencontrer des gens en chemin, non ? Tu vas aller dans des auberges de jeunesse, pour rencontrer des gens ? Oh c'est super, c'est comme \u00e7a qu'on rencontre le plus\u2026","rel":"","context":"Dans &quot;Blog&quot;","img":{"alt_text":"","src":"https:\/\/i0.wp.com\/arpenterlechemin.com\/wp-content\/uploads\/2016\/11\/WP_000587-bis.jpg?resize=350%2C200&ssl=1","width":350,"height":200},"classes":[]},{"id":1225,"url":"https:\/\/arpenterlechemin.com\/index.php\/2016\/11\/03\/la-voyageuse-qui-naimait-pas-prendre-lavion-2\/","url_meta":{"origin":4074,"position":2},"title":"\u00c9LUCUBRATIONS \/\/ La voyageuse qui n&rsquo;aimait pas prendre l&rsquo;avion","date":"3 novembre 2016","format":false,"excerpt":"Voici une\u00a0confession \u00e0 laquelle tu ne t'attendais peut-\u00eatre pas : j'ai peur de l'avion. Pire encore : j'en ai tellement la trouille que cela peut confiner \u00e0 de la phobie. Du plus loin que je me souvienne, j'ai presque toujours eu peur de l'avion. De mon premier vol \u00e0 12\u2026","rel":"","context":"Dans &quot;Blog&quot;","img":{"alt_text":"","src":"https:\/\/i0.wp.com\/arpenterlechemin.com\/wp-content\/uploads\/2016\/10\/la-voyageuse-qui-naimait-pas-lavion.jpg?resize=350%2C200&ssl=1","width":350,"height":200},"classes":[]},{"id":3248,"url":"https:\/\/arpenterlechemin.com\/index.php\/2017\/07\/31\/la-voyageuse-trouillarde\/","url_meta":{"origin":4074,"position":3},"title":"\u00c9LUCUBRATIONS \/\/ La voyageuse trouillarde","date":"31 juillet 2017","format":false,"excerpt":"Je ne pense conna\u00eetre personne dont son image publique et son image intime soient en parfaite ad\u00e9quation. Par image publique, j'entends la fa\u00e7on dont les autres voient cette personnes ; l'admiration, l'inspiration, ou sinon la piti\u00e9 ou le m\u00e9pris que cette personne suscite. Par image intime, j'entends la vision que\u2026","rel":"","context":"Dans &quot;Blog&quot;","img":{"alt_text":"","src":"https:\/\/i0.wp.com\/arpenterlechemin.com\/wp-content\/uploads\/2018\/07\/VOYAGEUSE-TROUILLARDE.jpg?resize=350%2C200&ssl=1","width":350,"height":200},"classes":[]},{"id":3071,"url":"https:\/\/arpenterlechemin.com\/index.php\/2017\/06\/22\/la-voyageuse-materialiste\/","url_meta":{"origin":4074,"position":4},"title":"\u00c9LUCUBRATIONS \/\/ La voyageuse mat\u00e9rialiste","date":"22 juin 2017","format":false,"excerpt":"Ces derniers temps, je vois souvent revenir dans les sph\u00e8res de nomades-blogueurs-technotravailleurs des publications dont la teneur peut se r\u00e9sumer \u00e0 \u00e7a : \"Le mat\u00e9rialisme c'est mal, moi je pr\u00e9f\u00e8re d\u00e9penser mon argent en surf, bi\u00e8res et voyages, plut\u00f4t qu'en voiture et en pr\u00eat immobilier hahahihoho.\" Je comprends tr\u00e8s bien\u2026","rel":"","context":"Dans &quot;Blog&quot;","img":{"alt_text":"","src":"https:\/\/i0.wp.com\/arpenterlechemin.com\/wp-content\/uploads\/2017\/04\/voyageuse-mat\u00e9rialiste.jpg?resize=350%2C200&ssl=1","width":350,"height":200},"classes":[]},{"id":1459,"url":"https:\/\/arpenterlechemin.com\/index.php\/2016\/12\/12\/voyage-et-artifice-dans-la-bulle-du-voyageur-2\/","url_meta":{"origin":4074,"position":5},"title":"\u00c9LUCUBRATIONS \/\/ Voyage et artifice : dans la bulle du voyageur","date":"12 d\u00e9cembre 2016","format":false,"excerpt":"Ce mardi, j'\u00e9tais attabl\u00e9e \u00e0 un chouette caf\u00e9 dans Antigua. Le genre de caf\u00e9 avec un patio, qui sert des latte, des am\u00e9ricanos et aussi quelques boissons locales comme des horchatas, histoire de dire. Un caf\u00e9 o\u00f9 le personnel est local et la client\u00e8le est d'ailleurs. Je me disais que\u2026","rel":"","context":"Dans &quot;Blog&quot;","img":{"alt_text":"_11407372","src":"https:\/\/i0.wp.com\/arpenterlechemin.com\/wp-content\/uploads\/2016\/11\/11407372-1024x769.jpg?resize=350%2C200","width":350,"height":200},"classes":[]}],"_links":{"self":[{"href":"https:\/\/arpenterlechemin.com\/index.php\/wp-json\/wp\/v2\/posts\/4074"}],"collection":[{"href":"https:\/\/arpenterlechemin.com\/index.php\/wp-json\/wp\/v2\/posts"}],"about":[{"href":"https:\/\/arpenterlechemin.com\/index.php\/wp-json\/wp\/v2\/types\/post"}],"author":[{"embeddable":true,"href":"https:\/\/arpenterlechemin.com\/index.php\/wp-json\/wp\/v2\/users\/1"}],"replies":[{"embeddable":true,"href":"https:\/\/arpenterlechemin.com\/index.php\/wp-json\/wp\/v2\/comments?post=4074"}],"version-history":[{"count":0,"href":"https:\/\/arpenterlechemin.com\/index.php\/wp-json\/wp\/v2\/posts\/4074\/revisions"}],"wp:featuredmedia":[{"embeddable":true,"href":"https:\/\/arpenterlechemin.com\/index.php\/wp-json\/wp\/v2\/media\/4085"}],"wp:attachment":[{"href":"https:\/\/arpenterlechemin.com\/index.php\/wp-json\/wp\/v2\/media?parent=4074"}],"wp:term":[{"taxonomy":"category","embeddable":true,"href":"https:\/\/arpenterlechemin.com\/index.php\/wp-json\/wp\/v2\/categories?post=4074"},{"taxonomy":"post_tag","embeddable":true,"href":"https:\/\/arpenterlechemin.com\/index.php\/wp-json\/wp\/v2\/tags?post=4074"}],"curies":[{"name":"wp","href":"https:\/\/api.w.org\/{rel}","templated":true}]}}