{"id":4012,"date":"2017-08-14T02:55:15","date_gmt":"2017-08-14T06:55:15","guid":{"rendered":"http:\/\/arpenterlechemin.com\/?p=4012"},"modified":"2018-10-12T14:25:46","modified_gmt":"2018-10-12T18:25:46","slug":"voyager-en-van-idees-et-astuces-de-voyageurs","status":"publish","type":"post","link":"https:\/\/arpenterlechemin.com\/index.php\/2017\/08\/14\/voyager-en-van-idees-et-astuces-de-voyageurs\/","title":{"rendered":"Voyager en van : id\u00e9es et astuces de voyageurs"},"content":{"rendered":"<p style=\"text-align: left;\">Bonjour \u00e0 tous ! J&rsquo;esp\u00e8re que vous passez un \u00e9t\u00e9 rayonnant ! De mon c\u00f4t\u00e9 je prends souvent la route avec mon petit van, et malgr\u00e9 quelques impr\u00e9vus, je m&rsquo;amuse \u00e9norm\u00e9ment ! Un van de 27 ans, c&rsquo;est normal qu&rsquo;il y ait quelques anicroches, le d\u00e9marreur qui ne d\u00e9marre plus, la batterie qui l\u00e2che&#8230; La routine !<\/p>\n<p style=\"text-align: left;\">Je dois avouer que je me sens faire un peu partie d&rsquo;une grande communaut\u00e9 d\u00e9sormais, celle des nomades sur la route. Enfin, plut\u00f4t nomade \u00e0 la petite semaine. Ou juste voyageuse en van ? Je suis loin de vivre \u00e0 plein temps dans mon van mais je me surprends \u00e0 faire des signes de main aux conducteurs de van que je croise sur les routes. Ou des signes de t\u00eate discrets \u00e0 mes homologues dans les campings. Le genre de signe qui dit \u00ab\u00a0moi aussi\u00a0\u00bb. Qui dit, \u00ab\u00a0je suis dans la confr\u00e9rie\u00a0\u00bb.<\/p>\n<p style=\"text-align: left;\">Malgr\u00e9 ce joli sentiment d&rsquo;appartenance, je me sens aussi comme une petite bleue qui d\u00e9barque et \u00e0 encore beaucoup \u00e0 apprendre. Non mais c&rsquo;est vrai, comment on vit, concr\u00e8tement, sur la route ? J&rsquo;ai donc demand\u00e9 \u00e0 d&rsquo;autres voyageurs de partager leur exp\u00e9rience du voyage ou de la vie sur la route, et voici quelques t\u00e9moignages pr\u00e9cieux, qui me donnent encore plus envie de rouler et de devenir une vieille briscarde du van \u00e0 bandana (le bandana est peut-\u00eatre optionnel, en fait). Merci \u00e0 tous pour vos conseils !<\/p>\n<p style=\"text-align: left;\"><img decoding=\"async\" loading=\"lazy\" class=\"aligncenter wp-image-4019 size-full\" src=\"http:\/\/arpenterlechemin.com\/wp-content\/uploads\/2017\/08\/voyager-en-van.jpg\" alt=\"\" width=\"1986\" height=\"1490\" srcset=\"https:\/\/arpenterlechemin.com\/wp-content\/uploads\/2017\/08\/voyager-en-van.jpg 1986w, https:\/\/arpenterlechemin.com\/wp-content\/uploads\/2017\/08\/voyager-en-van-300x225.jpg 300w, https:\/\/arpenterlechemin.com\/wp-content\/uploads\/2017\/08\/voyager-en-van-768x576.jpg 768w, https:\/\/arpenterlechemin.com\/wp-content\/uploads\/2017\/08\/voyager-en-van-1024x768.jpg 1024w\" sizes=\"(max-width: 1986px) 100vw, 1986px\" \/><\/p>\n<p style=\"text-align: left;\">&#8212;<\/p>\n<p style=\"text-align: left;\">Visiter la Mongolie en van est une exp\u00e9rience unique que peu de gens ont la chance de conna\u00eetre. C\u2019est un hasard qui nous a fait rencontrer Jeroen, un Hollandais allum\u00e9 dans un bar d\u2019Oulan Bator, la capitale de la Mongolie, alors que je voyageais avec mon amie Sarah. Apr\u00e8s une longue discussion, on se met d\u2019accord pour payer l\u2019essence et en \u00e9change, Jeroen nous emm\u00e8nera \u00e0 travers la Mongolie, l\u00e0 o\u00f9 le van qui n\u2019a que deux roues motrices pourra bien nous emmener.<\/p>\n<p style=\"text-align: left;\">Jeroen est arriv\u00e9 de Hollande avec son van, alors il a des kilom\u00e8tres au compteur et connait bien le pays. Il a aussi une chienne mongole d\u2019adoption lorsqu\u2019il est l\u00e0. Nous partons donc tous les quatre \u00e0 l\u2019aventure \u00e0 travers les steppes de Mongolie. Il n\u2019y a pas vraiment de routes, encore moins de panneaux ; c\u2019est donc avec le GPS qu\u2019on arrive \u00e0 se diriger et atteindre les lieux qu\u2019on veut visiter. La chienne est adorable, ne demande jamais rien et n\u2019aboie jamais. De plus, elle se met sur notre lit la nuit et nous r\u00e9chauffe, car il peut faire tr\u00e8s froid en Mongolie la nuit, m\u00eame en \u00e9t\u00e9. Le van est tr\u00e8s basique, il n\u2019y a pas de douche. On exp\u00e9rimente une panne d\u00e8s le d\u00e9but du road trip. Si je dois donner un conseil pour un voyage en van, peu importe le pays, c\u2019est qu\u2019au moins une personne s\u2019y connaisse en m\u00e9canique.<\/p>\n<p style=\"text-align: left;\">Emily du blog <a href=\"http:\/\/travelandfilm.com\/voyage-mongolie-road-trip-van-steppes\/\">Travel and Film<\/a> (superbe billet au bout du lien !)<\/p>\n<p style=\"text-align: left;\"><img decoding=\"async\" loading=\"lazy\" class=\"aligncenter wp-image-4014 size-full\" src=\"http:\/\/arpenterlechemin.com\/wp-content\/uploads\/2017\/08\/Emily-Z-TravelAndFilm.jpg\" alt=\"\" width=\"1000\" height=\"665\" srcset=\"https:\/\/arpenterlechemin.com\/wp-content\/uploads\/2017\/08\/Emily-Z-TravelAndFilm.jpg 1000w, https:\/\/arpenterlechemin.com\/wp-content\/uploads\/2017\/08\/Emily-Z-TravelAndFilm-300x200.jpg 300w, https:\/\/arpenterlechemin.com\/wp-content\/uploads\/2017\/08\/Emily-Z-TravelAndFilm-768x511.jpg 768w\" sizes=\"(max-width: 1000px) 100vw, 1000px\" \/><\/p>\n<p style=\"text-align: left;\">&#8212;<\/p>\n<p style=\"text-align: left;\">Notre aventure en Nouvelle-Z\u00e9lande a commenc\u00e9 \u00e0 Auckland, et puis nous avons ensuite pass\u00e9 trois mois sur les routes kiwies \u00e0 bord de notre Toyota Estima Lucida. La route pour nous tous seuls&#8230; La c\u00f4te, la mer, les otaries, les pingouins, les eaux \u00e9meraudes du lac Tekapo, les routes sublimes qui nous m\u00e8nent au Mont Cook, la rencontre de la mer de Tasman et de l&rsquo;oc\u00e9an Pacifique \u00e0 Cap Reinga&#8230; Ces trois mois de road-trip resteront \u00e0 jamais grav\u00e9s dans nos m\u00e9moires. Nous avons pu profiter pleinement de ce pays, de sa culture, de ses paysages.<\/p>\n<p style=\"text-align: left;\">Car voyager en van c&rsquo;est \u00e7a : la libert\u00e9 totale. Nous n&rsquo;avions aucune contrainte de temps, et les campings \u00e9taient tr\u00e8s bon march\u00e9 et toujours excellemment bien situ\u00e9s. Nous avons pu compter sur WikiCamps, une appli mobile tr\u00e8s pratique qui permet de trouver facilement les campings alentours (adresse, prix, services, commentaires de voyageurs&#8230;). On ne compte plus les r\u00e9veils les pieds dans le sable, les panoramas sur le lac Pukaki, les nuits \u00e9toil\u00e9es allong\u00e9s sur notre matelas et les yeux riv\u00e9s dans l&rsquo;ouverture du toit panoramique&#8230; La vie en van c&rsquo;est tout \u00e7a, des choses simples mais de grands moments de bonheur.<\/p>\n<p style=\"text-align: left;\">Quel conseil vous donner pour un voyage en van en NZ ? Achetez votre van en hiver et revendez-le en \u00e9t\u00e9, vous pourrez faire une belle plus value.<\/p>\n<p style=\"text-align: left;\">Nicolas Pineau et Ambre Bendali du blog <a href=\"http:\/\/www.travelando.fr\">Travelando<\/a><\/p>\n<p style=\"text-align: left;\"><img decoding=\"async\" loading=\"lazy\" class=\"size-full wp-image-4015 aligncenter\" src=\"http:\/\/arpenterlechemin.com\/wp-content\/uploads\/2017\/08\/Travelando.jpg\" alt=\"\" width=\"3344\" height=\"2224\" srcset=\"https:\/\/arpenterlechemin.com\/wp-content\/uploads\/2017\/08\/Travelando.jpg 3344w, https:\/\/arpenterlechemin.com\/wp-content\/uploads\/2017\/08\/Travelando-300x200.jpg 300w, https:\/\/arpenterlechemin.com\/wp-content\/uploads\/2017\/08\/Travelando-768x511.jpg 768w, https:\/\/arpenterlechemin.com\/wp-content\/uploads\/2017\/08\/Travelando-1024x681.jpg 1024w\" sizes=\"(max-width: 3344px) 100vw, 3344px\" \/><\/p>\n<p style=\"text-align: left;\">&#8212;<\/p>\n<p style=\"text-align: left;\">Voyager en\u00a0<span id=\"0.545297197779538\" class=\"highlight\">van<\/span>\u00a0est un mode de vie \u00e0 part enti\u00e8re, une fois que tu y as go\u00fbt\u00e9, il est difficile de s\u2019en passer. Nous avons d\u00e9j\u00e0 v\u00e9cu plus de 10 mois en\u00a0<span id=\"0.5427023815100702\" class=\"highlight\">van<\/span>\u00a0en Australie (notre voyage n\u2019est pas termin\u00e9 \ud83d\ude09 ), et nous avons ador\u00e9 la libert\u00e9 de ce mode de voyage. Nous avons achet\u00e9 notre\u00a0<span id=\"0.5167770918609043\" class=\"highlight\">van\u00a0<\/span>compl\u00e8tement vide, car nous voulions le construire nous-m\u00eames afin de s\u2019y sentir compl\u00e8tement chez nous. Sans oublier la fiert\u00e9 de voir le r\u00e9sultat de notre travail !<\/p>\n<p style=\"text-align: left;\">C\u2019est aussi grace \u00e0 un voyage comme celui l\u00e0 qu\u2019on se rend compte \u00e0 quel point nous pouvons nous passer de beaucoup de choses. Une vie plus simple est souvent synonyme de libert\u00e9 et de l\u00e9g\u00e8ret\u00e9. Notre conseil serait de ne pas se presser lors de l\u2019achat ou de la construction de son\u00a0<span id=\"0.49307184126996595\" class=\"highlight\">van<\/span>. On a beau \u00eatre tout excit\u00e9 par le projet, il vaut mieux prendre son temps et ne pas s\u2019\u00e9tonner si m\u00eame apr\u00e8s quelques temps il y a toujours des ajustements \u00e0 faire. S\u2019y sentir comme chez soi est vraiment le plus important, plus qu\u2019un moyen de transport, c\u2019est aussi et surtout notre maison. \ud83d\ude42<\/p>\n<p style=\"text-align: left;\">Aur\u00e9lie et Francis du blog <a href=\"http:\/\/www.afnewstravel.com\">AF News Travel<\/a><\/p>\n<p style=\"text-align: left;\"><img decoding=\"async\" loading=\"lazy\" class=\"size-full wp-image-4016 aligncenter\" src=\"http:\/\/arpenterlechemin.com\/wp-content\/uploads\/2017\/08\/AFNews.jpg\" alt=\"\" width=\"1500\" height=\"1000\" srcset=\"https:\/\/arpenterlechemin.com\/wp-content\/uploads\/2017\/08\/AFNews.jpg 1500w, https:\/\/arpenterlechemin.com\/wp-content\/uploads\/2017\/08\/AFNews-300x200.jpg 300w, https:\/\/arpenterlechemin.com\/wp-content\/uploads\/2017\/08\/AFNews-768x512.jpg 768w, https:\/\/arpenterlechemin.com\/wp-content\/uploads\/2017\/08\/AFNews-1024x683.jpg 1024w\" sizes=\"(max-width: 1500px) 100vw, 1500px\" \/><\/p>\n<p style=\"text-align: left;\">&#8212;<\/p>\n<p style=\"text-align: left;\">Et si on partait voyager en van ? Sur un coup de t\u00eate, nous avons d\u00e9cid\u00e9 de quitter notre petit quotidien rang\u00e9 pour vivre la vie dont on r\u00eavait ! Il y a un an nous avons achet\u00e9 notre Ford Transit enti\u00e8rement vide et l\u2019avons am\u00e9nag\u00e9 \u00e0 notre go\u00fbt de A \u00e0 Z. Nous avons embarqu\u00e9 notre chien et notre chat, rendus notre appartement et sommes partis sur les routes ! Depuis trois mois, nous sillonnons l\u2019Europe, de l\u2019Angleterre \u00e0 l\u2019Ecosse en allant vers l\u2019Allemagne, l\u2019Autriche ou encore la Croatie, nous vivons notre r\u00eave.<\/p>\n<p style=\"text-align: left;\">L\u2019Europe rec\u00e8le de coins magiques, qu\u2019on ne soup\u00e7onnait pas ! La vie en van n\u2019est pas toujours simple, \u00e0 quatre dans 4 m\u00b2, c\u2019est une question d\u2019organisation. Replier le lit le matin, passer la balayette plusieurs fois par jour, ranger chaque chose \u00e0 sa place, pour pouvoir vivre confortablement dans un si petit espace. Mais quel bonheur de se r\u00e9veiller le matin dans un endroit diff\u00e9rent, d\u2019admirer les lacs, les montagnes, la mer par nos fen\u00eatres\u2026 La libert\u00e9 que procure le camion am\u00e9nag\u00e9 est indescriptible !<\/p>\n<p style=\"text-align: left;\">Le van \u00e9tant un endroit spartiate, ne l\u00e9sinez pas sur toutes les petites choses qui peuvent vous apporter confort et bien-\u00eatre, comme une douche 12v, une petite glaci\u00e8re \u00e9lectrique ou encore des pare-soleil de qualit\u00e9 ! Le voyage et l\u2019exp\u00e9rience n\u2019en seront que meilleurs sans alt\u00e9rer le go\u00fbt de la vie en van !<\/p>\n<p style=\"text-align: left;\">Marion et Florian du blog <a href=\"http:\/\/thetravellingshed.com\">The Travelling Shed<\/a><\/p>\n<p style=\"text-align: left;\"><img decoding=\"async\" loading=\"lazy\" class=\"size-full wp-image-4017 aligncenter\" src=\"http:\/\/arpenterlechemin.com\/wp-content\/uploads\/2017\/08\/Travelling-Shed.jpg\" alt=\"\" width=\"4000\" height=\"3000\" srcset=\"https:\/\/arpenterlechemin.com\/wp-content\/uploads\/2017\/08\/Travelling-Shed.jpg 4000w, https:\/\/arpenterlechemin.com\/wp-content\/uploads\/2017\/08\/Travelling-Shed-300x225.jpg 300w, https:\/\/arpenterlechemin.com\/wp-content\/uploads\/2017\/08\/Travelling-Shed-768x576.jpg 768w, https:\/\/arpenterlechemin.com\/wp-content\/uploads\/2017\/08\/Travelling-Shed-1024x768.jpg 1024w\" sizes=\"(max-width: 4000px) 100vw, 4000px\" \/><\/p>\n<p style=\"text-align: left;\">&#8212;<\/p>\n<p style=\"text-align: left;\">C\u2019est en Westfalia que nous avons fait le tour de Big Island, la plus grande \u00eele d\u2019Hawaii. Le tour de l\u2019\u00eele en amoureux nous a permis de vivre des exp\u00e9riences uniques : admirer le coucher du soleil au sommet du Mauna Kea, nager avec des tortues de mer, chasser la lave qui s\u2019\u00e9coule du volcan Kilauea, d\u00e9couvrir des p\u00e9troglyphes grav\u00e9es dans la lave sur les flancs du Pu\u2019u Loa, marcher dans un tube de lave form\u00e9 depuis plus de 500 ans, se pr\u00e9lasser sur des plages de sable blanc, blond, noir\u2026 et m\u00eame vert!<\/p>\n<p style=\"text-align: left;\">Le choix du Westfalia pour vivre notre aventure sur l\u2019\u00eele s\u2019est rapidement impos\u00e9 \u00e0 nous lorsque nous avons trac\u00e9 notre itin\u00e9raire. Nous voulions d\u00e9couvrir le maximum de cette \u00eele, sans perdre de temps \u00e0 alterner les check in et les check out. Nous voulions \u00eatre mobiles, nous laisser porter par l\u2019aventure, tout en nous sentant libres de nous attarder dans certains lieux qui nous plaisaient ou d\u2019\u00e9courter le temps pass\u00e9 sur d\u2019autres sites qui, \u00e0 nos yeux, \u00e9taient d\u00e9cevants. Le Westfalia se pr\u00eate bien \u00e0 ce style de voyage. Douillette de nature, j\u2019avais quand m\u00eame des craintes quant au confort limit\u00e9 de ce type de voyage\u2026<\/p>\n<p style=\"text-align: left;\">Mes conseils pour bien vivre ce type d\u2019aventure en couple : bien communiquer, s\u2019adapter aux impr\u00e9vus, \u00eatre positifs et ne pas se prendre la t\u00eate!<\/p>\n<p style=\"text-align: left;\">Eve Pouliot du blogue <a href=\"http:\/\/www.nosracinesur4continents.com\">Nos racines sur 4 continents\u00a0<\/a><\/p>\n<p style=\"text-align: left;\"><img decoding=\"async\" loading=\"lazy\" class=\"size-full wp-image-4018 aligncenter\" src=\"http:\/\/arpenterlechemin.com\/wp-content\/uploads\/2017\/08\/4continents.jpg\" alt=\"\" width=\"720\" height=\"540\" srcset=\"https:\/\/arpenterlechemin.com\/wp-content\/uploads\/2017\/08\/4continents.jpg 720w, https:\/\/arpenterlechemin.com\/wp-content\/uploads\/2017\/08\/4continents-300x225.jpg 300w\" sizes=\"(max-width: 720px) 100vw, 720px\" \/><\/p>\n<p style=\"text-align: left;\">&#8212;<\/p>\n<p style=\"text-align: left;\">Pour lire toujours plus de t\u00e9moignages sur ce th\u00e8me, allez voir l&rsquo;excellent billet collaboratif de <a href=\"http:\/\/www.globetrekkeuse.com\/road-trip-en-van-amenage-experiences\/\">Globetrekkeuse <\/a>! Et chez H\u00e9l\u00e8ne, Paule-\u00c9lise et Ruby de <a href=\"https:\/\/1916kilometres.wordpress.com\">1916 kilom\u00e8tres<\/a> pour des voyages en van en France<\/p>\n<p style=\"text-align: left;\"><em>Et vous, vous avez d\u00e9j\u00e0 v\u00e9cu l&rsquo;exp\u00e9rience du voyage en van ? Vous avez d&rsquo;autres conseils \u00e0 me donner ?<\/em><\/p>\n","protected":false},"excerpt":{"rendered":"<p>Bonjour \u00e0 tous ! J&rsquo;esp\u00e8re que vous passez un \u00e9t\u00e9 rayonnant ! De mon c\u00f4t\u00e9 je prends souvent la route avec mon petit van, et malgr\u00e9 quelques impr\u00e9vus, je m&rsquo;amuse \u00e9norm\u00e9ment ! Un van de 27 ans, c&rsquo;est normal qu&rsquo;il y ait quelques anicroches, le d\u00e9marreur qui ne d\u00e9marre plus, la batterie qui l\u00e2che&#8230; La routine ! Je dois avouer que je me sens faire un peu partie d&rsquo;une grande communaut\u00e9 d\u00e9sormais, celle des nomades sur la route. Enfin, plut\u00f4t nomade \u00e0 la petite semaine. Ou juste voyageuse en van <\/p>\n","protected":false},"author":1,"featured_media":4019,"comment_status":"open","ping_status":"open","sticky":false,"template":"","format":"standard","meta":{"jetpack_post_was_ever_published":false},"categories":[1,3],"tags":[558,566,490,571,573],"yoast_head":"<!-- This site is optimized with the Yoast SEO plugin v20.7 - https:\/\/yoast.com\/wordpress\/plugins\/seo\/ -->\n<title>Voyager en van : id\u00e9es et astuces de voyageurs - Arpenter le chemin<\/title>\n<meta name=\"robots\" content=\"index, follow, max-snippet:-1, max-image-preview:large, max-video-preview:-1\" \/>\n<link rel=\"canonical\" href=\"https:\/\/arpenterlechemin.com\/index.php\/2017\/08\/14\/voyager-en-van-idees-et-astuces-de-voyageurs\/\" \/>\n<meta property=\"og:locale\" content=\"fr_FR\" \/>\n<meta property=\"og:type\" content=\"article\" \/>\n<meta property=\"og:title\" content=\"Voyager en van : id\u00e9es et astuces de voyageurs - Arpenter le chemin\" \/>\n<meta property=\"og:description\" content=\"Bonjour \u00e0 tous ! J&rsquo;esp\u00e8re que vous passez un \u00e9t\u00e9 rayonnant ! De mon c\u00f4t\u00e9 je prends souvent la route avec mon petit van, et malgr\u00e9 quelques impr\u00e9vus, je m&rsquo;amuse \u00e9norm\u00e9ment ! Un van de 27 ans, c&rsquo;est normal qu&rsquo;il y ait quelques anicroches, le d\u00e9marreur qui ne d\u00e9marre plus, la batterie qui l\u00e2che&#8230; La routine ! Je dois avouer que je me sens faire un peu partie d&rsquo;une grande communaut\u00e9 d\u00e9sormais, celle des nomades sur la route. Enfin, plut\u00f4t nomade \u00e0 la petite semaine. Ou juste voyageuse en van\" \/>\n<meta property=\"og:url\" content=\"https:\/\/arpenterlechemin.com\/index.php\/2017\/08\/14\/voyager-en-van-idees-et-astuces-de-voyageurs\/\" \/>\n<meta property=\"og:site_name\" content=\"Arpenter le chemin\" \/>\n<meta property=\"article:published_time\" content=\"2017-08-14T06:55:15+00:00\" \/>\n<meta property=\"article:modified_time\" content=\"2018-10-12T18:25:46+00:00\" \/>\n<meta property=\"og:image\" content=\"https:\/\/arpenterlechemin.com\/wp-content\/uploads\/2017\/08\/voyager-en-van.jpg\" \/>\n\t<meta property=\"og:image:width\" content=\"1986\" \/>\n\t<meta property=\"og:image:height\" content=\"1490\" \/>\n\t<meta property=\"og:image:type\" content=\"image\/jpeg\" \/>\n<meta name=\"author\" content=\"Audrey\" \/>\n<meta name=\"twitter:card\" content=\"summary_large_image\" \/>\n<meta name=\"twitter:label1\" content=\"\u00c9crit par\" \/>\n\t<meta name=\"twitter:data1\" content=\"Audrey\" \/>\n\t<meta name=\"twitter:label2\" content=\"Dur\u00e9e de lecture estim\u00e9e\" \/>\n\t<meta name=\"twitter:data2\" content=\"8 minutes\" \/>\n<script type=\"application\/ld+json\" class=\"yoast-schema-graph\">{\"@context\":\"https:\/\/schema.org\",\"@graph\":[{\"@type\":\"Article\",\"@id\":\"https:\/\/arpenterlechemin.com\/index.php\/2017\/08\/14\/voyager-en-van-idees-et-astuces-de-voyageurs\/#article\",\"isPartOf\":{\"@id\":\"https:\/\/arpenterlechemin.com\/index.php\/2017\/08\/14\/voyager-en-van-idees-et-astuces-de-voyageurs\/\"},\"author\":{\"name\":\"Audrey\",\"@id\":\"https:\/\/arpenterlechemin.com\/#\/schema\/person\/1d187818c0988fbea4d682c1e59c795c\"},\"headline\":\"Voyager en van : id\u00e9es et astuces de voyageurs\",\"datePublished\":\"2017-08-14T06:55:15+00:00\",\"dateModified\":\"2018-10-12T18:25:46+00:00\",\"mainEntityOfPage\":{\"@id\":\"https:\/\/arpenterlechemin.com\/index.php\/2017\/08\/14\/voyager-en-van-idees-et-astuces-de-voyageurs\/\"},\"wordCount\":1572,\"commentCount\":2,\"publisher\":{\"@id\":\"https:\/\/arpenterlechemin.com\/#organization\"},\"keywords\":[\"article collaboratif\",\"\u00e9t\u00e9\",\"roadtrip\",\"vanlife\",\"voyager en van\"],\"articleSection\":[\"Blog\",\"\u00c9lucubrations\"],\"inLanguage\":\"fr-FR\",\"potentialAction\":[{\"@type\":\"CommentAction\",\"name\":\"Comment\",\"target\":[\"https:\/\/arpenterlechemin.com\/index.php\/2017\/08\/14\/voyager-en-van-idees-et-astuces-de-voyageurs\/#respond\"]}]},{\"@type\":\"WebPage\",\"@id\":\"https:\/\/arpenterlechemin.com\/index.php\/2017\/08\/14\/voyager-en-van-idees-et-astuces-de-voyageurs\/\",\"url\":\"https:\/\/arpenterlechemin.com\/index.php\/2017\/08\/14\/voyager-en-van-idees-et-astuces-de-voyageurs\/\",\"name\":\"Voyager en van : id\u00e9es et astuces de voyageurs - Arpenter le chemin\",\"isPartOf\":{\"@id\":\"https:\/\/arpenterlechemin.com\/#website\"},\"datePublished\":\"2017-08-14T06:55:15+00:00\",\"dateModified\":\"2018-10-12T18:25:46+00:00\",\"breadcrumb\":{\"@id\":\"https:\/\/arpenterlechemin.com\/index.php\/2017\/08\/14\/voyager-en-van-idees-et-astuces-de-voyageurs\/#breadcrumb\"},\"inLanguage\":\"fr-FR\",\"potentialAction\":[{\"@type\":\"ReadAction\",\"target\":[\"https:\/\/arpenterlechemin.com\/index.php\/2017\/08\/14\/voyager-en-van-idees-et-astuces-de-voyageurs\/\"]}]},{\"@type\":\"BreadcrumbList\",\"@id\":\"https:\/\/arpenterlechemin.com\/index.php\/2017\/08\/14\/voyager-en-van-idees-et-astuces-de-voyageurs\/#breadcrumb\",\"itemListElement\":[{\"@type\":\"ListItem\",\"position\":1,\"name\":\"Home\",\"item\":\"https:\/\/arpenterlechemin.com\/\"},{\"@type\":\"ListItem\",\"position\":2,\"name\":\"Voyager en van : id\u00e9es et astuces de voyageurs\"}]},{\"@type\":\"WebSite\",\"@id\":\"https:\/\/arpenterlechemin.com\/#website\",\"url\":\"https:\/\/arpenterlechemin.com\/\",\"name\":\"Arpenter le chemin\",\"description\":\"\",\"publisher\":{\"@id\":\"https:\/\/arpenterlechemin.com\/#organization\"},\"potentialAction\":[{\"@type\":\"SearchAction\",\"target\":{\"@type\":\"EntryPoint\",\"urlTemplate\":\"https:\/\/arpenterlechemin.com\/?s={search_term_string}\"},\"query-input\":\"required name=search_term_string\"}],\"inLanguage\":\"fr-FR\"},{\"@type\":\"Organization\",\"@id\":\"https:\/\/arpenterlechemin.com\/#organization\",\"name\":\"Arpenter le chemin\",\"url\":\"https:\/\/arpenterlechemin.com\/\",\"logo\":{\"@type\":\"ImageObject\",\"inLanguage\":\"fr-FR\",\"@id\":\"https:\/\/arpenterlechemin.com\/#\/schema\/logo\/image\/\",\"url\":\"https:\/\/arpenterlechemin.com\/wp-content\/uploads\/2017\/04\/icone-4.jpg\",\"contentUrl\":\"https:\/\/arpenterlechemin.com\/wp-content\/uploads\/2017\/04\/icone-4.jpg\",\"width\":150,\"height\":73,\"caption\":\"Arpenter le chemin\"},\"image\":{\"@id\":\"https:\/\/arpenterlechemin.com\/#\/schema\/logo\/image\/\"}},{\"@type\":\"Person\",\"@id\":\"https:\/\/arpenterlechemin.com\/#\/schema\/person\/1d187818c0988fbea4d682c1e59c795c\",\"name\":\"Audrey\",\"image\":{\"@type\":\"ImageObject\",\"inLanguage\":\"fr-FR\",\"@id\":\"https:\/\/arpenterlechemin.com\/#\/schema\/person\/image\/\",\"url\":\"https:\/\/secure.gravatar.com\/avatar\/b75298f64c73f1709976c50921beae6a?s=96&d=mm&r=g\",\"contentUrl\":\"https:\/\/secure.gravatar.com\/avatar\/b75298f64c73f1709976c50921beae6a?s=96&d=mm&r=g\",\"caption\":\"Audrey\"},\"description\":\"Allergique \u00e0 la routine, atteinte de bougeotte aigu\u00eb, j'essaie de m'envoler aussi souvent que possible, seule, en couple ou entre amis ! Ville, nature, culture, rando... tout me va, \u00e0 partir du moment o\u00f9 je suis dehors.\",\"url\":\"https:\/\/arpenterlechemin.com\/index.php\/author\/audreyf\/\"}]}<\/script>\n<!-- \/ Yoast SEO plugin. -->","yoast_head_json":{"title":"Voyager en van : id\u00e9es et astuces de voyageurs - Arpenter le chemin","robots":{"index":"index","follow":"follow","max-snippet":"max-snippet:-1","max-image-preview":"max-image-preview:large","max-video-preview":"max-video-preview:-1"},"canonical":"https:\/\/arpenterlechemin.com\/index.php\/2017\/08\/14\/voyager-en-van-idees-et-astuces-de-voyageurs\/","og_locale":"fr_FR","og_type":"article","og_title":"Voyager en van : id\u00e9es et astuces de voyageurs - Arpenter le chemin","og_description":"Bonjour \u00e0 tous ! J&rsquo;esp\u00e8re que vous passez un \u00e9t\u00e9 rayonnant ! De mon c\u00f4t\u00e9 je prends souvent la route avec mon petit van, et malgr\u00e9 quelques impr\u00e9vus, je m&rsquo;amuse \u00e9norm\u00e9ment ! Un van de 27 ans, c&rsquo;est normal qu&rsquo;il y ait quelques anicroches, le d\u00e9marreur qui ne d\u00e9marre plus, la batterie qui l\u00e2che&#8230; La routine ! Je dois avouer que je me sens faire un peu partie d&rsquo;une grande communaut\u00e9 d\u00e9sormais, celle des nomades sur la route. Enfin, plut\u00f4t nomade \u00e0 la petite semaine. Ou juste voyageuse en van","og_url":"https:\/\/arpenterlechemin.com\/index.php\/2017\/08\/14\/voyager-en-van-idees-et-astuces-de-voyageurs\/","og_site_name":"Arpenter le chemin","article_published_time":"2017-08-14T06:55:15+00:00","article_modified_time":"2018-10-12T18:25:46+00:00","og_image":[{"width":1986,"height":1490,"url":"https:\/\/arpenterlechemin.com\/wp-content\/uploads\/2017\/08\/voyager-en-van.jpg","type":"image\/jpeg"}],"author":"Audrey","twitter_card":"summary_large_image","twitter_misc":{"\u00c9crit par":"Audrey","Dur\u00e9e de lecture estim\u00e9e":"8 minutes"},"schema":{"@context":"https:\/\/schema.org","@graph":[{"@type":"Article","@id":"https:\/\/arpenterlechemin.com\/index.php\/2017\/08\/14\/voyager-en-van-idees-et-astuces-de-voyageurs\/#article","isPartOf":{"@id":"https:\/\/arpenterlechemin.com\/index.php\/2017\/08\/14\/voyager-en-van-idees-et-astuces-de-voyageurs\/"},"author":{"name":"Audrey","@id":"https:\/\/arpenterlechemin.com\/#\/schema\/person\/1d187818c0988fbea4d682c1e59c795c"},"headline":"Voyager en van : id\u00e9es et astuces de voyageurs","datePublished":"2017-08-14T06:55:15+00:00","dateModified":"2018-10-12T18:25:46+00:00","mainEntityOfPage":{"@id":"https:\/\/arpenterlechemin.com\/index.php\/2017\/08\/14\/voyager-en-van-idees-et-astuces-de-voyageurs\/"},"wordCount":1572,"commentCount":2,"publisher":{"@id":"https:\/\/arpenterlechemin.com\/#organization"},"keywords":["article collaboratif","\u00e9t\u00e9","roadtrip","vanlife","voyager en van"],"articleSection":["Blog","\u00c9lucubrations"],"inLanguage":"fr-FR","potentialAction":[{"@type":"CommentAction","name":"Comment","target":["https:\/\/arpenterlechemin.com\/index.php\/2017\/08\/14\/voyager-en-van-idees-et-astuces-de-voyageurs\/#respond"]}]},{"@type":"WebPage","@id":"https:\/\/arpenterlechemin.com\/index.php\/2017\/08\/14\/voyager-en-van-idees-et-astuces-de-voyageurs\/","url":"https:\/\/arpenterlechemin.com\/index.php\/2017\/08\/14\/voyager-en-van-idees-et-astuces-de-voyageurs\/","name":"Voyager en van : id\u00e9es et astuces de voyageurs - Arpenter le chemin","isPartOf":{"@id":"https:\/\/arpenterlechemin.com\/#website"},"datePublished":"2017-08-14T06:55:15+00:00","dateModified":"2018-10-12T18:25:46+00:00","breadcrumb":{"@id":"https:\/\/arpenterlechemin.com\/index.php\/2017\/08\/14\/voyager-en-van-idees-et-astuces-de-voyageurs\/#breadcrumb"},"inLanguage":"fr-FR","potentialAction":[{"@type":"ReadAction","target":["https:\/\/arpenterlechemin.com\/index.php\/2017\/08\/14\/voyager-en-van-idees-et-astuces-de-voyageurs\/"]}]},{"@type":"BreadcrumbList","@id":"https:\/\/arpenterlechemin.com\/index.php\/2017\/08\/14\/voyager-en-van-idees-et-astuces-de-voyageurs\/#breadcrumb","itemListElement":[{"@type":"ListItem","position":1,"name":"Home","item":"https:\/\/arpenterlechemin.com\/"},{"@type":"ListItem","position":2,"name":"Voyager en van : id\u00e9es et astuces de voyageurs"}]},{"@type":"WebSite","@id":"https:\/\/arpenterlechemin.com\/#website","url":"https:\/\/arpenterlechemin.com\/","name":"Arpenter le chemin","description":"","publisher":{"@id":"https:\/\/arpenterlechemin.com\/#organization"},"potentialAction":[{"@type":"SearchAction","target":{"@type":"EntryPoint","urlTemplate":"https:\/\/arpenterlechemin.com\/?s={search_term_string}"},"query-input":"required name=search_term_string"}],"inLanguage":"fr-FR"},{"@type":"Organization","@id":"https:\/\/arpenterlechemin.com\/#organization","name":"Arpenter le chemin","url":"https:\/\/arpenterlechemin.com\/","logo":{"@type":"ImageObject","inLanguage":"fr-FR","@id":"https:\/\/arpenterlechemin.com\/#\/schema\/logo\/image\/","url":"https:\/\/arpenterlechemin.com\/wp-content\/uploads\/2017\/04\/icone-4.jpg","contentUrl":"https:\/\/arpenterlechemin.com\/wp-content\/uploads\/2017\/04\/icone-4.jpg","width":150,"height":73,"caption":"Arpenter le chemin"},"image":{"@id":"https:\/\/arpenterlechemin.com\/#\/schema\/logo\/image\/"}},{"@type":"Person","@id":"https:\/\/arpenterlechemin.com\/#\/schema\/person\/1d187818c0988fbea4d682c1e59c795c","name":"Audrey","image":{"@type":"ImageObject","inLanguage":"fr-FR","@id":"https:\/\/arpenterlechemin.com\/#\/schema\/person\/image\/","url":"https:\/\/secure.gravatar.com\/avatar\/b75298f64c73f1709976c50921beae6a?s=96&d=mm&r=g","contentUrl":"https:\/\/secure.gravatar.com\/avatar\/b75298f64c73f1709976c50921beae6a?s=96&d=mm&r=g","caption":"Audrey"},"description":"Allergique \u00e0 la routine, atteinte de bougeotte aigu\u00eb, j'essaie de m'envoler aussi souvent que possible, seule, en couple ou entre amis ! Ville, nature, culture, rando... tout me va, \u00e0 partir du moment o\u00f9 je suis dehors.","url":"https:\/\/arpenterlechemin.com\/index.php\/author\/audreyf\/"}]}},"jetpack_featured_media_url":"https:\/\/arpenterlechemin.com\/wp-content\/uploads\/2017\/08\/voyager-en-van.jpg","jetpack_sharing_enabled":true,"jetpack_shortlink":"https:\/\/wp.me\/p8z9hR-12I","jetpack-related-posts":[{"id":4063,"url":"https:\/\/arpenterlechemin.com\/index.php\/2017\/09\/11\/voyager-en-van-avantages-et-inconvenients\/","url_meta":{"origin":4012,"position":0},"title":"VOYAGER EN VAN \/\/ Avantages et inconv\u00e9nients","date":"11 septembre 2017","format":false,"excerpt":"Maintenant que l'\u00e9t\u00e9 touche \u00e0 sa fin et que cela fait trois mois que je teste le voyage avec mon van, j'aimerais revenir sur les avantages et les inconv\u00e9nients de ce type de voyage. L'automne arrive et soyons honn\u00eate : il est peu probable que le van resserve cette ann\u00e9e,\u2026","rel":"","context":"Dans &quot;Am\u00e9rique du Nord&quot;","img":{"alt_text":"","src":"https:\/\/i0.wp.com\/arpenterlechemin.com\/wp-content\/uploads\/2017\/09\/titre-voyager-en-van.jpg?resize=350%2C200&ssl=1","width":350,"height":200},"classes":[]},{"id":6090,"url":"https:\/\/arpenterlechemin.com\/index.php\/2018\/10\/03\/vendre-van\/","url_meta":{"origin":4012,"position":1},"title":"VANLIFE \/\/ Pourquoi j&rsquo;ai vendu mon van","date":"3 octobre 2018","format":false,"excerpt":"Au printemps dernier, en avril 2017, je me lan\u00e7ais dans une aventure un peu folle : je d\u00e9cidais de retaper un van. Une vieille carcasse un peu rouill\u00e9e, que j'ai \u00e9vid\u00e9e, am\u00e9nag\u00e9e, bichonn\u00e9e. On a v\u00e9cu des aventures, tous les deux. Aujourd'hui, en septembre 2018, je viens de voir mon\u2026","rel":"","context":"Dans &quot;Blog&quot;","img":{"alt_text":"vendre van canada experience pvt road-trip blog voyage arpenter le chemin","src":"https:\/\/i0.wp.com\/arpenterlechemin.com\/wp-content\/uploads\/2018\/09\/vendre-van-canada-experience-pvt-road-trip-blog-voyage-arpenter-le-chemin.jpg?resize=350%2C200&ssl=1","width":350,"height":200},"classes":[]},{"id":1398,"url":"https:\/\/arpenterlechemin.com\/index.php\/2016\/11\/24\/voyageuse-solo-et-introvertie-cest-possible-2\/","url_meta":{"origin":4012,"position":2},"title":"\u00c9LUCUBRATIONS \/\/ Voyageuse solo et introvertie : c&rsquo;est possible !","date":"24 novembre 2016","format":false,"excerpt":"Quand j'annonce que je vais voyager en solo, la m\u00eame\u00a0r\u00e9action revient dans environ 99,99 % des cas. Mais tu vas rencontrer des gens en chemin, non ? Tu vas aller dans des auberges de jeunesse, pour rencontrer des gens ? Oh c'est super, c'est comme \u00e7a qu'on rencontre le plus\u2026","rel":"","context":"Dans &quot;Blog&quot;","img":{"alt_text":"","src":"https:\/\/i0.wp.com\/arpenterlechemin.com\/wp-content\/uploads\/2016\/11\/WP_000587-bis.jpg?resize=350%2C200&ssl=1","width":350,"height":200},"classes":[]},{"id":3260,"url":"https:\/\/arpenterlechemin.com\/index.php\/2017\/05\/15\/acheter-van\/","url_meta":{"origin":4012,"position":3},"title":"Bref, j&rsquo;ai achet\u00e9 un van","date":"15 mai 2017","format":false,"excerpt":"Avez-vous parfois des id\u00e9es fixes ? Des id\u00e9es qui germent \u00e0 votre insu jusqu'\u00e0 ce qu'un jour, on se rende compte qu'elles ont pris racine et qu'il est impossible de s'en d\u00e9barrasser ? Et que la seule fa\u00e7on de vivre avec, c'est de les cultiver, de les alimenter jusqu'\u00e0 finalement\u2026","rel":"","context":"Dans &quot;Am\u00e9rique du Nord&quot;","img":{"alt_text":"","src":"https:\/\/i0.wp.com\/arpenterlechemin.com\/wp-content\/uploads\/2017\/05\/TITRE-VAN.jpg?resize=350%2C200&ssl=1","width":350,"height":200},"classes":[]},{"id":8964,"url":"https:\/\/arpenterlechemin.com\/index.php\/2020\/03\/08\/voyage-feministe\/","url_meta":{"origin":4012,"position":4},"title":"Voyage et f\u00e9minisme : entretiens crois\u00e9s","date":"8 mars 2020","format":false,"excerpt":"C'est maintenant une tradition : \u00e0 l'occasion du 8 mars, journ\u00e9e internationale de lutte pour les droits des femmes, j'ai le plaisir de souligner le travail de voyageuses-blogueuses que j'appr\u00e9cie. Aujourd'hui, je leur laisse la parole lors d'un entretien crois\u00e9 pour parler voyage et f\u00e9minisme. Je reste fermement convaincue qu'on\u2026","rel":"","context":"Dans &quot;Blog&quot;","img":{"alt_text":"Voyage feminisme 8 mars","src":"https:\/\/i0.wp.com\/arpenterlechemin.com\/wp-content\/uploads\/2020\/03\/Voyage-feminisme-8-mars.jpg?resize=350%2C200&ssl=1","width":350,"height":200},"classes":[]},{"id":7033,"url":"https:\/\/arpenterlechemin.com\/index.php\/2019\/03\/08\/voyageuses-solo\/","url_meta":{"origin":4012,"position":5},"title":"R\u00c9FLEXION \/\/ Dix blogs de voyageuses au f\u00e9minin","date":"8 mars 2019","format":false,"excerpt":"Aujourd'hui, nous sommes le 8 mars, journ\u00e9e internationale de lutte pour les droits des femmes. Loin des chocolats et des roses, cette journ\u00e9e est une journ\u00e9e de militantisme, de politique, de revendications. Parce que rien n'est plus fragile que les droits d'une minorit\u00e9. Parce que trop souvent, les femmes qui\u2026","rel":"","context":"Dans &quot;Blog&quot;","img":{"alt_text":"titre voyageuses voyage solo au feminin journee droits des femmes arpenter le chemin","src":"https:\/\/i0.wp.com\/arpenterlechemin.com\/wp-content\/uploads\/2019\/03\/titre-voyageuses-voyage-solo-au-feminin-journee-droits-des-femmes-arpenter-le-chemin-1.jpg?resize=350%2C200&ssl=1","width":350,"height":200},"classes":[]}],"_links":{"self":[{"href":"https:\/\/arpenterlechemin.com\/index.php\/wp-json\/wp\/v2\/posts\/4012"}],"collection":[{"href":"https:\/\/arpenterlechemin.com\/index.php\/wp-json\/wp\/v2\/posts"}],"about":[{"href":"https:\/\/arpenterlechemin.com\/index.php\/wp-json\/wp\/v2\/types\/post"}],"author":[{"embeddable":true,"href":"https:\/\/arpenterlechemin.com\/index.php\/wp-json\/wp\/v2\/users\/1"}],"replies":[{"embeddable":true,"href":"https:\/\/arpenterlechemin.com\/index.php\/wp-json\/wp\/v2\/comments?post=4012"}],"version-history":[{"count":0,"href":"https:\/\/arpenterlechemin.com\/index.php\/wp-json\/wp\/v2\/posts\/4012\/revisions"}],"wp:featuredmedia":[{"embeddable":true,"href":"https:\/\/arpenterlechemin.com\/index.php\/wp-json\/wp\/v2\/media\/4019"}],"wp:attachment":[{"href":"https:\/\/arpenterlechemin.com\/index.php\/wp-json\/wp\/v2\/media?parent=4012"}],"wp:term":[{"taxonomy":"category","embeddable":true,"href":"https:\/\/arpenterlechemin.com\/index.php\/wp-json\/wp\/v2\/categories?post=4012"},{"taxonomy":"post_tag","embeddable":true,"href":"https:\/\/arpenterlechemin.com\/index.php\/wp-json\/wp\/v2\/tags?post=4012"}],"curies":[{"name":"wp","href":"https:\/\/api.w.org\/{rel}","templated":true}]}}