{"id":3551,"date":"2017-06-26T03:36:08","date_gmt":"2017-06-26T07:36:08","guid":{"rendered":"http:\/\/arpenterlechemin.com\/?p=3551"},"modified":"2018-03-07T22:12:57","modified_gmt":"2018-03-08T02:12:57","slug":"retaper-son-van-episode-3-les-murs","status":"publish","type":"post","link":"https:\/\/arpenterlechemin.com\/index.php\/2017\/06\/26\/retaper-son-van-episode-3-les-murs\/","title":{"rendered":"Retaper son van &#8211; \u00e9pisode 3, les murs"},"content":{"rendered":"<p>Apr\u00e8s t&rsquo;avoir parl\u00e9 du <a href=\"http:\/\/arpenterlechemin.com\/index.php\/2017\/06\/12\/retaper-son-van-episode-2-le-sol\/\">sol <\/a>de mon van, il est temps de passer aux murs. \u00c0 vrai, dire j&rsquo;en ai fait une partie en parall\u00e8le au sol, mais pour plus de clart\u00e9, je pr\u00e9f\u00e8re s\u00e9parer les deux plut\u00f4t que de r\u00e9ellement suivre mon avanc\u00e9e chronologique &#8211; sans quoi il y aurait beaucoup de va-et-vient entre sol, murs, cabine, avant&#8230; Allez c&rsquo;est parti !<\/p>\n<p><img decoding=\"async\" loading=\"lazy\" class=\"size-large wp-image-3630 aligncenter\" src=\"http:\/\/arpenterlechemin.com\/wp-content\/uploads\/2017\/06\/van-les-murs-1024x768.jpg\" alt=\"\" width=\"640\" height=\"480\" srcset=\"https:\/\/arpenterlechemin.com\/wp-content\/uploads\/2017\/06\/van-les-murs-1024x768.jpg 1024w, https:\/\/arpenterlechemin.com\/wp-content\/uploads\/2017\/06\/van-les-murs-300x225.jpg 300w, https:\/\/arpenterlechemin.com\/wp-content\/uploads\/2017\/06\/van-les-murs-768x576.jpg 768w, https:\/\/arpenterlechemin.com\/wp-content\/uploads\/2017\/06\/van-les-murs.jpg 2007w\" sizes=\"(max-width: 640px) 100vw, 640px\" \/><\/p>\n<p><strong><span style=\"color: #0000ff;\">Enlever les murs<\/span><\/strong><\/p>\n<p>Si tu te <a href=\"http:\/\/arpenterlechemin.com\/index.php\/2017\/05\/29\/retaper-son-van-episode-1-bien-choisir-son-van\/\">souviens<\/a>, je n&rsquo;avais rien \u00e0 reprocher aux murs, et je comptais m\u00eame les garder en l&rsquo;\u00e9tat&#8230; jusqu&rsquo;\u00e0 ce que je d\u00e9couvre une horrible moisissure au pied des murs, vers les porti\u00e8res arri\u00e8re. Exactement l\u00e0 o\u00f9 j&rsquo;ai trouv\u00e9 une grosse fuite par la suite. Tiens tiens&#8230;<\/p>\n<p>Puisqu&rsquo;il n&rsquo;\u00e9tait pas question d&rsquo;avoir un mur patchwork, exit donc tous les murs de la carlingue arri\u00e8re. JCVD avait un fin rev\u00eatement en mousse, rien de compliqu\u00e9 \u00e0 enlever. En-dessous, de la laine de verre plut\u00f4t en bon \u00e9tat, mais l\u00e0 aussi, quand on s&rsquo;y penche de plus pr\u00e8s&#8230;<\/p>\n<p>Tr\u00e8s pr\u00e8s&#8230;<\/p>\n<p>TROP PR\u00c8S. BEAUCOUP TROP PR\u00c8S.<\/p>\n<p>UN NID D&rsquo;ASTICOTS. L&rsquo;HORREUR. LE CAUCHEMAR. J&rsquo;EN R\u00caVE ENCORE LA NUIT.<\/p>\n<p>Oh, comme j&rsquo;ai bien fait d&rsquo;aller voir ce qui se trouvait sous la laine de verre&#8230; La tranquillit\u00e9 de mes nuits n&rsquo;est qu&rsquo;un maigre prix \u00e0 payer face au fait d&rsquo;avoir pu nettoyer mon van dans tous les recoins.<\/p>\n<p><strong><span style=\"color: #0000ff;\">Remonter les murs<\/span><\/strong><\/p>\n<p>Mon id\u00e9e initiale \u00e9tait de mettre de jolis lambris en bois massif. Le c\u00e8dre, \u00e7a sent bon, et puis tous les #vanlifers font comme \u00e7a. Sauf que rendue \u00e0 Home Depot (le Leroy-Merlin local), le c\u00e8dre massif, \u00e7a co\u00fbte un rein. Et puis \u00e7a va quand m\u00eame peser lourd, cette affaire.<\/p>\n<p>Je me suis donc rabattue sur des lattes de parquet stratifi\u00e9, comme pour le sol. Fa\u00e7on bois blond cette fois, en partie parce qu&rsquo;un van enti\u00e8rement brun ch\u00e2taignier, ce serait assez sombre et oppressant, et parce que rien de tel que du bois clair pour se sentir imm\u00e9diatement dans un chalet savoyard. Ou un chalet canadien. Bref, un chalet. Chiche, je vais faire importer du linge savoyard juste pour le fun.<\/p>\n<p>Si tu te souviens des diff\u00e9rentes couches du parquet (Reflectix, laine de verre, parquet), ici c&rsquo;est un peu la m\u00eame chose&#8230; en moins \u00e9labor\u00e9. Je n&rsquo;ai mis que de la laine de verre neuve et les lattes stratifi\u00e9es. Pourquoi pas du R\u00e9flectix ? Il faut garder un vide de quelques centim\u00e8tres pour le R\u00e9flectix renvoie ou absorbe la chaleur. Autant c&rsquo;\u00e9tait chose facile avec les rainures du sol de la carlingue, autant ici, je ne voyais pas comment laisser un tel espace&#8230; Donc je m&rsquo;en suis pass\u00e9e. J&rsquo;en ferai toutefois des pare-soleil pour limiter l&rsquo;effet de serre dans le van.<\/p>\n<p>Apr\u00e8s avoir tout enlev\u00e9, j&rsquo;ai remis\u00a0de la laine de verre. Le mat\u00e9riau que j&rsquo;ai achet\u00e9, malgr\u00e9 son\u00a0rose Barbie improbable, est une merveille \u00e0 couper. Tout l&rsquo;inverse du d\u00e9moniaque polystyr\u00e8ne : ici, c&rsquo;est \u00e9trangement jouissif. Un coup de cutter et c&rsquo;est fait, sans bavure. Pour la laine de verre, j&rsquo;ai simplement coup\u00e9 au jug\u00e9. Si c&rsquo;est trop petit, je rajoute un autre morceau ; si c&rsquo;est trop grand, je tasse un peu. On ne peut pas vraiment avoir trop de laine de verre.<\/p>\n<p><img decoding=\"async\" loading=\"lazy\" class=\"size-large wp-image-3570 aligncenter\" src=\"http:\/\/arpenterlechemin.com\/wp-content\/uploads\/2017\/06\/P1010428-2-1024x768.jpg\" alt=\"\" width=\"640\" height=\"480\" srcset=\"https:\/\/arpenterlechemin.com\/wp-content\/uploads\/2017\/06\/P1010428-2-1024x768.jpg 1024w, https:\/\/arpenterlechemin.com\/wp-content\/uploads\/2017\/06\/P1010428-2-300x225.jpg 300w, https:\/\/arpenterlechemin.com\/wp-content\/uploads\/2017\/06\/P1010428-2-768x576.jpg 768w\" sizes=\"(max-width: 640px) 100vw, 640px\" \/><img decoding=\"async\" loading=\"lazy\" class=\"size-large wp-image-3569 aligncenter\" src=\"http:\/\/arpenterlechemin.com\/wp-content\/uploads\/2017\/06\/P1010416-1024x768.jpg\" alt=\"\" width=\"640\" height=\"480\" srcset=\"https:\/\/arpenterlechemin.com\/wp-content\/uploads\/2017\/06\/P1010416-1024x768.jpg 1024w, https:\/\/arpenterlechemin.com\/wp-content\/uploads\/2017\/06\/P1010416-300x225.jpg 300w, https:\/\/arpenterlechemin.com\/wp-content\/uploads\/2017\/06\/P1010416-768x576.jpg 768w\" sizes=\"(max-width: 640px) 100vw, 640px\" \/><\/p>\n<p style=\"text-align: center;\"><em>Mmm&#8230; barbapapa !<\/em><\/p>\n<p><img decoding=\"async\" loading=\"lazy\" class=\"size-large wp-image-3571 aligncenter\" src=\"http:\/\/arpenterlechemin.com\/wp-content\/uploads\/2017\/06\/P1010433-2-1024x768.jpg\" alt=\"\" width=\"640\" height=\"480\" srcset=\"https:\/\/arpenterlechemin.com\/wp-content\/uploads\/2017\/06\/P1010433-2-1024x768.jpg 1024w, https:\/\/arpenterlechemin.com\/wp-content\/uploads\/2017\/06\/P1010433-2-300x225.jpg 300w, https:\/\/arpenterlechemin.com\/wp-content\/uploads\/2017\/06\/P1010433-2-768x576.jpg 768w\" sizes=\"(max-width: 640px) 100vw, 640px\" \/><\/p>\n<p style=\"text-align: center;\"><em>Le chaos commence \u00e0 s&rsquo;installer&#8230; Fini le temps des photos toutes bien rang\u00e9es !<\/em><\/p>\n<p>Pour les endroits o\u00f9 il \u00e9tait impossible de caler la laine de verre, j&rsquo;ai scotch\u00e9. Ce n&rsquo;est pas tr\u00e8s performant et au bout de quelques jours, le scotch a tendance \u00e0 se d\u00e9tacher, mais en guise de rustine le temps de monter les planches, \u00e7a va tr\u00e8s bien.<\/p>\n<p><strong><span style=\"color: #0000ff;\">Monter les planches<\/span><\/strong><\/p>\n<p>Le gros morceau. Je ne suis pas peu fi\u00e8re du r\u00e9sultat, laissez-moi vous dire !<\/p>\n<p>Le plus grand d\u00e9fi avec ces planches, c&rsquo;\u00e9tait de bien les aligner de part et d&rsquo;autre des coffres de roue pour ne pas avoir de trou b\u00e9ant. Ni m\u00eame de micro-trou, car ces planches ont tendance \u00e0 amplifier les d\u00e9calages pour en faire de vrais casse-t\u00eate au bout de trois rang\u00e9es.<\/p>\n<p>J&rsquo;ai tir\u00e9 avantage de la carcasse existante, qui comprenait d\u00e9j\u00e0 des planches o\u00f9 \u00e9tait viss\u00e9e la mousse.<\/p>\n<p><img decoding=\"async\" loading=\"lazy\" class=\"size-large wp-image-3572 aligncenter\" src=\"http:\/\/arpenterlechemin.com\/wp-content\/uploads\/2017\/06\/P1010438-2-1024x768.jpg\" alt=\"\" width=\"640\" height=\"480\" srcset=\"https:\/\/arpenterlechemin.com\/wp-content\/uploads\/2017\/06\/P1010438-2-1024x768.jpg 1024w, https:\/\/arpenterlechemin.com\/wp-content\/uploads\/2017\/06\/P1010438-2-300x225.jpg 300w, https:\/\/arpenterlechemin.com\/wp-content\/uploads\/2017\/06\/P1010438-2-768x576.jpg 768w\" sizes=\"(max-width: 640px) 100vw, 640px\" \/><\/p>\n<p>J&rsquo;y ai viss\u00e9 une rang\u00e9e sur deux dans les parties o\u00f9 les planches tenaient bien, et toutes les planches dans celles o\u00f9 j&rsquo;encha\u00eenais les rang\u00e9es sans double soutien, par exemple \u00e0 gauche de la fen\u00eatre, o\u00f9 il n&rsquo;y a qu&rsquo;une planche verticale.<\/p>\n<p>Pourquoi \u00e9viter de visser ? Parce que le vissage, malgr\u00e9 ses avantages ind\u00e9niables comme le fait de faire tenir en place des planches pas fonci\u00e8rement con\u00e7ues pour \u00eatre install\u00e9es \u00e0 la verticale, a malgr\u00e9 tout un inconv\u00e9nient : il comporte le risque de d\u00e9caler involontairement les planches, comme je l&rsquo;ai am\u00e8rement constat\u00e9 sur le c\u00f4t\u00e9 gauche, qui m&rsquo;a pris autant de temps que le c\u00f4t\u00e9 droit, pourtant deux fois plus long.<\/p>\n<p>Pour couper les planches, je dois avouer que je ne suis pas une grande fan du travail de pr\u00e9cision : je me suis content\u00e9e de poser une planche \u00e0 l&rsquo;endroit concern\u00e9 (en pr\u00eatant attention au sens des rainures &#8211; il y a un haut et un bas), de faire une coche au stylo et de scier le tout. Hormis un ou deux rat\u00e9s avec le sens des maudites rainures, pas de catastrophes \u00e0 signaler, et \u00e7a permet d&rsquo;avancer plus rapidement que de tout mesurer au millim\u00e8tre.<\/p>\n<p><img decoding=\"async\" loading=\"lazy\" class=\"size-large wp-image-3575 aligncenter\" src=\"http:\/\/arpenterlechemin.com\/wp-content\/uploads\/2017\/06\/P1010446-2-1024x768.jpg\" alt=\"\" width=\"640\" height=\"480\" srcset=\"https:\/\/arpenterlechemin.com\/wp-content\/uploads\/2017\/06\/P1010446-2-1024x768.jpg 1024w, https:\/\/arpenterlechemin.com\/wp-content\/uploads\/2017\/06\/P1010446-2-300x225.jpg 300w, https:\/\/arpenterlechemin.com\/wp-content\/uploads\/2017\/06\/P1010446-2-768x576.jpg 768w\" sizes=\"(max-width: 640px) 100vw, 640px\" \/><img decoding=\"async\" loading=\"lazy\" class=\"size-large wp-image-3574 aligncenter\" src=\"http:\/\/arpenterlechemin.com\/wp-content\/uploads\/2017\/06\/P1010442-1024x768.jpg\" alt=\"\" width=\"640\" height=\"480\" srcset=\"https:\/\/arpenterlechemin.com\/wp-content\/uploads\/2017\/06\/P1010442-1024x768.jpg 1024w, https:\/\/arpenterlechemin.com\/wp-content\/uploads\/2017\/06\/P1010442-300x225.jpg 300w, https:\/\/arpenterlechemin.com\/wp-content\/uploads\/2017\/06\/P1010442-768x576.jpg 768w\" sizes=\"(max-width: 640px) 100vw, 640px\" \/><img decoding=\"async\" loading=\"lazy\" class=\"size-large wp-image-3568 aligncenter\" src=\"http:\/\/arpenterlechemin.com\/wp-content\/uploads\/2017\/06\/P1010458-2-1024x768.jpg\" alt=\"\" width=\"640\" height=\"480\" srcset=\"https:\/\/arpenterlechemin.com\/wp-content\/uploads\/2017\/06\/P1010458-2-1024x768.jpg 1024w, https:\/\/arpenterlechemin.com\/wp-content\/uploads\/2017\/06\/P1010458-2-300x225.jpg 300w, https:\/\/arpenterlechemin.com\/wp-content\/uploads\/2017\/06\/P1010458-2-768x576.jpg 768w\" sizes=\"(max-width: 640px) 100vw, 640px\" \/><\/p>\n<p>\u00c0 ce stade, je ne savais pas encore si j&rsquo;allais pouvoir r\u00e9utiliser les cadres de fen\u00eatre en plastique d&rsquo;origine, et j&rsquo;avais coup\u00e9 les lattes de fa\u00e7on \u00e0 \u00e9pouser la fen\u00eatre. Tu sais, au cas o\u00f9. Au cas je doive faire un cadre moi-m\u00eame. Autant se faciliter la t\u00e2che, hein ?<\/p>\n<p>J&rsquo;ai aussi \u00e9vit\u00e9 les coffres de roue, appel\u00e9s \u00e0 dispara\u00eetre sous un bo\u00eetier qui soutiendra le lit. Et les quarts-de-ronds, on les laisse pour la toute fin, parce que l\u00e0, je n&rsquo;\u00e9tais pas vraiment d&rsquo;humeur \u00e0 faire dans la dentelle. Il semblerait que j&rsquo;ai pas pris de photos du van avec uniquement le rev\u00eatement, mais voici des photos des fen\u00eatres pour te montrer comme c&rsquo;est b\u00f4\u00f4\u00f4.<\/p>\n<p><img decoding=\"async\" loading=\"lazy\" class=\"size-large wp-image-3628 aligncenter\" src=\"http:\/\/arpenterlechemin.com\/wp-content\/uploads\/2017\/06\/P1010654-1024x768.jpg\" alt=\"\" width=\"640\" height=\"480\" srcset=\"https:\/\/arpenterlechemin.com\/wp-content\/uploads\/2017\/06\/P1010654-1024x768.jpg 1024w, https:\/\/arpenterlechemin.com\/wp-content\/uploads\/2017\/06\/P1010654-300x225.jpg 300w, https:\/\/arpenterlechemin.com\/wp-content\/uploads\/2017\/06\/P1010654-768x576.jpg 768w\" sizes=\"(max-width: 640px) 100vw, 640px\" \/><\/p>\n<p><strong><span style=\"color: #0000ff;\">D&rsquo;ailleurs, parlons-en, des maudites fen\u00eatres<\/span><\/strong><\/p>\n<p>Pourquoi maudites ? Parce que vraiment, j&rsquo;en ai bav\u00e9 des ronds de chapeau. J&rsquo;avais gard\u00e9 pr\u00e9cieusement les cadres de fen\u00eatres initiaux, superbes reliques en plastique d&rsquo;un gris m\u00e9tallis\u00e9 futuriste (du futur de 1990, on s&rsquo;entend), en pr\u00e9vision du remontage du van.<\/p>\n<p>\u00c9videmment, les planches de stratifi\u00e9 ne faisant pas du tout la m\u00eame \u00e9paisseur que la gomme initiale, au moment de remettre les cadres, plus rien n&rsquo;allait : comme tu le vois ci-dessus, un gouffre b\u00e9ant de cinq centim\u00e8tres avait fait son apparition entre le cadre et la fen\u00eatre, laissant \u00e0 nu la laine de verre et la carlingue. On a vu mieux, comme esth\u00e9tique.<\/p>\n<p>Apr\u00e8s pas mal de temps assise \u00e0 contempler l&rsquo;\u00e9ventualit\u00e9 de construire moi-m\u00eame des cadres de fen\u00eatres de z\u00e9ro (ce qui, en fin de compte, aurait peut-\u00eatre \u00e9t\u00e9 plus rapide), j&rsquo;ai :<\/p>\n<ul>\n<li>achet\u00e9 des baguettes en bois fin<\/li>\n<li>peint les cadres en blanc, parce que peinture m\u00e9tallis\u00e9 et bois blond, ce n&rsquo;\u00e9tait pas du meilleur effet<\/li>\n<\/ul>\n<p><img decoding=\"async\" loading=\"lazy\" class=\"size-large wp-image-3617 aligncenter\" src=\"http:\/\/arpenterlechemin.com\/wp-content\/uploads\/2017\/06\/P1010662-2-1024x768.jpg\" alt=\"\" width=\"640\" height=\"480\" srcset=\"https:\/\/arpenterlechemin.com\/wp-content\/uploads\/2017\/06\/P1010662-2-1024x768.jpg 1024w, https:\/\/arpenterlechemin.com\/wp-content\/uploads\/2017\/06\/P1010662-2-300x225.jpg 300w, https:\/\/arpenterlechemin.com\/wp-content\/uploads\/2017\/06\/P1010662-2-768x576.jpg 768w, https:\/\/arpenterlechemin.com\/wp-content\/uploads\/2017\/06\/P1010662-2.jpg 1873w\" sizes=\"(max-width: 640px) 100vw, 640px\" \/><\/p>\n<ul>\n<li>d\u00e9coup\u00e9 les baguettes \u00e0 la taille des fen\u00eatres<\/li>\n<li>viss\u00e9 les baguettes<\/li>\n<li>viss\u00e9 les cadres de fen\u00eatres<\/li>\n<\/ul>\n<p><img decoding=\"async\" loading=\"lazy\" class=\"size-large wp-image-3618 aligncenter\" src=\"http:\/\/arpenterlechemin.com\/wp-content\/uploads\/2017\/06\/P1010671-1024x768.jpg\" alt=\"\" width=\"640\" height=\"480\" srcset=\"https:\/\/arpenterlechemin.com\/wp-content\/uploads\/2017\/06\/P1010671-1024x768.jpg 1024w, https:\/\/arpenterlechemin.com\/wp-content\/uploads\/2017\/06\/P1010671-300x225.jpg 300w, https:\/\/arpenterlechemin.com\/wp-content\/uploads\/2017\/06\/P1010671-768x576.jpg 768w\" sizes=\"(max-width: 640px) 100vw, 640px\" \/><\/p>\n<ul>\n<li>r\u00e9alis\u00e9 que les baguettes \u00e9taient trop larges<\/li>\n<li>tout d\u00e9viss\u00e9<\/li>\n<li>tout recoup\u00e9<\/li>\n<li>tout remont\u00e9<\/li>\n<li>tout red\u00e9viss\u00e9 encore une fois parce que les cadres baillaient encore<\/li>\n<\/ul>\n<p><img decoding=\"async\" loading=\"lazy\" class=\"size-large wp-image-3619 aligncenter\" src=\"http:\/\/arpenterlechemin.com\/wp-content\/uploads\/2017\/06\/P1010672-1024x768.jpg\" alt=\"\" width=\"640\" height=\"480\" srcset=\"https:\/\/arpenterlechemin.com\/wp-content\/uploads\/2017\/06\/P1010672-1024x768.jpg 1024w, https:\/\/arpenterlechemin.com\/wp-content\/uploads\/2017\/06\/P1010672-300x225.jpg 300w, https:\/\/arpenterlechemin.com\/wp-content\/uploads\/2017\/06\/P1010672-768x576.jpg 768w\" sizes=\"(max-width: 640px) 100vw, 640px\" \/><img decoding=\"async\" loading=\"lazy\" class=\"size-large wp-image-3620 aligncenter\" src=\"http:\/\/arpenterlechemin.com\/wp-content\/uploads\/2017\/06\/P1010675-1024x768.jpg\" alt=\"\" width=\"640\" height=\"480\" srcset=\"https:\/\/arpenterlechemin.com\/wp-content\/uploads\/2017\/06\/P1010675-1024x768.jpg 1024w, https:\/\/arpenterlechemin.com\/wp-content\/uploads\/2017\/06\/P1010675-300x225.jpg 300w, https:\/\/arpenterlechemin.com\/wp-content\/uploads\/2017\/06\/P1010675-768x576.jpg 768w\" sizes=\"(max-width: 640px) 100vw, 640px\" \/><\/p>\n<ul>\n<li>et enfin, apr\u00e8s avoir tout reviss\u00e9, j&rsquo;ai eu fini. Pour la premi\u00e8re fen\u00eatre.<\/li>\n<li>j&rsquo;ai dit que j&rsquo;avais viss\u00e9 et reviss\u00e9 ? Gloire \u00e0 l&rsquo;inventeur de la perceuse-visseuse-d\u00e9visseuse.<\/li>\n<\/ul>\n<p>Et je n&rsquo;ai m\u00eame pas parl\u00e9 des planches de stratifi\u00e9 qu&rsquo;il a aussi fallu scier \u00e0 la bonne taille&#8230;<\/p>\n<p>Les cadres de fen\u00eatre ne sont pas parfaitement coll\u00e9s aux lattes, \u00e0 cause de&#8230; mon manque de pr\u00e9cision ? Du fait que les murs sont l\u00e9g\u00e8rement incurv\u00e9s, ce qui ne transparaissait pas avec la mousse d&rsquo;origine mais est difficile \u00e0 combler avec des lattes ? Un peu des deux ? J&rsquo;en prends mon parti, de toute fa\u00e7on, j&rsquo;arrive au bout de mes comp\u00e9tences (et de ma patience&#8230;).<\/p>\n<p>Je trouve que le r\u00e9sultat est plut\u00f4t pas mal, non ? Et bien plus sympa que la moquette grise de d\u00e9part, c&rsquo;est certain.<\/p>\n<p><img decoding=\"async\" loading=\"lazy\" class=\"size-large wp-image-3621 aligncenter\" src=\"http:\/\/arpenterlechemin.com\/wp-content\/uploads\/2017\/06\/P1010686-1024x768.jpg\" alt=\"\" width=\"640\" height=\"480\" srcset=\"https:\/\/arpenterlechemin.com\/wp-content\/uploads\/2017\/06\/P1010686-1024x768.jpg 1024w, https:\/\/arpenterlechemin.com\/wp-content\/uploads\/2017\/06\/P1010686-300x225.jpg 300w, https:\/\/arpenterlechemin.com\/wp-content\/uploads\/2017\/06\/P1010686-768x576.jpg 768w\" sizes=\"(max-width: 640px) 100vw, 640px\" \/> <img decoding=\"async\" loading=\"lazy\" class=\"size-large wp-image-3622 aligncenter\" src=\"http:\/\/arpenterlechemin.com\/wp-content\/uploads\/2017\/06\/P1010687-1024x768.jpg\" alt=\"\" width=\"640\" height=\"480\" srcset=\"https:\/\/arpenterlechemin.com\/wp-content\/uploads\/2017\/06\/P1010687-1024x768.jpg 1024w, https:\/\/arpenterlechemin.com\/wp-content\/uploads\/2017\/06\/P1010687-300x225.jpg 300w, https:\/\/arpenterlechemin.com\/wp-content\/uploads\/2017\/06\/P1010687-768x576.jpg 768w\" sizes=\"(max-width: 640px) 100vw, 640px\" \/> <img decoding=\"async\" loading=\"lazy\" class=\"size-large wp-image-3623 aligncenter\" src=\"http:\/\/arpenterlechemin.com\/wp-content\/uploads\/2017\/06\/P1010688-1024x768.jpg\" alt=\"\" width=\"640\" height=\"480\" srcset=\"https:\/\/arpenterlechemin.com\/wp-content\/uploads\/2017\/06\/P1010688-1024x768.jpg 1024w, https:\/\/arpenterlechemin.com\/wp-content\/uploads\/2017\/06\/P1010688-300x225.jpg 300w, https:\/\/arpenterlechemin.com\/wp-content\/uploads\/2017\/06\/P1010688-768x576.jpg 768w\" sizes=\"(max-width: 640px) 100vw, 640px\" \/><\/p>\n<p>La prochaine fois, on passe aux coffres de roue et au mobilier. Cela viendra peut-\u00eatre un peu plus tard que d&rsquo;habitude, parce que j&rsquo;avoue \u00eatre en plein trac : j&rsquo;ai fini mes fen\u00eatres voil\u00e0 une semaine, et je n&rsquo;ai pas du tout avanc\u00e9, p\u00e9trifi\u00e9e par mon manque d&rsquo;exp\u00e9rience en \u00e9b\u00e9nisterie. C&rsquo;est impressionnant et surtout, j&rsquo;essaie (cette fois) de mesurer et bien penser les choses pour \u00e9viter de trop monter et red\u00e9monter. Affaire \u00e0 suivre !<\/p>\n","protected":false},"excerpt":{"rendered":"<p>Apr\u00e8s t&rsquo;avoir parl\u00e9 du sol de mon van, il est temps de passer aux murs. \u00c0 vrai, dire j&rsquo;en ai fait une partie en parall\u00e8le au sol, mais pour plus de clart\u00e9, je pr\u00e9f\u00e8re s\u00e9parer les deux plut\u00f4t que de r\u00e9ellement suivre mon avanc\u00e9e chronologique &#8211; sans quoi il y aurait beaucoup de va-et-vient entre sol, murs, cabine, avant&#8230; Allez c&rsquo;est parti ! Enlever les murs Si tu te souviens, je n&rsquo;avais rien \u00e0 reprocher aux murs, et je comptais m\u00eame les garder en l&rsquo;\u00e9tat&#8230; jusqu&rsquo;\u00e0 ce que je d\u00e9couvre <\/p>\n","protected":false},"author":1,"featured_media":3630,"comment_status":"open","ping_status":"open","sticky":false,"template":"","format":"standard","meta":{"jetpack_post_was_ever_published":false},"categories":[526,539,1],"tags":[557,603,556],"yoast_head":"<!-- This site is optimized with the Yoast SEO plugin v20.7 - https:\/\/yoast.com\/wordpress\/plugins\/seo\/ -->\n<title>Retaper son van - \u00e9pisode 3, les murs - Arpenter le chemin<\/title>\n<meta name=\"robots\" content=\"index, follow, max-snippet:-1, max-image-preview:large, max-video-preview:-1\" \/>\n<link rel=\"canonical\" href=\"https:\/\/arpenterlechemin.com\/index.php\/2017\/06\/26\/retaper-son-van-episode-3-les-murs\/\" \/>\n<meta property=\"og:locale\" content=\"fr_FR\" \/>\n<meta property=\"og:type\" content=\"article\" \/>\n<meta property=\"og:title\" content=\"Retaper son van - \u00e9pisode 3, les murs - Arpenter le chemin\" \/>\n<meta property=\"og:description\" content=\"Apr\u00e8s t&rsquo;avoir parl\u00e9 du sol de mon van, il est temps de passer aux murs. \u00c0 vrai, dire j&rsquo;en ai fait une partie en parall\u00e8le au sol, mais pour plus de clart\u00e9, je pr\u00e9f\u00e8re s\u00e9parer les deux plut\u00f4t que de r\u00e9ellement suivre mon avanc\u00e9e chronologique &#8211; sans quoi il y aurait beaucoup de va-et-vient entre sol, murs, cabine, avant&#8230; Allez c&rsquo;est parti ! Enlever les murs Si tu te souviens, je n&rsquo;avais rien \u00e0 reprocher aux murs, et je comptais m\u00eame les garder en l&rsquo;\u00e9tat&#8230; jusqu&rsquo;\u00e0 ce que je d\u00e9couvre\" \/>\n<meta property=\"og:url\" content=\"https:\/\/arpenterlechemin.com\/index.php\/2017\/06\/26\/retaper-son-van-episode-3-les-murs\/\" \/>\n<meta property=\"og:site_name\" content=\"Arpenter le chemin\" \/>\n<meta property=\"article:published_time\" content=\"2017-06-26T07:36:08+00:00\" \/>\n<meta property=\"article:modified_time\" content=\"2018-03-08T02:12:57+00:00\" \/>\n<meta property=\"og:image\" content=\"https:\/\/arpenterlechemin.com\/wp-content\/uploads\/2017\/06\/van-les-murs.jpg\" \/>\n\t<meta property=\"og:image:width\" content=\"2007\" \/>\n\t<meta property=\"og:image:height\" content=\"1506\" \/>\n\t<meta property=\"og:image:type\" content=\"image\/jpeg\" \/>\n<meta name=\"author\" content=\"Audrey\" \/>\n<meta name=\"twitter:card\" content=\"summary_large_image\" \/>\n<meta name=\"twitter:label1\" content=\"\u00c9crit par\" \/>\n\t<meta name=\"twitter:data1\" content=\"Audrey\" \/>\n\t<meta name=\"twitter:label2\" content=\"Dur\u00e9e de lecture estim\u00e9e\" \/>\n\t<meta name=\"twitter:data2\" content=\"8 minutes\" \/>\n<script type=\"application\/ld+json\" class=\"yoast-schema-graph\">{\"@context\":\"https:\/\/schema.org\",\"@graph\":[{\"@type\":\"Article\",\"@id\":\"https:\/\/arpenterlechemin.com\/index.php\/2017\/06\/26\/retaper-son-van-episode-3-les-murs\/#article\",\"isPartOf\":{\"@id\":\"https:\/\/arpenterlechemin.com\/index.php\/2017\/06\/26\/retaper-son-van-episode-3-les-murs\/\"},\"author\":{\"name\":\"Audrey\",\"@id\":\"https:\/\/arpenterlechemin.com\/#\/schema\/person\/1d187818c0988fbea4d682c1e59c795c\"},\"headline\":\"Retaper son van &#8211; \u00e9pisode 3, les murs\",\"datePublished\":\"2017-06-26T07:36:08+00:00\",\"dateModified\":\"2018-03-08T02:12:57+00:00\",\"mainEntityOfPage\":{\"@id\":\"https:\/\/arpenterlechemin.com\/index.php\/2017\/06\/26\/retaper-son-van-episode-3-les-murs\/\"},\"wordCount\":1581,\"commentCount\":7,\"publisher\":{\"@id\":\"https:\/\/arpenterlechemin.com\/#organization\"},\"keywords\":[\"jcvd\",\"solo\",\"van\"],\"articleSection\":[\"Am\u00e9rique du Nord\",\"Am\u00e9riques\",\"Blog\"],\"inLanguage\":\"fr-FR\",\"potentialAction\":[{\"@type\":\"CommentAction\",\"name\":\"Comment\",\"target\":[\"https:\/\/arpenterlechemin.com\/index.php\/2017\/06\/26\/retaper-son-van-episode-3-les-murs\/#respond\"]}]},{\"@type\":\"WebPage\",\"@id\":\"https:\/\/arpenterlechemin.com\/index.php\/2017\/06\/26\/retaper-son-van-episode-3-les-murs\/\",\"url\":\"https:\/\/arpenterlechemin.com\/index.php\/2017\/06\/26\/retaper-son-van-episode-3-les-murs\/\",\"name\":\"Retaper son van - \u00e9pisode 3, les murs - Arpenter le chemin\",\"isPartOf\":{\"@id\":\"https:\/\/arpenterlechemin.com\/#website\"},\"datePublished\":\"2017-06-26T07:36:08+00:00\",\"dateModified\":\"2018-03-08T02:12:57+00:00\",\"breadcrumb\":{\"@id\":\"https:\/\/arpenterlechemin.com\/index.php\/2017\/06\/26\/retaper-son-van-episode-3-les-murs\/#breadcrumb\"},\"inLanguage\":\"fr-FR\",\"potentialAction\":[{\"@type\":\"ReadAction\",\"target\":[\"https:\/\/arpenterlechemin.com\/index.php\/2017\/06\/26\/retaper-son-van-episode-3-les-murs\/\"]}]},{\"@type\":\"BreadcrumbList\",\"@id\":\"https:\/\/arpenterlechemin.com\/index.php\/2017\/06\/26\/retaper-son-van-episode-3-les-murs\/#breadcrumb\",\"itemListElement\":[{\"@type\":\"ListItem\",\"position\":1,\"name\":\"Home\",\"item\":\"https:\/\/arpenterlechemin.com\/\"},{\"@type\":\"ListItem\",\"position\":2,\"name\":\"Retaper son van &#8211; \u00e9pisode 3, les murs\"}]},{\"@type\":\"WebSite\",\"@id\":\"https:\/\/arpenterlechemin.com\/#website\",\"url\":\"https:\/\/arpenterlechemin.com\/\",\"name\":\"Arpenter le chemin\",\"description\":\"\",\"publisher\":{\"@id\":\"https:\/\/arpenterlechemin.com\/#organization\"},\"potentialAction\":[{\"@type\":\"SearchAction\",\"target\":{\"@type\":\"EntryPoint\",\"urlTemplate\":\"https:\/\/arpenterlechemin.com\/?s={search_term_string}\"},\"query-input\":\"required name=search_term_string\"}],\"inLanguage\":\"fr-FR\"},{\"@type\":\"Organization\",\"@id\":\"https:\/\/arpenterlechemin.com\/#organization\",\"name\":\"Arpenter le chemin\",\"url\":\"https:\/\/arpenterlechemin.com\/\",\"logo\":{\"@type\":\"ImageObject\",\"inLanguage\":\"fr-FR\",\"@id\":\"https:\/\/arpenterlechemin.com\/#\/schema\/logo\/image\/\",\"url\":\"https:\/\/arpenterlechemin.com\/wp-content\/uploads\/2017\/04\/icone-4.jpg\",\"contentUrl\":\"https:\/\/arpenterlechemin.com\/wp-content\/uploads\/2017\/04\/icone-4.jpg\",\"width\":150,\"height\":73,\"caption\":\"Arpenter le chemin\"},\"image\":{\"@id\":\"https:\/\/arpenterlechemin.com\/#\/schema\/logo\/image\/\"}},{\"@type\":\"Person\",\"@id\":\"https:\/\/arpenterlechemin.com\/#\/schema\/person\/1d187818c0988fbea4d682c1e59c795c\",\"name\":\"Audrey\",\"image\":{\"@type\":\"ImageObject\",\"inLanguage\":\"fr-FR\",\"@id\":\"https:\/\/arpenterlechemin.com\/#\/schema\/person\/image\/\",\"url\":\"https:\/\/secure.gravatar.com\/avatar\/b75298f64c73f1709976c50921beae6a?s=96&d=mm&r=g\",\"contentUrl\":\"https:\/\/secure.gravatar.com\/avatar\/b75298f64c73f1709976c50921beae6a?s=96&d=mm&r=g\",\"caption\":\"Audrey\"},\"description\":\"Allergique \u00e0 la routine, atteinte de bougeotte aigu\u00eb, j'essaie de m'envoler aussi souvent que possible, seule, en couple ou entre amis ! Ville, nature, culture, rando... tout me va, \u00e0 partir du moment o\u00f9 je suis dehors.\",\"url\":\"https:\/\/arpenterlechemin.com\/index.php\/author\/audreyf\/\"}]}<\/script>\n<!-- \/ Yoast SEO plugin. -->","yoast_head_json":{"title":"Retaper son van - \u00e9pisode 3, les murs - Arpenter le chemin","robots":{"index":"index","follow":"follow","max-snippet":"max-snippet:-1","max-image-preview":"max-image-preview:large","max-video-preview":"max-video-preview:-1"},"canonical":"https:\/\/arpenterlechemin.com\/index.php\/2017\/06\/26\/retaper-son-van-episode-3-les-murs\/","og_locale":"fr_FR","og_type":"article","og_title":"Retaper son van - \u00e9pisode 3, les murs - Arpenter le chemin","og_description":"Apr\u00e8s t&rsquo;avoir parl\u00e9 du sol de mon van, il est temps de passer aux murs. \u00c0 vrai, dire j&rsquo;en ai fait une partie en parall\u00e8le au sol, mais pour plus de clart\u00e9, je pr\u00e9f\u00e8re s\u00e9parer les deux plut\u00f4t que de r\u00e9ellement suivre mon avanc\u00e9e chronologique &#8211; sans quoi il y aurait beaucoup de va-et-vient entre sol, murs, cabine, avant&#8230; Allez c&rsquo;est parti ! Enlever les murs Si tu te souviens, je n&rsquo;avais rien \u00e0 reprocher aux murs, et je comptais m\u00eame les garder en l&rsquo;\u00e9tat&#8230; jusqu&rsquo;\u00e0 ce que je d\u00e9couvre","og_url":"https:\/\/arpenterlechemin.com\/index.php\/2017\/06\/26\/retaper-son-van-episode-3-les-murs\/","og_site_name":"Arpenter le chemin","article_published_time":"2017-06-26T07:36:08+00:00","article_modified_time":"2018-03-08T02:12:57+00:00","og_image":[{"width":2007,"height":1506,"url":"https:\/\/arpenterlechemin.com\/wp-content\/uploads\/2017\/06\/van-les-murs.jpg","type":"image\/jpeg"}],"author":"Audrey","twitter_card":"summary_large_image","twitter_misc":{"\u00c9crit par":"Audrey","Dur\u00e9e de lecture estim\u00e9e":"8 minutes"},"schema":{"@context":"https:\/\/schema.org","@graph":[{"@type":"Article","@id":"https:\/\/arpenterlechemin.com\/index.php\/2017\/06\/26\/retaper-son-van-episode-3-les-murs\/#article","isPartOf":{"@id":"https:\/\/arpenterlechemin.com\/index.php\/2017\/06\/26\/retaper-son-van-episode-3-les-murs\/"},"author":{"name":"Audrey","@id":"https:\/\/arpenterlechemin.com\/#\/schema\/person\/1d187818c0988fbea4d682c1e59c795c"},"headline":"Retaper son van &#8211; \u00e9pisode 3, les murs","datePublished":"2017-06-26T07:36:08+00:00","dateModified":"2018-03-08T02:12:57+00:00","mainEntityOfPage":{"@id":"https:\/\/arpenterlechemin.com\/index.php\/2017\/06\/26\/retaper-son-van-episode-3-les-murs\/"},"wordCount":1581,"commentCount":7,"publisher":{"@id":"https:\/\/arpenterlechemin.com\/#organization"},"keywords":["jcvd","solo","van"],"articleSection":["Am\u00e9rique du Nord","Am\u00e9riques","Blog"],"inLanguage":"fr-FR","potentialAction":[{"@type":"CommentAction","name":"Comment","target":["https:\/\/arpenterlechemin.com\/index.php\/2017\/06\/26\/retaper-son-van-episode-3-les-murs\/#respond"]}]},{"@type":"WebPage","@id":"https:\/\/arpenterlechemin.com\/index.php\/2017\/06\/26\/retaper-son-van-episode-3-les-murs\/","url":"https:\/\/arpenterlechemin.com\/index.php\/2017\/06\/26\/retaper-son-van-episode-3-les-murs\/","name":"Retaper son van - \u00e9pisode 3, les murs - Arpenter le chemin","isPartOf":{"@id":"https:\/\/arpenterlechemin.com\/#website"},"datePublished":"2017-06-26T07:36:08+00:00","dateModified":"2018-03-08T02:12:57+00:00","breadcrumb":{"@id":"https:\/\/arpenterlechemin.com\/index.php\/2017\/06\/26\/retaper-son-van-episode-3-les-murs\/#breadcrumb"},"inLanguage":"fr-FR","potentialAction":[{"@type":"ReadAction","target":["https:\/\/arpenterlechemin.com\/index.php\/2017\/06\/26\/retaper-son-van-episode-3-les-murs\/"]}]},{"@type":"BreadcrumbList","@id":"https:\/\/arpenterlechemin.com\/index.php\/2017\/06\/26\/retaper-son-van-episode-3-les-murs\/#breadcrumb","itemListElement":[{"@type":"ListItem","position":1,"name":"Home","item":"https:\/\/arpenterlechemin.com\/"},{"@type":"ListItem","position":2,"name":"Retaper son van &#8211; \u00e9pisode 3, les murs"}]},{"@type":"WebSite","@id":"https:\/\/arpenterlechemin.com\/#website","url":"https:\/\/arpenterlechemin.com\/","name":"Arpenter le chemin","description":"","publisher":{"@id":"https:\/\/arpenterlechemin.com\/#organization"},"potentialAction":[{"@type":"SearchAction","target":{"@type":"EntryPoint","urlTemplate":"https:\/\/arpenterlechemin.com\/?s={search_term_string}"},"query-input":"required name=search_term_string"}],"inLanguage":"fr-FR"},{"@type":"Organization","@id":"https:\/\/arpenterlechemin.com\/#organization","name":"Arpenter le chemin","url":"https:\/\/arpenterlechemin.com\/","logo":{"@type":"ImageObject","inLanguage":"fr-FR","@id":"https:\/\/arpenterlechemin.com\/#\/schema\/logo\/image\/","url":"https:\/\/arpenterlechemin.com\/wp-content\/uploads\/2017\/04\/icone-4.jpg","contentUrl":"https:\/\/arpenterlechemin.com\/wp-content\/uploads\/2017\/04\/icone-4.jpg","width":150,"height":73,"caption":"Arpenter le chemin"},"image":{"@id":"https:\/\/arpenterlechemin.com\/#\/schema\/logo\/image\/"}},{"@type":"Person","@id":"https:\/\/arpenterlechemin.com\/#\/schema\/person\/1d187818c0988fbea4d682c1e59c795c","name":"Audrey","image":{"@type":"ImageObject","inLanguage":"fr-FR","@id":"https:\/\/arpenterlechemin.com\/#\/schema\/person\/image\/","url":"https:\/\/secure.gravatar.com\/avatar\/b75298f64c73f1709976c50921beae6a?s=96&d=mm&r=g","contentUrl":"https:\/\/secure.gravatar.com\/avatar\/b75298f64c73f1709976c50921beae6a?s=96&d=mm&r=g","caption":"Audrey"},"description":"Allergique \u00e0 la routine, atteinte de bougeotte aigu\u00eb, j'essaie de m'envoler aussi souvent que possible, seule, en couple ou entre amis ! Ville, nature, culture, rando... tout me va, \u00e0 partir du moment o\u00f9 je suis dehors.","url":"https:\/\/arpenterlechemin.com\/index.php\/author\/audreyf\/"}]}},"jetpack_featured_media_url":"https:\/\/arpenterlechemin.com\/wp-content\/uploads\/2017\/06\/van-les-murs.jpg","jetpack_sharing_enabled":true,"jetpack_shortlink":"https:\/\/wp.me\/p8z9hR-Vh","jetpack-related-posts":[{"id":3330,"url":"https:\/\/arpenterlechemin.com\/index.php\/2017\/06\/12\/retaper-son-van-episode-2-le-sol\/","url_meta":{"origin":3551,"position":0},"title":"Retaper son van &#8211; \u00e9pisode 2 : le sol","date":"12 juin 2017","format":false,"excerpt":"Apr\u00e8s avoir vu comment j'avais achet\u00e9 mon vanounet, nous voici pr\u00eat.e.s \u00e0 encha\u00eener sur les articles bien techniques sur la transformation d'un hybride utilitaire-van \u00e0 un vrai petit camping car en bonne et due forme. Sailor Moon et ses transformations, c'est vraiment rien\u00a0\u00e0 c\u00f4t\u00e9 du ravalement de fa\u00e7ade que JCVD\u2026","rel":"","context":"Dans &quot;Blog&quot;","img":{"alt_text":"","src":"https:\/\/i0.wp.com\/arpenterlechemin.com\/wp-content\/uploads\/2017\/06\/r\u00e9nover-son-van-\u00e9pisode-2.jpg?resize=350%2C200&ssl=1","width":350,"height":200},"classes":[]},{"id":3777,"url":"https:\/\/arpenterlechemin.com\/index.php\/2017\/07\/27\/retaper-son-van-episode-4-organiser-linterieur\/","url_meta":{"origin":3551,"position":1},"title":"Retaper son van : \u00e9pisode 4, organiser l&rsquo;int\u00e9rieur","date":"27 juillet 2017","format":false,"excerpt":"Apr\u00e8s avoir vu comment j'ai vid\u00e9 l'int\u00e9rieur, pos\u00e9 le plancher, mont\u00e9 les murs et les fen\u00eatres, voici le temps\u00a0de voir comment j'ai organis\u00e9 la petite surface int\u00e9rieure. Ici encore, j'avais quelques exigences : garder un espace vide cons\u00e9quent utiliser au maximum les rangements existants avoir un lit modulable, \u00e0 adapter\u2026","rel":"","context":"Dans &quot;Am\u00e9rique du Nord&quot;","img":{"alt_text":"","src":"https:\/\/i0.wp.com\/arpenterlechemin.com\/wp-content\/uploads\/2017\/07\/r\u00e9nover-son-van-\u00e9pisode-4.jpg?resize=350%2C200&ssl=1","width":350,"height":200},"classes":[]},{"id":7545,"url":"https:\/\/arpenterlechemin.com\/index.php\/2019\/05\/07\/arles-espace-van-gogh\/","url_meta":{"origin":3551,"position":2},"title":"FRANCE \/\/ L&rsquo;espace Van Gogh \u00e0 Arles","date":"7 mai 2019","format":false,"excerpt":"Que serait-on sans artistes ? \u00c0 l'heure o\u00f9 le gouvernement fran\u00e7ais r\u00e9forme le r\u00e9gime des retraites des auteurs, avec des cons\u00e9quences d\u00e9sastreuses sur la production de contenus culturels, il est plus important que jamais de rappeler que les artistes sont indispensables dans notre soci\u00e9t\u00e9. Sans artistes, pas de chansons, pas\u2026","rel":"","context":"Dans &quot;Blog&quot;","img":{"alt_text":"espace van gogh arles escapades provence blog voyage arpenter le chemin","src":"https:\/\/i0.wp.com\/arpenterlechemin.com\/wp-content\/uploads\/2019\/04\/espace-van-gogh-arles-escapades-provence-blog-voyage-arpenter-le-chemin.jpg?resize=350%2C200&ssl=1","width":350,"height":200},"classes":[]},{"id":3260,"url":"https:\/\/arpenterlechemin.com\/index.php\/2017\/05\/15\/acheter-van\/","url_meta":{"origin":3551,"position":3},"title":"Bref, j&rsquo;ai achet\u00e9 un van","date":"15 mai 2017","format":false,"excerpt":"Avez-vous parfois des id\u00e9es fixes ? Des id\u00e9es qui germent \u00e0 votre insu jusqu'\u00e0 ce qu'un jour, on se rende compte qu'elles ont pris racine et qu'il est impossible de s'en d\u00e9barrasser ? Et que la seule fa\u00e7on de vivre avec, c'est de les cultiver, de les alimenter jusqu'\u00e0 finalement\u2026","rel":"","context":"Dans &quot;Am\u00e9rique du Nord&quot;","img":{"alt_text":"","src":"https:\/\/i0.wp.com\/arpenterlechemin.com\/wp-content\/uploads\/2017\/05\/TITRE-VAN.jpg?resize=350%2C200&ssl=1","width":350,"height":200},"classes":[]},{"id":3062,"url":"https:\/\/arpenterlechemin.com\/index.php\/2017\/04\/10\/ile-dyeu-ile-de-beaute\/","url_meta":{"origin":3551,"position":4},"title":"FRANCE \/\/ \u00cele d&rsquo;Yeu, \u00eele de beaut\u00e9","date":"10 avril 2017","format":false,"excerpt":"Petite, mes grands-parents m'emmenaient vagabonder en caravane depuis notre Haute-Savoie natale, ne d\u00e9passant jamais le Rh\u00f4ne pour rester prudemment dans les fronti\u00e8res invisibles de\u00a0la terre chantante et montagneuse des Alpes. Pendant longtemps, mon univers s'est r\u00e9sum\u00e9 aux montagnes et aux cigales, aux cimes enneig\u00e9es et \u00e0 la lumi\u00e8re dor\u00e9e du\u2026","rel":"","context":"Dans &quot;Blog&quot;","img":{"alt_text":"","src":"https:\/\/i0.wp.com\/arpenterlechemin.com\/wp-content\/uploads\/2017\/04\/titre-ile-dyeu.jpg?resize=350%2C200&ssl=1","width":350,"height":200},"classes":[]},{"id":4963,"url":"https:\/\/arpenterlechemin.com\/index.php\/2018\/05\/14\/citizenm-hotel-tendance-londres\/","url_meta":{"origin":3551,"position":5},"title":"ROYAUME-UNI \/\/ citizenM Tower of London, h\u00f4tel tendance \u00e0 Londres","date":"14 mai 2018","format":false,"excerpt":"Quand je voyage, ce n'est pas vraiment un secret, je cherche souvent \u00e0 convaincre les h\u00f4tels de travailler avec mon blog : h\u00f4tels de charme ou capsules-h\u00f4tels (\u00e0 venir !!), j'aime nouer des partenariats pour d\u00e9couvrir autre chose que mes ch\u00e8res auberges de jeunesse. Quand la cha\u00eene d'h\u00f4tels citizenM a\u2026","rel":"","context":"Dans &quot;Blog&quot;","img":{"alt_text":"citizenM tower of London titre Arpenter le chemin blog","src":"https:\/\/i0.wp.com\/arpenterlechemin.com\/wp-content\/uploads\/2018\/05\/citizenM-tower-of-London-titre-Arpenter-le-chemin-blog.jpg?resize=350%2C200&ssl=1","width":350,"height":200},"classes":[]}],"_links":{"self":[{"href":"https:\/\/arpenterlechemin.com\/index.php\/wp-json\/wp\/v2\/posts\/3551"}],"collection":[{"href":"https:\/\/arpenterlechemin.com\/index.php\/wp-json\/wp\/v2\/posts"}],"about":[{"href":"https:\/\/arpenterlechemin.com\/index.php\/wp-json\/wp\/v2\/types\/post"}],"author":[{"embeddable":true,"href":"https:\/\/arpenterlechemin.com\/index.php\/wp-json\/wp\/v2\/users\/1"}],"replies":[{"embeddable":true,"href":"https:\/\/arpenterlechemin.com\/index.php\/wp-json\/wp\/v2\/comments?post=3551"}],"version-history":[{"count":0,"href":"https:\/\/arpenterlechemin.com\/index.php\/wp-json\/wp\/v2\/posts\/3551\/revisions"}],"wp:featuredmedia":[{"embeddable":true,"href":"https:\/\/arpenterlechemin.com\/index.php\/wp-json\/wp\/v2\/media\/3630"}],"wp:attachment":[{"href":"https:\/\/arpenterlechemin.com\/index.php\/wp-json\/wp\/v2\/media?parent=3551"}],"wp:term":[{"taxonomy":"category","embeddable":true,"href":"https:\/\/arpenterlechemin.com\/index.php\/wp-json\/wp\/v2\/categories?post=3551"},{"taxonomy":"post_tag","embeddable":true,"href":"https:\/\/arpenterlechemin.com\/index.php\/wp-json\/wp\/v2\/tags?post=3551"}],"curies":[{"name":"wp","href":"https:\/\/api.w.org\/{rel}","templated":true}]}}