{"id":3364,"date":"2017-06-19T12:43:30","date_gmt":"2017-06-19T16:43:30","guid":{"rendered":"http:\/\/arpenterlechemin.com\/?p=3364"},"modified":"2019-01-11T11:44:47","modified_gmt":"2019-01-11T15:44:47","slug":"une-journee-sur-les-pentes-de-lausanne","status":"publish","type":"post","link":"https:\/\/arpenterlechemin.com\/index.php\/2017\/06\/19\/une-journee-sur-les-pentes-de-lausanne\/","title":{"rendered":"SUISSE \/\/ Une journ\u00e9e sur les pentes de Lausanne"},"content":{"rendered":"<p>Apr\u00e8s notre balade en <a href=\"http:\/\/arpenterlechemin.com\/index.php\/2017\/06\/15\/les-bateaux-belle-epoque-du-leman\/\">bateau Belle \u00c9poque<\/a>, nous passons \u00e0 la visite de la jolie ville de Lausanne. Il faut que je t&rsquo;avoue quelque chose : Lausanne est litt\u00e9ralement \u00e0 12 kilom\u00e8tres \u00e0 vol d&rsquo;oiseau de la maison de mon enfance. Je la voyais depuis ma fen\u00eatre, et j&rsquo;avais m\u00eame imagin\u00e9 des noms de rue pour ses art\u00e8res les plus brillantes, la nuit. Et pourtant, j&rsquo;y suis all\u00e9e&#8230; trois fois dans ma vie ? Peut-\u00eatre parce que les escapades urbaines n&rsquo;avaient pas la cote quand je vivais \u00e0 <a href=\"http:\/\/arpenterlechemin.com\/index.php\/2017\/06\/08\/une-journee-a-evian-les-bains-entre-lac-et-histoire\/\">Evian<\/a>, jusqu&rsquo;\u00e0 mes 17 ans. Et que quand les escapades urbaines ont eu la cote, je trouvais follement d\u00e9paysant d&rsquo;aller \u00e0 <a href=\"http:\/\/arpenterlechemin.com\/index.php\/2016\/08\/19\/edimbourg-le-festival-fringe-et-le-military-tattoo\/\">\u00c9dimbourg<\/a> ou Berlin ou Lisbonne, mais Lausanne&#8230; C&rsquo;est la Suisse romande. Pas exactement <em>l&rsquo;\u00e9tranger<\/em>. Pas exactement <em>d\u00e9paysant<\/em>. Oh, comme j&rsquo;avais tort.<\/p>\n<p>Enfin lib\u00e9r\u00e9es de nos pr\u00e9jug\u00e9s, c&rsquo;\u00e9tait donc une journ\u00e9e d&rsquo;\u00e9merveillement qui nous attendait, ma m\u00e8re et moi, lors de cette escapade \u00e0 Lausanne, et j&rsquo;ai envie de vous emmener dans cette cit\u00e9 olympique, historique, lacustre, \u00e0 fleur de pente, sous le soleil\u00a0romand, avec une vue \u00e0 couper le souffle.<\/p>\n<p><strong><span style=\"color: #0000ff;\">Visiter Ouchy et le mus\u00e9e olympique<\/span><\/strong><\/p>\n<p>Apr\u00e8s une petite\u00a0<a href=\"http:\/\/arpenterlechemin.com\/index.php\/2017\/06\/15\/les-bateaux-belle-epoque-du-leman\/\">croisi\u00e8re<\/a>, notre premi\u00e8re \u00e9tape est Ouchy, le quartier en front de lac. Avec ses belles fa\u00e7ades, dont le superbe ch\u00e2teau d&rsquo;Ouchy, il invite \u00e0 la d\u00e9tente et la fl\u00e2nerie sous le regard bienveillant des Alpes au loin. Le soleil est radieux, il est encore t\u00f4t, nous sommes presque seules sur les rives.<\/p>\n<p><img decoding=\"async\" loading=\"lazy\" class=\"aligncenter wp-image-3603 size-full\" src=\"http:\/\/arpenterlechemin.com\/wp-content\/uploads\/2017\/06\/P1010126-2.jpg\" alt=\"\" width=\"2272\" height=\"1704\" srcset=\"https:\/\/arpenterlechemin.com\/wp-content\/uploads\/2017\/06\/P1010126-2.jpg 2272w, https:\/\/arpenterlechemin.com\/wp-content\/uploads\/2017\/06\/P1010126-2-300x225.jpg 300w, https:\/\/arpenterlechemin.com\/wp-content\/uploads\/2017\/06\/P1010126-2-768x576.jpg 768w, https:\/\/arpenterlechemin.com\/wp-content\/uploads\/2017\/06\/P1010126-2-1024x768.jpg 1024w\" sizes=\"(max-width: 2272px) 100vw, 2272px\" \/><\/p>\n<p><img decoding=\"async\" loading=\"lazy\" class=\"aligncenter wp-image-3611 size-full\" src=\"http:\/\/arpenterlechemin.com\/wp-content\/uploads\/2017\/06\/P1010077.jpg\" alt=\"\" width=\"2272\" height=\"1704\" srcset=\"https:\/\/arpenterlechemin.com\/wp-content\/uploads\/2017\/06\/P1010077.jpg 2272w, https:\/\/arpenterlechemin.com\/wp-content\/uploads\/2017\/06\/P1010077-300x225.jpg 300w, https:\/\/arpenterlechemin.com\/wp-content\/uploads\/2017\/06\/P1010077-768x576.jpg 768w, https:\/\/arpenterlechemin.com\/wp-content\/uploads\/2017\/06\/P1010077-1024x768.jpg 1024w\" sizes=\"(max-width: 2272px) 100vw, 2272px\" \/><\/p>\n<p>Pour a premi\u00e8re visite de la journ\u00e9e, nous commen\u00e7ons le Mus\u00e9e olympique. Je l&rsquo;avais visit\u00e9 il y a <del>deux \u00e8res g\u00e9ologiques<\/del> une vingtaine d&rsquo;ann\u00e9es, en sortie scolaire au coll\u00e8ge, et mes souvenirs \u00e9taient flous, poussi\u00e9reux. Je me souvenais&#8230; du b\u00e2timent ? Et c&rsquo;est tout. Les ravages du temps&#8230; Vingt ans plus tard, le mus\u00e9e a clairement \u00e9t\u00e9 mis au go\u00fbt du jour, avec une belle mus\u00e9ographie interactive : des ateliers pour deviner des sports dans la Gr\u00e8ce antique, des vid\u00e9os ici et l\u00e0, des simulateurs de triathlon&#8230; J&rsquo;ai trouv\u00e9 l&rsquo;exposition bien faite et pas rasoir pour un sou, une grande r\u00e9ussite !<\/p>\n<p><img decoding=\"async\" loading=\"lazy\" class=\"aligncenter wp-image-3610 size-full\" src=\"http:\/\/arpenterlechemin.com\/wp-content\/uploads\/2017\/06\/P1010122-2.jpg\" alt=\"\" width=\"2211\" height=\"1659\" srcset=\"https:\/\/arpenterlechemin.com\/wp-content\/uploads\/2017\/06\/P1010122-2.jpg 2211w, https:\/\/arpenterlechemin.com\/wp-content\/uploads\/2017\/06\/P1010122-2-300x225.jpg 300w, https:\/\/arpenterlechemin.com\/wp-content\/uploads\/2017\/06\/P1010122-2-768x576.jpg 768w, https:\/\/arpenterlechemin.com\/wp-content\/uploads\/2017\/06\/P1010122-2-1024x768.jpg 1024w\" sizes=\"(max-width: 2211px) 100vw, 2211px\" \/><\/p>\n<p><img decoding=\"async\" loading=\"lazy\" class=\"aligncenter wp-image-3606 size-full\" src=\"http:\/\/arpenterlechemin.com\/wp-content\/uploads\/2017\/06\/P1010101-2.jpg\" alt=\"\" width=\"2272\" height=\"1704\" srcset=\"https:\/\/arpenterlechemin.com\/wp-content\/uploads\/2017\/06\/P1010101-2.jpg 2272w, https:\/\/arpenterlechemin.com\/wp-content\/uploads\/2017\/06\/P1010101-2-300x225.jpg 300w, https:\/\/arpenterlechemin.com\/wp-content\/uploads\/2017\/06\/P1010101-2-768x576.jpg 768w, https:\/\/arpenterlechemin.com\/wp-content\/uploads\/2017\/06\/P1010101-2-1024x768.jpg 1024w\" sizes=\"(max-width: 2272px) 100vw, 2272px\" \/><\/p>\n<p>Du c\u00f4t\u00e9 des objets expos\u00e9s, on retrouve toutes les m\u00e9dailles et toutes les flammes, collection impressionnante&#8230; Des tenues sportives au fil des d\u00e9cennies, des tenues des c\u00e9r\u00e9monies d&rsquo;ouverture, compl\u00e8tement folles \u00e0 voir en vrai. Et sur une note tendre, j&rsquo;ai ador\u00e9 la collection des mascottes en peluche ! Je me souvenais avoir poss\u00e9d\u00e9 la peluche de Magique, le lutin en forme d&rsquo;\u00e9toile qui incarnait Albertville en 1992&#8230; Souvenirs, souvenirs !<\/p>\n<p><img decoding=\"async\" loading=\"lazy\" class=\"aligncenter wp-image-3607 size-full\" src=\"http:\/\/arpenterlechemin.com\/wp-content\/uploads\/2017\/06\/P1010106-2.jpg\" alt=\"\" width=\"2272\" height=\"1704\" srcset=\"https:\/\/arpenterlechemin.com\/wp-content\/uploads\/2017\/06\/P1010106-2.jpg 2272w, https:\/\/arpenterlechemin.com\/wp-content\/uploads\/2017\/06\/P1010106-2-300x225.jpg 300w, https:\/\/arpenterlechemin.com\/wp-content\/uploads\/2017\/06\/P1010106-2-768x576.jpg 768w, https:\/\/arpenterlechemin.com\/wp-content\/uploads\/2017\/06\/P1010106-2-1024x768.jpg 1024w\" sizes=\"(max-width: 2272px) 100vw, 2272px\" \/><\/p>\n<p><img decoding=\"async\" loading=\"lazy\" class=\"aligncenter wp-image-3608 size-full\" src=\"http:\/\/arpenterlechemin.com\/wp-content\/uploads\/2017\/06\/P1010108-2.jpg\" alt=\"\" width=\"2272\" height=\"1704\" srcset=\"https:\/\/arpenterlechemin.com\/wp-content\/uploads\/2017\/06\/P1010108-2.jpg 2272w, https:\/\/arpenterlechemin.com\/wp-content\/uploads\/2017\/06\/P1010108-2-300x225.jpg 300w, https:\/\/arpenterlechemin.com\/wp-content\/uploads\/2017\/06\/P1010108-2-768x576.jpg 768w, https:\/\/arpenterlechemin.com\/wp-content\/uploads\/2017\/06\/P1010108-2-1024x768.jpg 1024w\" sizes=\"(max-width: 2272px) 100vw, 2272px\" \/><\/p>\n<p><img decoding=\"async\" loading=\"lazy\" class=\"aligncenter wp-image-3609 size-full\" src=\"http:\/\/arpenterlechemin.com\/wp-content\/uploads\/2017\/06\/P1010115-2.jpg\" alt=\"\" width=\"2272\" height=\"1704\" srcset=\"https:\/\/arpenterlechemin.com\/wp-content\/uploads\/2017\/06\/P1010115-2.jpg 2272w, https:\/\/arpenterlechemin.com\/wp-content\/uploads\/2017\/06\/P1010115-2-300x225.jpg 300w, https:\/\/arpenterlechemin.com\/wp-content\/uploads\/2017\/06\/P1010115-2-768x576.jpg 768w, https:\/\/arpenterlechemin.com\/wp-content\/uploads\/2017\/06\/P1010115-2-1024x768.jpg 1024w\" sizes=\"(max-width: 2272px) 100vw, 2272px\" \/><\/p>\n<p style=\"text-align: center;\"><em>Robe d\u00e9lirante pour la c\u00e9r\u00e9monie d&rsquo;ouverture<\/em><\/p>\n<p>Apr\u00e8s la visite, nous prenons notre temps pour savourer la vue depuis l&rsquo;esplanade du mus\u00e9e, et son exposition en plein air avec de belles photos de jeux des ann\u00e9es 1930. Nous revenons doucement vers le d\u00e9barcad\u00e8re pour faire un arr\u00eat \u00e0 l&rsquo;office du tourisme, et ensuite obliquer vers le m\u00e9tro.<\/p>\n<p><img decoding=\"async\" loading=\"lazy\" class=\"aligncenter wp-image-3613 size-full\" src=\"http:\/\/arpenterlechemin.com\/wp-content\/uploads\/2017\/06\/P1010084-2.jpg\" alt=\"\" width=\"2272\" height=\"1704\" srcset=\"https:\/\/arpenterlechemin.com\/wp-content\/uploads\/2017\/06\/P1010084-2.jpg 2272w, https:\/\/arpenterlechemin.com\/wp-content\/uploads\/2017\/06\/P1010084-2-300x225.jpg 300w, https:\/\/arpenterlechemin.com\/wp-content\/uploads\/2017\/06\/P1010084-2-768x576.jpg 768w, https:\/\/arpenterlechemin.com\/wp-content\/uploads\/2017\/06\/P1010084-2-1024x768.jpg 1024w\" sizes=\"(max-width: 2272px) 100vw, 2272px\" \/><\/p>\n<p><img decoding=\"async\" loading=\"lazy\" class=\"aligncenter wp-image-3612 size-full\" src=\"http:\/\/arpenterlechemin.com\/wp-content\/uploads\/2017\/06\/P1010082-2.jpg\" alt=\"\" width=\"2272\" height=\"1704\" srcset=\"https:\/\/arpenterlechemin.com\/wp-content\/uploads\/2017\/06\/P1010082-2.jpg 2272w, https:\/\/arpenterlechemin.com\/wp-content\/uploads\/2017\/06\/P1010082-2-300x225.jpg 300w, https:\/\/arpenterlechemin.com\/wp-content\/uploads\/2017\/06\/P1010082-2-768x576.jpg 768w, https:\/\/arpenterlechemin.com\/wp-content\/uploads\/2017\/06\/P1010082-2-1024x768.jpg 1024w\" sizes=\"(max-width: 2272px) 100vw, 2272px\" \/><\/p>\n<p><strong><span style=\"color: #0000ff;\">Visiter la vieille ville de Lausanne<\/span><\/strong><\/p>\n<p>Car toutes sportives que nous sommes, nous pr\u00e9f\u00e9rons garder nos forces pour la visite de la ville haute, et nous redescendrons ensuite \u00e0 pied. Lausanne est perch\u00e9e sur plusieurs collines \u00e0 environ trente minutes de marche du lac, et le m\u00e9tro est le moyen le plus rapide d&rsquo;y acc\u00e9der. Loin d&rsquo;une ligne classique, il rappelle un funiculaire par son inclinaison !<\/p>\n<p>Arm\u00e9es du plan de la ville, qui indique une circuit \u00e0 d\u00e9couvrir \u00e0 pied, nous descendons \u00e0 la station Lausanne-Gare. Quelle surprise en sortant \u00e0 l&rsquo;air libre ! \u00c7a monte, \u00e7a descend, la gare est sous un pont, les arches immenses nous dominent, nous sommes dans une perspective urbaine qui change de tout ce que j&rsquo;avais vu auparavant. Le temps de se remettre du vertige et de se situer sur le plan, nous grimpons sur le pont pour nous orienter, et c&rsquo;est parti pour la visite.<\/p>\n<p><img decoding=\"async\" loading=\"lazy\" class=\"aligncenter wp-image-3605 size-full\" src=\"http:\/\/arpenterlechemin.com\/wp-content\/uploads\/2017\/06\/P1010130-2.jpg\" alt=\"\" width=\"2272\" height=\"1704\" srcset=\"https:\/\/arpenterlechemin.com\/wp-content\/uploads\/2017\/06\/P1010130-2.jpg 2272w, https:\/\/arpenterlechemin.com\/wp-content\/uploads\/2017\/06\/P1010130-2-300x225.jpg 300w, https:\/\/arpenterlechemin.com\/wp-content\/uploads\/2017\/06\/P1010130-2-768x576.jpg 768w, https:\/\/arpenterlechemin.com\/wp-content\/uploads\/2017\/06\/P1010130-2-1024x768.jpg 1024w\" sizes=\"(max-width: 2272px) 100vw, 2272px\" \/><\/p>\n<p><img decoding=\"async\" loading=\"lazy\" class=\"aligncenter wp-image-3587 size-full\" src=\"http:\/\/arpenterlechemin.com\/wp-content\/uploads\/2017\/06\/P1010131-2.jpg\" alt=\"\" width=\"2272\" height=\"1704\" srcset=\"https:\/\/arpenterlechemin.com\/wp-content\/uploads\/2017\/06\/P1010131-2.jpg 2272w, https:\/\/arpenterlechemin.com\/wp-content\/uploads\/2017\/06\/P1010131-2-300x225.jpg 300w, https:\/\/arpenterlechemin.com\/wp-content\/uploads\/2017\/06\/P1010131-2-768x576.jpg 768w, https:\/\/arpenterlechemin.com\/wp-content\/uploads\/2017\/06\/P1010131-2-1024x768.jpg 1024w\" sizes=\"(max-width: 2272px) 100vw, 2272px\" \/><\/p>\n<p>Celle-ci nous emm\u00e8ne en direction de la cath\u00e9drale qui domine la ville. Pour la rejoindre, on traverse des rues commer\u00e7antes pi\u00e9tonnes qui bouillonnent d\u00e9j\u00e0 d&rsquo;activit\u00e9 en ce jour de march\u00e9. Ah, l&rsquo;Europe !<img decoding=\"async\" loading=\"lazy\" class=\"aligncenter wp-image-3588 size-full\" src=\"http:\/\/arpenterlechemin.com\/wp-content\/uploads\/2017\/06\/P1010138-2.jpg\" alt=\"\" width=\"2272\" height=\"1704\" srcset=\"https:\/\/arpenterlechemin.com\/wp-content\/uploads\/2017\/06\/P1010138-2.jpg 2272w, https:\/\/arpenterlechemin.com\/wp-content\/uploads\/2017\/06\/P1010138-2-300x225.jpg 300w, https:\/\/arpenterlechemin.com\/wp-content\/uploads\/2017\/06\/P1010138-2-768x576.jpg 768w, https:\/\/arpenterlechemin.com\/wp-content\/uploads\/2017\/06\/P1010138-2-1024x768.jpg 1024w\" sizes=\"(max-width: 2272px) 100vw, 2272px\" \/><\/p>\n<p><img decoding=\"async\" loading=\"lazy\" class=\"aligncenter wp-image-3589 size-full\" src=\"http:\/\/arpenterlechemin.com\/wp-content\/uploads\/2017\/06\/P1010142-2.jpg\" alt=\"\" width=\"2272\" height=\"1704\" srcset=\"https:\/\/arpenterlechemin.com\/wp-content\/uploads\/2017\/06\/P1010142-2.jpg 2272w, https:\/\/arpenterlechemin.com\/wp-content\/uploads\/2017\/06\/P1010142-2-300x225.jpg 300w, https:\/\/arpenterlechemin.com\/wp-content\/uploads\/2017\/06\/P1010142-2-768x576.jpg 768w, https:\/\/arpenterlechemin.com\/wp-content\/uploads\/2017\/06\/P1010142-2-1024x768.jpg 1024w\" sizes=\"(max-width: 2272px) 100vw, 2272px\" \/><\/p>\n<p style=\"text-align: left;\">Le circuit nous fait traverser plusieurs ponts avec une superbe vue de part et d&rsquo;autres, mais rien ne vaut ce qui nous attend sur le petit parvis de la cath\u00e9drale : une vue plongeante sur la ville, des fa\u00e7ades m\u00e9di\u00e9vales, modernes et Belle \u00c9poque, des toits sublimes, et bien s\u00fbr le lac tout-puissant, qui donnerait presque \u00e0 la ville une allure portuaire, une allure de bord de mer. Je me crois dans une de ces villes europ\u00e9ennes \u00e0 la Miyazaki, je m&rsquo;attends \u00e0 voir d\u00e9barquer Kiki la petite sorci\u00e8re sur son balai.<\/p>\n<p><img decoding=\"async\" loading=\"lazy\" class=\"aligncenter wp-image-3590 size-full\" src=\"http:\/\/arpenterlechemin.com\/wp-content\/uploads\/2017\/06\/P1010150-2.jpg\" alt=\"\" width=\"2272\" height=\"1704\" srcset=\"https:\/\/arpenterlechemin.com\/wp-content\/uploads\/2017\/06\/P1010150-2.jpg 2272w, https:\/\/arpenterlechemin.com\/wp-content\/uploads\/2017\/06\/P1010150-2-300x225.jpg 300w, https:\/\/arpenterlechemin.com\/wp-content\/uploads\/2017\/06\/P1010150-2-768x576.jpg 768w, https:\/\/arpenterlechemin.com\/wp-content\/uploads\/2017\/06\/P1010150-2-1024x768.jpg 1024w\" sizes=\"(max-width: 2272px) 100vw, 2272px\" \/><\/p>\n<p><img decoding=\"async\" loading=\"lazy\" class=\"aligncenter wp-image-3591 size-full\" src=\"http:\/\/arpenterlechemin.com\/wp-content\/uploads\/2017\/06\/P1010152-2.jpg\" alt=\"\" width=\"2272\" height=\"1704\" srcset=\"https:\/\/arpenterlechemin.com\/wp-content\/uploads\/2017\/06\/P1010152-2.jpg 2272w, https:\/\/arpenterlechemin.com\/wp-content\/uploads\/2017\/06\/P1010152-2-300x225.jpg 300w, https:\/\/arpenterlechemin.com\/wp-content\/uploads\/2017\/06\/P1010152-2-768x576.jpg 768w, https:\/\/arpenterlechemin.com\/wp-content\/uploads\/2017\/06\/P1010152-2-1024x768.jpg 1024w\" sizes=\"(max-width: 2272px) 100vw, 2272px\" \/><\/p>\n<p><img decoding=\"async\" loading=\"lazy\" class=\"aligncenter wp-image-3592 size-full\" src=\"http:\/\/arpenterlechemin.com\/wp-content\/uploads\/2017\/06\/P1010153-2.jpg\" alt=\"\" width=\"2272\" height=\"1704\" srcset=\"https:\/\/arpenterlechemin.com\/wp-content\/uploads\/2017\/06\/P1010153-2.jpg 2272w, https:\/\/arpenterlechemin.com\/wp-content\/uploads\/2017\/06\/P1010153-2-300x225.jpg 300w, https:\/\/arpenterlechemin.com\/wp-content\/uploads\/2017\/06\/P1010153-2-768x576.jpg 768w, https:\/\/arpenterlechemin.com\/wp-content\/uploads\/2017\/06\/P1010153-2-1024x768.jpg 1024w\" sizes=\"(max-width: 2272px) 100vw, 2272px\" \/><\/p>\n<p>Nous entamons notre descente par les escaliers du march\u00e9, l&rsquo;un des symboles de la vieille ville&#8230; Tu les as peut-\u00eatre d\u00e9j\u00e0 vu en photo ? Ils nous emm\u00e8nent vers la place Palud, un incontournable de la ville avec ses airs m\u00e9di\u00e9vaux. C&rsquo;est d&rsquo;ailleurs l\u00e0 o\u00f9 nous avons d\u00e9jeun\u00e9, sacrifiant un peu de notre porte-monnaie \u00e0 la beaut\u00e9 des lieux !<\/p>\n<p><img decoding=\"async\" loading=\"lazy\" class=\"aligncenter wp-image-3593 size-full\" src=\"http:\/\/arpenterlechemin.com\/wp-content\/uploads\/2017\/06\/P1010158-2.jpg\" alt=\"\" width=\"2272\" height=\"1704\" srcset=\"https:\/\/arpenterlechemin.com\/wp-content\/uploads\/2017\/06\/P1010158-2.jpg 2272w, https:\/\/arpenterlechemin.com\/wp-content\/uploads\/2017\/06\/P1010158-2-300x225.jpg 300w, https:\/\/arpenterlechemin.com\/wp-content\/uploads\/2017\/06\/P1010158-2-768x576.jpg 768w, https:\/\/arpenterlechemin.com\/wp-content\/uploads\/2017\/06\/P1010158-2-1024x768.jpg 1024w\" sizes=\"(max-width: 2272px) 100vw, 2272px\" \/><\/p>\n<p><img decoding=\"async\" loading=\"lazy\" class=\"aligncenter wp-image-3594 size-full\" src=\"http:\/\/arpenterlechemin.com\/wp-content\/uploads\/2017\/06\/P1010162-2.jpg\" alt=\"\" width=\"2272\" height=\"1704\" srcset=\"https:\/\/arpenterlechemin.com\/wp-content\/uploads\/2017\/06\/P1010162-2.jpg 2272w, https:\/\/arpenterlechemin.com\/wp-content\/uploads\/2017\/06\/P1010162-2-300x225.jpg 300w, https:\/\/arpenterlechemin.com\/wp-content\/uploads\/2017\/06\/P1010162-2-768x576.jpg 768w, https:\/\/arpenterlechemin.com\/wp-content\/uploads\/2017\/06\/P1010162-2-1024x768.jpg 1024w\" sizes=\"(max-width: 2272px) 100vw, 2272px\" \/><\/p>\n<p><img decoding=\"async\" loading=\"lazy\" class=\"aligncenter wp-image-3595 size-full\" src=\"http:\/\/arpenterlechemin.com\/wp-content\/uploads\/2017\/06\/P1010166-2.jpg\" alt=\"\" width=\"2272\" height=\"1704\" srcset=\"https:\/\/arpenterlechemin.com\/wp-content\/uploads\/2017\/06\/P1010166-2.jpg 2272w, https:\/\/arpenterlechemin.com\/wp-content\/uploads\/2017\/06\/P1010166-2-300x225.jpg 300w, https:\/\/arpenterlechemin.com\/wp-content\/uploads\/2017\/06\/P1010166-2-768x576.jpg 768w, https:\/\/arpenterlechemin.com\/wp-content\/uploads\/2017\/06\/P1010166-2-1024x768.jpg 1024w\" sizes=\"(max-width: 2272px) 100vw, 2272px\" \/><\/p>\n<p>Apr\u00e8s la place de la Palud, le circuit redescend vers la gare et la boucle est boucl\u00e9e. Nous avons d\u00fb mettre une grosse heure de marche en tout, sans compter les innombrables arr\u00eats photo et bien s\u00fbr, la pause d\u00e9jeuner. Nous ne sommes globalement pas des grosses passionn\u00e9es de shopping, mais tout au long de la visite, on croise d&rsquo;innombrables magasins pour toutes les bourses et tu pourrais facilement y passer une demi journ\u00e9e.<\/p>\n<p><strong><span style=\"color: #0000ff;\">Petit tour au Flon, quartier neuf<\/span><\/strong><\/p>\n<p>Juste en face de la gare se trouve un quartier qui semble surgir de terre : le Flon, qui promet d&rsquo;\u00eatre passionnant une fois termin\u00e9. Je ne sais pas \u00e0 quoi il ressemblait avant, et ma m\u00e8re me dit que le nom de Flon lui \u00e9voque un quartier des bas-fonds. Un quartier dont le nom \u00e9tait autrefois synonyme de personnages louches et de transactions douteuses sous le manteau, \u00e0 \u00e9viter soigneusement.<\/p>\n<p>Mais ce que nous avons vu, c&rsquo;est une r\u00e9habilitation industrielle, un quartier \u00e0 l&rsquo;architecture contemporaine qui m\u00eale caf\u00e9s, restaurants, fresques, cha\u00eenes de magasins, friperies, et m\u00eame une boutique z\u00e9ro d\u00e9chet qui vend de l&rsquo;alcool depuis le f\u00fbt ! J&rsquo;adore !<\/p>\n<p><img decoding=\"async\" loading=\"lazy\" class=\"aligncenter wp-image-3596 size-full\" src=\"http:\/\/arpenterlechemin.com\/wp-content\/uploads\/2017\/06\/P1010173-2.jpg\" alt=\"\" width=\"2272\" height=\"1704\" srcset=\"https:\/\/arpenterlechemin.com\/wp-content\/uploads\/2017\/06\/P1010173-2.jpg 2272w, https:\/\/arpenterlechemin.com\/wp-content\/uploads\/2017\/06\/P1010173-2-300x225.jpg 300w, https:\/\/arpenterlechemin.com\/wp-content\/uploads\/2017\/06\/P1010173-2-768x576.jpg 768w, https:\/\/arpenterlechemin.com\/wp-content\/uploads\/2017\/06\/P1010173-2-1024x768.jpg 1024w\" sizes=\"(max-width: 2272px) 100vw, 2272px\" \/><\/p>\n<p><img decoding=\"async\" loading=\"lazy\" class=\"aligncenter wp-image-3597 size-full\" src=\"http:\/\/arpenterlechemin.com\/wp-content\/uploads\/2017\/06\/P1010176-2.jpg\" alt=\"\" width=\"2272\" height=\"1704\" srcset=\"https:\/\/arpenterlechemin.com\/wp-content\/uploads\/2017\/06\/P1010176-2.jpg 2272w, https:\/\/arpenterlechemin.com\/wp-content\/uploads\/2017\/06\/P1010176-2-300x225.jpg 300w, https:\/\/arpenterlechemin.com\/wp-content\/uploads\/2017\/06\/P1010176-2-768x576.jpg 768w, https:\/\/arpenterlechemin.com\/wp-content\/uploads\/2017\/06\/P1010176-2-1024x768.jpg 1024w\" sizes=\"(max-width: 2272px) 100vw, 2272px\" \/><\/p>\n<p><strong><span style=\"color: #0000ff;\">Les fa\u00e7ades Belle \u00c9poque des pentes<\/span><\/strong><\/p>\n<p>Plut\u00f4t que de redescendre b\u00eatement en m\u00e9tro, nous avons pr\u00e9f\u00e9r\u00e9 prendre notre temps et marcher. En descente, c&rsquo;est quand m\u00eame moins fatigant ! Notre plan proposait un autre circuit : les fa\u00e7ades Belle \u00c9poque de Lausanne. Parfait ! C&rsquo;est une \u00e9poque qui nous fascine toutes les deux, et nous avions d\u00e9j\u00e0 aper\u00e7u quelques beaux sp\u00e9cimens en montant. Le circuit nous emm\u00e8ne \u00e0 la d\u00e9couverte de l&rsquo;esplanade de Montbenon, de la gare monumentale et de beaux immeubles, tous repeints de frais. Le circuit emprunte une coul\u00e9e verte et en une petite heure le nez en l&rsquo;air, nous sommes de nouveau \u00e0 Ouchy, sans avoir vu passer la distance !<\/p>\n<p><img decoding=\"async\" loading=\"lazy\" class=\"aligncenter wp-image-3598 size-full\" src=\"http:\/\/arpenterlechemin.com\/wp-content\/uploads\/2017\/06\/P1010180-2.jpg\" alt=\"\" width=\"2272\" height=\"1704\" srcset=\"https:\/\/arpenterlechemin.com\/wp-content\/uploads\/2017\/06\/P1010180-2.jpg 2272w, https:\/\/arpenterlechemin.com\/wp-content\/uploads\/2017\/06\/P1010180-2-300x225.jpg 300w, https:\/\/arpenterlechemin.com\/wp-content\/uploads\/2017\/06\/P1010180-2-768x576.jpg 768w, https:\/\/arpenterlechemin.com\/wp-content\/uploads\/2017\/06\/P1010180-2-1024x768.jpg 1024w\" sizes=\"(max-width: 2272px) 100vw, 2272px\" \/><\/p>\n<p><img decoding=\"async\" loading=\"lazy\" class=\"aligncenter wp-image-3599 size-full\" src=\"http:\/\/arpenterlechemin.com\/wp-content\/uploads\/2017\/06\/P1010182-2.jpg\" alt=\"\" width=\"2132\" height=\"1599\" srcset=\"https:\/\/arpenterlechemin.com\/wp-content\/uploads\/2017\/06\/P1010182-2.jpg 2132w, https:\/\/arpenterlechemin.com\/wp-content\/uploads\/2017\/06\/P1010182-2-300x225.jpg 300w, https:\/\/arpenterlechemin.com\/wp-content\/uploads\/2017\/06\/P1010182-2-768x576.jpg 768w, https:\/\/arpenterlechemin.com\/wp-content\/uploads\/2017\/06\/P1010182-2-1024x768.jpg 1024w\" sizes=\"(max-width: 2132px) 100vw, 2132px\" \/><\/p>\n<p><img decoding=\"async\" loading=\"lazy\" class=\"aligncenter wp-image-3600 size-full\" src=\"http:\/\/arpenterlechemin.com\/wp-content\/uploads\/2017\/06\/P1010188-2.jpg\" alt=\"\" width=\"2272\" height=\"1704\" srcset=\"https:\/\/arpenterlechemin.com\/wp-content\/uploads\/2017\/06\/P1010188-2.jpg 2272w, https:\/\/arpenterlechemin.com\/wp-content\/uploads\/2017\/06\/P1010188-2-300x225.jpg 300w, https:\/\/arpenterlechemin.com\/wp-content\/uploads\/2017\/06\/P1010188-2-768x576.jpg 768w, https:\/\/arpenterlechemin.com\/wp-content\/uploads\/2017\/06\/P1010188-2-1024x768.jpg 1024w\" sizes=\"(max-width: 2272px) 100vw, 2272px\" \/><\/p>\n<p><img decoding=\"async\" loading=\"lazy\" class=\"aligncenter wp-image-3601 size-full\" src=\"http:\/\/arpenterlechemin.com\/wp-content\/uploads\/2017\/06\/P1010190-2.jpg\" alt=\"\" width=\"2272\" height=\"1704\" srcset=\"https:\/\/arpenterlechemin.com\/wp-content\/uploads\/2017\/06\/P1010190-2.jpg 2272w, https:\/\/arpenterlechemin.com\/wp-content\/uploads\/2017\/06\/P1010190-2-300x225.jpg 300w, https:\/\/arpenterlechemin.com\/wp-content\/uploads\/2017\/06\/P1010190-2-768x576.jpg 768w, https:\/\/arpenterlechemin.com\/wp-content\/uploads\/2017\/06\/P1010190-2-1024x768.jpg 1024w\" sizes=\"(max-width: 2272px) 100vw, 2272px\" \/><\/p>\n<p>Avant de repartir, une derni\u00e8re promenade le long du lac, sans oublier une petite glace ? Bien \u00e9videmment !<\/p>\n<p><img decoding=\"async\" loading=\"lazy\" class=\"aligncenter wp-image-3602 size-full\" src=\"http:\/\/arpenterlechemin.com\/wp-content\/uploads\/2017\/06\/P1010192-2.jpg\" alt=\"\" width=\"2272\" height=\"1704\" srcset=\"https:\/\/arpenterlechemin.com\/wp-content\/uploads\/2017\/06\/P1010192-2.jpg 2272w, https:\/\/arpenterlechemin.com\/wp-content\/uploads\/2017\/06\/P1010192-2-300x225.jpg 300w, https:\/\/arpenterlechemin.com\/wp-content\/uploads\/2017\/06\/P1010192-2-768x576.jpg 768w, https:\/\/arpenterlechemin.com\/wp-content\/uploads\/2017\/06\/P1010192-2-1024x768.jpg 1024w\" sizes=\"(max-width: 2272px) 100vw, 2272px\" \/><\/p>\n<p>Et voil\u00e0 qui cl\u00f4ture une superbe journ\u00e9e. La prochaine fois, je n&rsquo;attendrai pas vingt ans avant de revenir !<\/p>\n<h4><span style=\"color: #333399;\">Se rendre \u00e0 Lausanne<\/span><\/h4>\n<p>Depuis la France, le plus simple reste de passer par Gen\u00e8ve, puis de suivre l&rsquo;autoroute A1. La vitesse est limit\u00e9e \u00e0 110 km\/h et les radars fr\u00e9quents ! Aussi, n&rsquo;oubliez pas d&rsquo;acheter la vignette pour autoroute \u00e0 la douane.<\/p>\n<p>Depuis Evian, deux possibilit\u00e9s : suivre la d\u00e9partement 1005 jusqu&rsquo;\u00e0 Saint-Gingolph qui marque la fronti\u00e8re avec la Suisse, puis la route 21 jusqu&rsquo;\u00e0 Noville, et enfin l&rsquo;A9 en direction de Lausanne. Une option plus charmante et \u00e9cologique consiste \u00e0 tout simplement traverser le lac \u00e0 bord des bateaux historiques de la CGN. <a href=\"http:\/\/arpenterlechemin.com\/index.php\/2017\/06\/15\/les-bateaux-belle-epoque-du-leman\/\">Je vous raconte l&rsquo;exp\u00e9rience ici<\/a>.<\/p>\n<h4><span style=\"color: #333399;\">O\u00f9 dormir \u00e0 Lausanne<\/span><\/h4>\n<p>Nous sommes rentr\u00e9es \u00e0 la maison le soir, mais une escapade \u00e0 Lausanne ne serait pas compl\u00e8te sans passer la nuit sur place ! Voici quelques id\u00e9es d&rsquo;h\u00e9bergement pour tous les budgets que j&rsquo;ai rep\u00e9r\u00e9es en ligne : le <a href=\"https:\/\/www.booking.com\/hotel\/ch\/chateau-d-ouchy.en.html?aid=1571475&amp;no_rooms=1&amp;group_adults=1\">ch\u00e2teau Ouchy<\/a> pour un s\u00e9jour luxueux, l&rsquo;<a href=\"https:\/\/www.booking.com\/hotel\/ch\/voyageurs.en.html?aid=1571475&amp;no_rooms=1&amp;group_adults=1\">H\u00f4tel des voyageurs,<\/a>\u00a0<a href=\"https:\/\/www.booking.com\/hotel\/ch\/starling-at-epfl.en.html?aid=1571475&amp;no_rooms=1&amp;group_adults=1\">Starling Hotel<\/a> ou Swiss Wine pour un s\u00e9jour en boutique-h\u00f4tel, ou pour les petits budgets, l&rsquo;auberge <a href=\"https:\/\/www.booking.com\/hotel\/ch\/auberge-de-jeunesse-lausanne-jeunotel.en.html?aid=1571475&amp;no_rooms=1&amp;group_adults=1\">Jeunotel.<\/a><\/p>\n<p><em>Oyez, oyez. Lors de cette journ\u00e9e, nous avons \u00e9t\u00e9 les invit\u00e9s du <a href=\"https:\/\/www.olympic.org\/fr\/musee\">Mus\u00e9e olympique<\/a> et de l&rsquo;<a href=\"http:\/\/www.lausanne-tourisme.ch\/\">Office de tourisme de Lausanne<\/a> et les en remercions. Notre avis reste toutefois 100 % le n\u00f4tre ! Ce billet contient aussi des liens affili\u00e9s.<\/em><\/p>\n<p>&nbsp;<\/p>\n<p><img decoding=\"async\" loading=\"lazy\" class=\"alignnone size-medium wp-image-6314\" src=\"http:\/\/arpenterlechemin.com\/wp-content\/uploads\/2017\/06\/itineraire-journee-lausanne-suisse-leman-citytrip-voyage-road-trip-arpenter-le-chemin-blog-267x400.jpg\" alt=\"itineraire journee lausanne suisse leman citytrip voyage road-trip arpenter le chemin blog\" width=\"267\" height=\"400\" srcset=\"https:\/\/arpenterlechemin.com\/wp-content\/uploads\/2017\/06\/itineraire-journee-lausanne-suisse-leman-citytrip-voyage-road-trip-arpenter-le-chemin-blog-267x400.jpg 267w, https:\/\/arpenterlechemin.com\/wp-content\/uploads\/2017\/06\/itineraire-journee-lausanne-suisse-leman-citytrip-voyage-road-trip-arpenter-le-chemin-blog-390x585.jpg 390w, https:\/\/arpenterlechemin.com\/wp-content\/uploads\/2017\/06\/itineraire-journee-lausanne-suisse-leman-citytrip-voyage-road-trip-arpenter-le-chemin-blog.jpg 735w\" sizes=\"(max-width: 267px) 100vw, 267px\" \/> <img decoding=\"async\" loading=\"lazy\" class=\"alignnone size-medium wp-image-6315\" src=\"http:\/\/arpenterlechemin.com\/wp-content\/uploads\/2017\/06\/que-faire-lausanne-suisse-leman-voyage-citytrip-blog-arpenter-le-chemin-267x400.jpg\" alt=\"que faire lausanne suisse leman voyage citytrip blog arpenter le chemin\" width=\"267\" height=\"400\" srcset=\"https:\/\/arpenterlechemin.com\/wp-content\/uploads\/2017\/06\/que-faire-lausanne-suisse-leman-voyage-citytrip-blog-arpenter-le-chemin-267x400.jpg 267w, https:\/\/arpenterlechemin.com\/wp-content\/uploads\/2017\/06\/que-faire-lausanne-suisse-leman-voyage-citytrip-blog-arpenter-le-chemin-390x585.jpg 390w, https:\/\/arpenterlechemin.com\/wp-content\/uploads\/2017\/06\/que-faire-lausanne-suisse-leman-voyage-citytrip-blog-arpenter-le-chemin.jpg 735w\" sizes=\"(max-width: 267px) 100vw, 267px\" \/> <img decoding=\"async\" loading=\"lazy\" class=\"alignnone size-medium wp-image-6316\" src=\"http:\/\/arpenterlechemin.com\/wp-content\/uploads\/2017\/06\/que-voir-que-faire-lausanne-suisse-leman-citytrip-escapade-voyage-blog-road-trip-arpenter-le-chemin-267x400.jpg\" alt=\"que voir que faire lausanne suisse leman citytrip escapade voyage blog road-trip arpenter le chemin\" width=\"267\" height=\"400\" srcset=\"https:\/\/arpenterlechemin.com\/wp-content\/uploads\/2017\/06\/que-voir-que-faire-lausanne-suisse-leman-citytrip-escapade-voyage-blog-road-trip-arpenter-le-chemin-267x400.jpg 267w, https:\/\/arpenterlechemin.com\/wp-content\/uploads\/2017\/06\/que-voir-que-faire-lausanne-suisse-leman-citytrip-escapade-voyage-blog-road-trip-arpenter-le-chemin-390x585.jpg 390w, https:\/\/arpenterlechemin.com\/wp-content\/uploads\/2017\/06\/que-voir-que-faire-lausanne-suisse-leman-citytrip-escapade-voyage-blog-road-trip-arpenter-le-chemin.jpg 735w\" sizes=\"(max-width: 267px) 100vw, 267px\" \/><\/p>\n<p>&nbsp;<\/p>\n","protected":false},"excerpt":{"rendered":"<p>Apr\u00e8s notre balade en bateau Belle \u00c9poque, nous passons \u00e0 la visite de la jolie ville de Lausanne. Il faut que je t&rsquo;avoue quelque chose : Lausanne est litt\u00e9ralement \u00e0 12 kilom\u00e8tres \u00e0 vol d&rsquo;oiseau de la maison de mon enfance. Je la voyais depuis ma fen\u00eatre, et j&rsquo;avais m\u00eame imagin\u00e9 des noms de rue pour ses art\u00e8res les plus brillantes, la nuit. Et pourtant, j&rsquo;y suis all\u00e9e&#8230; trois fois dans ma vie ? Peut-\u00eatre parce que les escapades urbaines n&rsquo;avaient pas la cote quand je vivais \u00e0 Evian, jusqu&rsquo;\u00e0 <\/p>\n","protected":false},"author":1,"featured_media":3614,"comment_status":"open","ping_status":"open","sticky":false,"template":"","format":"standard","meta":{"jetpack_post_was_ever_published":false},"categories":[1,531],"tags":[562,150,564,568,617,153],"yoast_head":"<!-- This site is optimized with the Yoast SEO plugin v20.7 - https:\/\/yoast.com\/wordpress\/plugins\/seo\/ -->\n<title>SUISSE \/\/ Une journ\u00e9e sur les pentes de Lausanne - Arpenter le chemin<\/title>\n<meta name=\"robots\" content=\"index, follow, max-snippet:-1, max-image-preview:large, max-video-preview:-1\" \/>\n<link rel=\"canonical\" href=\"https:\/\/arpenterlechemin.com\/index.php\/2017\/06\/19\/une-journee-sur-les-pentes-de-lausanne\/\" \/>\n<meta property=\"og:locale\" content=\"fr_FR\" \/>\n<meta property=\"og:type\" content=\"article\" \/>\n<meta property=\"og:title\" content=\"SUISSE \/\/ Une journ\u00e9e sur les pentes de Lausanne - Arpenter le chemin\" \/>\n<meta property=\"og:description\" content=\"Apr\u00e8s notre balade en bateau Belle \u00c9poque, nous passons \u00e0 la visite de la jolie ville de Lausanne. Il faut que je t&rsquo;avoue quelque chose : Lausanne est litt\u00e9ralement \u00e0 12 kilom\u00e8tres \u00e0 vol d&rsquo;oiseau de la maison de mon enfance. Je la voyais depuis ma fen\u00eatre, et j&rsquo;avais m\u00eame imagin\u00e9 des noms de rue pour ses art\u00e8res les plus brillantes, la nuit. Et pourtant, j&rsquo;y suis all\u00e9e&#8230; trois fois dans ma vie ? Peut-\u00eatre parce que les escapades urbaines n&rsquo;avaient pas la cote quand je vivais \u00e0 Evian, jusqu&rsquo;\u00e0\" \/>\n<meta property=\"og:url\" content=\"https:\/\/arpenterlechemin.com\/index.php\/2017\/06\/19\/une-journee-sur-les-pentes-de-lausanne\/\" \/>\n<meta property=\"og:site_name\" content=\"Arpenter le chemin\" \/>\n<meta property=\"article:published_time\" content=\"2017-06-19T16:43:30+00:00\" \/>\n<meta property=\"article:modified_time\" content=\"2019-01-11T15:44:47+00:00\" \/>\n<meta property=\"og:image\" content=\"https:\/\/arpenterlechemin.com\/wp-content\/uploads\/2017\/06\/titre-lausanne.jpg\" \/>\n\t<meta property=\"og:image:width\" content=\"2272\" \/>\n\t<meta property=\"og:image:height\" content=\"1704\" \/>\n\t<meta property=\"og:image:type\" content=\"image\/jpeg\" \/>\n<meta name=\"author\" content=\"Audrey\" \/>\n<meta name=\"twitter:card\" content=\"summary_large_image\" \/>\n<meta name=\"twitter:label1\" content=\"\u00c9crit par\" \/>\n\t<meta name=\"twitter:data1\" content=\"Audrey\" \/>\n\t<meta name=\"twitter:label2\" content=\"Dur\u00e9e de lecture estim\u00e9e\" \/>\n\t<meta name=\"twitter:data2\" content=\"7 minutes\" \/>\n<script type=\"application\/ld+json\" class=\"yoast-schema-graph\">{\"@context\":\"https:\/\/schema.org\",\"@graph\":[{\"@type\":\"Article\",\"@id\":\"https:\/\/arpenterlechemin.com\/index.php\/2017\/06\/19\/une-journee-sur-les-pentes-de-lausanne\/#article\",\"isPartOf\":{\"@id\":\"https:\/\/arpenterlechemin.com\/index.php\/2017\/06\/19\/une-journee-sur-les-pentes-de-lausanne\/\"},\"author\":{\"name\":\"Audrey\",\"@id\":\"https:\/\/arpenterlechemin.com\/#\/schema\/person\/1d187818c0988fbea4d682c1e59c795c\"},\"headline\":\"SUISSE \/\/ Une journ\u00e9e sur les pentes de Lausanne\",\"datePublished\":\"2017-06-19T16:43:30+00:00\",\"dateModified\":\"2019-01-11T15:44:47+00:00\",\"mainEntityOfPage\":{\"@id\":\"https:\/\/arpenterlechemin.com\/index.php\/2017\/06\/19\/une-journee-sur-les-pentes-de-lausanne\/\"},\"wordCount\":1498,\"commentCount\":4,\"publisher\":{\"@id\":\"https:\/\/arpenterlechemin.com\/#organization\"},\"keywords\":[\"escapade franco-suisse\",\"europe\",\"lausanne\",\"partenariat\",\"printemps\",\"suisse\"],\"articleSection\":[\"Blog\",\"Europe\"],\"inLanguage\":\"fr-FR\",\"potentialAction\":[{\"@type\":\"CommentAction\",\"name\":\"Comment\",\"target\":[\"https:\/\/arpenterlechemin.com\/index.php\/2017\/06\/19\/une-journee-sur-les-pentes-de-lausanne\/#respond\"]}]},{\"@type\":\"WebPage\",\"@id\":\"https:\/\/arpenterlechemin.com\/index.php\/2017\/06\/19\/une-journee-sur-les-pentes-de-lausanne\/\",\"url\":\"https:\/\/arpenterlechemin.com\/index.php\/2017\/06\/19\/une-journee-sur-les-pentes-de-lausanne\/\",\"name\":\"SUISSE \/\/ Une journ\u00e9e sur les pentes de Lausanne - Arpenter le chemin\",\"isPartOf\":{\"@id\":\"https:\/\/arpenterlechemin.com\/#website\"},\"datePublished\":\"2017-06-19T16:43:30+00:00\",\"dateModified\":\"2019-01-11T15:44:47+00:00\",\"breadcrumb\":{\"@id\":\"https:\/\/arpenterlechemin.com\/index.php\/2017\/06\/19\/une-journee-sur-les-pentes-de-lausanne\/#breadcrumb\"},\"inLanguage\":\"fr-FR\",\"potentialAction\":[{\"@type\":\"ReadAction\",\"target\":[\"https:\/\/arpenterlechemin.com\/index.php\/2017\/06\/19\/une-journee-sur-les-pentes-de-lausanne\/\"]}]},{\"@type\":\"BreadcrumbList\",\"@id\":\"https:\/\/arpenterlechemin.com\/index.php\/2017\/06\/19\/une-journee-sur-les-pentes-de-lausanne\/#breadcrumb\",\"itemListElement\":[{\"@type\":\"ListItem\",\"position\":1,\"name\":\"Home\",\"item\":\"https:\/\/arpenterlechemin.com\/\"},{\"@type\":\"ListItem\",\"position\":2,\"name\":\"SUISSE \/\/ Une journ\u00e9e sur les pentes de Lausanne\"}]},{\"@type\":\"WebSite\",\"@id\":\"https:\/\/arpenterlechemin.com\/#website\",\"url\":\"https:\/\/arpenterlechemin.com\/\",\"name\":\"Arpenter le chemin\",\"description\":\"\",\"publisher\":{\"@id\":\"https:\/\/arpenterlechemin.com\/#organization\"},\"potentialAction\":[{\"@type\":\"SearchAction\",\"target\":{\"@type\":\"EntryPoint\",\"urlTemplate\":\"https:\/\/arpenterlechemin.com\/?s={search_term_string}\"},\"query-input\":\"required name=search_term_string\"}],\"inLanguage\":\"fr-FR\"},{\"@type\":\"Organization\",\"@id\":\"https:\/\/arpenterlechemin.com\/#organization\",\"name\":\"Arpenter le chemin\",\"url\":\"https:\/\/arpenterlechemin.com\/\",\"logo\":{\"@type\":\"ImageObject\",\"inLanguage\":\"fr-FR\",\"@id\":\"https:\/\/arpenterlechemin.com\/#\/schema\/logo\/image\/\",\"url\":\"https:\/\/arpenterlechemin.com\/wp-content\/uploads\/2017\/04\/icone-4.jpg\",\"contentUrl\":\"https:\/\/arpenterlechemin.com\/wp-content\/uploads\/2017\/04\/icone-4.jpg\",\"width\":150,\"height\":73,\"caption\":\"Arpenter le chemin\"},\"image\":{\"@id\":\"https:\/\/arpenterlechemin.com\/#\/schema\/logo\/image\/\"}},{\"@type\":\"Person\",\"@id\":\"https:\/\/arpenterlechemin.com\/#\/schema\/person\/1d187818c0988fbea4d682c1e59c795c\",\"name\":\"Audrey\",\"image\":{\"@type\":\"ImageObject\",\"inLanguage\":\"fr-FR\",\"@id\":\"https:\/\/arpenterlechemin.com\/#\/schema\/person\/image\/\",\"url\":\"https:\/\/secure.gravatar.com\/avatar\/b75298f64c73f1709976c50921beae6a?s=96&d=mm&r=g\",\"contentUrl\":\"https:\/\/secure.gravatar.com\/avatar\/b75298f64c73f1709976c50921beae6a?s=96&d=mm&r=g\",\"caption\":\"Audrey\"},\"description\":\"Allergique \u00e0 la routine, atteinte de bougeotte aigu\u00eb, j'essaie de m'envoler aussi souvent que possible, seule, en couple ou entre amis ! Ville, nature, culture, rando... tout me va, \u00e0 partir du moment o\u00f9 je suis dehors.\",\"url\":\"https:\/\/arpenterlechemin.com\/index.php\/author\/audreyf\/\"}]}<\/script>\n<!-- \/ Yoast SEO plugin. -->","yoast_head_json":{"title":"SUISSE \/\/ Une journ\u00e9e sur les pentes de Lausanne - Arpenter le chemin","robots":{"index":"index","follow":"follow","max-snippet":"max-snippet:-1","max-image-preview":"max-image-preview:large","max-video-preview":"max-video-preview:-1"},"canonical":"https:\/\/arpenterlechemin.com\/index.php\/2017\/06\/19\/une-journee-sur-les-pentes-de-lausanne\/","og_locale":"fr_FR","og_type":"article","og_title":"SUISSE \/\/ Une journ\u00e9e sur les pentes de Lausanne - Arpenter le chemin","og_description":"Apr\u00e8s notre balade en bateau Belle \u00c9poque, nous passons \u00e0 la visite de la jolie ville de Lausanne. Il faut que je t&rsquo;avoue quelque chose : Lausanne est litt\u00e9ralement \u00e0 12 kilom\u00e8tres \u00e0 vol d&rsquo;oiseau de la maison de mon enfance. Je la voyais depuis ma fen\u00eatre, et j&rsquo;avais m\u00eame imagin\u00e9 des noms de rue pour ses art\u00e8res les plus brillantes, la nuit. Et pourtant, j&rsquo;y suis all\u00e9e&#8230; trois fois dans ma vie ? Peut-\u00eatre parce que les escapades urbaines n&rsquo;avaient pas la cote quand je vivais \u00e0 Evian, jusqu&rsquo;\u00e0","og_url":"https:\/\/arpenterlechemin.com\/index.php\/2017\/06\/19\/une-journee-sur-les-pentes-de-lausanne\/","og_site_name":"Arpenter le chemin","article_published_time":"2017-06-19T16:43:30+00:00","article_modified_time":"2019-01-11T15:44:47+00:00","og_image":[{"width":2272,"height":1704,"url":"https:\/\/arpenterlechemin.com\/wp-content\/uploads\/2017\/06\/titre-lausanne.jpg","type":"image\/jpeg"}],"author":"Audrey","twitter_card":"summary_large_image","twitter_misc":{"\u00c9crit par":"Audrey","Dur\u00e9e de lecture estim\u00e9e":"7 minutes"},"schema":{"@context":"https:\/\/schema.org","@graph":[{"@type":"Article","@id":"https:\/\/arpenterlechemin.com\/index.php\/2017\/06\/19\/une-journee-sur-les-pentes-de-lausanne\/#article","isPartOf":{"@id":"https:\/\/arpenterlechemin.com\/index.php\/2017\/06\/19\/une-journee-sur-les-pentes-de-lausanne\/"},"author":{"name":"Audrey","@id":"https:\/\/arpenterlechemin.com\/#\/schema\/person\/1d187818c0988fbea4d682c1e59c795c"},"headline":"SUISSE \/\/ Une journ\u00e9e sur les pentes de Lausanne","datePublished":"2017-06-19T16:43:30+00:00","dateModified":"2019-01-11T15:44:47+00:00","mainEntityOfPage":{"@id":"https:\/\/arpenterlechemin.com\/index.php\/2017\/06\/19\/une-journee-sur-les-pentes-de-lausanne\/"},"wordCount":1498,"commentCount":4,"publisher":{"@id":"https:\/\/arpenterlechemin.com\/#organization"},"keywords":["escapade franco-suisse","europe","lausanne","partenariat","printemps","suisse"],"articleSection":["Blog","Europe"],"inLanguage":"fr-FR","potentialAction":[{"@type":"CommentAction","name":"Comment","target":["https:\/\/arpenterlechemin.com\/index.php\/2017\/06\/19\/une-journee-sur-les-pentes-de-lausanne\/#respond"]}]},{"@type":"WebPage","@id":"https:\/\/arpenterlechemin.com\/index.php\/2017\/06\/19\/une-journee-sur-les-pentes-de-lausanne\/","url":"https:\/\/arpenterlechemin.com\/index.php\/2017\/06\/19\/une-journee-sur-les-pentes-de-lausanne\/","name":"SUISSE \/\/ Une journ\u00e9e sur les pentes de Lausanne - Arpenter le chemin","isPartOf":{"@id":"https:\/\/arpenterlechemin.com\/#website"},"datePublished":"2017-06-19T16:43:30+00:00","dateModified":"2019-01-11T15:44:47+00:00","breadcrumb":{"@id":"https:\/\/arpenterlechemin.com\/index.php\/2017\/06\/19\/une-journee-sur-les-pentes-de-lausanne\/#breadcrumb"},"inLanguage":"fr-FR","potentialAction":[{"@type":"ReadAction","target":["https:\/\/arpenterlechemin.com\/index.php\/2017\/06\/19\/une-journee-sur-les-pentes-de-lausanne\/"]}]},{"@type":"BreadcrumbList","@id":"https:\/\/arpenterlechemin.com\/index.php\/2017\/06\/19\/une-journee-sur-les-pentes-de-lausanne\/#breadcrumb","itemListElement":[{"@type":"ListItem","position":1,"name":"Home","item":"https:\/\/arpenterlechemin.com\/"},{"@type":"ListItem","position":2,"name":"SUISSE \/\/ Une journ\u00e9e sur les pentes de Lausanne"}]},{"@type":"WebSite","@id":"https:\/\/arpenterlechemin.com\/#website","url":"https:\/\/arpenterlechemin.com\/","name":"Arpenter le chemin","description":"","publisher":{"@id":"https:\/\/arpenterlechemin.com\/#organization"},"potentialAction":[{"@type":"SearchAction","target":{"@type":"EntryPoint","urlTemplate":"https:\/\/arpenterlechemin.com\/?s={search_term_string}"},"query-input":"required name=search_term_string"}],"inLanguage":"fr-FR"},{"@type":"Organization","@id":"https:\/\/arpenterlechemin.com\/#organization","name":"Arpenter le chemin","url":"https:\/\/arpenterlechemin.com\/","logo":{"@type":"ImageObject","inLanguage":"fr-FR","@id":"https:\/\/arpenterlechemin.com\/#\/schema\/logo\/image\/","url":"https:\/\/arpenterlechemin.com\/wp-content\/uploads\/2017\/04\/icone-4.jpg","contentUrl":"https:\/\/arpenterlechemin.com\/wp-content\/uploads\/2017\/04\/icone-4.jpg","width":150,"height":73,"caption":"Arpenter le chemin"},"image":{"@id":"https:\/\/arpenterlechemin.com\/#\/schema\/logo\/image\/"}},{"@type":"Person","@id":"https:\/\/arpenterlechemin.com\/#\/schema\/person\/1d187818c0988fbea4d682c1e59c795c","name":"Audrey","image":{"@type":"ImageObject","inLanguage":"fr-FR","@id":"https:\/\/arpenterlechemin.com\/#\/schema\/person\/image\/","url":"https:\/\/secure.gravatar.com\/avatar\/b75298f64c73f1709976c50921beae6a?s=96&d=mm&r=g","contentUrl":"https:\/\/secure.gravatar.com\/avatar\/b75298f64c73f1709976c50921beae6a?s=96&d=mm&r=g","caption":"Audrey"},"description":"Allergique \u00e0 la routine, atteinte de bougeotte aigu\u00eb, j'essaie de m'envoler aussi souvent que possible, seule, en couple ou entre amis ! Ville, nature, culture, rando... tout me va, \u00e0 partir du moment o\u00f9 je suis dehors.","url":"https:\/\/arpenterlechemin.com\/index.php\/author\/audreyf\/"}]}},"jetpack_featured_media_url":"https:\/\/arpenterlechemin.com\/wp-content\/uploads\/2017\/06\/titre-lausanne.jpg","jetpack_sharing_enabled":true,"jetpack_shortlink":"https:\/\/wp.me\/p8z9hR-Sg","jetpack-related-posts":[{"id":597,"url":"https:\/\/arpenterlechemin.com\/index.php\/2016\/08\/19\/berne-visite-de-la-capitale-suisse-2\/","url_meta":{"origin":3364,"position":0},"title":"SUISSE \/\/ Berne, visite de la capitale suisse","date":"19 ao\u00fbt 2016","format":false,"excerpt":"Me croirez-vous si je vous dis que je suis n\u00e9e en Haute-Savoie, et que j'ai pass\u00e9 les 17 premi\u00e8res ann\u00e9es de ma vie \u00e0 exactement 16,3 km de la fronti\u00e8re suisse... et que je n'\u00e9tais jamais all\u00e9e \u00e0 Berne avant 2010 ?","rel":"","context":"Dans &quot;Blog&quot;","img":{"alt_text":"berne escapade city-trip blog voyage suisse arpenter le chemin","src":"https:\/\/i0.wp.com\/arpenterlechemin.com\/wp-content\/uploads\/2016\/08\/berne-escapade-city-trip-blog-voyage-suisse-arpenter-le-chemin.jpg?resize=350%2C200&ssl=1","width":350,"height":200},"classes":[]},{"id":1047,"url":"https:\/\/arpenterlechemin.com\/index.php\/2017\/06\/15\/les-bateaux-belle-epoque-du-leman\/","url_meta":{"origin":3364,"position":1},"title":"SUISSE \/\/ \u00c0 bord des bateaux Belle \u00c9poque du L\u00e9man","date":"15 juin 2017","format":false,"excerpt":"Bonjour \u00e0 tous ! Aujourd'hui, j'aimerais vous faire d\u00e9couvrir une perle du L\u00e9man... ou plut\u00f4t des perles : les bateaux Belle \u00c9poque de la CGN, la Compagnie g\u00e9n\u00e9rale de navigation, qui g\u00e8re toute la flotte sur le L\u00e9man. Sur le L\u00e9man naviguent de superbes vestiges de la Belle \u00c9poque, \u00e2ge\u2026","rel":"","context":"Dans &quot;Blog&quot;","img":{"alt_text":"","src":"https:\/\/i0.wp.com\/arpenterlechemin.com\/wp-content\/uploads\/2017\/06\/titre-cgn.jpg?resize=350%2C200&ssl=1","width":350,"height":200},"classes":[]},{"id":3360,"url":"https:\/\/arpenterlechemin.com\/index.php\/2017\/08\/03\/sur-la-riviera-vaudoise-lavaux-et-chillon-deux-incontournables-en-suisse\/","url_meta":{"origin":3364,"position":2},"title":"SUISSE \/\/ Sur la Riviera vaudoise : Lavaux et Chillon, deux incontournables","date":"3 ao\u00fbt 2017","format":false,"excerpt":"Aujourd'hui, on retourne en Suisse ! Je vous avais laiss\u00e9 \u00e0 Lausanne lors de mon escapade franco-suisse en mai et je voulais malgr\u00e9 partager avec vous un lieu magique, inimitable, unique : les vignobles de Lavaux, avec en visite annexe, le Ch\u00e2teau de Chillon. Les vignoble de Lavaux sont situ\u00e9s\u2026","rel":"","context":"Dans &quot;Blog&quot;","img":{"alt_text":"","src":"https:\/\/i0.wp.com\/arpenterlechemin.com\/wp-content\/uploads\/2017\/06\/titre-lavaux-chillon.jpg?resize=350%2C200&ssl=1","width":350,"height":200},"classes":[]},{"id":7775,"url":"https:\/\/arpenterlechemin.com\/index.php\/2019\/07\/26\/suisse-romande\/","url_meta":{"origin":3364,"position":3},"title":"SUISSE \/\/ Suisse romande : id\u00e9es d&rsquo;escapades et randonn\u00e9es","date":"26 juillet 2019","format":false,"excerpt":"La Suisse est l'un des pays qui me font chavirer, et le fait que mes a\u00efeux en soient originaires n'est que l'une des nombreuses raisons qui me font aimer ce pays \u00e0 la folie. Si vous cherchez des id\u00e9es de voyage au vert en Europe, dans des lieux francophones, o\u00f9\u2026","rel":"","context":"Dans &quot;Blog&quot;","img":{"alt_text":"incontournables suisse romande blog voyage","src":"https:\/\/i0.wp.com\/arpenterlechemin.com\/wp-content\/uploads\/2019\/09\/incontournables-suisse-romande-blog-voyage.jpg?resize=350%2C200&ssl=1","width":350,"height":200},"classes":[]},{"id":3358,"url":"https:\/\/arpenterlechemin.com\/index.php\/2017\/06\/05\/nernier-et-yvoire-deux-villages-a-croquer\/","url_meta":{"origin":3364,"position":4},"title":"FRANCE \/\/ Nernier et Yvoire, deux villages \u00e0 croquer","date":"5 juin 2017","format":false,"excerpt":"Apr\u00e8s un bref passage \u00e0 Lyon, il est temps de passer au c\u0153ur du voyage : une semaine sur les rives du lac L\u00e9man, en Haute-Savoie. \u00c0 cheval sur France et Suisse, le plus grand lac d'Europe occidentale est une merveille... et je ne dis pas \u00e7a parce que j'y\u2026","rel":"","context":"Dans &quot;Blog&quot;","img":{"alt_text":"","src":"https:\/\/i0.wp.com\/arpenterlechemin.com\/wp-content\/uploads\/2017\/05\/titre-nernier-yvoire.jpg?resize=350%2C200&ssl=1","width":350,"height":200},"classes":[]},{"id":8964,"url":"https:\/\/arpenterlechemin.com\/index.php\/2020\/03\/08\/voyage-feministe\/","url_meta":{"origin":3364,"position":5},"title":"Voyage et f\u00e9minisme : entretiens crois\u00e9s","date":"8 mars 2020","format":false,"excerpt":"C'est maintenant une tradition : \u00e0 l'occasion du 8 mars, journ\u00e9e internationale de lutte pour les droits des femmes, j'ai le plaisir de souligner le travail de voyageuses-blogueuses que j'appr\u00e9cie. Aujourd'hui, je leur laisse la parole lors d'un entretien crois\u00e9 pour parler voyage et f\u00e9minisme. Je reste fermement convaincue qu'on\u2026","rel":"","context":"Dans &quot;Blog&quot;","img":{"alt_text":"Voyage feminisme 8 mars","src":"https:\/\/i0.wp.com\/arpenterlechemin.com\/wp-content\/uploads\/2020\/03\/Voyage-feminisme-8-mars.jpg?resize=350%2C200&ssl=1","width":350,"height":200},"classes":[]}],"_links":{"self":[{"href":"https:\/\/arpenterlechemin.com\/index.php\/wp-json\/wp\/v2\/posts\/3364"}],"collection":[{"href":"https:\/\/arpenterlechemin.com\/index.php\/wp-json\/wp\/v2\/posts"}],"about":[{"href":"https:\/\/arpenterlechemin.com\/index.php\/wp-json\/wp\/v2\/types\/post"}],"author":[{"embeddable":true,"href":"https:\/\/arpenterlechemin.com\/index.php\/wp-json\/wp\/v2\/users\/1"}],"replies":[{"embeddable":true,"href":"https:\/\/arpenterlechemin.com\/index.php\/wp-json\/wp\/v2\/comments?post=3364"}],"version-history":[{"count":0,"href":"https:\/\/arpenterlechemin.com\/index.php\/wp-json\/wp\/v2\/posts\/3364\/revisions"}],"wp:featuredmedia":[{"embeddable":true,"href":"https:\/\/arpenterlechemin.com\/index.php\/wp-json\/wp\/v2\/media\/3614"}],"wp:attachment":[{"href":"https:\/\/arpenterlechemin.com\/index.php\/wp-json\/wp\/v2\/media?parent=3364"}],"wp:term":[{"taxonomy":"category","embeddable":true,"href":"https:\/\/arpenterlechemin.com\/index.php\/wp-json\/wp\/v2\/categories?post=3364"},{"taxonomy":"post_tag","embeddable":true,"href":"https:\/\/arpenterlechemin.com\/index.php\/wp-json\/wp\/v2\/tags?post=3364"}],"curies":[{"name":"wp","href":"https:\/\/api.w.org\/{rel}","templated":true}]}}