{"id":3358,"date":"2017-06-05T03:11:30","date_gmt":"2017-06-05T07:11:30","guid":{"rendered":"http:\/\/arpenterlechemin.com\/?p=3358"},"modified":"2021-01-05T15:23:05","modified_gmt":"2021-01-05T19:23:05","slug":"nernier-et-yvoire-deux-villages-a-croquer","status":"publish","type":"post","link":"https:\/\/arpenterlechemin.com\/index.php\/2017\/06\/05\/nernier-et-yvoire-deux-villages-a-croquer\/","title":{"rendered":"FRANCE \/\/ Nernier et Yvoire, deux villages \u00e0 croquer"},"content":{"rendered":"<p>Apr\u00e8s un bref passage \u00e0 <a href=\"http:\/\/arpenterlechemin.com\/index.php\/tag\/lyon\">Lyon<\/a>, il est temps de passer au c\u0153ur du voyage : une semaine sur les rives du lac L\u00e9man, en <a href=\"https:\/\/arpenterlechemin.com\/index.php\/tag\/haute-savoie\/\">Haute-Savoie<\/a>. \u00c0 cheval sur France et Suisse, le plus grand lac d&rsquo;Europe occidentale est une merveille&#8230; et je ne dis pas \u00e7a parce que j&rsquo;y ai pass\u00e9 mes 17 premi\u00e8res ann\u00e9es. <strong>Le lac est bord\u00e9 de plages en \u00e9t\u00e9, de montagnes enneig\u00e9es en hiver<\/strong>, de deux grandes villes (<a href=\"https:\/\/arpenterlechemin.com\/index.php\/2017\/12\/31\/retrospective-voyage-2017\/\">Lausanne<\/a>, 200 000 habitants, et Gen\u00e8ve, 250 000 habitants), de sites class\u00e9s \u00e0 l&rsquo;UNESCO&#8230; Bref un lieu o\u00f9 j&rsquo;ai plaisir \u00e0 revenir encore et encore.<\/p>\n<p>Pour ma premi\u00e8re visite sur les rives du L\u00e9man cette ann\u00e9e, direction deux petits villages \u00e0 croquer : Nernier et Yvoire.<\/p>\n<h3><span style=\"color: #000080;\"><strong>Nernier, village de p\u00eacheurs<\/strong><\/span><\/h3>\n<p>Nernier tient dans un mouchoir de poche. Si vous allez visiter les deux villages, je conseille de <strong>visiter Nernier avant Yvoire<\/strong>, car Yvoire est tellement renversant que Nernier p\u00e2lirait un peu en comparaison. Ce n&rsquo;est pas une raison pour sauter cette visite, car ce minuscule village d\u00e9borde de charme.<\/p>\n<p>Je n&rsquo;ai pas d&rsquo;itin\u00e9raire \u00e0 vous donner : il suffit de se \u00ab\u00a0perdre\u00a0\u00bb dans les cinq rues, d&rsquo;<strong>errer au hasard du lierre et de la glycine<\/strong>.\u00a0C&rsquo;est exactement ce que nous avons fait. Le village s&rsquo;articule autour de la petite place centrale o\u00f9, me murmure-t-on, les \u00e9tablissements seraient d\u00e9licieux. Le cadre est en tout cas exceptionnel, embaumant les fleurs en ce mois de mai, entour\u00e9 de ruelles si petites que les voitures n&rsquo;y passent que difficilement, soulageant les fl\u00e2neurs des affres de la circulation.<\/p>\n<p><img decoding=\"async\" loading=\"lazy\" class=\"aligncenter wp-image-3424 size-full\" src=\"http:\/\/arpenterlechemin.com\/wp-content\/uploads\/2017\/05\/P1000637-3.jpg\" alt=\"\" width=\"2272\" height=\"1704\" srcset=\"https:\/\/arpenterlechemin.com\/wp-content\/uploads\/2017\/05\/P1000637-3.jpg 2272w, https:\/\/arpenterlechemin.com\/wp-content\/uploads\/2017\/05\/P1000637-3-300x225.jpg 300w, https:\/\/arpenterlechemin.com\/wp-content\/uploads\/2017\/05\/P1000637-3-768x576.jpg 768w, https:\/\/arpenterlechemin.com\/wp-content\/uploads\/2017\/05\/P1000637-3-1024x768.jpg 1024w\" sizes=\"(max-width: 2272px) 100vw, 2272px\" \/><\/p>\n<p><img decoding=\"async\" loading=\"lazy\" class=\"aligncenter wp-image-3425 size-full\" src=\"http:\/\/arpenterlechemin.com\/wp-content\/uploads\/2017\/05\/P1000648-2.jpg\" alt=\"\" width=\"2272\" height=\"1704\" srcset=\"https:\/\/arpenterlechemin.com\/wp-content\/uploads\/2017\/05\/P1000648-2.jpg 2272w, https:\/\/arpenterlechemin.com\/wp-content\/uploads\/2017\/05\/P1000648-2-300x225.jpg 300w, https:\/\/arpenterlechemin.com\/wp-content\/uploads\/2017\/05\/P1000648-2-768x576.jpg 768w, https:\/\/arpenterlechemin.com\/wp-content\/uploads\/2017\/05\/P1000648-2-1024x768.jpg 1024w\" sizes=\"(max-width: 2272px) 100vw, 2272px\" \/><\/p>\n<p><img decoding=\"async\" loading=\"lazy\" class=\"aligncenter wp-image-3426 size-full\" src=\"http:\/\/arpenterlechemin.com\/wp-content\/uploads\/2017\/05\/P1000649-2.jpg\" alt=\"\" width=\"2272\" height=\"1704\" srcset=\"https:\/\/arpenterlechemin.com\/wp-content\/uploads\/2017\/05\/P1000649-2.jpg 2272w, https:\/\/arpenterlechemin.com\/wp-content\/uploads\/2017\/05\/P1000649-2-300x225.jpg 300w, https:\/\/arpenterlechemin.com\/wp-content\/uploads\/2017\/05\/P1000649-2-768x576.jpg 768w, https:\/\/arpenterlechemin.com\/wp-content\/uploads\/2017\/05\/P1000649-2-1024x768.jpg 1024w\" sizes=\"(max-width: 2272px) 100vw, 2272px\" \/><\/p>\n<p><img decoding=\"async\" loading=\"lazy\" class=\"aligncenter wp-image-3427 size-full\" src=\"http:\/\/arpenterlechemin.com\/wp-content\/uploads\/2017\/05\/P1000651-2.jpg\" alt=\"\" width=\"2272\" height=\"1704\" srcset=\"https:\/\/arpenterlechemin.com\/wp-content\/uploads\/2017\/05\/P1000651-2.jpg 2272w, https:\/\/arpenterlechemin.com\/wp-content\/uploads\/2017\/05\/P1000651-2-300x225.jpg 300w, https:\/\/arpenterlechemin.com\/wp-content\/uploads\/2017\/05\/P1000651-2-768x576.jpg 768w, https:\/\/arpenterlechemin.com\/wp-content\/uploads\/2017\/05\/P1000651-2-1024x768.jpg 1024w\" sizes=\"(max-width: 2272px) 100vw, 2272px\" \/><\/p>\n<p><img decoding=\"async\" loading=\"lazy\" class=\"aligncenter wp-image-3431 size-full\" src=\"http:\/\/arpenterlechemin.com\/wp-content\/uploads\/2017\/05\/P1000666-2.jpg\" alt=\"\" width=\"2272\" height=\"1704\" srcset=\"https:\/\/arpenterlechemin.com\/wp-content\/uploads\/2017\/05\/P1000666-2.jpg 2272w, https:\/\/arpenterlechemin.com\/wp-content\/uploads\/2017\/05\/P1000666-2-300x225.jpg 300w, https:\/\/arpenterlechemin.com\/wp-content\/uploads\/2017\/05\/P1000666-2-768x576.jpg 768w, https:\/\/arpenterlechemin.com\/wp-content\/uploads\/2017\/05\/P1000666-2-1024x768.jpg 1024w\" sizes=\"(max-width: 2272px) 100vw, 2272px\" \/><\/p>\n<p><img decoding=\"async\" loading=\"lazy\" class=\"aligncenter wp-image-3432 size-full\" src=\"http:\/\/arpenterlechemin.com\/wp-content\/uploads\/2017\/05\/P1000669-2.jpg\" alt=\"\" width=\"2272\" height=\"1704\" srcset=\"https:\/\/arpenterlechemin.com\/wp-content\/uploads\/2017\/05\/P1000669-2.jpg 2272w, https:\/\/arpenterlechemin.com\/wp-content\/uploads\/2017\/05\/P1000669-2-300x225.jpg 300w, https:\/\/arpenterlechemin.com\/wp-content\/uploads\/2017\/05\/P1000669-2-768x576.jpg 768w, https:\/\/arpenterlechemin.com\/wp-content\/uploads\/2017\/05\/P1000669-2-1024x768.jpg 1024w\" sizes=\"(max-width: 2272px) 100vw, 2272px\" \/><\/p>\n<p>Comme tous les villages lacustres, le port de Nernier n&rsquo;a plus beaucoup de p\u00eacheurs mais surtout des bateaux de plaisance, voiliers, zodiacs, hors-bords et compagnie. En s&rsquo;\u00e9loignant l\u00e9g\u00e8rement du village pour arpenter la jet\u00e9e, nous avons d\u00e9couvert un point de vue qui montre parfaitement <strong>l&rsquo;architecture haut-savoyarde<\/strong>, trapue avec ses toits en croupe, vestige d&rsquo;une \u00e9poque o\u00f9 le climat devait \u00eatre rude et o\u00f9 on <del>s&rsquo;entretuait<\/del> vivait \u00e0 cinq ou six foyers par maison. Sans compter les vaches.<\/p>\n<p><img decoding=\"async\" loading=\"lazy\" class=\"aligncenter wp-image-3428 size-full\" src=\"http:\/\/arpenterlechemin.com\/wp-content\/uploads\/2017\/05\/P1000657-2.jpg\" alt=\"\" width=\"2272\" height=\"1704\" srcset=\"https:\/\/arpenterlechemin.com\/wp-content\/uploads\/2017\/05\/P1000657-2.jpg 2272w, https:\/\/arpenterlechemin.com\/wp-content\/uploads\/2017\/05\/P1000657-2-300x225.jpg 300w, https:\/\/arpenterlechemin.com\/wp-content\/uploads\/2017\/05\/P1000657-2-768x576.jpg 768w, https:\/\/arpenterlechemin.com\/wp-content\/uploads\/2017\/05\/P1000657-2-1024x768.jpg 1024w\" sizes=\"(max-width: 2272px) 100vw, 2272px\" \/><\/p>\n<p><img decoding=\"async\" loading=\"lazy\" class=\"aligncenter wp-image-3430 size-full\" src=\"https:\/\/arpenterlechemin.com\/wp-content\/uploads\/2017\/05\/P1000664-2.jpg\" alt=\"escapade nernier que voir que faire haute-savoie printemps\" width=\"1768\" height=\"1326\" srcset=\"https:\/\/arpenterlechemin.com\/wp-content\/uploads\/2017\/05\/P1000664-2.jpg 1768w, https:\/\/arpenterlechemin.com\/wp-content\/uploads\/2017\/05\/P1000664-2-300x225.jpg 300w, https:\/\/arpenterlechemin.com\/wp-content\/uploads\/2017\/05\/P1000664-2-768x576.jpg 768w, https:\/\/arpenterlechemin.com\/wp-content\/uploads\/2017\/05\/P1000664-2-1024x768.jpg 1024w\" sizes=\"(max-width: 1768px) 100vw, 1768px\" \/><\/p>\n<p><img decoding=\"async\" loading=\"lazy\" class=\"aligncenter wp-image-3429 size-full\" src=\"https:\/\/arpenterlechemin.com\/wp-content\/uploads\/2017\/05\/P1000661-2.jpg\" alt=\"visiter nernier blog voyage haute-savoie arpenter le chemin\" width=\"2272\" height=\"1704\" srcset=\"https:\/\/arpenterlechemin.com\/wp-content\/uploads\/2017\/05\/P1000661-2.jpg 2272w, https:\/\/arpenterlechemin.com\/wp-content\/uploads\/2017\/05\/P1000661-2-300x225.jpg 300w, https:\/\/arpenterlechemin.com\/wp-content\/uploads\/2017\/05\/P1000661-2-768x576.jpg 768w, https:\/\/arpenterlechemin.com\/wp-content\/uploads\/2017\/05\/P1000661-2-1024x768.jpg 1024w\" sizes=\"(max-width: 2272px) 100vw, 2272px\" \/><\/p>\n<p>Le lac avait sa couleur des grands jours, un turquoise d&rsquo;habitude r\u00e9serv\u00e9 aux eaux du Rh\u00f4ne ou du lac d&rsquo;Annecy. <strong>Le L\u00e9man est une mer int\u00e9rieure, avec ses temp\u00eates et ses caprices<\/strong>, et les habitants ont longtemps \u00e9t\u00e9 bien davantage des marins que montagnards, des p\u00eacheurs, des loups de lac. Il refl\u00e8te d&rsquo;ordinaire la couleur du ciel, variant du bleu clair \u00e0 l&rsquo;anthracite, mais un turquoise pareil devait \u00eatre le signe d&rsquo;une humeur particuli\u00e8rement guillerette de la part de ce lac aux caract\u00e8re bien tremp\u00e9.<\/p>\n<p>\u00c0 chaque fois que je visite un site hors du temps, que ce soit un village m\u00e9di\u00e9val, un bourg japonais conserv\u00e9 en l&rsquo;\u00e9tat ou la majestueuse Venise, je ne peux m&#8217;emp\u00eacher de me demander quelle est l&rsquo;ambiance, la nuit. \u00c0 quoi ressemblent ces rues une fois les visiteurs partis ? Quand s&rsquo;allument les premi\u00e8res lumi\u00e8res de l&rsquo;hiver ? Quand la brume s&rsquo;installe avant le lever du soleil ? <strong>Perd-on la notion du temps, voyage-t-on dans les si\u00e8cles ?<\/strong> Je n&rsquo;ai pas de r\u00e9ponse pour ces deux villages, mais je veillerai \u00e0 revenir entre chien et loup une prochaine fois, pour v\u00e9rifier si l&rsquo;histoire vit toujours par ici.<\/p>\n<p><img decoding=\"async\" loading=\"lazy\" class=\"aligncenter wp-image-3433 size-full\" src=\"https:\/\/arpenterlechemin.com\/wp-content\/uploads\/2017\/05\/P1000674-2.jpg\" alt=\"nernier visiter haute-savoie lac leman france\" width=\"2272\" height=\"1704\" srcset=\"https:\/\/arpenterlechemin.com\/wp-content\/uploads\/2017\/05\/P1000674-2.jpg 2272w, https:\/\/arpenterlechemin.com\/wp-content\/uploads\/2017\/05\/P1000674-2-300x225.jpg 300w, https:\/\/arpenterlechemin.com\/wp-content\/uploads\/2017\/05\/P1000674-2-768x576.jpg 768w, https:\/\/arpenterlechemin.com\/wp-content\/uploads\/2017\/05\/P1000674-2-1024x768.jpg 1024w\" sizes=\"(max-width: 2272px) 100vw, 2272px\" \/><\/p>\n<p><img decoding=\"async\" loading=\"lazy\" class=\"aligncenter wp-image-3434 size-full\" src=\"http:\/\/arpenterlechemin.com\/wp-content\/uploads\/2017\/05\/P1000677-2.jpg\" alt=\"\" width=\"2272\" height=\"1704\" srcset=\"https:\/\/arpenterlechemin.com\/wp-content\/uploads\/2017\/05\/P1000677-2.jpg 2272w, https:\/\/arpenterlechemin.com\/wp-content\/uploads\/2017\/05\/P1000677-2-300x225.jpg 300w, https:\/\/arpenterlechemin.com\/wp-content\/uploads\/2017\/05\/P1000677-2-768x576.jpg 768w, https:\/\/arpenterlechemin.com\/wp-content\/uploads\/2017\/05\/P1000677-2-1024x768.jpg 1024w\" sizes=\"(max-width: 2272px) 100vw, 2272px\" \/><\/p>\n<h3><span style=\"color: #000080;\"><strong>Yvoire, village m\u00e9di\u00e9val<\/strong><\/span><\/h3>\n<p>Nous avons ensuite fait un doubl\u00e9 avec la visite d&rsquo;Yvoire, que je connais bien. Contrairement \u00e0 Nernier dont c&rsquo;\u00e9tait ma premi\u00e8re visite, je suis all\u00e9e de nombreuses fois \u00e0 <strong>Yvoire, qui figure parmi les plus beaux villages de France.<\/strong> D\u00e9paysement total garanti. On entre par les remparts et nous voici au Moyen-\u00c2ge, mais un Moyen-\u00c2ge campagnard, diff\u00e9rent de celui du Vieux Lyon. De la porte sud, je conseille de prendre le petit sentier qui longe les maisons ext\u00e9rieures pour une vue plongeante sur le port.<\/p>\n<p><img decoding=\"async\" loading=\"lazy\" class=\"aligncenter wp-image-3435 size-full\" src=\"https:\/\/arpenterlechemin.com\/wp-content\/uploads\/2017\/05\/P1000682-2.jpg\" alt=\"yvoire village medieval quand visiter\" width=\"2272\" height=\"1704\" srcset=\"https:\/\/arpenterlechemin.com\/wp-content\/uploads\/2017\/05\/P1000682-2.jpg 2272w, https:\/\/arpenterlechemin.com\/wp-content\/uploads\/2017\/05\/P1000682-2-300x225.jpg 300w, https:\/\/arpenterlechemin.com\/wp-content\/uploads\/2017\/05\/P1000682-2-768x576.jpg 768w, https:\/\/arpenterlechemin.com\/wp-content\/uploads\/2017\/05\/P1000682-2-1024x768.jpg 1024w\" sizes=\"(max-width: 2272px) 100vw, 2272px\" \/><\/p>\n<p><img decoding=\"async\" loading=\"lazy\" class=\"aligncenter wp-image-3436 size-full\" src=\"http:\/\/arpenterlechemin.com\/wp-content\/uploads\/2017\/05\/P1000684-2.jpg\" alt=\"\" width=\"2272\" height=\"1704\" srcset=\"https:\/\/arpenterlechemin.com\/wp-content\/uploads\/2017\/05\/P1000684-2.jpg 2272w, https:\/\/arpenterlechemin.com\/wp-content\/uploads\/2017\/05\/P1000684-2-300x225.jpg 300w, https:\/\/arpenterlechemin.com\/wp-content\/uploads\/2017\/05\/P1000684-2-768x576.jpg 768w, https:\/\/arpenterlechemin.com\/wp-content\/uploads\/2017\/05\/P1000684-2-1024x768.jpg 1024w\" sizes=\"(max-width: 2272px) 100vw, 2272px\" \/><\/p>\n<p><img decoding=\"async\" loading=\"lazy\" class=\"aligncenter wp-image-3437 size-full\" src=\"https:\/\/arpenterlechemin.com\/wp-content\/uploads\/2017\/05\/P1000686-2.jpg\" alt=\"yvoire infos pratiques que voir que faire jardin des cinq sens haute-savoie\" width=\"2272\" height=\"1704\" srcset=\"https:\/\/arpenterlechemin.com\/wp-content\/uploads\/2017\/05\/P1000686-2.jpg 2272w, https:\/\/arpenterlechemin.com\/wp-content\/uploads\/2017\/05\/P1000686-2-300x225.jpg 300w, https:\/\/arpenterlechemin.com\/wp-content\/uploads\/2017\/05\/P1000686-2-768x576.jpg 768w, https:\/\/arpenterlechemin.com\/wp-content\/uploads\/2017\/05\/P1000686-2-1024x768.jpg 1024w\" sizes=\"(max-width: 2272px) 100vw, 2272px\" \/><\/p>\n<p>En bas \u00e0 droite des marches, un excellent glacier nous attend. Nous avons savour\u00e9 notre glace avec des parfums bien de r\u00e9gion (stracciatella et yaourt ! \u00c7a change des parfums classiques du <a href=\"http:\/\/arpenterlechemin.com\/index.php\/tag\/canada\">Canada<\/a> !) sur le port, regardant le ballet des <a href=\"http:\/\/arpenterlechemin.com\/index.php\/2017\/06\/15\/les-bateaux-belle-epoque-du-leman\/\">bateaux de la CGN<\/a> aller et venir en ce dimanche de f\u00eate des m\u00e8res en Suisse. <strong>Yvoire est accessible en bateau <\/strong>depuis Nyon, sur la rive suisse, ce qui explique que notre charmante balade ait vite pris des allures de bain de foule en cette journ\u00e9e radieuse&#8230;<img decoding=\"async\" loading=\"lazy\" class=\"aligncenter wp-image-3438 size-full\" src=\"http:\/\/arpenterlechemin.com\/wp-content\/uploads\/2017\/05\/P1000692-2.jpg\" alt=\"\" width=\"2272\" height=\"1704\" srcset=\"https:\/\/arpenterlechemin.com\/wp-content\/uploads\/2017\/05\/P1000692-2.jpg 2272w, https:\/\/arpenterlechemin.com\/wp-content\/uploads\/2017\/05\/P1000692-2-300x225.jpg 300w, https:\/\/arpenterlechemin.com\/wp-content\/uploads\/2017\/05\/P1000692-2-768x576.jpg 768w, https:\/\/arpenterlechemin.com\/wp-content\/uploads\/2017\/05\/P1000692-2-1024x768.jpg 1024w\" sizes=\"(max-width: 2272px) 100vw, 2272px\" \/><\/p>\n<p><img decoding=\"async\" loading=\"lazy\" class=\"aligncenter wp-image-3439 size-full\" src=\"http:\/\/arpenterlechemin.com\/wp-content\/uploads\/2017\/05\/P1000694-2.jpg\" alt=\"\" width=\"2272\" height=\"1704\" srcset=\"https:\/\/arpenterlechemin.com\/wp-content\/uploads\/2017\/05\/P1000694-2.jpg 2272w, https:\/\/arpenterlechemin.com\/wp-content\/uploads\/2017\/05\/P1000694-2-300x225.jpg 300w, https:\/\/arpenterlechemin.com\/wp-content\/uploads\/2017\/05\/P1000694-2-768x576.jpg 768w, https:\/\/arpenterlechemin.com\/wp-content\/uploads\/2017\/05\/P1000694-2-1024x768.jpg 1024w\" sizes=\"(max-width: 2272px) 100vw, 2272px\" \/><\/p>\n<p>Pour revenir au village apr\u00e8s avoir bien pris le soleil sur le port, nous sommes remont\u00e9es par la ruelle au-dessus du glacier. Au village, d&rsquo;innombrables boutiques d&rsquo;artisans nous attendent. Des boutiques de souvenirs aussi, mais je pr\u00e9f\u00e8re aller voir le travail des <a href=\"https:\/\/arpenterlechemin.com\/index.php\/2019\/03\/04\/france-colombes-abondance\/\">artisans locaux<\/a> que le dernier sarouel en tissu indien. <strong>Poterie savoyarde<\/strong>, artisans du verre, sculpteurs, il y en a pour tous les go\u00fbts. J&rsquo;aime bien les objets en bois flott\u00e9 (bois gris poli par les eaux du lac), une sp\u00e9cialit\u00e9 de la r\u00e9gion&#8230; dommage que ce soit un peu encombrant \u00e0 rapporter !<\/p>\n<p><img decoding=\"async\" loading=\"lazy\" class=\"aligncenter wp-image-3441 size-full\" src=\"http:\/\/arpenterlechemin.com\/wp-content\/uploads\/2017\/05\/P1000700-2.jpg\" alt=\"\" width=\"2272\" height=\"1704\" srcset=\"https:\/\/arpenterlechemin.com\/wp-content\/uploads\/2017\/05\/P1000700-2.jpg 2272w, https:\/\/arpenterlechemin.com\/wp-content\/uploads\/2017\/05\/P1000700-2-300x225.jpg 300w, https:\/\/arpenterlechemin.com\/wp-content\/uploads\/2017\/05\/P1000700-2-768x576.jpg 768w, https:\/\/arpenterlechemin.com\/wp-content\/uploads\/2017\/05\/P1000700-2-1024x768.jpg 1024w\" sizes=\"(max-width: 2272px) 100vw, 2272px\" \/><\/p>\n<p>Si on ne peut malheureusement pas visiter le ch\u00e2teau, qui appartient \u00e0 un particulier, on peut visiter le <strong>Jardin des Cinq Sens<\/strong>. Dans un ancien clo\u00eetre, ce jardin a \u00e9t\u00e9 pens\u00e9 pour offrir une exp\u00e9rience sensorielle unique. J&rsquo;ai ador\u00e9 cette visite <strong>o\u00f9 on sent, on touche, on admire, on go\u00fbte et on \u00e9coute<\/strong>. On \u00e9coute ? Oui, tous les insectes qui bourdonnent probablement d&rsquo;amour pour ce jardin vraiment bien pens\u00e9. Ce que j&rsquo;ai pr\u00e9f\u00e9r\u00e9, ce sont les plantes \u00e0 toucher et dont les feuilles d\u00e9gagent une odeur \u00e9tonnante. Qui e\u00fbt cru que certaines feuilles sentaient le curry ou le coca-cola ?<\/p>\n<p><img decoding=\"async\" loading=\"lazy\" class=\"aligncenter wp-image-3443 size-full\" src=\"http:\/\/arpenterlechemin.com\/wp-content\/uploads\/2017\/05\/P1000706-2.jpg\" alt=\"\" width=\"2272\" height=\"1704\" srcset=\"https:\/\/arpenterlechemin.com\/wp-content\/uploads\/2017\/05\/P1000706-2.jpg 2272w, https:\/\/arpenterlechemin.com\/wp-content\/uploads\/2017\/05\/P1000706-2-300x225.jpg 300w, https:\/\/arpenterlechemin.com\/wp-content\/uploads\/2017\/05\/P1000706-2-768x576.jpg 768w, https:\/\/arpenterlechemin.com\/wp-content\/uploads\/2017\/05\/P1000706-2-1024x768.jpg 1024w\" sizes=\"(max-width: 2272px) 100vw, 2272px\" \/><\/p>\n<p><img decoding=\"async\" loading=\"lazy\" class=\"aligncenter wp-image-3442 size-full\" src=\"http:\/\/arpenterlechemin.com\/wp-content\/uploads\/2017\/05\/P1000702-2.jpg\" alt=\"\" width=\"1859\" height=\"1394\" srcset=\"https:\/\/arpenterlechemin.com\/wp-content\/uploads\/2017\/05\/P1000702-2.jpg 1859w, https:\/\/arpenterlechemin.com\/wp-content\/uploads\/2017\/05\/P1000702-2-300x225.jpg 300w, https:\/\/arpenterlechemin.com\/wp-content\/uploads\/2017\/05\/P1000702-2-768x576.jpg 768w, https:\/\/arpenterlechemin.com\/wp-content\/uploads\/2017\/05\/P1000702-2-1024x768.jpg 1024w\" sizes=\"(max-width: 1859px) 100vw, 1859px\" \/><\/p>\n<p>En descendant la ruelle apr\u00e8s le Jardin des Cinq Sens, on acc\u00e8de \u00e0 un petit sentier en bord de lac qui am\u00e8ne en contrebas de l&rsquo;\u00e9glise. Les touristes restent g\u00e9n\u00e9ralement sur les sentiers battus mais on ne s&rsquo;est pas priv\u00e9es pour prendre des chemins de traverse, des petits escaliers cach\u00e9s, les ruelles encore plus \u00e9troites qu&rsquo;\u00e9troites, celles o\u00f9 on ne croise pas un chat et qui offrent g\u00e9n\u00e9ralement la surprise de belles terrasses, d&rsquo;un joli point de vue ou simplement d&rsquo;une vo\u00fbte secr\u00e8te&#8230; Attention, certaines all\u00e9es sont priv\u00e9es, ce serait dommage de se retrouver chez quelqu&rsquo;un qui n&rsquo;a rien demand\u00e9 ! Car comme \u00e0 Nernier, le village n&rsquo;est pas qu&rsquo;un mus\u00e9e \u00e0 ciel ouvert, mais un vrai lieu de vie.<\/p>\n<p><img decoding=\"async\" loading=\"lazy\" class=\"aligncenter wp-image-3444 size-full\" src=\"http:\/\/arpenterlechemin.com\/wp-content\/uploads\/2017\/05\/P1000708-2.jpg\" alt=\"\" width=\"2272\" height=\"1704\" srcset=\"https:\/\/arpenterlechemin.com\/wp-content\/uploads\/2017\/05\/P1000708-2.jpg 2272w, https:\/\/arpenterlechemin.com\/wp-content\/uploads\/2017\/05\/P1000708-2-300x225.jpg 300w, https:\/\/arpenterlechemin.com\/wp-content\/uploads\/2017\/05\/P1000708-2-768x576.jpg 768w, https:\/\/arpenterlechemin.com\/wp-content\/uploads\/2017\/05\/P1000708-2-1024x768.jpg 1024w\" sizes=\"(max-width: 2272px) 100vw, 2272px\" \/><\/p>\n<p><img decoding=\"async\" loading=\"lazy\" class=\"aligncenter wp-image-3445 size-full\" src=\"http:\/\/arpenterlechemin.com\/wp-content\/uploads\/2017\/05\/P1000713-2.jpg\" alt=\"\" width=\"2272\" height=\"1704\" srcset=\"https:\/\/arpenterlechemin.com\/wp-content\/uploads\/2017\/05\/P1000713-2.jpg 2272w, https:\/\/arpenterlechemin.com\/wp-content\/uploads\/2017\/05\/P1000713-2-300x225.jpg 300w, https:\/\/arpenterlechemin.com\/wp-content\/uploads\/2017\/05\/P1000713-2-768x576.jpg 768w, https:\/\/arpenterlechemin.com\/wp-content\/uploads\/2017\/05\/P1000713-2-1024x768.jpg 1024w\" sizes=\"(max-width: 2272px) 100vw, 2272px\" \/><\/p>\n<p><img decoding=\"async\" loading=\"lazy\" class=\"aligncenter wp-image-3446 size-full\" src=\"http:\/\/arpenterlechemin.com\/wp-content\/uploads\/2017\/05\/P1000718-2.jpg\" alt=\"\" width=\"2272\" height=\"1704\" srcset=\"https:\/\/arpenterlechemin.com\/wp-content\/uploads\/2017\/05\/P1000718-2.jpg 2272w, https:\/\/arpenterlechemin.com\/wp-content\/uploads\/2017\/05\/P1000718-2-300x225.jpg 300w, https:\/\/arpenterlechemin.com\/wp-content\/uploads\/2017\/05\/P1000718-2-768x576.jpg 768w, https:\/\/arpenterlechemin.com\/wp-content\/uploads\/2017\/05\/P1000718-2-1024x768.jpg 1024w\" sizes=\"(max-width: 2272px) 100vw, 2272px\" \/><\/p>\n<p><img decoding=\"async\" loading=\"lazy\" class=\"aligncenter wp-image-3420 size-full\" src=\"http:\/\/arpenterlechemin.com\/wp-content\/uploads\/2017\/05\/P1000724-2.jpg\" alt=\"\" width=\"2272\" height=\"1704\" srcset=\"https:\/\/arpenterlechemin.com\/wp-content\/uploads\/2017\/05\/P1000724-2.jpg 2272w, https:\/\/arpenterlechemin.com\/wp-content\/uploads\/2017\/05\/P1000724-2-300x225.jpg 300w, https:\/\/arpenterlechemin.com\/wp-content\/uploads\/2017\/05\/P1000724-2-768x576.jpg 768w, https:\/\/arpenterlechemin.com\/wp-content\/uploads\/2017\/05\/P1000724-2-1024x768.jpg 1024w\" sizes=\"(max-width: 2272px) 100vw, 2272px\" \/><\/p>\n<p>Enfin, le clou du village : sa place centrale. Je parlais plus haut de d\u00e9paysement temporel, mais cette place, avec <strong>son arbre et son clocher \u00e0 bulbe<\/strong>, me transporte illico en Europe centrale. Ces clochers sont en effet un vestige de l&rsquo;influence germanique en <a href=\"https:\/\/arpenterlechemin.com\/index.php\/2019\/04\/01\/annecy-escapade\/\">duch\u00e9 de Savoie<\/a> et un marqueur fort de l&rsquo;identit\u00e9 en Europe de l&rsquo;Est.<\/p>\n<p>La d\u00e9finition de l&rsquo;Europe centrale est d&rsquo;ailleurs flottante, mais la <a href=\"https:\/\/arpenterlechemin.com\/index.php\/tag\/suisse\/\">Suisse<\/a> en fait g\u00e9n\u00e9ralement partie, et je suis convaincue que Savoie et Haute-Savoie, h\u00e9rit\u00e9es du duch\u00e9 de Savoie, \u00e0 d\u00e9faut d&rsquo;en marquer les contreforts, sont du moins dans une forte zone d&rsquo;influence. Serions-nous la fronti\u00e8re entre Europe occidentale et centrale ? <strong>L&rsquo;id\u00e9e d&rsquo;avoir mes racines \u00e0 cheval\u00a0sur une fronti\u00e8re culturelle me pla\u00eet&#8230;<\/strong><\/p>\n<p>Assise sous mon arbre, je pourrais passer toute une journ\u00e9e \u00e0 m\u00e9diter sur l&rsquo;histoire de ce petit village\u00a0qui a travers\u00e9 les si\u00e8cles comme par miracle.\u00a0Si vous passez sur la rive fran\u00e7aise du L\u00e9man, je vous le conseille vivement ! Nous n&rsquo;avons pas d\u00e9jeun\u00e9 sur place mais les restaurants sont l\u00e9gion et les glaciers tous plus d\u00e9licieux les uns que les autres.<\/p>\n<p><img decoding=\"async\" loading=\"lazy\" class=\"aligncenter wp-image-3421 size-full\" src=\"http:\/\/arpenterlechemin.com\/wp-content\/uploads\/2017\/05\/P1000729-2.jpg\" alt=\"\" width=\"2272\" height=\"1704\" srcset=\"https:\/\/arpenterlechemin.com\/wp-content\/uploads\/2017\/05\/P1000729-2.jpg 2272w, https:\/\/arpenterlechemin.com\/wp-content\/uploads\/2017\/05\/P1000729-2-300x225.jpg 300w, https:\/\/arpenterlechemin.com\/wp-content\/uploads\/2017\/05\/P1000729-2-768x576.jpg 768w, https:\/\/arpenterlechemin.com\/wp-content\/uploads\/2017\/05\/P1000729-2-1024x768.jpg 1024w\" sizes=\"(max-width: 2272px) 100vw, 2272px\" \/><\/p>\n<p><img decoding=\"async\" loading=\"lazy\" class=\"aligncenter wp-image-3422 size-full\" src=\"https:\/\/arpenterlechemin.com\/wp-content\/uploads\/2017\/05\/P1000737-2.jpg\" alt=\"escapade leman yvoire que voir haute-savoie\" width=\"2272\" height=\"1704\" srcset=\"https:\/\/arpenterlechemin.com\/wp-content\/uploads\/2017\/05\/P1000737-2.jpg 2272w, https:\/\/arpenterlechemin.com\/wp-content\/uploads\/2017\/05\/P1000737-2-300x225.jpg 300w, https:\/\/arpenterlechemin.com\/wp-content\/uploads\/2017\/05\/P1000737-2-768x576.jpg 768w, https:\/\/arpenterlechemin.com\/wp-content\/uploads\/2017\/05\/P1000737-2-1024x768.jpg 1024w\" sizes=\"(max-width: 2272px) 100vw, 2272px\" \/><\/p>\n<p><img decoding=\"async\" loading=\"lazy\" class=\"aligncenter wp-image-3423 size-full\" src=\"http:\/\/arpenterlechemin.com\/wp-content\/uploads\/2017\/05\/P1000740-2.jpg\" alt=\"\" width=\"2272\" height=\"1704\" srcset=\"https:\/\/arpenterlechemin.com\/wp-content\/uploads\/2017\/05\/P1000740-2.jpg 2272w, https:\/\/arpenterlechemin.com\/wp-content\/uploads\/2017\/05\/P1000740-2-300x225.jpg 300w, https:\/\/arpenterlechemin.com\/wp-content\/uploads\/2017\/05\/P1000740-2-768x576.jpg 768w, https:\/\/arpenterlechemin.com\/wp-content\/uploads\/2017\/05\/P1000740-2-1024x768.jpg 1024w\" sizes=\"(max-width: 2272px) 100vw, 2272px\" \/><\/p>\n<h3><span style=\"color: #000080;\"><strong>Infos pratiques<\/strong><\/span><\/h3>\n<h4><span style=\"color: #333399;\"><strong>Acc\u00e9der \u00e0 Nernier et Yvoire\u00a0<\/strong><\/span><\/h4>\n<p><span style=\"color: #000000;\">Depuis Gen\u00e8ve et Douvaine, prendre la D60 \u00e0 gauche direction Messery &#8211; Yvoire, puis suivre jusqu&rsquo;\u00e0 Nernier. On peut stationner en face du cimeti\u00e8re. Pour Yvoire, continuer 3 km et se garer au grand parking avant le village.<\/span><\/p>\n<p>Depuis <a href=\"https:\/\/arpenterlechemin.com\/index.php\/tag\/lyon\/\">Lyon<\/a> et <a href=\"https:\/\/arpenterlechemin.com\/index.php\/2019\/04\/01\/annecy-escapade\/\">Annecy<\/a>, aller jusqu&rsquo;\u00e0 Thonon, puis prendre la D25 \u00e0 Sciez sur la droite, puis suivre jusqu&rsquo;\u00e0 Yvoire. Un grand parking se trouve peu apr\u00e8s Excenevex sur la droite. Continuer 3 km pour acc\u00e9der \u00e0 Nernier.<\/p>\n<h4><span style=\"color: #333399;\"><b>Bon \u00e0 savoir<\/b><\/span><\/h4>\n<p>Privil\u00e9gier une visite le matin ou en fin de journ\u00e9e \u00e0 Yvoire pour \u00e9viter la foule. Deux immenses parkings hors les murs \u00e9vitent de se casser la t\u00eate pour se garer. 2 euros la journ\u00e9e, \u00e7a vaut le coup !<\/p>\n<h4><span style=\"color: #333399;\">O\u00f9 dormir \u00e0 Nernier et Yvoire<\/span><\/h4>\n<p>Je n&rsquo;ai pas dormi \u00e0 Yvoire ou Nernier puisque j&rsquo;avais mon camp de base dans la jolie <a href=\"https:\/\/arpenterlechemin.com\/index.php\/2017\/06\/08\/une-journee-a-evian-les-bains-entre-lac-et-histoire\/\">Evian-les-Bains<\/a>, mais voici quelques h\u00f4tels qui m&rsquo;ont fait de l&rsquo;oeil pendant mes recherches :<\/p>\n<ul>\n<li>La villa <a href=\"https:\/\/www.booking.com\/hotel\/fr\/les-peupliers-nernier.en.html?aid=1571475&amp;no_rooms=1&amp;group_adults=1\">Les Peupliers<\/a> \u00e0 Nernier, grande villa de trois chambres avec une vue sublime (Nernier)<\/li>\n<li>Les chambres d&rsquo;h\u00f4te de la <a href=\"https:\/\/www.booking.com\/hotel\/fr\/maison-rouge-cacahuete.en.html?aid=1571475&amp;no_rooms=1&amp;group_adults=1\">Maison Rouge Cacahu\u00e8te<\/a>, au nom intrigant mais \u00e0 la d\u00e9coration simple et \u00e9pur\u00e9e (Nernier) (\u00e0 partir de 130 \u20ac)<\/li>\n<li><a href=\"https:\/\/www.booking.com\/hotel\/fr\/le-pre-de-la-cure.en.html?aid=1571475&amp;no_rooms=1&amp;group_adults=1\">Le Pr\u00e9 de la Cure<\/a>, ici aussi avec une vue fantastique (Yvoire) \u00e0 partir de 160 \u20ac<\/li>\n<li>si les tarifs de ces petits villages hautement touristiques ne sont pas dans vos cordes, allez chercher du c\u00f4t\u00e9 d&rsquo;Anthy, voire de Thonon pour des options plus abordables : <a href=\"https:\/\/www.booking.com\/bed-and-breakfast\/index.html?aid=1571475\">r\u00e9servez votre s\u00e9jour en Haute-Savoie en ligne<\/a>.<\/li>\n<\/ul>\n<p><span style=\"color: #333399;\">Si vous aimez les jolis petits villages de France, voici d&rsquo;autres id\u00e9es \u00e0 lire :<\/span><\/p>\n<ul>\n<li><a href=\"https:\/\/arpenterlechemin.com\/index.php\/2018\/05\/30\/villages-historiques-aveyron\/\">Les villages historiques \u00e0 croquer autour de Millau<\/a><\/li>\n<li><a href=\"https:\/\/arpenterlechemin.com\/index.php\/2019\/04\/23\/france-escapade-provence\/\">Escapades en Provence<\/a><\/li>\n<\/ul>\n<p><em>Et vous, vous connaissez Yvoire ? Je vous attends dans les commentaires. Ce billet contient des <a href=\"https:\/\/arpenterlechemin.com\/index.php\/2018\/12\/01\/soutenir-blog\/\">liens affili\u00e9s<\/a> : en r\u00e9servant par leur biais, vous soutenez mes efforts avec ce blog, sans surco\u00fbt de votre c\u00f4t\u00e9. Merci !<\/em><\/p>\n<p><img decoding=\"async\" loading=\"lazy\" class=\"alignnone wp-image-7658 size-medium\" src=\"https:\/\/arpenterlechemin.com\/wp-content\/uploads\/2017\/06\/nernier-yvoire-que-voir-que-faire-haute-savoie-lac-leman-blog-voyage-france-arpenter-le-chemin-267x400.jpg\" alt=\"nernier yvoire que voir que faire haute-savoie lac leman blog voyage france arpenter le chemin\" width=\"267\" height=\"400\" srcset=\"https:\/\/arpenterlechemin.com\/wp-content\/uploads\/2017\/06\/nernier-yvoire-que-voir-que-faire-haute-savoie-lac-leman-blog-voyage-france-arpenter-le-chemin-267x400.jpg 267w, https:\/\/arpenterlechemin.com\/wp-content\/uploads\/2017\/06\/nernier-yvoire-que-voir-que-faire-haute-savoie-lac-leman-blog-voyage-france-arpenter-le-chemin-390x585.jpg 390w, https:\/\/arpenterlechemin.com\/wp-content\/uploads\/2017\/06\/nernier-yvoire-que-voir-que-faire-haute-savoie-lac-leman-blog-voyage-france-arpenter-le-chemin.jpg 735w\" sizes=\"(max-width: 267px) 100vw, 267px\" \/><img decoding=\"async\" loading=\"lazy\" class=\"alignnone size-medium wp-image-7660\" src=\"https:\/\/arpenterlechemin.com\/wp-content\/uploads\/2017\/06\/yvoire-nernier-voyage-que-faire-que-voir-haute-savoie-blog-voyage-france-arpenter-le-chemin-267x400.jpg\" alt=\"yvoire nernier voyage que faire que voir haute-savoie blog voyage france arpenter le chemin\" width=\"267\" height=\"400\" srcset=\"https:\/\/arpenterlechemin.com\/wp-content\/uploads\/2017\/06\/yvoire-nernier-voyage-que-faire-que-voir-haute-savoie-blog-voyage-france-arpenter-le-chemin-267x400.jpg 267w, https:\/\/arpenterlechemin.com\/wp-content\/uploads\/2017\/06\/yvoire-nernier-voyage-que-faire-que-voir-haute-savoie-blog-voyage-france-arpenter-le-chemin-390x585.jpg 390w, https:\/\/arpenterlechemin.com\/wp-content\/uploads\/2017\/06\/yvoire-nernier-voyage-que-faire-que-voir-haute-savoie-blog-voyage-france-arpenter-le-chemin.jpg 735w\" sizes=\"(max-width: 267px) 100vw, 267px\" \/> <img decoding=\"async\" loading=\"lazy\" class=\"alignnone size-medium wp-image-7661\" src=\"https:\/\/arpenterlechemin.com\/wp-content\/uploads\/2017\/06\/france-yvoire-nernier-haute-savoie-visiter-que-voir-escapade-lac-leman-blog-voyage-arpenter-le-chemin-267x400.jpg\" alt=\"france yvoire nernier haute-savoie visiter que voir escapade lac leman blog voyage arpenter le chemin\" width=\"267\" height=\"400\" srcset=\"https:\/\/arpenterlechemin.com\/wp-content\/uploads\/2017\/06\/france-yvoire-nernier-haute-savoie-visiter-que-voir-escapade-lac-leman-blog-voyage-arpenter-le-chemin-267x400.jpg 267w, https:\/\/arpenterlechemin.com\/wp-content\/uploads\/2017\/06\/france-yvoire-nernier-haute-savoie-visiter-que-voir-escapade-lac-leman-blog-voyage-arpenter-le-chemin-390x585.jpg 390w, https:\/\/arpenterlechemin.com\/wp-content\/uploads\/2017\/06\/france-yvoire-nernier-haute-savoie-visiter-que-voir-escapade-lac-leman-blog-voyage-arpenter-le-chemin.jpg 735w\" sizes=\"(max-width: 267px) 100vw, 267px\" \/><\/p>\n","protected":false},"excerpt":{"rendered":"<p>Apr\u00e8s un bref passage \u00e0 Lyon, il est temps de passer au c\u0153ur du voyage : une semaine sur les rives du lac L\u00e9man, en Haute-Savoie. \u00c0 cheval sur France et Suisse, le plus grand lac d&rsquo;Europe occidentale est une merveille&#8230; et je ne dis pas \u00e7a parce que j&rsquo;y ai pass\u00e9 mes 17 premi\u00e8res ann\u00e9es. Le lac est bord\u00e9 de plages en \u00e9t\u00e9, de montagnes enneig\u00e9es en hiver, de deux grandes villes (Lausanne, 200 000 habitants, et Gen\u00e8ve, 250 000 habitants), de sites class\u00e9s \u00e0 l&rsquo;UNESCO&#8230; Bref un lieu <\/p>\n","protected":false},"author":1,"featured_media":3486,"comment_status":"open","ping_status":"open","sticky":false,"template":"","format":"standard","meta":{"jetpack_post_was_ever_published":false},"categories":[1,531],"tags":[562,150,516,582,650,617],"yoast_head":"<!-- This site is optimized with the Yoast SEO plugin v20.7 - https:\/\/yoast.com\/wordpress\/plugins\/seo\/ -->\n<title>FRANCE \/\/ Nernier et Yvoire, deux villages \u00e0 croquer<\/title>\n<meta name=\"description\" content=\"Que voir et que faire \u00e0 Nernier et Yvoire, deux villages historiques \u00e0 visiter sur les bords du lac L\u00e9man en Haute-Savoie (France).\" \/>\n<meta name=\"robots\" content=\"index, follow, max-snippet:-1, max-image-preview:large, max-video-preview:-1\" \/>\n<link rel=\"canonical\" href=\"https:\/\/arpenterlechemin.com\/index.php\/2017\/06\/05\/nernier-et-yvoire-deux-villages-a-croquer\/\" \/>\n<meta property=\"og:locale\" content=\"fr_FR\" \/>\n<meta property=\"og:type\" content=\"article\" \/>\n<meta property=\"og:title\" content=\"FRANCE \/\/ Nernier et Yvoire, deux villages \u00e0 croquer\" \/>\n<meta property=\"og:description\" content=\"Que voir et que faire \u00e0 Nernier et Yvoire, deux villages historiques \u00e0 visiter sur les bords du lac L\u00e9man en Haute-Savoie (France).\" \/>\n<meta property=\"og:url\" content=\"https:\/\/arpenterlechemin.com\/index.php\/2017\/06\/05\/nernier-et-yvoire-deux-villages-a-croquer\/\" \/>\n<meta property=\"og:site_name\" content=\"Arpenter le chemin\" \/>\n<meta property=\"article:published_time\" content=\"2017-06-05T07:11:30+00:00\" \/>\n<meta property=\"article:modified_time\" content=\"2021-01-05T19:23:05+00:00\" \/>\n<meta property=\"og:image\" content=\"https:\/\/arpenterlechemin.com\/wp-content\/uploads\/2017\/05\/titre-nernier-yvoire.jpg\" \/>\n\t<meta property=\"og:image:width\" content=\"2272\" \/>\n\t<meta property=\"og:image:height\" content=\"1704\" \/>\n\t<meta property=\"og:image:type\" content=\"image\/jpeg\" \/>\n<meta name=\"author\" content=\"Audrey\" \/>\n<meta name=\"twitter:card\" content=\"summary_large_image\" \/>\n<meta name=\"twitter:label1\" content=\"\u00c9crit par\" \/>\n\t<meta name=\"twitter:data1\" content=\"Audrey\" \/>\n\t<meta name=\"twitter:label2\" content=\"Dur\u00e9e de lecture estim\u00e9e\" \/>\n\t<meta name=\"twitter:data2\" content=\"8 minutes\" \/>\n<script type=\"application\/ld+json\" class=\"yoast-schema-graph\">{\"@context\":\"https:\/\/schema.org\",\"@graph\":[{\"@type\":\"Article\",\"@id\":\"https:\/\/arpenterlechemin.com\/index.php\/2017\/06\/05\/nernier-et-yvoire-deux-villages-a-croquer\/#article\",\"isPartOf\":{\"@id\":\"https:\/\/arpenterlechemin.com\/index.php\/2017\/06\/05\/nernier-et-yvoire-deux-villages-a-croquer\/\"},\"author\":{\"name\":\"Audrey\",\"@id\":\"https:\/\/arpenterlechemin.com\/#\/schema\/person\/1d187818c0988fbea4d682c1e59c795c\"},\"headline\":\"FRANCE \/\/ Nernier et Yvoire, deux villages \u00e0 croquer\",\"datePublished\":\"2017-06-05T07:11:30+00:00\",\"dateModified\":\"2021-01-05T19:23:05+00:00\",\"mainEntityOfPage\":{\"@id\":\"https:\/\/arpenterlechemin.com\/index.php\/2017\/06\/05\/nernier-et-yvoire-deux-villages-a-croquer\/\"},\"wordCount\":1640,\"commentCount\":5,\"publisher\":{\"@id\":\"https:\/\/arpenterlechemin.com\/#organization\"},\"keywords\":[\"escapade franco-suisse\",\"europe\",\"france\",\"haute-savoie\",\"leman\",\"printemps\"],\"articleSection\":[\"Blog\",\"Europe\"],\"inLanguage\":\"fr-FR\",\"potentialAction\":[{\"@type\":\"CommentAction\",\"name\":\"Comment\",\"target\":[\"https:\/\/arpenterlechemin.com\/index.php\/2017\/06\/05\/nernier-et-yvoire-deux-villages-a-croquer\/#respond\"]}]},{\"@type\":\"WebPage\",\"@id\":\"https:\/\/arpenterlechemin.com\/index.php\/2017\/06\/05\/nernier-et-yvoire-deux-villages-a-croquer\/\",\"url\":\"https:\/\/arpenterlechemin.com\/index.php\/2017\/06\/05\/nernier-et-yvoire-deux-villages-a-croquer\/\",\"name\":\"FRANCE \/\/ Nernier et Yvoire, deux villages \u00e0 croquer\",\"isPartOf\":{\"@id\":\"https:\/\/arpenterlechemin.com\/#website\"},\"datePublished\":\"2017-06-05T07:11:30+00:00\",\"dateModified\":\"2021-01-05T19:23:05+00:00\",\"description\":\"Que voir et que faire \u00e0 Nernier et Yvoire, deux villages historiques \u00e0 visiter sur les bords du lac L\u00e9man en Haute-Savoie (France).\",\"breadcrumb\":{\"@id\":\"https:\/\/arpenterlechemin.com\/index.php\/2017\/06\/05\/nernier-et-yvoire-deux-villages-a-croquer\/#breadcrumb\"},\"inLanguage\":\"fr-FR\",\"potentialAction\":[{\"@type\":\"ReadAction\",\"target\":[\"https:\/\/arpenterlechemin.com\/index.php\/2017\/06\/05\/nernier-et-yvoire-deux-villages-a-croquer\/\"]}]},{\"@type\":\"BreadcrumbList\",\"@id\":\"https:\/\/arpenterlechemin.com\/index.php\/2017\/06\/05\/nernier-et-yvoire-deux-villages-a-croquer\/#breadcrumb\",\"itemListElement\":[{\"@type\":\"ListItem\",\"position\":1,\"name\":\"Home\",\"item\":\"https:\/\/arpenterlechemin.com\/\"},{\"@type\":\"ListItem\",\"position\":2,\"name\":\"FRANCE \/\/ Nernier et Yvoire, deux villages \u00e0 croquer\"}]},{\"@type\":\"WebSite\",\"@id\":\"https:\/\/arpenterlechemin.com\/#website\",\"url\":\"https:\/\/arpenterlechemin.com\/\",\"name\":\"Arpenter le chemin\",\"description\":\"\",\"publisher\":{\"@id\":\"https:\/\/arpenterlechemin.com\/#organization\"},\"potentialAction\":[{\"@type\":\"SearchAction\",\"target\":{\"@type\":\"EntryPoint\",\"urlTemplate\":\"https:\/\/arpenterlechemin.com\/?s={search_term_string}\"},\"query-input\":\"required name=search_term_string\"}],\"inLanguage\":\"fr-FR\"},{\"@type\":\"Organization\",\"@id\":\"https:\/\/arpenterlechemin.com\/#organization\",\"name\":\"Arpenter le chemin\",\"url\":\"https:\/\/arpenterlechemin.com\/\",\"logo\":{\"@type\":\"ImageObject\",\"inLanguage\":\"fr-FR\",\"@id\":\"https:\/\/arpenterlechemin.com\/#\/schema\/logo\/image\/\",\"url\":\"https:\/\/arpenterlechemin.com\/wp-content\/uploads\/2017\/04\/icone-4.jpg\",\"contentUrl\":\"https:\/\/arpenterlechemin.com\/wp-content\/uploads\/2017\/04\/icone-4.jpg\",\"width\":150,\"height\":73,\"caption\":\"Arpenter le chemin\"},\"image\":{\"@id\":\"https:\/\/arpenterlechemin.com\/#\/schema\/logo\/image\/\"}},{\"@type\":\"Person\",\"@id\":\"https:\/\/arpenterlechemin.com\/#\/schema\/person\/1d187818c0988fbea4d682c1e59c795c\",\"name\":\"Audrey\",\"image\":{\"@type\":\"ImageObject\",\"inLanguage\":\"fr-FR\",\"@id\":\"https:\/\/arpenterlechemin.com\/#\/schema\/person\/image\/\",\"url\":\"https:\/\/secure.gravatar.com\/avatar\/b75298f64c73f1709976c50921beae6a?s=96&d=mm&r=g\",\"contentUrl\":\"https:\/\/secure.gravatar.com\/avatar\/b75298f64c73f1709976c50921beae6a?s=96&d=mm&r=g\",\"caption\":\"Audrey\"},\"description\":\"Allergique \u00e0 la routine, atteinte de bougeotte aigu\u00eb, j'essaie de m'envoler aussi souvent que possible, seule, en couple ou entre amis ! Ville, nature, culture, rando... tout me va, \u00e0 partir du moment o\u00f9 je suis dehors.\",\"url\":\"https:\/\/arpenterlechemin.com\/index.php\/author\/audreyf\/\"}]}<\/script>\n<!-- \/ Yoast SEO plugin. -->","yoast_head_json":{"title":"FRANCE \/\/ Nernier et Yvoire, deux villages \u00e0 croquer","description":"Que voir et que faire \u00e0 Nernier et Yvoire, deux villages historiques \u00e0 visiter sur les bords du lac L\u00e9man en Haute-Savoie (France).","robots":{"index":"index","follow":"follow","max-snippet":"max-snippet:-1","max-image-preview":"max-image-preview:large","max-video-preview":"max-video-preview:-1"},"canonical":"https:\/\/arpenterlechemin.com\/index.php\/2017\/06\/05\/nernier-et-yvoire-deux-villages-a-croquer\/","og_locale":"fr_FR","og_type":"article","og_title":"FRANCE \/\/ Nernier et Yvoire, deux villages \u00e0 croquer","og_description":"Que voir et que faire \u00e0 Nernier et Yvoire, deux villages historiques \u00e0 visiter sur les bords du lac L\u00e9man en Haute-Savoie (France).","og_url":"https:\/\/arpenterlechemin.com\/index.php\/2017\/06\/05\/nernier-et-yvoire-deux-villages-a-croquer\/","og_site_name":"Arpenter le chemin","article_published_time":"2017-06-05T07:11:30+00:00","article_modified_time":"2021-01-05T19:23:05+00:00","og_image":[{"width":2272,"height":1704,"url":"https:\/\/arpenterlechemin.com\/wp-content\/uploads\/2017\/05\/titre-nernier-yvoire.jpg","type":"image\/jpeg"}],"author":"Audrey","twitter_card":"summary_large_image","twitter_misc":{"\u00c9crit par":"Audrey","Dur\u00e9e de lecture estim\u00e9e":"8 minutes"},"schema":{"@context":"https:\/\/schema.org","@graph":[{"@type":"Article","@id":"https:\/\/arpenterlechemin.com\/index.php\/2017\/06\/05\/nernier-et-yvoire-deux-villages-a-croquer\/#article","isPartOf":{"@id":"https:\/\/arpenterlechemin.com\/index.php\/2017\/06\/05\/nernier-et-yvoire-deux-villages-a-croquer\/"},"author":{"name":"Audrey","@id":"https:\/\/arpenterlechemin.com\/#\/schema\/person\/1d187818c0988fbea4d682c1e59c795c"},"headline":"FRANCE \/\/ Nernier et Yvoire, deux villages \u00e0 croquer","datePublished":"2017-06-05T07:11:30+00:00","dateModified":"2021-01-05T19:23:05+00:00","mainEntityOfPage":{"@id":"https:\/\/arpenterlechemin.com\/index.php\/2017\/06\/05\/nernier-et-yvoire-deux-villages-a-croquer\/"},"wordCount":1640,"commentCount":5,"publisher":{"@id":"https:\/\/arpenterlechemin.com\/#organization"},"keywords":["escapade franco-suisse","europe","france","haute-savoie","leman","printemps"],"articleSection":["Blog","Europe"],"inLanguage":"fr-FR","potentialAction":[{"@type":"CommentAction","name":"Comment","target":["https:\/\/arpenterlechemin.com\/index.php\/2017\/06\/05\/nernier-et-yvoire-deux-villages-a-croquer\/#respond"]}]},{"@type":"WebPage","@id":"https:\/\/arpenterlechemin.com\/index.php\/2017\/06\/05\/nernier-et-yvoire-deux-villages-a-croquer\/","url":"https:\/\/arpenterlechemin.com\/index.php\/2017\/06\/05\/nernier-et-yvoire-deux-villages-a-croquer\/","name":"FRANCE \/\/ Nernier et Yvoire, deux villages \u00e0 croquer","isPartOf":{"@id":"https:\/\/arpenterlechemin.com\/#website"},"datePublished":"2017-06-05T07:11:30+00:00","dateModified":"2021-01-05T19:23:05+00:00","description":"Que voir et que faire \u00e0 Nernier et Yvoire, deux villages historiques \u00e0 visiter sur les bords du lac L\u00e9man en Haute-Savoie (France).","breadcrumb":{"@id":"https:\/\/arpenterlechemin.com\/index.php\/2017\/06\/05\/nernier-et-yvoire-deux-villages-a-croquer\/#breadcrumb"},"inLanguage":"fr-FR","potentialAction":[{"@type":"ReadAction","target":["https:\/\/arpenterlechemin.com\/index.php\/2017\/06\/05\/nernier-et-yvoire-deux-villages-a-croquer\/"]}]},{"@type":"BreadcrumbList","@id":"https:\/\/arpenterlechemin.com\/index.php\/2017\/06\/05\/nernier-et-yvoire-deux-villages-a-croquer\/#breadcrumb","itemListElement":[{"@type":"ListItem","position":1,"name":"Home","item":"https:\/\/arpenterlechemin.com\/"},{"@type":"ListItem","position":2,"name":"FRANCE \/\/ Nernier et Yvoire, deux villages \u00e0 croquer"}]},{"@type":"WebSite","@id":"https:\/\/arpenterlechemin.com\/#website","url":"https:\/\/arpenterlechemin.com\/","name":"Arpenter le chemin","description":"","publisher":{"@id":"https:\/\/arpenterlechemin.com\/#organization"},"potentialAction":[{"@type":"SearchAction","target":{"@type":"EntryPoint","urlTemplate":"https:\/\/arpenterlechemin.com\/?s={search_term_string}"},"query-input":"required name=search_term_string"}],"inLanguage":"fr-FR"},{"@type":"Organization","@id":"https:\/\/arpenterlechemin.com\/#organization","name":"Arpenter le chemin","url":"https:\/\/arpenterlechemin.com\/","logo":{"@type":"ImageObject","inLanguage":"fr-FR","@id":"https:\/\/arpenterlechemin.com\/#\/schema\/logo\/image\/","url":"https:\/\/arpenterlechemin.com\/wp-content\/uploads\/2017\/04\/icone-4.jpg","contentUrl":"https:\/\/arpenterlechemin.com\/wp-content\/uploads\/2017\/04\/icone-4.jpg","width":150,"height":73,"caption":"Arpenter le chemin"},"image":{"@id":"https:\/\/arpenterlechemin.com\/#\/schema\/logo\/image\/"}},{"@type":"Person","@id":"https:\/\/arpenterlechemin.com\/#\/schema\/person\/1d187818c0988fbea4d682c1e59c795c","name":"Audrey","image":{"@type":"ImageObject","inLanguage":"fr-FR","@id":"https:\/\/arpenterlechemin.com\/#\/schema\/person\/image\/","url":"https:\/\/secure.gravatar.com\/avatar\/b75298f64c73f1709976c50921beae6a?s=96&d=mm&r=g","contentUrl":"https:\/\/secure.gravatar.com\/avatar\/b75298f64c73f1709976c50921beae6a?s=96&d=mm&r=g","caption":"Audrey"},"description":"Allergique \u00e0 la routine, atteinte de bougeotte aigu\u00eb, j'essaie de m'envoler aussi souvent que possible, seule, en couple ou entre amis ! Ville, nature, culture, rando... tout me va, \u00e0 partir du moment o\u00f9 je suis dehors.","url":"https:\/\/arpenterlechemin.com\/index.php\/author\/audreyf\/"}]}},"jetpack_featured_media_url":"https:\/\/arpenterlechemin.com\/wp-content\/uploads\/2017\/05\/titre-nernier-yvoire.jpg","jetpack_sharing_enabled":true,"jetpack_shortlink":"https:\/\/wp.me\/p8z9hR-Sa","jetpack-related-posts":[{"id":1047,"url":"https:\/\/arpenterlechemin.com\/index.php\/2017\/06\/15\/les-bateaux-belle-epoque-du-leman\/","url_meta":{"origin":3358,"position":0},"title":"SUISSE \/\/ \u00c0 bord des bateaux Belle \u00c9poque du L\u00e9man","date":"15 juin 2017","format":false,"excerpt":"Bonjour \u00e0 tous ! Aujourd'hui, j'aimerais vous faire d\u00e9couvrir une perle du L\u00e9man... ou plut\u00f4t des perles : les bateaux Belle \u00c9poque de la CGN, la Compagnie g\u00e9n\u00e9rale de navigation, qui g\u00e8re toute la flotte sur le L\u00e9man. Sur le L\u00e9man naviguent de superbes vestiges de la Belle \u00c9poque, \u00e2ge\u2026","rel":"","context":"Dans &quot;Blog&quot;","img":{"alt_text":"","src":"https:\/\/i0.wp.com\/arpenterlechemin.com\/wp-content\/uploads\/2017\/06\/titre-cgn.jpg?resize=350%2C200&ssl=1","width":350,"height":200},"classes":[]},{"id":9845,"url":"https:\/\/arpenterlechemin.com\/index.php\/2020\/11\/29\/flottins-evian\/","url_meta":{"origin":3358,"position":1},"title":"FRANCE \/\/ Les Flottins d&rsquo;Evian, une l\u00e9gende de No\u00ebl","date":"29 novembre 2020","format":false,"excerpt":"Il \u00e9tait une fois... une petite ville paisible de Haute-Savoie qui cherchait \u00e0 revigorer sa saison sombre, \u00e0 apporter de la lumi\u00e8re dans les c\u0153urs en d\u00e9cembre et \u00e0 proposer une alternative aux march\u00e9s de No\u00ebl trop commerciaux... Il \u00e9tait une fois... une petite ville paisible qui prend des allures\u2026","rel":"","context":"Dans &quot;Blog&quot;","img":{"alt_text":"Le festival des Flottins \u00e0 Evian-les-Bains, Haute-Savoie","src":"https:\/\/i0.wp.com\/arpenterlechemin.com\/wp-content\/uploads\/2020\/11\/Le-festival-des-Flottins-\u00e0-Evian-les-Bains-Haute-Savoie.jpg?resize=350%2C200&ssl=1","width":350,"height":200},"classes":[]},{"id":12202,"url":"https:\/\/arpenterlechemin.com\/index.php\/2023\/02\/24\/randonnees-vue-mont-blanc\/","url_meta":{"origin":3358,"position":2},"title":"FRANCE \/\/ O\u00f9 voir le Mont-Blanc depuis le lac L\u00e9man","date":"24 f\u00e9vrier 2023","format":false,"excerpt":"Les contreforts des Alpes, en Haute-Savoie, ont l'immense avantage de c\u00f4toyer \u00e0 la fois des montagnes exceptionnelles et un lac mythique : le lac L\u00e9man. Saviez-vous que m\u00eame s'il faut plus d'une heure pour rallier la vall\u00e9e de Chamonix depuis les bords du lac L\u00e9man, on peut malgr\u00e9 tout y\u2026","rel":"","context":"Dans &quot;Blog&quot;","img":{"alt_text":"O\u00f9 voir le Mont-Blanc depuis les bords du L\u00e9man","src":"https:\/\/i0.wp.com\/arpenterlechemin.com\/wp-content\/uploads\/2023\/02\/Ou-voir-le-Mont-Blanc-depuis-les-bords-du-Leman.jpg?resize=350%2C200&ssl=1","width":350,"height":200},"classes":[]},{"id":8340,"url":"https:\/\/arpenterlechemin.com\/index.php\/2019\/11\/01\/pont-du-diable-haute-savoie\/","url_meta":{"origin":3358,"position":3},"title":"HAUTE-SAVOIE \/\/ Le Pont du Diable et l&rsquo;abbaye d&rsquo;Aulps","date":"1 novembre 2019","format":false,"excerpt":"Ce mois-ci, j'ai l'honneur d'\u00eatre la cheffe d'orchestre du rendez-vous interblogueur EnFranceAussi, sous l'\u00e9gide de Sylvie du blog \u00ab Le coin des voyageurs \u00bb, et j'ai \u00e9videmment choisi pour th\u00e8me \"Gothique\". Comme je l'expliquais dans mon petit \"manuel du voyage gothique\" l'an dernier, un voyage gothique, c'est un voyage dans\u2026","rel":"","context":"Dans &quot;Blog&quot;","img":{"alt_text":"haute-savoie pont du diable abbaye saint-jean-d'aulps france alpes blog voyage arpenter le chemin","src":"https:\/\/i0.wp.com\/arpenterlechemin.com\/wp-content\/uploads\/2019\/10\/haute-savoie-pont-du-diable-abbaye-saint-jean-daulps-france-alpes-blog-voyage-arpenter-le-chemin.jpg?resize=350%2C200&ssl=1","width":350,"height":200},"classes":[]},{"id":12385,"url":"https:\/\/arpenterlechemin.com\/index.php\/2023\/08\/16\/randonnee-alpage-oche-bernex\/","url_meta":{"origin":3358,"position":4},"title":"FRANCE \/\/ Randonn\u00e9e au col des portes d&rsquo;Oche","date":"16 ao\u00fbt 2023","format":false,"excerpt":"Difficile d'aller dans le Chablais et aux bords du lac L\u00e9man sans apercevoir la Dent d'Oche, cette montagne qui domine la rive fran\u00e7aise du L\u00e9man du haut de ses 2222 m\u00e8tres. Si ce sommet offre une randonn\u00e9e somptueuse, il n'en est pas moins difficile et hors de port\u00e9e des randonneurs\u2026","rel":"","context":"Dans &quot;Blog&quot;","img":{"alt_text":"Randonn\u00e9e journ\u00e9e Oche Bernex","src":"https:\/\/i0.wp.com\/arpenterlechemin.com\/wp-content\/uploads\/2023\/08\/Randonnee-journee-Oche-Bernex.jpg?resize=350%2C200&ssl=1","width":350,"height":200},"classes":[]},{"id":10945,"url":"https:\/\/arpenterlechemin.com\/index.php\/2022\/12\/02\/evian-randos-faciles-hiver\/","url_meta":{"origin":3358,"position":5},"title":"HAUTE-SAVOIE \/\/ Randonn\u00e9es d&rsquo;hiver faciles autour d&rsquo;Evian","date":"2 d\u00e9cembre 2022","format":false,"excerpt":"L'hiver en plaine est souvent gris et sombre, maussade sous un ciel \u00e9troit. L'antidote quand on est \u00e0 proximit\u00e9 de la montagne, c'est de prendre un peu de hauteur pour retrouver le soleil souvent visible d\u00e8s 1000 m\u00e8tres d'altitude. Et parce que la randonn\u00e9e en hiver n'est pas forc\u00e9ment synonyme\u2026","rel":"","context":"Dans &quot;Blog&quot;","img":{"alt_text":"Randonn\u00e9es faciles en hiver vers Evian - Chablais - Haute-Savoie","src":"https:\/\/i0.wp.com\/arpenterlechemin.com\/wp-content\/uploads\/2022\/01\/Randonn\u00e9es-faciles-en-hiver-vers-Evian-Chablais-Haute-Savoie.jpg?resize=350%2C200&ssl=1","width":350,"height":200},"classes":[]}],"_links":{"self":[{"href":"https:\/\/arpenterlechemin.com\/index.php\/wp-json\/wp\/v2\/posts\/3358"}],"collection":[{"href":"https:\/\/arpenterlechemin.com\/index.php\/wp-json\/wp\/v2\/posts"}],"about":[{"href":"https:\/\/arpenterlechemin.com\/index.php\/wp-json\/wp\/v2\/types\/post"}],"author":[{"embeddable":true,"href":"https:\/\/arpenterlechemin.com\/index.php\/wp-json\/wp\/v2\/users\/1"}],"replies":[{"embeddable":true,"href":"https:\/\/arpenterlechemin.com\/index.php\/wp-json\/wp\/v2\/comments?post=3358"}],"version-history":[{"count":0,"href":"https:\/\/arpenterlechemin.com\/index.php\/wp-json\/wp\/v2\/posts\/3358\/revisions"}],"wp:featuredmedia":[{"embeddable":true,"href":"https:\/\/arpenterlechemin.com\/index.php\/wp-json\/wp\/v2\/media\/3486"}],"wp:attachment":[{"href":"https:\/\/arpenterlechemin.com\/index.php\/wp-json\/wp\/v2\/media?parent=3358"}],"wp:term":[{"taxonomy":"category","embeddable":true,"href":"https:\/\/arpenterlechemin.com\/index.php\/wp-json\/wp\/v2\/categories?post=3358"},{"taxonomy":"post_tag","embeddable":true,"href":"https:\/\/arpenterlechemin.com\/index.php\/wp-json\/wp\/v2\/tags?post=3358"}],"curies":[{"name":"wp","href":"https:\/\/api.w.org\/{rel}","templated":true}]}}