{"id":3062,"date":"2017-04-10T03:01:12","date_gmt":"2017-04-10T07:01:12","guid":{"rendered":"http:\/\/arpenterlechemin.com\/?p=3062"},"modified":"2021-01-05T15:24:26","modified_gmt":"2021-01-05T19:24:26","slug":"ile-dyeu-ile-de-beaute","status":"publish","type":"post","link":"https:\/\/arpenterlechemin.com\/index.php\/2017\/04\/10\/ile-dyeu-ile-de-beaute\/","title":{"rendered":"FRANCE \/\/ \u00cele d&rsquo;Yeu, \u00eele de beaut\u00e9"},"content":{"rendered":"<p>Petite, mes grands-parents m&#8217;emmenaient vagabonder en caravane depuis notre <a href=\"http:\/\/arpenterlechemin.com\/index.php\/2017\/06\/08\/une-journee-a-evian-les-bains-entre-lac-et-histoire\/\">Haute-Savoie<\/a> natale, ne d\u00e9passant jamais le Rh\u00f4ne pour rester prudemment dans les fronti\u00e8res invisibles de\u00a0la terre chantante et montagneuse des <a href=\"http:\/\/arpenterlechemin.com\/index.php\/2017\/11\/08\/france-la-route-des-fromages-de-savoie\/\">Alpes<\/a>.<\/p>\n<p>Pendant longtemps, mon univers s&rsquo;est r\u00e9sum\u00e9 aux montagnes et aux cigales, aux cimes enneig\u00e9es et \u00e0 la lumi\u00e8re dor\u00e9e du midi. Pour moi, la <a href=\"http:\/\/arpenterlechemin.com\/index.php\/tag\/france\/\">France<\/a> avait le go\u00fbt du fromage et du miel de lavande, c&rsquo;\u00e9tait des chalets aux toits en croupe et des tuiles dor\u00e9es, c&rsquo;\u00e9tait le mont Ventoux et la Dent d&rsquo;Oche.<\/p>\n<p>Pendant longtemps, la France s&rsquo;est limit\u00e9e \u00e0\u00a0mes Alpes, hautes, pr\u00e9alpes, toit de l&rsquo;Europe ou alpilles. J&rsquo;\u00e9tais attir\u00e9e par l&rsquo;\u00e9tranger, l&rsquo;Italie, l&rsquo;Europe, le grand <em>ailleurs<\/em> qui est notre monde, refusant de me tourner vers la France que je gardais pour ma retraite &#8211; elle voyait loin, la petite ! Plut\u00f4t par snobisme parce qu&rsquo;aller en vacances en France, c&rsquo;\u00e9tait pour les ploucs et que dire que j&rsquo;\u00e9tais partie \u00e0 <a href=\"http:\/\/arpenterlechemin.com\/index.php\/2016\/10\/27\/cinq-bonnes-raisons-de-choisir-hong-kong-souvenirs-de-voyage\/\">Hong Kong<\/a> ou en <a href=\"http:\/\/arpenterlechemin.com\/index.php\/2016\/08\/19\/islande-en-voiture-et-en-camping\/\">Islande<\/a>, c&rsquo;\u00e9tait tellement plus chic \u00e0 la rentr\u00e9e, aveugle au fait que tant de personnes ne peuvent tout simplement pas partir &#8211; compl\u00e8tement\u00a0b\u00eacheuse, la gamine.<\/p>\n<p>J&rsquo;ai un peu \u00e9largi mon esprit en m\u00eame temps que mes horizons, depuis (une effet salutaire du voyage) mais le mal est fait : je connais relativement bien le quart sud-est de la France, tandis que le reste du pays\u00a0me fait cruellement d\u00e9faut, au point m\u00eame de ne pas franchement me sentir en France d\u00e8s que je d\u00e9passe <a href=\"http:\/\/arpenterlechemin.com\/index.php\/2016\/10\/31\/top-5-des-endroits-secrets-a-lyon\/\">Lyon<\/a> ou Montpellier si d&rsquo;aventure je m&rsquo;aventure \u00e0 l&rsquo;ouest.<\/p>\n<p>L&rsquo;\u00cele d&rsquo;Yeu, avec ses maisons blanches, ses landes, ses criques, a \u00e9t\u00e9 pour moi un tourbillon de sensations, un d\u00e9paysement inattendu, lors de l&rsquo;un de mes premiers voyages hors de \u00ab\u00a0ma\u00a0\u00bb France&#8230; \u00e0 29 ans. Il \u00e9tait temps.<\/p>\n<p>Invit\u00e9s par des amis, nous avons pass\u00e9 une petite semaine sur l&rsquo;\u00cele d&rsquo;Yeu en 2013, \u00e9bahis devant cette ambiance marine qu&rsquo;on croyait r\u00e9serv\u00e9e aux magazines, \u00e0 la c\u00f4te est des \u00c9tats-Unis. J&rsquo;en ai perdu mes rep\u00e8res. Les maisons blanches, ce n&rsquo;est pas en <a href=\"http:\/\/arpenterlechemin.com\/index.php\/2016\/09\/15\/grece-continentale-et-santorin\/\">Gr\u00e8ce<\/a> normalement ? Et les criques transparentes, en Croatie ? Que dire de ces landes toutes ga\u00e9liques ? J&rsquo;en perdais mon latin et j&rsquo;ai trouv\u00e9 l&rsquo;\u00eele d&rsquo;Yeu.<\/p>\n<p><img decoding=\"async\" loading=\"lazy\" class=\"aligncenter wp-image-7258 size-full\" src=\"http:\/\/arpenterlechemin.com\/wp-content\/uploads\/2017\/04\/ile-dyeu-location-velos.jpg\" alt=\"ile d'yeu location velos\" width=\"3020\" height=\"1699\" srcset=\"https:\/\/arpenterlechemin.com\/wp-content\/uploads\/2017\/04\/ile-dyeu-location-velos.jpg 3020w, https:\/\/arpenterlechemin.com\/wp-content\/uploads\/2017\/04\/ile-dyeu-location-velos-500x280.jpg 500w, https:\/\/arpenterlechemin.com\/wp-content\/uploads\/2017\/04\/ile-dyeu-location-velos-690x388.jpg 690w, https:\/\/arpenterlechemin.com\/wp-content\/uploads\/2017\/04\/ile-dyeu-location-velos-768x432.jpg 768w, https:\/\/arpenterlechemin.com\/wp-content\/uploads\/2017\/04\/ile-dyeu-location-velos-1040x585.jpg 1040w\" sizes=\"(max-width: 3020px) 100vw, 3020px\" \/><\/p>\n<p>Le d\u00e9paysement commence d\u00e8s le premier coup d\u2019\u0153il \u00e0 une carte de l&rsquo;\u00eele : Grands Vilains des Vieilles, Les Chiens Perrins, Les Riponseresses, Chemin du Puits des Suisses&#8230; Plage des Ovaires. L&rsquo;\u00eele semble se d\u00e9lecter de noms si fran\u00e7ais et pourtant si uniques qu&rsquo;ils ne peuvent que donner envie d&rsquo;en savoir plus et d&rsquo;aller \u00e0 la d\u00e9couverte des chemins de traverse.<\/p>\n<p>Et il y en a, des chemins, des sentiers, des ruelles, tous aussi secrets les uns que les autres, o\u00f9 l&rsquo;on se r\u00e9gale \u00e0 se perdre, car sur une \u00eele, le nord n&rsquo;est jamais tr\u00e8s loin. Le meilleur moyen pour filer doux, c&rsquo;est le v\u00e9lo, garant de la langueur toute insulaire. On y croise aussi nombre de\u00a0M\u00e9hari ou 2CV d&rsquo;\u00e9poque, amen\u00e9es par les Islais d&rsquo;origine ou d&rsquo;adoption pour un dernier voyage sur l&rsquo;\u00eele, leur offrant \u00e0 elles aussi une retraite dor\u00e9e.<\/p>\n<p>Depuis Fromentine, notre premier contact avec l&rsquo;\u00eele est au village de Port Joinville. Maisonnettes blanches aux volets bleus, bateaux, restaurants de poissons et fruits de mer, Parisiens en marini\u00e8re, tout y est. Le charme atlantique commence \u00e0 op\u00e9rer, on se prend \u00e0 vouloir manger des moules, \u00e0 savourer les embruns en terrasse.<\/p>\n<p><img decoding=\"async\" loading=\"lazy\" class=\"alignnone wp-image-7244 size-full\" src=\"http:\/\/arpenterlechemin.com\/wp-content\/uploads\/2017\/04\/ile-dyeu-port-joinville-escapade-ferry-atlantique-blog-voyage-france-arpenter-le-chemin.jpg\" alt=\"ile d'yeu port joinville escapade ferry atlantique blog voyage france arpenter le chemin\" width=\"3071\" height=\"1727\" srcset=\"https:\/\/arpenterlechemin.com\/wp-content\/uploads\/2017\/04\/ile-dyeu-port-joinville-escapade-ferry-atlantique-blog-voyage-france-arpenter-le-chemin.jpg 3071w, https:\/\/arpenterlechemin.com\/wp-content\/uploads\/2017\/04\/ile-dyeu-port-joinville-escapade-ferry-atlantique-blog-voyage-france-arpenter-le-chemin-500x280.jpg 500w, https:\/\/arpenterlechemin.com\/wp-content\/uploads\/2017\/04\/ile-dyeu-port-joinville-escapade-ferry-atlantique-blog-voyage-france-arpenter-le-chemin-690x388.jpg 690w, https:\/\/arpenterlechemin.com\/wp-content\/uploads\/2017\/04\/ile-dyeu-port-joinville-escapade-ferry-atlantique-blog-voyage-france-arpenter-le-chemin-768x432.jpg 768w, https:\/\/arpenterlechemin.com\/wp-content\/uploads\/2017\/04\/ile-dyeu-port-joinville-escapade-ferry-atlantique-blog-voyage-france-arpenter-le-chemin-1040x585.jpg 1040w\" sizes=\"(max-width: 3071px) 100vw, 3071px\" \/><\/p>\n<p style=\"text-align: center;\"><em>Port Joinville, sympathique porte d&rsquo;entr\u00e9e sur l&rsquo;\u00eele d&rsquo;Yeu<\/em><\/p>\n<p><img decoding=\"async\" loading=\"lazy\" class=\"aligncenter wp-image-7265 size-full\" src=\"http:\/\/arpenterlechemin.com\/wp-content\/uploads\/2017\/04\/que-voir-ile-dyeu-atlantique-vendee-fromentine-escapade-blog-voyage-france-arpenter-le-chemin.jpg\" alt=\"que voir ile d'yeu atlantique vendee fromentine escapade blog voyage france arpenter le chemin\" width=\"1920\" height=\"1080\" srcset=\"https:\/\/arpenterlechemin.com\/wp-content\/uploads\/2017\/04\/que-voir-ile-dyeu-atlantique-vendee-fromentine-escapade-blog-voyage-france-arpenter-le-chemin.jpg 1920w, https:\/\/arpenterlechemin.com\/wp-content\/uploads\/2017\/04\/que-voir-ile-dyeu-atlantique-vendee-fromentine-escapade-blog-voyage-france-arpenter-le-chemin-500x280.jpg 500w, https:\/\/arpenterlechemin.com\/wp-content\/uploads\/2017\/04\/que-voir-ile-dyeu-atlantique-vendee-fromentine-escapade-blog-voyage-france-arpenter-le-chemin-690x388.jpg 690w, https:\/\/arpenterlechemin.com\/wp-content\/uploads\/2017\/04\/que-voir-ile-dyeu-atlantique-vendee-fromentine-escapade-blog-voyage-france-arpenter-le-chemin-768x432.jpg 768w, https:\/\/arpenterlechemin.com\/wp-content\/uploads\/2017\/04\/que-voir-ile-dyeu-atlantique-vendee-fromentine-escapade-blog-voyage-france-arpenter-le-chemin-1040x585.jpg 1040w\" sizes=\"(max-width: 1920px) 100vw, 1920px\" \/><\/p>\n<p><img decoding=\"async\" loading=\"lazy\" class=\"alignnone wp-image-7245 size-full\" src=\"http:\/\/arpenterlechemin.com\/wp-content\/uploads\/2017\/04\/ile-dyeu-port-joinville-escapade-vendee-atlantique-blog-voyage-arpenter-le-chemin.jpg\" alt=\"ile d'yeu port joinville escapade vendee atlantique blog voyage arpenter le chemin\" width=\"3072\" height=\"2304\" srcset=\"https:\/\/arpenterlechemin.com\/wp-content\/uploads\/2017\/04\/ile-dyeu-port-joinville-escapade-vendee-atlantique-blog-voyage-arpenter-le-chemin.jpg 3072w, https:\/\/arpenterlechemin.com\/wp-content\/uploads\/2017\/04\/ile-dyeu-port-joinville-escapade-vendee-atlantique-blog-voyage-arpenter-le-chemin-533x400.jpg 533w, https:\/\/arpenterlechemin.com\/wp-content\/uploads\/2017\/04\/ile-dyeu-port-joinville-escapade-vendee-atlantique-blog-voyage-arpenter-le-chemin-768x576.jpg 768w, https:\/\/arpenterlechemin.com\/wp-content\/uploads\/2017\/04\/ile-dyeu-port-joinville-escapade-vendee-atlantique-blog-voyage-arpenter-le-chemin-780x585.jpg 780w\" sizes=\"(max-width: 3072px) 100vw, 3072px\" \/>\u00a0L&rsquo;\u00eele ne fait qu&rsquo;une dizaine de kilom\u00e8tres de long, configuration id\u00e9ale pour rayonner un peu partout.\u00a0Ici, des\u00a0bateaux en cale s\u00e8che attendant avec langueur que la mar\u00e9e viennent les r\u00e9veiller. L\u00e0, la chaleur d&rsquo;une plage paradisiaque en plein soleil nous fait oublier momentan\u00e9ment que le vent de l&rsquo;Atlantique \u00e9trille l\u00e9g\u00e8rement les chairs \u00e0 nu et que seuls les plus assoiff\u00e9s de sel marin iront se baigner. J&rsquo;ai pr\u00e9f\u00e9r\u00e9\u00a0appr\u00e9cier la couleur de l&rsquo;eau sans tenter de m&rsquo;y frotter, bien install\u00e9e sur le moelleux du sable.<\/p>\n<p><img decoding=\"async\" loading=\"lazy\" class=\"alignnone wp-image-7246 size-full\" src=\"http:\/\/arpenterlechemin.com\/wp-content\/uploads\/2017\/04\/ile-dyeu-escapade-que-voir-week-end-vendee-blog-voyage-arpenter-le-chemin.jpg\" alt=\"ile d'yeu escapade que voir week-end vendee blog voyage arpenter le chemin\" width=\"3069\" height=\"1726\" srcset=\"https:\/\/arpenterlechemin.com\/wp-content\/uploads\/2017\/04\/ile-dyeu-escapade-que-voir-week-end-vendee-blog-voyage-arpenter-le-chemin.jpg 3069w, https:\/\/arpenterlechemin.com\/wp-content\/uploads\/2017\/04\/ile-dyeu-escapade-que-voir-week-end-vendee-blog-voyage-arpenter-le-chemin-500x280.jpg 500w, https:\/\/arpenterlechemin.com\/wp-content\/uploads\/2017\/04\/ile-dyeu-escapade-que-voir-week-end-vendee-blog-voyage-arpenter-le-chemin-690x388.jpg 690w, https:\/\/arpenterlechemin.com\/wp-content\/uploads\/2017\/04\/ile-dyeu-escapade-que-voir-week-end-vendee-blog-voyage-arpenter-le-chemin-768x432.jpg 768w, https:\/\/arpenterlechemin.com\/wp-content\/uploads\/2017\/04\/ile-dyeu-escapade-que-voir-week-end-vendee-blog-voyage-arpenter-le-chemin-1040x585.jpg 1040w\" sizes=\"(max-width: 3069px) 100vw, 3069px\" \/><\/p>\n<p><img decoding=\"async\" loading=\"lazy\" class=\"alignnone wp-image-7247 size-full\" src=\"http:\/\/arpenterlechemin.com\/wp-content\/uploads\/2017\/04\/ile-dyeu-golfe-gascogne-vendee-que-faire-week-end-escapade-blog-voyage-france-arpenter-le-chemin.jpg\" alt=\"ile d'yeu golfe gascogne vendee que faire week-end escapade blog voyage france arpenter le chemin\" width=\"3069\" height=\"1726\" srcset=\"https:\/\/arpenterlechemin.com\/wp-content\/uploads\/2017\/04\/ile-dyeu-golfe-gascogne-vendee-que-faire-week-end-escapade-blog-voyage-france-arpenter-le-chemin.jpg 3069w, https:\/\/arpenterlechemin.com\/wp-content\/uploads\/2017\/04\/ile-dyeu-golfe-gascogne-vendee-que-faire-week-end-escapade-blog-voyage-france-arpenter-le-chemin-500x280.jpg 500w, https:\/\/arpenterlechemin.com\/wp-content\/uploads\/2017\/04\/ile-dyeu-golfe-gascogne-vendee-que-faire-week-end-escapade-blog-voyage-france-arpenter-le-chemin-690x388.jpg 690w, https:\/\/arpenterlechemin.com\/wp-content\/uploads\/2017\/04\/ile-dyeu-golfe-gascogne-vendee-que-faire-week-end-escapade-blog-voyage-france-arpenter-le-chemin-768x432.jpg 768w, https:\/\/arpenterlechemin.com\/wp-content\/uploads\/2017\/04\/ile-dyeu-golfe-gascogne-vendee-que-faire-week-end-escapade-blog-voyage-france-arpenter-le-chemin-1040x585.jpg 1040w\" sizes=\"(max-width: 3069px) 100vw, 3069px\" \/><\/p>\n<p><img decoding=\"async\" loading=\"lazy\" class=\"alignnone wp-image-7248 size-full\" src=\"http:\/\/arpenterlechemin.com\/wp-content\/uploads\/2017\/04\/ile-dyeu-que-faire-vacances-plage-atlantique-blog-voyage-arpenter-le-chemin.jpg\" alt=\"ile d'yeu que faire vacances plage atlantique blog voyage arpenter le chemin\" width=\"3071\" height=\"1728\" srcset=\"https:\/\/arpenterlechemin.com\/wp-content\/uploads\/2017\/04\/ile-dyeu-que-faire-vacances-plage-atlantique-blog-voyage-arpenter-le-chemin.jpg 3071w, https:\/\/arpenterlechemin.com\/wp-content\/uploads\/2017\/04\/ile-dyeu-que-faire-vacances-plage-atlantique-blog-voyage-arpenter-le-chemin-500x280.jpg 500w, https:\/\/arpenterlechemin.com\/wp-content\/uploads\/2017\/04\/ile-dyeu-que-faire-vacances-plage-atlantique-blog-voyage-arpenter-le-chemin-690x388.jpg 690w, https:\/\/arpenterlechemin.com\/wp-content\/uploads\/2017\/04\/ile-dyeu-que-faire-vacances-plage-atlantique-blog-voyage-arpenter-le-chemin-768x432.jpg 768w, https:\/\/arpenterlechemin.com\/wp-content\/uploads\/2017\/04\/ile-dyeu-que-faire-vacances-plage-atlantique-blog-voyage-arpenter-le-chemin-1040x585.jpg 1040w\" sizes=\"(max-width: 3071px) 100vw, 3071px\" \/><\/p>\n<p>Les petits villages sont proprets, blancs, grecs, m\u00e9diterran\u00e9ens. Les fleurs tranchent sur les murs aveuglants et on se demande ce qui se cache derri\u00e8re ces hauts murs. De la fra\u00eecheur et de la douceur de vivre, sans doute. Les rencontres insolites ne sont pas en reste : entre les cyclistes essouffl\u00e9s, les voitures d&rsquo;\u00e9poque et des mari\u00e9s dans un petit train suivis de la noce endimanch\u00e9e \u00e0 v\u00e9lo, les surprises sont \u00e0 tous les coins de rue.<\/p>\n<p><img decoding=\"async\" loading=\"lazy\" class=\"alignnone wp-image-7249 size-full\" src=\"http:\/\/arpenterlechemin.com\/wp-content\/uploads\/2017\/04\/ile-dyeu-port-joinville-decouvrir-fromentine-ferry-que-faire-blog-voyage-enfranceaussi-arpenter-le-chemin.jpg\" alt=\"ile d'yeu port joinville decouvrir fromentine ferry que faire blog voyage enfranceaussi arpenter le chemin\" width=\"3071\" height=\"1727\" srcset=\"https:\/\/arpenterlechemin.com\/wp-content\/uploads\/2017\/04\/ile-dyeu-port-joinville-decouvrir-fromentine-ferry-que-faire-blog-voyage-enfranceaussi-arpenter-le-chemin.jpg 3071w, https:\/\/arpenterlechemin.com\/wp-content\/uploads\/2017\/04\/ile-dyeu-port-joinville-decouvrir-fromentine-ferry-que-faire-blog-voyage-enfranceaussi-arpenter-le-chemin-500x280.jpg 500w, https:\/\/arpenterlechemin.com\/wp-content\/uploads\/2017\/04\/ile-dyeu-port-joinville-decouvrir-fromentine-ferry-que-faire-blog-voyage-enfranceaussi-arpenter-le-chemin-690x388.jpg 690w, https:\/\/arpenterlechemin.com\/wp-content\/uploads\/2017\/04\/ile-dyeu-port-joinville-decouvrir-fromentine-ferry-que-faire-blog-voyage-enfranceaussi-arpenter-le-chemin-768x432.jpg 768w, https:\/\/arpenterlechemin.com\/wp-content\/uploads\/2017\/04\/ile-dyeu-port-joinville-decouvrir-fromentine-ferry-que-faire-blog-voyage-enfranceaussi-arpenter-le-chemin-1040x585.jpg 1040w\" sizes=\"(max-width: 3071px) 100vw, 3071px\" \/><\/p>\n<p><img decoding=\"async\" loading=\"lazy\" class=\"alignnone wp-image-7250 size-full\" src=\"http:\/\/arpenterlechemin.com\/wp-content\/uploads\/2017\/04\/ile-dyeu-decouvrir-week-end-escapade-blog-voyage-arpenter-le-chemin.jpg\" alt=\"ile d'yeu decouvrir week-end escapade blog voyage arpenter le chemin\" width=\"2733\" height=\"1538\" srcset=\"https:\/\/arpenterlechemin.com\/wp-content\/uploads\/2017\/04\/ile-dyeu-decouvrir-week-end-escapade-blog-voyage-arpenter-le-chemin.jpg 2733w, https:\/\/arpenterlechemin.com\/wp-content\/uploads\/2017\/04\/ile-dyeu-decouvrir-week-end-escapade-blog-voyage-arpenter-le-chemin-500x280.jpg 500w, https:\/\/arpenterlechemin.com\/wp-content\/uploads\/2017\/04\/ile-dyeu-decouvrir-week-end-escapade-blog-voyage-arpenter-le-chemin-690x388.jpg 690w, https:\/\/arpenterlechemin.com\/wp-content\/uploads\/2017\/04\/ile-dyeu-decouvrir-week-end-escapade-blog-voyage-arpenter-le-chemin-768x432.jpg 768w, https:\/\/arpenterlechemin.com\/wp-content\/uploads\/2017\/04\/ile-dyeu-decouvrir-week-end-escapade-blog-voyage-arpenter-le-chemin-1040x585.jpg 1040w\" sizes=\"(max-width: 2733px) 100vw, 2733px\" \/><\/p>\n<p>Prenant nos v\u00e9los \u00e0 notre cou, nous sommes all\u00e9s taquiner le\u00a0Vieux-Ch\u00e2teau, forteresse m\u00e9di\u00e9vale \u00e9rig\u00e9e au XIVe si\u00e8cle et parfaitement incongrue avec ses murs imprenables et son air t\u00e9n\u00e9breux dans cette \u00eele de d\u00e9licates maisons blanches. Sous le soleil dor\u00e9, la lande prend des allures d&rsquo;Irlande. Les ombres\u00a0se prolongent, entra\u00eenant avec elle la douceur de l&rsquo;instant. Pourquoi rentrer quand on pourrait rouler jusqu&rsquo;au soleil couchant ?<\/p>\n<p><img decoding=\"async\" loading=\"lazy\" class=\"aligncenter wp-image-7252 size-full\" src=\"http:\/\/arpenterlechemin.com\/wp-content\/uploads\/2017\/04\/ile-dyeu-vieux-chateau-ruines-que-voir-week-end-blog-voyage-escapade-arpenter-le-chemin.jpg\" alt=\"ile d'yeu vieux-chateau ruines que voir week-end blog voyage escapade arpenter le chemin\" width=\"3016\" height=\"1697\" srcset=\"https:\/\/arpenterlechemin.com\/wp-content\/uploads\/2017\/04\/ile-dyeu-vieux-chateau-ruines-que-voir-week-end-blog-voyage-escapade-arpenter-le-chemin.jpg 3016w, https:\/\/arpenterlechemin.com\/wp-content\/uploads\/2017\/04\/ile-dyeu-vieux-chateau-ruines-que-voir-week-end-blog-voyage-escapade-arpenter-le-chemin-500x280.jpg 500w, https:\/\/arpenterlechemin.com\/wp-content\/uploads\/2017\/04\/ile-dyeu-vieux-chateau-ruines-que-voir-week-end-blog-voyage-escapade-arpenter-le-chemin-690x388.jpg 690w, https:\/\/arpenterlechemin.com\/wp-content\/uploads\/2017\/04\/ile-dyeu-vieux-chateau-ruines-que-voir-week-end-blog-voyage-escapade-arpenter-le-chemin-768x432.jpg 768w, https:\/\/arpenterlechemin.com\/wp-content\/uploads\/2017\/04\/ile-dyeu-vieux-chateau-ruines-que-voir-week-end-blog-voyage-escapade-arpenter-le-chemin-1040x585.jpg 1040w\" sizes=\"(max-width: 3016px) 100vw, 3016px\" \/><\/p>\n<p><img decoding=\"async\" loading=\"lazy\" class=\"aligncenter wp-image-7251 size-full\" src=\"http:\/\/arpenterlechemin.com\/wp-content\/uploads\/2017\/04\/ile-dyeu-vieux-chateau-que-faire-louer-velo-mehari-escapade-vendee-ete-blog-voyage-france.jpg\" alt=\"ile d'yeu vieux-chateau que faire louer velo mehari escapade vendee ete blog voyage france\" width=\"2920\" height=\"1643\" srcset=\"https:\/\/arpenterlechemin.com\/wp-content\/uploads\/2017\/04\/ile-dyeu-vieux-chateau-que-faire-louer-velo-mehari-escapade-vendee-ete-blog-voyage-france.jpg 2920w, https:\/\/arpenterlechemin.com\/wp-content\/uploads\/2017\/04\/ile-dyeu-vieux-chateau-que-faire-louer-velo-mehari-escapade-vendee-ete-blog-voyage-france-500x280.jpg 500w, https:\/\/arpenterlechemin.com\/wp-content\/uploads\/2017\/04\/ile-dyeu-vieux-chateau-que-faire-louer-velo-mehari-escapade-vendee-ete-blog-voyage-france-690x388.jpg 690w, https:\/\/arpenterlechemin.com\/wp-content\/uploads\/2017\/04\/ile-dyeu-vieux-chateau-que-faire-louer-velo-mehari-escapade-vendee-ete-blog-voyage-france-768x432.jpg 768w, https:\/\/arpenterlechemin.com\/wp-content\/uploads\/2017\/04\/ile-dyeu-vieux-chateau-que-faire-louer-velo-mehari-escapade-vendee-ete-blog-voyage-france-1040x585.jpg 1040w\" sizes=\"(max-width: 2920px) 100vw, 2920px\" \/><\/p>\n<p>Sous l&rsquo;heure dor\u00e9e, le Port de la Meule\u00a0offre des contrastes qui feraient plaisir \u00e0 un peintre, mousse orange sur eau indigo, un r\u00eave de photographe. On d\u00e9couvre une injonction f\u00e9roce qui nous intime de nous abstenir de consommer de la tapenade (c&rsquo;est bien contrariant, d&rsquo;ailleurs), signe que nous ne sommes pas dans le midi, ici, doryphores ! Ici, c&rsquo;est l&rsquo;Atlantique, l&rsquo;esprit des pirates, la force de caract\u00e8re burin\u00e9e par les vents et les rillettes de thon. Prenez garde aux repr\u00e9sailles. On pourrait vous forcer \u00e0 ing\u00e9rer des moules.<\/p>\n<p><img decoding=\"async\" loading=\"lazy\" class=\"wp-image-7253 size-full aligncenter\" src=\"http:\/\/arpenterlechemin.com\/wp-content\/uploads\/2017\/04\/ile-dyeu-port-de-la-meule-decouverte-velo-que-faire-escapade-blog-voyage-france-vendee-arpenter-le-chemin.jpg\" alt=\"ile d'yeu port de la meule decouverte velo que faire escapade blog voyage france vendee arpenter le chemin\" width=\"3071\" height=\"1727\" srcset=\"https:\/\/arpenterlechemin.com\/wp-content\/uploads\/2017\/04\/ile-dyeu-port-de-la-meule-decouverte-velo-que-faire-escapade-blog-voyage-france-vendee-arpenter-le-chemin.jpg 3071w, https:\/\/arpenterlechemin.com\/wp-content\/uploads\/2017\/04\/ile-dyeu-port-de-la-meule-decouverte-velo-que-faire-escapade-blog-voyage-france-vendee-arpenter-le-chemin-500x280.jpg 500w, https:\/\/arpenterlechemin.com\/wp-content\/uploads\/2017\/04\/ile-dyeu-port-de-la-meule-decouverte-velo-que-faire-escapade-blog-voyage-france-vendee-arpenter-le-chemin-690x388.jpg 690w, https:\/\/arpenterlechemin.com\/wp-content\/uploads\/2017\/04\/ile-dyeu-port-de-la-meule-decouverte-velo-que-faire-escapade-blog-voyage-france-vendee-arpenter-le-chemin-768x432.jpg 768w, https:\/\/arpenterlechemin.com\/wp-content\/uploads\/2017\/04\/ile-dyeu-port-de-la-meule-decouverte-velo-que-faire-escapade-blog-voyage-france-vendee-arpenter-le-chemin-1040x585.jpg 1040w\" sizes=\"(max-width: 3071px) 100vw, 3071px\" \/><\/p>\n<p style=\"text-align: center;\"><em>On ne plaisante pas avec la tapenade, ici.<\/em><\/p>\n<p><img decoding=\"async\" loading=\"lazy\" class=\"aligncenter wp-image-7255 size-full\" src=\"http:\/\/arpenterlechemin.com\/wp-content\/uploads\/2017\/04\/ile-dyeu-bateau-plaisance-port-de-la-meule-decouvrir-a-velo-blog-voyage.jpg\" alt=\"\" width=\"3070\" height=\"1727\" srcset=\"https:\/\/arpenterlechemin.com\/wp-content\/uploads\/2017\/04\/ile-dyeu-bateau-plaisance-port-de-la-meule-decouvrir-a-velo-blog-voyage.jpg 3070w, https:\/\/arpenterlechemin.com\/wp-content\/uploads\/2017\/04\/ile-dyeu-bateau-plaisance-port-de-la-meule-decouvrir-a-velo-blog-voyage-500x280.jpg 500w, https:\/\/arpenterlechemin.com\/wp-content\/uploads\/2017\/04\/ile-dyeu-bateau-plaisance-port-de-la-meule-decouvrir-a-velo-blog-voyage-690x388.jpg 690w, https:\/\/arpenterlechemin.com\/wp-content\/uploads\/2017\/04\/ile-dyeu-bateau-plaisance-port-de-la-meule-decouvrir-a-velo-blog-voyage-768x432.jpg 768w, https:\/\/arpenterlechemin.com\/wp-content\/uploads\/2017\/04\/ile-dyeu-bateau-plaisance-port-de-la-meule-decouvrir-a-velo-blog-voyage-1040x585.jpg 1040w\" sizes=\"(max-width: 3070px) 100vw, 3070px\" \/><\/p>\n<p><img decoding=\"async\" loading=\"lazy\" class=\"aligncenter wp-image-7260 size-full\" src=\"http:\/\/arpenterlechemin.com\/wp-content\/uploads\/2017\/04\/que-voir-ile-dyeu-atlantique-vendee-fromentine-ferry-escapade-blog-voyage-france-arpenter-le-chemin.jpg\" alt=\"que voir ile d'yeu atlantique vendee fromentine ferry escapade blog voyage france arpenter le chemin\" width=\"1920\" height=\"1080\" srcset=\"https:\/\/arpenterlechemin.com\/wp-content\/uploads\/2017\/04\/que-voir-ile-dyeu-atlantique-vendee-fromentine-ferry-escapade-blog-voyage-france-arpenter-le-chemin.jpg 1920w, https:\/\/arpenterlechemin.com\/wp-content\/uploads\/2017\/04\/que-voir-ile-dyeu-atlantique-vendee-fromentine-ferry-escapade-blog-voyage-france-arpenter-le-chemin-500x280.jpg 500w, https:\/\/arpenterlechemin.com\/wp-content\/uploads\/2017\/04\/que-voir-ile-dyeu-atlantique-vendee-fromentine-ferry-escapade-blog-voyage-france-arpenter-le-chemin-690x388.jpg 690w, https:\/\/arpenterlechemin.com\/wp-content\/uploads\/2017\/04\/que-voir-ile-dyeu-atlantique-vendee-fromentine-ferry-escapade-blog-voyage-france-arpenter-le-chemin-768x432.jpg 768w, https:\/\/arpenterlechemin.com\/wp-content\/uploads\/2017\/04\/que-voir-ile-dyeu-atlantique-vendee-fromentine-ferry-escapade-blog-voyage-france-arpenter-le-chemin-1040x585.jpg 1040w\" sizes=\"(max-width: 1920px) 100vw, 1920px\" \/><\/p>\n<p><img decoding=\"async\" loading=\"lazy\" class=\"aligncenter wp-image-7254 size-full\" src=\"http:\/\/arpenterlechemin.com\/wp-content\/uploads\/2017\/04\/ile-dyeu-port-de-la-meule-voyage-escapade.jpg\" alt=\"\" width=\"3070\" height=\"1728\" srcset=\"https:\/\/arpenterlechemin.com\/wp-content\/uploads\/2017\/04\/ile-dyeu-port-de-la-meule-voyage-escapade.jpg 3070w, https:\/\/arpenterlechemin.com\/wp-content\/uploads\/2017\/04\/ile-dyeu-port-de-la-meule-voyage-escapade-500x280.jpg 500w, https:\/\/arpenterlechemin.com\/wp-content\/uploads\/2017\/04\/ile-dyeu-port-de-la-meule-voyage-escapade-690x388.jpg 690w, https:\/\/arpenterlechemin.com\/wp-content\/uploads\/2017\/04\/ile-dyeu-port-de-la-meule-voyage-escapade-768x432.jpg 768w, https:\/\/arpenterlechemin.com\/wp-content\/uploads\/2017\/04\/ile-dyeu-port-de-la-meule-voyage-escapade-1040x585.jpg 1040w\" sizes=\"(max-width: 3070px) 100vw, 3070px\" \/><\/p>\n<p style=\"text-align: center;\"><em>Le plus bel endroit de l&rsquo;\u00eele d&rsquo;Yeu&#8230;<\/em><\/p>\n<p>De l&rsquo;autre c\u00f4t\u00e9 de l&rsquo;\u00eele, je suis \u00e0 nouveau bouscul\u00e9e dans mes certitudes : ce phare dans ses atours rouge et blanc, le phare des corbeaux, ne serait-il pas un pur phare canadien ? Avec le recul, pas vraiment, mais la ressemblance \u00e9tait alors troublante. Le relief est d\u00e9chiquet\u00e9, les vagues semblent soudain d\u00e9cha\u00een\u00e9es malgr\u00e9 la qui\u00e9tude de la fin de l&rsquo;apr\u00e8s-midi. Toutes mes aventures ont-elles eu lieu \u00e0 l&rsquo;heure dor\u00e9e ? Oui ! C&rsquo;\u00e9tait l&rsquo;une de mes premi\u00e8res exp\u00e9riences de <a href=\"http:\/\/arpenterlechemin.com\/index.php\/2019\/01\/03\/conseils-nomade-numerique\/\">nomadisme num\u00e9rique<\/a>, qui implique de travailler la journ\u00e9e en terrasse pendant que les amis partent \u00e0 la plage. Plus dure la vie&#8230;<\/p>\n<p><img decoding=\"async\" loading=\"lazy\" class=\"aligncenter wp-image-7259 size-full\" src=\"http:\/\/arpenterlechemin.com\/wp-content\/uploads\/2017\/04\/ile-dyeu-phare-des-corbeaux.jpg\" alt=\"ile d'yeu phare des corbeaux\" width=\"3069\" height=\"1726\" srcset=\"https:\/\/arpenterlechemin.com\/wp-content\/uploads\/2017\/04\/ile-dyeu-phare-des-corbeaux.jpg 3069w, https:\/\/arpenterlechemin.com\/wp-content\/uploads\/2017\/04\/ile-dyeu-phare-des-corbeaux-500x280.jpg 500w, https:\/\/arpenterlechemin.com\/wp-content\/uploads\/2017\/04\/ile-dyeu-phare-des-corbeaux-690x388.jpg 690w, https:\/\/arpenterlechemin.com\/wp-content\/uploads\/2017\/04\/ile-dyeu-phare-des-corbeaux-768x432.jpg 768w, https:\/\/arpenterlechemin.com\/wp-content\/uploads\/2017\/04\/ile-dyeu-phare-des-corbeaux-1040x585.jpg 1040w\" sizes=\"(max-width: 3069px) 100vw, 3069px\" \/><\/p>\n<p><img decoding=\"async\" loading=\"lazy\" class=\"aligncenter wp-image-7264 size-full\" src=\"http:\/\/arpenterlechemin.com\/wp-content\/uploads\/2017\/04\/que-voir-ile-dyeu-atlantique-vendee-ferry-escapade-blog-voyage-france-arpenter-le-chemin.jpg\" alt=\"que voir ile d'yeu atlantique vendee ferry escapade blog voyage france arpenter le chemin\" width=\"1920\" height=\"1080\" srcset=\"https:\/\/arpenterlechemin.com\/wp-content\/uploads\/2017\/04\/que-voir-ile-dyeu-atlantique-vendee-ferry-escapade-blog-voyage-france-arpenter-le-chemin.jpg 1920w, https:\/\/arpenterlechemin.com\/wp-content\/uploads\/2017\/04\/que-voir-ile-dyeu-atlantique-vendee-ferry-escapade-blog-voyage-france-arpenter-le-chemin-500x280.jpg 500w, https:\/\/arpenterlechemin.com\/wp-content\/uploads\/2017\/04\/que-voir-ile-dyeu-atlantique-vendee-ferry-escapade-blog-voyage-france-arpenter-le-chemin-690x388.jpg 690w, https:\/\/arpenterlechemin.com\/wp-content\/uploads\/2017\/04\/que-voir-ile-dyeu-atlantique-vendee-ferry-escapade-blog-voyage-france-arpenter-le-chemin-768x432.jpg 768w, https:\/\/arpenterlechemin.com\/wp-content\/uploads\/2017\/04\/que-voir-ile-dyeu-atlantique-vendee-ferry-escapade-blog-voyage-france-arpenter-le-chemin-1040x585.jpg 1040w\" sizes=\"(max-width: 1920px) 100vw, 1920px\" \/><\/p>\n<p>\u00c0 l&rsquo;ouest, la grande plage n&rsquo;est gu\u00e8re plus chaude que qu&rsquo;un lac de montagne et rares sont les baigneurs. Mais si on vient pour le grand bleu, on reste surtout pour la beaut\u00e9 des lieux, les plantes duveteuses, les pins, les dunes. La partie sud de l&rsquo;\u00eele est interdite de construction et d\u00e9gage un charme intact, une certaine mystique qui rappelle que l&rsquo;\u00eele a d&rsquo;abord \u00e9t\u00e9 un lieu de culte avant d&rsquo;\u00eatre peupl\u00e9e de mani\u00e8re permanente.<\/p>\n<p><img decoding=\"async\" loading=\"lazy\" class=\"aligncenter wp-image-7256 size-full\" src=\"http:\/\/arpenterlechemin.com\/wp-content\/uploads\/2017\/04\/ile-dyeu-plages-baignade-atlantique.jpg\" alt=\"ile d'yeu plages baignade atlantique\" width=\"2901\" height=\"1632\" srcset=\"https:\/\/arpenterlechemin.com\/wp-content\/uploads\/2017\/04\/ile-dyeu-plages-baignade-atlantique.jpg 2901w, https:\/\/arpenterlechemin.com\/wp-content\/uploads\/2017\/04\/ile-dyeu-plages-baignade-atlantique-500x280.jpg 500w, https:\/\/arpenterlechemin.com\/wp-content\/uploads\/2017\/04\/ile-dyeu-plages-baignade-atlantique-690x388.jpg 690w, https:\/\/arpenterlechemin.com\/wp-content\/uploads\/2017\/04\/ile-dyeu-plages-baignade-atlantique-768x432.jpg 768w, https:\/\/arpenterlechemin.com\/wp-content\/uploads\/2017\/04\/ile-dyeu-plages-baignade-atlantique-1040x585.jpg 1040w\" sizes=\"(max-width: 2901px) 100vw, 2901px\" \/> <img decoding=\"async\" loading=\"lazy\" class=\"aligncenter wp-image-7257 size-full\" src=\"http:\/\/arpenterlechemin.com\/wp-content\/uploads\/2017\/04\/ile-dyeu-plages.jpg\" alt=\"ile d'yeu plages\" width=\"3040\" height=\"1710\" srcset=\"https:\/\/arpenterlechemin.com\/wp-content\/uploads\/2017\/04\/ile-dyeu-plages.jpg 3040w, https:\/\/arpenterlechemin.com\/wp-content\/uploads\/2017\/04\/ile-dyeu-plages-500x280.jpg 500w, https:\/\/arpenterlechemin.com\/wp-content\/uploads\/2017\/04\/ile-dyeu-plages-690x388.jpg 690w, https:\/\/arpenterlechemin.com\/wp-content\/uploads\/2017\/04\/ile-dyeu-plages-768x432.jpg 768w, https:\/\/arpenterlechemin.com\/wp-content\/uploads\/2017\/04\/ile-dyeu-plages-1040x585.jpg 1040w\" sizes=\"(max-width: 3040px) 100vw, 3040px\" \/><br \/>\nLa semaine termin\u00e9e, c&rsquo;est avec un pincement au c\u0153ur que nous sommes partis de Vend\u00e9e pour retourner \u00e0 Lyon. Nos amis ont choisi de s&rsquo;\u00e9prendre d&rsquo;une bien belle \u00eele.<\/p>\n<h2><span style=\"color: #008080;\">Infos pratiques<\/span><\/h2>\n<h3><span style=\"color: #333399;\"><strong>Acc\u00e9der \u00e0 l&rsquo;\u00eele d&rsquo;Yeu<\/strong><\/span><\/h3>\n<div>Un car part de la gare de Nantes jusqu&rsquo;\u00e0 <span id=\"0.8388125305434102\" class=\"currentHitHighlight\">Fromentine<\/span> &#8211; La Barre des Monts, \u00e0 r\u00e9server via le site <a href=\"http:\/\/voyage-sncf.fr\/\" target=\"_blank\" rel=\"noopener noreferrer\">voyage-sncf.fr<\/a><\/div>\n<div>\u00a0Deux compagnies de bateau desservent ensuite Port Joinville : la <a href=\"http:\/\/compagnie-vendeenne.com\/\">Compagnie vend\u00e9enne<\/a> et la <a href=\"http:\/\/www.compagnie-yeu-continent.fr\/\">Compagnie Yeu Continent<\/a>.<\/div>\n<div><\/div>\n<h3><span style=\"color: #333399;\">O\u00f9 dormir \u00e0 l&rsquo;\u00eele d&rsquo;Yeu<\/span><\/h3>\n<div>Voici quelques adresses qui pourraient vous convenir : les chambres d&rsquo;h\u00f4te <a href=\"https:\/\/www.booking.com\/hotel\/fr\/chez-stephane.en.html?aid=1571475&amp;no_rooms=1&amp;group_adults=1\">Chez St\u00e9phane<\/a> et <a href=\"https:\/\/www.booking.com\/hotel\/fr\/chez-pascale.en.html?aid=1571475&amp;no_rooms=1&amp;group_adults=1\">Chez Pascale<\/a>.<\/div>\n<div><\/div>\n<div><em>Et vous, vous \u00eates-vous d\u00e9j\u00e0 retrouv\u00e9.e compl\u00e8tement d\u00e9pays\u00e9 en France ? Vous aimez la c\u00f4te atlantique ? Racontez-moi tout \u00e7a dans les commentaires. Oyez, oyez. Ce billet contient des <a href=\"http:\/\/arpenterlechemin.com\/index.php\/2018\/12\/01\/soutenir-blog\/\">liens affili\u00e9<\/a>s.<\/em><\/div>\n<div><\/div>\n<div><img decoding=\"async\" loading=\"lazy\" class=\"wp-image-7261 size-medium alignnone\" src=\"http:\/\/arpenterlechemin.com\/wp-content\/uploads\/2017\/04\/que-voir-ile-dyeu-vendee-blog-voyage-france-arpenter-le-chemin-267x400.jpg\" alt=\"que voir ile d'yeu vendee blog voyage france arpenter le chemin\" width=\"267\" height=\"400\" srcset=\"https:\/\/arpenterlechemin.com\/wp-content\/uploads\/2017\/04\/que-voir-ile-dyeu-vendee-blog-voyage-france-arpenter-le-chemin-267x400.jpg 267w, https:\/\/arpenterlechemin.com\/wp-content\/uploads\/2017\/04\/que-voir-ile-dyeu-vendee-blog-voyage-france-arpenter-le-chemin-390x585.jpg 390w, https:\/\/arpenterlechemin.com\/wp-content\/uploads\/2017\/04\/que-voir-ile-dyeu-vendee-blog-voyage-france-arpenter-le-chemin.jpg 735w\" sizes=\"(max-width: 267px) 100vw, 267px\" \/><img decoding=\"async\" loading=\"lazy\" class=\"alignnone wp-image-7263 size-medium\" src=\"http:\/\/arpenterlechemin.com\/wp-content\/uploads\/2017\/04\/que-faire-ile-dyeu-vendee-atlantique-blog-voyage-france-arpenter-le-chemin-267x400.jpg\" alt=\"que faire ile d'yeu vendee atlantique blog voyage france arpenter le chemin\" width=\"267\" height=\"400\" srcset=\"https:\/\/arpenterlechemin.com\/wp-content\/uploads\/2017\/04\/que-faire-ile-dyeu-vendee-atlantique-blog-voyage-france-arpenter-le-chemin-267x400.jpg 267w, https:\/\/arpenterlechemin.com\/wp-content\/uploads\/2017\/04\/que-faire-ile-dyeu-vendee-atlantique-blog-voyage-france-arpenter-le-chemin-390x585.jpg 390w, https:\/\/arpenterlechemin.com\/wp-content\/uploads\/2017\/04\/que-faire-ile-dyeu-vendee-atlantique-blog-voyage-france-arpenter-le-chemin.jpg 735w\" sizes=\"(max-width: 267px) 100vw, 267px\" \/><img decoding=\"async\" loading=\"lazy\" class=\"alignnone wp-image-7262 size-medium\" src=\"http:\/\/arpenterlechemin.com\/wp-content\/uploads\/2017\/04\/escapade-ile-dyeu-que-faire-blog-voyage-vendee-france-arpenter-le-chemin-267x400.jpg\" alt=\"escapade ile d'yeu que faire blog voyage vendee france arpenter le chemin\" width=\"267\" height=\"400\" srcset=\"https:\/\/arpenterlechemin.com\/wp-content\/uploads\/2017\/04\/escapade-ile-dyeu-que-faire-blog-voyage-vendee-france-arpenter-le-chemin-267x400.jpg 267w, https:\/\/arpenterlechemin.com\/wp-content\/uploads\/2017\/04\/escapade-ile-dyeu-que-faire-blog-voyage-vendee-france-arpenter-le-chemin-390x585.jpg 390w, https:\/\/arpenterlechemin.com\/wp-content\/uploads\/2017\/04\/escapade-ile-dyeu-que-faire-blog-voyage-vendee-france-arpenter-le-chemin.jpg 735w\" sizes=\"(max-width: 267px) 100vw, 267px\" \/><\/div>\n","protected":false},"excerpt":{"rendered":"<p>Petite, mes grands-parents m&#8217;emmenaient vagabonder en caravane depuis notre Haute-Savoie natale, ne d\u00e9passant jamais le Rh\u00f4ne pour rester prudemment dans les fronti\u00e8res invisibles de\u00a0la terre chantante et montagneuse des Alpes. Pendant longtemps, mon univers s&rsquo;est r\u00e9sum\u00e9 aux montagnes et aux cigales, aux cimes enneig\u00e9es et \u00e0 la lumi\u00e8re dor\u00e9e du midi. Pour moi, la France avait le go\u00fbt du fromage et du miel de lavande, c&rsquo;\u00e9tait des chalets aux toits en croupe et des tuiles dor\u00e9es, c&rsquo;\u00e9tait le mont Ventoux et la Dent d&rsquo;Oche. Pendant longtemps, la France s&rsquo;est limit\u00e9e <\/p>\n","protected":false},"author":1,"featured_media":3059,"comment_status":"open","ping_status":"open","sticky":false,"template":"","format":"standard","meta":{"jetpack_post_was_ever_published":false},"categories":[1,531],"tags":[547,566,150,516],"yoast_head":"<!-- This site is optimized with the Yoast SEO plugin v20.7 - https:\/\/yoast.com\/wordpress\/plugins\/seo\/ -->\n<title>FRANCE \/\/ \u00cele d&#039;Yeu, \u00eele de beaut\u00e9<\/title>\n<meta name=\"description\" content=\"Visiter l&#039;\u00eele d&#039;Yeu : la plus belle \u00eele de la c\u00f4te atlantique ! Que voir et que faire sur l&#039;\u00eele d&#039;Yeu ? Je vous donne infos pratiques et conseils pour...\" \/>\n<meta name=\"robots\" content=\"index, follow, max-snippet:-1, max-image-preview:large, max-video-preview:-1\" \/>\n<link rel=\"canonical\" href=\"https:\/\/arpenterlechemin.com\/index.php\/2017\/04\/10\/ile-dyeu-ile-de-beaute\/\" \/>\n<meta property=\"og:locale\" content=\"fr_FR\" \/>\n<meta property=\"og:type\" content=\"article\" \/>\n<meta property=\"og:title\" content=\"FRANCE \/\/ \u00cele d&#039;Yeu, \u00eele de beaut\u00e9\" \/>\n<meta property=\"og:description\" content=\"Visiter l&#039;\u00eele d&#039;Yeu : la plus belle \u00eele de la c\u00f4te atlantique ! Que voir et que faire sur l&#039;\u00eele d&#039;Yeu ? Je vous donne infos pratiques et conseils pour...\" \/>\n<meta property=\"og:url\" content=\"https:\/\/arpenterlechemin.com\/index.php\/2017\/04\/10\/ile-dyeu-ile-de-beaute\/\" \/>\n<meta property=\"og:site_name\" content=\"Arpenter le chemin\" \/>\n<meta property=\"article:published_time\" content=\"2017-04-10T07:01:12+00:00\" \/>\n<meta property=\"article:modified_time\" content=\"2021-01-05T19:24:26+00:00\" \/>\n<meta property=\"og:image\" content=\"https:\/\/arpenterlechemin.com\/wp-content\/uploads\/2017\/04\/titre-ile-dyeu.jpg\" \/>\n\t<meta property=\"og:image:width\" content=\"2640\" \/>\n\t<meta property=\"og:image:height\" content=\"1980\" \/>\n\t<meta property=\"og:image:type\" content=\"image\/jpeg\" \/>\n<meta name=\"author\" content=\"Audrey\" \/>\n<meta name=\"twitter:card\" content=\"summary_large_image\" \/>\n<meta name=\"twitter:label1\" content=\"\u00c9crit par\" \/>\n\t<meta name=\"twitter:data1\" content=\"Audrey\" \/>\n\t<meta name=\"twitter:label2\" content=\"Dur\u00e9e de lecture estim\u00e9e\" \/>\n\t<meta name=\"twitter:data2\" content=\"6 minutes\" \/>\n<script type=\"application\/ld+json\" class=\"yoast-schema-graph\">{\"@context\":\"https:\/\/schema.org\",\"@graph\":[{\"@type\":\"Article\",\"@id\":\"https:\/\/arpenterlechemin.com\/index.php\/2017\/04\/10\/ile-dyeu-ile-de-beaute\/#article\",\"isPartOf\":{\"@id\":\"https:\/\/arpenterlechemin.com\/index.php\/2017\/04\/10\/ile-dyeu-ile-de-beaute\/\"},\"author\":{\"name\":\"Audrey\",\"@id\":\"https:\/\/arpenterlechemin.com\/#\/schema\/person\/1d187818c0988fbea4d682c1e59c795c\"},\"headline\":\"FRANCE \/\/ \u00cele d&rsquo;Yeu, \u00eele de beaut\u00e9\",\"datePublished\":\"2017-04-10T07:01:12+00:00\",\"dateModified\":\"2021-01-05T19:24:26+00:00\",\"mainEntityOfPage\":{\"@id\":\"https:\/\/arpenterlechemin.com\/index.php\/2017\/04\/10\/ile-dyeu-ile-de-beaute\/\"},\"wordCount\":1364,\"commentCount\":4,\"publisher\":{\"@id\":\"https:\/\/arpenterlechemin.com\/#organization\"},\"keywords\":[\"atlantique\",\"\u00e9t\u00e9\",\"europe\",\"france\"],\"articleSection\":[\"Blog\",\"Europe\"],\"inLanguage\":\"fr-FR\",\"potentialAction\":[{\"@type\":\"CommentAction\",\"name\":\"Comment\",\"target\":[\"https:\/\/arpenterlechemin.com\/index.php\/2017\/04\/10\/ile-dyeu-ile-de-beaute\/#respond\"]}]},{\"@type\":\"WebPage\",\"@id\":\"https:\/\/arpenterlechemin.com\/index.php\/2017\/04\/10\/ile-dyeu-ile-de-beaute\/\",\"url\":\"https:\/\/arpenterlechemin.com\/index.php\/2017\/04\/10\/ile-dyeu-ile-de-beaute\/\",\"name\":\"FRANCE \/\/ \u00cele d'Yeu, \u00eele de beaut\u00e9\",\"isPartOf\":{\"@id\":\"https:\/\/arpenterlechemin.com\/#website\"},\"datePublished\":\"2017-04-10T07:01:12+00:00\",\"dateModified\":\"2021-01-05T19:24:26+00:00\",\"description\":\"Visiter l'\u00eele d'Yeu : la plus belle \u00eele de la c\u00f4te atlantique ! Que voir et que faire sur l'\u00eele d'Yeu ? Je vous donne infos pratiques et conseils pour...\",\"breadcrumb\":{\"@id\":\"https:\/\/arpenterlechemin.com\/index.php\/2017\/04\/10\/ile-dyeu-ile-de-beaute\/#breadcrumb\"},\"inLanguage\":\"fr-FR\",\"potentialAction\":[{\"@type\":\"ReadAction\",\"target\":[\"https:\/\/arpenterlechemin.com\/index.php\/2017\/04\/10\/ile-dyeu-ile-de-beaute\/\"]}]},{\"@type\":\"BreadcrumbList\",\"@id\":\"https:\/\/arpenterlechemin.com\/index.php\/2017\/04\/10\/ile-dyeu-ile-de-beaute\/#breadcrumb\",\"itemListElement\":[{\"@type\":\"ListItem\",\"position\":1,\"name\":\"Home\",\"item\":\"https:\/\/arpenterlechemin.com\/\"},{\"@type\":\"ListItem\",\"position\":2,\"name\":\"FRANCE \/\/ \u00cele d&rsquo;Yeu, \u00eele de beaut\u00e9\"}]},{\"@type\":\"WebSite\",\"@id\":\"https:\/\/arpenterlechemin.com\/#website\",\"url\":\"https:\/\/arpenterlechemin.com\/\",\"name\":\"Arpenter le chemin\",\"description\":\"\",\"publisher\":{\"@id\":\"https:\/\/arpenterlechemin.com\/#organization\"},\"potentialAction\":[{\"@type\":\"SearchAction\",\"target\":{\"@type\":\"EntryPoint\",\"urlTemplate\":\"https:\/\/arpenterlechemin.com\/?s={search_term_string}\"},\"query-input\":\"required name=search_term_string\"}],\"inLanguage\":\"fr-FR\"},{\"@type\":\"Organization\",\"@id\":\"https:\/\/arpenterlechemin.com\/#organization\",\"name\":\"Arpenter le chemin\",\"url\":\"https:\/\/arpenterlechemin.com\/\",\"logo\":{\"@type\":\"ImageObject\",\"inLanguage\":\"fr-FR\",\"@id\":\"https:\/\/arpenterlechemin.com\/#\/schema\/logo\/image\/\",\"url\":\"https:\/\/arpenterlechemin.com\/wp-content\/uploads\/2017\/04\/icone-4.jpg\",\"contentUrl\":\"https:\/\/arpenterlechemin.com\/wp-content\/uploads\/2017\/04\/icone-4.jpg\",\"width\":150,\"height\":73,\"caption\":\"Arpenter le chemin\"},\"image\":{\"@id\":\"https:\/\/arpenterlechemin.com\/#\/schema\/logo\/image\/\"}},{\"@type\":\"Person\",\"@id\":\"https:\/\/arpenterlechemin.com\/#\/schema\/person\/1d187818c0988fbea4d682c1e59c795c\",\"name\":\"Audrey\",\"image\":{\"@type\":\"ImageObject\",\"inLanguage\":\"fr-FR\",\"@id\":\"https:\/\/arpenterlechemin.com\/#\/schema\/person\/image\/\",\"url\":\"https:\/\/secure.gravatar.com\/avatar\/b75298f64c73f1709976c50921beae6a?s=96&d=mm&r=g\",\"contentUrl\":\"https:\/\/secure.gravatar.com\/avatar\/b75298f64c73f1709976c50921beae6a?s=96&d=mm&r=g\",\"caption\":\"Audrey\"},\"description\":\"Allergique \u00e0 la routine, atteinte de bougeotte aigu\u00eb, j'essaie de m'envoler aussi souvent que possible, seule, en couple ou entre amis ! Ville, nature, culture, rando... tout me va, \u00e0 partir du moment o\u00f9 je suis dehors.\",\"url\":\"https:\/\/arpenterlechemin.com\/index.php\/author\/audreyf\/\"}]}<\/script>\n<!-- \/ Yoast SEO plugin. -->","yoast_head_json":{"title":"FRANCE \/\/ \u00cele d'Yeu, \u00eele de beaut\u00e9","description":"Visiter l'\u00eele d'Yeu : la plus belle \u00eele de la c\u00f4te atlantique ! Que voir et que faire sur l'\u00eele d'Yeu ? Je vous donne infos pratiques et conseils pour...","robots":{"index":"index","follow":"follow","max-snippet":"max-snippet:-1","max-image-preview":"max-image-preview:large","max-video-preview":"max-video-preview:-1"},"canonical":"https:\/\/arpenterlechemin.com\/index.php\/2017\/04\/10\/ile-dyeu-ile-de-beaute\/","og_locale":"fr_FR","og_type":"article","og_title":"FRANCE \/\/ \u00cele d'Yeu, \u00eele de beaut\u00e9","og_description":"Visiter l'\u00eele d'Yeu : la plus belle \u00eele de la c\u00f4te atlantique ! Que voir et que faire sur l'\u00eele d'Yeu ? Je vous donne infos pratiques et conseils pour...","og_url":"https:\/\/arpenterlechemin.com\/index.php\/2017\/04\/10\/ile-dyeu-ile-de-beaute\/","og_site_name":"Arpenter le chemin","article_published_time":"2017-04-10T07:01:12+00:00","article_modified_time":"2021-01-05T19:24:26+00:00","og_image":[{"width":2640,"height":1980,"url":"https:\/\/arpenterlechemin.com\/wp-content\/uploads\/2017\/04\/titre-ile-dyeu.jpg","type":"image\/jpeg"}],"author":"Audrey","twitter_card":"summary_large_image","twitter_misc":{"\u00c9crit par":"Audrey","Dur\u00e9e de lecture estim\u00e9e":"6 minutes"},"schema":{"@context":"https:\/\/schema.org","@graph":[{"@type":"Article","@id":"https:\/\/arpenterlechemin.com\/index.php\/2017\/04\/10\/ile-dyeu-ile-de-beaute\/#article","isPartOf":{"@id":"https:\/\/arpenterlechemin.com\/index.php\/2017\/04\/10\/ile-dyeu-ile-de-beaute\/"},"author":{"name":"Audrey","@id":"https:\/\/arpenterlechemin.com\/#\/schema\/person\/1d187818c0988fbea4d682c1e59c795c"},"headline":"FRANCE \/\/ \u00cele d&rsquo;Yeu, \u00eele de beaut\u00e9","datePublished":"2017-04-10T07:01:12+00:00","dateModified":"2021-01-05T19:24:26+00:00","mainEntityOfPage":{"@id":"https:\/\/arpenterlechemin.com\/index.php\/2017\/04\/10\/ile-dyeu-ile-de-beaute\/"},"wordCount":1364,"commentCount":4,"publisher":{"@id":"https:\/\/arpenterlechemin.com\/#organization"},"keywords":["atlantique","\u00e9t\u00e9","europe","france"],"articleSection":["Blog","Europe"],"inLanguage":"fr-FR","potentialAction":[{"@type":"CommentAction","name":"Comment","target":["https:\/\/arpenterlechemin.com\/index.php\/2017\/04\/10\/ile-dyeu-ile-de-beaute\/#respond"]}]},{"@type":"WebPage","@id":"https:\/\/arpenterlechemin.com\/index.php\/2017\/04\/10\/ile-dyeu-ile-de-beaute\/","url":"https:\/\/arpenterlechemin.com\/index.php\/2017\/04\/10\/ile-dyeu-ile-de-beaute\/","name":"FRANCE \/\/ \u00cele d'Yeu, \u00eele de beaut\u00e9","isPartOf":{"@id":"https:\/\/arpenterlechemin.com\/#website"},"datePublished":"2017-04-10T07:01:12+00:00","dateModified":"2021-01-05T19:24:26+00:00","description":"Visiter l'\u00eele d'Yeu : la plus belle \u00eele de la c\u00f4te atlantique ! Que voir et que faire sur l'\u00eele d'Yeu ? Je vous donne infos pratiques et conseils pour...","breadcrumb":{"@id":"https:\/\/arpenterlechemin.com\/index.php\/2017\/04\/10\/ile-dyeu-ile-de-beaute\/#breadcrumb"},"inLanguage":"fr-FR","potentialAction":[{"@type":"ReadAction","target":["https:\/\/arpenterlechemin.com\/index.php\/2017\/04\/10\/ile-dyeu-ile-de-beaute\/"]}]},{"@type":"BreadcrumbList","@id":"https:\/\/arpenterlechemin.com\/index.php\/2017\/04\/10\/ile-dyeu-ile-de-beaute\/#breadcrumb","itemListElement":[{"@type":"ListItem","position":1,"name":"Home","item":"https:\/\/arpenterlechemin.com\/"},{"@type":"ListItem","position":2,"name":"FRANCE \/\/ \u00cele d&rsquo;Yeu, \u00eele de beaut\u00e9"}]},{"@type":"WebSite","@id":"https:\/\/arpenterlechemin.com\/#website","url":"https:\/\/arpenterlechemin.com\/","name":"Arpenter le chemin","description":"","publisher":{"@id":"https:\/\/arpenterlechemin.com\/#organization"},"potentialAction":[{"@type":"SearchAction","target":{"@type":"EntryPoint","urlTemplate":"https:\/\/arpenterlechemin.com\/?s={search_term_string}"},"query-input":"required name=search_term_string"}],"inLanguage":"fr-FR"},{"@type":"Organization","@id":"https:\/\/arpenterlechemin.com\/#organization","name":"Arpenter le chemin","url":"https:\/\/arpenterlechemin.com\/","logo":{"@type":"ImageObject","inLanguage":"fr-FR","@id":"https:\/\/arpenterlechemin.com\/#\/schema\/logo\/image\/","url":"https:\/\/arpenterlechemin.com\/wp-content\/uploads\/2017\/04\/icone-4.jpg","contentUrl":"https:\/\/arpenterlechemin.com\/wp-content\/uploads\/2017\/04\/icone-4.jpg","width":150,"height":73,"caption":"Arpenter le chemin"},"image":{"@id":"https:\/\/arpenterlechemin.com\/#\/schema\/logo\/image\/"}},{"@type":"Person","@id":"https:\/\/arpenterlechemin.com\/#\/schema\/person\/1d187818c0988fbea4d682c1e59c795c","name":"Audrey","image":{"@type":"ImageObject","inLanguage":"fr-FR","@id":"https:\/\/arpenterlechemin.com\/#\/schema\/person\/image\/","url":"https:\/\/secure.gravatar.com\/avatar\/b75298f64c73f1709976c50921beae6a?s=96&d=mm&r=g","contentUrl":"https:\/\/secure.gravatar.com\/avatar\/b75298f64c73f1709976c50921beae6a?s=96&d=mm&r=g","caption":"Audrey"},"description":"Allergique \u00e0 la routine, atteinte de bougeotte aigu\u00eb, j'essaie de m'envoler aussi souvent que possible, seule, en couple ou entre amis ! Ville, nature, culture, rando... tout me va, \u00e0 partir du moment o\u00f9 je suis dehors.","url":"https:\/\/arpenterlechemin.com\/index.php\/author\/audreyf\/"}]}},"jetpack_featured_media_url":"https:\/\/arpenterlechemin.com\/wp-content\/uploads\/2017\/04\/titre-ile-dyeu.jpg","jetpack_sharing_enabled":true,"jetpack_shortlink":"https:\/\/wp.me\/p8z9hR-No","jetpack-related-posts":[{"id":7273,"url":"https:\/\/arpenterlechemin.com\/index.php\/2019\/03\/04\/france-colombes-abondance\/","url_meta":{"origin":3062,"position":0},"title":"FRANCE \/\/ Les colombes des Alpes","date":"4 mars 2019","format":false,"excerpt":"Les Alpes ne manquent pas de beaux oiseaux. On y croise toute sorte de volatiles, des plus banals comme les corneilles et les pinsons, jusqu'aux plus locaux : les buses, les faucons p\u00e9lerins dont on peut d'ailleurs observer la migration \u00e0 Thollon-les-M\u00e9mises ou les choucas, ces corneilles des cimes, friandes\u2026","rel":"","context":"Dans &quot;Blog&quot;","img":{"alt_text":"titre colombes savoyardes haute-savoir en france aussi arpenter le chemin (2)","src":"https:\/\/i0.wp.com\/arpenterlechemin.com\/wp-content\/uploads\/2019\/03\/titre-colombes-savoyardes-haute-savoir-en-france-aussi-arpenter-le-chemin-2.jpg?resize=350%2C200&ssl=1","width":350,"height":200},"classes":[]},{"id":3382,"url":"https:\/\/arpenterlechemin.com\/index.php\/2017\/05\/25\/un-hotel-de-charme-a-lyon-lhotel-silky-by-happyculture\/","url_meta":{"origin":3062,"position":1},"title":"FRANCE \/\/ Un h\u00f4tel de charme \u00e0 Lyon : l&rsquo;h\u00f4tel Silky by HappyCulture","date":"25 mai 2017","format":false,"excerpt":"Bonjour \u00e0 tous ! Aujourd'hui, je commence le r\u00e9cit de notre petit p\u00e9riple franco-suisse d\u00e9but mai 2017. Comme vous le savez peut-\u00eatre, nous vivons au Canada depuis bient\u00f4t trois ans, mais un peu de notre c\u0153ur est rest\u00e9 dans notre pays d'origine : la France. Nous sommes d\u00e9j\u00e0 revenus trois\u2026","rel":"","context":"Dans &quot;Blog&quot;","img":{"alt_text":"","src":"https:\/\/i0.wp.com\/arpenterlechemin.com\/wp-content\/uploads\/2017\/05\/titre-silky.jpg?resize=350%2C200&ssl=1","width":350,"height":200},"classes":[]},{"id":3362,"url":"https:\/\/arpenterlechemin.com\/index.php\/2017\/06\/08\/une-journee-a-evian-les-bains-entre-lac-et-histoire\/","url_meta":{"origin":3062,"position":2},"title":"FRANCE \/\/ Une journ\u00e9e \u00e0 Evian-les-Bains, entre lac et histoire","date":"8 juin 2017","format":false,"excerpt":"Quand vous entendez \"Douce France, doux pays de mon enfance\",\u00a0quelle image vous vient en t\u00eate ? Les vagues sal\u00e9es sous le vent \u00e2pre des c\u00f4tes bretonnes ? L'odeur de la lavande sous les rayons ambr\u00e9s du soleil proven\u00e7al ? Pour moi, l'image du \"pays de mon enfance\", c'est un pays\u2026","rel":"","context":"Dans &quot;Blog&quot;","img":{"alt_text":"","src":"https:\/\/i0.wp.com\/arpenterlechemin.com\/wp-content\/uploads\/2017\/06\/titre-evian-les-bains.jpg?resize=350%2C200&ssl=1","width":350,"height":200},"classes":[]},{"id":1055,"url":"https:\/\/arpenterlechemin.com\/index.php\/2016\/10\/13\/balade-au-glacier-daletsch-valais-suisse-2\/","url_meta":{"origin":3062,"position":3},"title":"SUISSE \/\/ Balade estivale au glacier d&rsquo;Aletsch, en Valais","date":"13 octobre 2016","format":false,"excerpt":"Une bonne fois pour toutes, laissez-moi vous dire que j'aime la Suisse. Voil\u00e0. Mieux que \u00e7a : j'adore la Suisse. Je l'ai d\u00e9j\u00e0 dit, peut-\u00eatre ? Pour la visite de Berne, je crois. Je me r\u00e9p\u00e9terai sans doute, car j'ai loin d'avoir \u00e9puis\u00e9 le sujet ! Mais j'adore aller en\u2026","rel":"","context":"Dans &quot;Blog&quot;","img":{"alt_text":"","src":"https:\/\/i0.wp.com\/arpenterlechemin.com\/wp-content\/uploads\/2016\/10\/Titre-balade-glacier-daletsch.jpg?resize=350%2C200&ssl=1","width":350,"height":200},"classes":[]},{"id":7118,"url":"https:\/\/arpenterlechemin.com\/index.php\/2019\/04\/01\/annecy-escapade\/","url_meta":{"origin":3062,"position":4},"title":"HAUTE-SAVOIE \/\/ Annecy, \u00e0 d\u00e9couvrir sans voiture","date":"1 avril 2019","format":false,"excerpt":"On ne parle jamais trop de la Haute-Savoie. D\u00e9partement bord\u00e9 de fronti\u00e8res avec la Suisse et l'Italie, devenu fran\u00e7ais si r\u00e9cemment que les habitants se consid\u00e8rent souvent avant tout savoyards, territoire de montagnes au caract\u00e8re bien tremp\u00e9, la Haute-Savoie peut sembler \u00e2pre... Et pourtant, qu'il est doux de vivre et\u2026","rel":"","context":"Dans &quot;Blog&quot;","img":{"alt_text":"titre en france aussi annecy haute-savoie sans voiture blog voyage road-trip alpes arpenter le chemin","src":"https:\/\/i0.wp.com\/arpenterlechemin.com\/wp-content\/uploads\/2019\/03\/titre-en-france-aussi-annecy-haute-savoie-sans-voiture-blog-voyage-road-trip-alpes-arpenter-le-chemin.jpg?resize=350%2C200&ssl=1","width":350,"height":200},"classes":[]},{"id":10882,"url":"https:\/\/arpenterlechemin.com\/index.php\/2021\/12\/01\/livres-voyage-noel\/","url_meta":{"origin":3062,"position":5},"title":"CONSEILS \/\/ Id\u00e9es de livres \u00e0 offrir \u00e0 des voyageurs","date":"1 d\u00e9cembre 2021","format":false,"excerpt":"Alors que les f\u00eates approchent, c'est le moment de r\u00e9fl\u00e9chir doucement aux cadeaux. Une fois n'est pas coutume, je vous ai pr\u00e9par\u00e9 un petit r\u00e9pertoire plein des meilleurs cadeaux qui soient : des livres. Qu'on soit voyageuse ou non, lire reste le meilleur moyen de s'\u00e9vader facilement. C'est bien simple,\u2026","rel":"","context":"Dans &quot;Am\u00e9rique du Nord&quot;","img":{"alt_text":"Id\u00e9es de livres sur le voyage \u00e0 offrir \u00e0 No\u00ebl","src":"https:\/\/i0.wp.com\/arpenterlechemin.com\/wp-content\/uploads\/2021\/12\/Id\u00e9es-de-livres-sur-le-voyage-\u00e0-offrir-\u00e0-No\u00ebl.jpg?resize=350%2C200&ssl=1","width":350,"height":200},"classes":[]}],"_links":{"self":[{"href":"https:\/\/arpenterlechemin.com\/index.php\/wp-json\/wp\/v2\/posts\/3062"}],"collection":[{"href":"https:\/\/arpenterlechemin.com\/index.php\/wp-json\/wp\/v2\/posts"}],"about":[{"href":"https:\/\/arpenterlechemin.com\/index.php\/wp-json\/wp\/v2\/types\/post"}],"author":[{"embeddable":true,"href":"https:\/\/arpenterlechemin.com\/index.php\/wp-json\/wp\/v2\/users\/1"}],"replies":[{"embeddable":true,"href":"https:\/\/arpenterlechemin.com\/index.php\/wp-json\/wp\/v2\/comments?post=3062"}],"version-history":[{"count":0,"href":"https:\/\/arpenterlechemin.com\/index.php\/wp-json\/wp\/v2\/posts\/3062\/revisions"}],"wp:featuredmedia":[{"embeddable":true,"href":"https:\/\/arpenterlechemin.com\/index.php\/wp-json\/wp\/v2\/media\/3059"}],"wp:attachment":[{"href":"https:\/\/arpenterlechemin.com\/index.php\/wp-json\/wp\/v2\/media?parent=3062"}],"wp:term":[{"taxonomy":"category","embeddable":true,"href":"https:\/\/arpenterlechemin.com\/index.php\/wp-json\/wp\/v2\/categories?post=3062"},{"taxonomy":"post_tag","embeddable":true,"href":"https:\/\/arpenterlechemin.com\/index.php\/wp-json\/wp\/v2\/tags?post=3062"}],"curies":[{"name":"wp","href":"https:\/\/api.w.org\/{rel}","templated":true}]}}