{"id":2378,"date":"2017-04-07T02:11:52","date_gmt":"2017-04-07T06:11:52","guid":{"rendered":"http:\/\/arpenterlechemin.com\/?p=2378"},"modified":"2018-12-16T17:12:40","modified_gmt":"2018-12-16T21:12:40","slug":"que-faire-de-son-animal-quand-on-voyage","status":"publish","type":"post","link":"https:\/\/arpenterlechemin.com\/index.php\/2017\/04\/07\/que-faire-de-son-animal-quand-on-voyage\/","title":{"rendered":"\u00c9LUCUBRATIONS \/\/ Que faire de son animal quand on voyage ?"},"content":{"rendered":"<p>Si tu as un animal de compagnie, je suis s\u00fbre que tu t&rsquo;en d\u00e9j\u00e0 pos\u00e9.e la question : et quand on part, quid de M\u00e9dor\/ Duchesse\/Bubulle\/Lapinou ?<\/p>\n<p>Nous sommes nombreux \u00e0 avoir des animaux de compagnie, et cette question n&rsquo;a rien d&rsquo;anodin. Elle r\u00e9v\u00e8le plut\u00f4t les ma\u00eetres responsables, soucieux du bien-\u00eatre de leurs animaux. La formule id\u00e9ale allie animal heureux et budget l\u00e9ger, mais sauf \u00e0 avoir des amis qui aiment les b\u00eates et sont toujours partants pour accueillir tes bestioles \u00e0 chaque fois que tu d\u00e9colles deux mois \u00e0 Bali ou au Nicaragua, il n&rsquo;y a pas de r\u00e9ponse facile. Et \u00e9videmment, <strong>\u00e9videmment<\/strong>, pas question du tout d&rsquo;abandonner qui que ce soit sur une aire d&rsquo;autoroute ou dans les bois (qui fait \u00e7a s\u00e9rieusement ?). Je cherche encore la formule id\u00e9ale pour m\u00e9nager animal et finances,\u00a0et je compte d&rsquo;ailleurs sur toi pour me donner tes astuces dans les commentaires.<\/p>\n<p><img decoding=\"async\" loading=\"lazy\" class=\"size-large wp-image-2385 aligncenter\" src=\"http:\/\/arpenterlechemin.com\/wp-content\/uploads\/2017\/04\/titre-animal-voyage-1024x769.jpg\" alt=\"titre animal voyage\" width=\"640\" height=\"481\" srcset=\"https:\/\/arpenterlechemin.com\/wp-content\/uploads\/2017\/04\/titre-animal-voyage-1024x769.jpg 1024w, https:\/\/arpenterlechemin.com\/wp-content\/uploads\/2017\/04\/titre-animal-voyage-300x225.jpg 300w, https:\/\/arpenterlechemin.com\/wp-content\/uploads\/2017\/04\/titre-animal-voyage-768x577.jpg 768w\" sizes=\"(max-width: 640px) 100vw, 640px\" \/><\/p>\n<p>Dans ma m\u00e9nagerie, Dora est tr\u00e8s casani\u00e8re ; tel un Sheldon Cooper f\u00e9lin, elle a <em>sa<\/em> place, <em>son<\/em> fauteuil, <em>son<\/em> plaid, et <em>ses<\/em> genoux et bidon pr\u00e9f\u00e9r\u00e9s (les miens). Indiana, lui est \u00e0 l&rsquo;aff\u00fbt du moindre de nos mouvements qui pourraient \u00e9ventuellement laisser entendre que peut-\u00eatre, on va sortir : un tressautement de la jambe, un coude lev\u00e9 trop haut peut-\u00eatre, et le voil\u00e0 sourire aux babines et queue fr\u00e9tillante devant la porte. Tant de d\u00e9ceptions dans une vie de chien&#8230;<\/p>\n<p>Il est \u00e9vident qu&rsquo;avec un caract\u00e8re aussi diff\u00e9rent, on n&rsquo;envisage pas le voyage pareil avec ces deux-l\u00e0. Voici quelques solutions que nous avons essay\u00e9es.<\/p>\n<p><span style=\"color: #0000ff;\">La garde chez des amis<\/span><\/p>\n<p>Quand Dora \u00e9tait jeune, on la confiait volontiers \u00e0 des amies qui pouvaient alors assouvir leurs plus bas instincts et c\u00e2liner ce petit bout de chat \u00e0 n&rsquo;en plus finir. Cela peut donner lieu \u00e0 des sc\u00e8nes cocasses quand tes amies pleines de bonne volont\u00e9 n&rsquo;ont pas l&rsquo;habitude et t&rsquo;appellent en panique parce que ton chat fait la gr\u00e8ve de la faim.<\/p>\n<ul>\n<li>Avantage : tu sais que ton animal est sous surveillance et tes amis peuvent s&rsquo;en donner \u00e0 c\u0153ur joie pour les c\u00e2lins.<\/li>\n<li>Inconv\u00e9nients : si ton animal est casanier, il va se sentir d\u00e9racin\u00e9. Si tes amis se rendent compte \u00e0 mi-parcours qu&rsquo;il ne s&rsquo;entendent pas avec ton compagnon, \u00e7a peut poser des probl\u00e8mes.<\/li>\n<li>Co\u00fbt : gratuit hormis la nourriture du fauve ainsi qu&rsquo;un bon repas, des chocolats ou un souvenir de voyage pour t\u00e9moigner de ta gratitude envers les bonnes \u00e2mes que sont tes amis.<\/li>\n<\/ul>\n<p><img decoding=\"async\" loading=\"lazy\" class=\"size-large wp-image-2387 aligncenter\" src=\"http:\/\/arpenterlechemin.com\/wp-content\/uploads\/2017\/04\/1040632-1024x769.jpg\" alt=\"_1040632\" width=\"640\" height=\"481\" srcset=\"https:\/\/arpenterlechemin.com\/wp-content\/uploads\/2017\/04\/1040632-1024x769.jpg 1024w, https:\/\/arpenterlechemin.com\/wp-content\/uploads\/2017\/04\/1040632-300x225.jpg 300w, https:\/\/arpenterlechemin.com\/wp-content\/uploads\/2017\/04\/1040632-768x577.jpg 768w\" sizes=\"(max-width: 640px) 100vw, 640px\" \/><\/p>\n<p><span style=\"color: #0000ff;\">La garde \u00e0 domicile chez nous, par des professionnels<\/span><\/p>\n<p>Une solution qu&rsquo;on emploie souvent pour Dora, surtout pour les longues absences, quand c&rsquo;est un peu d\u00e9licat de demander aux copains de venir tous les jours pendant trois semaines. Une professionnelle vient trente minutes pour nourrir, nettoyer la liti\u00e8re et jouer&#8230; si l&rsquo;animal coop\u00e8re (Dora ! Je te regarde ! Coop\u00e8re !).<\/p>\n<ul>\n<li>Avantages : l&rsquo;animal n&rsquo;est pas d\u00e9racin\u00e9 et on est s\u00fbrs que la personne viendra tous les jours quoi qu&rsquo;il arrive. Avoir un professionnel signifie aussi avoir une assurance s&rsquo;il arrive quelque chose au chat, et quelqu&rsquo;un pour relever le courrier et v\u00e9rifier si la maison va bien en notre absence.\u00a0Quand, alors que nous \u00e9tions\u00a0au milieu du Nevada, une canalisation a saut\u00e9 et qu&rsquo;on a eu un d\u00e9g\u00e2t des eaux, on \u00e9tait bien contents d&rsquo;avoir quelqu&rsquo;un pour s&rsquo;en rendre compte assez vite et en aviser notre propri\u00e9taire.<\/li>\n<li>Inconv\u00e9nient :\u00a0le chat\u00a0est quand m\u00eame seul 23 heures trente par jour : il va avoir \u00e0 tendance \u00e0 s&rsquo;ennuyer sur une longue absence. C&rsquo;est une solution tr\u00e8s co\u00fbteuse pour un chien, car il lui faut plusieurs visites par jour.<\/li>\n<li>Co\u00fbt : une douzaine d&rsquo;euros ou entre 10 et 17 $ la visite de trente minutes pour un chat, 25 $\/visite pour un chien.<\/li>\n<\/ul>\n<p><img decoding=\"async\" loading=\"lazy\" class=\"size-large wp-image-2388 aligncenter\" src=\"http:\/\/arpenterlechemin.com\/wp-content\/uploads\/2017\/04\/P1060011-1024x768.jpg\" alt=\"P1060011\" width=\"640\" height=\"480\" srcset=\"https:\/\/arpenterlechemin.com\/wp-content\/uploads\/2017\/04\/P1060011-1024x768.jpg 1024w, https:\/\/arpenterlechemin.com\/wp-content\/uploads\/2017\/04\/P1060011-300x225.jpg 300w, https:\/\/arpenterlechemin.com\/wp-content\/uploads\/2017\/04\/P1060011-768x576.jpg 768w\" sizes=\"(max-width: 640px) 100vw, 640px\" \/><\/p>\n<p><span style=\"color: #0000ff;\">La garde \u00e0 domicile chez nous, par des amis<\/span><\/p>\n<p>Configuration qui peut fonctionner sur une courte dur\u00e9e (disons une semaine au maximum), demander aux amis de passer r\u00e9guli\u00e8rement ou carr\u00e9ment d&#8217;emm\u00e9nager chez toi. S&rsquo;ils viennent de loin, c&rsquo;est encore mieux : ils b\u00e9n\u00e9ficient d&rsquo;un h\u00e9bergement gratuit en \u00e9change de bons soins.<\/p>\n<ul>\n<li>Avantages : c&rsquo;est gratuit, et tes amis peuvent tester en situation s&rsquo;ils sont faits ou non pour adopter un animal.<\/li>\n<li>Inconv\u00e9nient : si \u00e7a ne se passe pas bien, tes amis peuvent se sentir en huis clos avec ton animal et ne retenteront pas l&rsquo;exp\u00e9rience deux fois.<\/li>\n<li>Co\u00fbt : gratuit, hormis pour le remerciement bien normal<\/li>\n<\/ul>\n<p><img decoding=\"async\" loading=\"lazy\" class=\"size-large wp-image-2390 aligncenter\" src=\"http:\/\/arpenterlechemin.com\/wp-content\/uploads\/2017\/04\/WP_20160625_14_55_25_Pro-1024x577.jpg\" alt=\"WP_20160625_14_55_25_Pro\" width=\"640\" height=\"361\" srcset=\"https:\/\/arpenterlechemin.com\/wp-content\/uploads\/2017\/04\/WP_20160625_14_55_25_Pro-1024x577.jpg 1024w, https:\/\/arpenterlechemin.com\/wp-content\/uploads\/2017\/04\/WP_20160625_14_55_25_Pro-300x169.jpg 300w, https:\/\/arpenterlechemin.com\/wp-content\/uploads\/2017\/04\/WP_20160625_14_55_25_Pro-768x433.jpg 768w, https:\/\/arpenterlechemin.com\/wp-content\/uploads\/2017\/04\/WP_20160625_14_55_25_Pro.jpg 1632w\" sizes=\"(max-width: 640px) 100vw, 640px\" \/><\/p>\n<p><span style=\"color: #0000ff;\">Le chenil<\/span><\/p>\n<p>La solution qu&rsquo;on privil\u00e9gie pour Indiana. On le pose le matin, on le r\u00e9cup\u00e8re le lendemain, deux jours ou trois semaines apr\u00e8s.<\/p>\n<ul>\n<li>Avantage : Il est surveill\u00e9 par des professionnels et surtout, il peut jouer avec d&rsquo;autres chiens. C&rsquo;est excellent pour la sociabilisation et la forme physique. Quand on le r\u00e9cup\u00e8re, il met g\u00e9n\u00e9ralement deux ou trois jours \u00e0 reprendre un rythme normal.<\/li>\n<li>L&rsquo;inconv\u00e9nient, c&rsquo;est le budget. \u00c0 30 $ la nuit, cela monte tr\u00e8s vite. Imaginez un peu : pour 21 nuits aux \u00c9tats-Unis, m\u00eame avec une petite promo, on s&rsquo;en est sortis pour 600 $. Presque autant que le billet d&rsquo;avion.<\/li>\n<\/ul>\n<p style=\"text-align: left;\">Mon chenil pr\u00e9f\u00e9r\u00e9, c&rsquo;est <a href=\"https:\/\/www.facebook.com\/ElitePuppySuites\/\">Elite Puppy Suites<\/a> \u00e0 Dieppe, NB (qui ne m&rsquo;a pas pay\u00e9e pour \u00e9crire \u00e7a) : compter 30 $ la nuit. Indiana est ravi d&rsquo;y aller et n&rsquo;a pas un regard pour nous quand on le d\u00e9pose, cet ingrat.<\/p>\n<p style=\"text-align: left;\"><img decoding=\"async\" loading=\"lazy\" class=\"size-large wp-image-2384 aligncenter\" src=\"http:\/\/arpenterlechemin.com\/wp-content\/uploads\/2017\/04\/WP_007991-2-1024x768.jpg\" alt=\"WP_007991 (2)\" width=\"640\" height=\"480\" srcset=\"https:\/\/arpenterlechemin.com\/wp-content\/uploads\/2017\/04\/WP_007991-2-1024x768.jpg 1024w, https:\/\/arpenterlechemin.com\/wp-content\/uploads\/2017\/04\/WP_007991-2-300x225.jpg 300w, https:\/\/arpenterlechemin.com\/wp-content\/uploads\/2017\/04\/WP_007991-2-768x576.jpg 768w, https:\/\/arpenterlechemin.com\/wp-content\/uploads\/2017\/04\/WP_007991-2.jpg 1632w\" sizes=\"(max-width: 640px) 100vw, 640px\" \/><\/p>\n<p><span style=\"color: #0000ff;\">Prendre la b\u00eate avec nous<\/span><\/p>\n<p>Tout b\u00eatement, selon le s\u00e9jour, mieux vaut encore prendre Indiana avec nous (Dora est \u00e9limin\u00e9e d&rsquo;office pour cette solution). Cela demande un peu plus de pr\u00e9paration en amont pour trouver des \u00e9tablissements qui acceptent les chiens (chose assez rare), mais cela en vaut la peine.<\/p>\n<p>J&rsquo;ai test\u00e9 cette formule lors de mon long week-end sur l&rsquo;\u00cele de <a href=\"http:\/\/arpenterlechemin.com\/index.php\/2016\/10\/10\/idees-de-randonnee-sur-lile-de-grand-manan\/\">Grand Manan<\/a> et m\u00eame si cela demande des am\u00e9nagement en fonction du rythme du pitou qui va forc\u00e9ment avoir envie d&rsquo;aller chasser les mouches quand moi j&rsquo;aurai envie d&rsquo;une sieste, se balader avec son compagnon \u00e0 quatre pattes et \u00eatre fourbus tous les deux le soir venu \u00e9tait une belle exp\u00e9rience.<\/p>\n<p>C&rsquo;est d&rsquo;ailleurs une des raisons pour lesquelles je cherche un van pour cet \u00e9t\u00e9 : voyager en symbiose avec son chien, \u00e7a fait r\u00eaver, non ? Pour autant, \u00e7a ne se pr\u00eate pas \u00e0 tous les voyages, et je me vois mal l&#8217;emmener en avion pour une escapade urbaine \u00e0 Ottawa avec son gabarit de b\u00e9b\u00e9 ours.<\/p>\n<ul>\n<li>Avantages : partager de beaux moments avec notre chien<\/li>\n<li>Inconv\u00e9nient : demande de l&rsquo;organisation<\/li>\n<li>Co\u00fbt : un petit surco\u00fbt pour l&rsquo;h\u00e9bergement, probablement, mais sinon, pas plus qu&rsquo;une escapade classique, voire moins puisque tu vas avoir du mal \u00e0 aller au restaurant ou au mus\u00e9e avec ta boule de poils.<\/li>\n<\/ul>\n<p><img decoding=\"async\" loading=\"lazy\" class=\"aligncenter wp-image-2380\" src=\"http:\/\/arpenterlechemin.com\/wp-content\/uploads\/2017\/04\/WP_008088-2-768x1024.jpg\" alt=\"WP_008088 (2)\" width=\"400\" height=\"533\" srcset=\"https:\/\/arpenterlechemin.com\/wp-content\/uploads\/2017\/04\/WP_008088-2-768x1024.jpg 768w, https:\/\/arpenterlechemin.com\/wp-content\/uploads\/2017\/04\/WP_008088-2-225x300.jpg 225w, https:\/\/arpenterlechemin.com\/wp-content\/uploads\/2017\/04\/WP_008088-2.jpg 857w\" sizes=\"(max-width: 400px) 100vw, 400px\" \/><\/p>\n<p><img decoding=\"async\" loading=\"lazy\" class=\"size-large wp-image-2381 aligncenter\" src=\"http:\/\/arpenterlechemin.com\/wp-content\/uploads\/2017\/04\/1190060-2-1024x769.jpg\" alt=\"_1190060 (2)\" width=\"640\" height=\"481\" srcset=\"https:\/\/arpenterlechemin.com\/wp-content\/uploads\/2017\/04\/1190060-2-1024x769.jpg 1024w, https:\/\/arpenterlechemin.com\/wp-content\/uploads\/2017\/04\/1190060-2-300x225.jpg 300w, https:\/\/arpenterlechemin.com\/wp-content\/uploads\/2017\/04\/1190060-2-768x577.jpg 768w\" sizes=\"(max-width: 640px) 100vw, 640px\" \/><\/p>\n<p><img decoding=\"async\" loading=\"lazy\" class=\"size-large wp-image-2382 aligncenter\" src=\"http:\/\/arpenterlechemin.com\/wp-content\/uploads\/2017\/04\/1190083-2-1024x769.jpg\" alt=\"_1190083 (2)\" width=\"640\" height=\"481\" srcset=\"https:\/\/arpenterlechemin.com\/wp-content\/uploads\/2017\/04\/1190083-2-1024x769.jpg 1024w, https:\/\/arpenterlechemin.com\/wp-content\/uploads\/2017\/04\/1190083-2-300x225.jpg 300w, https:\/\/arpenterlechemin.com\/wp-content\/uploads\/2017\/04\/1190083-2-768x577.jpg 768w\" sizes=\"(max-width: 640px) 100vw, 640px\" \/><\/p>\n<p>Chien fatigu\u00e9, chien heureux&#8230; et ma\u00eetresse heureuse aussi !<\/p>\n<p>\u00c0 tester : la garde du chien <em>chez des amis<\/em> et la garde \u00e0 domicile <em>chez nous<\/em> par des gardiens professionnels (house-sitters). Si tu as essay\u00e9, je veux bien tes impressions dans les commentaires !<\/p>\n","protected":false},"excerpt":{"rendered":"<p>Si tu as un animal de compagnie, je suis s\u00fbre que tu t&rsquo;en d\u00e9j\u00e0 pos\u00e9.e la question : et quand on part, quid de M\u00e9dor\/ Duchesse\/Bubulle\/Lapinou ?<\/p>\n","protected":false},"author":1,"featured_media":2385,"comment_status":"open","ping_status":"open","sticky":false,"template":"","format":"standard","meta":{"jetpack_post_was_ever_published":false},"categories":[1,662],"tags":[538,579,627,394],"yoast_head":"<!-- This site is optimized with the Yoast SEO plugin v20.7 - https:\/\/yoast.com\/wordpress\/plugins\/seo\/ -->\n<title>\u00c9LUCUBRATIONS \/\/ Que faire de son animal quand on voyage ? - Arpenter le chemin<\/title>\n<meta name=\"robots\" content=\"index, follow, max-snippet:-1, max-image-preview:large, max-video-preview:-1\" \/>\n<link rel=\"canonical\" href=\"https:\/\/arpenterlechemin.com\/index.php\/2017\/04\/07\/que-faire-de-son-animal-quand-on-voyage\/\" \/>\n<meta property=\"og:locale\" content=\"fr_FR\" \/>\n<meta property=\"og:type\" content=\"article\" \/>\n<meta property=\"og:title\" content=\"\u00c9LUCUBRATIONS \/\/ Que faire de son animal quand on voyage ? - Arpenter le chemin\" \/>\n<meta property=\"og:description\" content=\"Si tu as un animal de compagnie, je suis s\u00fbre que tu t&#039;en d\u00e9j\u00e0 pos\u00e9.e la question : et quand on part, quid de M\u00e9dor\/ Duchesse\/Bubulle\/Lapinou ?\" \/>\n<meta property=\"og:url\" content=\"https:\/\/arpenterlechemin.com\/index.php\/2017\/04\/07\/que-faire-de-son-animal-quand-on-voyage\/\" \/>\n<meta property=\"og:site_name\" content=\"Arpenter le chemin\" \/>\n<meta property=\"article:published_time\" content=\"2017-04-07T06:11:52+00:00\" \/>\n<meta property=\"article:modified_time\" content=\"2018-12-16T21:12:40+00:00\" \/>\n<meta property=\"og:image\" content=\"https:\/\/arpenterlechemin.com\/wp-content\/uploads\/2017\/04\/titre-animal-voyage.jpg\" \/>\n\t<meta property=\"og:image:width\" content=\"2638\" \/>\n\t<meta property=\"og:image:height\" content=\"1981\" \/>\n\t<meta property=\"og:image:type\" content=\"image\/jpeg\" \/>\n<meta name=\"author\" content=\"Audrey\" \/>\n<meta name=\"twitter:card\" content=\"summary_large_image\" \/>\n<meta name=\"twitter:label1\" content=\"\u00c9crit par\" \/>\n\t<meta name=\"twitter:data1\" content=\"Audrey\" \/>\n\t<meta name=\"twitter:label2\" content=\"Dur\u00e9e de lecture estim\u00e9e\" \/>\n\t<meta name=\"twitter:data2\" content=\"6 minutes\" \/>\n<script type=\"application\/ld+json\" class=\"yoast-schema-graph\">{\"@context\":\"https:\/\/schema.org\",\"@graph\":[{\"@type\":\"Article\",\"@id\":\"https:\/\/arpenterlechemin.com\/index.php\/2017\/04\/07\/que-faire-de-son-animal-quand-on-voyage\/#article\",\"isPartOf\":{\"@id\":\"https:\/\/arpenterlechemin.com\/index.php\/2017\/04\/07\/que-faire-de-son-animal-quand-on-voyage\/\"},\"author\":{\"name\":\"Audrey\",\"@id\":\"https:\/\/arpenterlechemin.com\/#\/schema\/person\/1d187818c0988fbea4d682c1e59c795c\"},\"headline\":\"\u00c9LUCUBRATIONS \/\/ Que faire de son animal quand on voyage ?\",\"datePublished\":\"2017-04-07T06:11:52+00:00\",\"dateModified\":\"2018-12-16T21:12:40+00:00\",\"mainEntityOfPage\":{\"@id\":\"https:\/\/arpenterlechemin.com\/index.php\/2017\/04\/07\/que-faire-de-son-animal-quand-on-voyage\/\"},\"wordCount\":1250,\"commentCount\":9,\"publisher\":{\"@id\":\"https:\/\/arpenterlechemin.com\/#organization\"},\"keywords\":[\"animal\",\"chien\",\"conseils\",\"\u00e9lucubrations\"],\"articleSection\":[\"Blog\",\"R\u00e9flexions\"],\"inLanguage\":\"fr-FR\",\"potentialAction\":[{\"@type\":\"CommentAction\",\"name\":\"Comment\",\"target\":[\"https:\/\/arpenterlechemin.com\/index.php\/2017\/04\/07\/que-faire-de-son-animal-quand-on-voyage\/#respond\"]}]},{\"@type\":\"WebPage\",\"@id\":\"https:\/\/arpenterlechemin.com\/index.php\/2017\/04\/07\/que-faire-de-son-animal-quand-on-voyage\/\",\"url\":\"https:\/\/arpenterlechemin.com\/index.php\/2017\/04\/07\/que-faire-de-son-animal-quand-on-voyage\/\",\"name\":\"\u00c9LUCUBRATIONS \/\/ Que faire de son animal quand on voyage ? - Arpenter le chemin\",\"isPartOf\":{\"@id\":\"https:\/\/arpenterlechemin.com\/#website\"},\"datePublished\":\"2017-04-07T06:11:52+00:00\",\"dateModified\":\"2018-12-16T21:12:40+00:00\",\"breadcrumb\":{\"@id\":\"https:\/\/arpenterlechemin.com\/index.php\/2017\/04\/07\/que-faire-de-son-animal-quand-on-voyage\/#breadcrumb\"},\"inLanguage\":\"fr-FR\",\"potentialAction\":[{\"@type\":\"ReadAction\",\"target\":[\"https:\/\/arpenterlechemin.com\/index.php\/2017\/04\/07\/que-faire-de-son-animal-quand-on-voyage\/\"]}]},{\"@type\":\"BreadcrumbList\",\"@id\":\"https:\/\/arpenterlechemin.com\/index.php\/2017\/04\/07\/que-faire-de-son-animal-quand-on-voyage\/#breadcrumb\",\"itemListElement\":[{\"@type\":\"ListItem\",\"position\":1,\"name\":\"Home\",\"item\":\"https:\/\/arpenterlechemin.com\/\"},{\"@type\":\"ListItem\",\"position\":2,\"name\":\"\u00c9LUCUBRATIONS \/\/ Que faire de son animal quand on voyage ?\"}]},{\"@type\":\"WebSite\",\"@id\":\"https:\/\/arpenterlechemin.com\/#website\",\"url\":\"https:\/\/arpenterlechemin.com\/\",\"name\":\"Arpenter le chemin\",\"description\":\"\",\"publisher\":{\"@id\":\"https:\/\/arpenterlechemin.com\/#organization\"},\"potentialAction\":[{\"@type\":\"SearchAction\",\"target\":{\"@type\":\"EntryPoint\",\"urlTemplate\":\"https:\/\/arpenterlechemin.com\/?s={search_term_string}\"},\"query-input\":\"required name=search_term_string\"}],\"inLanguage\":\"fr-FR\"},{\"@type\":\"Organization\",\"@id\":\"https:\/\/arpenterlechemin.com\/#organization\",\"name\":\"Arpenter le chemin\",\"url\":\"https:\/\/arpenterlechemin.com\/\",\"logo\":{\"@type\":\"ImageObject\",\"inLanguage\":\"fr-FR\",\"@id\":\"https:\/\/arpenterlechemin.com\/#\/schema\/logo\/image\/\",\"url\":\"https:\/\/arpenterlechemin.com\/wp-content\/uploads\/2017\/04\/icone-4.jpg\",\"contentUrl\":\"https:\/\/arpenterlechemin.com\/wp-content\/uploads\/2017\/04\/icone-4.jpg\",\"width\":150,\"height\":73,\"caption\":\"Arpenter le chemin\"},\"image\":{\"@id\":\"https:\/\/arpenterlechemin.com\/#\/schema\/logo\/image\/\"}},{\"@type\":\"Person\",\"@id\":\"https:\/\/arpenterlechemin.com\/#\/schema\/person\/1d187818c0988fbea4d682c1e59c795c\",\"name\":\"Audrey\",\"image\":{\"@type\":\"ImageObject\",\"inLanguage\":\"fr-FR\",\"@id\":\"https:\/\/arpenterlechemin.com\/#\/schema\/person\/image\/\",\"url\":\"https:\/\/secure.gravatar.com\/avatar\/b75298f64c73f1709976c50921beae6a?s=96&d=mm&r=g\",\"contentUrl\":\"https:\/\/secure.gravatar.com\/avatar\/b75298f64c73f1709976c50921beae6a?s=96&d=mm&r=g\",\"caption\":\"Audrey\"},\"description\":\"Allergique \u00e0 la routine, atteinte de bougeotte aigu\u00eb, j'essaie de m'envoler aussi souvent que possible, seule, en couple ou entre amis ! Ville, nature, culture, rando... tout me va, \u00e0 partir du moment o\u00f9 je suis dehors.\",\"url\":\"https:\/\/arpenterlechemin.com\/index.php\/author\/audreyf\/\"}]}<\/script>\n<!-- \/ Yoast SEO plugin. -->","yoast_head_json":{"title":"\u00c9LUCUBRATIONS \/\/ Que faire de son animal quand on voyage ? - Arpenter le chemin","robots":{"index":"index","follow":"follow","max-snippet":"max-snippet:-1","max-image-preview":"max-image-preview:large","max-video-preview":"max-video-preview:-1"},"canonical":"https:\/\/arpenterlechemin.com\/index.php\/2017\/04\/07\/que-faire-de-son-animal-quand-on-voyage\/","og_locale":"fr_FR","og_type":"article","og_title":"\u00c9LUCUBRATIONS \/\/ Que faire de son animal quand on voyage ? - Arpenter le chemin","og_description":"Si tu as un animal de compagnie, je suis s\u00fbre que tu t'en d\u00e9j\u00e0 pos\u00e9.e la question : et quand on part, quid de M\u00e9dor\/ Duchesse\/Bubulle\/Lapinou ?","og_url":"https:\/\/arpenterlechemin.com\/index.php\/2017\/04\/07\/que-faire-de-son-animal-quand-on-voyage\/","og_site_name":"Arpenter le chemin","article_published_time":"2017-04-07T06:11:52+00:00","article_modified_time":"2018-12-16T21:12:40+00:00","og_image":[{"width":2638,"height":1981,"url":"https:\/\/arpenterlechemin.com\/wp-content\/uploads\/2017\/04\/titre-animal-voyage.jpg","type":"image\/jpeg"}],"author":"Audrey","twitter_card":"summary_large_image","twitter_misc":{"\u00c9crit par":"Audrey","Dur\u00e9e de lecture estim\u00e9e":"6 minutes"},"schema":{"@context":"https:\/\/schema.org","@graph":[{"@type":"Article","@id":"https:\/\/arpenterlechemin.com\/index.php\/2017\/04\/07\/que-faire-de-son-animal-quand-on-voyage\/#article","isPartOf":{"@id":"https:\/\/arpenterlechemin.com\/index.php\/2017\/04\/07\/que-faire-de-son-animal-quand-on-voyage\/"},"author":{"name":"Audrey","@id":"https:\/\/arpenterlechemin.com\/#\/schema\/person\/1d187818c0988fbea4d682c1e59c795c"},"headline":"\u00c9LUCUBRATIONS \/\/ Que faire de son animal quand on voyage ?","datePublished":"2017-04-07T06:11:52+00:00","dateModified":"2018-12-16T21:12:40+00:00","mainEntityOfPage":{"@id":"https:\/\/arpenterlechemin.com\/index.php\/2017\/04\/07\/que-faire-de-son-animal-quand-on-voyage\/"},"wordCount":1250,"commentCount":9,"publisher":{"@id":"https:\/\/arpenterlechemin.com\/#organization"},"keywords":["animal","chien","conseils","\u00e9lucubrations"],"articleSection":["Blog","R\u00e9flexions"],"inLanguage":"fr-FR","potentialAction":[{"@type":"CommentAction","name":"Comment","target":["https:\/\/arpenterlechemin.com\/index.php\/2017\/04\/07\/que-faire-de-son-animal-quand-on-voyage\/#respond"]}]},{"@type":"WebPage","@id":"https:\/\/arpenterlechemin.com\/index.php\/2017\/04\/07\/que-faire-de-son-animal-quand-on-voyage\/","url":"https:\/\/arpenterlechemin.com\/index.php\/2017\/04\/07\/que-faire-de-son-animal-quand-on-voyage\/","name":"\u00c9LUCUBRATIONS \/\/ Que faire de son animal quand on voyage ? - Arpenter le chemin","isPartOf":{"@id":"https:\/\/arpenterlechemin.com\/#website"},"datePublished":"2017-04-07T06:11:52+00:00","dateModified":"2018-12-16T21:12:40+00:00","breadcrumb":{"@id":"https:\/\/arpenterlechemin.com\/index.php\/2017\/04\/07\/que-faire-de-son-animal-quand-on-voyage\/#breadcrumb"},"inLanguage":"fr-FR","potentialAction":[{"@type":"ReadAction","target":["https:\/\/arpenterlechemin.com\/index.php\/2017\/04\/07\/que-faire-de-son-animal-quand-on-voyage\/"]}]},{"@type":"BreadcrumbList","@id":"https:\/\/arpenterlechemin.com\/index.php\/2017\/04\/07\/que-faire-de-son-animal-quand-on-voyage\/#breadcrumb","itemListElement":[{"@type":"ListItem","position":1,"name":"Home","item":"https:\/\/arpenterlechemin.com\/"},{"@type":"ListItem","position":2,"name":"\u00c9LUCUBRATIONS \/\/ Que faire de son animal quand on voyage ?"}]},{"@type":"WebSite","@id":"https:\/\/arpenterlechemin.com\/#website","url":"https:\/\/arpenterlechemin.com\/","name":"Arpenter le chemin","description":"","publisher":{"@id":"https:\/\/arpenterlechemin.com\/#organization"},"potentialAction":[{"@type":"SearchAction","target":{"@type":"EntryPoint","urlTemplate":"https:\/\/arpenterlechemin.com\/?s={search_term_string}"},"query-input":"required name=search_term_string"}],"inLanguage":"fr-FR"},{"@type":"Organization","@id":"https:\/\/arpenterlechemin.com\/#organization","name":"Arpenter le chemin","url":"https:\/\/arpenterlechemin.com\/","logo":{"@type":"ImageObject","inLanguage":"fr-FR","@id":"https:\/\/arpenterlechemin.com\/#\/schema\/logo\/image\/","url":"https:\/\/arpenterlechemin.com\/wp-content\/uploads\/2017\/04\/icone-4.jpg","contentUrl":"https:\/\/arpenterlechemin.com\/wp-content\/uploads\/2017\/04\/icone-4.jpg","width":150,"height":73,"caption":"Arpenter le chemin"},"image":{"@id":"https:\/\/arpenterlechemin.com\/#\/schema\/logo\/image\/"}},{"@type":"Person","@id":"https:\/\/arpenterlechemin.com\/#\/schema\/person\/1d187818c0988fbea4d682c1e59c795c","name":"Audrey","image":{"@type":"ImageObject","inLanguage":"fr-FR","@id":"https:\/\/arpenterlechemin.com\/#\/schema\/person\/image\/","url":"https:\/\/secure.gravatar.com\/avatar\/b75298f64c73f1709976c50921beae6a?s=96&d=mm&r=g","contentUrl":"https:\/\/secure.gravatar.com\/avatar\/b75298f64c73f1709976c50921beae6a?s=96&d=mm&r=g","caption":"Audrey"},"description":"Allergique \u00e0 la routine, atteinte de bougeotte aigu\u00eb, j'essaie de m'envoler aussi souvent que possible, seule, en couple ou entre amis ! Ville, nature, culture, rando... tout me va, \u00e0 partir du moment o\u00f9 je suis dehors.","url":"https:\/\/arpenterlechemin.com\/index.php\/author\/audreyf\/"}]}},"jetpack_featured_media_url":"https:\/\/arpenterlechemin.com\/wp-content\/uploads\/2017\/04\/titre-animal-voyage.jpg","jetpack_sharing_enabled":true,"jetpack_shortlink":"https:\/\/wp.me\/p8z9hR-Cm","jetpack-related-posts":[{"id":826,"url":"https:\/\/arpenterlechemin.com\/index.php\/2016\/09\/23\/a-toutes-les-nuits-blanches-sur-la-route\/","url_meta":{"origin":2378,"position":0},"title":"\u00c9LUCUBRATIONS \/\/ \u00c0 toutes les nuits blanches sur la route","date":"23 septembre 2016","format":false,"excerpt":"\u00c0 toutes les nuits pass\u00e9es sur la route, dont on pourrait croire qu'elles \u00e9taient mauvaises... mais finalement, ce sont ces nuits qui font tout le sel du voyage.","rel":"","context":"Dans &quot;Blog&quot;","img":{"alt_text":"","src":"https:\/\/i0.wp.com\/arpenterlechemin.com\/wp-content\/uploads\/2016\/09\/titre-nuits-blanches-sur-la-route.jpg?resize=350%2C200&ssl=1","width":350,"height":200},"classes":[]},{"id":4222,"url":"https:\/\/arpenterlechemin.com\/index.php\/2017\/11\/16\/elucubrations-quand-ma-niece-feuillettera-mes-albums-de-voyage\/","url_meta":{"origin":2378,"position":1},"title":"\u00c9LUCUBRATIONS \/\/ Quand ma ni\u00e8ce feuillettera mes albums de voyage","date":"16 novembre 2017","format":false,"excerpt":"Dans dix ans, j'aurai 43 ans (passons vite sur cette id\u00e9e perturbante) et ma ni\u00e8ce aura quinze ans. Elle s'amusera peut-\u00eatre \u00e0 feuilleter mes albums photo pour voir comment c'\u00e9tait avant, quand Tata Audrey \u00e9tait jeune, \u00e0 l'\u00e8re pr\u00e9historique (en 2017, donc). Elle feuillettera distraitement mes albums virtuels et je\u2026","rel":"","context":"Dans &quot;Blog&quot;","img":{"alt_text":"","src":"https:\/\/i0.wp.com\/arpenterlechemin.com\/wp-content\/uploads\/2017\/11\/TITRE-PHOTOS-VOYAGE.jpg?resize=350%2C200&ssl=1","width":350,"height":200},"classes":[]},{"id":1398,"url":"https:\/\/arpenterlechemin.com\/index.php\/2016\/11\/24\/voyageuse-solo-et-introvertie-cest-possible-2\/","url_meta":{"origin":2378,"position":2},"title":"\u00c9LUCUBRATIONS \/\/ Voyageuse solo et introvertie : c&rsquo;est possible !","date":"24 novembre 2016","format":false,"excerpt":"Quand j'annonce que je vais voyager en solo, la m\u00eame\u00a0r\u00e9action revient dans environ 99,99 % des cas. Mais tu vas rencontrer des gens en chemin, non ? Tu vas aller dans des auberges de jeunesse, pour rencontrer des gens ? Oh c'est super, c'est comme \u00e7a qu'on rencontre le plus\u2026","rel":"","context":"Dans &quot;Blog&quot;","img":{"alt_text":"","src":"https:\/\/i0.wp.com\/arpenterlechemin.com\/wp-content\/uploads\/2016\/11\/WP_000587-bis.jpg?resize=350%2C200&ssl=1","width":350,"height":200},"classes":[]},{"id":1288,"url":"https:\/\/arpenterlechemin.com\/index.php\/2016\/11\/10\/dans-mon-sac-presque-minimaliste-pour-le-guatemala-2\/","url_meta":{"origin":2378,"position":3},"title":"\u00c9LUCUBRATIONS \/\/ Dans mon sac (presque) minimaliste pour le Guatemala","date":"10 novembre 2016","format":false,"excerpt":"Dur dur de trouver que mettre dans ses bagages quand on cumule... une nuit dans un train non couchette et probablement sous-chauff\u00e9 (froid) une \"escale\" de deux jours \u00e0 Montr\u00e9al mi-novembre avant d'aller prendre l'avion (doux, temps changeant) une escale de 24 heures \u00e0 Miami (chaud et humide) trois semaines\u2026","rel":"","context":"Dans &quot;Am\u00e9rique latine&quot;","img":{"alt_text":"","src":"https:\/\/i0.wp.com\/arpenterlechemin.com\/wp-content\/uploads\/2016\/11\/12000892.jpg?resize=350%2C200&ssl=1","width":350,"height":200},"classes":[]},{"id":4074,"url":"https:\/\/arpenterlechemin.com\/index.php\/2017\/09\/05\/elucubrations-la-voyageuse-qui-prenait-trop-de-photos\/","url_meta":{"origin":2378,"position":4},"title":"\u00c9LUCUBRATIONS \/\/ La voyageuse qui prenait trop de photos","date":"5 septembre 2017","format":false,"excerpt":"Il est temps de te faire une confidence : je suis atteinte de photo\u00efte aigu\u00eb. J'ai la manie de la photo, l'obsession des clich\u00e9s, l\u2019\u0153il aux aguets et le doigt toujours pr\u00eat \u00e0 mitrailler. Je d\u00e9gaine plus vite que mon ombre, j'immortalise \u00e0 tour de bras et j'aime \u00e7a. Enfin,\u2026","rel":"","context":"Dans &quot;Blog&quot;","img":{"alt_text":"","src":"https:\/\/i0.wp.com\/arpenterlechemin.com\/wp-content\/uploads\/2017\/09\/titre-photos.jpg?resize=350%2C200&ssl=1","width":350,"height":200},"classes":[]},{"id":3071,"url":"https:\/\/arpenterlechemin.com\/index.php\/2017\/06\/22\/la-voyageuse-materialiste\/","url_meta":{"origin":2378,"position":5},"title":"\u00c9LUCUBRATIONS \/\/ La voyageuse mat\u00e9rialiste","date":"22 juin 2017","format":false,"excerpt":"Ces derniers temps, je vois souvent revenir dans les sph\u00e8res de nomades-blogueurs-technotravailleurs des publications dont la teneur peut se r\u00e9sumer \u00e0 \u00e7a : \"Le mat\u00e9rialisme c'est mal, moi je pr\u00e9f\u00e8re d\u00e9penser mon argent en surf, bi\u00e8res et voyages, plut\u00f4t qu'en voiture et en pr\u00eat immobilier hahahihoho.\" Je comprends tr\u00e8s bien\u2026","rel":"","context":"Dans &quot;Blog&quot;","img":{"alt_text":"","src":"https:\/\/i0.wp.com\/arpenterlechemin.com\/wp-content\/uploads\/2017\/04\/voyageuse-mat\u00e9rialiste.jpg?resize=350%2C200&ssl=1","width":350,"height":200},"classes":[]}],"_links":{"self":[{"href":"https:\/\/arpenterlechemin.com\/index.php\/wp-json\/wp\/v2\/posts\/2378"}],"collection":[{"href":"https:\/\/arpenterlechemin.com\/index.php\/wp-json\/wp\/v2\/posts"}],"about":[{"href":"https:\/\/arpenterlechemin.com\/index.php\/wp-json\/wp\/v2\/types\/post"}],"author":[{"embeddable":true,"href":"https:\/\/arpenterlechemin.com\/index.php\/wp-json\/wp\/v2\/users\/1"}],"replies":[{"embeddable":true,"href":"https:\/\/arpenterlechemin.com\/index.php\/wp-json\/wp\/v2\/comments?post=2378"}],"version-history":[{"count":0,"href":"https:\/\/arpenterlechemin.com\/index.php\/wp-json\/wp\/v2\/posts\/2378\/revisions"}],"wp:featuredmedia":[{"embeddable":true,"href":"https:\/\/arpenterlechemin.com\/index.php\/wp-json\/wp\/v2\/media\/2385"}],"wp:attachment":[{"href":"https:\/\/arpenterlechemin.com\/index.php\/wp-json\/wp\/v2\/media?parent=2378"}],"wp:term":[{"taxonomy":"category","embeddable":true,"href":"https:\/\/arpenterlechemin.com\/index.php\/wp-json\/wp\/v2\/categories?post=2378"},{"taxonomy":"post_tag","embeddable":true,"href":"https:\/\/arpenterlechemin.com\/index.php\/wp-json\/wp\/v2\/tags?post=2378"}],"curies":[{"name":"wp","href":"https:\/\/api.w.org\/{rel}","templated":true}]}}