{"id":2298,"date":"2017-04-17T02:25:52","date_gmt":"2017-04-17T06:25:52","guid":{"rendered":"http:\/\/arpenterlechemin.com\/?p=2298"},"modified":"2020-09-04T08:26:04","modified_gmt":"2020-09-04T12:26:04","slug":"le-festival-inspire-a-moncton-nb","status":"publish","type":"post","link":"https:\/\/arpenterlechemin.com\/index.php\/2017\/04\/17\/le-festival-inspire-a-moncton-nb\/","title":{"rendered":"NOUVEAU-BRUNSWICK \/\/ Le Festival Inspire \u00e0 Moncton"},"content":{"rendered":"<p>\u00c0 quelques semaines de la nouvelle \u00e9dition\u00a0du <a href=\"http:\/\/www.festivalinspire.com\/\">Festival Inspire<\/a>, j&rsquo;avais envie de revenir sur les moutures 2015 et 2016 parce que franchement, c&rsquo;\u00e9tait le fun. Les activit\u00e9s changent d&rsquo;une ann\u00e9e sur l&rsquo;autre et\u00a0la nouvelle programmation sera diff\u00e9rente, mais laissez-moi vous donner un petit aper\u00e7u.<\/p>\n<p>Le Festival Inspire, c&rsquo;est quoi ? Connu surtout pour ses fresques (murales), le festival va bien plus loin en proposant des \u00e9v\u00e9nements ludiques, artistiques et culturels qui mettent \u00e0 l&rsquo;honneur des artistes de tous poils. D\u00e9fenseur de l&rsquo;art pour l&rsquo;art, il le rend\u00a0public sept jours durant et fait de Moncton une ville qui bouillonne non seulement pendant le festival, mais aussi tout au long de l&rsquo;ann\u00e9e au d\u00e9tour d&rsquo;\u00e9v\u00e9nements ponctuels.<\/p>\n<p>Personnellement, j&rsquo;adore l&rsquo;ambiance d\u00e9cal\u00e9e du festival, sa foule d&rsquo;activit\u00e9s toutes gratuites, le fait qu&rsquo;il embellisse les fa\u00e7ades de Moncton avec les murales. Pour cette ann\u00e9e sp\u00e9ciale, qui marque le 150e anniversaire du Canada, je suis s\u00fbre que cette \u00e9dition sera l\u00e9gendaire ! En attendant, voici des images de grands moments du Festival Inspire 2016 et 2015.<\/p>\n<p><strong><span style=\"color: #ff0000;\">Un \u00e9pique bataille d&rsquo;oreiller<\/span><\/strong><\/p>\n<p>Une petite ville&#8230; Un silence de plomb&#8230; Des combattants venus de toute part. Rendez-vous vers le fleuve. Personne n&rsquo;en sortira indemne. Seule arme autoris\u00e9e : un oreiller.<\/p>\n<p>Les Monctoniens avaient r\u00e9pondu pr\u00e9sent \u00e0 cet avant-go\u00fbt du festival, quelques semaines avant le lancement officiel : une bataille d&rsquo;oreillers g\u00e9ante ! Qui n&rsquo;aimerait pas ? Nous \u00e9tions nombreux \u00e0 avoir sorti le grand jeu pour le concours du plus beau pyjama. Enfin, beau, on s&rsquo;entend&#8230;<\/p>\n<p>La bataille \u00e9tait \u00e9tonnamment fatigante : pas facile de faire virevolter un oreiller et de courir pour \u00e9viter les autres. Une gentille bataille bon enfant, sans d\u00e9bordement : qui dit mieux ?<\/p>\n<p><img decoding=\"async\" loading=\"lazy\" class=\"size-full wp-image-2303 aligncenter\" src=\"http:\/\/arpenterlechemin.com\/wp-content\/uploads\/2017\/03\/12670338_1760477594196667_119057220160960496_n.jpg\" alt=\"12670338_1760477594196667_119057220160960496_n\" width=\"960\" height=\"540\" srcset=\"https:\/\/arpenterlechemin.com\/wp-content\/uploads\/2017\/03\/12670338_1760477594196667_119057220160960496_n.jpg 960w, https:\/\/arpenterlechemin.com\/wp-content\/uploads\/2017\/03\/12670338_1760477594196667_119057220160960496_n-300x169.jpg 300w, https:\/\/arpenterlechemin.com\/wp-content\/uploads\/2017\/03\/12670338_1760477594196667_119057220160960496_n-768x432.jpg 768w\" sizes=\"(max-width: 960px) 100vw, 960px\" \/><\/p>\n<p><strong><span style=\"color: #ff6600;\">Une inauguration haute en\u00a0couleurs<\/span><\/strong><\/p>\n<p>Attendez ! Une inauguration en lan\u00e7ant des couleurs, voil\u00e0 qui dit mieux ! En 2016, nous avons litt\u00e9ralement inaugur\u00e9 le festival en couleur. Heureusement pr\u00e9venus de la nature vaguement tenace de la poudre color\u00e9e, nous \u00e9tions quelques centaines habill\u00e9s tout en blanc pour inaugurer le lancement officiel du festival ! J&rsquo;avais toujours voulu f\u00eater Holi, la f\u00eate des couleurs indienne, mon r\u00eave s&rsquo;est en partie r\u00e9alis\u00e9 !<\/p>\n<p><img decoding=\"async\" loading=\"lazy\" class=\"size-large wp-image-2300 aligncenter\" src=\"http:\/\/arpenterlechemin.com\/wp-content\/uploads\/2017\/03\/1150217-3-1024x769.jpg\" alt=\"_1150217 (3)\" width=\"640\" height=\"481\" srcset=\"https:\/\/arpenterlechemin.com\/wp-content\/uploads\/2017\/03\/1150217-3-1024x769.jpg 1024w, https:\/\/arpenterlechemin.com\/wp-content\/uploads\/2017\/03\/1150217-3-300x225.jpg 300w, https:\/\/arpenterlechemin.com\/wp-content\/uploads\/2017\/03\/1150217-3-768x577.jpg 768w\" sizes=\"(max-width: 640px) 100vw, 640px\" \/><\/p>\n<p><img decoding=\"async\" loading=\"lazy\" class=\"size-large wp-image-2317 aligncenter\" src=\"http:\/\/arpenterlechemin.com\/wp-content\/uploads\/2017\/03\/13423737_1790754874502272_3742678576069091036_n.jpg\" alt=\"13423737_1790754874502272_3742678576069091036_n\" width=\"640\" height=\"427\" srcset=\"https:\/\/arpenterlechemin.com\/wp-content\/uploads\/2017\/03\/13423737_1790754874502272_3742678576069091036_n.jpg 960w, https:\/\/arpenterlechemin.com\/wp-content\/uploads\/2017\/03\/13423737_1790754874502272_3742678576069091036_n-300x200.jpg 300w, https:\/\/arpenterlechemin.com\/wp-content\/uploads\/2017\/03\/13423737_1790754874502272_3742678576069091036_n-768x512.jpg 768w\" sizes=\"(max-width: 640px) 100vw, 640px\" \/><\/p>\n<p>3&#8230; 2&#8230; 1&#8230; EXPLOSION ! La poudre fuse de toute part, vers le ciel, dans les cheveux, dans un brouillard color\u00e9 ph\u00e9nom\u00e9nal, on saute, on crie, on est heureux. On repioche des couleurs pour faire durer l&rsquo;instant, on ressort le sourire aux l\u00e8vres et des couleurs plein les yeux (et les cheveux). En se disant qu&rsquo;on a bien fait de laisser le pitou blanc \u00e0 la maison.<\/p>\n<p><span style=\"color: #ffcc00;\"><strong>Du tricot urbain<\/strong><\/span><\/p>\n<p>Je pr\u00eache pour ma paroisse parce que j&rsquo;ai fait partie des b\u00e9n\u00e9voles qui ont tricot\u00e9 d&rsquo;arrache-pied, mais sinc\u00e8rement, le tricot urbain, c&rsquo;est g\u00e9nial ! Des semaines avant le festival, nous tricotons fr\u00e9n\u00e9tiquement pour apporter encore plus\u00a0de couleur \u00e0 la ville avant d&rsquo;installer nos cr\u00e9ations o\u00f9 nous l&rsquo;avons choisi : bornes \u00e0 v\u00e9lo, arbres, grilles&#8230; Le tout en accord avec la ville et les \u00e9tablissements concern\u00e9s. Les oeuvres sont parfois \u00e9ph\u00e9m\u00e8res, parfois durables des ann\u00e9es durant.<\/p>\n<p>J&rsquo;adore l&rsquo;installation, qui suscite presque \u00e0 coup s\u00fbr des dialogues avec les passants, souvent \u00e9tonn\u00e9s, souvent amus\u00e9s, toujours curieux devant ces hurluberlues qui installent des tricots publics. On remet le couvert cette ann\u00e9e, si \u00e7a te tente !<\/p>\n<p><img decoding=\"async\" loading=\"lazy\" class=\"size-large wp-image-2301 aligncenter\" src=\"http:\/\/arpenterlechemin.com\/wp-content\/uploads\/2017\/03\/1150297-2-1024x769.jpg\" alt=\"_1150297 (2)\" width=\"640\" height=\"481\" srcset=\"https:\/\/arpenterlechemin.com\/wp-content\/uploads\/2017\/03\/1150297-2-1024x769.jpg 1024w, https:\/\/arpenterlechemin.com\/wp-content\/uploads\/2017\/03\/1150297-2-300x225.jpg 300w, https:\/\/arpenterlechemin.com\/wp-content\/uploads\/2017\/03\/1150297-2-768x577.jpg 768w\" sizes=\"(max-width: 640px) 100vw, 640px\" \/><\/p>\n<p><img decoding=\"async\" loading=\"lazy\" class=\"size-large wp-image-2302 aligncenter\" src=\"http:\/\/arpenterlechemin.com\/wp-content\/uploads\/2017\/03\/1150303-3-1024x769.jpg\" alt=\"_1150303 (3)\" width=\"640\" height=\"481\" srcset=\"https:\/\/arpenterlechemin.com\/wp-content\/uploads\/2017\/03\/1150303-3-1024x769.jpg 1024w, https:\/\/arpenterlechemin.com\/wp-content\/uploads\/2017\/03\/1150303-3-300x225.jpg 300w, https:\/\/arpenterlechemin.com\/wp-content\/uploads\/2017\/03\/1150303-3-768x577.jpg 768w\" sizes=\"(max-width: 640px) 100vw, 640px\" \/><\/p>\n<p><img decoding=\"async\" loading=\"lazy\" class=\"size-large wp-image-2321 aligncenter\" src=\"http:\/\/arpenterlechemin.com\/wp-content\/uploads\/2017\/03\/1150316-1024x769.jpg\" alt=\"_1150316\" width=\"640\" height=\"481\" srcset=\"https:\/\/arpenterlechemin.com\/wp-content\/uploads\/2017\/03\/1150316-1024x769.jpg 1024w, https:\/\/arpenterlechemin.com\/wp-content\/uploads\/2017\/03\/1150316-300x225.jpg 300w, https:\/\/arpenterlechemin.com\/wp-content\/uploads\/2017\/03\/1150316-768x577.jpg 768w\" sizes=\"(max-width: 640px) 100vw, 640px\" \/><\/p>\n<p><strong><span style=\"color: #00ff00;\">L&rsquo;ambiance<\/span><\/strong><\/p>\n<p>C&rsquo;est toute la ville qui se met au diapason du festival. Il faut dire qu&rsquo;il se tient \u00e0 un moment important&#8230; en \u00e9t\u00e9,\u00a0au moment o\u00f9 on sait avec certitude, enfin, que l&rsquo;hiver est derri\u00e8re nous ! On peut alors c\u00e9l\u00e9brer l&rsquo;arriv\u00e9e du soleil sans arri\u00e8re-pens\u00e9e, en se jetant all\u00e8grement dans la foule d&rsquo;activit\u00e9s ! Le festival installe notamment chaque ann\u00e9e des pianos publics dans les rues de l&rsquo;agglom\u00e9ration, pour adoucir les m\u0153urs d\u00e9j\u00e0 bien agr\u00e9ables des gens de Moncton.<\/p>\n<p><img decoding=\"async\" loading=\"lazy\" class=\"size-large wp-image-2308 aligncenter\" src=\"http:\/\/arpenterlechemin.com\/wp-content\/uploads\/2017\/03\/1090348-2-1024x769.jpg\" alt=\"_1090348 (2)\" width=\"640\" height=\"481\" srcset=\"https:\/\/arpenterlechemin.com\/wp-content\/uploads\/2017\/03\/1090348-2-1024x769.jpg 1024w, https:\/\/arpenterlechemin.com\/wp-content\/uploads\/2017\/03\/1090348-2-300x225.jpg 300w, https:\/\/arpenterlechemin.com\/wp-content\/uploads\/2017\/03\/1090348-2-768x577.jpg 768w\" sizes=\"(max-width: 640px) 100vw, 640px\" \/><\/p>\n<p><img decoding=\"async\" loading=\"lazy\" class=\"size-large wp-image-2310 aligncenter\" src=\"http:\/\/arpenterlechemin.com\/wp-content\/uploads\/2017\/03\/1090397-2-1024x769.jpg\" alt=\"_1090397 (2)\" width=\"640\" height=\"481\" srcset=\"https:\/\/arpenterlechemin.com\/wp-content\/uploads\/2017\/03\/1090397-2-1024x769.jpg 1024w, https:\/\/arpenterlechemin.com\/wp-content\/uploads\/2017\/03\/1090397-2-300x225.jpg 300w, https:\/\/arpenterlechemin.com\/wp-content\/uploads\/2017\/03\/1090397-2-768x577.jpg 768w\" sizes=\"(max-width: 640px) 100vw, 640px\" \/><\/p>\n<p><img decoding=\"async\" loading=\"lazy\" class=\"size-large wp-image-2320 aligncenter\" src=\"http:\/\/arpenterlechemin.com\/wp-content\/uploads\/2017\/03\/1150278-1024x769.jpg\" alt=\"_1150278\" width=\"640\" height=\"481\" srcset=\"https:\/\/arpenterlechemin.com\/wp-content\/uploads\/2017\/03\/1150278-1024x769.jpg 1024w, https:\/\/arpenterlechemin.com\/wp-content\/uploads\/2017\/03\/1150278-300x225.jpg 300w, https:\/\/arpenterlechemin.com\/wp-content\/uploads\/2017\/03\/1150278-768x577.jpg 768w\" sizes=\"(max-width: 640px) 100vw, 640px\" \/><\/p>\n<p><strong><span style=\"color: #0000ff;\">Les fresques dans toutes la ville<\/span><\/strong><\/p>\n<p>Pendant tout le festival, on peut voir des artistes \u00e0 l&rsquo;oeuvre pour d\u00e9corer Moncton de fresques contemporaines. Le Canada atlantique\u00a0a d\u00e9j\u00e0 sa capitale des fresques, <a href=\"http:\/\/arpenterlechemin.com\/index.php\/2016\/09\/19\/une-apres-midi-a-sussex-fresques-et-montgolfieres\/\">Sussex<\/a>, mais Moncton va-t-elle la d\u00e9tr\u00f4ner ? Pas de comp\u00e9tition cependant : les styles de chaque ville sont tr\u00e8s diff\u00e9rents, et Moncton est plut\u00f4t tourn\u00e9e vers l&rsquo;abstrait ou l&rsquo;ambiance futuriste.<\/p>\n<p>J&rsquo;ai un gros coup de c\u0153ur pour la fresque de l&rsquo;ours d&rsquo;Alegria del Prado \u00e0 la Chocolate Station (Riverview) et pour celle du cerf d&rsquo;Eelco sur le Castle Manor \u00e0 Moncton. Tu trouveras toutes les murales <a href=\"http:\/\/www.festivalinspire.com\/public-projects\/\">ici<\/a>.<\/p>\n<p>Et n&rsquo;oublions pas la \u00ab\u00a0fresque\u00a0\u00bb de ballons pour se prendre en photo comme dans le dessin anim\u00e9\u00a0<em>L\u00e0-Haut<\/em> !<\/p>\n<p><img decoding=\"async\" loading=\"lazy\" class=\"size-large wp-image-2312 aligncenter\" src=\"http:\/\/arpenterlechemin.com\/wp-content\/uploads\/2017\/03\/1090360-2-1024x769.jpg\" alt=\"_1090360 (2)\" width=\"640\" height=\"481\" srcset=\"https:\/\/arpenterlechemin.com\/wp-content\/uploads\/2017\/03\/1090360-2-1024x769.jpg 1024w, https:\/\/arpenterlechemin.com\/wp-content\/uploads\/2017\/03\/1090360-2-300x225.jpg 300w, https:\/\/arpenterlechemin.com\/wp-content\/uploads\/2017\/03\/1090360-2-768x577.jpg 768w\" sizes=\"(max-width: 640px) 100vw, 640px\" \/><\/p>\n<p style=\"text-align: center;\">Rue Weldon, Moncton<\/p>\n<p><img decoding=\"async\" loading=\"lazy\" class=\"size-large wp-image-2313 aligncenter\" src=\"http:\/\/arpenterlechemin.com\/wp-content\/uploads\/2017\/03\/13435290_1792838914293868_4573455580949725578_n.jpg\" alt=\"13435290_1792838914293868_4573455580949725578_n\" width=\"640\" height=\"427\" srcset=\"https:\/\/arpenterlechemin.com\/wp-content\/uploads\/2017\/03\/13435290_1792838914293868_4573455580949725578_n.jpg 960w, https:\/\/arpenterlechemin.com\/wp-content\/uploads\/2017\/03\/13435290_1792838914293868_4573455580949725578_n-300x200.jpg 300w, https:\/\/arpenterlechemin.com\/wp-content\/uploads\/2017\/03\/13435290_1792838914293868_4573455580949725578_n-768x512.jpg 768w\" sizes=\"(max-width: 640px) 100vw, 640px\" \/><\/p>\n<p style=\"text-align: center;\">Chemin Mountain, Moncton<\/p>\n<p><img decoding=\"async\" loading=\"lazy\" class=\"size-large wp-image-2314 aligncenter\" src=\"http:\/\/arpenterlechemin.com\/wp-content\/uploads\/2017\/03\/13442313_1792848677626225_8689820572914393890_n.jpg\" alt=\"13442313_1792848677626225_8689820572914393890_n\" width=\"640\" height=\"427\" srcset=\"https:\/\/arpenterlechemin.com\/wp-content\/uploads\/2017\/03\/13442313_1792848677626225_8689820572914393890_n.jpg 960w, https:\/\/arpenterlechemin.com\/wp-content\/uploads\/2017\/03\/13442313_1792848677626225_8689820572914393890_n-300x200.jpg 300w, https:\/\/arpenterlechemin.com\/wp-content\/uploads\/2017\/03\/13442313_1792848677626225_8689820572914393890_n-768x512.jpg 768w\" sizes=\"(max-width: 640px) 100vw, 640px\" \/><\/p>\n<p style=\"text-align: center;\">Rue Lutz, Moncton<\/p>\n<p><img decoding=\"async\" loading=\"lazy\" class=\"size-large wp-image-2315 aligncenter\" src=\"http:\/\/arpenterlechemin.com\/wp-content\/uploads\/2017\/03\/13465966_1793559734221786_6120567339952307497_n.jpg\" alt=\"13465966_1793559734221786_6120567339952307497_n\" width=\"640\" height=\"427\" srcset=\"https:\/\/arpenterlechemin.com\/wp-content\/uploads\/2017\/03\/13465966_1793559734221786_6120567339952307497_n.jpg 960w, https:\/\/arpenterlechemin.com\/wp-content\/uploads\/2017\/03\/13465966_1793559734221786_6120567339952307497_n-300x200.jpg 300w, https:\/\/arpenterlechemin.com\/wp-content\/uploads\/2017\/03\/13465966_1793559734221786_6120567339952307497_n-768x512.jpg 768w\" sizes=\"(max-width: 640px) 100vw, 640px\" \/><\/p>\n<p style=\"text-align: center;\">Rue Saint-George, Moncton<\/p>\n<p><img decoding=\"async\" loading=\"lazy\" class=\"size-large wp-image-2316 aligncenter\" src=\"http:\/\/arpenterlechemin.com\/wp-content\/uploads\/2017\/03\/13310463_1793655850878841_4608495012591529111_n.jpg\" alt=\"13310463_1793655850878841_4608495012591529111_n\" width=\"640\" height=\"449\" srcset=\"https:\/\/arpenterlechemin.com\/wp-content\/uploads\/2017\/03\/13310463_1793655850878841_4608495012591529111_n.jpg 960w, https:\/\/arpenterlechemin.com\/wp-content\/uploads\/2017\/03\/13310463_1793655850878841_4608495012591529111_n-300x211.jpg 300w, https:\/\/arpenterlechemin.com\/wp-content\/uploads\/2017\/03\/13310463_1793655850878841_4608495012591529111_n-768x539.jpg 768w\" sizes=\"(max-width: 640px) 100vw, 640px\" \/><\/p>\n<p style=\"text-align: center;\">Chocolate Station, Riverview<img decoding=\"async\" loading=\"lazy\" class=\"size-large wp-image-2299 aligncenter\" src=\"http:\/\/arpenterlechemin.com\/wp-content\/uploads\/2017\/03\/1150309-2-1024x769.jpg\" alt=\"_1150309 (2)\" width=\"640\" height=\"481\" srcset=\"https:\/\/arpenterlechemin.com\/wp-content\/uploads\/2017\/03\/1150309-2-1024x769.jpg 1024w, https:\/\/arpenterlechemin.com\/wp-content\/uploads\/2017\/03\/1150309-2-300x225.jpg 300w, https:\/\/arpenterlechemin.com\/wp-content\/uploads\/2017\/03\/1150309-2-768x577.jpg 768w\" sizes=\"(max-width: 640px) 100vw, 640px\" \/><\/p>\n<p style=\"text-align: center;\">Rue Robinson, Moncton<\/p>\n<p><span style=\"color: #800080;\"><strong>Les randos \u00e0 v\u00e9lo<\/strong><\/span><\/p>\n<p>En partenariat avec la Bikery, le Festival Inspire nous a propos\u00e9 deux randos \u00e0 v\u00e9lo pour d\u00e9couvrir les fresques en p\u00e9dalant. En 2015, nous avons roul\u00e9 sous un beau soleil pour d\u00e9couvrir la premi\u00e8re vague de fresques.<\/p>\n<p><img decoding=\"async\" loading=\"lazy\" class=\"size-large wp-image-2311 aligncenter\" src=\"http:\/\/arpenterlechemin.com\/wp-content\/uploads\/2017\/03\/1090351-2-1024x769.jpg\" alt=\"_1090351 (2)\" width=\"640\" height=\"481\" srcset=\"https:\/\/arpenterlechemin.com\/wp-content\/uploads\/2017\/03\/1090351-2-1024x769.jpg 1024w, https:\/\/arpenterlechemin.com\/wp-content\/uploads\/2017\/03\/1090351-2-300x225.jpg 300w, https:\/\/arpenterlechemin.com\/wp-content\/uploads\/2017\/03\/1090351-2-768x577.jpg 768w\" sizes=\"(max-width: 640px) 100vw, 640px\" \/><\/p>\n<p>Une randonn\u00e9e \u00e0 la d\u00e9couverte des fresques, c&rsquo;est bien&#8230; mais si c&rsquo;est une randonn\u00e9e d\u00e9guis\u00e9e sur le th\u00e8me disco, avec la musique qui suit, de nuit, c&rsquo;est encore mieux, non ? \u00a0C&rsquo;est exactement ce qui s&rsquo;est pass\u00e9 en 2016. Une si bonne id\u00e9e que nous \u00e9tions plus de deux cents dans les rues de Moncton \u00e0 p\u00e9daler sur des airs disco. Le temps fort restera cet arr\u00eat \u00e0 danser sur un char d&rsquo;assaut devant l&rsquo;une des fresques mais chut&#8230; ce qui se passe dans la soir\u00e9e disco reste dans la soir\u00e9e disco !<\/p>\n<p><img decoding=\"async\" loading=\"lazy\" class=\"size-large wp-image-2324 aligncenter\" src=\"http:\/\/arpenterlechemin.com\/wp-content\/uploads\/2017\/03\/disco-ride-3.jpg\" alt=\"disco-ride-3\" width=\"640\" height=\"427\" srcset=\"https:\/\/arpenterlechemin.com\/wp-content\/uploads\/2017\/03\/disco-ride-3.jpg 960w, https:\/\/arpenterlechemin.com\/wp-content\/uploads\/2017\/03\/disco-ride-3-300x200.jpg 300w, https:\/\/arpenterlechemin.com\/wp-content\/uploads\/2017\/03\/disco-ride-3-768x512.jpg 768w\" sizes=\"(max-width: 640px) 100vw, 640px\" \/><\/p>\n<p><img decoding=\"async\" loading=\"lazy\" class=\"size-large wp-image-2323 aligncenter\" src=\"http:\/\/arpenterlechemin.com\/wp-content\/uploads\/2017\/03\/dis-co-ride.jpg\" alt=\"dis-co-ride\" width=\"640\" height=\"427\" srcset=\"https:\/\/arpenterlechemin.com\/wp-content\/uploads\/2017\/03\/dis-co-ride.jpg 960w, https:\/\/arpenterlechemin.com\/wp-content\/uploads\/2017\/03\/dis-co-ride-300x200.jpg 300w, https:\/\/arpenterlechemin.com\/wp-content\/uploads\/2017\/03\/dis-co-ride-768x512.jpg 768w\" sizes=\"(max-width: 640px) 100vw, 640px\" \/><\/p>\n<p>Bref, le Festival Inspire, c&rsquo;est le rendez-vous culturel et artistique \u00e0 ne pas manquer \u00e0 Moncton, et il revient bient\u00f4t ! Et je ne te parle m\u00eame pas de la soir\u00e9e dansante sous la neige, des boutiques \u00e9ph\u00e9m\u00e8res du Projet Cr\u00e9a, de l&rsquo;Art ici SVP, des jongleurs de feu, des food trucks et tout le reste&#8230; Il faudra venir le vivre du 10 au 16 juillet !<\/p>\n<p>Sources des photos avec filigrane : <a href=\"https:\/\/fr-fr.facebook.com\/LPChiassonPhotography\/\">LP Chiasson Photographie<\/a>, avec la\u00a0permission du Festival Inspire.<\/p>\n<p><img decoding=\"async\" loading=\"lazy\" class=\"alignnone wp-image-5111\" src=\"http:\/\/arpenterlechemin.com\/wp-content\/uploads\/2017\/04\/street-art-Moncton-Nouveau-Brunswick-Canada-blog-voyage-Arpenter-le-chemin-683x1024.jpg\" alt=\"street art Moncton Nouveau-Brunswick Canada blog voyage Arpenter le chemin\" width=\"250\" height=\"375\" srcset=\"https:\/\/arpenterlechemin.com\/wp-content\/uploads\/2017\/04\/street-art-Moncton-Nouveau-Brunswick-Canada-blog-voyage-Arpenter-le-chemin-683x1024.jpg 683w, https:\/\/arpenterlechemin.com\/wp-content\/uploads\/2017\/04\/street-art-Moncton-Nouveau-Brunswick-Canada-blog-voyage-Arpenter-le-chemin-200x300.jpg 200w, https:\/\/arpenterlechemin.com\/wp-content\/uploads\/2017\/04\/street-art-Moncton-Nouveau-Brunswick-Canada-blog-voyage-Arpenter-le-chemin.jpg 735w\" sizes=\"(max-width: 250px) 100vw, 250px\" \/> <img decoding=\"async\" loading=\"lazy\" class=\"alignnone wp-image-5112\" src=\"http:\/\/arpenterlechemin.com\/wp-content\/uploads\/2017\/04\/street-art-Moncton-Nouveau-Brunswick-Canada-blog-voyage-Arpenter-le-chemin-2-683x1024.jpg\" alt=\"street art Moncton Nouveau-Brunswick Canada blog voyage Arpenter le chemin\" width=\"250\" height=\"375\" srcset=\"https:\/\/arpenterlechemin.com\/wp-content\/uploads\/2017\/04\/street-art-Moncton-Nouveau-Brunswick-Canada-blog-voyage-Arpenter-le-chemin-2-683x1024.jpg 683w, https:\/\/arpenterlechemin.com\/wp-content\/uploads\/2017\/04\/street-art-Moncton-Nouveau-Brunswick-Canada-blog-voyage-Arpenter-le-chemin-2-200x300.jpg 200w, https:\/\/arpenterlechemin.com\/wp-content\/uploads\/2017\/04\/street-art-Moncton-Nouveau-Brunswick-Canada-blog-voyage-Arpenter-le-chemin-2.jpg 735w\" sizes=\"(max-width: 250px) 100vw, 250px\" \/> <img decoding=\"async\" loading=\"lazy\" class=\"alignnone wp-image-5113\" src=\"http:\/\/arpenterlechemin.com\/wp-content\/uploads\/2017\/04\/street-art-Moncton-Nouveau-Brunswick-Canada-blog-voyage-Arpenter-le-chemin-1-683x1024.jpg\" alt=\"street art Moncton Nouveau-Brunswick Canada blog voyage Arpenter le chemin\" width=\"250\" height=\"375\" srcset=\"https:\/\/arpenterlechemin.com\/wp-content\/uploads\/2017\/04\/street-art-Moncton-Nouveau-Brunswick-Canada-blog-voyage-Arpenter-le-chemin-1-683x1024.jpg 683w, https:\/\/arpenterlechemin.com\/wp-content\/uploads\/2017\/04\/street-art-Moncton-Nouveau-Brunswick-Canada-blog-voyage-Arpenter-le-chemin-1-200x300.jpg 200w, https:\/\/arpenterlechemin.com\/wp-content\/uploads\/2017\/04\/street-art-Moncton-Nouveau-Brunswick-Canada-blog-voyage-Arpenter-le-chemin-1.jpg 735w\" sizes=\"(max-width: 250px) 100vw, 250px\" \/><\/p>\n<p style=\"text-align: center;\"><em><a href=\"https:\/\/www.pinterest.fr\/arpenterlechemin\">\u00c9pinglez-moi !<\/a><\/em><\/p>\n","protected":false},"excerpt":{"rendered":"<p>\u00c0 quelques semaines de la nouvelle \u00e9dition\u00a0du Festival Inspire, j&rsquo;avais envie de revenir sur les moutures 2015 et 2016 parce que franchement, c&rsquo;\u00e9tait le fun. Les activit\u00e9s changent d&rsquo;une ann\u00e9e sur l&rsquo;autre et\u00a0la nouvelle programmation sera diff\u00e9rente, mais laissez-moi vous donner un petit aper\u00e7u. Le Festival Inspire, c&rsquo;est quoi ? Connu surtout pour ses fresques (murales), le festival va bien plus loin en proposant des \u00e9v\u00e9nements ludiques, artistiques et culturels qui mettent \u00e0 l&rsquo;honneur des artistes de tous poils. D\u00e9fenseur de l&rsquo;art pour l&rsquo;art, il le rend\u00a0public sept jours durant <\/p>\n","protected":false},"author":1,"featured_media":2319,"comment_status":"open","ping_status":"open","sticky":false,"template":"","format":"standard","meta":{"jetpack_post_was_ever_published":false},"categories":[526,1],"tags":[519,614,550,17,457,16,647],"yoast_head":"<!-- This site is optimized with the Yoast SEO plugin v20.7 - https:\/\/yoast.com\/wordpress\/plugins\/seo\/ -->\n<title>NOUVEAU-BRUNSWICK \/\/ Le Festival Inspire \u00e0 Moncton - Arpenter le chemin<\/title>\n<meta name=\"robots\" content=\"index, follow, max-snippet:-1, max-image-preview:large, max-video-preview:-1\" \/>\n<link rel=\"canonical\" href=\"https:\/\/arpenterlechemin.com\/index.php\/2017\/04\/17\/le-festival-inspire-a-moncton-nb\/\" \/>\n<meta property=\"og:locale\" content=\"fr_FR\" \/>\n<meta property=\"og:type\" content=\"article\" \/>\n<meta property=\"og:title\" content=\"NOUVEAU-BRUNSWICK \/\/ Le Festival Inspire \u00e0 Moncton - Arpenter le chemin\" \/>\n<meta property=\"og:description\" content=\"\u00c0 quelques semaines de la nouvelle \u00e9dition\u00a0du Festival Inspire, j&rsquo;avais envie de revenir sur les moutures 2015 et 2016 parce que franchement, c&rsquo;\u00e9tait le fun. Les activit\u00e9s changent d&rsquo;une ann\u00e9e sur l&rsquo;autre et\u00a0la nouvelle programmation sera diff\u00e9rente, mais laissez-moi vous donner un petit aper\u00e7u. Le Festival Inspire, c&rsquo;est quoi ? Connu surtout pour ses fresques (murales), le festival va bien plus loin en proposant des \u00e9v\u00e9nements ludiques, artistiques et culturels qui mettent \u00e0 l&rsquo;honneur des artistes de tous poils. D\u00e9fenseur de l&rsquo;art pour l&rsquo;art, il le rend\u00a0public sept jours durant\" \/>\n<meta property=\"og:url\" content=\"https:\/\/arpenterlechemin.com\/index.php\/2017\/04\/17\/le-festival-inspire-a-moncton-nb\/\" \/>\n<meta property=\"og:site_name\" content=\"Arpenter le chemin\" \/>\n<meta property=\"article:published_time\" content=\"2017-04-17T06:25:52+00:00\" \/>\n<meta property=\"article:modified_time\" content=\"2020-09-04T12:26:04+00:00\" \/>\n<meta property=\"og:image\" content=\"https:\/\/arpenterlechemin.com\/wp-content\/uploads\/2017\/03\/titre-festival-inspire.jpg\" \/>\n\t<meta property=\"og:image:width\" content=\"2200\" \/>\n\t<meta property=\"og:image:height\" content=\"1652\" \/>\n\t<meta property=\"og:image:type\" content=\"image\/jpeg\" \/>\n<meta name=\"author\" content=\"Audrey\" \/>\n<meta name=\"twitter:card\" content=\"summary_large_image\" \/>\n<meta name=\"twitter:label1\" content=\"\u00c9crit par\" \/>\n\t<meta name=\"twitter:data1\" content=\"Audrey\" \/>\n\t<meta name=\"twitter:label2\" content=\"Dur\u00e9e de lecture estim\u00e9e\" \/>\n\t<meta name=\"twitter:data2\" content=\"5 minutes\" \/>\n<script type=\"application\/ld+json\" class=\"yoast-schema-graph\">{\"@context\":\"https:\/\/schema.org\",\"@graph\":[{\"@type\":\"Article\",\"@id\":\"https:\/\/arpenterlechemin.com\/index.php\/2017\/04\/17\/le-festival-inspire-a-moncton-nb\/#article\",\"isPartOf\":{\"@id\":\"https:\/\/arpenterlechemin.com\/index.php\/2017\/04\/17\/le-festival-inspire-a-moncton-nb\/\"},\"author\":{\"name\":\"Audrey\",\"@id\":\"https:\/\/arpenterlechemin.com\/#\/schema\/person\/1d187818c0988fbea4d682c1e59c795c\"},\"headline\":\"NOUVEAU-BRUNSWICK \/\/ Le Festival Inspire \u00e0 Moncton\",\"datePublished\":\"2017-04-17T06:25:52+00:00\",\"dateModified\":\"2020-09-04T12:26:04+00:00\",\"mainEntityOfPage\":{\"@id\":\"https:\/\/arpenterlechemin.com\/index.php\/2017\/04\/17\/le-festival-inspire-a-moncton-nb\/\"},\"wordCount\":1072,\"commentCount\":3,\"publisher\":{\"@id\":\"https:\/\/arpenterlechemin.com\/#organization\"},\"keywords\":[\"acadie\",\"culture\",\"festival\",\"moncton\",\"nb\",\"nouveau-brunswick\",\"ville\"],\"articleSection\":[\"Am\u00e9rique du Nord\",\"Blog\"],\"inLanguage\":\"fr-FR\",\"potentialAction\":[{\"@type\":\"CommentAction\",\"name\":\"Comment\",\"target\":[\"https:\/\/arpenterlechemin.com\/index.php\/2017\/04\/17\/le-festival-inspire-a-moncton-nb\/#respond\"]}]},{\"@type\":\"WebPage\",\"@id\":\"https:\/\/arpenterlechemin.com\/index.php\/2017\/04\/17\/le-festival-inspire-a-moncton-nb\/\",\"url\":\"https:\/\/arpenterlechemin.com\/index.php\/2017\/04\/17\/le-festival-inspire-a-moncton-nb\/\",\"name\":\"NOUVEAU-BRUNSWICK \/\/ Le Festival Inspire \u00e0 Moncton - Arpenter le chemin\",\"isPartOf\":{\"@id\":\"https:\/\/arpenterlechemin.com\/#website\"},\"datePublished\":\"2017-04-17T06:25:52+00:00\",\"dateModified\":\"2020-09-04T12:26:04+00:00\",\"breadcrumb\":{\"@id\":\"https:\/\/arpenterlechemin.com\/index.php\/2017\/04\/17\/le-festival-inspire-a-moncton-nb\/#breadcrumb\"},\"inLanguage\":\"fr-FR\",\"potentialAction\":[{\"@type\":\"ReadAction\",\"target\":[\"https:\/\/arpenterlechemin.com\/index.php\/2017\/04\/17\/le-festival-inspire-a-moncton-nb\/\"]}]},{\"@type\":\"BreadcrumbList\",\"@id\":\"https:\/\/arpenterlechemin.com\/index.php\/2017\/04\/17\/le-festival-inspire-a-moncton-nb\/#breadcrumb\",\"itemListElement\":[{\"@type\":\"ListItem\",\"position\":1,\"name\":\"Home\",\"item\":\"https:\/\/arpenterlechemin.com\/\"},{\"@type\":\"ListItem\",\"position\":2,\"name\":\"NOUVEAU-BRUNSWICK \/\/ Le Festival Inspire \u00e0 Moncton\"}]},{\"@type\":\"WebSite\",\"@id\":\"https:\/\/arpenterlechemin.com\/#website\",\"url\":\"https:\/\/arpenterlechemin.com\/\",\"name\":\"Arpenter le chemin\",\"description\":\"\",\"publisher\":{\"@id\":\"https:\/\/arpenterlechemin.com\/#organization\"},\"potentialAction\":[{\"@type\":\"SearchAction\",\"target\":{\"@type\":\"EntryPoint\",\"urlTemplate\":\"https:\/\/arpenterlechemin.com\/?s={search_term_string}\"},\"query-input\":\"required name=search_term_string\"}],\"inLanguage\":\"fr-FR\"},{\"@type\":\"Organization\",\"@id\":\"https:\/\/arpenterlechemin.com\/#organization\",\"name\":\"Arpenter le chemin\",\"url\":\"https:\/\/arpenterlechemin.com\/\",\"logo\":{\"@type\":\"ImageObject\",\"inLanguage\":\"fr-FR\",\"@id\":\"https:\/\/arpenterlechemin.com\/#\/schema\/logo\/image\/\",\"url\":\"https:\/\/arpenterlechemin.com\/wp-content\/uploads\/2017\/04\/icone-4.jpg\",\"contentUrl\":\"https:\/\/arpenterlechemin.com\/wp-content\/uploads\/2017\/04\/icone-4.jpg\",\"width\":150,\"height\":73,\"caption\":\"Arpenter le chemin\"},\"image\":{\"@id\":\"https:\/\/arpenterlechemin.com\/#\/schema\/logo\/image\/\"}},{\"@type\":\"Person\",\"@id\":\"https:\/\/arpenterlechemin.com\/#\/schema\/person\/1d187818c0988fbea4d682c1e59c795c\",\"name\":\"Audrey\",\"image\":{\"@type\":\"ImageObject\",\"inLanguage\":\"fr-FR\",\"@id\":\"https:\/\/arpenterlechemin.com\/#\/schema\/person\/image\/\",\"url\":\"https:\/\/secure.gravatar.com\/avatar\/b75298f64c73f1709976c50921beae6a?s=96&d=mm&r=g\",\"contentUrl\":\"https:\/\/secure.gravatar.com\/avatar\/b75298f64c73f1709976c50921beae6a?s=96&d=mm&r=g\",\"caption\":\"Audrey\"},\"description\":\"Allergique \u00e0 la routine, atteinte de bougeotte aigu\u00eb, j'essaie de m'envoler aussi souvent que possible, seule, en couple ou entre amis ! Ville, nature, culture, rando... tout me va, \u00e0 partir du moment o\u00f9 je suis dehors.\",\"url\":\"https:\/\/arpenterlechemin.com\/index.php\/author\/audreyf\/\"}]}<\/script>\n<!-- \/ Yoast SEO plugin. -->","yoast_head_json":{"title":"NOUVEAU-BRUNSWICK \/\/ Le Festival Inspire \u00e0 Moncton - Arpenter le chemin","robots":{"index":"index","follow":"follow","max-snippet":"max-snippet:-1","max-image-preview":"max-image-preview:large","max-video-preview":"max-video-preview:-1"},"canonical":"https:\/\/arpenterlechemin.com\/index.php\/2017\/04\/17\/le-festival-inspire-a-moncton-nb\/","og_locale":"fr_FR","og_type":"article","og_title":"NOUVEAU-BRUNSWICK \/\/ Le Festival Inspire \u00e0 Moncton - Arpenter le chemin","og_description":"\u00c0 quelques semaines de la nouvelle \u00e9dition\u00a0du Festival Inspire, j&rsquo;avais envie de revenir sur les moutures 2015 et 2016 parce que franchement, c&rsquo;\u00e9tait le fun. Les activit\u00e9s changent d&rsquo;une ann\u00e9e sur l&rsquo;autre et\u00a0la nouvelle programmation sera diff\u00e9rente, mais laissez-moi vous donner un petit aper\u00e7u. Le Festival Inspire, c&rsquo;est quoi ? Connu surtout pour ses fresques (murales), le festival va bien plus loin en proposant des \u00e9v\u00e9nements ludiques, artistiques et culturels qui mettent \u00e0 l&rsquo;honneur des artistes de tous poils. D\u00e9fenseur de l&rsquo;art pour l&rsquo;art, il le rend\u00a0public sept jours durant","og_url":"https:\/\/arpenterlechemin.com\/index.php\/2017\/04\/17\/le-festival-inspire-a-moncton-nb\/","og_site_name":"Arpenter le chemin","article_published_time":"2017-04-17T06:25:52+00:00","article_modified_time":"2020-09-04T12:26:04+00:00","og_image":[{"width":2200,"height":1652,"url":"https:\/\/arpenterlechemin.com\/wp-content\/uploads\/2017\/03\/titre-festival-inspire.jpg","type":"image\/jpeg"}],"author":"Audrey","twitter_card":"summary_large_image","twitter_misc":{"\u00c9crit par":"Audrey","Dur\u00e9e de lecture estim\u00e9e":"5 minutes"},"schema":{"@context":"https:\/\/schema.org","@graph":[{"@type":"Article","@id":"https:\/\/arpenterlechemin.com\/index.php\/2017\/04\/17\/le-festival-inspire-a-moncton-nb\/#article","isPartOf":{"@id":"https:\/\/arpenterlechemin.com\/index.php\/2017\/04\/17\/le-festival-inspire-a-moncton-nb\/"},"author":{"name":"Audrey","@id":"https:\/\/arpenterlechemin.com\/#\/schema\/person\/1d187818c0988fbea4d682c1e59c795c"},"headline":"NOUVEAU-BRUNSWICK \/\/ Le Festival Inspire \u00e0 Moncton","datePublished":"2017-04-17T06:25:52+00:00","dateModified":"2020-09-04T12:26:04+00:00","mainEntityOfPage":{"@id":"https:\/\/arpenterlechemin.com\/index.php\/2017\/04\/17\/le-festival-inspire-a-moncton-nb\/"},"wordCount":1072,"commentCount":3,"publisher":{"@id":"https:\/\/arpenterlechemin.com\/#organization"},"keywords":["acadie","culture","festival","moncton","nb","nouveau-brunswick","ville"],"articleSection":["Am\u00e9rique du Nord","Blog"],"inLanguage":"fr-FR","potentialAction":[{"@type":"CommentAction","name":"Comment","target":["https:\/\/arpenterlechemin.com\/index.php\/2017\/04\/17\/le-festival-inspire-a-moncton-nb\/#respond"]}]},{"@type":"WebPage","@id":"https:\/\/arpenterlechemin.com\/index.php\/2017\/04\/17\/le-festival-inspire-a-moncton-nb\/","url":"https:\/\/arpenterlechemin.com\/index.php\/2017\/04\/17\/le-festival-inspire-a-moncton-nb\/","name":"NOUVEAU-BRUNSWICK \/\/ Le Festival Inspire \u00e0 Moncton - Arpenter le chemin","isPartOf":{"@id":"https:\/\/arpenterlechemin.com\/#website"},"datePublished":"2017-04-17T06:25:52+00:00","dateModified":"2020-09-04T12:26:04+00:00","breadcrumb":{"@id":"https:\/\/arpenterlechemin.com\/index.php\/2017\/04\/17\/le-festival-inspire-a-moncton-nb\/#breadcrumb"},"inLanguage":"fr-FR","potentialAction":[{"@type":"ReadAction","target":["https:\/\/arpenterlechemin.com\/index.php\/2017\/04\/17\/le-festival-inspire-a-moncton-nb\/"]}]},{"@type":"BreadcrumbList","@id":"https:\/\/arpenterlechemin.com\/index.php\/2017\/04\/17\/le-festival-inspire-a-moncton-nb\/#breadcrumb","itemListElement":[{"@type":"ListItem","position":1,"name":"Home","item":"https:\/\/arpenterlechemin.com\/"},{"@type":"ListItem","position":2,"name":"NOUVEAU-BRUNSWICK \/\/ Le Festival Inspire \u00e0 Moncton"}]},{"@type":"WebSite","@id":"https:\/\/arpenterlechemin.com\/#website","url":"https:\/\/arpenterlechemin.com\/","name":"Arpenter le chemin","description":"","publisher":{"@id":"https:\/\/arpenterlechemin.com\/#organization"},"potentialAction":[{"@type":"SearchAction","target":{"@type":"EntryPoint","urlTemplate":"https:\/\/arpenterlechemin.com\/?s={search_term_string}"},"query-input":"required name=search_term_string"}],"inLanguage":"fr-FR"},{"@type":"Organization","@id":"https:\/\/arpenterlechemin.com\/#organization","name":"Arpenter le chemin","url":"https:\/\/arpenterlechemin.com\/","logo":{"@type":"ImageObject","inLanguage":"fr-FR","@id":"https:\/\/arpenterlechemin.com\/#\/schema\/logo\/image\/","url":"https:\/\/arpenterlechemin.com\/wp-content\/uploads\/2017\/04\/icone-4.jpg","contentUrl":"https:\/\/arpenterlechemin.com\/wp-content\/uploads\/2017\/04\/icone-4.jpg","width":150,"height":73,"caption":"Arpenter le chemin"},"image":{"@id":"https:\/\/arpenterlechemin.com\/#\/schema\/logo\/image\/"}},{"@type":"Person","@id":"https:\/\/arpenterlechemin.com\/#\/schema\/person\/1d187818c0988fbea4d682c1e59c795c","name":"Audrey","image":{"@type":"ImageObject","inLanguage":"fr-FR","@id":"https:\/\/arpenterlechemin.com\/#\/schema\/person\/image\/","url":"https:\/\/secure.gravatar.com\/avatar\/b75298f64c73f1709976c50921beae6a?s=96&d=mm&r=g","contentUrl":"https:\/\/secure.gravatar.com\/avatar\/b75298f64c73f1709976c50921beae6a?s=96&d=mm&r=g","caption":"Audrey"},"description":"Allergique \u00e0 la routine, atteinte de bougeotte aigu\u00eb, j'essaie de m'envoler aussi souvent que possible, seule, en couple ou entre amis ! Ville, nature, culture, rando... tout me va, \u00e0 partir du moment o\u00f9 je suis dehors.","url":"https:\/\/arpenterlechemin.com\/index.php\/author\/audreyf\/"}]}},"jetpack_featured_media_url":"https:\/\/arpenterlechemin.com\/wp-content\/uploads\/2017\/03\/titre-festival-inspire.jpg","jetpack_sharing_enabled":true,"jetpack_shortlink":"https:\/\/wp.me\/p8z9hR-B4","jetpack-related-posts":[{"id":10300,"url":"https:\/\/arpenterlechemin.com\/index.php\/2021\/07\/23\/activites-moncton\/","url_meta":{"origin":2298,"position":0},"title":"NOUVEAU-BRUNSWICK \/\/ Activit\u00e9s autour de Moncton","date":"23 juillet 2021","format":false,"excerpt":"Alors que les fronti\u00e8res du Nouveau-Brunswick viennent de rouvrir au reste du Canada, vous vous demandez peut-\u00eatre que faire \u00e0 Moncton ? Moncton est souvent boud\u00e9e des itin\u00e9raires de voyage qui lui pr\u00e9f\u00e8rent des destinations plus bucoliques. Mais la plus grande ville du Nouveau-Brunswick peut faire une excellente base pour\u2026","rel":"","context":"Dans &quot;Am\u00e9rique du Nord&quot;","img":{"alt_text":"Que faire \u00e0 Moncton Nouveau-Brunswick","src":"https:\/\/i0.wp.com\/arpenterlechemin.com\/wp-content\/uploads\/2021\/07\/Que-faire-\u00e0-Moncton-Nouveau-Brunswick-1.jpg?resize=350%2C200&ssl=1","width":350,"height":200},"classes":[]},{"id":801,"url":"https:\/\/arpenterlechemin.com\/index.php\/2016\/09\/19\/une-apres-midi-a-sussex-fresques-et-montgolfieres-2\/","url_meta":{"origin":2298,"position":1},"title":"NOUVEAU-BRUNSWICK \/\/ Sussex : murales et montgolfi\u00e8res","date":"19 septembre 2016","format":false,"excerpt":"En cette fin d'\u00e9t\u00e9, Indiana et moi sommes all\u00e9s du c\u00f4t\u00e9 de Sussex, \u00e0 une petite centaine de kilom\u00e8tres de Moncton, par une superbe journ\u00e9e. But de la man\u0153uvre : d\u00e9couvrir le festival Atlantic Balloon Fiesta, comprendre par l\u00e0 un festival de montgolfi\u00e8res, mais aussi les fresques de cette ville.\u2026","rel":"","context":"Dans &quot;Am\u00e9rique du Nord&quot;","img":{"alt_text":"","src":"https:\/\/i0.wp.com\/arpenterlechemin.com\/wp-content\/uploads\/2016\/09\/Fresques-et-montgolfi\u00e8res-sussex-NB.jpg?resize=350%2C200&ssl=1","width":350,"height":200},"classes":[]},{"id":5419,"url":"https:\/\/arpenterlechemin.com\/index.php\/2018\/06\/11\/incontournables-nouveau-brunswick\/","url_meta":{"origin":2298,"position":2},"title":"CANADA \/\/ Les incontournables de l&rsquo;\u00e9t\u00e9 au Nouveau-Brunswick","date":"11 juin 2018","format":false,"excerpt":"Bonjour \u00e0 tous ! Cette ann\u00e9e, j'avais envie de changer un peu de la traditionnelle liste d'envies. Au lieu de vous parler de mes envies, j'avais envie de vous parler de ce qui pourrait vous faire envie \u00e0 vous. Que vous veniez pour la premi\u00e8re fois au Nouveau-Brunswick ou soyez\u2026","rel":"","context":"Dans &quot;Blog&quot;","img":{"alt_text":"","src":"https:\/\/i0.wp.com\/arpenterlechemin.com\/wp-content\/uploads\/2018\/06\/les-incontournables-de-l\u00e9t\u00e9au-nouveau-brunswick.jpg?resize=350%2C200&ssl=1","width":350,"height":200},"classes":[]},{"id":7825,"url":"https:\/\/arpenterlechemin.com\/index.php\/2019\/07\/17\/que-faire-moncton\/","url_meta":{"origin":2298,"position":3},"title":"NOUVEAU-BRUNSWICK \/\/ Le centre-ville de Moncton, le guide complet","date":"17 juillet 2019","format":false,"excerpt":"Si je vous dis Moncton, \u00e0 quoi pensez-vous ? Le Nouveau-Brunswick a le vent en poupe, en partie gr\u00e2ce sa premi\u00e8re place au palmar\u00e8s des destinations du journal Le Monde en 2019, en partie gr\u00e2ce aux efforts du secteur touristique pour prouver que notre province est une destination \u00e0 part\u2026","rel":"","context":"Dans &quot;Am\u00e9rique du Nord&quot;","img":{"alt_text":"moncton guide voyage canada road-trip blog arpenter le chemin","src":"https:\/\/i0.wp.com\/arpenterlechemin.com\/wp-content\/uploads\/2019\/07\/moncton-guide-voyage-canada-road-trip-blog-arpenter-le-chemin.jpg?resize=350%2C200&ssl=1","width":350,"height":200},"classes":[]},{"id":5571,"url":"https:\/\/arpenterlechemin.com\/index.php\/2018\/07\/13\/terrasses-patios-moncton\/","url_meta":{"origin":2298,"position":4},"title":"NOUVEAU-BRUNSWICK \/\/ Mes terrasses pr\u00e9f\u00e9r\u00e9es \u00e0 Moncton","date":"13 juillet 2018","format":false,"excerpt":"Vous avez remarqu\u00e9 ? L'\u00e9t\u00e9 est l\u00e0 !! Depuis deux semaines, une canicule s\u00e9vit sur l'Est du Canada et nous \u00e9touffons tous avec des temp\u00e9ratures qui frisent les 35\u00b0C \u00e0 cause de l'humidit\u00e9. S'il est un plaisir de l'\u00e9t\u00e9,c'est bien de manger dehors, non ? De juin \u00e0 septembre, je\u2026","rel":"","context":"Dans &quot;Blog&quot;","img":{"alt_text":"titre terrasses moncton patios centre-ville blog voyage arpenter le chemin","src":"https:\/\/i0.wp.com\/arpenterlechemin.com\/wp-content\/uploads\/2018\/07\/titre-terrasses-moncton-patios-centre-ville-blog-voyage-arpenter-le-chemin.jpg?resize=350%2C200&ssl=1","width":350,"height":200},"classes":[]},{"id":5435,"url":"https:\/\/arpenterlechemin.com\/index.php\/2018\/08\/15\/canada-tintamarre-acadien\/","url_meta":{"origin":2298,"position":5},"title":"CANADA \/\/ Le Tintamarre acadien","date":"15 ao\u00fbt 2018","format":false,"excerpt":"Le Nouveau-Brunswick est une terre plurielle o\u00f9 plusieurs cultures se m\u00e9langent et se c\u00f4toient. Il en est une particuli\u00e8rement vivante, une nation au sein du Canada, dont on ne parle pas souvent. Cette nation se fait pourtant entendre chaque 15 ao\u00fbt et rappelle au monde qu'il ferait bien de ne\u2026","rel":"","context":"Dans &quot;Am\u00e9rique du Nord&quot;","img":{"alt_text":"tintamarre acadie titre","src":"https:\/\/i0.wp.com\/arpenterlechemin.com\/wp-content\/uploads\/2018\/06\/tintamarre-acadie-titre.jpg?resize=350%2C200&ssl=1","width":350,"height":200},"classes":[]}],"_links":{"self":[{"href":"https:\/\/arpenterlechemin.com\/index.php\/wp-json\/wp\/v2\/posts\/2298"}],"collection":[{"href":"https:\/\/arpenterlechemin.com\/index.php\/wp-json\/wp\/v2\/posts"}],"about":[{"href":"https:\/\/arpenterlechemin.com\/index.php\/wp-json\/wp\/v2\/types\/post"}],"author":[{"embeddable":true,"href":"https:\/\/arpenterlechemin.com\/index.php\/wp-json\/wp\/v2\/users\/1"}],"replies":[{"embeddable":true,"href":"https:\/\/arpenterlechemin.com\/index.php\/wp-json\/wp\/v2\/comments?post=2298"}],"version-history":[{"count":0,"href":"https:\/\/arpenterlechemin.com\/index.php\/wp-json\/wp\/v2\/posts\/2298\/revisions"}],"wp:featuredmedia":[{"embeddable":true,"href":"https:\/\/arpenterlechemin.com\/index.php\/wp-json\/wp\/v2\/media\/2319"}],"wp:attachment":[{"href":"https:\/\/arpenterlechemin.com\/index.php\/wp-json\/wp\/v2\/media?parent=2298"}],"wp:term":[{"taxonomy":"category","embeddable":true,"href":"https:\/\/arpenterlechemin.com\/index.php\/wp-json\/wp\/v2\/categories?post=2298"},{"taxonomy":"post_tag","embeddable":true,"href":"https:\/\/arpenterlechemin.com\/index.php\/wp-json\/wp\/v2\/tags?post=2298"}],"curies":[{"name":"wp","href":"https:\/\/api.w.org\/{rel}","templated":true}]}}