{"id":1862,"date":"2017-01-26T02:12:17","date_gmt":"2017-01-26T06:12:17","guid":{"rendered":"http:\/\/arpenterlechemin.com\/?p=1862"},"modified":"2020-09-04T20:33:51","modified_gmt":"2020-09-05T00:33:51","slug":"ces-moments-improbables-quon-aime-bien-en-voyage-2","status":"publish","type":"post","link":"https:\/\/arpenterlechemin.com\/index.php\/2017\/01\/26\/ces-moments-improbables-quon-aime-bien-en-voyage-2\/","title":{"rendered":"\u00c9LUCUBRATIONS \/\/ Ces petites gal\u00e8res qu&rsquo;on aime bien en voyage"},"content":{"rendered":"<p><strong>Le voyage c&rsquo;est comme la vie, et des fois, \u00e7a part un peu de travers.<\/strong> Ou beaucoup de travers. Tant que personne n&rsquo;est bless\u00e9, tout va bien, et on en rira le lendemain. Et c&rsquo;est souvent ce qui fait les meilleurs souvenirs de voyage. Voici un floril\u00e8ge des exp\u00e9riences les plus improbabli-comiques de ma carri\u00e8re de voyageuse, entre petites gal\u00e8res en voyage et moments improbables.<\/p>\n<h2><span style=\"color: #000080;\"><strong>5 &#8211; Avoir un visa annul\u00e9 sur son passeport<\/strong><\/span><\/h2>\n<p>En 2008, Etienne et moi avons\u00a0voulu aller en <strong>Chine continentale depuis Hong Kong en ayant l&rsquo;outrecuidance de se passer de visa<\/strong>. Parce que YOLO, on le savait, qu&rsquo;on aurait d\u00fb avoir ce fameux visa, mais on s&rsquo;\u00e9tait dit que sur un malentendu, \u00e7a pouvait passer.<\/p>\n<p>\u00c0 la douane de Shenzhen, on sort\u00a0de Hong Kong comme de dans du beurre ; apr\u00e8s tout, personne ne te retient quand tu as envie de <em>partir<\/em> d&rsquo;un pays, sauf \u00e0 \u00eatre maso. <strong>Malgr\u00e9 notre beau visa de sortie, pas moyen\u00a0d&rsquo;avoir un visa d&rsquo;entr\u00e9e en Chine.<\/strong> On a eu beau faire les yeux doux aux douaniers de Chine continentale, ils n&rsquo;ont pas voulu c\u00e9der \u00e0 nos charmes, les bougres.<\/p>\n<p><strong>L&rsquo;espace de trente minute, nous avons \u00e9t\u00e9 \u00ab\u00a0nulle part\u00a0\u00bb.<\/strong> Ni \u00e0 Hong Kong, ni en Chine. Dans les m\u00e9andres de la douane. Dans l&rsquo;arri\u00e8re-boutique, avec les petits fonctionnaires qui tamponnent des documents\u00a0\u00e0 la cha\u00eene comme dans Indiana Jones.<\/p>\n<p>Jusqu&rsquo;\u00e0 ce qu&rsquo;un gros <strong>CANCELLED<\/strong> vienne annuler notre visa de sortie de Hong Kong. Et c&rsquo;\u00e9tait reparti pour un visa d&rsquo;entr\u00e9e. Ouf. On n&rsquo;a jamais eu autant de tampons sur notre passeport en une demi-heure. Un peu plus et nous passions dans la quatri\u00e8me dimension (on appelle \u00e7a la prison, je crois)&#8230;<\/p>\n<h2><span style=\"color: #000080;\"><strong>4- Prendre un taxi en Chine sans langue commune<\/strong><\/span><\/h2>\n<p><strong>La Chine est probablement notre fournisseur officiel des moments tragicomiques en voyag<\/strong>e. Pour notre \u00ab\u00a0vrai\u00a0\u00bb voyage en Chine deux ans plus tard (avec un visa officiel, cette fois &#8211; on n&rsquo;a pas fait deux fois la m\u00eame erreur !), nous nous sommes retrouv\u00e9s \u00e0 <strong>Datong<\/strong>. Nous voulions aller voir les grottes de Yungang, recommand\u00e9es par le Routard, mais sans acc\u00e8s en transports en commun. \u00c9videmment, ce serait dommage de faciliter l&rsquo;acc\u00e8s \u00e0 un des plus beaux sites de la r\u00e9gion.<\/p>\n<p>Qu&rsquo;a cela ne tienne, <strong>prenons un taxi !<\/strong> J&rsquo;ai fait trois ans de chinois en option \u00e0 la fac ! Je peux tout dire ! Ces trois ans de chinois ont \u00e9t\u00e9 suffisants pour n\u00e9gocier le prix de la course sur une calculette, faire comprendre au chauffeur, par des sinogrammes, qu&rsquo;on voulait qu&rsquo;il nous attende pendant la visite et qu&rsquo;il nous ram\u00e8ne. Alors \u00e7a, j&rsquo;en \u00e9tais\u00a0fi\u00e8re, d&rsquo;avoir fait honneur aux deniers publics par cette utilisation brillante du syst\u00e8me \u00e9ducatif fran\u00e7ais.<\/p>\n<p>\u00c9videmment&#8230; il ne nous a pas du tout attendus. Rendus \u00e0 la fin de la visite, il nous fallait bien rentrer \u00e0 notre h\u00f4tel. On a pris un taxi au hasard, en tentant de lui faire comprendre qu&rsquo;on voulait retourner au centre-ville, Le nouveau chauffeur\u00a0n&rsquo;a pas pris le m\u00eame chemin qu&rsquo;\u00e0 l&rsquo;aller, on a cru qu&rsquo;il voulait nous entuber, on l&rsquo;a fait s&rsquo;arr\u00eater, <strong>on a cri\u00e9 en fran\u00e7ais, il a r\u00e2l\u00e9 en chinois, bref la d\u00e9bandade.<\/strong> Je ne sais comment nous sommes rentr\u00e9s. \u00c0 pied, probablement.<\/p>\n<p>Mais l&rsquo;espace d&rsquo;une dizaine de minutes, nous avons \u00e9t\u00e9 <strong>\u00e0 la merci d&rsquo;un tueur-psychopathe-chauffeur de taxi.<\/strong> Peut-\u00eatre. Ou juste d&rsquo;un chauffeur de taxi qui se demandait bien pourquoi on autorise encore les touristes \u00e0 entrer sur le territoire du saint Empire du Milieu\u00a0 sans licence de chinois.<\/p>\n<p><img decoding=\"async\" loading=\"lazy\" class=\"aligncenter wp-image-1867 size-full\" src=\"http:\/\/arpenterlechemin.com\/wp-content\/uploads\/2017\/01\/P1070496-2.jpg\" alt=\"P1070496 (2)\" width=\"3072\" height=\"2304\" srcset=\"https:\/\/arpenterlechemin.com\/wp-content\/uploads\/2017\/01\/P1070496-2.jpg 3072w, https:\/\/arpenterlechemin.com\/wp-content\/uploads\/2017\/01\/P1070496-2-300x225.jpg 300w, https:\/\/arpenterlechemin.com\/wp-content\/uploads\/2017\/01\/P1070496-2-768x576.jpg 768w, https:\/\/arpenterlechemin.com\/wp-content\/uploads\/2017\/01\/P1070496-2-1024x768.jpg 1024w\" sizes=\"(max-width: 3072px) 100vw, 3072px\" \/><\/p>\n<p style=\"text-align: center;\"><em>Cela dit, cela valait le d\u00e9tour !<\/em><\/p>\n<h2><span style=\"color: #000080;\"><strong>3- Se retrouver \u00e0 regarder des vid\u00e9os de danse indienne dans l&rsquo;arri\u00e8re-boutique d&rsquo;une salle de jeu d&rsquo;argent \u00e0 Copenhague<\/strong><\/span><\/h2>\n<p>Lors de mon tour d&rsquo;Europe en 2014, <strong>j&rsquo;ai choisi des options propices aux partitudes-en-sucette<\/strong> (du verbe \u00ab\u00a0partir en sucette\u00a0\u00bb) : covoiturage, couchsurfing, couchsurfing avec des gens qui ne parlaient pas forc\u00e9ment bien anglais&#8230; \u00c9tonnamment, je m&rsquo;en suis sortie vivante, mais deux soir\u00e9es resteront parmi mon Top 3 de l&rsquo;improbable, et les relater est toujours un d\u00e9fi.<\/p>\n<p>Dans le genre \u00ab\u00a0Amusons-nous avec Couchsurfing\u00a0\u00bb, je vous pr\u00e9sente Nazir, un Pakistanais install\u00e9 \u00e0 Copenhague. Hormis le fait qu&rsquo;il est tr\u00e8s, tr\u00e8s bavard, il est aussi <strong>le roi des plans un peu foireux<\/strong>, \u00e0 arriver toujours avec des heures de retard dans pr\u00e9venir et \u00e0 nous faire dormir \u00e0 trois dans une micro-studette. Heureusement, il \u00e9tait aussi tr\u00e8s sympathique et souriant.<\/p>\n<p>Toujours est-il qu&rsquo;il avait pr\u00e9vu un soir de retrouver un ami, que ledit ami travaillait de nuit \u00e0 la surveillance d&rsquo;une salle de jeux d&rsquo;argent, que j&rsquo;\u00e9tais l\u00e0, qu&rsquo;il m&rsquo;a embarqu\u00e9e, et ni une ni deux, <strong>nous voici \u00e0 passer la soir\u00e9e \u00e0 regarder des vid\u00e9os indiennes sur YouTube. Dans la salle de contr\u00f4le d&rsquo;une salle de jeux d&rsquo;argent.<\/strong> Je ne connais pas ces types. Je ne comprends \u00e0 ce qui se passe sur l&rsquo;\u00e9cran. Tout. Est. Normal.<\/p>\n<p>La vid\u00e9o d&rsquo;un danseur indien restera s\u00fbrement grav\u00e9e dans ma m\u00e9moire toute ma vie. Dommage que dans le feu de l&rsquo;instant, je n&rsquo;aie pas pens\u00e9 \u00e0 noter son nom pour la partager avec vous.<\/p>\n<p><img decoding=\"async\" loading=\"lazy\" class=\"aligncenter wp-image-1865 size-full\" src=\"http:\/\/arpenterlechemin.com\/wp-content\/uploads\/2017\/01\/P1190802-2.jpg\" alt=\"P1190802 (2)\" width=\"3072\" height=\"2304\" srcset=\"https:\/\/arpenterlechemin.com\/wp-content\/uploads\/2017\/01\/P1190802-2.jpg 3072w, https:\/\/arpenterlechemin.com\/wp-content\/uploads\/2017\/01\/P1190802-2-300x225.jpg 300w, https:\/\/arpenterlechemin.com\/wp-content\/uploads\/2017\/01\/P1190802-2-768x576.jpg 768w, https:\/\/arpenterlechemin.com\/wp-content\/uploads\/2017\/01\/P1190802-2-1024x768.jpg 1024w\" sizes=\"(max-width: 3072px) 100vw, 3072px\" \/><\/p>\n<p style=\"text-align: center;\"><em>Et puis Nyhavn, c&rsquo;est un peu trop mainstream. Moi je voulais d\u00e9couvrir le Copenhague underground.<\/em><\/p>\n<h2><span style=\"color: #000080;\"><strong>2- La folle \u00e9pop\u00e9e de l&rsquo;op\u00e9ra \u00e0 Saint-P\u00e9tersbourg<\/strong><\/span><\/h2>\n<p>\u00c0 Saint-P\u00e9tersbourg, je devais loger chez Olga, gentille couchsurfeuse qui vivait \u00e0 l&rsquo;ext\u00e9rieur de la ville. \u00c0 peine l&rsquo;avais-je retrouv\u00e9e en ville qu&rsquo;elle me demande si j&rsquo;aimerais aller \u00e0 l&rsquo;op\u00e9ra, elle devait y aller avec des amis. Friande d&rsquo;exp\u00e9rience, je r\u00e9ponds bien \u00e9videmment oui. <strong>Et aussi, j&rsquo;avais un peu peur qu&rsquo;elle me laisse en plan si je refusais, mais passons.<\/strong> Le truc, c&rsquo;est qu&rsquo;elle n&rsquo;a qu&rsquo;un billet : c&rsquo;est d\u00e9sormais le mien. Je sens d\u00e9j\u00e0 un peu le p\u00e2t\u00e9 dans cette histoire&#8230; mais passons. Elle me confie donc aux mains de ses amis, un papa avec ses deux loupiots de 5 et 8 ans. Russophones, la petite smala. <strong>La gamine de 8 ans est, de tr\u00e8s loin, celle qui parle le mieux anglais de la bande.<\/strong> Mais passons ?<\/p>\n<p>Me voici donc embarqu\u00e9e, avec de parfaits inconnus cens\u00e9s me ramener ensuite chez Olga, que je n&rsquo;ai vue qu&rsquo;une heure, pour regarder <strong>le ballet Eug\u00e8ne On\u00e9guine. En russe. Pendant trois heures.<\/strong> Pas de sous-titrage, ce serait trop facile.<\/p>\n<p>Apr\u00e8s la pi\u00e8ce, nous prenons le m\u00e9tro, puis traversons une zone en friche peu \u00e9clair\u00e9e pour rejoindre une vieille Lada qui ne tenait que par la peinture, pour encha\u00eener sur une demi-heure de voiture. <strong>Dans le noir. Vers nulle part.<\/strong> Ce qui m&rsquo;a fait tenir, c&rsquo;est qu&rsquo;il y avait des enfants. Je me disais qu&rsquo;en pr\u00e9sence d&rsquo;enfants, il ne m&rsquo;arriverait rien.<\/p>\n<p>Et M. Inconnu et ses enfants m&rsquo;ont bien d\u00e9pos\u00e9e chez Olga <strong>en pleine nuit, en pleine campagne, dans sa maison centenaire chauff\u00e9e au po\u00eale \u00e0 bois<\/strong>, saine et sauve et surtout tr\u00e8s \u00e9bahie de la tournure de la soir\u00e9e.<\/p>\n<p><img decoding=\"async\" loading=\"lazy\" class=\"aligncenter wp-image-1864 size-full\" src=\"http:\/\/arpenterlechemin.com\/wp-content\/uploads\/2017\/01\/P1180818-2.jpg\" alt=\"P1180818 (2)\" width=\"3072\" height=\"2304\" srcset=\"https:\/\/arpenterlechemin.com\/wp-content\/uploads\/2017\/01\/P1180818-2.jpg 3072w, https:\/\/arpenterlechemin.com\/wp-content\/uploads\/2017\/01\/P1180818-2-300x225.jpg 300w, https:\/\/arpenterlechemin.com\/wp-content\/uploads\/2017\/01\/P1180818-2-768x576.jpg 768w, https:\/\/arpenterlechemin.com\/wp-content\/uploads\/2017\/01\/P1180818-2-1024x768.jpg 1024w\" sizes=\"(max-width: 3072px) 100vw, 3072px\" \/><\/p>\n<p style=\"text-align: center;\"><em>Ce qui se passe \u00e0 Saint-P\u00e9tersbourg reste \u00e0 Saint-P\u00e9tersbourg&#8230;<\/em><\/p>\n<h2><span style=\"color: #000080;\"><strong>1 &#8211; Les lions du\u00a0Jura<\/strong><\/span><\/h2>\n<p><strong>Le Jura, c&rsquo;est une petite cha\u00eene de montagne en France.<\/strong> Tr\u00e8s pittoresque, avec ses vallons, ses jolis lacs o\u00f9 on peut \u00e9chapper \u00e0 la chaleur du mois d&rsquo;ao\u00fbt. C&rsquo;est un haut lieu de randonn\u00e9es et de balades tranquilles, un endroit parfait pour faire une escapade depuis <a href=\"http:\/\/arpenterlechemin.com\/index.php\/2017\/12\/08\/enfranceaussi-fete-lumieres-a-lyon\/\">Lyon<\/a>.<\/p>\n<p>Le truc, c&rsquo;est qu&rsquo;Etienne et moi, <strong>on aime bien le camping<\/strong>. On a achet\u00e9 une tente Quechua pour notre premier voyage ensemble, et depuis, c&rsquo;est un peu de la nostalgie qu&rsquo;on ouvre en m\u00eame temps que cette tente. Et du sable de l&rsquo;an dernier. Je mets un point d&rsquo;honneur \u00e0 m&rsquo;en servir au moins une fois par \u00e9t\u00e9.<\/p>\n<p>Ce week-end-l\u00e0,<strong> nous sommes bien dans notre camping du Jura.<\/strong> Il fait chaud, le ciel est d\u00e9gag\u00e9. J&rsquo;ai regard\u00e9 les \u00e9toiles, longtemps, plongeant dans les abysses cosmiques depuis mon matelas un peu sorti de la tente. Je me suis endormie avec des \u00e9toiles dans les yeux, litt\u00e9ralement.<\/p>\n<p>Et je me suis r\u00e9veill\u00e9e en sursaut <strong>au son des rugissements.<\/strong> Longs, profonds, un son primal, qui r\u00e9veille des peurs enfouies dans nos g\u00e8nes depuis la pr\u00e9histoire. O\u00f9 \u00e9tais-je ? En plein safari, avais-je r\u00eav\u00e9 que j&rsquo;\u00e9tais dans le Jura ? Dans le Jura, r\u00eavais-je que j&rsquo;\u00e9tais dans la brousse ? Le papillon est-il Lao-Tseu ?<\/p>\n<p>Ce n&rsquo;est que le lendemain que nous avons compris. Un cirque \u00e9tait install\u00e9 en bordure du camping. <strong>Je n&rsquo;oublierai jamais le son de ces pauvres f\u00e9lins en cage,<\/strong> qui ont fait trembler une petite vall\u00e9e du Jura par un beau mois d&rsquo;ao\u00fbt, alors qu&rsquo;eux r\u00eavaient s\u00fbrement de savane.<\/p>\n<p><img decoding=\"async\" loading=\"lazy\" class=\"aligncenter wp-image-1866 size-full\" src=\"http:\/\/arpenterlechemin.com\/wp-content\/uploads\/2017\/01\/P1100704-2.jpg\" alt=\"P1100704 (2)\" width=\"3072\" height=\"2304\" srcset=\"https:\/\/arpenterlechemin.com\/wp-content\/uploads\/2017\/01\/P1100704-2.jpg 3072w, https:\/\/arpenterlechemin.com\/wp-content\/uploads\/2017\/01\/P1100704-2-300x225.jpg 300w, https:\/\/arpenterlechemin.com\/wp-content\/uploads\/2017\/01\/P1100704-2-768x576.jpg 768w, https:\/\/arpenterlechemin.com\/wp-content\/uploads\/2017\/01\/P1100704-2-1024x768.jpg 1024w\" sizes=\"(max-width: 3072px) 100vw, 3072px\" \/><\/p>\n<p style=\"text-align: center;\"><em>Y a comme un petit air de savane, non ?<\/em><\/p>\n<p>Il y a aussi eu la fois o\u00f9 Etienne et moi avons failli chavirer d&rsquo;une pirogue s\u00e9n\u00e9galaise en pleine temp\u00eate, la fois o\u00f9 un pr\u00eatre orthodoxe m&rsquo;a b\u00e9nie pour la Chandeleur russe, <a href=\"http:\/\/arpenterlechemin.com\/index.php\/2018\/12\/14\/coree-jjimjilbang\/\">le coup du concombre dans un sauna cor\u00e9en<\/a>, <a href=\"http:\/\/arpenterlechemin.com\/index.php\/2017\/09\/14\/nouveau-brunswick-le-week-end-de-la-poisse\/\">la grande d\u00e9route de notre descente en canot<\/a>, <a href=\"http:\/\/arpenterlechemin.com\/index.php\/2017\/10\/31\/canada-la-randonnee-qui-a-failli-mal-tourner\/\">la randonn\u00e9e de la peur en Nouvelle-\u00c9cosse<\/a>, <a href=\"https:\/\/arpenterlechemin.com\/index.php\/2019\/12\/05\/takao-togano-kyoto\/\">la randonn\u00e9e au pifom\u00e8tre au Japon,<\/a> les dizaines de fois o\u00f9 on a command\u00e9 \u00e0 manger en aveugle en Chine, en \u00c9gypte, au Liban&#8230;<\/p>\n<p>Bref, ces perles restent avec moi. <strong>Sans forc\u00e9ment encourager les d\u00e9boires, je les accueille comme des moments qu&rsquo;on ne peut vivre qu&rsquo;en voyage,<\/strong> exacerb\u00e9s par le fait d&rsquo;\u00eatre dans un environnement \u00e9tranger. C&rsquo;est aussi pour ce genre de moment qu&rsquo;on voyage, non ?<\/p>\n<p><em>Et vous, vous en avez eu, des moments improbables en voyage ? Je vous en supplie, j&rsquo;attends vos anecdotes dans les commentaires, je me r\u00e9gale toujours de lire les tribulations et gal\u00e8res en voyage des autres ! On ne peut pas \u00eatre les seuls \u00e0 avoir des gal\u00e8res rigolotes, non ?<\/em><\/p>\n","protected":false},"excerpt":{"rendered":"<p>Le voyage c&rsquo;est comme la vie, et des fois, \u00e7a part un peu de travers. Ou beaucoup de travers. Tant que personne n&rsquo;est bless\u00e9, tout va bien, et on en rira le lendemain. Et c&rsquo;est souvent ce qui fait les meilleurs souvenirs de voyage. Voici un floril\u00e8ge des exp\u00e9riences les plus improbabli-comiques de ma carri\u00e8re de voyageuse, entre petites gal\u00e8res en voyage et moments improbables. 5 &#8211; Avoir un visa annul\u00e9 sur son passeport En 2008, Etienne et moi avons\u00a0voulu aller en Chine continentale depuis Hong Kong en ayant l&rsquo;outrecuidance <\/p>\n","protected":false},"author":1,"featured_media":1870,"comment_status":"open","ping_status":"open","sticky":false,"template":"","format":"standard","meta":{"jetpack_post_was_ever_published":false},"categories":[1,3,662],"tags":[537,394],"yoast_head":"<!-- This site is optimized with the Yoast SEO plugin v20.7 - https:\/\/yoast.com\/wordpress\/plugins\/seo\/ -->\n<title>\u00c9LUCUBRATIONS \/\/ Ces petites gal\u00e8res qu&#039;on aime bien en voyage<\/title>\n<meta name=\"description\" content=\"Moments improbables et petites gal\u00e8res en voyage, on a tous ces moments on est un peu d\u00e9pass\u00e9s par les \u00e9v\u00e9n\u00e9ments ! Je vous propose mon top 5 des gal\u00e8res...\" \/>\n<meta name=\"robots\" content=\"index, follow, max-snippet:-1, max-image-preview:large, max-video-preview:-1\" \/>\n<link rel=\"canonical\" href=\"https:\/\/arpenterlechemin.com\/index.php\/2017\/01\/26\/ces-moments-improbables-quon-aime-bien-en-voyage-2\/\" \/>\n<meta property=\"og:locale\" content=\"fr_FR\" \/>\n<meta property=\"og:type\" content=\"article\" \/>\n<meta property=\"og:title\" content=\"\u00c9LUCUBRATIONS \/\/ Ces petites gal\u00e8res qu&#039;on aime bien en voyage\" \/>\n<meta property=\"og:description\" content=\"Moments improbables et petites gal\u00e8res en voyage, on a tous ces moments on est un peu d\u00e9pass\u00e9s par les \u00e9v\u00e9n\u00e9ments ! Je vous propose mon top 5 des gal\u00e8res...\" \/>\n<meta property=\"og:url\" content=\"https:\/\/arpenterlechemin.com\/index.php\/2017\/01\/26\/ces-moments-improbables-quon-aime-bien-en-voyage-2\/\" \/>\n<meta property=\"og:site_name\" content=\"Arpenter le chemin\" \/>\n<meta property=\"article:published_time\" content=\"2017-01-26T06:12:17+00:00\" \/>\n<meta property=\"article:modified_time\" content=\"2020-09-05T00:33:51+00:00\" \/>\n<meta property=\"og:image\" content=\"https:\/\/arpenterlechemin.com\/wp-content\/uploads\/2017\/01\/MOMENTS-IMPROBABLES.jpg\" \/>\n\t<meta property=\"og:image:width\" content=\"2638\" \/>\n\t<meta property=\"og:image:height\" content=\"1981\" \/>\n\t<meta property=\"og:image:type\" content=\"image\/jpeg\" \/>\n<meta name=\"author\" content=\"Audrey\" \/>\n<meta name=\"twitter:card\" content=\"summary_large_image\" \/>\n<meta name=\"twitter:label1\" content=\"\u00c9crit par\" \/>\n\t<meta name=\"twitter:data1\" content=\"Audrey\" \/>\n\t<meta name=\"twitter:label2\" content=\"Dur\u00e9e de lecture estim\u00e9e\" \/>\n\t<meta name=\"twitter:data2\" content=\"8 minutes\" \/>\n<script type=\"application\/ld+json\" class=\"yoast-schema-graph\">{\"@context\":\"https:\/\/schema.org\",\"@graph\":[{\"@type\":\"Article\",\"@id\":\"https:\/\/arpenterlechemin.com\/index.php\/2017\/01\/26\/ces-moments-improbables-quon-aime-bien-en-voyage-2\/#article\",\"isPartOf\":{\"@id\":\"https:\/\/arpenterlechemin.com\/index.php\/2017\/01\/26\/ces-moments-improbables-quon-aime-bien-en-voyage-2\/\"},\"author\":{\"name\":\"Audrey\",\"@id\":\"https:\/\/arpenterlechemin.com\/#\/schema\/person\/1d187818c0988fbea4d682c1e59c795c\"},\"headline\":\"\u00c9LUCUBRATIONS \/\/ Ces petites gal\u00e8res qu&rsquo;on aime bien en voyage\",\"datePublished\":\"2017-01-26T06:12:17+00:00\",\"dateModified\":\"2020-09-05T00:33:51+00:00\",\"mainEntityOfPage\":{\"@id\":\"https:\/\/arpenterlechemin.com\/index.php\/2017\/01\/26\/ces-moments-improbables-quon-aime-bien-en-voyage-2\/\"},\"wordCount\":1757,\"commentCount\":4,\"publisher\":{\"@id\":\"https:\/\/arpenterlechemin.com\/#organization\"},\"keywords\":[\"coulisses du blog\",\"\u00e9lucubrations\"],\"articleSection\":[\"Blog\",\"\u00c9lucubrations\",\"R\u00e9flexions\"],\"inLanguage\":\"fr-FR\",\"potentialAction\":[{\"@type\":\"CommentAction\",\"name\":\"Comment\",\"target\":[\"https:\/\/arpenterlechemin.com\/index.php\/2017\/01\/26\/ces-moments-improbables-quon-aime-bien-en-voyage-2\/#respond\"]}]},{\"@type\":\"WebPage\",\"@id\":\"https:\/\/arpenterlechemin.com\/index.php\/2017\/01\/26\/ces-moments-improbables-quon-aime-bien-en-voyage-2\/\",\"url\":\"https:\/\/arpenterlechemin.com\/index.php\/2017\/01\/26\/ces-moments-improbables-quon-aime-bien-en-voyage-2\/\",\"name\":\"\u00c9LUCUBRATIONS \/\/ Ces petites gal\u00e8res qu'on aime bien en voyage\",\"isPartOf\":{\"@id\":\"https:\/\/arpenterlechemin.com\/#website\"},\"datePublished\":\"2017-01-26T06:12:17+00:00\",\"dateModified\":\"2020-09-05T00:33:51+00:00\",\"description\":\"Moments improbables et petites gal\u00e8res en voyage, on a tous ces moments on est un peu d\u00e9pass\u00e9s par les \u00e9v\u00e9n\u00e9ments ! Je vous propose mon top 5 des gal\u00e8res...\",\"breadcrumb\":{\"@id\":\"https:\/\/arpenterlechemin.com\/index.php\/2017\/01\/26\/ces-moments-improbables-quon-aime-bien-en-voyage-2\/#breadcrumb\"},\"inLanguage\":\"fr-FR\",\"potentialAction\":[{\"@type\":\"ReadAction\",\"target\":[\"https:\/\/arpenterlechemin.com\/index.php\/2017\/01\/26\/ces-moments-improbables-quon-aime-bien-en-voyage-2\/\"]}]},{\"@type\":\"BreadcrumbList\",\"@id\":\"https:\/\/arpenterlechemin.com\/index.php\/2017\/01\/26\/ces-moments-improbables-quon-aime-bien-en-voyage-2\/#breadcrumb\",\"itemListElement\":[{\"@type\":\"ListItem\",\"position\":1,\"name\":\"Home\",\"item\":\"https:\/\/arpenterlechemin.com\/\"},{\"@type\":\"ListItem\",\"position\":2,\"name\":\"\u00c9LUCUBRATIONS \/\/ Ces petites gal\u00e8res qu&rsquo;on aime bien en voyage\"}]},{\"@type\":\"WebSite\",\"@id\":\"https:\/\/arpenterlechemin.com\/#website\",\"url\":\"https:\/\/arpenterlechemin.com\/\",\"name\":\"Arpenter le chemin\",\"description\":\"\",\"publisher\":{\"@id\":\"https:\/\/arpenterlechemin.com\/#organization\"},\"potentialAction\":[{\"@type\":\"SearchAction\",\"target\":{\"@type\":\"EntryPoint\",\"urlTemplate\":\"https:\/\/arpenterlechemin.com\/?s={search_term_string}\"},\"query-input\":\"required name=search_term_string\"}],\"inLanguage\":\"fr-FR\"},{\"@type\":\"Organization\",\"@id\":\"https:\/\/arpenterlechemin.com\/#organization\",\"name\":\"Arpenter le chemin\",\"url\":\"https:\/\/arpenterlechemin.com\/\",\"logo\":{\"@type\":\"ImageObject\",\"inLanguage\":\"fr-FR\",\"@id\":\"https:\/\/arpenterlechemin.com\/#\/schema\/logo\/image\/\",\"url\":\"https:\/\/arpenterlechemin.com\/wp-content\/uploads\/2017\/04\/icone-4.jpg\",\"contentUrl\":\"https:\/\/arpenterlechemin.com\/wp-content\/uploads\/2017\/04\/icone-4.jpg\",\"width\":150,\"height\":73,\"caption\":\"Arpenter le chemin\"},\"image\":{\"@id\":\"https:\/\/arpenterlechemin.com\/#\/schema\/logo\/image\/\"}},{\"@type\":\"Person\",\"@id\":\"https:\/\/arpenterlechemin.com\/#\/schema\/person\/1d187818c0988fbea4d682c1e59c795c\",\"name\":\"Audrey\",\"image\":{\"@type\":\"ImageObject\",\"inLanguage\":\"fr-FR\",\"@id\":\"https:\/\/arpenterlechemin.com\/#\/schema\/person\/image\/\",\"url\":\"https:\/\/secure.gravatar.com\/avatar\/b75298f64c73f1709976c50921beae6a?s=96&d=mm&r=g\",\"contentUrl\":\"https:\/\/secure.gravatar.com\/avatar\/b75298f64c73f1709976c50921beae6a?s=96&d=mm&r=g\",\"caption\":\"Audrey\"},\"description\":\"Allergique \u00e0 la routine, atteinte de bougeotte aigu\u00eb, j'essaie de m'envoler aussi souvent que possible, seule, en couple ou entre amis ! Ville, nature, culture, rando... tout me va, \u00e0 partir du moment o\u00f9 je suis dehors.\",\"url\":\"https:\/\/arpenterlechemin.com\/index.php\/author\/audreyf\/\"}]}<\/script>\n<!-- \/ Yoast SEO plugin. -->","yoast_head_json":{"title":"\u00c9LUCUBRATIONS \/\/ Ces petites gal\u00e8res qu'on aime bien en voyage","description":"Moments improbables et petites gal\u00e8res en voyage, on a tous ces moments on est un peu d\u00e9pass\u00e9s par les \u00e9v\u00e9n\u00e9ments ! Je vous propose mon top 5 des gal\u00e8res...","robots":{"index":"index","follow":"follow","max-snippet":"max-snippet:-1","max-image-preview":"max-image-preview:large","max-video-preview":"max-video-preview:-1"},"canonical":"https:\/\/arpenterlechemin.com\/index.php\/2017\/01\/26\/ces-moments-improbables-quon-aime-bien-en-voyage-2\/","og_locale":"fr_FR","og_type":"article","og_title":"\u00c9LUCUBRATIONS \/\/ Ces petites gal\u00e8res qu'on aime bien en voyage","og_description":"Moments improbables et petites gal\u00e8res en voyage, on a tous ces moments on est un peu d\u00e9pass\u00e9s par les \u00e9v\u00e9n\u00e9ments ! Je vous propose mon top 5 des gal\u00e8res...","og_url":"https:\/\/arpenterlechemin.com\/index.php\/2017\/01\/26\/ces-moments-improbables-quon-aime-bien-en-voyage-2\/","og_site_name":"Arpenter le chemin","article_published_time":"2017-01-26T06:12:17+00:00","article_modified_time":"2020-09-05T00:33:51+00:00","og_image":[{"width":2638,"height":1981,"url":"https:\/\/arpenterlechemin.com\/wp-content\/uploads\/2017\/01\/MOMENTS-IMPROBABLES.jpg","type":"image\/jpeg"}],"author":"Audrey","twitter_card":"summary_large_image","twitter_misc":{"\u00c9crit par":"Audrey","Dur\u00e9e de lecture estim\u00e9e":"8 minutes"},"schema":{"@context":"https:\/\/schema.org","@graph":[{"@type":"Article","@id":"https:\/\/arpenterlechemin.com\/index.php\/2017\/01\/26\/ces-moments-improbables-quon-aime-bien-en-voyage-2\/#article","isPartOf":{"@id":"https:\/\/arpenterlechemin.com\/index.php\/2017\/01\/26\/ces-moments-improbables-quon-aime-bien-en-voyage-2\/"},"author":{"name":"Audrey","@id":"https:\/\/arpenterlechemin.com\/#\/schema\/person\/1d187818c0988fbea4d682c1e59c795c"},"headline":"\u00c9LUCUBRATIONS \/\/ Ces petites gal\u00e8res qu&rsquo;on aime bien en voyage","datePublished":"2017-01-26T06:12:17+00:00","dateModified":"2020-09-05T00:33:51+00:00","mainEntityOfPage":{"@id":"https:\/\/arpenterlechemin.com\/index.php\/2017\/01\/26\/ces-moments-improbables-quon-aime-bien-en-voyage-2\/"},"wordCount":1757,"commentCount":4,"publisher":{"@id":"https:\/\/arpenterlechemin.com\/#organization"},"keywords":["coulisses du blog","\u00e9lucubrations"],"articleSection":["Blog","\u00c9lucubrations","R\u00e9flexions"],"inLanguage":"fr-FR","potentialAction":[{"@type":"CommentAction","name":"Comment","target":["https:\/\/arpenterlechemin.com\/index.php\/2017\/01\/26\/ces-moments-improbables-quon-aime-bien-en-voyage-2\/#respond"]}]},{"@type":"WebPage","@id":"https:\/\/arpenterlechemin.com\/index.php\/2017\/01\/26\/ces-moments-improbables-quon-aime-bien-en-voyage-2\/","url":"https:\/\/arpenterlechemin.com\/index.php\/2017\/01\/26\/ces-moments-improbables-quon-aime-bien-en-voyage-2\/","name":"\u00c9LUCUBRATIONS \/\/ Ces petites gal\u00e8res qu'on aime bien en voyage","isPartOf":{"@id":"https:\/\/arpenterlechemin.com\/#website"},"datePublished":"2017-01-26T06:12:17+00:00","dateModified":"2020-09-05T00:33:51+00:00","description":"Moments improbables et petites gal\u00e8res en voyage, on a tous ces moments on est un peu d\u00e9pass\u00e9s par les \u00e9v\u00e9n\u00e9ments ! Je vous propose mon top 5 des gal\u00e8res...","breadcrumb":{"@id":"https:\/\/arpenterlechemin.com\/index.php\/2017\/01\/26\/ces-moments-improbables-quon-aime-bien-en-voyage-2\/#breadcrumb"},"inLanguage":"fr-FR","potentialAction":[{"@type":"ReadAction","target":["https:\/\/arpenterlechemin.com\/index.php\/2017\/01\/26\/ces-moments-improbables-quon-aime-bien-en-voyage-2\/"]}]},{"@type":"BreadcrumbList","@id":"https:\/\/arpenterlechemin.com\/index.php\/2017\/01\/26\/ces-moments-improbables-quon-aime-bien-en-voyage-2\/#breadcrumb","itemListElement":[{"@type":"ListItem","position":1,"name":"Home","item":"https:\/\/arpenterlechemin.com\/"},{"@type":"ListItem","position":2,"name":"\u00c9LUCUBRATIONS \/\/ Ces petites gal\u00e8res qu&rsquo;on aime bien en voyage"}]},{"@type":"WebSite","@id":"https:\/\/arpenterlechemin.com\/#website","url":"https:\/\/arpenterlechemin.com\/","name":"Arpenter le chemin","description":"","publisher":{"@id":"https:\/\/arpenterlechemin.com\/#organization"},"potentialAction":[{"@type":"SearchAction","target":{"@type":"EntryPoint","urlTemplate":"https:\/\/arpenterlechemin.com\/?s={search_term_string}"},"query-input":"required name=search_term_string"}],"inLanguage":"fr-FR"},{"@type":"Organization","@id":"https:\/\/arpenterlechemin.com\/#organization","name":"Arpenter le chemin","url":"https:\/\/arpenterlechemin.com\/","logo":{"@type":"ImageObject","inLanguage":"fr-FR","@id":"https:\/\/arpenterlechemin.com\/#\/schema\/logo\/image\/","url":"https:\/\/arpenterlechemin.com\/wp-content\/uploads\/2017\/04\/icone-4.jpg","contentUrl":"https:\/\/arpenterlechemin.com\/wp-content\/uploads\/2017\/04\/icone-4.jpg","width":150,"height":73,"caption":"Arpenter le chemin"},"image":{"@id":"https:\/\/arpenterlechemin.com\/#\/schema\/logo\/image\/"}},{"@type":"Person","@id":"https:\/\/arpenterlechemin.com\/#\/schema\/person\/1d187818c0988fbea4d682c1e59c795c","name":"Audrey","image":{"@type":"ImageObject","inLanguage":"fr-FR","@id":"https:\/\/arpenterlechemin.com\/#\/schema\/person\/image\/","url":"https:\/\/secure.gravatar.com\/avatar\/b75298f64c73f1709976c50921beae6a?s=96&d=mm&r=g","contentUrl":"https:\/\/secure.gravatar.com\/avatar\/b75298f64c73f1709976c50921beae6a?s=96&d=mm&r=g","caption":"Audrey"},"description":"Allergique \u00e0 la routine, atteinte de bougeotte aigu\u00eb, j'essaie de m'envoler aussi souvent que possible, seule, en couple ou entre amis ! Ville, nature, culture, rando... tout me va, \u00e0 partir du moment o\u00f9 je suis dehors.","url":"https:\/\/arpenterlechemin.com\/index.php\/author\/audreyf\/"}]}},"jetpack_featured_media_url":"https:\/\/arpenterlechemin.com\/wp-content\/uploads\/2017\/01\/MOMENTS-IMPROBABLES.jpg","jetpack_sharing_enabled":true,"jetpack_shortlink":"https:\/\/wp.me\/p8z9hR-u2","jetpack-related-posts":[{"id":4222,"url":"https:\/\/arpenterlechemin.com\/index.php\/2017\/11\/16\/elucubrations-quand-ma-niece-feuillettera-mes-albums-de-voyage\/","url_meta":{"origin":1862,"position":0},"title":"\u00c9LUCUBRATIONS \/\/ Quand ma ni\u00e8ce feuillettera mes albums de voyage","date":"16 novembre 2017","format":false,"excerpt":"Dans dix ans, j'aurai 43 ans (passons vite sur cette id\u00e9e perturbante) et ma ni\u00e8ce aura quinze ans. Elle s'amusera peut-\u00eatre \u00e0 feuilleter mes albums photo pour voir comment c'\u00e9tait avant, quand Tata Audrey \u00e9tait jeune, \u00e0 l'\u00e8re pr\u00e9historique (en 2017, donc). Elle feuillettera distraitement mes albums virtuels et je\u2026","rel":"","context":"Dans &quot;Blog&quot;","img":{"alt_text":"","src":"https:\/\/i0.wp.com\/arpenterlechemin.com\/wp-content\/uploads\/2017\/11\/TITRE-PHOTOS-VOYAGE.jpg?resize=350%2C200&ssl=1","width":350,"height":200},"classes":[]},{"id":4744,"url":"https:\/\/arpenterlechemin.com\/index.php\/2018\/03\/08\/douze-blogs-de-voyageuses-solo\/","url_meta":{"origin":1862,"position":1},"title":"Douze blogs de voyageuses solo","date":"8 mars 2018","format":false,"excerpt":"\u00c7a fait un moment que j'ai envie de faire une blogroll, et puis je repousse, et puis je procrastine... Aujourd'hui 8 mars, c'est la Journ\u00e9e internationale de droits des femmes, comme vous le savez tr\u00e8s probablement. Parler des droits des femmes et de f\u00e9minisme sur un blog de voyage, c'est\u2026","rel":"","context":"Dans &quot;Blog&quot;","img":{"alt_text":"","src":"https:\/\/i0.wp.com\/arpenterlechemin.com\/wp-content\/uploads\/2018\/03\/12-blogs-de-voyageuses-solo.jpg?resize=350%2C200&ssl=1","width":350,"height":200},"classes":[]},{"id":4694,"url":"https:\/\/arpenterlechemin.com\/index.php\/2019\/05\/03\/economiser-pour-partir-en-voyage\/","url_meta":{"origin":1862,"position":2},"title":"CONSEILS \/\/ Ce que je fais pour \u00e9conomiser pour partir en voyage","date":"3 mai 2019","format":false,"excerpt":"Bonjour \u00e0 tous ! Apr\u00e8s vous avoir donn\u00e9 quelques id\u00e9es que j'applique pour que mes voyages ne co\u00fbtent pas trop cher, j'avais envie de vous parler de ce que je fais pour \u00e9conomiser pour partir. La logique aurait voulu que je commence par ce billet, mais soyez gentils, faites comme\u2026","rel":"","context":"Dans &quot;Blog&quot;","img":{"alt_text":"","src":"https:\/\/i0.wp.com\/arpenterlechemin.com\/wp-content\/uploads\/2018\/03\/comment-economiser-avant-de-partir.jpg?resize=350%2C200&ssl=1","width":350,"height":200},"classes":[]},{"id":4116,"url":"https:\/\/arpenterlechemin.com\/index.php\/2017\/09\/18\/ode-a-lautomne\/","url_meta":{"origin":1862,"position":3},"title":"\u00c9LUCUBRATIONS \/\/ Ode \u00e0 l&rsquo;automne au Canada","date":"18 septembre 2017","format":false,"excerpt":"Ce blog n'a gu\u00e8re plus d'un an mais je suis d\u00e9j\u00e0 certaine d'une chose : il est incroyablement saisonnier. Difficile pour moi d'\u00e9crire hors saison, de parler de la beaut\u00e9 du blizzard en plein mois d'ao\u00fbt, d'\u00e9voquer la douceur du printemps au moment du r\u00e9veillon. J'ai besoin de baigner dans\u2026","rel":"","context":"Dans &quot;Am\u00e9rique du Nord&quot;","img":{"alt_text":"","src":"https:\/\/i0.wp.com\/arpenterlechemin.com\/wp-content\/uploads\/2017\/09\/titre-automne.jpg?resize=350%2C200&ssl=1","width":350,"height":200},"classes":[]},{"id":1398,"url":"https:\/\/arpenterlechemin.com\/index.php\/2016\/11\/24\/voyageuse-solo-et-introvertie-cest-possible-2\/","url_meta":{"origin":1862,"position":4},"title":"\u00c9LUCUBRATIONS \/\/ Voyageuse solo et introvertie : c&rsquo;est possible !","date":"24 novembre 2016","format":false,"excerpt":"Quand j'annonce que je vais voyager en solo, la m\u00eame\u00a0r\u00e9action revient dans environ 99,99 % des cas. Mais tu vas rencontrer des gens en chemin, non ? Tu vas aller dans des auberges de jeunesse, pour rencontrer des gens ? Oh c'est super, c'est comme \u00e7a qu'on rencontre le plus\u2026","rel":"","context":"Dans &quot;Blog&quot;","img":{"alt_text":"","src":"https:\/\/i0.wp.com\/arpenterlechemin.com\/wp-content\/uploads\/2016\/11\/WP_000587-bis.jpg?resize=350%2C200&ssl=1","width":350,"height":200},"classes":[]},{"id":929,"url":"https:\/\/arpenterlechemin.com\/index.php\/2016\/10\/24\/tirer-parti-de-ses-escales-en-avion-2\/","url_meta":{"origin":1862,"position":5},"title":"\u00c9LUCUBRATIONS \/\/ Tirer parti de ses escales en avion","date":"24 octobre 2016","format":false,"excerpt":"Dans la vie, il y a trois sortes d'escales. Les courtes, les moyennes et les longues. Je pourrai faire plein de jeux de mot graveleux mais sachez que seules les courtes\u00a0et les longues en valent la peine. Oubliez les moyennes. Car sans longue escale, comment vous aurais-je fait profiter du\u2026","rel":"","context":"Dans &quot;Blog&quot;","img":{"alt_text":"","src":"https:\/\/i0.wp.com\/arpenterlechemin.com\/wp-content\/uploads\/2016\/09\/titre-tirer-parti-dune-escale-en-avion.jpg?resize=350%2C200&ssl=1","width":350,"height":200},"classes":[]}],"_links":{"self":[{"href":"https:\/\/arpenterlechemin.com\/index.php\/wp-json\/wp\/v2\/posts\/1862"}],"collection":[{"href":"https:\/\/arpenterlechemin.com\/index.php\/wp-json\/wp\/v2\/posts"}],"about":[{"href":"https:\/\/arpenterlechemin.com\/index.php\/wp-json\/wp\/v2\/types\/post"}],"author":[{"embeddable":true,"href":"https:\/\/arpenterlechemin.com\/index.php\/wp-json\/wp\/v2\/users\/1"}],"replies":[{"embeddable":true,"href":"https:\/\/arpenterlechemin.com\/index.php\/wp-json\/wp\/v2\/comments?post=1862"}],"version-history":[{"count":0,"href":"https:\/\/arpenterlechemin.com\/index.php\/wp-json\/wp\/v2\/posts\/1862\/revisions"}],"wp:featuredmedia":[{"embeddable":true,"href":"https:\/\/arpenterlechemin.com\/index.php\/wp-json\/wp\/v2\/media\/1870"}],"wp:attachment":[{"href":"https:\/\/arpenterlechemin.com\/index.php\/wp-json\/wp\/v2\/media?parent=1862"}],"wp:term":[{"taxonomy":"category","embeddable":true,"href":"https:\/\/arpenterlechemin.com\/index.php\/wp-json\/wp\/v2\/categories?post=1862"},{"taxonomy":"post_tag","embeddable":true,"href":"https:\/\/arpenterlechemin.com\/index.php\/wp-json\/wp\/v2\/tags?post=1862"}],"curies":[{"name":"wp","href":"https:\/\/api.w.org\/{rel}","templated":true}]}}