{"id":1471,"date":"2016-11-30T02:53:43","date_gmt":"2016-11-30T06:53:43","guid":{"rendered":"http:\/\/arpenterlechemin.com\/?p=1471"},"modified":"2019-07-15T18:13:38","modified_gmt":"2019-07-15T22:13:38","slug":"antigua-guatemala-cinq-idees-de-visites-culturelles-2","status":"publish","type":"post","link":"https:\/\/arpenterlechemin.com\/index.php\/2016\/11\/30\/antigua-guatemala-cinq-idees-de-visites-culturelles-2\/","title":{"rendered":"GUATEMALA \/\/ Que visiter \u00e0 Antigua Guatemala"},"content":{"rendered":"<p>Je dois l&rsquo;avouer : <strong>mon s\u00e9jour \u00e0 Antigua est paresseux<\/strong>. Hormis les matin\u00e9es pass\u00e9es \u00e0 traduire &#8211; raison d&rsquo;\u00eatre du voyage, ne l&rsquo;oublions &#8211; mes apr\u00e8s-midi s&rsquo;\u00e9tirent avec une langueur toute m\u00e9ridionale. Je me d\u00e9lecte de ces heures calmes, o\u00f9 ma seule pr\u00e9occupation est de trouver un caf\u00e9 accueillant, un lieu photog\u00e9nique, et ce que je vais manger le soir m\u00eame. C&rsquo;est tout.<\/p>\n<p>Pour autant, en l&rsquo;espace de trois semaines, j&rsquo;ai eu le temps de visiter de nombreux sites, voire d&rsquo;y retourner pour certains. Voici mes pr\u00e9f\u00e9r\u00e9s.<\/p>\n<h3><span style=\"color: #000080;\"><strong>Casa Santo Domingo<\/strong><\/span><\/h3>\n<p>Les ruines du <strong>couvent Santo Domingo<\/strong> ne sont pas difficiles \u00e0 trouver, mais n\u00e9anmoins impressionnantes : pour y acc\u00e9der, il faut oser p\u00e9n\u00e9trer dans l&rsquo;enceinte du tr\u00e8s chic h\u00f4tel Casa Santo Domingo, avec son ambiance feutr\u00e9, ses vigiles en costume et son lobby de 50 m\u00e8tres de long. Tout le site a \u00e9t\u00e9 r\u00e9cup\u00e9r\u00e9, et mis en valeur par l&rsquo;h\u00f4tel pour en faire <strong>un havre de paix somptueux<\/strong>, au paysagisme irr\u00e9prochable.<\/p>\n<p>La fontaine est relaxante, l&rsquo;ancienne nef est impressionnante et <strong>la vue depuis la plateforme, \u00e0 couper le souffle<\/strong>. Devant la fontaine, dirigez-vous sur la droite, montez le premier escalier, puis le deuxi\u00e8me au fond : la vue est captivante.<\/p>\n<p><span style=\"color: #0000ff;\">Acc\u00e8s<\/span> Casa Santo Domingo, 3a calle oriente. Entrez dans <a href=\"https:\/\/www.booking.com\/hotel\/gt\/museo-casa-santo-domingo.en.html?aid=1571475&amp;no_rooms=1&amp;group_adults=1\">l&rsquo;h\u00f4tel<\/a>, traversez le lobby et dirigez-vous vers la cour au fond. Vous pouvez acc\u00e9der \u00e0 toutes les ruines gratuitement ; les panneaux qui indiquent un tarif de 50 Q ne concernent que les mus\u00e9es.<\/p>\n<p><img decoding=\"async\" loading=\"lazy\" class=\"aligncenter wp-image-1499 size-full\" src=\"https:\/\/arpenterlechemin.com\/wp-content\/uploads\/2016\/11\/1200658-2.jpg\" alt=\"_1200658-2\" width=\"4592\" height=\"3448\" srcset=\"https:\/\/arpenterlechemin.com\/wp-content\/uploads\/2016\/11\/1200658-2.jpg 4592w, https:\/\/arpenterlechemin.com\/wp-content\/uploads\/2016\/11\/1200658-2-300x225.jpg 300w, https:\/\/arpenterlechemin.com\/wp-content\/uploads\/2016\/11\/1200658-2-768x577.jpg 768w, https:\/\/arpenterlechemin.com\/wp-content\/uploads\/2016\/11\/1200658-2-1024x769.jpg 1024w\" sizes=\"(max-width: 4592px) 100vw, 4592px\" \/><\/p>\n<p><img decoding=\"async\" loading=\"lazy\" class=\"aligncenter wp-image-1500 size-full\" src=\"https:\/\/arpenterlechemin.com\/wp-content\/uploads\/2016\/11\/1200668-2.jpg\" alt=\"_1200668-2\" width=\"4592\" height=\"3448\" srcset=\"https:\/\/arpenterlechemin.com\/wp-content\/uploads\/2016\/11\/1200668-2.jpg 4592w, https:\/\/arpenterlechemin.com\/wp-content\/uploads\/2016\/11\/1200668-2-300x225.jpg 300w, https:\/\/arpenterlechemin.com\/wp-content\/uploads\/2016\/11\/1200668-2-768x577.jpg 768w, https:\/\/arpenterlechemin.com\/wp-content\/uploads\/2016\/11\/1200668-2-1024x769.jpg 1024w\" sizes=\"(max-width: 4592px) 100vw, 4592px\" \/><\/p>\n<p><img decoding=\"async\" loading=\"lazy\" class=\"aligncenter wp-image-1501 size-full\" src=\"https:\/\/arpenterlechemin.com\/wp-content\/uploads\/2016\/11\/1200683-2.jpg\" alt=\"_1200683-2\" width=\"4592\" height=\"3448\" srcset=\"https:\/\/arpenterlechemin.com\/wp-content\/uploads\/2016\/11\/1200683-2.jpg 4592w, https:\/\/arpenterlechemin.com\/wp-content\/uploads\/2016\/11\/1200683-2-300x225.jpg 300w, https:\/\/arpenterlechemin.com\/wp-content\/uploads\/2016\/11\/1200683-2-768x577.jpg 768w, https:\/\/arpenterlechemin.com\/wp-content\/uploads\/2016\/11\/1200683-2-1024x769.jpg 1024w\" sizes=\"(max-width: 4592px) 100vw, 4592px\" \/><\/p>\n<p><img decoding=\"async\" loading=\"lazy\" class=\"aligncenter wp-image-1502 size-full\" src=\"https:\/\/arpenterlechemin.com\/wp-content\/uploads\/2016\/11\/1200684-2.jpg\" alt=\"_1200684-2\" width=\"4592\" height=\"3448\" srcset=\"https:\/\/arpenterlechemin.com\/wp-content\/uploads\/2016\/11\/1200684-2.jpg 4592w, https:\/\/arpenterlechemin.com\/wp-content\/uploads\/2016\/11\/1200684-2-300x225.jpg 300w, https:\/\/arpenterlechemin.com\/wp-content\/uploads\/2016\/11\/1200684-2-768x577.jpg 768w, https:\/\/arpenterlechemin.com\/wp-content\/uploads\/2016\/11\/1200684-2-1024x769.jpg 1024w\" sizes=\"(max-width: 4592px) 100vw, 4592px\" \/><\/p>\n<h3><span style=\"color: #000080;\"><strong>Cath\u00e9drale San Jose<\/strong><\/span><\/h3>\n<p>La <strong>cath\u00e9drale San Jos\u00e9<\/strong> borde le <strong>Parque central<\/strong> de sa fa\u00e7ade de western, vide derri\u00e8re. Pour acc\u00e9der aux ruines, passez par la 5a calle. Le site n&rsquo;est pas bien grand mais profond\u00e9ment magique. L&rsquo;\u00e9glise a subi d&rsquo;innombrables tremblements de terre, dont le dernier date de 1773. Ce sont donc des ruines du XVIIIe si\u00e8cle qu&rsquo;on arpente l\u00e0, et dont la charpente tient toujours. Le toit s&rsquo;est en revanche effondr\u00e9, laissant \u00e0 nu <strong>les arc-boutants qui abritent d\u00e9sormais des pigeons<\/strong> qui nous gratifient parfois d&rsquo;un vol photog\u00e9nique.<\/p>\n<p><span style=\"color: #0000ff;\">Acc\u00e8s<\/span> 5a calle juste \u00e0 l&rsquo;est du Parque central, 8 Q<\/p>\n<p><img decoding=\"async\" loading=\"lazy\" class=\"aligncenter wp-image-1494 size-full\" src=\"https:\/\/arpenterlechemin.com\/wp-content\/uploads\/2016\/11\/1200432-2.jpg\" alt=\"_1200432-2\" width=\"4592\" height=\"3448\" srcset=\"https:\/\/arpenterlechemin.com\/wp-content\/uploads\/2016\/11\/1200432-2.jpg 4592w, https:\/\/arpenterlechemin.com\/wp-content\/uploads\/2016\/11\/1200432-2-300x225.jpg 300w, https:\/\/arpenterlechemin.com\/wp-content\/uploads\/2016\/11\/1200432-2-768x577.jpg 768w, https:\/\/arpenterlechemin.com\/wp-content\/uploads\/2016\/11\/1200432-2-1024x769.jpg 1024w\" sizes=\"(max-width: 4592px) 100vw, 4592px\" \/><\/p>\n<p><img decoding=\"async\" loading=\"lazy\" class=\"aligncenter wp-image-1497 size-full\" src=\"https:\/\/arpenterlechemin.com\/wp-content\/uploads\/2016\/11\/1200595-2-1.jpg\" alt=\"_1200595-2\" width=\"4592\" height=\"3448\" srcset=\"https:\/\/arpenterlechemin.com\/wp-content\/uploads\/2016\/11\/1200595-2-1.jpg 4592w, https:\/\/arpenterlechemin.com\/wp-content\/uploads\/2016\/11\/1200595-2-1-300x225.jpg 300w, https:\/\/arpenterlechemin.com\/wp-content\/uploads\/2016\/11\/1200595-2-1-768x577.jpg 768w, https:\/\/arpenterlechemin.com\/wp-content\/uploads\/2016\/11\/1200595-2-1-1024x769.jpg 1024w\" sizes=\"(max-width: 4592px) 100vw, 4592px\" \/><\/p>\n<p><img decoding=\"async\" loading=\"lazy\" class=\"aligncenter wp-image-1498 size-full\" src=\"https:\/\/arpenterlechemin.com\/wp-content\/uploads\/2016\/11\/1200612.jpg\" alt=\"_1200612\" width=\"4592\" height=\"3448\" srcset=\"https:\/\/arpenterlechemin.com\/wp-content\/uploads\/2016\/11\/1200612.jpg 4592w, https:\/\/arpenterlechemin.com\/wp-content\/uploads\/2016\/11\/1200612-300x225.jpg 300w, https:\/\/arpenterlechemin.com\/wp-content\/uploads\/2016\/11\/1200612-768x577.jpg 768w, https:\/\/arpenterlechemin.com\/wp-content\/uploads\/2016\/11\/1200612-1024x769.jpg 1024w\" sizes=\"(max-width: 4592px) 100vw, 4592px\" \/><\/p>\n<h3><span style=\"color: #000080;\"><strong>Cerro de la Cruz<\/strong><\/span><\/h3>\n<p>Autrefois lieu mal fr\u00e9quent\u00e9, le parc en hauteur du <strong>Cerro de la Cruz<\/strong> a retrouv\u00e9 ses lettres de noblesse depuis quatre ans, et son acc\u00e8s semble d\u00e9sormais s\u00fbr. Quand le volcan Agua daigne sortir des nuages et nous gratifier du bout de son nez, fonce \u00e0 ce parc pour une vue \u00e9crasante.<\/p>\n<p>Le parc en soi n&rsquo;a rien de sp\u00e9cial ; un bout de pelouse poussi\u00e9reuse et des bancs en b\u00e9ton&#8230; mais cette vue ! Cette vue. Je ne pense pas qu&rsquo;on puisse s&rsquo;en lasser. <strong>Antigua \u00e0 nos pieds, Agua suspendu dans le ciel.<\/strong> Un lieu propice \u00e0 l&rsquo;inspiration.<\/p>\n<p><span style=\"color: #0000ff;\">Acc\u00e8s<\/span> au bout de la 1a avenida, prenez les escaliers. L&rsquo;acc\u00e8s gratuit est surveill\u00e9 de 8 \u00e0 16 h. En-dehors de ces heures, je ne conseille pas du tout d&rsquo;y aller.<\/p>\n<p><img decoding=\"async\" loading=\"lazy\" class=\"aligncenter wp-image-1495 size-full\" src=\"https:\/\/arpenterlechemin.com\/wp-content\/uploads\/2016\/11\/1200439-3.jpg\" alt=\"_1200439-3\" width=\"4529\" height=\"3401\" srcset=\"https:\/\/arpenterlechemin.com\/wp-content\/uploads\/2016\/11\/1200439-3.jpg 4529w, https:\/\/arpenterlechemin.com\/wp-content\/uploads\/2016\/11\/1200439-3-300x225.jpg 300w, https:\/\/arpenterlechemin.com\/wp-content\/uploads\/2016\/11\/1200439-3-768x577.jpg 768w, https:\/\/arpenterlechemin.com\/wp-content\/uploads\/2016\/11\/1200439-3-1024x769.jpg 1024w\" sizes=\"(max-width: 4529px) 100vw, 4529px\" \/><\/p>\n<p><img decoding=\"async\" loading=\"lazy\" class=\"aligncenter wp-image-1496 size-full\" src=\"https:\/\/arpenterlechemin.com\/wp-content\/uploads\/2016\/11\/1200561.jpg\" alt=\"_1200561\" width=\"4592\" height=\"3448\" srcset=\"https:\/\/arpenterlechemin.com\/wp-content\/uploads\/2016\/11\/1200561.jpg 4592w, https:\/\/arpenterlechemin.com\/wp-content\/uploads\/2016\/11\/1200561-300x225.jpg 300w, https:\/\/arpenterlechemin.com\/wp-content\/uploads\/2016\/11\/1200561-768x577.jpg 768w, https:\/\/arpenterlechemin.com\/wp-content\/uploads\/2016\/11\/1200561-1024x769.jpg 1024w\" sizes=\"(max-width: 4592px) 100vw, 4592px\" \/><\/p>\n<h3><span style=\"color: #000080;\"><strong>Tanque de la Union et Convento Santa Clara<\/strong><\/span><\/h3>\n<p>Encore une ruine ? Mais oui, la ville enti\u00e8re est en ruines&#8230; ou presque ! Je regroupe en un deux sites voisins : le <strong>Tanque de la Union<\/strong> et le <strong>couvent Santa Clara.<\/strong><\/p>\n<p>Le Tanque de la Union, c&rsquo;est un lavoir gigantesque, qui sert surtout d\u00e9sormais de lieu de rendez-vous aux amoureux, de ce que je peux voir. Ses <strong>grandes colonnades jaunes<\/strong> sont bord\u00e9es d&rsquo;un c\u00f4t\u00e9 par de hauts palmiers, de l&rsquo;autre par les murs gigantesque du <strong>couvent Santa Clara<\/strong>.<\/p>\n<p>Une fois pass\u00e9es les premi\u00e8res salles aust\u00e8res, j&rsquo;arrive \u00e0 un jardin fantastique. <strong>Une immense fontaine, le soleil couchant, les ruines des galeries.<\/strong> Dans une autre salle, je retrouve les nefs d\u00e9capit\u00e9es que j&rsquo;avais vues \u00e0 la cath\u00e9drale San Jos\u00e9, toujours aussi magiques. Et le volcan. Encore le volcan ? Ce que vous ne savez pas, c&rsquo;est qu&rsquo;un contrat nous lie, lui et moi. Je suis contractuellement oblig\u00e9e de l&rsquo;inclure dans toutes mes chroniques, voire plusieurs fois par chronique, sinon on me renvoie au Canada, vous comprenez ?<\/p>\n<p><span style=\"color: #0000ff;\">Acc\u00e8s<\/span> 5a calle et 2a avenida. Le Tanque de la Union est gratuit et accessible \u00e0 tout moment, mais le couvent de Santa Clara ouvre de 9 h \u00e0 17 h. 40 Q pour les \u00e9trangers.<\/p>\n<p><img decoding=\"async\" loading=\"lazy\" class=\"aligncenter wp-image-1552 size-full\" src=\"https:\/\/arpenterlechemin.com\/wp-content\/uploads\/2016\/11\/1210046.jpg\" alt=\"_1210046\" width=\"4592\" height=\"3448\" srcset=\"https:\/\/arpenterlechemin.com\/wp-content\/uploads\/2016\/11\/1210046.jpg 4592w, https:\/\/arpenterlechemin.com\/wp-content\/uploads\/2016\/11\/1210046-300x225.jpg 300w, https:\/\/arpenterlechemin.com\/wp-content\/uploads\/2016\/11\/1210046-768x577.jpg 768w, https:\/\/arpenterlechemin.com\/wp-content\/uploads\/2016\/11\/1210046-1024x769.jpg 1024w\" sizes=\"(max-width: 4592px) 100vw, 4592px\" \/><\/p>\n<p><img decoding=\"async\" loading=\"lazy\" class=\"aligncenter wp-image-1553 size-full\" src=\"https:\/\/arpenterlechemin.com\/wp-content\/uploads\/2016\/11\/1210009-2.jpg\" alt=\"_1210009-2\" width=\"4592\" height=\"3448\" srcset=\"https:\/\/arpenterlechemin.com\/wp-content\/uploads\/2016\/11\/1210009-2.jpg 4592w, https:\/\/arpenterlechemin.com\/wp-content\/uploads\/2016\/11\/1210009-2-300x225.jpg 300w, https:\/\/arpenterlechemin.com\/wp-content\/uploads\/2016\/11\/1210009-2-768x577.jpg 768w, https:\/\/arpenterlechemin.com\/wp-content\/uploads\/2016\/11\/1210009-2-1024x769.jpg 1024w\" sizes=\"(max-width: 4592px) 100vw, 4592px\" \/><\/p>\n<p><img decoding=\"async\" loading=\"lazy\" class=\"aligncenter wp-image-1551 size-full\" src=\"https:\/\/arpenterlechemin.com\/wp-content\/uploads\/2016\/11\/1210036-2.jpg\" alt=\"_1210036-2\" width=\"4592\" height=\"3448\" srcset=\"https:\/\/arpenterlechemin.com\/wp-content\/uploads\/2016\/11\/1210036-2.jpg 4592w, https:\/\/arpenterlechemin.com\/wp-content\/uploads\/2016\/11\/1210036-2-300x225.jpg 300w, https:\/\/arpenterlechemin.com\/wp-content\/uploads\/2016\/11\/1210036-2-768x577.jpg 768w, https:\/\/arpenterlechemin.com\/wp-content\/uploads\/2016\/11\/1210036-2-1024x769.jpg 1024w\" sizes=\"(max-width: 4592px) 100vw, 4592px\" \/><\/p>\n<p><img decoding=\"async\" loading=\"lazy\" class=\"aligncenter wp-image-1554 size-full\" src=\"https:\/\/arpenterlechemin.com\/wp-content\/uploads\/2016\/11\/1210016-2.jpg\" alt=\"_1210016-2\" width=\"4592\" height=\"3448\" srcset=\"https:\/\/arpenterlechemin.com\/wp-content\/uploads\/2016\/11\/1210016-2.jpg 4592w, https:\/\/arpenterlechemin.com\/wp-content\/uploads\/2016\/11\/1210016-2-300x225.jpg 300w, https:\/\/arpenterlechemin.com\/wp-content\/uploads\/2016\/11\/1210016-2-768x577.jpg 768w, https:\/\/arpenterlechemin.com\/wp-content\/uploads\/2016\/11\/1210016-2-1024x769.jpg 1024w\" sizes=\"(max-width: 4592px) 100vw, 4592px\" \/><\/p>\n<p><img decoding=\"async\" loading=\"lazy\" class=\"aligncenter wp-image-1555 size-full\" src=\"https:\/\/arpenterlechemin.com\/wp-content\/uploads\/2016\/11\/1210026-2.jpg\" alt=\"_1210026-2\" width=\"4592\" height=\"3448\" srcset=\"https:\/\/arpenterlechemin.com\/wp-content\/uploads\/2016\/11\/1210026-2.jpg 4592w, https:\/\/arpenterlechemin.com\/wp-content\/uploads\/2016\/11\/1210026-2-300x225.jpg 300w, https:\/\/arpenterlechemin.com\/wp-content\/uploads\/2016\/11\/1210026-2-768x577.jpg 768w, https:\/\/arpenterlechemin.com\/wp-content\/uploads\/2016\/11\/1210026-2-1024x769.jpg 1024w\" sizes=\"(max-width: 4592px) 100vw, 4592px\" \/><\/p>\n<h3><span style=\"color: #000080;\"><strong>Santo Domingo del Cerro<\/strong><\/span><\/h3>\n<p>Une visite vraiment diff\u00e9rente, que j&rsquo;ai beaucoup appr\u00e9ci\u00e9e. Perch\u00e9 sur une colline, <strong>un centre artistique doubl\u00e9 d&rsquo;un restaurant offre une belle vue sur l&rsquo;Agua<\/strong>, m\u00eame si on ne voit pas vraiment la ville en contrebas.<\/p>\n<p>Mais tout l&rsquo;int\u00e9r\u00eat, ce sont les sculptures, les mosa\u00efques, les peintures, autant d&rsquo;oeuvres d&rsquo;artistes guat\u00e9malt\u00e8ques contemporains comme Efrain Recinos, Luis Diaz et Carlos Merida.<\/p>\n<p>J&rsquo;ai particuli\u00e8rement aim\u00e9 les <strong>sculptures de Luis Diaz<\/strong>, tout en transparence et l\u00e9g\u00e8ret\u00e9 pour jouer avec ce qui les entoure. Les mosa\u00efques color\u00e9es parsem\u00e9es dans le centre offre une touche ludique avec leurs animaux rigolos, tandis que certaines oeuvres avaient une teneur plus religieuse, de par la pr\u00e9sence d&rsquo;une chapelle sur le site.<\/p>\n<p>Je conseille vivement cette petite excursion, <strong>\u00e0 15 minutes de navette de la ville<\/strong>, pour appr\u00e9cier une autre facette du Guatemala. On peut aussi reprendre des forces au restaurant El Tenedor del Cerro, m\u00eame s&rsquo;il vaut mieux pr\u00e9voir un certain budget.<\/p>\n<p><span style=\"color: #0000ff;\">Acc\u00e8s<\/span>\u00a0Depuis l&rsquo;h\u00f4tel Casa Santo Domingo (3a calle oriente, 28A) une navette gratuite vous y emm\u00e8ne toutes les heures (\u00e0 la demi), de 7 \u00e0 21 heures. L&rsquo;acc\u00e8s au centre artistique est gratuit.<\/p>\n<p><img decoding=\"async\" loading=\"lazy\" class=\"aligncenter wp-image-1578 size-full\" src=\"https:\/\/arpenterlechemin.com\/wp-content\/uploads\/2016\/11\/1210131.jpg\" alt=\"_1210131\" width=\"4592\" height=\"3448\" srcset=\"https:\/\/arpenterlechemin.com\/wp-content\/uploads\/2016\/11\/1210131.jpg 4592w, https:\/\/arpenterlechemin.com\/wp-content\/uploads\/2016\/11\/1210131-300x225.jpg 300w, https:\/\/arpenterlechemin.com\/wp-content\/uploads\/2016\/11\/1210131-768x577.jpg 768w, https:\/\/arpenterlechemin.com\/wp-content\/uploads\/2016\/11\/1210131-1024x769.jpg 1024w\" sizes=\"(max-width: 4592px) 100vw, 4592px\" \/><\/p>\n<p><img decoding=\"async\" loading=\"lazy\" class=\"aligncenter wp-image-1580 size-full\" src=\"https:\/\/arpenterlechemin.com\/wp-content\/uploads\/2016\/11\/1210100.jpg\" alt=\"_1210100\" width=\"4592\" height=\"3448\" srcset=\"https:\/\/arpenterlechemin.com\/wp-content\/uploads\/2016\/11\/1210100.jpg 4592w, https:\/\/arpenterlechemin.com\/wp-content\/uploads\/2016\/11\/1210100-300x225.jpg 300w, https:\/\/arpenterlechemin.com\/wp-content\/uploads\/2016\/11\/1210100-768x577.jpg 768w, https:\/\/arpenterlechemin.com\/wp-content\/uploads\/2016\/11\/1210100-1024x769.jpg 1024w\" sizes=\"(max-width: 4592px) 100vw, 4592px\" \/><\/p>\n<p><img decoding=\"async\" loading=\"lazy\" class=\"aligncenter wp-image-1581 size-full\" src=\"https:\/\/arpenterlechemin.com\/wp-content\/uploads\/2016\/11\/1210103.jpg\" alt=\"_1210103\" width=\"4592\" height=\"3448\" srcset=\"https:\/\/arpenterlechemin.com\/wp-content\/uploads\/2016\/11\/1210103.jpg 4592w, https:\/\/arpenterlechemin.com\/wp-content\/uploads\/2016\/11\/1210103-300x225.jpg 300w, https:\/\/arpenterlechemin.com\/wp-content\/uploads\/2016\/11\/1210103-768x577.jpg 768w, https:\/\/arpenterlechemin.com\/wp-content\/uploads\/2016\/11\/1210103-1024x769.jpg 1024w\" sizes=\"(max-width: 4592px) 100vw, 4592px\" \/><\/p>\n<p><img decoding=\"async\" loading=\"lazy\" class=\"aligncenter wp-image-1583 size-full\" src=\"https:\/\/arpenterlechemin.com\/wp-content\/uploads\/2016\/11\/1210107.jpg\" alt=\"_1210107\" width=\"4592\" height=\"3448\" srcset=\"https:\/\/arpenterlechemin.com\/wp-content\/uploads\/2016\/11\/1210107.jpg 4592w, https:\/\/arpenterlechemin.com\/wp-content\/uploads\/2016\/11\/1210107-300x225.jpg 300w, https:\/\/arpenterlechemin.com\/wp-content\/uploads\/2016\/11\/1210107-768x577.jpg 768w, https:\/\/arpenterlechemin.com\/wp-content\/uploads\/2016\/11\/1210107-1024x769.jpg 1024w\" sizes=\"(max-width: 4592px) 100vw, 4592px\" \/><\/p>\n<p><img decoding=\"async\" loading=\"lazy\" class=\"aligncenter wp-image-1584 size-full\" src=\"https:\/\/arpenterlechemin.com\/wp-content\/uploads\/2016\/11\/1210113.jpg\" alt=\"_1210113\" width=\"4592\" height=\"3448\" srcset=\"https:\/\/arpenterlechemin.com\/wp-content\/uploads\/2016\/11\/1210113.jpg 4592w, https:\/\/arpenterlechemin.com\/wp-content\/uploads\/2016\/11\/1210113-300x225.jpg 300w, https:\/\/arpenterlechemin.com\/wp-content\/uploads\/2016\/11\/1210113-768x577.jpg 768w, https:\/\/arpenterlechemin.com\/wp-content\/uploads\/2016\/11\/1210113-1024x769.jpg 1024w\" sizes=\"(max-width: 4592px) 100vw, 4592px\" \/><\/p>\n<p><img decoding=\"async\" loading=\"lazy\" class=\"aligncenter wp-image-1585 size-full\" src=\"https:\/\/arpenterlechemin.com\/wp-content\/uploads\/2016\/11\/1210126.jpg\" alt=\"_1210126\" width=\"4592\" height=\"3448\" srcset=\"https:\/\/arpenterlechemin.com\/wp-content\/uploads\/2016\/11\/1210126.jpg 4592w, https:\/\/arpenterlechemin.com\/wp-content\/uploads\/2016\/11\/1210126-300x225.jpg 300w, https:\/\/arpenterlechemin.com\/wp-content\/uploads\/2016\/11\/1210126-768x577.jpg 768w, https:\/\/arpenterlechemin.com\/wp-content\/uploads\/2016\/11\/1210126-1024x769.jpg 1024w\" sizes=\"(max-width: 4592px) 100vw, 4592px\" \/><\/p>\n<h3><span style=\"color: #333399;\">O\u00f9 dormir \u00e0 Antigua Guatemala<\/span><\/h3>\n<ul>\n<li>Casa del Sol, Callejon del Sol 5A, juste en face des ruines de Santo Domingo, \u00e0 5-10 minutes \u00e0 pied du Parque Central et 15 minutes du march\u00e9. \u00c0 voir sur\u00a0<a href=\"https:\/\/fr.airbnb.com\/rooms\/6247537\">AirBnb<\/a>, comptez 10 \u20ac la nuit. Pour une chambre priv\u00e9e, qui dit mieux ?<\/li>\n<li>Juste en face, pour les gros budgets, l\u2019h\u00f4tel\u00a0<a href=\"https:\/\/www.booking.com\/hotel\/gt\/museo-casa-santo-domingo.en.html?aid=1571475&amp;no_rooms=1&amp;group_adults=1\">Museo Casa de Santo Domingo<\/a>\u00a0offre un cadre enchanteur.<\/li>\n<\/ul>\n<p style=\"text-align: center;\"><a href=\"https:\/\/www.booking.com\/guest-house\/index.html?aid=1571475\"><em>R\u00e9servez votre h\u00e9bergement \u00e0 Antigua Guatemala en ligne<\/em><\/a><em> | <a href=\"https:\/\/www.chapkadirect.fr\/index.php?app=cd_arpchem\">Avez-vous pens\u00e9 \u00e0 une assurance voyage pour le Guatemala ?<\/a><\/em><\/p>\n<p><em>Et vous, vous aimez les visites culturelles ? Quel type de visite pr\u00e9f\u00e9rez-vous ? Racontez-moi dans les commentaires ! Ce billet des <a href=\"https:\/\/arpenterlechemin.com\/index.php\/2018\/12\/01\/soutenir-blog\/\">liens affili\u00e9s<\/a> : par votre r\u00e9servation via ce lien, vous soutenez mes efforts avec ce blog. Merci !<\/em><\/p>\n<p><img decoding=\"async\" loading=\"lazy\" class=\"size-medium wp-image-8017 alignnone\" src=\"https:\/\/arpenterlechemin.com\/wp-content\/uploads\/2016\/11\/que-voir-ou-dormir-antigua-guatemala-amerique-centrale-blog-voyage-arpenter-le-chemin-267x400.jpg\" alt=\"que voir ou dormir antigua guatemala amerique centrale blog voyage arpenter le chemin\" width=\"267\" height=\"400\" srcset=\"https:\/\/arpenterlechemin.com\/wp-content\/uploads\/2016\/11\/que-voir-ou-dormir-antigua-guatemala-amerique-centrale-blog-voyage-arpenter-le-chemin-267x400.jpg 267w, https:\/\/arpenterlechemin.com\/wp-content\/uploads\/2016\/11\/que-voir-ou-dormir-antigua-guatemala-amerique-centrale-blog-voyage-arpenter-le-chemin-390x585.jpg 390w, https:\/\/arpenterlechemin.com\/wp-content\/uploads\/2016\/11\/que-voir-ou-dormir-antigua-guatemala-amerique-centrale-blog-voyage-arpenter-le-chemin.jpg 735w\" sizes=\"(max-width: 267px) 100vw, 267px\" \/><img decoding=\"async\" loading=\"lazy\" class=\"size-medium wp-image-8016 alignnone\" src=\"https:\/\/arpenterlechemin.com\/wp-content\/uploads\/2016\/11\/antigua-guatemala-blog-voyage-solo-au-feminin-que-voir-arpenter-le-chemin-267x400.jpg\" alt=\"\" width=\"267\" height=\"400\" srcset=\"https:\/\/arpenterlechemin.com\/wp-content\/uploads\/2016\/11\/antigua-guatemala-blog-voyage-solo-au-feminin-que-voir-arpenter-le-chemin-267x400.jpg 267w, https:\/\/arpenterlechemin.com\/wp-content\/uploads\/2016\/11\/antigua-guatemala-blog-voyage-solo-au-feminin-que-voir-arpenter-le-chemin-390x585.jpg 390w, https:\/\/arpenterlechemin.com\/wp-content\/uploads\/2016\/11\/antigua-guatemala-blog-voyage-solo-au-feminin-que-voir-arpenter-le-chemin.jpg 735w\" sizes=\"(max-width: 267px) 100vw, 267px\" \/><img decoding=\"async\" loading=\"lazy\" class=\"size-medium wp-image-8015 alignnone\" src=\"https:\/\/arpenterlechemin.com\/wp-content\/uploads\/2016\/11\/antigua-guatemala-que-visiter-blog-voyage-amerique-centrale-arpenter-le-chemin-267x400.jpg\" alt=\"antigua guatemala que visiter blog voyage amerique centrale arpenter le chemin\" width=\"267\" height=\"400\" srcset=\"https:\/\/arpenterlechemin.com\/wp-content\/uploads\/2016\/11\/antigua-guatemala-que-visiter-blog-voyage-amerique-centrale-arpenter-le-chemin-267x400.jpg 267w, https:\/\/arpenterlechemin.com\/wp-content\/uploads\/2016\/11\/antigua-guatemala-que-visiter-blog-voyage-amerique-centrale-arpenter-le-chemin-390x585.jpg 390w, https:\/\/arpenterlechemin.com\/wp-content\/uploads\/2016\/11\/antigua-guatemala-que-visiter-blog-voyage-amerique-centrale-arpenter-le-chemin.jpg 735w\" sizes=\"(max-width: 267px) 100vw, 267px\" \/><\/p>\n","protected":false},"excerpt":{"rendered":"<p>Je dois l&rsquo;avouer : mon s\u00e9jour \u00e0 Antigua est paresseux. Hormis les matin\u00e9es pass\u00e9es \u00e0 traduire &#8211; raison d&rsquo;\u00eatre du voyage, ne l&rsquo;oublions &#8211; mes apr\u00e8s-midi s&rsquo;\u00e9tirent avec une langueur toute m\u00e9ridionale. Je me d\u00e9lecte de ces heures calmes, o\u00f9 ma seule pr\u00e9occupation est de trouver un caf\u00e9 accueillant, un lieu photog\u00e9nique, et ce que je vais manger le soir m\u00eame. C&rsquo;est tout. Pour autant, en l&rsquo;espace de trois semaines, j&rsquo;ai eu le temps de visiter de nombreux sites, voire d&rsquo;y retourner pour certains. Voici mes pr\u00e9f\u00e9r\u00e9s. Casa Santo Domingo <\/p>\n","protected":false},"author":1,"featured_media":1586,"comment_status":"open","ping_status":"open","sticky":false,"template":"","format":"standard","meta":{"jetpack_post_was_ever_published":false},"categories":[528,539,1],"tags":[540,377,542,603],"yoast_head":"<!-- This site is optimized with the Yoast SEO plugin v20.7 - https:\/\/yoast.com\/wordpress\/plugins\/seo\/ -->\n<title>GUATEMALA \/\/ Que visiter \u00e0 Antigua Guatemala - Arpenter le chemin<\/title>\n<meta name=\"robots\" content=\"index, follow, max-snippet:-1, max-image-preview:large, max-video-preview:-1\" \/>\n<link rel=\"canonical\" href=\"https:\/\/arpenterlechemin.com\/index.php\/2016\/11\/30\/antigua-guatemala-cinq-idees-de-visites-culturelles-2\/\" \/>\n<meta property=\"og:locale\" content=\"fr_FR\" \/>\n<meta property=\"og:type\" content=\"article\" \/>\n<meta property=\"og:title\" content=\"GUATEMALA \/\/ Que visiter \u00e0 Antigua Guatemala - Arpenter le chemin\" \/>\n<meta property=\"og:description\" content=\"Je dois l&rsquo;avouer : mon s\u00e9jour \u00e0 Antigua est paresseux. Hormis les matin\u00e9es pass\u00e9es \u00e0 traduire &#8211; raison d&rsquo;\u00eatre du voyage, ne l&rsquo;oublions &#8211; mes apr\u00e8s-midi s&rsquo;\u00e9tirent avec une langueur toute m\u00e9ridionale. Je me d\u00e9lecte de ces heures calmes, o\u00f9 ma seule pr\u00e9occupation est de trouver un caf\u00e9 accueillant, un lieu photog\u00e9nique, et ce que je vais manger le soir m\u00eame. C&rsquo;est tout. Pour autant, en l&rsquo;espace de trois semaines, j&rsquo;ai eu le temps de visiter de nombreux sites, voire d&rsquo;y retourner pour certains. Voici mes pr\u00e9f\u00e9r\u00e9s. Casa Santo Domingo\" \/>\n<meta property=\"og:url\" content=\"https:\/\/arpenterlechemin.com\/index.php\/2016\/11\/30\/antigua-guatemala-cinq-idees-de-visites-culturelles-2\/\" \/>\n<meta property=\"og:site_name\" content=\"Arpenter le chemin\" \/>\n<meta property=\"article:published_time\" content=\"2016-11-30T06:53:43+00:00\" \/>\n<meta property=\"article:modified_time\" content=\"2019-07-15T22:13:38+00:00\" \/>\n<meta property=\"og:image\" content=\"https:\/\/arpenterlechemin.com\/wp-content\/uploads\/2016\/11\/1210036-2-bis.jpg\" \/>\n\t<meta property=\"og:image:width\" content=\"2638\" \/>\n\t<meta property=\"og:image:height\" content=\"1981\" \/>\n\t<meta property=\"og:image:type\" content=\"image\/jpeg\" \/>\n<meta name=\"author\" content=\"Audrey\" \/>\n<meta name=\"twitter:card\" content=\"summary_large_image\" \/>\n<meta name=\"twitter:label1\" content=\"\u00c9crit par\" \/>\n\t<meta name=\"twitter:data1\" content=\"Audrey\" \/>\n\t<meta name=\"twitter:label2\" content=\"Dur\u00e9e de lecture estim\u00e9e\" \/>\n\t<meta name=\"twitter:data2\" content=\"5 minutes\" \/>\n<script type=\"application\/ld+json\" class=\"yoast-schema-graph\">{\"@context\":\"https:\/\/schema.org\",\"@graph\":[{\"@type\":\"Article\",\"@id\":\"https:\/\/arpenterlechemin.com\/index.php\/2016\/11\/30\/antigua-guatemala-cinq-idees-de-visites-culturelles-2\/#article\",\"isPartOf\":{\"@id\":\"https:\/\/arpenterlechemin.com\/index.php\/2016\/11\/30\/antigua-guatemala-cinq-idees-de-visites-culturelles-2\/\"},\"author\":{\"name\":\"Audrey\",\"@id\":\"https:\/\/arpenterlechemin.com\/#\/schema\/person\/1d187818c0988fbea4d682c1e59c795c\"},\"headline\":\"GUATEMALA \/\/ Que visiter \u00e0 Antigua Guatemala\",\"datePublished\":\"2016-11-30T06:53:43+00:00\",\"dateModified\":\"2019-07-15T22:13:38+00:00\",\"mainEntityOfPage\":{\"@id\":\"https:\/\/arpenterlechemin.com\/index.php\/2016\/11\/30\/antigua-guatemala-cinq-idees-de-visites-culturelles-2\/\"},\"wordCount\":1086,\"commentCount\":5,\"publisher\":{\"@id\":\"https:\/\/arpenterlechemin.com\/#organization\"},\"keywords\":[\"am\u00e9rique latine\",\"guatemala\",\"nomade num\u00e9rique\",\"solo\"],\"articleSection\":[\"Am\u00e9rique latine\",\"Am\u00e9riques\",\"Blog\"],\"inLanguage\":\"fr-FR\",\"potentialAction\":[{\"@type\":\"CommentAction\",\"name\":\"Comment\",\"target\":[\"https:\/\/arpenterlechemin.com\/index.php\/2016\/11\/30\/antigua-guatemala-cinq-idees-de-visites-culturelles-2\/#respond\"]}]},{\"@type\":\"WebPage\",\"@id\":\"https:\/\/arpenterlechemin.com\/index.php\/2016\/11\/30\/antigua-guatemala-cinq-idees-de-visites-culturelles-2\/\",\"url\":\"https:\/\/arpenterlechemin.com\/index.php\/2016\/11\/30\/antigua-guatemala-cinq-idees-de-visites-culturelles-2\/\",\"name\":\"GUATEMALA \/\/ Que visiter \u00e0 Antigua Guatemala - Arpenter le chemin\",\"isPartOf\":{\"@id\":\"https:\/\/arpenterlechemin.com\/#website\"},\"datePublished\":\"2016-11-30T06:53:43+00:00\",\"dateModified\":\"2019-07-15T22:13:38+00:00\",\"breadcrumb\":{\"@id\":\"https:\/\/arpenterlechemin.com\/index.php\/2016\/11\/30\/antigua-guatemala-cinq-idees-de-visites-culturelles-2\/#breadcrumb\"},\"inLanguage\":\"fr-FR\",\"potentialAction\":[{\"@type\":\"ReadAction\",\"target\":[\"https:\/\/arpenterlechemin.com\/index.php\/2016\/11\/30\/antigua-guatemala-cinq-idees-de-visites-culturelles-2\/\"]}]},{\"@type\":\"BreadcrumbList\",\"@id\":\"https:\/\/arpenterlechemin.com\/index.php\/2016\/11\/30\/antigua-guatemala-cinq-idees-de-visites-culturelles-2\/#breadcrumb\",\"itemListElement\":[{\"@type\":\"ListItem\",\"position\":1,\"name\":\"Home\",\"item\":\"https:\/\/arpenterlechemin.com\/\"},{\"@type\":\"ListItem\",\"position\":2,\"name\":\"GUATEMALA \/\/ Que visiter \u00e0 Antigua Guatemala\"}]},{\"@type\":\"WebSite\",\"@id\":\"https:\/\/arpenterlechemin.com\/#website\",\"url\":\"https:\/\/arpenterlechemin.com\/\",\"name\":\"Arpenter le chemin\",\"description\":\"\",\"publisher\":{\"@id\":\"https:\/\/arpenterlechemin.com\/#organization\"},\"potentialAction\":[{\"@type\":\"SearchAction\",\"target\":{\"@type\":\"EntryPoint\",\"urlTemplate\":\"https:\/\/arpenterlechemin.com\/?s={search_term_string}\"},\"query-input\":\"required name=search_term_string\"}],\"inLanguage\":\"fr-FR\"},{\"@type\":\"Organization\",\"@id\":\"https:\/\/arpenterlechemin.com\/#organization\",\"name\":\"Arpenter le chemin\",\"url\":\"https:\/\/arpenterlechemin.com\/\",\"logo\":{\"@type\":\"ImageObject\",\"inLanguage\":\"fr-FR\",\"@id\":\"https:\/\/arpenterlechemin.com\/#\/schema\/logo\/image\/\",\"url\":\"https:\/\/arpenterlechemin.com\/wp-content\/uploads\/2017\/04\/icone-4.jpg\",\"contentUrl\":\"https:\/\/arpenterlechemin.com\/wp-content\/uploads\/2017\/04\/icone-4.jpg\",\"width\":150,\"height\":73,\"caption\":\"Arpenter le chemin\"},\"image\":{\"@id\":\"https:\/\/arpenterlechemin.com\/#\/schema\/logo\/image\/\"}},{\"@type\":\"Person\",\"@id\":\"https:\/\/arpenterlechemin.com\/#\/schema\/person\/1d187818c0988fbea4d682c1e59c795c\",\"name\":\"Audrey\",\"image\":{\"@type\":\"ImageObject\",\"inLanguage\":\"fr-FR\",\"@id\":\"https:\/\/arpenterlechemin.com\/#\/schema\/person\/image\/\",\"url\":\"https:\/\/secure.gravatar.com\/avatar\/b75298f64c73f1709976c50921beae6a?s=96&d=mm&r=g\",\"contentUrl\":\"https:\/\/secure.gravatar.com\/avatar\/b75298f64c73f1709976c50921beae6a?s=96&d=mm&r=g\",\"caption\":\"Audrey\"},\"description\":\"Allergique \u00e0 la routine, atteinte de bougeotte aigu\u00eb, j'essaie de m'envoler aussi souvent que possible, seule, en couple ou entre amis ! Ville, nature, culture, rando... tout me va, \u00e0 partir du moment o\u00f9 je suis dehors.\",\"url\":\"https:\/\/arpenterlechemin.com\/index.php\/author\/audreyf\/\"}]}<\/script>\n<!-- \/ Yoast SEO plugin. -->","yoast_head_json":{"title":"GUATEMALA \/\/ Que visiter \u00e0 Antigua Guatemala - Arpenter le chemin","robots":{"index":"index","follow":"follow","max-snippet":"max-snippet:-1","max-image-preview":"max-image-preview:large","max-video-preview":"max-video-preview:-1"},"canonical":"https:\/\/arpenterlechemin.com\/index.php\/2016\/11\/30\/antigua-guatemala-cinq-idees-de-visites-culturelles-2\/","og_locale":"fr_FR","og_type":"article","og_title":"GUATEMALA \/\/ Que visiter \u00e0 Antigua Guatemala - Arpenter le chemin","og_description":"Je dois l&rsquo;avouer : mon s\u00e9jour \u00e0 Antigua est paresseux. Hormis les matin\u00e9es pass\u00e9es \u00e0 traduire &#8211; raison d&rsquo;\u00eatre du voyage, ne l&rsquo;oublions &#8211; mes apr\u00e8s-midi s&rsquo;\u00e9tirent avec une langueur toute m\u00e9ridionale. Je me d\u00e9lecte de ces heures calmes, o\u00f9 ma seule pr\u00e9occupation est de trouver un caf\u00e9 accueillant, un lieu photog\u00e9nique, et ce que je vais manger le soir m\u00eame. C&rsquo;est tout. Pour autant, en l&rsquo;espace de trois semaines, j&rsquo;ai eu le temps de visiter de nombreux sites, voire d&rsquo;y retourner pour certains. Voici mes pr\u00e9f\u00e9r\u00e9s. Casa Santo Domingo","og_url":"https:\/\/arpenterlechemin.com\/index.php\/2016\/11\/30\/antigua-guatemala-cinq-idees-de-visites-culturelles-2\/","og_site_name":"Arpenter le chemin","article_published_time":"2016-11-30T06:53:43+00:00","article_modified_time":"2019-07-15T22:13:38+00:00","og_image":[{"width":2638,"height":1981,"url":"https:\/\/arpenterlechemin.com\/wp-content\/uploads\/2016\/11\/1210036-2-bis.jpg","type":"image\/jpeg"}],"author":"Audrey","twitter_card":"summary_large_image","twitter_misc":{"\u00c9crit par":"Audrey","Dur\u00e9e de lecture estim\u00e9e":"5 minutes"},"schema":{"@context":"https:\/\/schema.org","@graph":[{"@type":"Article","@id":"https:\/\/arpenterlechemin.com\/index.php\/2016\/11\/30\/antigua-guatemala-cinq-idees-de-visites-culturelles-2\/#article","isPartOf":{"@id":"https:\/\/arpenterlechemin.com\/index.php\/2016\/11\/30\/antigua-guatemala-cinq-idees-de-visites-culturelles-2\/"},"author":{"name":"Audrey","@id":"https:\/\/arpenterlechemin.com\/#\/schema\/person\/1d187818c0988fbea4d682c1e59c795c"},"headline":"GUATEMALA \/\/ Que visiter \u00e0 Antigua Guatemala","datePublished":"2016-11-30T06:53:43+00:00","dateModified":"2019-07-15T22:13:38+00:00","mainEntityOfPage":{"@id":"https:\/\/arpenterlechemin.com\/index.php\/2016\/11\/30\/antigua-guatemala-cinq-idees-de-visites-culturelles-2\/"},"wordCount":1086,"commentCount":5,"publisher":{"@id":"https:\/\/arpenterlechemin.com\/#organization"},"keywords":["am\u00e9rique latine","guatemala","nomade num\u00e9rique","solo"],"articleSection":["Am\u00e9rique latine","Am\u00e9riques","Blog"],"inLanguage":"fr-FR","potentialAction":[{"@type":"CommentAction","name":"Comment","target":["https:\/\/arpenterlechemin.com\/index.php\/2016\/11\/30\/antigua-guatemala-cinq-idees-de-visites-culturelles-2\/#respond"]}]},{"@type":"WebPage","@id":"https:\/\/arpenterlechemin.com\/index.php\/2016\/11\/30\/antigua-guatemala-cinq-idees-de-visites-culturelles-2\/","url":"https:\/\/arpenterlechemin.com\/index.php\/2016\/11\/30\/antigua-guatemala-cinq-idees-de-visites-culturelles-2\/","name":"GUATEMALA \/\/ Que visiter \u00e0 Antigua Guatemala - Arpenter le chemin","isPartOf":{"@id":"https:\/\/arpenterlechemin.com\/#website"},"datePublished":"2016-11-30T06:53:43+00:00","dateModified":"2019-07-15T22:13:38+00:00","breadcrumb":{"@id":"https:\/\/arpenterlechemin.com\/index.php\/2016\/11\/30\/antigua-guatemala-cinq-idees-de-visites-culturelles-2\/#breadcrumb"},"inLanguage":"fr-FR","potentialAction":[{"@type":"ReadAction","target":["https:\/\/arpenterlechemin.com\/index.php\/2016\/11\/30\/antigua-guatemala-cinq-idees-de-visites-culturelles-2\/"]}]},{"@type":"BreadcrumbList","@id":"https:\/\/arpenterlechemin.com\/index.php\/2016\/11\/30\/antigua-guatemala-cinq-idees-de-visites-culturelles-2\/#breadcrumb","itemListElement":[{"@type":"ListItem","position":1,"name":"Home","item":"https:\/\/arpenterlechemin.com\/"},{"@type":"ListItem","position":2,"name":"GUATEMALA \/\/ Que visiter \u00e0 Antigua Guatemala"}]},{"@type":"WebSite","@id":"https:\/\/arpenterlechemin.com\/#website","url":"https:\/\/arpenterlechemin.com\/","name":"Arpenter le chemin","description":"","publisher":{"@id":"https:\/\/arpenterlechemin.com\/#organization"},"potentialAction":[{"@type":"SearchAction","target":{"@type":"EntryPoint","urlTemplate":"https:\/\/arpenterlechemin.com\/?s={search_term_string}"},"query-input":"required name=search_term_string"}],"inLanguage":"fr-FR"},{"@type":"Organization","@id":"https:\/\/arpenterlechemin.com\/#organization","name":"Arpenter le chemin","url":"https:\/\/arpenterlechemin.com\/","logo":{"@type":"ImageObject","inLanguage":"fr-FR","@id":"https:\/\/arpenterlechemin.com\/#\/schema\/logo\/image\/","url":"https:\/\/arpenterlechemin.com\/wp-content\/uploads\/2017\/04\/icone-4.jpg","contentUrl":"https:\/\/arpenterlechemin.com\/wp-content\/uploads\/2017\/04\/icone-4.jpg","width":150,"height":73,"caption":"Arpenter le chemin"},"image":{"@id":"https:\/\/arpenterlechemin.com\/#\/schema\/logo\/image\/"}},{"@type":"Person","@id":"https:\/\/arpenterlechemin.com\/#\/schema\/person\/1d187818c0988fbea4d682c1e59c795c","name":"Audrey","image":{"@type":"ImageObject","inLanguage":"fr-FR","@id":"https:\/\/arpenterlechemin.com\/#\/schema\/person\/image\/","url":"https:\/\/secure.gravatar.com\/avatar\/b75298f64c73f1709976c50921beae6a?s=96&d=mm&r=g","contentUrl":"https:\/\/secure.gravatar.com\/avatar\/b75298f64c73f1709976c50921beae6a?s=96&d=mm&r=g","caption":"Audrey"},"description":"Allergique \u00e0 la routine, atteinte de bougeotte aigu\u00eb, j'essaie de m'envoler aussi souvent que possible, seule, en couple ou entre amis ! Ville, nature, culture, rando... tout me va, \u00e0 partir du moment o\u00f9 je suis dehors.","url":"https:\/\/arpenterlechemin.com\/index.php\/author\/audreyf\/"}]}},"jetpack_featured_media_url":"https:\/\/arpenterlechemin.com\/wp-content\/uploads\/2016\/11\/1210036-2-bis.jpg","jetpack_sharing_enabled":true,"jetpack_shortlink":"https:\/\/wp.me\/p8z9hR-nJ","jetpack-related-posts":[{"id":1457,"url":"https:\/\/arpenterlechemin.com\/index.php\/2016\/11\/21\/antigua-guatemala-premieres-impressions-et-fiche-pratique-2\/","url_meta":{"origin":1471,"position":0},"title":"GUATEMALA \/\/ Antigua : premi\u00e8res impressions et fiche pratique","date":"21 novembre 2016","format":false,"excerpt":"Lors de mes voyages, j'attends normalement d'\u00eatre rentr\u00e9e pour publier des chroniques, mais\u00a0je ne peux pas r\u00e9sister \u00e0 l'envie de vous mettre un peu dans l'ambiance avec moi d\u00e8s maintenant. Les premiers instants d'un voyage sont si pr\u00e9cieux et uniques qu'il serait dommage de les laisser filer, non\u00a0? Antigua Guatemala,\u2026","rel":"","context":"Dans &quot;Am\u00e9rique latine&quot;","img":{"alt_text":"","src":"https:\/\/i0.wp.com\/arpenterlechemin.com\/wp-content\/uploads\/2016\/11\/1200539-2-2.jpg?resize=350%2C200&ssl=1","width":350,"height":200},"classes":[]},{"id":1396,"url":"https:\/\/arpenterlechemin.com\/index.php\/2016\/12\/05\/antigua-guatemala-en-cinq-gourmandises-2\/","url_meta":{"origin":1471,"position":1},"title":"GUATEMALA \/\/ Que manger \u00e0 Antigua Guatemala","date":"5 d\u00e9cembre 2016","format":false,"excerpt":"L'un des plus grands plaisirs de ma vie de mes voyages, hormis prendre des photos et battre le pav\u00e9, est bien \u00e9videmment de manger. Et quel plus grand plaisir que de manger des choses dont on ne soup\u00e7onnait pas l'existence, dont on ne saura jamais le nom, et dont on\u2026","rel":"","context":"Dans &quot;Am\u00e9rique latine&quot;","img":{"alt_text":"","src":"https:\/\/i0.wp.com\/arpenterlechemin.com\/wp-content\/uploads\/2016\/12\/1210426-2-bis.jpg?resize=350%2C200&ssl=1","width":350,"height":200},"classes":[]},{"id":1469,"url":"https:\/\/arpenterlechemin.com\/index.php\/2016\/11\/28\/antigua-guatemala-sous-laile-du-volcan-pacaya-2\/","url_meta":{"origin":1471,"position":2},"title":"GUATEMALA \/\/ Antigua : sous l&rsquo;aile du volcan Pacaya","date":"28 novembre 2016","format":false,"excerpt":"Comme pas mal de monde je pense, les volcans exercent une v\u00e9ritable fascination chez moi. Attirance primale pour le feu ou impression d'\u00eatre sur une autre plan\u00e8te, j'ai toujours voulu \u00eatre vulcanologue et aim\u00e9 les destinations avec des volcans : Islande, Sicile, Japon... et maintenant le Guatemala, sur la ceinture\u2026","rel":"","context":"Dans &quot;Am\u00e9rique latine&quot;","img":{"alt_text":"Voyage Guatemala volcan Pacaya","src":"https:\/\/i0.wp.com\/arpenterlechemin.com\/wp-content\/uploads\/2016\/11\/Voyage-Guatemala-volcan-Pacaya.jpg?resize=350%2C200&ssl=1","width":350,"height":200},"classes":[]},{"id":1785,"url":"https:\/\/arpenterlechemin.com\/index.php\/2017\/01\/17\/guatemala-cartes-postales-2\/","url_meta":{"origin":1471,"position":3},"title":"GUATEMALA \/\/ Cartes postales","date":"17 janvier 2017","format":false,"excerpt":"\u00c7a vous arrive de prendre beaucoup trop de photos en voyage, des photos que vous aimez bien, mais qui ne s'inscrivent pas une th\u00e9matique pr\u00e9cise ? Des photos dures \u00e0 caser, pas toujours parfaites, qu'on aimerait bien partager, et risquent fort de finir dans un album photo qu'on gardera bien\u2026","rel":"","context":"Dans &quot;Am\u00e9rique latine&quot;","img":{"alt_text":"","src":"https:\/\/i0.wp.com\/arpenterlechemin.com\/wp-content\/uploads\/2017\/01\/cartes-postales-guatemala.jpg?resize=350%2C200&ssl=1","width":350,"height":200},"classes":[]},{"id":1608,"url":"https:\/\/arpenterlechemin.com\/index.php\/2016\/12\/08\/guatemala-un-week-end-au-lac-atitlan-2\/","url_meta":{"origin":1471,"position":4},"title":"GUATEMALA \/\/ Un week-end au lac Atitlan","date":"8 d\u00e9cembre 2016","format":false,"excerpt":"Pendant mes trois semaines au Guatemala, je suis rest\u00e9e principalement \u00e0 Antigua. J'avais envie de prendre le temps, de me concentrer sur mon travail et de me reconnecter avec le quotidien, que j'ai un peu tendance \u00e0 perdre dans les moments de stress, trop fr\u00e9quents r\u00e9cemment. La derni\u00e8re chose que\u2026","rel":"","context":"Dans &quot;Am\u00e9rique latine&quot;","img":{"alt_text":"","src":"https:\/\/i0.wp.com\/arpenterlechemin.com\/wp-content\/uploads\/2016\/12\/WP_008681-bis.jpg?resize=350%2C200&ssl=1","width":350,"height":200},"classes":[]},{"id":1288,"url":"https:\/\/arpenterlechemin.com\/index.php\/2016\/11\/10\/dans-mon-sac-presque-minimaliste-pour-le-guatemala-2\/","url_meta":{"origin":1471,"position":5},"title":"\u00c9LUCUBRATIONS \/\/ Dans mon sac (presque) minimaliste pour le Guatemala","date":"10 novembre 2016","format":false,"excerpt":"Dur dur de trouver que mettre dans ses bagages quand on cumule... une nuit dans un train non couchette et probablement sous-chauff\u00e9 (froid) une \"escale\" de deux jours \u00e0 Montr\u00e9al mi-novembre avant d'aller prendre l'avion (doux, temps changeant) une escale de 24 heures \u00e0 Miami (chaud et humide) trois semaines\u2026","rel":"","context":"Dans &quot;Am\u00e9rique latine&quot;","img":{"alt_text":"","src":"https:\/\/i0.wp.com\/arpenterlechemin.com\/wp-content\/uploads\/2016\/11\/12000892.jpg?resize=350%2C200&ssl=1","width":350,"height":200},"classes":[]}],"_links":{"self":[{"href":"https:\/\/arpenterlechemin.com\/index.php\/wp-json\/wp\/v2\/posts\/1471"}],"collection":[{"href":"https:\/\/arpenterlechemin.com\/index.php\/wp-json\/wp\/v2\/posts"}],"about":[{"href":"https:\/\/arpenterlechemin.com\/index.php\/wp-json\/wp\/v2\/types\/post"}],"author":[{"embeddable":true,"href":"https:\/\/arpenterlechemin.com\/index.php\/wp-json\/wp\/v2\/users\/1"}],"replies":[{"embeddable":true,"href":"https:\/\/arpenterlechemin.com\/index.php\/wp-json\/wp\/v2\/comments?post=1471"}],"version-history":[{"count":0,"href":"https:\/\/arpenterlechemin.com\/index.php\/wp-json\/wp\/v2\/posts\/1471\/revisions"}],"wp:featuredmedia":[{"embeddable":true,"href":"https:\/\/arpenterlechemin.com\/index.php\/wp-json\/wp\/v2\/media\/1586"}],"wp:attachment":[{"href":"https:\/\/arpenterlechemin.com\/index.php\/wp-json\/wp\/v2\/media?parent=1471"}],"wp:term":[{"taxonomy":"category","embeddable":true,"href":"https:\/\/arpenterlechemin.com\/index.php\/wp-json\/wp\/v2\/categories?post=1471"},{"taxonomy":"post_tag","embeddable":true,"href":"https:\/\/arpenterlechemin.com\/index.php\/wp-json\/wp\/v2\/tags?post=1471"}],"curies":[{"name":"wp","href":"https:\/\/api.w.org\/{rel}","templated":true}]}}