{"id":1457,"date":"2016-11-21T03:00:05","date_gmt":"2016-11-21T07:00:05","guid":{"rendered":"http:\/\/arpenterlechemin.com\/?p=1457"},"modified":"2018-11-15T05:25:29","modified_gmt":"2018-11-15T09:25:29","slug":"antigua-guatemala-premieres-impressions-et-fiche-pratique-2","status":"publish","type":"post","link":"https:\/\/arpenterlechemin.com\/index.php\/2016\/11\/21\/antigua-guatemala-premieres-impressions-et-fiche-pratique-2\/","title":{"rendered":"GUATEMALA \/\/ Antigua : premi\u00e8res impressions et fiche pratique"},"content":{"rendered":"<p>Lors de mes voyages, j&rsquo;attends normalement d&rsquo;\u00eatre rentr\u00e9e pour publier des chroniques, mais\u00a0je ne peux pas r\u00e9sister \u00e0 l&rsquo;envie de vous mettre un peu dans l&rsquo;ambiance avec moi d\u00e8s maintenant. Les premiers instants d&rsquo;un voyage sont si pr\u00e9cieux et uniques qu&rsquo;il serait dommage de les laisser filer, non\u00a0?<\/p>\n<p>Antigua Guatemala, o\u00f9 j&rsquo;ai mes quartiers en ce joli mois de novembre, est class\u00e9e au patrimoine mondial de l&rsquo;UNESCO depuis 1979. Pour ceux qui ne parlent pas espagnol, comme moi, \u00ab\u00a0Antigua Guatemala\u00a0\u00bb signifie \u00ab\u00a0l&rsquo;antique Guatemala\u00a0\u00bb, et fut la troisi\u00e8me capitale guat\u00e9malt\u00e8que. La ville est constell\u00e9e de ruines du tremblement de terre de 1773. Pas une rue, une all\u00e9e ou un coin de rue qui ne comporte son \u00e9glise d\u00e9vast\u00e9e, laiss\u00e9e en l&rsquo;\u00e9tat.<\/p>\n<p><img decoding=\"async\" loading=\"lazy\" class=\"aligncenter wp-image-1480 size-full\" src=\"http:\/\/arpenterlechemin.com\/wp-content\/uploads\/2016\/11\/1200595-2.jpg\" alt=\"_1200595-2\" width=\"4592\" height=\"3448\" srcset=\"https:\/\/arpenterlechemin.com\/wp-content\/uploads\/2016\/11\/1200595-2.jpg 4592w, https:\/\/arpenterlechemin.com\/wp-content\/uploads\/2016\/11\/1200595-2-300x225.jpg 300w, https:\/\/arpenterlechemin.com\/wp-content\/uploads\/2016\/11\/1200595-2-768x577.jpg 768w, https:\/\/arpenterlechemin.com\/wp-content\/uploads\/2016\/11\/1200595-2-1024x769.jpg 1024w\" sizes=\"(max-width: 4592px) 100vw, 4592px\" \/><\/p>\n<p>Antigua, c&rsquo;est une ville de couleurs, bien entretenue, comme une jolie vitrine du pays. Les couleurs sont chaudes principalement, le jaune et l&rsquo;ocre des fa\u00e7ades faisant \u00e9cho au soleil printanier de ce mois de novembre, o\u00f9 le pays respire apr\u00e8s la saison des pluies. Les bougainvill\u00e9es sont de sortie, et d\u00e9corent de fuchsia de nombreux murs dont on ne percera pas les secrets.<\/p>\n<p><img decoding=\"async\" loading=\"lazy\" class=\"aligncenter wp-image-1476 size-full\" src=\"http:\/\/arpenterlechemin.com\/wp-content\/uploads\/2016\/11\/1200417-2.jpg\" alt=\"_1200417-2\" width=\"4592\" height=\"3448\" srcset=\"https:\/\/arpenterlechemin.com\/wp-content\/uploads\/2016\/11\/1200417-2.jpg 4592w, https:\/\/arpenterlechemin.com\/wp-content\/uploads\/2016\/11\/1200417-2-300x225.jpg 300w, https:\/\/arpenterlechemin.com\/wp-content\/uploads\/2016\/11\/1200417-2-768x577.jpg 768w, https:\/\/arpenterlechemin.com\/wp-content\/uploads\/2016\/11\/1200417-2-1024x769.jpg 1024w\" sizes=\"(max-width: 4592px) 100vw, 4592px\" \/><\/p>\n<p>Tout juste peut-on apercevoir quelques patios au d\u00e9tour de la porte ouverte d&rsquo;une maison ou plus souvent, d&rsquo;un h\u00f4tel. Les caf\u00e9s et restaurants sont bien souvent organis\u00e9s autour de ces petites cours d&rsquo;une fra\u00eecheur adorable, souvent avec une fontaine reposante. La pr\u00e9sence d&rsquo;un patio est un crit\u00e8re essentiel de choix pour les caf\u00e9s que je fr\u00e9quente, plus que le contenu du menu ou les prix. J&rsquo;adore ces minuscules havres de paix o\u00f9 des colibris viennent butiner les plantes en pot, oasis dans la ville min\u00e9rale.<\/p>\n<p><img decoding=\"async\" loading=\"lazy\" class=\"aligncenter wp-image-1481 size-full\" src=\"http:\/\/arpenterlechemin.com\/wp-content\/uploads\/2016\/11\/1200569.jpg\" alt=\"_1200569\" width=\"4592\" height=\"3448\" srcset=\"https:\/\/arpenterlechemin.com\/wp-content\/uploads\/2016\/11\/1200569.jpg 4592w, https:\/\/arpenterlechemin.com\/wp-content\/uploads\/2016\/11\/1200569-300x225.jpg 300w, https:\/\/arpenterlechemin.com\/wp-content\/uploads\/2016\/11\/1200569-768x577.jpg 768w, https:\/\/arpenterlechemin.com\/wp-content\/uploads\/2016\/11\/1200569-1024x769.jpg 1024w\" sizes=\"(max-width: 4592px) 100vw, 4592px\" \/><\/p>\n<p>La ville est enti\u00e8rement\u00a0compos\u00e9e de pav\u00e9s, dangereux monstres de pierre centenaires sur lesquels vient s&rsquo;\u00e9craser tout espoir de marcher en sandales. In\u00e9gaux, vacillants, tra\u00eetres, ils semblent mener une guerre ouverte contre les orteils, qui ne manquent pas de revenir brutalement \u00e0 la r\u00e9alit\u00e9 : Antigua n&rsquo;a pas \u00e9t\u00e9 faite pour y marcher d&rsquo;un pas l\u00e9ger. C&rsquo;est un pas assur\u00e9, terrestre et bien plant\u00e9 qu&rsquo;il faut adopter, et non le pas \u00e9tourdi de celui qui marche le nez en l&rsquo;air. Combien de fois la duret\u00e9 de la vie s&rsquo;est-elle rappel\u00e9e \u00e0 moi par le biais des pav\u00e9s antiques ?<\/p>\n<p><img decoding=\"async\" loading=\"lazy\" class=\"aligncenter wp-image-1478 size-full\" src=\"http:\/\/arpenterlechemin.com\/wp-content\/uploads\/2016\/11\/1200541-2.jpg\" alt=\"_1200541-2\" width=\"4592\" height=\"3448\" srcset=\"https:\/\/arpenterlechemin.com\/wp-content\/uploads\/2016\/11\/1200541-2.jpg 4592w, https:\/\/arpenterlechemin.com\/wp-content\/uploads\/2016\/11\/1200541-2-300x225.jpg 300w, https:\/\/arpenterlechemin.com\/wp-content\/uploads\/2016\/11\/1200541-2-768x577.jpg 768w, https:\/\/arpenterlechemin.com\/wp-content\/uploads\/2016\/11\/1200541-2-1024x769.jpg 1024w\" sizes=\"(max-width: 4592px) 100vw, 4592px\" \/><\/p>\n<p>Antigua est\u00a0entour\u00e9e de volcans, et on en voit au moins trois depuis ses pav\u00e9s, menant \u00e0 des conflits d&rsquo;int\u00e9r\u00eats : la sauvegarde de ses orteils ou le bonheur de marcher en contemplant un authentique volcan en activit\u00e9 ? Le Fuego tousse des cendres \u00e0 intervalles r\u00e9guliers et gronde la nuit de mani\u00e8re inqui\u00e9tante pour qui n&rsquo;a pass\u00e9 sa vie sous un volcan. On raconte qu&rsquo;on pourrait m\u00eame voir des fontaines de lave la nuit&#8230; L&rsquo;Acatenango, son grand fr\u00e8re, regarde ses frasques d&rsquo;un air paisible, ou blas\u00e9, ou indiff\u00e9rent. C&rsquo;est dur de dire quel est l&rsquo;air d&rsquo;un volcan. Enfin, l&rsquo;Agua, grand-papa de tous les volcans et point culminant des environs, \u00e9crase la ville par sa pr\u00e9sence. \u00c0 30 km d&rsquo;Antigua, il domine la ville comme un raz-de-mar\u00e9e vert, souvent la t\u00eate litt\u00e9ralement dans les nuages, mais nous faisant la gr\u00e2ce de sa pr\u00e9sence de bon matin. J&rsquo;aime ce volcan qui nous donne de la perspective, autant photographique que m\u00e9taphorique.<\/p>\n<p><img decoding=\"async\" loading=\"lazy\" class=\"aligncenter wp-image-1479 size-full\" src=\"http:\/\/arpenterlechemin.com\/wp-content\/uploads\/2016\/11\/1200565-2.jpg\" alt=\"_1200565-2\" width=\"3903\" height=\"2930\" srcset=\"https:\/\/arpenterlechemin.com\/wp-content\/uploads\/2016\/11\/1200565-2.jpg 3903w, https:\/\/arpenterlechemin.com\/wp-content\/uploads\/2016\/11\/1200565-2-300x225.jpg 300w, https:\/\/arpenterlechemin.com\/wp-content\/uploads\/2016\/11\/1200565-2-768x577.jpg 768w, https:\/\/arpenterlechemin.com\/wp-content\/uploads\/2016\/11\/1200565-2-1024x769.jpg 1024w\" sizes=\"(max-width: 3903px) 100vw, 3903px\" \/><\/p>\n<p>Antigua, c&rsquo;est aussi une ville o\u00f9 les gens se disent bonjour dans la rue, m\u00eame \u00e0 moi, grande touriste toute blanche. Une ville o\u00f9 les tenues sont color\u00e9es, o\u00f9 les femmes en huipiles ne sont pas rares, et pas\u00a0que pour la d\u00e9co. Une ville qui peut sembler un ghetto \u00e0 touristes mais qui est vivante quand on gratte un peu et qu&rsquo;on s&rsquo;\u00e9loigne du Parque Central, de ses boutiques de souvenirs et de ses restaurants hors de prix ; \u00e0 quelques p\u00e2t\u00e9s de maison de l\u00e0, c&rsquo;est toute l&rsquo;effervescence d&rsquo;une petite ville, avec son march\u00e9 aux l\u00e9gumes, aux v\u00eatements, ses cireurs de chaussures, ses vieux qui vendent des fruits non identifi\u00e9s, toute la pauvret\u00e9 aussi.<\/p>\n<p><img decoding=\"async\" loading=\"lazy\" class=\"aligncenter wp-image-1477 size-full\" src=\"http:\/\/arpenterlechemin.com\/wp-content\/uploads\/2016\/11\/1200452-2.jpg\" alt=\"_1200452-2\" width=\"4592\" height=\"3448\" srcset=\"https:\/\/arpenterlechemin.com\/wp-content\/uploads\/2016\/11\/1200452-2.jpg 4592w, https:\/\/arpenterlechemin.com\/wp-content\/uploads\/2016\/11\/1200452-2-300x225.jpg 300w, https:\/\/arpenterlechemin.com\/wp-content\/uploads\/2016\/11\/1200452-2-768x577.jpg 768w, https:\/\/arpenterlechemin.com\/wp-content\/uploads\/2016\/11\/1200452-2-1024x769.jpg 1024w\" sizes=\"(max-width: 4592px) 100vw, 4592px\" \/><\/p>\n<p>Antigua est une ville relativement s\u00fbre, qui attire n\u00e9anmoins une faune peu recommandable : celle des pickpockets all\u00e9ch\u00e9s par la manne touristique, alors que le salaire journalier \u00e9quivaut au prix d&rsquo;un caf\u00e9 de gringo. C&rsquo;est ainsi que j&rsquo;ai vu une bande de pr\u00e9ados me filer avant de s&rsquo;en prendre \u00e0 une touristique asiatique de bon matin, et depuis, je laisse mon passeport et mon argent \u00e0 l&rsquo;h\u00f4tel.<\/p>\n<p>Bref, Antigua Guatemala, c&rsquo;est une vision un peu \u00e9dulcor\u00e9e de ce que je pense \u00eatre le Guatemala, une vision destin\u00e9e aux \u00e9trangers, mais malgr\u00e9 tout une vision qui me ravit pour l&rsquo;instant, par ses couleurs et ses volcans, son histoire et ses secrets, une ville que je me r\u00e9jouis d&rsquo;apprendre \u00e0 conna\u00eetre pendant les deux semaines \u00e0 venir.<\/p>\n<p><img decoding=\"async\" loading=\"lazy\" class=\"aligncenter wp-image-1484 size-full\" src=\"http:\/\/arpenterlechemin.com\/wp-content\/uploads\/2016\/11\/WP_008538-2.jpg\" alt=\"wp_008538-2\" width=\"1345\" height=\"1009\" srcset=\"https:\/\/arpenterlechemin.com\/wp-content\/uploads\/2016\/11\/WP_008538-2.jpg 1345w, https:\/\/arpenterlechemin.com\/wp-content\/uploads\/2016\/11\/WP_008538-2-300x225.jpg 300w, https:\/\/arpenterlechemin.com\/wp-content\/uploads\/2016\/11\/WP_008538-2-768x576.jpg 768w, https:\/\/arpenterlechemin.com\/wp-content\/uploads\/2016\/11\/WP_008538-2-1024x768.jpg 1024w\" sizes=\"(max-width: 1345px) 100vw, 1345px\" \/><\/p>\n<p><span style=\"color: #0000ff;\"><strong>C&rsquo;est o\u00f9 ?<\/strong><\/span><\/p>\n<p>[Google_Maps_WD id=29 map=29]<\/p>\n<p><strong><span style=\"color: #0000ff;\">Bon voyage<\/span><\/strong><\/p>\n<p>Depuis <a href=\"http:\/\/arpenterlechemin.com\/index.php\/2016\/11\/14\/montreal-cafe-a-chats-et-feuilles-dautomne-sur-le-plateau-mont-royal\/\">Montr\u00e9al<\/a>, vol avec escale \u00e0 Miami sur American Airlines, 500 $ hors saison.<\/p>\n<p>Depuis l&rsquo;Europe, je vous conseille de prendre aussi un vol vers Miami, puis un vol bon march\u00e9 \u00e0 destination de Guatemala City. \u00c0 partir de 560 \u20ac avec une escale.<\/p>\n<p>Depuis l&rsquo;a\u00e9roport, des navettes communes relient Antigua pour 10 $. Sinon, comptez 25-30 $ pour un taxi, quel que soit le nombre de personnes. La circulation est atroce \u00e0 Guatemala City, et il faut une heure trente pour relier Antigua, \u00e0 40 km de l\u00e0, quand \u00e7a \u00ab\u00a0roule\u00a0\u00bb, voire deux heures en p\u00e9riode de pointe.<\/p>\n<p><strong><span style=\"color: #0000ff;\">Bonne nuit<\/span><\/strong><\/p>\n<p>Casa del Sol, Callejon del Sol 5A<\/p>\n<p>Une auberge de jeunesse informelle pour les vieux jeunes comme moi : huit chambres, toutes individuelles, avec cuisine et sanitaires communs. Un \u00e9tablissement minuscule sans r\u00e9ception, sans chichis, sans f\u00eatards. Ma chambre est propre et amplement suffisante, la cuisine est bien \u00e9quip\u00e9e, tout est briqu\u00e9 quotidiennement. Juste en face des ruines de Santo Domingo, \u00e0 5-10 minutes \u00e0 pied du Parque Central et 15 minutes du march\u00e9.<\/p>\n<p>\u00c0 voir sur <a href=\"https:\/\/fr.airbnb.com\/rooms\/6247537\">AirBnb<\/a>, comptez 10 \u20ac la nuit. Pour une chambre priv\u00e9e, qui dit mieux ?<\/p>\n<p><img decoding=\"async\" loading=\"lazy\" class=\"aligncenter wp-image-1492 size-full\" src=\"http:\/\/arpenterlechemin.com\/wp-content\/uploads\/2016\/11\/WP_008602.jpg\" alt=\"wp_008602\" width=\"1632\" height=\"1224\" srcset=\"https:\/\/arpenterlechemin.com\/wp-content\/uploads\/2016\/11\/WP_008602.jpg 1632w, https:\/\/arpenterlechemin.com\/wp-content\/uploads\/2016\/11\/WP_008602-300x225.jpg 300w, https:\/\/arpenterlechemin.com\/wp-content\/uploads\/2016\/11\/WP_008602-768x576.jpg 768w, https:\/\/arpenterlechemin.com\/wp-content\/uploads\/2016\/11\/WP_008602-1024x768.jpg 1024w\" sizes=\"(max-width: 1632px) 100vw, 1632px\" \/><\/p>\n<p>Juste en face, pour les gros budgets, l&rsquo;h\u00f4tel <a href=\"https:\/\/www.booking.com\/hotel\/gt\/museo-casa-santo-domingo.en.html?aid=1571475&amp;no_rooms=1&amp;group_adults=1\">Museo Casa de Santo Domingo<\/a> offre un cadre enchanteur.<\/p>\n<p><strong><span style=\"color: #0000ff;\">Bon app\u00e9tit<\/span><\/strong><\/p>\n<p>Une <a href=\"http:\/\/arpenterlechemin.com\/index.php\/2016\/12\/05\/antigua-guatemala-en-cinq-gourmandises\/\">chronique enti\u00e8re<\/a> \u00e0 venir sur les <del>bizzareries<\/del> <del>curiosit\u00e9s<\/del> d\u00e9lices que je me fais un plaisir de d\u00e9couvrir !<\/p>\n<p><strong><span style=\"color: #0000ff;\">Bon travail<\/span><\/strong><\/p>\n<p>Pour les nomades digitaux,<a href=\"http:\/\/antigua.impacthub.net\/trial\/\"> Impact Hub<\/a> est un lieu fantastique. Pour une centaine d&rsquo;euros mensuels, tu b\u00e9n\u00e9ficies d&rsquo;un espace de coworking avec des entrepreneurs guat\u00e9malt\u00e8ques et \u00e9trangers, o\u00f9 on parle autant espagnol qu&rsquo;anglais. Le patio est formidable, et la terrasse sur le toit encore plus !<br \/>\n<img decoding=\"async\" loading=\"lazy\" class=\"aligncenter wp-image-1491 size-full\" src=\"http:\/\/arpenterlechemin.com\/wp-content\/uploads\/2016\/11\/WP_008613.jpg\" alt=\"wp_008613\" width=\"1632\" height=\"1224\" srcset=\"https:\/\/arpenterlechemin.com\/wp-content\/uploads\/2016\/11\/WP_008613.jpg 1632w, https:\/\/arpenterlechemin.com\/wp-content\/uploads\/2016\/11\/WP_008613-300x225.jpg 300w, https:\/\/arpenterlechemin.com\/wp-content\/uploads\/2016\/11\/WP_008613-768x576.jpg 768w, https:\/\/arpenterlechemin.com\/wp-content\/uploads\/2016\/11\/WP_008613-1024x768.jpg 1024w\" sizes=\"(max-width: 1632px) 100vw, 1632px\" \/><\/p>\n<p><img decoding=\"async\" loading=\"lazy\" class=\"aligncenter wp-image-1490 size-full\" src=\"http:\/\/arpenterlechemin.com\/wp-content\/uploads\/2016\/11\/1200508.jpg\" alt=\"_1200508\" width=\"4592\" height=\"3448\" srcset=\"https:\/\/arpenterlechemin.com\/wp-content\/uploads\/2016\/11\/1200508.jpg 4592w, https:\/\/arpenterlechemin.com\/wp-content\/uploads\/2016\/11\/1200508-300x225.jpg 300w, https:\/\/arpenterlechemin.com\/wp-content\/uploads\/2016\/11\/1200508-768x577.jpg 768w, https:\/\/arpenterlechemin.com\/wp-content\/uploads\/2016\/11\/1200508-1024x769.jpg 1024w\" sizes=\"(max-width: 4592px) 100vw, 4592px\" \/><\/p>\n<p><strong><span style=\"color: #0000ff;\">Devise<\/span><\/strong><\/p>\n<p>Le quetzal. En novembre 2016, 80 quetzal valaient 10 $US. On peut changer des dollars am\u00e9ricains et des euros dans toutes les banques ; pour les dollars canadiens, il faut aller au bureau de change sur la 5a avenida.<\/p>\n<p>Toutes les ressources en ligne mettent en garde contre les retraits \u00e0 banque BAC sur le Parque central &#8211; en 2011 en tout cas, le guichet \u00e9tait pirat\u00e9. N&rsquo;ayant pas envie de savoir si c&rsquo;est toujours le cas aujourd&rsquo;hui [EDIT de novembre 2016 : c&rsquo;est toujours le cas : des copains australiens ont \u00e9t\u00e9 pirat\u00e9s \u00e0 l&rsquo;un des guichets de la place], j&rsquo;ai retir\u00e9 de l&rsquo;argent au magasin de jade sur la 4a calle : le distributeur est \u00e0 l&rsquo;int\u00e9rieur. De mani\u00e8re g\u00e9n\u00e9rale, changez\/retirez votre argent \u00e0 l&rsquo;a\u00e9roport, et s&rsquo;il vous faut retirer en cours de route, privil\u00e9giez les distributeurs \u00e0 l&rsquo;int\u00e9rieur des \u00e9tablissements.<\/p>\n<p><em>Et toi, tu es d\u00e9j\u00e0 all\u00e9 \u00e0 Antigua Guatemala ? Tu as aim\u00e9 ? Tu as des tuyaux \u00e0 me donner, tant que je suis sur place ? Je t&rsquo;attends dans les commentaires ! Ce billet contient un lien affili\u00e9 : ta r\u00e9servation par ce lien soutient mes efforts avec ce blog. Merci !<\/em><\/p>\n<p><img decoding=\"async\" loading=\"lazy\" class=\"alignnone wp-image-6086\" src=\"http:\/\/arpenterlechemin.com\/wp-content\/uploads\/2016\/11\/guide-pratique-conseils-antigua-guatemala-voyage-blog-solo-au-feminin-arpenter-le-chemin.jpg\" alt=\"guide pratique conseils antigua guatemala voyage blog solo au feminin arpenter le chemin\" width=\"275\" height=\"412\" \/><img decoding=\"async\" loading=\"lazy\" class=\"alignnone wp-image-6087\" src=\"http:\/\/arpenterlechemin.com\/wp-content\/uploads\/2016\/11\/guide-conseils-antigua-guatemala-blog-voyage-solo-au-feminin-arpenter-le-chemin.jpg\" alt=\"guide conseils antigua guatemala blog voyage solo au feminin arpenter le chemin\" width=\"275\" height=\"412\" \/><img decoding=\"async\" loading=\"lazy\" class=\"alignnone wp-image-6088\" src=\"http:\/\/arpenterlechemin.com\/wp-content\/uploads\/2016\/11\/guide-pratique-antigua-guatemala-blog-voyage-solo-arpenter-le-chemin.jpg\" alt=\"guide pratique antigua guatemala blog voyage solo arpenter le chemin\" width=\"275\" height=\"412\" \/><\/p>\n","protected":false},"excerpt":{"rendered":"<p>Lors de mes voyages, j&rsquo;attends normalement d&rsquo;\u00eatre rentr\u00e9e pour publier des chroniques, mais\u00a0je ne peux pas r\u00e9sister \u00e0 l&rsquo;envie de vous mettre un peu dans l&rsquo;ambiance avec moi d\u00e8s maintenant. Les premiers instants d&rsquo;un voyage sont si pr\u00e9cieux et uniques qu&rsquo;il serait dommage de les laisser filer, non\u00a0? Antigua Guatemala, o\u00f9 j&rsquo;ai mes quartiers en ce joli mois de novembre, est class\u00e9e au patrimoine mondial de l&rsquo;UNESCO depuis 1979. Pour ceux qui ne parlent pas espagnol, comme moi, \u00ab\u00a0Antigua Guatemala\u00a0\u00bb signifie \u00ab\u00a0l&rsquo;antique Guatemala\u00a0\u00bb, et fut la troisi\u00e8me capitale guat\u00e9malt\u00e8que. La <\/p>\n","protected":false},"author":1,"featured_media":1483,"comment_status":"open","ping_status":"open","sticky":false,"template":"","format":"standard","meta":{"jetpack_post_was_ever_published":false},"categories":[528,1],"tags":[540,377,542,603],"yoast_head":"<!-- This site is optimized with the Yoast SEO plugin v20.7 - https:\/\/yoast.com\/wordpress\/plugins\/seo\/ -->\n<title>GUATEMALA \/\/ Antigua : premi\u00e8res impressions et fiche pratique - Arpenter le chemin<\/title>\n<meta name=\"robots\" content=\"index, follow, max-snippet:-1, max-image-preview:large, max-video-preview:-1\" \/>\n<link rel=\"canonical\" href=\"https:\/\/arpenterlechemin.com\/index.php\/2016\/11\/21\/antigua-guatemala-premieres-impressions-et-fiche-pratique-2\/\" \/>\n<meta property=\"og:locale\" content=\"fr_FR\" \/>\n<meta property=\"og:type\" content=\"article\" \/>\n<meta property=\"og:title\" content=\"GUATEMALA \/\/ Antigua : premi\u00e8res impressions et fiche pratique - Arpenter le chemin\" \/>\n<meta property=\"og:description\" content=\"Lors de mes voyages, j&rsquo;attends normalement d&rsquo;\u00eatre rentr\u00e9e pour publier des chroniques, mais\u00a0je ne peux pas r\u00e9sister \u00e0 l&rsquo;envie de vous mettre un peu dans l&rsquo;ambiance avec moi d\u00e8s maintenant. Les premiers instants d&rsquo;un voyage sont si pr\u00e9cieux et uniques qu&rsquo;il serait dommage de les laisser filer, non\u00a0? Antigua Guatemala, o\u00f9 j&rsquo;ai mes quartiers en ce joli mois de novembre, est class\u00e9e au patrimoine mondial de l&rsquo;UNESCO depuis 1979. Pour ceux qui ne parlent pas espagnol, comme moi, \u00ab\u00a0Antigua Guatemala\u00a0\u00bb signifie \u00ab\u00a0l&rsquo;antique Guatemala\u00a0\u00bb, et fut la troisi\u00e8me capitale guat\u00e9malt\u00e8que. La\" \/>\n<meta property=\"og:url\" content=\"https:\/\/arpenterlechemin.com\/index.php\/2016\/11\/21\/antigua-guatemala-premieres-impressions-et-fiche-pratique-2\/\" \/>\n<meta property=\"og:site_name\" content=\"Arpenter le chemin\" \/>\n<meta property=\"article:published_time\" content=\"2016-11-21T07:00:05+00:00\" \/>\n<meta property=\"article:modified_time\" content=\"2018-11-15T09:25:29+00:00\" \/>\n<meta property=\"og:image\" content=\"https:\/\/arpenterlechemin.com\/wp-content\/uploads\/2016\/11\/1200539-2-2.jpg\" \/>\n\t<meta property=\"og:image:width\" content=\"2638\" \/>\n\t<meta property=\"og:image:height\" content=\"1981\" \/>\n\t<meta property=\"og:image:type\" content=\"image\/jpeg\" \/>\n<meta name=\"author\" content=\"Audrey\" \/>\n<meta name=\"twitter:card\" content=\"summary_large_image\" \/>\n<meta name=\"twitter:label1\" content=\"\u00c9crit par\" \/>\n\t<meta name=\"twitter:data1\" content=\"Audrey\" \/>\n\t<meta name=\"twitter:label2\" content=\"Dur\u00e9e de lecture estim\u00e9e\" \/>\n\t<meta name=\"twitter:data2\" content=\"6 minutes\" \/>\n<script type=\"application\/ld+json\" class=\"yoast-schema-graph\">{\"@context\":\"https:\/\/schema.org\",\"@graph\":[{\"@type\":\"Article\",\"@id\":\"https:\/\/arpenterlechemin.com\/index.php\/2016\/11\/21\/antigua-guatemala-premieres-impressions-et-fiche-pratique-2\/#article\",\"isPartOf\":{\"@id\":\"https:\/\/arpenterlechemin.com\/index.php\/2016\/11\/21\/antigua-guatemala-premieres-impressions-et-fiche-pratique-2\/\"},\"author\":{\"name\":\"Audrey\",\"@id\":\"https:\/\/arpenterlechemin.com\/#\/schema\/person\/1d187818c0988fbea4d682c1e59c795c\"},\"headline\":\"GUATEMALA \/\/ Antigua : premi\u00e8res impressions et fiche pratique\",\"datePublished\":\"2016-11-21T07:00:05+00:00\",\"dateModified\":\"2018-11-15T09:25:29+00:00\",\"mainEntityOfPage\":{\"@id\":\"https:\/\/arpenterlechemin.com\/index.php\/2016\/11\/21\/antigua-guatemala-premieres-impressions-et-fiche-pratique-2\/\"},\"wordCount\":1361,\"commentCount\":6,\"publisher\":{\"@id\":\"https:\/\/arpenterlechemin.com\/#organization\"},\"keywords\":[\"am\u00e9rique latine\",\"guatemala\",\"nomade num\u00e9rique\",\"solo\"],\"articleSection\":[\"Am\u00e9rique latine\",\"Blog\"],\"inLanguage\":\"fr-FR\",\"potentialAction\":[{\"@type\":\"CommentAction\",\"name\":\"Comment\",\"target\":[\"https:\/\/arpenterlechemin.com\/index.php\/2016\/11\/21\/antigua-guatemala-premieres-impressions-et-fiche-pratique-2\/#respond\"]}]},{\"@type\":\"WebPage\",\"@id\":\"https:\/\/arpenterlechemin.com\/index.php\/2016\/11\/21\/antigua-guatemala-premieres-impressions-et-fiche-pratique-2\/\",\"url\":\"https:\/\/arpenterlechemin.com\/index.php\/2016\/11\/21\/antigua-guatemala-premieres-impressions-et-fiche-pratique-2\/\",\"name\":\"GUATEMALA \/\/ Antigua : premi\u00e8res impressions et fiche pratique - Arpenter le chemin\",\"isPartOf\":{\"@id\":\"https:\/\/arpenterlechemin.com\/#website\"},\"datePublished\":\"2016-11-21T07:00:05+00:00\",\"dateModified\":\"2018-11-15T09:25:29+00:00\",\"breadcrumb\":{\"@id\":\"https:\/\/arpenterlechemin.com\/index.php\/2016\/11\/21\/antigua-guatemala-premieres-impressions-et-fiche-pratique-2\/#breadcrumb\"},\"inLanguage\":\"fr-FR\",\"potentialAction\":[{\"@type\":\"ReadAction\",\"target\":[\"https:\/\/arpenterlechemin.com\/index.php\/2016\/11\/21\/antigua-guatemala-premieres-impressions-et-fiche-pratique-2\/\"]}]},{\"@type\":\"BreadcrumbList\",\"@id\":\"https:\/\/arpenterlechemin.com\/index.php\/2016\/11\/21\/antigua-guatemala-premieres-impressions-et-fiche-pratique-2\/#breadcrumb\",\"itemListElement\":[{\"@type\":\"ListItem\",\"position\":1,\"name\":\"Home\",\"item\":\"https:\/\/arpenterlechemin.com\/\"},{\"@type\":\"ListItem\",\"position\":2,\"name\":\"GUATEMALA \/\/ Antigua : premi\u00e8res impressions et fiche pratique\"}]},{\"@type\":\"WebSite\",\"@id\":\"https:\/\/arpenterlechemin.com\/#website\",\"url\":\"https:\/\/arpenterlechemin.com\/\",\"name\":\"Arpenter le chemin\",\"description\":\"\",\"publisher\":{\"@id\":\"https:\/\/arpenterlechemin.com\/#organization\"},\"potentialAction\":[{\"@type\":\"SearchAction\",\"target\":{\"@type\":\"EntryPoint\",\"urlTemplate\":\"https:\/\/arpenterlechemin.com\/?s={search_term_string}\"},\"query-input\":\"required name=search_term_string\"}],\"inLanguage\":\"fr-FR\"},{\"@type\":\"Organization\",\"@id\":\"https:\/\/arpenterlechemin.com\/#organization\",\"name\":\"Arpenter le chemin\",\"url\":\"https:\/\/arpenterlechemin.com\/\",\"logo\":{\"@type\":\"ImageObject\",\"inLanguage\":\"fr-FR\",\"@id\":\"https:\/\/arpenterlechemin.com\/#\/schema\/logo\/image\/\",\"url\":\"https:\/\/arpenterlechemin.com\/wp-content\/uploads\/2017\/04\/icone-4.jpg\",\"contentUrl\":\"https:\/\/arpenterlechemin.com\/wp-content\/uploads\/2017\/04\/icone-4.jpg\",\"width\":150,\"height\":73,\"caption\":\"Arpenter le chemin\"},\"image\":{\"@id\":\"https:\/\/arpenterlechemin.com\/#\/schema\/logo\/image\/\"}},{\"@type\":\"Person\",\"@id\":\"https:\/\/arpenterlechemin.com\/#\/schema\/person\/1d187818c0988fbea4d682c1e59c795c\",\"name\":\"Audrey\",\"image\":{\"@type\":\"ImageObject\",\"inLanguage\":\"fr-FR\",\"@id\":\"https:\/\/arpenterlechemin.com\/#\/schema\/person\/image\/\",\"url\":\"https:\/\/secure.gravatar.com\/avatar\/b75298f64c73f1709976c50921beae6a?s=96&d=mm&r=g\",\"contentUrl\":\"https:\/\/secure.gravatar.com\/avatar\/b75298f64c73f1709976c50921beae6a?s=96&d=mm&r=g\",\"caption\":\"Audrey\"},\"description\":\"Allergique \u00e0 la routine, atteinte de bougeotte aigu\u00eb, j'essaie de m'envoler aussi souvent que possible, seule, en couple ou entre amis ! Ville, nature, culture, rando... tout me va, \u00e0 partir du moment o\u00f9 je suis dehors.\",\"url\":\"https:\/\/arpenterlechemin.com\/index.php\/author\/audreyf\/\"}]}<\/script>\n<!-- \/ Yoast SEO plugin. -->","yoast_head_json":{"title":"GUATEMALA \/\/ Antigua : premi\u00e8res impressions et fiche pratique - Arpenter le chemin","robots":{"index":"index","follow":"follow","max-snippet":"max-snippet:-1","max-image-preview":"max-image-preview:large","max-video-preview":"max-video-preview:-1"},"canonical":"https:\/\/arpenterlechemin.com\/index.php\/2016\/11\/21\/antigua-guatemala-premieres-impressions-et-fiche-pratique-2\/","og_locale":"fr_FR","og_type":"article","og_title":"GUATEMALA \/\/ Antigua : premi\u00e8res impressions et fiche pratique - Arpenter le chemin","og_description":"Lors de mes voyages, j&rsquo;attends normalement d&rsquo;\u00eatre rentr\u00e9e pour publier des chroniques, mais\u00a0je ne peux pas r\u00e9sister \u00e0 l&rsquo;envie de vous mettre un peu dans l&rsquo;ambiance avec moi d\u00e8s maintenant. Les premiers instants d&rsquo;un voyage sont si pr\u00e9cieux et uniques qu&rsquo;il serait dommage de les laisser filer, non\u00a0? Antigua Guatemala, o\u00f9 j&rsquo;ai mes quartiers en ce joli mois de novembre, est class\u00e9e au patrimoine mondial de l&rsquo;UNESCO depuis 1979. Pour ceux qui ne parlent pas espagnol, comme moi, \u00ab\u00a0Antigua Guatemala\u00a0\u00bb signifie \u00ab\u00a0l&rsquo;antique Guatemala\u00a0\u00bb, et fut la troisi\u00e8me capitale guat\u00e9malt\u00e8que. La","og_url":"https:\/\/arpenterlechemin.com\/index.php\/2016\/11\/21\/antigua-guatemala-premieres-impressions-et-fiche-pratique-2\/","og_site_name":"Arpenter le chemin","article_published_time":"2016-11-21T07:00:05+00:00","article_modified_time":"2018-11-15T09:25:29+00:00","og_image":[{"width":2638,"height":1981,"url":"https:\/\/arpenterlechemin.com\/wp-content\/uploads\/2016\/11\/1200539-2-2.jpg","type":"image\/jpeg"}],"author":"Audrey","twitter_card":"summary_large_image","twitter_misc":{"\u00c9crit par":"Audrey","Dur\u00e9e de lecture estim\u00e9e":"6 minutes"},"schema":{"@context":"https:\/\/schema.org","@graph":[{"@type":"Article","@id":"https:\/\/arpenterlechemin.com\/index.php\/2016\/11\/21\/antigua-guatemala-premieres-impressions-et-fiche-pratique-2\/#article","isPartOf":{"@id":"https:\/\/arpenterlechemin.com\/index.php\/2016\/11\/21\/antigua-guatemala-premieres-impressions-et-fiche-pratique-2\/"},"author":{"name":"Audrey","@id":"https:\/\/arpenterlechemin.com\/#\/schema\/person\/1d187818c0988fbea4d682c1e59c795c"},"headline":"GUATEMALA \/\/ Antigua : premi\u00e8res impressions et fiche pratique","datePublished":"2016-11-21T07:00:05+00:00","dateModified":"2018-11-15T09:25:29+00:00","mainEntityOfPage":{"@id":"https:\/\/arpenterlechemin.com\/index.php\/2016\/11\/21\/antigua-guatemala-premieres-impressions-et-fiche-pratique-2\/"},"wordCount":1361,"commentCount":6,"publisher":{"@id":"https:\/\/arpenterlechemin.com\/#organization"},"keywords":["am\u00e9rique latine","guatemala","nomade num\u00e9rique","solo"],"articleSection":["Am\u00e9rique latine","Blog"],"inLanguage":"fr-FR","potentialAction":[{"@type":"CommentAction","name":"Comment","target":["https:\/\/arpenterlechemin.com\/index.php\/2016\/11\/21\/antigua-guatemala-premieres-impressions-et-fiche-pratique-2\/#respond"]}]},{"@type":"WebPage","@id":"https:\/\/arpenterlechemin.com\/index.php\/2016\/11\/21\/antigua-guatemala-premieres-impressions-et-fiche-pratique-2\/","url":"https:\/\/arpenterlechemin.com\/index.php\/2016\/11\/21\/antigua-guatemala-premieres-impressions-et-fiche-pratique-2\/","name":"GUATEMALA \/\/ Antigua : premi\u00e8res impressions et fiche pratique - Arpenter le chemin","isPartOf":{"@id":"https:\/\/arpenterlechemin.com\/#website"},"datePublished":"2016-11-21T07:00:05+00:00","dateModified":"2018-11-15T09:25:29+00:00","breadcrumb":{"@id":"https:\/\/arpenterlechemin.com\/index.php\/2016\/11\/21\/antigua-guatemala-premieres-impressions-et-fiche-pratique-2\/#breadcrumb"},"inLanguage":"fr-FR","potentialAction":[{"@type":"ReadAction","target":["https:\/\/arpenterlechemin.com\/index.php\/2016\/11\/21\/antigua-guatemala-premieres-impressions-et-fiche-pratique-2\/"]}]},{"@type":"BreadcrumbList","@id":"https:\/\/arpenterlechemin.com\/index.php\/2016\/11\/21\/antigua-guatemala-premieres-impressions-et-fiche-pratique-2\/#breadcrumb","itemListElement":[{"@type":"ListItem","position":1,"name":"Home","item":"https:\/\/arpenterlechemin.com\/"},{"@type":"ListItem","position":2,"name":"GUATEMALA \/\/ Antigua : premi\u00e8res impressions et fiche pratique"}]},{"@type":"WebSite","@id":"https:\/\/arpenterlechemin.com\/#website","url":"https:\/\/arpenterlechemin.com\/","name":"Arpenter le chemin","description":"","publisher":{"@id":"https:\/\/arpenterlechemin.com\/#organization"},"potentialAction":[{"@type":"SearchAction","target":{"@type":"EntryPoint","urlTemplate":"https:\/\/arpenterlechemin.com\/?s={search_term_string}"},"query-input":"required name=search_term_string"}],"inLanguage":"fr-FR"},{"@type":"Organization","@id":"https:\/\/arpenterlechemin.com\/#organization","name":"Arpenter le chemin","url":"https:\/\/arpenterlechemin.com\/","logo":{"@type":"ImageObject","inLanguage":"fr-FR","@id":"https:\/\/arpenterlechemin.com\/#\/schema\/logo\/image\/","url":"https:\/\/arpenterlechemin.com\/wp-content\/uploads\/2017\/04\/icone-4.jpg","contentUrl":"https:\/\/arpenterlechemin.com\/wp-content\/uploads\/2017\/04\/icone-4.jpg","width":150,"height":73,"caption":"Arpenter le chemin"},"image":{"@id":"https:\/\/arpenterlechemin.com\/#\/schema\/logo\/image\/"}},{"@type":"Person","@id":"https:\/\/arpenterlechemin.com\/#\/schema\/person\/1d187818c0988fbea4d682c1e59c795c","name":"Audrey","image":{"@type":"ImageObject","inLanguage":"fr-FR","@id":"https:\/\/arpenterlechemin.com\/#\/schema\/person\/image\/","url":"https:\/\/secure.gravatar.com\/avatar\/b75298f64c73f1709976c50921beae6a?s=96&d=mm&r=g","contentUrl":"https:\/\/secure.gravatar.com\/avatar\/b75298f64c73f1709976c50921beae6a?s=96&d=mm&r=g","caption":"Audrey"},"description":"Allergique \u00e0 la routine, atteinte de bougeotte aigu\u00eb, j'essaie de m'envoler aussi souvent que possible, seule, en couple ou entre amis ! Ville, nature, culture, rando... tout me va, \u00e0 partir du moment o\u00f9 je suis dehors.","url":"https:\/\/arpenterlechemin.com\/index.php\/author\/audreyf\/"}]}},"jetpack_featured_media_url":"https:\/\/arpenterlechemin.com\/wp-content\/uploads\/2016\/11\/1200539-2-2.jpg","jetpack_sharing_enabled":true,"jetpack_shortlink":"https:\/\/wp.me\/p8z9hR-nv","jetpack-related-posts":[{"id":1471,"url":"https:\/\/arpenterlechemin.com\/index.php\/2016\/11\/30\/antigua-guatemala-cinq-idees-de-visites-culturelles-2\/","url_meta":{"origin":1457,"position":0},"title":"GUATEMALA \/\/ Que visiter \u00e0 Antigua Guatemala","date":"30 novembre 2016","format":false,"excerpt":"Je dois l'avouer : mon s\u00e9jour \u00e0 Antigua est paresseux. Hormis les matin\u00e9es pass\u00e9es \u00e0 traduire - raison d'\u00eatre du voyage, ne l'oublions - mes apr\u00e8s-midi s'\u00e9tirent avec une langueur toute m\u00e9ridionale. Je me d\u00e9lecte de ces heures calmes, o\u00f9 ma seule pr\u00e9occupation est de trouver un caf\u00e9 accueillant, un\u2026","rel":"","context":"Dans &quot;Am\u00e9rique latine&quot;","img":{"alt_text":"","src":"https:\/\/i0.wp.com\/arpenterlechemin.com\/wp-content\/uploads\/2016\/11\/1210036-2-bis.jpg?resize=350%2C200&ssl=1","width":350,"height":200},"classes":[]},{"id":1469,"url":"https:\/\/arpenterlechemin.com\/index.php\/2016\/11\/28\/antigua-guatemala-sous-laile-du-volcan-pacaya-2\/","url_meta":{"origin":1457,"position":1},"title":"GUATEMALA \/\/ Antigua : sous l&rsquo;aile du volcan Pacaya","date":"28 novembre 2016","format":false,"excerpt":"Comme pas mal de monde je pense, les volcans exercent une v\u00e9ritable fascination chez moi. Attirance primale pour le feu ou impression d'\u00eatre sur une autre plan\u00e8te, j'ai toujours voulu \u00eatre vulcanologue et aim\u00e9 les destinations avec des volcans : Islande, Sicile, Japon... et maintenant le Guatemala, sur la ceinture\u2026","rel":"","context":"Dans &quot;Am\u00e9rique latine&quot;","img":{"alt_text":"Voyage Guatemala volcan Pacaya","src":"https:\/\/i0.wp.com\/arpenterlechemin.com\/wp-content\/uploads\/2016\/11\/Voyage-Guatemala-volcan-Pacaya.jpg?resize=350%2C200&ssl=1","width":350,"height":200},"classes":[]},{"id":1608,"url":"https:\/\/arpenterlechemin.com\/index.php\/2016\/12\/08\/guatemala-un-week-end-au-lac-atitlan-2\/","url_meta":{"origin":1457,"position":2},"title":"GUATEMALA \/\/ Un week-end au lac Atitlan","date":"8 d\u00e9cembre 2016","format":false,"excerpt":"Pendant mes trois semaines au Guatemala, je suis rest\u00e9e principalement \u00e0 Antigua. J'avais envie de prendre le temps, de me concentrer sur mon travail et de me reconnecter avec le quotidien, que j'ai un peu tendance \u00e0 perdre dans les moments de stress, trop fr\u00e9quents r\u00e9cemment. La derni\u00e8re chose que\u2026","rel":"","context":"Dans &quot;Am\u00e9rique latine&quot;","img":{"alt_text":"","src":"https:\/\/i0.wp.com\/arpenterlechemin.com\/wp-content\/uploads\/2016\/12\/WP_008681-bis.jpg?resize=350%2C200&ssl=1","width":350,"height":200},"classes":[]},{"id":1396,"url":"https:\/\/arpenterlechemin.com\/index.php\/2016\/12\/05\/antigua-guatemala-en-cinq-gourmandises-2\/","url_meta":{"origin":1457,"position":3},"title":"GUATEMALA \/\/ Que manger \u00e0 Antigua Guatemala","date":"5 d\u00e9cembre 2016","format":false,"excerpt":"L'un des plus grands plaisirs de ma vie de mes voyages, hormis prendre des photos et battre le pav\u00e9, est bien \u00e9videmment de manger. Et quel plus grand plaisir que de manger des choses dont on ne soup\u00e7onnait pas l'existence, dont on ne saura jamais le nom, et dont on\u2026","rel":"","context":"Dans &quot;Am\u00e9rique latine&quot;","img":{"alt_text":"","src":"https:\/\/i0.wp.com\/arpenterlechemin.com\/wp-content\/uploads\/2016\/12\/1210426-2-bis.jpg?resize=350%2C200&ssl=1","width":350,"height":200},"classes":[]},{"id":1785,"url":"https:\/\/arpenterlechemin.com\/index.php\/2017\/01\/17\/guatemala-cartes-postales-2\/","url_meta":{"origin":1457,"position":4},"title":"GUATEMALA \/\/ Cartes postales","date":"17 janvier 2017","format":false,"excerpt":"\u00c7a vous arrive de prendre beaucoup trop de photos en voyage, des photos que vous aimez bien, mais qui ne s'inscrivent pas une th\u00e9matique pr\u00e9cise ? Des photos dures \u00e0 caser, pas toujours parfaites, qu'on aimerait bien partager, et risquent fort de finir dans un album photo qu'on gardera bien\u2026","rel":"","context":"Dans &quot;Am\u00e9rique latine&quot;","img":{"alt_text":"","src":"https:\/\/i0.wp.com\/arpenterlechemin.com\/wp-content\/uploads\/2017\/01\/cartes-postales-guatemala.jpg?resize=350%2C200&ssl=1","width":350,"height":200},"classes":[]},{"id":1678,"url":"https:\/\/arpenterlechemin.com\/index.php\/2016\/12\/26\/retrospective-2016-mes-coups-de-coeur-dailleurs\/","url_meta":{"origin":1457,"position":5},"title":"R\u00e9trospective 2016 : mes coups de coeur d&rsquo;ailleurs","date":"26 d\u00e9cembre 2016","format":false,"excerpt":"La derni\u00e8re ligne droite avant la nouvelle ann\u00e9e... l'occasion r\u00eav\u00e9e de revenir sur mes coups de c\u0153ur de 2016, non ? Cette ann\u00e9e m'a sembl\u00e9\u00a0assez calme au niveau des voyages \u00e0 cause de l'arriv\u00e9e d'Indiana, mais \u00e0 y regarder de plus pr\u00e8s, les\u00a0d\u00e9couvertes n'auront pas manqu\u00e9 : entre les mogotes\u2026","rel":"","context":"Dans &quot;Am\u00e9rique du Nord&quot;","img":{"alt_text":"","src":"https:\/\/i0.wp.com\/arpenterlechemin.com\/wp-content\/uploads\/2016\/12\/DESTINATIONS-coup-de-coeur.jpg?resize=350%2C200&ssl=1","width":350,"height":200},"classes":[]}],"_links":{"self":[{"href":"https:\/\/arpenterlechemin.com\/index.php\/wp-json\/wp\/v2\/posts\/1457"}],"collection":[{"href":"https:\/\/arpenterlechemin.com\/index.php\/wp-json\/wp\/v2\/posts"}],"about":[{"href":"https:\/\/arpenterlechemin.com\/index.php\/wp-json\/wp\/v2\/types\/post"}],"author":[{"embeddable":true,"href":"https:\/\/arpenterlechemin.com\/index.php\/wp-json\/wp\/v2\/users\/1"}],"replies":[{"embeddable":true,"href":"https:\/\/arpenterlechemin.com\/index.php\/wp-json\/wp\/v2\/comments?post=1457"}],"version-history":[{"count":0,"href":"https:\/\/arpenterlechemin.com\/index.php\/wp-json\/wp\/v2\/posts\/1457\/revisions"}],"wp:featuredmedia":[{"embeddable":true,"href":"https:\/\/arpenterlechemin.com\/index.php\/wp-json\/wp\/v2\/media\/1483"}],"wp:attachment":[{"href":"https:\/\/arpenterlechemin.com\/index.php\/wp-json\/wp\/v2\/media?parent=1457"}],"wp:term":[{"taxonomy":"category","embeddable":true,"href":"https:\/\/arpenterlechemin.com\/index.php\/wp-json\/wp\/v2\/categories?post=1457"},{"taxonomy":"post_tag","embeddable":true,"href":"https:\/\/arpenterlechemin.com\/index.php\/wp-json\/wp\/v2\/tags?post=1457"}],"curies":[{"name":"wp","href":"https:\/\/api.w.org\/{rel}","templated":true}]}}