{"id":1346,"date":"2016-11-14T03:35:49","date_gmt":"2016-11-14T07:35:49","guid":{"rendered":"http:\/\/arpenterlechemin.com\/?p=1346"},"modified":"2018-12-02T11:52:40","modified_gmt":"2018-12-02T15:52:40","slug":"montreal-cafe-a-chats-et-feuilles-dautomne-sur-le-plateau-mont-royal-2","status":"publish","type":"post","link":"https:\/\/arpenterlechemin.com\/index.php\/2016\/11\/14\/montreal-cafe-a-chats-et-feuilles-dautomne-sur-le-plateau-mont-royal-2\/","title":{"rendered":"QU\u00c9BEC \/\/ Montr\u00e9al : caf\u00e9 \u00e0 chats et feuilles d&rsquo;automne sur le Plateau Mont-Royal"},"content":{"rendered":"<p>En attendant plus de nouvelles en direct du <a href=\"http:\/\/arpenterlechemin.com\/index.php\/2016\/11\/21\/antigua-guatemala-premieres-impressions-et-fiche-pratique-2\/\">Guatemala<\/a>, je vous propose de me suivre pour mes deux escales : Montr\u00e9al et <a href=\"http:\/\/arpenterlechemin.com\/index.php\/2016\/11\/17\/escale-a-miami-plage-et-art-deco-2\/\">Miami<\/a>. Aujourd&rsquo;hui, direction Montr\u00e9al. Sans dire que je connais cette ville comme ma poche, cela fait quelques fois que je viens la visiter (trois fois en un an) et je commence \u00e0 prendre mes marques, j&rsquo;arrive \u00e0 m&rsquo;orienter sans plan (ou presque). J&rsquo;adore son atmosph\u00e8re unique, cosmopolite, une ville immense mais sans rien d&rsquo;\u00e9touffant, avec ses rues bord\u00e9es d&rsquo;arbres, ses escaliers ext\u00e9rieurs, ses petits commerces&#8230;<\/p>\n<p>Entre mon arriv\u00e9e \u00e0 Montr\u00e9al et mon avion pour Miami, j&rsquo;avais une grosse demi-journ\u00e9e \u00e0 occuper <del>et une minuscule nuit pour en rajouter une couche apr\u00e8s\u00a0la nuit en train<\/del>. Une fois mes bagages d\u00e9pos\u00e9s chez mon amie Nadia (rencontr\u00e9e via Couchsurfing, un jour je vous parlerai de mes rencontres sur canap\u00e9&#8230;), six longues heures s&rsquo;\u00e9tendaient agr\u00e9ablement devant moi avant la tomb\u00e9e de la nuit. Qu&rsquo;allais-je en faire ?\u00a0Le champ des possibles est immense \u00e0 Montr\u00e9al, et je suis loin d&rsquo;avoir vu tous les sites int\u00e9ressants (fort heureusement !).<\/p>\n<p>Vous le savez peut-\u00eatre, 2016\u00a0a \u00e9t\u00e9 assez dure avec moi au niveau personnel, avec des d\u00e9c\u00e8s dans la famille, une d\u00e9pression et globalement, une grosse perte d&rsquo;envie de tout. Mardi 9 novembre, veille de mon d\u00e9part, Trump a \u00e9t\u00e9 \u00e9lu pr\u00e9sident des \u00c9tats-Unis, en sorte d&rsquo;apoth\u00e9ose \u00e0 cette ann\u00e9e pourrie. Je ne vis pas aux \u00c9tats-Unis, mais cette nouvelle a an\u00e9anti le peu de foi qu&rsquo;il me restait en l&rsquo;humanit\u00e9.<\/p>\n<p>Je n&rsquo;avais donc qu&rsquo;une envie en allant \u00e0 Montr\u00e9al : de la tendresse, de la chaleur, du r\u00e9confort.<\/p>\n<p>Et pour cela, je ne connais qu&rsquo;un seul rem\u00e8de : aller dans un caf\u00e9 \u00e0 chats. Ou un caf\u00e9 \u00e0 chiens. Ou les deux. Parce que rien de tel que les bestioles \u00e0 quatre pattes pour faire oublier les soucis du genre humain.<\/p>\n<p>En descendant au m\u00e9tro Sherbrooke, le square Saint Louis m&rsquo;attend. Couvert de feuilles dor\u00e9s, il est bord\u00e9 de belles maisons en pierre cossues. Dans les feuilles, d&rsquo;\u00e9normes \u00e9cureuils plus gros que des chihuahuas\u00a0de taille moyenne se gavent avant leur longue sieste hivernale, les joues gonfl\u00e9es de tout ce qui leur passe sous la dent.<\/p>\n<p><img decoding=\"async\" loading=\"lazy\" class=\"aligncenter wp-image-1349 size-full\" src=\"http:\/\/arpenterlechemin.com\/wp-content\/uploads\/2016\/11\/1200116.jpg\" alt=\"_1200116\" width=\"4592\" height=\"3448\" srcset=\"https:\/\/arpenterlechemin.com\/wp-content\/uploads\/2016\/11\/1200116.jpg 4592w, https:\/\/arpenterlechemin.com\/wp-content\/uploads\/2016\/11\/1200116-300x225.jpg 300w, https:\/\/arpenterlechemin.com\/wp-content\/uploads\/2016\/11\/1200116-768x577.jpg 768w, https:\/\/arpenterlechemin.com\/wp-content\/uploads\/2016\/11\/1200116-1024x769.jpg 1024w\" sizes=\"(max-width: 4592px) 100vw, 4592px\" \/><\/p>\n<p><img decoding=\"async\" loading=\"lazy\" class=\"aligncenter wp-image-1350 size-full\" src=\"http:\/\/arpenterlechemin.com\/wp-content\/uploads\/2016\/11\/1200133.jpg\" alt=\"_1200133\" width=\"4592\" height=\"3448\" srcset=\"https:\/\/arpenterlechemin.com\/wp-content\/uploads\/2016\/11\/1200133.jpg 4592w, https:\/\/arpenterlechemin.com\/wp-content\/uploads\/2016\/11\/1200133-300x225.jpg 300w, https:\/\/arpenterlechemin.com\/wp-content\/uploads\/2016\/11\/1200133-768x577.jpg 768w, https:\/\/arpenterlechemin.com\/wp-content\/uploads\/2016\/11\/1200133-1024x769.jpg 1024w\" sizes=\"(max-width: 4592px) 100vw, 4592px\" \/><\/p>\n<p>Comme \u00e0 mon habitude, je m&rsquo;oriente selon\u00a0l&rsquo;art de rep\u00e9rer un joli coin de rue\/b\u00e2timent\/panorama et de me diriger dans cette direction, en gardant un cap global vers ma destination finale. Ce n&rsquo;est pas une science exacte, hein. L&rsquo;avenue Laval m&rsquo;attire au bout du square, avec ses arbres \u00e0 moiti\u00e9 d\u00e9garnis et ses belles rang\u00e9es d&rsquo;escaliers. Je remonte l&rsquo;avenue en m&rsquo;extasiant et en faisant sourire les passants, amus\u00e9s par cette touriste \u00e0 l&rsquo;allure d&rsquo;une itin\u00e9rante qui prend des photos des \u00e9cureuils (\u00e9quivalent local du pigeon fran\u00e7ais). Je croise autant de Fran\u00e7ais de France que d&rsquo;\u00e9cureuils, mais ils sont moins int\u00e9ressants, je ne les prends pas en photo.<\/p>\n<p>Au carrefour de la rue Duluth, je sais que je suis au bon endroit. Fresques \u00e9clatantes, arc-en-ciel LGBT sur les panneaux de rue, art urbain, boutique qui vend des bonbons au chanvre ? C&rsquo;est l\u00e9gal ? Une rue parfaite pour le caf\u00e9 <a href=\"http:\/\/www.cafechatlheureux.com\/\">Chat l&rsquo;Heureux<\/a>, qui se trouve \u00e0 quelques centaines de m\u00e8tres sur la gauche.<\/p>\n<p><img decoding=\"async\" loading=\"lazy\" class=\"aligncenter wp-image-1351 size-full\" src=\"http:\/\/arpenterlechemin.com\/wp-content\/uploads\/2016\/11\/1200143.jpg\" alt=\"_1200143\" width=\"4592\" height=\"3448\" srcset=\"https:\/\/arpenterlechemin.com\/wp-content\/uploads\/2016\/11\/1200143.jpg 4592w, https:\/\/arpenterlechemin.com\/wp-content\/uploads\/2016\/11\/1200143-300x225.jpg 300w, https:\/\/arpenterlechemin.com\/wp-content\/uploads\/2016\/11\/1200143-768x577.jpg 768w, https:\/\/arpenterlechemin.com\/wp-content\/uploads\/2016\/11\/1200143-1024x769.jpg 1024w\" sizes=\"(max-width: 4592px) 100vw, 4592px\" \/><\/p>\n<p><img decoding=\"async\" loading=\"lazy\" class=\"aligncenter wp-image-1353 size-full\" src=\"http:\/\/arpenterlechemin.com\/wp-content\/uploads\/2016\/11\/1200156.jpg\" alt=\"_1200156\" width=\"4592\" height=\"3448\" srcset=\"https:\/\/arpenterlechemin.com\/wp-content\/uploads\/2016\/11\/1200156.jpg 4592w, https:\/\/arpenterlechemin.com\/wp-content\/uploads\/2016\/11\/1200156-300x225.jpg 300w, https:\/\/arpenterlechemin.com\/wp-content\/uploads\/2016\/11\/1200156-768x577.jpg 768w, https:\/\/arpenterlechemin.com\/wp-content\/uploads\/2016\/11\/1200156-1024x769.jpg 1024w\" sizes=\"(max-width: 4592px) 100vw, 4592px\" \/><\/p>\n<p>Quand j&rsquo;entre, c&rsquo;est un havre de paix. Nous sommes \u00e0 l&rsquo;heure du d\u00e9jeuner, le lieu est fr\u00e9quent\u00e9 mais pas trop, et les petits habitants sont au rendez-vous. Pas moins de huit chats r\u00e9sidents, plus une port\u00e9e de minuscules chatons joueurs.<\/p>\n<p>Le lieu est chaleureux, bien d\u00e9cor\u00e9 sur le th\u00e8me f\u00e9lin et excellente surprise : ce que je commande est succulent. La soupe courge-aubergine est fantastique, les cro\u00fbtons \u00e0 l&rsquo;huile d&rsquo;olive aussi. L&rsquo;un des membres du personnel assure le spectacle en faisant jouer les f\u00e9lins, les petits chatons nous sautent sur les genoux, j&rsquo;ai envie d&#8217;emm\u00e9nager d\u00e9finitivement dans cette bulle de bonheur.<\/p>\n<p><img decoding=\"async\" loading=\"lazy\" class=\"aligncenter wp-image-1352 size-full\" src=\"http:\/\/arpenterlechemin.com\/wp-content\/uploads\/2016\/11\/1200152.jpg\" alt=\"_1200152\" width=\"4592\" height=\"3448\" srcset=\"https:\/\/arpenterlechemin.com\/wp-content\/uploads\/2016\/11\/1200152.jpg 4592w, https:\/\/arpenterlechemin.com\/wp-content\/uploads\/2016\/11\/1200152-300x225.jpg 300w, https:\/\/arpenterlechemin.com\/wp-content\/uploads\/2016\/11\/1200152-768x577.jpg 768w, https:\/\/arpenterlechemin.com\/wp-content\/uploads\/2016\/11\/1200152-1024x769.jpg 1024w\" sizes=\"(max-width: 4592px) 100vw, 4592px\" \/><\/p>\n<p><img decoding=\"async\" loading=\"lazy\" class=\"aligncenter wp-image-1363 size-full\" src=\"http:\/\/arpenterlechemin.com\/wp-content\/uploads\/2016\/11\/WP_008424.jpg\" alt=\"wp_008424\" width=\"1632\" height=\"1224\" srcset=\"https:\/\/arpenterlechemin.com\/wp-content\/uploads\/2016\/11\/WP_008424.jpg 1632w, https:\/\/arpenterlechemin.com\/wp-content\/uploads\/2016\/11\/WP_008424-300x225.jpg 300w, https:\/\/arpenterlechemin.com\/wp-content\/uploads\/2016\/11\/WP_008424-768x576.jpg 768w, https:\/\/arpenterlechemin.com\/wp-content\/uploads\/2016\/11\/WP_008424-1024x768.jpg 1024w\" sizes=\"(max-width: 1632px) 100vw, 1632px\" \/><\/p>\n<p><img decoding=\"async\" loading=\"lazy\" class=\"aligncenter wp-image-1364 size-full\" src=\"http:\/\/arpenterlechemin.com\/wp-content\/uploads\/2016\/11\/WP_008433.jpg\" alt=\"wp_008433\" width=\"1632\" height=\"1224\" srcset=\"https:\/\/arpenterlechemin.com\/wp-content\/uploads\/2016\/11\/WP_008433.jpg 1632w, https:\/\/arpenterlechemin.com\/wp-content\/uploads\/2016\/11\/WP_008433-300x225.jpg 300w, https:\/\/arpenterlechemin.com\/wp-content\/uploads\/2016\/11\/WP_008433-768x576.jpg 768w, https:\/\/arpenterlechemin.com\/wp-content\/uploads\/2016\/11\/WP_008433-1024x768.jpg 1024w\" sizes=\"(max-width: 1632px) 100vw, 1632px\" \/><\/p>\n<p><img decoding=\"async\" loading=\"lazy\" class=\"aligncenter wp-image-1365 size-full\" src=\"http:\/\/arpenterlechemin.com\/wp-content\/uploads\/2016\/11\/WP_008435.jpg\" alt=\"wp_008435\" width=\"1632\" height=\"1224\" srcset=\"https:\/\/arpenterlechemin.com\/wp-content\/uploads\/2016\/11\/WP_008435.jpg 1632w, https:\/\/arpenterlechemin.com\/wp-content\/uploads\/2016\/11\/WP_008435-300x225.jpg 300w, https:\/\/arpenterlechemin.com\/wp-content\/uploads\/2016\/11\/WP_008435-768x576.jpg 768w, https:\/\/arpenterlechemin.com\/wp-content\/uploads\/2016\/11\/WP_008435-1024x768.jpg 1024w\" sizes=\"(max-width: 1632px) 100vw, 1632px\" \/><\/p>\n<p>Au bout d&rsquo;une heure, je ressors\u00a0malgr\u00e9 tout dans l&rsquo;effrayant monde ext\u00e9rieur, car je tiens \u00e0 aller voir le caf\u00e9 \u00e0 chiens. Il n&rsquo;est pas \u00e0 la porte \u00e0 c\u00f4t\u00e9, mais une petite balade d&rsquo;une demi-heure le long\u00a0de la rue Duluth, toujours aussi sympathique, m&rsquo;y am\u00e8ne facilement. Je passe par le parc La Fontaine, o\u00f9 les \u00e9cureuils \u00e9cument ici aussi les all\u00e9es en bandes organis\u00e9es.<\/p>\n<p><img decoding=\"async\" loading=\"lazy\" class=\"aligncenter wp-image-1354 size-full\" src=\"http:\/\/arpenterlechemin.com\/wp-content\/uploads\/2016\/11\/1200194.jpg\" alt=\"_1200194\" width=\"4592\" height=\"3448\" srcset=\"https:\/\/arpenterlechemin.com\/wp-content\/uploads\/2016\/11\/1200194.jpg 4592w, https:\/\/arpenterlechemin.com\/wp-content\/uploads\/2016\/11\/1200194-300x225.jpg 300w, https:\/\/arpenterlechemin.com\/wp-content\/uploads\/2016\/11\/1200194-768x577.jpg 768w, https:\/\/arpenterlechemin.com\/wp-content\/uploads\/2016\/11\/1200194-1024x769.jpg 1024w\" sizes=\"(max-width: 4592px) 100vw, 4592px\" \/><\/p>\n<p><img decoding=\"async\" loading=\"lazy\" class=\"aligncenter wp-image-1355 size-full\" src=\"http:\/\/arpenterlechemin.com\/wp-content\/uploads\/2016\/11\/1200215.jpg\" alt=\"_1200215\" width=\"4592\" height=\"3448\" srcset=\"https:\/\/arpenterlechemin.com\/wp-content\/uploads\/2016\/11\/1200215.jpg 4592w, https:\/\/arpenterlechemin.com\/wp-content\/uploads\/2016\/11\/1200215-300x225.jpg 300w, https:\/\/arpenterlechemin.com\/wp-content\/uploads\/2016\/11\/1200215-768x577.jpg 768w, https:\/\/arpenterlechemin.com\/wp-content\/uploads\/2016\/11\/1200215-1024x769.jpg 1024w\" sizes=\"(max-width: 4592px) 100vw, 4592px\" \/><\/p>\n<p>Le <a href=\"http:\/\/ledoggycafe.com\/\">Doggy Caf\u00e9<\/a> est moins chaleureux que son homologue f\u00e9lin, mais j&rsquo;y passe un bon moment et j&rsquo;aime le concept, alors je vais en dire du bien. On peut y venir avec son chien qui reste\u00a0en libert\u00e9 dans le caf\u00e9 pendant qu&rsquo;on sirote un d\u00e9licieux smoothie (j&rsquo;ai pris celui au cheesecake&#8230; mamma mia !). Depuis que j&rsquo;ai un toutou, je me rends compte \u00e0 quel point les chiens peuvent \u00eatre contraignants : une balade au parc, envie d&rsquo;un caf\u00e9 au retour : M\u00e9dor attend dans la voiture ou on fait une croix sur le caf\u00e9 ? Plus de lieux comme le Doggy caf\u00e9 serait une bonne chose, surtout au Canada o\u00f9 tout le monde ou presque a un chien\u00a0!<\/p>\n<p><img decoding=\"async\" loading=\"lazy\" class=\"aligncenter wp-image-1356 size-full\" src=\"http:\/\/arpenterlechemin.com\/wp-content\/uploads\/2016\/11\/1200222.jpg\" alt=\"_1200222\" width=\"4592\" height=\"3448\" srcset=\"https:\/\/arpenterlechemin.com\/wp-content\/uploads\/2016\/11\/1200222.jpg 4592w, https:\/\/arpenterlechemin.com\/wp-content\/uploads\/2016\/11\/1200222-300x225.jpg 300w, https:\/\/arpenterlechemin.com\/wp-content\/uploads\/2016\/11\/1200222-768x577.jpg 768w, https:\/\/arpenterlechemin.com\/wp-content\/uploads\/2016\/11\/1200222-1024x769.jpg 1024w\" sizes=\"(max-width: 4592px) 100vw, 4592px\" \/><\/p>\n<p>Je me suis amus\u00e9e une heure avec deux chiens qui ne demandaient qu&rsquo;\u00e0 jouer avant de repartir. J&rsquo;avais envie de fl\u00e2ner sur la rue Mont-Royal, mais finalement, mon envie de shopping m&rsquo;est pass\u00e9e et je me suis content\u00e9e de filer vers le m\u00e9tro pour un dernier arr\u00eat avant la nuit : le parc Jean Drapeau. Pas du tout sur le Plateau, mais sur l&rsquo;\u00eele Saint H\u00e9l\u00e8ne, enjamb\u00e9e par le pont Jacques Cartier.<\/p>\n<p><img decoding=\"async\" loading=\"lazy\" class=\"size-large wp-image-1366 aligncenter\" src=\"http:\/\/arpenterlechemin.com\/wp-content\/uploads\/2016\/11\/WP_008469-768x1024.jpg\" alt=\"wp_008469\" width=\"640\" height=\"853\" srcset=\"https:\/\/arpenterlechemin.com\/wp-content\/uploads\/2016\/11\/WP_008469-768x1024.jpg 768w, https:\/\/arpenterlechemin.com\/wp-content\/uploads\/2016\/11\/WP_008469-225x300.jpg 225w, https:\/\/arpenterlechemin.com\/wp-content\/uploads\/2016\/11\/WP_008469.jpg 1224w\" sizes=\"(max-width: 640px) 100vw, 640px\" \/><\/p>\n<p style=\"text-align: center;\"><em>Hostie ! Une \u00e9glise qui sacre pour attirer des fid\u00e8les ?!<\/em><\/p>\n<p>En sortant du m\u00e9tro, on tombe nez \u00e0 nez avec la Biosph\u00e8re, immense structure a\u00e9rienne qui abrite le seul mus\u00e9e consacr\u00e9 \u00e0 l&rsquo;environnement en Am\u00e9rique du Nord (c&rsquo;est dire si cette question est br\u00fblante ici&#8230;). Je n&rsquo;y suis pas all\u00e9e, mais j&rsquo;ai profit\u00e9 de l&rsquo;exposition gratuite \u00e0 l&rsquo;entr\u00e9e, sur le changement climatique en Am\u00e9rique du Nord.<\/p>\n<p><img decoding=\"async\" loading=\"lazy\" class=\"aligncenter wp-image-1358 size-full\" src=\"http:\/\/arpenterlechemin.com\/wp-content\/uploads\/2016\/11\/1200231.jpg\" alt=\"_1200231\" width=\"4592\" height=\"3448\" srcset=\"https:\/\/arpenterlechemin.com\/wp-content\/uploads\/2016\/11\/1200231.jpg 4592w, https:\/\/arpenterlechemin.com\/wp-content\/uploads\/2016\/11\/1200231-300x225.jpg 300w, https:\/\/arpenterlechemin.com\/wp-content\/uploads\/2016\/11\/1200231-768x577.jpg 768w, https:\/\/arpenterlechemin.com\/wp-content\/uploads\/2016\/11\/1200231-1024x769.jpg 1024w\" sizes=\"(max-width: 4592px) 100vw, 4592px\" \/><\/p>\n<p>De l&rsquo;autre c\u00f4t\u00e9 du m\u00e9tro, la promenade le long du fleuve offre un point de vue privil\u00e9gi\u00e9 sur Montr\u00e9al. Je suis all\u00e9e m&rsquo;asseoir sur les berges pour contempler le soleil couchant derri\u00e8re les gratte-ciel, heureuse d&rsquo;avoir fait le d\u00e9tour malgr\u00e9 la temp\u00e9rature en chute libre.<\/p>\n<p><img decoding=\"async\" loading=\"lazy\" class=\"aligncenter wp-image-1360 size-full\" src=\"http:\/\/arpenterlechemin.com\/wp-content\/uploads\/2016\/11\/1200254.jpg\" alt=\"_1200254\" width=\"4592\" height=\"3448\" srcset=\"https:\/\/arpenterlechemin.com\/wp-content\/uploads\/2016\/11\/1200254.jpg 4592w, https:\/\/arpenterlechemin.com\/wp-content\/uploads\/2016\/11\/1200254-300x225.jpg 300w, https:\/\/arpenterlechemin.com\/wp-content\/uploads\/2016\/11\/1200254-768x577.jpg 768w, https:\/\/arpenterlechemin.com\/wp-content\/uploads\/2016\/11\/1200254-1024x769.jpg 1024w\" sizes=\"(max-width: 4592px) 100vw, 4592px\" \/><\/p>\n<p><img decoding=\"async\" loading=\"lazy\" class=\"aligncenter wp-image-1361 size-full\" src=\"http:\/\/arpenterlechemin.com\/wp-content\/uploads\/2016\/11\/1200261.jpg\" alt=\"_1200261\" width=\"4592\" height=\"3448\" srcset=\"https:\/\/arpenterlechemin.com\/wp-content\/uploads\/2016\/11\/1200261.jpg 4592w, https:\/\/arpenterlechemin.com\/wp-content\/uploads\/2016\/11\/1200261-300x225.jpg 300w, https:\/\/arpenterlechemin.com\/wp-content\/uploads\/2016\/11\/1200261-768x577.jpg 768w, https:\/\/arpenterlechemin.com\/wp-content\/uploads\/2016\/11\/1200261-1024x769.jpg 1024w\" sizes=\"(max-width: 4592px) 100vw, 4592px\" \/><\/p>\n<p>Et voil\u00e0 ! Une belle apr\u00e8s-midi \u00e0 Montr\u00e9al. J&rsquo;ai march\u00e9 environ deux \u00e0 trois heures, pass\u00e9 autant de temps dans les diff\u00e9rents caf\u00e9s&#8230; un bon \u00e9quilibre, non ?<\/p>\n<p style=\"text-align: center;\"><a href=\"https:\/\/www.booking.com\/index.html?aid=1571475\">R\u00e9servez votre h\u00e9bergement \u00e0 Montr\u00e9al en ligne<\/a><\/p>\n<p><strong><span style=\"color: #0000ff;\">Acc\u00e8s<\/span><\/strong><\/p>\n<ul>\n<li>Caf\u00e9 Chat l&rsquo;Heureux, 172 Duluth Est (ligne orange, m\u00e9tro Sherbrooke ou Mont-Royal)<\/li>\n<li>Doggy Caf\u00e9, 4493 rue Papineau, au coin de la rue Mont-Royal, (ligne orange, m\u00e9tro Mont-Royal)<\/li>\n<li>Parc Jean Drapeau, station Jean Drapeau (ligne jaune)<\/li>\n<\/ul>\n<p style=\"text-align: center;\"><a href=\"https:\/\/tracking.publicidees.com\/clic.php?partid=56598&amp;progid=1700&amp;promoid=110889\">R\u00e9servez votre vol pour le Canada avec Air Transat<\/a><\/p>\n<p>&nbsp;<\/p>\n<p><img decoding=\"async\" loading=\"lazy\" class=\"alignnone wp-image-6162\" src=\"http:\/\/arpenterlechemin.com\/wp-content\/uploads\/2016\/11\/montreal-automne-itineraire-blog-voyage-canada-arpenter-le-chemin.jpg\" alt=\"montreal automne itineraire blog voyage canada arpenter le chemin\" width=\"275\" height=\"412\" \/>\u00a0 \u00a0<img decoding=\"async\" loading=\"lazy\" class=\"alignnone wp-image-6163\" src=\"http:\/\/arpenterlechemin.com\/wp-content\/uploads\/2016\/11\/montreal-automne-blog-voyage-road-trip-quebec-arpenter-le-chemin-blog.jpg\" alt=\"montreal automne blog voyage road-trip quebec arpenter le chemin blog\" width=\"275\" height=\"412\" \/><\/p>\n<p><em>Et toi, tu as des lieux chaleureux ou insolites \u00e0 me conseiller pour ma prochaine visite \u00e0 Montr\u00e9al ? Je t&rsquo;attends dans les commentaires ! Oyez. Ce billet contient des <a href=\"http:\/\/arpenterlechemin.com\/index.php\/2018\/12\/01\/soutenir-blog\/\">liens affili\u00e9s<\/a>.<\/em><\/p>\n","protected":false},"excerpt":{"rendered":"<p>En attendant plus de nouvelles en direct du Guatemala, je vous propose de me suivre pour mes deux escales : Montr\u00e9al et Miami. Aujourd&rsquo;hui, direction Montr\u00e9al. Sans dire que je connais cette ville comme ma poche, cela fait quelques fois que je viens la visiter (trois fois en un an) et je commence \u00e0 prendre mes marques, j&rsquo;arrive \u00e0 m&rsquo;orienter sans plan (ou presque). J&rsquo;adore son atmosph\u00e8re unique, cosmopolite, une ville immense mais sans rien d&rsquo;\u00e9touffant, avec ses rues bord\u00e9es d&rsquo;arbres, ses escaliers ext\u00e9rieurs, ses petits commerces&#8230; Entre mon arriv\u00e9e <\/p>\n","protected":false},"author":1,"featured_media":1370,"comment_status":"open","ping_status":"open","sticky":false,"template":"","format":"standard","meta":{"jetpack_post_was_ever_published":false},"categories":[526,539,1],"tags":[545,42,308,171,603],"yoast_head":"<!-- This site is optimized with the Yoast SEO plugin v20.7 - https:\/\/yoast.com\/wordpress\/plugins\/seo\/ -->\n<title>QU\u00c9BEC \/\/ Montr\u00e9al : caf\u00e9 \u00e0 chats et feuilles d&#039;automne sur le Plateau Mont-Royal - Arpenter le chemin<\/title>\n<meta name=\"robots\" content=\"index, follow, max-snippet:-1, max-image-preview:large, max-video-preview:-1\" \/>\n<link rel=\"canonical\" href=\"https:\/\/arpenterlechemin.com\/index.php\/2016\/11\/14\/montreal-cafe-a-chats-et-feuilles-dautomne-sur-le-plateau-mont-royal-2\/\" \/>\n<meta property=\"og:locale\" content=\"fr_FR\" \/>\n<meta property=\"og:type\" content=\"article\" \/>\n<meta property=\"og:title\" content=\"QU\u00c9BEC \/\/ Montr\u00e9al : caf\u00e9 \u00e0 chats et feuilles d&#039;automne sur le Plateau Mont-Royal - Arpenter le chemin\" \/>\n<meta property=\"og:description\" content=\"En attendant plus de nouvelles en direct du Guatemala, je vous propose de me suivre pour mes deux escales : Montr\u00e9al et Miami. Aujourd&rsquo;hui, direction Montr\u00e9al. Sans dire que je connais cette ville comme ma poche, cela fait quelques fois que je viens la visiter (trois fois en un an) et je commence \u00e0 prendre mes marques, j&rsquo;arrive \u00e0 m&rsquo;orienter sans plan (ou presque). J&rsquo;adore son atmosph\u00e8re unique, cosmopolite, une ville immense mais sans rien d&rsquo;\u00e9touffant, avec ses rues bord\u00e9es d&rsquo;arbres, ses escaliers ext\u00e9rieurs, ses petits commerces&#8230; Entre mon arriv\u00e9e\" \/>\n<meta property=\"og:url\" content=\"https:\/\/arpenterlechemin.com\/index.php\/2016\/11\/14\/montreal-cafe-a-chats-et-feuilles-dautomne-sur-le-plateau-mont-royal-2\/\" \/>\n<meta property=\"og:site_name\" content=\"Arpenter le chemin\" \/>\n<meta property=\"article:published_time\" content=\"2016-11-14T07:35:49+00:00\" \/>\n<meta property=\"article:modified_time\" content=\"2018-12-02T15:52:40+00:00\" \/>\n<meta property=\"og:image\" content=\"https:\/\/arpenterlechemin.com\/wp-content\/uploads\/2016\/11\/12001482.jpg\" \/>\n\t<meta property=\"og:image:width\" content=\"2638\" \/>\n\t<meta property=\"og:image:height\" content=\"1981\" \/>\n\t<meta property=\"og:image:type\" content=\"image\/jpeg\" \/>\n<meta name=\"author\" content=\"Audrey\" \/>\n<meta name=\"twitter:card\" content=\"summary_large_image\" \/>\n<meta name=\"twitter:label1\" content=\"\u00c9crit par\" \/>\n\t<meta name=\"twitter:data1\" content=\"Audrey\" \/>\n\t<meta name=\"twitter:label2\" content=\"Dur\u00e9e de lecture estim\u00e9e\" \/>\n\t<meta name=\"twitter:data2\" content=\"6 minutes\" \/>\n<script type=\"application\/ld+json\" class=\"yoast-schema-graph\">{\"@context\":\"https:\/\/schema.org\",\"@graph\":[{\"@type\":\"Article\",\"@id\":\"https:\/\/arpenterlechemin.com\/index.php\/2016\/11\/14\/montreal-cafe-a-chats-et-feuilles-dautomne-sur-le-plateau-mont-royal-2\/#article\",\"isPartOf\":{\"@id\":\"https:\/\/arpenterlechemin.com\/index.php\/2016\/11\/14\/montreal-cafe-a-chats-et-feuilles-dautomne-sur-le-plateau-mont-royal-2\/\"},\"author\":{\"name\":\"Audrey\",\"@id\":\"https:\/\/arpenterlechemin.com\/#\/schema\/person\/1d187818c0988fbea4d682c1e59c795c\"},\"headline\":\"QU\u00c9BEC \/\/ Montr\u00e9al : caf\u00e9 \u00e0 chats et feuilles d&rsquo;automne sur le Plateau Mont-Royal\",\"datePublished\":\"2016-11-14T07:35:49+00:00\",\"dateModified\":\"2018-12-02T15:52:40+00:00\",\"mainEntityOfPage\":{\"@id\":\"https:\/\/arpenterlechemin.com\/index.php\/2016\/11\/14\/montreal-cafe-a-chats-et-feuilles-dautomne-sur-le-plateau-mont-royal-2\/\"},\"wordCount\":1241,\"commentCount\":6,\"publisher\":{\"@id\":\"https:\/\/arpenterlechemin.com\/#organization\"},\"keywords\":[\"am\u00e9rique du nord\",\"canada\",\"escale\",\"montr\u00e9al\",\"solo\"],\"articleSection\":[\"Am\u00e9rique du Nord\",\"Am\u00e9riques\",\"Blog\"],\"inLanguage\":\"fr-FR\",\"potentialAction\":[{\"@type\":\"CommentAction\",\"name\":\"Comment\",\"target\":[\"https:\/\/arpenterlechemin.com\/index.php\/2016\/11\/14\/montreal-cafe-a-chats-et-feuilles-dautomne-sur-le-plateau-mont-royal-2\/#respond\"]}]},{\"@type\":\"WebPage\",\"@id\":\"https:\/\/arpenterlechemin.com\/index.php\/2016\/11\/14\/montreal-cafe-a-chats-et-feuilles-dautomne-sur-le-plateau-mont-royal-2\/\",\"url\":\"https:\/\/arpenterlechemin.com\/index.php\/2016\/11\/14\/montreal-cafe-a-chats-et-feuilles-dautomne-sur-le-plateau-mont-royal-2\/\",\"name\":\"QU\u00c9BEC \/\/ Montr\u00e9al : caf\u00e9 \u00e0 chats et feuilles d'automne sur le Plateau Mont-Royal - Arpenter le chemin\",\"isPartOf\":{\"@id\":\"https:\/\/arpenterlechemin.com\/#website\"},\"datePublished\":\"2016-11-14T07:35:49+00:00\",\"dateModified\":\"2018-12-02T15:52:40+00:00\",\"breadcrumb\":{\"@id\":\"https:\/\/arpenterlechemin.com\/index.php\/2016\/11\/14\/montreal-cafe-a-chats-et-feuilles-dautomne-sur-le-plateau-mont-royal-2\/#breadcrumb\"},\"inLanguage\":\"fr-FR\",\"potentialAction\":[{\"@type\":\"ReadAction\",\"target\":[\"https:\/\/arpenterlechemin.com\/index.php\/2016\/11\/14\/montreal-cafe-a-chats-et-feuilles-dautomne-sur-le-plateau-mont-royal-2\/\"]}]},{\"@type\":\"BreadcrumbList\",\"@id\":\"https:\/\/arpenterlechemin.com\/index.php\/2016\/11\/14\/montreal-cafe-a-chats-et-feuilles-dautomne-sur-le-plateau-mont-royal-2\/#breadcrumb\",\"itemListElement\":[{\"@type\":\"ListItem\",\"position\":1,\"name\":\"Home\",\"item\":\"https:\/\/arpenterlechemin.com\/\"},{\"@type\":\"ListItem\",\"position\":2,\"name\":\"QU\u00c9BEC \/\/ Montr\u00e9al : caf\u00e9 \u00e0 chats et feuilles d&rsquo;automne sur le Plateau Mont-Royal\"}]},{\"@type\":\"WebSite\",\"@id\":\"https:\/\/arpenterlechemin.com\/#website\",\"url\":\"https:\/\/arpenterlechemin.com\/\",\"name\":\"Arpenter le chemin\",\"description\":\"\",\"publisher\":{\"@id\":\"https:\/\/arpenterlechemin.com\/#organization\"},\"potentialAction\":[{\"@type\":\"SearchAction\",\"target\":{\"@type\":\"EntryPoint\",\"urlTemplate\":\"https:\/\/arpenterlechemin.com\/?s={search_term_string}\"},\"query-input\":\"required name=search_term_string\"}],\"inLanguage\":\"fr-FR\"},{\"@type\":\"Organization\",\"@id\":\"https:\/\/arpenterlechemin.com\/#organization\",\"name\":\"Arpenter le chemin\",\"url\":\"https:\/\/arpenterlechemin.com\/\",\"logo\":{\"@type\":\"ImageObject\",\"inLanguage\":\"fr-FR\",\"@id\":\"https:\/\/arpenterlechemin.com\/#\/schema\/logo\/image\/\",\"url\":\"https:\/\/arpenterlechemin.com\/wp-content\/uploads\/2017\/04\/icone-4.jpg\",\"contentUrl\":\"https:\/\/arpenterlechemin.com\/wp-content\/uploads\/2017\/04\/icone-4.jpg\",\"width\":150,\"height\":73,\"caption\":\"Arpenter le chemin\"},\"image\":{\"@id\":\"https:\/\/arpenterlechemin.com\/#\/schema\/logo\/image\/\"}},{\"@type\":\"Person\",\"@id\":\"https:\/\/arpenterlechemin.com\/#\/schema\/person\/1d187818c0988fbea4d682c1e59c795c\",\"name\":\"Audrey\",\"image\":{\"@type\":\"ImageObject\",\"inLanguage\":\"fr-FR\",\"@id\":\"https:\/\/arpenterlechemin.com\/#\/schema\/person\/image\/\",\"url\":\"https:\/\/secure.gravatar.com\/avatar\/b75298f64c73f1709976c50921beae6a?s=96&d=mm&r=g\",\"contentUrl\":\"https:\/\/secure.gravatar.com\/avatar\/b75298f64c73f1709976c50921beae6a?s=96&d=mm&r=g\",\"caption\":\"Audrey\"},\"description\":\"Allergique \u00e0 la routine, atteinte de bougeotte aigu\u00eb, j'essaie de m'envoler aussi souvent que possible, seule, en couple ou entre amis ! Ville, nature, culture, rando... tout me va, \u00e0 partir du moment o\u00f9 je suis dehors.\",\"url\":\"https:\/\/arpenterlechemin.com\/index.php\/author\/audreyf\/\"}]}<\/script>\n<!-- \/ Yoast SEO plugin. -->","yoast_head_json":{"title":"QU\u00c9BEC \/\/ Montr\u00e9al : caf\u00e9 \u00e0 chats et feuilles d'automne sur le Plateau Mont-Royal - Arpenter le chemin","robots":{"index":"index","follow":"follow","max-snippet":"max-snippet:-1","max-image-preview":"max-image-preview:large","max-video-preview":"max-video-preview:-1"},"canonical":"https:\/\/arpenterlechemin.com\/index.php\/2016\/11\/14\/montreal-cafe-a-chats-et-feuilles-dautomne-sur-le-plateau-mont-royal-2\/","og_locale":"fr_FR","og_type":"article","og_title":"QU\u00c9BEC \/\/ Montr\u00e9al : caf\u00e9 \u00e0 chats et feuilles d'automne sur le Plateau Mont-Royal - Arpenter le chemin","og_description":"En attendant plus de nouvelles en direct du Guatemala, je vous propose de me suivre pour mes deux escales : Montr\u00e9al et Miami. Aujourd&rsquo;hui, direction Montr\u00e9al. Sans dire que je connais cette ville comme ma poche, cela fait quelques fois que je viens la visiter (trois fois en un an) et je commence \u00e0 prendre mes marques, j&rsquo;arrive \u00e0 m&rsquo;orienter sans plan (ou presque). J&rsquo;adore son atmosph\u00e8re unique, cosmopolite, une ville immense mais sans rien d&rsquo;\u00e9touffant, avec ses rues bord\u00e9es d&rsquo;arbres, ses escaliers ext\u00e9rieurs, ses petits commerces&#8230; Entre mon arriv\u00e9e","og_url":"https:\/\/arpenterlechemin.com\/index.php\/2016\/11\/14\/montreal-cafe-a-chats-et-feuilles-dautomne-sur-le-plateau-mont-royal-2\/","og_site_name":"Arpenter le chemin","article_published_time":"2016-11-14T07:35:49+00:00","article_modified_time":"2018-12-02T15:52:40+00:00","og_image":[{"width":2638,"height":1981,"url":"https:\/\/arpenterlechemin.com\/wp-content\/uploads\/2016\/11\/12001482.jpg","type":"image\/jpeg"}],"author":"Audrey","twitter_card":"summary_large_image","twitter_misc":{"\u00c9crit par":"Audrey","Dur\u00e9e de lecture estim\u00e9e":"6 minutes"},"schema":{"@context":"https:\/\/schema.org","@graph":[{"@type":"Article","@id":"https:\/\/arpenterlechemin.com\/index.php\/2016\/11\/14\/montreal-cafe-a-chats-et-feuilles-dautomne-sur-le-plateau-mont-royal-2\/#article","isPartOf":{"@id":"https:\/\/arpenterlechemin.com\/index.php\/2016\/11\/14\/montreal-cafe-a-chats-et-feuilles-dautomne-sur-le-plateau-mont-royal-2\/"},"author":{"name":"Audrey","@id":"https:\/\/arpenterlechemin.com\/#\/schema\/person\/1d187818c0988fbea4d682c1e59c795c"},"headline":"QU\u00c9BEC \/\/ Montr\u00e9al : caf\u00e9 \u00e0 chats et feuilles d&rsquo;automne sur le Plateau Mont-Royal","datePublished":"2016-11-14T07:35:49+00:00","dateModified":"2018-12-02T15:52:40+00:00","mainEntityOfPage":{"@id":"https:\/\/arpenterlechemin.com\/index.php\/2016\/11\/14\/montreal-cafe-a-chats-et-feuilles-dautomne-sur-le-plateau-mont-royal-2\/"},"wordCount":1241,"commentCount":6,"publisher":{"@id":"https:\/\/arpenterlechemin.com\/#organization"},"keywords":["am\u00e9rique du nord","canada","escale","montr\u00e9al","solo"],"articleSection":["Am\u00e9rique du Nord","Am\u00e9riques","Blog"],"inLanguage":"fr-FR","potentialAction":[{"@type":"CommentAction","name":"Comment","target":["https:\/\/arpenterlechemin.com\/index.php\/2016\/11\/14\/montreal-cafe-a-chats-et-feuilles-dautomne-sur-le-plateau-mont-royal-2\/#respond"]}]},{"@type":"WebPage","@id":"https:\/\/arpenterlechemin.com\/index.php\/2016\/11\/14\/montreal-cafe-a-chats-et-feuilles-dautomne-sur-le-plateau-mont-royal-2\/","url":"https:\/\/arpenterlechemin.com\/index.php\/2016\/11\/14\/montreal-cafe-a-chats-et-feuilles-dautomne-sur-le-plateau-mont-royal-2\/","name":"QU\u00c9BEC \/\/ Montr\u00e9al : caf\u00e9 \u00e0 chats et feuilles d'automne sur le Plateau Mont-Royal - Arpenter le chemin","isPartOf":{"@id":"https:\/\/arpenterlechemin.com\/#website"},"datePublished":"2016-11-14T07:35:49+00:00","dateModified":"2018-12-02T15:52:40+00:00","breadcrumb":{"@id":"https:\/\/arpenterlechemin.com\/index.php\/2016\/11\/14\/montreal-cafe-a-chats-et-feuilles-dautomne-sur-le-plateau-mont-royal-2\/#breadcrumb"},"inLanguage":"fr-FR","potentialAction":[{"@type":"ReadAction","target":["https:\/\/arpenterlechemin.com\/index.php\/2016\/11\/14\/montreal-cafe-a-chats-et-feuilles-dautomne-sur-le-plateau-mont-royal-2\/"]}]},{"@type":"BreadcrumbList","@id":"https:\/\/arpenterlechemin.com\/index.php\/2016\/11\/14\/montreal-cafe-a-chats-et-feuilles-dautomne-sur-le-plateau-mont-royal-2\/#breadcrumb","itemListElement":[{"@type":"ListItem","position":1,"name":"Home","item":"https:\/\/arpenterlechemin.com\/"},{"@type":"ListItem","position":2,"name":"QU\u00c9BEC \/\/ Montr\u00e9al : caf\u00e9 \u00e0 chats et feuilles d&rsquo;automne sur le Plateau Mont-Royal"}]},{"@type":"WebSite","@id":"https:\/\/arpenterlechemin.com\/#website","url":"https:\/\/arpenterlechemin.com\/","name":"Arpenter le chemin","description":"","publisher":{"@id":"https:\/\/arpenterlechemin.com\/#organization"},"potentialAction":[{"@type":"SearchAction","target":{"@type":"EntryPoint","urlTemplate":"https:\/\/arpenterlechemin.com\/?s={search_term_string}"},"query-input":"required name=search_term_string"}],"inLanguage":"fr-FR"},{"@type":"Organization","@id":"https:\/\/arpenterlechemin.com\/#organization","name":"Arpenter le chemin","url":"https:\/\/arpenterlechemin.com\/","logo":{"@type":"ImageObject","inLanguage":"fr-FR","@id":"https:\/\/arpenterlechemin.com\/#\/schema\/logo\/image\/","url":"https:\/\/arpenterlechemin.com\/wp-content\/uploads\/2017\/04\/icone-4.jpg","contentUrl":"https:\/\/arpenterlechemin.com\/wp-content\/uploads\/2017\/04\/icone-4.jpg","width":150,"height":73,"caption":"Arpenter le chemin"},"image":{"@id":"https:\/\/arpenterlechemin.com\/#\/schema\/logo\/image\/"}},{"@type":"Person","@id":"https:\/\/arpenterlechemin.com\/#\/schema\/person\/1d187818c0988fbea4d682c1e59c795c","name":"Audrey","image":{"@type":"ImageObject","inLanguage":"fr-FR","@id":"https:\/\/arpenterlechemin.com\/#\/schema\/person\/image\/","url":"https:\/\/secure.gravatar.com\/avatar\/b75298f64c73f1709976c50921beae6a?s=96&d=mm&r=g","contentUrl":"https:\/\/secure.gravatar.com\/avatar\/b75298f64c73f1709976c50921beae6a?s=96&d=mm&r=g","caption":"Audrey"},"description":"Allergique \u00e0 la routine, atteinte de bougeotte aigu\u00eb, j'essaie de m'envoler aussi souvent que possible, seule, en couple ou entre amis ! Ville, nature, culture, rando... tout me va, \u00e0 partir du moment o\u00f9 je suis dehors.","url":"https:\/\/arpenterlechemin.com\/index.php\/author\/audreyf\/"}]}},"jetpack_featured_media_url":"https:\/\/arpenterlechemin.com\/wp-content\/uploads\/2016\/11\/12001482.jpg","jetpack_sharing_enabled":true,"jetpack_shortlink":"https:\/\/wp.me\/p8z9hR-lI","jetpack-related-posts":[{"id":1457,"url":"https:\/\/arpenterlechemin.com\/index.php\/2016\/11\/21\/antigua-guatemala-premieres-impressions-et-fiche-pratique-2\/","url_meta":{"origin":1346,"position":0},"title":"GUATEMALA \/\/ Antigua : premi\u00e8res impressions et fiche pratique","date":"21 novembre 2016","format":false,"excerpt":"Lors de mes voyages, j'attends normalement d'\u00eatre rentr\u00e9e pour publier des chroniques, mais\u00a0je ne peux pas r\u00e9sister \u00e0 l'envie de vous mettre un peu dans l'ambiance avec moi d\u00e8s maintenant. Les premiers instants d'un voyage sont si pr\u00e9cieux et uniques qu'il serait dommage de les laisser filer, non\u00a0? Antigua Guatemala,\u2026","rel":"","context":"Dans &quot;Am\u00e9rique latine&quot;","img":{"alt_text":"","src":"https:\/\/i0.wp.com\/arpenterlechemin.com\/wp-content\/uploads\/2016\/11\/1200539-2-2.jpg?resize=350%2C200&ssl=1","width":350,"height":200},"classes":[]},{"id":10943,"url":"https:\/\/arpenterlechemin.com\/index.php\/2022\/12\/15\/montreal-escale-noel\/","url_meta":{"origin":1346,"position":1},"title":"QU\u00c9BEC \/\/ Escale de No\u00ebl \u00e0 Montr\u00e9al","date":"15 d\u00e9cembre 2022","format":false,"excerpt":"Que faire quand on a un billet d'avion \u00e0 prix d\u00e9fiant toute concurrence mais qui nous impose une escale de 24 heures \u00e0 Montr\u00e9al ? On s'y plie de bonne gr\u00e2ce en profitant de l'aubaine au maximum, bien \u00e9videmment ! Bien s\u00fbr, la deuxi\u00e8me plus grande ville du Canada m\u00e9rite\u2026","rel":"","context":"Dans &quot;Am\u00e9rique du Nord&quot;","img":{"alt_text":"Que faire escale d\u00e9cembre Montr\u00e9al Qu\u00e9bec Canada","src":"https:\/\/i0.wp.com\/arpenterlechemin.com\/wp-content\/uploads\/2022\/12\/Que-faire-escale-d\u00e9cembre-Montr\u00e9al-Qu\u00e9bec-Canada.jpg?resize=350%2C200&ssl=1","width":350,"height":200},"classes":[]},{"id":1678,"url":"https:\/\/arpenterlechemin.com\/index.php\/2016\/12\/26\/retrospective-2016-mes-coups-de-coeur-dailleurs\/","url_meta":{"origin":1346,"position":2},"title":"R\u00e9trospective 2016 : mes coups de coeur d&rsquo;ailleurs","date":"26 d\u00e9cembre 2016","format":false,"excerpt":"La derni\u00e8re ligne droite avant la nouvelle ann\u00e9e... l'occasion r\u00eav\u00e9e de revenir sur mes coups de c\u0153ur de 2016, non ? Cette ann\u00e9e m'a sembl\u00e9\u00a0assez calme au niveau des voyages \u00e0 cause de l'arriv\u00e9e d'Indiana, mais \u00e0 y regarder de plus pr\u00e8s, les\u00a0d\u00e9couvertes n'auront pas manqu\u00e9 : entre les mogotes\u2026","rel":"","context":"Dans &quot;Am\u00e9rique du Nord&quot;","img":{"alt_text":"","src":"https:\/\/i0.wp.com\/arpenterlechemin.com\/wp-content\/uploads\/2016\/12\/DESTINATIONS-coup-de-coeur.jpg?resize=350%2C200&ssl=1","width":350,"height":200},"classes":[]},{"id":1288,"url":"https:\/\/arpenterlechemin.com\/index.php\/2016\/11\/10\/dans-mon-sac-presque-minimaliste-pour-le-guatemala-2\/","url_meta":{"origin":1346,"position":3},"title":"\u00c9LUCUBRATIONS \/\/ Dans mon sac (presque) minimaliste pour le Guatemala","date":"10 novembre 2016","format":false,"excerpt":"Dur dur de trouver que mettre dans ses bagages quand on cumule... une nuit dans un train non couchette et probablement sous-chauff\u00e9 (froid) une \"escale\" de deux jours \u00e0 Montr\u00e9al mi-novembre avant d'aller prendre l'avion (doux, temps changeant) une escale de 24 heures \u00e0 Miami (chaud et humide) trois semaines\u2026","rel":"","context":"Dans &quot;Am\u00e9rique latine&quot;","img":{"alt_text":"","src":"https:\/\/i0.wp.com\/arpenterlechemin.com\/wp-content\/uploads\/2016\/11\/12000892.jpg?resize=350%2C200&ssl=1","width":350,"height":200},"classes":[]},{"id":6652,"url":"https:\/\/arpenterlechemin.com\/index.php\/2019\/04\/30\/tour-europe-train\/","url_meta":{"origin":1346,"position":4},"title":"EUROPE \/\/ Mon tour d&rsquo;Europe, ma d\u00e9claration d&rsquo;amour au continent","date":"30 avril 2019","format":false,"excerpt":"Un jour, j'ai eu un r\u00eave... celui de traverser l'Europe en train. Fascin\u00e9e par les trajets romantiques d'antan, o\u00f9 l'on mettait des jours, des semaines, des mois pour rallier sa destination et o\u00f9 le trajet \u00e9tait tout un voyage en soi, j'ai eu envie de prendre le train pour Moscou.\u2026","rel":"","context":"Dans &quot;Blog&quot;","img":{"alt_text":"titre tour europe train solo au feminin france russie riviera express blog voyage arpenter le chemin","src":"https:\/\/i0.wp.com\/arpenterlechemin.com\/wp-content\/uploads\/2019\/01\/titre-tour-europe-train-solo-au-feminin-france-russie-riviera-express-blog-voyage-arpenter-le-chemin.jpg?resize=350%2C200&ssl=1","width":350,"height":200},"classes":[]},{"id":4497,"url":"https:\/\/arpenterlechemin.com\/index.php\/2017\/12\/26\/vieux-quebec-temps-fetes\/","url_meta":{"origin":1346,"position":5},"title":"QU\u00c9BEC \/\/ Le Vieux Qu\u00e9bec au temps des f\u00eates","date":"26 d\u00e9cembre 2017","format":false,"excerpt":"En Am\u00e9rique du Nord, Qu\u00e9bec a une place assez sp\u00e9ciale : une grande ville presque enti\u00e8rement francophone, la seule ville fortifi\u00e9e au nord du Mexique, une ville aux airs d'Europe avec ses rues pi\u00e9tonnes et ses fa\u00e7ades pr\u00e9serv\u00e9es, son h\u00f4tel Frontenac qui toise la ville avec de grands airs de\u2026","rel":"","context":"Dans &quot;Am\u00e9rique du Nord&quot;","img":{"alt_text":"","src":"https:\/\/i0.wp.com\/arpenterlechemin.com\/wp-content\/uploads\/2018\/01\/Le-vieux-Qu\u00e9bec-au-temps-des-f\u00eates.jpg?resize=350%2C200&ssl=1","width":350,"height":200},"classes":[]}],"_links":{"self":[{"href":"https:\/\/arpenterlechemin.com\/index.php\/wp-json\/wp\/v2\/posts\/1346"}],"collection":[{"href":"https:\/\/arpenterlechemin.com\/index.php\/wp-json\/wp\/v2\/posts"}],"about":[{"href":"https:\/\/arpenterlechemin.com\/index.php\/wp-json\/wp\/v2\/types\/post"}],"author":[{"embeddable":true,"href":"https:\/\/arpenterlechemin.com\/index.php\/wp-json\/wp\/v2\/users\/1"}],"replies":[{"embeddable":true,"href":"https:\/\/arpenterlechemin.com\/index.php\/wp-json\/wp\/v2\/comments?post=1346"}],"version-history":[{"count":0,"href":"https:\/\/arpenterlechemin.com\/index.php\/wp-json\/wp\/v2\/posts\/1346\/revisions"}],"wp:featuredmedia":[{"embeddable":true,"href":"https:\/\/arpenterlechemin.com\/index.php\/wp-json\/wp\/v2\/media\/1370"}],"wp:attachment":[{"href":"https:\/\/arpenterlechemin.com\/index.php\/wp-json\/wp\/v2\/media?parent=1346"}],"wp:term":[{"taxonomy":"category","embeddable":true,"href":"https:\/\/arpenterlechemin.com\/index.php\/wp-json\/wp\/v2\/categories?post=1346"},{"taxonomy":"post_tag","embeddable":true,"href":"https:\/\/arpenterlechemin.com\/index.php\/wp-json\/wp\/v2\/tags?post=1346"}],"curies":[{"name":"wp","href":"https:\/\/api.w.org\/{rel}","templated":true}]}}