{"id":11258,"date":"2022-03-31T02:24:15","date_gmt":"2022-03-31T06:24:15","guid":{"rendered":"https:\/\/arpenterlechemin.com\/?p=11258"},"modified":"2022-04-26T11:18:04","modified_gmt":"2022-04-26T15:18:04","slug":"visiter-trois-rivieres-quebec","status":"publish","type":"post","link":"https:\/\/arpenterlechemin.com\/index.php\/2022\/03\/31\/visiter-trois-rivieres-quebec\/","title":{"rendered":"QU\u00c9BEC \/\/ 48 heures \u00e0 Trois-Rivi\u00e8res"},"content":{"rendered":"<p>Entre Montr\u00e9al et Qu\u00e9bec se trouve une ville trop souvent d\u00e9laiss\u00e9e au profit de ses deux grandes voisines : <strong>Trois-Rivi\u00e8res,<\/strong> nich\u00e9e au bord du Saint-Laurent et riche de nombreux secrets bien gard\u00e9s. Que vous soyez en voyage au Qu\u00e9bec ou \u00e0 la recherche d&rsquo;une escapade en Mauricie, <strong>la deuxi\u00e8me plus vieille ville du Qu\u00e9bec<\/strong> m\u00e9rite une visite en toutes saisons. Entre son <strong>centre-ville historique<\/strong> et sa promenade au bord de l&rsquo;eau, les <strong>fa\u00e7ades Art Deco<\/strong> de sa rue principale et ses nombreux mus\u00e9es et caf\u00e9s, la m\u00e9tropole trifluvienne m&rsquo;a pas fini de me s\u00e9duire ! Je vais vous parler des deux jours merveilleux que j&rsquo;ai pass\u00e9s \u00e0 d\u00e9couvrir Trois-Rivi\u00e8res et ses alentours, \u00e0 la lisi\u00e8re entre hiver et printemps. La m\u00e9t\u00e9o n&rsquo;ayant pas exactement cl\u00e9mente avec moi, ce billet sera illustr\u00e9 par des photos plus ensoleill\u00e9es que j&rsquo;ai prises lors d&rsquo;autres sorties \u00e0 Trois-Rivi\u00e8res tout au long du mois de mars 2022.<\/p>\n<p style=\"text-align: center;\"><em>Ce billet a \u00e9t\u00e9 r\u00e9dig\u00e9 en partenariat avec Tourisme Trois-Rivi\u00e8res.<\/em><\/p>\n<p><img decoding=\"async\" loading=\"lazy\" class=\"aligncenter wp-image-11279 size-full\" src=\"https:\/\/arpenterlechemin.com\/wp-content\/uploads\/2022\/03\/Visiter-centre-ville-Trois-Rivi\u00e8res-Qu\u00e9bec-infos-pratiques-e1650985988982.jpg\" alt=\"Visiter centre-ville Trois-Rivi\u00e8res Qu\u00e9bec infos pratiques\" width=\"1400\" height=\"788\" \/><\/p>\n<h2><span style=\"color: #000080;\">Le sanctuaire Notre-Dame-du-Cap<\/span><\/h2>\n<p>Mon premier arr\u00eat du jour est une br\u00e8ve visite au sanctuaire <strong>Notre-Dame-du-Cap<\/strong>, sur la rive est de Trois-Rivi\u00e8res. Ce <strong>sanctuaire marial est le deuxi\u00e8me plus grand en Am\u00e9rique du Nord<\/strong> et qu&rsquo;on soit croyante ou non, la basilique m\u00e9rite le d\u00e9tour pour son architecture impressionnante. Je voulais voir de mes propres yeux cette \u00e9glise qui ne ressemble \u00e0 aucune autre et je n&rsquo;ai pas \u00e9t\u00e9 d\u00e9\u00e7ue : loin de la forme classique des \u00e9glises occidentales, elle se compose d&rsquo;une structure octogonale surmont\u00e9e d&rsquo;un d\u00f4me en pyramide de 78 m\u00e8tres de haut. Sans aucun pilier, sa nef monumentale donne une impression d&rsquo;immensit\u00e9 encore accentu\u00e9e par les vitraux tout en hauteur surmont\u00e9s de belles rosaces.<\/p>\n<p><img decoding=\"async\" loading=\"lazy\" class=\"aligncenter wp-image-11300 size-full\" src=\"https:\/\/arpenterlechemin.com\/wp-content\/uploads\/2022\/03\/Sanctuaire-notre-dame-du-cap-Trois-Rivi\u00e8res-QC--e1650985999459.jpg\" alt=\"Sanctuaire notre-dame-du-cap Trois-Rivi\u00e8res QC\" width=\"1400\" height=\"788\" \/><\/p>\n<p>\u00c0 l&rsquo;ext\u00e9rieur, les sentiers du grand domaine offrent une belle promenade dans la neige, que ce soit dans les jardins agr\u00e9ment\u00e9s d&rsquo;\u00e9difices religieux ou le long du Saint-Laurent. On peut aussi y admirer le <strong>Petit Sanctuaire<\/strong>, \u00e9difice marial qui date de 1720, une date impressionnante de ce c\u00f4t\u00e9-ci de l&rsquo;Atlantique (voir sur la photo ci-dessous) ! La basilique, quant \u00e0 elle, a \u00e9t\u00e9 construite de 1955 \u00e0 1964. Un joli arr\u00eat photo m\u00eal\u00e9 de spiritualit\u00e9 si vous arrivez de l&rsquo;est de Trois-Rivi\u00e8res.<\/p>\n<h3><span style=\"color: #003366;\">Infos pratiques<\/span><\/h3>\n<ul>\n<li>Acc\u00e8s : 626 rue Notre-Dame Est<\/li>\n<li>Acc\u00e8s gratuit \u00e0 la basilique et aux jardins<\/li>\n<li>Les chiens ne sont pas admis dans le domaine.<\/li>\n<\/ul>\n<p><img decoding=\"async\" loading=\"lazy\" class=\"aligncenter wp-image-11280 size-full\" src=\"https:\/\/arpenterlechemin.com\/wp-content\/uploads\/2022\/03\/Visiter-Notre-dame-du-Cap-Trois-Rivi\u00e8res-Qu\u00e9bec-infos-pratiques-e1650986008362.jpg\" alt=\"Visiter Notre-dame-du-Cap Trois-Rivi\u00e8res Qu\u00e9bec infos pratiques\" width=\"1400\" height=\"788\" \/><\/p>\n<h2><span style=\"color: #000080;\">Marcher au-dessus d&rsquo;un bayou nordique \u00e0 l&rsquo;\u00cele Saint-Quentin<\/span><\/h2>\n<p>Si je vous dis \u00ab\u00a0bayou\u00a0\u00bb ou \u00ab\u00a0mangrove\u00a0\u00bb, vous pensez spontan\u00e9ment \u00e0 la Louisiane, \u00e0 la Floride, \u00e0 des terres luxuriantes baign\u00e9es d&rsquo;une douce chaleur ? Et bien <strong>figurez-vous qu&rsquo;\u00e0 Trois-Rivi\u00e8res, on trouve un bayou nordique<\/strong> qui d\u00e9fie l&rsquo;entendement avec ses arbres aux racines immerg\u00e9es sous l&rsquo;eau glaciale. Quand je dis bayou, c&rsquo;est une petite exag\u00e9ration po\u00e9tique, mais <strong>le parc de l&rsquo;\u00eele Saint-Quentin<\/strong> comporte bel et bien une zone humide inond\u00e9e de fa\u00e7on spectaculaire au printemps par la rivi\u00e8re Saint-Maurice. Et moi, il ne m&rsquo;en faut pas plus pour me croire dans une Louisiane givr\u00e9e.<\/p>\n<p><img decoding=\"async\" loading=\"lazy\" class=\"aligncenter wp-image-11287 size-full\" src=\"https:\/\/arpenterlechemin.com\/wp-content\/uploads\/2022\/03\/Visiter-\u00eele-saint-quentin-Trois-Rivi\u00e8res-Qu\u00e9bec-infos-pratiques-1-e1650986017937.jpg\" alt=\"Visiter \u00eele saint-quentin Trois-Rivi\u00e8res Qu\u00e9bec infos pratiques (1)\" width=\"1400\" height=\"788\" \/><\/p>\n<p style=\"text-align: center;\"><em>Ces arbres ont litt\u00e9ralement les pieds dans plusieurs dizaines de centim\u00e8tres d&rsquo;eau.<\/em><\/p>\n<p>Le parc de l&rsquo;\u00eele Saint-Quentin est <strong>\u00e0 la confluence de la rivi\u00e8re Saint-Maurice et du fleuve Saint-Laurent<\/strong>, le lieu tout trouv\u00e9 pour profiter de la nature en ville en raquettes, skis de fond ou patins \u00e0 glace sous les arbres, le tout avec vue sur la ville. Mais revenons \u00e0 notre bayou. <strong>\u00c0 mes yeux, le clou de l&rsquo;\u00eele est sa passerelle de 750 m\u00e8tres construite au-dessus de la zone humide<\/strong> et qui permet \u00e0 la fois de circuler sans tremper ses bottes et de tutoyer arbres et oiseaux. Une id\u00e9e toute simple mais tr\u00e8s efficace pour se promener dans cet environnement pas facile d&rsquo;acc\u00e8s <em>[croyez-moi&#8230; ma tentative de travers\u00e9e des bois pour rejoindre le bout de la passerelle s&rsquo;est sold\u00e9e par un \u00e9chec froid et humide]<\/em> C&rsquo;est bien simple, <strong>c&rsquo;est l&rsquo;un de mes endroits pr\u00e9f\u00e9r\u00e9s en ville<\/strong>, et chacune de mes visites a \u00e9t\u00e9 un excellent moment, \u00e0 observer des traces apr\u00e8s une chute de neige, ou \u00e0 m&rsquo;\u00e9merveiller devant les explications des panneaux d&rsquo;interpr\u00e9tation. C&rsquo;est ainsi que j&rsquo;ai appris que les arbres friands d&rsquo;humidit\u00e9 aux pieds dans l&rsquo;eau sont des <strong>\u00e9rables argent\u00e9s<\/strong>, qu&rsquo;on trouve des <strong>grands polatouches<\/strong> (\u00e9cureuils volants) sur l&rsquo;\u00eele ou encore que le nom de Trois-Rivi\u00e8res est un leurre, puisqu&rsquo;on n&rsquo;y trouve que deux cours d&rsquo;eau.<\/p>\n<p><img decoding=\"async\" loading=\"lazy\" class=\"aligncenter wp-image-11286 size-full\" src=\"https:\/\/arpenterlechemin.com\/wp-content\/uploads\/2022\/03\/Que-voir-\u00eele-saint-quentin-Trois-Rivi\u00e8res-Qc-1-e1650986027721.jpg\" alt=\"Que voir \u00eele saint-quentin Trois-Rivi\u00e8res Qc (1)\" width=\"1400\" height=\"788\" \/><\/p>\n<h3><span style=\"color: #003366;\">Infos pratiques<\/span><\/h3>\n<ul>\n<li>Acc\u00e8s : 10 place de la Rosalie<\/li>\n<li>Entr\u00e9e gratuite du 1er novembre au 30 avril.<\/li>\n<li>Restauration : le Bayou, la cabane de restauration de l&rsquo;\u00eele, d\u00e9sormais ferm\u00e9e pour la saison.<\/li>\n<li>Les sentiers ne sont plus entretenus \u00e0 partir de d\u00e9but mars.<\/li>\n<li>Attention : <strong>les chiens ne sont pas permis sur l&rsquo;\u00eele Saint-Quentin.<\/strong><\/li>\n<li>\u00c0 noter, il \u00e9tait trop tard dans la saison pour moi pour tester les autres activit\u00e9s, mais on peut aussi louer des patins, des raquettes, des skis de fond sur l&rsquo;\u00eele.<\/li>\n<li><a href=\"https:\/\/ilesaintquentin.com\/\">Pour plus d&rsquo;infos, voir ici.<\/a><\/li>\n<\/ul>\n<p><img decoding=\"async\" loading=\"lazy\" class=\"aligncenter wp-image-11284 size-full\" src=\"https:\/\/arpenterlechemin.com\/wp-content\/uploads\/2022\/03\/Visiter-\u00eele-Saint-Quentin-Trois-Rivi\u00e8res-Qu\u00e9bec-infos-pratiques-e1650986038646.jpg\" alt=\"Visiter \u00eele Saint-Quentin Trois-Rivi\u00e8res Qu\u00e9bec infos pratiques\" width=\"1400\" height=\"788\" \/><\/p>\n<h2><span style=\"color: #000080;\">Faire une pause gourmande au centre-ville<\/span><\/h2>\n<p>Apr\u00e8s avoir quadrill\u00e9 l&rsquo;\u00eele Saint-Quentin, l&rsquo;estomac dans les talons, je file au <strong>centre-ville de Trois-Rivi\u00e8res<\/strong>. Mon objectif : <strong>Mezcal Taqueria<\/strong>, un restaurant au concept intrigant puisqu&rsquo;il est sp\u00e9cialis\u00e9 dans les tacos. \u00c0 12 h 30, je suis bien contente de voyager en solo car la salle est comble et on m&rsquo;installe de justesse au bar. <strong>L&rsquo;ambiance est latino<\/strong>, avec musique entra\u00eenante et cuisiniers qui parlent espagnol derri\u00e8re le bar. Mon plat arrive, et c&rsquo;est l&rsquo;explosion de papilles : <strong>les tacos v\u00e9g\u00e9tariens sont tout simplement les meilleurs de ma vie<\/strong>, c&rsquo;est dit. Il n&rsquo;en faut g\u00e9n\u00e9ralement pas plus que de la coriandre et du citron vert pour me contenter, mais ici, j&rsquo;entre dans une autre dimension du taco avec ces morceaux de chou-fleur en tempura et la mayo chimichurri. Je prends tout mon temps pour faire durer mes trois tacos,<strong> chaque bouch\u00e9e plus savoureuse que la pr\u00e9c\u00e9dente<\/strong>.<\/p>\n<p><img decoding=\"async\" loading=\"lazy\" class=\"aligncenter wp-image-11274 size-full\" src=\"https:\/\/arpenterlechemin.com\/wp-content\/uploads\/2022\/03\/O\u00f9-manger-Trois-Rivi\u00e8res-Mezcal-Taqueria-e1650986050184.jpg\" alt=\"O\u00f9 manger Trois-Rivi\u00e8res Mezcal Taqueria\" width=\"1400\" height=\"788\" \/><\/p>\n<p>Juste au bas de la rue \u00e0 une minute \u00e0 peine du Mezcal, le <strong>Caf\u00e9ier<\/strong> cache bien son jeu derri\u00e8re sa fa\u00e7ade ordinaire. \u00c0 l&rsquo;int\u00e9rieur, <strong>c&rsquo;est un petit paradis avec un accueil tout sourire<\/strong>, une ambiance qui m\u00eale travailleurs num\u00e9riques, bandes d&rsquo;amis et tricoteuse solo. Sur les conseils du barista, je jette mon d\u00e9volu sur un \u00ab\u00a0<strong>chococcino<\/strong>\u00a0\u00bb (moka) et un muffin poire-chocolat servi chaud. Le chococcino est parfait, pas trop sucr\u00e9, accompagnant \u00e0 merveille le muffin. Une vraie r\u00e9ussite. Qu&rsquo;il fait bon s&rsquo;abandonner \u00e0 une douce torpeur dans cette ambiance chaleureuse.<\/p>\n<p><img decoding=\"async\" loading=\"lazy\" class=\"aligncenter wp-image-11271 size-full\" src=\"https:\/\/arpenterlechemin.com\/wp-content\/uploads\/2022\/03\/Bonnes-adresses-Trois-Rivi\u00e8res-Caf\u00e9ier-e1650986060488.jpg\" alt=\"Bonnes adresses Trois-Rivi\u00e8res Caf\u00e9ier\" width=\"1400\" height=\"788\" \/><\/p>\n<h2><span style=\"color: #000080;\">Remonter l&rsquo;histoire dans le vieux Trois-Rivi\u00e8res<\/span><\/h2>\n<p>Ragaillardie, r\u00e9chauff\u00e9e, me voil\u00e0 pr\u00eate \u00e0 arpenter le pav\u00e9 pour remonter l&rsquo;histoire de la ville. Je vous le disais un peu plus haut, <strong>Trois-Rivi\u00e8res est une tr\u00e8s vieille ville <\/strong>\u00e0 l&rsquo;\u00e9chelle nord-am\u00e9ricaine puisqu&rsquo;elle a \u00e9t\u00e9 incorpor\u00e9e en <strong>1634<\/strong>. Pour remonter le temps, le meilleur endroit est la<strong> rue des Ursulines<\/strong>, petite merveille d&rsquo;architecture o\u00f9 mon c\u0153ur avide de vieilles pierres a \u00e9t\u00e9 plus que combl\u00e9. Quand je visite une ville, j&rsquo;ai l&rsquo;habitude de commencer par la vue la plus mythique, celle qu&rsquo;on croise dans toutes les brochures, pour ensuite me tourner vers des recoins plus confidentiels. Si vous \u00eates comme moi, <strong>vous trouverez \u00ab\u00a0la\u00a0\u00bb vue iconique de Trois-Rivi\u00e8res en descendant la rue des Ursulines depuis la Place Pierre-Boucher<\/strong>, \u00e0 deux pas de la rue des Forges. Cette vue ph\u00e9nom\u00e9nale englobe la maison historique de la boutique EMEA, une fa\u00e7ade du couvent des Ursulines avec un cadran solaire ravissant, l&rsquo;\u00e9glise Saint-James et bien s\u00fbr le fameux d\u00f4me du mus\u00e9e des Ursulines, qui domine tout de sa coupole anthracite.<\/p>\n<p><img decoding=\"async\" loading=\"lazy\" class=\"aligncenter wp-image-11282 size-full\" src=\"https:\/\/arpenterlechemin.com\/wp-content\/uploads\/2022\/03\/Visiter-Vieux-Trois-Rivi\u00e8res-Qu\u00e9bec-infos-pratiques-e1650986069683.jpg\" alt=\"Visiter Vieux Trois-Rivi\u00e8res Qu\u00e9bec infos pratiques\" width=\"1400\" height=\"788\" \/><\/p>\n<p>Mais il serait dommage de r\u00e9duire le Vieux Trois-Rivi\u00e8res \u00e0 cette seule vue. Juste apr\u00e8s le mus\u00e9e, je d\u00e9couvre la fa\u00e7ade ravissante du <strong>coll\u00e8ge Marie-de-l&rsquo;Incarnation<\/strong>, puis des maisons qui me donnent de s\u00e9rieuses envies de gagner au loto pour m&rsquo;installer dans leurs murs centenaires et y couler de jours heureux, le regard plong\u00e9 dans le fleuve. Juste \u00e0 c\u00f4t\u00e9, ce qui est sans doute la plus jolie maison de Trois-Rivi\u00e8res, avec ses vitraux et ses arches. Je remarque aussi plusieurs petites <strong>maisons d&rsquo;architecture traditionnelle qu\u00e9b\u00e9coise<\/strong> : trapues avec un \u00e9tage et demi, au toit pentu souvent recouvert de t\u00f4le argent\u00e9e et une fa\u00e7ade \u00e0 pierres apparentes. La boutique d&rsquo;art EMA en est un parfait exemple.<\/p>\n<p><img decoding=\"async\" loading=\"lazy\" class=\"aligncenter wp-image-11265 size-full\" src=\"https:\/\/arpenterlechemin.com\/wp-content\/uploads\/2022\/03\/Visiter-Vieux-Trois-Rivi\u00e8res-Qu\u00e9bec-infos-escapade-e1650986080115.jpg\" alt=\"Visiter Vieux Trois-Rivi\u00e8res Qu\u00e9bec infos escapade\" width=\"1400\" height=\"788\" \/><\/p>\n<p><img decoding=\"async\" loading=\"lazy\" class=\"aligncenter wp-image-11288 size-full\" src=\"https:\/\/arpenterlechemin.com\/wp-content\/uploads\/2022\/03\/Que-voir-vieux-Trois-Rivi\u00e8res-Qc-e1650986093582.jpg\" alt=\"Que voir vieux Trois-Rivi\u00e8res Qc\" width=\"1400\" height=\"788\" \/><\/p>\n<p>Il fait bon fl\u00e2ner le long de cette rue et \u00e0 la vue des grands arbres, j&rsquo;y pressens une grande douceur \u00e0 la belle saison. Au bout de la rue, plusieurs options sont possibles : s&rsquo;approcher de l&rsquo;<strong>amphith\u00e9\u00e2tre Cogeco<\/strong>, o\u00f9 les festivals et concerts doivent battre leur plein en \u00e9t\u00e9 et qui offre une jolie vue d\u00e9gag\u00e9e sur le fleuve et l&rsquo;\u00eele Saint-Quentin en hiver, faire demi-tour en direction du<strong> pub Le Buck, dont la fa\u00e7ade date de 1757<\/strong>, ou encore <strong>descendre au bord du Saint-Laurent <\/strong>pour admirer, au gr\u00e9 de l&rsquo;achalandage, d&rsquo;immenses bateaux amarr\u00e9s ou une vue qui s&rsquo;ouvre jusqu&rsquo;au <strong>pont Laviolette<\/strong>.<\/p>\n<p><img decoding=\"async\" loading=\"lazy\" class=\"aligncenter wp-image-11296 size-full\" src=\"https:\/\/arpenterlechemin.com\/wp-content\/uploads\/2022\/03\/Visiter-port-Trois-Rivi\u00e8res-Qu\u00e9bec-infos-pratiques-e1650986104929.jpg\" alt=\"Visiter port Trois-Rivi\u00e8res Qu\u00e9bec infos pratiques\" width=\"1400\" height=\"788\" \/><\/p>\n<h2><span style=\"color: #000080;\">D\u00e9couvrir l&rsquo;industrie papeti\u00e8re au centre Bor\u00e9alis<\/span><\/h2>\n<p>Ne vous laissez pas pi\u00e9ger par mes photos ensoleill\u00e9es : lors de l&rsquo;escapade que je vous raconte, il faisait une temp\u00e9rature cruelle. Que faire quand on est devant l&rsquo;amphith\u00e9\u00e2tre Cogeco, qu&rsquo;il pleut, qu&rsquo;on a froid et qu&rsquo;on aimerait bien creuser un peu plus l&rsquo;histoire de la ville ? On se dirige sans h\u00e9sitation vers le <strong>centre Bor\u00e9alis<\/strong>, \u00e0 deux pas, pour d\u00e9couvrir <strong>le pass\u00e9 industriel de Trois-Rivi\u00e8res<\/strong>. L&rsquo;industrie papeti\u00e8re, un th\u00e8me pas tr\u00e8s sexy en apparence et pourtant, j&rsquo;ai pass\u00e9 un tr\u00e8s bon moment. Les photos \u00e9tant interdites \u00e0 l&rsquo;int\u00e9rieur, <a href=\"https:\/\/www.borealis3r.ca\/exposition\/racines-et-identite\/\">je vous laisse aller voir sur le site \u00e0 quoi ressemble l&rsquo;exposition permanente.<\/a><\/p>\n<p>La cl\u00e9 du succ\u00e8s : l&rsquo;audioguide. J&rsquo;ai failli refuser tout net l&rsquo;audioguide car je hais les gadgets dans les mus\u00e9es, mais devant les explications de la pr\u00e9pos\u00e9e, j&rsquo;ai laiss\u00e9 de c\u00f4t\u00e9 mes pr\u00e9jug\u00e9s. Je vous explique le principe : <strong>l&rsquo;audioguide propose de choisir une narration parmi trois personnages<\/strong>. Plut\u00f4t qu&rsquo;une narration classique, j&rsquo;ai choisi d&rsquo;\u00e9couter \u00ab\u00a0Baptiste\u00a0\u00bb, un ouvrier des ann\u00e9es 1950 qui conte son quotidien avec humour et lucidit\u00e9, entre accidents du travail, farces entre ouvriers et informations historiques. Il ne m&rsquo;a fallu qu&rsquo;une ou deux capsules pour \u00eatre captiv\u00e9e par l&rsquo;humour terre-\u00e0-terre de ses r\u00e9cits qui parlent de conditions de travail dures, avec un travail formidable du com\u00e9dien. Au-del\u00e0 des panneaux mus\u00e9aux, souvent riches en informations mais arides, <strong>\u00e9couter Baptiste replace l&rsquo;humain au centre des machines et l&rsquo;industrie. <\/strong>\u00c0 ne pas manquer, hormis l&rsquo;audioguide : <strong>la vue sur la tour<\/strong> (\u00e0 trouver dans la salle tout en haut), l&rsquo;immense \u00ab\u00a0<strong>maquette<\/strong>\u00a0\u00bb d&rsquo;une machine \u00e0 fabriquer du papier et les <strong>r\u00e9servoirs d&rsquo;eau au sous-sol.<\/strong><\/p>\n<p>Oh, et j&rsquo;y ai aussi appris que <strong>pitoune<\/strong> n&rsquo;est pas du tout le f\u00e9minin de \u00ab\u00a0pitou\u00a0\u00bb (toutou) mais bien le nom des billots de bois qui descendaient les rivi\u00e8res au temps de la drave.<\/p>\n<h3><span style=\"color: #003366;\">Infos pratiques<\/span><\/h3>\n<ul>\n<li>Acc\u00e8s : 200 avenue des Draveurs<\/li>\n<li>Tarifs : 14 $\/adulte pour la visite audioguid\u00e9e ou 18 $ pour la visite guid\u00e9e<\/li>\n<li>Ouvert de 10 h \u00e0 17 h, ferm\u00e9 le lundi en hiver, ouvert tous les jours en \u00e9t\u00e9<\/li>\n<\/ul>\n<p><img decoding=\"async\" loading=\"lazy\" class=\"aligncenter wp-image-11264 size-full\" src=\"https:\/\/arpenterlechemin.com\/wp-content\/uploads\/2022\/03\/Visiter-Centre-Bor\u00e9alis-Trois-Rivi\u00e8res-Qu\u00e9bec-infos-pratiques-e1650986115912.jpg\" alt=\"Visiter Centre Bor\u00e9alis Trois-Rivi\u00e8res Qu\u00e9bec infos pratiques\" width=\"1400\" height=\"788\" \/><\/p>\n<h2><span style=\"color: #000080;\">Magasiner sur la rue des Forges<\/span><\/h2>\n<p>Que le magasinage soit votre tasse de th\u00e9 ou non, <strong>ne vous privez pas d&rsquo;une balade autour de la rue des Forges<\/strong> : ses fa\u00e7ades tant\u00f4t en briques, tant\u00f4t Art D\u00e9co, sont ravissantes. Il faut parcourir la rue le nez en l&rsquo;air pour appr\u00e9cier toutes les subtilit\u00e9s des frontons, rep\u00e9rer les dates sur les fa\u00e7ades et appr\u00e9cier tout le charme du centre-ville. Je vous mets au d\u00e9fi de trouver le joueur de luth en briques, la maison de la d\u00e9bauche et la murale de Julian Palma, entre autres d\u00e9tails savoureux !<\/p>\n<p>Du c\u00f4t\u00e9 du magasinage, voici deux boutiques que j&rsquo;ai appr\u00e9ci\u00e9es :<\/p>\n<ul>\n<li>le <strong>magasin g\u00e9n\u00e9ral LeBrun<\/strong> : inspir\u00e9 des magasins g\u00e9n\u00e9raux d&rsquo;antan, qui vendaient absolument tout et servaient souvent d&rsquo;unique commerce dans les villages, les magasins g\u00e9n\u00e9raux contemporains surfent sur la vague de la nostalgie en proposant souvent des sucrerie d&rsquo;autrefois aux c\u00f4t\u00e9s de toutes sortes d&rsquo;articles qui vont des produits de l&rsquo;\u00e9rable \u00e0 des tasses et de la bi\u00e8re en passant par&#8230; absolument tout ! Le magasin g\u00e9n\u00e9ral LeBrun est le bon endroit pour trouver un souvenir ou faire une razzia de bonbons ! Voyage dans le temps garanti.<\/li>\n<li>la <strong>M\u00e9raki<\/strong> : une boutique comme j&rsquo;adore, avec des aquarelles, des v\u00eatements recycl\u00e9s, des savons faits main, des articles pour chien&#8230; Un peu fourre-tout mais jamais de mauvais go\u00fbt, c&rsquo;est mon petit coup de c\u0153ur en centre-ville !<\/li>\n<li>Citons aussi la <strong>Marchande de bougies<\/strong> avec ses bougies somptueuses, le <strong>march\u00e9 de quartier Notre-Dame<\/strong> avec toutes ses plantes, les librairies<strong> L&rsquo;histoire sans fin<\/strong> et <strong>L&rsquo;Ex\u00e8dre&#8230;<\/strong><\/li>\n<\/ul>\n<p><img decoding=\"async\" loading=\"lazy\" class=\"alignnone wp-image-11293 size-full\" src=\"https:\/\/arpenterlechemin.com\/wp-content\/uploads\/2022\/03\/Visiter-rue-des-Forges-centre-ville-Trois-Rivi\u00e8res-Qu\u00e9bec-infos-pratiques-e1650986127950.jpg\" alt=\"Visiter rue des Forges centre-ville Trois-Rivi\u00e8res Qu\u00e9bec infos pratiques\" width=\"1400\" height=\"788\" \/><\/p>\n<h2><img decoding=\"async\" loading=\"lazy\" class=\"aligncenter wp-image-11269 size-full\" src=\"https:\/\/arpenterlechemin.com\/wp-content\/uploads\/2022\/03\/Que-voir-que-faire-escapade-Trois-Rivi\u00e8res-Qu\u00e9bec-e1650986138672.jpg\" alt=\"Que voir que faire escapade Trois-Rivi\u00e8res Qu\u00e9bec\" width=\"1400\" height=\"788\" \/><\/h2>\n<p>Particularit\u00e9 de Trois-Rivi\u00e8res : en plus de nous offrir des fa\u00e7ades romantiques, on y trouve aussi une <strong>foule de panneaux po\u00e9tiques<\/strong>. Concentr\u00e9s autour de la gare maritime, ils sont aussi parsem\u00e9s dans tout le centre-ville et offrent <strong>de petits instants de gr\u00e2ce<\/strong> comme celui-ci, sign\u00e9 Jacques Tornay :<\/p>\n<p style=\"text-align: center;\"><em>Des pinsons nichent dans ses mains<\/em><\/p>\n<p style=\"text-align: center;\"><em>quand elle les ouvre<\/em><\/p>\n<p style=\"text-align: center;\"><em>le soleil rajeunit<\/em><\/p>\n<p>C&rsquo;est qu&rsquo;en 1985, Trois-Rivi\u00e8res a \u00e9t\u00e9 couronn\u00e9e \u00ab\u00a0<strong>capitale de la po\u00e9sie<\/strong>\u00a0\u00bb par Felix Leclerc ; c&rsquo;est la cr\u00e9ation de son <a href=\"https:\/\/www.fiptr.com\/fr\/\">Festival international de la po\u00e9sie<\/a> qui soufflera ses 38 bougies \u00e0 l&rsquo;automne 2022. Chaque ann\u00e9e, fin septembre-d\u00e9but octobre, la m\u00e9tropole trifluvienne attire environ 80 po\u00e8tes et 40 000 amateurs de po\u00e9sie pour un festival qui doit certainement donner \u00e0 la ville un caract\u00e8re onirique.<\/p>\n<p><img decoding=\"async\" loading=\"lazy\" class=\"aligncenter size-full wp-image-11279\" src=\"https:\/\/arpenterlechemin.com\/wp-content\/uploads\/2022\/03\/Visiter-centre-ville-Trois-Rivi\u00e8res-Qu\u00e9bec-infos-pratiques.jpg\" alt=\"Visiter centre-ville Trois-Rivi\u00e8res Qu\u00e9bec infos pratiques\" width=\"2080\" height=\"1170\" \/><\/p>\n<h2><span style=\"color: #000080;\">Admirer la meilleure vue de la ville \u00e0 l&rsquo;h\u00f4tel OuiGO!<\/span><\/h2>\n<p>Cette journ\u00e9e a \u00e9t\u00e9 bien remplie, non ? Vers 17 heures, apr\u00e8s une ultime visite au <strong>Magasin g\u00e9n\u00e9ral LeBrun<\/strong>, il est temps pour moi de faire une pause, direction l&rsquo;h\u00f4tel. Revenez \u00e0 la photo ci-dessus : vous voyez cette belle fa\u00e7ade avec ses fen\u00eatres cintr\u00e9es ? Et bien c&rsquo;est <strong>l&rsquo;h\u00f4tel OuiGO!<\/strong> et c&rsquo;est ici que je vais dormir cette nuit. Et je tr\u00e9pigne d&rsquo;impatience, car si l&rsquo;int\u00e9rieur de cet h\u00f4tel-boutique est aussi \u00e9poustouflant que sa fa\u00e7ade, je risque de passer un fort beau moment. L&#8217;emplacement est optimal, au carrefour entre la rue des Forges et la rue Notre-Dame, \u00e0 deux pas de tous les caf\u00e9s et restaurants de la ville. Je m&rsquo;attendais \u00e0 une belle chambre, mais je n&rsquo;avais pas exactement anticip\u00e9 le fait qu&rsquo;en plus d&rsquo;\u00eatre splendide, la chambre allait aussi avoir<strong> la plus belle vue de toute la ville.<\/strong><\/p>\n<p><img decoding=\"async\" loading=\"lazy\" class=\"aligncenter wp-image-11270 size-full\" src=\"https:\/\/arpenterlechemin.com\/wp-content\/uploads\/2022\/03\/O\u00f9-dormir-Hotel-OUiGO-Trois-Rivi\u00e8res-Qu\u00e9bec-e1650986154735.jpg\" alt=\"O\u00f9 dormir Hotel OUiGO Trois-Rivi\u00e8res Qu\u00e9bec\" width=\"1400\" height=\"788\" \/><\/p>\n<p>Revenez \u00e0 nouveau \u00e0 la photo de la fa\u00e7ade. Vous voyez le coin droit de l&rsquo;h\u00f4tel, au deuxi\u00e8me \u00e9tage ? C&rsquo;est une seule et m\u00eame chambre : la chambre 314, celle qu&rsquo;il vous faut pour d\u00e9clarer votre flamme, passer une Saint-Valentin r\u00e9ussie, faire votre demande en mariage, bref, <strong>la chambre 314, c&rsquo;est la chambre romantique par excellence<\/strong>. Je ne me remets pas de cette chambre en angle avec ses fen\u00eatre vo\u00fbt\u00e9es et sa vue directe sur les plus belles fa\u00e7ades du centre-ville. Ajoutez \u00e0 cela un accueil au top et un excellent d\u00e9jeuner copieux dans la chambre, et c&rsquo;est le paradis.<\/p>\n<ul>\n<li>Acc\u00e8s : 1413 rue Notre-Dame<\/li>\n<\/ul>\n<p><img decoding=\"async\" loading=\"lazy\" class=\"aligncenter wp-image-11299 size-full\" src=\"https:\/\/arpenterlechemin.com\/wp-content\/uploads\/2022\/03\/Hotel-OuiGo-o\u00f9-dormir-escapade-Trois-Rivi\u00e8res-QC--e1650986165168.jpg\" alt=\"Hotel OuiGo o\u00f9 dormir escapade Trois-Rivi\u00e8res QC\" width=\"1400\" height=\"788\" \/><\/p>\n<h2><span style=\"color: #000080;\">Frissonner avec l&rsquo;histoire sombre de la Vieille prison de Trois-Rivi\u00e8res<\/span><\/h2>\n<p>Le lendemain matin, l&rsquo;ambiance est hivernale, avec d&rsquo;\u00e9normes flocons qui tombent doucement. Un temps parfait pour aller visiter la <strong>Vieille prison de Trois-Rivi\u00e8res<\/strong>, et si je frissonne en arrivant sur les lieux, ce n&rsquo;est uniquement \u00e0 cause du froid. Tout dans ce b\u00e2timent respire la d\u00e9tresse et la souffrance. Utilis\u00e9e de 1822 \u00e0 1986, la vieille prison est d\u00e9sormais un<strong> b\u00e2timent historique<\/strong> qui se visite uniquement avec guide, p<strong>our canaliser les visiteurs, transmettre la dimension m\u00e9morielle du lieu et \u00e9viter sa disneylandisation.\u00a0<\/strong><\/p>\n<p>J&rsquo;ai l&rsquo;honneur de visiter la prison avec Claire, qui r\u00e9pond de bonne gr\u00e2ce \u00e0 toutes mes questions, et elles sont nombreuses. <strong>Cette prison d&rsquo;un autre temps n&rsquo;a rien d&rsquo;une attraction \u00e0 sensation<\/strong> : ici, on transmet l&rsquo;histoire sans fard, sans \u00e9luder les mauvais traitements re\u00e7us par les prisonniers qui ont s\u00e9journ\u00e9 dans ce b\u00e2timent fatalement surpeupl\u00e9, trop chaud en \u00e9t\u00e9, trop froid en hiver, et o\u00f9 des ex\u00e9cutions ont eu lieu jusqu&rsquo;en 1934. Pour autant, les lieux ne sont pas sans mus\u00e9ographie : une cellule r\u00e9sonne de battements de c\u0153ur, et l&rsquo;ambiance sonore ambiante, faite de grincements et bruits de pas, a de quoi donner la chair de poule si on s&rsquo;attarde un peu trop pour prendre une photo seule. Si les graffitis aux murs ont \u00e9t\u00e9 tant\u00f4t reproduits \u00e0 l&rsquo;identique, tant\u00f4t griffonn\u00e9s par des \u00e9coliers du XXIe si\u00e8cle, d&rsquo;autres sont authentiques, et mon c\u0153ur se serre \u00e0 l&rsquo;id\u00e9e de la d\u00e9tresse emmagasin\u00e9e dans ces murs. Et que dire des femmes qui y \u00e9taient emprisonn\u00e9es, souvent sans avoir commis d&rsquo;autres crimes que d&rsquo;\u00eatre prostitu\u00e9es ou malades mentales ? Je ressors avec une pointe de soulagement, un peu secou\u00e9e. Cette visite n&rsquo;est pas pour tout le monde, mais elle fait partie de ces visites qui mettent beaucoup de choses en perspective.<\/p>\n<p><img decoding=\"async\" loading=\"lazy\" class=\"aligncenter wp-image-11295 size-full\" src=\"https:\/\/arpenterlechemin.com\/wp-content\/uploads\/2022\/03\/Visiter-Vieille-prison-Trois-Rivi\u00e8res-Qu\u00e9bec-infos-pratiques-e1650986176664.jpg\" alt=\"Visiter Vieille prison Trois-Rivi\u00e8res Qu\u00e9bec infos pratiques\" width=\"1400\" height=\"788\" \/><\/p>\n<h2><span style=\"color: #000080;\">D\u00e9couvrir la culture populaire qu\u00e9b\u00e9coise au Mus\u00e9e Pop<\/span><\/h2>\n<p>Apr\u00e8s cette visite pesante, il est temps de passer aux expositions plus l\u00e9g\u00e8res du <strong>Mus\u00e9e POP<\/strong>, qui fait partie du m\u00eame complexe mus\u00e9al. C&rsquo;est bien simple : j&rsquo;ai ador\u00e9 l&rsquo;exposition permanente, <strong>Attache ta tuque<\/strong>, consacr\u00e9e \u00e0 la culture populaire qu\u00e9b\u00e9coise. La culture populaire, vaste sujet ! Pour citer ma guide, Claire : \u00ab\u00a0<strong>la culture populaire, c&rsquo;est la culture en perp\u00e9tuelle \u00e9volution<\/strong>\u00ab\u00a0. Si vous \u00eates originaire du Qu\u00e9bec, cette exposition vous rappelera de bons souvenirs, et si vous \u00eates en visite d&rsquo;ailleurs, elle l\u00e8vera un peu le voile sur les piliers de la culture qu\u00e9b\u00e9coise.<\/p>\n<p>L&rsquo;exposition s&rsquo;articule autour de <strong>huit grands th\u00e8mes dont je retiens la musique, la bouffe, le hockey, le froid<\/strong>&#8230; Je vous laisserai d\u00e9couvrir les autres ! Tr\u00e8s ludique, elle offre tout plein d&rsquo;ateliers pour s&rsquo;approprier l&rsquo;exposition et passer un excellent moment. Je retiens le petit bonhomme gigueur, l&rsquo;installation o\u00f9 \u00e9couter diff\u00e9rents accents qu\u00e9b\u00e9cois, celle o\u00f9 se convaincre que l&rsquo;hiver peut \u00eatre un bon moment, J&rsquo;ai appr\u00e9ci\u00e9 les vid\u00e9os de personnes des Premi\u00e8res Nations qui expliquent ce que, selon elles, la culture qu\u00e9b\u00e9coise a tir\u00e9 des diff\u00e9rentes Nations, rappel essentiel du fait que la culture qu\u00e9b\u00e9coise a aussi des racines autochtones.<\/p>\n<p><img decoding=\"async\" loading=\"lazy\" class=\"aligncenter wp-image-11289 size-full\" src=\"https:\/\/arpenterlechemin.com\/wp-content\/uploads\/2022\/03\/Mus\u00e9e-POP-Trois-Rivi\u00e8res-QC--e1650986187702.jpg\" alt=\"Mus\u00e9e POP Trois-Rivi\u00e8res QC\" width=\"1400\" height=\"788\" \/><\/p>\n<p>Du c\u00f4t\u00e9 des <strong>expositions temporaires<\/strong>, j&rsquo;ai pu visiter des expositions sur l&rsquo;univers carc\u00e9ral (tr\u00e8s pertinente \u00e0 l&rsquo;heure o\u00f9 on se demande de plus en plus s&rsquo;il ne faut pas couper les budgets de la police au profit de l&rsquo;aide sociale), la sculpture d&rsquo;animaux, des peintures locales et une exposition sp\u00e9ciale pour les enfants sous forme d&rsquo;\u00e9nigme qui doit r\u00e9jouir plus d&rsquo;une famille. J&rsquo;ai manqu\u00e9 de temps pour tout voir, il m&rsquo;aurait fallu quelques heures de plus !<\/p>\n<h3><span style=\"color: #003366;\">Infos pratiques<\/span><\/h3>\n<ul>\n<li>L&rsquo;adresse est la m\u00eame pour le Mus\u00e9e POP et la vieille prison : 200 rue Laviolette<\/li>\n<li><a href=\"https:\/\/museepop.ca\/planifiez-votre-visite\/horaire-et-tarifs\">Pour les horaires, voir ici.<\/a><\/li>\n<li>Tarifs du mus\u00e9e seulement : 15 $\/adulte<\/li>\n<li>Tarifs de la vieille prison seulement : 17 $\/adulte<\/li>\n<li>Billet commun : 24 $\/adulte<\/li>\n<li>Tarifs pr\u00e9f\u00e9rentiels pour les familles<\/li>\n<li>R\u00e9servation obligatoire pour la vieille prison<\/li>\n<\/ul>\n<p><img decoding=\"async\" loading=\"lazy\" class=\"aligncenter wp-image-11283 size-full\" src=\"https:\/\/arpenterlechemin.com\/wp-content\/uploads\/2022\/03\/Visiter-Mus\u00e9e-POP-Trois-Rivi\u00e8res-Qu\u00e9bec-infos-pratiques-e1650986198848.jpg\" alt=\"Visiter Mus\u00e9e POP Trois-Rivi\u00e8res Qu\u00e9bec infos pratiques\" width=\"1400\" height=\"788\" \/><\/p>\n<h2><span style=\"color: #000080;\">Tutoyer le pont Laviolette<\/span><\/h2>\n<p>Il est temps de quitter le centre-ville pour profiter des environs. \u00c0 Trois-Rivi\u00e8res, le <strong>pont Laviolette<\/strong> est quasiment immanquable, sa grande silhouette enjambant le Saint-Laurent. Je voulais m&rsquo;approcher de ce g\u00e9ant photog\u00e9nique et j&rsquo;ai \u00e9t\u00e9 ravie de d\u00e9couvrir non pas un mais deux endroits quasiment \u00e0 ses pieds :<\/p>\n<ul>\n<li>au parc Laviolette, quasiment en dessous du pont, pour une vue imprenable (premi\u00e8re photo)<\/li>\n<li>et au parc des terrasses du fleuve, un peu plus loin, qui s&rsquo;ouvre sur l&rsquo;aire \u00e9cologique des Bateliers (deuxi\u00e8me photo)<\/li>\n<\/ul>\n<p>Qui \u00e9tait-il, ce <strong>Sieur de La Violette<\/strong>, dont le nom fleurit un peu partout \u00e0 Trois-Rivi\u00e8res ? Un personnage fort myst\u00e9rieux, <strong>fondateur mythique de la ville de Trois-Rivi\u00e8res<\/strong> mais dont on ne trouve que trois mentions dans les registres civils. Son vrai nom reste inconnu, et les hypoth\u00e8ses vont bon train pour d\u00e9masquer celui qui se cachait derri\u00e8re ce surnom de soldat : \u00e9tait-ce <strong>Samuel de Champlain<\/strong>, fondateur de la ville de Qu\u00e9bec, ou encore <strong>Capitanal<\/strong>, chef innu qui entretenait de bonnes relations avec les colons fran\u00e7ais ? Je n&rsquo;ai pas la r\u00e9ponse et je ne peux que vous inviter \u00e0 r\u00e9fl\u00e9chir \u00e0 ce myst\u00e8re en vous promenant dans les all\u00e9es bois\u00e9es de ces deux jolis parcs qui feront une agr\u00e9able petite promenade.<\/p>\n<p><img decoding=\"async\" loading=\"lazy\" class=\"aligncenter wp-image-11298 size-full\" src=\"https:\/\/arpenterlechemin.com\/wp-content\/uploads\/2022\/03\/Visiter-centre-ville-Trois-Rivi\u00e8res-Qu\u00e9bec-parc-Laviolette-infos-pratiques-e1650986210331.jpg\" alt=\"Visiter centre-ville Trois-Rivi\u00e8res Qu\u00e9bec parc Laviolette infos pratiques\" width=\"1400\" height=\"788\" \/><\/p>\n<p><img decoding=\"async\" loading=\"lazy\" class=\"aligncenter wp-image-11297 size-full\" src=\"https:\/\/arpenterlechemin.com\/wp-content\/uploads\/2022\/03\/Visiter-centre-ville-Trois-Rivi\u00e8res-Qu\u00e9bec-aire-\u00e9cologique-des-bateliersLaviolette-infos-pratiques-e1650986219781.jpg\" alt=\"Visiter centre-ville Trois-Rivi\u00e8res Qu\u00e9bec aire \u00e9cologique des bateliersLaviolette infos pratiques\" width=\"1400\" height=\"788\" \/><\/p>\n<h2><span style=\"color: #000080;\">Se bourrer la face \u00e0 la cabane Chez Dany<\/span><\/h2>\n<p>\u00ab\u00a0Se bourrer la face\u00a0\u00bb, dis-je ? Voici une expression que j&rsquo;ai apprise au mus\u00e9e POP, et qui signifie \u00ab\u00a0faire bombance\u00a0\u00bb, repartir totalement repue et combl\u00e9e, \u00e0 la limite du coma sucr\u00e9. Et pour me bourrer la face, c&rsquo;est un euph\u00e9misme que de dire que <strong>je me suis bien bourr\u00e9e la face \u00e0 la cabane \u00e0 sucre chez Dany<\/strong>, \u00e0 quelques kilom\u00e8tres du centre-ville.<\/p>\n<p>C&rsquo;est d&rsquo;ailleurs le concept m\u00eame de la cabane \u00e0 sucre : s&rsquo;abandonner \u00e0 un somptueux repas o\u00f9 s&rsquo;encha\u00eenent \u00e0 volont\u00e9 les plats comme de la soupe aux pois, des patates, de l&rsquo;omelette, des cr\u00eapes, de la tarte au sucre&#8230; le tout g\u00e9n\u00e9reusement arros\u00e9 de sirop d&rsquo;\u00e9rable. Oui, m\u00eame la tarte au sucre. Dany, le propri\u00e9taire, me confie que <strong>plusieurs centaines de litres de sirop d&rsquo;\u00e9rable sont ainsi \u00e9coul\u00e9es chaque jour<\/strong> sur ses tables. Le jour de ma visite, pourtant un vendredi midi, la cabane est comble. Au son de l&rsquo;accord\u00e9on, c&rsquo;est <strong>tout un rituel de saison<\/strong> qui se d\u00e9roule sous mes yeux. La cabane \u00e0 sucre est un moment convivial par excellence et je souris devant ces tabl\u00e9es d&rsquo;amis, de coll\u00e8gues ou de proches venus <strong>f\u00eater l&rsquo;arriv\u00e9e du printemps sous un d\u00e9luge de sirop d&rsquo;\u00e9rable.<\/strong><\/p>\n<p>Une fois le repas fini, il en reste encore : il est temps de passer \u00e0 la tire d&rsquo;\u00e9rable, ce petit d\u00e9lice qui consiste \u00e0 verser du sirop d&rsquo;\u00e9rable chaud sur de la glace ou de la neige avant d&rsquo;en faire une sucette \u00e0 l&rsquo;aide d&rsquo;un b\u00e2tonnet en bois. Le r\u00e9sultat, c&rsquo;est du bonheur \u00e0 l&rsquo;\u00e9tat pur. On raconte qu&rsquo;apr\u00e8s un repas complet, <strong>le record serait de 27 b\u00e2tonnets de tire<\/strong> pour une m\u00eame personne ! Avec seulement deux b\u00e2tonnets, je e suis loin de l&rsquo;avoir battu ce jour-l\u00e0, mais libre \u00e0 vous de venir essayer ! La cabane chez Dany est ouverte la majeure partie de l&rsquo;ann\u00e9e et se fait un plaisir de faire d\u00e9couvrir les traditions de l&rsquo;\u00e9rable m\u00eame hors de la saison des sucres.<\/p>\n<p><img decoding=\"async\" loading=\"lazy\" class=\"aligncenter wp-image-11281 size-full\" src=\"https:\/\/arpenterlechemin.com\/wp-content\/uploads\/2022\/03\/Visiter-cabane-\u00e0-sucre-chez-Dany-Trois-Rivi\u00e8res-Qu\u00e9bec-infos-pratiques-e1650986229733.jpg\" alt=\"Visiter cabane \u00e0 sucre chez Dany Trois-Rivi\u00e8res Qu\u00e9bec infos pratiques\" width=\"1400\" height=\"788\" \/><\/p>\n<h3><span style=\"color: #003366;\">Infos pratiques<\/span><\/h3>\n<ul>\n<li>Acc\u00e8s : 195 rue de la Sabli\u00e8re<\/li>\n<li>Repas \u00e0 volont\u00e9 de 28 \u00e0 31 $<\/li>\n<li>Pour les <strong>v\u00e9g\u00e9tariens<\/strong>, il suffit de le pr\u00e9ciser \u00e0 la serveuse.<\/li>\n<li>Pour plus d&rsquo;informations, <a href=\"https:\/\/cabanechezdany.com\/\">consultez le site web ici.<\/a><\/li>\n<\/ul>\n<p><img decoding=\"async\" loading=\"lazy\" class=\"aligncenter wp-image-11306 size-full\" src=\"https:\/\/arpenterlechemin.com\/wp-content\/uploads\/2022\/03\/Cabane-\u00e0-sucre-Chez-Dany-Trois-Rivi\u00e8res-QC-e1650986239353.jpg\" alt=\"Cabane \u00e0 sucre Chez Dany Trois-Rivi\u00e8res QC\" width=\"1400\" height=\"788\" \/><\/p>\n<h2><span style=\"color: #000080;\">Se d\u00e9tendre au spa nordique KiNipi<\/span><\/h2>\n<p>Pour finir cette escapade bien remplie en beaut\u00e9, un tour au spa s&rsquo;impose. \u00c0 une quinzaine de minutes de la cabane \u00e0 sucre, le <strong>KiNipi Spa Nordique est un petit havre de bien-\u00eatre<\/strong>. C&rsquo;est tr\u00e8s clich\u00e9, tout la rh\u00e9torique sur la bulle de bien-\u00eatre, la d\u00e9tente totale, et pourtant, c&rsquo;est exactement ce que je ressens \u00e0 chaque fois que je franchis la porte d&rsquo;un spa : l&rsquo;impression de tout laisser sur le pas de la porte. Au spa nordique KiNipi, les soucis et pr\u00e9occupations sont solubles dans l&rsquo;eau chaude, la chaleur d&rsquo;un sauna, la douceur d&rsquo;un peignoir, le moelleux de la couverture en polaire fournie pour se pr\u00e9lasser autour des po\u00eales \u00e0 bois&#8230;<\/p>\n<p>Ici, <strong>le spa est conscient que la d\u00e9tente peut prendre diff\u00e9rentes formes<\/strong> : si vous venez pour d\u00e9compresser et <strong>papoter entre amies<\/strong>, le grand bassin est pour vous. Les amatrices de silence comme moi se tourneront plut\u00f4t vers<strong> le bassin \u00ab\u00a0Silence total\u00a0\u00bb<\/strong>, dont la meilleure place est assur\u00e9ment derri\u00e8re la cascade. Plusieurs salles munies de chaises longues, ici aussi dans le silence absolu, permettent d&rsquo;appr\u00e9cier un moment de calme qui se transformera peut-\u00eatre en une <strong>sieste r\u00e9paratrice<\/strong>, luxe trop rare dans nos vies tr\u00e9pidantes. Et si je me suis content\u00e9e d&rsquo;une exp\u00e9rience thermale r\u00e9paratrice, sachez qu&rsquo;il est aussi possible d&rsquo;accompagner le tout de massages, soins, d&rsquo;un bon repas au <strong>restaurant KiNipi \u00e0 la bouche<\/strong>, voire <a href=\"https:\/\/www.kinipi.ca\/fr\/hebergement\">de passer la nuit sur place.\u00a0<\/a><\/p>\n<h3><span style=\"color: #003366;\">Infos pratiques<\/span><\/h3>\n<ul>\n<li>Acc\u00e8s : 8210 boulevard des Forges<\/li>\n<li>Tarifs : 63 $\/personne pour 5 heures entre 10 et 18 h, ou 53 $\/personne entre 18 et 22 h<\/li>\n<li>R\u00e9servations obligatoires.<\/li>\n<li>Venez avec votre maillot de bain et surtout vos <strong>sandales<\/strong>, elles sont obligatoires.<\/li>\n<li>Les peignoirs et couvertures sont fournies.<\/li>\n<li><a href=\"https:\/\/www.kinipi.ca\/fr\">Pour plus d&rsquo;informations, voir ici.<\/a><\/li>\n<\/ul>\n<p><img decoding=\"async\" loading=\"lazy\" class=\"aligncenter wp-image-11290 size-full\" src=\"https:\/\/arpenterlechemin.com\/wp-content\/uploads\/2022\/03\/Spa-nordique-Kinipi-Trois-Rivi\u00e8res-QC--e1650986249982.jpg\" alt=\"Spa nordique Kinipi Trois-Rivi\u00e8res QC\" width=\"1400\" height=\"788\" \/><\/p>\n<h2><span style=\"color: #003366;\">Infos pratiques<\/span><\/h2>\n<h3><span style=\"color: #003366;\">Acc\u00e9der \u00e0 Trois-Rivi\u00e8res<\/span><\/h3>\n<p>Trois-Rivi\u00e8res se situe \u00e0 environ 1 h 30 de route de Montr\u00e9al et de Qu\u00e9bec en passant par l&rsquo;autoroute 40.<\/p>\n<h3><span style=\"color: #003366;\">Bonnes adresses gourmandes \u00e0 Trois-Rivi\u00e8res<\/span><\/h3>\n<p>Voici plusieurs \u00e9tablissements que j&rsquo;ai eu la chance d&rsquo;essayer. V\u00e9rifiez leurs horaires avant de vous d\u00e9placer, car beaucoup sont ferm\u00e9s le lundi, voire le mardi.<\/p>\n<ul>\n<li><strong>Le Bucafin<\/strong>, 920 boulevard du Saint-Maurice : le <strong>coup de c\u0153ur total<\/strong> pour ce caf\u00e9-buanderie \u00e0 environ 1 km du centre-ville : le wifi y est rapide, le caf\u00e9 savoureux et c&rsquo;est l&rsquo;un des rares endroits ouverts pour manger le lundi midi ! Pour ne rien g\u00e2cher, mon ramen v\u00e9g\u00e9tarien \u00e9tait succulent et assez bon march\u00e9 (13 $).<\/li>\n<li><strong>Caf\u00e9 Frida<\/strong>, 15 rue des Forges : un <strong>caf\u00e9 v\u00e9g\u00e9talien<\/strong> ouvert de 9 h \u00e0 21 h quasiment tous les jours, le r\u00eave. Compter une vingtaine de dollars pour un plat au moment du souper.<\/li>\n<li><strong>Mezcal Taqueria<\/strong>, 85 rue des Forges : <strong>excellente adresse<\/strong> pour des tacos qui d\u00e9coiffent. Compter une quinzaine de dollars pour deux tacos ou 20 $ pour une assiette de trois.<\/li>\n<li><strong>Le Caf\u00e9ier<\/strong>, 45 rue Saint-Antoine : un autre caf\u00e9 que j&rsquo;ai beaucoup aim\u00e9. Si vous aimez le moka, essayez leur <strong>chococcino<\/strong> !<\/li>\n<li><strong>Nys P\u00e2tissier<\/strong>, 1449 rue Notre-Dame : une p\u00e2tisserie belge avec tous les classiques europ\u00e9ens, de la tartelette au citron au pain croustillant \u00e0 des p\u00e2tisseries belges que je ne connais pas mais qui semblaient toutes succulentes ! Leur <strong>amandine au chocolat<\/strong> (pain au chocolat fourr\u00e9 \u00e0 la frangipane est une tuerie.<\/li>\n<\/ul>\n<p><img decoding=\"async\" loading=\"lazy\" class=\"aligncenter wp-image-11273 size-full\" src=\"https:\/\/arpenterlechemin.com\/wp-content\/uploads\/2022\/03\/O\u00f9-manger-Trois-Rivi\u00e8res-Caf\u00e9-Frida-e1650986260513.jpg\" alt=\"O\u00f9 manger Trois-Rivi\u00e8res Caf\u00e9 Frida\" width=\"1400\" height=\"788\" \/><\/p>\n<p style=\"text-align: center;\"><em>Le caf\u00e9 Frida \u00e0 trois-Rivi\u00e8res, un caf\u00e9 v\u00e9g\u00e9talien<\/em><\/p>\n<h3><span style=\"color: #003366;\">O\u00f9 dormir \u00e0 Trois-Rivi\u00e8res<\/span><\/h3>\n<ul>\n<li>\u00c0 l&rsquo;h\u00f4tel Oui Go!, \u00e9videmment ! La chambre 314, dans laquelle j&rsquo;ai dormi, se monte \u00e0 220 $ mais les chambres plus classiques d\u00e9marrent \u00e0 150 $. Si vous venez en voiture, l&rsquo;h\u00f4tel proposer d&rsquo;acheter un billet de stationnement de 24 heures dans un parking non loin pour 7 $, une excellente affaire.<a href=\"https:\/\/www.booking.com\/hotel\/ca\/oui-go.en.html?aid=1571475&amp;no_rooms=1&amp;group_adults=2\"> Cliquez ici pour r\u00e9server \u00e0 l&rsquo;h\u00f4tel OuiGO!<\/a><\/li>\n<li>Si le spa nordique KiNipi vous a s\u00e9duite, il est possible d&rsquo;y dormir pour avoir l&rsquo;exp\u00e9rience thermale \u00e0 port\u00e9e de main. Les tarifs d\u00e9marrent \u00e0 179 $\/chambre (qui comprend chambre, petit-d\u00e9jeuner et acc\u00e8s au spa). <a href=\"https:\/\/www.booking.com\/hotel\/ca\/kinipi-spa-nordique-hebergement.en.html?aid=1571475&amp;no_rooms=1&amp;group_adults=2\">Cliquez aussi pour r\u00e9server votre nuit au spa KiNipi.<\/a><\/li>\n<\/ul>\n<h3><img decoding=\"async\" loading=\"lazy\" class=\"aligncenter wp-image-11292 size-full\" src=\"https:\/\/arpenterlechemin.com\/wp-content\/uploads\/2022\/03\/O\u00f9-dormir-Trois-Rivi\u00e8res-QC-Hotel-OUiGO-e1650986271755.jpg\" alt=\"O\u00f9 dormir Trois-Rivi\u00e8res QC Hotel OUiGO\" width=\"1400\" height=\"788\" \/><\/h3>\n<p style=\"text-align: center;\"><em>La vue depuis l&rsquo;h\u00f4tel OuiGO!, dont je ne me lasserai jamais<\/em><\/p>\n<h3><span style=\"color: #003366;\">Se d\u00e9placer dans Trois-Rivi\u00e8res<\/span><\/h3>\n<ul>\n<li>Il est tr\u00e8s facile de visiter le centre-ville de Trois-Rivi\u00e8res \u00e0 pied, le trajet de la rue Notre-Dame au centre Bor\u00e9alis prend 15 minutes \u00e0 tout casser (hors arr\u00eats photo&#8230; mais c&rsquo;est impossible de ne pas craquer !).<\/li>\n<li>Le stationnement n&rsquo;est pas donn\u00e9 au c\u0153ur du centre-ville : 3 $\/heure, mais les tarifs baissent vite d\u00e8s qu&rsquo;on s&rsquo;\u00e9loigne un peu (1 $\/ heure, mais pr\u00e9voyez des pi\u00e8ces !). Il est possible de stationner gratuitement en se garant \u00e0 quelques rues du centre-ville.<\/li>\n<li>Par contre, pour visiter l&rsquo;\u00cele Saint-Quentin, les abords du pont Laviolette, la cabane \u00e0 sucre et le spa, il vous faudra un v\u00e9hicule.<\/li>\n<\/ul>\n<p style=\"text-align: center;\"><a href=\"https:\/\/www.booking.com\/index.html?aid=1571475\"><em>R\u00e9servez votre h\u00e9bergement \u00e0 Trois-Rivi\u00e8res<\/em><\/a><\/p>\n<p style=\"text-align: center;\"><a href=\"https:\/\/www.airtransat.com\/fr-FR\/offres-speciales-vols-canada?utm_campaign=display_promotion&amp;utm_source=time_one&amp;utm_medium=affiliation&amp;utm_term=n_a&amp;utm_content=affiliation%7Ctime_one%7Cdisplay_promotion%7Cn_a%7Cblack_friday%7Cn_a%7Cb2c%7Cwinter%7Csummer%7Ccanada%7Cflight%7Caffiliation%7Cn_a%7Cn_a%7Cn_a%7Cn_a&amp;search=flight&amp;flightType=RT&amp;gateway=CDG&amp;pax=1-0-0-0\"><em>R\u00e9server votre vol pour le Canada avec Air Transat <\/em><\/a><\/p>\n<p style=\"text-align: center;\"><em><a href=\"https:\/\/www.chapkadirect.fr\/index.php?app=cd_arpchem\">Souscrire une assurance voyage pour le Canada<\/a><\/em><\/p>\n<p><img decoding=\"async\" loading=\"lazy\" class=\"aligncenter size-full wp-image-11265\" src=\"https:\/\/arpenterlechemin.com\/wp-content\/uploads\/2022\/03\/Visiter-Vieux-Trois-Rivi\u00e8res-Qu\u00e9bec-infos-escapade.jpg\" alt=\"Visiter Vieux Trois-Rivi\u00e8res Qu\u00e9bec infos escapade\" width=\"2080\" height=\"1170\" \/><\/p>\n<p><em>Et vous, connaissez-vous Trois-Rivi\u00e8res ? Que me conseillez-vous pour ma prochaine visite ? Je vous attends dans les commentaires ! Pour cette visite, j&rsquo;ai \u00e9t\u00e9 l&rsquo;invit\u00e9e de Tourisme Trois-Rivi\u00e8res, de l&rsquo;h\u00f4tel OuiGO!, du complexe mus\u00e9al POP\/Vieille Prison, de la cabane \u00e0 sucre Chez Dany et du spa KiNipi. Oyez, oyez : ce billet contient des liens affili\u00e9s.<\/em><\/p>\n<p><img decoding=\"async\" loading=\"lazy\" class=\"alignnone wp-image-11278 size-medium\" src=\"https:\/\/arpenterlechemin.com\/wp-content\/uploads\/2022\/03\/Escapade-\u00e0-Trois-Rivi\u00e8res-Qu\u00e9bec-267x400.jpg\" alt=\"Escapade \u00e0 Trois-Rivi\u00e8res, Qu\u00e9bec\" width=\"267\" height=\"400\" srcset=\"https:\/\/arpenterlechemin.com\/wp-content\/uploads\/2022\/03\/Escapade-\u00e0-Trois-Rivi\u00e8res-Qu\u00e9bec-267x400.jpg 267w, https:\/\/arpenterlechemin.com\/wp-content\/uploads\/2022\/03\/Escapade-\u00e0-Trois-Rivi\u00e8res-Qu\u00e9bec-390x585.jpg 390w, https:\/\/arpenterlechemin.com\/wp-content\/uploads\/2022\/03\/Escapade-\u00e0-Trois-Rivi\u00e8res-Qu\u00e9bec.jpg 735w\" sizes=\"(max-width: 267px) 100vw, 267px\" \/> <img decoding=\"async\" loading=\"lazy\" class=\"alignnone wp-image-11275 size-medium\" src=\"https:\/\/arpenterlechemin.com\/wp-content\/uploads\/2022\/03\/D\u00e9couvrir-Trois-Rivi\u00e8res-au-printemps-267x400.jpg\" alt=\"D\u00e9couvrir Trois-Rivi\u00e8res au printemps\" width=\"267\" height=\"400\" srcset=\"https:\/\/arpenterlechemin.com\/wp-content\/uploads\/2022\/03\/D\u00e9couvrir-Trois-Rivi\u00e8res-au-printemps-267x400.jpg 267w, https:\/\/arpenterlechemin.com\/wp-content\/uploads\/2022\/03\/D\u00e9couvrir-Trois-Rivi\u00e8res-au-printemps-390x585.jpg 390w, https:\/\/arpenterlechemin.com\/wp-content\/uploads\/2022\/03\/D\u00e9couvrir-Trois-Rivi\u00e8res-au-printemps.jpg 735w\" sizes=\"(max-width: 267px) 100vw, 267px\" \/> <img decoding=\"async\" loading=\"lazy\" class=\"alignnone wp-image-11277 size-medium\" src=\"https:\/\/arpenterlechemin.com\/wp-content\/uploads\/2022\/03\/Visiter-Trois-Rivi\u00e8res-Qu\u00e9bec-en-48-heures-286x400.jpg\" alt=\"Visiter Trois-Rivi\u00e8res, Qu\u00e9bec, en 48 heures\" width=\"286\" height=\"400\" srcset=\"https:\/\/arpenterlechemin.com\/wp-content\/uploads\/2022\/03\/Visiter-Trois-Rivi\u00e8res-Qu\u00e9bec-en-48-heures-286x400.jpg 286w, https:\/\/arpenterlechemin.com\/wp-content\/uploads\/2022\/03\/Visiter-Trois-Rivi\u00e8res-Qu\u00e9bec-en-48-heures-418x585.jpg 418w, https:\/\/arpenterlechemin.com\/wp-content\/uploads\/2022\/03\/Visiter-Trois-Rivi\u00e8res-Qu\u00e9bec-en-48-heures-768x1076.jpg 768w, https:\/\/arpenterlechemin.com\/wp-content\/uploads\/2022\/03\/Visiter-Trois-Rivi\u00e8res-Qu\u00e9bec-en-48-heures-1097x1536.jpg 1097w, https:\/\/arpenterlechemin.com\/wp-content\/uploads\/2022\/03\/Visiter-Trois-Rivi\u00e8res-Qu\u00e9bec-en-48-heures.jpg 1428w\" sizes=\"(max-width: 286px) 100vw, 286px\" \/><\/p>\n","protected":false},"excerpt":{"rendered":"<p>Entre Montr\u00e9al et Qu\u00e9bec se trouve une ville trop souvent d\u00e9laiss\u00e9e au profit de ses deux grandes voisines : Trois-Rivi\u00e8res, nich\u00e9e au bord du Saint-Laurent et riche de nombreux secrets bien gard\u00e9s. Que vous soyez en voyage au Qu\u00e9bec ou \u00e0 la recherche d&rsquo;une escapade en Mauricie, la deuxi\u00e8me plus vieille ville du Qu\u00e9bec m\u00e9rite une visite en toutes saisons. Entre son centre-ville historique et sa promenade au bord de l&rsquo;eau, les fa\u00e7ades Art Deco de sa rue principale et ses nombreux mus\u00e9es et caf\u00e9s, la m\u00e9tropole trifluvienne m&rsquo;a pas <\/p>\n","protected":false},"author":1,"featured_media":11276,"comment_status":"open","ping_status":"open","sticky":false,"template":"","format":"standard","meta":{"jetpack_post_was_ever_published":false},"categories":[526,539,1],"tags":[42,614,470,568,617,730,7,647],"yoast_head":"<!-- This site is optimized with the Yoast SEO plugin v20.7 - https:\/\/yoast.com\/wordpress\/plugins\/seo\/ -->\n<title>QU\u00c9BEC \/\/ 48 heures \u00e0 Trois-Rivi\u00e8res<\/title>\n<meta name=\"description\" content=\"Que voir lors d&#039;une escapade de printemps \u00e0 Trois-Rivi\u00e8res ? Je vous raconte ma vir\u00e9e \u00e0 Trois-Rivi\u00e8res avec mes id\u00e9es de visites pour une escapade r\u00e9ussie !\" \/>\n<meta name=\"robots\" content=\"index, follow, max-snippet:-1, max-image-preview:large, max-video-preview:-1\" \/>\n<link rel=\"canonical\" href=\"https:\/\/arpenterlechemin.com\/index.php\/2022\/03\/31\/visiter-trois-rivieres-quebec\/\" \/>\n<meta property=\"og:locale\" content=\"fr_FR\" \/>\n<meta property=\"og:type\" content=\"article\" \/>\n<meta property=\"og:title\" content=\"QU\u00c9BEC \/\/ 48 heures \u00e0 Trois-Rivi\u00e8res\" \/>\n<meta property=\"og:description\" content=\"Que voir lors d&#039;une escapade de printemps \u00e0 Trois-Rivi\u00e8res ? Je vous raconte ma vir\u00e9e \u00e0 Trois-Rivi\u00e8res avec mes id\u00e9es de visites pour une escapade r\u00e9ussie !\" \/>\n<meta property=\"og:url\" content=\"https:\/\/arpenterlechemin.com\/index.php\/2022\/03\/31\/visiter-trois-rivieres-quebec\/\" \/>\n<meta property=\"og:site_name\" content=\"Arpenter le chemin\" \/>\n<meta property=\"article:published_time\" content=\"2022-03-31T06:24:15+00:00\" \/>\n<meta property=\"article:modified_time\" content=\"2022-04-26T15:18:04+00:00\" \/>\n<meta property=\"og:image\" content=\"https:\/\/arpenterlechemin.com\/wp-content\/uploads\/2022\/03\/Visiter-Trois-Rivi\u00e8res-en-hiver-et-au-printemps.jpg\" \/>\n\t<meta property=\"og:image:width\" content=\"1040\" \/>\n\t<meta property=\"og:image:height\" content=\"585\" \/>\n\t<meta property=\"og:image:type\" content=\"image\/jpeg\" \/>\n<meta name=\"author\" content=\"Audrey\" \/>\n<meta name=\"twitter:card\" content=\"summary_large_image\" \/>\n<meta name=\"twitter:label1\" content=\"\u00c9crit par\" \/>\n\t<meta name=\"twitter:data1\" content=\"Audrey\" \/>\n\t<meta name=\"twitter:label2\" content=\"Dur\u00e9e de lecture estim\u00e9e\" \/>\n\t<meta name=\"twitter:data2\" content=\"24 minutes\" \/>\n<script type=\"application\/ld+json\" class=\"yoast-schema-graph\">{\"@context\":\"https:\/\/schema.org\",\"@graph\":[{\"@type\":\"Article\",\"@id\":\"https:\/\/arpenterlechemin.com\/index.php\/2022\/03\/31\/visiter-trois-rivieres-quebec\/#article\",\"isPartOf\":{\"@id\":\"https:\/\/arpenterlechemin.com\/index.php\/2022\/03\/31\/visiter-trois-rivieres-quebec\/\"},\"author\":{\"name\":\"Audrey\",\"@id\":\"https:\/\/arpenterlechemin.com\/#\/schema\/person\/1d187818c0988fbea4d682c1e59c795c\"},\"headline\":\"QU\u00c9BEC \/\/ 48 heures \u00e0 Trois-Rivi\u00e8res\",\"datePublished\":\"2022-03-31T06:24:15+00:00\",\"dateModified\":\"2022-04-26T15:18:04+00:00\",\"mainEntityOfPage\":{\"@id\":\"https:\/\/arpenterlechemin.com\/index.php\/2022\/03\/31\/visiter-trois-rivieres-quebec\/\"},\"wordCount\":4955,\"commentCount\":3,\"publisher\":{\"@id\":\"https:\/\/arpenterlechemin.com\/#organization\"},\"keywords\":[\"canada\",\"culture\",\"hiver\",\"partenariat\",\"printemps\",\"qc\",\"qu\u00e9bec\",\"ville\"],\"articleSection\":[\"Am\u00e9rique du Nord\",\"Am\u00e9riques\",\"Blog\"],\"inLanguage\":\"fr-FR\",\"potentialAction\":[{\"@type\":\"CommentAction\",\"name\":\"Comment\",\"target\":[\"https:\/\/arpenterlechemin.com\/index.php\/2022\/03\/31\/visiter-trois-rivieres-quebec\/#respond\"]}]},{\"@type\":\"WebPage\",\"@id\":\"https:\/\/arpenterlechemin.com\/index.php\/2022\/03\/31\/visiter-trois-rivieres-quebec\/\",\"url\":\"https:\/\/arpenterlechemin.com\/index.php\/2022\/03\/31\/visiter-trois-rivieres-quebec\/\",\"name\":\"QU\u00c9BEC \/\/ 48 heures \u00e0 Trois-Rivi\u00e8res\",\"isPartOf\":{\"@id\":\"https:\/\/arpenterlechemin.com\/#website\"},\"datePublished\":\"2022-03-31T06:24:15+00:00\",\"dateModified\":\"2022-04-26T15:18:04+00:00\",\"description\":\"Que voir lors d'une escapade de printemps \u00e0 Trois-Rivi\u00e8res ? Je vous raconte ma vir\u00e9e \u00e0 Trois-Rivi\u00e8res avec mes id\u00e9es de visites pour une escapade r\u00e9ussie !\",\"breadcrumb\":{\"@id\":\"https:\/\/arpenterlechemin.com\/index.php\/2022\/03\/31\/visiter-trois-rivieres-quebec\/#breadcrumb\"},\"inLanguage\":\"fr-FR\",\"potentialAction\":[{\"@type\":\"ReadAction\",\"target\":[\"https:\/\/arpenterlechemin.com\/index.php\/2022\/03\/31\/visiter-trois-rivieres-quebec\/\"]}]},{\"@type\":\"BreadcrumbList\",\"@id\":\"https:\/\/arpenterlechemin.com\/index.php\/2022\/03\/31\/visiter-trois-rivieres-quebec\/#breadcrumb\",\"itemListElement\":[{\"@type\":\"ListItem\",\"position\":1,\"name\":\"Home\",\"item\":\"https:\/\/arpenterlechemin.com\/\"},{\"@type\":\"ListItem\",\"position\":2,\"name\":\"QU\u00c9BEC \/\/ 48 heures \u00e0 Trois-Rivi\u00e8res\"}]},{\"@type\":\"WebSite\",\"@id\":\"https:\/\/arpenterlechemin.com\/#website\",\"url\":\"https:\/\/arpenterlechemin.com\/\",\"name\":\"Arpenter le chemin\",\"description\":\"\",\"publisher\":{\"@id\":\"https:\/\/arpenterlechemin.com\/#organization\"},\"potentialAction\":[{\"@type\":\"SearchAction\",\"target\":{\"@type\":\"EntryPoint\",\"urlTemplate\":\"https:\/\/arpenterlechemin.com\/?s={search_term_string}\"},\"query-input\":\"required name=search_term_string\"}],\"inLanguage\":\"fr-FR\"},{\"@type\":\"Organization\",\"@id\":\"https:\/\/arpenterlechemin.com\/#organization\",\"name\":\"Arpenter le chemin\",\"url\":\"https:\/\/arpenterlechemin.com\/\",\"logo\":{\"@type\":\"ImageObject\",\"inLanguage\":\"fr-FR\",\"@id\":\"https:\/\/arpenterlechemin.com\/#\/schema\/logo\/image\/\",\"url\":\"https:\/\/arpenterlechemin.com\/wp-content\/uploads\/2017\/04\/icone-4.jpg\",\"contentUrl\":\"https:\/\/arpenterlechemin.com\/wp-content\/uploads\/2017\/04\/icone-4.jpg\",\"width\":150,\"height\":73,\"caption\":\"Arpenter le chemin\"},\"image\":{\"@id\":\"https:\/\/arpenterlechemin.com\/#\/schema\/logo\/image\/\"}},{\"@type\":\"Person\",\"@id\":\"https:\/\/arpenterlechemin.com\/#\/schema\/person\/1d187818c0988fbea4d682c1e59c795c\",\"name\":\"Audrey\",\"image\":{\"@type\":\"ImageObject\",\"inLanguage\":\"fr-FR\",\"@id\":\"https:\/\/arpenterlechemin.com\/#\/schema\/person\/image\/\",\"url\":\"https:\/\/secure.gravatar.com\/avatar\/b75298f64c73f1709976c50921beae6a?s=96&d=mm&r=g\",\"contentUrl\":\"https:\/\/secure.gravatar.com\/avatar\/b75298f64c73f1709976c50921beae6a?s=96&d=mm&r=g\",\"caption\":\"Audrey\"},\"description\":\"Allergique \u00e0 la routine, atteinte de bougeotte aigu\u00eb, j'essaie de m'envoler aussi souvent que possible, seule, en couple ou entre amis ! Ville, nature, culture, rando... tout me va, \u00e0 partir du moment o\u00f9 je suis dehors.\",\"url\":\"https:\/\/arpenterlechemin.com\/index.php\/author\/audreyf\/\"}]}<\/script>\n<!-- \/ Yoast SEO plugin. -->","yoast_head_json":{"title":"QU\u00c9BEC \/\/ 48 heures \u00e0 Trois-Rivi\u00e8res","description":"Que voir lors d'une escapade de printemps \u00e0 Trois-Rivi\u00e8res ? Je vous raconte ma vir\u00e9e \u00e0 Trois-Rivi\u00e8res avec mes id\u00e9es de visites pour une escapade r\u00e9ussie !","robots":{"index":"index","follow":"follow","max-snippet":"max-snippet:-1","max-image-preview":"max-image-preview:large","max-video-preview":"max-video-preview:-1"},"canonical":"https:\/\/arpenterlechemin.com\/index.php\/2022\/03\/31\/visiter-trois-rivieres-quebec\/","og_locale":"fr_FR","og_type":"article","og_title":"QU\u00c9BEC \/\/ 48 heures \u00e0 Trois-Rivi\u00e8res","og_description":"Que voir lors d'une escapade de printemps \u00e0 Trois-Rivi\u00e8res ? Je vous raconte ma vir\u00e9e \u00e0 Trois-Rivi\u00e8res avec mes id\u00e9es de visites pour une escapade r\u00e9ussie !","og_url":"https:\/\/arpenterlechemin.com\/index.php\/2022\/03\/31\/visiter-trois-rivieres-quebec\/","og_site_name":"Arpenter le chemin","article_published_time":"2022-03-31T06:24:15+00:00","article_modified_time":"2022-04-26T15:18:04+00:00","og_image":[{"width":1040,"height":585,"url":"https:\/\/arpenterlechemin.com\/wp-content\/uploads\/2022\/03\/Visiter-Trois-Rivi\u00e8res-en-hiver-et-au-printemps.jpg","type":"image\/jpeg"}],"author":"Audrey","twitter_card":"summary_large_image","twitter_misc":{"\u00c9crit par":"Audrey","Dur\u00e9e de lecture estim\u00e9e":"24 minutes"},"schema":{"@context":"https:\/\/schema.org","@graph":[{"@type":"Article","@id":"https:\/\/arpenterlechemin.com\/index.php\/2022\/03\/31\/visiter-trois-rivieres-quebec\/#article","isPartOf":{"@id":"https:\/\/arpenterlechemin.com\/index.php\/2022\/03\/31\/visiter-trois-rivieres-quebec\/"},"author":{"name":"Audrey","@id":"https:\/\/arpenterlechemin.com\/#\/schema\/person\/1d187818c0988fbea4d682c1e59c795c"},"headline":"QU\u00c9BEC \/\/ 48 heures \u00e0 Trois-Rivi\u00e8res","datePublished":"2022-03-31T06:24:15+00:00","dateModified":"2022-04-26T15:18:04+00:00","mainEntityOfPage":{"@id":"https:\/\/arpenterlechemin.com\/index.php\/2022\/03\/31\/visiter-trois-rivieres-quebec\/"},"wordCount":4955,"commentCount":3,"publisher":{"@id":"https:\/\/arpenterlechemin.com\/#organization"},"keywords":["canada","culture","hiver","partenariat","printemps","qc","qu\u00e9bec","ville"],"articleSection":["Am\u00e9rique du Nord","Am\u00e9riques","Blog"],"inLanguage":"fr-FR","potentialAction":[{"@type":"CommentAction","name":"Comment","target":["https:\/\/arpenterlechemin.com\/index.php\/2022\/03\/31\/visiter-trois-rivieres-quebec\/#respond"]}]},{"@type":"WebPage","@id":"https:\/\/arpenterlechemin.com\/index.php\/2022\/03\/31\/visiter-trois-rivieres-quebec\/","url":"https:\/\/arpenterlechemin.com\/index.php\/2022\/03\/31\/visiter-trois-rivieres-quebec\/","name":"QU\u00c9BEC \/\/ 48 heures \u00e0 Trois-Rivi\u00e8res","isPartOf":{"@id":"https:\/\/arpenterlechemin.com\/#website"},"datePublished":"2022-03-31T06:24:15+00:00","dateModified":"2022-04-26T15:18:04+00:00","description":"Que voir lors d'une escapade de printemps \u00e0 Trois-Rivi\u00e8res ? Je vous raconte ma vir\u00e9e \u00e0 Trois-Rivi\u00e8res avec mes id\u00e9es de visites pour une escapade r\u00e9ussie !","breadcrumb":{"@id":"https:\/\/arpenterlechemin.com\/index.php\/2022\/03\/31\/visiter-trois-rivieres-quebec\/#breadcrumb"},"inLanguage":"fr-FR","potentialAction":[{"@type":"ReadAction","target":["https:\/\/arpenterlechemin.com\/index.php\/2022\/03\/31\/visiter-trois-rivieres-quebec\/"]}]},{"@type":"BreadcrumbList","@id":"https:\/\/arpenterlechemin.com\/index.php\/2022\/03\/31\/visiter-trois-rivieres-quebec\/#breadcrumb","itemListElement":[{"@type":"ListItem","position":1,"name":"Home","item":"https:\/\/arpenterlechemin.com\/"},{"@type":"ListItem","position":2,"name":"QU\u00c9BEC \/\/ 48 heures \u00e0 Trois-Rivi\u00e8res"}]},{"@type":"WebSite","@id":"https:\/\/arpenterlechemin.com\/#website","url":"https:\/\/arpenterlechemin.com\/","name":"Arpenter le chemin","description":"","publisher":{"@id":"https:\/\/arpenterlechemin.com\/#organization"},"potentialAction":[{"@type":"SearchAction","target":{"@type":"EntryPoint","urlTemplate":"https:\/\/arpenterlechemin.com\/?s={search_term_string}"},"query-input":"required name=search_term_string"}],"inLanguage":"fr-FR"},{"@type":"Organization","@id":"https:\/\/arpenterlechemin.com\/#organization","name":"Arpenter le chemin","url":"https:\/\/arpenterlechemin.com\/","logo":{"@type":"ImageObject","inLanguage":"fr-FR","@id":"https:\/\/arpenterlechemin.com\/#\/schema\/logo\/image\/","url":"https:\/\/arpenterlechemin.com\/wp-content\/uploads\/2017\/04\/icone-4.jpg","contentUrl":"https:\/\/arpenterlechemin.com\/wp-content\/uploads\/2017\/04\/icone-4.jpg","width":150,"height":73,"caption":"Arpenter le chemin"},"image":{"@id":"https:\/\/arpenterlechemin.com\/#\/schema\/logo\/image\/"}},{"@type":"Person","@id":"https:\/\/arpenterlechemin.com\/#\/schema\/person\/1d187818c0988fbea4d682c1e59c795c","name":"Audrey","image":{"@type":"ImageObject","inLanguage":"fr-FR","@id":"https:\/\/arpenterlechemin.com\/#\/schema\/person\/image\/","url":"https:\/\/secure.gravatar.com\/avatar\/b75298f64c73f1709976c50921beae6a?s=96&d=mm&r=g","contentUrl":"https:\/\/secure.gravatar.com\/avatar\/b75298f64c73f1709976c50921beae6a?s=96&d=mm&r=g","caption":"Audrey"},"description":"Allergique \u00e0 la routine, atteinte de bougeotte aigu\u00eb, j'essaie de m'envoler aussi souvent que possible, seule, en couple ou entre amis ! Ville, nature, culture, rando... tout me va, \u00e0 partir du moment o\u00f9 je suis dehors.","url":"https:\/\/arpenterlechemin.com\/index.php\/author\/audreyf\/"}]}},"jetpack_featured_media_url":"https:\/\/arpenterlechemin.com\/wp-content\/uploads\/2022\/03\/Visiter-Trois-Rivi\u00e8res-en-hiver-et-au-printemps.jpg","jetpack_sharing_enabled":true,"jetpack_shortlink":"https:\/\/wp.me\/p8z9hR-2VA","jetpack-related-posts":[{"id":11222,"url":"https:\/\/arpenterlechemin.com\/index.php\/2022\/03\/27\/activites-chien-hiver-mauricie\/","url_meta":{"origin":11258,"position":0},"title":"QU\u00c9BEC \/\/ Activit\u00e9s d&rsquo;hiver avec un chien autour de Trois-Rivi\u00e8res","date":"27 mars 2022","format":false,"excerpt":"L'\u00e9t\u00e9, voyager avec un chien est un jeu d'enfant : une randonn\u00e9e, un pique-nique sur un banc ou un verre en terrasse, une nuit en camping et toute la famille est heureuse. D'octobre \u00e0 avril c'est une autre paire de manches : entre les restaurants qui n'acceptent jamais aucun chien\u2026","rel":"","context":"Dans &quot;Am\u00e9rique du Nord&quot;","img":{"alt_text":"Activit\u00e9s d'hiver avec un chien en Mauricie, Qu\u00e9bec (1)","src":"https:\/\/i0.wp.com\/arpenterlechemin.com\/wp-content\/uploads\/2022\/03\/Activit\u00e9s-dhiver-avec-un-chien-en-Mauricie-Qu\u00e9bec-1.jpg?resize=350%2C200&ssl=1","width":350,"height":200},"classes":[]},{"id":4537,"url":"https:\/\/arpenterlechemin.com\/index.php\/2018\/01\/09\/quebec-trois-lieux-admirer-quebec-den-haut\/","url_meta":{"origin":11258,"position":1},"title":"QU\u00c9BEC \/\/ Trois lieux pour admirer Qu\u00e9bec d&rsquo;en haut","date":"9 janvier 2018","format":false,"excerpt":"Le hasard fait parfois bien les choses. Lors de ma visite \u00e0 Qu\u00e9bec fin d\u00e9cembre, j'ai encha\u00een\u00e9 les activit\u00e9s en hauteur et j'ai eu envie de vous concocter un petit itin\u00e9raire pour prendre de l'altitude. Parce que mon pied alpin recherche naturellement l'altitude, parce que j'ai du mal \u00e0 m'orienter\u2026","rel":"","context":"Dans &quot;Am\u00e9rique du Nord&quot;","img":{"alt_text":"","src":"https:\/\/i0.wp.com\/arpenterlechemin.com\/wp-content\/uploads\/2018\/01\/Qu\u00e9bec-vue-den-haut.jpg?resize=350%2C200&ssl=1","width":350,"height":200},"classes":[]},{"id":11310,"url":"https:\/\/arpenterlechemin.com\/index.php\/2022\/04\/07\/parc-mauricie-hiver-quebec\/","url_meta":{"origin":11258,"position":2},"title":"QU\u00c9BEC \/\/ Le parc national de la Mauricie en hiver","date":"7 avril 2022","format":false,"excerpt":"Non loin de Trois-Rivi\u00e8res se trouve le parc national de la Mauricie, terrain de jeu hivernal o\u00f9 pratique randonn\u00e9e, raquettes et ski de fond. Riche de 150 lacs, avec des for\u00eats \u00e0 perte de vue, ce parc national est id\u00e9al pour l\u00e2cher la civilisation l'espace d'une randonn\u00e9e et prendre un\u2026","rel":"","context":"Dans &quot;Am\u00e9rique du Nord&quot;","img":{"alt_text":"Que faire au parc national de la Mauricie en hiver","src":"https:\/\/i0.wp.com\/arpenterlechemin.com\/wp-content\/uploads\/2022\/03\/Que-faire-au-parc-national-de-la-Mauricie-en-hiver.jpg?resize=350%2C200&ssl=1","width":350,"height":200},"classes":[]},{"id":8646,"url":"https:\/\/arpenterlechemin.com\/index.php\/2019\/12\/23\/quebec-noel\/","url_meta":{"origin":11258,"position":3},"title":"QU\u00c9BEC \/\/ Passer No\u00ebl autour de Qu\u00e9bec","date":"23 d\u00e9cembre 2019","format":false,"excerpt":"Qui n'a jamais r\u00eav\u00e9 d'aller f\u00eater No\u00ebl au Canada ou mieux encore, \u00e0 Qu\u00e9bec ? Qu\u00e9bec est la ville europ\u00e9enne par excellence en Am\u00e9rique du Nord, la seule ville fortifi\u00e9e au nord de Mexico, une ville 100 % francophone o\u00f9 on ne rigole pas avec la magie de No\u00ebl :\u2026","rel":"","context":"Dans &quot;Am\u00e9rique du Nord&quot;","img":{"alt_text":"Noel qu\u00e9bec blog voyage arpenter le chemin","src":"https:\/\/i0.wp.com\/arpenterlechemin.com\/wp-content\/uploads\/2020\/12\/Noel-qu\u00e9bec-blog-voyage-arpenter-le-chemin.jpg?resize=350%2C200&ssl=1","width":350,"height":200},"classes":[]},{"id":4497,"url":"https:\/\/arpenterlechemin.com\/index.php\/2017\/12\/26\/vieux-quebec-temps-fetes\/","url_meta":{"origin":11258,"position":4},"title":"QU\u00c9BEC \/\/ Le Vieux Qu\u00e9bec au temps des f\u00eates","date":"26 d\u00e9cembre 2017","format":false,"excerpt":"En Am\u00e9rique du Nord, Qu\u00e9bec a une place assez sp\u00e9ciale : une grande ville presque enti\u00e8rement francophone, la seule ville fortifi\u00e9e au nord du Mexique, une ville aux airs d'Europe avec ses rues pi\u00e9tonnes et ses fa\u00e7ades pr\u00e9serv\u00e9es, son h\u00f4tel Frontenac qui toise la ville avec de grands airs de\u2026","rel":"","context":"Dans &quot;Am\u00e9rique du Nord&quot;","img":{"alt_text":"","src":"https:\/\/i0.wp.com\/arpenterlechemin.com\/wp-content\/uploads\/2018\/01\/Le-vieux-Qu\u00e9bec-au-temps-des-f\u00eates.jpg?resize=350%2C200&ssl=1","width":350,"height":200},"classes":[]},{"id":6865,"url":"https:\/\/arpenterlechemin.com\/index.php\/2019\/01\/24\/quebec-hotel-glace-valcartier\/","url_meta":{"origin":11258,"position":5},"title":"QU\u00c9BEC \/\/ L&rsquo;h\u00f4tel de glace du village Valcartier","date":"24 janvier 2019","format":false,"excerpt":"L'h\u00f4tel de glace de Valcartier, connaissez-vous ? Une gigantesque structure construite ann\u00e9e apr\u00e8s ann\u00e9e dans la glace, \u00e9tablissement qui incarne un hiver de r\u00eave : immacul\u00e9 mais chaleureux, sublime \u00e0 souhait, un vrai symbole de cette saison rude mais pourtant si s\u00e9duisante. Il y a un an, j'ai eu la\u2026","rel":"","context":"Dans &quot;Am\u00e9rique du Nord&quot;","img":{"alt_text":"titre hotel glace quebec valcartier voyage hiver canada road-trip blog voyage arpenter le chemin","src":"https:\/\/i0.wp.com\/arpenterlechemin.com\/wp-content\/uploads\/2019\/01\/titre-hotel-glace-quebec-valcartier-voyage-hiver-canada-road-trip-blog-voyage-arpenter-le-chemin.jpg?resize=350%2C200&ssl=1","width":350,"height":200},"classes":[]}],"_links":{"self":[{"href":"https:\/\/arpenterlechemin.com\/index.php\/wp-json\/wp\/v2\/posts\/11258"}],"collection":[{"href":"https:\/\/arpenterlechemin.com\/index.php\/wp-json\/wp\/v2\/posts"}],"about":[{"href":"https:\/\/arpenterlechemin.com\/index.php\/wp-json\/wp\/v2\/types\/post"}],"author":[{"embeddable":true,"href":"https:\/\/arpenterlechemin.com\/index.php\/wp-json\/wp\/v2\/users\/1"}],"replies":[{"embeddable":true,"href":"https:\/\/arpenterlechemin.com\/index.php\/wp-json\/wp\/v2\/comments?post=11258"}],"version-history":[{"count":0,"href":"https:\/\/arpenterlechemin.com\/index.php\/wp-json\/wp\/v2\/posts\/11258\/revisions"}],"wp:featuredmedia":[{"embeddable":true,"href":"https:\/\/arpenterlechemin.com\/index.php\/wp-json\/wp\/v2\/media\/11276"}],"wp:attachment":[{"href":"https:\/\/arpenterlechemin.com\/index.php\/wp-json\/wp\/v2\/media?parent=11258"}],"wp:term":[{"taxonomy":"category","embeddable":true,"href":"https:\/\/arpenterlechemin.com\/index.php\/wp-json\/wp\/v2\/categories?post=11258"},{"taxonomy":"post_tag","embeddable":true,"href":"https:\/\/arpenterlechemin.com\/index.php\/wp-json\/wp\/v2\/tags?post=11258"}],"curies":[{"name":"wp","href":"https:\/\/api.w.org\/{rel}","templated":true}]}}