{"id":10941,"date":"2022-01-31T02:25:17","date_gmt":"2022-01-31T06:25:17","guid":{"rendered":"https:\/\/arpenterlechemin.com\/?p=10941"},"modified":"2023-08-13T19:27:55","modified_gmt":"2023-08-13T23:27:55","slug":"evian-anna-de-noailles-matrimoine","status":"publish","type":"post","link":"https:\/\/arpenterlechemin.com\/index.php\/2022\/01\/31\/evian-anna-de-noailles-matrimoine\/","title":{"rendered":"HAUTE-SAVOIE \/\/ Sur les traces d&rsquo;Anna de Noailles"},"content":{"rendered":"<p>Le<strong>\u00a0lac L\u00e9man<\/strong>, avec son cadre enchanteur, a toujours accueilli les artistes en qu\u00eate d&rsquo;inspiration ou de beaut\u00e9. Outre les sempiternels Rousseau et Lamartine, ses rives ont \u00e9t\u00e9 prises pour vill\u00e9giature ou d\u00e9cor par Mary Shelley (autrice de <em>Frankenstein<\/em>) ou encore Louisa May Alcott (<em>Les quatre filles du Dr March<\/em>). La rive fran\u00e7aise a vu grandir une po\u00e9tesse parmi les plus \u00e9clatantes de son temps, et quasiment tomb\u00e9e dans l&rsquo;oubli \u00e0 pr\u00e9sent : <strong>Anna Elisabeth Bassaraba de Brancovan<\/strong>, plus connue sous le nom d&rsquo;<strong>Anna de Noailles<\/strong>. Son ombre plane encore quelque part entre \u00c9vian-les-Bains et Amphion-les-Bains, et je vous propose de revenir sur ses traces \u00e0 travers trois sites embl\u00e9matiques.<\/p>\n<p><em>Ce billet s&rsquo;inscrit dans le cadre du rendez-vous mensuel <strong>#EnFranceAussi<\/strong> cr\u00e9\u00e9 par Sylvie du blog <a href=\"http:\/\/www.lecoindesvoyageurs.fr\/\" target=\"_blank\" rel=\"noopener noreferrer\">Le Coin des Voyageurs<\/a>. Chaque mois, retrouvez des articles sur un th\u00e8me donn\u00e9 vu par l&rsquo;\u0153il de nombreuses blogueuses. Ce mois-ci, le th\u00e8me est le <strong>matrimoine<\/strong> sous l&rsquo;impulsion de Delphine du blog <a href=\"https:\/\/inrandoveritas.blog\/\">In Rando Veritas<\/a>. Le matrimoine consiste \u00e0 mettre en valeur les sites ou \u0153uvres li\u00e9es aux femmes, c\u00e9l\u00e8bres ou non, et ce dans tous les domaines : art, architecture, politique, sciences, artisanat&#8230;<\/em><\/p>\n<p><img decoding=\"async\" loading=\"lazy\" class=\"aligncenter wp-image-11083 size-full\" src=\"https:\/\/arpenterlechemin.com\/wp-content\/uploads\/2022\/02\/Essai-Anna-de-Noailles-v8-scaled-e1651236354987.jpg\" alt=\"Essai Anna de Noailles \" width=\"1400\" height=\"749\" \/><\/p>\n<h2><span style=\"color: #000080;\">Le monument \u00e0 Anna de Noailles \u00e0 Amphion<\/span><\/h2>\n<p>Dans la mythologie grecque, <strong>Amphion<\/strong> est issu du viol d&rsquo;Antiope par Zeus. Grand musicien et po\u00e8te, il cr\u00e9e la ville de Th\u00e8bes par la force de sa lyre et de sa col\u00e8re contre les embrouilles perp\u00e9tuelles de l&rsquo;Olympe. Il finit par se suicider apr\u00e8s la mort de ses enfants. S&rsquo;il est plus probable que le village d&rsquo;Amphion tire son nom du savoyard <em>anfion<\/em>, mot \u00e0 la sonorit\u00e9 et la graphie malheureuses qui signifie \u00ab\u00a0petit ruisseau\u00a0\u00bb, je suis s\u00fbre qu&rsquo;<strong>Anna de Bassaraba de Brancovan aura go\u00fbt\u00e9 au m\u00e9lange mythologique de po\u00e9sie et de mort qui domine l&rsquo;histoire d&rsquo;Amphion<\/strong>. On pourrait voir dans ce toponyme le signe avant-coureur de son go\u00fbt pour la po\u00e9sie, mais celui-ci est plut\u00f4t \u00e0 chercher du cot\u00e9 de sa famille : Anna est tout simplement<strong> une princesse<\/strong>.<\/p>\n<p style=\"text-align: center;\"><em>Amphion c&rsquo;est ma vie, oui ce fut l\u00e0 le Paradis<\/em><\/p>\n<p>Son p\u00e8re, <strong>Gr\u00e9goire Bassaraba de Brancovan<\/strong>, est un aristocrate de Roumanie de la lign\u00e9e des Craiovescu. Sa m\u00e8re, <strong>Raluca Moussouros<\/strong>, est une pianiste grecque. <strong>Ce m\u00e9lange d&rsquo;art et de fortune est un terreau fertile pour cultiver le go\u00fbt des arts<\/strong> chez les petits Brancovan, Constantin, Anna et H\u00e9l\u00e8ne, en cette fin de si\u00e8cle berc\u00e9e par le mouvement romantique &#8211; Anna est n\u00e9e en 1876. \u00c0 8 ans, elle \u00e9crivait ceci \u00e0 son fr\u00e8re parti en vacances :<\/p>\n<p style=\"text-align: center;\"><em>Je suis heureuse de te savoir heureux, car nous trois, nous ne formons qu&rsquo;un tr\u00e8fle. Il est vrai qu&rsquo;une des trois feuilles s&rsquo;est d\u00e9tach\u00e9e de la tige pour aller plus loin, mais j&rsquo;esp\u00e8re avec bonheur que le vent la repoussera aupr\u00e8s de nous.<\/em><\/p>\n<p>Je ne sais pas vous, mais moi, \u00e0 8 ans, j&rsquo;\u00e9crivais les aventures de Bidule le chat et elles \u00e9taient plus courtes que cet extrait.<\/p>\n<p>Les Brancovan se partagent entre Paris et Amphion, o\u00f9 ils passent leurs \u00e9t\u00e9s \u00e0 la villa Bassaraba. <strong>Tous les ingr\u00e9dients sont l\u00e0 pour faire des rives du L\u00e9man le paysage id\u00e9al pour Anna<\/strong>, qui y passe des \u00e9t\u00e9s merveilleux, alors que ses parents re\u00e7oivent des lettr\u00e9s et des aristocrates, des ch\u00e2telains et des musiciens. Toute une bonne soci\u00e9t\u00e9 en effervescence, typique de la Belle \u00c9poque. Entre sorties en bateau et apr\u00e8s-midi alanguis sous les grands arbres du domaine, couchers de soleil splendides et une ambiance lacustre propice \u00e0 l&rsquo;imaginaire, <strong>c&rsquo;est toute la po\u00e9sie d&rsquo;Anna de Noailles qui sera hant\u00e9e par l&rsquo;impression durable que lui laisseront ces \u00e9t\u00e9s insouciants<\/strong>.<\/p>\n<p style=\"text-align: center;\"><em>Le lac, en \u00e9t\u00e9, est un satin tendu, plus soyeux que l&rsquo;\u00e9ther, moins que lui cristallin. (&#8230;) L\u00e0 j&rsquo;ai vraiment connu la joie, visiteuse forcen\u00e9e, archange tumultueux qui p\u00e9n\u00e9trait en moi avec toutes ses ailes pour m&rsquo;entra\u00eener, tr\u00e9buchante de radieux vertige, vers les r\u00e9gions illimit\u00e9es de l&rsquo;esp\u00e9rance.<\/em><\/p>\n<p style=\"text-align: center;\"><em> (Source : le blog <a href=\"http:\/\/comtessedenoailles.blogspot.com\/2010\/02\/anna-de-noailles-evian-12.html\">comtessedenoailles.blogspot.com<\/a>)<\/em><\/p>\n<p><img decoding=\"async\" loading=\"lazy\" class=\"aligncenter wp-image-11064 size-full\" src=\"https:\/\/arpenterlechemin.com\/wp-content\/uploads\/2022\/01\/Evian-les-Bains-CGN-lac-L\u00e9man-voyage-tourisme-e1651236365826.jpg\" alt=\"Evian-les-Bains CGN lac L\u00e9man voyage tourisme\" width=\"1400\" height=\"787\" \/><\/p>\n<p>Le <strong>parc du Miroir<\/strong>, o\u00f9 se trouve le monument le plus facile d&rsquo;acc\u00e8s \u00e0 la m\u00e9moire d&rsquo;Anna de Noailles, est situ\u00e9 en lisi\u00e8re de la plage municipale. Ces cinq hectares plant\u00e9s de c\u00e8dres sont un vestige de grandes propri\u00e9t\u00e9s qui bordaient autrefois le lac, et rachet\u00e9es depuis les ann\u00e9es 1980 par le conservatoire du littoral. Il y flotte encore comme un air de Belle \u00c9poque, quand les plus ais\u00e9s n&rsquo;h\u00e9sitaient pas \u00e0 se faire construire des villas les pieds dans l&rsquo;eau au c\u0153ur d&rsquo;immenses parcs arbor\u00e9s. On peut y admirer <strong>un petit monument en ciment pourvu d&rsquo;un portrait d&rsquo;Anna<\/strong>, d&rsquo;un panneau r\u00e9sumant sa vie et dont l&rsquo;arche proclame ces mots :<\/p>\n<p style=\"text-align: center;\"><em>\u00c9tranger qui viendra quand je serai morte contempler mon lac genevois<\/em><\/p>\n<p style=\"text-align: center;\"><em>Laisse que ma ferveur t&rsquo;exhorte d\u00e8s \u00e0 pr\u00e9sent \u00e0 bien aimer ce que je vois<\/em><\/p>\n<p><img decoding=\"async\" loading=\"lazy\" class=\"aligncenter wp-image-10981 size-full\" src=\"https:\/\/arpenterlechemin.com\/wp-content\/uploads\/2021\/12\/Amphion-Anna-de-Noailles-matrimoine-monument-parc-des-cedres-blog-voyage-f\u00e9ministe-arpenter-le-chemin-scaled-e1651236376943.jpg\" alt=\"Amphion Anna de Noailles matrimoine monument parc des cedres blog voyage f\u00e9ministe arpenter le chemin\" width=\"1400\" height=\"788\" \/><\/p>\n<p><strong>Difficile de ne pas \u00ab\u00a0bien aimer\u00a0\u00bb ce qu&rsquo;on peut voir depuis ce parc<\/strong> : \u00e0 l&rsquo;est <a href=\"https:\/\/arpenterlechemin.com\/index.php\/2022\/01\/13\/thollon-les-memises\/\">la barre rocheuse des M\u00e9mises<\/a> et la Dent d&rsquo;Oche au-dessus d&rsquo;Evian, les <a href=\"https:\/\/arpenterlechemin.com\/index.php\/2019\/07\/26\/suisse-romande\/\">Alpes suisses<\/a> en toile de fond si le temps est clair. <a href=\"https:\/\/arpenterlechemin.com\/index.php\/2017\/06\/19\/une-journee-sur-les-pentes-de-lausanne\/\">Lausanne<\/a> au nord, \u00e0 seulement 12 kilom\u00e8tres, et le Jura qui se dresse \u00e0 l&rsquo;ouest. Depuis la villa Bassaraba, Anna avait certes une vue moins ouverte sur les montagnes, mais on comprend sans peine son amour pour ce paysage rass\u00e9r\u00e9nant, cette douceur du lac m\u00eal\u00e9e au grandiose des montagnes qui ne peut qu&rsquo;\u00e9veiller l&rsquo;imagination.<\/p>\n<p>Je n&rsquo;ai pas trouv\u00e9 d&rsquo;informations sur ce petit monument : ni son auteur, ni sa date de construction, ni sa symbolique, ni m\u00eame ce qu&rsquo;il fait \u00e0 cet endroit. Les vers qui l&rsquo;ornent font un doublon curieux avec ceux du jardin votif consacr\u00e9 \u00e0 Anna de Noailles (voir plus bas), et peut-\u00eatre a-t-il \u00e9t\u00e9 \u00e9rig\u00e9 pendant une p\u00e9riode de r\u00e9novation de ce dernier.<\/p>\n<h3><span style=\"color: #003366;\">O\u00f9 trouver le monument \u00e0 Anna de Noailles \u00e0 Amphion<\/span><\/h3>\n<ul>\n<li>Stationnez \u00e0 la <strong>plage municipale d&rsquo;Amphion-Publier<\/strong>. Depuis la grande plaine de jeu, suivez le lac en direction de l&rsquo;ouest (vers la gauche). Le monument est \u00e0 quelques centaines de m\u00e8tres derri\u00e8re la premi\u00e8re rang\u00e9e d&rsquo;arbres.<\/li>\n<li>Acc\u00e8s libre, toute l&rsquo;ann\u00e9e.<\/li>\n<\/ul>\n<p><img decoding=\"async\" loading=\"lazy\" class=\"aligncenter wp-image-11057 size-full\" src=\"https:\/\/arpenterlechemin.com\/wp-content\/uploads\/2022\/01\/Amphion-parc-des-c\u00e8dres-monument-Anna-de-Noailles-scaled-e1651236387173.jpg\" alt=\"Amphion parc des c\u00e8dres monument Anna de Noailles\" width=\"1400\" height=\"788\" \/><\/p>\n<h2><span style=\"color: #000080;\">Le jardin votif Anna de Noailles<\/span><\/h2>\n<p>En 1897, \u00e0 19 ans, Anna se marie avec Matthieu de Noailles. La c\u00e9r\u00e9monie civile a lieu \u00e0 <strong>Publier<\/strong>, et le mariage religieux \u00e0 <strong>Evian<\/strong>, avec 400 convives. \u00c0 en croire certaines sources, Anna est tr\u00e8s appr\u00e9ci\u00e9e de la population, mais je ne sais pas s&rsquo;il s&rsquo;agit de la r\u00e9alit\u00e9 ou d&rsquo;une vision de l&rsquo;\u00e9poque, qui fantasme ses aristocrates en bienfaiteurs de la pl\u00e8be.<\/p>\n<p>De Noailles est un aristocrate, ce qui fait d&rsquo;Anna une comtesse. <strong>Sa carri\u00e8re litt\u00e9raire d\u00e9bute \u00e0 21 ans<\/strong> avec la publication de son premier recueil de po\u00e8mes,<em> Le c\u0153ur innombrable<\/em>, imm\u00e9diatement encens\u00e9, notamment par<strong> l&rsquo;Acad\u00e9mie fran\u00e7aise<\/strong> &#8211; reconnaissance que je trouve tr\u00e8s \u00e9trange, quand on sait \u00e0 quel point l&rsquo;Acad\u00e9mie\u00a0 est peu encline \u00e0 saluer la nouveaut\u00e9. Mais avec ses origines aristocrates et sa fortune, elle fait elle aussi partie des puissants, et on sait \u00e0 quel point ils aiment se jeter des fleurs entre eux. Anna de Noailles \u00e9crit des <strong>po\u00e8mes lyriques relativement classiques<\/strong>, en alexandrins, qui exaltent les saisons et l&rsquo;amour.<\/p>\n<p style=\"text-align: center;\"><em>Je verrai scintiller, dans la nuit sans \u00e9gale,<\/em><\/p>\n<p style=\"text-align: center;\"><em>Sur ce terrain d&rsquo;amour aux rosiers si cl\u00e9ments,<\/em><\/p>\n<p style=\"text-align: center;\"><em>La rose du Calife et celle du Bengale,<\/em><\/p>\n<p style=\"text-align: center;\"><em>Et mes tendres rosiers des soirs du lac L\u00e9man<\/em><\/p>\n<p>Elle passe le plus clair de son temps \u00e0 <strong>Paris<\/strong>, o\u00f9 elle tient <strong>des salons litt\u00e9raires avec le gratin intellectuel de l&rsquo;\u00e9poque<\/strong>. Elle correspond avec <strong>Marcel Proust<\/strong> et chez elle, on croise des \u00e9crivaines et po\u00e9tesses comme <strong>Colette<\/strong>, <strong>Lucie Delarue-Mardrus<\/strong>, <strong>G\u00e9rard d&rsquo;Houville<\/strong> (Marie de Heredia), <strong>Ren\u00e9e Vivien<\/strong>&#8230; Dans le recueil <a href=\"https:\/\/www.awin1.com\/cread.php?awinmid=12665&amp;awinaffid=978243&amp;ued=https%3A%2F%2Flivre.fnac.com%2Fa16122407%2FMaureen-Wingrove-Je-serai-le-feu\"><em>Je serai le feu<\/em><\/a>, anthologie de po\u00e9sie f\u00e9minine compil\u00e9e par Maureen Wingrove (Diglee), son nom revient encore et encore, \u00e0 mon grand \u00e9tonnement. Toutes les po\u00e9tesses de la Belle-\u00c9poque et de l&rsquo;entre-deux-guerres semblent l&rsquo;avoir fr\u00e9quent\u00e9e.<\/p>\n<p>Ce que je retiens de sa vie parisienne, c&rsquo;est <strong>l&rsquo;extraordinaire effervescence <\/strong>qui semble s&rsquo;en d\u00e9gager, une suite de salons litt\u00e9raires, de soir\u00e9es mondaines. Anna de Noailles fait partie de<strong> l&rsquo;\u00e9lite intellectuelle fran\u00e7aise de l&rsquo;\u00e9poque<\/strong>, elle est appr\u00e9ci\u00e9e ou du moins respect\u00e9e de tous, m\u00eame si dans ses derni\u00e8res ann\u00e9es, il semblerait qu&rsquo;elle soit devenue une vieille pie qui radote \u00e0 tout bout de champ sur des airs trop connus. Signe de son influence et du respect qu&rsquo;on lui voue, <strong>elle est la premi\u00e8re femme \u00e0 devenir commandeure de la L\u00e9gion d&rsquo;honneur en 1931<\/strong>.<\/p>\n<p>Tout ceci m&rsquo;am\u00e8ne au <strong>jardin votif<\/strong>, que je vois comme le symbole de son importance dans la vie litt\u00e9raire et politique de l&rsquo;\u00e9poque. Il a \u00e9t\u00e9 construit apr\u00e8s la mort d&rsquo;Anna, \u00e0 l&rsquo;initiative de <strong>Louis Barthou<\/strong> (alors ministre des affaires \u00e9trang\u00e8res) avec le soutien des artistes, aristocrates et intellectuels de l&rsquo;\u00e9poque, dont <strong>Paul Val\u00e9ry<\/strong>. Selon ce dernier, il semblait \u00ab\u00a0juste et sans exemple\u00a0\u00bb de rendre un hommage durable \u00e0 Anna et de perp\u00e9tuer son souvenir dans un lieu empreint de po\u00e9sie. De grands noms de l&rsquo;\u00e9poque se rallient \u00e0 cette id\u00e9e, et c&rsquo;est ainsi que le jardin est construit de 1936 \u00e0 1938.<\/p>\n<p><img decoding=\"async\" loading=\"lazy\" class=\"aligncenter wp-image-10982 size-full\" src=\"https:\/\/arpenterlechemin.com\/wp-content\/uploads\/2021\/12\/Amphion-matrimoine-jardin-votif-Anna-de-Noailles-Evian-les-Bains-scaled-e1651236398988.jpg\" alt=\"Amphion matrimoine jardin votif Anna de Noailles Evian-les-Bains\" width=\"1400\" height=\"788\" \/><\/p>\n<p>Malgr\u00e9 ses proportions modestes, on ressent bien la d\u00e9f\u00e9rence des personnes qui ont con\u00e7u ce jardin, <strong>v\u00e9ritable petit sanctuaire po\u00e9tique<\/strong>. Le terrain a \u00e9t\u00e9 c\u00e9d\u00e9 par Constantin de Brancovan, fr\u00e8re d&rsquo;Anna, amputant l\u00e9g\u00e8rement le domaine de Bassaraba. Derri\u00e8re le mur de gauche, la <strong>villa Bassaraba<\/strong> se cache sous les arbres, et vous aurez de la chance si vous pouvez ne serait-ce que <a href=\"http:\/\/comtessedenoailles.blogspot.com\/2014\/11\/712-la-villa-bassaraba-amphion.html\">l&rsquo;entrapercevoir<\/a>. C&rsquo;est malheureux mais elle ne se visite pas. <em>[AJOUT en ao\u00fbt 2023 : le domaine est \u00e0 vendre pour 7 millions d&rsquo;euros, si vous vous sentiez l&rsquo;\u00e2me m\u00e9c\u00e8ne&#8230;]<\/em><\/p>\n<p>Un panneau r\u00e9sumant sa vie nous accueille avant de descendre en direction du lac. \u00c0 mi-chemin, un grand arbre est cern\u00e9 d&rsquo;un escalier en deux parties qui nous permet d&rsquo;admirer le <strong>petit pavillon sign\u00e9 Emilio Terry en 1938<\/strong>. Celui-ci a fait le choix de poser <strong>le lac L\u00e9man en d\u00e9cor pour mieux exalter la contemplation<\/strong>\u00a0et rappeler l&rsquo;amour qu&rsquo;Anna de Brancovan lui portait. Le petit pavillon contient une urne grav\u00e9e de la m\u00eame citation qu&rsquo;au parc du Miroir et des armoiries au plafond. <strong>Des marches descendent dans le lac<\/strong>, invitant le regard \u00e0 se plonger dans ses eaux.<\/p>\n<p>\u00c0 ma visite, en d\u00e9cembre 2021, le jardin n&rsquo;est pas exactement \u00e0 son plus bucolique, entre \u00e9tang artificiel vide, feuilles tomb\u00e9es et arbres nus. Pour autant, <strong>l&rsquo;atmosph\u00e8re quasi-gothique de cet escalier jonch\u00e9 de feuilles qui n&rsquo;ont visiblement pas boug\u00e9 depuis l&rsquo;automne, sans \u00e2me qui vive, n&rsquo;\u00e9tait pas pour me d\u00e9plaire<\/strong>. Je regrette simplement la pr\u00e9sence d&rsquo;affreux grillages en plastique vert pour soustraire les propri\u00e9t\u00e9s voisines aux regards.<\/p>\n<p>Oh, et au fait : contrairement \u00e0 ce qu&rsquo;indique le Petit Fut\u00e9 en ligne, le c\u0153ur d&rsquo;Anna de Noailles ne se trouve pas du tout dans l&rsquo;urne, mais au cimeti\u00e8re de Publier, et c&rsquo;est la troisi\u00e8me \u00e9tape de ce petit p\u00e9riple sur ses traces.<\/p>\n<p><img decoding=\"async\" loading=\"lazy\" class=\"aligncenter wp-image-11065 size-full\" src=\"https:\/\/arpenterlechemin.com\/wp-content\/uploads\/2022\/01\/Anna-de-Noailles-jardin-votif-Evian-Haute-Savoie-e1651236408598.jpg\" alt=\"Anna de Noailles jardin votif Evian Haute-Savoie\" width=\"1400\" height=\"788\" \/><\/p>\n<h3><span style=\"color: #003366;\">O\u00f9 trouver le jardin votif d&rsquo;Anna de Noailles<\/span><\/h3>\n<ul>\n<li>Ce jardin est \u00e0 la fois<strong> extr\u00eamement facile d&rsquo;acc\u00e8s<\/strong> puisqu&rsquo;il se trouve sur l&rsquo;<strong>avenue Anna de Noailles,<\/strong> la route entre Amphion et Evian, et <strong>un cauchemar tant il est difficile \u00e0 apercevoir<\/strong> et \u00e0 s&rsquo;y garer. En arrivant d&rsquo;Amphion, il se trouve peu apr\u00e8s l&rsquo;H\u00f4tel des Princes. Ouvrez l&rsquo;\u0153il, car seule une plaque bleue signale ce jardin \u00e9troit.<\/li>\n<li>Google Maps r\u00e9pertorie ce lieu sous le nom \u00ab\u00a0Jardin votif Anna-de-Noailles\u00a0\u00bb<\/li>\n<li>Stationnement : le stationnement \u00e9tant interdit devant l&rsquo;entr\u00e9e juste \u00e0 c\u00f4t\u00e9 du jardin, vous devez vous garer de l&rsquo;autre c\u00f4t\u00e9 de la route : il y a assez de places pour deux ou trois voitures. Attention en traversant, car il n&rsquo;y a pas de passage pour pi\u00e9tons et aucun automobiliste ne s&rsquo;attend \u00e0 voir des personnes \u00e0 pied sur ce segment.<\/li>\n<li>Vous pouvez facilement y acc\u00e9der en v\u00e9lo mais je vous d\u00e9conseille fortement d&rsquo;y aller \u00e0 pied : cette partie de route est droite, sans trottoir et les voitures y roulent \u00e0 70 km\/h.<\/li>\n<li>Entr\u00e9e libre, ouvert toute l&rsquo;ann\u00e9e<\/li>\n<\/ul>\n<p><img decoding=\"async\" loading=\"lazy\" class=\"aligncenter wp-image-10985 size-full\" src=\"https:\/\/arpenterlechemin.com\/wp-content\/uploads\/2021\/12\/Evian-matrimoine-jardin-votif-Anna-de-Noailles-infos-pratiques-Arpenter-le-chemin-scaled-e1651236419114.jpg\" alt=\"Evian matrimoine jardin votif Anna de Noailles infos pratiques Arpenter le chemin\" width=\"1400\" height=\"788\" \/><\/p>\n<h2><span style=\"color: #000080;\">Le c\u0153ur d&rsquo;Anna de Noailles au cimeti\u00e8re de Publier<\/span><\/h2>\n<p>Po\u00e9tesse accomplie, Anna retourne toujours passer ses \u00e9t\u00e9s d&rsquo;adulte \u00e0 Amphion mais peu \u00e0 peu, <strong>la magie des lieux se teinte de nostalgie<\/strong>. Ses po\u00e8mes se tournent vers les deux grandes blessures de la vie : l&rsquo;amour et la mort. Ses s\u00e9jours s&rsquo;espacent apr\u00e8s 1917, elle ne reviendra qu&rsquo;en 1925, puis 1927. Finie l&rsquo;insouciance : la villa Bassaraba devient le sanctuaire de son enfance et de sa jeunesse, et on retrouve cette nostalgie dans des po\u00e8mes comme <a href=\"https:\/\/www.bonjourpoesie.fr\/lesgrandsclassiques\/Poemes\/anna_de_noailles\/il_fera_longtemps_clair_ce_soir\">Il fera longtemps clair ce soir<\/a> ou <a href=\"https:\/\/short-edition.com\/fr\/classique\/anna-de-noailles\/l-automne-en-savoie\">L&rsquo;automne en Savoie<\/a>.<\/p>\n<p style=\"text-align: center;\"><em>Nous avons tous les jours l&rsquo;habitude de voir<\/em><br \/>\n<em>Cette route si simple et si souvent suivie,<\/em><br \/>\n<em>Et pourtant quelque chose est chang\u00e9 dans la vie,<\/em><br \/>\n<em>Nous n&rsquo;aurons plus jamais notre \u00e2me de ce soir&#8230;<\/em><\/p>\n<p>Anna de Noailles meurt \u00e0 56 ans \u00e0 Paris. Elle n&rsquo;a plus revu le lac L\u00e9man depuis quelques ann\u00e9es. Si Anna de Noailles repose dans le caveau des Brancovan au cimeti\u00e8re du P\u00e8re-Lachaise (<a href=\"https:\/\/arpenterlechemin.com\/index.php\/2020\/05\/22\/pere-lachaise\/\">dont je vous invite \u00e0 lire ma visite ici<\/a>), <strong>son c\u0153ur, lui, est inhum\u00e9 \u00e0 Publier<\/strong>. Sur sa st\u00e8le, ces mots :<\/p>\n<p><img decoding=\"async\" loading=\"lazy\" class=\"aligncenter wp-image-11067 size-full\" src=\"https:\/\/arpenterlechemin.com\/wp-content\/uploads\/2022\/01\/Anna-de-Noailles-coeur-cimeti\u00e8re-Publier-Haute-Savoie-e1651236429894.jpg\" alt=\"Anna de Noailles coeur cimeti\u00e8re Publier Haute-Savoie\" width=\"1400\" height=\"788\" \/><\/p>\n<p>Il s&rsquo;agit d&rsquo;un extrait du po\u00e8me suivant :<\/p>\n<p style=\"text-align: center;\"><em>C&rsquo;est l\u00e0 que dort mon c\u0153ur, vaste t\u00e9moin du monde,<\/em><\/p>\n<p style=\"text-align: center;\"><em>Que tout blessait, \u00e0 qui tout plut<\/em><\/p>\n<p style=\"text-align: center;\"><em>Les astres cesseront un jour leur noble ronde,<\/em><\/p>\n<p style=\"text-align: center;\"><em>Tout si\u00e8cle sera r\u00e9volu,<\/em><\/p>\n<p style=\"text-align: center;\"><em>Puisque, malgr\u00e9 la force et le feu qui l&rsquo;inondent,<\/em><\/p>\n<p style=\"text-align: center;\"><em>Ce c\u0153ur\u00a0infini ne bat plus !<\/em><\/p>\n<p>&nbsp;<\/p>\n<p>Sa pr\u00e9sence au cimeti\u00e8re municipal de Publier est assez incongrue, je dois dire, entre les tombes des p\u00e9kins lambdas que nous sommes. Sa st\u00e8le n&rsquo;a rien de grandiloquent, contrairement \u00e0 ce qu&rsquo;on pourrait attendre de ce personnage hors normes. Seule la haie et le petit arbre la d\u00e9marquent des autres tombes ; et encore, il serait facile de passer \u00e0 c\u00f4t\u00e9 sans la voir. Savoir que seul son c\u0153ur repose ici a quelque chose d&rsquo;\u00e9mouvant, comme si <strong>toute l&rsquo;\u00e9motion qu&rsquo;Anna a ressentie pendant ces \u00e9t\u00e9s enchant\u00e9s<\/strong> \u00e9tait concentr\u00e9e dans cette st\u00e8le.<\/p>\n<p>Pur produit de son \u00e9poque et de ses origines aristocrates, <strong>Anna de Noailles incarne pour moi \u00e0 merveille le c\u00f4t\u00e9 surann\u00e9<\/strong> des petites villes cossues au bord du L\u00e9man, ancr\u00e9es \u00e0 jamais dans la Belle \u00c9poque. Le livre <em><a href=\"https:\/\/www.awin1.com\/cread.php?awinmid=12665&amp;awinaffid=978243&amp;ued=https%3A%2F%2Flivre.fnac.com%2Fa13298944%2FFrancoise-Breuillaud-Sottas-Gouter-au-paradis\">Go\u00fbter au paradis<\/a><\/em> m&rsquo;apprend qu&rsquo;elle refusait le qualificatif de \u00ab\u00a0po\u00e9tesse\u00a0\u00bb, aussi ai-je h\u00e9sit\u00e9 \u00e0 l&rsquo;en affubler &#8211; mais toute aristocrate qu&rsquo;elle fut, j&rsquo;ai envie de croire qu&rsquo;elle n&rsquo;aurait pas r\u00e9cus\u00e9 l&rsquo;esprit dans lequel nous utilisons ce qualificatif aujourd&rsquo;hui : pour rendre les femmes plus visibles et non pour moquer leur f\u00e9minit\u00e9, comme c&rsquo;\u00e9tait le cas \u00e0 son \u00e9poque. J&rsquo;ignore si Anna de Noailles \u00e9tait f\u00e9ministe mais en 1904, aux c\u00f4t\u00e9s de Jane Dieulafoy, Julia Daudet et d&rsquo;autres femmes, elle cr\u00e9e <strong>le prix \u00ab\u00a0Vie Heureuse\u00a0\u00bb<\/strong> de la revue du m\u00eame nom : c&rsquo;est <strong>l&rsquo;anc\u00eatre direct du prix F\u00e9mina<\/strong>. Avec son<strong> jury enti\u00e8rement f\u00e9minin<\/strong>, d&rsquo;ailleurs pr\u00e9sid\u00e9 par Anna en 1904, il r\u00e9compense le meilleur texte de l&rsquo;ann\u00e9e. Une r\u00e9volution pour l&rsquo;\u00e9poque, et une d\u00e9marche dont on ferait bien de se souvenir en 2022, quand trop de prix litt\u00e9raires sont encore d\u00e9cern\u00e9s entre hommes, qu&rsquo;il s&rsquo;agisse des nomin\u00e9s ou des jur\u00e9s.<\/p>\n<p>Je terminerai par un autre de ses po\u00e8mes sur le th\u00e8me de la mort que je trouve splendide :<\/p>\n<p style=\"text-align: center;\"><em>Et pourtant, il faudra nous en aller d&rsquo;ici,<\/em><\/p>\n<p style=\"text-align: center;\"><em>Quitter les jours luisants, les jardins o\u00f9 nous sommes,<\/em><\/p>\n<p style=\"text-align: center;\"><em>Cesser d&rsquo;\u00eatre du sang, des yeux, des mains, des hommes,<\/em><\/p>\n<p style=\"text-align: center;\"><em>Descendre dans la nuit avec un front noirci,<\/em><\/p>\n<p style=\"text-align: center;\"><em>Descendre par l&rsquo;\u00e9troite, horizontale porte,<\/em><\/p>\n<p style=\"text-align: center;\"><em>O\u00f9 l&rsquo;on passe \u00e9tendu, voil\u00e0, silencieux ;<\/em><\/p>\n<p style=\"text-align: center;\"><em>Ne plus jamais vous voir, \u00f4 Lumi\u00e8re des cieux<\/em><\/p>\n<p style=\"text-align: center;\"><em>H\u00e9las ! Je n&rsquo;\u00e9tais pas faite pour \u00eatre morte&#8230;<\/em><\/p>\n<h3><span style=\"color: #003366;\">O\u00f9 trouver le c\u0153ur d&rsquo;Anna de Noailles \u00e0 Publier<\/span><\/h3>\n<ul>\n<li>Stationnez en dessous du cimeti\u00e8re de Publier, au 176-188 route du pays de Gavot.<\/li>\n<li>Une fois dans le cimeti\u00e8re, dirigez-vous vers le fond de la premi\u00e8re partie, puis sur la gauche. La st\u00e8le est entour\u00e9e d&rsquo;une haie et surplomb\u00e9e d&rsquo;un arbre. De m\u00e9moire, c&rsquo;est le seul arbre de cette partie du cimeti\u00e8re, vous devriez le voir sans probl\u00e8me.<\/li>\n<\/ul>\n<p><img decoding=\"async\" loading=\"lazy\" class=\"aligncenter wp-image-10984 size-full\" src=\"https:\/\/arpenterlechemin.com\/wp-content\/uploads\/2021\/12\/Evian-matrimoine-Anna-de-Noailles-cimeti\u00e8re-Publier-taphophlie-Arpenter-le-chemin-scaled-e1651236439612.jpg\" alt=\"Evian matrimoine Anna de Noailles cimeti\u00e8re Publier taphophlie Arpenter le chemin\" width=\"1400\" height=\"788\" \/><\/p>\n<h2><span style=\"color: #000080;\">Bonus : le lyc\u00e9e Anna de Noailles<\/span><\/h2>\n<p>Si vous cherchez des informations sur Anna de Noailles \u00e0 \u00c9vian-les-Bains, il y a des chances pour que votre recherche vous am\u00e8ne invariablement vers le <strong>lyc\u00e9e Anna de Noailles<\/strong>. Saviez-vous que seuls 19 % des \u00e9tablissements scolaires portent le nom d&rsquo;une femme ? Je suis assez fi\u00e8re que <strong>mon ancien lyc\u00e9e<\/strong> ait choisi d&rsquo;honorer la m\u00e9moire de cette po\u00e9tesse.<\/p>\n<p>Ce dont je ne suis pas fi\u00e8re, en revanche, c&rsquo;est de n&rsquo;avoir absolument jamais \u00e9tudi\u00e9 le moindre de ses \u00e9crits. Les choses ont peut-\u00eatre chang\u00e9, et j&rsquo;ai bon espoir que des enseignantes soucieuses du matrimoine aient gliss\u00e9 quelques-uns de ses po\u00e8mes au d\u00e9tour d&rsquo;une classe. <strong>Le matrimoine ne se r\u00e9sume pas \u00e0 des sites historiques<\/strong> : redonner aux femmes la place qui est la leur dans les programmes scolaires, les \u00e9tudier sans les ramener sans cesse \u00e0 leur condition f\u00e9minine, les rendre visibles dans les s\u00e9lections artistiques, tout cela compte.<\/p>\n<p>Autre lacune : \u00e0 ma connaissance [<em>source : ma visite en d\u00e9cembre 2021<\/em>] <strong>aux abords du lyc\u00e9e, <\/strong><strong>pas la moindre plaque n&rsquo;explique qui \u00e9tait Anna de Noailles<\/strong>, ni quel est ce ch\u00e2teau myst\u00e9rieux dans son enceinte. Pour tout vous dire, avant d&rsquo;\u00e9crire ce billet, j&rsquo;\u00e9tais persuad\u00e9e qu&rsquo;il s&rsquo;agissait du \u00ab\u00a0ch\u00e2teau de Noailles\u00a0\u00bb et qu&rsquo;Anna de Noailles y avait v\u00e9cu ! Rien de tout cela : il s&rsquo;agit du ch\u00e2teau du Martelay, construit certes \u00e0 la fin du XIXe si\u00e8cle, mais qui n&rsquo;avait aucun lien avec notre po\u00e9tesse [<em>je n&rsquo;ai pas plus d&rsquo;infos au sujet de cet \u00e9difice, d&rsquo;ailleurs<\/em>].<\/p>\n<p>Si vous tenez \u00e0 effectuer un petit p\u00e8lerinage sur les traces d&rsquo;Anna de Noailles, pourquoi ne pas vous approcher du lyc\u00e9e ? Le b\u00e2timent r\u00e9cent en soi n&rsquo;a rien de m\u00e9morable, mais vous pouvez toutefois <strong>faire une petite promenade agr\u00e9able autour de son enceinte, en vous imaginant en aristocrate de la fin du XIXe si\u00e8cle<\/strong>.<\/p>\n<p>Le plus simple reste de se garer au <strong>parc Dollfus<\/strong>, lieu repr\u00e9sentatif de la Belle \u00c9poque avec sa villa et son parc en front de lac. Suivez le bord du lac vers l&rsquo;est (\u00e0 droite) pour trouver un petit chemin qui longe le bas de la cl\u00f4ture du lyc\u00e9e. On d\u00e9passe le cadre du matrimoine, mais j&rsquo;en profite pour vous dire que j&rsquo;y ai pass\u00e9 trois ann\u00e9es assez agr\u00e9ables et je pourrais vous raconter des souvenirs de la classe de latin \u00e0 l&rsquo;\u00e9tage inf\u00e9rieur, ou des incroyables cours de kayak au d\u00e9part de la base nautique du parc Dollfus. Pour l&rsquo;anecdote, lors de mon ann\u00e9e de seconde, le r\u00e9fectoire du lyc\u00e9e \u00e9tait encore dans le ch\u00e2teau du Martelay, tel un petit Poudlard, et l&rsquo;\u00e9t\u00e9, on y d\u00e9jeunait en terrasse. Vous verrez son entr\u00e9e en remontant le petit chemin, petite porte d\u00e9rob\u00e9e de c\u00f4t\u00e9. En \u00e9t\u00e9, on peut se baigner au parc Dollfus, ou continuer son chemin pour se promener tranquillement en direction du quai et de ses glaciers, voire de la statue de <strong>Khourchidbanou Natavan<\/strong>.<\/p>\n<p><img decoding=\"async\" loading=\"lazy\" class=\"aligncenter wp-image-10983 size-full\" src=\"https:\/\/arpenterlechemin.com\/wp-content\/uploads\/2021\/12\/Evian-lyc\u00e9e-Anna-de-Noailles-ch\u00e2teau-du-Martelay-scaled-e1651236449146.jpg\" alt=\"Evian lyc\u00e9e Anna de Noailles ch\u00e2teau du Martelay\" width=\"1400\" height=\"788\" \/><\/p>\n<h2><span style=\"color: #000080;\">Le bonus matrimoine : la statue de Khourchidbanou Natavan<\/span><\/h2>\n<p>La statue de <strong>Khourchidbanou Natavan<\/strong>, dis-je ? Une statue de femme ?? De femme <em>sans nichons \u00e0 l&rsquo;air <\/em>? On salue \u00e0 nouveau la ville d&rsquo;\u00c9vian-les-Bains pour son progressisme en termes de matrimoine ! Depuis 2017, on peut voir au petit jardin de l&rsquo;Azerba\u00efdjan la statue de Khourchidbanou Natavan, \u00ab\u00a0<strong>grande po\u00e9tesse azerba\u00efdjanaise<\/strong>\u00ab\u00a0, et j&rsquo;ai pens\u00e9 que vous ne m&rsquo;en voudriez pas de l&rsquo;inclure bri\u00e8vement \u00e0 ce billet. On reste dans la po\u00e9sie et le matrimoine, il n&rsquo;en fallait pas plus. Ne comptez pas sur moi pour vous expliquer pourquoi ce buste se trouve \u00e0 Evian, en revanche, c&rsquo;est un myst\u00e8re.<\/p>\n<p>Cette po\u00e9tesse tr\u00e8s instruite, polyglotte, animait des cercles litt\u00e9raires \u00e0 Choucha, une ville d&rsquo;Azerba\u00efdjan. Son \u0153uvre lyrique tourne autour de la disparition de son fils et de la condition des femmes. Malheureusement, ses po\u00e8mes ne semblent pas avoir \u00e9t\u00e9 traduits en fran\u00e7ais. Seul le site de la ville d&rsquo;\u00c9vian propose <a href=\"https:\/\/ville-evian.fr\/fr\/cadre-de-vie\/parcs-et-jardins\/evian-ville-jardin-2\/jardin-ismayilli\">une traduction d&rsquo;une de ses oeuvres<\/a>, po\u00e8me d\u00e9chirant dont voici un extrait :<\/p>\n<p style=\"text-align: center;\"><em>Ma chair, vivrais-je sans toi\u00a0? et se peut-il que tu me laisses\u00a0?<\/em><br \/>\n<em>Sans toi ma vie serait peupl\u00e9e de larmes, ne t\u2019en vas pas\u00a0!<\/em><br \/>\n<em>Mon s\u0153ur, lumi\u00e8re de mes yeux, aupr\u00e8s de toi voyait l\u2019aube,<\/em><br \/>\n<em>Sans toi le monde me serait inf\u00e2me, ne t\u2019en vas pas\u00a0!<\/em><\/p>\n<p><img decoding=\"async\" loading=\"lazy\" class=\"aligncenter wp-image-10986 size-full\" src=\"https:\/\/arpenterlechemin.com\/wp-content\/uploads\/2021\/12\/Evian-matrimoine-Khurchidbanu-Niavan-po\u00e9tesse-scaled-e1651236460719.jpg\" alt=\"Evian matrimoine Khurchidbanu Niavan po\u00e9tesse\" width=\"1400\" height=\"788\" \/><\/p>\n<h2><span style=\"color: #000080;\">Bibliographie<\/span><\/h2>\n<ul>\n<li><em><a href=\"https:\/\/www.awin1.com\/cread.php?awinmid=12665&amp;awinaffid=978243&amp;ued=https%3A%2F%2Flivre.fnac.com%2Fa12026101%2FAnna-de-Noailles-Le-coeur-innombrable%3Foref%3D109d2119-8905-584b-a2ec-c7bc2df4d245\">Le coeur innombrable<\/a><\/em>, Anna de Noailles<\/li>\n<li><a href=\"https:\/\/www.awin1.com\/cread.php?awinmid=12665&amp;awinaffid=978243&amp;ued=https%3A%2F%2Flivre.fnac.com%2Fa13298944%2FFrancoise-Breuillaud-Sottas-Gouter-au-paradis\"><em>Go\u00fbter au paradis &#8211; Anna de Noailles sur les rives du L\u00e9man<\/em><\/a>, Fran\u00e7oise Breuillaud-Sottas<\/li>\n<li>Le blog <a href=\"http:\/\/comtessedenoailles.blogspot.com\/\">Comtesse de Noailles,<\/a> gr\u00e2ce auquel j&rsquo;ai appris la pr\u00e9sence de son c\u0153ur au cimeti\u00e8re de Publier<\/li>\n<li><a href=\"https:\/\/www.awin1.com\/cread.php?awinmid=12665&amp;awinaffid=978243&amp;ued=https%3A%2F%2Flivre.fnac.com%2Fa16122407%2FMaureen-Wingrove-Je-serai-le-feu\"><em>Je serai le feu<\/em><\/a>, Diglee, aux \u00e9ditions la ville br\u00fble<\/li>\n<\/ul>\n<h3><span style=\"color: #000080;\">Pour aller plus loin<\/span><\/h3>\n<p>En 2023, ann\u00e9e des 90 ans de la mort d&rsquo;Anna de Noailles, <strong>l&rsquo;office de tourisme d&rsquo;Evian-les-Bains<\/strong> propose des <strong>visites guid\u00e9es anim\u00e9es par la comtesse en personne<\/strong>, et je m&rsquo;en r\u00e9jouis ! Si les visites sont plus tourn\u00e9es sur le patrimoine de la Belle \u00c9poque, voir Anna de Noailles incarn\u00e9e par une guide de talent est une vraie joie. J&rsquo;esp\u00e8re de tout coeur que ces visites seront renouvel\u00e9es en 2023, et qu&rsquo;elles mettront davantage \u00e0 l&rsquo;honneur notre po\u00e9tesse \u00e9vianaise d&rsquo;adoption.<\/p>\n<p><em>Et vous, connaissiez-vous Anna de Noailles ? Aimez-vous voyager sous le signe du matrimoine ? Je vous attends dans les commentaires ! Oyez, oyez. Ce billet contient des liens affili\u00e9s. Balade r\u00e9alis\u00e9e en d\u00e9cembre 2021.<\/em><\/p>\n<p><img decoding=\"async\" loading=\"lazy\" class=\"alignnone wp-image-11066 size-medium\" src=\"https:\/\/arpenterlechemin.com\/wp-content\/uploads\/2022\/01\/Anna-de-Noailles-visites-matrimoine-Publier-Amphion-Evian-Haute-Savoie-267x400.jpg\" alt=\"Anna de Noailles visites matrimoine Publier Amphion Evian Haute-Savoie\" width=\"267\" height=\"400\" srcset=\"https:\/\/arpenterlechemin.com\/wp-content\/uploads\/2022\/01\/Anna-de-Noailles-visites-matrimoine-Publier-Amphion-Evian-Haute-Savoie-267x400.jpg 267w, https:\/\/arpenterlechemin.com\/wp-content\/uploads\/2022\/01\/Anna-de-Noailles-visites-matrimoine-Publier-Amphion-Evian-Haute-Savoie-390x585.jpg 390w, https:\/\/arpenterlechemin.com\/wp-content\/uploads\/2022\/01\/Anna-de-Noailles-visites-matrimoine-Publier-Amphion-Evian-Haute-Savoie.jpg 735w\" sizes=\"(max-width: 267px) 100vw, 267px\" \/> <img decoding=\"async\" loading=\"lazy\" class=\"alignnone wp-image-11082 size-medium\" src=\"https:\/\/arpenterlechemin.com\/wp-content\/uploads\/2022\/02\/Essai-Anna-de-Noailles-v7-282x400.jpg\" alt=\"Essai Anna de Noailles \" width=\"282\" height=\"400\" srcset=\"https:\/\/arpenterlechemin.com\/wp-content\/uploads\/2022\/02\/Essai-Anna-de-Noailles-v7-282x400.jpg 282w, https:\/\/arpenterlechemin.com\/wp-content\/uploads\/2022\/02\/Essai-Anna-de-Noailles-v7-413x585.jpg 413w, https:\/\/arpenterlechemin.com\/wp-content\/uploads\/2022\/02\/Essai-Anna-de-Noailles-v7-768x1089.jpg 768w, https:\/\/arpenterlechemin.com\/wp-content\/uploads\/2022\/02\/Essai-Anna-de-Noailles-v7-1083x1536.jpg 1083w, https:\/\/arpenterlechemin.com\/wp-content\/uploads\/2022\/02\/Essai-Anna-de-Noailles-v7-1444x2048.jpg 1444w, https:\/\/arpenterlechemin.com\/wp-content\/uploads\/2022\/02\/Essai-Anna-de-Noailles-v7-scaled.jpg 1806w\" sizes=\"(max-width: 282px) 100vw, 282px\" \/> <img decoding=\"async\" loading=\"lazy\" class=\"alignnone wp-image-11070 size-medium\" src=\"https:\/\/arpenterlechemin.com\/wp-content\/uploads\/2022\/01\/Anna-de-Noailles-visites-Evian-Amphion-Matrimoine-Haute-Savoie-286x400.jpg\" alt=\"Anna de Noailles visites Evian Amphion Matrimoine Haute-Savoie\" width=\"286\" height=\"400\" srcset=\"https:\/\/arpenterlechemin.com\/wp-content\/uploads\/2022\/01\/Anna-de-Noailles-visites-Evian-Amphion-Matrimoine-Haute-Savoie-286x400.jpg 286w, https:\/\/arpenterlechemin.com\/wp-content\/uploads\/2022\/01\/Anna-de-Noailles-visites-Evian-Amphion-Matrimoine-Haute-Savoie-418x585.jpg 418w, https:\/\/arpenterlechemin.com\/wp-content\/uploads\/2022\/01\/Anna-de-Noailles-visites-Evian-Amphion-Matrimoine-Haute-Savoie-768x1076.jpg 768w, https:\/\/arpenterlechemin.com\/wp-content\/uploads\/2022\/01\/Anna-de-Noailles-visites-Evian-Amphion-Matrimoine-Haute-Savoie-1097x1536.jpg 1097w, https:\/\/arpenterlechemin.com\/wp-content\/uploads\/2022\/01\/Anna-de-Noailles-visites-Evian-Amphion-Matrimoine-Haute-Savoie.jpg 1428w\" sizes=\"(max-width: 286px) 100vw, 286px\" \/><\/p>\n","protected":false},"excerpt":{"rendered":"<p>Le\u00a0lac L\u00e9man, avec son cadre enchanteur, a toujours accueilli les artistes en qu\u00eate d&rsquo;inspiration ou de beaut\u00e9. Outre les sempiternels Rousseau et Lamartine, ses rives ont \u00e9t\u00e9 prises pour vill\u00e9giature ou d\u00e9cor par Mary Shelley (autrice de Frankenstein) ou encore Louisa May Alcott (Les quatre filles du Dr March). La rive fran\u00e7aise a vu grandir une po\u00e9tesse parmi les plus \u00e9clatantes de son temps, et quasiment tomb\u00e9e dans l&rsquo;oubli \u00e0 pr\u00e9sent : Anna Elisabeth Bassaraba de Brancovan, plus connue sous le nom d&rsquo;Anna de Noailles. Son ombre plane encore quelque <\/p>\n","protected":false},"author":1,"featured_media":11068,"comment_status":"open","ping_status":"open","sticky":false,"template":"","format":"standard","meta":{"jetpack_post_was_ever_published":false},"categories":[1,531],"tags":[614,692,516,582,727],"yoast_head":"<!-- This site is optimized with the Yoast SEO plugin v20.7 - https:\/\/yoast.com\/wordpress\/plugins\/seo\/ -->\n<title>HAUTE-SAVOIE \/\/ Sur les traces d&#039;Anna de Noailles<\/title>\n<meta name=\"description\" content=\"Anna de Noailles, po\u00e9tesse de la Belle \u00c9poque, v\u00e9cut \u00e0 Amphion, non loin d&#039;Evian. D\u00e9couvrez trois sites qui permettent de retracer son histoire...\" \/>\n<meta name=\"robots\" content=\"index, follow, max-snippet:-1, max-image-preview:large, max-video-preview:-1\" \/>\n<link rel=\"canonical\" href=\"https:\/\/arpenterlechemin.com\/index.php\/2022\/01\/31\/evian-anna-de-noailles-matrimoine\/\" \/>\n<meta property=\"og:locale\" content=\"fr_FR\" \/>\n<meta property=\"og:type\" content=\"article\" \/>\n<meta property=\"og:title\" content=\"HAUTE-SAVOIE \/\/ Sur les traces d&#039;Anna de Noailles\" \/>\n<meta property=\"og:description\" content=\"Anna de Noailles, po\u00e9tesse de la Belle \u00c9poque, v\u00e9cut \u00e0 Amphion, non loin d&#039;Evian. D\u00e9couvrez trois sites qui permettent de retracer son histoire...\" \/>\n<meta property=\"og:url\" content=\"https:\/\/arpenterlechemin.com\/index.php\/2022\/01\/31\/evian-anna-de-noailles-matrimoine\/\" \/>\n<meta property=\"og:site_name\" content=\"Arpenter le chemin\" \/>\n<meta property=\"article:published_time\" content=\"2022-01-31T06:25:17+00:00\" \/>\n<meta property=\"article:modified_time\" content=\"2023-08-13T23:27:55+00:00\" \/>\n<meta property=\"og:image\" content=\"https:\/\/arpenterlechemin.com\/wp-content\/uploads\/2022\/01\/Matrimoine-Anna-de-Noailles-\u00e0-Evian-et-Amphion-Haute-Savoie.jpg\" \/>\n\t<meta property=\"og:image:width\" content=\"1040\" \/>\n\t<meta property=\"og:image:height\" content=\"585\" \/>\n\t<meta property=\"og:image:type\" content=\"image\/jpeg\" \/>\n<meta name=\"author\" content=\"Audrey\" \/>\n<meta name=\"twitter:card\" content=\"summary_large_image\" \/>\n<meta name=\"twitter:label1\" content=\"\u00c9crit par\" \/>\n\t<meta name=\"twitter:data1\" content=\"Audrey\" \/>\n\t<meta name=\"twitter:label2\" content=\"Dur\u00e9e de lecture estim\u00e9e\" \/>\n\t<meta name=\"twitter:data2\" content=\"21 minutes\" \/>\n<script type=\"application\/ld+json\" class=\"yoast-schema-graph\">{\"@context\":\"https:\/\/schema.org\",\"@graph\":[{\"@type\":\"Article\",\"@id\":\"https:\/\/arpenterlechemin.com\/index.php\/2022\/01\/31\/evian-anna-de-noailles-matrimoine\/#article\",\"isPartOf\":{\"@id\":\"https:\/\/arpenterlechemin.com\/index.php\/2022\/01\/31\/evian-anna-de-noailles-matrimoine\/\"},\"author\":{\"name\":\"Audrey\",\"@id\":\"https:\/\/arpenterlechemin.com\/#\/schema\/person\/1d187818c0988fbea4d682c1e59c795c\"},\"headline\":\"HAUTE-SAVOIE \/\/ Sur les traces d&rsquo;Anna de Noailles\",\"datePublished\":\"2022-01-31T06:25:17+00:00\",\"dateModified\":\"2023-08-13T23:27:55+00:00\",\"mainEntityOfPage\":{\"@id\":\"https:\/\/arpenterlechemin.com\/index.php\/2022\/01\/31\/evian-anna-de-noailles-matrimoine\/\"},\"wordCount\":3896,\"commentCount\":19,\"publisher\":{\"@id\":\"https:\/\/arpenterlechemin.com\/#organization\"},\"keywords\":[\"culture\",\"en france aussi\",\"france\",\"haute-savoie\",\"matrimoine\"],\"articleSection\":[\"Blog\",\"Europe\"],\"inLanguage\":\"fr-FR\",\"potentialAction\":[{\"@type\":\"CommentAction\",\"name\":\"Comment\",\"target\":[\"https:\/\/arpenterlechemin.com\/index.php\/2022\/01\/31\/evian-anna-de-noailles-matrimoine\/#respond\"]}]},{\"@type\":\"WebPage\",\"@id\":\"https:\/\/arpenterlechemin.com\/index.php\/2022\/01\/31\/evian-anna-de-noailles-matrimoine\/\",\"url\":\"https:\/\/arpenterlechemin.com\/index.php\/2022\/01\/31\/evian-anna-de-noailles-matrimoine\/\",\"name\":\"HAUTE-SAVOIE \/\/ Sur les traces d'Anna de Noailles\",\"isPartOf\":{\"@id\":\"https:\/\/arpenterlechemin.com\/#website\"},\"datePublished\":\"2022-01-31T06:25:17+00:00\",\"dateModified\":\"2023-08-13T23:27:55+00:00\",\"description\":\"Anna de Noailles, po\u00e9tesse de la Belle \u00c9poque, v\u00e9cut \u00e0 Amphion, non loin d'Evian. D\u00e9couvrez trois sites qui permettent de retracer son histoire...\",\"breadcrumb\":{\"@id\":\"https:\/\/arpenterlechemin.com\/index.php\/2022\/01\/31\/evian-anna-de-noailles-matrimoine\/#breadcrumb\"},\"inLanguage\":\"fr-FR\",\"potentialAction\":[{\"@type\":\"ReadAction\",\"target\":[\"https:\/\/arpenterlechemin.com\/index.php\/2022\/01\/31\/evian-anna-de-noailles-matrimoine\/\"]}]},{\"@type\":\"BreadcrumbList\",\"@id\":\"https:\/\/arpenterlechemin.com\/index.php\/2022\/01\/31\/evian-anna-de-noailles-matrimoine\/#breadcrumb\",\"itemListElement\":[{\"@type\":\"ListItem\",\"position\":1,\"name\":\"Home\",\"item\":\"https:\/\/arpenterlechemin.com\/\"},{\"@type\":\"ListItem\",\"position\":2,\"name\":\"HAUTE-SAVOIE \/\/ Sur les traces d&rsquo;Anna de Noailles\"}]},{\"@type\":\"WebSite\",\"@id\":\"https:\/\/arpenterlechemin.com\/#website\",\"url\":\"https:\/\/arpenterlechemin.com\/\",\"name\":\"Arpenter le chemin\",\"description\":\"\",\"publisher\":{\"@id\":\"https:\/\/arpenterlechemin.com\/#organization\"},\"potentialAction\":[{\"@type\":\"SearchAction\",\"target\":{\"@type\":\"EntryPoint\",\"urlTemplate\":\"https:\/\/arpenterlechemin.com\/?s={search_term_string}\"},\"query-input\":\"required name=search_term_string\"}],\"inLanguage\":\"fr-FR\"},{\"@type\":\"Organization\",\"@id\":\"https:\/\/arpenterlechemin.com\/#organization\",\"name\":\"Arpenter le chemin\",\"url\":\"https:\/\/arpenterlechemin.com\/\",\"logo\":{\"@type\":\"ImageObject\",\"inLanguage\":\"fr-FR\",\"@id\":\"https:\/\/arpenterlechemin.com\/#\/schema\/logo\/image\/\",\"url\":\"https:\/\/arpenterlechemin.com\/wp-content\/uploads\/2017\/04\/icone-4.jpg\",\"contentUrl\":\"https:\/\/arpenterlechemin.com\/wp-content\/uploads\/2017\/04\/icone-4.jpg\",\"width\":150,\"height\":73,\"caption\":\"Arpenter le chemin\"},\"image\":{\"@id\":\"https:\/\/arpenterlechemin.com\/#\/schema\/logo\/image\/\"}},{\"@type\":\"Person\",\"@id\":\"https:\/\/arpenterlechemin.com\/#\/schema\/person\/1d187818c0988fbea4d682c1e59c795c\",\"name\":\"Audrey\",\"image\":{\"@type\":\"ImageObject\",\"inLanguage\":\"fr-FR\",\"@id\":\"https:\/\/arpenterlechemin.com\/#\/schema\/person\/image\/\",\"url\":\"https:\/\/secure.gravatar.com\/avatar\/b75298f64c73f1709976c50921beae6a?s=96&d=mm&r=g\",\"contentUrl\":\"https:\/\/secure.gravatar.com\/avatar\/b75298f64c73f1709976c50921beae6a?s=96&d=mm&r=g\",\"caption\":\"Audrey\"},\"description\":\"Allergique \u00e0 la routine, atteinte de bougeotte aigu\u00eb, j'essaie de m'envoler aussi souvent que possible, seule, en couple ou entre amis ! Ville, nature, culture, rando... tout me va, \u00e0 partir du moment o\u00f9 je suis dehors.\",\"url\":\"https:\/\/arpenterlechemin.com\/index.php\/author\/audreyf\/\"}]}<\/script>\n<!-- \/ Yoast SEO plugin. -->","yoast_head_json":{"title":"HAUTE-SAVOIE \/\/ Sur les traces d'Anna de Noailles","description":"Anna de Noailles, po\u00e9tesse de la Belle \u00c9poque, v\u00e9cut \u00e0 Amphion, non loin d'Evian. D\u00e9couvrez trois sites qui permettent de retracer son histoire...","robots":{"index":"index","follow":"follow","max-snippet":"max-snippet:-1","max-image-preview":"max-image-preview:large","max-video-preview":"max-video-preview:-1"},"canonical":"https:\/\/arpenterlechemin.com\/index.php\/2022\/01\/31\/evian-anna-de-noailles-matrimoine\/","og_locale":"fr_FR","og_type":"article","og_title":"HAUTE-SAVOIE \/\/ Sur les traces d'Anna de Noailles","og_description":"Anna de Noailles, po\u00e9tesse de la Belle \u00c9poque, v\u00e9cut \u00e0 Amphion, non loin d'Evian. D\u00e9couvrez trois sites qui permettent de retracer son histoire...","og_url":"https:\/\/arpenterlechemin.com\/index.php\/2022\/01\/31\/evian-anna-de-noailles-matrimoine\/","og_site_name":"Arpenter le chemin","article_published_time":"2022-01-31T06:25:17+00:00","article_modified_time":"2023-08-13T23:27:55+00:00","og_image":[{"width":1040,"height":585,"url":"https:\/\/arpenterlechemin.com\/wp-content\/uploads\/2022\/01\/Matrimoine-Anna-de-Noailles-\u00e0-Evian-et-Amphion-Haute-Savoie.jpg","type":"image\/jpeg"}],"author":"Audrey","twitter_card":"summary_large_image","twitter_misc":{"\u00c9crit par":"Audrey","Dur\u00e9e de lecture estim\u00e9e":"21 minutes"},"schema":{"@context":"https:\/\/schema.org","@graph":[{"@type":"Article","@id":"https:\/\/arpenterlechemin.com\/index.php\/2022\/01\/31\/evian-anna-de-noailles-matrimoine\/#article","isPartOf":{"@id":"https:\/\/arpenterlechemin.com\/index.php\/2022\/01\/31\/evian-anna-de-noailles-matrimoine\/"},"author":{"name":"Audrey","@id":"https:\/\/arpenterlechemin.com\/#\/schema\/person\/1d187818c0988fbea4d682c1e59c795c"},"headline":"HAUTE-SAVOIE \/\/ Sur les traces d&rsquo;Anna de Noailles","datePublished":"2022-01-31T06:25:17+00:00","dateModified":"2023-08-13T23:27:55+00:00","mainEntityOfPage":{"@id":"https:\/\/arpenterlechemin.com\/index.php\/2022\/01\/31\/evian-anna-de-noailles-matrimoine\/"},"wordCount":3896,"commentCount":19,"publisher":{"@id":"https:\/\/arpenterlechemin.com\/#organization"},"keywords":["culture","en france aussi","france","haute-savoie","matrimoine"],"articleSection":["Blog","Europe"],"inLanguage":"fr-FR","potentialAction":[{"@type":"CommentAction","name":"Comment","target":["https:\/\/arpenterlechemin.com\/index.php\/2022\/01\/31\/evian-anna-de-noailles-matrimoine\/#respond"]}]},{"@type":"WebPage","@id":"https:\/\/arpenterlechemin.com\/index.php\/2022\/01\/31\/evian-anna-de-noailles-matrimoine\/","url":"https:\/\/arpenterlechemin.com\/index.php\/2022\/01\/31\/evian-anna-de-noailles-matrimoine\/","name":"HAUTE-SAVOIE \/\/ Sur les traces d'Anna de Noailles","isPartOf":{"@id":"https:\/\/arpenterlechemin.com\/#website"},"datePublished":"2022-01-31T06:25:17+00:00","dateModified":"2023-08-13T23:27:55+00:00","description":"Anna de Noailles, po\u00e9tesse de la Belle \u00c9poque, v\u00e9cut \u00e0 Amphion, non loin d'Evian. D\u00e9couvrez trois sites qui permettent de retracer son histoire...","breadcrumb":{"@id":"https:\/\/arpenterlechemin.com\/index.php\/2022\/01\/31\/evian-anna-de-noailles-matrimoine\/#breadcrumb"},"inLanguage":"fr-FR","potentialAction":[{"@type":"ReadAction","target":["https:\/\/arpenterlechemin.com\/index.php\/2022\/01\/31\/evian-anna-de-noailles-matrimoine\/"]}]},{"@type":"BreadcrumbList","@id":"https:\/\/arpenterlechemin.com\/index.php\/2022\/01\/31\/evian-anna-de-noailles-matrimoine\/#breadcrumb","itemListElement":[{"@type":"ListItem","position":1,"name":"Home","item":"https:\/\/arpenterlechemin.com\/"},{"@type":"ListItem","position":2,"name":"HAUTE-SAVOIE \/\/ Sur les traces d&rsquo;Anna de Noailles"}]},{"@type":"WebSite","@id":"https:\/\/arpenterlechemin.com\/#website","url":"https:\/\/arpenterlechemin.com\/","name":"Arpenter le chemin","description":"","publisher":{"@id":"https:\/\/arpenterlechemin.com\/#organization"},"potentialAction":[{"@type":"SearchAction","target":{"@type":"EntryPoint","urlTemplate":"https:\/\/arpenterlechemin.com\/?s={search_term_string}"},"query-input":"required name=search_term_string"}],"inLanguage":"fr-FR"},{"@type":"Organization","@id":"https:\/\/arpenterlechemin.com\/#organization","name":"Arpenter le chemin","url":"https:\/\/arpenterlechemin.com\/","logo":{"@type":"ImageObject","inLanguage":"fr-FR","@id":"https:\/\/arpenterlechemin.com\/#\/schema\/logo\/image\/","url":"https:\/\/arpenterlechemin.com\/wp-content\/uploads\/2017\/04\/icone-4.jpg","contentUrl":"https:\/\/arpenterlechemin.com\/wp-content\/uploads\/2017\/04\/icone-4.jpg","width":150,"height":73,"caption":"Arpenter le chemin"},"image":{"@id":"https:\/\/arpenterlechemin.com\/#\/schema\/logo\/image\/"}},{"@type":"Person","@id":"https:\/\/arpenterlechemin.com\/#\/schema\/person\/1d187818c0988fbea4d682c1e59c795c","name":"Audrey","image":{"@type":"ImageObject","inLanguage":"fr-FR","@id":"https:\/\/arpenterlechemin.com\/#\/schema\/person\/image\/","url":"https:\/\/secure.gravatar.com\/avatar\/b75298f64c73f1709976c50921beae6a?s=96&d=mm&r=g","contentUrl":"https:\/\/secure.gravatar.com\/avatar\/b75298f64c73f1709976c50921beae6a?s=96&d=mm&r=g","caption":"Audrey"},"description":"Allergique \u00e0 la routine, atteinte de bougeotte aigu\u00eb, j'essaie de m'envoler aussi souvent que possible, seule, en couple ou entre amis ! Ville, nature, culture, rando... tout me va, \u00e0 partir du moment o\u00f9 je suis dehors.","url":"https:\/\/arpenterlechemin.com\/index.php\/author\/audreyf\/"}]}},"jetpack_featured_media_url":"https:\/\/arpenterlechemin.com\/wp-content\/uploads\/2022\/01\/Matrimoine-Anna-de-Noailles-\u00e0-Evian-et-Amphion-Haute-Savoie.jpg","jetpack_sharing_enabled":true,"jetpack_shortlink":"https:\/\/wp.me\/p8z9hR-2Qt","jetpack-related-posts":[{"id":9845,"url":"https:\/\/arpenterlechemin.com\/index.php\/2020\/11\/29\/flottins-evian\/","url_meta":{"origin":10941,"position":0},"title":"FRANCE \/\/ Les Flottins d&rsquo;Evian, une l\u00e9gende de No\u00ebl","date":"29 novembre 2020","format":false,"excerpt":"Il \u00e9tait une fois... une petite ville paisible de Haute-Savoie qui cherchait \u00e0 revigorer sa saison sombre, \u00e0 apporter de la lumi\u00e8re dans les c\u0153urs en d\u00e9cembre et \u00e0 proposer une alternative aux march\u00e9s de No\u00ebl trop commerciaux... Il \u00e9tait une fois... une petite ville paisible qui prend des allures\u2026","rel":"","context":"Dans &quot;Blog&quot;","img":{"alt_text":"Le festival des Flottins \u00e0 Evian-les-Bains, Haute-Savoie","src":"https:\/\/i0.wp.com\/arpenterlechemin.com\/wp-content\/uploads\/2020\/11\/Le-festival-des-Flottins-\u00e0-Evian-les-Bains-Haute-Savoie.jpg?resize=350%2C200&ssl=1","width":350,"height":200},"classes":[]},{"id":12202,"url":"https:\/\/arpenterlechemin.com\/index.php\/2023\/02\/24\/randonnees-vue-mont-blanc\/","url_meta":{"origin":10941,"position":1},"title":"FRANCE \/\/ O\u00f9 voir le Mont-Blanc depuis le lac L\u00e9man","date":"24 f\u00e9vrier 2023","format":false,"excerpt":"Les contreforts des Alpes, en Haute-Savoie, ont l'immense avantage de c\u00f4toyer \u00e0 la fois des montagnes exceptionnelles et un lac mythique : le lac L\u00e9man. Saviez-vous que m\u00eame s'il faut plus d'une heure pour rallier la vall\u00e9e de Chamonix depuis les bords du lac L\u00e9man, on peut malgr\u00e9 tout y\u2026","rel":"","context":"Dans &quot;Blog&quot;","img":{"alt_text":"O\u00f9 voir le Mont-Blanc depuis les bords du L\u00e9man","src":"https:\/\/i0.wp.com\/arpenterlechemin.com\/wp-content\/uploads\/2023\/02\/Ou-voir-le-Mont-Blanc-depuis-les-bords-du-Leman.jpg?resize=350%2C200&ssl=1","width":350,"height":200},"classes":[]},{"id":7118,"url":"https:\/\/arpenterlechemin.com\/index.php\/2019\/04\/01\/annecy-escapade\/","url_meta":{"origin":10941,"position":2},"title":"HAUTE-SAVOIE \/\/ Annecy, \u00e0 d\u00e9couvrir sans voiture","date":"1 avril 2019","format":false,"excerpt":"On ne parle jamais trop de la Haute-Savoie. D\u00e9partement bord\u00e9 de fronti\u00e8res avec la Suisse et l'Italie, devenu fran\u00e7ais si r\u00e9cemment que les habitants se consid\u00e8rent souvent avant tout savoyards, territoire de montagnes au caract\u00e8re bien tremp\u00e9, la Haute-Savoie peut sembler \u00e2pre... Et pourtant, qu'il est doux de vivre et\u2026","rel":"","context":"Dans &quot;Blog&quot;","img":{"alt_text":"titre en france aussi annecy haute-savoie sans voiture blog voyage road-trip alpes arpenter le chemin","src":"https:\/\/i0.wp.com\/arpenterlechemin.com\/wp-content\/uploads\/2019\/03\/titre-en-france-aussi-annecy-haute-savoie-sans-voiture-blog-voyage-road-trip-alpes-arpenter-le-chemin.jpg?resize=350%2C200&ssl=1","width":350,"height":200},"classes":[]},{"id":8340,"url":"https:\/\/arpenterlechemin.com\/index.php\/2019\/11\/01\/pont-du-diable-haute-savoie\/","url_meta":{"origin":10941,"position":3},"title":"HAUTE-SAVOIE \/\/ Le Pont du Diable et l&rsquo;abbaye d&rsquo;Aulps","date":"1 novembre 2019","format":false,"excerpt":"Ce mois-ci, j'ai l'honneur d'\u00eatre la cheffe d'orchestre du rendez-vous interblogueur EnFranceAussi, sous l'\u00e9gide de Sylvie du blog \u00ab Le coin des voyageurs \u00bb, et j'ai \u00e9videmment choisi pour th\u00e8me \"Gothique\". Comme je l'expliquais dans mon petit \"manuel du voyage gothique\" l'an dernier, un voyage gothique, c'est un voyage dans\u2026","rel":"","context":"Dans &quot;Blog&quot;","img":{"alt_text":"haute-savoie pont du diable abbaye saint-jean-d'aulps france alpes blog voyage arpenter le chemin","src":"https:\/\/i0.wp.com\/arpenterlechemin.com\/wp-content\/uploads\/2019\/10\/haute-savoie-pont-du-diable-abbaye-saint-jean-daulps-france-alpes-blog-voyage-arpenter-le-chemin.jpg?resize=350%2C200&ssl=1","width":350,"height":200},"classes":[]},{"id":3358,"url":"https:\/\/arpenterlechemin.com\/index.php\/2017\/06\/05\/nernier-et-yvoire-deux-villages-a-croquer\/","url_meta":{"origin":10941,"position":4},"title":"FRANCE \/\/ Nernier et Yvoire, deux villages \u00e0 croquer","date":"5 juin 2017","format":false,"excerpt":"Apr\u00e8s un bref passage \u00e0 Lyon, il est temps de passer au c\u0153ur du voyage : une semaine sur les rives du lac L\u00e9man, en Haute-Savoie. \u00c0 cheval sur France et Suisse, le plus grand lac d'Europe occidentale est une merveille... et je ne dis pas \u00e7a parce que j'y\u2026","rel":"","context":"Dans &quot;Blog&quot;","img":{"alt_text":"","src":"https:\/\/i0.wp.com\/arpenterlechemin.com\/wp-content\/uploads\/2017\/05\/titre-nernier-yvoire.jpg?resize=350%2C200&ssl=1","width":350,"height":200},"classes":[]},{"id":9902,"url":"https:\/\/arpenterlechemin.com\/index.php\/2020\/12\/02\/montagne-haute-savoie\/","url_meta":{"origin":10941,"position":5},"title":"FRANCE \/\/ Sept exp\u00e9riences de montagne \u00e0 vivre en Haute-Savoie","date":"2 d\u00e9cembre 2020","format":false,"excerpt":"Cette ann\u00e9e plus que jamais, je r\u00eave de Haute-Savoie. Je r\u00eave de montagnes qui s'\u00e9lancent vers le ciel et d'alpages verdoyants, de cloches de vaches et de fromages coulants. Je r\u00eave de ces paysages qui m'ont berc\u00e9, de la fra\u00eecheur toute particuli\u00e8re qu'on trouve en altitude, l\u00e0 o\u00f9 les herbes\u2026","rel":"","context":"Dans &quot;Blog&quot;","img":{"alt_text":"Montagne Haute-Savoie","src":"https:\/\/i0.wp.com\/arpenterlechemin.com\/wp-content\/uploads\/2020\/12\/Montagne-Haute-Savoie.jpg?resize=350%2C200&ssl=1","width":350,"height":200},"classes":[]}],"_links":{"self":[{"href":"https:\/\/arpenterlechemin.com\/index.php\/wp-json\/wp\/v2\/posts\/10941"}],"collection":[{"href":"https:\/\/arpenterlechemin.com\/index.php\/wp-json\/wp\/v2\/posts"}],"about":[{"href":"https:\/\/arpenterlechemin.com\/index.php\/wp-json\/wp\/v2\/types\/post"}],"author":[{"embeddable":true,"href":"https:\/\/arpenterlechemin.com\/index.php\/wp-json\/wp\/v2\/users\/1"}],"replies":[{"embeddable":true,"href":"https:\/\/arpenterlechemin.com\/index.php\/wp-json\/wp\/v2\/comments?post=10941"}],"version-history":[{"count":2,"href":"https:\/\/arpenterlechemin.com\/index.php\/wp-json\/wp\/v2\/posts\/10941\/revisions"}],"predecessor-version":[{"id":12375,"href":"https:\/\/arpenterlechemin.com\/index.php\/wp-json\/wp\/v2\/posts\/10941\/revisions\/12375"}],"wp:featuredmedia":[{"embeddable":true,"href":"https:\/\/arpenterlechemin.com\/index.php\/wp-json\/wp\/v2\/media\/11068"}],"wp:attachment":[{"href":"https:\/\/arpenterlechemin.com\/index.php\/wp-json\/wp\/v2\/media?parent=10941"}],"wp:term":[{"taxonomy":"category","embeddable":true,"href":"https:\/\/arpenterlechemin.com\/index.php\/wp-json\/wp\/v2\/categories?post=10941"},{"taxonomy":"post_tag","embeddable":true,"href":"https:\/\/arpenterlechemin.com\/index.php\/wp-json\/wp\/v2\/tags?post=10941"}],"curies":[{"name":"wp","href":"https:\/\/api.w.org\/{rel}","templated":true}]}}