{"id":1047,"date":"2017-06-15T02:46:02","date_gmt":"2017-06-15T06:46:02","guid":{"rendered":"http:\/\/arpenterlechemin.com\/?p=1047"},"modified":"2022-10-24T10:32:45","modified_gmt":"2022-10-24T14:32:45","slug":"les-bateaux-belle-epoque-du-leman","status":"publish","type":"post","link":"https:\/\/arpenterlechemin.com\/index.php\/2017\/06\/15\/les-bateaux-belle-epoque-du-leman\/","title":{"rendered":"SUISSE \/\/ \u00c0 bord des bateaux Belle \u00c9poque du L\u00e9man"},"content":{"rendered":"<p>Bonjour \u00e0 tous ! Aujourd&rsquo;hui, j&rsquo;aimerais vous faire d\u00e9couvrir une perle du L\u00e9man&#8230; ou plut\u00f4t des perles : les bateaux Belle \u00c9poque de la <a href=\"http:\/\/cgn.ch\/\">CGN<\/a>, la Compagnie g\u00e9n\u00e9rale de navigation, qui g\u00e8re toute la flotte sur le L\u00e9man.<\/p>\n<p>Sur le L\u00e9man naviguent de superbes vestiges de la Belle \u00c9poque, \u00e2ge d&rsquo;or du tourisme autour du L\u00e9man, comme en t\u00e9moignent des villes thermales comme \u00c9vian ou la sublime Montreux, sur la Riviera vaudoise. Ces navires sont reconnaissables entre mille \u00e0 leur chemin\u00e9e orange et noire, actionn\u00e9e (s\u00fbrement avec d\u00e9lectation) par le capitaine au moment du d\u00e9part.<\/p>\n<p><img decoding=\"async\" loading=\"lazy\" class=\"aligncenter wp-image-3454 size-full\" src=\"https:\/\/arpenterlechemin.com\/wp-content\/uploads\/2017\/06\/P1010023-2-e1666621595352.jpg\" alt=\"\" width=\"1400\" height=\"1050\" \/><\/p>\n<p><img decoding=\"async\" loading=\"lazy\" class=\"aligncenter wp-image-3463 size-full\" src=\"https:\/\/arpenterlechemin.com\/wp-content\/uploads\/2017\/06\/P1010063-2-e1666621614602.jpg\" alt=\"\" width=\"1400\" height=\"1050\" \/><\/p>\n<p>Lors d&rsquo;une journ\u00e9e digne de l&rsquo;\u00e9t\u00e9 avec ses 30\u00b0C, j&rsquo;ai navigu\u00e9 sur La Suisse, vapeur-amiral mis en service en 1910, rien que \u00e7a, et r\u00e9nov\u00e9 en 2009. Voyage garanti dans le temps avec son bel escalier, ses boiseries et surtout son salon grandiose ! Je n&rsquo;ai pas eu peine \u00e0\u00a0m&rsquo;imaginer au tournant du XXe si\u00e8cle, au milieu de visiteurs de bons milieux venus\u00a0visiter les Alpes et d\u00e9couvrant avec admiration les fastes de ces bateaux qui sillonnaient le L\u00e9man.<\/p>\n<p><img decoding=\"async\" loading=\"lazy\" class=\"aligncenter wp-image-3456 size-full\" src=\"https:\/\/arpenterlechemin.com\/wp-content\/uploads\/2017\/06\/P1010037-2-e1666621630862.jpg\" alt=\"\" width=\"1400\" height=\"1050\" \/><\/p>\n<p><img decoding=\"async\" loading=\"lazy\" class=\"aligncenter wp-image-3457 size-full\" src=\"https:\/\/arpenterlechemin.com\/wp-content\/uploads\/2017\/06\/P1010046-2-e1666621644255.jpg\" alt=\"\" width=\"1400\" height=\"1050\" \/><\/p>\n<p><img decoding=\"async\" loading=\"lazy\" class=\"aligncenter wp-image-3461 size-full\" src=\"https:\/\/arpenterlechemin.com\/wp-content\/uploads\/2017\/06\/P1010055-2-e1666621657410.jpg\" alt=\"\" width=\"1400\" height=\"1050\" \/><\/p>\n<p><img decoding=\"async\" loading=\"lazy\" class=\"aligncenter wp-image-3465 size-full\" src=\"https:\/\/arpenterlechemin.com\/wp-content\/uploads\/2017\/06\/P1010070-2-e1666621671882.jpg\" alt=\"\" width=\"1400\" height=\"1050\" \/><\/p>\n<p>Un d\u00e9tail qui ravira petits et grands passionn\u00e9s d&rsquo;ing\u00e9nierie : en entrant sur le pont inf\u00e9rieur, on peut admirer les pistons qui roulent des m\u00e9caniques sous un plancher de verre, mais aussi les aubes qui tournent \u00e0 toute vapeur par des hublots. J&rsquo;adore ! Je suis rest\u00e9e en transe pendant quelques minutes, fascin\u00e9e par le rythme de ces m\u00e9caniques parfaitement huil\u00e9es. Je n&rsquo;ai malheureusement pas r\u00e9ussi \u00e0 prendre une photo potable, et j&rsquo;\u00e9tais trop fascin\u00e9e pour penser \u00e0 faire une vid\u00e9o&#8230;<\/p>\n<p>Apr\u00e8s avoir admir\u00e9 le bateau sous toutes ses coutures, je me suis gliss\u00e9e \u00e0 l&rsquo;ext\u00e9rieur. On ne m&rsquo;\u00f4tera pas de l&rsquo;id\u00e9e que le charme de ces superbes bateaux tient aussi au cadre, dont je ne me lasse jamais. Suspendue entre France et Suisse sur le lac d&rsquo;huile au matin, je l&rsquo;ai regard\u00e9\u00a0diff\u00e9remment. Cela faisait des ann\u00e9es que je n&rsquo;avais pas vogu\u00e9 sur le L\u00e9man, et je me suis rappel\u00e9e\u00a0l&rsquo;immensit\u00e9 de cette mer int\u00e9rieure dans son \u00e9crin de montagnes. Bien install\u00e9e dans mon transat \u00e0 la proue, je me suis laiss\u00e9e bercer\u00a0par la lente avanc\u00e9e du bateau, savourant chaque instant de ces reliefs, gravant ces sommets sous mes paupi\u00e8res pour quand j&rsquo;aurais le mal du pays \u00e0 Moncton, si chiche en altitude.<\/p>\n<p><img decoding=\"async\" loading=\"lazy\" class=\"aligncenter wp-image-3455 size-full\" src=\"https:\/\/arpenterlechemin.com\/wp-content\/uploads\/2017\/06\/P1010030-2-e1666621685129.jpg\" alt=\"\" width=\"1400\" height=\"1050\" \/><\/p>\n<p><img decoding=\"async\" loading=\"lazy\" class=\"aligncenter wp-image-3458 size-full\" src=\"https:\/\/arpenterlechemin.com\/wp-content\/uploads\/2017\/06\/P1010049-2-e1666621698301.jpg\" alt=\"\" width=\"1400\" height=\"1050\" \/><\/p>\n<p><img decoding=\"async\" loading=\"lazy\" class=\"aligncenter wp-image-3459 size-full\" src=\"https:\/\/arpenterlechemin.com\/wp-content\/uploads\/2017\/06\/P1010051-3-e1666621712408.jpg\" alt=\"\" width=\"1400\" height=\"1051\" \/><\/p>\n<p><img decoding=\"async\" loading=\"lazy\" class=\"aligncenter wp-image-3460 size-full\" src=\"https:\/\/arpenterlechemin.com\/wp-content\/uploads\/2017\/06\/P1010054-e1666621726497.jpg\" alt=\"\" width=\"1400\" height=\"1050\" \/><\/p>\n<p><img decoding=\"async\" loading=\"lazy\" class=\"aligncenter wp-image-3466 size-full\" src=\"https:\/\/arpenterlechemin.com\/wp-content\/uploads\/2017\/06\/P1010073-2-e1666621742489.jpg\" alt=\"\" width=\"1400\" height=\"1050\" \/><\/p>\n<p><img decoding=\"async\" loading=\"lazy\" class=\"aligncenter wp-image-3467 size-full\" src=\"https:\/\/arpenterlechemin.com\/wp-content\/uploads\/2017\/06\/P1010198-3-e1666621763586.jpg\" alt=\"\" width=\"1400\" height=\"1050\" \/><\/p>\n<p><img decoding=\"async\" loading=\"lazy\" class=\"aligncenter wp-image-3468 size-full\" src=\"https:\/\/arpenterlechemin.com\/wp-content\/uploads\/2017\/06\/P1010200-2-e1666621777170.jpg\" alt=\"\" width=\"1400\" height=\"1050\" \/><\/p>\n<p><img decoding=\"async\" loading=\"lazy\" class=\"aligncenter wp-image-3470 size-full\" src=\"https:\/\/arpenterlechemin.com\/wp-content\/uploads\/2017\/06\/P1010209-2-e1666621800619.jpg\" alt=\"\" width=\"1400\" height=\"1050\" \/><\/p>\n<p>La croisi\u00e8re a dur\u00e9 une trentaine de minutes, il est d\u00e9j\u00e0 temps de toucher terre. Alors que je suis n\u00e9e sur les rives du lac, j&rsquo;ai toujours eu davantage le pied montagnard que le pied marin. Sur ce bateau, je me suis dit que naviguer pouvait aussi \u00eatre source d&rsquo;\u00e9motion.<\/p>\n<h2><span style=\"color: #000080;\"><strong>Infos pratiques<\/strong><\/span><\/h2>\n<p>La CGN propose une flotte de huit bateaux Belle \u00c9poque au d\u00e9part des ports suisses, notamment Lausanne ou Gen\u00e8ve. Depuis la France, la CGN propose aussi des bateaux modernes qui permettent de traverser le lac direction Lausanne et profiter de la vue.<\/p>\n<p><span style=\"color: #0000ff;\">\u00c0 ne pas manquer<\/span> Les croisi\u00e8res\u00a0gourmandes (fondue ou raclette&#8230; miam !) et les billets combin\u00e9s avec des sites autour du L\u00e9man comme le Mus\u00e9e Olympique \u00e0 Lausanne, le Jardin des cinq sens \u00e0 <a href=\"http:\/\/arpenterlechemin.com\/index.php\/2017\/06\/05\/nernier-et-yvoire-deux-villages-a-croquer\/\">Yvoire <\/a>ou le Palais Lumi\u00e8re \u00e0 <a href=\"http:\/\/arpenterlechemin.com\/index.php\/2017\/06\/08\/une-journee-a-evian-les-bains-entre-lac-et-histoire\/\">\u00c9vian<\/a>. De belles croisi\u00e8res qui se d\u00e9clinent aussi en bons cadeaux !<\/p>\n<p>Pour cette croisi\u00e8re, j&rsquo;ai \u00e9t\u00e9 l&rsquo;invit\u00e9e\u00a0de la CGN et l&rsquo;en remercie. Mon avis reste toutefois 100 % le mien !<\/p>\n<p>Si cette chronique sur le L\u00e9man vous a plu, en voici d&rsquo;autres :<\/p>\n<ul>\n<li><a href=\"https:\/\/arpenterlechemin.com\/index.php\/2017\/06\/08\/une-journee-a-evian-les-bains-entre-lac-et-histoire\/\">Evian-les-Bains, une p\u00e9pite Belle \u00c9poque<\/a><\/li>\n<li><a href=\"https:\/\/arpenterlechemin.com\/index.php\/2022\/01\/31\/evian-anna-de-noailles-matrimoine\/\">Sur les traces d&rsquo;Anna de Noailles au bord du L\u00e9man<\/a><\/li>\n<li><a href=\"https:\/\/arpenterlechemin.com\/index.php\/2017\/06\/05\/nernier-et-yvoire-deux-villages-a-croquer\/\">Yvoire et Nernier, deux villages historiques<\/a><\/li>\n<li><a href=\"https:\/\/arpenterlechemin.com\/index.php\/2017\/06\/19\/une-journee-sur-les-pentes-de-lausanne\/\">Escapade \u00e0 Lausanne<\/a><\/li>\n<\/ul>\n<p><img decoding=\"async\" loading=\"lazy\" class=\"alignnone wp-image-6154\" src=\"http:\/\/arpenterlechemin.com\/wp-content\/uploads\/2017\/06\/france-suisse-cgn-bateaux-belle-\u00e9poque-croisiere-lac-leman-lausanne-blog-voyage-arpenter-le-chemin.jpg\" alt=\"france suisse cgn bateaux belle \u00e9poque croisiere lac leman lausanne blog voyage arpenter le chemin\" width=\"275\" height=\"412\" \/><img decoding=\"async\" loading=\"lazy\" class=\"alignnone wp-image-6155\" src=\"http:\/\/arpenterlechemin.com\/wp-content\/uploads\/2017\/06\/bateaux-belle-epoque-lac-leman-suisse-lausanne-france-blog-voyage-arpenter-le-chemin.jpg\" alt=\"bateaux belle epoque lac leman suisse lausanne france blog voyage arpenter le chemin\" width=\"275\" height=\"412\" \/><img decoding=\"async\" loading=\"lazy\" class=\"alignnone wp-image-6156\" src=\"http:\/\/arpenterlechemin.com\/wp-content\/uploads\/2017\/06\/croisiere-lac-leman-cgn-bateaux-suisse-france-alpes-evian-lausanne-blog-voyage-arpenter-le-chemin.jpg\" alt=\"croisiere lac leman cgn bateaux suisse france alpes evian lausanne blog voyage arpenter le chemin\" width=\"275\" height=\"412\" \/><\/p>\n","protected":false},"excerpt":{"rendered":"<p>Bonjour \u00e0 tous ! Aujourd&rsquo;hui, j&rsquo;aimerais vous faire d\u00e9couvrir une perle du L\u00e9man&#8230; ou plut\u00f4t des perles : les bateaux Belle \u00c9poque de la CGN, la Compagnie g\u00e9n\u00e9rale de navigation, qui g\u00e8re toute la flotte sur le L\u00e9man. Sur le L\u00e9man naviguent de superbes vestiges de la Belle \u00c9poque, \u00e2ge d&rsquo;or du tourisme autour du L\u00e9man, comme en t\u00e9moignent des villes thermales comme \u00c9vian ou la sublime Montreux, sur la Riviera vaudoise. Ces navires sont reconnaissables entre mille \u00e0 leur chemin\u00e9e orange et noire, actionn\u00e9e (s\u00fbrement avec d\u00e9lectation) par le <\/p>\n","protected":false},"author":1,"featured_media":3582,"comment_status":"open","ping_status":"open","sticky":false,"template":"","format":"standard","meta":{"jetpack_post_was_ever_published":false},"categories":[1,531],"tags":[562,150,568,617,153],"yoast_head":"<!-- This site is optimized with the Yoast SEO plugin v20.7 - https:\/\/yoast.com\/wordpress\/plugins\/seo\/ -->\n<title>SUISSE \/\/ \u00c0 bord des bateaux Belle \u00c9poque du L\u00e9man<\/title>\n<meta name=\"description\" content=\"Venez avec moi faire une croisi\u00e8re sur les bateaux Belle \u00c9poque du L\u00e9man, entre Evian-les-Bains et Lausanne. Je vous pr\u00e9sente les beaux bateaux du L\u00e9man...\" \/>\n<meta name=\"robots\" content=\"index, follow, max-snippet:-1, max-image-preview:large, max-video-preview:-1\" \/>\n<link rel=\"canonical\" href=\"https:\/\/arpenterlechemin.com\/index.php\/2017\/06\/15\/les-bateaux-belle-epoque-du-leman\/\" \/>\n<meta property=\"og:locale\" content=\"fr_FR\" \/>\n<meta property=\"og:type\" content=\"article\" \/>\n<meta property=\"og:title\" content=\"SUISSE \/\/ \u00c0 bord des bateaux Belle \u00c9poque du L\u00e9man\" \/>\n<meta property=\"og:description\" content=\"Venez avec moi faire une croisi\u00e8re sur les bateaux Belle \u00c9poque du L\u00e9man, entre Evian-les-Bains et Lausanne. Je vous pr\u00e9sente les beaux bateaux du L\u00e9man...\" \/>\n<meta property=\"og:url\" content=\"https:\/\/arpenterlechemin.com\/index.php\/2017\/06\/15\/les-bateaux-belle-epoque-du-leman\/\" \/>\n<meta property=\"og:site_name\" content=\"Arpenter le chemin\" \/>\n<meta property=\"article:published_time\" content=\"2017-06-15T06:46:02+00:00\" \/>\n<meta property=\"article:modified_time\" content=\"2022-10-24T14:32:45+00:00\" \/>\n<meta property=\"og:image\" content=\"https:\/\/arpenterlechemin.com\/wp-content\/uploads\/2017\/06\/titre-cgn.jpg\" \/>\n\t<meta property=\"og:image:width\" content=\"2272\" \/>\n\t<meta property=\"og:image:height\" content=\"1704\" \/>\n\t<meta property=\"og:image:type\" content=\"image\/jpeg\" \/>\n<meta name=\"author\" content=\"Audrey\" \/>\n<meta name=\"twitter:card\" content=\"summary_large_image\" \/>\n<meta name=\"twitter:label1\" content=\"\u00c9crit par\" \/>\n\t<meta name=\"twitter:data1\" content=\"Audrey\" \/>\n\t<meta name=\"twitter:label2\" content=\"Dur\u00e9e de lecture estim\u00e9e\" \/>\n\t<meta name=\"twitter:data2\" content=\"3 minutes\" \/>\n<script type=\"application\/ld+json\" class=\"yoast-schema-graph\">{\"@context\":\"https:\/\/schema.org\",\"@graph\":[{\"@type\":\"Article\",\"@id\":\"https:\/\/arpenterlechemin.com\/index.php\/2017\/06\/15\/les-bateaux-belle-epoque-du-leman\/#article\",\"isPartOf\":{\"@id\":\"https:\/\/arpenterlechemin.com\/index.php\/2017\/06\/15\/les-bateaux-belle-epoque-du-leman\/\"},\"author\":{\"name\":\"Audrey\",\"@id\":\"https:\/\/arpenterlechemin.com\/#\/schema\/person\/1d187818c0988fbea4d682c1e59c795c\"},\"headline\":\"SUISSE \/\/ \u00c0 bord des bateaux Belle \u00c9poque du L\u00e9man\",\"datePublished\":\"2017-06-15T06:46:02+00:00\",\"dateModified\":\"2022-10-24T14:32:45+00:00\",\"mainEntityOfPage\":{\"@id\":\"https:\/\/arpenterlechemin.com\/index.php\/2017\/06\/15\/les-bateaux-belle-epoque-du-leman\/\"},\"wordCount\":655,\"commentCount\":6,\"publisher\":{\"@id\":\"https:\/\/arpenterlechemin.com\/#organization\"},\"keywords\":[\"escapade franco-suisse\",\"europe\",\"partenariat\",\"printemps\",\"suisse\"],\"articleSection\":[\"Blog\",\"Europe\"],\"inLanguage\":\"fr-FR\",\"potentialAction\":[{\"@type\":\"CommentAction\",\"name\":\"Comment\",\"target\":[\"https:\/\/arpenterlechemin.com\/index.php\/2017\/06\/15\/les-bateaux-belle-epoque-du-leman\/#respond\"]}]},{\"@type\":\"WebPage\",\"@id\":\"https:\/\/arpenterlechemin.com\/index.php\/2017\/06\/15\/les-bateaux-belle-epoque-du-leman\/\",\"url\":\"https:\/\/arpenterlechemin.com\/index.php\/2017\/06\/15\/les-bateaux-belle-epoque-du-leman\/\",\"name\":\"SUISSE \/\/ \u00c0 bord des bateaux Belle \u00c9poque du L\u00e9man\",\"isPartOf\":{\"@id\":\"https:\/\/arpenterlechemin.com\/#website\"},\"datePublished\":\"2017-06-15T06:46:02+00:00\",\"dateModified\":\"2022-10-24T14:32:45+00:00\",\"description\":\"Venez avec moi faire une croisi\u00e8re sur les bateaux Belle \u00c9poque du L\u00e9man, entre Evian-les-Bains et Lausanne. Je vous pr\u00e9sente les beaux bateaux du L\u00e9man...\",\"breadcrumb\":{\"@id\":\"https:\/\/arpenterlechemin.com\/index.php\/2017\/06\/15\/les-bateaux-belle-epoque-du-leman\/#breadcrumb\"},\"inLanguage\":\"fr-FR\",\"potentialAction\":[{\"@type\":\"ReadAction\",\"target\":[\"https:\/\/arpenterlechemin.com\/index.php\/2017\/06\/15\/les-bateaux-belle-epoque-du-leman\/\"]}]},{\"@type\":\"BreadcrumbList\",\"@id\":\"https:\/\/arpenterlechemin.com\/index.php\/2017\/06\/15\/les-bateaux-belle-epoque-du-leman\/#breadcrumb\",\"itemListElement\":[{\"@type\":\"ListItem\",\"position\":1,\"name\":\"Home\",\"item\":\"https:\/\/arpenterlechemin.com\/\"},{\"@type\":\"ListItem\",\"position\":2,\"name\":\"SUISSE \/\/ \u00c0 bord des bateaux Belle \u00c9poque du L\u00e9man\"}]},{\"@type\":\"WebSite\",\"@id\":\"https:\/\/arpenterlechemin.com\/#website\",\"url\":\"https:\/\/arpenterlechemin.com\/\",\"name\":\"Arpenter le chemin\",\"description\":\"\",\"publisher\":{\"@id\":\"https:\/\/arpenterlechemin.com\/#organization\"},\"potentialAction\":[{\"@type\":\"SearchAction\",\"target\":{\"@type\":\"EntryPoint\",\"urlTemplate\":\"https:\/\/arpenterlechemin.com\/?s={search_term_string}\"},\"query-input\":\"required name=search_term_string\"}],\"inLanguage\":\"fr-FR\"},{\"@type\":\"Organization\",\"@id\":\"https:\/\/arpenterlechemin.com\/#organization\",\"name\":\"Arpenter le chemin\",\"url\":\"https:\/\/arpenterlechemin.com\/\",\"logo\":{\"@type\":\"ImageObject\",\"inLanguage\":\"fr-FR\",\"@id\":\"https:\/\/arpenterlechemin.com\/#\/schema\/logo\/image\/\",\"url\":\"https:\/\/arpenterlechemin.com\/wp-content\/uploads\/2017\/04\/icone-4.jpg\",\"contentUrl\":\"https:\/\/arpenterlechemin.com\/wp-content\/uploads\/2017\/04\/icone-4.jpg\",\"width\":150,\"height\":73,\"caption\":\"Arpenter le chemin\"},\"image\":{\"@id\":\"https:\/\/arpenterlechemin.com\/#\/schema\/logo\/image\/\"}},{\"@type\":\"Person\",\"@id\":\"https:\/\/arpenterlechemin.com\/#\/schema\/person\/1d187818c0988fbea4d682c1e59c795c\",\"name\":\"Audrey\",\"image\":{\"@type\":\"ImageObject\",\"inLanguage\":\"fr-FR\",\"@id\":\"https:\/\/arpenterlechemin.com\/#\/schema\/person\/image\/\",\"url\":\"https:\/\/secure.gravatar.com\/avatar\/b75298f64c73f1709976c50921beae6a?s=96&d=mm&r=g\",\"contentUrl\":\"https:\/\/secure.gravatar.com\/avatar\/b75298f64c73f1709976c50921beae6a?s=96&d=mm&r=g\",\"caption\":\"Audrey\"},\"description\":\"Allergique \u00e0 la routine, atteinte de bougeotte aigu\u00eb, j'essaie de m'envoler aussi souvent que possible, seule, en couple ou entre amis ! Ville, nature, culture, rando... tout me va, \u00e0 partir du moment o\u00f9 je suis dehors.\",\"url\":\"https:\/\/arpenterlechemin.com\/index.php\/author\/audreyf\/\"}]}<\/script>\n<!-- \/ Yoast SEO plugin. -->","yoast_head_json":{"title":"SUISSE \/\/ \u00c0 bord des bateaux Belle \u00c9poque du L\u00e9man","description":"Venez avec moi faire une croisi\u00e8re sur les bateaux Belle \u00c9poque du L\u00e9man, entre Evian-les-Bains et Lausanne. Je vous pr\u00e9sente les beaux bateaux du L\u00e9man...","robots":{"index":"index","follow":"follow","max-snippet":"max-snippet:-1","max-image-preview":"max-image-preview:large","max-video-preview":"max-video-preview:-1"},"canonical":"https:\/\/arpenterlechemin.com\/index.php\/2017\/06\/15\/les-bateaux-belle-epoque-du-leman\/","og_locale":"fr_FR","og_type":"article","og_title":"SUISSE \/\/ \u00c0 bord des bateaux Belle \u00c9poque du L\u00e9man","og_description":"Venez avec moi faire une croisi\u00e8re sur les bateaux Belle \u00c9poque du L\u00e9man, entre Evian-les-Bains et Lausanne. Je vous pr\u00e9sente les beaux bateaux du L\u00e9man...","og_url":"https:\/\/arpenterlechemin.com\/index.php\/2017\/06\/15\/les-bateaux-belle-epoque-du-leman\/","og_site_name":"Arpenter le chemin","article_published_time":"2017-06-15T06:46:02+00:00","article_modified_time":"2022-10-24T14:32:45+00:00","og_image":[{"width":2272,"height":1704,"url":"https:\/\/arpenterlechemin.com\/wp-content\/uploads\/2017\/06\/titre-cgn.jpg","type":"image\/jpeg"}],"author":"Audrey","twitter_card":"summary_large_image","twitter_misc":{"\u00c9crit par":"Audrey","Dur\u00e9e de lecture estim\u00e9e":"3 minutes"},"schema":{"@context":"https:\/\/schema.org","@graph":[{"@type":"Article","@id":"https:\/\/arpenterlechemin.com\/index.php\/2017\/06\/15\/les-bateaux-belle-epoque-du-leman\/#article","isPartOf":{"@id":"https:\/\/arpenterlechemin.com\/index.php\/2017\/06\/15\/les-bateaux-belle-epoque-du-leman\/"},"author":{"name":"Audrey","@id":"https:\/\/arpenterlechemin.com\/#\/schema\/person\/1d187818c0988fbea4d682c1e59c795c"},"headline":"SUISSE \/\/ \u00c0 bord des bateaux Belle \u00c9poque du L\u00e9man","datePublished":"2017-06-15T06:46:02+00:00","dateModified":"2022-10-24T14:32:45+00:00","mainEntityOfPage":{"@id":"https:\/\/arpenterlechemin.com\/index.php\/2017\/06\/15\/les-bateaux-belle-epoque-du-leman\/"},"wordCount":655,"commentCount":6,"publisher":{"@id":"https:\/\/arpenterlechemin.com\/#organization"},"keywords":["escapade franco-suisse","europe","partenariat","printemps","suisse"],"articleSection":["Blog","Europe"],"inLanguage":"fr-FR","potentialAction":[{"@type":"CommentAction","name":"Comment","target":["https:\/\/arpenterlechemin.com\/index.php\/2017\/06\/15\/les-bateaux-belle-epoque-du-leman\/#respond"]}]},{"@type":"WebPage","@id":"https:\/\/arpenterlechemin.com\/index.php\/2017\/06\/15\/les-bateaux-belle-epoque-du-leman\/","url":"https:\/\/arpenterlechemin.com\/index.php\/2017\/06\/15\/les-bateaux-belle-epoque-du-leman\/","name":"SUISSE \/\/ \u00c0 bord des bateaux Belle \u00c9poque du L\u00e9man","isPartOf":{"@id":"https:\/\/arpenterlechemin.com\/#website"},"datePublished":"2017-06-15T06:46:02+00:00","dateModified":"2022-10-24T14:32:45+00:00","description":"Venez avec moi faire une croisi\u00e8re sur les bateaux Belle \u00c9poque du L\u00e9man, entre Evian-les-Bains et Lausanne. Je vous pr\u00e9sente les beaux bateaux du L\u00e9man...","breadcrumb":{"@id":"https:\/\/arpenterlechemin.com\/index.php\/2017\/06\/15\/les-bateaux-belle-epoque-du-leman\/#breadcrumb"},"inLanguage":"fr-FR","potentialAction":[{"@type":"ReadAction","target":["https:\/\/arpenterlechemin.com\/index.php\/2017\/06\/15\/les-bateaux-belle-epoque-du-leman\/"]}]},{"@type":"BreadcrumbList","@id":"https:\/\/arpenterlechemin.com\/index.php\/2017\/06\/15\/les-bateaux-belle-epoque-du-leman\/#breadcrumb","itemListElement":[{"@type":"ListItem","position":1,"name":"Home","item":"https:\/\/arpenterlechemin.com\/"},{"@type":"ListItem","position":2,"name":"SUISSE \/\/ \u00c0 bord des bateaux Belle \u00c9poque du L\u00e9man"}]},{"@type":"WebSite","@id":"https:\/\/arpenterlechemin.com\/#website","url":"https:\/\/arpenterlechemin.com\/","name":"Arpenter le chemin","description":"","publisher":{"@id":"https:\/\/arpenterlechemin.com\/#organization"},"potentialAction":[{"@type":"SearchAction","target":{"@type":"EntryPoint","urlTemplate":"https:\/\/arpenterlechemin.com\/?s={search_term_string}"},"query-input":"required name=search_term_string"}],"inLanguage":"fr-FR"},{"@type":"Organization","@id":"https:\/\/arpenterlechemin.com\/#organization","name":"Arpenter le chemin","url":"https:\/\/arpenterlechemin.com\/","logo":{"@type":"ImageObject","inLanguage":"fr-FR","@id":"https:\/\/arpenterlechemin.com\/#\/schema\/logo\/image\/","url":"https:\/\/arpenterlechemin.com\/wp-content\/uploads\/2017\/04\/icone-4.jpg","contentUrl":"https:\/\/arpenterlechemin.com\/wp-content\/uploads\/2017\/04\/icone-4.jpg","width":150,"height":73,"caption":"Arpenter le chemin"},"image":{"@id":"https:\/\/arpenterlechemin.com\/#\/schema\/logo\/image\/"}},{"@type":"Person","@id":"https:\/\/arpenterlechemin.com\/#\/schema\/person\/1d187818c0988fbea4d682c1e59c795c","name":"Audrey","image":{"@type":"ImageObject","inLanguage":"fr-FR","@id":"https:\/\/arpenterlechemin.com\/#\/schema\/person\/image\/","url":"https:\/\/secure.gravatar.com\/avatar\/b75298f64c73f1709976c50921beae6a?s=96&d=mm&r=g","contentUrl":"https:\/\/secure.gravatar.com\/avatar\/b75298f64c73f1709976c50921beae6a?s=96&d=mm&r=g","caption":"Audrey"},"description":"Allergique \u00e0 la routine, atteinte de bougeotte aigu\u00eb, j'essaie de m'envoler aussi souvent que possible, seule, en couple ou entre amis ! Ville, nature, culture, rando... tout me va, \u00e0 partir du moment o\u00f9 je suis dehors.","url":"https:\/\/arpenterlechemin.com\/index.php\/author\/audreyf\/"}]}},"jetpack_featured_media_url":"https:\/\/arpenterlechemin.com\/wp-content\/uploads\/2017\/06\/titre-cgn.jpg","jetpack_sharing_enabled":true,"jetpack_shortlink":"https:\/\/wp.me\/p8z9hR-gT","jetpack-related-posts":[{"id":3360,"url":"https:\/\/arpenterlechemin.com\/index.php\/2017\/08\/03\/sur-la-riviera-vaudoise-lavaux-et-chillon-deux-incontournables-en-suisse\/","url_meta":{"origin":1047,"position":0},"title":"SUISSE \/\/ Sur la Riviera vaudoise : Lavaux et Chillon, deux incontournables","date":"3 ao\u00fbt 2017","format":false,"excerpt":"Aujourd'hui, on retourne en Suisse ! Je vous avais laiss\u00e9 \u00e0 Lausanne lors de mon escapade franco-suisse en mai et je voulais malgr\u00e9 partager avec vous un lieu magique, inimitable, unique : les vignobles de Lavaux, avec en visite annexe, le Ch\u00e2teau de Chillon. Les vignoble de Lavaux sont situ\u00e9s\u2026","rel":"","context":"Dans &quot;Blog&quot;","img":{"alt_text":"","src":"https:\/\/i0.wp.com\/arpenterlechemin.com\/wp-content\/uploads\/2017\/06\/titre-lavaux-chillon.jpg?resize=350%2C200&ssl=1","width":350,"height":200},"classes":[]},{"id":12202,"url":"https:\/\/arpenterlechemin.com\/index.php\/2023\/02\/24\/randonnees-vue-mont-blanc\/","url_meta":{"origin":1047,"position":1},"title":"FRANCE \/\/ O\u00f9 voir le Mont-Blanc depuis le lac L\u00e9man","date":"24 f\u00e9vrier 2023","format":false,"excerpt":"Les contreforts des Alpes, en Haute-Savoie, ont l'immense avantage de c\u00f4toyer \u00e0 la fois des montagnes exceptionnelles et un lac mythique : le lac L\u00e9man. Saviez-vous que m\u00eame s'il faut plus d'une heure pour rallier la vall\u00e9e de Chamonix depuis les bords du lac L\u00e9man, on peut malgr\u00e9 tout y\u2026","rel":"","context":"Dans &quot;Blog&quot;","img":{"alt_text":"O\u00f9 voir le Mont-Blanc depuis les bords du L\u00e9man","src":"https:\/\/i0.wp.com\/arpenterlechemin.com\/wp-content\/uploads\/2023\/02\/Ou-voir-le-Mont-Blanc-depuis-les-bords-du-Leman.jpg?resize=350%2C200&ssl=1","width":350,"height":200},"classes":[]},{"id":3358,"url":"https:\/\/arpenterlechemin.com\/index.php\/2017\/06\/05\/nernier-et-yvoire-deux-villages-a-croquer\/","url_meta":{"origin":1047,"position":2},"title":"FRANCE \/\/ Nernier et Yvoire, deux villages \u00e0 croquer","date":"5 juin 2017","format":false,"excerpt":"Apr\u00e8s un bref passage \u00e0 Lyon, il est temps de passer au c\u0153ur du voyage : une semaine sur les rives du lac L\u00e9man, en Haute-Savoie. \u00c0 cheval sur France et Suisse, le plus grand lac d'Europe occidentale est une merveille... et je ne dis pas \u00e7a parce que j'y\u2026","rel":"","context":"Dans &quot;Blog&quot;","img":{"alt_text":"","src":"https:\/\/i0.wp.com\/arpenterlechemin.com\/wp-content\/uploads\/2017\/05\/titre-nernier-yvoire.jpg?resize=350%2C200&ssl=1","width":350,"height":200},"classes":[]},{"id":3364,"url":"https:\/\/arpenterlechemin.com\/index.php\/2017\/06\/19\/une-journee-sur-les-pentes-de-lausanne\/","url_meta":{"origin":1047,"position":3},"title":"SUISSE \/\/ Une journ\u00e9e sur les pentes de Lausanne","date":"19 juin 2017","format":false,"excerpt":"Apr\u00e8s notre balade en bateau Belle \u00c9poque, nous passons \u00e0 la visite de la jolie ville de Lausanne. Il faut que je t'avoue quelque chose : Lausanne est litt\u00e9ralement \u00e0 12 kilom\u00e8tres \u00e0 vol d'oiseau de la maison de mon enfance. Je la voyais depuis ma fen\u00eatre, et j'avais m\u00eame\u2026","rel":"","context":"Dans &quot;Blog&quot;","img":{"alt_text":"","src":"https:\/\/i0.wp.com\/arpenterlechemin.com\/wp-content\/uploads\/2017\/06\/titre-lausanne.jpg?resize=350%2C200&ssl=1","width":350,"height":200},"classes":[]},{"id":12200,"url":"https:\/\/arpenterlechemin.com\/index.php\/2023\/02\/24\/mont-forchat\/","url_meta":{"origin":1047,"position":4},"title":"FRANCE \/\/ Le mont Forchat, randonn\u00e9e avec vue sur le Mont-Blanc","date":"24 f\u00e9vrier 2023","format":false,"excerpt":"En Haute-Savoie, les abords du lac L\u00e9man sont un endroit d'une grande douceur, pris\u00e9 des vacanciers qui ont envie \u00e0 la fois de go\u00fbter aux plaisirs du lac et de montagne d'intensit\u00e9 moyenne. Ce n'est pas ici qu'il faut chercher les grands sommets des Alpes : les g\u00e9ants de la\u2026","rel":"","context":"Dans &quot;Blog&quot;","img":{"alt_text":"","src":"https:\/\/i0.wp.com\/arpenterlechemin.com\/wp-content\/uploads\/2023\/05\/Randonn\u00e9e-au-mont-Forchat.jpg?resize=350%2C200&ssl=1","width":350,"height":200},"classes":[]},{"id":4479,"url":"https:\/\/arpenterlechemin.com\/index.php\/2017\/12\/31\/retrospective-voyage-2017\/","url_meta":{"origin":1047,"position":5},"title":"Ma r\u00e9trospective voyage en 2017","date":"31 d\u00e9cembre 2017","format":false,"excerpt":"L'ann\u00e9e 2017 touche \u00e0 sa fin, c'est le temps des r\u00e9trospectives. J'aime bien dresser la liste des beaux endroits (re)d\u00e9couverts tout au long de l'ann\u00e9e, en esp\u00e9rant que cette r\u00e9trospective voyage vous donnera des id\u00e9es pour 2018. Avant de revenir \u00e0 mes aventures qu\u00e9b\u00e9coises du temps des f\u00eates, il est\u2026","rel":"","context":"Dans &quot;Blog&quot;","img":{"alt_text":"","src":"https:\/\/i0.wp.com\/arpenterlechemin.com\/wp-content\/uploads\/2017\/12\/R\u00e9trospective.jpg?resize=350%2C200&ssl=1","width":350,"height":200},"classes":[]}],"_links":{"self":[{"href":"https:\/\/arpenterlechemin.com\/index.php\/wp-json\/wp\/v2\/posts\/1047"}],"collection":[{"href":"https:\/\/arpenterlechemin.com\/index.php\/wp-json\/wp\/v2\/posts"}],"about":[{"href":"https:\/\/arpenterlechemin.com\/index.php\/wp-json\/wp\/v2\/types\/post"}],"author":[{"embeddable":true,"href":"https:\/\/arpenterlechemin.com\/index.php\/wp-json\/wp\/v2\/users\/1"}],"replies":[{"embeddable":true,"href":"https:\/\/arpenterlechemin.com\/index.php\/wp-json\/wp\/v2\/comments?post=1047"}],"version-history":[{"count":0,"href":"https:\/\/arpenterlechemin.com\/index.php\/wp-json\/wp\/v2\/posts\/1047\/revisions"}],"wp:featuredmedia":[{"embeddable":true,"href":"https:\/\/arpenterlechemin.com\/index.php\/wp-json\/wp\/v2\/media\/3582"}],"wp:attachment":[{"href":"https:\/\/arpenterlechemin.com\/index.php\/wp-json\/wp\/v2\/media?parent=1047"}],"wp:term":[{"taxonomy":"category","embeddable":true,"href":"https:\/\/arpenterlechemin.com\/index.php\/wp-json\/wp\/v2\/categories?post=1047"},{"taxonomy":"post_tag","embeddable":true,"href":"https:\/\/arpenterlechemin.com\/index.php\/wp-json\/wp\/v2\/tags?post=1047"}],"curies":[{"name":"wp","href":"https:\/\/api.w.org\/{rel}","templated":true}]}}